{"id":398933,"date":"2023-07-10T13:23:07","date_gmt":"2023-07-10T11:23:07","guid":{"rendered":"https:\/\/dicodusport.fr\/blog\/?p=398933&#038;preview=true&#038;preview_id=398933"},"modified":"2023-07-10T13:23:07","modified_gmt":"2023-07-10T11:23:07","slug":"remco-evenepoel-devrait-defendre-son-titre-sur-le-tour-despagne","status":"publish","type":"post","link":"https:\/\/dicodusport.fr\/blog\/remco-evenepoel-devrait-defendre-son-titre-sur-le-tour-despagne\/","title":{"rendered":"Remco Evenepoel devrait d\u00e9fendre son titre sur le Tour d&rsquo;Espagne"},"content":{"rendered":"<p style=\"text-align: justify;\" align=\"justify\"><em><strong>TOUR D&rsquo;ESPAGNE 2023 &#8211; Selon La Derni\u00e8re Heure, Remco Evenepoel sera align\u00e9 sur la prochaine Vuelta si sa pr\u00e9paration se d\u00e9roule correctement.<\/strong><\/em><\/p>\n<p style=\"text-align: justify;\" align=\"justify\">L&rsquo;objectif principal de <strong>Remco Evenepoel<\/strong> en 2023 \u00e9tait le Giro. Mais touch\u00e9 par le Covid, il a d\u00fb renoncer alors qu&rsquo;il portait le maillot rose. Apr\u00e8s une coupure, il est revenu pour remporter la course en ligne des Championnats de Belgique, mais la suite de son programme de la saison restait floue. Son manager <strong>Patrick Lefevere<\/strong> vient de lever le voile aupr\u00e8s du quotidien belge La Derni\u00e8re Heure.<\/p>\n<blockquote>\n<p align=\"justify\">Dans un premier temps, j\u2019avais dit qu\u2019il \u00e9tait pr\u00e9f\u00e9rable qu\u2019il ne fasse pas le Tour d\u2019Espagne. Mais quand je vois le niveau auquel il est revenu et l\u2019envie qu\u2019il manifeste, je ne peux qu\u2019aller dans son sens. Remco veut relever des d\u00e9fis \u00e9lev\u00e9s. Si tout se passe bien en stage et qu\u2019il n\u2019a pas de p\u00e9pin, il participera donc \u00e0 la Vuelta.<\/p>\n<\/blockquote>\n<p style=\"text-align: justify;\" align=\"justify\">Tenant du titre, <strong>Remco Evenepoel<\/strong> devrait donc tenter le doubl\u00e9 sur la prochaine Vuelta, pour peu que sa pr\u00e9paration se d\u00e9roule de mani\u00e8re optimale. Voil\u00e0 qui promet un Tour d&rsquo;Espagne de haut niveau, puisqu&rsquo;il pourrait retrouver <strong>Primoz Roglic<\/strong>, mais aussi <strong>Enric Mas, Carlos Rodriguez<\/strong> ou encore <strong>Juan Ayuso<\/strong>. Pas d&rsquo;indice en revanche sur le reste de son programme, hormis qu&rsquo;il d\u00e9fendra \u00e9galement sa couronne aux prochains Championnats du monde.<\/p>\n<blockquote class=\"twitter-tweet\">\n<p dir=\"ltr\" lang=\"fr\">Selon la presse belge, Remco Evenepoel d\u00e9fendra bien son titre lors du prochain Tour d\u2019Espagne (26 ao\u00fbt au 17 septembre). <a href=\"https:\/\/t.co\/GgQtAmbKLX\">https:\/\/t.co\/GgQtAmbKLX<\/a><\/p>\n<p>\u2014 Le Gruppetto (@LeGruppetto) <a href=\"https:\/\/twitter.com\/LeGruppetto\/status\/1678359296403296258?ref_src=twsrc%5Etfw\">July 10, 2023<\/a><\/p><\/blockquote>\n<p style=\"text-align: justify;\"><script async src=\"https:\/\/platform.twitter.com\/widgets.js\" charset=\"utf-8\"><\/script><\/p>\n","protected":false},"excerpt":{"rendered":"<p>TOUR D&rsquo;ESPAGNE 2023 &#8211; Selon La Derni\u00e8re Heure, Remco Evenepoel sera align\u00e9 sur la prochaine Vuelta si sa pr\u00e9paration se d\u00e9roule correctement.<\/p>\n","protected":false},"author":59,"featured_media":398938,"comment_status":"open","ping_status":"closed","sticky":false,"template":"","format":"standard","meta":{"_acf_changed":false,"_daextam_enable_autolinks":"","footnotes":""},"categories":[46994],"tags":[16878,574,8420,28868],"class_list":["post-398933","post","type-post","status-publish","format-standard","has-post-thumbnail","hentry","category-cyclisme-sur-route","tag-breve","tag-cyclisme","tag-remco-evenepoel","tag-soudal-quick-step"],"acf":[],"yoast_head":"<!-- This site is optimized with the Yoast SEO Premium plugin v26.7 (Yoast SEO v26.7) - https:\/\/yoast.com\/wordpress\/plugins\/seo\/ -->\n<title>Remco Evenepoel devrait d\u00e9fendre son titre sur le Tour d&#039;Espagne<\/title>\n<meta name=\"description\" content=\"TOUR D&#039;ESPAGNE 2023 - Selon La Derni\u00e8re Heure, Remco Evenepoel sera align\u00e9 sur la prochaine Vuelta si sa pr\u00e9paration se d\u00e9roule correctement.\" \/>\n<meta name=\"robots\" content=\"index, follow, max-snippet:-1, max-image-preview:large, max-video-preview:-1\" \/>\n<link rel=\"canonical\" href=\"https:\/\/dicodusport.fr\/blog\/remco-evenepoel-devrait-defendre-son-titre-sur-le-tour-despagne\/\" \/>\n<meta property=\"og:locale\" content=\"fr_FR\" \/>\n<meta property=\"og:type\" content=\"article\" \/>\n<meta property=\"og:title\" content=\"Remco Evenepoel devrait d\u00e9fendre son titre sur le Tour d&#039;Espagne\" \/>\n<meta property=\"og:description\" content=\"TOUR D&#039;ESPAGNE 2023 - Selon La Derni\u00e8re Heure, Remco Evenepoel sera align\u00e9 sur la prochaine Vuelta si sa pr\u00e9paration se d\u00e9roule correctement.\" \/>\n<meta property=\"og:url\" content=\"https:\/\/dicodusport.fr\/blog\/remco-evenepoel-devrait-defendre-son-titre-sur-le-tour-despagne\/\" \/>\n<meta property=\"og:site_name\" content=\"Dicodusport\" \/>\n<meta property=\"article:publisher\" content=\"https:\/\/www.facebook.com\/dicodusport\" \/>\n<meta property=\"article:author\" content=\"https:\/\/www.facebook.com\/sebastien.gente\/\" \/>\n<meta property=\"article:published_time\" content=\"2023-07-10T11:23:07+00:00\" \/>\n<meta property=\"og:image\" content=\"https:\/\/dicodusport.fr\/blog\/wp-content\/uploads\/2023\/07\/Remco-Evenepoel-devrait-defendre-son-titre-sur-le-Tour-dEspagne.png\" \/>\n\t<meta property=\"og:image:width\" content=\"800\" \/>\n\t<meta property=\"og:image:height\" content=\"445\" \/>\n\t<meta property=\"og:image:type\" content=\"image\/png\" \/>\n<meta name=\"author\" content=\"S\u00e9bastien Gente\" \/>\n<meta name=\"twitter:card\" content=\"summary_large_image\" \/>\n<meta name=\"twitter:title\" content=\"Remco Evenepoel devrait d\u00e9fendre son titre sur le Tour d&#039;Espagne\" \/>\n<meta name=\"twitter:creator\" content=\"@https:\/\/twitter.com\/globulo24\" \/>\n<meta name=\"twitter:site\" content=\"@dicodusport\" \/>\n<script type=\"application\/ld+json\" class=\"yoast-schema-graph\">{\"@context\":\"https:\/\/schema.org\",\"@graph\":[{\"@type\":\"NewsArticle\",\"@id\":\"https:\/\/dicodusport.fr\/blog\/remco-evenepoel-devrait-defendre-son-titre-sur-le-tour-despagne\/#article\",\"isPartOf\":{\"@id\":\"https:\/\/dicodusport.fr\/blog\/remco-evenepoel-devrait-defendre-son-titre-sur-le-tour-despagne\/\"},\"author\":{\"name\":\"S\u00e9bastien Gente\",\"@id\":\"https:\/\/dicodusport.fr\/blog\/#\/schema\/person\/627966a6cde45dbd8c5e36ac85d783da\"},\"headline\":\"Remco Evenepoel devrait d\u00e9fendre son titre sur le Tour d&rsquo;Espagne\",\"datePublished\":\"2023-07-10T11:23:07+00:00\",\"mainEntityOfPage\":{\"@id\":\"https:\/\/dicodusport.fr\/blog\/remco-evenepoel-devrait-defendre-son-titre-sur-le-tour-despagne\/\"},\"wordCount\":290,\"commentCount\":0,\"publisher\":{\"@id\":\"https:\/\/dicodusport.fr\/blog\/#organization\"},\"image\":{\"@id\":\"https:\/\/dicodusport.fr\/blog\/remco-evenepoel-devrait-defendre-son-titre-sur-le-tour-despagne\/#primaryimage\"},\"thumbnailUrl\":\"https:\/\/dicodusport.fr\/blog\/wp-content\/uploads\/2023\/07\/Remco-Evenepoel-devrait-defendre-son-titre-sur-le-Tour-dEspagne.png\",\"keywords\":[\"br\u00e8ve\",\"Cyclisme\",\"Remco Evenepoel\",\"Soudal Quick-Step\"],\"articleSection\":[\"Cyclisme sur route\"],\"inLanguage\":\"fr-FR\",\"potentialAction\":[{\"@type\":\"CommentAction\",\"name\":\"Comment\",\"target\":[\"https:\/\/dicodusport.fr\/blog\/remco-evenepoel-devrait-defendre-son-titre-sur-le-tour-despagne\/#respond\"]}],\"copyrightYear\":\"2023\",\"copyrightHolder\":{\"@id\":\"https:\/\/dicodusport.fr\/blog\/#organization\"}},{\"@type\":\"WebPage\",\"@id\":\"https:\/\/dicodusport.fr\/blog\/remco-evenepoel-devrait-defendre-son-titre-sur-le-tour-despagne\/\",\"url\":\"https:\/\/dicodusport.fr\/blog\/remco-evenepoel-devrait-defendre-son-titre-sur-le-tour-despagne\/\",\"name\":\"Remco Evenepoel devrait d\u00e9fendre son titre sur le Tour d'Espagne\",\"isPartOf\":{\"@id\":\"https:\/\/dicodusport.fr\/blog\/#website\"},\"primaryImageOfPage\":{\"@id\":\"https:\/\/dicodusport.fr\/blog\/remco-evenepoel-devrait-defendre-son-titre-sur-le-tour-despagne\/#primaryimage\"},\"image\":{\"@id\":\"https:\/\/dicodusport.fr\/blog\/remco-evenepoel-devrait-defendre-son-titre-sur-le-tour-despagne\/#primaryimage\"},\"thumbnailUrl\":\"https:\/\/dicodusport.fr\/blog\/wp-content\/uploads\/2023\/07\/Remco-Evenepoel-devrait-defendre-son-titre-sur-le-Tour-dEspagne.png\",\"datePublished\":\"2023-07-10T11:23:07+00:00\",\"description\":\"TOUR D'ESPAGNE 2023 - Selon La Derni\u00e8re Heure, Remco Evenepoel sera align\u00e9 sur la prochaine Vuelta si sa pr\u00e9paration se d\u00e9roule correctement.\",\"breadcrumb\":{\"@id\":\"https:\/\/dicodusport.fr\/blog\/remco-evenepoel-devrait-defendre-son-titre-sur-le-tour-despagne\/#breadcrumb\"},\"inLanguage\":\"fr-FR\",\"potentialAction\":[{\"@type\":\"ReadAction\",\"target\":[\"https:\/\/dicodusport.fr\/blog\/remco-evenepoel-devrait-defendre-son-titre-sur-le-tour-despagne\/\"]}]},{\"@type\":\"ImageObject\",\"inLanguage\":\"fr-FR\",\"@id\":\"https:\/\/dicodusport.fr\/blog\/remco-evenepoel-devrait-defendre-son-titre-sur-le-tour-despagne\/#primaryimage\",\"url\":\"https:\/\/dicodusport.fr\/blog\/wp-content\/uploads\/2023\/07\/Remco-Evenepoel-devrait-defendre-son-titre-sur-le-Tour-dEspagne.png\",\"contentUrl\":\"https:\/\/dicodusport.fr\/blog\/wp-content\/uploads\/2023\/07\/Remco-Evenepoel-devrait-defendre-son-titre-sur-le-Tour-dEspagne.png\",\"width\":800,\"height\":445,\"caption\":\"Remco Evenepoel devrait d\u00e9fendre son titre sur le Tour d'Espagne\"},{\"@type\":\"BreadcrumbList\",\"@id\":\"https:\/\/dicodusport.fr\/blog\/remco-evenepoel-devrait-defendre-son-titre-sur-le-tour-despagne\/#breadcrumb\",\"itemListElement\":[{\"@type\":\"ListItem\",\"position\":1,\"name\":\"Accueil\",\"item\":\"https:\/\/dicodusport.fr\/blog\/\"},{\"@type\":\"ListItem\",\"position\":2,\"name\":\"Remco Evenepoel devrait d\u00e9fendre son titre sur le Tour d&rsquo;Espagne\"}]},{\"@type\":\"WebSite\",\"@id\":\"https:\/\/dicodusport.fr\/blog\/#website\",\"url\":\"https:\/\/dicodusport.fr\/blog\/\",\"name\":\"Dicodusport\",\"description\":\"L&#039;encyclop\u00e9die de l&#039;actualit\u00e9 sportive\",\"publisher\":{\"@id\":\"https:\/\/dicodusport.fr\/blog\/#organization\"},\"potentialAction\":[{\"@type\":\"SearchAction\",\"target\":{\"@type\":\"EntryPoint\",\"urlTemplate\":\"https:\/\/dicodusport.fr\/blog\/?s={search_term_string}\"},\"query-input\":{\"@type\":\"PropertyValueSpecification\",\"valueRequired\":true,\"valueName\":\"search_term_string\"}}],\"inLanguage\":\"fr-FR\"},{\"@type\":\"NewsMediaOrganization\",\"@id\":\"https:\/\/dicodusport.fr\/blog\/#organization\",\"name\":\"Dicodusport\",\"url\":\"https:\/\/dicodusport.fr\/blog\/\",\"logo\":{\"@type\":\"ImageObject\",\"inLanguage\":\"fr-FR\",\"@id\":\"https:\/\/dicodusport.fr\/blog\/#\/schema\/logo\/image\/\",\"url\":\"https:\/\/dicodusport.fr\/blog\/wp-content\/uploads\/2020\/06\/cropped-LOGO-DICODUSPORT-2020-SANS-FOND-SANS-TEXTE.png\",\"contentUrl\":\"https:\/\/dicodusport.fr\/blog\/wp-content\/uploads\/2020\/06\/cropped-LOGO-DICODUSPORT-2020-SANS-FOND-SANS-TEXTE.png\",\"width\":512,\"height\":512,\"caption\":\"Dicodusport\"},\"image\":{\"@id\":\"https:\/\/dicodusport.fr\/blog\/#\/schema\/logo\/image\/\"},\"sameAs\":[\"https:\/\/www.facebook.com\/dicodusport\",\"https:\/\/x.com\/dicodusport\",\"https:\/\/www.instagram.com\/dicodusport\/\",\"https:\/\/www.youtube.com\/channel\/UC7V2KZ5sd3htJivAbA4ZG3w\"],\"description\":\"Dicodusport est l'encyclop\u00e9die de l'actualit\u00e9 sportive.\",\"email\":\"bonjour@dicodusport.fr\",\"legalName\":\"DICODUSPORT\",\"foundingDate\":\"2018-01-14\",\"vatID\":\"FR71834470973\",\"taxID\":\"83447097300043\",\"numberOfEmployees\":{\"@type\":\"QuantitativeValue\",\"minValue\":\"1\",\"maxValue\":\"10\"}},{\"@type\":\"Person\",\"@id\":\"https:\/\/dicodusport.fr\/blog\/#\/schema\/person\/627966a6cde45dbd8c5e36ac85d783da\",\"name\":\"S\u00e9bastien Gente\",\"image\":{\"@type\":\"ImageObject\",\"inLanguage\":\"fr-FR\",\"@id\":\"https:\/\/dicodusport.fr\/blog\/#\/schema\/person\/image\/\",\"url\":\"https:\/\/dicodusport.fr\/blog\/wp-content\/uploads\/2021\/09\/1510990_10205810251400683_4124423575079401707_n-150x150.jpg\",\"contentUrl\":\"https:\/\/dicodusport.fr\/blog\/wp-content\/uploads\/2021\/09\/1510990_10205810251400683_4124423575079401707_n-150x150.jpg\",\"caption\":\"S\u00e9bastien Gente\"},\"description\":\"John Stockton, Gianni Bugno, Zinedine Zidane, Steffi Graf, Frode Andresen, St\u00e9phane Stoecklin, Davis Kamoga, Primoz Peterka, Werner Schlager et Aur\u00e9lien Rougerie. Point commun entre ces sportifs? Ils m'ont fait r\u00eaver et ont berc\u00e9 mon adolescence. Je suis un fondu de sports et j'essaie de retranscrire ma passion \u00e0 travers mes articles. Originaire du P\u00e9rigord, ma passion pour les Girondins, les Jaunards et les Jazzmen transpire dans mes \u00e9crits. \u00c0 Dicodusport depuis 2021, je d\u00e9niche les sports m\u00e9connus dans lesquels la France brille, et il y en a !\",\"sameAs\":[\"https:\/\/www.facebook.com\/sebastien.gente\/\",\"https:\/\/www.instagram.com\/sebgente\/\",\"https:\/\/www.linkedin.com\/in\/sbastien-gente-a29583169\/\",\"https:\/\/x.com\/https:\/\/twitter.com\/globulo24\",\"SebastienGente\"],\"worksFor\":\"S\u00e9bastien GENTE\",\"url\":\"https:\/\/dicodusport.fr\/blog\/author\/sebastiengente\/\"}]}<\/script>\n<!-- \/ Yoast SEO Premium plugin. -->","yoast_head_json":{"title":"Remco Evenepoel devrait d\u00e9fendre son titre sur le Tour d'Espagne","description":"TOUR D'ESPAGNE 2023 - Selon La Derni\u00e8re Heure, Remco Evenepoel sera align\u00e9 sur la prochaine Vuelta si sa pr\u00e9paration se d\u00e9roule correctement.","robots":{"index":"index","follow":"follow","max-snippet":"max-snippet:-1","max-image-preview":"max-image-preview:large","max-video-preview":"max-video-preview:-1"},"canonical":"https:\/\/dicodusport.fr\/blog\/remco-evenepoel-devrait-defendre-son-titre-sur-le-tour-despagne\/","og_locale":"fr_FR","og_type":"article","og_title":"Remco Evenepoel devrait d\u00e9fendre son titre sur le Tour d'Espagne","og_description":"TOUR D'ESPAGNE 2023 - Selon La Derni\u00e8re Heure, Remco Evenepoel sera align\u00e9 sur la prochaine Vuelta si sa pr\u00e9paration se d\u00e9roule correctement.","og_url":"https:\/\/dicodusport.fr\/blog\/remco-evenepoel-devrait-defendre-son-titre-sur-le-tour-despagne\/","og_site_name":"Dicodusport","article_publisher":"https:\/\/www.facebook.com\/dicodusport","article_author":"https:\/\/www.facebook.com\/sebastien.gente\/","article_published_time":"2023-07-10T11:23:07+00:00","og_image":[{"width":800,"height":445,"url":"https:\/\/dicodusport.fr\/blog\/wp-content\/uploads\/2023\/07\/Remco-Evenepoel-devrait-defendre-son-titre-sur-le-Tour-dEspagne.png","type":"image\/png"}],"author":"S\u00e9bastien Gente","twitter_card":"summary_large_image","twitter_title":"Remco Evenepoel devrait d\u00e9fendre son titre sur le Tour d'Espagne","twitter_creator":"@https:\/\/twitter.com\/globulo24","twitter_site":"@dicodusport","schema":{"@context":"https:\/\/schema.org","@graph":[{"@type":"NewsArticle","@id":"https:\/\/dicodusport.fr\/blog\/remco-evenepoel-devrait-defendre-son-titre-sur-le-tour-despagne\/#article","isPartOf":{"@id":"https:\/\/dicodusport.fr\/blog\/remco-evenepoel-devrait-defendre-son-titre-sur-le-tour-despagne\/"},"author":{"name":"S\u00e9bastien Gente","@id":"https:\/\/dicodusport.fr\/blog\/#\/schema\/person\/627966a6cde45dbd8c5e36ac85d783da"},"headline":"Remco Evenepoel devrait d\u00e9fendre son titre sur le Tour d&rsquo;Espagne","datePublished":"2023-07-10T11:23:07+00:00","mainEntityOfPage":{"@id":"https:\/\/dicodusport.fr\/blog\/remco-evenepoel-devrait-defendre-son-titre-sur-le-tour-despagne\/"},"wordCount":290,"commentCount":0,"publisher":{"@id":"https:\/\/dicodusport.fr\/blog\/#organization"},"image":{"@id":"https:\/\/dicodusport.fr\/blog\/remco-evenepoel-devrait-defendre-son-titre-sur-le-tour-despagne\/#primaryimage"},"thumbnailUrl":"https:\/\/dicodusport.fr\/blog\/wp-content\/uploads\/2023\/07\/Remco-Evenepoel-devrait-defendre-son-titre-sur-le-Tour-dEspagne.png","keywords":["br\u00e8ve","Cyclisme","Remco Evenepoel","Soudal Quick-Step"],"articleSection":["Cyclisme sur route"],"inLanguage":"fr-FR","potentialAction":[{"@type":"CommentAction","name":"Comment","target":["https:\/\/dicodusport.fr\/blog\/remco-evenepoel-devrait-defendre-son-titre-sur-le-tour-despagne\/#respond"]}],"copyrightYear":"2023","copyrightHolder":{"@id":"https:\/\/dicodusport.fr\/blog\/#organization"}},{"@type":"WebPage","@id":"https:\/\/dicodusport.fr\/blog\/remco-evenepoel-devrait-defendre-son-titre-sur-le-tour-despagne\/","url":"https:\/\/dicodusport.fr\/blog\/remco-evenepoel-devrait-defendre-son-titre-sur-le-tour-despagne\/","name":"Remco Evenepoel devrait d\u00e9fendre son titre sur le Tour d'Espagne","isPartOf":{"@id":"https:\/\/dicodusport.fr\/blog\/#website"},"primaryImageOfPage":{"@id":"https:\/\/dicodusport.fr\/blog\/remco-evenepoel-devrait-defendre-son-titre-sur-le-tour-despagne\/#primaryimage"},"image":{"@id":"https:\/\/dicodusport.fr\/blog\/remco-evenepoel-devrait-defendre-son-titre-sur-le-tour-despagne\/#primaryimage"},"thumbnailUrl":"https:\/\/dicodusport.fr\/blog\/wp-content\/uploads\/2023\/07\/Remco-Evenepoel-devrait-defendre-son-titre-sur-le-Tour-dEspagne.png","datePublished":"2023-07-10T11:23:07+00:00","description":"TOUR D'ESPAGNE 2023 - Selon La Derni\u00e8re Heure, Remco Evenepoel sera align\u00e9 sur la prochaine Vuelta si sa pr\u00e9paration se d\u00e9roule correctement.","breadcrumb":{"@id":"https:\/\/dicodusport.fr\/blog\/remco-evenepoel-devrait-defendre-son-titre-sur-le-tour-despagne\/#breadcrumb"},"inLanguage":"fr-FR","potentialAction":[{"@type":"ReadAction","target":["https:\/\/dicodusport.fr\/blog\/remco-evenepoel-devrait-defendre-son-titre-sur-le-tour-despagne\/"]}]},{"@type":"ImageObject","inLanguage":"fr-FR","@id":"https:\/\/dicodusport.fr\/blog\/remco-evenepoel-devrait-defendre-son-titre-sur-le-tour-despagne\/#primaryimage","url":"https:\/\/dicodusport.fr\/blog\/wp-content\/uploads\/2023\/07\/Remco-Evenepoel-devrait-defendre-son-titre-sur-le-Tour-dEspagne.png","contentUrl":"https:\/\/dicodusport.fr\/blog\/wp-content\/uploads\/2023\/07\/Remco-Evenepoel-devrait-defendre-son-titre-sur-le-Tour-dEspagne.png","width":800,"height":445,"caption":"Remco Evenepoel devrait d\u00e9fendre son titre sur le Tour d'Espagne"},{"@type":"BreadcrumbList","@id":"https:\/\/dicodusport.fr\/blog\/remco-evenepoel-devrait-defendre-son-titre-sur-le-tour-despagne\/#breadcrumb","itemListElement":[{"@type":"ListItem","position":1,"name":"Accueil","item":"https:\/\/dicodusport.fr\/blog\/"},{"@type":"ListItem","position":2,"name":"Remco Evenepoel devrait d\u00e9fendre son titre sur le Tour d&rsquo;Espagne"}]},{"@type":"WebSite","@id":"https:\/\/dicodusport.fr\/blog\/#website","url":"https:\/\/dicodusport.fr\/blog\/","name":"Dicodusport","description":"L&#039;encyclop\u00e9die de l&#039;actualit\u00e9 sportive","publisher":{"@id":"https:\/\/dicodusport.fr\/blog\/#organization"},"potentialAction":[{"@type":"SearchAction","target":{"@type":"EntryPoint","urlTemplate":"https:\/\/dicodusport.fr\/blog\/?s={search_term_string}"},"query-input":{"@type":"PropertyValueSpecification","valueRequired":true,"valueName":"search_term_string"}}],"inLanguage":"fr-FR"},{"@type":"NewsMediaOrganization","@id":"https:\/\/dicodusport.fr\/blog\/#organization","name":"Dicodusport","url":"https:\/\/dicodusport.fr\/blog\/","logo":{"@type":"ImageObject","inLanguage":"fr-FR","@id":"https:\/\/dicodusport.fr\/blog\/#\/schema\/logo\/image\/","url":"https:\/\/dicodusport.fr\/blog\/wp-content\/uploads\/2020\/06\/cropped-LOGO-DICODUSPORT-2020-SANS-FOND-SANS-TEXTE.png","contentUrl":"https:\/\/dicodusport.fr\/blog\/wp-content\/uploads\/2020\/06\/cropped-LOGO-DICODUSPORT-2020-SANS-FOND-SANS-TEXTE.png","width":512,"height":512,"caption":"Dicodusport"},"image":{"@id":"https:\/\/dicodusport.fr\/blog\/#\/schema\/logo\/image\/"},"sameAs":["https:\/\/www.facebook.com\/dicodusport","https:\/\/x.com\/dicodusport","https:\/\/www.instagram.com\/dicodusport\/","https:\/\/www.youtube.com\/channel\/UC7V2KZ5sd3htJivAbA4ZG3w"],"description":"Dicodusport est l'encyclop\u00e9die de l'actualit\u00e9 sportive.","email":"bonjour@dicodusport.fr","legalName":"DICODUSPORT","foundingDate":"2018-01-14","vatID":"FR71834470973","taxID":"83447097300043","numberOfEmployees":{"@type":"QuantitativeValue","minValue":"1","maxValue":"10"}},{"@type":"Person","@id":"https:\/\/dicodusport.fr\/blog\/#\/schema\/person\/627966a6cde45dbd8c5e36ac85d783da","name":"S\u00e9bastien Gente","image":{"@type":"ImageObject","inLanguage":"fr-FR","@id":"https:\/\/dicodusport.fr\/blog\/#\/schema\/person\/image\/","url":"https:\/\/dicodusport.fr\/blog\/wp-content\/uploads\/2021\/09\/1510990_10205810251400683_4124423575079401707_n-150x150.jpg","contentUrl":"https:\/\/dicodusport.fr\/blog\/wp-content\/uploads\/2021\/09\/1510990_10205810251400683_4124423575079401707_n-150x150.jpg","caption":"S\u00e9bastien Gente"},"description":"John Stockton, Gianni Bugno, Zinedine Zidane, Steffi Graf, Frode Andresen, St\u00e9phane Stoecklin, Davis Kamoga, Primoz Peterka, Werner Schlager et Aur\u00e9lien Rougerie. Point commun entre ces sportifs? Ils m'ont fait r\u00eaver et ont berc\u00e9 mon adolescence. Je suis un fondu de sports et j'essaie de retranscrire ma passion \u00e0 travers mes articles. Originaire du P\u00e9rigord, ma passion pour les Girondins, les Jaunards et les Jazzmen transpire dans mes \u00e9crits. \u00c0 Dicodusport depuis 2021, je d\u00e9niche les sports m\u00e9connus dans lesquels la France brille, et il y en a !","sameAs":["https:\/\/www.facebook.com\/sebastien.gente\/","https:\/\/www.instagram.com\/sebgente\/","https:\/\/www.linkedin.com\/in\/sbastien-gente-a29583169\/","https:\/\/x.com\/https:\/\/twitter.com\/globulo24","SebastienGente"],"worksFor":"S\u00e9bastien GENTE","url":"https:\/\/dicodusport.fr\/blog\/author\/sebastiengente\/"}]}},"_links":{"self":[{"href":"https:\/\/dicodusport.fr\/blog\/wp-json\/wp\/v2\/posts\/398933","targetHints":{"allow":["GET"]}}],"collection":[{"href":"https:\/\/dicodusport.fr\/blog\/wp-json\/wp\/v2\/posts"}],"about":[{"href":"https:\/\/dicodusport.fr\/blog\/wp-json\/wp\/v2\/types\/post"}],"author":[{"embeddable":true,"href":"https:\/\/dicodusport.fr\/blog\/wp-json\/wp\/v2\/users\/59"}],"replies":[{"embeddable":true,"href":"https:\/\/dicodusport.fr\/blog\/wp-json\/wp\/v2\/comments?post=398933"}],"version-history":[{"count":0,"href":"https:\/\/dicodusport.fr\/blog\/wp-json\/wp\/v2\/posts\/398933\/revisions"}],"wp:featuredmedia":[{"embeddable":true,"href":"https:\/\/dicodusport.fr\/blog\/wp-json\/wp\/v2\/media\/398938"}],"wp:attachment":[{"href":"https:\/\/dicodusport.fr\/blog\/wp-json\/wp\/v2\/media?parent=398933"}],"wp:term":[{"taxonomy":"category","embeddable":true,"href":"https:\/\/dicodusport.fr\/blog\/wp-json\/wp\/v2\/categories?post=398933"},{"taxonomy":"post_tag","embeddable":true,"href":"https:\/\/dicodusport.fr\/blog\/wp-json\/wp\/v2\/tags?post=398933"}],"curies":[{"name":"wp","href":"https:\/\/api.w.org\/{rel}","templated":true}]}}