{"id":39922,"date":"2019-05-26T09:02:29","date_gmt":"2019-05-26T07:02:29","guid":{"rendered":"http:\/\/dicodusport.fr\/blog\/?p=39922"},"modified":"2021-05-11T16:21:48","modified_gmt":"2021-05-11T14:21:48","slug":"giro-2019-nos-favoris-pour-la-15eme-etape","status":"publish","type":"post","link":"https:\/\/dicodusport.fr\/blog\/giro-2019-nos-favoris-pour-la-15eme-etape\/","title":{"rendered":"Giro 2019 : nos favoris pour la 15\u00e8me \u00e9tape"},"content":{"rendered":"<p style=\"text-align: justify;\"><em><b>Chaque jour, retrouvez nos pronostics pour l&rsquo;\u00e9tape du <\/b><a style=\"font-weight: bold;\" href=\"https:\/\/dicodusport.fr\/blog\/tour-d-italie-2019-le-profil-des-etapes-du-giro\/\" target=\"_blank\" rel=\"noopener noreferrer\">Tour d&rsquo;Italie<\/a><b> avec notre favori et \u00ab\u00a0le coup \u00e0 tenter\u00a0\u00bb. <a href=\"https:\/\/dicodusport.fr\/blog\/giro-2019-le-profil-de-la-15eme-etape\/\" target=\"_blank\" rel=\"noopener noreferrer\">Pour cette quinzi\u00e8me \u00e9tape entre Ivrea et C\u00f4me<\/a>, les leaders et les attaquants vont se livrer une belle bataille.<\/b><\/em><\/p>\n<h1 style=\"text-align: justify;\">Notre favori : Mikel Nieve<\/h1>\n<p style=\"text-align: justify;\">M\u00eame s&rsquo;il a \u00e9t\u00e9 battu par Ilnur Zakarin lors de la 13\u00e8me \u00e9tape, les jambes sont l\u00e0. S&rsquo;il est dans la bonne \u00e9chapp\u00e9e, il pourrait sortir en costaud dans le Civiglio.<\/p>\n<table style=\"width: 100%;\">\n<tbody>\n<tr style=\"height: 16px;\">\n<td style=\"border-color: #ffffff; background-color: #404040; width: 114.935%; text-align: left;\"><span style=\"font-size: 12px; color: #ffffff;\">Tour d&rsquo;Italie &#8211; Dimanche 26 mai &#8211; 11h15 &#8211; Etape 15 (Ivrea\/ C\u00f4me)<\/span><\/td>\n<td style=\"border-color: #ffffff; background-color: #525252; width: 10%; text-align: center;\"><span style=\"font-size: 12px; color: #ffffff;\">1<\/span><\/td>\n<\/tr>\n<tr style=\"height: 24px;\">\n<td style=\"border-color: #ffffff; background-color: #ffffff; text-align: justify;\"><span style=\"font-size: 14px; color: #000000;\"><strong>Mikel Nieve<br \/>\n<\/strong><\/span><\/td>\n<td style=\"border-color: #ffffff; background-color: #ffffff;\"><span style=\"font-size: 10px;\"><a href=\"https:\/\/www.winamax.fr\/paris-sportifs\/match\/prelive\/76597?banid=33431\" class=\"su-button su-button-style-flat\" style=\"color:#FFFFFF;background-color:#b10e12;border-color:#8e0c0f;border-radius:5px\" target=\"_blank\" rel=\"noopener noreferrer\"><span style=\"color:#FFFFFF;padding:0px 16px;font-size:13px;line-height:26px;border-color:#c9575a;border-radius:5px;text-shadow:none\"> 15<\/span><\/a><\/span><\/td>\n<\/tr>\n<\/tbody>\n<\/table>\n<hr \/>\n<h1 style=\"text-align: justify;\">Notre coup \u00e0 tenter : Vincenzo Nibali<\/h1>\n<p style=\"text-align: justify;\">S&rsquo;il veut gagner le Tour d&rsquo;Italie, il va falloir attaquer et prendre du temps \u00e0 Roglic et Carapaz. Cette arriv\u00e9e \u00e0 C\u00f4me apr\u00e8s une descente correspond aux qualit\u00e9s du Requin de Messine. De plus, ce final qui s&rsquo;apparente \u00e0 un mini Tour de Romandie pourrait lui donner des id\u00e9es<\/p>\n<table style=\"width: 100%;\">\n<tbody>\n<tr style=\"height: 16px;\">\n<td style=\"border-color: #ffffff; background-color: #404040; width: 114.935%; text-align: left;\"><span style=\"font-size: 12px; color: #ffffff;\">Tour d&rsquo;Italie &#8211; Dimanche 26 mai &#8211; 11h15 &#8211; Etape 15 (Ivrea\/ C\u00f4me)<\/span><\/td>\n<td style=\"border-color: #ffffff; background-color: #525252; width: 10%; text-align: center;\"><span style=\"font-size: 12px; color: #ffffff;\">1<\/span><\/td>\n<\/tr>\n<tr style=\"height: 24px;\">\n<td style=\"border-color: #ffffff; background-color: #ffffff; text-align: justify;\"><span style=\"font-size: 14px; color: #000000;\"><strong>Vincenzo Nibali<br \/>\n<\/strong><\/span><\/td>\n<td style=\"border-color: #ffffff; background-color: #ffffff;\"><span style=\"font-size: 10px;\"><a href=\"https:\/\/www.winamax.fr\/paris-sportifs\/match\/prelive\/76597?banid=33431\" class=\"su-button su-button-style-flat\" style=\"color:#FFFFFF;background-color:#b10e12;border-color:#8e0c0f;border-radius:5px\" target=\"_blank\" rel=\"noopener noreferrer\"><span style=\"color:#FFFFFF;padding:0px 16px;font-size:13px;line-height:26px;border-color:#c9575a;border-radius:5px;text-shadow:none\"> 18<\/span><\/a><\/span><\/td>\n<\/tr>\n<\/tbody>\n<\/table>\n<p><strong><em>Nicolas Jacquemard<\/em><\/strong><br \/>\n<a style=\"color: #000000;\" href=\"https:\/\/twitter.com\/Nico_Jacquemard\" target=\"_blank\" rel=\"noopener noreferrer\"><img loading=\"lazy\" decoding=\"async\" class=\"alignnone wp-image-2908\" src=\"http:\/\/dicodusport.fr\/blog\/wp-content\/uploads\/2017\/07\/logo-twitter-150x150.png\" alt=\"\" width=\"39\" height=\"39\" \/><\/a><a style=\"color: #000000;\" href=\"https:\/\/www.facebook.com\/dicodusport\/\" target=\"_blank\" rel=\"noopener noreferrer\"><img loading=\"lazy\" decoding=\"async\" class=\"alignnone wp-image-2909\" src=\"http:\/\/dicodusport.fr\/blog\/wp-content\/uploads\/2017\/07\/logo-facebook-150x150.png\" alt=\"\" width=\"40\" height=\"40\" \/><\/a><\/p>\n","protected":false},"excerpt":{"rendered":"<p>Giro 2019 &#8211; Pour cette quinzi\u00e8me \u00e9tape entre Ivrea et C\u00f4me, les leaders et les attaquants vont se livrer une belle bataille.<\/p>\n","protected":false},"author":1,"featured_media":14718,"comment_status":"open","ping_status":"closed","sticky":false,"template":"","format":"standard","meta":{"_acf_changed":false,"_daextam_enable_autolinks":"","footnotes":""},"categories":[2,2307],"tags":[574,2830,4722],"class_list":["post-39922","post","type-post","status-publish","format-standard","has-post-thumbnail","hentry","category-actualites","category-cyclisme","tag-cyclisme","tag-giro","tag-tour-ditalie"],"acf":[],"yoast_head":"<!-- This site is optimized with the Yoast SEO Premium plugin v26.7 (Yoast SEO v26.7) - https:\/\/yoast.com\/wordpress\/plugins\/seo\/ -->\n<title>Giro 2019 : nos favoris pour la 15\u00e8me \u00e9tape<\/title>\n<meta name=\"description\" content=\"Giro 2019 - Pour cette quinzi\u00e8me \u00e9tape entre Ivrea et C\u00f4me, les leaders et les attaquants vont se livrer une belle bataille.\" \/>\n<meta name=\"robots\" content=\"index, follow, max-snippet:-1, max-image-preview:large, max-video-preview:-1\" \/>\n<link rel=\"canonical\" href=\"https:\/\/dicodusport.fr\/blog\/giro-2019-nos-favoris-pour-la-15eme-etape\/\" \/>\n<meta property=\"og:locale\" content=\"fr_FR\" \/>\n<meta property=\"og:type\" content=\"article\" \/>\n<meta property=\"og:title\" content=\"Giro 2019 : nos favoris pour la 15\u00e8me \u00e9tape\" \/>\n<meta property=\"og:description\" content=\"Giro 2019 - Pour cette quinzi\u00e8me \u00e9tape entre Ivrea et C\u00f4me, les leaders et les attaquants vont se livrer une belle bataille.\" \/>\n<meta property=\"og:url\" content=\"https:\/\/dicodusport.fr\/blog\/giro-2019-nos-favoris-pour-la-15eme-etape\/\" \/>\n<meta property=\"og:site_name\" content=\"Dicodusport\" \/>\n<meta property=\"article:publisher\" content=\"https:\/\/www.facebook.com\/dicodusport\" \/>\n<meta property=\"article:author\" content=\"https:\/\/www.facebook.com\/dicodusport\" \/>\n<meta property=\"article:published_time\" content=\"2019-05-26T07:02:29+00:00\" \/>\n<meta property=\"article:modified_time\" content=\"2021-05-11T14:21:48+00:00\" \/>\n<meta property=\"og:image\" content=\"https:\/\/dicodusport.fr\/blog\/wp-content\/uploads\/2018\/03\/Vincenzo-Nibali.png\" \/>\n\t<meta property=\"og:image:width\" content=\"800\" \/>\n\t<meta property=\"og:image:height\" content=\"445\" \/>\n\t<meta property=\"og:image:type\" content=\"image\/png\" \/>\n<meta name=\"author\" content=\"Nicolas Jacquemard\" \/>\n<meta name=\"twitter:card\" content=\"summary_large_image\" \/>\n<meta name=\"twitter:creator\" content=\"@https:\/\/twitter.com\/Nico_Jacquemard\" \/>\n<meta name=\"twitter:site\" content=\"@dicodusport\" \/>\n<script type=\"application\/ld+json\" class=\"yoast-schema-graph\">{\"@context\":\"https:\/\/schema.org\",\"@graph\":[{\"@type\":\"NewsArticle\",\"@id\":\"https:\/\/dicodusport.fr\/blog\/giro-2019-nos-favoris-pour-la-15eme-etape\/#article\",\"isPartOf\":{\"@id\":\"https:\/\/dicodusport.fr\/blog\/giro-2019-nos-favoris-pour-la-15eme-etape\/\"},\"author\":{\"name\":\"Nicolas Jacquemard\",\"@id\":\"https:\/\/dicodusport.fr\/blog\/#\/schema\/person\/55dcb50ad410894e431ed812bbb70191\"},\"headline\":\"Giro 2019 : nos favoris pour la 15\u00e8me \u00e9tape\",\"datePublished\":\"2019-05-26T07:02:29+00:00\",\"dateModified\":\"2021-05-11T14:21:48+00:00\",\"mainEntityOfPage\":{\"@id\":\"https:\/\/dicodusport.fr\/blog\/giro-2019-nos-favoris-pour-la-15eme-etape\/\"},\"wordCount\":221,\"commentCount\":0,\"publisher\":{\"@id\":\"https:\/\/dicodusport.fr\/blog\/#organization\"},\"image\":{\"@id\":\"https:\/\/dicodusport.fr\/blog\/giro-2019-nos-favoris-pour-la-15eme-etape\/#primaryimage\"},\"thumbnailUrl\":\"https:\/\/dicodusport.fr\/blog\/wp-content\/uploads\/2018\/03\/Vincenzo-Nibali.png\",\"keywords\":[\"Cyclisme\",\"Giro\",\"Tour d'Italie\"],\"articleSection\":[\"Actualit\u00e9s\",\"Cyclisme\"],\"inLanguage\":\"fr-FR\",\"potentialAction\":[{\"@type\":\"CommentAction\",\"name\":\"Comment\",\"target\":[\"https:\/\/dicodusport.fr\/blog\/giro-2019-nos-favoris-pour-la-15eme-etape\/#respond\"]}],\"copyrightYear\":\"2019\",\"copyrightHolder\":{\"@id\":\"https:\/\/dicodusport.fr\/blog\/#organization\"}},{\"@type\":\"WebPage\",\"@id\":\"https:\/\/dicodusport.fr\/blog\/giro-2019-nos-favoris-pour-la-15eme-etape\/\",\"url\":\"https:\/\/dicodusport.fr\/blog\/giro-2019-nos-favoris-pour-la-15eme-etape\/\",\"name\":\"Giro 2019 : nos favoris pour la 15\u00e8me \u00e9tape\",\"isPartOf\":{\"@id\":\"https:\/\/dicodusport.fr\/blog\/#website\"},\"primaryImageOfPage\":{\"@id\":\"https:\/\/dicodusport.fr\/blog\/giro-2019-nos-favoris-pour-la-15eme-etape\/#primaryimage\"},\"image\":{\"@id\":\"https:\/\/dicodusport.fr\/blog\/giro-2019-nos-favoris-pour-la-15eme-etape\/#primaryimage\"},\"thumbnailUrl\":\"https:\/\/dicodusport.fr\/blog\/wp-content\/uploads\/2018\/03\/Vincenzo-Nibali.png\",\"datePublished\":\"2019-05-26T07:02:29+00:00\",\"dateModified\":\"2021-05-11T14:21:48+00:00\",\"description\":\"Giro 2019 - Pour cette quinzi\u00e8me \u00e9tape entre Ivrea et C\u00f4me, les leaders et les attaquants vont se livrer une belle bataille.\",\"breadcrumb\":{\"@id\":\"https:\/\/dicodusport.fr\/blog\/giro-2019-nos-favoris-pour-la-15eme-etape\/#breadcrumb\"},\"inLanguage\":\"fr-FR\",\"potentialAction\":[{\"@type\":\"ReadAction\",\"target\":[\"https:\/\/dicodusport.fr\/blog\/giro-2019-nos-favoris-pour-la-15eme-etape\/\"]}]},{\"@type\":\"ImageObject\",\"inLanguage\":\"fr-FR\",\"@id\":\"https:\/\/dicodusport.fr\/blog\/giro-2019-nos-favoris-pour-la-15eme-etape\/#primaryimage\",\"url\":\"https:\/\/dicodusport.fr\/blog\/wp-content\/uploads\/2018\/03\/Vincenzo-Nibali.png\",\"contentUrl\":\"https:\/\/dicodusport.fr\/blog\/wp-content\/uploads\/2018\/03\/Vincenzo-Nibali.png\",\"width\":800,\"height\":445,\"caption\":\"Vincenzo Nibali\"},{\"@type\":\"BreadcrumbList\",\"@id\":\"https:\/\/dicodusport.fr\/blog\/giro-2019-nos-favoris-pour-la-15eme-etape\/#breadcrumb\",\"itemListElement\":[{\"@type\":\"ListItem\",\"position\":1,\"name\":\"Accueil\",\"item\":\"https:\/\/dicodusport.fr\/blog\/\"},{\"@type\":\"ListItem\",\"position\":2,\"name\":\"Giro 2019 : nos favoris pour la 15\u00e8me \u00e9tape\"}]},{\"@type\":\"WebSite\",\"@id\":\"https:\/\/dicodusport.fr\/blog\/#website\",\"url\":\"https:\/\/dicodusport.fr\/blog\/\",\"name\":\"Dicodusport\",\"description\":\"L&#039;encyclop\u00e9die de l&#039;actualit\u00e9 sportive\",\"publisher\":{\"@id\":\"https:\/\/dicodusport.fr\/blog\/#organization\"},\"potentialAction\":[{\"@type\":\"SearchAction\",\"target\":{\"@type\":\"EntryPoint\",\"urlTemplate\":\"https:\/\/dicodusport.fr\/blog\/?s={search_term_string}\"},\"query-input\":{\"@type\":\"PropertyValueSpecification\",\"valueRequired\":true,\"valueName\":\"search_term_string\"}}],\"inLanguage\":\"fr-FR\"},{\"@type\":\"NewsMediaOrganization\",\"@id\":\"https:\/\/dicodusport.fr\/blog\/#organization\",\"name\":\"Dicodusport\",\"url\":\"https:\/\/dicodusport.fr\/blog\/\",\"logo\":{\"@type\":\"ImageObject\",\"inLanguage\":\"fr-FR\",\"@id\":\"https:\/\/dicodusport.fr\/blog\/#\/schema\/logo\/image\/\",\"url\":\"https:\/\/dicodusport.fr\/blog\/wp-content\/uploads\/2020\/06\/cropped-LOGO-DICODUSPORT-2020-SANS-FOND-SANS-TEXTE.png\",\"contentUrl\":\"https:\/\/dicodusport.fr\/blog\/wp-content\/uploads\/2020\/06\/cropped-LOGO-DICODUSPORT-2020-SANS-FOND-SANS-TEXTE.png\",\"width\":512,\"height\":512,\"caption\":\"Dicodusport\"},\"image\":{\"@id\":\"https:\/\/dicodusport.fr\/blog\/#\/schema\/logo\/image\/\"},\"sameAs\":[\"https:\/\/www.facebook.com\/dicodusport\",\"https:\/\/x.com\/dicodusport\",\"https:\/\/www.instagram.com\/dicodusport\/\",\"https:\/\/www.youtube.com\/channel\/UC7V2KZ5sd3htJivAbA4ZG3w\"],\"description\":\"Dicodusport est l'encyclop\u00e9die de l'actualit\u00e9 sportive.\",\"email\":\"bonjour@dicodusport.fr\",\"legalName\":\"DICODUSPORT\",\"foundingDate\":\"2018-01-14\",\"vatID\":\"FR71834470973\",\"taxID\":\"83447097300043\",\"numberOfEmployees\":{\"@type\":\"QuantitativeValue\",\"minValue\":\"1\",\"maxValue\":\"10\"}},{\"@type\":\"Person\",\"@id\":\"https:\/\/dicodusport.fr\/blog\/#\/schema\/person\/55dcb50ad410894e431ed812bbb70191\",\"name\":\"Nicolas Jacquemard\",\"image\":{\"@type\":\"ImageObject\",\"inLanguage\":\"fr-FR\",\"@id\":\"https:\/\/dicodusport.fr\/blog\/#\/schema\/person\/image\/\",\"url\":\"https:\/\/dicodusport.fr\/blog\/wp-content\/uploads\/2021\/05\/Nicolas-Jacquemard-150x150.jpeg\",\"contentUrl\":\"https:\/\/dicodusport.fr\/blog\/wp-content\/uploads\/2021\/05\/Nicolas-Jacquemard-150x150.jpeg\",\"caption\":\"Nicolas Jacquemard\"},\"description\":\"Passionn\u00e9 de sport et entrepreneur depuis mes 18 ans, la cr\u00e9ation de Dicodusport m'a sembl\u00e9 \u00e9vidente pour participer \u00e0 la m\u00e9diatisation d'un plus grand nombre de sports. Le chemin est long mais avec une \u00e9quipe des plus motiv\u00e9es et les Jeux Olympiques de Paris 2024 en point de mire, nous y arriverons ! Journaliste dans le monde du sport depuis plus de 5 ans, je traite aussi bien de football, de rugby, de biathlon que de cyclisme.\",\"sameAs\":[\"https:\/\/www.facebook.com\/dicodusport\",\"https:\/\/x.com\/https:\/\/twitter.com\/Nico_Jacquemard\"],\"url\":\"https:\/\/dicodusport.fr\/blog\/author\/dicodusport\/\"}]}<\/script>\n<!-- \/ Yoast SEO Premium plugin. -->","yoast_head_json":{"title":"Giro 2019 : nos favoris pour la 15\u00e8me \u00e9tape","description":"Giro 2019 - Pour cette quinzi\u00e8me \u00e9tape entre Ivrea et C\u00f4me, les leaders et les attaquants vont se livrer une belle bataille.","robots":{"index":"index","follow":"follow","max-snippet":"max-snippet:-1","max-image-preview":"max-image-preview:large","max-video-preview":"max-video-preview:-1"},"canonical":"https:\/\/dicodusport.fr\/blog\/giro-2019-nos-favoris-pour-la-15eme-etape\/","og_locale":"fr_FR","og_type":"article","og_title":"Giro 2019 : nos favoris pour la 15\u00e8me \u00e9tape","og_description":"Giro 2019 - Pour cette quinzi\u00e8me \u00e9tape entre Ivrea et C\u00f4me, les leaders et les attaquants vont se livrer une belle bataille.","og_url":"https:\/\/dicodusport.fr\/blog\/giro-2019-nos-favoris-pour-la-15eme-etape\/","og_site_name":"Dicodusport","article_publisher":"https:\/\/www.facebook.com\/dicodusport","article_author":"https:\/\/www.facebook.com\/dicodusport","article_published_time":"2019-05-26T07:02:29+00:00","article_modified_time":"2021-05-11T14:21:48+00:00","og_image":[{"width":800,"height":445,"url":"https:\/\/dicodusport.fr\/blog\/wp-content\/uploads\/2018\/03\/Vincenzo-Nibali.png","type":"image\/png"}],"author":"Nicolas Jacquemard","twitter_card":"summary_large_image","twitter_creator":"@https:\/\/twitter.com\/Nico_Jacquemard","twitter_site":"@dicodusport","schema":{"@context":"https:\/\/schema.org","@graph":[{"@type":"NewsArticle","@id":"https:\/\/dicodusport.fr\/blog\/giro-2019-nos-favoris-pour-la-15eme-etape\/#article","isPartOf":{"@id":"https:\/\/dicodusport.fr\/blog\/giro-2019-nos-favoris-pour-la-15eme-etape\/"},"author":{"name":"Nicolas Jacquemard","@id":"https:\/\/dicodusport.fr\/blog\/#\/schema\/person\/55dcb50ad410894e431ed812bbb70191"},"headline":"Giro 2019 : nos favoris pour la 15\u00e8me \u00e9tape","datePublished":"2019-05-26T07:02:29+00:00","dateModified":"2021-05-11T14:21:48+00:00","mainEntityOfPage":{"@id":"https:\/\/dicodusport.fr\/blog\/giro-2019-nos-favoris-pour-la-15eme-etape\/"},"wordCount":221,"commentCount":0,"publisher":{"@id":"https:\/\/dicodusport.fr\/blog\/#organization"},"image":{"@id":"https:\/\/dicodusport.fr\/blog\/giro-2019-nos-favoris-pour-la-15eme-etape\/#primaryimage"},"thumbnailUrl":"https:\/\/dicodusport.fr\/blog\/wp-content\/uploads\/2018\/03\/Vincenzo-Nibali.png","keywords":["Cyclisme","Giro","Tour d'Italie"],"articleSection":["Actualit\u00e9s","Cyclisme"],"inLanguage":"fr-FR","potentialAction":[{"@type":"CommentAction","name":"Comment","target":["https:\/\/dicodusport.fr\/blog\/giro-2019-nos-favoris-pour-la-15eme-etape\/#respond"]}],"copyrightYear":"2019","copyrightHolder":{"@id":"https:\/\/dicodusport.fr\/blog\/#organization"}},{"@type":"WebPage","@id":"https:\/\/dicodusport.fr\/blog\/giro-2019-nos-favoris-pour-la-15eme-etape\/","url":"https:\/\/dicodusport.fr\/blog\/giro-2019-nos-favoris-pour-la-15eme-etape\/","name":"Giro 2019 : nos favoris pour la 15\u00e8me \u00e9tape","isPartOf":{"@id":"https:\/\/dicodusport.fr\/blog\/#website"},"primaryImageOfPage":{"@id":"https:\/\/dicodusport.fr\/blog\/giro-2019-nos-favoris-pour-la-15eme-etape\/#primaryimage"},"image":{"@id":"https:\/\/dicodusport.fr\/blog\/giro-2019-nos-favoris-pour-la-15eme-etape\/#primaryimage"},"thumbnailUrl":"https:\/\/dicodusport.fr\/blog\/wp-content\/uploads\/2018\/03\/Vincenzo-Nibali.png","datePublished":"2019-05-26T07:02:29+00:00","dateModified":"2021-05-11T14:21:48+00:00","description":"Giro 2019 - Pour cette quinzi\u00e8me \u00e9tape entre Ivrea et C\u00f4me, les leaders et les attaquants vont se livrer une belle bataille.","breadcrumb":{"@id":"https:\/\/dicodusport.fr\/blog\/giro-2019-nos-favoris-pour-la-15eme-etape\/#breadcrumb"},"inLanguage":"fr-FR","potentialAction":[{"@type":"ReadAction","target":["https:\/\/dicodusport.fr\/blog\/giro-2019-nos-favoris-pour-la-15eme-etape\/"]}]},{"@type":"ImageObject","inLanguage":"fr-FR","@id":"https:\/\/dicodusport.fr\/blog\/giro-2019-nos-favoris-pour-la-15eme-etape\/#primaryimage","url":"https:\/\/dicodusport.fr\/blog\/wp-content\/uploads\/2018\/03\/Vincenzo-Nibali.png","contentUrl":"https:\/\/dicodusport.fr\/blog\/wp-content\/uploads\/2018\/03\/Vincenzo-Nibali.png","width":800,"height":445,"caption":"Vincenzo Nibali"},{"@type":"BreadcrumbList","@id":"https:\/\/dicodusport.fr\/blog\/giro-2019-nos-favoris-pour-la-15eme-etape\/#breadcrumb","itemListElement":[{"@type":"ListItem","position":1,"name":"Accueil","item":"https:\/\/dicodusport.fr\/blog\/"},{"@type":"ListItem","position":2,"name":"Giro 2019 : nos favoris pour la 15\u00e8me \u00e9tape"}]},{"@type":"WebSite","@id":"https:\/\/dicodusport.fr\/blog\/#website","url":"https:\/\/dicodusport.fr\/blog\/","name":"Dicodusport","description":"L&#039;encyclop\u00e9die de l&#039;actualit\u00e9 sportive","publisher":{"@id":"https:\/\/dicodusport.fr\/blog\/#organization"},"potentialAction":[{"@type":"SearchAction","target":{"@type":"EntryPoint","urlTemplate":"https:\/\/dicodusport.fr\/blog\/?s={search_term_string}"},"query-input":{"@type":"PropertyValueSpecification","valueRequired":true,"valueName":"search_term_string"}}],"inLanguage":"fr-FR"},{"@type":"NewsMediaOrganization","@id":"https:\/\/dicodusport.fr\/blog\/#organization","name":"Dicodusport","url":"https:\/\/dicodusport.fr\/blog\/","logo":{"@type":"ImageObject","inLanguage":"fr-FR","@id":"https:\/\/dicodusport.fr\/blog\/#\/schema\/logo\/image\/","url":"https:\/\/dicodusport.fr\/blog\/wp-content\/uploads\/2020\/06\/cropped-LOGO-DICODUSPORT-2020-SANS-FOND-SANS-TEXTE.png","contentUrl":"https:\/\/dicodusport.fr\/blog\/wp-content\/uploads\/2020\/06\/cropped-LOGO-DICODUSPORT-2020-SANS-FOND-SANS-TEXTE.png","width":512,"height":512,"caption":"Dicodusport"},"image":{"@id":"https:\/\/dicodusport.fr\/blog\/#\/schema\/logo\/image\/"},"sameAs":["https:\/\/www.facebook.com\/dicodusport","https:\/\/x.com\/dicodusport","https:\/\/www.instagram.com\/dicodusport\/","https:\/\/www.youtube.com\/channel\/UC7V2KZ5sd3htJivAbA4ZG3w"],"description":"Dicodusport est l'encyclop\u00e9die de l'actualit\u00e9 sportive.","email":"bonjour@dicodusport.fr","legalName":"DICODUSPORT","foundingDate":"2018-01-14","vatID":"FR71834470973","taxID":"83447097300043","numberOfEmployees":{"@type":"QuantitativeValue","minValue":"1","maxValue":"10"}},{"@type":"Person","@id":"https:\/\/dicodusport.fr\/blog\/#\/schema\/person\/55dcb50ad410894e431ed812bbb70191","name":"Nicolas Jacquemard","image":{"@type":"ImageObject","inLanguage":"fr-FR","@id":"https:\/\/dicodusport.fr\/blog\/#\/schema\/person\/image\/","url":"https:\/\/dicodusport.fr\/blog\/wp-content\/uploads\/2021\/05\/Nicolas-Jacquemard-150x150.jpeg","contentUrl":"https:\/\/dicodusport.fr\/blog\/wp-content\/uploads\/2021\/05\/Nicolas-Jacquemard-150x150.jpeg","caption":"Nicolas Jacquemard"},"description":"Passionn\u00e9 de sport et entrepreneur depuis mes 18 ans, la cr\u00e9ation de Dicodusport m'a sembl\u00e9 \u00e9vidente pour participer \u00e0 la m\u00e9diatisation d'un plus grand nombre de sports. Le chemin est long mais avec une \u00e9quipe des plus motiv\u00e9es et les Jeux Olympiques de Paris 2024 en point de mire, nous y arriverons ! Journaliste dans le monde du sport depuis plus de 5 ans, je traite aussi bien de football, de rugby, de biathlon que de cyclisme.","sameAs":["https:\/\/www.facebook.com\/dicodusport","https:\/\/x.com\/https:\/\/twitter.com\/Nico_Jacquemard"],"url":"https:\/\/dicodusport.fr\/blog\/author\/dicodusport\/"}]}},"_links":{"self":[{"href":"https:\/\/dicodusport.fr\/blog\/wp-json\/wp\/v2\/posts\/39922","targetHints":{"allow":["GET"]}}],"collection":[{"href":"https:\/\/dicodusport.fr\/blog\/wp-json\/wp\/v2\/posts"}],"about":[{"href":"https:\/\/dicodusport.fr\/blog\/wp-json\/wp\/v2\/types\/post"}],"author":[{"embeddable":true,"href":"https:\/\/dicodusport.fr\/blog\/wp-json\/wp\/v2\/users\/1"}],"replies":[{"embeddable":true,"href":"https:\/\/dicodusport.fr\/blog\/wp-json\/wp\/v2\/comments?post=39922"}],"version-history":[{"count":0,"href":"https:\/\/dicodusport.fr\/blog\/wp-json\/wp\/v2\/posts\/39922\/revisions"}],"wp:featuredmedia":[{"embeddable":true,"href":"https:\/\/dicodusport.fr\/blog\/wp-json\/wp\/v2\/media\/14718"}],"wp:attachment":[{"href":"https:\/\/dicodusport.fr\/blog\/wp-json\/wp\/v2\/media?parent=39922"}],"wp:term":[{"taxonomy":"category","embeddable":true,"href":"https:\/\/dicodusport.fr\/blog\/wp-json\/wp\/v2\/categories?post=39922"},{"taxonomy":"post_tag","embeddable":true,"href":"https:\/\/dicodusport.fr\/blog\/wp-json\/wp\/v2\/tags?post=39922"}],"curies":[{"name":"wp","href":"https:\/\/api.w.org\/{rel}","templated":true}]}}