{"id":39940,"date":"2019-05-26T17:18:12","date_gmt":"2019-05-26T15:18:12","guid":{"rendered":"http:\/\/dicodusport.fr\/blog\/?p=39940"},"modified":"2019-05-26T17:38:19","modified_gmt":"2019-05-26T15:38:19","slug":"giro-2019-dario-cataldo-remporte-la-15eme-etape-au-terme-d-un-final-anime","status":"publish","type":"post","link":"https:\/\/dicodusport.fr\/blog\/giro-2019-dario-cataldo-remporte-la-15eme-etape-au-terme-d-un-final-anime\/","title":{"rendered":"Giro 2019 : Dario Cataldo remporte la 15\u00e8me \u00e9tape au terme d&rsquo;un final anim\u00e9"},"content":{"rendered":"<p style=\"text-align: justify;\"><strong><em><a href=\"https:\/\/dicodusport.fr\/blog\/tour-d-italie-2019-le-profil-des-etapes-du-giro\/\" target=\"_blank\" rel=\"noopener\">Giro 2019<\/a> &#8211; L&rsquo;Italien Dario Cataldo (Astana) s&rsquo;est impos\u00e9 sur la 15\u00e8me \u00e9tape du Tour d&rsquo;Italie, \u00e0 C\u00f4me. Il a devanc\u00e9 son compagnon d&rsquo;\u00e9chapp\u00e9e Mattia Cattaneo (Androni). Derri\u00e8re, les favoris se sont expliqu\u00e9s dans le Civiglio, et Primoz Roglic est le grand perdant du jour.<br \/>\n<\/em><\/strong><\/p>\n<p style=\"text-align: justify;\">Un mini Tour de Lombardie qui a tenu toutes ses promesses. Au terme d&rsquo;une \u00e9chapp\u00e9e de plus de 200 km, l&rsquo;Italien <strong>Dario Cataldo<\/strong> s&rsquo;est impos\u00e9 \u00e0 C\u00f4me, devant son compatriote <strong>Mattia Cattaneo (Androni)<\/strong>. Les deux Transalpins, qui ont b\u00e9n\u00e9fici\u00e9 d&rsquo;un bon de sortie de la part du peloton, n&rsquo;ont pas pu se d\u00e9partager dans l&rsquo;exigent Civiglio. Cataldo, qui n&rsquo;avait plus lev\u00e9 les bras depuis 2012, s&rsquo;est finalement montr\u00e9 plus rapide dans les derniers m\u00e8tres. Derri\u00e8re, les cadors, <strong>Vincenzo Nibali<\/strong> et <strong>Richard Carapaz<\/strong> en t\u00eate, ont bataill\u00e9.<\/p>\n<p><span class=\"UzPWEltrhueBDHfo2csbp6RN1MZy0A9nTkGQviOCKm7xI3SFJ\"><\/p>\n<blockquote class=\"twitter-tweet\" data-width=\"550\" data-dnt=\"true\">\n<p lang=\"fr\" dir=\"ltr\">\ud83c\uddee\ud83c\uddf9 Dario Cataldo s&#39;impose \u00e0 C\u00f4me !<\/p>\n<p>\u23f1 Primoz Roglic termine avec une quarantaine de secondes de retard sur Nibali, Carapaz et Yates.<a href=\"https:\/\/twitter.com\/hashtag\/lequipeGIRO?src=hash&amp;ref_src=twsrc%5Etfw\">#lequipeGIRO<\/a> <a href=\"https:\/\/t.co\/gw8dS20Q4D\">pic.twitter.com\/gw8dS20Q4D<\/a><\/p>\n<p>&mdash; la chaine L&#39;\u00c9quipe (@lachainelequipe) <a href=\"https:\/\/twitter.com\/lachainelequipe\/status\/1132668175928180738?ref_src=twsrc%5Etfw\">May 26, 2019<\/a><\/p><\/blockquote>\n<p><script async src=\"https:\/\/platform.twitter.com\/widgets.js\" charset=\"utf-8\"><\/script><\/span><\/p>\n<h1 style=\"text-align: justify;\">Roglic perd des plumes<\/h1>\n<p style=\"text-align: justify;\">Avec le final du <strong>Tour de Lombardie<\/strong> au programme, les leaders ne pouvaient pas se cacher ce dimanche, \u00e0 la veille de la deuxi\u00e8me journ\u00e9e de repos. Sous tension toute la journ\u00e9e, le peloton a explos\u00e9 dans le Civiglio, \u00e0 moins de 20 km de l&rsquo;arriv\u00e9e, au pied duquel le grand favori <strong>Primoz Roglic (Jumbo-Visma)<\/strong> s&rsquo;est fait une premi\u00e8re frayeur avec un incident m\u00e9canique, empruntant le v\u00e9lo de son \u00e9quipier Antwan Tolhoek. Si le Slov\u00e8ne parvenait \u00e0 rentrer, Vincenzo Nibali pla\u00e7ait une premi\u00e8re banderille dans une difficult\u00e9 qu&rsquo;il conna\u00eet par c\u0153ur. Le maillot rose <strong>Richard Carapaz (Movistar)<\/strong> suivait, mais pas Primoz Roglic, dans le dur.<\/p>\n<p style=\"text-align: justify;\">Nibali et Carapaz, mais aussi Simon Yates, basculaient alors avec une dizaine de secondes d&rsquo;avance sur le premier maillot rose de ce Giro. Moins serein qu&rsquo;\u00e0 l&rsquo;accoutum\u00e9e sur un v\u00e9lo qui n&rsquo;\u00e9tait pas le sien, <strong>Primoz Roglic chutait dans la descente vers C\u00f4me \u00e0 5 km de l&rsquo;arriv\u00e9e<\/strong>. Cons\u00e9quence, le vainqueur du dernier Tour de Romandie l\u00e2chait 40 secondes au duo <strong>Carapaz-Nibali<\/strong>. Ce soir, l\u2019\u00c9quatorien poss\u00e8de 47 secondes d&rsquo;avance sur Primoz Roglic, et 1&rsquo;47 sur Vincenzo Nibali. Le Giro 2019 est relanc\u00e9 avant la derni\u00e8re ligne droite.<\/p>\n<p><span class=\"QhbAGpIK7qo1ur3XFPZVRYNxdg6yaMl0Sk4sHTWEwC9fetOBjz82in\"><\/p>\n<blockquote class=\"twitter-tweet\" data-width=\"550\" data-dnt=\"true\">\n<p lang=\"fr\" dir=\"ltr\">Le classement g\u00e9n\u00e9ral apr\u00e8s cette 15e \u00e9tape \ud83d\udc47<a href=\"https:\/\/twitter.com\/hashtag\/lequipeGIRO?src=hash&amp;ref_src=twsrc%5Etfw\">#lequipeGIRO<\/a> <a href=\"https:\/\/t.co\/2LREpqoS3a\">pic.twitter.com\/2LREpqoS3a<\/a><\/p>\n<p>&mdash; la chaine L&#39;\u00c9quipe (@lachainelequipe) <a href=\"https:\/\/twitter.com\/lachainelequipe\/status\/1132668567399391234?ref_src=twsrc%5Etfw\">May 26, 2019<\/a><\/p><\/blockquote>\n<p><script async src=\"https:\/\/platform.twitter.com\/widgets.js\" charset=\"utf-8\"><\/script><\/span><\/p>\n<p><strong><em>Dicodusport<br \/>\n<a href=\"https:\/\/www.facebook.com\/dicodusport\/\" target=\"_blank\" rel=\"noopener\"><img loading=\"lazy\" decoding=\"async\" class=\"alignnone wp-image-2909\" src=\"http:\/\/dicodusport.fr\/blog\/wp-content\/uploads\/2017\/07\/logo-facebook-150x150.png\" sizes=\"auto, (max-width: 40px) 100vw, 40px\" srcset=\"https:\/\/dicodusport.fr\/blog\/wp-content\/uploads\/2017\/07\/logo-facebook-150x150.png 150w, https:\/\/dicodusport.fr\/blog\/wp-content\/uploads\/2017\/07\/logo-facebook-300x300.png 300w, https:\/\/dicodusport.fr\/blog\/wp-content\/uploads\/2017\/07\/logo-facebook.png 400w\" alt=\"\" width=\"40\" height=\"40\" \/><\/a><a href=\"https:\/\/twitter.com\/dicodusport\" target=\"_blank\" rel=\"noopener\"><img loading=\"lazy\" decoding=\"async\" class=\"alignnone wp-image-2908\" src=\"http:\/\/dicodusport.fr\/blog\/wp-content\/uploads\/2017\/07\/logo-twitter-150x150.png\" alt=\"\" width=\"39\" height=\"39\" \/><\/a><\/em><\/strong><\/p>\n","protected":false},"excerpt":{"rendered":"<p>Giro 2019 &#8211; L&rsquo;Italien Dario Cataldo (Astana) s&rsquo;est impos\u00e9 sur la 15\u00e8me \u00e9tape du Tour d&rsquo;Italie, \u00e0 C\u00f4me. Il a devanc\u00e9 son compagnon d&rsquo;\u00e9chapp\u00e9e Mattia Cattaneo (Androni).<\/p>\n","protected":false},"author":4,"featured_media":39956,"comment_status":"open","ping_status":"closed","sticky":false,"template":"","format":"standard","meta":{"_acf_changed":false,"_daextam_enable_autolinks":"","footnotes":""},"categories":[2,2307],"tags":[574,2830,4722],"class_list":["post-39940","post","type-post","status-publish","format-standard","has-post-thumbnail","hentry","category-actualites","category-cyclisme","tag-cyclisme","tag-giro","tag-tour-ditalie"],"acf":[],"yoast_head":"<!-- This site is optimized with the Yoast SEO Premium plugin v26.7 (Yoast SEO v26.7) - https:\/\/yoast.com\/wordpress\/plugins\/seo\/ -->\n<title>Giro 2019 : Dario Cataldo remporte la 15\u00e8me \u00e9tape au terme d&#039;un final anim\u00e9<\/title>\n<meta name=\"description\" content=\"Giro 2019 - Dario Cataldo (Astana) s&#039;est impos\u00e9 sur la 15\u00e8me \u00e9tape du Tour d&#039;Italie. Il a devanc\u00e9 son compagnon d&#039;\u00e9chapp\u00e9e Mattia Cattaneo (Androni).\" \/>\n<meta name=\"robots\" content=\"index, follow, max-snippet:-1, max-image-preview:large, max-video-preview:-1\" \/>\n<link rel=\"canonical\" href=\"https:\/\/dicodusport.fr\/blog\/giro-2019-dario-cataldo-remporte-la-15eme-etape-au-terme-d-un-final-anime\/\" \/>\n<meta property=\"og:locale\" content=\"fr_FR\" \/>\n<meta property=\"og:type\" content=\"article\" \/>\n<meta property=\"og:title\" content=\"Giro 2019 : Dario Cataldo remporte la 15\u00e8me \u00e9tape au terme d&#039;un final anim\u00e9\" \/>\n<meta property=\"og:description\" content=\"Giro 2019 - Dario Cataldo (Astana) s&#039;est impos\u00e9 sur la 15\u00e8me \u00e9tape du Tour d&#039;Italie. Il a devanc\u00e9 son compagnon d&#039;\u00e9chapp\u00e9e Mattia Cattaneo (Androni).\" \/>\n<meta property=\"og:url\" content=\"https:\/\/dicodusport.fr\/blog\/giro-2019-dario-cataldo-remporte-la-15eme-etape-au-terme-d-un-final-anime\/\" \/>\n<meta property=\"og:site_name\" content=\"Dicodusport\" \/>\n<meta property=\"article:publisher\" content=\"https:\/\/www.facebook.com\/dicodusport\" \/>\n<meta property=\"article:author\" content=\"https:\/\/www.facebook.com\/florent.ostermann\" \/>\n<meta property=\"article:published_time\" content=\"2019-05-26T15:18:12+00:00\" \/>\n<meta property=\"article:modified_time\" content=\"2019-05-26T15:38:19+00:00\" \/>\n<meta property=\"og:image\" content=\"https:\/\/dicodusport.fr\/blog\/wp-content\/uploads\/2019\/05\/Dario-Cataldo.png\" \/>\n\t<meta property=\"og:image:width\" content=\"800\" \/>\n\t<meta property=\"og:image:height\" content=\"445\" \/>\n\t<meta property=\"og:image:type\" content=\"image\/png\" \/>\n<meta name=\"author\" content=\"Flo Ostermann\" \/>\n<meta name=\"twitter:card\" content=\"summary_large_image\" \/>\n<meta name=\"twitter:creator\" content=\"@https:\/\/twitter.com\/FlOstermann\" \/>\n<meta name=\"twitter:site\" content=\"@dicodusport\" \/>\n<script type=\"application\/ld+json\" class=\"yoast-schema-graph\">{\"@context\":\"https:\/\/schema.org\",\"@graph\":[{\"@type\":\"NewsArticle\",\"@id\":\"https:\/\/dicodusport.fr\/blog\/giro-2019-dario-cataldo-remporte-la-15eme-etape-au-terme-d-un-final-anime\/#article\",\"isPartOf\":{\"@id\":\"https:\/\/dicodusport.fr\/blog\/giro-2019-dario-cataldo-remporte-la-15eme-etape-au-terme-d-un-final-anime\/\"},\"author\":{\"name\":\"Flo Ostermann\",\"@id\":\"https:\/\/dicodusport.fr\/blog\/#\/schema\/person\/cb02af4c173ce4a653b55e9baf388d4a\"},\"headline\":\"Giro 2019 : Dario Cataldo remporte la 15\u00e8me \u00e9tape au terme d&rsquo;un final anim\u00e9\",\"datePublished\":\"2019-05-26T15:18:12+00:00\",\"dateModified\":\"2019-05-26T15:38:19+00:00\",\"mainEntityOfPage\":{\"@id\":\"https:\/\/dicodusport.fr\/blog\/giro-2019-dario-cataldo-remporte-la-15eme-etape-au-terme-d-un-final-anime\/\"},\"wordCount\":389,\"commentCount\":0,\"publisher\":{\"@id\":\"https:\/\/dicodusport.fr\/blog\/#organization\"},\"image\":{\"@id\":\"https:\/\/dicodusport.fr\/blog\/giro-2019-dario-cataldo-remporte-la-15eme-etape-au-terme-d-un-final-anime\/#primaryimage\"},\"thumbnailUrl\":\"https:\/\/dicodusport.fr\/blog\/wp-content\/uploads\/2019\/05\/Dario-Cataldo.png\",\"keywords\":[\"Cyclisme\",\"Giro\",\"Tour d'Italie\"],\"articleSection\":[\"Actualit\u00e9s\",\"Cyclisme\"],\"inLanguage\":\"fr-FR\",\"potentialAction\":[{\"@type\":\"CommentAction\",\"name\":\"Comment\",\"target\":[\"https:\/\/dicodusport.fr\/blog\/giro-2019-dario-cataldo-remporte-la-15eme-etape-au-terme-d-un-final-anime\/#respond\"]}],\"copyrightYear\":\"2019\",\"copyrightHolder\":{\"@id\":\"https:\/\/dicodusport.fr\/blog\/#organization\"}},{\"@type\":\"WebPage\",\"@id\":\"https:\/\/dicodusport.fr\/blog\/giro-2019-dario-cataldo-remporte-la-15eme-etape-au-terme-d-un-final-anime\/\",\"url\":\"https:\/\/dicodusport.fr\/blog\/giro-2019-dario-cataldo-remporte-la-15eme-etape-au-terme-d-un-final-anime\/\",\"name\":\"Giro 2019 : Dario Cataldo remporte la 15\u00e8me \u00e9tape au terme d'un final anim\u00e9\",\"isPartOf\":{\"@id\":\"https:\/\/dicodusport.fr\/blog\/#website\"},\"primaryImageOfPage\":{\"@id\":\"https:\/\/dicodusport.fr\/blog\/giro-2019-dario-cataldo-remporte-la-15eme-etape-au-terme-d-un-final-anime\/#primaryimage\"},\"image\":{\"@id\":\"https:\/\/dicodusport.fr\/blog\/giro-2019-dario-cataldo-remporte-la-15eme-etape-au-terme-d-un-final-anime\/#primaryimage\"},\"thumbnailUrl\":\"https:\/\/dicodusport.fr\/blog\/wp-content\/uploads\/2019\/05\/Dario-Cataldo.png\",\"datePublished\":\"2019-05-26T15:18:12+00:00\",\"dateModified\":\"2019-05-26T15:38:19+00:00\",\"description\":\"Giro 2019 - Dario Cataldo (Astana) s'est impos\u00e9 sur la 15\u00e8me \u00e9tape du Tour d'Italie. Il a devanc\u00e9 son compagnon d'\u00e9chapp\u00e9e Mattia Cattaneo (Androni).\",\"breadcrumb\":{\"@id\":\"https:\/\/dicodusport.fr\/blog\/giro-2019-dario-cataldo-remporte-la-15eme-etape-au-terme-d-un-final-anime\/#breadcrumb\"},\"inLanguage\":\"fr-FR\",\"potentialAction\":[{\"@type\":\"ReadAction\",\"target\":[\"https:\/\/dicodusport.fr\/blog\/giro-2019-dario-cataldo-remporte-la-15eme-etape-au-terme-d-un-final-anime\/\"]}]},{\"@type\":\"ImageObject\",\"inLanguage\":\"fr-FR\",\"@id\":\"https:\/\/dicodusport.fr\/blog\/giro-2019-dario-cataldo-remporte-la-15eme-etape-au-terme-d-un-final-anime\/#primaryimage\",\"url\":\"https:\/\/dicodusport.fr\/blog\/wp-content\/uploads\/2019\/05\/Dario-Cataldo.png\",\"contentUrl\":\"https:\/\/dicodusport.fr\/blog\/wp-content\/uploads\/2019\/05\/Dario-Cataldo.png\",\"width\":800,\"height\":445},{\"@type\":\"BreadcrumbList\",\"@id\":\"https:\/\/dicodusport.fr\/blog\/giro-2019-dario-cataldo-remporte-la-15eme-etape-au-terme-d-un-final-anime\/#breadcrumb\",\"itemListElement\":[{\"@type\":\"ListItem\",\"position\":1,\"name\":\"Accueil\",\"item\":\"https:\/\/dicodusport.fr\/blog\/\"},{\"@type\":\"ListItem\",\"position\":2,\"name\":\"Giro 2019 : Dario Cataldo remporte la 15\u00e8me \u00e9tape au terme d&rsquo;un final anim\u00e9\"}]},{\"@type\":\"WebSite\",\"@id\":\"https:\/\/dicodusport.fr\/blog\/#website\",\"url\":\"https:\/\/dicodusport.fr\/blog\/\",\"name\":\"Dicodusport\",\"description\":\"L&#039;encyclop\u00e9die de l&#039;actualit\u00e9 sportive\",\"publisher\":{\"@id\":\"https:\/\/dicodusport.fr\/blog\/#organization\"},\"potentialAction\":[{\"@type\":\"SearchAction\",\"target\":{\"@type\":\"EntryPoint\",\"urlTemplate\":\"https:\/\/dicodusport.fr\/blog\/?s={search_term_string}\"},\"query-input\":{\"@type\":\"PropertyValueSpecification\",\"valueRequired\":true,\"valueName\":\"search_term_string\"}}],\"inLanguage\":\"fr-FR\"},{\"@type\":\"NewsMediaOrganization\",\"@id\":\"https:\/\/dicodusport.fr\/blog\/#organization\",\"name\":\"Dicodusport\",\"url\":\"https:\/\/dicodusport.fr\/blog\/\",\"logo\":{\"@type\":\"ImageObject\",\"inLanguage\":\"fr-FR\",\"@id\":\"https:\/\/dicodusport.fr\/blog\/#\/schema\/logo\/image\/\",\"url\":\"https:\/\/dicodusport.fr\/blog\/wp-content\/uploads\/2020\/06\/cropped-LOGO-DICODUSPORT-2020-SANS-FOND-SANS-TEXTE.png\",\"contentUrl\":\"https:\/\/dicodusport.fr\/blog\/wp-content\/uploads\/2020\/06\/cropped-LOGO-DICODUSPORT-2020-SANS-FOND-SANS-TEXTE.png\",\"width\":512,\"height\":512,\"caption\":\"Dicodusport\"},\"image\":{\"@id\":\"https:\/\/dicodusport.fr\/blog\/#\/schema\/logo\/image\/\"},\"sameAs\":[\"https:\/\/www.facebook.com\/dicodusport\",\"https:\/\/x.com\/dicodusport\",\"https:\/\/www.instagram.com\/dicodusport\/\",\"https:\/\/www.youtube.com\/channel\/UC7V2KZ5sd3htJivAbA4ZG3w\"],\"description\":\"Dicodusport est l'encyclop\u00e9die de l'actualit\u00e9 sportive.\",\"email\":\"bonjour@dicodusport.fr\",\"legalName\":\"DICODUSPORT\",\"foundingDate\":\"2018-01-14\",\"vatID\":\"FR71834470973\",\"taxID\":\"83447097300043\",\"numberOfEmployees\":{\"@type\":\"QuantitativeValue\",\"minValue\":\"1\",\"maxValue\":\"10\"}},{\"@type\":\"Person\",\"@id\":\"https:\/\/dicodusport.fr\/blog\/#\/schema\/person\/cb02af4c173ce4a653b55e9baf388d4a\",\"name\":\"Flo Ostermann\",\"image\":{\"@type\":\"ImageObject\",\"inLanguage\":\"fr-FR\",\"@id\":\"https:\/\/dicodusport.fr\/blog\/#\/schema\/person\/image\/\",\"url\":\"https:\/\/dicodusport.fr\/blog\/wp-content\/uploads\/2021\/05\/Flo-Ostermann-150x150.jpg\",\"contentUrl\":\"https:\/\/dicodusport.fr\/blog\/wp-content\/uploads\/2021\/05\/Flo-Ostermann-150x150.jpg\",\"caption\":\"Flo Ostermann\"},\"description\":\"Journaliste\/R\u00e9dacteur depuis septembre 2015 - Mes premiers souvenirs dans le sport ? Les envol\u00e9es du Stade Toulousain et les duels Villeneuve-Schumacher et H\u00e4kkinen-Schumacher \u00e0 la fin des ann\u00e9es 90, la Coupe du monde de football en 1998, l\u2019exploit du XV de France face aux All Blacks en 1999, mais aussi Richard C\u0153ur de Lion qui vole sur les montagnes du Tour de France. Bien parti pour devenir professeur d\u2019EPS, les \u00e9v\u00e9nements de la vie (et la flemme d\u2019animer des s\u00e9ances de 3x500 m\u00e8tres toute ma vie) m\u2019ont conduit \u00e0 revoir mes plans. Me voil\u00e0 depuis fin 2017 sur Dicodusport, m\u00e9dia gr\u00e2ce (et pour) lequel je partage ma passion : le sport dans tous ses \u00e9tats. Le tout accompagn\u00e9 par les fous furieux et folles furieuses cit\u00e9s sur cette page !\",\"sameAs\":[\"https:\/\/www.facebook.com\/florent.ostermann\",\"https:\/\/x.com\/https:\/\/twitter.com\/FlOstermann\",\"admin\"],\"url\":\"https:\/\/dicodusport.fr\/blog\/author\/flo\/\"}]}<\/script>\n<!-- \/ Yoast SEO Premium plugin. -->","yoast_head_json":{"title":"Giro 2019 : Dario Cataldo remporte la 15\u00e8me \u00e9tape au terme d'un final anim\u00e9","description":"Giro 2019 - Dario Cataldo (Astana) s'est impos\u00e9 sur la 15\u00e8me \u00e9tape du Tour d'Italie. Il a devanc\u00e9 son compagnon d'\u00e9chapp\u00e9e Mattia Cattaneo (Androni).","robots":{"index":"index","follow":"follow","max-snippet":"max-snippet:-1","max-image-preview":"max-image-preview:large","max-video-preview":"max-video-preview:-1"},"canonical":"https:\/\/dicodusport.fr\/blog\/giro-2019-dario-cataldo-remporte-la-15eme-etape-au-terme-d-un-final-anime\/","og_locale":"fr_FR","og_type":"article","og_title":"Giro 2019 : Dario Cataldo remporte la 15\u00e8me \u00e9tape au terme d'un final anim\u00e9","og_description":"Giro 2019 - Dario Cataldo (Astana) s'est impos\u00e9 sur la 15\u00e8me \u00e9tape du Tour d'Italie. Il a devanc\u00e9 son compagnon d'\u00e9chapp\u00e9e Mattia Cattaneo (Androni).","og_url":"https:\/\/dicodusport.fr\/blog\/giro-2019-dario-cataldo-remporte-la-15eme-etape-au-terme-d-un-final-anime\/","og_site_name":"Dicodusport","article_publisher":"https:\/\/www.facebook.com\/dicodusport","article_author":"https:\/\/www.facebook.com\/florent.ostermann","article_published_time":"2019-05-26T15:18:12+00:00","article_modified_time":"2019-05-26T15:38:19+00:00","og_image":[{"width":800,"height":445,"url":"https:\/\/dicodusport.fr\/blog\/wp-content\/uploads\/2019\/05\/Dario-Cataldo.png","type":"image\/png"}],"author":"Flo Ostermann","twitter_card":"summary_large_image","twitter_creator":"@https:\/\/twitter.com\/FlOstermann","twitter_site":"@dicodusport","schema":{"@context":"https:\/\/schema.org","@graph":[{"@type":"NewsArticle","@id":"https:\/\/dicodusport.fr\/blog\/giro-2019-dario-cataldo-remporte-la-15eme-etape-au-terme-d-un-final-anime\/#article","isPartOf":{"@id":"https:\/\/dicodusport.fr\/blog\/giro-2019-dario-cataldo-remporte-la-15eme-etape-au-terme-d-un-final-anime\/"},"author":{"name":"Flo Ostermann","@id":"https:\/\/dicodusport.fr\/blog\/#\/schema\/person\/cb02af4c173ce4a653b55e9baf388d4a"},"headline":"Giro 2019 : Dario Cataldo remporte la 15\u00e8me \u00e9tape au terme d&rsquo;un final anim\u00e9","datePublished":"2019-05-26T15:18:12+00:00","dateModified":"2019-05-26T15:38:19+00:00","mainEntityOfPage":{"@id":"https:\/\/dicodusport.fr\/blog\/giro-2019-dario-cataldo-remporte-la-15eme-etape-au-terme-d-un-final-anime\/"},"wordCount":389,"commentCount":0,"publisher":{"@id":"https:\/\/dicodusport.fr\/blog\/#organization"},"image":{"@id":"https:\/\/dicodusport.fr\/blog\/giro-2019-dario-cataldo-remporte-la-15eme-etape-au-terme-d-un-final-anime\/#primaryimage"},"thumbnailUrl":"https:\/\/dicodusport.fr\/blog\/wp-content\/uploads\/2019\/05\/Dario-Cataldo.png","keywords":["Cyclisme","Giro","Tour d'Italie"],"articleSection":["Actualit\u00e9s","Cyclisme"],"inLanguage":"fr-FR","potentialAction":[{"@type":"CommentAction","name":"Comment","target":["https:\/\/dicodusport.fr\/blog\/giro-2019-dario-cataldo-remporte-la-15eme-etape-au-terme-d-un-final-anime\/#respond"]}],"copyrightYear":"2019","copyrightHolder":{"@id":"https:\/\/dicodusport.fr\/blog\/#organization"}},{"@type":"WebPage","@id":"https:\/\/dicodusport.fr\/blog\/giro-2019-dario-cataldo-remporte-la-15eme-etape-au-terme-d-un-final-anime\/","url":"https:\/\/dicodusport.fr\/blog\/giro-2019-dario-cataldo-remporte-la-15eme-etape-au-terme-d-un-final-anime\/","name":"Giro 2019 : Dario Cataldo remporte la 15\u00e8me \u00e9tape au terme d'un final anim\u00e9","isPartOf":{"@id":"https:\/\/dicodusport.fr\/blog\/#website"},"primaryImageOfPage":{"@id":"https:\/\/dicodusport.fr\/blog\/giro-2019-dario-cataldo-remporte-la-15eme-etape-au-terme-d-un-final-anime\/#primaryimage"},"image":{"@id":"https:\/\/dicodusport.fr\/blog\/giro-2019-dario-cataldo-remporte-la-15eme-etape-au-terme-d-un-final-anime\/#primaryimage"},"thumbnailUrl":"https:\/\/dicodusport.fr\/blog\/wp-content\/uploads\/2019\/05\/Dario-Cataldo.png","datePublished":"2019-05-26T15:18:12+00:00","dateModified":"2019-05-26T15:38:19+00:00","description":"Giro 2019 - Dario Cataldo (Astana) s'est impos\u00e9 sur la 15\u00e8me \u00e9tape du Tour d'Italie. Il a devanc\u00e9 son compagnon d'\u00e9chapp\u00e9e Mattia Cattaneo (Androni).","breadcrumb":{"@id":"https:\/\/dicodusport.fr\/blog\/giro-2019-dario-cataldo-remporte-la-15eme-etape-au-terme-d-un-final-anime\/#breadcrumb"},"inLanguage":"fr-FR","potentialAction":[{"@type":"ReadAction","target":["https:\/\/dicodusport.fr\/blog\/giro-2019-dario-cataldo-remporte-la-15eme-etape-au-terme-d-un-final-anime\/"]}]},{"@type":"ImageObject","inLanguage":"fr-FR","@id":"https:\/\/dicodusport.fr\/blog\/giro-2019-dario-cataldo-remporte-la-15eme-etape-au-terme-d-un-final-anime\/#primaryimage","url":"https:\/\/dicodusport.fr\/blog\/wp-content\/uploads\/2019\/05\/Dario-Cataldo.png","contentUrl":"https:\/\/dicodusport.fr\/blog\/wp-content\/uploads\/2019\/05\/Dario-Cataldo.png","width":800,"height":445},{"@type":"BreadcrumbList","@id":"https:\/\/dicodusport.fr\/blog\/giro-2019-dario-cataldo-remporte-la-15eme-etape-au-terme-d-un-final-anime\/#breadcrumb","itemListElement":[{"@type":"ListItem","position":1,"name":"Accueil","item":"https:\/\/dicodusport.fr\/blog\/"},{"@type":"ListItem","position":2,"name":"Giro 2019 : Dario Cataldo remporte la 15\u00e8me \u00e9tape au terme d&rsquo;un final anim\u00e9"}]},{"@type":"WebSite","@id":"https:\/\/dicodusport.fr\/blog\/#website","url":"https:\/\/dicodusport.fr\/blog\/","name":"Dicodusport","description":"L&#039;encyclop\u00e9die de l&#039;actualit\u00e9 sportive","publisher":{"@id":"https:\/\/dicodusport.fr\/blog\/#organization"},"potentialAction":[{"@type":"SearchAction","target":{"@type":"EntryPoint","urlTemplate":"https:\/\/dicodusport.fr\/blog\/?s={search_term_string}"},"query-input":{"@type":"PropertyValueSpecification","valueRequired":true,"valueName":"search_term_string"}}],"inLanguage":"fr-FR"},{"@type":"NewsMediaOrganization","@id":"https:\/\/dicodusport.fr\/blog\/#organization","name":"Dicodusport","url":"https:\/\/dicodusport.fr\/blog\/","logo":{"@type":"ImageObject","inLanguage":"fr-FR","@id":"https:\/\/dicodusport.fr\/blog\/#\/schema\/logo\/image\/","url":"https:\/\/dicodusport.fr\/blog\/wp-content\/uploads\/2020\/06\/cropped-LOGO-DICODUSPORT-2020-SANS-FOND-SANS-TEXTE.png","contentUrl":"https:\/\/dicodusport.fr\/blog\/wp-content\/uploads\/2020\/06\/cropped-LOGO-DICODUSPORT-2020-SANS-FOND-SANS-TEXTE.png","width":512,"height":512,"caption":"Dicodusport"},"image":{"@id":"https:\/\/dicodusport.fr\/blog\/#\/schema\/logo\/image\/"},"sameAs":["https:\/\/www.facebook.com\/dicodusport","https:\/\/x.com\/dicodusport","https:\/\/www.instagram.com\/dicodusport\/","https:\/\/www.youtube.com\/channel\/UC7V2KZ5sd3htJivAbA4ZG3w"],"description":"Dicodusport est l'encyclop\u00e9die de l'actualit\u00e9 sportive.","email":"bonjour@dicodusport.fr","legalName":"DICODUSPORT","foundingDate":"2018-01-14","vatID":"FR71834470973","taxID":"83447097300043","numberOfEmployees":{"@type":"QuantitativeValue","minValue":"1","maxValue":"10"}},{"@type":"Person","@id":"https:\/\/dicodusport.fr\/blog\/#\/schema\/person\/cb02af4c173ce4a653b55e9baf388d4a","name":"Flo Ostermann","image":{"@type":"ImageObject","inLanguage":"fr-FR","@id":"https:\/\/dicodusport.fr\/blog\/#\/schema\/person\/image\/","url":"https:\/\/dicodusport.fr\/blog\/wp-content\/uploads\/2021\/05\/Flo-Ostermann-150x150.jpg","contentUrl":"https:\/\/dicodusport.fr\/blog\/wp-content\/uploads\/2021\/05\/Flo-Ostermann-150x150.jpg","caption":"Flo Ostermann"},"description":"Journaliste\/R\u00e9dacteur depuis septembre 2015 - Mes premiers souvenirs dans le sport ? Les envol\u00e9es du Stade Toulousain et les duels Villeneuve-Schumacher et H\u00e4kkinen-Schumacher \u00e0 la fin des ann\u00e9es 90, la Coupe du monde de football en 1998, l\u2019exploit du XV de France face aux All Blacks en 1999, mais aussi Richard C\u0153ur de Lion qui vole sur les montagnes du Tour de France. Bien parti pour devenir professeur d\u2019EPS, les \u00e9v\u00e9nements de la vie (et la flemme d\u2019animer des s\u00e9ances de 3x500 m\u00e8tres toute ma vie) m\u2019ont conduit \u00e0 revoir mes plans. Me voil\u00e0 depuis fin 2017 sur Dicodusport, m\u00e9dia gr\u00e2ce (et pour) lequel je partage ma passion : le sport dans tous ses \u00e9tats. Le tout accompagn\u00e9 par les fous furieux et folles furieuses cit\u00e9s sur cette page !","sameAs":["https:\/\/www.facebook.com\/florent.ostermann","https:\/\/x.com\/https:\/\/twitter.com\/FlOstermann","admin"],"url":"https:\/\/dicodusport.fr\/blog\/author\/flo\/"}]}},"_links":{"self":[{"href":"https:\/\/dicodusport.fr\/blog\/wp-json\/wp\/v2\/posts\/39940","targetHints":{"allow":["GET"]}}],"collection":[{"href":"https:\/\/dicodusport.fr\/blog\/wp-json\/wp\/v2\/posts"}],"about":[{"href":"https:\/\/dicodusport.fr\/blog\/wp-json\/wp\/v2\/types\/post"}],"author":[{"embeddable":true,"href":"https:\/\/dicodusport.fr\/blog\/wp-json\/wp\/v2\/users\/4"}],"replies":[{"embeddable":true,"href":"https:\/\/dicodusport.fr\/blog\/wp-json\/wp\/v2\/comments?post=39940"}],"version-history":[{"count":0,"href":"https:\/\/dicodusport.fr\/blog\/wp-json\/wp\/v2\/posts\/39940\/revisions"}],"wp:featuredmedia":[{"embeddable":true,"href":"https:\/\/dicodusport.fr\/blog\/wp-json\/wp\/v2\/media\/39956"}],"wp:attachment":[{"href":"https:\/\/dicodusport.fr\/blog\/wp-json\/wp\/v2\/media?parent=39940"}],"wp:term":[{"taxonomy":"category","embeddable":true,"href":"https:\/\/dicodusport.fr\/blog\/wp-json\/wp\/v2\/categories?post=39940"},{"taxonomy":"post_tag","embeddable":true,"href":"https:\/\/dicodusport.fr\/blog\/wp-json\/wp\/v2\/tags?post=39940"}],"curies":[{"name":"wp","href":"https:\/\/api.w.org\/{rel}","templated":true}]}}