{"id":39983,"date":"2019-05-27T12:57:45","date_gmt":"2019-05-27T10:57:45","guid":{"rendered":"http:\/\/dicodusport.fr\/blog\/?p=39983"},"modified":"2019-05-27T12:57:45","modified_gmt":"2019-05-27T10:57:45","slug":"giro-2019-les-tops-et-flops-de-la-2eme-semaine","status":"publish","type":"post","link":"https:\/\/dicodusport.fr\/blog\/giro-2019-les-tops-et-flops-de-la-2eme-semaine\/","title":{"rendered":"Giro 2019 : les tops et flops de la 2\u00e8me semaine"},"content":{"rendered":"<p style=\"text-align: justify;\"><strong><em><a href=\"https:\/\/dicodusport.fr\/blog\/tour-d-italie-2019-le-profil-des-etapes-du-giro\/\" target=\"_blank\" rel=\"noopener\">Giro 2019<\/a> &#8211; Un Fran\u00e7ais \u00e0 l&rsquo;honneur, le super favori qui flanche, une \u00e9quipe qui brille, les tops et flops de la deuxi\u00e8me semaine du Tour d&rsquo;Italie.<br \/>\n<\/em><\/strong><\/p>\n<h1 style=\"text-align: justify;\">&#x1f44d; Les Tops<\/h1>\n<h2 style=\"text-align: justify;\">Richard Carapaz<\/h2>\n<p style=\"text-align: justify;\">C&rsquo;est incontestablement l&rsquo;homme de cette deuxi\u00e8me semaine. <strong>Richard Carapaz (Movistar)<\/strong>, auteur d&rsquo;un grand num\u00e9ro samedi sur l&rsquo;\u00e9tape de Courmayeur, s&rsquo;affirme d\u00e9sormais comme l&rsquo;un des grands favoris \u00e0 la victoire finale. Deux victoires d&rsquo;\u00e9tape et une parfaite gestion vers C\u00f4me plus tard, l\u2019\u00c9quatorien, solide maillot rose, poss\u00e8de 47 secondes d&rsquo;avance sur Primoz Roglic, 1&rsquo;47 sur Vincenzo Nibali. En grande forme, il lui faudra n\u00e9anmoins plus de marge avant le contre-la-montre final \u00e0 V\u00e9rone. Aura-t-il encore assez de fra\u00eecheur en troisi\u00e8me semaine pour creuser l&rsquo;\u00e9cart ?<\/p>\n<p><span class=\"u7eETJglpqo016HZFC8zLBMvm4wSjfk9s3NYGniAbPyXQhxraRKI52tOdWVD\"><\/p>\n<blockquote class=\"twitter-tweet\" data-width=\"550\" data-dnt=\"true\">\n<p lang=\"fr\" dir=\"ltr\">\ud83d\udd0a La victoire de Richard Carapaz en version originale !<a href=\"https:\/\/twitter.com\/hashtag\/lequipeGIRO?src=hash&amp;ref_src=twsrc%5Etfw\">#lequipeGIRO<\/a> <a href=\"https:\/\/t.co\/g14jf0XsNq\">pic.twitter.com\/g14jf0XsNq<\/a><\/p>\n<p>&mdash; la chaine L&#39;\u00c9quipe (@lachainelequipe) <a href=\"https:\/\/twitter.com\/lachainelequipe\/status\/1132589413832306689?ref_src=twsrc%5Etfw\">May 26, 2019<\/a><\/p><\/blockquote>\n<p><script async src=\"https:\/\/platform.twitter.com\/widgets.js\" charset=\"utf-8\"><\/script><\/span><\/p>\n<p>&nbsp;<\/p>\n<h2 style=\"text-align: justify;\">Arnaud D\u00e9mare<\/h2>\n<p style=\"text-align: justify;\">Frustr\u00e9 en premi\u00e8re semaine, <strong>Arnaud D\u00e9mare (Groupama-FDJ)<\/strong> peut avoir le sourire \u00e0 l&rsquo;aube d&rsquo;une troisi\u00e8me semaine compliqu\u00e9e. Si certains sprinteurs ont pr\u00e9f\u00e9r\u00e9 abandonner avant la haute-montagne, le Picard a voulu continuer, avec une belle r\u00e9compense \u00e0 la cl\u00e9 : une victoire d&rsquo;\u00e9tape \u00e0 Mod\u00e8ne. Cerise sur le g\u00e2teau, le Fran\u00e7ais porte \u00e9galement le maillot cyclamen depuis la 11\u00e8me \u00e9tape. Avec 13 points d&rsquo;avance sur Pascal Ackermann et une seule \u00e9tape r\u00e9serv\u00e9e aux sprinteurs jusqu&rsquo;\u00e0 V\u00e9rone, le Beauvaisien peut y croire. Il faudra faire en sorte de rentrer dans les d\u00e9lais pour ne pas avoir de regrets&#8230;<\/p>\n<p><span class=\"A7\"><\/p>\n<blockquote class=\"twitter-tweet\" data-width=\"550\" data-dnt=\"true\">\n<p lang=\"fr\" dir=\"ltr\">\ud83c\udf99 D\u00e9claration \/ Un sacr\u00e9 soulagement pour \ud83c\uddeb\ud83c\uddf7 Arnaud D\u00e9mare (GFC). <a href=\"https:\/\/t.co\/WSwlQ2VaRO\">pic.twitter.com\/WSwlQ2VaRO<\/a><\/p>\n<p>&mdash; Renaud Breban (@RenaudB31) <a href=\"https:\/\/twitter.com\/RenaudB31\/status\/1130899030874165248?ref_src=twsrc%5Etfw\">May 21, 2019<\/a><\/p><\/blockquote>\n<p><script async src=\"https:\/\/platform.twitter.com\/widgets.js\" charset=\"utf-8\"><\/script><\/span><\/p>\n<p>&nbsp;<\/p>\n<h2 style=\"text-align: justify;\">UAE Team Emirates<\/h2>\n<p style=\"text-align: justify;\">Apr\u00e8s <strong>Valerio Conti<\/strong>, l&rsquo;\u00e9quipe \u00e9miratie a pu compter sur <strong>Jan Polanc<\/strong>. Le Slov\u00e8ne, sixi\u00e8me de la 12\u00e8me \u00e9tape arrivant \u00e0 Pinerolo, a endoss\u00e9 la maillot de leader, alors sur les \u00e9paules de son co\u00e9quipier transalpin. Une \u00e9quipe de baroudeurs, sans grande pr\u00e9tention au classement g\u00e9n\u00e9ral, qui aura eu le m\u00e9rite de r\u00e9ussir ce qu&rsquo;elle a voulu entreprendre. Huit jours en rose et un Giro d\u00e9j\u00e0 r\u00e9ussi pour l&rsquo;UAE Team Emirates.<\/p>\n<p>https:\/\/twitter.com\/TeamUAEAbuDhabi\/status\/1132323238334406657<\/p>\n<hr \/>\n<h1 style=\"text-align: justify;\">&#x1f44e; Les Flops<\/h1>\n<h2 style=\"text-align: justify;\">Primoz Roglic<\/h2>\n<p style=\"text-align: justify;\">Il \u00e9tait dans nos tops \u00e0 l&rsquo;issue de la 1\u00e8re semaine, il prend d\u00e9sormais place dans les flops. <strong>Primoz Roglic (Jumbo-Visma)<\/strong>, en rose sur les cinq premi\u00e8res \u00e9tapes, a l\u00e2ch\u00e9 du lest. Alors qu&rsquo;il comptait 1&rsquo;44 d&rsquo;avance sur Vincenzo Nibali il y a une semaine, il n&rsquo;a plus qu&rsquo;une petite minute de marge sur le <em>Requin de Messine<\/em>. Mais surtout, il a vu le bluffant Richard Carapaz prendre le maillot rose. La faute notamment \u00e0 son marquage (trop) insistant sur Vincenzo Nibali. Malchanceux ce dimanche vers C\u00f4me, il n&rsquo;avait pas pu r\u00e9pondre \u00e0 l&rsquo;attaque du Transalpin dans le Civiglio, devant alors faire le forcing dans la descente, jusqu&rsquo;\u00e0 sa chute. Forc\u00e9ment, la question se pose encore plus aujourd&rsquo;hui : <a href=\"https:\/\/dicodusport.fr\/blog\/giro-2019-primoz-roglic-en-forme-trop-tot\/\" target=\"_blank\" rel=\"noopener\">n&rsquo;est-il pas arriv\u00e9e en forme trop t\u00f4t ?<\/a><\/p>\n<p><span class=\"B6a8LADuM3VyGew0pUvCb1uxoxpItX56QSCb4DvJrwPHTjOIoNeOrhYKWyU8RSm9dgmWchN7\"><\/p>\n<blockquote class=\"twitter-tweet\" data-width=\"550\" data-dnt=\"true\">\n<p lang=\"fr\" dir=\"ltr\">La joue \u00e9rafl\u00e9e, Primoz <a href=\"https:\/\/twitter.com\/hashtag\/Roglic?src=hash&amp;ref_src=twsrc%5Etfw\">#Roglic<\/a> essayait de garder le sourire apr\u00e8s l&#39;\u00e9tape : &quot;La course est encore longue. Je suis content d&#39;avoir fini l&#39;\u00e9tape et j&#39;attends le jour de repos de demain. Mon visage est le plus touch\u00e9 mais heureusement ce n&#39;est pas tr\u00e8s grave&quot; <a href=\"https:\/\/twitter.com\/hashtag\/Giro102?src=hash&amp;ref_src=twsrc%5Etfw\">#Giro102<\/a> <a href=\"https:\/\/twitter.com\/hashtag\/LequipeGIRO?src=hash&amp;ref_src=twsrc%5Etfw\">#LequipeGIRO<\/a> <a href=\"https:\/\/t.co\/InLiEn8mbt\">pic.twitter.com\/InLiEn8mbt<\/a><\/p>\n<p>&mdash; Pierre Esquer (@PierreEsquer) <a href=\"https:\/\/twitter.com\/PierreEsquer\/status\/1132706502307975169?ref_src=twsrc%5Etfw\">May 26, 2019<\/a><\/p><\/blockquote>\n<p><script async src=\"https:\/\/platform.twitter.com\/widgets.js\" charset=\"utf-8\"><\/script><\/span><\/p>\n<p>&nbsp;<\/p>\n<h2 style=\"text-align: justify;\">Elia Viviani<\/h2>\n<p style=\"text-align: justify;\">La grande d\u00e9ception de ce Tour d&rsquo;Italie, jusqu&rsquo;\u00e0 maintenant. Fanny lors du premier tiers de la course, <strong>Elia Viviani (Deceuninck Quick-Step)<\/strong> avait l&rsquo;occasion de corriger le tir \u00e0 Mod\u00e8ne et Novi Ligure. Mais battu pour Arnaud D\u00e9mare et Caleb Ewan, le champion d&rsquo;Italie a finalement rendu les armes au soir de la 11\u00e8me \u00e9tape. Une terrible d\u00e9sillusion pour celui qui avait \u00e0 c\u0153ur de briller, avec le maillot de champion national sur les \u00e9paules.<\/p>\n<p><span class=\"BdDN7FLzyQbIRKklt3uaHs5J2xSXef91gZhM\"><\/p>\n<blockquote class=\"twitter-tweet\" data-width=\"550\" data-dnt=\"true\">\n<p lang=\"fr\" dir=\"ltr\"><a href=\"https:\/\/twitter.com\/hashtag\/Giro?src=hash&amp;ref_src=twsrc%5Etfw\">#Giro<\/a> \ud83c\uddee\ud83c\uddf9 \/ 0 : Le nombre de victoire de \ud83c\uddee\ud83c\uddf9 Elia Viviani (DQT) sur ce Tour d&#39;Italie. Le coureur de la Quick-Step pr\u00e9f\u00e8re en finir l\u00e0 et ne prendra pas le d\u00e9part aujourd&#39;hui. <a href=\"https:\/\/t.co\/vkkJUJKtuT\">pic.twitter.com\/vkkJUJKtuT<\/a><\/p>\n<p>&mdash; Renaud Breban (@RenaudB31) <a href=\"https:\/\/twitter.com\/RenaudB31\/status\/1131415806653489153?ref_src=twsrc%5Etfw\">May 23, 2019<\/a><\/p><\/blockquote>\n<p><script async src=\"https:\/\/platform.twitter.com\/widgets.js\" charset=\"utf-8\"><\/script><\/span><\/p>\n<p>&nbsp;<\/p>\n<h2 style=\"text-align: justify;\">AG2R La Mondiale<\/h2>\n<p style=\"text-align: justify;\">Giro compliqu\u00e9 pour les <em>Terre &amp; Ciel<\/em>. Emmen\u00e9e par <strong>Alexis Vuillermoz<\/strong> et <strong>Tony Gallopin<\/strong>, la formation savoyarde peine \u00e0 se m\u00ealer \u00e0 la lutte avec les cadors, mais aussi aux baroudeurs pour une victoire d&rsquo;\u00e9tape. Vuillermoz, 18\u00e8me du g\u00e9n\u00e9ral \u00e0 24&rsquo;04 et Tony Gallopin, 37\u00e8me \u00e0 56&rsquo;07, n&rsquo;arrivent pas \u00e0 accrocher le bon wagon lorsque la course s&#8217;emballe.\u00a0 Souvent \u00e0 contre-temps, les deux coureurs fran\u00e7ais ont encore quelques jours pour sauver un Tour d&rsquo;Italie plut\u00f4t d\u00e9cevant jusqu&rsquo;\u00e0 maintenant.<\/p>\n<p><span class=\"8pOsuHyMaG4NzigmlU9ZekiLTyDf8EWV5tThoqrdvw4DNtjqW7FUBA2P3wSaE9cR6\"><\/p>\n<blockquote class=\"twitter-tweet\" data-width=\"550\" data-dnt=\"true\">\n<p lang=\"fr\" dir=\"ltr\">Comme Direct \u00c9nergie n&#39;est pas sur le Giro, AG2R a pris le relai de l&#39;\u00e9quipe fran\u00e7aise dont on ne comprends pas la tactique de course.<\/p>\n<p>&mdash; Gerard VanRooy (@VanRooyinounet) <a href=\"https:\/\/twitter.com\/VanRooyinounet\/status\/1131562003359772672?ref_src=twsrc%5Etfw\">May 23, 2019<\/a><\/p><\/blockquote>\n<p><script async src=\"https:\/\/platform.twitter.com\/widgets.js\" charset=\"utf-8\"><\/script><\/span><\/p>\n<p><strong><em>Dicodusport<br \/>\n<a href=\"https:\/\/www.facebook.com\/dicodusport\/\" target=\"_blank\" rel=\"noopener\"><img loading=\"lazy\" decoding=\"async\" class=\"alignnone wp-image-2909\" src=\"http:\/\/dicodusport.fr\/blog\/wp-content\/uploads\/2017\/07\/logo-facebook-150x150.png\" sizes=\"auto, (max-width: 40px) 100vw, 40px\" srcset=\"https:\/\/dicodusport.fr\/blog\/wp-content\/uploads\/2017\/07\/logo-facebook-150x150.png 150w, https:\/\/dicodusport.fr\/blog\/wp-content\/uploads\/2017\/07\/logo-facebook-300x300.png 300w, https:\/\/dicodusport.fr\/blog\/wp-content\/uploads\/2017\/07\/logo-facebook.png 400w\" alt=\"\" width=\"40\" height=\"40\" \/><\/a><a href=\"https:\/\/twitter.com\/dicodusport\" target=\"_blank\" rel=\"noopener\"><img loading=\"lazy\" decoding=\"async\" class=\"alignnone wp-image-2908\" src=\"http:\/\/dicodusport.fr\/blog\/wp-content\/uploads\/2017\/07\/logo-twitter-150x150.png\" alt=\"\" width=\"39\" height=\"39\" \/><\/a><\/em><\/strong><\/p>\n","protected":false},"excerpt":{"rendered":"<p>Giro 2019 &#8211; Un Fran\u00e7ais \u00e0 l&rsquo;honneur, le super favori qui flanche, une \u00e9quipe qui brille, les tops et flops de la deuxi\u00e8me semaine du Tour d&rsquo;Italie.<\/p>\n","protected":false},"author":4,"featured_media":39999,"comment_status":"open","ping_status":"closed","sticky":false,"template":"","format":"standard","meta":{"_acf_changed":false,"_daextam_enable_autolinks":"","footnotes":""},"categories":[2,2307],"tags":[574,2830,7842,4722],"class_list":["post-39983","post","type-post","status-publish","format-standard","has-post-thumbnail","hentry","category-actualites","category-cyclisme","tag-cyclisme","tag-giro","tag-tops-et-flops","tag-tour-ditalie"],"acf":[],"yoast_head":"<!-- This site is optimized with the Yoast SEO Premium plugin v26.7 (Yoast SEO v26.7) - https:\/\/yoast.com\/wordpress\/plugins\/seo\/ -->\n<title>Giro 2019 : les tops et flops de la 2\u00e8me semaine<\/title>\n<meta name=\"description\" content=\"Giro 2019 - Un Fran\u00e7ais \u00e0 l&#039;honneur, le super favori qui flanche, une \u00e9quipe qui brille, les tops et flops de la deuxi\u00e8me semaine du Tour d&#039;Italie.\" \/>\n<meta name=\"robots\" content=\"index, follow, max-snippet:-1, max-image-preview:large, max-video-preview:-1\" \/>\n<link rel=\"canonical\" href=\"https:\/\/dicodusport.fr\/blog\/giro-2019-les-tops-et-flops-de-la-2eme-semaine\/\" \/>\n<meta property=\"og:locale\" content=\"fr_FR\" \/>\n<meta property=\"og:type\" content=\"article\" \/>\n<meta property=\"og:title\" content=\"Giro 2019 : les tops et flops de la 2\u00e8me semaine\" \/>\n<meta property=\"og:description\" content=\"Giro 2019 - Un Fran\u00e7ais \u00e0 l&#039;honneur, le super favori qui flanche, une \u00e9quipe qui brille, les tops et flops de la deuxi\u00e8me semaine du Tour d&#039;Italie.\" \/>\n<meta property=\"og:url\" content=\"https:\/\/dicodusport.fr\/blog\/giro-2019-les-tops-et-flops-de-la-2eme-semaine\/\" \/>\n<meta property=\"og:site_name\" content=\"Dicodusport\" \/>\n<meta property=\"article:publisher\" content=\"https:\/\/www.facebook.com\/dicodusport\" \/>\n<meta property=\"article:author\" content=\"https:\/\/www.facebook.com\/florent.ostermann\" \/>\n<meta property=\"article:published_time\" content=\"2019-05-27T10:57:45+00:00\" \/>\n<meta property=\"og:image\" content=\"https:\/\/dicodusport.fr\/blog\/wp-content\/uploads\/2019\/05\/Tops-et-Flops-2\u00e8me-semaine-Giro-2019.png\" \/>\n\t<meta property=\"og:image:width\" content=\"800\" \/>\n\t<meta property=\"og:image:height\" content=\"445\" \/>\n\t<meta property=\"og:image:type\" content=\"image\/png\" \/>\n<meta name=\"author\" content=\"Flo Ostermann\" \/>\n<meta name=\"twitter:card\" content=\"summary_large_image\" \/>\n<meta name=\"twitter:creator\" content=\"@https:\/\/twitter.com\/FlOstermann\" \/>\n<meta name=\"twitter:site\" content=\"@dicodusport\" \/>\n<script type=\"application\/ld+json\" class=\"yoast-schema-graph\">{\"@context\":\"https:\/\/schema.org\",\"@graph\":[{\"@type\":\"NewsArticle\",\"@id\":\"https:\/\/dicodusport.fr\/blog\/giro-2019-les-tops-et-flops-de-la-2eme-semaine\/#article\",\"isPartOf\":{\"@id\":\"https:\/\/dicodusport.fr\/blog\/giro-2019-les-tops-et-flops-de-la-2eme-semaine\/\"},\"author\":{\"name\":\"Flo Ostermann\",\"@id\":\"https:\/\/dicodusport.fr\/blog\/#\/schema\/person\/cb02af4c173ce4a653b55e9baf388d4a\"},\"headline\":\"Giro 2019 : les tops et flops de la 2\u00e8me semaine\",\"datePublished\":\"2019-05-27T10:57:45+00:00\",\"mainEntityOfPage\":{\"@id\":\"https:\/\/dicodusport.fr\/blog\/giro-2019-les-tops-et-flops-de-la-2eme-semaine\/\"},\"wordCount\":688,\"commentCount\":0,\"publisher\":{\"@id\":\"https:\/\/dicodusport.fr\/blog\/#organization\"},\"image\":{\"@id\":\"https:\/\/dicodusport.fr\/blog\/giro-2019-les-tops-et-flops-de-la-2eme-semaine\/#primaryimage\"},\"thumbnailUrl\":\"https:\/\/dicodusport.fr\/blog\/wp-content\/uploads\/2019\/05\/Tops-et-Flops-2\u00e8me-semaine-Giro-2019.png\",\"keywords\":[\"Cyclisme\",\"Giro\",\"Tops et flops\",\"Tour d'Italie\"],\"articleSection\":[\"Actualit\u00e9s\",\"Cyclisme\"],\"inLanguage\":\"fr-FR\",\"potentialAction\":[{\"@type\":\"CommentAction\",\"name\":\"Comment\",\"target\":[\"https:\/\/dicodusport.fr\/blog\/giro-2019-les-tops-et-flops-de-la-2eme-semaine\/#respond\"]}],\"copyrightYear\":\"2019\",\"copyrightHolder\":{\"@id\":\"https:\/\/dicodusport.fr\/blog\/#organization\"}},{\"@type\":\"WebPage\",\"@id\":\"https:\/\/dicodusport.fr\/blog\/giro-2019-les-tops-et-flops-de-la-2eme-semaine\/\",\"url\":\"https:\/\/dicodusport.fr\/blog\/giro-2019-les-tops-et-flops-de-la-2eme-semaine\/\",\"name\":\"Giro 2019 : les tops et flops de la 2\u00e8me semaine\",\"isPartOf\":{\"@id\":\"https:\/\/dicodusport.fr\/blog\/#website\"},\"primaryImageOfPage\":{\"@id\":\"https:\/\/dicodusport.fr\/blog\/giro-2019-les-tops-et-flops-de-la-2eme-semaine\/#primaryimage\"},\"image\":{\"@id\":\"https:\/\/dicodusport.fr\/blog\/giro-2019-les-tops-et-flops-de-la-2eme-semaine\/#primaryimage\"},\"thumbnailUrl\":\"https:\/\/dicodusport.fr\/blog\/wp-content\/uploads\/2019\/05\/Tops-et-Flops-2\u00e8me-semaine-Giro-2019.png\",\"datePublished\":\"2019-05-27T10:57:45+00:00\",\"description\":\"Giro 2019 - Un Fran\u00e7ais \u00e0 l'honneur, le super favori qui flanche, une \u00e9quipe qui brille, les tops et flops de la deuxi\u00e8me semaine du Tour d'Italie.\",\"breadcrumb\":{\"@id\":\"https:\/\/dicodusport.fr\/blog\/giro-2019-les-tops-et-flops-de-la-2eme-semaine\/#breadcrumb\"},\"inLanguage\":\"fr-FR\",\"potentialAction\":[{\"@type\":\"ReadAction\",\"target\":[\"https:\/\/dicodusport.fr\/blog\/giro-2019-les-tops-et-flops-de-la-2eme-semaine\/\"]}]},{\"@type\":\"ImageObject\",\"inLanguage\":\"fr-FR\",\"@id\":\"https:\/\/dicodusport.fr\/blog\/giro-2019-les-tops-et-flops-de-la-2eme-semaine\/#primaryimage\",\"url\":\"https:\/\/dicodusport.fr\/blog\/wp-content\/uploads\/2019\/05\/Tops-et-Flops-2\u00e8me-semaine-Giro-2019.png\",\"contentUrl\":\"https:\/\/dicodusport.fr\/blog\/wp-content\/uploads\/2019\/05\/Tops-et-Flops-2\u00e8me-semaine-Giro-2019.png\",\"width\":800,\"height\":445},{\"@type\":\"BreadcrumbList\",\"@id\":\"https:\/\/dicodusport.fr\/blog\/giro-2019-les-tops-et-flops-de-la-2eme-semaine\/#breadcrumb\",\"itemListElement\":[{\"@type\":\"ListItem\",\"position\":1,\"name\":\"Accueil\",\"item\":\"https:\/\/dicodusport.fr\/blog\/\"},{\"@type\":\"ListItem\",\"position\":2,\"name\":\"Giro 2019 : les tops et flops de la 2\u00e8me semaine\"}]},{\"@type\":\"WebSite\",\"@id\":\"https:\/\/dicodusport.fr\/blog\/#website\",\"url\":\"https:\/\/dicodusport.fr\/blog\/\",\"name\":\"Dicodusport\",\"description\":\"L&#039;encyclop\u00e9die de l&#039;actualit\u00e9 sportive\",\"publisher\":{\"@id\":\"https:\/\/dicodusport.fr\/blog\/#organization\"},\"potentialAction\":[{\"@type\":\"SearchAction\",\"target\":{\"@type\":\"EntryPoint\",\"urlTemplate\":\"https:\/\/dicodusport.fr\/blog\/?s={search_term_string}\"},\"query-input\":{\"@type\":\"PropertyValueSpecification\",\"valueRequired\":true,\"valueName\":\"search_term_string\"}}],\"inLanguage\":\"fr-FR\"},{\"@type\":\"NewsMediaOrganization\",\"@id\":\"https:\/\/dicodusport.fr\/blog\/#organization\",\"name\":\"Dicodusport\",\"url\":\"https:\/\/dicodusport.fr\/blog\/\",\"logo\":{\"@type\":\"ImageObject\",\"inLanguage\":\"fr-FR\",\"@id\":\"https:\/\/dicodusport.fr\/blog\/#\/schema\/logo\/image\/\",\"url\":\"https:\/\/dicodusport.fr\/blog\/wp-content\/uploads\/2020\/06\/cropped-LOGO-DICODUSPORT-2020-SANS-FOND-SANS-TEXTE.png\",\"contentUrl\":\"https:\/\/dicodusport.fr\/blog\/wp-content\/uploads\/2020\/06\/cropped-LOGO-DICODUSPORT-2020-SANS-FOND-SANS-TEXTE.png\",\"width\":512,\"height\":512,\"caption\":\"Dicodusport\"},\"image\":{\"@id\":\"https:\/\/dicodusport.fr\/blog\/#\/schema\/logo\/image\/\"},\"sameAs\":[\"https:\/\/www.facebook.com\/dicodusport\",\"https:\/\/x.com\/dicodusport\",\"https:\/\/www.instagram.com\/dicodusport\/\",\"https:\/\/www.youtube.com\/channel\/UC7V2KZ5sd3htJivAbA4ZG3w\"],\"description\":\"Dicodusport est l'encyclop\u00e9die de l'actualit\u00e9 sportive.\",\"email\":\"bonjour@dicodusport.fr\",\"legalName\":\"DICODUSPORT\",\"foundingDate\":\"2018-01-14\",\"vatID\":\"FR71834470973\",\"taxID\":\"83447097300043\",\"numberOfEmployees\":{\"@type\":\"QuantitativeValue\",\"minValue\":\"1\",\"maxValue\":\"10\"}},{\"@type\":\"Person\",\"@id\":\"https:\/\/dicodusport.fr\/blog\/#\/schema\/person\/cb02af4c173ce4a653b55e9baf388d4a\",\"name\":\"Flo Ostermann\",\"image\":{\"@type\":\"ImageObject\",\"inLanguage\":\"fr-FR\",\"@id\":\"https:\/\/dicodusport.fr\/blog\/#\/schema\/person\/image\/\",\"url\":\"https:\/\/dicodusport.fr\/blog\/wp-content\/uploads\/2021\/05\/Flo-Ostermann-150x150.jpg\",\"contentUrl\":\"https:\/\/dicodusport.fr\/blog\/wp-content\/uploads\/2021\/05\/Flo-Ostermann-150x150.jpg\",\"caption\":\"Flo Ostermann\"},\"description\":\"Journaliste\/R\u00e9dacteur depuis septembre 2015 - Mes premiers souvenirs dans le sport ? Les envol\u00e9es du Stade Toulousain et les duels Villeneuve-Schumacher et H\u00e4kkinen-Schumacher \u00e0 la fin des ann\u00e9es 90, la Coupe du monde de football en 1998, l\u2019exploit du XV de France face aux All Blacks en 1999, mais aussi Richard C\u0153ur de Lion qui vole sur les montagnes du Tour de France. Bien parti pour devenir professeur d\u2019EPS, les \u00e9v\u00e9nements de la vie (et la flemme d\u2019animer des s\u00e9ances de 3x500 m\u00e8tres toute ma vie) m\u2019ont conduit \u00e0 revoir mes plans. Me voil\u00e0 depuis fin 2017 sur Dicodusport, m\u00e9dia gr\u00e2ce (et pour) lequel je partage ma passion : le sport dans tous ses \u00e9tats. Le tout accompagn\u00e9 par les fous furieux et folles furieuses cit\u00e9s sur cette page !\",\"sameAs\":[\"https:\/\/www.facebook.com\/florent.ostermann\",\"https:\/\/x.com\/https:\/\/twitter.com\/FlOstermann\",\"admin\"],\"url\":\"https:\/\/dicodusport.fr\/blog\/author\/flo\/\"}]}<\/script>\n<!-- \/ Yoast SEO Premium plugin. -->","yoast_head_json":{"title":"Giro 2019 : les tops et flops de la 2\u00e8me semaine","description":"Giro 2019 - Un Fran\u00e7ais \u00e0 l'honneur, le super favori qui flanche, une \u00e9quipe qui brille, les tops et flops de la deuxi\u00e8me semaine du Tour d'Italie.","robots":{"index":"index","follow":"follow","max-snippet":"max-snippet:-1","max-image-preview":"max-image-preview:large","max-video-preview":"max-video-preview:-1"},"canonical":"https:\/\/dicodusport.fr\/blog\/giro-2019-les-tops-et-flops-de-la-2eme-semaine\/","og_locale":"fr_FR","og_type":"article","og_title":"Giro 2019 : les tops et flops de la 2\u00e8me semaine","og_description":"Giro 2019 - Un Fran\u00e7ais \u00e0 l'honneur, le super favori qui flanche, une \u00e9quipe qui brille, les tops et flops de la deuxi\u00e8me semaine du Tour d'Italie.","og_url":"https:\/\/dicodusport.fr\/blog\/giro-2019-les-tops-et-flops-de-la-2eme-semaine\/","og_site_name":"Dicodusport","article_publisher":"https:\/\/www.facebook.com\/dicodusport","article_author":"https:\/\/www.facebook.com\/florent.ostermann","article_published_time":"2019-05-27T10:57:45+00:00","og_image":[{"width":800,"height":445,"url":"https:\/\/dicodusport.fr\/blog\/wp-content\/uploads\/2019\/05\/Tops-et-Flops-2\u00e8me-semaine-Giro-2019.png","type":"image\/png"}],"author":"Flo Ostermann","twitter_card":"summary_large_image","twitter_creator":"@https:\/\/twitter.com\/FlOstermann","twitter_site":"@dicodusport","schema":{"@context":"https:\/\/schema.org","@graph":[{"@type":"NewsArticle","@id":"https:\/\/dicodusport.fr\/blog\/giro-2019-les-tops-et-flops-de-la-2eme-semaine\/#article","isPartOf":{"@id":"https:\/\/dicodusport.fr\/blog\/giro-2019-les-tops-et-flops-de-la-2eme-semaine\/"},"author":{"name":"Flo Ostermann","@id":"https:\/\/dicodusport.fr\/blog\/#\/schema\/person\/cb02af4c173ce4a653b55e9baf388d4a"},"headline":"Giro 2019 : les tops et flops de la 2\u00e8me semaine","datePublished":"2019-05-27T10:57:45+00:00","mainEntityOfPage":{"@id":"https:\/\/dicodusport.fr\/blog\/giro-2019-les-tops-et-flops-de-la-2eme-semaine\/"},"wordCount":688,"commentCount":0,"publisher":{"@id":"https:\/\/dicodusport.fr\/blog\/#organization"},"image":{"@id":"https:\/\/dicodusport.fr\/blog\/giro-2019-les-tops-et-flops-de-la-2eme-semaine\/#primaryimage"},"thumbnailUrl":"https:\/\/dicodusport.fr\/blog\/wp-content\/uploads\/2019\/05\/Tops-et-Flops-2\u00e8me-semaine-Giro-2019.png","keywords":["Cyclisme","Giro","Tops et flops","Tour d'Italie"],"articleSection":["Actualit\u00e9s","Cyclisme"],"inLanguage":"fr-FR","potentialAction":[{"@type":"CommentAction","name":"Comment","target":["https:\/\/dicodusport.fr\/blog\/giro-2019-les-tops-et-flops-de-la-2eme-semaine\/#respond"]}],"copyrightYear":"2019","copyrightHolder":{"@id":"https:\/\/dicodusport.fr\/blog\/#organization"}},{"@type":"WebPage","@id":"https:\/\/dicodusport.fr\/blog\/giro-2019-les-tops-et-flops-de-la-2eme-semaine\/","url":"https:\/\/dicodusport.fr\/blog\/giro-2019-les-tops-et-flops-de-la-2eme-semaine\/","name":"Giro 2019 : les tops et flops de la 2\u00e8me semaine","isPartOf":{"@id":"https:\/\/dicodusport.fr\/blog\/#website"},"primaryImageOfPage":{"@id":"https:\/\/dicodusport.fr\/blog\/giro-2019-les-tops-et-flops-de-la-2eme-semaine\/#primaryimage"},"image":{"@id":"https:\/\/dicodusport.fr\/blog\/giro-2019-les-tops-et-flops-de-la-2eme-semaine\/#primaryimage"},"thumbnailUrl":"https:\/\/dicodusport.fr\/blog\/wp-content\/uploads\/2019\/05\/Tops-et-Flops-2\u00e8me-semaine-Giro-2019.png","datePublished":"2019-05-27T10:57:45+00:00","description":"Giro 2019 - Un Fran\u00e7ais \u00e0 l'honneur, le super favori qui flanche, une \u00e9quipe qui brille, les tops et flops de la deuxi\u00e8me semaine du Tour d'Italie.","breadcrumb":{"@id":"https:\/\/dicodusport.fr\/blog\/giro-2019-les-tops-et-flops-de-la-2eme-semaine\/#breadcrumb"},"inLanguage":"fr-FR","potentialAction":[{"@type":"ReadAction","target":["https:\/\/dicodusport.fr\/blog\/giro-2019-les-tops-et-flops-de-la-2eme-semaine\/"]}]},{"@type":"ImageObject","inLanguage":"fr-FR","@id":"https:\/\/dicodusport.fr\/blog\/giro-2019-les-tops-et-flops-de-la-2eme-semaine\/#primaryimage","url":"https:\/\/dicodusport.fr\/blog\/wp-content\/uploads\/2019\/05\/Tops-et-Flops-2\u00e8me-semaine-Giro-2019.png","contentUrl":"https:\/\/dicodusport.fr\/blog\/wp-content\/uploads\/2019\/05\/Tops-et-Flops-2\u00e8me-semaine-Giro-2019.png","width":800,"height":445},{"@type":"BreadcrumbList","@id":"https:\/\/dicodusport.fr\/blog\/giro-2019-les-tops-et-flops-de-la-2eme-semaine\/#breadcrumb","itemListElement":[{"@type":"ListItem","position":1,"name":"Accueil","item":"https:\/\/dicodusport.fr\/blog\/"},{"@type":"ListItem","position":2,"name":"Giro 2019 : les tops et flops de la 2\u00e8me semaine"}]},{"@type":"WebSite","@id":"https:\/\/dicodusport.fr\/blog\/#website","url":"https:\/\/dicodusport.fr\/blog\/","name":"Dicodusport","description":"L&#039;encyclop\u00e9die de l&#039;actualit\u00e9 sportive","publisher":{"@id":"https:\/\/dicodusport.fr\/blog\/#organization"},"potentialAction":[{"@type":"SearchAction","target":{"@type":"EntryPoint","urlTemplate":"https:\/\/dicodusport.fr\/blog\/?s={search_term_string}"},"query-input":{"@type":"PropertyValueSpecification","valueRequired":true,"valueName":"search_term_string"}}],"inLanguage":"fr-FR"},{"@type":"NewsMediaOrganization","@id":"https:\/\/dicodusport.fr\/blog\/#organization","name":"Dicodusport","url":"https:\/\/dicodusport.fr\/blog\/","logo":{"@type":"ImageObject","inLanguage":"fr-FR","@id":"https:\/\/dicodusport.fr\/blog\/#\/schema\/logo\/image\/","url":"https:\/\/dicodusport.fr\/blog\/wp-content\/uploads\/2020\/06\/cropped-LOGO-DICODUSPORT-2020-SANS-FOND-SANS-TEXTE.png","contentUrl":"https:\/\/dicodusport.fr\/blog\/wp-content\/uploads\/2020\/06\/cropped-LOGO-DICODUSPORT-2020-SANS-FOND-SANS-TEXTE.png","width":512,"height":512,"caption":"Dicodusport"},"image":{"@id":"https:\/\/dicodusport.fr\/blog\/#\/schema\/logo\/image\/"},"sameAs":["https:\/\/www.facebook.com\/dicodusport","https:\/\/x.com\/dicodusport","https:\/\/www.instagram.com\/dicodusport\/","https:\/\/www.youtube.com\/channel\/UC7V2KZ5sd3htJivAbA4ZG3w"],"description":"Dicodusport est l'encyclop\u00e9die de l'actualit\u00e9 sportive.","email":"bonjour@dicodusport.fr","legalName":"DICODUSPORT","foundingDate":"2018-01-14","vatID":"FR71834470973","taxID":"83447097300043","numberOfEmployees":{"@type":"QuantitativeValue","minValue":"1","maxValue":"10"}},{"@type":"Person","@id":"https:\/\/dicodusport.fr\/blog\/#\/schema\/person\/cb02af4c173ce4a653b55e9baf388d4a","name":"Flo Ostermann","image":{"@type":"ImageObject","inLanguage":"fr-FR","@id":"https:\/\/dicodusport.fr\/blog\/#\/schema\/person\/image\/","url":"https:\/\/dicodusport.fr\/blog\/wp-content\/uploads\/2021\/05\/Flo-Ostermann-150x150.jpg","contentUrl":"https:\/\/dicodusport.fr\/blog\/wp-content\/uploads\/2021\/05\/Flo-Ostermann-150x150.jpg","caption":"Flo Ostermann"},"description":"Journaliste\/R\u00e9dacteur depuis septembre 2015 - Mes premiers souvenirs dans le sport ? Les envol\u00e9es du Stade Toulousain et les duels Villeneuve-Schumacher et H\u00e4kkinen-Schumacher \u00e0 la fin des ann\u00e9es 90, la Coupe du monde de football en 1998, l\u2019exploit du XV de France face aux All Blacks en 1999, mais aussi Richard C\u0153ur de Lion qui vole sur les montagnes du Tour de France. Bien parti pour devenir professeur d\u2019EPS, les \u00e9v\u00e9nements de la vie (et la flemme d\u2019animer des s\u00e9ances de 3x500 m\u00e8tres toute ma vie) m\u2019ont conduit \u00e0 revoir mes plans. Me voil\u00e0 depuis fin 2017 sur Dicodusport, m\u00e9dia gr\u00e2ce (et pour) lequel je partage ma passion : le sport dans tous ses \u00e9tats. Le tout accompagn\u00e9 par les fous furieux et folles furieuses cit\u00e9s sur cette page !","sameAs":["https:\/\/www.facebook.com\/florent.ostermann","https:\/\/x.com\/https:\/\/twitter.com\/FlOstermann","admin"],"url":"https:\/\/dicodusport.fr\/blog\/author\/flo\/"}]}},"_links":{"self":[{"href":"https:\/\/dicodusport.fr\/blog\/wp-json\/wp\/v2\/posts\/39983","targetHints":{"allow":["GET"]}}],"collection":[{"href":"https:\/\/dicodusport.fr\/blog\/wp-json\/wp\/v2\/posts"}],"about":[{"href":"https:\/\/dicodusport.fr\/blog\/wp-json\/wp\/v2\/types\/post"}],"author":[{"embeddable":true,"href":"https:\/\/dicodusport.fr\/blog\/wp-json\/wp\/v2\/users\/4"}],"replies":[{"embeddable":true,"href":"https:\/\/dicodusport.fr\/blog\/wp-json\/wp\/v2\/comments?post=39983"}],"version-history":[{"count":0,"href":"https:\/\/dicodusport.fr\/blog\/wp-json\/wp\/v2\/posts\/39983\/revisions"}],"wp:featuredmedia":[{"embeddable":true,"href":"https:\/\/dicodusport.fr\/blog\/wp-json\/wp\/v2\/media\/39999"}],"wp:attachment":[{"href":"https:\/\/dicodusport.fr\/blog\/wp-json\/wp\/v2\/media?parent=39983"}],"wp:term":[{"taxonomy":"category","embeddable":true,"href":"https:\/\/dicodusport.fr\/blog\/wp-json\/wp\/v2\/categories?post=39983"},{"taxonomy":"post_tag","embeddable":true,"href":"https:\/\/dicodusport.fr\/blog\/wp-json\/wp\/v2\/tags?post=39983"}],"curies":[{"name":"wp","href":"https:\/\/api.w.org\/{rel}","templated":true}]}}