{"id":399832,"date":"2023-07-15T19:11:36","date_gmt":"2023-07-15T17:11:36","guid":{"rendered":"https:\/\/dicodusport.fr\/blog\/?p=399832&#038;preview=true&#038;preview_id=399832"},"modified":"2023-07-16T10:48:09","modified_gmt":"2023-07-16T08:48:09","slug":"athletisme-sasha-zhoya-est-champion-deurope-espoirs-du-110-m-haies-erwann-cinna-en-bronze","status":"publish","type":"post","link":"https:\/\/dicodusport.fr\/blog\/athletisme-sasha-zhoya-est-champion-deurope-espoirs-du-110-m-haies-erwann-cinna-en-bronze\/","title":{"rendered":"Athl\u00e9tisme : Sasha Zhoya est champion d&rsquo;Europe espoirs du 110 m haies, Erwann Cinna en bronze !"},"content":{"rendered":"<p style=\"text-align: justify;\"><strong><em><a title=\"Programme et r\u00e9sultats Championnats d\u2019Europe espoirs d\u2019athl\u00e9tisme 2023\" href=\"https:\/\/dicodusport.fr\/blog\/calendrier-et-resultats-championnats-deurope-espoirs-dathletisme-2023\/\" target=\"_blank\" rel=\"noopener\">CHAMPIONNATS D&rsquo;EUROPE ESPOIRS<\/a> &#8211; La moisson du jour se poursuit ! Sur le 110 m haies, Sasha Zhoya a remport\u00e9 l&rsquo;or tandis qu&rsquo;Erwann Cinna finit en bronze.<br \/>\n<\/em><\/strong><\/p>\n<p style=\"text-align: justify;\">C&rsquo;est un feu d&rsquo;artifice du c\u00f4t\u00e9 d&rsquo;Espoo ! Nouvelle m\u00e9daille fran\u00e7aise apr\u00e8s le titre remport\u00e9 par <strong>Sasha Zhoya<\/strong> au 110 m haies. Et <strong>Erwann Cinna<\/strong> l&rsquo;accompagne sur le podium puisqu&rsquo;il termine 3e.<\/p>\n<p style=\"text-align: justify;\">Lors des s\u00e9ries, <strong>Sasha Zhoya<\/strong>, en contr\u00f4le, s&rsquo;\u00e9tait impos\u00e9 en 13.63. Lors des demies, dans des conditions pluvieuses, il a frapp\u00e9 un gros coup ! Alors que la pluie avait retard\u00e9 les \u00e9preuves d&rsquo;1h, il a pris le record des championnats d&rsquo;1 centi\u00e8me \u00e0 son coach <strong>Ladji Doucour\u00e9<\/strong> en 13.22.<\/p>\n<blockquote class=\"twitter-tweet\">\n<p dir=\"ltr\" lang=\"fr\">\ud83d\udd25 RECORD DES CHAMPIONNATS U23 !<\/p>\n<p>\ud83c\uddeb\ud83c\uddf7 Sasha Zhoya remporte sa demie du 110 m haies en 13\u00a0\u00bb22 (+0.3) et r\u00e9alise les minima pour Budapest \u00e0 <a href=\"https:\/\/twitter.com\/hashtag\/Espoo2023?src=hash&amp;ref_src=twsrc%5Etfw\">#Espoo2023<\/a> !<\/p>\n<p>\u23f1 Il am\u00e9liore le record de la comp\u00e9tition d\u00e9tenu par son coach Ladji Doucour\u00e9 depuis 2003 !<\/p>\n<p>\ud83c\udfa5 <a href=\"https:\/\/twitter.com\/allathleticstv?ref_src=twsrc%5Etfw\">@allathleticstv<\/a> \/ <a href=\"https:\/\/twitter.com\/EuroAthletics?ref_src=twsrc%5Etfw\">@EuroAthletics<\/a> <a href=\"https:\/\/t.co\/329Yh8ETeq\">pic.twitter.com\/329Yh8ETeq<\/a><\/p>\n<p>\u2014 FFAthl\u00e9tisme (@FFAthletisme) <a href=\"https:\/\/twitter.com\/FFAthletisme\/status\/1679892774986952715?ref_src=twsrc%5Etfw\">July 14, 2023<\/a><\/p><\/blockquote>\n<p><script async src=\"https:\/\/platform.twitter.com\/widgets.js\" charset=\"utf-8\"><\/script><\/p>\n<p style=\"text-align: justify;\">Et aujourd&rsquo;hui, apr\u00e8s un premier d\u00e9part, il s&rsquo;est impos\u00e9 malgr\u00e9 quelques erreurs. Parti en retrait, il a refait son retard \u00e0 la mi-course. Et malgr\u00e9 une 10e haie fracass\u00e9e, il s&rsquo;impose devant l&rsquo;Italien <strong>Lorenzo Simonelli<\/strong> en 13.31.<\/p>\n<p style=\"text-align: justify;\">De son c\u00f4t\u00e9, <strong>Erwann Cinna<\/strong> avait remport\u00e9 sa s\u00e9rie en 13.74 avec un vent de face. Vainqueur de sa demie en 13.58, il \u00e9tait un candidat au podium. Et s&rsquo;il a d\u00fb attendre la confirmation du speaker, il a rafl\u00e9 une belle troisi\u00e8me place en 13.47 pour am\u00e9liorer son record personnel d&rsquo;un centi\u00e8me.<\/p>\n<blockquote class=\"twitter-tweet\">\n<p dir=\"ltr\" lang=\"fr\">\ud83d\udd25 L&rsquo;OR ET LE BRONZE POUR LES BLEUS !<\/p>\n<p>\ud83e\udd47 Sasha Zhoya sacr\u00e9 CHAMPION D&rsquo;EUROPE U23 du 110 m haies en 13\u00a0\u00bb31 (+0.5) !<\/p>\n<p>\ud83e\udd49 Erwann Cinna prend la 3e place en 13\u00a0\u00bb47, record personnel !<\/p>\n<p>\ud83e\udd29 Le total tricolore passe \u00e0 huit m\u00e9dailles \u00e0 <a href=\"https:\/\/twitter.com\/hashtag\/Espoo2023?src=hash&amp;ref_src=twsrc%5Etfw\">#Espoo2023<\/a> !<\/p>\n<p>\ud83c\udfa5 <a href=\"https:\/\/twitter.com\/allathleticstv?ref_src=twsrc%5Etfw\">@allathleticstv<\/a> \/ <a href=\"https:\/\/twitter.com\/EuroAthletics?ref_src=twsrc%5Etfw\">@EuroAthletics<\/a> <a href=\"https:\/\/t.co\/h8qkZe06V4\">pic.twitter.com\/h8qkZe06V4<\/a><\/p>\n<p>\u2014 FFAthl\u00e9tisme (@FFAthletisme) <a href=\"https:\/\/twitter.com\/FFAthletisme\/status\/1680267492533620736?ref_src=twsrc%5Etfw\">July 15, 2023<\/a><\/p><\/blockquote>\n<p><script async src=\"https:\/\/platform.twitter.com\/widgets.js\" charset=\"utf-8\"><\/script><\/p>\n<p style=\"text-align: justify;\">Sasha Zhoya a r\u00e9pondu \u00e0 nos questions sur sa course et les conditions dans lesquelles il a r\u00e9alis\u00e9 le record des championnats hier :<\/p>\n<p style=\"text-align: justify;\"><div class=\"su-quote su-quote-style-default su-quote-has-cite\"><div class=\"su-quote-inner su-u-clearfix su-u-trim\"><span style=\"color: #000000;\">La course \u00e9tait pas du tout propre, j&rsquo;avais des crampes au mollet. Mais c&rsquo;est pas la premi\u00e8re fois que j&rsquo;ai \u00e7a donc je savais que m\u00eame avec des crampes, c&rsquo;est un championnat. Si \u00e7a veut p\u00e9ter \u00e7a va p\u00e9ter mais tu veux r\u00e9ussir pour la m\u00e9daille donc on va tout donner. J&rsquo;ai r\u00e9ussi \u00e0 passer la ligne d&rsquo;arriv\u00e9e en premier alors je suis content.<\/span><\/p>\n<p style=\"text-align: justify;\">Bien s\u00fbr, je suis tr\u00e8s heureux. L&rsquo;ann\u00e9e derni\u00e8re j&rsquo;avais plein de blessures, cette ann\u00e9e aussi en d\u00e9but de saison. Maintenant j&rsquo;esp\u00e8re que le corps peut aller bien pour la deuxi\u00e8me partie de la saison. Je commence bien la saison avec un 13.22 et un 13.30. Moi je suis tr\u00e8s content avec \u00e7a, \u00e7a veut dire que je peux am\u00e9liorer plein de choses et j&rsquo;esp\u00e8re me qualifier pour les Monde en ao\u00fbt.<\/p>\n<p style=\"text-align: justify;\">Franchement, j&rsquo;ai aucune id\u00e9e. Moi quand j&rsquo;ai fait ma course, je ne pensais pas que c&rsquo;\u00e9tait un record de championnat. D\u00e9j\u00e0 avant la course on nous a dit 15 minutes avant dans la chambre d&rsquo;appel alors qu&rsquo;on \u00e9tait tous allong\u00e9s alors qu&rsquo;on ne savait pas si on allait courir ou pas. Il y avait un c\u00f4t\u00e9 de moi qui \u00e9tait tr\u00e8s \u00e9nerv\u00e9 alors je voulais juste courir et me d\u00e9barrasser de cette course. Et au final \u00e7a a march\u00e9. J&rsquo;ai fait un bon chrono et c&rsquo;est top ! <span class=\"su-quote-cite\">Sasha Zhoya<\/span><\/div><\/div>\n<p>Erwann Cinna s&rsquo;est \u00e9galement confi\u00e9.<\/p>\n<div class=\"su-quote su-quote-style-default su-quote-has-cite\"><div class=\"su-quote-inner su-u-clearfix su-u-trim\">Je me sens vraiment tr\u00e8s bien. C&rsquo;est une course que j&rsquo;attendais beaucoup. Je savais au d\u00e9but de ce championnat que je pouvais faire une 3e place ou m\u00eame mieux parce que j&rsquo;\u00e9tais arriv\u00e9 avec la 2e meilleure performance europ\u00e9enne. Il y avait beaucoup de probl\u00e8mes dans la course mais j&rsquo;ai quand m\u00eame r\u00e9ussi \u00e0 g\u00e9rer. Quand j&rsquo;ai cass\u00e9, je voyais que Sasha et Lorenzo ils \u00e9taient juste \u00e0 c\u00f4t\u00e9 donc je me suis dit \u00ab\u00a0\u00e7a doit \u00eatre pour moi normalement\u00a0\u00bb. Donc je suis content.<\/p>\n<p>C&rsquo;est vraiment mieux de partager le podium avec un Fran\u00e7ais. Sasha c&rsquo;est mon partenaire d&rsquo;entra\u00eenement depuis quelque temps. Donc on s&rsquo;\u00e9tait vraiment dit en venant \u00e0 ce championnat qu&rsquo;il fallait qu&rsquo;on la fasse ensemble. Dommage au d\u00e9but on \u00e9tait 3 Fran\u00e7ais. Gros big up \u00e0 Kenny [Fletcher] qui n&rsquo;a pas r\u00e9ussi \u00e0 aller en finale. Mais on a \u00e9galement fait cette m\u00e9daille pour lui. Donc partager ce podium avec Sasha et surtout montrer haut les couleurs de la France c&rsquo;est tr\u00e8s beau !<span class=\"su-quote-cite\">Erwann Cinna<\/span><\/div><\/div>\n","protected":false},"excerpt":{"rendered":"<p>CHAMPIONNATS D&rsquo;EUROPE ESPOIRS &#8211; La moisson du jour se poursuit ! Sur le 110 m haies, Sasha Zhoya a remport\u00e9 l&rsquo;or tandis qu&rsquo;Erwann Cinna finit en bronze.<\/p>\n","protected":false},"author":12,"featured_media":400342,"comment_status":"open","ping_status":"closed","sticky":false,"template":"","format":"standard","meta":{"_acf_changed":false,"_daextam_enable_autolinks":"","footnotes":""},"categories":[2308],"tags":[16878,17825,9487,24],"class_list":["post-399832","post","type-post","status-publish","format-standard","has-post-thumbnail","hentry","category-athletisme","tag-breve","tag-championnats-deurope-u23-athletisme","tag-sasha-zhoya","tag-sport"],"acf":[],"yoast_head":"<!-- This site is optimized with the Yoast SEO Premium plugin v26.7 (Yoast SEO v26.7) - https:\/\/yoast.com\/wordpress\/plugins\/seo\/ -->\n<title>Athl\u00e9tisme : Sasha Zhoya est champion d&#039;Europe espoirs du 110 m haies, Erwann Cinna en bronze !<\/title>\n<meta name=\"description\" content=\"La moisson du jour se poursuit ! Sur le 110 m haies, Sasha Zhoya a remport\u00e9 l&#039;or tandis qu&#039;Erwann Cinna finit en bronze.\" \/>\n<meta name=\"robots\" content=\"index, follow, max-snippet:-1, max-image-preview:large, max-video-preview:-1\" \/>\n<link rel=\"canonical\" href=\"https:\/\/dicodusport.fr\/blog\/athletisme-sasha-zhoya-est-champion-deurope-espoirs-du-110-m-haies-erwann-cinna-en-bronze\/\" \/>\n<meta property=\"og:locale\" content=\"fr_FR\" \/>\n<meta property=\"og:type\" content=\"article\" \/>\n<meta property=\"og:title\" content=\"Athl\u00e9tisme : Sasha Zhoya est champion d&#039;Europe espoirs du 110 m haies, Erwann Cinna en bronze !\" \/>\n<meta property=\"og:description\" content=\"La moisson du jour se poursuit ! Sur le 110 m haies, Sasha Zhoya a remport\u00e9 l&#039;or tandis qu&#039;Erwann Cinna finit en bronze.\" \/>\n<meta property=\"og:url\" content=\"https:\/\/dicodusport.fr\/blog\/athletisme-sasha-zhoya-est-champion-deurope-espoirs-du-110-m-haies-erwann-cinna-en-bronze\/\" \/>\n<meta property=\"og:site_name\" content=\"Dicodusport\" \/>\n<meta property=\"article:publisher\" content=\"https:\/\/www.facebook.com\/dicodusport\" \/>\n<meta property=\"article:published_time\" content=\"2023-07-15T17:11:36+00:00\" \/>\n<meta property=\"article:modified_time\" content=\"2023-07-16T08:48:09+00:00\" \/>\n<meta property=\"og:image\" content=\"https:\/\/dicodusport.fr\/blog\/wp-content\/uploads\/2023\/07\/110-m-haies-Sasha-Zhoya-est-champion-dEurope-espoirs-Erwann-Cinna-en-bronze-.png\" \/>\n\t<meta property=\"og:image:width\" content=\"800\" \/>\n\t<meta property=\"og:image:height\" content=\"445\" \/>\n\t<meta property=\"og:image:type\" content=\"image\/png\" \/>\n<meta name=\"author\" content=\"Arlette Yeye\" \/>\n<meta name=\"twitter:card\" content=\"summary_large_image\" \/>\n<meta name=\"twitter:title\" content=\"Athl\u00e9tisme : Sasha Zhoya est champion d&#039;Europe espoirs du 110 m haies, Erwann Cinna en bronze !\" \/>\n<meta name=\"twitter:creator\" content=\"@https:\/\/twitter.com\/Shiclette94\" \/>\n<meta name=\"twitter:site\" content=\"@dicodusport\" \/>\n<script type=\"application\/ld+json\" class=\"yoast-schema-graph\">{\"@context\":\"https:\/\/schema.org\",\"@graph\":[{\"@type\":\"NewsArticle\",\"@id\":\"https:\/\/dicodusport.fr\/blog\/athletisme-sasha-zhoya-est-champion-deurope-espoirs-du-110-m-haies-erwann-cinna-en-bronze\/#article\",\"isPartOf\":{\"@id\":\"https:\/\/dicodusport.fr\/blog\/athletisme-sasha-zhoya-est-champion-deurope-espoirs-du-110-m-haies-erwann-cinna-en-bronze\/\"},\"author\":{\"name\":\"Arlette Yeye\",\"@id\":\"https:\/\/dicodusport.fr\/blog\/#\/schema\/person\/cce96fa88785bd8573e3d43078ac8c79\"},\"headline\":\"Athl\u00e9tisme : Sasha Zhoya est champion d&rsquo;Europe espoirs du 110 m haies, Erwann Cinna en bronze !\",\"datePublished\":\"2023-07-15T17:11:36+00:00\",\"dateModified\":\"2023-07-16T08:48:09+00:00\",\"mainEntityOfPage\":{\"@id\":\"https:\/\/dicodusport.fr\/blog\/athletisme-sasha-zhoya-est-champion-deurope-espoirs-du-110-m-haies-erwann-cinna-en-bronze\/\"},\"wordCount\":825,\"commentCount\":0,\"publisher\":{\"@id\":\"https:\/\/dicodusport.fr\/blog\/#organization\"},\"image\":{\"@id\":\"https:\/\/dicodusport.fr\/blog\/athletisme-sasha-zhoya-est-champion-deurope-espoirs-du-110-m-haies-erwann-cinna-en-bronze\/#primaryimage\"},\"thumbnailUrl\":\"https:\/\/dicodusport.fr\/blog\/wp-content\/uploads\/2023\/07\/110-m-haies-Sasha-Zhoya-est-champion-dEurope-espoirs-Erwann-Cinna-en-bronze-.png\",\"keywords\":[\"br\u00e8ve\",\"Championnats d'Europe U23 athl\u00e9tisme\",\"Sasha Zhoya\",\"sport\"],\"articleSection\":[\"Athl\u00e9tisme\"],\"inLanguage\":\"fr-FR\",\"potentialAction\":[{\"@type\":\"CommentAction\",\"name\":\"Comment\",\"target\":[\"https:\/\/dicodusport.fr\/blog\/athletisme-sasha-zhoya-est-champion-deurope-espoirs-du-110-m-haies-erwann-cinna-en-bronze\/#respond\"]}],\"copyrightYear\":\"2023\",\"copyrightHolder\":{\"@id\":\"https:\/\/dicodusport.fr\/blog\/#organization\"}},{\"@type\":\"WebPage\",\"@id\":\"https:\/\/dicodusport.fr\/blog\/athletisme-sasha-zhoya-est-champion-deurope-espoirs-du-110-m-haies-erwann-cinna-en-bronze\/\",\"url\":\"https:\/\/dicodusport.fr\/blog\/athletisme-sasha-zhoya-est-champion-deurope-espoirs-du-110-m-haies-erwann-cinna-en-bronze\/\",\"name\":\"Athl\u00e9tisme : Sasha Zhoya est champion d'Europe espoirs du 110 m haies, Erwann Cinna en bronze !\",\"isPartOf\":{\"@id\":\"https:\/\/dicodusport.fr\/blog\/#website\"},\"primaryImageOfPage\":{\"@id\":\"https:\/\/dicodusport.fr\/blog\/athletisme-sasha-zhoya-est-champion-deurope-espoirs-du-110-m-haies-erwann-cinna-en-bronze\/#primaryimage\"},\"image\":{\"@id\":\"https:\/\/dicodusport.fr\/blog\/athletisme-sasha-zhoya-est-champion-deurope-espoirs-du-110-m-haies-erwann-cinna-en-bronze\/#primaryimage\"},\"thumbnailUrl\":\"https:\/\/dicodusport.fr\/blog\/wp-content\/uploads\/2023\/07\/110-m-haies-Sasha-Zhoya-est-champion-dEurope-espoirs-Erwann-Cinna-en-bronze-.png\",\"datePublished\":\"2023-07-15T17:11:36+00:00\",\"dateModified\":\"2023-07-16T08:48:09+00:00\",\"description\":\"La moisson du jour se poursuit ! Sur le 110 m haies, Sasha Zhoya a remport\u00e9 l'or tandis qu'Erwann Cinna finit en bronze.\",\"breadcrumb\":{\"@id\":\"https:\/\/dicodusport.fr\/blog\/athletisme-sasha-zhoya-est-champion-deurope-espoirs-du-110-m-haies-erwann-cinna-en-bronze\/#breadcrumb\"},\"inLanguage\":\"fr-FR\",\"potentialAction\":[{\"@type\":\"ReadAction\",\"target\":[\"https:\/\/dicodusport.fr\/blog\/athletisme-sasha-zhoya-est-champion-deurope-espoirs-du-110-m-haies-erwann-cinna-en-bronze\/\"]}]},{\"@type\":\"ImageObject\",\"inLanguage\":\"fr-FR\",\"@id\":\"https:\/\/dicodusport.fr\/blog\/athletisme-sasha-zhoya-est-champion-deurope-espoirs-du-110-m-haies-erwann-cinna-en-bronze\/#primaryimage\",\"url\":\"https:\/\/dicodusport.fr\/blog\/wp-content\/uploads\/2023\/07\/110-m-haies-Sasha-Zhoya-est-champion-dEurope-espoirs-Erwann-Cinna-en-bronze-.png\",\"contentUrl\":\"https:\/\/dicodusport.fr\/blog\/wp-content\/uploads\/2023\/07\/110-m-haies-Sasha-Zhoya-est-champion-dEurope-espoirs-Erwann-Cinna-en-bronze-.png\",\"width\":800,\"height\":445,\"caption\":\"110 m haies Sasha Zhoya est champion d'Europe espoirs, Erwann Cinna en bronze !\"},{\"@type\":\"BreadcrumbList\",\"@id\":\"https:\/\/dicodusport.fr\/blog\/athletisme-sasha-zhoya-est-champion-deurope-espoirs-du-110-m-haies-erwann-cinna-en-bronze\/#breadcrumb\",\"itemListElement\":[{\"@type\":\"ListItem\",\"position\":1,\"name\":\"Accueil\",\"item\":\"https:\/\/dicodusport.fr\/blog\/\"},{\"@type\":\"ListItem\",\"position\":2,\"name\":\"Athl\u00e9tisme : Sasha Zhoya est champion d&rsquo;Europe espoirs du 110 m haies, Erwann Cinna en bronze !\"}]},{\"@type\":\"WebSite\",\"@id\":\"https:\/\/dicodusport.fr\/blog\/#website\",\"url\":\"https:\/\/dicodusport.fr\/blog\/\",\"name\":\"Dicodusport\",\"description\":\"L&#039;encyclop\u00e9die de l&#039;actualit\u00e9 sportive\",\"publisher\":{\"@id\":\"https:\/\/dicodusport.fr\/blog\/#organization\"},\"potentialAction\":[{\"@type\":\"SearchAction\",\"target\":{\"@type\":\"EntryPoint\",\"urlTemplate\":\"https:\/\/dicodusport.fr\/blog\/?s={search_term_string}\"},\"query-input\":{\"@type\":\"PropertyValueSpecification\",\"valueRequired\":true,\"valueName\":\"search_term_string\"}}],\"inLanguage\":\"fr-FR\"},{\"@type\":\"NewsMediaOrganization\",\"@id\":\"https:\/\/dicodusport.fr\/blog\/#organization\",\"name\":\"Dicodusport\",\"url\":\"https:\/\/dicodusport.fr\/blog\/\",\"logo\":{\"@type\":\"ImageObject\",\"inLanguage\":\"fr-FR\",\"@id\":\"https:\/\/dicodusport.fr\/blog\/#\/schema\/logo\/image\/\",\"url\":\"https:\/\/dicodusport.fr\/blog\/wp-content\/uploads\/2020\/06\/cropped-LOGO-DICODUSPORT-2020-SANS-FOND-SANS-TEXTE.png\",\"contentUrl\":\"https:\/\/dicodusport.fr\/blog\/wp-content\/uploads\/2020\/06\/cropped-LOGO-DICODUSPORT-2020-SANS-FOND-SANS-TEXTE.png\",\"width\":512,\"height\":512,\"caption\":\"Dicodusport\"},\"image\":{\"@id\":\"https:\/\/dicodusport.fr\/blog\/#\/schema\/logo\/image\/\"},\"sameAs\":[\"https:\/\/www.facebook.com\/dicodusport\",\"https:\/\/x.com\/dicodusport\",\"https:\/\/www.instagram.com\/dicodusport\/\",\"https:\/\/www.youtube.com\/channel\/UC7V2KZ5sd3htJivAbA4ZG3w\"],\"description\":\"Dicodusport est l'encyclop\u00e9die de l'actualit\u00e9 sportive.\",\"email\":\"bonjour@dicodusport.fr\",\"legalName\":\"DICODUSPORT\",\"foundingDate\":\"2018-01-14\",\"vatID\":\"FR71834470973\",\"taxID\":\"83447097300043\",\"numberOfEmployees\":{\"@type\":\"QuantitativeValue\",\"minValue\":\"1\",\"maxValue\":\"10\"}},{\"@type\":\"Person\",\"@id\":\"https:\/\/dicodusport.fr\/blog\/#\/schema\/person\/cce96fa88785bd8573e3d43078ac8c79\",\"name\":\"Arlette Yeye\",\"image\":{\"@type\":\"ImageObject\",\"inLanguage\":\"fr-FR\",\"@id\":\"https:\/\/dicodusport.fr\/blog\/#\/schema\/person\/image\/\",\"url\":\"https:\/\/secure.gravatar.com\/avatar\/dca4a6239e6d708e46c45d60e160de6c?s=96&d=wp_user_avatar&r=g\",\"contentUrl\":\"https:\/\/secure.gravatar.com\/avatar\/dca4a6239e6d708e46c45d60e160de6c?s=96&d=wp_user_avatar&r=g\",\"caption\":\"Arlette Yeye\"},\"description\":\"Journaliste\/r\u00e9dactrice depuis septembre 2015 - Supportrice de Chelsea, j'ai pour sports de pr\u00e9dilection le handball, l'athl\u00e9tisme et le tennis. Si je tweete plus vite que mon ombre, vous pouvez aussi me retrouver les week-ends sur les playgrounds de Bruxelles pour un petit foot ou basket entre potes. Parcourir la France, l'Europe et plus si affinit\u00e9s pour suivre mes sportifs pr\u00e9f\u00e9r\u00e9s ? Mon kif ! Et c'est avec plaisir que je partage les r\u00e9sultats des sports populaires mais \u00e9galement plus confidentiels pour Dicodusport.\",\"sameAs\":[\"https:\/\/x.com\/https:\/\/twitter.com\/Shiclette94\"],\"url\":\"https:\/\/dicodusport.fr\/blog\/author\/arlette\/\"}]}<\/script>\n<!-- \/ Yoast SEO Premium plugin. -->","yoast_head_json":{"title":"Athl\u00e9tisme : Sasha Zhoya est champion d'Europe espoirs du 110 m haies, Erwann Cinna en bronze !","description":"La moisson du jour se poursuit ! Sur le 110 m haies, Sasha Zhoya a remport\u00e9 l'or tandis qu'Erwann Cinna finit en bronze.","robots":{"index":"index","follow":"follow","max-snippet":"max-snippet:-1","max-image-preview":"max-image-preview:large","max-video-preview":"max-video-preview:-1"},"canonical":"https:\/\/dicodusport.fr\/blog\/athletisme-sasha-zhoya-est-champion-deurope-espoirs-du-110-m-haies-erwann-cinna-en-bronze\/","og_locale":"fr_FR","og_type":"article","og_title":"Athl\u00e9tisme : Sasha Zhoya est champion d'Europe espoirs du 110 m haies, Erwann Cinna en bronze !","og_description":"La moisson du jour se poursuit ! Sur le 110 m haies, Sasha Zhoya a remport\u00e9 l'or tandis qu'Erwann Cinna finit en bronze.","og_url":"https:\/\/dicodusport.fr\/blog\/athletisme-sasha-zhoya-est-champion-deurope-espoirs-du-110-m-haies-erwann-cinna-en-bronze\/","og_site_name":"Dicodusport","article_publisher":"https:\/\/www.facebook.com\/dicodusport","article_published_time":"2023-07-15T17:11:36+00:00","article_modified_time":"2023-07-16T08:48:09+00:00","og_image":[{"width":800,"height":445,"url":"https:\/\/dicodusport.fr\/blog\/wp-content\/uploads\/2023\/07\/110-m-haies-Sasha-Zhoya-est-champion-dEurope-espoirs-Erwann-Cinna-en-bronze-.png","type":"image\/png"}],"author":"Arlette Yeye","twitter_card":"summary_large_image","twitter_title":"Athl\u00e9tisme : Sasha Zhoya est champion d'Europe espoirs du 110 m haies, Erwann Cinna en bronze !","twitter_creator":"@https:\/\/twitter.com\/Shiclette94","twitter_site":"@dicodusport","schema":{"@context":"https:\/\/schema.org","@graph":[{"@type":"NewsArticle","@id":"https:\/\/dicodusport.fr\/blog\/athletisme-sasha-zhoya-est-champion-deurope-espoirs-du-110-m-haies-erwann-cinna-en-bronze\/#article","isPartOf":{"@id":"https:\/\/dicodusport.fr\/blog\/athletisme-sasha-zhoya-est-champion-deurope-espoirs-du-110-m-haies-erwann-cinna-en-bronze\/"},"author":{"name":"Arlette Yeye","@id":"https:\/\/dicodusport.fr\/blog\/#\/schema\/person\/cce96fa88785bd8573e3d43078ac8c79"},"headline":"Athl\u00e9tisme : Sasha Zhoya est champion d&rsquo;Europe espoirs du 110 m haies, Erwann Cinna en bronze !","datePublished":"2023-07-15T17:11:36+00:00","dateModified":"2023-07-16T08:48:09+00:00","mainEntityOfPage":{"@id":"https:\/\/dicodusport.fr\/blog\/athletisme-sasha-zhoya-est-champion-deurope-espoirs-du-110-m-haies-erwann-cinna-en-bronze\/"},"wordCount":825,"commentCount":0,"publisher":{"@id":"https:\/\/dicodusport.fr\/blog\/#organization"},"image":{"@id":"https:\/\/dicodusport.fr\/blog\/athletisme-sasha-zhoya-est-champion-deurope-espoirs-du-110-m-haies-erwann-cinna-en-bronze\/#primaryimage"},"thumbnailUrl":"https:\/\/dicodusport.fr\/blog\/wp-content\/uploads\/2023\/07\/110-m-haies-Sasha-Zhoya-est-champion-dEurope-espoirs-Erwann-Cinna-en-bronze-.png","keywords":["br\u00e8ve","Championnats d'Europe U23 athl\u00e9tisme","Sasha Zhoya","sport"],"articleSection":["Athl\u00e9tisme"],"inLanguage":"fr-FR","potentialAction":[{"@type":"CommentAction","name":"Comment","target":["https:\/\/dicodusport.fr\/blog\/athletisme-sasha-zhoya-est-champion-deurope-espoirs-du-110-m-haies-erwann-cinna-en-bronze\/#respond"]}],"copyrightYear":"2023","copyrightHolder":{"@id":"https:\/\/dicodusport.fr\/blog\/#organization"}},{"@type":"WebPage","@id":"https:\/\/dicodusport.fr\/blog\/athletisme-sasha-zhoya-est-champion-deurope-espoirs-du-110-m-haies-erwann-cinna-en-bronze\/","url":"https:\/\/dicodusport.fr\/blog\/athletisme-sasha-zhoya-est-champion-deurope-espoirs-du-110-m-haies-erwann-cinna-en-bronze\/","name":"Athl\u00e9tisme : Sasha Zhoya est champion d'Europe espoirs du 110 m haies, Erwann Cinna en bronze !","isPartOf":{"@id":"https:\/\/dicodusport.fr\/blog\/#website"},"primaryImageOfPage":{"@id":"https:\/\/dicodusport.fr\/blog\/athletisme-sasha-zhoya-est-champion-deurope-espoirs-du-110-m-haies-erwann-cinna-en-bronze\/#primaryimage"},"image":{"@id":"https:\/\/dicodusport.fr\/blog\/athletisme-sasha-zhoya-est-champion-deurope-espoirs-du-110-m-haies-erwann-cinna-en-bronze\/#primaryimage"},"thumbnailUrl":"https:\/\/dicodusport.fr\/blog\/wp-content\/uploads\/2023\/07\/110-m-haies-Sasha-Zhoya-est-champion-dEurope-espoirs-Erwann-Cinna-en-bronze-.png","datePublished":"2023-07-15T17:11:36+00:00","dateModified":"2023-07-16T08:48:09+00:00","description":"La moisson du jour se poursuit ! Sur le 110 m haies, Sasha Zhoya a remport\u00e9 l'or tandis qu'Erwann Cinna finit en bronze.","breadcrumb":{"@id":"https:\/\/dicodusport.fr\/blog\/athletisme-sasha-zhoya-est-champion-deurope-espoirs-du-110-m-haies-erwann-cinna-en-bronze\/#breadcrumb"},"inLanguage":"fr-FR","potentialAction":[{"@type":"ReadAction","target":["https:\/\/dicodusport.fr\/blog\/athletisme-sasha-zhoya-est-champion-deurope-espoirs-du-110-m-haies-erwann-cinna-en-bronze\/"]}]},{"@type":"ImageObject","inLanguage":"fr-FR","@id":"https:\/\/dicodusport.fr\/blog\/athletisme-sasha-zhoya-est-champion-deurope-espoirs-du-110-m-haies-erwann-cinna-en-bronze\/#primaryimage","url":"https:\/\/dicodusport.fr\/blog\/wp-content\/uploads\/2023\/07\/110-m-haies-Sasha-Zhoya-est-champion-dEurope-espoirs-Erwann-Cinna-en-bronze-.png","contentUrl":"https:\/\/dicodusport.fr\/blog\/wp-content\/uploads\/2023\/07\/110-m-haies-Sasha-Zhoya-est-champion-dEurope-espoirs-Erwann-Cinna-en-bronze-.png","width":800,"height":445,"caption":"110 m haies Sasha Zhoya est champion d'Europe espoirs, Erwann Cinna en bronze !"},{"@type":"BreadcrumbList","@id":"https:\/\/dicodusport.fr\/blog\/athletisme-sasha-zhoya-est-champion-deurope-espoirs-du-110-m-haies-erwann-cinna-en-bronze\/#breadcrumb","itemListElement":[{"@type":"ListItem","position":1,"name":"Accueil","item":"https:\/\/dicodusport.fr\/blog\/"},{"@type":"ListItem","position":2,"name":"Athl\u00e9tisme : Sasha Zhoya est champion d&rsquo;Europe espoirs du 110 m haies, Erwann Cinna en bronze !"}]},{"@type":"WebSite","@id":"https:\/\/dicodusport.fr\/blog\/#website","url":"https:\/\/dicodusport.fr\/blog\/","name":"Dicodusport","description":"L&#039;encyclop\u00e9die de l&#039;actualit\u00e9 sportive","publisher":{"@id":"https:\/\/dicodusport.fr\/blog\/#organization"},"potentialAction":[{"@type":"SearchAction","target":{"@type":"EntryPoint","urlTemplate":"https:\/\/dicodusport.fr\/blog\/?s={search_term_string}"},"query-input":{"@type":"PropertyValueSpecification","valueRequired":true,"valueName":"search_term_string"}}],"inLanguage":"fr-FR"},{"@type":"NewsMediaOrganization","@id":"https:\/\/dicodusport.fr\/blog\/#organization","name":"Dicodusport","url":"https:\/\/dicodusport.fr\/blog\/","logo":{"@type":"ImageObject","inLanguage":"fr-FR","@id":"https:\/\/dicodusport.fr\/blog\/#\/schema\/logo\/image\/","url":"https:\/\/dicodusport.fr\/blog\/wp-content\/uploads\/2020\/06\/cropped-LOGO-DICODUSPORT-2020-SANS-FOND-SANS-TEXTE.png","contentUrl":"https:\/\/dicodusport.fr\/blog\/wp-content\/uploads\/2020\/06\/cropped-LOGO-DICODUSPORT-2020-SANS-FOND-SANS-TEXTE.png","width":512,"height":512,"caption":"Dicodusport"},"image":{"@id":"https:\/\/dicodusport.fr\/blog\/#\/schema\/logo\/image\/"},"sameAs":["https:\/\/www.facebook.com\/dicodusport","https:\/\/x.com\/dicodusport","https:\/\/www.instagram.com\/dicodusport\/","https:\/\/www.youtube.com\/channel\/UC7V2KZ5sd3htJivAbA4ZG3w"],"description":"Dicodusport est l'encyclop\u00e9die de l'actualit\u00e9 sportive.","email":"bonjour@dicodusport.fr","legalName":"DICODUSPORT","foundingDate":"2018-01-14","vatID":"FR71834470973","taxID":"83447097300043","numberOfEmployees":{"@type":"QuantitativeValue","minValue":"1","maxValue":"10"}},{"@type":"Person","@id":"https:\/\/dicodusport.fr\/blog\/#\/schema\/person\/cce96fa88785bd8573e3d43078ac8c79","name":"Arlette Yeye","image":{"@type":"ImageObject","inLanguage":"fr-FR","@id":"https:\/\/dicodusport.fr\/blog\/#\/schema\/person\/image\/","url":"https:\/\/secure.gravatar.com\/avatar\/dca4a6239e6d708e46c45d60e160de6c?s=96&d=wp_user_avatar&r=g","contentUrl":"https:\/\/secure.gravatar.com\/avatar\/dca4a6239e6d708e46c45d60e160de6c?s=96&d=wp_user_avatar&r=g","caption":"Arlette Yeye"},"description":"Journaliste\/r\u00e9dactrice depuis septembre 2015 - Supportrice de Chelsea, j'ai pour sports de pr\u00e9dilection le handball, l'athl\u00e9tisme et le tennis. Si je tweete plus vite que mon ombre, vous pouvez aussi me retrouver les week-ends sur les playgrounds de Bruxelles pour un petit foot ou basket entre potes. Parcourir la France, l'Europe et plus si affinit\u00e9s pour suivre mes sportifs pr\u00e9f\u00e9r\u00e9s ? Mon kif ! Et c'est avec plaisir que je partage les r\u00e9sultats des sports populaires mais \u00e9galement plus confidentiels pour Dicodusport.","sameAs":["https:\/\/x.com\/https:\/\/twitter.com\/Shiclette94"],"url":"https:\/\/dicodusport.fr\/blog\/author\/arlette\/"}]}},"_links":{"self":[{"href":"https:\/\/dicodusport.fr\/blog\/wp-json\/wp\/v2\/posts\/399832","targetHints":{"allow":["GET"]}}],"collection":[{"href":"https:\/\/dicodusport.fr\/blog\/wp-json\/wp\/v2\/posts"}],"about":[{"href":"https:\/\/dicodusport.fr\/blog\/wp-json\/wp\/v2\/types\/post"}],"author":[{"embeddable":true,"href":"https:\/\/dicodusport.fr\/blog\/wp-json\/wp\/v2\/users\/12"}],"replies":[{"embeddable":true,"href":"https:\/\/dicodusport.fr\/blog\/wp-json\/wp\/v2\/comments?post=399832"}],"version-history":[{"count":0,"href":"https:\/\/dicodusport.fr\/blog\/wp-json\/wp\/v2\/posts\/399832\/revisions"}],"wp:featuredmedia":[{"embeddable":true,"href":"https:\/\/dicodusport.fr\/blog\/wp-json\/wp\/v2\/media\/400342"}],"wp:attachment":[{"href":"https:\/\/dicodusport.fr\/blog\/wp-json\/wp\/v2\/media?parent=399832"}],"wp:term":[{"taxonomy":"category","embeddable":true,"href":"https:\/\/dicodusport.fr\/blog\/wp-json\/wp\/v2\/categories?post=399832"},{"taxonomy":"post_tag","embeddable":true,"href":"https:\/\/dicodusport.fr\/blog\/wp-json\/wp\/v2\/tags?post=399832"}],"curies":[{"name":"wp","href":"https:\/\/api.w.org\/{rel}","templated":true}]}}