{"id":39984,"date":"2019-05-27T14:07:20","date_gmt":"2019-05-27T12:07:20","guid":{"rendered":"http:\/\/dicodusport.fr\/blog\/?p=39984"},"modified":"2019-05-27T14:07:20","modified_gmt":"2019-05-27T12:07:20","slug":"ligue-1-transferts-quel-mercato-estival-pour-l-ea-guingamp","status":"publish","type":"post","link":"https:\/\/dicodusport.fr\/blog\/ligue-1-transferts-quel-mercato-estival-pour-l-ea-guingamp\/","title":{"rendered":"Ligue 1 &#8211; Transferts : quel mercato estival pour l&rsquo;EA Guingamp ?"},"content":{"rendered":"<p style=\"text-align: justify;\"><em><strong>Une saison rat\u00e9e, une rel\u00e9gation et d&rsquo;excellents joueurs sur le d\u00e9part, <a href=\"https:\/\/www.eaguingamp.com\/\" target=\"_blank\" rel=\"noopener\">Guingamp<\/a> a compl\u00e8tement perdu pied cette ann\u00e9e. Pourtant capable d&rsquo;exploits (\u00e9limination du PSG en Coupe de la Ligue et finaliste de cette comp\u00e9tition), l&rsquo;En Avant a \u00e9t\u00e9 tr\u00e8s d\u00e9cevant en championnat, en finissant dernier. Le mercato des Bretons sera, \u00e0 n&rsquo;en pas douter, tr\u00e8s mouvement\u00e9.\u00a0<\/strong><\/em><\/p>\n<h1 style=\"text-align: justify;\">Une descente et des d\u00e9parts<\/h1>\n<p style=\"text-align: justify;\">Pourtant, Guingamp a dans son effectif des joueurs de talent : <strong>Marcus Thuram<\/strong>, <strong>Marcus Coco<\/strong>, <strong>Ludovic Blas<\/strong>, <strong>Nolan Roux<\/strong>, etc&#8230; \u00e0 tous les postes, un joueur de renom. En Ligue 2 la saison prochaine, l&rsquo;effectif sera revu, les cadres devraient quitter le navire et les plus talentueux rejoindre des \u00e9curies plus cot\u00e9es.<\/p>\n<p style=\"text-align: justify;\">Tout d&rsquo;abord, c&rsquo;est <strong>Jocelyn Gourvennec<\/strong>, l&rsquo;entra\u00eeneur des Guingampais, dont le d\u00e9part a \u00e9t\u00e9 officialis\u00e9. Son successeur n&rsquo;est pas connu officiellement mais d\u00e9j\u00e0 un nom revient : celui de <strong>Pascal Dupraz<\/strong>. L&rsquo;ancien technicien du TFC est re\u00e7u aujourd&rsquo;hui par le pr\u00e9sident Bertrand Desplat. Dupraz devrait c\u00f4toyer <strong>J\u00e9r\u00f4me Leroy<\/strong>, contact\u00e9 pour prendre le poste de directeur sportif la saison prochaine.<\/p>\n<div id=\"attachment_39991\" style=\"width: 922px\" class=\"wp-caption aligncenter\"><img loading=\"lazy\" decoding=\"async\" aria-describedby=\"caption-attachment-39991\" class=\"size-full wp-image-39991\" src=\"http:\/\/dicodusport.fr\/blog\/wp-content\/uploads\/2019\/05\/Marcus-Thuram-star-guingampaise-sur-le-d\u00e9part.jpg\" alt=\"\" width=\"912\" height=\"516\" srcset=\"https:\/\/dicodusport.fr\/blog\/wp-content\/uploads\/2019\/05\/Marcus-Thuram-star-guingampaise-sur-le-d\u00e9part.jpg 912w, https:\/\/dicodusport.fr\/blog\/wp-content\/uploads\/2019\/05\/Marcus-Thuram-star-guingampaise-sur-le-d\u00e9part-300x170.jpg 300w, https:\/\/dicodusport.fr\/blog\/wp-content\/uploads\/2019\/05\/Marcus-Thuram-star-guingampaise-sur-le-d\u00e9part-768x435.jpg 768w\" sizes=\"auto, (max-width: 912px) 100vw, 912px\" \/><p id=\"caption-attachment-39991\" class=\"wp-caption-text\">Marcus Thuram devrait \u00eatre l&rsquo;attraction principale du mercato guingampais. Son d\u00e9part \u00e9tant s\u00fbr, les plus grands clubs fran\u00e7ais, voire europ\u00e9ens, devraient se l&rsquo;arracher &#8211; 90 min<\/p><\/div>\n<p style=\"text-align: justify;\">C\u00f4t\u00e9 joueurs, l&rsquo;attaquant\u00a0<strong>Marcus Thuram<\/strong> quittera l&rsquo;En Avant cet \u00e9t\u00e9. Lyon, Marseille, Dortmund, Arsenal ? Le fils du champion du monde 98 Lilian Thuram est courtis\u00e9 de partout \u00e0 travers l&rsquo;Europe. Tout comme lui, <strong>Pedro Rebocho<\/strong> est approch\u00e9 par l&rsquo;OM et l&rsquo;OL. Le lat\u00e9ral gauche portugais pourrait ainsi suppl\u00e9er voir esp\u00e9rer \u00eatre titulaire dans un club qui joue le haut du tableau. Quant aux autres, il est quasi certain que de tels joueurs ne resteront pas en Ligue 2. Le mercato n&rsquo;a pas commenc\u00e9 mais promet un grand chantier du c\u00f4t\u00e9 Guingampais.<\/p>\n<p style=\"text-align: justify;\">\u00c0 noter aussi la fin de carri\u00e8re d&rsquo;un joueur embl\u00e9matique de la Ligue 1 : <strong>Etienne Didot<\/strong>, 35 ans, a raccroch\u00e9 les crampons.<\/p>\n<p style=\"text-align: justify;\"><strong><em>Maxime Giralt<br \/>\n<a href=\"https:\/\/www.facebook.com\/Max11me\" target=\"_blank\" rel=\"noopener\"><img loading=\"lazy\" decoding=\"async\" class=\"alignnone wp-image-2909\" src=\"http:\/\/dicodusport.fr\/blog\/wp-content\/uploads\/2017\/07\/logo-facebook.png\" alt=\"\" width=\"38\" height=\"38\" \/><\/a><\/em><\/strong><a href=\"https:\/\/l.facebook.com\/l.php?u=https%3A%2F%2Fwww.linkedin.com%2Fin%2Fmaxime-giralt-1461a917b%2F%3Ffbclid%3DIwAR2o5nEQF1MbwOxhcZA53vciCrvhvHic9QZkhVnMl6B-BY_Hnj32ZE--uew&amp;h=AT0LoCNeRcbrBR7e8K1V93ja3oJ6Y-mNjmtrSMMYYjgplVOS3HK2KUlvJOSwWegSKG3Oe3hzQbAIm94g7G6qYCFYQQWPI1BS9WhzZoe-sPpYMw4rBaFo2prjau_nWQ-RyZQ\" target=\"_blank\" rel=\"noopener\"><img loading=\"lazy\" decoding=\"async\" class=\"alignnone wp-image-3711\" src=\"http:\/\/dicodusport.fr\/blog\/wp-content\/uploads\/2017\/08\/signature-linkedin.png\" alt=\"\" width=\"38\" height=\"38\" srcset=\"https:\/\/dicodusport.fr\/blog\/wp-content\/uploads\/2017\/08\/signature-linkedin.png 295w, https:\/\/dicodusport.fr\/blog\/wp-content\/uploads\/2017\/08\/signature-linkedin-150x150.png 150w\" sizes=\"auto, (max-width: 38px) 100vw, 38px\" \/><\/a><\/p>\n","protected":false},"excerpt":{"rendered":"<p>Une saison rat\u00e9e, une rel\u00e9gation et d&rsquo;excellents joueurs sur le d\u00e9part, Guingamp a compl\u00e8tement perdu pied cette ann\u00e9e. De quoi sera fait son mercato ?<\/p>\n","protected":false},"author":38,"featured_media":40017,"comment_status":"open","ping_status":"closed","sticky":false,"template":"","format":"standard","meta":{"_acf_changed":false,"_daextam_enable_autolinks":"","footnotes":""},"categories":[2,2301],"tags":[5701,75,7959,5963,3601,5867],"class_list":["post-39984","post","type-post","status-publish","format-standard","has-post-thumbnail","hentry","category-actualites","category-football","tag-ea-guingamp","tag-football","tag-marcus-thuram","tag-mercato-estival","tag-mercato-foot","tag-mercato-ligue-1"],"acf":[],"yoast_head":"<!-- This site is optimized with the Yoast SEO Premium plugin v26.7 (Yoast SEO v26.7) - https:\/\/yoast.com\/wordpress\/plugins\/seo\/ -->\n<title>Ligue 1 - Transferts : quel mercato estival pour l&#039;EA Guingamp ?<\/title>\n<meta name=\"description\" content=\"Une saison rat\u00e9e, une rel\u00e9gation et d&#039;excellents joueurs sur le d\u00e9part, Guingamp a compl\u00e8tement perdu pied cette ann\u00e9e. De quoi sera fait son mercato ?\" \/>\n<meta name=\"robots\" content=\"index, follow, max-snippet:-1, max-image-preview:large, max-video-preview:-1\" \/>\n<link rel=\"canonical\" href=\"https:\/\/dicodusport.fr\/blog\/ligue-1-transferts-quel-mercato-estival-pour-l-ea-guingamp\/\" \/>\n<meta property=\"og:locale\" content=\"fr_FR\" \/>\n<meta property=\"og:type\" content=\"article\" \/>\n<meta property=\"og:title\" content=\"Ligue 1 - Transferts : quel mercato estival pour l&#039;EA Guingamp ?\" \/>\n<meta property=\"og:description\" content=\"Une saison rat\u00e9e, une rel\u00e9gation et d&#039;excellents joueurs sur le d\u00e9part, Guingamp a compl\u00e8tement perdu pied cette ann\u00e9e. De quoi sera fait son mercato ?\" \/>\n<meta property=\"og:url\" content=\"https:\/\/dicodusport.fr\/blog\/ligue-1-transferts-quel-mercato-estival-pour-l-ea-guingamp\/\" \/>\n<meta property=\"og:site_name\" content=\"Dicodusport\" \/>\n<meta property=\"article:publisher\" content=\"https:\/\/www.facebook.com\/dicodusport\" \/>\n<meta property=\"article:published_time\" content=\"2019-05-27T12:07:20+00:00\" \/>\n<meta property=\"og:image\" content=\"https:\/\/dicodusport.fr\/blog\/wp-content\/uploads\/2019\/05\/Mercato-EA-Guingamp.png\" \/>\n\t<meta property=\"og:image:width\" content=\"800\" \/>\n\t<meta property=\"og:image:height\" content=\"445\" \/>\n\t<meta property=\"og:image:type\" content=\"image\/png\" \/>\n<meta name=\"author\" content=\"Maxime Giralt\" \/>\n<meta name=\"twitter:card\" content=\"summary_large_image\" \/>\n<meta name=\"twitter:creator\" content=\"@dicodusport\" \/>\n<meta name=\"twitter:site\" content=\"@dicodusport\" \/>\n<script type=\"application\/ld+json\" class=\"yoast-schema-graph\">{\"@context\":\"https:\/\/schema.org\",\"@graph\":[{\"@type\":\"NewsArticle\",\"@id\":\"https:\/\/dicodusport.fr\/blog\/ligue-1-transferts-quel-mercato-estival-pour-l-ea-guingamp\/#article\",\"isPartOf\":{\"@id\":\"https:\/\/dicodusport.fr\/blog\/ligue-1-transferts-quel-mercato-estival-pour-l-ea-guingamp\/\"},\"author\":{\"name\":\"Maxime Giralt\",\"@id\":\"https:\/\/dicodusport.fr\/blog\/#\/schema\/person\/48bad9bec547f458f90c709b91a41248\"},\"headline\":\"Ligue 1 &#8211; Transferts : quel mercato estival pour l&rsquo;EA Guingamp ?\",\"datePublished\":\"2019-05-27T12:07:20+00:00\",\"mainEntityOfPage\":{\"@id\":\"https:\/\/dicodusport.fr\/blog\/ligue-1-transferts-quel-mercato-estival-pour-l-ea-guingamp\/\"},\"wordCount\":367,\"commentCount\":0,\"publisher\":{\"@id\":\"https:\/\/dicodusport.fr\/blog\/#organization\"},\"image\":{\"@id\":\"https:\/\/dicodusport.fr\/blog\/ligue-1-transferts-quel-mercato-estival-pour-l-ea-guingamp\/#primaryimage\"},\"thumbnailUrl\":\"https:\/\/dicodusport.fr\/blog\/wp-content\/uploads\/2019\/05\/Mercato-EA-Guingamp.png\",\"keywords\":[\"EA Guingamp\",\"Football\",\"Marcus Thuram\",\"mercato estival\",\"mercato foot\",\"Mercato Ligue 1\"],\"articleSection\":[\"Actualit\u00e9s\",\"Football\"],\"inLanguage\":\"fr-FR\",\"potentialAction\":[{\"@type\":\"CommentAction\",\"name\":\"Comment\",\"target\":[\"https:\/\/dicodusport.fr\/blog\/ligue-1-transferts-quel-mercato-estival-pour-l-ea-guingamp\/#respond\"]}],\"copyrightYear\":\"2019\",\"copyrightHolder\":{\"@id\":\"https:\/\/dicodusport.fr\/blog\/#organization\"}},{\"@type\":\"WebPage\",\"@id\":\"https:\/\/dicodusport.fr\/blog\/ligue-1-transferts-quel-mercato-estival-pour-l-ea-guingamp\/\",\"url\":\"https:\/\/dicodusport.fr\/blog\/ligue-1-transferts-quel-mercato-estival-pour-l-ea-guingamp\/\",\"name\":\"Ligue 1 - Transferts : quel mercato estival pour l'EA Guingamp ?\",\"isPartOf\":{\"@id\":\"https:\/\/dicodusport.fr\/blog\/#website\"},\"primaryImageOfPage\":{\"@id\":\"https:\/\/dicodusport.fr\/blog\/ligue-1-transferts-quel-mercato-estival-pour-l-ea-guingamp\/#primaryimage\"},\"image\":{\"@id\":\"https:\/\/dicodusport.fr\/blog\/ligue-1-transferts-quel-mercato-estival-pour-l-ea-guingamp\/#primaryimage\"},\"thumbnailUrl\":\"https:\/\/dicodusport.fr\/blog\/wp-content\/uploads\/2019\/05\/Mercato-EA-Guingamp.png\",\"datePublished\":\"2019-05-27T12:07:20+00:00\",\"description\":\"Une saison rat\u00e9e, une rel\u00e9gation et d'excellents joueurs sur le d\u00e9part, Guingamp a compl\u00e8tement perdu pied cette ann\u00e9e. De quoi sera fait son mercato ?\",\"breadcrumb\":{\"@id\":\"https:\/\/dicodusport.fr\/blog\/ligue-1-transferts-quel-mercato-estival-pour-l-ea-guingamp\/#breadcrumb\"},\"inLanguage\":\"fr-FR\",\"potentialAction\":[{\"@type\":\"ReadAction\",\"target\":[\"https:\/\/dicodusport.fr\/blog\/ligue-1-transferts-quel-mercato-estival-pour-l-ea-guingamp\/\"]}]},{\"@type\":\"ImageObject\",\"inLanguage\":\"fr-FR\",\"@id\":\"https:\/\/dicodusport.fr\/blog\/ligue-1-transferts-quel-mercato-estival-pour-l-ea-guingamp\/#primaryimage\",\"url\":\"https:\/\/dicodusport.fr\/blog\/wp-content\/uploads\/2019\/05\/Mercato-EA-Guingamp.png\",\"contentUrl\":\"https:\/\/dicodusport.fr\/blog\/wp-content\/uploads\/2019\/05\/Mercato-EA-Guingamp.png\",\"width\":800,\"height\":445},{\"@type\":\"BreadcrumbList\",\"@id\":\"https:\/\/dicodusport.fr\/blog\/ligue-1-transferts-quel-mercato-estival-pour-l-ea-guingamp\/#breadcrumb\",\"itemListElement\":[{\"@type\":\"ListItem\",\"position\":1,\"name\":\"Accueil\",\"item\":\"https:\/\/dicodusport.fr\/blog\/\"},{\"@type\":\"ListItem\",\"position\":2,\"name\":\"Ligue 1 &#8211; Transferts : quel mercato estival pour l&rsquo;EA Guingamp ?\"}]},{\"@type\":\"WebSite\",\"@id\":\"https:\/\/dicodusport.fr\/blog\/#website\",\"url\":\"https:\/\/dicodusport.fr\/blog\/\",\"name\":\"Dicodusport\",\"description\":\"L&#039;encyclop\u00e9die de l&#039;actualit\u00e9 sportive\",\"publisher\":{\"@id\":\"https:\/\/dicodusport.fr\/blog\/#organization\"},\"potentialAction\":[{\"@type\":\"SearchAction\",\"target\":{\"@type\":\"EntryPoint\",\"urlTemplate\":\"https:\/\/dicodusport.fr\/blog\/?s={search_term_string}\"},\"query-input\":{\"@type\":\"PropertyValueSpecification\",\"valueRequired\":true,\"valueName\":\"search_term_string\"}}],\"inLanguage\":\"fr-FR\"},{\"@type\":\"NewsMediaOrganization\",\"@id\":\"https:\/\/dicodusport.fr\/blog\/#organization\",\"name\":\"Dicodusport\",\"url\":\"https:\/\/dicodusport.fr\/blog\/\",\"logo\":{\"@type\":\"ImageObject\",\"inLanguage\":\"fr-FR\",\"@id\":\"https:\/\/dicodusport.fr\/blog\/#\/schema\/logo\/image\/\",\"url\":\"https:\/\/dicodusport.fr\/blog\/wp-content\/uploads\/2020\/06\/cropped-LOGO-DICODUSPORT-2020-SANS-FOND-SANS-TEXTE.png\",\"contentUrl\":\"https:\/\/dicodusport.fr\/blog\/wp-content\/uploads\/2020\/06\/cropped-LOGO-DICODUSPORT-2020-SANS-FOND-SANS-TEXTE.png\",\"width\":512,\"height\":512,\"caption\":\"Dicodusport\"},\"image\":{\"@id\":\"https:\/\/dicodusport.fr\/blog\/#\/schema\/logo\/image\/\"},\"sameAs\":[\"https:\/\/www.facebook.com\/dicodusport\",\"https:\/\/x.com\/dicodusport\",\"https:\/\/www.instagram.com\/dicodusport\/\",\"https:\/\/www.youtube.com\/channel\/UC7V2KZ5sd3htJivAbA4ZG3w\"],\"description\":\"Dicodusport est l'encyclop\u00e9die de l'actualit\u00e9 sportive.\",\"email\":\"bonjour@dicodusport.fr\",\"legalName\":\"DICODUSPORT\",\"foundingDate\":\"2018-01-14\",\"vatID\":\"FR71834470973\",\"taxID\":\"83447097300043\",\"numberOfEmployees\":{\"@type\":\"QuantitativeValue\",\"minValue\":\"1\",\"maxValue\":\"10\"}},{\"@type\":\"Person\",\"@id\":\"https:\/\/dicodusport.fr\/blog\/#\/schema\/person\/48bad9bec547f458f90c709b91a41248\",\"name\":\"Maxime Giralt\",\"image\":{\"@type\":\"ImageObject\",\"inLanguage\":\"fr-FR\",\"@id\":\"https:\/\/dicodusport.fr\/blog\/#\/schema\/person\/image\/\",\"url\":\"https:\/\/dicodusport.fr\/blog\/wp-content\/uploads\/2017\/01\/logo-dicodusport-sans-fond-150x150.png\",\"contentUrl\":\"https:\/\/dicodusport.fr\/blog\/wp-content\/uploads\/2017\/01\/logo-dicodusport-sans-fond-150x150.png\",\"caption\":\"Maxime Giralt\"},\"url\":\"https:\/\/dicodusport.fr\/blog\/author\/maxime\/\"}]}<\/script>\n<!-- \/ Yoast SEO Premium plugin. -->","yoast_head_json":{"title":"Ligue 1 - Transferts : quel mercato estival pour l'EA Guingamp ?","description":"Une saison rat\u00e9e, une rel\u00e9gation et d'excellents joueurs sur le d\u00e9part, Guingamp a compl\u00e8tement perdu pied cette ann\u00e9e. De quoi sera fait son mercato ?","robots":{"index":"index","follow":"follow","max-snippet":"max-snippet:-1","max-image-preview":"max-image-preview:large","max-video-preview":"max-video-preview:-1"},"canonical":"https:\/\/dicodusport.fr\/blog\/ligue-1-transferts-quel-mercato-estival-pour-l-ea-guingamp\/","og_locale":"fr_FR","og_type":"article","og_title":"Ligue 1 - Transferts : quel mercato estival pour l'EA Guingamp ?","og_description":"Une saison rat\u00e9e, une rel\u00e9gation et d'excellents joueurs sur le d\u00e9part, Guingamp a compl\u00e8tement perdu pied cette ann\u00e9e. De quoi sera fait son mercato ?","og_url":"https:\/\/dicodusport.fr\/blog\/ligue-1-transferts-quel-mercato-estival-pour-l-ea-guingamp\/","og_site_name":"Dicodusport","article_publisher":"https:\/\/www.facebook.com\/dicodusport","article_published_time":"2019-05-27T12:07:20+00:00","og_image":[{"width":800,"height":445,"url":"https:\/\/dicodusport.fr\/blog\/wp-content\/uploads\/2019\/05\/Mercato-EA-Guingamp.png","type":"image\/png"}],"author":"Maxime Giralt","twitter_card":"summary_large_image","twitter_creator":"@dicodusport","twitter_site":"@dicodusport","schema":{"@context":"https:\/\/schema.org","@graph":[{"@type":"NewsArticle","@id":"https:\/\/dicodusport.fr\/blog\/ligue-1-transferts-quel-mercato-estival-pour-l-ea-guingamp\/#article","isPartOf":{"@id":"https:\/\/dicodusport.fr\/blog\/ligue-1-transferts-quel-mercato-estival-pour-l-ea-guingamp\/"},"author":{"name":"Maxime Giralt","@id":"https:\/\/dicodusport.fr\/blog\/#\/schema\/person\/48bad9bec547f458f90c709b91a41248"},"headline":"Ligue 1 &#8211; Transferts : quel mercato estival pour l&rsquo;EA Guingamp ?","datePublished":"2019-05-27T12:07:20+00:00","mainEntityOfPage":{"@id":"https:\/\/dicodusport.fr\/blog\/ligue-1-transferts-quel-mercato-estival-pour-l-ea-guingamp\/"},"wordCount":367,"commentCount":0,"publisher":{"@id":"https:\/\/dicodusport.fr\/blog\/#organization"},"image":{"@id":"https:\/\/dicodusport.fr\/blog\/ligue-1-transferts-quel-mercato-estival-pour-l-ea-guingamp\/#primaryimage"},"thumbnailUrl":"https:\/\/dicodusport.fr\/blog\/wp-content\/uploads\/2019\/05\/Mercato-EA-Guingamp.png","keywords":["EA Guingamp","Football","Marcus Thuram","mercato estival","mercato foot","Mercato Ligue 1"],"articleSection":["Actualit\u00e9s","Football"],"inLanguage":"fr-FR","potentialAction":[{"@type":"CommentAction","name":"Comment","target":["https:\/\/dicodusport.fr\/blog\/ligue-1-transferts-quel-mercato-estival-pour-l-ea-guingamp\/#respond"]}],"copyrightYear":"2019","copyrightHolder":{"@id":"https:\/\/dicodusport.fr\/blog\/#organization"}},{"@type":"WebPage","@id":"https:\/\/dicodusport.fr\/blog\/ligue-1-transferts-quel-mercato-estival-pour-l-ea-guingamp\/","url":"https:\/\/dicodusport.fr\/blog\/ligue-1-transferts-quel-mercato-estival-pour-l-ea-guingamp\/","name":"Ligue 1 - Transferts : quel mercato estival pour l'EA Guingamp ?","isPartOf":{"@id":"https:\/\/dicodusport.fr\/blog\/#website"},"primaryImageOfPage":{"@id":"https:\/\/dicodusport.fr\/blog\/ligue-1-transferts-quel-mercato-estival-pour-l-ea-guingamp\/#primaryimage"},"image":{"@id":"https:\/\/dicodusport.fr\/blog\/ligue-1-transferts-quel-mercato-estival-pour-l-ea-guingamp\/#primaryimage"},"thumbnailUrl":"https:\/\/dicodusport.fr\/blog\/wp-content\/uploads\/2019\/05\/Mercato-EA-Guingamp.png","datePublished":"2019-05-27T12:07:20+00:00","description":"Une saison rat\u00e9e, une rel\u00e9gation et d'excellents joueurs sur le d\u00e9part, Guingamp a compl\u00e8tement perdu pied cette ann\u00e9e. De quoi sera fait son mercato ?","breadcrumb":{"@id":"https:\/\/dicodusport.fr\/blog\/ligue-1-transferts-quel-mercato-estival-pour-l-ea-guingamp\/#breadcrumb"},"inLanguage":"fr-FR","potentialAction":[{"@type":"ReadAction","target":["https:\/\/dicodusport.fr\/blog\/ligue-1-transferts-quel-mercato-estival-pour-l-ea-guingamp\/"]}]},{"@type":"ImageObject","inLanguage":"fr-FR","@id":"https:\/\/dicodusport.fr\/blog\/ligue-1-transferts-quel-mercato-estival-pour-l-ea-guingamp\/#primaryimage","url":"https:\/\/dicodusport.fr\/blog\/wp-content\/uploads\/2019\/05\/Mercato-EA-Guingamp.png","contentUrl":"https:\/\/dicodusport.fr\/blog\/wp-content\/uploads\/2019\/05\/Mercato-EA-Guingamp.png","width":800,"height":445},{"@type":"BreadcrumbList","@id":"https:\/\/dicodusport.fr\/blog\/ligue-1-transferts-quel-mercato-estival-pour-l-ea-guingamp\/#breadcrumb","itemListElement":[{"@type":"ListItem","position":1,"name":"Accueil","item":"https:\/\/dicodusport.fr\/blog\/"},{"@type":"ListItem","position":2,"name":"Ligue 1 &#8211; Transferts : quel mercato estival pour l&rsquo;EA Guingamp ?"}]},{"@type":"WebSite","@id":"https:\/\/dicodusport.fr\/blog\/#website","url":"https:\/\/dicodusport.fr\/blog\/","name":"Dicodusport","description":"L&#039;encyclop\u00e9die de l&#039;actualit\u00e9 sportive","publisher":{"@id":"https:\/\/dicodusport.fr\/blog\/#organization"},"potentialAction":[{"@type":"SearchAction","target":{"@type":"EntryPoint","urlTemplate":"https:\/\/dicodusport.fr\/blog\/?s={search_term_string}"},"query-input":{"@type":"PropertyValueSpecification","valueRequired":true,"valueName":"search_term_string"}}],"inLanguage":"fr-FR"},{"@type":"NewsMediaOrganization","@id":"https:\/\/dicodusport.fr\/blog\/#organization","name":"Dicodusport","url":"https:\/\/dicodusport.fr\/blog\/","logo":{"@type":"ImageObject","inLanguage":"fr-FR","@id":"https:\/\/dicodusport.fr\/blog\/#\/schema\/logo\/image\/","url":"https:\/\/dicodusport.fr\/blog\/wp-content\/uploads\/2020\/06\/cropped-LOGO-DICODUSPORT-2020-SANS-FOND-SANS-TEXTE.png","contentUrl":"https:\/\/dicodusport.fr\/blog\/wp-content\/uploads\/2020\/06\/cropped-LOGO-DICODUSPORT-2020-SANS-FOND-SANS-TEXTE.png","width":512,"height":512,"caption":"Dicodusport"},"image":{"@id":"https:\/\/dicodusport.fr\/blog\/#\/schema\/logo\/image\/"},"sameAs":["https:\/\/www.facebook.com\/dicodusport","https:\/\/x.com\/dicodusport","https:\/\/www.instagram.com\/dicodusport\/","https:\/\/www.youtube.com\/channel\/UC7V2KZ5sd3htJivAbA4ZG3w"],"description":"Dicodusport est l'encyclop\u00e9die de l'actualit\u00e9 sportive.","email":"bonjour@dicodusport.fr","legalName":"DICODUSPORT","foundingDate":"2018-01-14","vatID":"FR71834470973","taxID":"83447097300043","numberOfEmployees":{"@type":"QuantitativeValue","minValue":"1","maxValue":"10"}},{"@type":"Person","@id":"https:\/\/dicodusport.fr\/blog\/#\/schema\/person\/48bad9bec547f458f90c709b91a41248","name":"Maxime Giralt","image":{"@type":"ImageObject","inLanguage":"fr-FR","@id":"https:\/\/dicodusport.fr\/blog\/#\/schema\/person\/image\/","url":"https:\/\/dicodusport.fr\/blog\/wp-content\/uploads\/2017\/01\/logo-dicodusport-sans-fond-150x150.png","contentUrl":"https:\/\/dicodusport.fr\/blog\/wp-content\/uploads\/2017\/01\/logo-dicodusport-sans-fond-150x150.png","caption":"Maxime Giralt"},"url":"https:\/\/dicodusport.fr\/blog\/author\/maxime\/"}]}},"_links":{"self":[{"href":"https:\/\/dicodusport.fr\/blog\/wp-json\/wp\/v2\/posts\/39984","targetHints":{"allow":["GET"]}}],"collection":[{"href":"https:\/\/dicodusport.fr\/blog\/wp-json\/wp\/v2\/posts"}],"about":[{"href":"https:\/\/dicodusport.fr\/blog\/wp-json\/wp\/v2\/types\/post"}],"author":[{"embeddable":true,"href":"https:\/\/dicodusport.fr\/blog\/wp-json\/wp\/v2\/users\/38"}],"replies":[{"embeddable":true,"href":"https:\/\/dicodusport.fr\/blog\/wp-json\/wp\/v2\/comments?post=39984"}],"version-history":[{"count":0,"href":"https:\/\/dicodusport.fr\/blog\/wp-json\/wp\/v2\/posts\/39984\/revisions"}],"wp:featuredmedia":[{"embeddable":true,"href":"https:\/\/dicodusport.fr\/blog\/wp-json\/wp\/v2\/media\/40017"}],"wp:attachment":[{"href":"https:\/\/dicodusport.fr\/blog\/wp-json\/wp\/v2\/media?parent=39984"}],"wp:term":[{"taxonomy":"category","embeddable":true,"href":"https:\/\/dicodusport.fr\/blog\/wp-json\/wp\/v2\/categories?post=39984"},{"taxonomy":"post_tag","embeddable":true,"href":"https:\/\/dicodusport.fr\/blog\/wp-json\/wp\/v2\/tags?post=39984"}],"curies":[{"name":"wp","href":"https:\/\/api.w.org\/{rel}","templated":true}]}}