{"id":399900,"date":"2023-07-14T18:47:33","date_gmt":"2023-07-14T16:47:33","guid":{"rendered":"https:\/\/dicodusport.fr\/blog\/?p=399900&#038;preview=true&#038;preview_id=399900"},"modified":"2023-07-14T19:00:13","modified_gmt":"2023-07-14T17:00:13","slug":"vtt-noemie-garnier-et-maxime-marotte-titres-en-xcc","status":"publish","type":"post","link":"https:\/\/dicodusport.fr\/blog\/vtt-noemie-garnier-et-maxime-marotte-titres-en-xcc\/","title":{"rendered":"VTT Championnats de France : No\u00e9mie Garnier et Maxime Marotte titr\u00e9s en XCC"},"content":{"rendered":"<p style=\"text-align: justify;\"><em><strong><a href=\"https:\/\/dicodusport.fr\/blog\/programme-et-resultats-championnats-de-france-vtt-cross-country-2023\/\">CHAMPIONNATS DE FRANCE DE VTT 2023<\/a> &#8211; Ce vendredi, \u00e0 Jeumont (Nord), No\u00e9mie Garnier et Maxime Marotte ont rafl\u00e9 le titre national en VTT XCC.\u00a0<\/strong><\/em><\/p>\n<h2 style=\"text-align: justify;\">Garnier tire son \u00e9pingle du jeu<\/h2>\n<p style=\"text-align: justify;\"><strong>No\u00e9mie Garnier<\/strong> (21 ans) est championne de France de <strong>VTT XCC Short-track<\/strong>. \u00c0 <strong>Jeumont<\/strong>, la pilote du team Scott Creuse Oxyg\u00e8ne Gu\u00e9ret a profit\u00e9 de l&rsquo;absence de <strong>Pauline Ferrand-Pr\u00e9vot<\/strong> et <strong>Loana Lecomte<\/strong> pour rafler la mise. Au terme des 7 tours, la sp\u00e9cialiste du <strong>Cross-country Eliminator<\/strong> a devanc\u00e9<strong> Flavie Guille<\/strong> (Performance Cycling) et <strong>L\u00e9na G\u00e9rault<\/strong> (Berria Vittoria Factory). Cette derni\u00e8re \u00e9tait la favorite en l&rsquo;absence des deux t\u00eates d&rsquo;affiche du VTT f\u00e9minin tricolore. Pour Garnier, c&rsquo;est un deuxi\u00e8me titre national, apr\u00e8s celui acquis sur l&rsquo;Eliminator en 2021.<\/p>\n<h2 style=\"text-align: justify;\">Marotte titr\u00e9 chez les hommes<\/h2>\n<p style=\"text-align: justify;\">En difficult\u00e9 sur le circuit de la Coupe du monde, <strong>Maxime Marotte<\/strong> confirme sur la sc\u00e8ne nationale. Le pilote de 36 ans, double champion de France XCO (2017 et 2021), est d\u00e9sormais titr\u00e9 en XCC. L&rsquo;Alsacien a devanc\u00e9 ses deux partenaires du team <strong>Rockrider Ford Racing Team<\/strong>, <strong>Joshua Dubau<\/strong> et <strong>Mathis Azzaro<\/strong>. Le champion de France 2022, <strong>Maxime Loret<\/strong> (Massi), termine au pied du podium.<\/p>\n<div class=\"vlp-link-container vlp-layout-article\"><a href=\"https:\/\/dicodusport.fr\/blog\/programme-et-resultats-championnats-de-france-vtt-cross-country-2023\/\" class=\"vlp-link\" title=\"Programme et r\u00e9sultats Championnats de France VTT Cross-country 2023\"><\/a><div class=\"vlp-layout-zone-side\"><div class=\"vlp-block-4 vlp-link-image\"><img loading=\"lazy\" decoding=\"async\" style=\"max-width: 800px;\" width=\"800\" height=\"445\" src=\"https:\/\/dicodusport.fr\/blog\/wp-content\/uploads\/2023\/07\/Programme-et-resultats-Championnats-de-France-VTT-Cross-country-2023-1.png\" class=\"attachment-800x445 size-800x445\" alt=\"Programme et r\u00e9sultats Championnats de France VTT Cross-country 2023 (1)\" srcset=\"https:\/\/dicodusport.fr\/blog\/wp-content\/uploads\/2023\/07\/Programme-et-resultats-Championnats-de-France-VTT-Cross-country-2023-1.png 800w, https:\/\/dicodusport.fr\/blog\/wp-content\/uploads\/2023\/07\/Programme-et-resultats-Championnats-de-France-VTT-Cross-country-2023-1-300x167.png 300w, https:\/\/dicodusport.fr\/blog\/wp-content\/uploads\/2023\/07\/Programme-et-resultats-Championnats-de-France-VTT-Cross-country-2023-1-768x427.png 768w\" sizes=\"auto, (max-width: 800px) 100vw, 800px\" \/><\/div><\/div><div class=\"vlp-layout-zone-main\"><div class=\"vlp-block-0 vlp-link-title\">Programme et r\u00e9sultats Championnats de France VTT Cross-country 2023<\/div><div class=\"vlp-block-1 vlp-link-summary\">CHAMPIONNATS DE FRANCE DE VTT CROSS-COUNTRY 2023 - D\u00e9couvrez le programme et les r\u00e9sultats des championnats de France de VTT Cross-country 2023.<\/div><div class=\"vlp-block-2 vlp-link-button\">Lire l'article<\/div><div class=\"vlp-block-3 vlp-link-url\">dicodusport.fr<\/div><\/div><\/div>\n<h2 style=\"text-align: justify;\"><strong>\u00c0 lire aussi<\/strong><\/h2>\n<ul>\n<li style=\"text-align: justify;\"><a href=\"https:\/\/dicodusport.fr\/blog\/classement-course-vtt-xcc-femmes-championnats-de-france-2023\/\"><strong>VTT &#8211; Le classement de la course XCC femmes<\/strong><\/a><\/li>\n<li style=\"text-align: justify;\"><a href=\"https:\/\/dicodusport.fr\/blog\/classement-course-vtt-xcc-hommes-championnats-de-france-2023\/\"><strong>VTT &#8211; Le classement de la course XCC hommes<\/strong><\/a><\/li>\n<\/ul>\n","protected":false},"excerpt":{"rendered":"<p>CHAMPIONNATS DE FRANCE DE VTT 2023 &#8211; D\u00e9couvrez le classement (top 10) de la course XCC femmes des championnats de France de VTT Cross-country 2023 \u00e0 Jeumont (59), qui s&rsquo;est d\u00e9roul\u00e9e ce vendredi 14 juillet 2023.<\/p>\n","protected":false},"author":4,"featured_media":399932,"comment_status":"open","ping_status":"closed","sticky":false,"template":"","format":"standard","meta":{"_acf_changed":false,"_daextam_enable_autolinks":"","footnotes":""},"categories":[10279],"tags":[16878,24673,22840],"class_list":["post-399900","post","type-post","status-publish","format-standard","has-post-thumbnail","hentry","category-vtt","tag-breve","tag-vtt-xcc","tag-xcc"],"acf":[],"yoast_head":"<!-- This site is optimized with the Yoast SEO Premium plugin v26.7 (Yoast SEO v26.7) - https:\/\/yoast.com\/wordpress\/plugins\/seo\/ -->\n<title>VTT Championnats de France : No\u00e9mie Garnier et Maxime Marotte titr\u00e9s en XCC<\/title>\n<meta name=\"description\" content=\"CHAMPIONNATS DE FRANCE DE VTT 2023 - Ce vendredi, \u00e0 Jeumont (Nord), No\u00e9mie Garnier et Maxime Marotte ont rafl\u00e9 le titre national en VTT XCC.\u00a0\" \/>\n<meta name=\"robots\" content=\"index, follow, max-snippet:-1, max-image-preview:large, max-video-preview:-1\" \/>\n<link rel=\"canonical\" href=\"https:\/\/dicodusport.fr\/blog\/vtt-noemie-garnier-et-maxime-marotte-titres-en-xcc\/\" \/>\n<meta property=\"og:locale\" content=\"fr_FR\" \/>\n<meta property=\"og:type\" content=\"article\" \/>\n<meta property=\"og:title\" content=\"VTT Championnats de France : No\u00e9mie Garnier et Maxime Marotte titr\u00e9s en XCC\" \/>\n<meta property=\"og:description\" content=\"CHAMPIONNATS DE FRANCE DE VTT 2023 - Ce vendredi, \u00e0 Jeumont (Nord), No\u00e9mie Garnier et Maxime Marotte ont rafl\u00e9 le titre national en VTT XCC.\u00a0\" \/>\n<meta property=\"og:url\" content=\"https:\/\/dicodusport.fr\/blog\/vtt-noemie-garnier-et-maxime-marotte-titres-en-xcc\/\" \/>\n<meta property=\"og:site_name\" content=\"Dicodusport\" \/>\n<meta property=\"article:publisher\" content=\"https:\/\/www.facebook.com\/dicodusport\" \/>\n<meta property=\"article:author\" content=\"https:\/\/www.facebook.com\/florent.ostermann\" \/>\n<meta property=\"article:published_time\" content=\"2023-07-14T16:47:33+00:00\" \/>\n<meta property=\"article:modified_time\" content=\"2023-07-14T17:00:13+00:00\" \/>\n<meta property=\"og:image\" content=\"https:\/\/dicodusport.fr\/blog\/wp-content\/uploads\/2023\/07\/VTT-Noemie-Garnier-et-Maxime-Marotte-titres-en-XCC.png\" \/>\n\t<meta property=\"og:image:width\" content=\"800\" \/>\n\t<meta property=\"og:image:height\" content=\"445\" \/>\n\t<meta property=\"og:image:type\" content=\"image\/png\" \/>\n<meta name=\"author\" content=\"Flo Ostermann\" \/>\n<meta name=\"twitter:card\" content=\"summary_large_image\" \/>\n<meta name=\"twitter:title\" content=\"VTT Championnats de France : No\u00e9mie Garnier et Maxime Marotte titr\u00e9s en XCC\" \/>\n<meta name=\"twitter:creator\" content=\"@https:\/\/twitter.com\/FlOstermann\" \/>\n<meta name=\"twitter:site\" content=\"@dicodusport\" \/>\n<script type=\"application\/ld+json\" class=\"yoast-schema-graph\">{\"@context\":\"https:\/\/schema.org\",\"@graph\":[{\"@type\":\"NewsArticle\",\"@id\":\"https:\/\/dicodusport.fr\/blog\/vtt-noemie-garnier-et-maxime-marotte-titres-en-xcc\/#article\",\"isPartOf\":{\"@id\":\"https:\/\/dicodusport.fr\/blog\/vtt-noemie-garnier-et-maxime-marotte-titres-en-xcc\/\"},\"author\":{\"name\":\"Flo Ostermann\",\"@id\":\"https:\/\/dicodusport.fr\/blog\/#\/schema\/person\/cb02af4c173ce4a653b55e9baf388d4a\"},\"headline\":\"VTT Championnats de France : No\u00e9mie Garnier et Maxime Marotte titr\u00e9s en XCC\",\"datePublished\":\"2023-07-14T16:47:33+00:00\",\"dateModified\":\"2023-07-14T17:00:13+00:00\",\"mainEntityOfPage\":{\"@id\":\"https:\/\/dicodusport.fr\/blog\/vtt-noemie-garnier-et-maxime-marotte-titres-en-xcc\/\"},\"wordCount\":315,\"commentCount\":0,\"publisher\":{\"@id\":\"https:\/\/dicodusport.fr\/blog\/#organization\"},\"image\":{\"@id\":\"https:\/\/dicodusport.fr\/blog\/vtt-noemie-garnier-et-maxime-marotte-titres-en-xcc\/#primaryimage\"},\"thumbnailUrl\":\"https:\/\/dicodusport.fr\/blog\/wp-content\/uploads\/2023\/07\/VTT-Noemie-Garnier-et-Maxime-Marotte-titres-en-XCC.png\",\"keywords\":[\"br\u00e8ve\",\"VTT XCC\",\"XCC\"],\"articleSection\":[\"VTT\"],\"inLanguage\":\"fr-FR\",\"potentialAction\":[{\"@type\":\"CommentAction\",\"name\":\"Comment\",\"target\":[\"https:\/\/dicodusport.fr\/blog\/vtt-noemie-garnier-et-maxime-marotte-titres-en-xcc\/#respond\"]}],\"copyrightYear\":\"2023\",\"copyrightHolder\":{\"@id\":\"https:\/\/dicodusport.fr\/blog\/#organization\"}},{\"@type\":\"WebPage\",\"@id\":\"https:\/\/dicodusport.fr\/blog\/vtt-noemie-garnier-et-maxime-marotte-titres-en-xcc\/\",\"url\":\"https:\/\/dicodusport.fr\/blog\/vtt-noemie-garnier-et-maxime-marotte-titres-en-xcc\/\",\"name\":\"VTT Championnats de France : No\u00e9mie Garnier et Maxime Marotte titr\u00e9s en XCC\",\"isPartOf\":{\"@id\":\"https:\/\/dicodusport.fr\/blog\/#website\"},\"primaryImageOfPage\":{\"@id\":\"https:\/\/dicodusport.fr\/blog\/vtt-noemie-garnier-et-maxime-marotte-titres-en-xcc\/#primaryimage\"},\"image\":{\"@id\":\"https:\/\/dicodusport.fr\/blog\/vtt-noemie-garnier-et-maxime-marotte-titres-en-xcc\/#primaryimage\"},\"thumbnailUrl\":\"https:\/\/dicodusport.fr\/blog\/wp-content\/uploads\/2023\/07\/VTT-Noemie-Garnier-et-Maxime-Marotte-titres-en-XCC.png\",\"datePublished\":\"2023-07-14T16:47:33+00:00\",\"dateModified\":\"2023-07-14T17:00:13+00:00\",\"description\":\"CHAMPIONNATS DE FRANCE DE VTT 2023 - Ce vendredi, \u00e0 Jeumont (Nord), No\u00e9mie Garnier et Maxime Marotte ont rafl\u00e9 le titre national en VTT XCC.\u00a0\",\"breadcrumb\":{\"@id\":\"https:\/\/dicodusport.fr\/blog\/vtt-noemie-garnier-et-maxime-marotte-titres-en-xcc\/#breadcrumb\"},\"inLanguage\":\"fr-FR\",\"potentialAction\":[{\"@type\":\"ReadAction\",\"target\":[\"https:\/\/dicodusport.fr\/blog\/vtt-noemie-garnier-et-maxime-marotte-titres-en-xcc\/\"]}]},{\"@type\":\"ImageObject\",\"inLanguage\":\"fr-FR\",\"@id\":\"https:\/\/dicodusport.fr\/blog\/vtt-noemie-garnier-et-maxime-marotte-titres-en-xcc\/#primaryimage\",\"url\":\"https:\/\/dicodusport.fr\/blog\/wp-content\/uploads\/2023\/07\/VTT-Noemie-Garnier-et-Maxime-Marotte-titres-en-XCC.png\",\"contentUrl\":\"https:\/\/dicodusport.fr\/blog\/wp-content\/uploads\/2023\/07\/VTT-Noemie-Garnier-et-Maxime-Marotte-titres-en-XCC.png\",\"width\":800,\"height\":445,\"caption\":\"VTT No\u00e9mie Garnier et Maxime Marotte titr\u00e9s en XCC\"},{\"@type\":\"BreadcrumbList\",\"@id\":\"https:\/\/dicodusport.fr\/blog\/vtt-noemie-garnier-et-maxime-marotte-titres-en-xcc\/#breadcrumb\",\"itemListElement\":[{\"@type\":\"ListItem\",\"position\":1,\"name\":\"Accueil\",\"item\":\"https:\/\/dicodusport.fr\/blog\/\"},{\"@type\":\"ListItem\",\"position\":2,\"name\":\"VTT Championnats de France : No\u00e9mie Garnier et Maxime Marotte titr\u00e9s en XCC\"}]},{\"@type\":\"WebSite\",\"@id\":\"https:\/\/dicodusport.fr\/blog\/#website\",\"url\":\"https:\/\/dicodusport.fr\/blog\/\",\"name\":\"Dicodusport\",\"description\":\"L&#039;encyclop\u00e9die de l&#039;actualit\u00e9 sportive\",\"publisher\":{\"@id\":\"https:\/\/dicodusport.fr\/blog\/#organization\"},\"potentialAction\":[{\"@type\":\"SearchAction\",\"target\":{\"@type\":\"EntryPoint\",\"urlTemplate\":\"https:\/\/dicodusport.fr\/blog\/?s={search_term_string}\"},\"query-input\":{\"@type\":\"PropertyValueSpecification\",\"valueRequired\":true,\"valueName\":\"search_term_string\"}}],\"inLanguage\":\"fr-FR\"},{\"@type\":\"NewsMediaOrganization\",\"@id\":\"https:\/\/dicodusport.fr\/blog\/#organization\",\"name\":\"Dicodusport\",\"url\":\"https:\/\/dicodusport.fr\/blog\/\",\"logo\":{\"@type\":\"ImageObject\",\"inLanguage\":\"fr-FR\",\"@id\":\"https:\/\/dicodusport.fr\/blog\/#\/schema\/logo\/image\/\",\"url\":\"https:\/\/dicodusport.fr\/blog\/wp-content\/uploads\/2020\/06\/cropped-LOGO-DICODUSPORT-2020-SANS-FOND-SANS-TEXTE.png\",\"contentUrl\":\"https:\/\/dicodusport.fr\/blog\/wp-content\/uploads\/2020\/06\/cropped-LOGO-DICODUSPORT-2020-SANS-FOND-SANS-TEXTE.png\",\"width\":512,\"height\":512,\"caption\":\"Dicodusport\"},\"image\":{\"@id\":\"https:\/\/dicodusport.fr\/blog\/#\/schema\/logo\/image\/\"},\"sameAs\":[\"https:\/\/www.facebook.com\/dicodusport\",\"https:\/\/x.com\/dicodusport\",\"https:\/\/www.instagram.com\/dicodusport\/\",\"https:\/\/www.youtube.com\/channel\/UC7V2KZ5sd3htJivAbA4ZG3w\"],\"description\":\"Dicodusport est l'encyclop\u00e9die de l'actualit\u00e9 sportive.\",\"email\":\"bonjour@dicodusport.fr\",\"legalName\":\"DICODUSPORT\",\"foundingDate\":\"2018-01-14\",\"vatID\":\"FR71834470973\",\"taxID\":\"83447097300043\",\"numberOfEmployees\":{\"@type\":\"QuantitativeValue\",\"minValue\":\"1\",\"maxValue\":\"10\"}},{\"@type\":\"Person\",\"@id\":\"https:\/\/dicodusport.fr\/blog\/#\/schema\/person\/cb02af4c173ce4a653b55e9baf388d4a\",\"name\":\"Flo Ostermann\",\"image\":{\"@type\":\"ImageObject\",\"inLanguage\":\"fr-FR\",\"@id\":\"https:\/\/dicodusport.fr\/blog\/#\/schema\/person\/image\/\",\"url\":\"https:\/\/dicodusport.fr\/blog\/wp-content\/uploads\/2021\/05\/Flo-Ostermann-150x150.jpg\",\"contentUrl\":\"https:\/\/dicodusport.fr\/blog\/wp-content\/uploads\/2021\/05\/Flo-Ostermann-150x150.jpg\",\"caption\":\"Flo Ostermann\"},\"description\":\"Journaliste\/R\u00e9dacteur depuis septembre 2015 - Mes premiers souvenirs dans le sport ? Les envol\u00e9es du Stade Toulousain et les duels Villeneuve-Schumacher et H\u00e4kkinen-Schumacher \u00e0 la fin des ann\u00e9es 90, la Coupe du monde de football en 1998, l\u2019exploit du XV de France face aux All Blacks en 1999, mais aussi Richard C\u0153ur de Lion qui vole sur les montagnes du Tour de France. Bien parti pour devenir professeur d\u2019EPS, les \u00e9v\u00e9nements de la vie (et la flemme d\u2019animer des s\u00e9ances de 3x500 m\u00e8tres toute ma vie) m\u2019ont conduit \u00e0 revoir mes plans. Me voil\u00e0 depuis fin 2017 sur Dicodusport, m\u00e9dia gr\u00e2ce (et pour) lequel je partage ma passion : le sport dans tous ses \u00e9tats. Le tout accompagn\u00e9 par les fous furieux et folles furieuses cit\u00e9s sur cette page !\",\"sameAs\":[\"https:\/\/www.facebook.com\/florent.ostermann\",\"https:\/\/x.com\/https:\/\/twitter.com\/FlOstermann\",\"admin\"],\"url\":\"https:\/\/dicodusport.fr\/blog\/author\/flo\/\"}]}<\/script>\n<!-- \/ Yoast SEO Premium plugin. -->","yoast_head_json":{"title":"VTT Championnats de France : No\u00e9mie Garnier et Maxime Marotte titr\u00e9s en XCC","description":"CHAMPIONNATS DE FRANCE DE VTT 2023 - Ce vendredi, \u00e0 Jeumont (Nord), No\u00e9mie Garnier et Maxime Marotte ont rafl\u00e9 le titre national en VTT XCC.\u00a0","robots":{"index":"index","follow":"follow","max-snippet":"max-snippet:-1","max-image-preview":"max-image-preview:large","max-video-preview":"max-video-preview:-1"},"canonical":"https:\/\/dicodusport.fr\/blog\/vtt-noemie-garnier-et-maxime-marotte-titres-en-xcc\/","og_locale":"fr_FR","og_type":"article","og_title":"VTT Championnats de France : No\u00e9mie Garnier et Maxime Marotte titr\u00e9s en XCC","og_description":"CHAMPIONNATS DE FRANCE DE VTT 2023 - Ce vendredi, \u00e0 Jeumont (Nord), No\u00e9mie Garnier et Maxime Marotte ont rafl\u00e9 le titre national en VTT XCC.\u00a0","og_url":"https:\/\/dicodusport.fr\/blog\/vtt-noemie-garnier-et-maxime-marotte-titres-en-xcc\/","og_site_name":"Dicodusport","article_publisher":"https:\/\/www.facebook.com\/dicodusport","article_author":"https:\/\/www.facebook.com\/florent.ostermann","article_published_time":"2023-07-14T16:47:33+00:00","article_modified_time":"2023-07-14T17:00:13+00:00","og_image":[{"width":800,"height":445,"url":"https:\/\/dicodusport.fr\/blog\/wp-content\/uploads\/2023\/07\/VTT-Noemie-Garnier-et-Maxime-Marotte-titres-en-XCC.png","type":"image\/png"}],"author":"Flo Ostermann","twitter_card":"summary_large_image","twitter_title":"VTT Championnats de France : No\u00e9mie Garnier et Maxime Marotte titr\u00e9s en XCC","twitter_creator":"@https:\/\/twitter.com\/FlOstermann","twitter_site":"@dicodusport","schema":{"@context":"https:\/\/schema.org","@graph":[{"@type":"NewsArticle","@id":"https:\/\/dicodusport.fr\/blog\/vtt-noemie-garnier-et-maxime-marotte-titres-en-xcc\/#article","isPartOf":{"@id":"https:\/\/dicodusport.fr\/blog\/vtt-noemie-garnier-et-maxime-marotte-titres-en-xcc\/"},"author":{"name":"Flo Ostermann","@id":"https:\/\/dicodusport.fr\/blog\/#\/schema\/person\/cb02af4c173ce4a653b55e9baf388d4a"},"headline":"VTT Championnats de France : No\u00e9mie Garnier et Maxime Marotte titr\u00e9s en XCC","datePublished":"2023-07-14T16:47:33+00:00","dateModified":"2023-07-14T17:00:13+00:00","mainEntityOfPage":{"@id":"https:\/\/dicodusport.fr\/blog\/vtt-noemie-garnier-et-maxime-marotte-titres-en-xcc\/"},"wordCount":315,"commentCount":0,"publisher":{"@id":"https:\/\/dicodusport.fr\/blog\/#organization"},"image":{"@id":"https:\/\/dicodusport.fr\/blog\/vtt-noemie-garnier-et-maxime-marotte-titres-en-xcc\/#primaryimage"},"thumbnailUrl":"https:\/\/dicodusport.fr\/blog\/wp-content\/uploads\/2023\/07\/VTT-Noemie-Garnier-et-Maxime-Marotte-titres-en-XCC.png","keywords":["br\u00e8ve","VTT XCC","XCC"],"articleSection":["VTT"],"inLanguage":"fr-FR","potentialAction":[{"@type":"CommentAction","name":"Comment","target":["https:\/\/dicodusport.fr\/blog\/vtt-noemie-garnier-et-maxime-marotte-titres-en-xcc\/#respond"]}],"copyrightYear":"2023","copyrightHolder":{"@id":"https:\/\/dicodusport.fr\/blog\/#organization"}},{"@type":"WebPage","@id":"https:\/\/dicodusport.fr\/blog\/vtt-noemie-garnier-et-maxime-marotte-titres-en-xcc\/","url":"https:\/\/dicodusport.fr\/blog\/vtt-noemie-garnier-et-maxime-marotte-titres-en-xcc\/","name":"VTT Championnats de France : No\u00e9mie Garnier et Maxime Marotte titr\u00e9s en XCC","isPartOf":{"@id":"https:\/\/dicodusport.fr\/blog\/#website"},"primaryImageOfPage":{"@id":"https:\/\/dicodusport.fr\/blog\/vtt-noemie-garnier-et-maxime-marotte-titres-en-xcc\/#primaryimage"},"image":{"@id":"https:\/\/dicodusport.fr\/blog\/vtt-noemie-garnier-et-maxime-marotte-titres-en-xcc\/#primaryimage"},"thumbnailUrl":"https:\/\/dicodusport.fr\/blog\/wp-content\/uploads\/2023\/07\/VTT-Noemie-Garnier-et-Maxime-Marotte-titres-en-XCC.png","datePublished":"2023-07-14T16:47:33+00:00","dateModified":"2023-07-14T17:00:13+00:00","description":"CHAMPIONNATS DE FRANCE DE VTT 2023 - Ce vendredi, \u00e0 Jeumont (Nord), No\u00e9mie Garnier et Maxime Marotte ont rafl\u00e9 le titre national en VTT XCC.\u00a0","breadcrumb":{"@id":"https:\/\/dicodusport.fr\/blog\/vtt-noemie-garnier-et-maxime-marotte-titres-en-xcc\/#breadcrumb"},"inLanguage":"fr-FR","potentialAction":[{"@type":"ReadAction","target":["https:\/\/dicodusport.fr\/blog\/vtt-noemie-garnier-et-maxime-marotte-titres-en-xcc\/"]}]},{"@type":"ImageObject","inLanguage":"fr-FR","@id":"https:\/\/dicodusport.fr\/blog\/vtt-noemie-garnier-et-maxime-marotte-titres-en-xcc\/#primaryimage","url":"https:\/\/dicodusport.fr\/blog\/wp-content\/uploads\/2023\/07\/VTT-Noemie-Garnier-et-Maxime-Marotte-titres-en-XCC.png","contentUrl":"https:\/\/dicodusport.fr\/blog\/wp-content\/uploads\/2023\/07\/VTT-Noemie-Garnier-et-Maxime-Marotte-titres-en-XCC.png","width":800,"height":445,"caption":"VTT No\u00e9mie Garnier et Maxime Marotte titr\u00e9s en XCC"},{"@type":"BreadcrumbList","@id":"https:\/\/dicodusport.fr\/blog\/vtt-noemie-garnier-et-maxime-marotte-titres-en-xcc\/#breadcrumb","itemListElement":[{"@type":"ListItem","position":1,"name":"Accueil","item":"https:\/\/dicodusport.fr\/blog\/"},{"@type":"ListItem","position":2,"name":"VTT Championnats de France : No\u00e9mie Garnier et Maxime Marotte titr\u00e9s en XCC"}]},{"@type":"WebSite","@id":"https:\/\/dicodusport.fr\/blog\/#website","url":"https:\/\/dicodusport.fr\/blog\/","name":"Dicodusport","description":"L&#039;encyclop\u00e9die de l&#039;actualit\u00e9 sportive","publisher":{"@id":"https:\/\/dicodusport.fr\/blog\/#organization"},"potentialAction":[{"@type":"SearchAction","target":{"@type":"EntryPoint","urlTemplate":"https:\/\/dicodusport.fr\/blog\/?s={search_term_string}"},"query-input":{"@type":"PropertyValueSpecification","valueRequired":true,"valueName":"search_term_string"}}],"inLanguage":"fr-FR"},{"@type":"NewsMediaOrganization","@id":"https:\/\/dicodusport.fr\/blog\/#organization","name":"Dicodusport","url":"https:\/\/dicodusport.fr\/blog\/","logo":{"@type":"ImageObject","inLanguage":"fr-FR","@id":"https:\/\/dicodusport.fr\/blog\/#\/schema\/logo\/image\/","url":"https:\/\/dicodusport.fr\/blog\/wp-content\/uploads\/2020\/06\/cropped-LOGO-DICODUSPORT-2020-SANS-FOND-SANS-TEXTE.png","contentUrl":"https:\/\/dicodusport.fr\/blog\/wp-content\/uploads\/2020\/06\/cropped-LOGO-DICODUSPORT-2020-SANS-FOND-SANS-TEXTE.png","width":512,"height":512,"caption":"Dicodusport"},"image":{"@id":"https:\/\/dicodusport.fr\/blog\/#\/schema\/logo\/image\/"},"sameAs":["https:\/\/www.facebook.com\/dicodusport","https:\/\/x.com\/dicodusport","https:\/\/www.instagram.com\/dicodusport\/","https:\/\/www.youtube.com\/channel\/UC7V2KZ5sd3htJivAbA4ZG3w"],"description":"Dicodusport est l'encyclop\u00e9die de l'actualit\u00e9 sportive.","email":"bonjour@dicodusport.fr","legalName":"DICODUSPORT","foundingDate":"2018-01-14","vatID":"FR71834470973","taxID":"83447097300043","numberOfEmployees":{"@type":"QuantitativeValue","minValue":"1","maxValue":"10"}},{"@type":"Person","@id":"https:\/\/dicodusport.fr\/blog\/#\/schema\/person\/cb02af4c173ce4a653b55e9baf388d4a","name":"Flo Ostermann","image":{"@type":"ImageObject","inLanguage":"fr-FR","@id":"https:\/\/dicodusport.fr\/blog\/#\/schema\/person\/image\/","url":"https:\/\/dicodusport.fr\/blog\/wp-content\/uploads\/2021\/05\/Flo-Ostermann-150x150.jpg","contentUrl":"https:\/\/dicodusport.fr\/blog\/wp-content\/uploads\/2021\/05\/Flo-Ostermann-150x150.jpg","caption":"Flo Ostermann"},"description":"Journaliste\/R\u00e9dacteur depuis septembre 2015 - Mes premiers souvenirs dans le sport ? Les envol\u00e9es du Stade Toulousain et les duels Villeneuve-Schumacher et H\u00e4kkinen-Schumacher \u00e0 la fin des ann\u00e9es 90, la Coupe du monde de football en 1998, l\u2019exploit du XV de France face aux All Blacks en 1999, mais aussi Richard C\u0153ur de Lion qui vole sur les montagnes du Tour de France. Bien parti pour devenir professeur d\u2019EPS, les \u00e9v\u00e9nements de la vie (et la flemme d\u2019animer des s\u00e9ances de 3x500 m\u00e8tres toute ma vie) m\u2019ont conduit \u00e0 revoir mes plans. Me voil\u00e0 depuis fin 2017 sur Dicodusport, m\u00e9dia gr\u00e2ce (et pour) lequel je partage ma passion : le sport dans tous ses \u00e9tats. Le tout accompagn\u00e9 par les fous furieux et folles furieuses cit\u00e9s sur cette page !","sameAs":["https:\/\/www.facebook.com\/florent.ostermann","https:\/\/x.com\/https:\/\/twitter.com\/FlOstermann","admin"],"url":"https:\/\/dicodusport.fr\/blog\/author\/flo\/"}]}},"_links":{"self":[{"href":"https:\/\/dicodusport.fr\/blog\/wp-json\/wp\/v2\/posts\/399900","targetHints":{"allow":["GET"]}}],"collection":[{"href":"https:\/\/dicodusport.fr\/blog\/wp-json\/wp\/v2\/posts"}],"about":[{"href":"https:\/\/dicodusport.fr\/blog\/wp-json\/wp\/v2\/types\/post"}],"author":[{"embeddable":true,"href":"https:\/\/dicodusport.fr\/blog\/wp-json\/wp\/v2\/users\/4"}],"replies":[{"embeddable":true,"href":"https:\/\/dicodusport.fr\/blog\/wp-json\/wp\/v2\/comments?post=399900"}],"version-history":[{"count":0,"href":"https:\/\/dicodusport.fr\/blog\/wp-json\/wp\/v2\/posts\/399900\/revisions"}],"wp:featuredmedia":[{"embeddable":true,"href":"https:\/\/dicodusport.fr\/blog\/wp-json\/wp\/v2\/media\/399932"}],"wp:attachment":[{"href":"https:\/\/dicodusport.fr\/blog\/wp-json\/wp\/v2\/media?parent=399900"}],"wp:term":[{"taxonomy":"category","embeddable":true,"href":"https:\/\/dicodusport.fr\/blog\/wp-json\/wp\/v2\/categories?post=399900"},{"taxonomy":"post_tag","embeddable":true,"href":"https:\/\/dicodusport.fr\/blog\/wp-json\/wp\/v2\/tags?post=399900"}],"curies":[{"name":"wp","href":"https:\/\/api.w.org\/{rel}","templated":true}]}}