{"id":400021,"date":"2023-07-15T15:57:39","date_gmt":"2023-07-15T13:57:39","guid":{"rendered":"https:\/\/dicodusport.fr\/blog\/?p=400021&#038;preview=true&#038;preview_id=400021"},"modified":"2023-07-16T11:00:55","modified_gmt":"2023-07-16T09:00:55","slug":"championnat-deurope-espoirs-dathletisme-2023-les-deux-relais-4x100-m-francais-en-argent","status":"publish","type":"post","link":"https:\/\/dicodusport.fr\/blog\/championnat-deurope-espoirs-dathletisme-2023-les-deux-relais-4x100-m-francais-en-argent\/","title":{"rendered":"Championnat d&rsquo;Europe espoirs d&rsquo;athl\u00e9tisme 2023 : Les deux relais 4&#215;100 m fran\u00e7ais en argent !"},"content":{"rendered":"<p style=\"text-align: justify;\"><strong><em><a title=\"Programme et r\u00e9sultats Championnats d\u2019Europe espoirs d\u2019athl\u00e9tisme 2023\" href=\"https:\/\/dicodusport.fr\/blog\/calendrier-et-resultats-championnats-deurope-espoirs-dathletisme-2023\/\" target=\"_blank\" rel=\"noopener\">CHAMPIONNATS D&rsquo;EUROPE ESPOIRS<\/a> &#8211; Double ration de m\u00e9daille avec les deux m\u00e9dailles d&rsquo;argent rafl\u00e9es par les relais 4X100 m fran\u00e7ais !<br \/>\n<\/em><\/strong><\/p>\n<p style=\"text-align: justify;\">Belle mani\u00e8re de d\u00e9buter cette session d&rsquo;apr\u00e8s-midi ! Les relayeuses fran\u00e7aises ont montr\u00e9 le chemin \u00e0 leurs compatriotes fran\u00e7ais.<\/p>\n<p style=\"text-align: justify;\">Ce matin en s\u00e9ries, <strong>Hillary Gode <\/strong>et <strong>Marie-Ange Rimlinger<\/strong> ont lanc\u00e9 le relais. En 3e position, <strong>Serena Kouassi<\/strong> a pris un peu de retard. Finalement, <strong>Leelou Martial-Ehoulet<\/strong> a fini \u00e0 la 3e place, profitant du claquage de la Su\u00e9doise Famke Persson avec qui elle \u00e9tait \u00e0 la lutte pour la 3e place. En finale, m\u00eame composition d&rsquo;\u00e9quipe \u00e0 part <strong>G\u00e9mima Joseph<\/strong> qui remplace Serena Kouassi. Alors que les Allemandes ont connu un probl\u00e8me au passage de t\u00e9moin, <strong>Rimlinger<\/strong> a fait une grosse ligne droite. Ses co\u00e9quipi\u00e8res ont tenu le rythme pour finalement prendre l&rsquo;argent derri\u00e8re la Grande-Bretagne, en 43.39.<\/p>\n<blockquote class=\"twitter-tweet\">\n<p dir=\"ltr\" lang=\"fr\">\ud83e\udd48 M\u00c9DAILLE D&rsquo;ARGENT !<\/p>\n<p>\ud83c\uddeb\ud83c\uddf7 Le relais 4&#215;100 m \ud83d\udeba (Gode, Rimlinger, Joseph, Losange) prend la 2e place de la finale en 43\u00a0\u00bb39 aux Championnats d&rsquo;Europe U23 !<\/p>\n<p>\ud83d\udc4d Quatri\u00e8me r\u00e9compense pour la France \u00e0 <a href=\"https:\/\/twitter.com\/hashtag\/Espoo2023?src=hash&amp;ref_src=twsrc%5Etfw\">#Espoo2023<\/a> !<\/p>\n<p>\ud83c\udfa5 <a href=\"https:\/\/twitter.com\/allathleticstv?ref_src=twsrc%5Etfw\">@allathleticstv<\/a> \/ <a href=\"https:\/\/twitter.com\/EuroAthletics?ref_src=twsrc%5Etfw\">@EuroAthletics<\/a> <a href=\"https:\/\/t.co\/feh1wj0uyn\">pic.twitter.com\/feh1wj0uyn<\/a><\/p>\n<p>\u2014 FFAthl\u00e9tisme (@FFAthletisme) <a href=\"https:\/\/twitter.com\/FFAthletisme\/status\/1680216823596195840?ref_src=twsrc%5Etfw\">July 15, 2023<\/a><\/p><\/blockquote>\n<p><script async src=\"https:\/\/platform.twitter.com\/widgets.js\" charset=\"utf-8\"><\/script><\/p>\n<h2>Les Bleus \u00e9galement en argent !<\/h2>\n<p style=\"text-align: justify;\">En s\u00e9ries, <strong>Edmilson Varela<\/strong>, <strong>Hugo Cerra<\/strong>, <strong>Mohammed Badru<\/strong> et<strong> Aur\u00e9lien Larue<\/strong> ont assur\u00e9 derri\u00e8re les Irlandais qui ont r\u00e9alis\u00e9 un record national, pour se qualifier en 39.78. En finale, le <a title=\"Championnat d\u2019Europe espoirs d\u2019athl\u00e9tisme 2023 : Pablo Mateo en bronze au 100 m\" href=\"https:\/\/dicodusport.fr\/blog\/championnat-deurope-espoirs-dathletisme-2023-pablo-mateo-en-bronze-au-100-m\/\" target=\"_blank\" rel=\"noopener\">m\u00e9daill\u00e9 de bronze sur 100 m<\/a> <strong>Pablo Mateo<\/strong> a pris la place d&rsquo;Aur\u00e9lien Larue au finish tandis que <strong>Jordan Jalce<\/strong> qui participera au 200 m dans 2h, a pris celle d&rsquo;Edmilson Varela au d\u00e9part. Et les Fran\u00e7ais ont une nouvelle fois fait une belle course. Pass\u00e9s en t\u00eate apr\u00e8s le premier relais, ils \u00e9taient \u00e0 la bagarre avec la Pologne et l&rsquo;Italie. Lors du dernier relais, Pablo Mateo a fait une \u00e9norme ligne droite mais finit \u00e0 3 milli\u00e8mes de secondes de l&rsquo;Italien Junior Tardioli ! La France remporte donc l&rsquo;argent en 38.92 (38.920).<\/p>\n<blockquote class=\"twitter-tweet\">\n<p dir=\"ltr\" lang=\"fr\">\ud83e\udd48 VICE-CHAMPIONS D&rsquo;EUROPE !<\/p>\n<p>\ud83c\uddeb\ud83c\uddf7 Le relais 4&#215;100 m \ud83d\udeb9 (Jalce, Cerra, Badru, Mat\u00e9o) se classe 2e de la finale en 38\u00a0\u00bb92, \u00e0 quelques centim\u00e8tres de l&rsquo;Italie !<\/p>\n<p>\ud83d\udc4d Cinqui\u00e8me podium pour les Bleus \u00e0 <a href=\"https:\/\/twitter.com\/hashtag\/Espoo2023?src=hash&amp;ref_src=twsrc%5Etfw\">#Espoo2023<\/a> !<\/p>\n<p>\ud83c\udfa5 <a href=\"https:\/\/twitter.com\/allathleticstv?ref_src=twsrc%5Etfw\">@allathleticstv<\/a> \/ <a href=\"https:\/\/twitter.com\/EuroAthletics?ref_src=twsrc%5Etfw\">@EuroAthletics<\/a> <a href=\"https:\/\/t.co\/IMcPvodJec\">pic.twitter.com\/IMcPvodJec<\/a><\/p>\n<p>\u2014 FFAthl\u00e9tisme (@FFAthletisme) <a href=\"https:\/\/twitter.com\/FFAthletisme\/status\/1680219618227388423?ref_src=twsrc%5Etfw\">July 15, 2023<\/a><\/p><\/blockquote>\n<p><script async src=\"https:\/\/platform.twitter.com\/widgets.js\" charset=\"utf-8\"><\/script><\/p>\n","protected":false},"excerpt":{"rendered":"<p>CHAMPIONNATS D&rsquo;EUROPE ESPOIRS &#8211; Double ration de m\u00e9daille avec les deux m\u00e9dailles d&rsquo;argent rafl\u00e9es par les relais 4X100 m fran\u00e7ais !<\/p>\n","protected":false},"author":12,"featured_media":400171,"comment_status":"open","ping_status":"closed","sticky":false,"template":"","format":"standard","meta":{"_acf_changed":false,"_daextam_enable_autolinks":"","footnotes":""},"categories":[2308],"tags":[16878,17825],"class_list":["post-400021","post","type-post","status-publish","format-standard","has-post-thumbnail","hentry","category-athletisme","tag-breve","tag-championnats-deurope-u23-athletisme"],"acf":[],"yoast_head":"<!-- This site is optimized with the Yoast SEO Premium plugin v26.7 (Yoast SEO v26.7) - https:\/\/yoast.com\/wordpress\/plugins\/seo\/ -->\n<title>Championnat d&#039;Europe espoirs d&#039;athl\u00e9tisme 2023 : Les deux relais 4x100 m fran\u00e7ais en argent !<\/title>\n<meta name=\"description\" content=\"CHAMPIONNATS D&#039;EUROPE ESPOIRS - Double ration de m\u00e9daille avec les deux m\u00e9dailles d&#039;argent rafl\u00e9es par les relais 4X100 m fran\u00e7ais !\" \/>\n<meta name=\"robots\" content=\"index, follow, max-snippet:-1, max-image-preview:large, max-video-preview:-1\" \/>\n<link rel=\"canonical\" href=\"https:\/\/dicodusport.fr\/blog\/championnat-deurope-espoirs-dathletisme-2023-les-deux-relais-4x100-m-francais-en-argent\/\" \/>\n<meta property=\"og:locale\" content=\"fr_FR\" \/>\n<meta property=\"og:type\" content=\"article\" \/>\n<meta property=\"og:title\" content=\"Championnat d&#039;Europe espoirs d&#039;athl\u00e9tisme 2023 : Les deux relais 4x100 m fran\u00e7ais en argent !\" \/>\n<meta property=\"og:description\" content=\"CHAMPIONNATS D&#039;EUROPE ESPOIRS - Double ration de m\u00e9daille avec les deux m\u00e9dailles d&#039;argent rafl\u00e9es par les relais 4X100 m fran\u00e7ais !\" \/>\n<meta property=\"og:url\" content=\"https:\/\/dicodusport.fr\/blog\/championnat-deurope-espoirs-dathletisme-2023-les-deux-relais-4x100-m-francais-en-argent\/\" \/>\n<meta property=\"og:site_name\" content=\"Dicodusport\" \/>\n<meta property=\"article:publisher\" content=\"https:\/\/www.facebook.com\/dicodusport\" \/>\n<meta property=\"article:published_time\" content=\"2023-07-15T13:57:39+00:00\" \/>\n<meta property=\"article:modified_time\" content=\"2023-07-16T09:00:55+00:00\" \/>\n<meta property=\"og:image\" content=\"https:\/\/dicodusport.fr\/blog\/wp-content\/uploads\/2023\/07\/Championnat-dEurope-espoirs-dathletisme-2023-Les-deux-relais-4X100-m-francais-en-argent.png\" \/>\n\t<meta property=\"og:image:width\" content=\"800\" \/>\n\t<meta property=\"og:image:height\" content=\"445\" \/>\n\t<meta property=\"og:image:type\" content=\"image\/png\" \/>\n<meta name=\"author\" content=\"Arlette Yeye\" \/>\n<meta name=\"twitter:card\" content=\"summary_large_image\" \/>\n<meta name=\"twitter:title\" content=\"Championnat d&#039;Europe espoirs d&#039;athl\u00e9tisme 2023 : Les deux relais 4x100 m fran\u00e7ais en argent !\" \/>\n<meta name=\"twitter:creator\" content=\"@https:\/\/twitter.com\/Shiclette94\" \/>\n<meta name=\"twitter:site\" content=\"@dicodusport\" \/>\n<script type=\"application\/ld+json\" class=\"yoast-schema-graph\">{\"@context\":\"https:\/\/schema.org\",\"@graph\":[{\"@type\":\"NewsArticle\",\"@id\":\"https:\/\/dicodusport.fr\/blog\/championnat-deurope-espoirs-dathletisme-2023-les-deux-relais-4x100-m-francais-en-argent\/#article\",\"isPartOf\":{\"@id\":\"https:\/\/dicodusport.fr\/blog\/championnat-deurope-espoirs-dathletisme-2023-les-deux-relais-4x100-m-francais-en-argent\/\"},\"author\":{\"name\":\"Arlette Yeye\",\"@id\":\"https:\/\/dicodusport.fr\/blog\/#\/schema\/person\/cce96fa88785bd8573e3d43078ac8c79\"},\"headline\":\"Championnat d&rsquo;Europe espoirs d&rsquo;athl\u00e9tisme 2023 : Les deux relais 4&#215;100 m fran\u00e7ais en argent !\",\"datePublished\":\"2023-07-15T13:57:39+00:00\",\"dateModified\":\"2023-07-16T09:00:55+00:00\",\"mainEntityOfPage\":{\"@id\":\"https:\/\/dicodusport.fr\/blog\/championnat-deurope-espoirs-dathletisme-2023-les-deux-relais-4x100-m-francais-en-argent\/\"},\"wordCount\":395,\"commentCount\":0,\"publisher\":{\"@id\":\"https:\/\/dicodusport.fr\/blog\/#organization\"},\"image\":{\"@id\":\"https:\/\/dicodusport.fr\/blog\/championnat-deurope-espoirs-dathletisme-2023-les-deux-relais-4x100-m-francais-en-argent\/#primaryimage\"},\"thumbnailUrl\":\"https:\/\/dicodusport.fr\/blog\/wp-content\/uploads\/2023\/07\/Championnat-dEurope-espoirs-dathletisme-2023-Les-deux-relais-4X100-m-francais-en-argent.png\",\"keywords\":[\"br\u00e8ve\",\"Championnats d'Europe U23 athl\u00e9tisme\"],\"articleSection\":[\"Athl\u00e9tisme\"],\"inLanguage\":\"fr-FR\",\"potentialAction\":[{\"@type\":\"CommentAction\",\"name\":\"Comment\",\"target\":[\"https:\/\/dicodusport.fr\/blog\/championnat-deurope-espoirs-dathletisme-2023-les-deux-relais-4x100-m-francais-en-argent\/#respond\"]}],\"copyrightYear\":\"2023\",\"copyrightHolder\":{\"@id\":\"https:\/\/dicodusport.fr\/blog\/#organization\"}},{\"@type\":\"WebPage\",\"@id\":\"https:\/\/dicodusport.fr\/blog\/championnat-deurope-espoirs-dathletisme-2023-les-deux-relais-4x100-m-francais-en-argent\/\",\"url\":\"https:\/\/dicodusport.fr\/blog\/championnat-deurope-espoirs-dathletisme-2023-les-deux-relais-4x100-m-francais-en-argent\/\",\"name\":\"Championnat d'Europe espoirs d'athl\u00e9tisme 2023 : Les deux relais 4x100 m fran\u00e7ais en argent !\",\"isPartOf\":{\"@id\":\"https:\/\/dicodusport.fr\/blog\/#website\"},\"primaryImageOfPage\":{\"@id\":\"https:\/\/dicodusport.fr\/blog\/championnat-deurope-espoirs-dathletisme-2023-les-deux-relais-4x100-m-francais-en-argent\/#primaryimage\"},\"image\":{\"@id\":\"https:\/\/dicodusport.fr\/blog\/championnat-deurope-espoirs-dathletisme-2023-les-deux-relais-4x100-m-francais-en-argent\/#primaryimage\"},\"thumbnailUrl\":\"https:\/\/dicodusport.fr\/blog\/wp-content\/uploads\/2023\/07\/Championnat-dEurope-espoirs-dathletisme-2023-Les-deux-relais-4X100-m-francais-en-argent.png\",\"datePublished\":\"2023-07-15T13:57:39+00:00\",\"dateModified\":\"2023-07-16T09:00:55+00:00\",\"description\":\"CHAMPIONNATS D'EUROPE ESPOIRS - Double ration de m\u00e9daille avec les deux m\u00e9dailles d'argent rafl\u00e9es par les relais 4X100 m fran\u00e7ais !\",\"breadcrumb\":{\"@id\":\"https:\/\/dicodusport.fr\/blog\/championnat-deurope-espoirs-dathletisme-2023-les-deux-relais-4x100-m-francais-en-argent\/#breadcrumb\"},\"inLanguage\":\"fr-FR\",\"potentialAction\":[{\"@type\":\"ReadAction\",\"target\":[\"https:\/\/dicodusport.fr\/blog\/championnat-deurope-espoirs-dathletisme-2023-les-deux-relais-4x100-m-francais-en-argent\/\"]}]},{\"@type\":\"ImageObject\",\"inLanguage\":\"fr-FR\",\"@id\":\"https:\/\/dicodusport.fr\/blog\/championnat-deurope-espoirs-dathletisme-2023-les-deux-relais-4x100-m-francais-en-argent\/#primaryimage\",\"url\":\"https:\/\/dicodusport.fr\/blog\/wp-content\/uploads\/2023\/07\/Championnat-dEurope-espoirs-dathletisme-2023-Les-deux-relais-4X100-m-francais-en-argent.png\",\"contentUrl\":\"https:\/\/dicodusport.fr\/blog\/wp-content\/uploads\/2023\/07\/Championnat-dEurope-espoirs-dathletisme-2023-Les-deux-relais-4X100-m-francais-en-argent.png\",\"width\":800,\"height\":445,\"caption\":\"Championnat d'Europe espoirs d'athl\u00e9tisme 2023 Les deux relais 4X100 m fran\u00e7ais en argent\"},{\"@type\":\"BreadcrumbList\",\"@id\":\"https:\/\/dicodusport.fr\/blog\/championnat-deurope-espoirs-dathletisme-2023-les-deux-relais-4x100-m-francais-en-argent\/#breadcrumb\",\"itemListElement\":[{\"@type\":\"ListItem\",\"position\":1,\"name\":\"Accueil\",\"item\":\"https:\/\/dicodusport.fr\/blog\/\"},{\"@type\":\"ListItem\",\"position\":2,\"name\":\"Championnat d&rsquo;Europe espoirs d&rsquo;athl\u00e9tisme 2023 : Les deux relais 4&#215;100 m fran\u00e7ais en argent !\"}]},{\"@type\":\"WebSite\",\"@id\":\"https:\/\/dicodusport.fr\/blog\/#website\",\"url\":\"https:\/\/dicodusport.fr\/blog\/\",\"name\":\"Dicodusport\",\"description\":\"L&#039;encyclop\u00e9die de l&#039;actualit\u00e9 sportive\",\"publisher\":{\"@id\":\"https:\/\/dicodusport.fr\/blog\/#organization\"},\"potentialAction\":[{\"@type\":\"SearchAction\",\"target\":{\"@type\":\"EntryPoint\",\"urlTemplate\":\"https:\/\/dicodusport.fr\/blog\/?s={search_term_string}\"},\"query-input\":{\"@type\":\"PropertyValueSpecification\",\"valueRequired\":true,\"valueName\":\"search_term_string\"}}],\"inLanguage\":\"fr-FR\"},{\"@type\":\"NewsMediaOrganization\",\"@id\":\"https:\/\/dicodusport.fr\/blog\/#organization\",\"name\":\"Dicodusport\",\"url\":\"https:\/\/dicodusport.fr\/blog\/\",\"logo\":{\"@type\":\"ImageObject\",\"inLanguage\":\"fr-FR\",\"@id\":\"https:\/\/dicodusport.fr\/blog\/#\/schema\/logo\/image\/\",\"url\":\"https:\/\/dicodusport.fr\/blog\/wp-content\/uploads\/2020\/06\/cropped-LOGO-DICODUSPORT-2020-SANS-FOND-SANS-TEXTE.png\",\"contentUrl\":\"https:\/\/dicodusport.fr\/blog\/wp-content\/uploads\/2020\/06\/cropped-LOGO-DICODUSPORT-2020-SANS-FOND-SANS-TEXTE.png\",\"width\":512,\"height\":512,\"caption\":\"Dicodusport\"},\"image\":{\"@id\":\"https:\/\/dicodusport.fr\/blog\/#\/schema\/logo\/image\/\"},\"sameAs\":[\"https:\/\/www.facebook.com\/dicodusport\",\"https:\/\/x.com\/dicodusport\",\"https:\/\/www.instagram.com\/dicodusport\/\",\"https:\/\/www.youtube.com\/channel\/UC7V2KZ5sd3htJivAbA4ZG3w\"],\"description\":\"Dicodusport est l'encyclop\u00e9die de l'actualit\u00e9 sportive.\",\"email\":\"bonjour@dicodusport.fr\",\"legalName\":\"DICODUSPORT\",\"foundingDate\":\"2018-01-14\",\"vatID\":\"FR71834470973\",\"taxID\":\"83447097300043\",\"numberOfEmployees\":{\"@type\":\"QuantitativeValue\",\"minValue\":\"1\",\"maxValue\":\"10\"}},{\"@type\":\"Person\",\"@id\":\"https:\/\/dicodusport.fr\/blog\/#\/schema\/person\/cce96fa88785bd8573e3d43078ac8c79\",\"name\":\"Arlette Yeye\",\"image\":{\"@type\":\"ImageObject\",\"inLanguage\":\"fr-FR\",\"@id\":\"https:\/\/dicodusport.fr\/blog\/#\/schema\/person\/image\/\",\"url\":\"https:\/\/secure.gravatar.com\/avatar\/dca4a6239e6d708e46c45d60e160de6c?s=96&d=wp_user_avatar&r=g\",\"contentUrl\":\"https:\/\/secure.gravatar.com\/avatar\/dca4a6239e6d708e46c45d60e160de6c?s=96&d=wp_user_avatar&r=g\",\"caption\":\"Arlette Yeye\"},\"description\":\"Journaliste\/r\u00e9dactrice depuis septembre 2015 - Supportrice de Chelsea, j'ai pour sports de pr\u00e9dilection le handball, l'athl\u00e9tisme et le tennis. Si je tweete plus vite que mon ombre, vous pouvez aussi me retrouver les week-ends sur les playgrounds de Bruxelles pour un petit foot ou basket entre potes. Parcourir la France, l'Europe et plus si affinit\u00e9s pour suivre mes sportifs pr\u00e9f\u00e9r\u00e9s ? Mon kif ! Et c'est avec plaisir que je partage les r\u00e9sultats des sports populaires mais \u00e9galement plus confidentiels pour Dicodusport.\",\"sameAs\":[\"https:\/\/x.com\/https:\/\/twitter.com\/Shiclette94\"],\"url\":\"https:\/\/dicodusport.fr\/blog\/author\/arlette\/\"}]}<\/script>\n<!-- \/ Yoast SEO Premium plugin. -->","yoast_head_json":{"title":"Championnat d'Europe espoirs d'athl\u00e9tisme 2023 : Les deux relais 4x100 m fran\u00e7ais en argent !","description":"CHAMPIONNATS D'EUROPE ESPOIRS - Double ration de m\u00e9daille avec les deux m\u00e9dailles d'argent rafl\u00e9es par les relais 4X100 m fran\u00e7ais !","robots":{"index":"index","follow":"follow","max-snippet":"max-snippet:-1","max-image-preview":"max-image-preview:large","max-video-preview":"max-video-preview:-1"},"canonical":"https:\/\/dicodusport.fr\/blog\/championnat-deurope-espoirs-dathletisme-2023-les-deux-relais-4x100-m-francais-en-argent\/","og_locale":"fr_FR","og_type":"article","og_title":"Championnat d'Europe espoirs d'athl\u00e9tisme 2023 : Les deux relais 4x100 m fran\u00e7ais en argent !","og_description":"CHAMPIONNATS D'EUROPE ESPOIRS - Double ration de m\u00e9daille avec les deux m\u00e9dailles d'argent rafl\u00e9es par les relais 4X100 m fran\u00e7ais !","og_url":"https:\/\/dicodusport.fr\/blog\/championnat-deurope-espoirs-dathletisme-2023-les-deux-relais-4x100-m-francais-en-argent\/","og_site_name":"Dicodusport","article_publisher":"https:\/\/www.facebook.com\/dicodusport","article_published_time":"2023-07-15T13:57:39+00:00","article_modified_time":"2023-07-16T09:00:55+00:00","og_image":[{"width":800,"height":445,"url":"https:\/\/dicodusport.fr\/blog\/wp-content\/uploads\/2023\/07\/Championnat-dEurope-espoirs-dathletisme-2023-Les-deux-relais-4X100-m-francais-en-argent.png","type":"image\/png"}],"author":"Arlette Yeye","twitter_card":"summary_large_image","twitter_title":"Championnat d'Europe espoirs d'athl\u00e9tisme 2023 : Les deux relais 4x100 m fran\u00e7ais en argent !","twitter_creator":"@https:\/\/twitter.com\/Shiclette94","twitter_site":"@dicodusport","schema":{"@context":"https:\/\/schema.org","@graph":[{"@type":"NewsArticle","@id":"https:\/\/dicodusport.fr\/blog\/championnat-deurope-espoirs-dathletisme-2023-les-deux-relais-4x100-m-francais-en-argent\/#article","isPartOf":{"@id":"https:\/\/dicodusport.fr\/blog\/championnat-deurope-espoirs-dathletisme-2023-les-deux-relais-4x100-m-francais-en-argent\/"},"author":{"name":"Arlette Yeye","@id":"https:\/\/dicodusport.fr\/blog\/#\/schema\/person\/cce96fa88785bd8573e3d43078ac8c79"},"headline":"Championnat d&rsquo;Europe espoirs d&rsquo;athl\u00e9tisme 2023 : Les deux relais 4&#215;100 m fran\u00e7ais en argent !","datePublished":"2023-07-15T13:57:39+00:00","dateModified":"2023-07-16T09:00:55+00:00","mainEntityOfPage":{"@id":"https:\/\/dicodusport.fr\/blog\/championnat-deurope-espoirs-dathletisme-2023-les-deux-relais-4x100-m-francais-en-argent\/"},"wordCount":395,"commentCount":0,"publisher":{"@id":"https:\/\/dicodusport.fr\/blog\/#organization"},"image":{"@id":"https:\/\/dicodusport.fr\/blog\/championnat-deurope-espoirs-dathletisme-2023-les-deux-relais-4x100-m-francais-en-argent\/#primaryimage"},"thumbnailUrl":"https:\/\/dicodusport.fr\/blog\/wp-content\/uploads\/2023\/07\/Championnat-dEurope-espoirs-dathletisme-2023-Les-deux-relais-4X100-m-francais-en-argent.png","keywords":["br\u00e8ve","Championnats d'Europe U23 athl\u00e9tisme"],"articleSection":["Athl\u00e9tisme"],"inLanguage":"fr-FR","potentialAction":[{"@type":"CommentAction","name":"Comment","target":["https:\/\/dicodusport.fr\/blog\/championnat-deurope-espoirs-dathletisme-2023-les-deux-relais-4x100-m-francais-en-argent\/#respond"]}],"copyrightYear":"2023","copyrightHolder":{"@id":"https:\/\/dicodusport.fr\/blog\/#organization"}},{"@type":"WebPage","@id":"https:\/\/dicodusport.fr\/blog\/championnat-deurope-espoirs-dathletisme-2023-les-deux-relais-4x100-m-francais-en-argent\/","url":"https:\/\/dicodusport.fr\/blog\/championnat-deurope-espoirs-dathletisme-2023-les-deux-relais-4x100-m-francais-en-argent\/","name":"Championnat d'Europe espoirs d'athl\u00e9tisme 2023 : Les deux relais 4x100 m fran\u00e7ais en argent !","isPartOf":{"@id":"https:\/\/dicodusport.fr\/blog\/#website"},"primaryImageOfPage":{"@id":"https:\/\/dicodusport.fr\/blog\/championnat-deurope-espoirs-dathletisme-2023-les-deux-relais-4x100-m-francais-en-argent\/#primaryimage"},"image":{"@id":"https:\/\/dicodusport.fr\/blog\/championnat-deurope-espoirs-dathletisme-2023-les-deux-relais-4x100-m-francais-en-argent\/#primaryimage"},"thumbnailUrl":"https:\/\/dicodusport.fr\/blog\/wp-content\/uploads\/2023\/07\/Championnat-dEurope-espoirs-dathletisme-2023-Les-deux-relais-4X100-m-francais-en-argent.png","datePublished":"2023-07-15T13:57:39+00:00","dateModified":"2023-07-16T09:00:55+00:00","description":"CHAMPIONNATS D'EUROPE ESPOIRS - Double ration de m\u00e9daille avec les deux m\u00e9dailles d'argent rafl\u00e9es par les relais 4X100 m fran\u00e7ais !","breadcrumb":{"@id":"https:\/\/dicodusport.fr\/blog\/championnat-deurope-espoirs-dathletisme-2023-les-deux-relais-4x100-m-francais-en-argent\/#breadcrumb"},"inLanguage":"fr-FR","potentialAction":[{"@type":"ReadAction","target":["https:\/\/dicodusport.fr\/blog\/championnat-deurope-espoirs-dathletisme-2023-les-deux-relais-4x100-m-francais-en-argent\/"]}]},{"@type":"ImageObject","inLanguage":"fr-FR","@id":"https:\/\/dicodusport.fr\/blog\/championnat-deurope-espoirs-dathletisme-2023-les-deux-relais-4x100-m-francais-en-argent\/#primaryimage","url":"https:\/\/dicodusport.fr\/blog\/wp-content\/uploads\/2023\/07\/Championnat-dEurope-espoirs-dathletisme-2023-Les-deux-relais-4X100-m-francais-en-argent.png","contentUrl":"https:\/\/dicodusport.fr\/blog\/wp-content\/uploads\/2023\/07\/Championnat-dEurope-espoirs-dathletisme-2023-Les-deux-relais-4X100-m-francais-en-argent.png","width":800,"height":445,"caption":"Championnat d'Europe espoirs d'athl\u00e9tisme 2023 Les deux relais 4X100 m fran\u00e7ais en argent"},{"@type":"BreadcrumbList","@id":"https:\/\/dicodusport.fr\/blog\/championnat-deurope-espoirs-dathletisme-2023-les-deux-relais-4x100-m-francais-en-argent\/#breadcrumb","itemListElement":[{"@type":"ListItem","position":1,"name":"Accueil","item":"https:\/\/dicodusport.fr\/blog\/"},{"@type":"ListItem","position":2,"name":"Championnat d&rsquo;Europe espoirs d&rsquo;athl\u00e9tisme 2023 : Les deux relais 4&#215;100 m fran\u00e7ais en argent !"}]},{"@type":"WebSite","@id":"https:\/\/dicodusport.fr\/blog\/#website","url":"https:\/\/dicodusport.fr\/blog\/","name":"Dicodusport","description":"L&#039;encyclop\u00e9die de l&#039;actualit\u00e9 sportive","publisher":{"@id":"https:\/\/dicodusport.fr\/blog\/#organization"},"potentialAction":[{"@type":"SearchAction","target":{"@type":"EntryPoint","urlTemplate":"https:\/\/dicodusport.fr\/blog\/?s={search_term_string}"},"query-input":{"@type":"PropertyValueSpecification","valueRequired":true,"valueName":"search_term_string"}}],"inLanguage":"fr-FR"},{"@type":"NewsMediaOrganization","@id":"https:\/\/dicodusport.fr\/blog\/#organization","name":"Dicodusport","url":"https:\/\/dicodusport.fr\/blog\/","logo":{"@type":"ImageObject","inLanguage":"fr-FR","@id":"https:\/\/dicodusport.fr\/blog\/#\/schema\/logo\/image\/","url":"https:\/\/dicodusport.fr\/blog\/wp-content\/uploads\/2020\/06\/cropped-LOGO-DICODUSPORT-2020-SANS-FOND-SANS-TEXTE.png","contentUrl":"https:\/\/dicodusport.fr\/blog\/wp-content\/uploads\/2020\/06\/cropped-LOGO-DICODUSPORT-2020-SANS-FOND-SANS-TEXTE.png","width":512,"height":512,"caption":"Dicodusport"},"image":{"@id":"https:\/\/dicodusport.fr\/blog\/#\/schema\/logo\/image\/"},"sameAs":["https:\/\/www.facebook.com\/dicodusport","https:\/\/x.com\/dicodusport","https:\/\/www.instagram.com\/dicodusport\/","https:\/\/www.youtube.com\/channel\/UC7V2KZ5sd3htJivAbA4ZG3w"],"description":"Dicodusport est l'encyclop\u00e9die de l'actualit\u00e9 sportive.","email":"bonjour@dicodusport.fr","legalName":"DICODUSPORT","foundingDate":"2018-01-14","vatID":"FR71834470973","taxID":"83447097300043","numberOfEmployees":{"@type":"QuantitativeValue","minValue":"1","maxValue":"10"}},{"@type":"Person","@id":"https:\/\/dicodusport.fr\/blog\/#\/schema\/person\/cce96fa88785bd8573e3d43078ac8c79","name":"Arlette Yeye","image":{"@type":"ImageObject","inLanguage":"fr-FR","@id":"https:\/\/dicodusport.fr\/blog\/#\/schema\/person\/image\/","url":"https:\/\/secure.gravatar.com\/avatar\/dca4a6239e6d708e46c45d60e160de6c?s=96&d=wp_user_avatar&r=g","contentUrl":"https:\/\/secure.gravatar.com\/avatar\/dca4a6239e6d708e46c45d60e160de6c?s=96&d=wp_user_avatar&r=g","caption":"Arlette Yeye"},"description":"Journaliste\/r\u00e9dactrice depuis septembre 2015 - Supportrice de Chelsea, j'ai pour sports de pr\u00e9dilection le handball, l'athl\u00e9tisme et le tennis. Si je tweete plus vite que mon ombre, vous pouvez aussi me retrouver les week-ends sur les playgrounds de Bruxelles pour un petit foot ou basket entre potes. Parcourir la France, l'Europe et plus si affinit\u00e9s pour suivre mes sportifs pr\u00e9f\u00e9r\u00e9s ? Mon kif ! Et c'est avec plaisir que je partage les r\u00e9sultats des sports populaires mais \u00e9galement plus confidentiels pour Dicodusport.","sameAs":["https:\/\/x.com\/https:\/\/twitter.com\/Shiclette94"],"url":"https:\/\/dicodusport.fr\/blog\/author\/arlette\/"}]}},"_links":{"self":[{"href":"https:\/\/dicodusport.fr\/blog\/wp-json\/wp\/v2\/posts\/400021","targetHints":{"allow":["GET"]}}],"collection":[{"href":"https:\/\/dicodusport.fr\/blog\/wp-json\/wp\/v2\/posts"}],"about":[{"href":"https:\/\/dicodusport.fr\/blog\/wp-json\/wp\/v2\/types\/post"}],"author":[{"embeddable":true,"href":"https:\/\/dicodusport.fr\/blog\/wp-json\/wp\/v2\/users\/12"}],"replies":[{"embeddable":true,"href":"https:\/\/dicodusport.fr\/blog\/wp-json\/wp\/v2\/comments?post=400021"}],"version-history":[{"count":0,"href":"https:\/\/dicodusport.fr\/blog\/wp-json\/wp\/v2\/posts\/400021\/revisions"}],"wp:featuredmedia":[{"embeddable":true,"href":"https:\/\/dicodusport.fr\/blog\/wp-json\/wp\/v2\/media\/400171"}],"wp:attachment":[{"href":"https:\/\/dicodusport.fr\/blog\/wp-json\/wp\/v2\/media?parent=400021"}],"wp:term":[{"taxonomy":"category","embeddable":true,"href":"https:\/\/dicodusport.fr\/blog\/wp-json\/wp\/v2\/categories?post=400021"},{"taxonomy":"post_tag","embeddable":true,"href":"https:\/\/dicodusport.fr\/blog\/wp-json\/wp\/v2\/tags?post=400021"}],"curies":[{"name":"wp","href":"https:\/\/api.w.org\/{rel}","templated":true}]}}