{"id":400022,"date":"2023-07-15T18:17:31","date_gmt":"2023-07-15T16:17:31","guid":{"rendered":"https:\/\/dicodusport.fr\/blog\/?p=400022&#038;preview=true&#038;preview_id=400022"},"modified":"2023-07-16T10:50:14","modified_gmt":"2023-07-16T08:50:14","slug":"athletisme-marie-julie-bonnin-est-championne-deurope-espoirs","status":"publish","type":"post","link":"https:\/\/dicodusport.fr\/blog\/athletisme-marie-julie-bonnin-est-championne-deurope-espoirs\/","title":{"rendered":"Athl\u00e9tisme : Marie-Julie Bonnin est championne d&rsquo;Europe espoirs !"},"content":{"rendered":"<p style=\"text-align: justify;\"><strong><em><a title=\"Programme et r\u00e9sultats Championnats d\u2019Europe espoirs d\u2019athl\u00e9tisme 2023\" href=\"https:\/\/dicodusport.fr\/blog\/calendrier-et-resultats-championnats-deurope-espoirs-dathletisme-2023\/\" target=\"_blank\" rel=\"noopener\">CHAMPIONNATS D&rsquo;EUROPE ESPOIRS<\/a> &#8211; Deuxi\u00e8me titre pour la France ! Marie-Julie Bonnin s&rsquo;offre l&rsquo;or au saut \u00e0 la perche.<br \/>\n<\/em><\/strong><\/p>\n<p style=\"text-align: justify;\">Mais tout n&rsquo;a pas \u00e9t\u00e9 ais\u00e9 pour en arriver l\u00e0 ! La Fran\u00e7aise est pass\u00e9e proche de la correctionnelle \u00e0 plusieurs reprises. D&rsquo;abord en qualifications. Apr\u00e8s avoir d\u00e9but\u00e9 son concours \u00e0 4.10 m, elle a failli par deux fois \u00e0 4.20 m. Il n&rsquo;y a pas eu besoin de franchir la barre qualificative de 4.30 m.<\/p>\n<p style=\"text-align: justify;\">Puis, en finale, elle s&rsquo;est fait une nouvelle fois une grosse frayeur. Elle a en effet pass\u00e9 4.30 m \u00e0 son 3e essai alors qu&rsquo;elle \u00e9tait retomb\u00e9e sur la barre \u00e0 son 2e essai. Apr\u00e8s avoir brillamment franchi 4.40 m, elle a r\u00e9ussi \u00e0 passer 4.45 \u00e0 son 2e essai. <strong>M\u00e9daille assur\u00e9e<\/strong> ! Et c&rsquo;\u00e9tait l&rsquo;argent. Alors que <strong>Kitty Friele Faye<\/strong> avait battu son record en franchissant 4.40 m, elle s&rsquo;est arr\u00eat\u00e9e l\u00e0, pour obtenir le bronze.<\/p>\n<p style=\"text-align: justify;\">Il ne restait donc plus que la Fran\u00e7aise et la Belge <strong>Elien Vekemans<\/strong> qui \u00e9tait alors premi\u00e8re. Les deux concurrentes se sont attaqu\u00e9es \u00e0 la barre de 4.50 m, Bonnin en premi\u00e8re. Le premier essai de la Fran\u00e7aise n&rsquo;\u00e9tait pas mal mais elle est retomb\u00e9e sur la barre. Mais son 3e essai a \u00e9t\u00e9 parfait. <strong>L\u00e9a Mauberret<\/strong> a couru sur le tapis pour f\u00eater avec sa compatriote qui \u00e9tait au bord des larmes cette r\u00e9ussite. Et la Belge ayant rat\u00e9 son dernier essai, <strong>Marie-Julie Bonnin a \u00e9t\u00e9 sacr\u00e9e championne d&rsquo;Europe espoirs<\/strong> ! En \u00e9galant la meilleure performance europ\u00e9enne espoir de l&rsquo;ann\u00e9e. Elle a tent\u00e9 4.62 m (record personnel). Mais la fatigue a commenc\u00e9 \u00e0 se faire sentir. Apr\u00e8s deux essais rat\u00e9s dont le dernier o\u00f9 elle est mal retomb\u00e9e, elle a d\u00e9cid\u00e9 d&rsquo;arr\u00eater.<\/p>\n<blockquote class=\"twitter-tweet\">\n<p dir=\"ltr\" lang=\"en\">Pure joy! \ud83e\udd70<\/p>\n<p>Marie-Julie Bonnin \ud83c\uddeb\ud83c\uddf7 clears 4.50m to win gold for France in <a href=\"https:\/\/twitter.com\/hashtag\/Espoo2023?src=hash&amp;ref_src=twsrc%5Etfw\">#Espoo2023<\/a>! \ud83e\udd47 <a href=\"https:\/\/t.co\/dNwiu6eTNC\">pic.twitter.com\/dNwiu6eTNC<\/a><\/p>\n<p>\u2014 European Athletics (@EuroAthletics) <a href=\"https:\/\/twitter.com\/EuroAthletics\/status\/1680252000959643648?ref_src=twsrc%5Etfw\">July 15, 2023<\/a><\/p><\/blockquote>\n<p><script async src=\"https:\/\/platform.twitter.com\/widgets.js\" charset=\"utf-8\"><\/script><\/p>\n<p style=\"text-align: justify;\">Apr\u00e8s la retomb\u00e9e des \u00e9motions, la Fran\u00e7aise s&rsquo;est confi\u00e9e. En commen\u00e7ant sur ses sensations en d\u00e9but de finale<\/p>\n<blockquote>\n<p style=\"text-align: justify;\">Pas forc\u00e9ment tr\u00e8s bien ni en confiance parce que je passe ma premi\u00e8re barre au 3e essai. Mais j&rsquo;ai envie de dire que \u00e7a m&rsquo;a mis dedans, et \u00e7a m&rsquo;a permis de me bouger sur mes prochains \u00e7a. Mais dans tous les cas je sais que j&rsquo;avais besoin de \u00e7a aujourd&rsquo;hui. J&rsquo;ai fait un \u00e9chauffement vraiment pourri mais \u00e7a m&rsquo;a mis dedans et \u00e7a m&rsquo;a donn\u00e9 confiance sur les sauts d&rsquo;apr\u00e8s.<\/p>\n<\/blockquote>\n<h3 style=\"text-align: justify;\">Qu&rsquo;est-ce que vous vous \u00eates dit apr\u00e8s avoir rat\u00e9 les deux premiers essais \u00e0 4.50 m ?<\/h3>\n<blockquote>\n<p style=\"text-align: justify;\">\u00ab\u00a0\u00c7a va \u00eatre dur mais tu sais que Dieu est de ton c\u00f4t\u00e9 et que c&rsquo;est aujourd\u2019hui que \u00e7a va le faire.\u00a0\u00bb J&rsquo;avais tout pour le passer, je savais que j&rsquo;avais de la marge. Il fallait juste que j&rsquo;enclenche le bon saut. Je ne me souviens m\u00eame pas du saut, j&rsquo;ai m\u00eame pas le ressenti du saut. Mais c&rsquo;est ce type de saut qui fonctionne g\u00e9n\u00e9ralement donc c&rsquo;est plut\u00f4t bon signe. Je me suis dit \u00ab\u00a0je veux pas finir deuxi\u00e8me, je pars pas d&rsquo;ici deuxi\u00e8me, j&rsquo;en ai marre d&rsquo;\u00eatre deuxi\u00e8me\u00a0\u00bb.<\/p>\n<\/blockquote>\n<h3 style=\"text-align: justify;\">Vice-championne d&rsquo;Europe juniors en 2019, championne d&rsquo;Europe espoirs. Vous suivez une progression lin\u00e9aire.<\/h3>\n<p style=\"text-align: justify;\">\u00c7a fait tellement du bien ! J&rsquo;en avais besoin et je pense que c&rsquo;est quelque chose qui me met en confiance. Dans une semaine on a les championnats de France et je pense que c&rsquo;\u00e9tait n\u00e9cessaire de prendre un peu la temp\u00e9rature et de pouvoir sortir un saut \u00e0 4.50 m sur une perche qui est pas forc\u00e9ment trop dure mais de travailler techniquement dessus. Et c&rsquo;est de bon augure pour la suite.<\/p>\n<h2 style=\"text-align: justify;\">L\u00e9a Mauberret 6e<\/h2>\n<p style=\"text-align: justify;\">Elles \u00e9taient 3 Fran\u00e7aises lors de cette finale. Malheureusement,<strong> Elise Russis<\/strong> n&rsquo;a pass\u00e9 que 4.00 m \u00e0 son 2e essai avant d&rsquo;\u00e9chouer \u00e0 4.15 m.<br \/>\nDe son c\u00f4t\u00e9, <strong>L\u00e9a Mauberret<\/strong> a franchi 4.00 m \u00e0 son 2e essai puis 4.15 m. Comme Bonnin, elle a eu chaud \u00e0 4.30 m, passant \u00e0 son 3e essai. Elle a ainsi \u00e9gal\u00e9 son record personnel. N&rsquo;ayant pas r\u00e9ussi son premier essai \u00e0 4.40 m, elle a d\u00e9cid\u00e9 de garder ses deux sauts suivants pour 4.45 m. En vain. Elle termine 6e de la finale. Elle a fait le bilan de sa finale :<\/p>\n<blockquote>\n<p style=\"text-align: justify;\">Les conditions \u00e9taient mitig\u00e9es parce que le vent tournait beaucoup. On avait le vent de dos, puis de face ou de c\u00f4t\u00e9. J&rsquo;ai tout donn\u00e9. Mon dernier essai est tr\u00e8s opportun. \u00c7a pouvait passer. Il me manquait un essai. Mais je suis confiante pour la suite et je me pr\u00e9pare pour les Elite. C&rsquo;\u00e9tait un super concours, le niveau \u00e9tait assez relev\u00e9 donc que du bon pour la suite.<\/p>\n<p style=\"text-align: justify;\">J&rsquo;ai un peu de regret [NDLR : de ne pas avoir tent\u00e9 les 4.40 m], c&rsquo;est un mini-regret. C&rsquo;est pas tr\u00e8s tr\u00e8s grave. Il y a plein de bonnes choses donc je ne m&rsquo;arr\u00eate pas \u00e0 \u00e7a. J&rsquo;aurai l&rsquo;occasion de les tenter \u00e0 un autre moment.<\/p>\n<\/blockquote>\n<p>&nbsp;<\/p>\n","protected":false},"excerpt":{"rendered":"<p>CHAMPIONNATS D&rsquo;EUROPE ESPOIRS &#8211; Deuxi\u00e8me titre pour la France ! Marie-Julie Bonnin s&rsquo;offre l&rsquo;or au saut \u00e0 la perche.<\/p>\n","protected":false},"author":12,"featured_media":400367,"comment_status":"open","ping_status":"closed","sticky":false,"template":"","format":"standard","meta":{"_acf_changed":false,"_daextam_enable_autolinks":"","footnotes":""},"categories":[2308],"tags":[16878,17825,32833,1426],"class_list":["post-400022","post","type-post","status-publish","format-standard","has-post-thumbnail","hentry","category-athletisme","tag-breve","tag-championnats-deurope-u23-athletisme","tag-marie-julie-bonnin","tag-saut-a-la-perche"],"acf":[],"yoast_head":"<!-- This site is optimized with the Yoast SEO Premium plugin v26.7 (Yoast SEO v26.7) - https:\/\/yoast.com\/wordpress\/plugins\/seo\/ -->\n<title>Athl\u00e9tisme : Marie-Julie Bonnin est championne d&#039;Europe espoirs !<\/title>\n<meta name=\"description\" content=\"CHAMPIONNATS D&#039;EUROPE ESPOIRS - Deuxi\u00e8me titre pour la France ! Marie-Julie Bonnin s&#039;offre l&#039;or au saut \u00e0 la perche.\" \/>\n<meta name=\"robots\" content=\"index, follow, max-snippet:-1, max-image-preview:large, max-video-preview:-1\" \/>\n<link rel=\"canonical\" href=\"https:\/\/dicodusport.fr\/blog\/athletisme-marie-julie-bonnin-est-championne-deurope-espoirs\/\" \/>\n<meta property=\"og:locale\" content=\"fr_FR\" \/>\n<meta property=\"og:type\" content=\"article\" \/>\n<meta property=\"og:title\" content=\"Athl\u00e9tisme : Marie-Julie Bonnin est championne d&#039;Europe espoirs !\" \/>\n<meta property=\"og:description\" content=\"CHAMPIONNATS D&#039;EUROPE ESPOIRS - Deuxi\u00e8me titre pour la France ! Marie-Julie Bonnin s&#039;offre l&#039;or au saut \u00e0 la perche.\" \/>\n<meta property=\"og:url\" content=\"https:\/\/dicodusport.fr\/blog\/athletisme-marie-julie-bonnin-est-championne-deurope-espoirs\/\" \/>\n<meta property=\"og:site_name\" content=\"Dicodusport\" \/>\n<meta property=\"article:publisher\" content=\"https:\/\/www.facebook.com\/dicodusport\" \/>\n<meta property=\"article:published_time\" content=\"2023-07-15T16:17:31+00:00\" \/>\n<meta property=\"article:modified_time\" content=\"2023-07-16T08:50:14+00:00\" \/>\n<meta property=\"og:image\" content=\"https:\/\/dicodusport.fr\/blog\/wp-content\/uploads\/2023\/07\/Athletisme-Marie-Julie-Bonnin-est-championne-dEurope-espoirs-1-2.png\" \/>\n\t<meta property=\"og:image:width\" content=\"800\" \/>\n\t<meta property=\"og:image:height\" content=\"445\" \/>\n\t<meta property=\"og:image:type\" content=\"image\/png\" \/>\n<meta name=\"author\" content=\"Arlette Yeye\" \/>\n<meta name=\"twitter:card\" content=\"summary_large_image\" \/>\n<meta name=\"twitter:title\" content=\"Athl\u00e9tisme : Marie-Julie Bonnin est championne d&#039;Europe espoirs !\" \/>\n<meta name=\"twitter:creator\" content=\"@https:\/\/twitter.com\/Shiclette94\" \/>\n<meta name=\"twitter:site\" content=\"@dicodusport\" \/>\n<script type=\"application\/ld+json\" class=\"yoast-schema-graph\">{\"@context\":\"https:\/\/schema.org\",\"@graph\":[{\"@type\":\"NewsArticle\",\"@id\":\"https:\/\/dicodusport.fr\/blog\/athletisme-marie-julie-bonnin-est-championne-deurope-espoirs\/#article\",\"isPartOf\":{\"@id\":\"https:\/\/dicodusport.fr\/blog\/athletisme-marie-julie-bonnin-est-championne-deurope-espoirs\/\"},\"author\":{\"name\":\"Arlette Yeye\",\"@id\":\"https:\/\/dicodusport.fr\/blog\/#\/schema\/person\/cce96fa88785bd8573e3d43078ac8c79\"},\"headline\":\"Athl\u00e9tisme : Marie-Julie Bonnin est championne d&rsquo;Europe espoirs !\",\"datePublished\":\"2023-07-15T16:17:31+00:00\",\"dateModified\":\"2023-07-16T08:50:14+00:00\",\"mainEntityOfPage\":{\"@id\":\"https:\/\/dicodusport.fr\/blog\/athletisme-marie-julie-bonnin-est-championne-deurope-espoirs\/\"},\"wordCount\":888,\"commentCount\":0,\"publisher\":{\"@id\":\"https:\/\/dicodusport.fr\/blog\/#organization\"},\"image\":{\"@id\":\"https:\/\/dicodusport.fr\/blog\/athletisme-marie-julie-bonnin-est-championne-deurope-espoirs\/#primaryimage\"},\"thumbnailUrl\":\"https:\/\/dicodusport.fr\/blog\/wp-content\/uploads\/2023\/07\/Athletisme-Marie-Julie-Bonnin-est-championne-dEurope-espoirs-1-2.png\",\"keywords\":[\"br\u00e8ve\",\"Championnats d'Europe U23 athl\u00e9tisme\",\"Marie-Julie Bonnin\",\"saut \u00e0 la perche\"],\"articleSection\":[\"Athl\u00e9tisme\"],\"inLanguage\":\"fr-FR\",\"potentialAction\":[{\"@type\":\"CommentAction\",\"name\":\"Comment\",\"target\":[\"https:\/\/dicodusport.fr\/blog\/athletisme-marie-julie-bonnin-est-championne-deurope-espoirs\/#respond\"]}],\"copyrightYear\":\"2023\",\"copyrightHolder\":{\"@id\":\"https:\/\/dicodusport.fr\/blog\/#organization\"}},{\"@type\":\"WebPage\",\"@id\":\"https:\/\/dicodusport.fr\/blog\/athletisme-marie-julie-bonnin-est-championne-deurope-espoirs\/\",\"url\":\"https:\/\/dicodusport.fr\/blog\/athletisme-marie-julie-bonnin-est-championne-deurope-espoirs\/\",\"name\":\"Athl\u00e9tisme : Marie-Julie Bonnin est championne d'Europe espoirs !\",\"isPartOf\":{\"@id\":\"https:\/\/dicodusport.fr\/blog\/#website\"},\"primaryImageOfPage\":{\"@id\":\"https:\/\/dicodusport.fr\/blog\/athletisme-marie-julie-bonnin-est-championne-deurope-espoirs\/#primaryimage\"},\"image\":{\"@id\":\"https:\/\/dicodusport.fr\/blog\/athletisme-marie-julie-bonnin-est-championne-deurope-espoirs\/#primaryimage\"},\"thumbnailUrl\":\"https:\/\/dicodusport.fr\/blog\/wp-content\/uploads\/2023\/07\/Athletisme-Marie-Julie-Bonnin-est-championne-dEurope-espoirs-1-2.png\",\"datePublished\":\"2023-07-15T16:17:31+00:00\",\"dateModified\":\"2023-07-16T08:50:14+00:00\",\"description\":\"CHAMPIONNATS D'EUROPE ESPOIRS - Deuxi\u00e8me titre pour la France ! Marie-Julie Bonnin s'offre l'or au saut \u00e0 la perche.\",\"breadcrumb\":{\"@id\":\"https:\/\/dicodusport.fr\/blog\/athletisme-marie-julie-bonnin-est-championne-deurope-espoirs\/#breadcrumb\"},\"inLanguage\":\"fr-FR\",\"potentialAction\":[{\"@type\":\"ReadAction\",\"target\":[\"https:\/\/dicodusport.fr\/blog\/athletisme-marie-julie-bonnin-est-championne-deurope-espoirs\/\"]}]},{\"@type\":\"ImageObject\",\"inLanguage\":\"fr-FR\",\"@id\":\"https:\/\/dicodusport.fr\/blog\/athletisme-marie-julie-bonnin-est-championne-deurope-espoirs\/#primaryimage\",\"url\":\"https:\/\/dicodusport.fr\/blog\/wp-content\/uploads\/2023\/07\/Athletisme-Marie-Julie-Bonnin-est-championne-dEurope-espoirs-1-2.png\",\"contentUrl\":\"https:\/\/dicodusport.fr\/blog\/wp-content\/uploads\/2023\/07\/Athletisme-Marie-Julie-Bonnin-est-championne-dEurope-espoirs-1-2.png\",\"width\":800,\"height\":445,\"caption\":\"Athl\u00e9tisme Marie-Julie Bonnin est championne d'Europe espoirs !\"},{\"@type\":\"BreadcrumbList\",\"@id\":\"https:\/\/dicodusport.fr\/blog\/athletisme-marie-julie-bonnin-est-championne-deurope-espoirs\/#breadcrumb\",\"itemListElement\":[{\"@type\":\"ListItem\",\"position\":1,\"name\":\"Accueil\",\"item\":\"https:\/\/dicodusport.fr\/blog\/\"},{\"@type\":\"ListItem\",\"position\":2,\"name\":\"Athl\u00e9tisme : Marie-Julie Bonnin est championne d&rsquo;Europe espoirs !\"}]},{\"@type\":\"WebSite\",\"@id\":\"https:\/\/dicodusport.fr\/blog\/#website\",\"url\":\"https:\/\/dicodusport.fr\/blog\/\",\"name\":\"Dicodusport\",\"description\":\"L&#039;encyclop\u00e9die de l&#039;actualit\u00e9 sportive\",\"publisher\":{\"@id\":\"https:\/\/dicodusport.fr\/blog\/#organization\"},\"potentialAction\":[{\"@type\":\"SearchAction\",\"target\":{\"@type\":\"EntryPoint\",\"urlTemplate\":\"https:\/\/dicodusport.fr\/blog\/?s={search_term_string}\"},\"query-input\":{\"@type\":\"PropertyValueSpecification\",\"valueRequired\":true,\"valueName\":\"search_term_string\"}}],\"inLanguage\":\"fr-FR\"},{\"@type\":\"NewsMediaOrganization\",\"@id\":\"https:\/\/dicodusport.fr\/blog\/#organization\",\"name\":\"Dicodusport\",\"url\":\"https:\/\/dicodusport.fr\/blog\/\",\"logo\":{\"@type\":\"ImageObject\",\"inLanguage\":\"fr-FR\",\"@id\":\"https:\/\/dicodusport.fr\/blog\/#\/schema\/logo\/image\/\",\"url\":\"https:\/\/dicodusport.fr\/blog\/wp-content\/uploads\/2020\/06\/cropped-LOGO-DICODUSPORT-2020-SANS-FOND-SANS-TEXTE.png\",\"contentUrl\":\"https:\/\/dicodusport.fr\/blog\/wp-content\/uploads\/2020\/06\/cropped-LOGO-DICODUSPORT-2020-SANS-FOND-SANS-TEXTE.png\",\"width\":512,\"height\":512,\"caption\":\"Dicodusport\"},\"image\":{\"@id\":\"https:\/\/dicodusport.fr\/blog\/#\/schema\/logo\/image\/\"},\"sameAs\":[\"https:\/\/www.facebook.com\/dicodusport\",\"https:\/\/x.com\/dicodusport\",\"https:\/\/www.instagram.com\/dicodusport\/\",\"https:\/\/www.youtube.com\/channel\/UC7V2KZ5sd3htJivAbA4ZG3w\"],\"description\":\"Dicodusport est l'encyclop\u00e9die de l'actualit\u00e9 sportive.\",\"email\":\"bonjour@dicodusport.fr\",\"legalName\":\"DICODUSPORT\",\"foundingDate\":\"2018-01-14\",\"vatID\":\"FR71834470973\",\"taxID\":\"83447097300043\",\"numberOfEmployees\":{\"@type\":\"QuantitativeValue\",\"minValue\":\"1\",\"maxValue\":\"10\"}},{\"@type\":\"Person\",\"@id\":\"https:\/\/dicodusport.fr\/blog\/#\/schema\/person\/cce96fa88785bd8573e3d43078ac8c79\",\"name\":\"Arlette Yeye\",\"image\":{\"@type\":\"ImageObject\",\"inLanguage\":\"fr-FR\",\"@id\":\"https:\/\/dicodusport.fr\/blog\/#\/schema\/person\/image\/\",\"url\":\"https:\/\/secure.gravatar.com\/avatar\/dca4a6239e6d708e46c45d60e160de6c?s=96&d=wp_user_avatar&r=g\",\"contentUrl\":\"https:\/\/secure.gravatar.com\/avatar\/dca4a6239e6d708e46c45d60e160de6c?s=96&d=wp_user_avatar&r=g\",\"caption\":\"Arlette Yeye\"},\"description\":\"Journaliste\/r\u00e9dactrice depuis septembre 2015 - Supportrice de Chelsea, j'ai pour sports de pr\u00e9dilection le handball, l'athl\u00e9tisme et le tennis. Si je tweete plus vite que mon ombre, vous pouvez aussi me retrouver les week-ends sur les playgrounds de Bruxelles pour un petit foot ou basket entre potes. Parcourir la France, l'Europe et plus si affinit\u00e9s pour suivre mes sportifs pr\u00e9f\u00e9r\u00e9s ? Mon kif ! Et c'est avec plaisir que je partage les r\u00e9sultats des sports populaires mais \u00e9galement plus confidentiels pour Dicodusport.\",\"sameAs\":[\"https:\/\/x.com\/https:\/\/twitter.com\/Shiclette94\"],\"url\":\"https:\/\/dicodusport.fr\/blog\/author\/arlette\/\"}]}<\/script>\n<!-- \/ Yoast SEO Premium plugin. -->","yoast_head_json":{"title":"Athl\u00e9tisme : Marie-Julie Bonnin est championne d'Europe espoirs !","description":"CHAMPIONNATS D'EUROPE ESPOIRS - Deuxi\u00e8me titre pour la France ! Marie-Julie Bonnin s'offre l'or au saut \u00e0 la perche.","robots":{"index":"index","follow":"follow","max-snippet":"max-snippet:-1","max-image-preview":"max-image-preview:large","max-video-preview":"max-video-preview:-1"},"canonical":"https:\/\/dicodusport.fr\/blog\/athletisme-marie-julie-bonnin-est-championne-deurope-espoirs\/","og_locale":"fr_FR","og_type":"article","og_title":"Athl\u00e9tisme : Marie-Julie Bonnin est championne d'Europe espoirs !","og_description":"CHAMPIONNATS D'EUROPE ESPOIRS - Deuxi\u00e8me titre pour la France ! Marie-Julie Bonnin s'offre l'or au saut \u00e0 la perche.","og_url":"https:\/\/dicodusport.fr\/blog\/athletisme-marie-julie-bonnin-est-championne-deurope-espoirs\/","og_site_name":"Dicodusport","article_publisher":"https:\/\/www.facebook.com\/dicodusport","article_published_time":"2023-07-15T16:17:31+00:00","article_modified_time":"2023-07-16T08:50:14+00:00","og_image":[{"width":800,"height":445,"url":"https:\/\/dicodusport.fr\/blog\/wp-content\/uploads\/2023\/07\/Athletisme-Marie-Julie-Bonnin-est-championne-dEurope-espoirs-1-2.png","type":"image\/png"}],"author":"Arlette Yeye","twitter_card":"summary_large_image","twitter_title":"Athl\u00e9tisme : Marie-Julie Bonnin est championne d'Europe espoirs !","twitter_creator":"@https:\/\/twitter.com\/Shiclette94","twitter_site":"@dicodusport","schema":{"@context":"https:\/\/schema.org","@graph":[{"@type":"NewsArticle","@id":"https:\/\/dicodusport.fr\/blog\/athletisme-marie-julie-bonnin-est-championne-deurope-espoirs\/#article","isPartOf":{"@id":"https:\/\/dicodusport.fr\/blog\/athletisme-marie-julie-bonnin-est-championne-deurope-espoirs\/"},"author":{"name":"Arlette Yeye","@id":"https:\/\/dicodusport.fr\/blog\/#\/schema\/person\/cce96fa88785bd8573e3d43078ac8c79"},"headline":"Athl\u00e9tisme : Marie-Julie Bonnin est championne d&rsquo;Europe espoirs !","datePublished":"2023-07-15T16:17:31+00:00","dateModified":"2023-07-16T08:50:14+00:00","mainEntityOfPage":{"@id":"https:\/\/dicodusport.fr\/blog\/athletisme-marie-julie-bonnin-est-championne-deurope-espoirs\/"},"wordCount":888,"commentCount":0,"publisher":{"@id":"https:\/\/dicodusport.fr\/blog\/#organization"},"image":{"@id":"https:\/\/dicodusport.fr\/blog\/athletisme-marie-julie-bonnin-est-championne-deurope-espoirs\/#primaryimage"},"thumbnailUrl":"https:\/\/dicodusport.fr\/blog\/wp-content\/uploads\/2023\/07\/Athletisme-Marie-Julie-Bonnin-est-championne-dEurope-espoirs-1-2.png","keywords":["br\u00e8ve","Championnats d'Europe U23 athl\u00e9tisme","Marie-Julie Bonnin","saut \u00e0 la perche"],"articleSection":["Athl\u00e9tisme"],"inLanguage":"fr-FR","potentialAction":[{"@type":"CommentAction","name":"Comment","target":["https:\/\/dicodusport.fr\/blog\/athletisme-marie-julie-bonnin-est-championne-deurope-espoirs\/#respond"]}],"copyrightYear":"2023","copyrightHolder":{"@id":"https:\/\/dicodusport.fr\/blog\/#organization"}},{"@type":"WebPage","@id":"https:\/\/dicodusport.fr\/blog\/athletisme-marie-julie-bonnin-est-championne-deurope-espoirs\/","url":"https:\/\/dicodusport.fr\/blog\/athletisme-marie-julie-bonnin-est-championne-deurope-espoirs\/","name":"Athl\u00e9tisme : Marie-Julie Bonnin est championne d'Europe espoirs !","isPartOf":{"@id":"https:\/\/dicodusport.fr\/blog\/#website"},"primaryImageOfPage":{"@id":"https:\/\/dicodusport.fr\/blog\/athletisme-marie-julie-bonnin-est-championne-deurope-espoirs\/#primaryimage"},"image":{"@id":"https:\/\/dicodusport.fr\/blog\/athletisme-marie-julie-bonnin-est-championne-deurope-espoirs\/#primaryimage"},"thumbnailUrl":"https:\/\/dicodusport.fr\/blog\/wp-content\/uploads\/2023\/07\/Athletisme-Marie-Julie-Bonnin-est-championne-dEurope-espoirs-1-2.png","datePublished":"2023-07-15T16:17:31+00:00","dateModified":"2023-07-16T08:50:14+00:00","description":"CHAMPIONNATS D'EUROPE ESPOIRS - Deuxi\u00e8me titre pour la France ! Marie-Julie Bonnin s'offre l'or au saut \u00e0 la perche.","breadcrumb":{"@id":"https:\/\/dicodusport.fr\/blog\/athletisme-marie-julie-bonnin-est-championne-deurope-espoirs\/#breadcrumb"},"inLanguage":"fr-FR","potentialAction":[{"@type":"ReadAction","target":["https:\/\/dicodusport.fr\/blog\/athletisme-marie-julie-bonnin-est-championne-deurope-espoirs\/"]}]},{"@type":"ImageObject","inLanguage":"fr-FR","@id":"https:\/\/dicodusport.fr\/blog\/athletisme-marie-julie-bonnin-est-championne-deurope-espoirs\/#primaryimage","url":"https:\/\/dicodusport.fr\/blog\/wp-content\/uploads\/2023\/07\/Athletisme-Marie-Julie-Bonnin-est-championne-dEurope-espoirs-1-2.png","contentUrl":"https:\/\/dicodusport.fr\/blog\/wp-content\/uploads\/2023\/07\/Athletisme-Marie-Julie-Bonnin-est-championne-dEurope-espoirs-1-2.png","width":800,"height":445,"caption":"Athl\u00e9tisme Marie-Julie Bonnin est championne d'Europe espoirs !"},{"@type":"BreadcrumbList","@id":"https:\/\/dicodusport.fr\/blog\/athletisme-marie-julie-bonnin-est-championne-deurope-espoirs\/#breadcrumb","itemListElement":[{"@type":"ListItem","position":1,"name":"Accueil","item":"https:\/\/dicodusport.fr\/blog\/"},{"@type":"ListItem","position":2,"name":"Athl\u00e9tisme : Marie-Julie Bonnin est championne d&rsquo;Europe espoirs !"}]},{"@type":"WebSite","@id":"https:\/\/dicodusport.fr\/blog\/#website","url":"https:\/\/dicodusport.fr\/blog\/","name":"Dicodusport","description":"L&#039;encyclop\u00e9die de l&#039;actualit\u00e9 sportive","publisher":{"@id":"https:\/\/dicodusport.fr\/blog\/#organization"},"potentialAction":[{"@type":"SearchAction","target":{"@type":"EntryPoint","urlTemplate":"https:\/\/dicodusport.fr\/blog\/?s={search_term_string}"},"query-input":{"@type":"PropertyValueSpecification","valueRequired":true,"valueName":"search_term_string"}}],"inLanguage":"fr-FR"},{"@type":"NewsMediaOrganization","@id":"https:\/\/dicodusport.fr\/blog\/#organization","name":"Dicodusport","url":"https:\/\/dicodusport.fr\/blog\/","logo":{"@type":"ImageObject","inLanguage":"fr-FR","@id":"https:\/\/dicodusport.fr\/blog\/#\/schema\/logo\/image\/","url":"https:\/\/dicodusport.fr\/blog\/wp-content\/uploads\/2020\/06\/cropped-LOGO-DICODUSPORT-2020-SANS-FOND-SANS-TEXTE.png","contentUrl":"https:\/\/dicodusport.fr\/blog\/wp-content\/uploads\/2020\/06\/cropped-LOGO-DICODUSPORT-2020-SANS-FOND-SANS-TEXTE.png","width":512,"height":512,"caption":"Dicodusport"},"image":{"@id":"https:\/\/dicodusport.fr\/blog\/#\/schema\/logo\/image\/"},"sameAs":["https:\/\/www.facebook.com\/dicodusport","https:\/\/x.com\/dicodusport","https:\/\/www.instagram.com\/dicodusport\/","https:\/\/www.youtube.com\/channel\/UC7V2KZ5sd3htJivAbA4ZG3w"],"description":"Dicodusport est l'encyclop\u00e9die de l'actualit\u00e9 sportive.","email":"bonjour@dicodusport.fr","legalName":"DICODUSPORT","foundingDate":"2018-01-14","vatID":"FR71834470973","taxID":"83447097300043","numberOfEmployees":{"@type":"QuantitativeValue","minValue":"1","maxValue":"10"}},{"@type":"Person","@id":"https:\/\/dicodusport.fr\/blog\/#\/schema\/person\/cce96fa88785bd8573e3d43078ac8c79","name":"Arlette Yeye","image":{"@type":"ImageObject","inLanguage":"fr-FR","@id":"https:\/\/dicodusport.fr\/blog\/#\/schema\/person\/image\/","url":"https:\/\/secure.gravatar.com\/avatar\/dca4a6239e6d708e46c45d60e160de6c?s=96&d=wp_user_avatar&r=g","contentUrl":"https:\/\/secure.gravatar.com\/avatar\/dca4a6239e6d708e46c45d60e160de6c?s=96&d=wp_user_avatar&r=g","caption":"Arlette Yeye"},"description":"Journaliste\/r\u00e9dactrice depuis septembre 2015 - Supportrice de Chelsea, j'ai pour sports de pr\u00e9dilection le handball, l'athl\u00e9tisme et le tennis. Si je tweete plus vite que mon ombre, vous pouvez aussi me retrouver les week-ends sur les playgrounds de Bruxelles pour un petit foot ou basket entre potes. Parcourir la France, l'Europe et plus si affinit\u00e9s pour suivre mes sportifs pr\u00e9f\u00e9r\u00e9s ? Mon kif ! Et c'est avec plaisir que je partage les r\u00e9sultats des sports populaires mais \u00e9galement plus confidentiels pour Dicodusport.","sameAs":["https:\/\/x.com\/https:\/\/twitter.com\/Shiclette94"],"url":"https:\/\/dicodusport.fr\/blog\/author\/arlette\/"}]}},"_links":{"self":[{"href":"https:\/\/dicodusport.fr\/blog\/wp-json\/wp\/v2\/posts\/400022","targetHints":{"allow":["GET"]}}],"collection":[{"href":"https:\/\/dicodusport.fr\/blog\/wp-json\/wp\/v2\/posts"}],"about":[{"href":"https:\/\/dicodusport.fr\/blog\/wp-json\/wp\/v2\/types\/post"}],"author":[{"embeddable":true,"href":"https:\/\/dicodusport.fr\/blog\/wp-json\/wp\/v2\/users\/12"}],"replies":[{"embeddable":true,"href":"https:\/\/dicodusport.fr\/blog\/wp-json\/wp\/v2\/comments?post=400022"}],"version-history":[{"count":0,"href":"https:\/\/dicodusport.fr\/blog\/wp-json\/wp\/v2\/posts\/400022\/revisions"}],"wp:featuredmedia":[{"embeddable":true,"href":"https:\/\/dicodusport.fr\/blog\/wp-json\/wp\/v2\/media\/400367"}],"wp:attachment":[{"href":"https:\/\/dicodusport.fr\/blog\/wp-json\/wp\/v2\/media?parent=400022"}],"wp:term":[{"taxonomy":"category","embeddable":true,"href":"https:\/\/dicodusport.fr\/blog\/wp-json\/wp\/v2\/categories?post=400022"},{"taxonomy":"post_tag","embeddable":true,"href":"https:\/\/dicodusport.fr\/blog\/wp-json\/wp\/v2\/tags?post=400022"}],"curies":[{"name":"wp","href":"https:\/\/api.w.org\/{rel}","templated":true}]}}