{"id":400144,"date":"2023-07-15T20:56:54","date_gmt":"2023-07-15T18:56:54","guid":{"rendered":"https:\/\/dicodusport.fr\/blog\/?p=400144"},"modified":"2023-07-15T20:56:54","modified_gmt":"2023-07-15T18:56:54","slug":"mondiaux-de-cyclisme-uci-la-selection-francaise-pour-le-vtt-cross-country","status":"publish","type":"post","link":"https:\/\/dicodusport.fr\/blog\/mondiaux-de-cyclisme-uci-la-selection-francaise-pour-le-vtt-cross-country\/","title":{"rendered":"Mondiaux de cyclisme UCI : La s\u00e9lection fran\u00e7aise pour le VTT cross-country"},"content":{"rendered":"<p style=\"text-align: justify;\"><strong><em><a href=\"https:\/\/dicodusport.fr\/blog\/actualites\/cyclisme\/championnats-du-monde-cyclisme-2023\/\">CHAMPIONNATS DU MONDE DE CYCLISME UCI<\/a> &#8211; Apr\u00e8s le para-cyclisme et le BMX, la F\u00e9d\u00e9ration Fran\u00e7aise de Cyclisme a d\u00e9voil\u00e9 le nom des v\u00e9t\u00e9tistes qui iront \u00e0 Glasgow pour les Mondiaux pour les \u00e9preuves de cross country.<\/em><\/strong><\/p>\n<h2 style=\"text-align: justify;\">Deux titres \u00e0 d\u00e9fendre<\/h2>\n<p style=\"text-align: justify;\">Doublement titr\u00e9e aux Gets l&rsquo;an dernier, <strong>Pauline Ferrand-Pr\u00e9vot<\/strong> aura l&rsquo;occasion de d\u00e9fendre ses deux m\u00e9dailles d&rsquo;or en cross-country olympique et en short-track. La capitaine de cette \u00e9quipe de France sera \u00e9galement accompagn\u00e9e de la championne d&rsquo;Europe en 2022 <strong>Loana Lecomte<\/strong>. Du c\u00f4t\u00e9 des hommes, on retrouve les trois derniers m\u00e9daill\u00e9s fran\u00e7ais aux Mondiaux, dont <strong>Jordan Sarrou<\/strong>, vainqueur du maillot arc-en-ciel en 2020.<\/p>\n<ul>\n<li style=\"text-align: justify;\"><strong>Pauline Ferrand-Pr\u00e9vot<\/strong><\/li>\n<li style=\"text-align: justify;\"><strong>Loana Lecomte<\/strong><\/li>\n<li style=\"text-align: justify;\"><strong>L\u00e9na G\u00e9rault<\/strong><\/li>\n<li style=\"text-align: justify;\"><strong>Titouan Carod<\/strong><\/li>\n<li style=\"text-align: justify;\"><strong>Joshua Dubau<\/strong><\/li>\n<li style=\"text-align: justify;\"><strong>Thomas Griot<\/strong><\/li>\n<li style=\"text-align: justify;\"><strong>Victor Koretzky<\/strong><\/li>\n<li style=\"text-align: justify;\"><strong>Maxime Marotte<\/strong><\/li>\n<li style=\"text-align: justify;\"><strong>Antoine Philipp<\/strong><\/li>\n<li style=\"text-align: justify;\"><strong>Jordan Sarrou<\/strong><\/li>\n<\/ul>\n<blockquote class=\"twitter-tweet\">\n<p dir=\"ltr\" lang=\"fr\">\ud83d\udd14 \ud83d\udc40 Voici les pilotes qui repr\u00e9senteront l&rsquo;\u00e9quipe de France en VTT Cross Country dans le cadre des championnats du monde de Glasgow \ud83c\uddeb\ud83c\uddf7 (La suite de la s\u00e9lection VTT arrive lundi \ud83e\udd29)<a href=\"https:\/\/twitter.com\/hashtag\/glasgow?src=hash&amp;ref_src=twsrc%5Etfw\">#glasgow<\/a> <a href=\"https:\/\/twitter.com\/hashtag\/pilotes?src=hash&amp;ref_src=twsrc%5Etfw\">#pilotes<\/a> <a href=\"https:\/\/twitter.com\/hashtag\/international?src=hash&amp;ref_src=twsrc%5Etfw\">#international<\/a> <a href=\"https:\/\/twitter.com\/hashtag\/xco?src=hash&amp;ref_src=twsrc%5Etfw\">#xco<\/a> <a href=\"https:\/\/twitter.com\/hashtag\/world?src=hash&amp;ref_src=twsrc%5Etfw\">#world<\/a> <a href=\"https:\/\/twitter.com\/hashtag\/monde?src=hash&amp;ref_src=twsrc%5Etfw\">#monde<\/a> <a href=\"https:\/\/twitter.com\/hashtag\/velo?src=hash&amp;ref_src=twsrc%5Etfw\">#velo<\/a> <a href=\"https:\/\/twitter.com\/hashtag\/vtt?src=hash&amp;ref_src=twsrc%5Etfw\">#vtt<\/a> <a href=\"https:\/\/twitter.com\/hashtag\/JeRouleAvecSKF?src=hash&amp;ref_src=twsrc%5Etfw\">#JeRouleAvecSKF<\/a> <a href=\"https:\/\/twitter.com\/hashtag\/CDFSKFVTT?src=hash&amp;ref_src=twsrc%5Etfw\">#CDFSKFVTT<\/a> <a href=\"https:\/\/t.co\/SZvN3yXnEl\">pic.twitter.com\/SZvN3yXnEl<\/a><\/p>\n<p>\u2014 FFC (@FFCyclisme) <a href=\"https:\/\/twitter.com\/FFCyclisme\/status\/1680196670611501057?ref_src=twsrc%5Etfw\">July 15, 2023<\/a><\/p><\/blockquote>\n<p><script async src=\"https:\/\/platform.twitter.com\/widgets.js\" charset=\"utf-8\"><\/script><\/p>\n","protected":false},"excerpt":{"rendered":"<p>CHAMPIONNATS DU MONDE DE CYCLISME UCI &#8211; Apr\u00e8s le para-cyclisme et le BMX, la F\u00e9d\u00e9ration Fran\u00e7aise de Cyclisme a d\u00e9voil\u00e9 le nom des v\u00e9t\u00e9tistes qui iront \u00e0 Glasgow pour les Mondiaux pour les \u00e9preuves de cross country.<\/p>\n","protected":false},"author":43,"featured_media":257095,"comment_status":"open","ping_status":"closed","sticky":false,"template":"","format":"standard","meta":{"_acf_changed":false,"_daextam_enable_autolinks":"","footnotes":""},"categories":[2307],"tags":[16878,574,10994,1340,692],"class_list":["post-400144","post","type-post","status-publish","format-standard","has-post-thumbnail","hentry","category-cyclisme","tag-breve","tag-cyclisme","tag-loana-lecomte","tag-pauline-ferrand-prevot","tag-vtt"],"acf":[],"yoast_head":"<!-- This site is optimized with the Yoast SEO Premium plugin v26.7 (Yoast SEO v26.7) - https:\/\/yoast.com\/wordpress\/plugins\/seo\/ -->\n<title>Mondiaux de cyclisme UCI : La s\u00e9lection fran\u00e7aise pour le VTT cross-country<\/title>\n<meta name=\"description\" content=\"CHAMPIONNATS DU MONDE DE CYCLISME UCI - La F\u00e9d\u00e9ration Fran\u00e7aise de Cyclisme a d\u00e9voil\u00e9 le nom des v\u00e9t\u00e9tistes qui iront \u00e0 Glasgow.\" \/>\n<meta name=\"robots\" content=\"index, follow, max-snippet:-1, max-image-preview:large, max-video-preview:-1\" \/>\n<link rel=\"canonical\" href=\"https:\/\/dicodusport.fr\/blog\/mondiaux-de-cyclisme-uci-la-selection-francaise-pour-le-vtt-cross-country\/\" \/>\n<meta property=\"og:locale\" content=\"fr_FR\" \/>\n<meta property=\"og:type\" content=\"article\" \/>\n<meta property=\"og:title\" content=\"Mondiaux de cyclisme UCI : La s\u00e9lection fran\u00e7aise pour le VTT cross-country\" \/>\n<meta property=\"og:description\" content=\"CHAMPIONNATS DU MONDE DE CYCLISME UCI - La F\u00e9d\u00e9ration Fran\u00e7aise de Cyclisme a d\u00e9voil\u00e9 le nom des v\u00e9t\u00e9tistes qui iront \u00e0 Glasgow.\" \/>\n<meta property=\"og:url\" content=\"https:\/\/dicodusport.fr\/blog\/mondiaux-de-cyclisme-uci-la-selection-francaise-pour-le-vtt-cross-country\/\" \/>\n<meta property=\"og:site_name\" content=\"Dicodusport\" \/>\n<meta property=\"article:publisher\" content=\"https:\/\/www.facebook.com\/dicodusport\" \/>\n<meta property=\"article:author\" content=\"https:\/\/www.facebook.com\/Max.Bld2\/\" \/>\n<meta property=\"article:published_time\" content=\"2023-07-15T18:56:54+00:00\" \/>\n<meta property=\"og:image\" content=\"https:\/\/dicodusport.fr\/blog\/wp-content\/uploads\/2022\/08\/Mondiaux-VTT-XCO-2022-Quatrieme-titre-mondial-XCO-pour-Pauline-Ferrand-Prevot.png\" \/>\n\t<meta property=\"og:image:width\" content=\"800\" \/>\n\t<meta property=\"og:image:height\" content=\"445\" \/>\n\t<meta property=\"og:image:type\" content=\"image\/png\" \/>\n<meta name=\"author\" content=\"Maxime Boulard\" \/>\n<meta name=\"twitter:card\" content=\"summary_large_image\" \/>\n<meta name=\"twitter:title\" content=\"Mondiaux de cyclisme UCI : La s\u00e9lection fran\u00e7aise pour le VTT cross-country\" \/>\n<meta name=\"twitter:creator\" content=\"@https:\/\/twitter.com\/MaximeB_2\" \/>\n<meta name=\"twitter:site\" content=\"@dicodusport\" \/>\n<script type=\"application\/ld+json\" class=\"yoast-schema-graph\">{\"@context\":\"https:\/\/schema.org\",\"@graph\":[{\"@type\":\"NewsArticle\",\"@id\":\"https:\/\/dicodusport.fr\/blog\/mondiaux-de-cyclisme-uci-la-selection-francaise-pour-le-vtt-cross-country\/#article\",\"isPartOf\":{\"@id\":\"https:\/\/dicodusport.fr\/blog\/mondiaux-de-cyclisme-uci-la-selection-francaise-pour-le-vtt-cross-country\/\"},\"author\":{\"name\":\"Maxime Boulard\",\"@id\":\"https:\/\/dicodusport.fr\/blog\/#\/schema\/person\/5aab10ee856e86ac63e9819a9da34784\"},\"headline\":\"Mondiaux de cyclisme UCI : La s\u00e9lection fran\u00e7aise pour le VTT cross-country\",\"datePublished\":\"2023-07-15T18:56:54+00:00\",\"mainEntityOfPage\":{\"@id\":\"https:\/\/dicodusport.fr\/blog\/mondiaux-de-cyclisme-uci-la-selection-francaise-pour-le-vtt-cross-country\/\"},\"wordCount\":206,\"commentCount\":0,\"publisher\":{\"@id\":\"https:\/\/dicodusport.fr\/blog\/#organization\"},\"image\":{\"@id\":\"https:\/\/dicodusport.fr\/blog\/mondiaux-de-cyclisme-uci-la-selection-francaise-pour-le-vtt-cross-country\/#primaryimage\"},\"thumbnailUrl\":\"https:\/\/dicodusport.fr\/blog\/wp-content\/uploads\/2022\/08\/Mondiaux-VTT-XCO-2022-Quatrieme-titre-mondial-XCO-pour-Pauline-Ferrand-Prevot.png\",\"keywords\":[\"br\u00e8ve\",\"Cyclisme\",\"Loana Lecomte\",\"Pauline Ferrand-Pr\u00e9vot\",\"VTT\"],\"articleSection\":[\"Cyclisme\"],\"inLanguage\":\"fr-FR\",\"potentialAction\":[{\"@type\":\"CommentAction\",\"name\":\"Comment\",\"target\":[\"https:\/\/dicodusport.fr\/blog\/mondiaux-de-cyclisme-uci-la-selection-francaise-pour-le-vtt-cross-country\/#respond\"]}],\"copyrightYear\":\"2023\",\"copyrightHolder\":{\"@id\":\"https:\/\/dicodusport.fr\/blog\/#organization\"}},{\"@type\":\"WebPage\",\"@id\":\"https:\/\/dicodusport.fr\/blog\/mondiaux-de-cyclisme-uci-la-selection-francaise-pour-le-vtt-cross-country\/\",\"url\":\"https:\/\/dicodusport.fr\/blog\/mondiaux-de-cyclisme-uci-la-selection-francaise-pour-le-vtt-cross-country\/\",\"name\":\"Mondiaux de cyclisme UCI : La s\u00e9lection fran\u00e7aise pour le VTT cross-country\",\"isPartOf\":{\"@id\":\"https:\/\/dicodusport.fr\/blog\/#website\"},\"primaryImageOfPage\":{\"@id\":\"https:\/\/dicodusport.fr\/blog\/mondiaux-de-cyclisme-uci-la-selection-francaise-pour-le-vtt-cross-country\/#primaryimage\"},\"image\":{\"@id\":\"https:\/\/dicodusport.fr\/blog\/mondiaux-de-cyclisme-uci-la-selection-francaise-pour-le-vtt-cross-country\/#primaryimage\"},\"thumbnailUrl\":\"https:\/\/dicodusport.fr\/blog\/wp-content\/uploads\/2022\/08\/Mondiaux-VTT-XCO-2022-Quatrieme-titre-mondial-XCO-pour-Pauline-Ferrand-Prevot.png\",\"datePublished\":\"2023-07-15T18:56:54+00:00\",\"description\":\"CHAMPIONNATS DU MONDE DE CYCLISME UCI - La F\u00e9d\u00e9ration Fran\u00e7aise de Cyclisme a d\u00e9voil\u00e9 le nom des v\u00e9t\u00e9tistes qui iront \u00e0 Glasgow.\",\"breadcrumb\":{\"@id\":\"https:\/\/dicodusport.fr\/blog\/mondiaux-de-cyclisme-uci-la-selection-francaise-pour-le-vtt-cross-country\/#breadcrumb\"},\"inLanguage\":\"fr-FR\",\"potentialAction\":[{\"@type\":\"ReadAction\",\"target\":[\"https:\/\/dicodusport.fr\/blog\/mondiaux-de-cyclisme-uci-la-selection-francaise-pour-le-vtt-cross-country\/\"]}]},{\"@type\":\"ImageObject\",\"inLanguage\":\"fr-FR\",\"@id\":\"https:\/\/dicodusport.fr\/blog\/mondiaux-de-cyclisme-uci-la-selection-francaise-pour-le-vtt-cross-country\/#primaryimage\",\"url\":\"https:\/\/dicodusport.fr\/blog\/wp-content\/uploads\/2022\/08\/Mondiaux-VTT-XCO-2022-Quatrieme-titre-mondial-XCO-pour-Pauline-Ferrand-Prevot.png\",\"contentUrl\":\"https:\/\/dicodusport.fr\/blog\/wp-content\/uploads\/2022\/08\/Mondiaux-VTT-XCO-2022-Quatrieme-titre-mondial-XCO-pour-Pauline-Ferrand-Prevot.png\",\"width\":800,\"height\":445,\"caption\":\"Mondiaux VTT XCO 2022 - Quatri\u00e8me titre mondial XCO pour Pauline Ferrand-Pr\u00e9vot - Photo Icon Sport\"},{\"@type\":\"BreadcrumbList\",\"@id\":\"https:\/\/dicodusport.fr\/blog\/mondiaux-de-cyclisme-uci-la-selection-francaise-pour-le-vtt-cross-country\/#breadcrumb\",\"itemListElement\":[{\"@type\":\"ListItem\",\"position\":1,\"name\":\"Accueil\",\"item\":\"https:\/\/dicodusport.fr\/blog\/\"},{\"@type\":\"ListItem\",\"position\":2,\"name\":\"Mondiaux de cyclisme UCI : La s\u00e9lection fran\u00e7aise pour le VTT cross-country\"}]},{\"@type\":\"WebSite\",\"@id\":\"https:\/\/dicodusport.fr\/blog\/#website\",\"url\":\"https:\/\/dicodusport.fr\/blog\/\",\"name\":\"Dicodusport\",\"description\":\"L&#039;encyclop\u00e9die de l&#039;actualit\u00e9 sportive\",\"publisher\":{\"@id\":\"https:\/\/dicodusport.fr\/blog\/#organization\"},\"potentialAction\":[{\"@type\":\"SearchAction\",\"target\":{\"@type\":\"EntryPoint\",\"urlTemplate\":\"https:\/\/dicodusport.fr\/blog\/?s={search_term_string}\"},\"query-input\":{\"@type\":\"PropertyValueSpecification\",\"valueRequired\":true,\"valueName\":\"search_term_string\"}}],\"inLanguage\":\"fr-FR\"},{\"@type\":\"NewsMediaOrganization\",\"@id\":\"https:\/\/dicodusport.fr\/blog\/#organization\",\"name\":\"Dicodusport\",\"url\":\"https:\/\/dicodusport.fr\/blog\/\",\"logo\":{\"@type\":\"ImageObject\",\"inLanguage\":\"fr-FR\",\"@id\":\"https:\/\/dicodusport.fr\/blog\/#\/schema\/logo\/image\/\",\"url\":\"https:\/\/dicodusport.fr\/blog\/wp-content\/uploads\/2020\/06\/cropped-LOGO-DICODUSPORT-2020-SANS-FOND-SANS-TEXTE.png\",\"contentUrl\":\"https:\/\/dicodusport.fr\/blog\/wp-content\/uploads\/2020\/06\/cropped-LOGO-DICODUSPORT-2020-SANS-FOND-SANS-TEXTE.png\",\"width\":512,\"height\":512,\"caption\":\"Dicodusport\"},\"image\":{\"@id\":\"https:\/\/dicodusport.fr\/blog\/#\/schema\/logo\/image\/\"},\"sameAs\":[\"https:\/\/www.facebook.com\/dicodusport\",\"https:\/\/x.com\/dicodusport\",\"https:\/\/www.instagram.com\/dicodusport\/\",\"https:\/\/www.youtube.com\/channel\/UC7V2KZ5sd3htJivAbA4ZG3w\"],\"description\":\"Dicodusport est l'encyclop\u00e9die de l'actualit\u00e9 sportive.\",\"email\":\"bonjour@dicodusport.fr\",\"legalName\":\"DICODUSPORT\",\"foundingDate\":\"2018-01-14\",\"vatID\":\"FR71834470973\",\"taxID\":\"83447097300043\",\"numberOfEmployees\":{\"@type\":\"QuantitativeValue\",\"minValue\":\"1\",\"maxValue\":\"10\"}},{\"@type\":\"Person\",\"@id\":\"https:\/\/dicodusport.fr\/blog\/#\/schema\/person\/5aab10ee856e86ac63e9819a9da34784\",\"name\":\"Maxime Boulard\",\"image\":{\"@type\":\"ImageObject\",\"inLanguage\":\"fr-FR\",\"@id\":\"https:\/\/dicodusport.fr\/blog\/#\/schema\/person\/image\/\",\"url\":\"https:\/\/dicodusport.fr\/blog\/wp-content\/uploads\/2021\/05\/Maxime-Boulard-150x150.jpg\",\"contentUrl\":\"https:\/\/dicodusport.fr\/blog\/wp-content\/uploads\/2021\/05\/Maxime-Boulard-150x150.jpg\",\"caption\":\"Maxime Boulard\"},\"description\":\"Journaliste\/r\u00e9dacteur depuis octobre 2020 - Si mon plus vieux souvenir de sport aurait pu m'en d\u00e9go\u00fbter, la finale de la Coupe du monde 2006 a \u00e9t\u00e9 tout le contraire. V\u00e9ritable d\u00e9clencheur d'une passion qui aujourd'hui ne fait que grandir avec le temps, mon leitmotiv est la France qui brille ! Je relate les exploits pass\u00e9s et pr\u00e9sents du sport bleu-blanc-rouge sans m\u00e9nagement depuis octobre 2020. Sport valide ou handisport, aucune diff\u00e9rence, il n'y a que du sport et plusieurs fa\u00e7ons de le pratiquer.\",\"sameAs\":[\"https:\/\/www.facebook.com\/Max.Bld2\/\",\"https:\/\/x.com\/https:\/\/twitter.com\/MaximeB_2\"],\"url\":\"https:\/\/dicodusport.fr\/blog\/author\/maxime-b\/\"}]}<\/script>\n<!-- \/ Yoast SEO Premium plugin. -->","yoast_head_json":{"title":"Mondiaux de cyclisme UCI : La s\u00e9lection fran\u00e7aise pour le VTT cross-country","description":"CHAMPIONNATS DU MONDE DE CYCLISME UCI - La F\u00e9d\u00e9ration Fran\u00e7aise de Cyclisme a d\u00e9voil\u00e9 le nom des v\u00e9t\u00e9tistes qui iront \u00e0 Glasgow.","robots":{"index":"index","follow":"follow","max-snippet":"max-snippet:-1","max-image-preview":"max-image-preview:large","max-video-preview":"max-video-preview:-1"},"canonical":"https:\/\/dicodusport.fr\/blog\/mondiaux-de-cyclisme-uci-la-selection-francaise-pour-le-vtt-cross-country\/","og_locale":"fr_FR","og_type":"article","og_title":"Mondiaux de cyclisme UCI : La s\u00e9lection fran\u00e7aise pour le VTT cross-country","og_description":"CHAMPIONNATS DU MONDE DE CYCLISME UCI - La F\u00e9d\u00e9ration Fran\u00e7aise de Cyclisme a d\u00e9voil\u00e9 le nom des v\u00e9t\u00e9tistes qui iront \u00e0 Glasgow.","og_url":"https:\/\/dicodusport.fr\/blog\/mondiaux-de-cyclisme-uci-la-selection-francaise-pour-le-vtt-cross-country\/","og_site_name":"Dicodusport","article_publisher":"https:\/\/www.facebook.com\/dicodusport","article_author":"https:\/\/www.facebook.com\/Max.Bld2\/","article_published_time":"2023-07-15T18:56:54+00:00","og_image":[{"width":800,"height":445,"url":"https:\/\/dicodusport.fr\/blog\/wp-content\/uploads\/2022\/08\/Mondiaux-VTT-XCO-2022-Quatrieme-titre-mondial-XCO-pour-Pauline-Ferrand-Prevot.png","type":"image\/png"}],"author":"Maxime Boulard","twitter_card":"summary_large_image","twitter_title":"Mondiaux de cyclisme UCI : La s\u00e9lection fran\u00e7aise pour le VTT cross-country","twitter_creator":"@https:\/\/twitter.com\/MaximeB_2","twitter_site":"@dicodusport","schema":{"@context":"https:\/\/schema.org","@graph":[{"@type":"NewsArticle","@id":"https:\/\/dicodusport.fr\/blog\/mondiaux-de-cyclisme-uci-la-selection-francaise-pour-le-vtt-cross-country\/#article","isPartOf":{"@id":"https:\/\/dicodusport.fr\/blog\/mondiaux-de-cyclisme-uci-la-selection-francaise-pour-le-vtt-cross-country\/"},"author":{"name":"Maxime Boulard","@id":"https:\/\/dicodusport.fr\/blog\/#\/schema\/person\/5aab10ee856e86ac63e9819a9da34784"},"headline":"Mondiaux de cyclisme UCI : La s\u00e9lection fran\u00e7aise pour le VTT cross-country","datePublished":"2023-07-15T18:56:54+00:00","mainEntityOfPage":{"@id":"https:\/\/dicodusport.fr\/blog\/mondiaux-de-cyclisme-uci-la-selection-francaise-pour-le-vtt-cross-country\/"},"wordCount":206,"commentCount":0,"publisher":{"@id":"https:\/\/dicodusport.fr\/blog\/#organization"},"image":{"@id":"https:\/\/dicodusport.fr\/blog\/mondiaux-de-cyclisme-uci-la-selection-francaise-pour-le-vtt-cross-country\/#primaryimage"},"thumbnailUrl":"https:\/\/dicodusport.fr\/blog\/wp-content\/uploads\/2022\/08\/Mondiaux-VTT-XCO-2022-Quatrieme-titre-mondial-XCO-pour-Pauline-Ferrand-Prevot.png","keywords":["br\u00e8ve","Cyclisme","Loana Lecomte","Pauline Ferrand-Pr\u00e9vot","VTT"],"articleSection":["Cyclisme"],"inLanguage":"fr-FR","potentialAction":[{"@type":"CommentAction","name":"Comment","target":["https:\/\/dicodusport.fr\/blog\/mondiaux-de-cyclisme-uci-la-selection-francaise-pour-le-vtt-cross-country\/#respond"]}],"copyrightYear":"2023","copyrightHolder":{"@id":"https:\/\/dicodusport.fr\/blog\/#organization"}},{"@type":"WebPage","@id":"https:\/\/dicodusport.fr\/blog\/mondiaux-de-cyclisme-uci-la-selection-francaise-pour-le-vtt-cross-country\/","url":"https:\/\/dicodusport.fr\/blog\/mondiaux-de-cyclisme-uci-la-selection-francaise-pour-le-vtt-cross-country\/","name":"Mondiaux de cyclisme UCI : La s\u00e9lection fran\u00e7aise pour le VTT cross-country","isPartOf":{"@id":"https:\/\/dicodusport.fr\/blog\/#website"},"primaryImageOfPage":{"@id":"https:\/\/dicodusport.fr\/blog\/mondiaux-de-cyclisme-uci-la-selection-francaise-pour-le-vtt-cross-country\/#primaryimage"},"image":{"@id":"https:\/\/dicodusport.fr\/blog\/mondiaux-de-cyclisme-uci-la-selection-francaise-pour-le-vtt-cross-country\/#primaryimage"},"thumbnailUrl":"https:\/\/dicodusport.fr\/blog\/wp-content\/uploads\/2022\/08\/Mondiaux-VTT-XCO-2022-Quatrieme-titre-mondial-XCO-pour-Pauline-Ferrand-Prevot.png","datePublished":"2023-07-15T18:56:54+00:00","description":"CHAMPIONNATS DU MONDE DE CYCLISME UCI - La F\u00e9d\u00e9ration Fran\u00e7aise de Cyclisme a d\u00e9voil\u00e9 le nom des v\u00e9t\u00e9tistes qui iront \u00e0 Glasgow.","breadcrumb":{"@id":"https:\/\/dicodusport.fr\/blog\/mondiaux-de-cyclisme-uci-la-selection-francaise-pour-le-vtt-cross-country\/#breadcrumb"},"inLanguage":"fr-FR","potentialAction":[{"@type":"ReadAction","target":["https:\/\/dicodusport.fr\/blog\/mondiaux-de-cyclisme-uci-la-selection-francaise-pour-le-vtt-cross-country\/"]}]},{"@type":"ImageObject","inLanguage":"fr-FR","@id":"https:\/\/dicodusport.fr\/blog\/mondiaux-de-cyclisme-uci-la-selection-francaise-pour-le-vtt-cross-country\/#primaryimage","url":"https:\/\/dicodusport.fr\/blog\/wp-content\/uploads\/2022\/08\/Mondiaux-VTT-XCO-2022-Quatrieme-titre-mondial-XCO-pour-Pauline-Ferrand-Prevot.png","contentUrl":"https:\/\/dicodusport.fr\/blog\/wp-content\/uploads\/2022\/08\/Mondiaux-VTT-XCO-2022-Quatrieme-titre-mondial-XCO-pour-Pauline-Ferrand-Prevot.png","width":800,"height":445,"caption":"Mondiaux VTT XCO 2022 - Quatri\u00e8me titre mondial XCO pour Pauline Ferrand-Pr\u00e9vot - Photo Icon Sport"},{"@type":"BreadcrumbList","@id":"https:\/\/dicodusport.fr\/blog\/mondiaux-de-cyclisme-uci-la-selection-francaise-pour-le-vtt-cross-country\/#breadcrumb","itemListElement":[{"@type":"ListItem","position":1,"name":"Accueil","item":"https:\/\/dicodusport.fr\/blog\/"},{"@type":"ListItem","position":2,"name":"Mondiaux de cyclisme UCI : La s\u00e9lection fran\u00e7aise pour le VTT cross-country"}]},{"@type":"WebSite","@id":"https:\/\/dicodusport.fr\/blog\/#website","url":"https:\/\/dicodusport.fr\/blog\/","name":"Dicodusport","description":"L&#039;encyclop\u00e9die de l&#039;actualit\u00e9 sportive","publisher":{"@id":"https:\/\/dicodusport.fr\/blog\/#organization"},"potentialAction":[{"@type":"SearchAction","target":{"@type":"EntryPoint","urlTemplate":"https:\/\/dicodusport.fr\/blog\/?s={search_term_string}"},"query-input":{"@type":"PropertyValueSpecification","valueRequired":true,"valueName":"search_term_string"}}],"inLanguage":"fr-FR"},{"@type":"NewsMediaOrganization","@id":"https:\/\/dicodusport.fr\/blog\/#organization","name":"Dicodusport","url":"https:\/\/dicodusport.fr\/blog\/","logo":{"@type":"ImageObject","inLanguage":"fr-FR","@id":"https:\/\/dicodusport.fr\/blog\/#\/schema\/logo\/image\/","url":"https:\/\/dicodusport.fr\/blog\/wp-content\/uploads\/2020\/06\/cropped-LOGO-DICODUSPORT-2020-SANS-FOND-SANS-TEXTE.png","contentUrl":"https:\/\/dicodusport.fr\/blog\/wp-content\/uploads\/2020\/06\/cropped-LOGO-DICODUSPORT-2020-SANS-FOND-SANS-TEXTE.png","width":512,"height":512,"caption":"Dicodusport"},"image":{"@id":"https:\/\/dicodusport.fr\/blog\/#\/schema\/logo\/image\/"},"sameAs":["https:\/\/www.facebook.com\/dicodusport","https:\/\/x.com\/dicodusport","https:\/\/www.instagram.com\/dicodusport\/","https:\/\/www.youtube.com\/channel\/UC7V2KZ5sd3htJivAbA4ZG3w"],"description":"Dicodusport est l'encyclop\u00e9die de l'actualit\u00e9 sportive.","email":"bonjour@dicodusport.fr","legalName":"DICODUSPORT","foundingDate":"2018-01-14","vatID":"FR71834470973","taxID":"83447097300043","numberOfEmployees":{"@type":"QuantitativeValue","minValue":"1","maxValue":"10"}},{"@type":"Person","@id":"https:\/\/dicodusport.fr\/blog\/#\/schema\/person\/5aab10ee856e86ac63e9819a9da34784","name":"Maxime Boulard","image":{"@type":"ImageObject","inLanguage":"fr-FR","@id":"https:\/\/dicodusport.fr\/blog\/#\/schema\/person\/image\/","url":"https:\/\/dicodusport.fr\/blog\/wp-content\/uploads\/2021\/05\/Maxime-Boulard-150x150.jpg","contentUrl":"https:\/\/dicodusport.fr\/blog\/wp-content\/uploads\/2021\/05\/Maxime-Boulard-150x150.jpg","caption":"Maxime Boulard"},"description":"Journaliste\/r\u00e9dacteur depuis octobre 2020 - Si mon plus vieux souvenir de sport aurait pu m'en d\u00e9go\u00fbter, la finale de la Coupe du monde 2006 a \u00e9t\u00e9 tout le contraire. V\u00e9ritable d\u00e9clencheur d'une passion qui aujourd'hui ne fait que grandir avec le temps, mon leitmotiv est la France qui brille ! Je relate les exploits pass\u00e9s et pr\u00e9sents du sport bleu-blanc-rouge sans m\u00e9nagement depuis octobre 2020. Sport valide ou handisport, aucune diff\u00e9rence, il n'y a que du sport et plusieurs fa\u00e7ons de le pratiquer.","sameAs":["https:\/\/www.facebook.com\/Max.Bld2\/","https:\/\/x.com\/https:\/\/twitter.com\/MaximeB_2"],"url":"https:\/\/dicodusport.fr\/blog\/author\/maxime-b\/"}]}},"_links":{"self":[{"href":"https:\/\/dicodusport.fr\/blog\/wp-json\/wp\/v2\/posts\/400144","targetHints":{"allow":["GET"]}}],"collection":[{"href":"https:\/\/dicodusport.fr\/blog\/wp-json\/wp\/v2\/posts"}],"about":[{"href":"https:\/\/dicodusport.fr\/blog\/wp-json\/wp\/v2\/types\/post"}],"author":[{"embeddable":true,"href":"https:\/\/dicodusport.fr\/blog\/wp-json\/wp\/v2\/users\/43"}],"replies":[{"embeddable":true,"href":"https:\/\/dicodusport.fr\/blog\/wp-json\/wp\/v2\/comments?post=400144"}],"version-history":[{"count":0,"href":"https:\/\/dicodusport.fr\/blog\/wp-json\/wp\/v2\/posts\/400144\/revisions"}],"wp:featuredmedia":[{"embeddable":true,"href":"https:\/\/dicodusport.fr\/blog\/wp-json\/wp\/v2\/media\/257095"}],"wp:attachment":[{"href":"https:\/\/dicodusport.fr\/blog\/wp-json\/wp\/v2\/media?parent=400144"}],"wp:term":[{"taxonomy":"category","embeddable":true,"href":"https:\/\/dicodusport.fr\/blog\/wp-json\/wp\/v2\/categories?post=400144"},{"taxonomy":"post_tag","embeddable":true,"href":"https:\/\/dicodusport.fr\/blog\/wp-json\/wp\/v2\/tags?post=400144"}],"curies":[{"name":"wp","href":"https:\/\/api.w.org\/{rel}","templated":true}]}}