{"id":40015,"date":"2019-05-27T16:40:29","date_gmt":"2019-05-27T14:40:29","guid":{"rendered":"http:\/\/dicodusport.fr\/blog\/?p=40015"},"modified":"2020-02-06T14:36:20","modified_gmt":"2020-02-06T13:36:20","slug":"ligue-1-conforama-38eme-journee-clap-de-fin-pour-la-ligue-1-caen-second-relegue","status":"publish","type":"post","link":"https:\/\/dicodusport.fr\/blog\/ligue-1-conforama-38eme-journee-clap-de-fin-pour-la-ligue-1-caen-second-relegue\/","title":{"rendered":"Ligue 1 Conforama &#8211; 38\u00e8me journ\u00e9e : Clap de fin pour la Ligue 1, Caen second rel\u00e9gu\u00e9"},"content":{"rendered":"<p style=\"text-align: justify;\"><strong><i>25 buts en 10 matchs de <a href=\"https:\/\/www.lfp.fr\/ligue1\" target=\"_blank\" rel=\"noopener noreferrer\">Ligue 1 Conforama<\/a> pour cette 38\u00e8me journ\u00e9e avec le Stade Malherbe de Caen rel\u00e9gu\u00e9 en Ligue 2, Dijon qui affrontera Lens en barrages et Amiens qui jouera une deuxi\u00e8me saison cons\u00e9cutive dans l&rsquo;\u00e9lite.<\/i><\/strong><\/p>\n<h1 style=\"text-align: justify;\">Toutes les cartes europ\u00e9ennes pour la saison prochaine sont distribu\u00e9es<\/h1>\n<p style=\"text-align: justify;\">Avant la 38\u00e8me journ\u00e9e, les places europ\u00e9ennes \u00e9taient d\u00e9j\u00e0 scell\u00e9es. L&rsquo;occasion pour nous de faire un point les forces tricolores qui repr\u00e9senteront notre pays la saison prochaine dans les comp\u00e9tition europ\u00e9enne : en Ligue des Champions, <strong>le Paris Saint-Germain (1er) et le LOSC (2\u00e8me)<\/strong> sont assur\u00e9s d&rsquo;aller en phase de poules de\u00a0la plus grande comp\u00e9tition europ\u00e9enne. L&rsquo;occasion pour le LOSC de retrouver les joutes europ\u00e9ennes quitt\u00e9es depuis la Ligue Europa en 2014-2015. Pour <strong>l&rsquo;Olympique Lyonnais (3\u00e8me)<\/strong>, le destin europ\u00e9en d\u00e9pendra de Chelsea en finale d&rsquo;Europa League. Si les Blues remportent la comp\u00e9tition, ils permettront \u00e0 Lyon d&rsquo;acc\u00e9der directement aux phases de poules. Sinon, les co\u00e9quipiers de Nabil Fekir devront passer par le 3\u00e8me tour pr\u00e9liminaire et les barrages pour y acc\u00e9der.<\/p>\n<p style=\"text-align: justify;\">Une tr\u00e8s belle saison aussi pour l&rsquo;<strong>AS Saint-Etienne (4\u00e8me)<\/strong> qui a jusqu&rsquo;au bout de la saison cru pouvoir prendre la place en Ligue des Champions \u00e0 son rival lyonnais. Les joueurs du Forez ont r\u00e9alis\u00e9 une saison compl\u00e8te avec Jean-Louis Gasset adul\u00e9 par tous mais sur le d\u00e9part. L&rsquo;Europa League est toujours l&rsquo;occasion de voir de belles f\u00eates \u00e0 Geoffroy-Guichard. <strong>Le RC Strasbourg<\/strong> va aussi faire son grand retour en Europe. <strong>Vainqueurs de la Coupe de la Ligue BKT<\/strong>, les Alsaciens vont devoir passer par deux tours pr\u00e9liminaires et les barrages pour rejoindre le tour principal. La saison va reprendre tr\u00e8s t\u00f4t \u00e0 Strasbourg afin de pr\u00e9parer au mieux les possibles d\u00e9placements exotiques ! Enfin, le <strong>Stade Rennais<\/strong>, qui a go\u00fbt\u00e9 de forte belle mani\u00e8re cette saison \u00e0 l&rsquo;Europa League, retrouvera cette comp\u00e9tition en tant que <strong>vainqueur de la Coupe de France<\/strong>. Les Bretons sont directement qualifi\u00e9s pour la phase de poules de l&rsquo;\u00e9dition 2019\/2020.<\/p>\n<div id=\"attachment_40039\" style=\"width: 922px\" class=\"wp-caption alignnone\"><img loading=\"lazy\" decoding=\"async\" aria-describedby=\"caption-attachment-40039\" class=\"size-full wp-image-40039\" src=\"http:\/\/dicodusport.fr\/blog\/wp-content\/uploads\/2019\/05\/Jean-Louis-Gasset.jpg\" alt=\"\" width=\"912\" height=\"516\" srcset=\"https:\/\/dicodusport.fr\/blog\/wp-content\/uploads\/2019\/05\/Jean-Louis-Gasset.jpg 912w, https:\/\/dicodusport.fr\/blog\/wp-content\/uploads\/2019\/05\/Jean-Louis-Gasset-300x170.jpg 300w, https:\/\/dicodusport.fr\/blog\/wp-content\/uploads\/2019\/05\/Jean-Louis-Gasset-768x435.jpg 768w\" sizes=\"auto, (max-width: 912px) 100vw, 912px\" \/><p id=\"caption-attachment-40039\" class=\"wp-caption-text\">Jean-Louis Gasset, coach st\u00e9phanois, a r\u00e9alis\u00e9 une grande saison avec les Verts &#8211; AFP<\/p><\/div>\n<h1 style=\"text-align: justify;\">Caen dit au revoir \u00e0 la Ligue 1 Conforama, Dijon en barrages, Amiens sauv\u00e9<\/h1>\n<p style=\"text-align: justify;\">C&rsquo;\u00e9tait le seul suspense que la Ligue 1 Conforama offrait en cette 38\u00e8me et derni\u00e8re journ\u00e9e du championnat. Le SC Amiens, qui recevait la lanterne rouge guingampaise, s&rsquo;est rapidement mis \u00e0 l&rsquo;abri en l&#8217;emportant \u00e0 la Licorne <strong>(2-1, Guirassy et Ghoddos \/ Mendy)<\/strong>. Une deuxi\u00e8me saison d&rsquo;affil\u00e9e en Ligue 1 Conforama pour les Ami\u00e9nois emmen\u00e9s par Christophe Pelissier, certainement sur le d\u00e9part (vers Brest?). En dessous, Dijon (19\u00e8me) ne pouvait qu&rsquo;accrocher la place de barragiste occup\u00e9e par le Stade Malherbe de Caen (18\u00e8me). Chose faite pour les Dijonnais, sortis vainqueurs de la rencontre face \u00e0 Toulouse <strong>(2-1, Sliti et Tavares \/ Diakite)\u00a0<\/strong>et qui croiseront donc le fer cette semaine avec le barragiste montant de la Domino&rsquo;s Ligue 2, le RC Lens.<\/p>\n<p>\u00c0 Caen, la d\u00e9ception est \u00e9norme. La d\u00e9faite face \u00e0 Bordeaux \u00e0 domicile (<strong>0-1, Sankhar\u00e9<\/strong>) combin\u00e9e \u00e0 la victoire de Dijon, envoie les Normands en Domino&rsquo;s Ligue 2. Un retour \u00e0 la division inf\u00e9rieure apr\u00e8s 5 saisons dans l&rsquo;\u00e9lite. Fabien Mercadal, qui n&rsquo;est d\u00e9j\u00e0 plus le coach du Stade Malherbe, n&rsquo;a pas r\u00e9ussi sa mission, accompagn\u00e9 sur la fin\u00a0par Rolland Courbis.<\/p>\n<h1 style=\"text-align: justify;\">Le joueur : Mbaye Niang a remerci\u00e9 son public<\/h1>\n<p style=\"text-align: justify;\">Que la f\u00eate fut belle \u00e0 Rennes ! \u00c0 l&rsquo;occasion de la r\u00e9ception de Lille, le Stade Rennais et Mbaye Niang l&rsquo;ont emport\u00e9 <strong>3-1 (Niang x2 et Sarr \/ R\u00e9my).\u00a0<\/strong>Un match de gala parfait pour Mbaye Niang qui a marqu\u00e9 un doubl\u00e9 pour (peut-\u00eatre) sa derni\u00e8re sous le maillot rennais. Auteur d&rsquo;une saison s\u00e9rieuse avec 12 buts toutes comp\u00e9titions confondues, le S\u00e9n\u00e9galais pr\u00eat\u00e9 par le Torino attend de voir si les Bretons vont l&rsquo;acheter durant le mercato. Le ch\u00e8que de 15 millions d&rsquo;euros attendu par le club italien peut refroidir.<\/p>\n<p><span class=\"IuUqVnReAKFpvc1k7\"><\/p>\n<blockquote class=\"twitter-tweet\" data-width=\"550\" data-dnt=\"true\">\n<p lang=\"fr\" dir=\"ltr\">Une saison pleine d\u2019\u00e9motions, ponctu\u00e9e de moments difficiles mais surtout de grandes joies. \ud83c\udfc6<br \/>Un \u00e9norme merci aux supporters, b\u00e9n\u00e9voles, staff, coach, pr\u00e9sident et tous mes co\u00e9quipiers. <br \/>\ud83d\ude4f\ud83c\udfff\u26ab\ud83d\udd34<\/p>\n<p>Place \u00e0 la CAN pour de nouveaux objectifs et toujours de grandes ambitions. \ud83d\udd1c\ud83c\uddf8\ud83c\uddf3 <a href=\"https:\/\/t.co\/4V76ocmRar\">pic.twitter.com\/4V76ocmRar<\/a><\/p>\n<p>&mdash; M&#39;Baye Niang (@MBaye9Niang) <a href=\"https:\/\/twitter.com\/MBaye9Niang\/status\/1132754995739275267?ref_src=twsrc%5Etfw\">May 26, 2019<\/a><\/p><\/blockquote>\n<p><script async src=\"https:\/\/platform.twitter.com\/widgets.js\" charset=\"utf-8\"><\/script><\/span><\/p>\n<h1 style=\"text-align: justify;\">Pour les parieurs, le coup qu&rsquo;il fallait tenter : Reims conclut sa saison en beaut\u00e9 (victoire 3-1 \u00e0 Auguste Delaune face au PSG)<\/h1>\n<p style=\"text-align: justify;\">Le Paris Saint-Germain connait une fin de saison vraiment difficile. D\u00e9j\u00e0 en vacances depuis bien longtemps, les Parisiens se sont vus infliger une nouvelle d\u00e9faite (5\u00e8me d\u00e9faite sur les 9 derniers matchs, alors qu&rsquo;ils n&rsquo;avaient pas perdu sur le reste de la saison). La faute \u00e0 des R\u00e9mois survolt\u00e9s et appliqu\u00e9s qui souhaitaient terminer de la meilleure des mani\u00e8res dans un match de gala. Comme \u00e0 son habitude dans les grands rendez-vous, Reims s&rsquo;est montr\u00e9 tr\u00e8s solide, ne laissant que peu de solutions aux Parisiens sans inspirations. Pour son retour en Ligue 1 Conforama, le Stade de Reims termine\u00a0\u00e0 une belle 8\u00e8me place.<\/p>\n<h1 style=\"text-align: justify;\">Les r\u00e9sultats<\/h1>\n<div class=\"su-table su-table-alternate\"><\/div>\n<table style=\"width: 800px; border-collapse: collapse; height: 216px;\" border=\"1\">\n<tbody>\n<tr style=\"height: 22px;\">\n<td style=\"width: 320.8125px; height: 22px; text-align: center; border-color: #e6e6e6;\"><strong><span style=\"color: #000000;\">Amiens<\/span><\/strong><\/td>\n<td style=\"width: 153.40625px; height: 22px; text-align: center; border-color: #e6e6e6;\"><span style=\"color: #000000;\">2-1<\/span><\/td>\n<td style=\"width: 315.8125px; height: 22px; text-align: center; border-color: #e6e6e6;\"><span style=\"color: #000000;\">Guingamp<\/span><\/td>\n<\/tr>\n<tr style=\"height: 22px;\">\n<td style=\"width: 320.8125px; height: 22px; text-align: center; border-color: #e6e6e6;\"><span style=\"color: #000000;\">Angers<\/span><\/td>\n<td style=\"width: 153.40625px; height: 22px; text-align: center; border-color: #e6e6e6;\"><span style=\"color: #000000;\">1-1<\/span><\/td>\n<td style=\"width: 315.8125px; height: 22px; text-align: center; border-color: #e6e6e6;\"><span style=\"color: #000000;\">Saint-Etienne<\/span><\/td>\n<\/tr>\n<tr style=\"height: 22px;\">\n<td style=\"width: 320.8125px; height: 22px; text-align: center; border-color: #e6e6e6;\"><span style=\"color: #000000;\">Caen<\/span><\/td>\n<td style=\"width: 153.40625px; height: 22px; text-align: center; border-color: #e6e6e6;\"><span style=\"color: #000000;\">0-1<\/span><\/td>\n<td style=\"width: 315.8125px; height: 22px; text-align: center; border-color: #e6e6e6;\"><strong><span style=\"color: #000000;\">Bordeaux<\/span><\/strong><\/td>\n<\/tr>\n<tr style=\"height: 22px;\">\n<td style=\"width: 320.8125px; height: 22px; text-align: center; border-color: #e6e6e6;\"><strong><span style=\"color: #000000;\">Dijon<\/span><\/strong><\/td>\n<td style=\"width: 153.40625px; height: 22px; text-align: center; border-color: #e6e6e6;\"><span style=\"color: #000000;\">2-1<\/span><\/td>\n<td style=\"width: 315.8125px; height: 22px; text-align: center; border-color: #e6e6e6;\"><span style=\"color: #000000;\">Toulouse<\/span><\/td>\n<\/tr>\n<tr style=\"height: 22px;\">\n<td style=\"width: 320.8125px; height: 22px; text-align: center; border-color: #e6e6e6;\"><strong><span style=\"color: #000000;\">Marseille<\/span><\/strong><\/td>\n<td style=\"width: 153.40625px; height: 22px; text-align: center; border-color: #e6e6e6;\"><span style=\"color: #000000;\">1-0<\/span><\/td>\n<td style=\"width: 315.8125px; height: 22px; text-align: center; border-color: #e6e6e6;\"><span style=\"color: #000000;\">Montpellier<\/span><\/td>\n<\/tr>\n<tr style=\"height: 22px;\">\n<td style=\"width: 320.8125px; height: 22px; text-align: center; border-color: #e6e6e6;\"><span style=\"color: #000000;\">Nantes<\/span><\/td>\n<td style=\"width: 153.40625px; height: 22px; text-align: center; border-color: #e6e6e6;\"><span style=\"color: #000000;\">0-1<\/span><\/td>\n<td style=\"width: 315.8125px; height: 22px; text-align: center; border-color: #e6e6e6;\"><strong><span style=\"color: #000000;\">Strasbourg<\/span><\/strong><\/td>\n<\/tr>\n<tr style=\"height: 22px;\">\n<td style=\"width: 320.8125px; height: 22px; text-align: center; border-color: #e6e6e6;\"><strong><span style=\"color: #000000;\">Nice<\/span><\/strong><\/td>\n<td style=\"width: 153.40625px; height: 22px; text-align: center; border-color: #e6e6e6;\"><span style=\"color: #000000;\">2-0<\/span><\/td>\n<td style=\"width: 315.8125px; height: 22px; text-align: center; border-color: #e6e6e6;\"><span style=\"color: #000000;\">Monaco<\/span><\/td>\n<\/tr>\n<tr style=\"height: 22px;\">\n<td style=\"width: 320.8125px; height: 22px; text-align: center; border-color: #e6e6e6;\"><span style=\"color: #000000;\">N\u00eemes<\/span><\/td>\n<td style=\"width: 153.40625px; height: 22px; text-align: center; border-color: #e6e6e6;\"><span style=\"color: #000000;\">2-3<\/span><\/td>\n<td style=\"width: 315.8125px; height: 22px; text-align: center; border-color: #e6e6e6;\"><strong><span style=\"color: #000000;\">Lyon<\/span><\/strong><\/td>\n<\/tr>\n<tr style=\"height: 22px;\">\n<td style=\"width: 320.8125px; height: 22px; text-align: center; border-color: #e6e6e6;\"><span style=\"color: #000000;\"><strong>Reims<\/strong><br \/>\n<\/span><\/td>\n<td style=\"width: 153.40625px; height: 22px; text-align: center; border-color: #e6e6e6;\"><span style=\"color: #000000;\">3-1<\/span><\/td>\n<td style=\"width: 315.8125px; height: 22px; text-align: center; border-color: #e6e6e6;\"><span style=\"color: #000000;\">Paris<\/span><\/td>\n<\/tr>\n<tr style=\"height: 22px;\">\n<td style=\"width: 320.8125px; height: 18px; text-align: center; border-color: #e6e6e6;\"><strong><span style=\"color: #000000;\">Rennes<\/span><\/strong><\/td>\n<td style=\"width: 153.40625px; height: 18px; text-align: center; border-color: #e6e6e6;\">3-1<\/td>\n<td style=\"width: 315.8125px; height: 18px; text-align: center; border-color: #e6e6e6;\">Lille<\/td>\n<\/tr>\n<\/tbody>\n<\/table>\n<h1>Le classement final :<\/h1>\n<div id=\"attachment_40024\" style=\"width: 557px\" class=\"wp-caption aligncenter\"><img loading=\"lazy\" decoding=\"async\" aria-describedby=\"caption-attachment-40024\" class=\"size-full wp-image-40024\" src=\"http:\/\/dicodusport.fr\/blog\/wp-content\/uploads\/2019\/05\/Classement-L1-J38.png\" alt=\"\" width=\"547\" height=\"538\" srcset=\"https:\/\/dicodusport.fr\/blog\/wp-content\/uploads\/2019\/05\/Classement-L1-J38.png 547w, https:\/\/dicodusport.fr\/blog\/wp-content\/uploads\/2019\/05\/Classement-L1-J38-300x295.png 300w\" sizes=\"auto, (max-width: 547px) 100vw, 547px\" \/><p id=\"caption-attachment-40024\" class=\"wp-caption-text\">Classement final de la Ligue 1 Conforama &#8211; LFP<\/p><\/div>\n<p>&nbsp;<\/p>\n<h1 style=\"text-align: justify;\">Les barrages :<\/h1>\n<h1 style=\"text-align: center;\"><em style=\"text-align: center; font-size: 16px;\"><strong>Jeudi 30 mai :\u00a0<\/strong><\/em><\/h1>\n<p style=\"text-align: center;\">RC Lens &#8211; Dijon FCO (20h45 &#8211; Stade Bollaert-Delelis)<\/p>\n<p style=\"text-align: center;\"><em><strong>Dimanche 2 juin :<\/strong><\/em><\/p>\n<p style=\"text-align: center;\">Dijon FCO &#8211; RC Lens (21h &#8211; Stade Gaston &#8211; G\u00e9rard)<\/p>\n<p><em><strong>Romain Delanis<br \/>\n<\/strong><\/em><em><strong><a href=\"https:\/\/twitter.com\/RDelanis\" target=\"_blank\" rel=\"noopener noreferrer\"><img loading=\"lazy\" decoding=\"async\" class=\"alignnone wp-image-2908\" src=\"http:\/\/dicodusport.fr\/blog\/wp-content\/uploads\/2017\/07\/logo-twitter-150x150.png\" alt=\"\" width=\"39\" height=\"39\" \/><\/a><\/strong><\/em><\/p>\n","protected":false},"excerpt":{"rendered":"<p> 38\u00e8me journ\u00e9e de Ligue 1 Conforama avec Caen rel\u00e9gu\u00e9 en Ligue 2, Dijon qui affrontera Lens en barrages et Amiens qui jouera dans l&rsquo;\u00e9lite la saison prochaine<\/p>\n","protected":false},"author":14,"featured_media":40046,"comment_status":"open","ping_status":"closed","sticky":false,"template":"","format":"standard","meta":{"_acf_changed":false,"_daextam_enable_autolinks":"","footnotes":""},"categories":[2,2301],"tags":[5731,1206,5767,75,4883,2391,1145,910,2987,3648,1865],"class_list":["post-40015","post","type-post","status-publish","format-standard","has-post-thumbnail","hentry","category-actualites","category-football","tag-amiens-sc","tag-asse","tag-dijon-fco","tag-football","tag-ligue-1-conforama","tag-losc","tag-ol","tag-psg","tag-rc-strasbourg","tag-sm-caen","tag-stade-rennais"],"acf":[],"yoast_head":"<!-- This site is optimized with the Yoast SEO Premium plugin v26.7 (Yoast SEO v26.7) - https:\/\/yoast.com\/wordpress\/plugins\/seo\/ -->\n<title>Ligue 1 Conforama - 38\u00e8me journ\u00e9e : Clap de fin pour la Ligue 1, Caen second rel\u00e9gu\u00e9<\/title>\n<meta name=\"description\" content=\"38\u00e8me journ\u00e9e de Ligue 1 Conforama avec Caen rel\u00e9gu\u00e9 en Ligue 2, Dijon qui affrontera Lens en barrages et Amiens qui jouera dans l&#039;\u00e9lite la saison prochaine\" \/>\n<meta name=\"robots\" content=\"index, follow, max-snippet:-1, max-image-preview:large, max-video-preview:-1\" \/>\n<link rel=\"canonical\" href=\"https:\/\/dicodusport.fr\/blog\/ligue-1-conforama-38eme-journee-clap-de-fin-pour-la-ligue-1-caen-second-relegue\/\" \/>\n<meta property=\"og:locale\" content=\"fr_FR\" \/>\n<meta property=\"og:type\" content=\"article\" \/>\n<meta property=\"og:title\" content=\"Ligue 1 Conforama - 38\u00e8me journ\u00e9e : Clap de fin pour la Ligue 1, Caen second rel\u00e9gu\u00e9\" \/>\n<meta property=\"og:description\" content=\"38\u00e8me journ\u00e9e de Ligue 1 Conforama avec Caen rel\u00e9gu\u00e9 en Ligue 2, Dijon qui affrontera Lens en barrages et Amiens qui jouera dans l&#039;\u00e9lite la saison prochaine\" \/>\n<meta property=\"og:url\" content=\"https:\/\/dicodusport.fr\/blog\/ligue-1-conforama-38eme-journee-clap-de-fin-pour-la-ligue-1-caen-second-relegue\/\" \/>\n<meta property=\"og:site_name\" content=\"Dicodusport\" \/>\n<meta property=\"article:publisher\" content=\"https:\/\/www.facebook.com\/dicodusport\" \/>\n<meta property=\"article:published_time\" content=\"2019-05-27T14:40:29+00:00\" \/>\n<meta property=\"article:modified_time\" content=\"2020-02-06T13:36:20+00:00\" \/>\n<meta property=\"og:image\" content=\"https:\/\/dicodusport.fr\/blog\/wp-content\/uploads\/2019\/05\/38\u00e8me-journ\u00e9e-Ligue-1.png\" \/>\n\t<meta property=\"og:image:width\" content=\"800\" \/>\n\t<meta property=\"og:image:height\" content=\"445\" \/>\n\t<meta property=\"og:image:type\" content=\"image\/png\" \/>\n<meta name=\"author\" content=\"Romain Delanis\" \/>\n<meta name=\"twitter:card\" content=\"summary_large_image\" \/>\n<meta name=\"twitter:creator\" content=\"@https:\/\/twitter.com\/RDelanis\" \/>\n<meta name=\"twitter:site\" content=\"@dicodusport\" \/>\n<script type=\"application\/ld+json\" class=\"yoast-schema-graph\">{\"@context\":\"https:\/\/schema.org\",\"@graph\":[{\"@type\":\"NewsArticle\",\"@id\":\"https:\/\/dicodusport.fr\/blog\/ligue-1-conforama-38eme-journee-clap-de-fin-pour-la-ligue-1-caen-second-relegue\/#article\",\"isPartOf\":{\"@id\":\"https:\/\/dicodusport.fr\/blog\/ligue-1-conforama-38eme-journee-clap-de-fin-pour-la-ligue-1-caen-second-relegue\/\"},\"author\":{\"name\":\"Romain Delanis\",\"@id\":\"https:\/\/dicodusport.fr\/blog\/#\/schema\/person\/8c78730a59f8a1e617f7a19026ebc14a\"},\"headline\":\"Ligue 1 Conforama &#8211; 38\u00e8me journ\u00e9e : Clap de fin pour la Ligue 1, Caen second rel\u00e9gu\u00e9\",\"datePublished\":\"2019-05-27T14:40:29+00:00\",\"dateModified\":\"2020-02-06T13:36:20+00:00\",\"mainEntityOfPage\":{\"@id\":\"https:\/\/dicodusport.fr\/blog\/ligue-1-conforama-38eme-journee-clap-de-fin-pour-la-ligue-1-caen-second-relegue\/\"},\"wordCount\":945,\"commentCount\":0,\"publisher\":{\"@id\":\"https:\/\/dicodusport.fr\/blog\/#organization\"},\"image\":{\"@id\":\"https:\/\/dicodusport.fr\/blog\/ligue-1-conforama-38eme-journee-clap-de-fin-pour-la-ligue-1-caen-second-relegue\/#primaryimage\"},\"thumbnailUrl\":\"https:\/\/dicodusport.fr\/blog\/wp-content\/uploads\/2019\/05\/38\u00e8me-journ\u00e9e-Ligue-1.png\",\"keywords\":[\"Amiens SC\",\"ASSE\",\"Dijon FCO\",\"Football\",\"Ligue 1 Conforama\",\"LOSC\",\"OL\",\"PSG\",\"RC Strasbourg\",\"SM Caen\",\"Stade rennais\"],\"articleSection\":[\"Actualit\u00e9s\",\"Football\"],\"inLanguage\":\"fr-FR\",\"potentialAction\":[{\"@type\":\"CommentAction\",\"name\":\"Comment\",\"target\":[\"https:\/\/dicodusport.fr\/blog\/ligue-1-conforama-38eme-journee-clap-de-fin-pour-la-ligue-1-caen-second-relegue\/#respond\"]}],\"copyrightYear\":\"2019\",\"copyrightHolder\":{\"@id\":\"https:\/\/dicodusport.fr\/blog\/#organization\"}},{\"@type\":\"WebPage\",\"@id\":\"https:\/\/dicodusport.fr\/blog\/ligue-1-conforama-38eme-journee-clap-de-fin-pour-la-ligue-1-caen-second-relegue\/\",\"url\":\"https:\/\/dicodusport.fr\/blog\/ligue-1-conforama-38eme-journee-clap-de-fin-pour-la-ligue-1-caen-second-relegue\/\",\"name\":\"Ligue 1 Conforama - 38\u00e8me journ\u00e9e : Clap de fin pour la Ligue 1, Caen second rel\u00e9gu\u00e9\",\"isPartOf\":{\"@id\":\"https:\/\/dicodusport.fr\/blog\/#website\"},\"primaryImageOfPage\":{\"@id\":\"https:\/\/dicodusport.fr\/blog\/ligue-1-conforama-38eme-journee-clap-de-fin-pour-la-ligue-1-caen-second-relegue\/#primaryimage\"},\"image\":{\"@id\":\"https:\/\/dicodusport.fr\/blog\/ligue-1-conforama-38eme-journee-clap-de-fin-pour-la-ligue-1-caen-second-relegue\/#primaryimage\"},\"thumbnailUrl\":\"https:\/\/dicodusport.fr\/blog\/wp-content\/uploads\/2019\/05\/38\u00e8me-journ\u00e9e-Ligue-1.png\",\"datePublished\":\"2019-05-27T14:40:29+00:00\",\"dateModified\":\"2020-02-06T13:36:20+00:00\",\"description\":\"38\u00e8me journ\u00e9e de Ligue 1 Conforama avec Caen rel\u00e9gu\u00e9 en Ligue 2, Dijon qui affrontera Lens en barrages et Amiens qui jouera dans l'\u00e9lite la saison prochaine\",\"breadcrumb\":{\"@id\":\"https:\/\/dicodusport.fr\/blog\/ligue-1-conforama-38eme-journee-clap-de-fin-pour-la-ligue-1-caen-second-relegue\/#breadcrumb\"},\"inLanguage\":\"fr-FR\",\"potentialAction\":[{\"@type\":\"ReadAction\",\"target\":[\"https:\/\/dicodusport.fr\/blog\/ligue-1-conforama-38eme-journee-clap-de-fin-pour-la-ligue-1-caen-second-relegue\/\"]}]},{\"@type\":\"ImageObject\",\"inLanguage\":\"fr-FR\",\"@id\":\"https:\/\/dicodusport.fr\/blog\/ligue-1-conforama-38eme-journee-clap-de-fin-pour-la-ligue-1-caen-second-relegue\/#primaryimage\",\"url\":\"https:\/\/dicodusport.fr\/blog\/wp-content\/uploads\/2019\/05\/38\u00e8me-journ\u00e9e-Ligue-1.png\",\"contentUrl\":\"https:\/\/dicodusport.fr\/blog\/wp-content\/uploads\/2019\/05\/38\u00e8me-journ\u00e9e-Ligue-1.png\",\"width\":800,\"height\":445},{\"@type\":\"BreadcrumbList\",\"@id\":\"https:\/\/dicodusport.fr\/blog\/ligue-1-conforama-38eme-journee-clap-de-fin-pour-la-ligue-1-caen-second-relegue\/#breadcrumb\",\"itemListElement\":[{\"@type\":\"ListItem\",\"position\":1,\"name\":\"Accueil\",\"item\":\"https:\/\/dicodusport.fr\/blog\/\"},{\"@type\":\"ListItem\",\"position\":2,\"name\":\"Ligue 1 Conforama &#8211; 38\u00e8me journ\u00e9e : Clap de fin pour la Ligue 1, Caen second rel\u00e9gu\u00e9\"}]},{\"@type\":\"WebSite\",\"@id\":\"https:\/\/dicodusport.fr\/blog\/#website\",\"url\":\"https:\/\/dicodusport.fr\/blog\/\",\"name\":\"Dicodusport\",\"description\":\"L&#039;encyclop\u00e9die de l&#039;actualit\u00e9 sportive\",\"publisher\":{\"@id\":\"https:\/\/dicodusport.fr\/blog\/#organization\"},\"potentialAction\":[{\"@type\":\"SearchAction\",\"target\":{\"@type\":\"EntryPoint\",\"urlTemplate\":\"https:\/\/dicodusport.fr\/blog\/?s={search_term_string}\"},\"query-input\":{\"@type\":\"PropertyValueSpecification\",\"valueRequired\":true,\"valueName\":\"search_term_string\"}}],\"inLanguage\":\"fr-FR\"},{\"@type\":\"NewsMediaOrganization\",\"@id\":\"https:\/\/dicodusport.fr\/blog\/#organization\",\"name\":\"Dicodusport\",\"url\":\"https:\/\/dicodusport.fr\/blog\/\",\"logo\":{\"@type\":\"ImageObject\",\"inLanguage\":\"fr-FR\",\"@id\":\"https:\/\/dicodusport.fr\/blog\/#\/schema\/logo\/image\/\",\"url\":\"https:\/\/dicodusport.fr\/blog\/wp-content\/uploads\/2020\/06\/cropped-LOGO-DICODUSPORT-2020-SANS-FOND-SANS-TEXTE.png\",\"contentUrl\":\"https:\/\/dicodusport.fr\/blog\/wp-content\/uploads\/2020\/06\/cropped-LOGO-DICODUSPORT-2020-SANS-FOND-SANS-TEXTE.png\",\"width\":512,\"height\":512,\"caption\":\"Dicodusport\"},\"image\":{\"@id\":\"https:\/\/dicodusport.fr\/blog\/#\/schema\/logo\/image\/\"},\"sameAs\":[\"https:\/\/www.facebook.com\/dicodusport\",\"https:\/\/x.com\/dicodusport\",\"https:\/\/www.instagram.com\/dicodusport\/\",\"https:\/\/www.youtube.com\/channel\/UC7V2KZ5sd3htJivAbA4ZG3w\"],\"description\":\"Dicodusport est l'encyclop\u00e9die de l'actualit\u00e9 sportive.\",\"email\":\"bonjour@dicodusport.fr\",\"legalName\":\"DICODUSPORT\",\"foundingDate\":\"2018-01-14\",\"vatID\":\"FR71834470973\",\"taxID\":\"83447097300043\",\"numberOfEmployees\":{\"@type\":\"QuantitativeValue\",\"minValue\":\"1\",\"maxValue\":\"10\"}},{\"@type\":\"Person\",\"@id\":\"https:\/\/dicodusport.fr\/blog\/#\/schema\/person\/8c78730a59f8a1e617f7a19026ebc14a\",\"name\":\"Romain Delanis\",\"image\":{\"@type\":\"ImageObject\",\"inLanguage\":\"fr-FR\",\"@id\":\"https:\/\/dicodusport.fr\/blog\/#\/schema\/person\/image\/\",\"url\":\"https:\/\/dicodusport.fr\/blog\/wp-content\/uploads\/2021\/05\/Romain-Delanis-150x150.jpg\",\"contentUrl\":\"https:\/\/dicodusport.fr\/blog\/wp-content\/uploads\/2021\/05\/Romain-Delanis-150x150.jpg\",\"caption\":\"Romain Delanis\"},\"description\":\"Journaliste\/R\u00e9dacteur depuis novembre 2015 - Capable de passer un samedi apr\u00e8s-midi devant la Ligue 2 puis le biathlon sans oublier la finale de l\u2019ATP Rotterdam, j\u2019aime aussi mettre mon r\u00e9veil pour me faire un Pistons\/Bulls qui rappelle de bons souvenirs. Tout cela, j\u2019ai choisi il y a maintenant quelques temps de vous le raconter avec Dicodusport, pour vous faire vivre ma passion parfois inconsid\u00e9r\u00e9e pour le sport en g\u00e9n\u00e9ral (mais surtout le foot faut se l\u2019avouer).\",\"sameAs\":[\"https:\/\/x.com\/https:\/\/twitter.com\/RDelanis\"],\"url\":\"https:\/\/dicodusport.fr\/blog\/author\/romain\/\"}]}<\/script>\n<!-- \/ Yoast SEO Premium plugin. -->","yoast_head_json":{"title":"Ligue 1 Conforama - 38\u00e8me journ\u00e9e : Clap de fin pour la Ligue 1, Caen second rel\u00e9gu\u00e9","description":"38\u00e8me journ\u00e9e de Ligue 1 Conforama avec Caen rel\u00e9gu\u00e9 en Ligue 2, Dijon qui affrontera Lens en barrages et Amiens qui jouera dans l'\u00e9lite la saison prochaine","robots":{"index":"index","follow":"follow","max-snippet":"max-snippet:-1","max-image-preview":"max-image-preview:large","max-video-preview":"max-video-preview:-1"},"canonical":"https:\/\/dicodusport.fr\/blog\/ligue-1-conforama-38eme-journee-clap-de-fin-pour-la-ligue-1-caen-second-relegue\/","og_locale":"fr_FR","og_type":"article","og_title":"Ligue 1 Conforama - 38\u00e8me journ\u00e9e : Clap de fin pour la Ligue 1, Caen second rel\u00e9gu\u00e9","og_description":"38\u00e8me journ\u00e9e de Ligue 1 Conforama avec Caen rel\u00e9gu\u00e9 en Ligue 2, Dijon qui affrontera Lens en barrages et Amiens qui jouera dans l'\u00e9lite la saison prochaine","og_url":"https:\/\/dicodusport.fr\/blog\/ligue-1-conforama-38eme-journee-clap-de-fin-pour-la-ligue-1-caen-second-relegue\/","og_site_name":"Dicodusport","article_publisher":"https:\/\/www.facebook.com\/dicodusport","article_published_time":"2019-05-27T14:40:29+00:00","article_modified_time":"2020-02-06T13:36:20+00:00","og_image":[{"width":800,"height":445,"url":"https:\/\/dicodusport.fr\/blog\/wp-content\/uploads\/2019\/05\/38\u00e8me-journ\u00e9e-Ligue-1.png","type":"image\/png"}],"author":"Romain Delanis","twitter_card":"summary_large_image","twitter_creator":"@https:\/\/twitter.com\/RDelanis","twitter_site":"@dicodusport","schema":{"@context":"https:\/\/schema.org","@graph":[{"@type":"NewsArticle","@id":"https:\/\/dicodusport.fr\/blog\/ligue-1-conforama-38eme-journee-clap-de-fin-pour-la-ligue-1-caen-second-relegue\/#article","isPartOf":{"@id":"https:\/\/dicodusport.fr\/blog\/ligue-1-conforama-38eme-journee-clap-de-fin-pour-la-ligue-1-caen-second-relegue\/"},"author":{"name":"Romain Delanis","@id":"https:\/\/dicodusport.fr\/blog\/#\/schema\/person\/8c78730a59f8a1e617f7a19026ebc14a"},"headline":"Ligue 1 Conforama &#8211; 38\u00e8me journ\u00e9e : Clap de fin pour la Ligue 1, Caen second rel\u00e9gu\u00e9","datePublished":"2019-05-27T14:40:29+00:00","dateModified":"2020-02-06T13:36:20+00:00","mainEntityOfPage":{"@id":"https:\/\/dicodusport.fr\/blog\/ligue-1-conforama-38eme-journee-clap-de-fin-pour-la-ligue-1-caen-second-relegue\/"},"wordCount":945,"commentCount":0,"publisher":{"@id":"https:\/\/dicodusport.fr\/blog\/#organization"},"image":{"@id":"https:\/\/dicodusport.fr\/blog\/ligue-1-conforama-38eme-journee-clap-de-fin-pour-la-ligue-1-caen-second-relegue\/#primaryimage"},"thumbnailUrl":"https:\/\/dicodusport.fr\/blog\/wp-content\/uploads\/2019\/05\/38\u00e8me-journ\u00e9e-Ligue-1.png","keywords":["Amiens SC","ASSE","Dijon FCO","Football","Ligue 1 Conforama","LOSC","OL","PSG","RC Strasbourg","SM Caen","Stade rennais"],"articleSection":["Actualit\u00e9s","Football"],"inLanguage":"fr-FR","potentialAction":[{"@type":"CommentAction","name":"Comment","target":["https:\/\/dicodusport.fr\/blog\/ligue-1-conforama-38eme-journee-clap-de-fin-pour-la-ligue-1-caen-second-relegue\/#respond"]}],"copyrightYear":"2019","copyrightHolder":{"@id":"https:\/\/dicodusport.fr\/blog\/#organization"}},{"@type":"WebPage","@id":"https:\/\/dicodusport.fr\/blog\/ligue-1-conforama-38eme-journee-clap-de-fin-pour-la-ligue-1-caen-second-relegue\/","url":"https:\/\/dicodusport.fr\/blog\/ligue-1-conforama-38eme-journee-clap-de-fin-pour-la-ligue-1-caen-second-relegue\/","name":"Ligue 1 Conforama - 38\u00e8me journ\u00e9e : Clap de fin pour la Ligue 1, Caen second rel\u00e9gu\u00e9","isPartOf":{"@id":"https:\/\/dicodusport.fr\/blog\/#website"},"primaryImageOfPage":{"@id":"https:\/\/dicodusport.fr\/blog\/ligue-1-conforama-38eme-journee-clap-de-fin-pour-la-ligue-1-caen-second-relegue\/#primaryimage"},"image":{"@id":"https:\/\/dicodusport.fr\/blog\/ligue-1-conforama-38eme-journee-clap-de-fin-pour-la-ligue-1-caen-second-relegue\/#primaryimage"},"thumbnailUrl":"https:\/\/dicodusport.fr\/blog\/wp-content\/uploads\/2019\/05\/38\u00e8me-journ\u00e9e-Ligue-1.png","datePublished":"2019-05-27T14:40:29+00:00","dateModified":"2020-02-06T13:36:20+00:00","description":"38\u00e8me journ\u00e9e de Ligue 1 Conforama avec Caen rel\u00e9gu\u00e9 en Ligue 2, Dijon qui affrontera Lens en barrages et Amiens qui jouera dans l'\u00e9lite la saison prochaine","breadcrumb":{"@id":"https:\/\/dicodusport.fr\/blog\/ligue-1-conforama-38eme-journee-clap-de-fin-pour-la-ligue-1-caen-second-relegue\/#breadcrumb"},"inLanguage":"fr-FR","potentialAction":[{"@type":"ReadAction","target":["https:\/\/dicodusport.fr\/blog\/ligue-1-conforama-38eme-journee-clap-de-fin-pour-la-ligue-1-caen-second-relegue\/"]}]},{"@type":"ImageObject","inLanguage":"fr-FR","@id":"https:\/\/dicodusport.fr\/blog\/ligue-1-conforama-38eme-journee-clap-de-fin-pour-la-ligue-1-caen-second-relegue\/#primaryimage","url":"https:\/\/dicodusport.fr\/blog\/wp-content\/uploads\/2019\/05\/38\u00e8me-journ\u00e9e-Ligue-1.png","contentUrl":"https:\/\/dicodusport.fr\/blog\/wp-content\/uploads\/2019\/05\/38\u00e8me-journ\u00e9e-Ligue-1.png","width":800,"height":445},{"@type":"BreadcrumbList","@id":"https:\/\/dicodusport.fr\/blog\/ligue-1-conforama-38eme-journee-clap-de-fin-pour-la-ligue-1-caen-second-relegue\/#breadcrumb","itemListElement":[{"@type":"ListItem","position":1,"name":"Accueil","item":"https:\/\/dicodusport.fr\/blog\/"},{"@type":"ListItem","position":2,"name":"Ligue 1 Conforama &#8211; 38\u00e8me journ\u00e9e : Clap de fin pour la Ligue 1, Caen second rel\u00e9gu\u00e9"}]},{"@type":"WebSite","@id":"https:\/\/dicodusport.fr\/blog\/#website","url":"https:\/\/dicodusport.fr\/blog\/","name":"Dicodusport","description":"L&#039;encyclop\u00e9die de l&#039;actualit\u00e9 sportive","publisher":{"@id":"https:\/\/dicodusport.fr\/blog\/#organization"},"potentialAction":[{"@type":"SearchAction","target":{"@type":"EntryPoint","urlTemplate":"https:\/\/dicodusport.fr\/blog\/?s={search_term_string}"},"query-input":{"@type":"PropertyValueSpecification","valueRequired":true,"valueName":"search_term_string"}}],"inLanguage":"fr-FR"},{"@type":"NewsMediaOrganization","@id":"https:\/\/dicodusport.fr\/blog\/#organization","name":"Dicodusport","url":"https:\/\/dicodusport.fr\/blog\/","logo":{"@type":"ImageObject","inLanguage":"fr-FR","@id":"https:\/\/dicodusport.fr\/blog\/#\/schema\/logo\/image\/","url":"https:\/\/dicodusport.fr\/blog\/wp-content\/uploads\/2020\/06\/cropped-LOGO-DICODUSPORT-2020-SANS-FOND-SANS-TEXTE.png","contentUrl":"https:\/\/dicodusport.fr\/blog\/wp-content\/uploads\/2020\/06\/cropped-LOGO-DICODUSPORT-2020-SANS-FOND-SANS-TEXTE.png","width":512,"height":512,"caption":"Dicodusport"},"image":{"@id":"https:\/\/dicodusport.fr\/blog\/#\/schema\/logo\/image\/"},"sameAs":["https:\/\/www.facebook.com\/dicodusport","https:\/\/x.com\/dicodusport","https:\/\/www.instagram.com\/dicodusport\/","https:\/\/www.youtube.com\/channel\/UC7V2KZ5sd3htJivAbA4ZG3w"],"description":"Dicodusport est l'encyclop\u00e9die de l'actualit\u00e9 sportive.","email":"bonjour@dicodusport.fr","legalName":"DICODUSPORT","foundingDate":"2018-01-14","vatID":"FR71834470973","taxID":"83447097300043","numberOfEmployees":{"@type":"QuantitativeValue","minValue":"1","maxValue":"10"}},{"@type":"Person","@id":"https:\/\/dicodusport.fr\/blog\/#\/schema\/person\/8c78730a59f8a1e617f7a19026ebc14a","name":"Romain Delanis","image":{"@type":"ImageObject","inLanguage":"fr-FR","@id":"https:\/\/dicodusport.fr\/blog\/#\/schema\/person\/image\/","url":"https:\/\/dicodusport.fr\/blog\/wp-content\/uploads\/2021\/05\/Romain-Delanis-150x150.jpg","contentUrl":"https:\/\/dicodusport.fr\/blog\/wp-content\/uploads\/2021\/05\/Romain-Delanis-150x150.jpg","caption":"Romain Delanis"},"description":"Journaliste\/R\u00e9dacteur depuis novembre 2015 - Capable de passer un samedi apr\u00e8s-midi devant la Ligue 2 puis le biathlon sans oublier la finale de l\u2019ATP Rotterdam, j\u2019aime aussi mettre mon r\u00e9veil pour me faire un Pistons\/Bulls qui rappelle de bons souvenirs. Tout cela, j\u2019ai choisi il y a maintenant quelques temps de vous le raconter avec Dicodusport, pour vous faire vivre ma passion parfois inconsid\u00e9r\u00e9e pour le sport en g\u00e9n\u00e9ral (mais surtout le foot faut se l\u2019avouer).","sameAs":["https:\/\/x.com\/https:\/\/twitter.com\/RDelanis"],"url":"https:\/\/dicodusport.fr\/blog\/author\/romain\/"}]}},"_links":{"self":[{"href":"https:\/\/dicodusport.fr\/blog\/wp-json\/wp\/v2\/posts\/40015","targetHints":{"allow":["GET"]}}],"collection":[{"href":"https:\/\/dicodusport.fr\/blog\/wp-json\/wp\/v2\/posts"}],"about":[{"href":"https:\/\/dicodusport.fr\/blog\/wp-json\/wp\/v2\/types\/post"}],"author":[{"embeddable":true,"href":"https:\/\/dicodusport.fr\/blog\/wp-json\/wp\/v2\/users\/14"}],"replies":[{"embeddable":true,"href":"https:\/\/dicodusport.fr\/blog\/wp-json\/wp\/v2\/comments?post=40015"}],"version-history":[{"count":0,"href":"https:\/\/dicodusport.fr\/blog\/wp-json\/wp\/v2\/posts\/40015\/revisions"}],"wp:featuredmedia":[{"embeddable":true,"href":"https:\/\/dicodusport.fr\/blog\/wp-json\/wp\/v2\/media\/40046"}],"wp:attachment":[{"href":"https:\/\/dicodusport.fr\/blog\/wp-json\/wp\/v2\/media?parent=40015"}],"wp:term":[{"taxonomy":"category","embeddable":true,"href":"https:\/\/dicodusport.fr\/blog\/wp-json\/wp\/v2\/categories?post=40015"},{"taxonomy":"post_tag","embeddable":true,"href":"https:\/\/dicodusport.fr\/blog\/wp-json\/wp\/v2\/tags?post=40015"}],"curies":[{"name":"wp","href":"https:\/\/api.w.org\/{rel}","templated":true}]}}