{"id":400402,"date":"2023-07-16T11:55:30","date_gmt":"2023-07-16T09:55:30","guid":{"rendered":"https:\/\/dicodusport.fr\/blog\/?p=400402&#038;preview=true&#038;preview_id=400402"},"modified":"2023-07-16T12:05:26","modified_gmt":"2023-07-16T10:05:26","slug":"athletisme-louise-maraval-vice-championne-deurope-espoirs-du-400-m-haies","status":"publish","type":"post","link":"https:\/\/dicodusport.fr\/blog\/athletisme-louise-maraval-vice-championne-deurope-espoirs-du-400-m-haies\/","title":{"rendered":"Athl\u00e9tisme : Louise Maraval vice-championne d&rsquo;Europe espoirs du 400 m haies"},"content":{"rendered":"<p style=\"text-align: justify;\"><strong><em><a title=\"Programme et r\u00e9sultats Championnats d\u2019Europe espoirs d\u2019athl\u00e9tisme 2023\" href=\"https:\/\/dicodusport.fr\/blog\/calendrier-et-resultats-championnats-deurope-espoirs-dathletisme-2023\/\" target=\"_blank\" rel=\"noopener\">CHAMPIONNATS D&rsquo;EUROPE ESPOIRS<\/a> &#8211; Louise Maraval a explos\u00e9 son record personnel en 55.83 sur 400 m haies, pour cueillir l&rsquo;argent. Au terme d&rsquo;une derni\u00e8re ligne droite assourdissante.<br \/>\n<\/em><\/strong><\/p>\n<p style=\"text-align: justify;\">Quelle derni\u00e8re ligne droite ! <strong>Louise Maraval<\/strong> vient de s&rsquo;offrir sa premi\u00e8re m\u00e9daille internationale. La Fran\u00e7aise a d\u00e9croch\u00e9 la m\u00e9daille d&rsquo;argent sur le 400 m haies, aux championnats d&rsquo;Europe espoirs. Apr\u00e8s un d\u00e9but de course prudent, elle a effectu\u00e9 une derni\u00e8re ligne droite de feu, pour s&rsquo;offrir la breloque. Au bout de son tour de piste, elle a explos\u00e9 son record personnel en 55.83. C&rsquo;est la meilleure performance fran\u00e7aise en 2023, toutes cat\u00e9gories confondues. Et c&rsquo;est une confirmation apr\u00e8s sa saison brillante en salle, o\u00f9 elle avait approch\u00e9 le record de France Espoirs du 400 m en salle, d\u00e9tenu par <strong>Sokhna Lacoste<\/strong>. <strong>Louise Maraval<\/strong> avait r\u00e9alis\u00e9 52.85.<\/p>\n<p style=\"text-align: justify;\">Avec son 55.83, elle devient la 5e performeuse fran\u00e7aise espoirs de tous les temps et pointe \u00e0 la 10e place toute cat\u00e9gorie confondues. Une progression impressionnante pour l&rsquo;athl\u00e8te de l&rsquo;Entente S\u00e8vre qui a fait un choix gagnant en 2022. Adepte des \u00e9preuves combin\u00e9es avec un record \u00e0 5745 points sur heptathlon \u00e9tabli l&rsquo;an pass\u00e9, elle a fait le choix de se concentrer sur le 400 m haies depuis 2022 et surtout cette saison.<\/p>\n<p style=\"text-align: justify;\"><strong>Louise Maraval<\/strong> apporte la 10e m\u00e9daille aux Bleuets dans cette comp\u00e9tition. La France pointe a une magnifique 2e place, juste derri\u00e8re la Grande-Bretagne.<\/p>\n<blockquote class=\"twitter-tweet\">\n<p dir=\"ltr\" lang=\"fr\">\ud83e\udd48 VICE-CHAMPIONNE D&rsquo;EUROPE U23 !<\/p>\n<p>\ud83c\uddeb\ud83c\uddf7 Louise Maraval prend la 2e place de la finale du 400 m haies en 55\u00a0\u00bb83, son nouveau record ! Incroyable fin de course !<\/p>\n<p>\ud83d\udca5 C&rsquo;est la dixi\u00e8me m\u00e9daille de la France \u00e0 <a href=\"https:\/\/twitter.com\/hashtag\/Espoo2023?src=hash&amp;ref_src=twsrc%5Etfw\">#Espoo2023<\/a> !<\/p>\n<p>\ud83c\udfa5 <a href=\"https:\/\/twitter.com\/allathleticstv?ref_src=twsrc%5Etfw\">@allathleticstv<\/a> \/ <a href=\"https:\/\/twitter.com\/EuroAthletics?ref_src=twsrc%5Etfw\">@EuroAthletics<\/a> <a href=\"https:\/\/t.co\/89lWliSyu9\">pic.twitter.com\/89lWliSyu9<\/a><\/p>\n<p>\u2014 FFAthl\u00e9tisme (@FFAthletisme) <a href=\"https:\/\/twitter.com\/FFAthletisme\/status\/1680515597107437568?ref_src=twsrc%5Etfw\">July 16, 2023<\/a><\/p><\/blockquote>\n<p><script async src=\"https:\/\/platform.twitter.com\/widgets.js\" charset=\"utf-8\"><\/script><\/p>\n","protected":false},"excerpt":{"rendered":"<p>CHAMPIONNATS D&rsquo;EUROPE ESPOIRS &#8211; Louise Maraval a explos\u00e9 son record personnel en 55.83 sur 400 m haies, pour cueillir l&rsquo;argent.<\/p>\n","protected":false},"author":83,"featured_media":400409,"comment_status":"open","ping_status":"closed","sticky":false,"template":"","format":"standard","meta":{"_acf_changed":false,"_daextam_enable_autolinks":"","footnotes":""},"categories":[2308],"tags":[16878,17825,32858],"class_list":["post-400402","post","type-post","status-publish","format-standard","has-post-thumbnail","hentry","category-athletisme","tag-breve","tag-championnats-deurope-u23-athletisme","tag-louise-maraval"],"acf":[],"yoast_head":"<!-- This site is optimized with the Yoast SEO Premium plugin v26.7 (Yoast SEO v26.7) - https:\/\/yoast.com\/wordpress\/plugins\/seo\/ -->\n<title>Athl\u00e9tisme : Louise Maraval vice-championne d&#039;Europe espoirs du 400 m haies<\/title>\n<meta name=\"description\" content=\"CHAMPIONNATS D&#039;EUROPE ESPOIRS - Louise Maraval a explos\u00e9 son record personnel en 55.83 sur 400 m haies, pour cueillir l&#039;argent.\" \/>\n<meta name=\"robots\" content=\"index, follow, max-snippet:-1, max-image-preview:large, max-video-preview:-1\" \/>\n<link rel=\"canonical\" href=\"https:\/\/dicodusport.fr\/blog\/athletisme-louise-maraval-vice-championne-deurope-espoirs-du-400-m-haies\/\" \/>\n<meta property=\"og:locale\" content=\"fr_FR\" \/>\n<meta property=\"og:type\" content=\"article\" \/>\n<meta property=\"og:title\" content=\"Athl\u00e9tisme : Louise Maraval vice-championne d&#039;Europe espoirs du 400 m haies\" \/>\n<meta property=\"og:description\" content=\"CHAMPIONNATS D&#039;EUROPE ESPOIRS - Louise Maraval a explos\u00e9 son record personnel en 55.83 sur 400 m haies, pour cueillir l&#039;argent.\" \/>\n<meta property=\"og:url\" content=\"https:\/\/dicodusport.fr\/blog\/athletisme-louise-maraval-vice-championne-deurope-espoirs-du-400-m-haies\/\" \/>\n<meta property=\"og:site_name\" content=\"Dicodusport\" \/>\n<meta property=\"article:publisher\" content=\"https:\/\/www.facebook.com\/dicodusport\" \/>\n<meta property=\"article:published_time\" content=\"2023-07-16T09:55:30+00:00\" \/>\n<meta property=\"article:modified_time\" content=\"2023-07-16T10:05:26+00:00\" \/>\n<meta property=\"og:image\" content=\"https:\/\/dicodusport.fr\/blog\/wp-content\/uploads\/2023\/07\/Athletisme-Louise-Maraval-vice-championne-dEurope-espoirs-du-400-m-haies.png\" \/>\n\t<meta property=\"og:image:width\" content=\"800\" \/>\n\t<meta property=\"og:image:height\" content=\"445\" \/>\n\t<meta property=\"og:image:type\" content=\"image\/png\" \/>\n<meta name=\"author\" content=\"Etienne Goursaud\" \/>\n<meta name=\"twitter:card\" content=\"summary_large_image\" \/>\n<meta name=\"twitter:title\" content=\"Athl\u00e9tisme : Louise Maraval vice-championne d&#039;Europe espoirs du 400 m haies\" \/>\n<meta name=\"twitter:creator\" content=\"@dicodusport\" \/>\n<meta name=\"twitter:site\" content=\"@dicodusport\" \/>\n<script type=\"application\/ld+json\" class=\"yoast-schema-graph\">{\"@context\":\"https:\/\/schema.org\",\"@graph\":[{\"@type\":\"NewsArticle\",\"@id\":\"https:\/\/dicodusport.fr\/blog\/athletisme-louise-maraval-vice-championne-deurope-espoirs-du-400-m-haies\/#article\",\"isPartOf\":{\"@id\":\"https:\/\/dicodusport.fr\/blog\/athletisme-louise-maraval-vice-championne-deurope-espoirs-du-400-m-haies\/\"},\"author\":{\"name\":\"Etienne Goursaud\",\"@id\":\"https:\/\/dicodusport.fr\/blog\/#\/schema\/person\/d603dd7da31fb2b46c82b9835a77ec13\"},\"headline\":\"Athl\u00e9tisme : Louise Maraval vice-championne d&rsquo;Europe espoirs du 400 m haies\",\"datePublished\":\"2023-07-16T09:55:30+00:00\",\"dateModified\":\"2023-07-16T10:05:26+00:00\",\"mainEntityOfPage\":{\"@id\":\"https:\/\/dicodusport.fr\/blog\/athletisme-louise-maraval-vice-championne-deurope-espoirs-du-400-m-haies\/\"},\"wordCount\":306,\"commentCount\":0,\"publisher\":{\"@id\":\"https:\/\/dicodusport.fr\/blog\/#organization\"},\"image\":{\"@id\":\"https:\/\/dicodusport.fr\/blog\/athletisme-louise-maraval-vice-championne-deurope-espoirs-du-400-m-haies\/#primaryimage\"},\"thumbnailUrl\":\"https:\/\/dicodusport.fr\/blog\/wp-content\/uploads\/2023\/07\/Athletisme-Louise-Maraval-vice-championne-dEurope-espoirs-du-400-m-haies.png\",\"keywords\":[\"br\u00e8ve\",\"Championnats d'Europe U23 athl\u00e9tisme\",\"Louise Maraval\"],\"articleSection\":[\"Athl\u00e9tisme\"],\"inLanguage\":\"fr-FR\",\"potentialAction\":[{\"@type\":\"CommentAction\",\"name\":\"Comment\",\"target\":[\"https:\/\/dicodusport.fr\/blog\/athletisme-louise-maraval-vice-championne-deurope-espoirs-du-400-m-haies\/#respond\"]}],\"copyrightYear\":\"2023\",\"copyrightHolder\":{\"@id\":\"https:\/\/dicodusport.fr\/blog\/#organization\"}},{\"@type\":\"WebPage\",\"@id\":\"https:\/\/dicodusport.fr\/blog\/athletisme-louise-maraval-vice-championne-deurope-espoirs-du-400-m-haies\/\",\"url\":\"https:\/\/dicodusport.fr\/blog\/athletisme-louise-maraval-vice-championne-deurope-espoirs-du-400-m-haies\/\",\"name\":\"Athl\u00e9tisme : Louise Maraval vice-championne d'Europe espoirs du 400 m haies\",\"isPartOf\":{\"@id\":\"https:\/\/dicodusport.fr\/blog\/#website\"},\"primaryImageOfPage\":{\"@id\":\"https:\/\/dicodusport.fr\/blog\/athletisme-louise-maraval-vice-championne-deurope-espoirs-du-400-m-haies\/#primaryimage\"},\"image\":{\"@id\":\"https:\/\/dicodusport.fr\/blog\/athletisme-louise-maraval-vice-championne-deurope-espoirs-du-400-m-haies\/#primaryimage\"},\"thumbnailUrl\":\"https:\/\/dicodusport.fr\/blog\/wp-content\/uploads\/2023\/07\/Athletisme-Louise-Maraval-vice-championne-dEurope-espoirs-du-400-m-haies.png\",\"datePublished\":\"2023-07-16T09:55:30+00:00\",\"dateModified\":\"2023-07-16T10:05:26+00:00\",\"description\":\"CHAMPIONNATS D'EUROPE ESPOIRS - Louise Maraval a explos\u00e9 son record personnel en 55.83 sur 400 m haies, pour cueillir l'argent.\",\"breadcrumb\":{\"@id\":\"https:\/\/dicodusport.fr\/blog\/athletisme-louise-maraval-vice-championne-deurope-espoirs-du-400-m-haies\/#breadcrumb\"},\"inLanguage\":\"fr-FR\",\"potentialAction\":[{\"@type\":\"ReadAction\",\"target\":[\"https:\/\/dicodusport.fr\/blog\/athletisme-louise-maraval-vice-championne-deurope-espoirs-du-400-m-haies\/\"]}]},{\"@type\":\"ImageObject\",\"inLanguage\":\"fr-FR\",\"@id\":\"https:\/\/dicodusport.fr\/blog\/athletisme-louise-maraval-vice-championne-deurope-espoirs-du-400-m-haies\/#primaryimage\",\"url\":\"https:\/\/dicodusport.fr\/blog\/wp-content\/uploads\/2023\/07\/Athletisme-Louise-Maraval-vice-championne-dEurope-espoirs-du-400-m-haies.png\",\"contentUrl\":\"https:\/\/dicodusport.fr\/blog\/wp-content\/uploads\/2023\/07\/Athletisme-Louise-Maraval-vice-championne-dEurope-espoirs-du-400-m-haies.png\",\"width\":800,\"height\":445,\"caption\":\"Athl\u00e9tisme Louise Maraval vice-championne d'Europe espoirs du 400 m haies\"},{\"@type\":\"BreadcrumbList\",\"@id\":\"https:\/\/dicodusport.fr\/blog\/athletisme-louise-maraval-vice-championne-deurope-espoirs-du-400-m-haies\/#breadcrumb\",\"itemListElement\":[{\"@type\":\"ListItem\",\"position\":1,\"name\":\"Accueil\",\"item\":\"https:\/\/dicodusport.fr\/blog\/\"},{\"@type\":\"ListItem\",\"position\":2,\"name\":\"Athl\u00e9tisme : Louise Maraval vice-championne d&rsquo;Europe espoirs du 400 m haies\"}]},{\"@type\":\"WebSite\",\"@id\":\"https:\/\/dicodusport.fr\/blog\/#website\",\"url\":\"https:\/\/dicodusport.fr\/blog\/\",\"name\":\"Dicodusport\",\"description\":\"L&#039;encyclop\u00e9die de l&#039;actualit\u00e9 sportive\",\"publisher\":{\"@id\":\"https:\/\/dicodusport.fr\/blog\/#organization\"},\"potentialAction\":[{\"@type\":\"SearchAction\",\"target\":{\"@type\":\"EntryPoint\",\"urlTemplate\":\"https:\/\/dicodusport.fr\/blog\/?s={search_term_string}\"},\"query-input\":{\"@type\":\"PropertyValueSpecification\",\"valueRequired\":true,\"valueName\":\"search_term_string\"}}],\"inLanguage\":\"fr-FR\"},{\"@type\":\"NewsMediaOrganization\",\"@id\":\"https:\/\/dicodusport.fr\/blog\/#organization\",\"name\":\"Dicodusport\",\"url\":\"https:\/\/dicodusport.fr\/blog\/\",\"logo\":{\"@type\":\"ImageObject\",\"inLanguage\":\"fr-FR\",\"@id\":\"https:\/\/dicodusport.fr\/blog\/#\/schema\/logo\/image\/\",\"url\":\"https:\/\/dicodusport.fr\/blog\/wp-content\/uploads\/2020\/06\/cropped-LOGO-DICODUSPORT-2020-SANS-FOND-SANS-TEXTE.png\",\"contentUrl\":\"https:\/\/dicodusport.fr\/blog\/wp-content\/uploads\/2020\/06\/cropped-LOGO-DICODUSPORT-2020-SANS-FOND-SANS-TEXTE.png\",\"width\":512,\"height\":512,\"caption\":\"Dicodusport\"},\"image\":{\"@id\":\"https:\/\/dicodusport.fr\/blog\/#\/schema\/logo\/image\/\"},\"sameAs\":[\"https:\/\/www.facebook.com\/dicodusport\",\"https:\/\/x.com\/dicodusport\",\"https:\/\/www.instagram.com\/dicodusport\/\",\"https:\/\/www.youtube.com\/channel\/UC7V2KZ5sd3htJivAbA4ZG3w\"],\"description\":\"Dicodusport est l'encyclop\u00e9die de l'actualit\u00e9 sportive.\",\"email\":\"bonjour@dicodusport.fr\",\"legalName\":\"DICODUSPORT\",\"foundingDate\":\"2018-01-14\",\"vatID\":\"FR71834470973\",\"taxID\":\"83447097300043\",\"numberOfEmployees\":{\"@type\":\"QuantitativeValue\",\"minValue\":\"1\",\"maxValue\":\"10\"}},{\"@type\":\"Person\",\"@id\":\"https:\/\/dicodusport.fr\/blog\/#\/schema\/person\/d603dd7da31fb2b46c82b9835a77ec13\",\"name\":\"Etienne Goursaud\",\"image\":{\"@type\":\"ImageObject\",\"inLanguage\":\"fr-FR\",\"@id\":\"https:\/\/dicodusport.fr\/blog\/#\/schema\/person\/image\/\",\"url\":\"https:\/\/dicodusport.fr\/blog\/wp-content\/uploads\/2023\/12\/410122264_10231602061736049_5565839791558026645_n-150x150.jpg\",\"contentUrl\":\"https:\/\/dicodusport.fr\/blog\/wp-content\/uploads\/2023\/12\/410122264_10231602061736049_5565839791558026645_n-150x150.jpg\",\"caption\":\"Etienne Goursaud\"},\"description\":\"Journaliste et amoureux de sport. Ancien footballeur reconverti athl\u00e8te quand ses muscles le laissent tranquille. \u00c9lev\u00e9 \u00e0 la sauce des exploits de Thomas Voeckler en 2004, du dernier essai de l\u00e9gende de Eunice Barber \u00e0 la longueur lors des championnats du monde d'athl\u00e9tisme de 2003 mais aussi Zidane, Omeyer et Titou Lamaison.\",\"url\":\"https:\/\/dicodusport.fr\/blog\/author\/etienne-goursaud\/\"}]}<\/script>\n<!-- \/ Yoast SEO Premium plugin. -->","yoast_head_json":{"title":"Athl\u00e9tisme : Louise Maraval vice-championne d'Europe espoirs du 400 m haies","description":"CHAMPIONNATS D'EUROPE ESPOIRS - Louise Maraval a explos\u00e9 son record personnel en 55.83 sur 400 m haies, pour cueillir l'argent.","robots":{"index":"index","follow":"follow","max-snippet":"max-snippet:-1","max-image-preview":"max-image-preview:large","max-video-preview":"max-video-preview:-1"},"canonical":"https:\/\/dicodusport.fr\/blog\/athletisme-louise-maraval-vice-championne-deurope-espoirs-du-400-m-haies\/","og_locale":"fr_FR","og_type":"article","og_title":"Athl\u00e9tisme : Louise Maraval vice-championne d'Europe espoirs du 400 m haies","og_description":"CHAMPIONNATS D'EUROPE ESPOIRS - Louise Maraval a explos\u00e9 son record personnel en 55.83 sur 400 m haies, pour cueillir l'argent.","og_url":"https:\/\/dicodusport.fr\/blog\/athletisme-louise-maraval-vice-championne-deurope-espoirs-du-400-m-haies\/","og_site_name":"Dicodusport","article_publisher":"https:\/\/www.facebook.com\/dicodusport","article_published_time":"2023-07-16T09:55:30+00:00","article_modified_time":"2023-07-16T10:05:26+00:00","og_image":[{"width":800,"height":445,"url":"https:\/\/dicodusport.fr\/blog\/wp-content\/uploads\/2023\/07\/Athletisme-Louise-Maraval-vice-championne-dEurope-espoirs-du-400-m-haies.png","type":"image\/png"}],"author":"Etienne Goursaud","twitter_card":"summary_large_image","twitter_title":"Athl\u00e9tisme : Louise Maraval vice-championne d'Europe espoirs du 400 m haies","twitter_creator":"@dicodusport","twitter_site":"@dicodusport","schema":{"@context":"https:\/\/schema.org","@graph":[{"@type":"NewsArticle","@id":"https:\/\/dicodusport.fr\/blog\/athletisme-louise-maraval-vice-championne-deurope-espoirs-du-400-m-haies\/#article","isPartOf":{"@id":"https:\/\/dicodusport.fr\/blog\/athletisme-louise-maraval-vice-championne-deurope-espoirs-du-400-m-haies\/"},"author":{"name":"Etienne Goursaud","@id":"https:\/\/dicodusport.fr\/blog\/#\/schema\/person\/d603dd7da31fb2b46c82b9835a77ec13"},"headline":"Athl\u00e9tisme : Louise Maraval vice-championne d&rsquo;Europe espoirs du 400 m haies","datePublished":"2023-07-16T09:55:30+00:00","dateModified":"2023-07-16T10:05:26+00:00","mainEntityOfPage":{"@id":"https:\/\/dicodusport.fr\/blog\/athletisme-louise-maraval-vice-championne-deurope-espoirs-du-400-m-haies\/"},"wordCount":306,"commentCount":0,"publisher":{"@id":"https:\/\/dicodusport.fr\/blog\/#organization"},"image":{"@id":"https:\/\/dicodusport.fr\/blog\/athletisme-louise-maraval-vice-championne-deurope-espoirs-du-400-m-haies\/#primaryimage"},"thumbnailUrl":"https:\/\/dicodusport.fr\/blog\/wp-content\/uploads\/2023\/07\/Athletisme-Louise-Maraval-vice-championne-dEurope-espoirs-du-400-m-haies.png","keywords":["br\u00e8ve","Championnats d'Europe U23 athl\u00e9tisme","Louise Maraval"],"articleSection":["Athl\u00e9tisme"],"inLanguage":"fr-FR","potentialAction":[{"@type":"CommentAction","name":"Comment","target":["https:\/\/dicodusport.fr\/blog\/athletisme-louise-maraval-vice-championne-deurope-espoirs-du-400-m-haies\/#respond"]}],"copyrightYear":"2023","copyrightHolder":{"@id":"https:\/\/dicodusport.fr\/blog\/#organization"}},{"@type":"WebPage","@id":"https:\/\/dicodusport.fr\/blog\/athletisme-louise-maraval-vice-championne-deurope-espoirs-du-400-m-haies\/","url":"https:\/\/dicodusport.fr\/blog\/athletisme-louise-maraval-vice-championne-deurope-espoirs-du-400-m-haies\/","name":"Athl\u00e9tisme : Louise Maraval vice-championne d'Europe espoirs du 400 m haies","isPartOf":{"@id":"https:\/\/dicodusport.fr\/blog\/#website"},"primaryImageOfPage":{"@id":"https:\/\/dicodusport.fr\/blog\/athletisme-louise-maraval-vice-championne-deurope-espoirs-du-400-m-haies\/#primaryimage"},"image":{"@id":"https:\/\/dicodusport.fr\/blog\/athletisme-louise-maraval-vice-championne-deurope-espoirs-du-400-m-haies\/#primaryimage"},"thumbnailUrl":"https:\/\/dicodusport.fr\/blog\/wp-content\/uploads\/2023\/07\/Athletisme-Louise-Maraval-vice-championne-dEurope-espoirs-du-400-m-haies.png","datePublished":"2023-07-16T09:55:30+00:00","dateModified":"2023-07-16T10:05:26+00:00","description":"CHAMPIONNATS D'EUROPE ESPOIRS - Louise Maraval a explos\u00e9 son record personnel en 55.83 sur 400 m haies, pour cueillir l'argent.","breadcrumb":{"@id":"https:\/\/dicodusport.fr\/blog\/athletisme-louise-maraval-vice-championne-deurope-espoirs-du-400-m-haies\/#breadcrumb"},"inLanguage":"fr-FR","potentialAction":[{"@type":"ReadAction","target":["https:\/\/dicodusport.fr\/blog\/athletisme-louise-maraval-vice-championne-deurope-espoirs-du-400-m-haies\/"]}]},{"@type":"ImageObject","inLanguage":"fr-FR","@id":"https:\/\/dicodusport.fr\/blog\/athletisme-louise-maraval-vice-championne-deurope-espoirs-du-400-m-haies\/#primaryimage","url":"https:\/\/dicodusport.fr\/blog\/wp-content\/uploads\/2023\/07\/Athletisme-Louise-Maraval-vice-championne-dEurope-espoirs-du-400-m-haies.png","contentUrl":"https:\/\/dicodusport.fr\/blog\/wp-content\/uploads\/2023\/07\/Athletisme-Louise-Maraval-vice-championne-dEurope-espoirs-du-400-m-haies.png","width":800,"height":445,"caption":"Athl\u00e9tisme Louise Maraval vice-championne d'Europe espoirs du 400 m haies"},{"@type":"BreadcrumbList","@id":"https:\/\/dicodusport.fr\/blog\/athletisme-louise-maraval-vice-championne-deurope-espoirs-du-400-m-haies\/#breadcrumb","itemListElement":[{"@type":"ListItem","position":1,"name":"Accueil","item":"https:\/\/dicodusport.fr\/blog\/"},{"@type":"ListItem","position":2,"name":"Athl\u00e9tisme : Louise Maraval vice-championne d&rsquo;Europe espoirs du 400 m haies"}]},{"@type":"WebSite","@id":"https:\/\/dicodusport.fr\/blog\/#website","url":"https:\/\/dicodusport.fr\/blog\/","name":"Dicodusport","description":"L&#039;encyclop\u00e9die de l&#039;actualit\u00e9 sportive","publisher":{"@id":"https:\/\/dicodusport.fr\/blog\/#organization"},"potentialAction":[{"@type":"SearchAction","target":{"@type":"EntryPoint","urlTemplate":"https:\/\/dicodusport.fr\/blog\/?s={search_term_string}"},"query-input":{"@type":"PropertyValueSpecification","valueRequired":true,"valueName":"search_term_string"}}],"inLanguage":"fr-FR"},{"@type":"NewsMediaOrganization","@id":"https:\/\/dicodusport.fr\/blog\/#organization","name":"Dicodusport","url":"https:\/\/dicodusport.fr\/blog\/","logo":{"@type":"ImageObject","inLanguage":"fr-FR","@id":"https:\/\/dicodusport.fr\/blog\/#\/schema\/logo\/image\/","url":"https:\/\/dicodusport.fr\/blog\/wp-content\/uploads\/2020\/06\/cropped-LOGO-DICODUSPORT-2020-SANS-FOND-SANS-TEXTE.png","contentUrl":"https:\/\/dicodusport.fr\/blog\/wp-content\/uploads\/2020\/06\/cropped-LOGO-DICODUSPORT-2020-SANS-FOND-SANS-TEXTE.png","width":512,"height":512,"caption":"Dicodusport"},"image":{"@id":"https:\/\/dicodusport.fr\/blog\/#\/schema\/logo\/image\/"},"sameAs":["https:\/\/www.facebook.com\/dicodusport","https:\/\/x.com\/dicodusport","https:\/\/www.instagram.com\/dicodusport\/","https:\/\/www.youtube.com\/channel\/UC7V2KZ5sd3htJivAbA4ZG3w"],"description":"Dicodusport est l'encyclop\u00e9die de l'actualit\u00e9 sportive.","email":"bonjour@dicodusport.fr","legalName":"DICODUSPORT","foundingDate":"2018-01-14","vatID":"FR71834470973","taxID":"83447097300043","numberOfEmployees":{"@type":"QuantitativeValue","minValue":"1","maxValue":"10"}},{"@type":"Person","@id":"https:\/\/dicodusport.fr\/blog\/#\/schema\/person\/d603dd7da31fb2b46c82b9835a77ec13","name":"Etienne Goursaud","image":{"@type":"ImageObject","inLanguage":"fr-FR","@id":"https:\/\/dicodusport.fr\/blog\/#\/schema\/person\/image\/","url":"https:\/\/dicodusport.fr\/blog\/wp-content\/uploads\/2023\/12\/410122264_10231602061736049_5565839791558026645_n-150x150.jpg","contentUrl":"https:\/\/dicodusport.fr\/blog\/wp-content\/uploads\/2023\/12\/410122264_10231602061736049_5565839791558026645_n-150x150.jpg","caption":"Etienne Goursaud"},"description":"Journaliste et amoureux de sport. Ancien footballeur reconverti athl\u00e8te quand ses muscles le laissent tranquille. \u00c9lev\u00e9 \u00e0 la sauce des exploits de Thomas Voeckler en 2004, du dernier essai de l\u00e9gende de Eunice Barber \u00e0 la longueur lors des championnats du monde d'athl\u00e9tisme de 2003 mais aussi Zidane, Omeyer et Titou Lamaison.","url":"https:\/\/dicodusport.fr\/blog\/author\/etienne-goursaud\/"}]}},"_links":{"self":[{"href":"https:\/\/dicodusport.fr\/blog\/wp-json\/wp\/v2\/posts\/400402","targetHints":{"allow":["GET"]}}],"collection":[{"href":"https:\/\/dicodusport.fr\/blog\/wp-json\/wp\/v2\/posts"}],"about":[{"href":"https:\/\/dicodusport.fr\/blog\/wp-json\/wp\/v2\/types\/post"}],"author":[{"embeddable":true,"href":"https:\/\/dicodusport.fr\/blog\/wp-json\/wp\/v2\/users\/83"}],"replies":[{"embeddable":true,"href":"https:\/\/dicodusport.fr\/blog\/wp-json\/wp\/v2\/comments?post=400402"}],"version-history":[{"count":0,"href":"https:\/\/dicodusport.fr\/blog\/wp-json\/wp\/v2\/posts\/400402\/revisions"}],"wp:featuredmedia":[{"embeddable":true,"href":"https:\/\/dicodusport.fr\/blog\/wp-json\/wp\/v2\/media\/400409"}],"wp:attachment":[{"href":"https:\/\/dicodusport.fr\/blog\/wp-json\/wp\/v2\/media?parent=400402"}],"wp:term":[{"taxonomy":"category","embeddable":true,"href":"https:\/\/dicodusport.fr\/blog\/wp-json\/wp\/v2\/categories?post=400402"},{"taxonomy":"post_tag","embeddable":true,"href":"https:\/\/dicodusport.fr\/blog\/wp-json\/wp\/v2\/tags?post=400402"}],"curies":[{"name":"wp","href":"https:\/\/api.w.org\/{rel}","templated":true}]}}