{"id":400595,"date":"2023-07-16T18:32:34","date_gmt":"2023-07-16T16:32:34","guid":{"rendered":"https:\/\/dicodusport.fr\/blog\/?p=400595&#038;preview=true&#038;preview_id=400595"},"modified":"2024-01-03T18:02:29","modified_gmt":"2024-01-03T17:02:29","slug":"athletisme-robin-emig-vice-champion-deurope-espoirs-du-saut-a-la-perche","status":"publish","type":"post","link":"https:\/\/dicodusport.fr\/blog\/athletisme-robin-emig-vice-champion-deurope-espoirs-du-saut-a-la-perche\/","title":{"rendered":"Athl\u00e9tisme : Robin Emig vice-champion d&rsquo;Europe espoirs du saut \u00e0 la perche"},"content":{"rendered":"<p style=\"text-align: justify;\"><strong><em><a title=\"Programme et r\u00e9sultats Championnats d\u2019Europe espoirs d\u2019athl\u00e9tisme 2023\" href=\"https:\/\/dicodusport.fr\/blog\/calendrier-et-resultats-championnats-deurope-espoirs-dathletisme-2023\/\" target=\"_blank\" rel=\"noopener\">CHAMPIONNATS D&rsquo;EUROPE ESPOIRS<\/a> &#8211; Il compl\u00e8te la collection fran\u00e7aise. Robin Emig a remport\u00e9 la m\u00e9daille d&rsquo;argent au saut \u00e0 la perche, malheureusement il s\u2019est bless\u00e9.<br \/>\n<\/em><\/strong><\/p>\n<p style=\"text-align: justify;\">Confiants lors des qualifications, les Fran\u00e7ais \u00e9taient rentr\u00e9s environ 1h30 apr\u00e8s le d\u00e9but des concours. <strong>Robin Emig<\/strong> et <strong>Baptiste Thiery<\/strong> ont pass\u00e9 5.35 m avec succ\u00e8s \u00e0 leur premier essai. <strong>Anthony Ammirati<\/strong> a d\u00fb s&rsquo;y reprendre \u00e0 deux fois. Avec 3 Fran\u00e7ais en finale, on pouvait esp\u00e9rer que l&rsquo;un deux succ\u00e8de \u00e0 Ethan Cormont. Et pourquoi pas un doubl\u00e9 voire un tripl\u00e9.<\/p>\n<p style=\"text-align: justify;\">En finale, <strong>Baptiste Thiery<\/strong> a pris les devants en franchissant 5.35 m \u00e0 son premier essai puis 5.50 m \u00e0 son deuxi\u00e8me. Malheureusement il a cal\u00e9 \u00e0 5.60 m pour finir 6e. <strong>Anthony Ammirati<\/strong>, lui, a eu tr\u00e8s chaud \u00e0 sa premi\u00e8re barre \u00e0 5.35 m, franchie \u00e0 son 3e essai. Apr\u00e8s ses sauts de r\u00e9glage, il a pris la premi\u00e8re place en franchissant directement 5.50 m, d\u00e9log\u00e9 ensuite par Robin Emig. Pour un trio fran\u00e7ais. Pal Haugen Lillefosse s&rsquo;est incrust\u00e9 \u00e0 la 2e place. Mais apr\u00e8s deux \u00e9checs \u00e0 5.60 m, il a fait l&rsquo;impasse pour tenter 5.66 m. En vain. Il termine 5e. Champion d&rsquo;Europe et champion du monde juniors 2019 et 2020, Ammirati visait la m\u00e9daille. Qui sera finalement venue d&rsquo;ailleurs.<\/p>\n<h2 style=\"text-align: justify;\">L&rsquo;argent pour Robin Emig<\/h2>\n<p style=\"text-align: justify;\"><strong>Robin Emig<\/strong> a eu besoin d&rsquo;un saut \u00e0 5.35 m avant de franchir la barre. Facile ensuite \u00e0 5.50 m et 5.60 m, il a franchi 5.66 m \u00e0 son deuxi\u00e8me essai. Apr\u00e8s un \u00e9chec \u00e0 5.71 m, il a gard\u00e9 ses essais pour 5.76 m. En effet, le Finlandais<strong> Juho Alasaari<\/strong> avait battu son <strong>record personnel<\/strong> (5.60 m) par deux fois. D&rsquo;abord apr\u00e8s 3 essais \u00e0 5.66 m. Puis avec un essai \u00e0 5.71 m. Malheureusement, sur son 2e essai, Emig est mal retomb\u00e9 et s&rsquo;est bless\u00e9 au bas du dos. Il termine donc en <strong>argent<\/strong> derri\u00e8re la surprise Alasaari. Pal Haugen Lillefosse compl\u00e8te le podium avec 5.66 m.<\/p>\n<blockquote class=\"twitter-tweet\">\n<p dir=\"ltr\" lang=\"fr\">\ud83e\udd48 VICE-CHAMPION D&rsquo;EUROPE U23 !<\/p>\n<p>\ud83c\uddeb\ud83c\uddf7 Robin Emig d\u00e9croche la m\u00e9daille d&rsquo;argent du saut \u00e0 la perche avec 5,66 m en Finlande !<\/p>\n<p>\ud83d\udc4d Et de quinze r\u00e9compenses pour la France \u00e0 <a href=\"https:\/\/twitter.com\/hashtag\/Espoo2023?src=hash&amp;ref_src=twsrc%5Etfw\">#Espoo2023<\/a> !<\/p>\n<p>\ud83c\udfa5 <a href=\"https:\/\/twitter.com\/allathleticstv?ref_src=twsrc%5Etfw\">@allathleticstv<\/a> \/ <a href=\"https:\/\/twitter.com\/EuroAthletics?ref_src=twsrc%5Etfw\">@EuroAthletics<\/a> <a href=\"https:\/\/t.co\/jZVNea5Etv\">pic.twitter.com\/jZVNea5Etv<\/a><\/p>\n<p>\u2014 FFAthl\u00e9tisme (@FFAthletisme) <a href=\"https:\/\/twitter.com\/FFAthletisme\/status\/1680622870941126659?ref_src=twsrc%5Etfw\">July 16, 2023<\/a><\/p><\/blockquote>\n<p><script async src=\"https:\/\/platform.twitter.com\/widgets.js\" charset=\"utf-8\"><\/script><\/p>\n<p style=\"text-align: justify;\">La <strong>France<\/strong> termine ces championnats avec <strong>15 m\u00e9dailles<\/strong>, juste derri\u00e8re la <strong>Grande-Bretagne<\/strong> qui a 1 m\u00e9daille d&rsquo;or en plus mais 14 m\u00e9dailles en tout.<\/p>\n<p style=\"text-align: justify;\"><strong><span style=\"text-decoration: underline;\">Or<\/span> : <\/strong><strong>Yanis Meziane<\/strong> (800 m), <strong>Sasha Zhoya<\/strong> (110 m haies), <strong>Simon Gore<\/strong> (triple saut), <strong>Pauline Stey<\/strong> (20 km marche), <strong>relais 4&#215;400 m f\u00e9minin<\/strong>,<strong> Marie-Julie Bonnin<\/strong> (saut \u00e0 la perche)<\/p>\n<p><span style=\"text-decoration: underline;\"><strong>Argent<\/strong><\/span><strong> :<\/strong><strong> Relais 4&#215;100 m f\u00e9minin et masculin, Louise Maraval<\/strong> (400 m haies) Robin<strong> Emig <\/strong>(saut \u00e0 la perche)<\/p>\n<p style=\"text-align: justify;\"><span style=\"text-decoration: underline;\"><strong>Bronze<\/strong><\/span><strong> :<\/strong> <strong>Pablo Mateo <\/strong>(100 m), <strong>Paul Anselmini<\/strong> (800 m),<strong> Erwann Cinna <\/strong>(110 m haies),<strong> Baptiste Guyon<\/strong> (3000 m steeple),<strong> Camille Moutard<\/strong> (20 km marche)<\/p>\n","protected":false},"excerpt":{"rendered":"<p>CHAMPIONNATS D&rsquo;EUROPE ESPOIRS &#8211; Il compl\u00e8te la collection fran\u00e7aise. Robin Emig a remport\u00e9 la m\u00e9daille d&rsquo;argent au saut \u00e0 la perche, malheureusement il s\u2019est bless\u00e9.<\/p>\n","protected":false},"author":12,"featured_media":400597,"comment_status":"open","ping_status":"closed","sticky":false,"template":"","format":"standard","meta":{"_acf_changed":false,"_daextam_enable_autolinks":"1","footnotes":""},"categories":[2308],"tags":[16878,17825,1426],"class_list":["post-400595","post","type-post","status-publish","format-standard","has-post-thumbnail","hentry","category-athletisme","tag-breve","tag-championnats-deurope-u23-athletisme","tag-saut-a-la-perche"],"acf":[],"yoast_head":"<!-- This site is optimized with the Yoast SEO Premium plugin v26.7 (Yoast SEO v26.7) - https:\/\/yoast.com\/wordpress\/plugins\/seo\/ -->\n<title>Athl\u00e9tisme : Robin Emig vice-champion d&#039;Europe espoirs du saut \u00e0 la perche<\/title>\n<meta name=\"description\" content=\"Il compl\u00e8te la collection fran\u00e7aise. Robin Emig a remport\u00e9 la m\u00e9daille d&#039;argent au saut \u00e0 la perche, malheureusement il s\u2019est bless\u00e9.\" \/>\n<meta name=\"robots\" content=\"index, follow, max-snippet:-1, max-image-preview:large, max-video-preview:-1\" \/>\n<link rel=\"canonical\" href=\"https:\/\/dicodusport.fr\/blog\/athletisme-robin-emig-vice-champion-deurope-espoirs-du-saut-a-la-perche\/\" \/>\n<meta property=\"og:locale\" content=\"fr_FR\" \/>\n<meta property=\"og:type\" content=\"article\" \/>\n<meta property=\"og:title\" content=\"Athl\u00e9tisme : Robin Emig vice-champion d&#039;Europe espoirs du saut \u00e0 la perche\" \/>\n<meta property=\"og:description\" content=\"Il compl\u00e8te la collection fran\u00e7aise. Robin Emig a remport\u00e9 la m\u00e9daille d&#039;argent au saut \u00e0 la perche, malheureusement il s\u2019est bless\u00e9.\" \/>\n<meta property=\"og:url\" content=\"https:\/\/dicodusport.fr\/blog\/athletisme-robin-emig-vice-champion-deurope-espoirs-du-saut-a-la-perche\/\" \/>\n<meta property=\"og:site_name\" content=\"Dicodusport\" \/>\n<meta property=\"article:publisher\" content=\"https:\/\/www.facebook.com\/dicodusport\" \/>\n<meta property=\"article:published_time\" content=\"2023-07-16T16:32:34+00:00\" \/>\n<meta property=\"article:modified_time\" content=\"2024-01-03T17:02:29+00:00\" \/>\n<meta property=\"og:image\" content=\"https:\/\/dicodusport.fr\/blog\/wp-content\/uploads\/2023\/07\/Athletisme-Robin-Emig-vice-champion-dEurope-espoirs-du-saut-a-la-perche.png\" \/>\n\t<meta property=\"og:image:width\" content=\"800\" \/>\n\t<meta property=\"og:image:height\" content=\"445\" \/>\n\t<meta property=\"og:image:type\" content=\"image\/png\" \/>\n<meta name=\"author\" content=\"Arlette Yeye\" \/>\n<meta name=\"twitter:card\" content=\"summary_large_image\" \/>\n<meta name=\"twitter:title\" content=\"Athl\u00e9tisme : Robin Emig vice-champion d&#039;Europe espoirs du saut \u00e0 la perche\" \/>\n<meta name=\"twitter:creator\" content=\"@https:\/\/twitter.com\/Shiclette94\" \/>\n<meta name=\"twitter:site\" content=\"@dicodusport\" \/>\n<script type=\"application\/ld+json\" class=\"yoast-schema-graph\">{\"@context\":\"https:\/\/schema.org\",\"@graph\":[{\"@type\":\"NewsArticle\",\"@id\":\"https:\/\/dicodusport.fr\/blog\/athletisme-robin-emig-vice-champion-deurope-espoirs-du-saut-a-la-perche\/#article\",\"isPartOf\":{\"@id\":\"https:\/\/dicodusport.fr\/blog\/athletisme-robin-emig-vice-champion-deurope-espoirs-du-saut-a-la-perche\/\"},\"author\":{\"name\":\"Arlette Yeye\",\"@id\":\"https:\/\/dicodusport.fr\/blog\/#\/schema\/person\/cce96fa88785bd8573e3d43078ac8c79\"},\"headline\":\"Athl\u00e9tisme : Robin Emig vice-champion d&rsquo;Europe espoirs du saut \u00e0 la perche\",\"datePublished\":\"2023-07-16T16:32:34+00:00\",\"dateModified\":\"2024-01-03T17:02:29+00:00\",\"mainEntityOfPage\":{\"@id\":\"https:\/\/dicodusport.fr\/blog\/athletisme-robin-emig-vice-champion-deurope-espoirs-du-saut-a-la-perche\/\"},\"wordCount\":465,\"commentCount\":0,\"publisher\":{\"@id\":\"https:\/\/dicodusport.fr\/blog\/#organization\"},\"image\":{\"@id\":\"https:\/\/dicodusport.fr\/blog\/athletisme-robin-emig-vice-champion-deurope-espoirs-du-saut-a-la-perche\/#primaryimage\"},\"thumbnailUrl\":\"https:\/\/dicodusport.fr\/blog\/wp-content\/uploads\/2023\/07\/Athletisme-Robin-Emig-vice-champion-dEurope-espoirs-du-saut-a-la-perche.png\",\"keywords\":[\"br\u00e8ve\",\"Championnats d'Europe U23 athl\u00e9tisme\",\"saut \u00e0 la perche\"],\"articleSection\":[\"Athl\u00e9tisme\"],\"inLanguage\":\"fr-FR\",\"potentialAction\":[{\"@type\":\"CommentAction\",\"name\":\"Comment\",\"target\":[\"https:\/\/dicodusport.fr\/blog\/athletisme-robin-emig-vice-champion-deurope-espoirs-du-saut-a-la-perche\/#respond\"]}],\"copyrightYear\":\"2023\",\"copyrightHolder\":{\"@id\":\"https:\/\/dicodusport.fr\/blog\/#organization\"}},{\"@type\":\"WebPage\",\"@id\":\"https:\/\/dicodusport.fr\/blog\/athletisme-robin-emig-vice-champion-deurope-espoirs-du-saut-a-la-perche\/\",\"url\":\"https:\/\/dicodusport.fr\/blog\/athletisme-robin-emig-vice-champion-deurope-espoirs-du-saut-a-la-perche\/\",\"name\":\"Athl\u00e9tisme : Robin Emig vice-champion d'Europe espoirs du saut \u00e0 la perche\",\"isPartOf\":{\"@id\":\"https:\/\/dicodusport.fr\/blog\/#website\"},\"primaryImageOfPage\":{\"@id\":\"https:\/\/dicodusport.fr\/blog\/athletisme-robin-emig-vice-champion-deurope-espoirs-du-saut-a-la-perche\/#primaryimage\"},\"image\":{\"@id\":\"https:\/\/dicodusport.fr\/blog\/athletisme-robin-emig-vice-champion-deurope-espoirs-du-saut-a-la-perche\/#primaryimage\"},\"thumbnailUrl\":\"https:\/\/dicodusport.fr\/blog\/wp-content\/uploads\/2023\/07\/Athletisme-Robin-Emig-vice-champion-dEurope-espoirs-du-saut-a-la-perche.png\",\"datePublished\":\"2023-07-16T16:32:34+00:00\",\"dateModified\":\"2024-01-03T17:02:29+00:00\",\"description\":\"Il compl\u00e8te la collection fran\u00e7aise. Robin Emig a remport\u00e9 la m\u00e9daille d'argent au saut \u00e0 la perche, malheureusement il s\u2019est bless\u00e9.\",\"breadcrumb\":{\"@id\":\"https:\/\/dicodusport.fr\/blog\/athletisme-robin-emig-vice-champion-deurope-espoirs-du-saut-a-la-perche\/#breadcrumb\"},\"inLanguage\":\"fr-FR\",\"potentialAction\":[{\"@type\":\"ReadAction\",\"target\":[\"https:\/\/dicodusport.fr\/blog\/athletisme-robin-emig-vice-champion-deurope-espoirs-du-saut-a-la-perche\/\"]}]},{\"@type\":\"ImageObject\",\"inLanguage\":\"fr-FR\",\"@id\":\"https:\/\/dicodusport.fr\/blog\/athletisme-robin-emig-vice-champion-deurope-espoirs-du-saut-a-la-perche\/#primaryimage\",\"url\":\"https:\/\/dicodusport.fr\/blog\/wp-content\/uploads\/2023\/07\/Athletisme-Robin-Emig-vice-champion-dEurope-espoirs-du-saut-a-la-perche.png\",\"contentUrl\":\"https:\/\/dicodusport.fr\/blog\/wp-content\/uploads\/2023\/07\/Athletisme-Robin-Emig-vice-champion-dEurope-espoirs-du-saut-a-la-perche.png\",\"width\":800,\"height\":445,\"caption\":\"Athl\u00e9tisme Robin Emig vice-champion d'Europe espoirs du saut \u00e0 la perche\"},{\"@type\":\"BreadcrumbList\",\"@id\":\"https:\/\/dicodusport.fr\/blog\/athletisme-robin-emig-vice-champion-deurope-espoirs-du-saut-a-la-perche\/#breadcrumb\",\"itemListElement\":[{\"@type\":\"ListItem\",\"position\":1,\"name\":\"Accueil\",\"item\":\"https:\/\/dicodusport.fr\/blog\/\"},{\"@type\":\"ListItem\",\"position\":2,\"name\":\"Athl\u00e9tisme : Robin Emig vice-champion d&rsquo;Europe espoirs du saut \u00e0 la perche\"}]},{\"@type\":\"WebSite\",\"@id\":\"https:\/\/dicodusport.fr\/blog\/#website\",\"url\":\"https:\/\/dicodusport.fr\/blog\/\",\"name\":\"Dicodusport\",\"description\":\"L&#039;encyclop\u00e9die de l&#039;actualit\u00e9 sportive\",\"publisher\":{\"@id\":\"https:\/\/dicodusport.fr\/blog\/#organization\"},\"potentialAction\":[{\"@type\":\"SearchAction\",\"target\":{\"@type\":\"EntryPoint\",\"urlTemplate\":\"https:\/\/dicodusport.fr\/blog\/?s={search_term_string}\"},\"query-input\":{\"@type\":\"PropertyValueSpecification\",\"valueRequired\":true,\"valueName\":\"search_term_string\"}}],\"inLanguage\":\"fr-FR\"},{\"@type\":\"NewsMediaOrganization\",\"@id\":\"https:\/\/dicodusport.fr\/blog\/#organization\",\"name\":\"Dicodusport\",\"url\":\"https:\/\/dicodusport.fr\/blog\/\",\"logo\":{\"@type\":\"ImageObject\",\"inLanguage\":\"fr-FR\",\"@id\":\"https:\/\/dicodusport.fr\/blog\/#\/schema\/logo\/image\/\",\"url\":\"https:\/\/dicodusport.fr\/blog\/wp-content\/uploads\/2020\/06\/cropped-LOGO-DICODUSPORT-2020-SANS-FOND-SANS-TEXTE.png\",\"contentUrl\":\"https:\/\/dicodusport.fr\/blog\/wp-content\/uploads\/2020\/06\/cropped-LOGO-DICODUSPORT-2020-SANS-FOND-SANS-TEXTE.png\",\"width\":512,\"height\":512,\"caption\":\"Dicodusport\"},\"image\":{\"@id\":\"https:\/\/dicodusport.fr\/blog\/#\/schema\/logo\/image\/\"},\"sameAs\":[\"https:\/\/www.facebook.com\/dicodusport\",\"https:\/\/x.com\/dicodusport\",\"https:\/\/www.instagram.com\/dicodusport\/\",\"https:\/\/www.youtube.com\/channel\/UC7V2KZ5sd3htJivAbA4ZG3w\"],\"description\":\"Dicodusport est l'encyclop\u00e9die de l'actualit\u00e9 sportive.\",\"email\":\"bonjour@dicodusport.fr\",\"legalName\":\"DICODUSPORT\",\"foundingDate\":\"2018-01-14\",\"vatID\":\"FR71834470973\",\"taxID\":\"83447097300043\",\"numberOfEmployees\":{\"@type\":\"QuantitativeValue\",\"minValue\":\"1\",\"maxValue\":\"10\"}},{\"@type\":\"Person\",\"@id\":\"https:\/\/dicodusport.fr\/blog\/#\/schema\/person\/cce96fa88785bd8573e3d43078ac8c79\",\"name\":\"Arlette Yeye\",\"image\":{\"@type\":\"ImageObject\",\"inLanguage\":\"fr-FR\",\"@id\":\"https:\/\/dicodusport.fr\/blog\/#\/schema\/person\/image\/\",\"url\":\"https:\/\/secure.gravatar.com\/avatar\/dca4a6239e6d708e46c45d60e160de6c?s=96&d=wp_user_avatar&r=g\",\"contentUrl\":\"https:\/\/secure.gravatar.com\/avatar\/dca4a6239e6d708e46c45d60e160de6c?s=96&d=wp_user_avatar&r=g\",\"caption\":\"Arlette Yeye\"},\"description\":\"Journaliste\/r\u00e9dactrice depuis septembre 2015 - Supportrice de Chelsea, j'ai pour sports de pr\u00e9dilection le handball, l'athl\u00e9tisme et le tennis. Si je tweete plus vite que mon ombre, vous pouvez aussi me retrouver les week-ends sur les playgrounds de Bruxelles pour un petit foot ou basket entre potes. Parcourir la France, l'Europe et plus si affinit\u00e9s pour suivre mes sportifs pr\u00e9f\u00e9r\u00e9s ? Mon kif ! Et c'est avec plaisir que je partage les r\u00e9sultats des sports populaires mais \u00e9galement plus confidentiels pour Dicodusport.\",\"sameAs\":[\"https:\/\/x.com\/https:\/\/twitter.com\/Shiclette94\"],\"url\":\"https:\/\/dicodusport.fr\/blog\/author\/arlette\/\"}]}<\/script>\n<!-- \/ Yoast SEO Premium plugin. -->","yoast_head_json":{"title":"Athl\u00e9tisme : Robin Emig vice-champion d'Europe espoirs du saut \u00e0 la perche","description":"Il compl\u00e8te la collection fran\u00e7aise. Robin Emig a remport\u00e9 la m\u00e9daille d'argent au saut \u00e0 la perche, malheureusement il s\u2019est bless\u00e9.","robots":{"index":"index","follow":"follow","max-snippet":"max-snippet:-1","max-image-preview":"max-image-preview:large","max-video-preview":"max-video-preview:-1"},"canonical":"https:\/\/dicodusport.fr\/blog\/athletisme-robin-emig-vice-champion-deurope-espoirs-du-saut-a-la-perche\/","og_locale":"fr_FR","og_type":"article","og_title":"Athl\u00e9tisme : Robin Emig vice-champion d'Europe espoirs du saut \u00e0 la perche","og_description":"Il compl\u00e8te la collection fran\u00e7aise. Robin Emig a remport\u00e9 la m\u00e9daille d'argent au saut \u00e0 la perche, malheureusement il s\u2019est bless\u00e9.","og_url":"https:\/\/dicodusport.fr\/blog\/athletisme-robin-emig-vice-champion-deurope-espoirs-du-saut-a-la-perche\/","og_site_name":"Dicodusport","article_publisher":"https:\/\/www.facebook.com\/dicodusport","article_published_time":"2023-07-16T16:32:34+00:00","article_modified_time":"2024-01-03T17:02:29+00:00","og_image":[{"width":800,"height":445,"url":"https:\/\/dicodusport.fr\/blog\/wp-content\/uploads\/2023\/07\/Athletisme-Robin-Emig-vice-champion-dEurope-espoirs-du-saut-a-la-perche.png","type":"image\/png"}],"author":"Arlette Yeye","twitter_card":"summary_large_image","twitter_title":"Athl\u00e9tisme : Robin Emig vice-champion d'Europe espoirs du saut \u00e0 la perche","twitter_creator":"@https:\/\/twitter.com\/Shiclette94","twitter_site":"@dicodusport","schema":{"@context":"https:\/\/schema.org","@graph":[{"@type":"NewsArticle","@id":"https:\/\/dicodusport.fr\/blog\/athletisme-robin-emig-vice-champion-deurope-espoirs-du-saut-a-la-perche\/#article","isPartOf":{"@id":"https:\/\/dicodusport.fr\/blog\/athletisme-robin-emig-vice-champion-deurope-espoirs-du-saut-a-la-perche\/"},"author":{"name":"Arlette Yeye","@id":"https:\/\/dicodusport.fr\/blog\/#\/schema\/person\/cce96fa88785bd8573e3d43078ac8c79"},"headline":"Athl\u00e9tisme : Robin Emig vice-champion d&rsquo;Europe espoirs du saut \u00e0 la perche","datePublished":"2023-07-16T16:32:34+00:00","dateModified":"2024-01-03T17:02:29+00:00","mainEntityOfPage":{"@id":"https:\/\/dicodusport.fr\/blog\/athletisme-robin-emig-vice-champion-deurope-espoirs-du-saut-a-la-perche\/"},"wordCount":465,"commentCount":0,"publisher":{"@id":"https:\/\/dicodusport.fr\/blog\/#organization"},"image":{"@id":"https:\/\/dicodusport.fr\/blog\/athletisme-robin-emig-vice-champion-deurope-espoirs-du-saut-a-la-perche\/#primaryimage"},"thumbnailUrl":"https:\/\/dicodusport.fr\/blog\/wp-content\/uploads\/2023\/07\/Athletisme-Robin-Emig-vice-champion-dEurope-espoirs-du-saut-a-la-perche.png","keywords":["br\u00e8ve","Championnats d'Europe U23 athl\u00e9tisme","saut \u00e0 la perche"],"articleSection":["Athl\u00e9tisme"],"inLanguage":"fr-FR","potentialAction":[{"@type":"CommentAction","name":"Comment","target":["https:\/\/dicodusport.fr\/blog\/athletisme-robin-emig-vice-champion-deurope-espoirs-du-saut-a-la-perche\/#respond"]}],"copyrightYear":"2023","copyrightHolder":{"@id":"https:\/\/dicodusport.fr\/blog\/#organization"}},{"@type":"WebPage","@id":"https:\/\/dicodusport.fr\/blog\/athletisme-robin-emig-vice-champion-deurope-espoirs-du-saut-a-la-perche\/","url":"https:\/\/dicodusport.fr\/blog\/athletisme-robin-emig-vice-champion-deurope-espoirs-du-saut-a-la-perche\/","name":"Athl\u00e9tisme : Robin Emig vice-champion d'Europe espoirs du saut \u00e0 la perche","isPartOf":{"@id":"https:\/\/dicodusport.fr\/blog\/#website"},"primaryImageOfPage":{"@id":"https:\/\/dicodusport.fr\/blog\/athletisme-robin-emig-vice-champion-deurope-espoirs-du-saut-a-la-perche\/#primaryimage"},"image":{"@id":"https:\/\/dicodusport.fr\/blog\/athletisme-robin-emig-vice-champion-deurope-espoirs-du-saut-a-la-perche\/#primaryimage"},"thumbnailUrl":"https:\/\/dicodusport.fr\/blog\/wp-content\/uploads\/2023\/07\/Athletisme-Robin-Emig-vice-champion-dEurope-espoirs-du-saut-a-la-perche.png","datePublished":"2023-07-16T16:32:34+00:00","dateModified":"2024-01-03T17:02:29+00:00","description":"Il compl\u00e8te la collection fran\u00e7aise. Robin Emig a remport\u00e9 la m\u00e9daille d'argent au saut \u00e0 la perche, malheureusement il s\u2019est bless\u00e9.","breadcrumb":{"@id":"https:\/\/dicodusport.fr\/blog\/athletisme-robin-emig-vice-champion-deurope-espoirs-du-saut-a-la-perche\/#breadcrumb"},"inLanguage":"fr-FR","potentialAction":[{"@type":"ReadAction","target":["https:\/\/dicodusport.fr\/blog\/athletisme-robin-emig-vice-champion-deurope-espoirs-du-saut-a-la-perche\/"]}]},{"@type":"ImageObject","inLanguage":"fr-FR","@id":"https:\/\/dicodusport.fr\/blog\/athletisme-robin-emig-vice-champion-deurope-espoirs-du-saut-a-la-perche\/#primaryimage","url":"https:\/\/dicodusport.fr\/blog\/wp-content\/uploads\/2023\/07\/Athletisme-Robin-Emig-vice-champion-dEurope-espoirs-du-saut-a-la-perche.png","contentUrl":"https:\/\/dicodusport.fr\/blog\/wp-content\/uploads\/2023\/07\/Athletisme-Robin-Emig-vice-champion-dEurope-espoirs-du-saut-a-la-perche.png","width":800,"height":445,"caption":"Athl\u00e9tisme Robin Emig vice-champion d'Europe espoirs du saut \u00e0 la perche"},{"@type":"BreadcrumbList","@id":"https:\/\/dicodusport.fr\/blog\/athletisme-robin-emig-vice-champion-deurope-espoirs-du-saut-a-la-perche\/#breadcrumb","itemListElement":[{"@type":"ListItem","position":1,"name":"Accueil","item":"https:\/\/dicodusport.fr\/blog\/"},{"@type":"ListItem","position":2,"name":"Athl\u00e9tisme : Robin Emig vice-champion d&rsquo;Europe espoirs du saut \u00e0 la perche"}]},{"@type":"WebSite","@id":"https:\/\/dicodusport.fr\/blog\/#website","url":"https:\/\/dicodusport.fr\/blog\/","name":"Dicodusport","description":"L&#039;encyclop\u00e9die de l&#039;actualit\u00e9 sportive","publisher":{"@id":"https:\/\/dicodusport.fr\/blog\/#organization"},"potentialAction":[{"@type":"SearchAction","target":{"@type":"EntryPoint","urlTemplate":"https:\/\/dicodusport.fr\/blog\/?s={search_term_string}"},"query-input":{"@type":"PropertyValueSpecification","valueRequired":true,"valueName":"search_term_string"}}],"inLanguage":"fr-FR"},{"@type":"NewsMediaOrganization","@id":"https:\/\/dicodusport.fr\/blog\/#organization","name":"Dicodusport","url":"https:\/\/dicodusport.fr\/blog\/","logo":{"@type":"ImageObject","inLanguage":"fr-FR","@id":"https:\/\/dicodusport.fr\/blog\/#\/schema\/logo\/image\/","url":"https:\/\/dicodusport.fr\/blog\/wp-content\/uploads\/2020\/06\/cropped-LOGO-DICODUSPORT-2020-SANS-FOND-SANS-TEXTE.png","contentUrl":"https:\/\/dicodusport.fr\/blog\/wp-content\/uploads\/2020\/06\/cropped-LOGO-DICODUSPORT-2020-SANS-FOND-SANS-TEXTE.png","width":512,"height":512,"caption":"Dicodusport"},"image":{"@id":"https:\/\/dicodusport.fr\/blog\/#\/schema\/logo\/image\/"},"sameAs":["https:\/\/www.facebook.com\/dicodusport","https:\/\/x.com\/dicodusport","https:\/\/www.instagram.com\/dicodusport\/","https:\/\/www.youtube.com\/channel\/UC7V2KZ5sd3htJivAbA4ZG3w"],"description":"Dicodusport est l'encyclop\u00e9die de l'actualit\u00e9 sportive.","email":"bonjour@dicodusport.fr","legalName":"DICODUSPORT","foundingDate":"2018-01-14","vatID":"FR71834470973","taxID":"83447097300043","numberOfEmployees":{"@type":"QuantitativeValue","minValue":"1","maxValue":"10"}},{"@type":"Person","@id":"https:\/\/dicodusport.fr\/blog\/#\/schema\/person\/cce96fa88785bd8573e3d43078ac8c79","name":"Arlette Yeye","image":{"@type":"ImageObject","inLanguage":"fr-FR","@id":"https:\/\/dicodusport.fr\/blog\/#\/schema\/person\/image\/","url":"https:\/\/secure.gravatar.com\/avatar\/dca4a6239e6d708e46c45d60e160de6c?s=96&d=wp_user_avatar&r=g","contentUrl":"https:\/\/secure.gravatar.com\/avatar\/dca4a6239e6d708e46c45d60e160de6c?s=96&d=wp_user_avatar&r=g","caption":"Arlette Yeye"},"description":"Journaliste\/r\u00e9dactrice depuis septembre 2015 - Supportrice de Chelsea, j'ai pour sports de pr\u00e9dilection le handball, l'athl\u00e9tisme et le tennis. Si je tweete plus vite que mon ombre, vous pouvez aussi me retrouver les week-ends sur les playgrounds de Bruxelles pour un petit foot ou basket entre potes. Parcourir la France, l'Europe et plus si affinit\u00e9s pour suivre mes sportifs pr\u00e9f\u00e9r\u00e9s ? Mon kif ! Et c'est avec plaisir que je partage les r\u00e9sultats des sports populaires mais \u00e9galement plus confidentiels pour Dicodusport.","sameAs":["https:\/\/x.com\/https:\/\/twitter.com\/Shiclette94"],"url":"https:\/\/dicodusport.fr\/blog\/author\/arlette\/"}]}},"_links":{"self":[{"href":"https:\/\/dicodusport.fr\/blog\/wp-json\/wp\/v2\/posts\/400595","targetHints":{"allow":["GET"]}}],"collection":[{"href":"https:\/\/dicodusport.fr\/blog\/wp-json\/wp\/v2\/posts"}],"about":[{"href":"https:\/\/dicodusport.fr\/blog\/wp-json\/wp\/v2\/types\/post"}],"author":[{"embeddable":true,"href":"https:\/\/dicodusport.fr\/blog\/wp-json\/wp\/v2\/users\/12"}],"replies":[{"embeddable":true,"href":"https:\/\/dicodusport.fr\/blog\/wp-json\/wp\/v2\/comments?post=400595"}],"version-history":[{"count":1,"href":"https:\/\/dicodusport.fr\/blog\/wp-json\/wp\/v2\/posts\/400595\/revisions"}],"predecessor-version":[{"id":449008,"href":"https:\/\/dicodusport.fr\/blog\/wp-json\/wp\/v2\/posts\/400595\/revisions\/449008"}],"wp:featuredmedia":[{"embeddable":true,"href":"https:\/\/dicodusport.fr\/blog\/wp-json\/wp\/v2\/media\/400597"}],"wp:attachment":[{"href":"https:\/\/dicodusport.fr\/blog\/wp-json\/wp\/v2\/media?parent=400595"}],"wp:term":[{"taxonomy":"category","embeddable":true,"href":"https:\/\/dicodusport.fr\/blog\/wp-json\/wp\/v2\/categories?post=400595"},{"taxonomy":"post_tag","embeddable":true,"href":"https:\/\/dicodusport.fr\/blog\/wp-json\/wp\/v2\/tags?post=400595"}],"curies":[{"name":"wp","href":"https:\/\/api.w.org\/{rel}","templated":true}]}}