{"id":400818,"date":"2023-07-17T16:20:08","date_gmt":"2023-07-17T14:20:08","guid":{"rendered":"https:\/\/dicodusport.fr\/blog\/?p=400818&#038;preview=true&#038;preview_id=400818"},"modified":"2023-07-17T16:47:52","modified_gmt":"2023-07-17T14:47:52","slug":"mercato-om-marseille-pense-a-thomas-lemar","status":"publish","type":"post","link":"https:\/\/dicodusport.fr\/blog\/mercato-om-marseille-pense-a-thomas-lemar\/","title":{"rendered":"Mercato OM : Marseille pense \u00e0 Thomas Lemar"},"content":{"rendered":"<p align=\"justify\"><em><strong>LIGUE 1 2023-2024 &#8211; Selon plusieurs sources, l&rsquo;Olympique de Marseille aimerait obtenir un pr\u00eat de Thomas Lemar pour la saison prochaine.\u00a0<\/strong><\/em><\/p>\n<p align=\"justify\">Les relations entre l&rsquo;<strong>Olympique de Marseille<\/strong> et l&rsquo;<strong>Atl\u00e9tico Madrid<\/strong> battent leur plein depuis quelques semaines. <a href=\"https:\/\/dicodusport.fr\/blog\/mercato-om-marseille-soffre-renan-lodi\/\"><strong>Renan<\/strong> <strong>Lodi<\/strong><\/a> et <a href=\"https:\/\/dicodusport.fr\/blog\/mercato-om-marseille-signe-geoffrey-kondogbia\/\"><strong>Geoffrey<\/strong> <strong>Kondogbia<\/strong><\/a> ont tous les deux quitt\u00e9 le club espagnol pour rejoindre <strong>Marseille<\/strong>. <strong>Pablo Longoria\u00a0<\/strong>entretient de bonnes relations avec les dirigeants des Colchoneros. Ainsi, la passerelle entre les deux clubs pourrait ne pas encore \u00eatre referm\u00e9e.<\/p>\n<p align=\"justify\">L&rsquo;<strong>OM<\/strong> aimerait obtenir un pr\u00eat de <strong>Thomas<\/strong> <strong>Lemar<\/strong> qui n&rsquo;est pas forc\u00e9ment dans les plans de <strong>Diego<\/strong> <strong>Simeone<\/strong>. Sous contrat jusqu&rsquo;en 2027 avec le club de <strong>Liga<\/strong>, l&rsquo;international fran\u00e7ais n&rsquo;est pas contre un d\u00e9part, mais le club phoc\u00e9en ne serait pas sa priorit\u00e9 ni celle de son club. L&rsquo;<strong>Atl\u00e9tico Madrid<\/strong> aimerait plut\u00f4t le vendre \u00e0 un club anglais contre une indemnit\u00e9 de 30 millions d&rsquo;euros.<\/p>\n<p align=\"justify\"><strong>Marseille<\/strong> reste \u00e0 l&rsquo;aff\u00fbt sur ce dossier, mais travaille aussi sur la piste qui m\u00e8ne \u00e0 <strong>Pierre-Emerick Aubameyang<\/strong>. Les dirigeants olympiens ont commenc\u00e9 \u00e0 discuter avec les <strong>Blues<\/strong> et l&rsquo;entourage du joueur. \u00c0 l&rsquo;inverse, mauvaise nouvelle pour l&rsquo;OM puisque <strong>Iliman Ndiaye<\/strong> ne viendra pas. L&rsquo;international s\u00e9n\u00e9galais a d\u00e9cid\u00e9 de rester \u00e0 <strong>Sheffield<\/strong> en Angleterre.<\/p>\n<blockquote class=\"twitter-tweet\">\n<p dir=\"ltr\" lang=\"fr\">\ud83d\udea8 Thomas Lemar pourrait \u00eatre pr\u00eat\u00e9 \u00e0 l\u2019OM selon <a href=\"https:\/\/twitter.com\/AtleFrancoferd2?ref_src=twsrc%5Etfw\">@AtleFrancoferd2<\/a> <a href=\"https:\/\/twitter.com\/hashtag\/TeamOM?src=hash&amp;ref_src=twsrc%5Etfw\">#TeamOM<\/a><\/p>\n<p>\u00c0 confirmer <a href=\"https:\/\/t.co\/4BIpoTNr0U\">pic.twitter.com\/4BIpoTNr0U<\/a><\/p>\n<p>\u2014 M\u0394SSILI\u0394 13 (@Massilia_013) <a href=\"https:\/\/twitter.com\/Massilia_013\/status\/1680642138869051393?ref_src=twsrc%5Etfw\">July 16, 2023<\/a><\/p><\/blockquote>\n<p><script async src=\"https:\/\/platform.twitter.com\/widgets.js\" charset=\"utf-8\"><\/script><\/p>\n","protected":false},"excerpt":{"rendered":"<p>LIGUE 1 2023-2024 &#8211; Selon plusieurs sources, l&rsquo;Olympique de Marseille aimerait obtenir un pr\u00eat de Thomas Lemar pour la saison prochaine.\u00a0<\/p>\n","protected":false},"author":1,"featured_media":400819,"comment_status":"open","ping_status":"closed","sticky":false,"template":"","format":"standard","meta":{"_acf_changed":false,"_daextam_enable_autolinks":"","footnotes":""},"categories":[2301,47045],"tags":[4789,16878,75],"class_list":["post-400818","post","type-post","status-publish","format-standard","has-post-thumbnail","hentry","category-football","category-ligue-1","tag-atletico-madrid","tag-breve","tag-football"],"acf":[],"yoast_head":"<!-- This site is optimized with the Yoast SEO Premium plugin v26.7 (Yoast SEO v26.7) - https:\/\/yoast.com\/wordpress\/plugins\/seo\/ -->\n<title>Mercato OM : Marseille pense \u00e0 Thomas Lemar<\/title>\n<meta name=\"description\" content=\"LIGUE 1 2023-2024 - Selon plusieurs sources, l&#039;Olympique de Marseille aimerait obtenir un pr\u00eat de Thomas Lemar pour la saison prochaine.\u00a0\" \/>\n<meta name=\"robots\" content=\"index, follow, max-snippet:-1, max-image-preview:large, max-video-preview:-1\" \/>\n<link rel=\"canonical\" href=\"https:\/\/dicodusport.fr\/blog\/mercato-om-marseille-pense-a-thomas-lemar\/\" \/>\n<meta property=\"og:locale\" content=\"fr_FR\" \/>\n<meta property=\"og:type\" content=\"article\" \/>\n<meta property=\"og:title\" content=\"Mercato OM : Marseille pense \u00e0 Thomas Lemar\" \/>\n<meta property=\"og:description\" content=\"LIGUE 1 2023-2024 - Selon plusieurs sources, l&#039;Olympique de Marseille aimerait obtenir un pr\u00eat de Thomas Lemar pour la saison prochaine.\u00a0\" \/>\n<meta property=\"og:url\" content=\"https:\/\/dicodusport.fr\/blog\/mercato-om-marseille-pense-a-thomas-lemar\/\" \/>\n<meta property=\"og:site_name\" content=\"Dicodusport\" \/>\n<meta property=\"article:publisher\" content=\"https:\/\/www.facebook.com\/dicodusport\" \/>\n<meta property=\"article:author\" content=\"https:\/\/www.facebook.com\/dicodusport\" \/>\n<meta property=\"article:published_time\" content=\"2023-07-17T14:20:08+00:00\" \/>\n<meta property=\"article:modified_time\" content=\"2023-07-17T14:47:52+00:00\" \/>\n<meta property=\"og:image\" content=\"https:\/\/dicodusport.fr\/blog\/wp-content\/uploads\/2023\/07\/Mercato-OM-Marseille-pense-a-Thomas-Lemar.png\" \/>\n\t<meta property=\"og:image:width\" content=\"800\" \/>\n\t<meta property=\"og:image:height\" content=\"445\" \/>\n\t<meta property=\"og:image:type\" content=\"image\/png\" \/>\n<meta name=\"author\" content=\"Nicolas Jacquemard\" \/>\n<meta name=\"twitter:card\" content=\"summary_large_image\" \/>\n<meta name=\"twitter:title\" content=\"Mercato OM : Marseille pense \u00e0 Thomas Lemar\" \/>\n<meta name=\"twitter:creator\" content=\"@https:\/\/twitter.com\/Nico_Jacquemard\" \/>\n<meta name=\"twitter:site\" content=\"@dicodusport\" \/>\n<script type=\"application\/ld+json\" class=\"yoast-schema-graph\">{\"@context\":\"https:\/\/schema.org\",\"@graph\":[{\"@type\":\"NewsArticle\",\"@id\":\"https:\/\/dicodusport.fr\/blog\/mercato-om-marseille-pense-a-thomas-lemar\/#article\",\"isPartOf\":{\"@id\":\"https:\/\/dicodusport.fr\/blog\/mercato-om-marseille-pense-a-thomas-lemar\/\"},\"author\":{\"name\":\"Nicolas Jacquemard\",\"@id\":\"https:\/\/dicodusport.fr\/blog\/#\/schema\/person\/55dcb50ad410894e431ed812bbb70191\"},\"headline\":\"Mercato OM : Marseille pense \u00e0 Thomas Lemar\",\"datePublished\":\"2023-07-17T14:20:08+00:00\",\"dateModified\":\"2023-07-17T14:47:52+00:00\",\"mainEntityOfPage\":{\"@id\":\"https:\/\/dicodusport.fr\/blog\/mercato-om-marseille-pense-a-thomas-lemar\/\"},\"wordCount\":243,\"commentCount\":0,\"publisher\":{\"@id\":\"https:\/\/dicodusport.fr\/blog\/#organization\"},\"image\":{\"@id\":\"https:\/\/dicodusport.fr\/blog\/mercato-om-marseille-pense-a-thomas-lemar\/#primaryimage\"},\"thumbnailUrl\":\"https:\/\/dicodusport.fr\/blog\/wp-content\/uploads\/2023\/07\/Mercato-OM-Marseille-pense-a-Thomas-Lemar.png\",\"keywords\":[\"Atl\u00e9tico madrid\",\"br\u00e8ve\",\"Football\"],\"articleSection\":[\"Football\",\"Ligue 1\"],\"inLanguage\":\"fr-FR\",\"potentialAction\":[{\"@type\":\"CommentAction\",\"name\":\"Comment\",\"target\":[\"https:\/\/dicodusport.fr\/blog\/mercato-om-marseille-pense-a-thomas-lemar\/#respond\"]}],\"copyrightYear\":\"2023\",\"copyrightHolder\":{\"@id\":\"https:\/\/dicodusport.fr\/blog\/#organization\"}},{\"@type\":\"WebPage\",\"@id\":\"https:\/\/dicodusport.fr\/blog\/mercato-om-marseille-pense-a-thomas-lemar\/\",\"url\":\"https:\/\/dicodusport.fr\/blog\/mercato-om-marseille-pense-a-thomas-lemar\/\",\"name\":\"Mercato OM : Marseille pense \u00e0 Thomas Lemar\",\"isPartOf\":{\"@id\":\"https:\/\/dicodusport.fr\/blog\/#website\"},\"primaryImageOfPage\":{\"@id\":\"https:\/\/dicodusport.fr\/blog\/mercato-om-marseille-pense-a-thomas-lemar\/#primaryimage\"},\"image\":{\"@id\":\"https:\/\/dicodusport.fr\/blog\/mercato-om-marseille-pense-a-thomas-lemar\/#primaryimage\"},\"thumbnailUrl\":\"https:\/\/dicodusport.fr\/blog\/wp-content\/uploads\/2023\/07\/Mercato-OM-Marseille-pense-a-Thomas-Lemar.png\",\"datePublished\":\"2023-07-17T14:20:08+00:00\",\"dateModified\":\"2023-07-17T14:47:52+00:00\",\"description\":\"LIGUE 1 2023-2024 - Selon plusieurs sources, l'Olympique de Marseille aimerait obtenir un pr\u00eat de Thomas Lemar pour la saison prochaine.\u00a0\",\"breadcrumb\":{\"@id\":\"https:\/\/dicodusport.fr\/blog\/mercato-om-marseille-pense-a-thomas-lemar\/#breadcrumb\"},\"inLanguage\":\"fr-FR\",\"potentialAction\":[{\"@type\":\"ReadAction\",\"target\":[\"https:\/\/dicodusport.fr\/blog\/mercato-om-marseille-pense-a-thomas-lemar\/\"]}]},{\"@type\":\"ImageObject\",\"inLanguage\":\"fr-FR\",\"@id\":\"https:\/\/dicodusport.fr\/blog\/mercato-om-marseille-pense-a-thomas-lemar\/#primaryimage\",\"url\":\"https:\/\/dicodusport.fr\/blog\/wp-content\/uploads\/2023\/07\/Mercato-OM-Marseille-pense-a-Thomas-Lemar.png\",\"contentUrl\":\"https:\/\/dicodusport.fr\/blog\/wp-content\/uploads\/2023\/07\/Mercato-OM-Marseille-pense-a-Thomas-Lemar.png\",\"width\":800,\"height\":445},{\"@type\":\"BreadcrumbList\",\"@id\":\"https:\/\/dicodusport.fr\/blog\/mercato-om-marseille-pense-a-thomas-lemar\/#breadcrumb\",\"itemListElement\":[{\"@type\":\"ListItem\",\"position\":1,\"name\":\"Accueil\",\"item\":\"https:\/\/dicodusport.fr\/blog\/\"},{\"@type\":\"ListItem\",\"position\":2,\"name\":\"Mercato OM : Marseille pense \u00e0 Thomas Lemar\"}]},{\"@type\":\"WebSite\",\"@id\":\"https:\/\/dicodusport.fr\/blog\/#website\",\"url\":\"https:\/\/dicodusport.fr\/blog\/\",\"name\":\"Dicodusport\",\"description\":\"L&#039;encyclop\u00e9die de l&#039;actualit\u00e9 sportive\",\"publisher\":{\"@id\":\"https:\/\/dicodusport.fr\/blog\/#organization\"},\"potentialAction\":[{\"@type\":\"SearchAction\",\"target\":{\"@type\":\"EntryPoint\",\"urlTemplate\":\"https:\/\/dicodusport.fr\/blog\/?s={search_term_string}\"},\"query-input\":{\"@type\":\"PropertyValueSpecification\",\"valueRequired\":true,\"valueName\":\"search_term_string\"}}],\"inLanguage\":\"fr-FR\"},{\"@type\":\"NewsMediaOrganization\",\"@id\":\"https:\/\/dicodusport.fr\/blog\/#organization\",\"name\":\"Dicodusport\",\"url\":\"https:\/\/dicodusport.fr\/blog\/\",\"logo\":{\"@type\":\"ImageObject\",\"inLanguage\":\"fr-FR\",\"@id\":\"https:\/\/dicodusport.fr\/blog\/#\/schema\/logo\/image\/\",\"url\":\"https:\/\/dicodusport.fr\/blog\/wp-content\/uploads\/2020\/06\/cropped-LOGO-DICODUSPORT-2020-SANS-FOND-SANS-TEXTE.png\",\"contentUrl\":\"https:\/\/dicodusport.fr\/blog\/wp-content\/uploads\/2020\/06\/cropped-LOGO-DICODUSPORT-2020-SANS-FOND-SANS-TEXTE.png\",\"width\":512,\"height\":512,\"caption\":\"Dicodusport\"},\"image\":{\"@id\":\"https:\/\/dicodusport.fr\/blog\/#\/schema\/logo\/image\/\"},\"sameAs\":[\"https:\/\/www.facebook.com\/dicodusport\",\"https:\/\/x.com\/dicodusport\",\"https:\/\/www.instagram.com\/dicodusport\/\",\"https:\/\/www.youtube.com\/channel\/UC7V2KZ5sd3htJivAbA4ZG3w\"],\"description\":\"Dicodusport est l'encyclop\u00e9die de l'actualit\u00e9 sportive.\",\"email\":\"bonjour@dicodusport.fr\",\"legalName\":\"DICODUSPORT\",\"foundingDate\":\"2018-01-14\",\"vatID\":\"FR71834470973\",\"taxID\":\"83447097300043\",\"numberOfEmployees\":{\"@type\":\"QuantitativeValue\",\"minValue\":\"1\",\"maxValue\":\"10\"}},{\"@type\":\"Person\",\"@id\":\"https:\/\/dicodusport.fr\/blog\/#\/schema\/person\/55dcb50ad410894e431ed812bbb70191\",\"name\":\"Nicolas Jacquemard\",\"image\":{\"@type\":\"ImageObject\",\"inLanguage\":\"fr-FR\",\"@id\":\"https:\/\/dicodusport.fr\/blog\/#\/schema\/person\/image\/\",\"url\":\"https:\/\/dicodusport.fr\/blog\/wp-content\/uploads\/2021\/05\/Nicolas-Jacquemard-150x150.jpeg\",\"contentUrl\":\"https:\/\/dicodusport.fr\/blog\/wp-content\/uploads\/2021\/05\/Nicolas-Jacquemard-150x150.jpeg\",\"caption\":\"Nicolas Jacquemard\"},\"description\":\"Passionn\u00e9 de sport et entrepreneur depuis mes 18 ans, la cr\u00e9ation de Dicodusport m'a sembl\u00e9 \u00e9vidente pour participer \u00e0 la m\u00e9diatisation d'un plus grand nombre de sports. Le chemin est long mais avec une \u00e9quipe des plus motiv\u00e9es et les Jeux Olympiques de Paris 2024 en point de mire, nous y arriverons ! Journaliste dans le monde du sport depuis plus de 5 ans, je traite aussi bien de football, de rugby, de biathlon que de cyclisme.\",\"sameAs\":[\"https:\/\/www.facebook.com\/dicodusport\",\"https:\/\/x.com\/https:\/\/twitter.com\/Nico_Jacquemard\"],\"url\":\"https:\/\/dicodusport.fr\/blog\/author\/dicodusport\/\"}]}<\/script>\n<!-- \/ Yoast SEO Premium plugin. -->","yoast_head_json":{"title":"Mercato OM : Marseille pense \u00e0 Thomas Lemar","description":"LIGUE 1 2023-2024 - Selon plusieurs sources, l'Olympique de Marseille aimerait obtenir un pr\u00eat de Thomas Lemar pour la saison prochaine.\u00a0","robots":{"index":"index","follow":"follow","max-snippet":"max-snippet:-1","max-image-preview":"max-image-preview:large","max-video-preview":"max-video-preview:-1"},"canonical":"https:\/\/dicodusport.fr\/blog\/mercato-om-marseille-pense-a-thomas-lemar\/","og_locale":"fr_FR","og_type":"article","og_title":"Mercato OM : Marseille pense \u00e0 Thomas Lemar","og_description":"LIGUE 1 2023-2024 - Selon plusieurs sources, l'Olympique de Marseille aimerait obtenir un pr\u00eat de Thomas Lemar pour la saison prochaine.\u00a0","og_url":"https:\/\/dicodusport.fr\/blog\/mercato-om-marseille-pense-a-thomas-lemar\/","og_site_name":"Dicodusport","article_publisher":"https:\/\/www.facebook.com\/dicodusport","article_author":"https:\/\/www.facebook.com\/dicodusport","article_published_time":"2023-07-17T14:20:08+00:00","article_modified_time":"2023-07-17T14:47:52+00:00","og_image":[{"width":800,"height":445,"url":"https:\/\/dicodusport.fr\/blog\/wp-content\/uploads\/2023\/07\/Mercato-OM-Marseille-pense-a-Thomas-Lemar.png","type":"image\/png"}],"author":"Nicolas Jacquemard","twitter_card":"summary_large_image","twitter_title":"Mercato OM : Marseille pense \u00e0 Thomas Lemar","twitter_creator":"@https:\/\/twitter.com\/Nico_Jacquemard","twitter_site":"@dicodusport","schema":{"@context":"https:\/\/schema.org","@graph":[{"@type":"NewsArticle","@id":"https:\/\/dicodusport.fr\/blog\/mercato-om-marseille-pense-a-thomas-lemar\/#article","isPartOf":{"@id":"https:\/\/dicodusport.fr\/blog\/mercato-om-marseille-pense-a-thomas-lemar\/"},"author":{"name":"Nicolas Jacquemard","@id":"https:\/\/dicodusport.fr\/blog\/#\/schema\/person\/55dcb50ad410894e431ed812bbb70191"},"headline":"Mercato OM : Marseille pense \u00e0 Thomas Lemar","datePublished":"2023-07-17T14:20:08+00:00","dateModified":"2023-07-17T14:47:52+00:00","mainEntityOfPage":{"@id":"https:\/\/dicodusport.fr\/blog\/mercato-om-marseille-pense-a-thomas-lemar\/"},"wordCount":243,"commentCount":0,"publisher":{"@id":"https:\/\/dicodusport.fr\/blog\/#organization"},"image":{"@id":"https:\/\/dicodusport.fr\/blog\/mercato-om-marseille-pense-a-thomas-lemar\/#primaryimage"},"thumbnailUrl":"https:\/\/dicodusport.fr\/blog\/wp-content\/uploads\/2023\/07\/Mercato-OM-Marseille-pense-a-Thomas-Lemar.png","keywords":["Atl\u00e9tico madrid","br\u00e8ve","Football"],"articleSection":["Football","Ligue 1"],"inLanguage":"fr-FR","potentialAction":[{"@type":"CommentAction","name":"Comment","target":["https:\/\/dicodusport.fr\/blog\/mercato-om-marseille-pense-a-thomas-lemar\/#respond"]}],"copyrightYear":"2023","copyrightHolder":{"@id":"https:\/\/dicodusport.fr\/blog\/#organization"}},{"@type":"WebPage","@id":"https:\/\/dicodusport.fr\/blog\/mercato-om-marseille-pense-a-thomas-lemar\/","url":"https:\/\/dicodusport.fr\/blog\/mercato-om-marseille-pense-a-thomas-lemar\/","name":"Mercato OM : Marseille pense \u00e0 Thomas Lemar","isPartOf":{"@id":"https:\/\/dicodusport.fr\/blog\/#website"},"primaryImageOfPage":{"@id":"https:\/\/dicodusport.fr\/blog\/mercato-om-marseille-pense-a-thomas-lemar\/#primaryimage"},"image":{"@id":"https:\/\/dicodusport.fr\/blog\/mercato-om-marseille-pense-a-thomas-lemar\/#primaryimage"},"thumbnailUrl":"https:\/\/dicodusport.fr\/blog\/wp-content\/uploads\/2023\/07\/Mercato-OM-Marseille-pense-a-Thomas-Lemar.png","datePublished":"2023-07-17T14:20:08+00:00","dateModified":"2023-07-17T14:47:52+00:00","description":"LIGUE 1 2023-2024 - Selon plusieurs sources, l'Olympique de Marseille aimerait obtenir un pr\u00eat de Thomas Lemar pour la saison prochaine.\u00a0","breadcrumb":{"@id":"https:\/\/dicodusport.fr\/blog\/mercato-om-marseille-pense-a-thomas-lemar\/#breadcrumb"},"inLanguage":"fr-FR","potentialAction":[{"@type":"ReadAction","target":["https:\/\/dicodusport.fr\/blog\/mercato-om-marseille-pense-a-thomas-lemar\/"]}]},{"@type":"ImageObject","inLanguage":"fr-FR","@id":"https:\/\/dicodusport.fr\/blog\/mercato-om-marseille-pense-a-thomas-lemar\/#primaryimage","url":"https:\/\/dicodusport.fr\/blog\/wp-content\/uploads\/2023\/07\/Mercato-OM-Marseille-pense-a-Thomas-Lemar.png","contentUrl":"https:\/\/dicodusport.fr\/blog\/wp-content\/uploads\/2023\/07\/Mercato-OM-Marseille-pense-a-Thomas-Lemar.png","width":800,"height":445},{"@type":"BreadcrumbList","@id":"https:\/\/dicodusport.fr\/blog\/mercato-om-marseille-pense-a-thomas-lemar\/#breadcrumb","itemListElement":[{"@type":"ListItem","position":1,"name":"Accueil","item":"https:\/\/dicodusport.fr\/blog\/"},{"@type":"ListItem","position":2,"name":"Mercato OM : Marseille pense \u00e0 Thomas Lemar"}]},{"@type":"WebSite","@id":"https:\/\/dicodusport.fr\/blog\/#website","url":"https:\/\/dicodusport.fr\/blog\/","name":"Dicodusport","description":"L&#039;encyclop\u00e9die de l&#039;actualit\u00e9 sportive","publisher":{"@id":"https:\/\/dicodusport.fr\/blog\/#organization"},"potentialAction":[{"@type":"SearchAction","target":{"@type":"EntryPoint","urlTemplate":"https:\/\/dicodusport.fr\/blog\/?s={search_term_string}"},"query-input":{"@type":"PropertyValueSpecification","valueRequired":true,"valueName":"search_term_string"}}],"inLanguage":"fr-FR"},{"@type":"NewsMediaOrganization","@id":"https:\/\/dicodusport.fr\/blog\/#organization","name":"Dicodusport","url":"https:\/\/dicodusport.fr\/blog\/","logo":{"@type":"ImageObject","inLanguage":"fr-FR","@id":"https:\/\/dicodusport.fr\/blog\/#\/schema\/logo\/image\/","url":"https:\/\/dicodusport.fr\/blog\/wp-content\/uploads\/2020\/06\/cropped-LOGO-DICODUSPORT-2020-SANS-FOND-SANS-TEXTE.png","contentUrl":"https:\/\/dicodusport.fr\/blog\/wp-content\/uploads\/2020\/06\/cropped-LOGO-DICODUSPORT-2020-SANS-FOND-SANS-TEXTE.png","width":512,"height":512,"caption":"Dicodusport"},"image":{"@id":"https:\/\/dicodusport.fr\/blog\/#\/schema\/logo\/image\/"},"sameAs":["https:\/\/www.facebook.com\/dicodusport","https:\/\/x.com\/dicodusport","https:\/\/www.instagram.com\/dicodusport\/","https:\/\/www.youtube.com\/channel\/UC7V2KZ5sd3htJivAbA4ZG3w"],"description":"Dicodusport est l'encyclop\u00e9die de l'actualit\u00e9 sportive.","email":"bonjour@dicodusport.fr","legalName":"DICODUSPORT","foundingDate":"2018-01-14","vatID":"FR71834470973","taxID":"83447097300043","numberOfEmployees":{"@type":"QuantitativeValue","minValue":"1","maxValue":"10"}},{"@type":"Person","@id":"https:\/\/dicodusport.fr\/blog\/#\/schema\/person\/55dcb50ad410894e431ed812bbb70191","name":"Nicolas Jacquemard","image":{"@type":"ImageObject","inLanguage":"fr-FR","@id":"https:\/\/dicodusport.fr\/blog\/#\/schema\/person\/image\/","url":"https:\/\/dicodusport.fr\/blog\/wp-content\/uploads\/2021\/05\/Nicolas-Jacquemard-150x150.jpeg","contentUrl":"https:\/\/dicodusport.fr\/blog\/wp-content\/uploads\/2021\/05\/Nicolas-Jacquemard-150x150.jpeg","caption":"Nicolas Jacquemard"},"description":"Passionn\u00e9 de sport et entrepreneur depuis mes 18 ans, la cr\u00e9ation de Dicodusport m'a sembl\u00e9 \u00e9vidente pour participer \u00e0 la m\u00e9diatisation d'un plus grand nombre de sports. Le chemin est long mais avec une \u00e9quipe des plus motiv\u00e9es et les Jeux Olympiques de Paris 2024 en point de mire, nous y arriverons ! Journaliste dans le monde du sport depuis plus de 5 ans, je traite aussi bien de football, de rugby, de biathlon que de cyclisme.","sameAs":["https:\/\/www.facebook.com\/dicodusport","https:\/\/x.com\/https:\/\/twitter.com\/Nico_Jacquemard"],"url":"https:\/\/dicodusport.fr\/blog\/author\/dicodusport\/"}]}},"_links":{"self":[{"href":"https:\/\/dicodusport.fr\/blog\/wp-json\/wp\/v2\/posts\/400818","targetHints":{"allow":["GET"]}}],"collection":[{"href":"https:\/\/dicodusport.fr\/blog\/wp-json\/wp\/v2\/posts"}],"about":[{"href":"https:\/\/dicodusport.fr\/blog\/wp-json\/wp\/v2\/types\/post"}],"author":[{"embeddable":true,"href":"https:\/\/dicodusport.fr\/blog\/wp-json\/wp\/v2\/users\/1"}],"replies":[{"embeddable":true,"href":"https:\/\/dicodusport.fr\/blog\/wp-json\/wp\/v2\/comments?post=400818"}],"version-history":[{"count":0,"href":"https:\/\/dicodusport.fr\/blog\/wp-json\/wp\/v2\/posts\/400818\/revisions"}],"wp:featuredmedia":[{"embeddable":true,"href":"https:\/\/dicodusport.fr\/blog\/wp-json\/wp\/v2\/media\/400819"}],"wp:attachment":[{"href":"https:\/\/dicodusport.fr\/blog\/wp-json\/wp\/v2\/media?parent=400818"}],"wp:term":[{"taxonomy":"category","embeddable":true,"href":"https:\/\/dicodusport.fr\/blog\/wp-json\/wp\/v2\/categories?post=400818"},{"taxonomy":"post_tag","embeddable":true,"href":"https:\/\/dicodusport.fr\/blog\/wp-json\/wp\/v2\/tags?post=400818"}],"curies":[{"name":"wp","href":"https:\/\/api.w.org\/{rel}","templated":true}]}}