{"id":400823,"date":"2023-07-17T17:46:04","date_gmt":"2023-07-17T15:46:04","guid":{"rendered":"https:\/\/dicodusport.fr\/blog\/?p=400823&#038;preview=true&#038;preview_id=400823"},"modified":"2023-07-17T18:01:29","modified_gmt":"2023-07-17T16:01:29","slug":"mercato-psg-paris-insiste-pour-harry-kane-et-bernardo-silva","status":"publish","type":"post","link":"https:\/\/dicodusport.fr\/blog\/mercato-psg-paris-insiste-pour-harry-kane-et-bernardo-silva\/","title":{"rendered":"Mercato PSG : Paris insiste pour Harry Kane et Bernardo Silva"},"content":{"rendered":"<p align=\"justify\"><em><strong>LIGUE 1 2023-2024 &#8211; Selon Foot Mercato, le Paris Saint-Germain n&rsquo;a pas abandonn\u00e9 l&rsquo;id\u00e9e de recruter Harry Kane et Bernardo Silva.\u00a0<\/strong><\/em><\/p>\n<p align=\"justify\">Les champions de France ont d\u00e9j\u00e0 \u00e9t\u00e9 tr\u00e8s actifs sur le march\u00e9 des transferts cet \u00e9t\u00e9, avec pas moins de six recrues officialis\u00e9es (Cher Ndour, Milan Skriniar, Marco Asensio, Manuel Ugarte, Kang In Lee et Lucas Hernandez). De son c\u00f4t\u00e9, <a href=\"https:\/\/dicodusport.fr\/blog\/mercato-psg-xavi-simons-fait-son-retour-a-paris\/\"><strong>Xavi<\/strong> <strong>Simons<\/strong> devrait \u00eatre officialis\u00e9 ce mardi<\/a>. Le jeune milieu de terrain pourrait ensuite \u00eatre pr\u00eat\u00e9 une saison avant de revenir \u00e0 <strong>Paris<\/strong>.<\/p>\n<p align=\"justify\">Mais, le<strong> Paris Saint-Germain<\/strong> voudrait encore frapper fort cet \u00e9t\u00e9. <strong>Bernardo<\/strong> <strong>Silva<\/strong> est toujours dans le viseur du club de la Capitale, m\u00eame si son premier choix serait de rejoindre le <strong>FC<\/strong> <strong>Barcelone<\/strong>. Paris a m\u00eame transmis une premi\u00e8re offre \u00e0 <strong>Manchester<\/strong> <strong>City<\/strong>, mais\u00a0elle a \u00e9t\u00e9 jug\u00e9e bien insuffisante. <strong>Jorge<\/strong> <strong>Mendes<\/strong>, agent du joueur, pousse pour placer son joueur \u00e0 <strong>Paris,<\/strong> mais\u00a0l&rsquo;op\u00e9ration est encore loin d&rsquo;\u00eatre finalis\u00e9e.<\/p>\n<h2 style=\"text-align: justify;\" align=\"justify\">Le r\u00eave Harry Kane<\/h2>\n<p align=\"justify\">Ce n&rsquo;est un secret pour personne, <strong>Paris<\/strong> cherche un avant-centre. Si de nombreuses pistes sont \u00e9tudi\u00e9es, le r\u00eave des dirigeants s&rsquo;appelle <strong>Harry<\/strong> <strong>Kane<\/strong>. L&rsquo;attaquant anglais est en fin de contrat dans un an avec <strong>Tottenham<\/strong>. S&rsquo;il est annonc\u00e9 au <strong>Bayern<\/strong> <strong>Munich<\/strong>, le <strong>PSG<\/strong> garde espoir dans ce dossier et tente de trouver un accord contractuel avec le joueur. Si tel est le cas, une tr\u00e8s grosse offre sera formul\u00e9e aux Spurs pour racheter sa derni\u00e8re ann\u00e9e de contrat.<\/p>\n<p align=\"justify\">Le <strong>Paris Saint-Germain<\/strong> n&rsquo;a toujours pas trouv\u00e9 d&rsquo;issue pour <strong>Kylian<\/strong> <strong>Mbapp\u00e9<\/strong>, qui a fait aujourd&rsquo;hui son retour \u00e0 l&rsquo;entra\u00eenement \u00e0 <strong>Poissy<\/strong>. Le capitaine de l&rsquo;\u00e9quipe de France veut faire sa derni\u00e8re ann\u00e9e au club avant de partir libre, alors que <strong>Paris<\/strong> veut qu&rsquo;il prolonge ou qu&rsquo;il parte cet \u00e9t\u00e9.<\/p>\n<blockquote class=\"twitter-tweet\">\n<p dir=\"ltr\" lang=\"fr\">\ud83d\udea8\ud83d\udc99\ud83c\uddf5\ud83c\uddf9 <a href=\"https:\/\/twitter.com\/hashtag\/PL?src=hash&amp;ref_src=twsrc%5Etfw\">#PL<\/a> |<\/p>\n<p>\u25c9 Manchester City a une offre du PSG sur la table jug\u00e9e trop basse.<\/p>\n<p>\u25c9 Les Citizens sont pr\u00eats \u00e0 le vendre mais \u00e0 un prix raisonnable.<\/p>\n<p>\u25c9 Jorge Mendes pousse pour que le deal se fasse.<\/p>\n<p>\u25c9 Paris a propos\u00e9 plusieurs joueurs dans la balance (Verratti, Donnarumma,\u2026 <a href=\"https:\/\/t.co\/mXao4dfZXn\">https:\/\/t.co\/mXao4dfZXn<\/a> <a href=\"https:\/\/t.co\/Aujf4cSLFq\">pic.twitter.com\/Aujf4cSLFq<\/a><\/p>\n<p>\u2014 Santi Aouna (@Santi_J_FM) <a href=\"https:\/\/twitter.com\/Santi_J_FM\/status\/1680918440465383425?ref_src=twsrc%5Etfw\">July 17, 2023<\/a><\/p><\/blockquote>\n<p><script async src=\"https:\/\/platform.twitter.com\/widgets.js\" charset=\"utf-8\"><\/script><\/p>\n","protected":false},"excerpt":{"rendered":"<p>LIGUE 1 2023-2024 &#8211; Selon Foot Mercato, le Paris Saint-Germain n&rsquo;a pas abandonn\u00e9 l&rsquo;id\u00e9e de recruter Harry Kane et Bernardo Silva.\u00a0<\/p>\n","protected":false},"author":1,"featured_media":400824,"comment_status":"open","ping_status":"closed","sticky":false,"template":"","format":"standard","meta":{"_acf_changed":false,"_daextam_enable_autolinks":"","footnotes":""},"categories":[2301,47045],"tags":[16878,75,2236,5183,429,910],"class_list":["post-400823","post","type-post","status-publish","format-standard","has-post-thumbnail","hentry","category-football","category-ligue-1","tag-breve","tag-football","tag-kylian-mbappe","tag-mbappe","tag-paris","tag-psg"],"acf":[],"yoast_head":"<!-- This site is optimized with the Yoast SEO Premium plugin v26.7 (Yoast SEO v26.7) - https:\/\/yoast.com\/wordpress\/plugins\/seo\/ -->\n<title>Mercato PSG : Paris insiste pour Harry Kane et Bernardo Silva<\/title>\n<meta name=\"description\" content=\"LIGUE 1 2023-2024 - Selon Foot Mercato, le Paris Saint-Germain n&#039;a pas abandonn\u00e9 l&#039;id\u00e9e de recruter Harry Kane et Bernardo Silva.\u00a0\" \/>\n<meta name=\"robots\" content=\"index, follow, max-snippet:-1, max-image-preview:large, max-video-preview:-1\" \/>\n<link rel=\"canonical\" href=\"https:\/\/dicodusport.fr\/blog\/mercato-psg-paris-insiste-pour-harry-kane-et-bernardo-silva\/\" \/>\n<meta property=\"og:locale\" content=\"fr_FR\" \/>\n<meta property=\"og:type\" content=\"article\" \/>\n<meta property=\"og:title\" content=\"Mercato PSG : Paris insiste pour Harry Kane et Bernardo Silva\" \/>\n<meta property=\"og:description\" content=\"LIGUE 1 2023-2024 - Selon Foot Mercato, le Paris Saint-Germain n&#039;a pas abandonn\u00e9 l&#039;id\u00e9e de recruter Harry Kane et Bernardo Silva.\u00a0\" \/>\n<meta property=\"og:url\" content=\"https:\/\/dicodusport.fr\/blog\/mercato-psg-paris-insiste-pour-harry-kane-et-bernardo-silva\/\" \/>\n<meta property=\"og:site_name\" content=\"Dicodusport\" \/>\n<meta property=\"article:publisher\" content=\"https:\/\/www.facebook.com\/dicodusport\" \/>\n<meta property=\"article:author\" content=\"https:\/\/www.facebook.com\/dicodusport\" \/>\n<meta property=\"article:published_time\" content=\"2023-07-17T15:46:04+00:00\" \/>\n<meta property=\"article:modified_time\" content=\"2023-07-17T16:01:29+00:00\" \/>\n<meta property=\"og:image\" content=\"https:\/\/dicodusport.fr\/blog\/wp-content\/uploads\/2023\/07\/Mercato-PSG-Paris-insiste-pour-Harry-Kane-et-Bernardo-Silva.png\" \/>\n\t<meta property=\"og:image:width\" content=\"800\" \/>\n\t<meta property=\"og:image:height\" content=\"445\" \/>\n\t<meta property=\"og:image:type\" content=\"image\/png\" \/>\n<meta name=\"author\" content=\"Nicolas Jacquemard\" \/>\n<meta name=\"twitter:card\" content=\"summary_large_image\" \/>\n<meta name=\"twitter:title\" content=\"Mercato PSG : Paris insiste pour Harry Kane et Bernardo Silva\" \/>\n<meta name=\"twitter:creator\" content=\"@https:\/\/twitter.com\/Nico_Jacquemard\" \/>\n<meta name=\"twitter:site\" content=\"@dicodusport\" \/>\n<script type=\"application\/ld+json\" class=\"yoast-schema-graph\">{\"@context\":\"https:\/\/schema.org\",\"@graph\":[{\"@type\":\"NewsArticle\",\"@id\":\"https:\/\/dicodusport.fr\/blog\/mercato-psg-paris-insiste-pour-harry-kane-et-bernardo-silva\/#article\",\"isPartOf\":{\"@id\":\"https:\/\/dicodusport.fr\/blog\/mercato-psg-paris-insiste-pour-harry-kane-et-bernardo-silva\/\"},\"author\":{\"name\":\"Nicolas Jacquemard\",\"@id\":\"https:\/\/dicodusport.fr\/blog\/#\/schema\/person\/55dcb50ad410894e431ed812bbb70191\"},\"headline\":\"Mercato PSG : Paris insiste pour Harry Kane et Bernardo Silva\",\"datePublished\":\"2023-07-17T15:46:04+00:00\",\"dateModified\":\"2023-07-17T16:01:29+00:00\",\"mainEntityOfPage\":{\"@id\":\"https:\/\/dicodusport.fr\/blog\/mercato-psg-paris-insiste-pour-harry-kane-et-bernardo-silva\/\"},\"wordCount\":386,\"commentCount\":0,\"publisher\":{\"@id\":\"https:\/\/dicodusport.fr\/blog\/#organization\"},\"image\":{\"@id\":\"https:\/\/dicodusport.fr\/blog\/mercato-psg-paris-insiste-pour-harry-kane-et-bernardo-silva\/#primaryimage\"},\"thumbnailUrl\":\"https:\/\/dicodusport.fr\/blog\/wp-content\/uploads\/2023\/07\/Mercato-PSG-Paris-insiste-pour-Harry-Kane-et-Bernardo-Silva.png\",\"keywords\":[\"br\u00e8ve\",\"Football\",\"Kylian Mbapp\u00e9\",\"Mbappe\",\"Paris\",\"PSG\"],\"articleSection\":[\"Football\",\"Ligue 1\"],\"inLanguage\":\"fr-FR\",\"potentialAction\":[{\"@type\":\"CommentAction\",\"name\":\"Comment\",\"target\":[\"https:\/\/dicodusport.fr\/blog\/mercato-psg-paris-insiste-pour-harry-kane-et-bernardo-silva\/#respond\"]}],\"copyrightYear\":\"2023\",\"copyrightHolder\":{\"@id\":\"https:\/\/dicodusport.fr\/blog\/#organization\"}},{\"@type\":\"WebPage\",\"@id\":\"https:\/\/dicodusport.fr\/blog\/mercato-psg-paris-insiste-pour-harry-kane-et-bernardo-silva\/\",\"url\":\"https:\/\/dicodusport.fr\/blog\/mercato-psg-paris-insiste-pour-harry-kane-et-bernardo-silva\/\",\"name\":\"Mercato PSG : Paris insiste pour Harry Kane et Bernardo Silva\",\"isPartOf\":{\"@id\":\"https:\/\/dicodusport.fr\/blog\/#website\"},\"primaryImageOfPage\":{\"@id\":\"https:\/\/dicodusport.fr\/blog\/mercato-psg-paris-insiste-pour-harry-kane-et-bernardo-silva\/#primaryimage\"},\"image\":{\"@id\":\"https:\/\/dicodusport.fr\/blog\/mercato-psg-paris-insiste-pour-harry-kane-et-bernardo-silva\/#primaryimage\"},\"thumbnailUrl\":\"https:\/\/dicodusport.fr\/blog\/wp-content\/uploads\/2023\/07\/Mercato-PSG-Paris-insiste-pour-Harry-Kane-et-Bernardo-Silva.png\",\"datePublished\":\"2023-07-17T15:46:04+00:00\",\"dateModified\":\"2023-07-17T16:01:29+00:00\",\"description\":\"LIGUE 1 2023-2024 - Selon Foot Mercato, le Paris Saint-Germain n'a pas abandonn\u00e9 l'id\u00e9e de recruter Harry Kane et Bernardo Silva.\u00a0\",\"breadcrumb\":{\"@id\":\"https:\/\/dicodusport.fr\/blog\/mercato-psg-paris-insiste-pour-harry-kane-et-bernardo-silva\/#breadcrumb\"},\"inLanguage\":\"fr-FR\",\"potentialAction\":[{\"@type\":\"ReadAction\",\"target\":[\"https:\/\/dicodusport.fr\/blog\/mercato-psg-paris-insiste-pour-harry-kane-et-bernardo-silva\/\"]}]},{\"@type\":\"ImageObject\",\"inLanguage\":\"fr-FR\",\"@id\":\"https:\/\/dicodusport.fr\/blog\/mercato-psg-paris-insiste-pour-harry-kane-et-bernardo-silva\/#primaryimage\",\"url\":\"https:\/\/dicodusport.fr\/blog\/wp-content\/uploads\/2023\/07\/Mercato-PSG-Paris-insiste-pour-Harry-Kane-et-Bernardo-Silva.png\",\"contentUrl\":\"https:\/\/dicodusport.fr\/blog\/wp-content\/uploads\/2023\/07\/Mercato-PSG-Paris-insiste-pour-Harry-Kane-et-Bernardo-Silva.png\",\"width\":800,\"height\":445},{\"@type\":\"BreadcrumbList\",\"@id\":\"https:\/\/dicodusport.fr\/blog\/mercato-psg-paris-insiste-pour-harry-kane-et-bernardo-silva\/#breadcrumb\",\"itemListElement\":[{\"@type\":\"ListItem\",\"position\":1,\"name\":\"Accueil\",\"item\":\"https:\/\/dicodusport.fr\/blog\/\"},{\"@type\":\"ListItem\",\"position\":2,\"name\":\"Mercato PSG : Paris insiste pour Harry Kane et Bernardo Silva\"}]},{\"@type\":\"WebSite\",\"@id\":\"https:\/\/dicodusport.fr\/blog\/#website\",\"url\":\"https:\/\/dicodusport.fr\/blog\/\",\"name\":\"Dicodusport\",\"description\":\"L&#039;encyclop\u00e9die de l&#039;actualit\u00e9 sportive\",\"publisher\":{\"@id\":\"https:\/\/dicodusport.fr\/blog\/#organization\"},\"potentialAction\":[{\"@type\":\"SearchAction\",\"target\":{\"@type\":\"EntryPoint\",\"urlTemplate\":\"https:\/\/dicodusport.fr\/blog\/?s={search_term_string}\"},\"query-input\":{\"@type\":\"PropertyValueSpecification\",\"valueRequired\":true,\"valueName\":\"search_term_string\"}}],\"inLanguage\":\"fr-FR\"},{\"@type\":\"NewsMediaOrganization\",\"@id\":\"https:\/\/dicodusport.fr\/blog\/#organization\",\"name\":\"Dicodusport\",\"url\":\"https:\/\/dicodusport.fr\/blog\/\",\"logo\":{\"@type\":\"ImageObject\",\"inLanguage\":\"fr-FR\",\"@id\":\"https:\/\/dicodusport.fr\/blog\/#\/schema\/logo\/image\/\",\"url\":\"https:\/\/dicodusport.fr\/blog\/wp-content\/uploads\/2020\/06\/cropped-LOGO-DICODUSPORT-2020-SANS-FOND-SANS-TEXTE.png\",\"contentUrl\":\"https:\/\/dicodusport.fr\/blog\/wp-content\/uploads\/2020\/06\/cropped-LOGO-DICODUSPORT-2020-SANS-FOND-SANS-TEXTE.png\",\"width\":512,\"height\":512,\"caption\":\"Dicodusport\"},\"image\":{\"@id\":\"https:\/\/dicodusport.fr\/blog\/#\/schema\/logo\/image\/\"},\"sameAs\":[\"https:\/\/www.facebook.com\/dicodusport\",\"https:\/\/x.com\/dicodusport\",\"https:\/\/www.instagram.com\/dicodusport\/\",\"https:\/\/www.youtube.com\/channel\/UC7V2KZ5sd3htJivAbA4ZG3w\"],\"description\":\"Dicodusport est l'encyclop\u00e9die de l'actualit\u00e9 sportive.\",\"email\":\"bonjour@dicodusport.fr\",\"legalName\":\"DICODUSPORT\",\"foundingDate\":\"2018-01-14\",\"vatID\":\"FR71834470973\",\"taxID\":\"83447097300043\",\"numberOfEmployees\":{\"@type\":\"QuantitativeValue\",\"minValue\":\"1\",\"maxValue\":\"10\"}},{\"@type\":\"Person\",\"@id\":\"https:\/\/dicodusport.fr\/blog\/#\/schema\/person\/55dcb50ad410894e431ed812bbb70191\",\"name\":\"Nicolas Jacquemard\",\"image\":{\"@type\":\"ImageObject\",\"inLanguage\":\"fr-FR\",\"@id\":\"https:\/\/dicodusport.fr\/blog\/#\/schema\/person\/image\/\",\"url\":\"https:\/\/dicodusport.fr\/blog\/wp-content\/uploads\/2021\/05\/Nicolas-Jacquemard-150x150.jpeg\",\"contentUrl\":\"https:\/\/dicodusport.fr\/blog\/wp-content\/uploads\/2021\/05\/Nicolas-Jacquemard-150x150.jpeg\",\"caption\":\"Nicolas Jacquemard\"},\"description\":\"Passionn\u00e9 de sport et entrepreneur depuis mes 18 ans, la cr\u00e9ation de Dicodusport m'a sembl\u00e9 \u00e9vidente pour participer \u00e0 la m\u00e9diatisation d'un plus grand nombre de sports. Le chemin est long mais avec une \u00e9quipe des plus motiv\u00e9es et les Jeux Olympiques de Paris 2024 en point de mire, nous y arriverons ! Journaliste dans le monde du sport depuis plus de 5 ans, je traite aussi bien de football, de rugby, de biathlon que de cyclisme.\",\"sameAs\":[\"https:\/\/www.facebook.com\/dicodusport\",\"https:\/\/x.com\/https:\/\/twitter.com\/Nico_Jacquemard\"],\"url\":\"https:\/\/dicodusport.fr\/blog\/author\/dicodusport\/\"}]}<\/script>\n<!-- \/ Yoast SEO Premium plugin. -->","yoast_head_json":{"title":"Mercato PSG : Paris insiste pour Harry Kane et Bernardo Silva","description":"LIGUE 1 2023-2024 - Selon Foot Mercato, le Paris Saint-Germain n'a pas abandonn\u00e9 l'id\u00e9e de recruter Harry Kane et Bernardo Silva.\u00a0","robots":{"index":"index","follow":"follow","max-snippet":"max-snippet:-1","max-image-preview":"max-image-preview:large","max-video-preview":"max-video-preview:-1"},"canonical":"https:\/\/dicodusport.fr\/blog\/mercato-psg-paris-insiste-pour-harry-kane-et-bernardo-silva\/","og_locale":"fr_FR","og_type":"article","og_title":"Mercato PSG : Paris insiste pour Harry Kane et Bernardo Silva","og_description":"LIGUE 1 2023-2024 - Selon Foot Mercato, le Paris Saint-Germain n'a pas abandonn\u00e9 l'id\u00e9e de recruter Harry Kane et Bernardo Silva.\u00a0","og_url":"https:\/\/dicodusport.fr\/blog\/mercato-psg-paris-insiste-pour-harry-kane-et-bernardo-silva\/","og_site_name":"Dicodusport","article_publisher":"https:\/\/www.facebook.com\/dicodusport","article_author":"https:\/\/www.facebook.com\/dicodusport","article_published_time":"2023-07-17T15:46:04+00:00","article_modified_time":"2023-07-17T16:01:29+00:00","og_image":[{"width":800,"height":445,"url":"https:\/\/dicodusport.fr\/blog\/wp-content\/uploads\/2023\/07\/Mercato-PSG-Paris-insiste-pour-Harry-Kane-et-Bernardo-Silva.png","type":"image\/png"}],"author":"Nicolas Jacquemard","twitter_card":"summary_large_image","twitter_title":"Mercato PSG : Paris insiste pour Harry Kane et Bernardo Silva","twitter_creator":"@https:\/\/twitter.com\/Nico_Jacquemard","twitter_site":"@dicodusport","schema":{"@context":"https:\/\/schema.org","@graph":[{"@type":"NewsArticle","@id":"https:\/\/dicodusport.fr\/blog\/mercato-psg-paris-insiste-pour-harry-kane-et-bernardo-silva\/#article","isPartOf":{"@id":"https:\/\/dicodusport.fr\/blog\/mercato-psg-paris-insiste-pour-harry-kane-et-bernardo-silva\/"},"author":{"name":"Nicolas Jacquemard","@id":"https:\/\/dicodusport.fr\/blog\/#\/schema\/person\/55dcb50ad410894e431ed812bbb70191"},"headline":"Mercato PSG : Paris insiste pour Harry Kane et Bernardo Silva","datePublished":"2023-07-17T15:46:04+00:00","dateModified":"2023-07-17T16:01:29+00:00","mainEntityOfPage":{"@id":"https:\/\/dicodusport.fr\/blog\/mercato-psg-paris-insiste-pour-harry-kane-et-bernardo-silva\/"},"wordCount":386,"commentCount":0,"publisher":{"@id":"https:\/\/dicodusport.fr\/blog\/#organization"},"image":{"@id":"https:\/\/dicodusport.fr\/blog\/mercato-psg-paris-insiste-pour-harry-kane-et-bernardo-silva\/#primaryimage"},"thumbnailUrl":"https:\/\/dicodusport.fr\/blog\/wp-content\/uploads\/2023\/07\/Mercato-PSG-Paris-insiste-pour-Harry-Kane-et-Bernardo-Silva.png","keywords":["br\u00e8ve","Football","Kylian Mbapp\u00e9","Mbappe","Paris","PSG"],"articleSection":["Football","Ligue 1"],"inLanguage":"fr-FR","potentialAction":[{"@type":"CommentAction","name":"Comment","target":["https:\/\/dicodusport.fr\/blog\/mercato-psg-paris-insiste-pour-harry-kane-et-bernardo-silva\/#respond"]}],"copyrightYear":"2023","copyrightHolder":{"@id":"https:\/\/dicodusport.fr\/blog\/#organization"}},{"@type":"WebPage","@id":"https:\/\/dicodusport.fr\/blog\/mercato-psg-paris-insiste-pour-harry-kane-et-bernardo-silva\/","url":"https:\/\/dicodusport.fr\/blog\/mercato-psg-paris-insiste-pour-harry-kane-et-bernardo-silva\/","name":"Mercato PSG : Paris insiste pour Harry Kane et Bernardo Silva","isPartOf":{"@id":"https:\/\/dicodusport.fr\/blog\/#website"},"primaryImageOfPage":{"@id":"https:\/\/dicodusport.fr\/blog\/mercato-psg-paris-insiste-pour-harry-kane-et-bernardo-silva\/#primaryimage"},"image":{"@id":"https:\/\/dicodusport.fr\/blog\/mercato-psg-paris-insiste-pour-harry-kane-et-bernardo-silva\/#primaryimage"},"thumbnailUrl":"https:\/\/dicodusport.fr\/blog\/wp-content\/uploads\/2023\/07\/Mercato-PSG-Paris-insiste-pour-Harry-Kane-et-Bernardo-Silva.png","datePublished":"2023-07-17T15:46:04+00:00","dateModified":"2023-07-17T16:01:29+00:00","description":"LIGUE 1 2023-2024 - Selon Foot Mercato, le Paris Saint-Germain n'a pas abandonn\u00e9 l'id\u00e9e de recruter Harry Kane et Bernardo Silva.\u00a0","breadcrumb":{"@id":"https:\/\/dicodusport.fr\/blog\/mercato-psg-paris-insiste-pour-harry-kane-et-bernardo-silva\/#breadcrumb"},"inLanguage":"fr-FR","potentialAction":[{"@type":"ReadAction","target":["https:\/\/dicodusport.fr\/blog\/mercato-psg-paris-insiste-pour-harry-kane-et-bernardo-silva\/"]}]},{"@type":"ImageObject","inLanguage":"fr-FR","@id":"https:\/\/dicodusport.fr\/blog\/mercato-psg-paris-insiste-pour-harry-kane-et-bernardo-silva\/#primaryimage","url":"https:\/\/dicodusport.fr\/blog\/wp-content\/uploads\/2023\/07\/Mercato-PSG-Paris-insiste-pour-Harry-Kane-et-Bernardo-Silva.png","contentUrl":"https:\/\/dicodusport.fr\/blog\/wp-content\/uploads\/2023\/07\/Mercato-PSG-Paris-insiste-pour-Harry-Kane-et-Bernardo-Silva.png","width":800,"height":445},{"@type":"BreadcrumbList","@id":"https:\/\/dicodusport.fr\/blog\/mercato-psg-paris-insiste-pour-harry-kane-et-bernardo-silva\/#breadcrumb","itemListElement":[{"@type":"ListItem","position":1,"name":"Accueil","item":"https:\/\/dicodusport.fr\/blog\/"},{"@type":"ListItem","position":2,"name":"Mercato PSG : Paris insiste pour Harry Kane et Bernardo Silva"}]},{"@type":"WebSite","@id":"https:\/\/dicodusport.fr\/blog\/#website","url":"https:\/\/dicodusport.fr\/blog\/","name":"Dicodusport","description":"L&#039;encyclop\u00e9die de l&#039;actualit\u00e9 sportive","publisher":{"@id":"https:\/\/dicodusport.fr\/blog\/#organization"},"potentialAction":[{"@type":"SearchAction","target":{"@type":"EntryPoint","urlTemplate":"https:\/\/dicodusport.fr\/blog\/?s={search_term_string}"},"query-input":{"@type":"PropertyValueSpecification","valueRequired":true,"valueName":"search_term_string"}}],"inLanguage":"fr-FR"},{"@type":"NewsMediaOrganization","@id":"https:\/\/dicodusport.fr\/blog\/#organization","name":"Dicodusport","url":"https:\/\/dicodusport.fr\/blog\/","logo":{"@type":"ImageObject","inLanguage":"fr-FR","@id":"https:\/\/dicodusport.fr\/blog\/#\/schema\/logo\/image\/","url":"https:\/\/dicodusport.fr\/blog\/wp-content\/uploads\/2020\/06\/cropped-LOGO-DICODUSPORT-2020-SANS-FOND-SANS-TEXTE.png","contentUrl":"https:\/\/dicodusport.fr\/blog\/wp-content\/uploads\/2020\/06\/cropped-LOGO-DICODUSPORT-2020-SANS-FOND-SANS-TEXTE.png","width":512,"height":512,"caption":"Dicodusport"},"image":{"@id":"https:\/\/dicodusport.fr\/blog\/#\/schema\/logo\/image\/"},"sameAs":["https:\/\/www.facebook.com\/dicodusport","https:\/\/x.com\/dicodusport","https:\/\/www.instagram.com\/dicodusport\/","https:\/\/www.youtube.com\/channel\/UC7V2KZ5sd3htJivAbA4ZG3w"],"description":"Dicodusport est l'encyclop\u00e9die de l'actualit\u00e9 sportive.","email":"bonjour@dicodusport.fr","legalName":"DICODUSPORT","foundingDate":"2018-01-14","vatID":"FR71834470973","taxID":"83447097300043","numberOfEmployees":{"@type":"QuantitativeValue","minValue":"1","maxValue":"10"}},{"@type":"Person","@id":"https:\/\/dicodusport.fr\/blog\/#\/schema\/person\/55dcb50ad410894e431ed812bbb70191","name":"Nicolas Jacquemard","image":{"@type":"ImageObject","inLanguage":"fr-FR","@id":"https:\/\/dicodusport.fr\/blog\/#\/schema\/person\/image\/","url":"https:\/\/dicodusport.fr\/blog\/wp-content\/uploads\/2021\/05\/Nicolas-Jacquemard-150x150.jpeg","contentUrl":"https:\/\/dicodusport.fr\/blog\/wp-content\/uploads\/2021\/05\/Nicolas-Jacquemard-150x150.jpeg","caption":"Nicolas Jacquemard"},"description":"Passionn\u00e9 de sport et entrepreneur depuis mes 18 ans, la cr\u00e9ation de Dicodusport m'a sembl\u00e9 \u00e9vidente pour participer \u00e0 la m\u00e9diatisation d'un plus grand nombre de sports. Le chemin est long mais avec une \u00e9quipe des plus motiv\u00e9es et les Jeux Olympiques de Paris 2024 en point de mire, nous y arriverons ! Journaliste dans le monde du sport depuis plus de 5 ans, je traite aussi bien de football, de rugby, de biathlon que de cyclisme.","sameAs":["https:\/\/www.facebook.com\/dicodusport","https:\/\/x.com\/https:\/\/twitter.com\/Nico_Jacquemard"],"url":"https:\/\/dicodusport.fr\/blog\/author\/dicodusport\/"}]}},"_links":{"self":[{"href":"https:\/\/dicodusport.fr\/blog\/wp-json\/wp\/v2\/posts\/400823","targetHints":{"allow":["GET"]}}],"collection":[{"href":"https:\/\/dicodusport.fr\/blog\/wp-json\/wp\/v2\/posts"}],"about":[{"href":"https:\/\/dicodusport.fr\/blog\/wp-json\/wp\/v2\/types\/post"}],"author":[{"embeddable":true,"href":"https:\/\/dicodusport.fr\/blog\/wp-json\/wp\/v2\/users\/1"}],"replies":[{"embeddable":true,"href":"https:\/\/dicodusport.fr\/blog\/wp-json\/wp\/v2\/comments?post=400823"}],"version-history":[{"count":0,"href":"https:\/\/dicodusport.fr\/blog\/wp-json\/wp\/v2\/posts\/400823\/revisions"}],"wp:featuredmedia":[{"embeddable":true,"href":"https:\/\/dicodusport.fr\/blog\/wp-json\/wp\/v2\/media\/400824"}],"wp:attachment":[{"href":"https:\/\/dicodusport.fr\/blog\/wp-json\/wp\/v2\/media?parent=400823"}],"wp:term":[{"taxonomy":"category","embeddable":true,"href":"https:\/\/dicodusport.fr\/blog\/wp-json\/wp\/v2\/categories?post=400823"},{"taxonomy":"post_tag","embeddable":true,"href":"https:\/\/dicodusport.fr\/blog\/wp-json\/wp\/v2\/tags?post=400823"}],"curies":[{"name":"wp","href":"https:\/\/api.w.org\/{rel}","templated":true}]}}