{"id":400897,"date":"2023-07-18T09:47:25","date_gmt":"2023-07-18T07:47:25","guid":{"rendered":"https:\/\/dicodusport.fr\/blog\/?p=400897&#038;preview=true&#038;preview_id=400897"},"modified":"2023-07-25T19:48:09","modified_gmt":"2023-07-25T17:48:09","slug":"irlande-les-maillots-du-trefle-pour-la-coupe-du-monde-2023","status":"publish","type":"post","link":"https:\/\/dicodusport.fr\/blog\/irlande-les-maillots-du-trefle-pour-la-coupe-du-monde-2023\/","title":{"rendered":"Irlande : Les maillots du Tr\u00e8fle pour la Coupe du monde 2023"},"content":{"rendered":"<p align=\"justify\"><em><strong><a href=\"https:\/\/dicodusport.fr\/blog\/actualites\/rugby\/rugby-a-xv\/coupe-du-monde-de-rugby-2023\/\">COUPE DU MONDE DE RUGBY 2023<\/a> &#8211; L&rsquo;Irlande a d\u00e9voil\u00e9 son maillot pour la Coupe du monde de rugby 2023, qui aura lieu en France du 8 septembre au 28 octobre.<\/strong><\/em><\/p>\n<p style=\"text-align: justify;\">Encore une \u00e9quipe qui d\u00e9voile son maillot pour la <strong>Coupe du monde de rugby<\/strong>. C&rsquo;est au tour de l&rsquo;<strong>Irlande<\/strong>, une des nations favorites de la comp\u00e9tition, de d\u00e9voiler son maillot pour le tournoi. Un maillot vert classique, mais tr\u00e8s \u00e9dulcor\u00e9, qui fait moins de place \u00e0 l&rsquo;\u00e9quipementier (Canterbury), par rapport \u00e0 d&rsquo;autres nations. La seconde tenue sera, elle, tr\u00e8s blanche.<\/p>\n<p style=\"text-align: justify;\">Les Irlandais vont se retrouver dans un groupe avec les champions du monde en titre, l&rsquo;<strong>Afrique du Sud<\/strong>, mais aussi les <strong>redoutables \u00c9cossais<\/strong>, les <strong>Tonga<\/strong> et la <strong>Roumanie<\/strong>. Avec, en perspective, le fait de retrouver en quarts de finale soit la France, soit la Nouvelle-Z\u00e9lande<\/p>\n<blockquote class=\"twitter-tweet\">\n<p dir=\"ltr\" lang=\"en\">Go green this Autumn! \ud83d\udfe2<a href=\"https:\/\/twitter.com\/hashtag\/TeamOfUs?src=hash&amp;ref_src=twsrc%5Etfw\">#TeamOfUs<\/a><\/p>\n<p>\u2014 Irish Rugby (@IrishRugby) <a href=\"https:\/\/twitter.com\/IrishRugby\/status\/1681015913351643136?ref_src=twsrc%5Etfw\">July 17, 2023<\/a><\/p><\/blockquote>\n<p><script async src=\"https:\/\/platform.twitter.com\/widgets.js\" charset=\"utf-8\"><\/script><\/p>\n<ul>\n<li style=\"text-align: justify;\"><strong>\u00c0 lire aussi &#8211; <a href=\"https:\/\/dicodusport.fr\/blog\/les-maillots-de-la-coupe-du-monde-de-rugby-2023\/\">Les maillots de la Coupe du monde de rugby 2023<\/a><\/strong><\/li>\n<\/ul>\n","protected":false},"excerpt":{"rendered":"<p>COUPE DU MONDE DE RUGBY 2023 &#8211; L&rsquo;Irlande a d\u00e9voil\u00e9 son maillot pour la Coupe du monde de rugby 2023, qui aura lieu en France du 8 septembre au 28 octobre.<\/p>\n","protected":false},"author":83,"featured_media":400907,"comment_status":"open","ping_status":"closed","sticky":false,"template":"","format":"standard","meta":{"_acf_changed":false,"_daextam_enable_autolinks":"","footnotes":""},"categories":[47049,9129],"tags":[16878,1529,375,110],"class_list":["post-400897","post","type-post","status-publish","format-standard","has-post-thumbnail","hentry","category-coupe-du-monde-de-rugby","category-rugby-a-xv","tag-breve","tag-coupe-du-monde-de-rugby","tag-irlande","tag-rugby-a-xv"],"acf":[],"yoast_head":"<!-- This site is optimized with the Yoast SEO Premium plugin v26.7 (Yoast SEO v26.7) - https:\/\/yoast.com\/wordpress\/plugins\/seo\/ -->\n<title>Irlande : Les maillots du Tr\u00e8fle pour la Coupe du monde 2023<\/title>\n<meta name=\"description\" content=\"COUPE DU MONDE DE RUGBY 2023 - L&#039;Irlande a d\u00e9voil\u00e9 son maillot pour la Coupe du monde de rugby 2023. Un maillot classique.\" \/>\n<meta name=\"robots\" content=\"index, follow, max-snippet:-1, max-image-preview:large, max-video-preview:-1\" \/>\n<link rel=\"canonical\" href=\"https:\/\/dicodusport.fr\/blog\/irlande-les-maillots-du-trefle-pour-la-coupe-du-monde-2023\/\" \/>\n<meta property=\"og:locale\" content=\"fr_FR\" \/>\n<meta property=\"og:type\" content=\"article\" \/>\n<meta property=\"og:title\" content=\"Irlande : Les maillots du Tr\u00e8fle pour la Coupe du monde 2023\" \/>\n<meta property=\"og:description\" content=\"COUPE DU MONDE DE RUGBY 2023 - L&#039;Irlande a d\u00e9voil\u00e9 son maillot pour la Coupe du monde de rugby 2023. Un maillot classique.\" \/>\n<meta property=\"og:url\" content=\"https:\/\/dicodusport.fr\/blog\/irlande-les-maillots-du-trefle-pour-la-coupe-du-monde-2023\/\" \/>\n<meta property=\"og:site_name\" content=\"Dicodusport\" \/>\n<meta property=\"article:publisher\" content=\"https:\/\/www.facebook.com\/dicodusport\" \/>\n<meta property=\"article:published_time\" content=\"2023-07-18T07:47:25+00:00\" \/>\n<meta property=\"article:modified_time\" content=\"2023-07-25T17:48:09+00:00\" \/>\n<meta property=\"og:image\" content=\"https:\/\/dicodusport.fr\/blog\/wp-content\/uploads\/2023\/07\/Irlande-Les-maillots-du-Trefle-pour-la-Coupe-du-monde-2023-1.png\" \/>\n\t<meta property=\"og:image:width\" content=\"800\" \/>\n\t<meta property=\"og:image:height\" content=\"445\" \/>\n\t<meta property=\"og:image:type\" content=\"image\/png\" \/>\n<meta name=\"author\" content=\"Etienne Goursaud\" \/>\n<meta name=\"twitter:card\" content=\"summary_large_image\" \/>\n<meta name=\"twitter:title\" content=\"Irlande : Les maillots du Tr\u00e8fle pour la Coupe du monde 2023\" \/>\n<meta name=\"twitter:creator\" content=\"@dicodusport\" \/>\n<meta name=\"twitter:site\" content=\"@dicodusport\" \/>\n<script type=\"application\/ld+json\" class=\"yoast-schema-graph\">{\"@context\":\"https:\/\/schema.org\",\"@graph\":[{\"@type\":\"NewsArticle\",\"@id\":\"https:\/\/dicodusport.fr\/blog\/irlande-les-maillots-du-trefle-pour-la-coupe-du-monde-2023\/#article\",\"isPartOf\":{\"@id\":\"https:\/\/dicodusport.fr\/blog\/irlande-les-maillots-du-trefle-pour-la-coupe-du-monde-2023\/\"},\"author\":{\"name\":\"Etienne Goursaud\",\"@id\":\"https:\/\/dicodusport.fr\/blog\/#\/schema\/person\/d603dd7da31fb2b46c82b9835a77ec13\"},\"headline\":\"Irlande : Les maillots du Tr\u00e8fle pour la Coupe du monde 2023\",\"datePublished\":\"2023-07-18T07:47:25+00:00\",\"dateModified\":\"2023-07-25T17:48:09+00:00\",\"mainEntityOfPage\":{\"@id\":\"https:\/\/dicodusport.fr\/blog\/irlande-les-maillots-du-trefle-pour-la-coupe-du-monde-2023\/\"},\"wordCount\":175,\"commentCount\":0,\"publisher\":{\"@id\":\"https:\/\/dicodusport.fr\/blog\/#organization\"},\"image\":{\"@id\":\"https:\/\/dicodusport.fr\/blog\/irlande-les-maillots-du-trefle-pour-la-coupe-du-monde-2023\/#primaryimage\"},\"thumbnailUrl\":\"https:\/\/dicodusport.fr\/blog\/wp-content\/uploads\/2023\/07\/Irlande-Les-maillots-du-Trefle-pour-la-Coupe-du-monde-2023-1.png\",\"keywords\":[\"br\u00e8ve\",\"Coupe du monde de rugby\",\"Irlande\",\"Rugby \u00e0 XV\"],\"articleSection\":[\"Coupe du monde de rugby\",\"Rugby \u00e0 XV\"],\"inLanguage\":\"fr-FR\",\"potentialAction\":[{\"@type\":\"CommentAction\",\"name\":\"Comment\",\"target\":[\"https:\/\/dicodusport.fr\/blog\/irlande-les-maillots-du-trefle-pour-la-coupe-du-monde-2023\/#respond\"]}],\"copyrightYear\":\"2023\",\"copyrightHolder\":{\"@id\":\"https:\/\/dicodusport.fr\/blog\/#organization\"}},{\"@type\":\"WebPage\",\"@id\":\"https:\/\/dicodusport.fr\/blog\/irlande-les-maillots-du-trefle-pour-la-coupe-du-monde-2023\/\",\"url\":\"https:\/\/dicodusport.fr\/blog\/irlande-les-maillots-du-trefle-pour-la-coupe-du-monde-2023\/\",\"name\":\"Irlande : Les maillots du Tr\u00e8fle pour la Coupe du monde 2023\",\"isPartOf\":{\"@id\":\"https:\/\/dicodusport.fr\/blog\/#website\"},\"primaryImageOfPage\":{\"@id\":\"https:\/\/dicodusport.fr\/blog\/irlande-les-maillots-du-trefle-pour-la-coupe-du-monde-2023\/#primaryimage\"},\"image\":{\"@id\":\"https:\/\/dicodusport.fr\/blog\/irlande-les-maillots-du-trefle-pour-la-coupe-du-monde-2023\/#primaryimage\"},\"thumbnailUrl\":\"https:\/\/dicodusport.fr\/blog\/wp-content\/uploads\/2023\/07\/Irlande-Les-maillots-du-Trefle-pour-la-Coupe-du-monde-2023-1.png\",\"datePublished\":\"2023-07-18T07:47:25+00:00\",\"dateModified\":\"2023-07-25T17:48:09+00:00\",\"description\":\"COUPE DU MONDE DE RUGBY 2023 - L'Irlande a d\u00e9voil\u00e9 son maillot pour la Coupe du monde de rugby 2023. Un maillot classique.\",\"breadcrumb\":{\"@id\":\"https:\/\/dicodusport.fr\/blog\/irlande-les-maillots-du-trefle-pour-la-coupe-du-monde-2023\/#breadcrumb\"},\"inLanguage\":\"fr-FR\",\"potentialAction\":[{\"@type\":\"ReadAction\",\"target\":[\"https:\/\/dicodusport.fr\/blog\/irlande-les-maillots-du-trefle-pour-la-coupe-du-monde-2023\/\"]}]},{\"@type\":\"ImageObject\",\"inLanguage\":\"fr-FR\",\"@id\":\"https:\/\/dicodusport.fr\/blog\/irlande-les-maillots-du-trefle-pour-la-coupe-du-monde-2023\/#primaryimage\",\"url\":\"https:\/\/dicodusport.fr\/blog\/wp-content\/uploads\/2023\/07\/Irlande-Les-maillots-du-Trefle-pour-la-Coupe-du-monde-2023-1.png\",\"contentUrl\":\"https:\/\/dicodusport.fr\/blog\/wp-content\/uploads\/2023\/07\/Irlande-Les-maillots-du-Trefle-pour-la-Coupe-du-monde-2023-1.png\",\"width\":800,\"height\":445,\"caption\":\"Irlande Les maillots du Tr\u00e8fle pour la Coupe du monde 2023 (1)\"},{\"@type\":\"BreadcrumbList\",\"@id\":\"https:\/\/dicodusport.fr\/blog\/irlande-les-maillots-du-trefle-pour-la-coupe-du-monde-2023\/#breadcrumb\",\"itemListElement\":[{\"@type\":\"ListItem\",\"position\":1,\"name\":\"Accueil\",\"item\":\"https:\/\/dicodusport.fr\/blog\/\"},{\"@type\":\"ListItem\",\"position\":2,\"name\":\"Irlande : Les maillots du Tr\u00e8fle pour la Coupe du monde 2023\"}]},{\"@type\":\"WebSite\",\"@id\":\"https:\/\/dicodusport.fr\/blog\/#website\",\"url\":\"https:\/\/dicodusport.fr\/blog\/\",\"name\":\"Dicodusport\",\"description\":\"L&#039;encyclop\u00e9die de l&#039;actualit\u00e9 sportive\",\"publisher\":{\"@id\":\"https:\/\/dicodusport.fr\/blog\/#organization\"},\"potentialAction\":[{\"@type\":\"SearchAction\",\"target\":{\"@type\":\"EntryPoint\",\"urlTemplate\":\"https:\/\/dicodusport.fr\/blog\/?s={search_term_string}\"},\"query-input\":{\"@type\":\"PropertyValueSpecification\",\"valueRequired\":true,\"valueName\":\"search_term_string\"}}],\"inLanguage\":\"fr-FR\"},{\"@type\":\"NewsMediaOrganization\",\"@id\":\"https:\/\/dicodusport.fr\/blog\/#organization\",\"name\":\"Dicodusport\",\"url\":\"https:\/\/dicodusport.fr\/blog\/\",\"logo\":{\"@type\":\"ImageObject\",\"inLanguage\":\"fr-FR\",\"@id\":\"https:\/\/dicodusport.fr\/blog\/#\/schema\/logo\/image\/\",\"url\":\"https:\/\/dicodusport.fr\/blog\/wp-content\/uploads\/2020\/06\/cropped-LOGO-DICODUSPORT-2020-SANS-FOND-SANS-TEXTE.png\",\"contentUrl\":\"https:\/\/dicodusport.fr\/blog\/wp-content\/uploads\/2020\/06\/cropped-LOGO-DICODUSPORT-2020-SANS-FOND-SANS-TEXTE.png\",\"width\":512,\"height\":512,\"caption\":\"Dicodusport\"},\"image\":{\"@id\":\"https:\/\/dicodusport.fr\/blog\/#\/schema\/logo\/image\/\"},\"sameAs\":[\"https:\/\/www.facebook.com\/dicodusport\",\"https:\/\/x.com\/dicodusport\",\"https:\/\/www.instagram.com\/dicodusport\/\",\"https:\/\/www.youtube.com\/channel\/UC7V2KZ5sd3htJivAbA4ZG3w\"],\"description\":\"Dicodusport est l'encyclop\u00e9die de l'actualit\u00e9 sportive.\",\"email\":\"bonjour@dicodusport.fr\",\"legalName\":\"DICODUSPORT\",\"foundingDate\":\"2018-01-14\",\"vatID\":\"FR71834470973\",\"taxID\":\"83447097300043\",\"numberOfEmployees\":{\"@type\":\"QuantitativeValue\",\"minValue\":\"1\",\"maxValue\":\"10\"}},{\"@type\":\"Person\",\"@id\":\"https:\/\/dicodusport.fr\/blog\/#\/schema\/person\/d603dd7da31fb2b46c82b9835a77ec13\",\"name\":\"Etienne Goursaud\",\"image\":{\"@type\":\"ImageObject\",\"inLanguage\":\"fr-FR\",\"@id\":\"https:\/\/dicodusport.fr\/blog\/#\/schema\/person\/image\/\",\"url\":\"https:\/\/dicodusport.fr\/blog\/wp-content\/uploads\/2023\/12\/410122264_10231602061736049_5565839791558026645_n-150x150.jpg\",\"contentUrl\":\"https:\/\/dicodusport.fr\/blog\/wp-content\/uploads\/2023\/12\/410122264_10231602061736049_5565839791558026645_n-150x150.jpg\",\"caption\":\"Etienne Goursaud\"},\"description\":\"Journaliste et amoureux de sport. Ancien footballeur reconverti athl\u00e8te quand ses muscles le laissent tranquille. \u00c9lev\u00e9 \u00e0 la sauce des exploits de Thomas Voeckler en 2004, du dernier essai de l\u00e9gende de Eunice Barber \u00e0 la longueur lors des championnats du monde d'athl\u00e9tisme de 2003 mais aussi Zidane, Omeyer et Titou Lamaison.\",\"url\":\"https:\/\/dicodusport.fr\/blog\/author\/etienne-goursaud\/\"}]}<\/script>\n<!-- \/ Yoast SEO Premium plugin. -->","yoast_head_json":{"title":"Irlande : Les maillots du Tr\u00e8fle pour la Coupe du monde 2023","description":"COUPE DU MONDE DE RUGBY 2023 - L'Irlande a d\u00e9voil\u00e9 son maillot pour la Coupe du monde de rugby 2023. Un maillot classique.","robots":{"index":"index","follow":"follow","max-snippet":"max-snippet:-1","max-image-preview":"max-image-preview:large","max-video-preview":"max-video-preview:-1"},"canonical":"https:\/\/dicodusport.fr\/blog\/irlande-les-maillots-du-trefle-pour-la-coupe-du-monde-2023\/","og_locale":"fr_FR","og_type":"article","og_title":"Irlande : Les maillots du Tr\u00e8fle pour la Coupe du monde 2023","og_description":"COUPE DU MONDE DE RUGBY 2023 - L'Irlande a d\u00e9voil\u00e9 son maillot pour la Coupe du monde de rugby 2023. Un maillot classique.","og_url":"https:\/\/dicodusport.fr\/blog\/irlande-les-maillots-du-trefle-pour-la-coupe-du-monde-2023\/","og_site_name":"Dicodusport","article_publisher":"https:\/\/www.facebook.com\/dicodusport","article_published_time":"2023-07-18T07:47:25+00:00","article_modified_time":"2023-07-25T17:48:09+00:00","og_image":[{"width":800,"height":445,"url":"https:\/\/dicodusport.fr\/blog\/wp-content\/uploads\/2023\/07\/Irlande-Les-maillots-du-Trefle-pour-la-Coupe-du-monde-2023-1.png","type":"image\/png"}],"author":"Etienne Goursaud","twitter_card":"summary_large_image","twitter_title":"Irlande : Les maillots du Tr\u00e8fle pour la Coupe du monde 2023","twitter_creator":"@dicodusport","twitter_site":"@dicodusport","schema":{"@context":"https:\/\/schema.org","@graph":[{"@type":"NewsArticle","@id":"https:\/\/dicodusport.fr\/blog\/irlande-les-maillots-du-trefle-pour-la-coupe-du-monde-2023\/#article","isPartOf":{"@id":"https:\/\/dicodusport.fr\/blog\/irlande-les-maillots-du-trefle-pour-la-coupe-du-monde-2023\/"},"author":{"name":"Etienne Goursaud","@id":"https:\/\/dicodusport.fr\/blog\/#\/schema\/person\/d603dd7da31fb2b46c82b9835a77ec13"},"headline":"Irlande : Les maillots du Tr\u00e8fle pour la Coupe du monde 2023","datePublished":"2023-07-18T07:47:25+00:00","dateModified":"2023-07-25T17:48:09+00:00","mainEntityOfPage":{"@id":"https:\/\/dicodusport.fr\/blog\/irlande-les-maillots-du-trefle-pour-la-coupe-du-monde-2023\/"},"wordCount":175,"commentCount":0,"publisher":{"@id":"https:\/\/dicodusport.fr\/blog\/#organization"},"image":{"@id":"https:\/\/dicodusport.fr\/blog\/irlande-les-maillots-du-trefle-pour-la-coupe-du-monde-2023\/#primaryimage"},"thumbnailUrl":"https:\/\/dicodusport.fr\/blog\/wp-content\/uploads\/2023\/07\/Irlande-Les-maillots-du-Trefle-pour-la-Coupe-du-monde-2023-1.png","keywords":["br\u00e8ve","Coupe du monde de rugby","Irlande","Rugby \u00e0 XV"],"articleSection":["Coupe du monde de rugby","Rugby \u00e0 XV"],"inLanguage":"fr-FR","potentialAction":[{"@type":"CommentAction","name":"Comment","target":["https:\/\/dicodusport.fr\/blog\/irlande-les-maillots-du-trefle-pour-la-coupe-du-monde-2023\/#respond"]}],"copyrightYear":"2023","copyrightHolder":{"@id":"https:\/\/dicodusport.fr\/blog\/#organization"}},{"@type":"WebPage","@id":"https:\/\/dicodusport.fr\/blog\/irlande-les-maillots-du-trefle-pour-la-coupe-du-monde-2023\/","url":"https:\/\/dicodusport.fr\/blog\/irlande-les-maillots-du-trefle-pour-la-coupe-du-monde-2023\/","name":"Irlande : Les maillots du Tr\u00e8fle pour la Coupe du monde 2023","isPartOf":{"@id":"https:\/\/dicodusport.fr\/blog\/#website"},"primaryImageOfPage":{"@id":"https:\/\/dicodusport.fr\/blog\/irlande-les-maillots-du-trefle-pour-la-coupe-du-monde-2023\/#primaryimage"},"image":{"@id":"https:\/\/dicodusport.fr\/blog\/irlande-les-maillots-du-trefle-pour-la-coupe-du-monde-2023\/#primaryimage"},"thumbnailUrl":"https:\/\/dicodusport.fr\/blog\/wp-content\/uploads\/2023\/07\/Irlande-Les-maillots-du-Trefle-pour-la-Coupe-du-monde-2023-1.png","datePublished":"2023-07-18T07:47:25+00:00","dateModified":"2023-07-25T17:48:09+00:00","description":"COUPE DU MONDE DE RUGBY 2023 - L'Irlande a d\u00e9voil\u00e9 son maillot pour la Coupe du monde de rugby 2023. Un maillot classique.","breadcrumb":{"@id":"https:\/\/dicodusport.fr\/blog\/irlande-les-maillots-du-trefle-pour-la-coupe-du-monde-2023\/#breadcrumb"},"inLanguage":"fr-FR","potentialAction":[{"@type":"ReadAction","target":["https:\/\/dicodusport.fr\/blog\/irlande-les-maillots-du-trefle-pour-la-coupe-du-monde-2023\/"]}]},{"@type":"ImageObject","inLanguage":"fr-FR","@id":"https:\/\/dicodusport.fr\/blog\/irlande-les-maillots-du-trefle-pour-la-coupe-du-monde-2023\/#primaryimage","url":"https:\/\/dicodusport.fr\/blog\/wp-content\/uploads\/2023\/07\/Irlande-Les-maillots-du-Trefle-pour-la-Coupe-du-monde-2023-1.png","contentUrl":"https:\/\/dicodusport.fr\/blog\/wp-content\/uploads\/2023\/07\/Irlande-Les-maillots-du-Trefle-pour-la-Coupe-du-monde-2023-1.png","width":800,"height":445,"caption":"Irlande Les maillots du Tr\u00e8fle pour la Coupe du monde 2023 (1)"},{"@type":"BreadcrumbList","@id":"https:\/\/dicodusport.fr\/blog\/irlande-les-maillots-du-trefle-pour-la-coupe-du-monde-2023\/#breadcrumb","itemListElement":[{"@type":"ListItem","position":1,"name":"Accueil","item":"https:\/\/dicodusport.fr\/blog\/"},{"@type":"ListItem","position":2,"name":"Irlande : Les maillots du Tr\u00e8fle pour la Coupe du monde 2023"}]},{"@type":"WebSite","@id":"https:\/\/dicodusport.fr\/blog\/#website","url":"https:\/\/dicodusport.fr\/blog\/","name":"Dicodusport","description":"L&#039;encyclop\u00e9die de l&#039;actualit\u00e9 sportive","publisher":{"@id":"https:\/\/dicodusport.fr\/blog\/#organization"},"potentialAction":[{"@type":"SearchAction","target":{"@type":"EntryPoint","urlTemplate":"https:\/\/dicodusport.fr\/blog\/?s={search_term_string}"},"query-input":{"@type":"PropertyValueSpecification","valueRequired":true,"valueName":"search_term_string"}}],"inLanguage":"fr-FR"},{"@type":"NewsMediaOrganization","@id":"https:\/\/dicodusport.fr\/blog\/#organization","name":"Dicodusport","url":"https:\/\/dicodusport.fr\/blog\/","logo":{"@type":"ImageObject","inLanguage":"fr-FR","@id":"https:\/\/dicodusport.fr\/blog\/#\/schema\/logo\/image\/","url":"https:\/\/dicodusport.fr\/blog\/wp-content\/uploads\/2020\/06\/cropped-LOGO-DICODUSPORT-2020-SANS-FOND-SANS-TEXTE.png","contentUrl":"https:\/\/dicodusport.fr\/blog\/wp-content\/uploads\/2020\/06\/cropped-LOGO-DICODUSPORT-2020-SANS-FOND-SANS-TEXTE.png","width":512,"height":512,"caption":"Dicodusport"},"image":{"@id":"https:\/\/dicodusport.fr\/blog\/#\/schema\/logo\/image\/"},"sameAs":["https:\/\/www.facebook.com\/dicodusport","https:\/\/x.com\/dicodusport","https:\/\/www.instagram.com\/dicodusport\/","https:\/\/www.youtube.com\/channel\/UC7V2KZ5sd3htJivAbA4ZG3w"],"description":"Dicodusport est l'encyclop\u00e9die de l'actualit\u00e9 sportive.","email":"bonjour@dicodusport.fr","legalName":"DICODUSPORT","foundingDate":"2018-01-14","vatID":"FR71834470973","taxID":"83447097300043","numberOfEmployees":{"@type":"QuantitativeValue","minValue":"1","maxValue":"10"}},{"@type":"Person","@id":"https:\/\/dicodusport.fr\/blog\/#\/schema\/person\/d603dd7da31fb2b46c82b9835a77ec13","name":"Etienne Goursaud","image":{"@type":"ImageObject","inLanguage":"fr-FR","@id":"https:\/\/dicodusport.fr\/blog\/#\/schema\/person\/image\/","url":"https:\/\/dicodusport.fr\/blog\/wp-content\/uploads\/2023\/12\/410122264_10231602061736049_5565839791558026645_n-150x150.jpg","contentUrl":"https:\/\/dicodusport.fr\/blog\/wp-content\/uploads\/2023\/12\/410122264_10231602061736049_5565839791558026645_n-150x150.jpg","caption":"Etienne Goursaud"},"description":"Journaliste et amoureux de sport. Ancien footballeur reconverti athl\u00e8te quand ses muscles le laissent tranquille. \u00c9lev\u00e9 \u00e0 la sauce des exploits de Thomas Voeckler en 2004, du dernier essai de l\u00e9gende de Eunice Barber \u00e0 la longueur lors des championnats du monde d'athl\u00e9tisme de 2003 mais aussi Zidane, Omeyer et Titou Lamaison.","url":"https:\/\/dicodusport.fr\/blog\/author\/etienne-goursaud\/"}]}},"_links":{"self":[{"href":"https:\/\/dicodusport.fr\/blog\/wp-json\/wp\/v2\/posts\/400897","targetHints":{"allow":["GET"]}}],"collection":[{"href":"https:\/\/dicodusport.fr\/blog\/wp-json\/wp\/v2\/posts"}],"about":[{"href":"https:\/\/dicodusport.fr\/blog\/wp-json\/wp\/v2\/types\/post"}],"author":[{"embeddable":true,"href":"https:\/\/dicodusport.fr\/blog\/wp-json\/wp\/v2\/users\/83"}],"replies":[{"embeddable":true,"href":"https:\/\/dicodusport.fr\/blog\/wp-json\/wp\/v2\/comments?post=400897"}],"version-history":[{"count":0,"href":"https:\/\/dicodusport.fr\/blog\/wp-json\/wp\/v2\/posts\/400897\/revisions"}],"wp:featuredmedia":[{"embeddable":true,"href":"https:\/\/dicodusport.fr\/blog\/wp-json\/wp\/v2\/media\/400907"}],"wp:attachment":[{"href":"https:\/\/dicodusport.fr\/blog\/wp-json\/wp\/v2\/media?parent=400897"}],"wp:term":[{"taxonomy":"category","embeddable":true,"href":"https:\/\/dicodusport.fr\/blog\/wp-json\/wp\/v2\/categories?post=400897"},{"taxonomy":"post_tag","embeddable":true,"href":"https:\/\/dicodusport.fr\/blog\/wp-json\/wp\/v2\/tags?post=400897"}],"curies":[{"name":"wp","href":"https:\/\/api.w.org\/{rel}","templated":true}]}}