{"id":401028,"date":"2023-07-19T16:09:30","date_gmt":"2023-07-19T14:09:30","guid":{"rendered":"https:\/\/dicodusport.fr\/blog\/?p=401028"},"modified":"2023-07-19T16:09:30","modified_gmt":"2023-07-19T14:09:30","slug":"championnats-deurope-de-roller-course-14-medailles-pour-les-bleus-apres-la-premiere-journee","status":"publish","type":"post","link":"https:\/\/dicodusport.fr\/blog\/championnats-deurope-de-roller-course-14-medailles-pour-les-bleus-apres-la-premiere-journee\/","title":{"rendered":"Championnats d&rsquo;Europe de roller course : 14 m\u00e9dailles pour les Bleus apr\u00e8s la premi\u00e8re journ\u00e9e"},"content":{"rendered":"<p style=\"text-align: justify;\"><strong><em>CHAMPIONNATS D&rsquo;EUROPE DE ROLLER COURSE &#8211; Depuis lundi, les championnats continentaux de roller vitesse ont d\u00e9but\u00e9 \u00e0 Valence d&rsquo;Agen. \u00c0 domicile, les Bleus ont brill\u00e9 en d\u00e9crochant 14 m\u00e9dailles d\u00e8s la premi\u00e8re journ\u00e9e dont 5 en or.<\/em><\/strong><\/p>\n<h2 style=\"text-align: justify;\">Des d\u00e9buts tonitruants sur 200 m\u00e8tres<\/h2>\n<p style=\"text-align: justify;\">Ils n&rsquo;ont pas fait dans la demi-mesure.\u00a0 Les rolleurs tricolores ont litt\u00e9ralement domin\u00e9 la concurrence sur les premi\u00e8res \u00e9preuves au programme, le 200 m\u00e8tres et la course \u00e0 l&rsquo;\u00e9limination. Sur le 200 m\u00e8tres s\u00e9niors tout d&rsquo;abord, <strong>Mathilde Pedronno<\/strong> a pris sa revanche. Vice-championne d&rsquo;Europe en titre en Italie l&rsquo;an pass\u00e9, elle a cette fois \u00e9chang\u00e9 sa place avec la Transalpine <strong>Asja Varani<\/strong> pour conqu\u00e9rir la m\u00e9daille d&rsquo;or en 19.636 contre 19.708. Une victoire n&rsquo;arrivant jamais seule, <strong>Loubna Benkanoun<\/strong> accompagne sa compatriote sur le podium en prenant la m\u00e9daille de bronze. Lui aussi gagne une place par rapport \u00e0 l&rsquo;an dernier, <strong>Yvan Sivilier<\/strong> s&rsquo;est adjug\u00e9 la m\u00e9daille d&rsquo;argent de la m\u00eame \u00e9preuve au terme d&rsquo;une finale qu&rsquo;il a d\u00fb recourir. Il est seulement devanc\u00e9 par l&rsquo;Italien <strong>Duccio Marsili<\/strong>, 11 centi\u00e8mes plus rapide.<\/p>\n<h2 style=\"text-align: justify;\">M\u00eame chose sur la course \u00e0 l&rsquo;\u00e9limination<\/h2>\n<p style=\"text-align: justify;\">Place d\u00e9sormais aux r\u00e9sultats de la course \u00e0 l&rsquo;\u00e9limination o\u00f9 les Bleus ont \u00e9bloui dans toutes les cat\u00e9gories d&rsquo;\u00e2ge. Chez les jeunes filles, <strong>Ma\u00efwenn Julou<\/strong> a donn\u00e9 une le\u00e7on \u00e0 toutes ses concurrentes. Alors qu&rsquo;elles ne sont plus que 3 sur 27 engag\u00e9es, Julou l&#8217;emporte avec plus de deux secondes d&rsquo;avance sur <strong>Jade Le Coq<\/strong>, une autre Fran\u00e7aise, laissant le bronze pour <strong>Elisa Folli<\/strong>, l&rsquo;Italienne. Comme souvent, le roller vitesse se r\u00e9sume \u00e0 un duel franco-italien au niveau europ\u00e9en. La course \u00e0 l&rsquo;\u00e9limination jeunes chez les gar\u00e7ons en est un parfait exemple. Dans le trio restant se jouant les m\u00e9dailles, \u00e9taient pr\u00e9sents le Fran\u00e7ais <strong>Tristan Faron<\/strong> contre deux Italiens, <strong>Gioele Citterio<\/strong> et <strong>Giorgio Ghisio Erba<\/strong>. C&rsquo;est finalement ce dernier qui remporte l&rsquo;or en devan\u00e7ant notre Bleu pour sept centi\u00e8mes. Au pied du podium, on retrouve <strong>Vincent Lambert<\/strong> pour la France devant l&rsquo;Italien Maiorca et un autre Fran\u00e7ais, <strong>Ewan Cheron<\/strong>.<\/p>\n<p style=\"text-align: justify;\">En juniors, C&rsquo;est <strong>Aubane Plouhinec<\/strong> qui remporte le titre europ\u00e9en en dominant ses deux derni\u00e8res adversaires de plus de deux secondes. Pendant ce temps, ses camarades masculins signent un joli doubl\u00e9, 2 et 3, gr\u00e2ce \u00e0 <strong>Quentin Poujol<\/strong> et <strong>Alexis Bodeven<\/strong>,devanc\u00e9s par le Tch\u00e8que <strong>Metodej Jilek<\/strong>. Pour terminer, les s\u00e9niors ont \u00e9cras\u00e9 la concurrence en s&rsquo;octroyant 5 des 6 m\u00e9dailles !<\/p>\n<p style=\"text-align: justify;\">Les filles r\u00e9alisent un splendide tripl\u00e9 comme l&rsquo;an pass\u00e9 et c&rsquo;est <strong>Marine Lefeuvre<\/strong>, 3\u00e8me en 2022, qui devient championne d&rsquo;Europe du 10 000 m\u00e8tres \u00e9limination. Elle bat la championne en titre <strong>Alison Bernardi<\/strong> et <strong>Marie Dupuy<\/strong>. Les hommes ne sont pas pass\u00e9s loin de r\u00e9aliser pareille performance. Au pied du podium, <strong>Victor Aerts<\/strong> a bien failli accompagner ses co\u00e9quipiers <strong>Timothy Loubineaud<\/strong> en or et <strong>Nolan Beddiaf<\/strong> en argent. Seul l&rsquo;Italien <strong>Giuseppe Bramante<\/strong> est parvenu \u00e0 s&rsquo;int\u00e9grer dans la patrouille de France pour prendre le bronze.<\/p>\n<p><iframe loading=\"lazy\" style=\"border: none; overflow: hidden;\" src=\"https:\/\/www.facebook.com\/plugins\/post.php?href=https%3A%2F%2Fwww.facebook.com%2Fedfrollerskateboard%2Fposts%2Fpfbid0fiYk2c334Rt5SRFzye45DbmBxwBLjAEqYYpLELhm5bsUhLMEUbVmvKBL9zCw13mkl&amp;show_text=true&amp;width=500\" width=\"500\" height=\"747\" frameborder=\"0\" scrolling=\"no\" allowfullscreen=\"allowfullscreen\"><\/iframe><\/p>\n","protected":false},"excerpt":{"rendered":"<p>CHAMPIONNATS D&rsquo;EUROPE DE ROLLER COURSE &#8211; Depuis lundi, les championnats continentaux de roller vitesse ont d\u00e9but\u00e9 \u00e0 Valence d&rsquo;Agen. \u00c0 domicile, les Bleus ont brill\u00e9 en d\u00e9crochant 14 m\u00e9dailles d\u00e8s la premi\u00e8re journ\u00e9e dont 5 en or.<\/p>\n","protected":false},"author":43,"featured_media":401235,"comment_status":"open","ping_status":"closed","sticky":false,"template":"","format":"standard","meta":{"_acf_changed":false,"_daextam_enable_autolinks":"","footnotes":""},"categories":[20313],"tags":[16878,4799,253,20358],"class_list":["post-401028","post","type-post","status-publish","format-standard","has-post-thumbnail","hentry","category-roller","tag-breve","tag-championnats-deurope","tag-roller","tag-roller-course"],"acf":[],"yoast_head":"<!-- This site is optimized with the Yoast SEO Premium plugin v26.7 (Yoast SEO v26.7) - https:\/\/yoast.com\/wordpress\/plugins\/seo\/ -->\n<title>Championnats d&#039;Europe de roller course : 14 m\u00e9dailles pour les Bleus apr\u00e8s la premi\u00e8re journ\u00e9e<\/title>\n<meta name=\"description\" content=\"CHAMPIONNATS D&#039;EUROPE DE ROLLER COURSE - Depuis lundi, les championnats continentaux de roller vitesse ont d\u00e9but\u00e9 \u00e0 Valence d&#039;Agen.\" \/>\n<meta name=\"robots\" content=\"index, follow, max-snippet:-1, max-image-preview:large, max-video-preview:-1\" \/>\n<link rel=\"canonical\" href=\"https:\/\/dicodusport.fr\/blog\/championnats-deurope-de-roller-course-14-medailles-pour-les-bleus-apres-la-premiere-journee\/\" \/>\n<meta property=\"og:locale\" content=\"fr_FR\" \/>\n<meta property=\"og:type\" content=\"article\" \/>\n<meta property=\"og:title\" content=\"Championnats d&#039;Europe de roller course : 14 m\u00e9dailles pour les Bleus apr\u00e8s la premi\u00e8re journ\u00e9e\" \/>\n<meta property=\"og:description\" content=\"CHAMPIONNATS D&#039;EUROPE DE ROLLER COURSE - Depuis lundi, les championnats continentaux de roller vitesse ont d\u00e9but\u00e9 \u00e0 Valence d&#039;Agen.\" \/>\n<meta property=\"og:url\" content=\"https:\/\/dicodusport.fr\/blog\/championnats-deurope-de-roller-course-14-medailles-pour-les-bleus-apres-la-premiere-journee\/\" \/>\n<meta property=\"og:site_name\" content=\"Dicodusport\" \/>\n<meta property=\"article:publisher\" content=\"https:\/\/www.facebook.com\/dicodusport\" \/>\n<meta property=\"article:author\" content=\"https:\/\/www.facebook.com\/Max.Bld2\/\" \/>\n<meta property=\"article:published_time\" content=\"2023-07-19T14:09:30+00:00\" \/>\n<meta property=\"og:image\" content=\"https:\/\/dicodusport.fr\/blog\/wp-content\/uploads\/2023\/07\/Championnats-dEurope-de-roller-course-14-medailles-pour-les-Bleus-apres-la-premiere-journee.png\" \/>\n\t<meta property=\"og:image:width\" content=\"800\" \/>\n\t<meta property=\"og:image:height\" content=\"445\" \/>\n\t<meta property=\"og:image:type\" content=\"image\/png\" \/>\n<meta name=\"author\" content=\"Maxime Boulard\" \/>\n<meta name=\"twitter:card\" content=\"summary_large_image\" \/>\n<meta name=\"twitter:title\" content=\"Championnats d&#039;Europe de roller course : 14 m\u00e9dailles pour les Bleus apr\u00e8s la premi\u00e8re journ\u00e9e\" \/>\n<meta name=\"twitter:creator\" content=\"@https:\/\/twitter.com\/MaximeB_2\" \/>\n<meta name=\"twitter:site\" content=\"@dicodusport\" \/>\n<script type=\"application\/ld+json\" class=\"yoast-schema-graph\">{\"@context\":\"https:\/\/schema.org\",\"@graph\":[{\"@type\":\"NewsArticle\",\"@id\":\"https:\/\/dicodusport.fr\/blog\/championnats-deurope-de-roller-course-14-medailles-pour-les-bleus-apres-la-premiere-journee\/#article\",\"isPartOf\":{\"@id\":\"https:\/\/dicodusport.fr\/blog\/championnats-deurope-de-roller-course-14-medailles-pour-les-bleus-apres-la-premiere-journee\/\"},\"author\":{\"name\":\"Maxime Boulard\",\"@id\":\"https:\/\/dicodusport.fr\/blog\/#\/schema\/person\/5aab10ee856e86ac63e9819a9da34784\"},\"headline\":\"Championnats d&rsquo;Europe de roller course : 14 m\u00e9dailles pour les Bleus apr\u00e8s la premi\u00e8re journ\u00e9e\",\"datePublished\":\"2023-07-19T14:09:30+00:00\",\"mainEntityOfPage\":{\"@id\":\"https:\/\/dicodusport.fr\/blog\/championnats-deurope-de-roller-course-14-medailles-pour-les-bleus-apres-la-premiere-journee\/\"},\"wordCount\":548,\"commentCount\":0,\"publisher\":{\"@id\":\"https:\/\/dicodusport.fr\/blog\/#organization\"},\"image\":{\"@id\":\"https:\/\/dicodusport.fr\/blog\/championnats-deurope-de-roller-course-14-medailles-pour-les-bleus-apres-la-premiere-journee\/#primaryimage\"},\"thumbnailUrl\":\"https:\/\/dicodusport.fr\/blog\/wp-content\/uploads\/2023\/07\/Championnats-dEurope-de-roller-course-14-medailles-pour-les-Bleus-apres-la-premiere-journee.png\",\"keywords\":[\"br\u00e8ve\",\"Championnats d'Europe\",\"roller\",\"Roller course\"],\"articleSection\":[\"Roller\"],\"inLanguage\":\"fr-FR\",\"potentialAction\":[{\"@type\":\"CommentAction\",\"name\":\"Comment\",\"target\":[\"https:\/\/dicodusport.fr\/blog\/championnats-deurope-de-roller-course-14-medailles-pour-les-bleus-apres-la-premiere-journee\/#respond\"]}],\"copyrightYear\":\"2023\",\"copyrightHolder\":{\"@id\":\"https:\/\/dicodusport.fr\/blog\/#organization\"}},{\"@type\":\"WebPage\",\"@id\":\"https:\/\/dicodusport.fr\/blog\/championnats-deurope-de-roller-course-14-medailles-pour-les-bleus-apres-la-premiere-journee\/\",\"url\":\"https:\/\/dicodusport.fr\/blog\/championnats-deurope-de-roller-course-14-medailles-pour-les-bleus-apres-la-premiere-journee\/\",\"name\":\"Championnats d'Europe de roller course : 14 m\u00e9dailles pour les Bleus apr\u00e8s la premi\u00e8re journ\u00e9e\",\"isPartOf\":{\"@id\":\"https:\/\/dicodusport.fr\/blog\/#website\"},\"primaryImageOfPage\":{\"@id\":\"https:\/\/dicodusport.fr\/blog\/championnats-deurope-de-roller-course-14-medailles-pour-les-bleus-apres-la-premiere-journee\/#primaryimage\"},\"image\":{\"@id\":\"https:\/\/dicodusport.fr\/blog\/championnats-deurope-de-roller-course-14-medailles-pour-les-bleus-apres-la-premiere-journee\/#primaryimage\"},\"thumbnailUrl\":\"https:\/\/dicodusport.fr\/blog\/wp-content\/uploads\/2023\/07\/Championnats-dEurope-de-roller-course-14-medailles-pour-les-Bleus-apres-la-premiere-journee.png\",\"datePublished\":\"2023-07-19T14:09:30+00:00\",\"description\":\"CHAMPIONNATS D'EUROPE DE ROLLER COURSE - Depuis lundi, les championnats continentaux de roller vitesse ont d\u00e9but\u00e9 \u00e0 Valence d'Agen.\",\"breadcrumb\":{\"@id\":\"https:\/\/dicodusport.fr\/blog\/championnats-deurope-de-roller-course-14-medailles-pour-les-bleus-apres-la-premiere-journee\/#breadcrumb\"},\"inLanguage\":\"fr-FR\",\"potentialAction\":[{\"@type\":\"ReadAction\",\"target\":[\"https:\/\/dicodusport.fr\/blog\/championnats-deurope-de-roller-course-14-medailles-pour-les-bleus-apres-la-premiere-journee\/\"]}]},{\"@type\":\"ImageObject\",\"inLanguage\":\"fr-FR\",\"@id\":\"https:\/\/dicodusport.fr\/blog\/championnats-deurope-de-roller-course-14-medailles-pour-les-bleus-apres-la-premiere-journee\/#primaryimage\",\"url\":\"https:\/\/dicodusport.fr\/blog\/wp-content\/uploads\/2023\/07\/Championnats-dEurope-de-roller-course-14-medailles-pour-les-Bleus-apres-la-premiere-journee.png\",\"contentUrl\":\"https:\/\/dicodusport.fr\/blog\/wp-content\/uploads\/2023\/07\/Championnats-dEurope-de-roller-course-14-medailles-pour-les-Bleus-apres-la-premiere-journee.png\",\"width\":800,\"height\":445,\"caption\":\"Championnats d'Europe de roller course 14 m\u00e9dailles pour les Bleus apr\u00e8s la premi\u00e8re journ\u00e9e\"},{\"@type\":\"BreadcrumbList\",\"@id\":\"https:\/\/dicodusport.fr\/blog\/championnats-deurope-de-roller-course-14-medailles-pour-les-bleus-apres-la-premiere-journee\/#breadcrumb\",\"itemListElement\":[{\"@type\":\"ListItem\",\"position\":1,\"name\":\"Accueil\",\"item\":\"https:\/\/dicodusport.fr\/blog\/\"},{\"@type\":\"ListItem\",\"position\":2,\"name\":\"Championnats d&rsquo;Europe de roller course : 14 m\u00e9dailles pour les Bleus apr\u00e8s la premi\u00e8re journ\u00e9e\"}]},{\"@type\":\"WebSite\",\"@id\":\"https:\/\/dicodusport.fr\/blog\/#website\",\"url\":\"https:\/\/dicodusport.fr\/blog\/\",\"name\":\"Dicodusport\",\"description\":\"L&#039;encyclop\u00e9die de l&#039;actualit\u00e9 sportive\",\"publisher\":{\"@id\":\"https:\/\/dicodusport.fr\/blog\/#organization\"},\"potentialAction\":[{\"@type\":\"SearchAction\",\"target\":{\"@type\":\"EntryPoint\",\"urlTemplate\":\"https:\/\/dicodusport.fr\/blog\/?s={search_term_string}\"},\"query-input\":{\"@type\":\"PropertyValueSpecification\",\"valueRequired\":true,\"valueName\":\"search_term_string\"}}],\"inLanguage\":\"fr-FR\"},{\"@type\":\"NewsMediaOrganization\",\"@id\":\"https:\/\/dicodusport.fr\/blog\/#organization\",\"name\":\"Dicodusport\",\"url\":\"https:\/\/dicodusport.fr\/blog\/\",\"logo\":{\"@type\":\"ImageObject\",\"inLanguage\":\"fr-FR\",\"@id\":\"https:\/\/dicodusport.fr\/blog\/#\/schema\/logo\/image\/\",\"url\":\"https:\/\/dicodusport.fr\/blog\/wp-content\/uploads\/2020\/06\/cropped-LOGO-DICODUSPORT-2020-SANS-FOND-SANS-TEXTE.png\",\"contentUrl\":\"https:\/\/dicodusport.fr\/blog\/wp-content\/uploads\/2020\/06\/cropped-LOGO-DICODUSPORT-2020-SANS-FOND-SANS-TEXTE.png\",\"width\":512,\"height\":512,\"caption\":\"Dicodusport\"},\"image\":{\"@id\":\"https:\/\/dicodusport.fr\/blog\/#\/schema\/logo\/image\/\"},\"sameAs\":[\"https:\/\/www.facebook.com\/dicodusport\",\"https:\/\/x.com\/dicodusport\",\"https:\/\/www.instagram.com\/dicodusport\/\",\"https:\/\/www.youtube.com\/channel\/UC7V2KZ5sd3htJivAbA4ZG3w\"],\"description\":\"Dicodusport est l'encyclop\u00e9die de l'actualit\u00e9 sportive.\",\"email\":\"bonjour@dicodusport.fr\",\"legalName\":\"DICODUSPORT\",\"foundingDate\":\"2018-01-14\",\"vatID\":\"FR71834470973\",\"taxID\":\"83447097300043\",\"numberOfEmployees\":{\"@type\":\"QuantitativeValue\",\"minValue\":\"1\",\"maxValue\":\"10\"}},{\"@type\":\"Person\",\"@id\":\"https:\/\/dicodusport.fr\/blog\/#\/schema\/person\/5aab10ee856e86ac63e9819a9da34784\",\"name\":\"Maxime Boulard\",\"image\":{\"@type\":\"ImageObject\",\"inLanguage\":\"fr-FR\",\"@id\":\"https:\/\/dicodusport.fr\/blog\/#\/schema\/person\/image\/\",\"url\":\"https:\/\/dicodusport.fr\/blog\/wp-content\/uploads\/2021\/05\/Maxime-Boulard-150x150.jpg\",\"contentUrl\":\"https:\/\/dicodusport.fr\/blog\/wp-content\/uploads\/2021\/05\/Maxime-Boulard-150x150.jpg\",\"caption\":\"Maxime Boulard\"},\"description\":\"Journaliste\/r\u00e9dacteur depuis octobre 2020 - Si mon plus vieux souvenir de sport aurait pu m'en d\u00e9go\u00fbter, la finale de la Coupe du monde 2006 a \u00e9t\u00e9 tout le contraire. V\u00e9ritable d\u00e9clencheur d'une passion qui aujourd'hui ne fait que grandir avec le temps, mon leitmotiv est la France qui brille ! Je relate les exploits pass\u00e9s et pr\u00e9sents du sport bleu-blanc-rouge sans m\u00e9nagement depuis octobre 2020. Sport valide ou handisport, aucune diff\u00e9rence, il n'y a que du sport et plusieurs fa\u00e7ons de le pratiquer.\",\"sameAs\":[\"https:\/\/www.facebook.com\/Max.Bld2\/\",\"https:\/\/x.com\/https:\/\/twitter.com\/MaximeB_2\"],\"url\":\"https:\/\/dicodusport.fr\/blog\/author\/maxime-b\/\"}]}<\/script>\n<!-- \/ Yoast SEO Premium plugin. -->","yoast_head_json":{"title":"Championnats d'Europe de roller course : 14 m\u00e9dailles pour les Bleus apr\u00e8s la premi\u00e8re journ\u00e9e","description":"CHAMPIONNATS D'EUROPE DE ROLLER COURSE - Depuis lundi, les championnats continentaux de roller vitesse ont d\u00e9but\u00e9 \u00e0 Valence d'Agen.","robots":{"index":"index","follow":"follow","max-snippet":"max-snippet:-1","max-image-preview":"max-image-preview:large","max-video-preview":"max-video-preview:-1"},"canonical":"https:\/\/dicodusport.fr\/blog\/championnats-deurope-de-roller-course-14-medailles-pour-les-bleus-apres-la-premiere-journee\/","og_locale":"fr_FR","og_type":"article","og_title":"Championnats d'Europe de roller course : 14 m\u00e9dailles pour les Bleus apr\u00e8s la premi\u00e8re journ\u00e9e","og_description":"CHAMPIONNATS D'EUROPE DE ROLLER COURSE - Depuis lundi, les championnats continentaux de roller vitesse ont d\u00e9but\u00e9 \u00e0 Valence d'Agen.","og_url":"https:\/\/dicodusport.fr\/blog\/championnats-deurope-de-roller-course-14-medailles-pour-les-bleus-apres-la-premiere-journee\/","og_site_name":"Dicodusport","article_publisher":"https:\/\/www.facebook.com\/dicodusport","article_author":"https:\/\/www.facebook.com\/Max.Bld2\/","article_published_time":"2023-07-19T14:09:30+00:00","og_image":[{"width":800,"height":445,"url":"https:\/\/dicodusport.fr\/blog\/wp-content\/uploads\/2023\/07\/Championnats-dEurope-de-roller-course-14-medailles-pour-les-Bleus-apres-la-premiere-journee.png","type":"image\/png"}],"author":"Maxime Boulard","twitter_card":"summary_large_image","twitter_title":"Championnats d'Europe de roller course : 14 m\u00e9dailles pour les Bleus apr\u00e8s la premi\u00e8re journ\u00e9e","twitter_creator":"@https:\/\/twitter.com\/MaximeB_2","twitter_site":"@dicodusport","schema":{"@context":"https:\/\/schema.org","@graph":[{"@type":"NewsArticle","@id":"https:\/\/dicodusport.fr\/blog\/championnats-deurope-de-roller-course-14-medailles-pour-les-bleus-apres-la-premiere-journee\/#article","isPartOf":{"@id":"https:\/\/dicodusport.fr\/blog\/championnats-deurope-de-roller-course-14-medailles-pour-les-bleus-apres-la-premiere-journee\/"},"author":{"name":"Maxime Boulard","@id":"https:\/\/dicodusport.fr\/blog\/#\/schema\/person\/5aab10ee856e86ac63e9819a9da34784"},"headline":"Championnats d&rsquo;Europe de roller course : 14 m\u00e9dailles pour les Bleus apr\u00e8s la premi\u00e8re journ\u00e9e","datePublished":"2023-07-19T14:09:30+00:00","mainEntityOfPage":{"@id":"https:\/\/dicodusport.fr\/blog\/championnats-deurope-de-roller-course-14-medailles-pour-les-bleus-apres-la-premiere-journee\/"},"wordCount":548,"commentCount":0,"publisher":{"@id":"https:\/\/dicodusport.fr\/blog\/#organization"},"image":{"@id":"https:\/\/dicodusport.fr\/blog\/championnats-deurope-de-roller-course-14-medailles-pour-les-bleus-apres-la-premiere-journee\/#primaryimage"},"thumbnailUrl":"https:\/\/dicodusport.fr\/blog\/wp-content\/uploads\/2023\/07\/Championnats-dEurope-de-roller-course-14-medailles-pour-les-Bleus-apres-la-premiere-journee.png","keywords":["br\u00e8ve","Championnats d'Europe","roller","Roller course"],"articleSection":["Roller"],"inLanguage":"fr-FR","potentialAction":[{"@type":"CommentAction","name":"Comment","target":["https:\/\/dicodusport.fr\/blog\/championnats-deurope-de-roller-course-14-medailles-pour-les-bleus-apres-la-premiere-journee\/#respond"]}],"copyrightYear":"2023","copyrightHolder":{"@id":"https:\/\/dicodusport.fr\/blog\/#organization"}},{"@type":"WebPage","@id":"https:\/\/dicodusport.fr\/blog\/championnats-deurope-de-roller-course-14-medailles-pour-les-bleus-apres-la-premiere-journee\/","url":"https:\/\/dicodusport.fr\/blog\/championnats-deurope-de-roller-course-14-medailles-pour-les-bleus-apres-la-premiere-journee\/","name":"Championnats d'Europe de roller course : 14 m\u00e9dailles pour les Bleus apr\u00e8s la premi\u00e8re journ\u00e9e","isPartOf":{"@id":"https:\/\/dicodusport.fr\/blog\/#website"},"primaryImageOfPage":{"@id":"https:\/\/dicodusport.fr\/blog\/championnats-deurope-de-roller-course-14-medailles-pour-les-bleus-apres-la-premiere-journee\/#primaryimage"},"image":{"@id":"https:\/\/dicodusport.fr\/blog\/championnats-deurope-de-roller-course-14-medailles-pour-les-bleus-apres-la-premiere-journee\/#primaryimage"},"thumbnailUrl":"https:\/\/dicodusport.fr\/blog\/wp-content\/uploads\/2023\/07\/Championnats-dEurope-de-roller-course-14-medailles-pour-les-Bleus-apres-la-premiere-journee.png","datePublished":"2023-07-19T14:09:30+00:00","description":"CHAMPIONNATS D'EUROPE DE ROLLER COURSE - Depuis lundi, les championnats continentaux de roller vitesse ont d\u00e9but\u00e9 \u00e0 Valence d'Agen.","breadcrumb":{"@id":"https:\/\/dicodusport.fr\/blog\/championnats-deurope-de-roller-course-14-medailles-pour-les-bleus-apres-la-premiere-journee\/#breadcrumb"},"inLanguage":"fr-FR","potentialAction":[{"@type":"ReadAction","target":["https:\/\/dicodusport.fr\/blog\/championnats-deurope-de-roller-course-14-medailles-pour-les-bleus-apres-la-premiere-journee\/"]}]},{"@type":"ImageObject","inLanguage":"fr-FR","@id":"https:\/\/dicodusport.fr\/blog\/championnats-deurope-de-roller-course-14-medailles-pour-les-bleus-apres-la-premiere-journee\/#primaryimage","url":"https:\/\/dicodusport.fr\/blog\/wp-content\/uploads\/2023\/07\/Championnats-dEurope-de-roller-course-14-medailles-pour-les-Bleus-apres-la-premiere-journee.png","contentUrl":"https:\/\/dicodusport.fr\/blog\/wp-content\/uploads\/2023\/07\/Championnats-dEurope-de-roller-course-14-medailles-pour-les-Bleus-apres-la-premiere-journee.png","width":800,"height":445,"caption":"Championnats d'Europe de roller course 14 m\u00e9dailles pour les Bleus apr\u00e8s la premi\u00e8re journ\u00e9e"},{"@type":"BreadcrumbList","@id":"https:\/\/dicodusport.fr\/blog\/championnats-deurope-de-roller-course-14-medailles-pour-les-bleus-apres-la-premiere-journee\/#breadcrumb","itemListElement":[{"@type":"ListItem","position":1,"name":"Accueil","item":"https:\/\/dicodusport.fr\/blog\/"},{"@type":"ListItem","position":2,"name":"Championnats d&rsquo;Europe de roller course : 14 m\u00e9dailles pour les Bleus apr\u00e8s la premi\u00e8re journ\u00e9e"}]},{"@type":"WebSite","@id":"https:\/\/dicodusport.fr\/blog\/#website","url":"https:\/\/dicodusport.fr\/blog\/","name":"Dicodusport","description":"L&#039;encyclop\u00e9die de l&#039;actualit\u00e9 sportive","publisher":{"@id":"https:\/\/dicodusport.fr\/blog\/#organization"},"potentialAction":[{"@type":"SearchAction","target":{"@type":"EntryPoint","urlTemplate":"https:\/\/dicodusport.fr\/blog\/?s={search_term_string}"},"query-input":{"@type":"PropertyValueSpecification","valueRequired":true,"valueName":"search_term_string"}}],"inLanguage":"fr-FR"},{"@type":"NewsMediaOrganization","@id":"https:\/\/dicodusport.fr\/blog\/#organization","name":"Dicodusport","url":"https:\/\/dicodusport.fr\/blog\/","logo":{"@type":"ImageObject","inLanguage":"fr-FR","@id":"https:\/\/dicodusport.fr\/blog\/#\/schema\/logo\/image\/","url":"https:\/\/dicodusport.fr\/blog\/wp-content\/uploads\/2020\/06\/cropped-LOGO-DICODUSPORT-2020-SANS-FOND-SANS-TEXTE.png","contentUrl":"https:\/\/dicodusport.fr\/blog\/wp-content\/uploads\/2020\/06\/cropped-LOGO-DICODUSPORT-2020-SANS-FOND-SANS-TEXTE.png","width":512,"height":512,"caption":"Dicodusport"},"image":{"@id":"https:\/\/dicodusport.fr\/blog\/#\/schema\/logo\/image\/"},"sameAs":["https:\/\/www.facebook.com\/dicodusport","https:\/\/x.com\/dicodusport","https:\/\/www.instagram.com\/dicodusport\/","https:\/\/www.youtube.com\/channel\/UC7V2KZ5sd3htJivAbA4ZG3w"],"description":"Dicodusport est l'encyclop\u00e9die de l'actualit\u00e9 sportive.","email":"bonjour@dicodusport.fr","legalName":"DICODUSPORT","foundingDate":"2018-01-14","vatID":"FR71834470973","taxID":"83447097300043","numberOfEmployees":{"@type":"QuantitativeValue","minValue":"1","maxValue":"10"}},{"@type":"Person","@id":"https:\/\/dicodusport.fr\/blog\/#\/schema\/person\/5aab10ee856e86ac63e9819a9da34784","name":"Maxime Boulard","image":{"@type":"ImageObject","inLanguage":"fr-FR","@id":"https:\/\/dicodusport.fr\/blog\/#\/schema\/person\/image\/","url":"https:\/\/dicodusport.fr\/blog\/wp-content\/uploads\/2021\/05\/Maxime-Boulard-150x150.jpg","contentUrl":"https:\/\/dicodusport.fr\/blog\/wp-content\/uploads\/2021\/05\/Maxime-Boulard-150x150.jpg","caption":"Maxime Boulard"},"description":"Journaliste\/r\u00e9dacteur depuis octobre 2020 - Si mon plus vieux souvenir de sport aurait pu m'en d\u00e9go\u00fbter, la finale de la Coupe du monde 2006 a \u00e9t\u00e9 tout le contraire. V\u00e9ritable d\u00e9clencheur d'une passion qui aujourd'hui ne fait que grandir avec le temps, mon leitmotiv est la France qui brille ! Je relate les exploits pass\u00e9s et pr\u00e9sents du sport bleu-blanc-rouge sans m\u00e9nagement depuis octobre 2020. Sport valide ou handisport, aucune diff\u00e9rence, il n'y a que du sport et plusieurs fa\u00e7ons de le pratiquer.","sameAs":["https:\/\/www.facebook.com\/Max.Bld2\/","https:\/\/x.com\/https:\/\/twitter.com\/MaximeB_2"],"url":"https:\/\/dicodusport.fr\/blog\/author\/maxime-b\/"}]}},"_links":{"self":[{"href":"https:\/\/dicodusport.fr\/blog\/wp-json\/wp\/v2\/posts\/401028","targetHints":{"allow":["GET"]}}],"collection":[{"href":"https:\/\/dicodusport.fr\/blog\/wp-json\/wp\/v2\/posts"}],"about":[{"href":"https:\/\/dicodusport.fr\/blog\/wp-json\/wp\/v2\/types\/post"}],"author":[{"embeddable":true,"href":"https:\/\/dicodusport.fr\/blog\/wp-json\/wp\/v2\/users\/43"}],"replies":[{"embeddable":true,"href":"https:\/\/dicodusport.fr\/blog\/wp-json\/wp\/v2\/comments?post=401028"}],"version-history":[{"count":0,"href":"https:\/\/dicodusport.fr\/blog\/wp-json\/wp\/v2\/posts\/401028\/revisions"}],"wp:featuredmedia":[{"embeddable":true,"href":"https:\/\/dicodusport.fr\/blog\/wp-json\/wp\/v2\/media\/401235"}],"wp:attachment":[{"href":"https:\/\/dicodusport.fr\/blog\/wp-json\/wp\/v2\/media?parent=401028"}],"wp:term":[{"taxonomy":"category","embeddable":true,"href":"https:\/\/dicodusport.fr\/blog\/wp-json\/wp\/v2\/categories?post=401028"},{"taxonomy":"post_tag","embeddable":true,"href":"https:\/\/dicodusport.fr\/blog\/wp-json\/wp\/v2\/tags?post=401028"}],"curies":[{"name":"wp","href":"https:\/\/api.w.org\/{rel}","templated":true}]}}