{"id":401164,"date":"2023-07-30T17:03:22","date_gmt":"2023-07-30T15:03:22","guid":{"rendered":"https:\/\/dicodusport.fr\/blog\/?p=401164&#038;preview=true&#038;preview_id=401164"},"modified":"2023-07-30T18:44:07","modified_gmt":"2023-07-30T16:44:07","slug":"calendrier-et-resultats-championnats-de-france-elite-dathletisme-2023","status":"publish","type":"post","link":"https:\/\/dicodusport.fr\/blog\/calendrier-et-resultats-championnats-de-france-elite-dathletisme-2023\/","title":{"rendered":"Championnats de France \u00c9lite d&rsquo;athl\u00e9tisme 2023 : Les r\u00e9sultats complets"},"content":{"rendered":"<p style=\"text-align: justify;\"><strong><em>Les Championnats de France d&rsquo;athl\u00e9tisme \u00c9lite se d\u00e9roulent du vendredi 28 au dimanche 30 juillet \u00e0 Albi. Voici le programme et les r\u00e9sultats.<\/em><\/strong><\/p>\n<p style=\"text-align: justify;\">Les Championnats de France d&rsquo;athl\u00e9tisme ont lieu du 28 au 30 juillet au Stadium Municipal d&rsquo;Albi. C&rsquo;est un passage oblig\u00e9 avant les <strong>Mondiaux de Budapest<\/strong> puisque les champions de France seront prioritaires s&rsquo;ils ont r\u00e9alis\u00e9 les minima demand\u00e9s. Ce qui devrait donner lieu \u00e0 des finales de haute lutte dans des \u00e9preuves o\u00f9 la densit\u00e9 est grande comme les haies, la perche ou encore le 800 m.<\/p>\n<h2>Retransmission<\/h2>\n<p style=\"text-align: justify;\">Les championnats sont \u00e0 suivre sur <strong>La cha\u00eene l&rsquo;Equipe<\/strong> le samedi 29 juillet \u00e0 partir de 19h05 et le dimanche 30 juillet \u00e0 partir de 15h45. En dehors des retransmissions t\u00e9l\u00e9vis\u00e9es, les Championnats seront \u00e0 suivre en int\u00e9gralit\u00e9 sur <strong><a href=\"https:\/\/athletv.fr\/sportitemset\/6462096399961ddfc89be9e7\" target=\"_blank\" rel=\"noopener\">Athl\u00e9 TV<\/a><\/strong>.<\/p>\n<h2 style=\"text-align: justify;\">Le programme complet<\/h2>\n<p><span style=\"font-size: 14px;\"><em>Horaires susceptibles d&rsquo;\u00eatre modifi\u00e9s<\/em><\/span><\/p>\n<p><a href=\"http:\/\/direct.athle.fr\/asp.net\/main.lives\/direct.aspx?competition=278702\" target=\"_blank\" rel=\"noopener\"><span style=\"font-size: 20px;\"><strong>Tous les r\u00e9sultats<\/strong><\/span><\/a><\/p>\n<p>&nbsp;<\/p>\n<p style=\"text-align: justify;\"><div class=\"su-tabs su-tabs-style-default su-tabs-mobile-stack\" data-active=\"3\" data-scroll-offset=\"0\" data-anchor-in-url=\"no\"><div class=\"su-tabs-nav\"><span class=\"\" data-url=\"\" data-target=\"blank\" tabindex=\"0\" role=\"button\">Vendredi 28 juillet<\/span><span class=\"\" data-url=\"\" data-target=\"blank\" tabindex=\"0\" role=\"button\">Samedi 29 juillet<\/span><span class=\"\" data-url=\"\" data-target=\"blank\" tabindex=\"0\" role=\"button\">Dimanche 30 juillet<\/span><\/div><div class=\"su-tabs-panes\"><div class=\"su-tabs-pane su-u-clearfix su-u-trim\" data-title=\"Vendredi 28 juillet\">\n<p style=\"text-align: justify;\"><strong>13h30 : <\/strong>d\u00e9cathlon &#8211; 100 m<br \/>\n<strong>14h :<\/strong> <strong>finale lancer du disque H<\/strong><br \/>\n<strong>14h15 : <\/strong>d\u00e9cathlon &#8211; longueur<strong><br \/>\n<\/strong><strong>15h55 : <\/strong>d\u00e9cathlon &#8211; poids<strong><br \/>\n16h15 : finale lancer du marteau F<br \/>\n<\/strong><strong>17h45 :<\/strong> d\u00e9cathlon &#8211; hauteur<br \/>\n<strong>18h30 :<\/strong> <strong>finale lancer du marteau H<br \/>\n19h :<\/strong> s\u00e9ries 400 m haies H<strong><br \/>\n19h30 : <\/strong>s\u00e9ries 100 m H<br \/>\n<strong>19h55 : <\/strong>s\u00e9ries 1500 m F<br \/>\n<strong>20h15 : <\/strong>d\u00e9cathlon &#8211; 400 m<br \/>\n<strong>20h25 : finale triple saut H<br \/>\n20h30 : finale lancer du disque F<br \/>\n20h35 : finale 100 m H<br \/>\n20h48 : finale 3000 m steeple F<br \/>\n21h05 : <\/strong>s\u00e9ries 400 m F<br \/>\n<strong>21h30 : <\/strong>s\u00e9ries 800 m H<strong><br \/>\n21h55 : finale 5000 m F<br \/>\n22h15 : finale 5000 m H<br \/>\n<\/strong><\/p>\n<ul>\n<li><a title=\"Championnats de France Elite 2023 : Tavernier, Fall, Gressier, les r\u00e9sultats de la premi\u00e8re journ\u00e9e\" href=\"https:\/\/dicodusport.fr\/blog\/championnats-de-france-elite-2023-tavernier-fall-gressier-les-resultats-de-la-premiere-journee\/\" target=\"_blank\" rel=\"noopener\"><strong>R\u00e9sum\u00e9 de la 1\u00e8re journ\u00e9e<\/strong><\/a><\/li>\n<\/ul>\n<p style=\"text-align: justify;\"><\/div>\n<div class=\"su-tabs-pane su-u-clearfix su-u-trim\" data-title=\"Samedi 29 juillet\">\n<p><strong>10h : <\/strong>d\u00e9cathlon &#8211; 110 m haies<br \/>\n<strong>11h : <\/strong>d\u00e9cathlon &#8211; disque H<br \/>\n<strong>12h :\u00a0<\/strong>heptathlon &#8211; 100 m haies<br \/>\n<strong>12h55 : <\/strong>d\u00e9cathlon &#8211; perche<br \/>\n<strong>13h : <\/strong>heptathlon &#8211; hauteur<br \/>\n<strong>15h30 : d\u00e9cathlon &#8211; javelot H<br \/>\n<\/strong><strong>16h :<\/strong> s\u00e9ries 400 m haies F<br \/>\n<strong>16h30 : <\/strong>s\u00e9ries 200 m H<br \/>\n<strong>16h30 : finale triple saut F<\/strong><br \/>\n<strong>16h55 :<\/strong> s\u00e9ries 400 m H<br \/>\n<strong>17h :<\/strong> heptathlon &#8211; poids<br \/>\n<strong>17h20 : finale lancer du javelot H<\/strong><br \/>\n<strong>17h45 : <\/strong>s\u00e9ries 1500 m H<br \/>\n<strong>18h05 :\u00a0<\/strong>heptathlon &#8211; 200 m<br \/>\n<strong>18h25 :<\/strong>\u00a0<strong>d\u00e9cathlon &#8211; 1500 m<br \/>\n18h30 : finale lancer du poids F<br \/>\n18h35 : finale saut \u00e0 la perche F<br \/>\n18h35 : <\/strong>s\u00e9ries 110 m haies<br \/>\n<strong>18h45 : finale saut en hauteur H<br \/>\n<\/strong><strong>19h07 : finale 200 m H<br \/>\n19h17 : <\/strong>s\u00e9ries 100 m F<br \/>\n<strong>19h30 : finale saut en longueur H<br \/>\n19h45 : finale 400 m haies H<br \/>\n19h55 : finale 400 m F<br \/>\n20h05 : finale 800 m H<br \/>\n20h15 : finale 110 m haies<br \/>\n20h25 : finale 1500 m F<br \/>\n20h35 : finale 100 m F<br \/>\n20h45 : finale\u00a0 3000 m steeple H<\/strong><\/p>\n<ul>\n<li><a title=\"Championnats de France Elite 2023 : Happio, Chevrier, Zhoya, les r\u00e9sultats de la deuxi\u00e8me journ\u00e9e\" href=\"https:\/\/dicodusport.fr\/blog\/championnats-de-france-elite-2023-happio-chevrier-zhoya-les-resultats-de-la-deuxieme-journee\/\" target=\"_blank\" rel=\"noopener\"><strong>R\u00e9sum\u00e9 de la 2e journ\u00e9e<\/strong><\/a><\/li>\n<\/ul>\n<\/div>\n<div class=\"su-tabs-pane su-u-clearfix su-u-trim\" data-title=\"Dimanche 30 juillet\">\n<p style=\"text-align: justify;\"><strong>9h : finale 10 km marche H<br \/>\n10h15 : finale 10 km marche F<\/strong><\/p>\n<p style=\"text-align: justify;\"><strong>13h : <\/strong>heptathlon &#8211; longueur<strong><br \/>\n<\/strong><strong>14h : finale lancer du poids H<br \/>\n<\/strong><strong>14h25 : <\/strong>heptathlon &#8211; javelot<br \/>\n<strong>14h30 :<\/strong> <strong>finale saut \u00e0 la perche H<br \/>\n<\/strong><strong>14h45 : finale saut en hauteur F<\/strong><br \/>\n<strong>15h : <\/strong>s\u00e9ries 200 m F<br \/>\n<strong>15h30 : <\/strong>s\u00e9ries 100 m haies<br \/>\n<strong>15h30 : finale saut en longueur F<br \/>\n15h45 : finale lancer du javelot F<br \/>\n<\/strong><strong>15h55 : finale 1500 m H<br \/>\n<\/strong><strong>16h05 : finale 400 m haies F<br \/>\n16h15 : heptathlon &#8211; 800 m<br \/>\n16h25 : finale 800 m F<\/strong><br \/>\n<strong>16h35 : finale 400 m H<\/strong><br \/>\n<strong>16h45 : finale 200 m F<\/strong><br \/>\n<strong>16h55 : finale 100 m haies F<\/strong><\/p>\n<ul>\n<li><a title=\"Championnats de France Elite 2023 : Collet, Samba-Mayela, Stey, les r\u00e9sultats de la derni\u00e8re journ\u00e9e\" href=\"https:\/\/dicodusport.fr\/blog\/championnats-de-france-elite-2023-collet-samba-mayela-stey-les-resultats-de-la-derniere-journee\/\" target=\"_blank\" rel=\"noopener\"><strong>R\u00e9sum\u00e9 de la 3e journ\u00e9e<\/strong><\/a><\/li>\n<\/ul>\n<p style=\"text-align: justify;\"><\/div><\/div><\/div>\n<h2>Les m\u00e9daill\u00e9s<\/h2>\n<h3 style=\"text-align: justify;\">Femmes<em><br \/>\n<\/em><\/h3>\n<div class=\"su-table su-table-alternate\">\n<table style=\"width: 800px;border-collapse: collapse\">\n<tbody>\n<tr>\n<td style=\"text-align: center;width: 200px;vertical-align: middle\"><strong>\u00c9preuves<\/strong><\/td>\n<td style=\"background-color: #fff242;text-align: center;width: 200px;vertical-align: middle\"><strong>\ud83e\udd47 Or<\/strong><\/td>\n<td style=\"background-color: #a8a8a8;text-align: center;width: 200px;vertical-align: middle\"><strong>\ud83e\udd48 Argent<\/strong><\/td>\n<td style=\"background-color: #c97159;text-align: center;width: 200px;vertical-align: middle\"><strong>\ud83e\udd49 Bronze<\/strong><\/td>\n<\/tr>\n<tr>\n<td style=\"text-align: center;width: 200px;vertical-align: middle\"><strong>100 m<\/strong><\/td>\n<td style=\"text-align: center;width: 200px;vertical-align: middle\"><strong>Mallory Leconte<br \/>\n11\u203323 PB MPF<\/strong><\/td>\n<td style=\"text-align: center;width: 200px;vertical-align: middle\">Cynthia Leduc<br \/>\n11\u203332 <strong>SB<\/strong><\/td>\n<td style=\"text-align: center;width: 200px;vertical-align: middle\">H\u00e9l\u00e8ne Parisot<br \/>\n11\u203335 <strong>PB<\/strong><\/td>\n<\/tr>\n<tr>\n<td style=\"text-align: center;width: 200px;vertical-align: middle\"><strong>200 m<\/strong><\/td>\n<td style=\"text-align: center;width: 200px;vertical-align: middle\"><strong>Pamera Losange<br \/>\n23\u203325<\/strong><\/td>\n<td style=\"text-align: center;width: 200px;vertical-align: middle\">H\u00e9l\u00e8ne Parisot<br \/>\n23\u203345<\/td>\n<td style=\"text-align: center;width: 200px;vertical-align: middle\">Diana Iscaye<br \/>\n23\u203350<\/td>\n<\/tr>\n<tr>\n<td style=\"text-align: center;width: 200px;vertical-align: middle\"><strong>400 m<\/strong><\/td>\n<td style=\"width: 200px;text-align: center\"><strong>Amandine Brossier<br \/>\n52\u203353<\/strong><\/td>\n<td style=\"width: 200px;text-align: center\">Estelle Raffai<br \/>\n53\u203309<\/td>\n<td style=\"width: 200px;text-align: center\">L\u00e9a Thery<br \/>\n53\u203346<\/td>\n<\/tr>\n<tr>\n<td style=\"text-align: center;width: 200px;vertical-align: middle\"><strong>800 m<\/strong><\/td>\n<td style=\"text-align: center;width: 200px;vertical-align: middle\"><strong>L\u00e9na Kandissounon<br \/>\n2\u203202\u203300<\/strong><\/td>\n<td style=\"text-align: center;width: 200px;vertical-align: middle\">Clara Liberman<br \/>\n2\u203202\u203355<\/td>\n<td style=\"text-align: center;width: 200px;vertical-align: middle\">Ana\u00efs Bourgoin<br \/>\n2\u203202\u203356<\/td>\n<\/tr>\n<tr>\n<td style=\"text-align: center;width: 200px;vertical-align: middle\"><strong>1500 m<\/strong><\/td>\n<td style=\"text-align: center;width: 200px;vertical-align: middle\"><strong>Agathe Guillemot<br \/>\n4\u203222\u203369<\/strong><\/td>\n<td style=\"text-align: center;width: 200px;vertical-align: middle\">Charlotte Mouchet<br \/>\n4\u203223\u203329<\/td>\n<td style=\"text-align: center;width: 200px;vertical-align: middle\">Katia Delarche<br \/>\n4\u203223\u203360<\/td>\n<\/tr>\n<tr>\n<td style=\"text-align: center;width: 200px;vertical-align: middle\"><strong>5000 m<\/strong><\/td>\n<td style=\"text-align: center;width: 200px;vertical-align: middle\"><strong>Manon Trapp<br \/>\n15\u203249\u203312<\/strong><\/td>\n<td style=\"text-align: center;width: 200px;vertical-align: middle\">M\u00e9line Rollin<br \/>\n16\u203220\u203369<\/td>\n<td style=\"text-align: center;width: 200px;vertical-align: middle\">Alessia Zarbo<br \/>\n16<strong>\u2032<\/strong>22\u203318 <strong>SB<\/strong><\/td>\n<\/tr>\n<tr>\n<td style=\"text-align: center;width: 200px;vertical-align: middle\"><strong>100 m haies<\/strong><\/td>\n<td style=\"text-align: center;width: 200px;vertical-align: middle\"><strong>Cyr\u00e9na Samba-Mayela<br \/>\n12\u203368 PB MPF<\/strong><\/td>\n<td style=\"text-align: center;width: 200px;vertical-align: middle\">La\u00ebticia Bapt\u00e9<br \/>\n12\u203369 <strong>PB<\/strong><\/td>\n<td style=\"text-align: center;width: 200px;vertical-align: middle\">Awa Sene<br \/>\n13\u203311<\/td>\n<\/tr>\n<tr>\n<td style=\"text-align: center;width: 200px;vertical-align: middle\"><strong>400 m haies<\/strong><\/td>\n<td style=\"width: 200px;text-align: center\"><strong>Louise Maraval<br \/>\n55\u203385<\/strong><\/td>\n<td style=\"width: 200px;text-align: center\">Camille Seri<br \/>\n56\u203300 <strong>SB<\/strong><\/td>\n<td style=\"width: 200px;text-align: center\">Meghane Grandson<br \/>\n57\u203336 <strong>PB<\/strong><\/td>\n<\/tr>\n<tr>\n<td style=\"text-align: center;width: 200px;vertical-align: middle\"><strong>3000 m steeple<br \/>\n<\/strong><\/td>\n<td style=\"width: 200px;text-align: center\"><strong>Alice Finot<br \/>\n9\u203254\u203360<\/strong><\/td>\n<td style=\"width: 200px;text-align: center\">Flavie Renouard<br \/>\n9\u203255\u203351<\/td>\n<td style=\"width: 200px;text-align: center\">Asenath Etile<br \/>\n10\u203200\u203366 <strong>PB<\/strong><\/td>\n<\/tr>\n<tr>\n<td style=\"text-align: center;width: 200px;vertical-align: middle\"><strong>10 km marche<\/strong><\/td>\n<td style=\"width: 200px;text-align: center\"><strong>Pauline Stey<br \/>\n44\u203242 PB RCH MPF ES<\/strong><\/td>\n<td style=\"width: 200px;text-align: center\">Cl\u00e9mence Beretta<br \/>\n45\u203238<\/td>\n<td style=\"width: 200px;text-align: center\">Camille Moutard<br \/>\n46\u203225<\/td>\n<\/tr>\n<tr>\n<td style=\"text-align: center;width: 200px;vertical-align: middle\"><strong>Saut en hauteur<\/strong><\/td>\n<td style=\"text-align: center;width: 200px;vertical-align: middle\"><strong>Sol\u00e8ne Gicquel<br \/>\n1.89 m SB<\/strong><\/td>\n<td style=\"text-align: center;width: 200px;vertical-align: middle\">Nawal Meniker<br \/>\n1.87 m<\/td>\n<td style=\"text-align: center;width: 200px;vertical-align: middle\">Juliette Perez<br \/>\n1.85 m <strong>SB<\/strong><\/td>\n<\/tr>\n<tr>\n<td style=\"text-align: center;width: 200px;vertical-align: middle\"><strong>Saut \u00e0 la perche<\/strong><\/td>\n<td style=\"text-align: center;width: 200px;vertical-align: middle\"><strong>Margot Chevrier<br \/>\n4.61 m<\/strong><\/td>\n<td style=\"text-align: center;width: 200px;vertical-align: middle\">Ninon Chapelle<br \/>\n4.51 m<\/td>\n<td style=\"text-align: center;width: 200px;vertical-align: middle\">Elina Giallurachis<br \/>\n4.21 m <strong>SB<\/strong><\/td>\n<\/tr>\n<tr>\n<td style=\"text-align: center;width: 200px;vertical-align: middle\"><strong>Saut en longueur<\/strong><\/td>\n<td style=\"text-align: center;width: 200px;vertical-align: middle\"><strong>Rougui Sow<br \/>\n6.70 m<\/strong><\/td>\n<td style=\"text-align: center;width: 200px;vertical-align: middle\">Eloyse Lesueur-Aymonin<br \/>\n6.49 m<\/td>\n<td style=\"text-align: center;width: 200px;vertical-align: middle\">Angelica Berriot<br \/>\n6.41 m<\/td>\n<\/tr>\n<tr>\n<td style=\"text-align: center;width: 200px;vertical-align: middle\"><strong>Triple saut<\/strong><\/td>\n<td style=\"text-align: center;width: 200px;vertical-align: middle\"><strong>Anne-Suzanna Fosther-Katta<br \/>\n13.80 m SB<\/strong><\/td>\n<td style=\"text-align: center;width: 200px;vertical-align: middle\">Ilionis Guillaume<br \/>\n13.63 m<\/td>\n<td style=\"text-align: center;width: 200px;vertical-align: middle\">Jeanine Assani Issouf<br \/>\n13.18 m<\/td>\n<\/tr>\n<tr>\n<td style=\"text-align: center;width: 200px;vertical-align: middle\"><strong>Lancer du poids<\/strong><\/td>\n<td style=\"text-align: center;width: 200px;vertical-align: middle\"><strong>Christine Gavarin<br \/>\n15.49 m SB<\/strong><\/td>\n<td style=\"text-align: center;width: 200px;vertical-align: middle\">Naomie Wuta<br \/>\n15.29 m<\/td>\n<td style=\"text-align: center;width: 200px;vertical-align: middle\">Alexandra Aubry<br \/>\n14.25 m<\/td>\n<\/tr>\n<tr>\n<td style=\"text-align: center;width: 200px;vertical-align: middle\"><strong>Lancer du javelot<\/strong><\/td>\n<td style=\"text-align: center;width: 200px;vertical-align: middle\"><strong>Jona Aigouy<br \/>\n58.12 m PB MPF<\/strong><\/td>\n<td style=\"text-align: center;width: 200px;vertical-align: middle\">Aliz\u00e9e Minard<br \/>\n57.34 m <strong>SB<\/strong><\/td>\n<td style=\"text-align: center;width: 200px;vertical-align: middle\">Jade Maraval<br \/>\n52.18 m<\/td>\n<\/tr>\n<tr>\n<td style=\"text-align: center;width: 200px;vertical-align: middle\"><strong>Lancer du disque<\/strong><\/td>\n<td style=\"text-align: center;width: 200px;vertical-align: middle\"><strong>M\u00e9lina Robert-Michon<br \/>\n62.69 m<\/strong><\/td>\n<td style=\"text-align: center;width: 200px;vertical-align: middle\">Marie-Jos\u00e9e Bovele-Linaka<br \/>\n55.41 m <strong>PB MPF JU<\/strong><\/td>\n<td style=\"text-align: center;width: 200px;vertical-align: middle\">Yelena Mokoka<br \/>\n53.50 m <strong>PB<\/strong><\/td>\n<\/tr>\n<tr>\n<td style=\"text-align: center;width: 200px;vertical-align: middle\"><strong>Lancer du marteau<\/strong><\/td>\n<td style=\"width: 200px;text-align: center\"><strong>Alexandra Tavernier<br \/>\n70.80 m<\/strong><\/td>\n<td style=\"width: 200px;text-align: center\">Xena Ngomateke<br \/>\n67.49 m<\/td>\n<td style=\"width: 200px;text-align: center\">Rose Loga<br \/>\n66.71 m<\/td>\n<\/tr>\n<tr>\n<td style=\"text-align: center;width: 200px;vertical-align: middle\"><strong>Heptathlon<\/strong><\/td>\n<td style=\"text-align: center;width: 200px;vertical-align: middle\"><strong>Esther Conde-Turpin<br \/>\n6182 pts SB MPF<\/strong><\/td>\n<td style=\"text-align: center;width: 200px;vertical-align: middle\">Auriana Lazraq-Khlass<br \/>\n6153 pts <strong>PB<\/strong><\/td>\n<td style=\"text-align: center;width: 200px;vertical-align: middle\">Elisa Pineau<br \/>\n6027 pts <strong>PB<\/strong><\/td>\n<\/tr>\n<\/tbody>\n<\/table>\n<\/div>\n<h3 style=\"text-align: justify;\">Hommes<\/h3>\n<div class=\"su-table su-table-alternate\">\n<table style=\"width: 800px;border-collapse: collapse\">\n<tbody>\n<tr>\n<td style=\"text-align: center;width: 200px;vertical-align: middle\"><strong>\u00c9preuves<\/strong><\/td>\n<td style=\"background-color: #fff242;text-align: center;width: 200px;vertical-align: middle\"><strong>\ud83e\udd47 Or<\/strong><\/td>\n<td style=\"background-color: #a8a8a8;text-align: center;width: 200px;vertical-align: middle\"><strong>\ud83e\udd48 Argent<\/strong><\/td>\n<td style=\"background-color: #c97159;text-align: center;width: 200px;vertical-align: middle\"><strong>\ud83e\udd49 Bronze<\/strong><\/td>\n<\/tr>\n<tr>\n<td style=\"text-align: center;width: 200px;vertical-align: middle\"><strong>100 m<\/strong><\/td>\n<td style=\"text-align: center;width: 200px;vertical-align: middle\"><strong>Mouhamadou Fall<br \/>\n10\u203314<\/strong><\/td>\n<td style=\"text-align: center;width: 200px;vertical-align: middle\">Ryan Z\u00e9z\u00e9<br \/>\n10\u203314 <strong>PB<\/strong><\/td>\n<td style=\"text-align: center;width: 200px;vertical-align: middle\">Pablo Mateo<br \/>\n10\u203324<\/td>\n<\/tr>\n<tr>\n<td style=\"text-align: center;width: 200px;vertical-align: middle\"><strong>200 m<\/strong><\/td>\n<td style=\"text-align: center;width: 200px;vertical-align: middle\"><strong>Ryan Z\u00e9z\u00e9<br \/>\n20\u203332<\/strong><\/td>\n<td style=\"text-align: center;width: 200px;vertical-align: middle\">Mouhamadou Fall<br \/>\n20\u203338<\/td>\n<td style=\"text-align: center;width: 200px;vertical-align: middle\">Meba-Micka\u00ebl Z\u00e9z\u00e9<br \/>\n20\u203366<\/td>\n<\/tr>\n<tr>\n<td style=\"text-align: center;width: 200px;vertical-align: middle\"><strong>400 m<\/strong><\/td>\n<td style=\"text-align: center;width: 200px;vertical-align: middle\"><strong>T\u00e9o Andant<br \/>\n45\u203360<\/strong><\/td>\n<td style=\"text-align: center;width: 200px;vertical-align: middle\">David Sombe<br \/>\n45\u203368<\/td>\n<td style=\"text-align: center;width: 200px;vertical-align: middle\">Gilles Biron<br \/>\n46\u203305<\/td>\n<\/tr>\n<tr>\n<td style=\"text-align: center;width: 200px;vertical-align: middle\"><strong>800 m<\/strong><\/td>\n<td style=\"text-align: center;width: 200px;vertical-align: middle\"><strong>Gabriel Tual<br \/>\n1\u203247\u203384<\/strong><\/td>\n<td style=\"text-align: center;width: 200px;vertical-align: middle\">Yanis Meziane<br \/>\n1\u203248\u203302<\/td>\n<td style=\"text-align: center;width: 200px;vertical-align: middle\">Thomas Marques De Andrade<br \/>\n1\u203248\u203361<\/td>\n<\/tr>\n<tr>\n<td style=\"text-align: center;width: 200px;vertical-align: middle\"><strong>1500 m<\/strong><\/td>\n<td style=\"text-align: center;width: 200px;vertical-align: middle\"><strong>Azeddine Habz<br \/>\n3\u203240\u203320<\/strong><\/td>\n<td style=\"width: 200px;text-align: center;vertical-align: middle\">Ma\u00ebl Gouyette<br \/>\n3\u203240\u203347<\/td>\n<td style=\"width: 200px;text-align: center;vertical-align: middle\">Arthur Gervais<br \/>\n3\u203240\u203356<\/td>\n<\/tr>\n<tr>\n<td style=\"text-align: center;width: 200px;vertical-align: middle\"><strong>5000 m<\/strong><\/td>\n<td style=\"text-align: center;width: 200px;vertical-align: middle\"><strong>Jimmy Gressier<br \/>\n13\u203223\u203356 RCH<\/strong><\/td>\n<td style=\"text-align: center;width: 200px;vertical-align: middle\">Etienne Daguinos<br \/>\n13\u203231\u203378<\/td>\n<td style=\"text-align: center;width: 200px;vertical-align: middle\">Fabien Palcau<br \/>\n13\u203232\u203357<\/td>\n<\/tr>\n<tr>\n<td style=\"text-align: center;width: 200px;vertical-align: middle\"><strong>110 m haies<\/strong><\/td>\n<td style=\"text-align: center;width: 200px;vertical-align: middle\"><strong>Sasha Zhoya<br \/>\n13\u203301<\/strong><\/td>\n<td style=\"text-align: center;width: 200px;vertical-align: middle\">Wilhem Belocian<br \/>\n13\u203307<\/td>\n<td style=\"text-align: center;width: 200px;vertical-align: middle\">Just Kwaou-Mathey<br \/>\n13\u203319<\/td>\n<\/tr>\n<tr>\n<td style=\"text-align: center;width: 200px;vertical-align: middle\"><strong>400 m haies<\/strong><\/td>\n<td style=\"text-align: center;width: 200px;vertical-align: middle\"><strong>Wilfried Happio<br \/>\n48\u203372<\/strong><\/td>\n<td style=\"text-align: center;width: 200px;vertical-align: middle\">Ludvy Vaillant<br \/>\n48\u203384<\/td>\n<td style=\"text-align: center;width: 200px;vertical-align: middle\">Jordan Terrasse<br \/>\n50\u203352<\/td>\n<\/tr>\n<tr>\n<td style=\"text-align: center;width: 200px;vertical-align: middle\"><strong>3000 m steeple<\/strong><strong><br \/>\n<\/strong><\/td>\n<td style=\"text-align: center;width: 200px;vertical-align: middle\"><strong>Djilali Bedrani<br \/>\n8\u203224\u203387<\/strong><\/td>\n<td style=\"text-align: center;width: 200px;vertical-align: middle\">Nicolas-Marie Daru<br \/>\n8\u203226\u203353<\/td>\n<td style=\"text-align: center;width: 200px;vertical-align: middle\">Yoann Kowal<br \/>\n8\u203230\u203346 <strong>SB<\/strong><\/td>\n<\/tr>\n<tr>\n<td style=\"text-align: center;width: 200px;vertical-align: middle\"><strong>10 km marche<\/strong><\/td>\n<td style=\"text-align: center;width: 200px;vertical-align: middle\"><strong>Gabriel Bordier<br \/>\n39\u203202 PB<\/strong><\/td>\n<td style=\"text-align: center;width: 200px;vertical-align: middle\">Kevin Campion<br \/>\n40\u203224 <strong>SB<\/strong><\/td>\n<td style=\"text-align: center;width: 200px;vertical-align: middle\">Martin Madeline-Degy<br \/>\n41\u203251 <strong>PB<\/strong><\/td>\n<\/tr>\n<tr>\n<td style=\"text-align: center;width: 200px;vertical-align: middle\"><strong>Saut en hauteur<\/strong><\/td>\n<td style=\"text-align: center;width: 200px;vertical-align: middle\"><strong>Dorian Lairi<br \/>\n2.13 m<\/strong><\/td>\n<td style=\"text-align: center;width: 200px;vertical-align: middle\">Mohammed-Ali Benlahbib<br \/>\n2.133 m <strong>SB<\/strong><\/td>\n<td style=\"text-align: center;width: 200px;vertical-align: middle\">Kristen Biyengui<br \/>\n2.13 m<\/td>\n<\/tr>\n<tr>\n<td style=\"text-align: center;width: 200px;vertical-align: middle\"><strong>Saut \u00e0 la perche<\/strong><\/td>\n<td style=\"text-align: center;width: 200px;vertical-align: middle\"><strong>Thibaut Collet<br \/>\n5.71 m<\/strong><\/td>\n<td style=\"text-align: center;width: 200px;vertical-align: middle\">Baptiste Thiery<br \/>\n5.51 m<\/td>\n<td style=\"text-align: center;width: 200px;vertical-align: middle\">Mehdi Amar Rouana<br \/>\n5.31 m<\/td>\n<\/tr>\n<tr>\n<td style=\"text-align: center;width: 200px;vertical-align: middle\"><strong>Saut en longueur<\/strong><\/td>\n<td style=\"text-align: center;width: 200px;vertical-align: middle\"><strong>Jules Pommery<br \/>\n8.12 m<\/strong><\/td>\n<td style=\"text-align: center;width: 200px;vertical-align: middle\">Dreyfus Gbadjale<br \/>\n8.04 m <strong>PB<\/strong><\/td>\n<td style=\"text-align: center;width: 200px;vertical-align: middle\">Erwan Konate<br \/>\n8.02 m<\/td>\n<\/tr>\n<tr>\n<td style=\"text-align: center;width: 200px;vertical-align: middle\"><strong>Triple saut<\/strong><\/td>\n<td style=\"text-align: center;width: 200px;vertical-align: middle\"><strong>Jean-Marc Pontvianne<br \/>\n16.75 m<\/strong><\/td>\n<td style=\"text-align: center;width: 200px;vertical-align: middle\">Enzo Hodebar<br \/>\n16.73 m <strong>SB<\/strong><\/td>\n<td style=\"text-align: center;width: 200px;vertical-align: middle\">Jonathan Seremes<br \/>\n16.50 m<\/td>\n<\/tr>\n<tr>\n<td style=\"text-align: center;width: 200px;vertical-align: middle\"><strong>Lancer du poids<\/strong><\/td>\n<td style=\"text-align: center;width: 200px;vertical-align: middle\"><strong>Fred Moudani-Likibi<br \/>\n19.84 m<\/strong><\/td>\n<td style=\"text-align: center;width: 200px;vertical-align: middle\">Stephen Louis Manuotekena Mailagi<br \/>\n18.51 m<\/td>\n<td style=\"text-align: center;width: 200px;vertical-align: middle\">Yann Moisan<br \/>\n18.41 m<\/td>\n<\/tr>\n<tr>\n<td style=\"text-align: center;width: 200px;vertical-align: middle\"><strong>Lancer du javelot<\/strong><\/td>\n<td style=\"text-align: center;width: 200px;vertical-align: middle\"><strong>R\u00e9mi Conroy<br \/>\n77.50 m<\/strong><\/td>\n<td style=\"text-align: center;width: 200px;vertical-align: middle\">Lukas Moutarde<br \/>\n77.23 m <strong>SB<\/strong><\/td>\n<td style=\"text-align: center;width: 200px;vertical-align: middle\">Teuraiterai Tupaia<br \/>\n76.24 m <strong>SB<\/strong><\/td>\n<\/tr>\n<tr>\n<td style=\"text-align: center;width: 200px;vertical-align: middle\"><strong>Lancer du disque<\/strong><\/td>\n<td style=\"text-align: center;width: 200px;vertical-align: middle\"><strong>Tom Reux<br \/>\n<\/strong>59.88 m<\/td>\n<td style=\"text-align: center;width: 200px;vertical-align: middle\">Willy Vicaut<br \/>\n56.39 m<\/td>\n<td style=\"text-align: center;width: 200px;vertical-align: middle\">Marc-Alexandre Delin<br \/>\n55.72 m<\/td>\n<\/tr>\n<tr>\n<td style=\"text-align: center;width: 200px;vertical-align: middle\"><strong>Lancer du marteau<\/strong><\/td>\n<td style=\"text-align: center;width: 200px;vertical-align: middle\"><strong>Yann Chaussinand<br \/>\n76.84 m<\/strong><\/td>\n<td style=\"text-align: center;width: 200px;vertical-align: middle\">Enguerrand Decroix Tetu<br \/>\n73.76 m<\/td>\n<td style=\"text-align: center;width: 200px;vertical-align: middle\">Jean-Baptiste Bruxelle<br \/>\n70.51 m<\/td>\n<\/tr>\n<tr>\n<td style=\"text-align: center;width: 200px;vertical-align: middle\"><strong>D\u00e9cathlon<\/strong><\/td>\n<td style=\"text-align: center;width: 200px;vertical-align: middle\"><strong>Makenson Gletty<br \/>\n8279 pts PB<\/strong><\/td>\n<td style=\"text-align: center;width: 200px;vertical-align: middle\">Arthur Pr\u00e9vost<br \/>\n7609 pts <strong>SB<\/strong><\/td>\n<td style=\"text-align: center;width: 200px;vertical-align: middle\">Matthieu Gudet<br \/>\n7559 pts <strong>PB<\/strong><\/td>\n<\/tr>\n<\/tbody>\n<\/table>\n<\/div>\n<p><span style=\"font-size: 14px;\"><em>PB : Record personnel<\/em><\/span><br \/>\n<span style=\"font-size: 14px;\"><em>SB : Meilleure performance personnelle de la saison<br \/>\nMPF : Meilleure performance fran\u00e7aise de la saison<\/em><\/span><br \/>\n<span style=\"font-size: 14px;\"><em>MPF JU : Meilleure performance junior fran\u00e7aise de la saison<br \/>\nRCH : Record des championnats<\/em><\/span><\/p>\n","protected":false},"excerpt":{"rendered":"<p>Les Championnats de France d&rsquo;athl\u00e9tisme \u00c9lite se d\u00e9roulent du vendredi 28 au dimanche 30 juillet \u00e0 Albi. Voici le programme et les r\u00e9sultats.<\/p>\n","protected":false},"author":12,"featured_media":403388,"comment_status":"open","ping_status":"closed","sticky":false,"template":"","format":"standard","meta":{"_acf_changed":false,"_daextam_enable_autolinks":"","footnotes":""},"categories":[2308],"tags":[143,16878,8332],"class_list":["post-401164","post","type-post","status-publish","format-standard","has-post-thumbnail","hentry","category-athletisme","tag-athletisme","tag-breve","tag-championnats-de-france-elite-dathletisme"],"acf":[],"yoast_head":"<!-- This site is optimized with the Yoast SEO Premium plugin v26.7 (Yoast SEO v26.7) - https:\/\/yoast.com\/wordpress\/plugins\/seo\/ -->\n<title>Championnats de France \u00c9lite d&#039;athl\u00e9tisme 2023 : Les r\u00e9sultats complets<\/title>\n<meta name=\"description\" content=\"Les Championnats de France d&#039;athl\u00e9tisme \u00c9lite se d\u00e9roulent du 28 au 30 juillet \u00e0 Albi. Voici le programme et les r\u00e9sultats.\" \/>\n<meta name=\"robots\" content=\"index, follow, max-snippet:-1, max-image-preview:large, max-video-preview:-1\" \/>\n<link rel=\"canonical\" href=\"https:\/\/dicodusport.fr\/blog\/calendrier-et-resultats-championnats-de-france-elite-dathletisme-2023\/\" \/>\n<meta property=\"og:locale\" content=\"fr_FR\" \/>\n<meta property=\"og:type\" content=\"article\" \/>\n<meta property=\"og:title\" content=\"Championnats de France \u00c9lite d&#039;athl\u00e9tisme 2023 : Les r\u00e9sultats complets\" \/>\n<meta property=\"og:description\" content=\"Les Championnats de France d&#039;athl\u00e9tisme \u00c9lite se d\u00e9roulent du 28 au 30 juillet \u00e0 Albi. Voici le programme et les r\u00e9sultats.\" \/>\n<meta property=\"og:url\" content=\"https:\/\/dicodusport.fr\/blog\/calendrier-et-resultats-championnats-de-france-elite-dathletisme-2023\/\" \/>\n<meta property=\"og:site_name\" content=\"Dicodusport\" \/>\n<meta property=\"article:publisher\" content=\"https:\/\/www.facebook.com\/dicodusport\" \/>\n<meta property=\"article:published_time\" content=\"2023-07-30T15:03:22+00:00\" \/>\n<meta property=\"article:modified_time\" content=\"2023-07-30T16:44:07+00:00\" \/>\n<meta property=\"og:image\" content=\"https:\/\/dicodusport.fr\/blog\/wp-content\/uploads\/2023\/07\/Calendrier-et-resultats-Athletisme-Championnats-de-France-Elite-2023.png\" \/>\n\t<meta property=\"og:image:width\" content=\"1200\" \/>\n\t<meta property=\"og:image:height\" content=\"670\" \/>\n\t<meta property=\"og:image:type\" content=\"image\/png\" \/>\n<meta name=\"author\" content=\"Arlette Yeye\" \/>\n<meta name=\"twitter:card\" content=\"summary_large_image\" \/>\n<meta name=\"twitter:title\" content=\"Championnats de France \u00c9lite d&#039;athl\u00e9tisme 2023 : Les r\u00e9sultats complets\" \/>\n<meta name=\"twitter:creator\" content=\"@https:\/\/twitter.com\/Shiclette94\" \/>\n<meta name=\"twitter:site\" content=\"@dicodusport\" \/>\n<script type=\"application\/ld+json\" class=\"yoast-schema-graph\">{\"@context\":\"https:\/\/schema.org\",\"@graph\":[{\"@type\":\"NewsArticle\",\"@id\":\"https:\/\/dicodusport.fr\/blog\/calendrier-et-resultats-championnats-de-france-elite-dathletisme-2023\/#article\",\"isPartOf\":{\"@id\":\"https:\/\/dicodusport.fr\/blog\/calendrier-et-resultats-championnats-de-france-elite-dathletisme-2023\/\"},\"author\":{\"name\":\"Arlette Yeye\",\"@id\":\"https:\/\/dicodusport.fr\/blog\/#\/schema\/person\/cce96fa88785bd8573e3d43078ac8c79\"},\"headline\":\"Championnats de France \u00c9lite d&rsquo;athl\u00e9tisme 2023 : Les r\u00e9sultats complets\",\"datePublished\":\"2023-07-30T15:03:22+00:00\",\"dateModified\":\"2023-07-30T16:44:07+00:00\",\"mainEntityOfPage\":{\"@id\":\"https:\/\/dicodusport.fr\/blog\/calendrier-et-resultats-championnats-de-france-elite-dathletisme-2023\/\"},\"wordCount\":1052,\"commentCount\":0,\"publisher\":{\"@id\":\"https:\/\/dicodusport.fr\/blog\/#organization\"},\"image\":{\"@id\":\"https:\/\/dicodusport.fr\/blog\/calendrier-et-resultats-championnats-de-france-elite-dathletisme-2023\/#primaryimage\"},\"thumbnailUrl\":\"https:\/\/dicodusport.fr\/blog\/wp-content\/uploads\/2023\/07\/Calendrier-et-resultats-Athletisme-Championnats-de-France-Elite-2023.png\",\"keywords\":[\"Athl\u00e9tisme\",\"br\u00e8ve\",\"Championnats de France Elite d'athl\u00e9tisme\"],\"articleSection\":[\"Athl\u00e9tisme\"],\"inLanguage\":\"fr-FR\",\"potentialAction\":[{\"@type\":\"CommentAction\",\"name\":\"Comment\",\"target\":[\"https:\/\/dicodusport.fr\/blog\/calendrier-et-resultats-championnats-de-france-elite-dathletisme-2023\/#respond\"]}],\"copyrightYear\":\"2023\",\"copyrightHolder\":{\"@id\":\"https:\/\/dicodusport.fr\/blog\/#organization\"}},{\"@type\":\"WebPage\",\"@id\":\"https:\/\/dicodusport.fr\/blog\/calendrier-et-resultats-championnats-de-france-elite-dathletisme-2023\/\",\"url\":\"https:\/\/dicodusport.fr\/blog\/calendrier-et-resultats-championnats-de-france-elite-dathletisme-2023\/\",\"name\":\"Championnats de France \u00c9lite d'athl\u00e9tisme 2023 : Les r\u00e9sultats complets\",\"isPartOf\":{\"@id\":\"https:\/\/dicodusport.fr\/blog\/#website\"},\"primaryImageOfPage\":{\"@id\":\"https:\/\/dicodusport.fr\/blog\/calendrier-et-resultats-championnats-de-france-elite-dathletisme-2023\/#primaryimage\"},\"image\":{\"@id\":\"https:\/\/dicodusport.fr\/blog\/calendrier-et-resultats-championnats-de-france-elite-dathletisme-2023\/#primaryimage\"},\"thumbnailUrl\":\"https:\/\/dicodusport.fr\/blog\/wp-content\/uploads\/2023\/07\/Calendrier-et-resultats-Athletisme-Championnats-de-France-Elite-2023.png\",\"datePublished\":\"2023-07-30T15:03:22+00:00\",\"dateModified\":\"2023-07-30T16:44:07+00:00\",\"description\":\"Les Championnats de France d'athl\u00e9tisme \u00c9lite se d\u00e9roulent du 28 au 30 juillet \u00e0 Albi. Voici le programme et les r\u00e9sultats.\",\"breadcrumb\":{\"@id\":\"https:\/\/dicodusport.fr\/blog\/calendrier-et-resultats-championnats-de-france-elite-dathletisme-2023\/#breadcrumb\"},\"inLanguage\":\"fr-FR\",\"potentialAction\":[{\"@type\":\"ReadAction\",\"target\":[\"https:\/\/dicodusport.fr\/blog\/calendrier-et-resultats-championnats-de-france-elite-dathletisme-2023\/\"]}]},{\"@type\":\"ImageObject\",\"inLanguage\":\"fr-FR\",\"@id\":\"https:\/\/dicodusport.fr\/blog\/calendrier-et-resultats-championnats-de-france-elite-dathletisme-2023\/#primaryimage\",\"url\":\"https:\/\/dicodusport.fr\/blog\/wp-content\/uploads\/2023\/07\/Calendrier-et-resultats-Athletisme-Championnats-de-France-Elite-2023.png\",\"contentUrl\":\"https:\/\/dicodusport.fr\/blog\/wp-content\/uploads\/2023\/07\/Calendrier-et-resultats-Athletisme-Championnats-de-France-Elite-2023.png\",\"width\":1200,\"height\":670,\"caption\":\"Calendrier et r\u00e9sultats Athl\u00e9tisme Championnats de France \u00c9lite 2023\"},{\"@type\":\"BreadcrumbList\",\"@id\":\"https:\/\/dicodusport.fr\/blog\/calendrier-et-resultats-championnats-de-france-elite-dathletisme-2023\/#breadcrumb\",\"itemListElement\":[{\"@type\":\"ListItem\",\"position\":1,\"name\":\"Accueil\",\"item\":\"https:\/\/dicodusport.fr\/blog\/\"},{\"@type\":\"ListItem\",\"position\":2,\"name\":\"Championnats de France \u00c9lite d&rsquo;athl\u00e9tisme 2023 : Les r\u00e9sultats complets\"}]},{\"@type\":\"WebSite\",\"@id\":\"https:\/\/dicodusport.fr\/blog\/#website\",\"url\":\"https:\/\/dicodusport.fr\/blog\/\",\"name\":\"Dicodusport\",\"description\":\"L&#039;encyclop\u00e9die de l&#039;actualit\u00e9 sportive\",\"publisher\":{\"@id\":\"https:\/\/dicodusport.fr\/blog\/#organization\"},\"potentialAction\":[{\"@type\":\"SearchAction\",\"target\":{\"@type\":\"EntryPoint\",\"urlTemplate\":\"https:\/\/dicodusport.fr\/blog\/?s={search_term_string}\"},\"query-input\":{\"@type\":\"PropertyValueSpecification\",\"valueRequired\":true,\"valueName\":\"search_term_string\"}}],\"inLanguage\":\"fr-FR\"},{\"@type\":\"NewsMediaOrganization\",\"@id\":\"https:\/\/dicodusport.fr\/blog\/#organization\",\"name\":\"Dicodusport\",\"url\":\"https:\/\/dicodusport.fr\/blog\/\",\"logo\":{\"@type\":\"ImageObject\",\"inLanguage\":\"fr-FR\",\"@id\":\"https:\/\/dicodusport.fr\/blog\/#\/schema\/logo\/image\/\",\"url\":\"https:\/\/dicodusport.fr\/blog\/wp-content\/uploads\/2020\/06\/cropped-LOGO-DICODUSPORT-2020-SANS-FOND-SANS-TEXTE.png\",\"contentUrl\":\"https:\/\/dicodusport.fr\/blog\/wp-content\/uploads\/2020\/06\/cropped-LOGO-DICODUSPORT-2020-SANS-FOND-SANS-TEXTE.png\",\"width\":512,\"height\":512,\"caption\":\"Dicodusport\"},\"image\":{\"@id\":\"https:\/\/dicodusport.fr\/blog\/#\/schema\/logo\/image\/\"},\"sameAs\":[\"https:\/\/www.facebook.com\/dicodusport\",\"https:\/\/x.com\/dicodusport\",\"https:\/\/www.instagram.com\/dicodusport\/\",\"https:\/\/www.youtube.com\/channel\/UC7V2KZ5sd3htJivAbA4ZG3w\"],\"description\":\"Dicodusport est l'encyclop\u00e9die de l'actualit\u00e9 sportive.\",\"email\":\"bonjour@dicodusport.fr\",\"legalName\":\"DICODUSPORT\",\"foundingDate\":\"2018-01-14\",\"vatID\":\"FR71834470973\",\"taxID\":\"83447097300043\",\"numberOfEmployees\":{\"@type\":\"QuantitativeValue\",\"minValue\":\"1\",\"maxValue\":\"10\"}},{\"@type\":\"Person\",\"@id\":\"https:\/\/dicodusport.fr\/blog\/#\/schema\/person\/cce96fa88785bd8573e3d43078ac8c79\",\"name\":\"Arlette Yeye\",\"image\":{\"@type\":\"ImageObject\",\"inLanguage\":\"fr-FR\",\"@id\":\"https:\/\/dicodusport.fr\/blog\/#\/schema\/person\/image\/\",\"url\":\"https:\/\/secure.gravatar.com\/avatar\/dca4a6239e6d708e46c45d60e160de6c?s=96&d=wp_user_avatar&r=g\",\"contentUrl\":\"https:\/\/secure.gravatar.com\/avatar\/dca4a6239e6d708e46c45d60e160de6c?s=96&d=wp_user_avatar&r=g\",\"caption\":\"Arlette Yeye\"},\"description\":\"Journaliste\/r\u00e9dactrice depuis septembre 2015 - Supportrice de Chelsea, j'ai pour sports de pr\u00e9dilection le handball, l'athl\u00e9tisme et le tennis. Si je tweete plus vite que mon ombre, vous pouvez aussi me retrouver les week-ends sur les playgrounds de Bruxelles pour un petit foot ou basket entre potes. Parcourir la France, l'Europe et plus si affinit\u00e9s pour suivre mes sportifs pr\u00e9f\u00e9r\u00e9s ? Mon kif ! Et c'est avec plaisir que je partage les r\u00e9sultats des sports populaires mais \u00e9galement plus confidentiels pour Dicodusport.\",\"sameAs\":[\"https:\/\/x.com\/https:\/\/twitter.com\/Shiclette94\"],\"url\":\"https:\/\/dicodusport.fr\/blog\/author\/arlette\/\"}]}<\/script>\n<!-- \/ Yoast SEO Premium plugin. -->","yoast_head_json":{"title":"Championnats de France \u00c9lite d'athl\u00e9tisme 2023 : Les r\u00e9sultats complets","description":"Les Championnats de France d'athl\u00e9tisme \u00c9lite se d\u00e9roulent du 28 au 30 juillet \u00e0 Albi. Voici le programme et les r\u00e9sultats.","robots":{"index":"index","follow":"follow","max-snippet":"max-snippet:-1","max-image-preview":"max-image-preview:large","max-video-preview":"max-video-preview:-1"},"canonical":"https:\/\/dicodusport.fr\/blog\/calendrier-et-resultats-championnats-de-france-elite-dathletisme-2023\/","og_locale":"fr_FR","og_type":"article","og_title":"Championnats de France \u00c9lite d'athl\u00e9tisme 2023 : Les r\u00e9sultats complets","og_description":"Les Championnats de France d'athl\u00e9tisme \u00c9lite se d\u00e9roulent du 28 au 30 juillet \u00e0 Albi. Voici le programme et les r\u00e9sultats.","og_url":"https:\/\/dicodusport.fr\/blog\/calendrier-et-resultats-championnats-de-france-elite-dathletisme-2023\/","og_site_name":"Dicodusport","article_publisher":"https:\/\/www.facebook.com\/dicodusport","article_published_time":"2023-07-30T15:03:22+00:00","article_modified_time":"2023-07-30T16:44:07+00:00","og_image":[{"width":1200,"height":670,"url":"https:\/\/dicodusport.fr\/blog\/wp-content\/uploads\/2023\/07\/Calendrier-et-resultats-Athletisme-Championnats-de-France-Elite-2023.png","type":"image\/png"}],"author":"Arlette Yeye","twitter_card":"summary_large_image","twitter_title":"Championnats de France \u00c9lite d'athl\u00e9tisme 2023 : Les r\u00e9sultats complets","twitter_creator":"@https:\/\/twitter.com\/Shiclette94","twitter_site":"@dicodusport","schema":{"@context":"https:\/\/schema.org","@graph":[{"@type":"NewsArticle","@id":"https:\/\/dicodusport.fr\/blog\/calendrier-et-resultats-championnats-de-france-elite-dathletisme-2023\/#article","isPartOf":{"@id":"https:\/\/dicodusport.fr\/blog\/calendrier-et-resultats-championnats-de-france-elite-dathletisme-2023\/"},"author":{"name":"Arlette Yeye","@id":"https:\/\/dicodusport.fr\/blog\/#\/schema\/person\/cce96fa88785bd8573e3d43078ac8c79"},"headline":"Championnats de France \u00c9lite d&rsquo;athl\u00e9tisme 2023 : Les r\u00e9sultats complets","datePublished":"2023-07-30T15:03:22+00:00","dateModified":"2023-07-30T16:44:07+00:00","mainEntityOfPage":{"@id":"https:\/\/dicodusport.fr\/blog\/calendrier-et-resultats-championnats-de-france-elite-dathletisme-2023\/"},"wordCount":1052,"commentCount":0,"publisher":{"@id":"https:\/\/dicodusport.fr\/blog\/#organization"},"image":{"@id":"https:\/\/dicodusport.fr\/blog\/calendrier-et-resultats-championnats-de-france-elite-dathletisme-2023\/#primaryimage"},"thumbnailUrl":"https:\/\/dicodusport.fr\/blog\/wp-content\/uploads\/2023\/07\/Calendrier-et-resultats-Athletisme-Championnats-de-France-Elite-2023.png","keywords":["Athl\u00e9tisme","br\u00e8ve","Championnats de France Elite d'athl\u00e9tisme"],"articleSection":["Athl\u00e9tisme"],"inLanguage":"fr-FR","potentialAction":[{"@type":"CommentAction","name":"Comment","target":["https:\/\/dicodusport.fr\/blog\/calendrier-et-resultats-championnats-de-france-elite-dathletisme-2023\/#respond"]}],"copyrightYear":"2023","copyrightHolder":{"@id":"https:\/\/dicodusport.fr\/blog\/#organization"}},{"@type":"WebPage","@id":"https:\/\/dicodusport.fr\/blog\/calendrier-et-resultats-championnats-de-france-elite-dathletisme-2023\/","url":"https:\/\/dicodusport.fr\/blog\/calendrier-et-resultats-championnats-de-france-elite-dathletisme-2023\/","name":"Championnats de France \u00c9lite d'athl\u00e9tisme 2023 : Les r\u00e9sultats complets","isPartOf":{"@id":"https:\/\/dicodusport.fr\/blog\/#website"},"primaryImageOfPage":{"@id":"https:\/\/dicodusport.fr\/blog\/calendrier-et-resultats-championnats-de-france-elite-dathletisme-2023\/#primaryimage"},"image":{"@id":"https:\/\/dicodusport.fr\/blog\/calendrier-et-resultats-championnats-de-france-elite-dathletisme-2023\/#primaryimage"},"thumbnailUrl":"https:\/\/dicodusport.fr\/blog\/wp-content\/uploads\/2023\/07\/Calendrier-et-resultats-Athletisme-Championnats-de-France-Elite-2023.png","datePublished":"2023-07-30T15:03:22+00:00","dateModified":"2023-07-30T16:44:07+00:00","description":"Les Championnats de France d'athl\u00e9tisme \u00c9lite se d\u00e9roulent du 28 au 30 juillet \u00e0 Albi. Voici le programme et les r\u00e9sultats.","breadcrumb":{"@id":"https:\/\/dicodusport.fr\/blog\/calendrier-et-resultats-championnats-de-france-elite-dathletisme-2023\/#breadcrumb"},"inLanguage":"fr-FR","potentialAction":[{"@type":"ReadAction","target":["https:\/\/dicodusport.fr\/blog\/calendrier-et-resultats-championnats-de-france-elite-dathletisme-2023\/"]}]},{"@type":"ImageObject","inLanguage":"fr-FR","@id":"https:\/\/dicodusport.fr\/blog\/calendrier-et-resultats-championnats-de-france-elite-dathletisme-2023\/#primaryimage","url":"https:\/\/dicodusport.fr\/blog\/wp-content\/uploads\/2023\/07\/Calendrier-et-resultats-Athletisme-Championnats-de-France-Elite-2023.png","contentUrl":"https:\/\/dicodusport.fr\/blog\/wp-content\/uploads\/2023\/07\/Calendrier-et-resultats-Athletisme-Championnats-de-France-Elite-2023.png","width":1200,"height":670,"caption":"Calendrier et r\u00e9sultats Athl\u00e9tisme Championnats de France \u00c9lite 2023"},{"@type":"BreadcrumbList","@id":"https:\/\/dicodusport.fr\/blog\/calendrier-et-resultats-championnats-de-france-elite-dathletisme-2023\/#breadcrumb","itemListElement":[{"@type":"ListItem","position":1,"name":"Accueil","item":"https:\/\/dicodusport.fr\/blog\/"},{"@type":"ListItem","position":2,"name":"Championnats de France \u00c9lite d&rsquo;athl\u00e9tisme 2023 : Les r\u00e9sultats complets"}]},{"@type":"WebSite","@id":"https:\/\/dicodusport.fr\/blog\/#website","url":"https:\/\/dicodusport.fr\/blog\/","name":"Dicodusport","description":"L&#039;encyclop\u00e9die de l&#039;actualit\u00e9 sportive","publisher":{"@id":"https:\/\/dicodusport.fr\/blog\/#organization"},"potentialAction":[{"@type":"SearchAction","target":{"@type":"EntryPoint","urlTemplate":"https:\/\/dicodusport.fr\/blog\/?s={search_term_string}"},"query-input":{"@type":"PropertyValueSpecification","valueRequired":true,"valueName":"search_term_string"}}],"inLanguage":"fr-FR"},{"@type":"NewsMediaOrganization","@id":"https:\/\/dicodusport.fr\/blog\/#organization","name":"Dicodusport","url":"https:\/\/dicodusport.fr\/blog\/","logo":{"@type":"ImageObject","inLanguage":"fr-FR","@id":"https:\/\/dicodusport.fr\/blog\/#\/schema\/logo\/image\/","url":"https:\/\/dicodusport.fr\/blog\/wp-content\/uploads\/2020\/06\/cropped-LOGO-DICODUSPORT-2020-SANS-FOND-SANS-TEXTE.png","contentUrl":"https:\/\/dicodusport.fr\/blog\/wp-content\/uploads\/2020\/06\/cropped-LOGO-DICODUSPORT-2020-SANS-FOND-SANS-TEXTE.png","width":512,"height":512,"caption":"Dicodusport"},"image":{"@id":"https:\/\/dicodusport.fr\/blog\/#\/schema\/logo\/image\/"},"sameAs":["https:\/\/www.facebook.com\/dicodusport","https:\/\/x.com\/dicodusport","https:\/\/www.instagram.com\/dicodusport\/","https:\/\/www.youtube.com\/channel\/UC7V2KZ5sd3htJivAbA4ZG3w"],"description":"Dicodusport est l'encyclop\u00e9die de l'actualit\u00e9 sportive.","email":"bonjour@dicodusport.fr","legalName":"DICODUSPORT","foundingDate":"2018-01-14","vatID":"FR71834470973","taxID":"83447097300043","numberOfEmployees":{"@type":"QuantitativeValue","minValue":"1","maxValue":"10"}},{"@type":"Person","@id":"https:\/\/dicodusport.fr\/blog\/#\/schema\/person\/cce96fa88785bd8573e3d43078ac8c79","name":"Arlette Yeye","image":{"@type":"ImageObject","inLanguage":"fr-FR","@id":"https:\/\/dicodusport.fr\/blog\/#\/schema\/person\/image\/","url":"https:\/\/secure.gravatar.com\/avatar\/dca4a6239e6d708e46c45d60e160de6c?s=96&d=wp_user_avatar&r=g","contentUrl":"https:\/\/secure.gravatar.com\/avatar\/dca4a6239e6d708e46c45d60e160de6c?s=96&d=wp_user_avatar&r=g","caption":"Arlette Yeye"},"description":"Journaliste\/r\u00e9dactrice depuis septembre 2015 - Supportrice de Chelsea, j'ai pour sports de pr\u00e9dilection le handball, l'athl\u00e9tisme et le tennis. Si je tweete plus vite que mon ombre, vous pouvez aussi me retrouver les week-ends sur les playgrounds de Bruxelles pour un petit foot ou basket entre potes. Parcourir la France, l'Europe et plus si affinit\u00e9s pour suivre mes sportifs pr\u00e9f\u00e9r\u00e9s ? Mon kif ! Et c'est avec plaisir que je partage les r\u00e9sultats des sports populaires mais \u00e9galement plus confidentiels pour Dicodusport.","sameAs":["https:\/\/x.com\/https:\/\/twitter.com\/Shiclette94"],"url":"https:\/\/dicodusport.fr\/blog\/author\/arlette\/"}]}},"_links":{"self":[{"href":"https:\/\/dicodusport.fr\/blog\/wp-json\/wp\/v2\/posts\/401164","targetHints":{"allow":["GET"]}}],"collection":[{"href":"https:\/\/dicodusport.fr\/blog\/wp-json\/wp\/v2\/posts"}],"about":[{"href":"https:\/\/dicodusport.fr\/blog\/wp-json\/wp\/v2\/types\/post"}],"author":[{"embeddable":true,"href":"https:\/\/dicodusport.fr\/blog\/wp-json\/wp\/v2\/users\/12"}],"replies":[{"embeddable":true,"href":"https:\/\/dicodusport.fr\/blog\/wp-json\/wp\/v2\/comments?post=401164"}],"version-history":[{"count":0,"href":"https:\/\/dicodusport.fr\/blog\/wp-json\/wp\/v2\/posts\/401164\/revisions"}],"wp:featuredmedia":[{"embeddable":true,"href":"https:\/\/dicodusport.fr\/blog\/wp-json\/wp\/v2\/media\/403388"}],"wp:attachment":[{"href":"https:\/\/dicodusport.fr\/blog\/wp-json\/wp\/v2\/media?parent=401164"}],"wp:term":[{"taxonomy":"category","embeddable":true,"href":"https:\/\/dicodusport.fr\/blog\/wp-json\/wp\/v2\/categories?post=401164"},{"taxonomy":"post_tag","embeddable":true,"href":"https:\/\/dicodusport.fr\/blog\/wp-json\/wp\/v2\/tags?post=401164"}],"curies":[{"name":"wp","href":"https:\/\/api.w.org\/{rel}","templated":true}]}}