{"id":401299,"date":"2023-07-21T11:40:41","date_gmt":"2023-07-21T09:40:41","guid":{"rendered":"https:\/\/dicodusport.fr\/blog\/?p=401299&#038;preview=true&#038;preview_id=401299"},"modified":"2023-07-21T11:40:41","modified_gmt":"2023-07-21T09:40:41","slug":"tour-de-france-femmes-2023-les-favorites-et-outsiders","status":"publish","type":"post","link":"https:\/\/dicodusport.fr\/blog\/tour-de-france-femmes-2023-les-favorites-et-outsiders\/","title":{"rendered":"Tour de France Femmes 2023 : Les favorites et outsiders"},"content":{"rendered":"<p style=\"text-align: justify;\"><b><i><a href=\"https:\/\/dicodusport.fr\/blog\/actualites\/cyclisme\/cyclisme-sur-route-2023\/tour-de-france-femmes-2023\/\">TOUR DE FRANCE FEMMES 2023<\/a> &#8211; Focus sur les favorites et les outsiders qui vont jouer un r\u00f4le sur le classement g\u00e9n\u00e9ral. Avec un duel entre Demi Vollering (SD-Worx) et Annemiek van Vleuten (Movistar), tenante du titre.<\/i><\/b><\/p>\n<h2>Vers un duel Vollering &#8211; van Vleuten ?<\/h2>\n<p style=\"text-align: justify;\">Sauf chutes, elles sont les deux immenses favorites de ce Tour de France Femmes 2023. <strong>Demi Vollering<\/strong> (SD-Worx) et <strong>Annemiek van Vleuten<\/strong> (Movistar) devraient survoler la course. Mais dans quel ordre ? C&rsquo;est tout le suspense ! Si <strong>Annemiek van Vleuten<\/strong> (40 ans) est la tenante du titre et reste sur six victoires cons\u00e9cutives sur des Grands Tours, la tendance est plut\u00f4t \u00e0 sa jeune compatriote. Pourtant, sur les routes de <a href=\"https:\/\/dicodusport.fr\/blog\/vuelta-femmes-2023-classement-general\/\">la derni\u00e8re Vuelta<\/a>, c&rsquo;est bien la coureuse de la Movistar qui avait domin\u00e9 son adversaire.<\/p>\n<p style=\"text-align: justify;\">Oui, mais, elle avait profit\u00e9 d&rsquo;un fait de course et d&rsquo;un arr\u00eat \u00ab\u00a0pipi\u00a0\u00bb de Vollering, pour attaquer et lui prendre plus d&rsquo;une minute trente. Et sur les routes des Lacs de Covadonga, \u00e0 la pure p\u00e9dale, elle avait conc\u00e9d\u00e9 pr\u00e8s de 56 secondes, pour n&rsquo;en garder que neuf au g\u00e9n\u00e9ral sur la ligne. Les Lacs de Covadonga, dont les pentes peuvent rappeler celles du Tourmalet, que les protagonistes de la Grande Boucle femmes auront \u00e0 affronter lors de l&rsquo;avant-derni\u00e8re \u00e9tape.<\/p>\n<h3 style=\"text-align: justify;\">La SD-Worx sur plusieurs tableaux et la Movistar focus sur sa leader<\/h3>\n<p style=\"text-align: justify;\">Si l&rsquo;\u00e9cart entre les deux N\u00e9erlandaises avait \u00e9t\u00e9 \u00e9norme lors du Tour de France 2022, 3:48 \u00e0 la fin, celui-ci s&rsquo;est consid\u00e9rablement combl\u00e9 en 2023. On peut m\u00eame dire que le rapport de force s&rsquo;est invers\u00e9. Ce fut le cas sur les Ardennaises, avec un tripl\u00e9 exceptionnel de la coureuse de la SD-Worx. Qui a litt\u00e9ralement d\u00e9truit la concurrence lors du printemps. Elle a d\u00e9j\u00e0 lev\u00e9 les bras \u00e0 13 reprises cette saison. Mais, petit b\u00e9mol, hormis le Tour de Burgos, elle n&rsquo;a pas remport\u00e9 de courses \u00e0 \u00e9tapes. Elle sera surveill\u00e9e comme le lait sur le feu, y compris sur des \u00e9tapes pi\u00e9geuses o\u00f9 elle n&rsquo;aura pas le droit \u00e0 une erreur comme celle de la Vuelta 2023. Contrairement \u00e0 <strong>Annemiek van Vleuten<\/strong>, elle a choisi de faire impasse sur le Giro, \u00e9cras\u00e9 par cette derni\u00e8re.<\/p>\n<p style=\"text-align: justify;\">D&rsquo;un point de vue des lieutenantes, du c\u00f4t\u00e9 de la SD-Worx, on va jouer sur plusieurs tableaux, avec Lorena Wiebes pour les sprints,<strong> Lotte Kopecky<\/strong> qui peut tirer son \u00e9pingle du jeu sur des \u00e9tapes compliqu\u00e9es. Mais <strong>Demi Vollering<\/strong> peut compter sur une impressionnante <strong>Marlen Reusser<\/strong> en 2023. Elle a remport\u00e9 le Tour du Pays Basque et le Tour de Suisse. Bonne rouleuse, elle a franchi un step monumental dans la montagne en 2023. Comme quoi, \u00e0 31 ans, les progr\u00e8s sont toujours possibles. Pour la Movistar, la principale \u00e9quipi\u00e8re\u00a0 d&rsquo;<strong>Annemiek van Vleuten,<\/strong> comme sur la Vuelta et le Giro, sera <strong>Liane Lippert<\/strong>. Transfuge de la DSM cette saison, l&rsquo;Allemande de 25 ans a pris la 16e place du Giro et la 21e de la Vuelta, en \u00e9tant d\u00e9vou\u00e9e \u00e0 sa leader. Elle poss\u00e8de de belles qualit\u00e9s en montagne, mais semble un ton en dessous d&rsquo;une <strong>Marlen Reusser<\/strong>.<\/p>\n<div class=\"vlp-link-container vlp-layout-article\"><a href=\"https:\/\/dicodusport.fr\/blog\/tour-de-france-femmes-2023-les-selections-des-equipes\/\" class=\"vlp-link\" title=\"Tour de France Femmes 2023 - Les s\u00e9lections des \u00e9quipes\"><\/a><div class=\"vlp-layout-zone-side\"><div class=\"vlp-block-4 vlp-link-image\"><img loading=\"lazy\" decoding=\"async\" style=\"max-width: 800px;\" width=\"800\" height=\"445\" src=\"https:\/\/dicodusport.fr\/blog\/wp-content\/uploads\/2023\/07\/Tour-de-France-Femmes-2023-Les-selections-des-equipes.png\" class=\"attachment-800x445 size-800x445\" alt=\"Tour de France Femmes 2023 - Les s\u00e9lections des \u00e9quipes\" srcset=\"https:\/\/dicodusport.fr\/blog\/wp-content\/uploads\/2023\/07\/Tour-de-France-Femmes-2023-Les-selections-des-equipes.png 800w, https:\/\/dicodusport.fr\/blog\/wp-content\/uploads\/2023\/07\/Tour-de-France-Femmes-2023-Les-selections-des-equipes-300x167.png 300w, https:\/\/dicodusport.fr\/blog\/wp-content\/uploads\/2023\/07\/Tour-de-France-Femmes-2023-Les-selections-des-equipes-768x427.png 768w\" sizes=\"auto, (max-width: 800px) 100vw, 800px\" \/><\/div><\/div><div class=\"vlp-layout-zone-main\"><div class=\"vlp-block-0 vlp-link-title\">Tour de France Femmes 2023 - Les s\u00e9lections des \u00e9quipes<\/div><div class=\"vlp-block-1 vlp-link-summary\">TOUR DE FRANCE FEMMES 2023 - Retrouvez les s\u00e9lections des \u00e9quipes pour le Tour de France F\u00e9minin 2023, qui se d\u00e9roule du dimanche 23 juillet au dimanche 30 juillet 2023.<\/div><div class=\"vlp-block-2 vlp-link-button\">Lire l'article<\/div><div class=\"vlp-block-3 vlp-link-url\">dicodusport.fr<\/div><\/div><\/div>\n<h2 style=\"text-align: justify;\">Bataille ouverte pour la 3e place ?<\/h2>\n<p style=\"text-align: justify;\">Si les deux N\u00e9erlandaises devraient se d\u00e9marquer pour la victoire finale, la bataille pour le podium risque d&rsquo;\u00eatre tr\u00e8s ouverte ! Et, bien malin sera celui qui parviendra \u00e0 pr\u00e9dire qui montera sur ce podium. Il y a des \u00e9quipes qui arrivent avec des forces en pr\u00e9sence. Comme la FDJ-Suez. Qui arrive avec trois coureuses capables de briller. La logique voudrait que ce soit<strong> Marta Cavalli<\/strong> la leader. Mais l&rsquo;Italienne, vainqueur de la Fl\u00e8che Wallonne en 2022 et 2e du Giro cette m\u00eame ann\u00e9e, n&rsquo;est pas encore remise totalement de son terrible choc au dos, lors de la Grande Boucle 2022.<\/p>\n<p style=\"text-align: justify;\">S&rsquo;il y a du mieux par rapport au d\u00e9but de saison, la Transalpine a encore des trous, comme sur le dernier Giro. Mais la formation fran\u00e7aise peut compter sur <strong>C\u00e9cilie Uttrup Ludwig,<\/strong> 7e du Tour en 2022. Et la jeune Fran\u00e7aise <strong>\u00c9vita Muzic<\/strong>, \u00e9galement dans le top 10. Et qui a r\u00e9alis\u00e9 une tr\u00e8s grande Vuelta, avec une 6e place finale et une 4e place \u00e0 la p\u00e9dale, aux Lacs de Covadonga.<\/p>\n<h3 style=\"text-align: justify;\">La surprise Deignan ?<\/h3>\n<p style=\"text-align: justify;\">D&rsquo;autres \u00e9quipes arrivent en force, comme la Canyon-SRAM. Emmen\u00e9e par <strong>Katarzyna Niewiadoma<\/strong>, 3e du Tour en 2022. Qui a fait une fin de printemps plus convaincante que son d\u00e9but de saison. Sa 10e place sur la Vuelta, a \u00e9t\u00e9 une petite d\u00e9ception, mais cela lui a permis de se d\u00e9bloquer, 3e du Tour du Pays Basque et 4e du Tour de Suisse. Elle sera \u00e9paul\u00e9e, entre autres, par la Suissesse <strong>Elise Chabbey<\/strong> et l&rsquo;Italienne <strong>Soraya Paladin<\/strong>.<\/p>\n<p style=\"text-align: justify;\">La Lidl-Trek sera emmen\u00e9e par une <strong>Elisa Longo Borghini<\/strong> qui \u00e9tait \u00e9norme sur les routes du Giro, avant de conna\u00eetre une terrible chute. Et attention \u00e0 <strong>Lizzie Deignan<\/strong>. La Britannique de 34 ans avait pr\u00e9venu. De retour de grossesse cette saison, son d\u00e9but 2023 serait consacr\u00e9 \u00e0 faire des efforts pour <em>\u00ab des objectifs plus lointains dans la saison \u00bb<\/em>. La premi\u00e8re vainqueure de l&rsquo;histoire de Paris-Roubaix, en 2021, peut-\u00eatre une des grandes surprises de cette Grande Boucle. Car elle sait faire !<\/p>\n<div class=\"vlp-link-container vlp-layout-article\"><a href=\"https:\/\/dicodusport.fr\/blog\/tour-de-france-femmes-2023-le-profil-des-etapes\/\" class=\"vlp-link\" title=\"Tour de France Femmes 2023 - Le profil des \u00e9tapes\"><\/a><div class=\"vlp-layout-zone-side\"><div class=\"vlp-block-4 vlp-link-image\"><img loading=\"lazy\" decoding=\"async\" style=\"max-width: 800px;\" width=\"800\" height=\"445\" src=\"https:\/\/dicodusport.fr\/blog\/wp-content\/uploads\/2023\/07\/Tour-de-France-Femmes-2023-Le-profil-des-etapes.png\" class=\"attachment-800x445 size-800x445\" alt=\"Tour de France Femmes 2023 - Le profil des \u00e9tapes\" srcset=\"https:\/\/dicodusport.fr\/blog\/wp-content\/uploads\/2023\/07\/Tour-de-France-Femmes-2023-Le-profil-des-etapes.png 800w, https:\/\/dicodusport.fr\/blog\/wp-content\/uploads\/2023\/07\/Tour-de-France-Femmes-2023-Le-profil-des-etapes-300x167.png 300w, https:\/\/dicodusport.fr\/blog\/wp-content\/uploads\/2023\/07\/Tour-de-France-Femmes-2023-Le-profil-des-etapes-768x427.png 768w\" sizes=\"auto, (max-width: 800px) 100vw, 800px\" \/><\/div><\/div><div class=\"vlp-layout-zone-main\"><div class=\"vlp-block-0 vlp-link-title\">Tour de France Femmes 2023 - Le profil des \u00e9tapes<\/div><div class=\"vlp-block-1 vlp-link-summary\">TOUR DE FRANCE FEMMES 2023\u00a0- D\u00e9couvrez le profil des 8 \u00e9tapes du Tour de France F\u00e9minin 2023, qui se d\u00e9roule du dimanche 23 au dimanche 30 juillet, entre Clermont-Ferrand et Pau.<\/div><div class=\"vlp-block-2 vlp-link-button\">Lire l'article<\/div><div class=\"vlp-block-3 vlp-link-url\">dicodusport.fr<\/div><\/div><\/div>\n<h3 style=\"text-align: justify;\">Si c&rsquo;\u00e9tait Labous ?<\/h3>\n<p style=\"text-align: justify;\">C\u00f4t\u00e9 Fran\u00e7ais, on ne va pas oublier <strong>Juliette Labous<\/strong> (Team DSM-Firmenich). La Fran\u00e7aise est la premi\u00e8re tricolore \u00e0 avoir termin\u00e9 sur le podium d&rsquo;un Grand Tour depuis <strong>Pauline Ferrand-Pr\u00e9vot<\/strong> en 2014. C&rsquo;\u00e9tait lors du r\u00e9cent Giro. Cela va booster la confiance de celle qui a termin\u00e9 \u00e0 la 4e place du Tour de France 2022 et qui n&rsquo;a qu&rsquo;un r\u00eave, grimper dans la hi\u00e9rarchie. Un podium pour une Fran\u00e7aise, \u00e0 l&rsquo;heure o\u00f9 les hommes sont en l\u00e9g\u00e8re souffrance actuellement, et cela pourrait faire d\u00e9coller la notori\u00e9t\u00e9 de <strong>Juliette Labous<\/strong>.<\/p>\n<p style=\"text-align: justify;\">On surveillera \u00e9galement <strong>Ane Santesteban<\/strong> (Jayco-AlUla), <strong>Veronica Ewers<\/strong> (EF Education-TIBCO-SVB) 4e du dernier Giro, <strong>Ashleigh Moolman<\/strong> (AG Insurance-Soudal Quick Step), <strong>Silvia Persico<\/strong> (UAE ADQ), brillante en d\u00e9but de saison, mais un peu plus en retrait depuis deux mois. Attention aussi \u00e0<strong> Riejanne Markus<\/strong> (Jumbo-Visma), en confiance apr\u00e8s sa 4e place sur les routes de la Vuelta, au mois de mai dernier.<\/p>\n<h2 style=\"text-align: justify;\">\u00c0 lire aussi<\/h2>\n<ul>\n<li style=\"text-align: justify;\"><a href=\"https:\/\/dicodusport.fr\/blog\/tour-de-france-femmes-2023-les-selections-des-equipes\/\"><strong>Les s\u00e9lections des \u00e9quipes pour le Tour de France Femmes 2023<\/strong><\/a><\/li>\n<li style=\"text-align: justify;\"><a href=\"https:\/\/dicodusport.fr\/blog\/tour-de-france-femmes-2023-le-profil-des-etapes\/\"><strong>Le profil des \u00e9tapes du Tour de France Femmes 2023<\/strong><\/a><\/li>\n<\/ul>\n<p>&nbsp;<\/p>\n","protected":false},"excerpt":{"rendered":"<p>TOUR DE FRANCE FEMMES 2023 &#8211; Focus sur les favorites et les outsiders qui vont jouer un r\u00f4le sur le classement g\u00e9n\u00e9ral. Avec un duel entre Demi Vollering (SD-Worx) et Annemiek van Vleuten (Movistar), tenante du titre.<\/p>\n","protected":false},"author":83,"featured_media":401334,"comment_status":"open","ping_status":"closed","sticky":false,"template":"","format":"standard","meta":{"_acf_changed":false,"_daextam_enable_autolinks":"","footnotes":""},"categories":[46995],"tags":[16878,24,19848],"class_list":["post-401299","post","type-post","status-publish","format-standard","has-post-thumbnail","hentry","category-tour-de-france","tag-breve","tag-sport","tag-tour-de-france-femmes"],"acf":[],"yoast_head":"<!-- This site is optimized with the Yoast SEO Premium plugin v26.7 (Yoast SEO v26.7) - https:\/\/yoast.com\/wordpress\/plugins\/seo\/ -->\n<title>Tour de France Femmes 2023 : Les favorites et outsiders<\/title>\n<meta name=\"description\" content=\"TOUR DE FRANCE FEMMES 2023 - Focus sur les favorites et les outsiders qui vont jouer un r\u00f4le sur le classement g\u00e9n\u00e9ral.\" \/>\n<meta name=\"robots\" content=\"index, follow, max-snippet:-1, max-image-preview:large, max-video-preview:-1\" \/>\n<link rel=\"canonical\" href=\"https:\/\/dicodusport.fr\/blog\/tour-de-france-femmes-2023-les-favorites-et-outsiders\/\" \/>\n<meta property=\"og:locale\" content=\"fr_FR\" \/>\n<meta property=\"og:type\" content=\"article\" \/>\n<meta property=\"og:title\" content=\"Tour de France Femmes 2023 : Les favorites et outsiders\" \/>\n<meta property=\"og:description\" content=\"TOUR DE FRANCE FEMMES 2023 - Focus sur les favorites et les outsiders qui vont jouer un r\u00f4le sur le classement g\u00e9n\u00e9ral.\" \/>\n<meta property=\"og:url\" content=\"https:\/\/dicodusport.fr\/blog\/tour-de-france-femmes-2023-les-favorites-et-outsiders\/\" \/>\n<meta property=\"og:site_name\" content=\"Dicodusport\" \/>\n<meta property=\"article:publisher\" content=\"https:\/\/www.facebook.com\/dicodusport\" \/>\n<meta property=\"article:published_time\" content=\"2023-07-21T09:40:41+00:00\" \/>\n<meta property=\"og:image\" content=\"https:\/\/dicodusport.fr\/blog\/wp-content\/uploads\/2023\/07\/Tour-de-France-Femmes-2023-Les-favorites-et-outsiders-de-la-course.png\" \/>\n\t<meta property=\"og:image:width\" content=\"800\" \/>\n\t<meta property=\"og:image:height\" content=\"445\" \/>\n\t<meta property=\"og:image:type\" content=\"image\/png\" \/>\n<meta name=\"author\" content=\"Etienne Goursaud\" \/>\n<meta name=\"twitter:card\" content=\"summary_large_image\" \/>\n<meta name=\"twitter:title\" content=\"Tour de France Femmes 2023 : Les favorites et outsiders\" \/>\n<meta name=\"twitter:creator\" content=\"@dicodusport\" \/>\n<meta name=\"twitter:site\" content=\"@dicodusport\" \/>\n<script type=\"application\/ld+json\" class=\"yoast-schema-graph\">{\"@context\":\"https:\/\/schema.org\",\"@graph\":[{\"@type\":\"NewsArticle\",\"@id\":\"https:\/\/dicodusport.fr\/blog\/tour-de-france-femmes-2023-les-favorites-et-outsiders\/#article\",\"isPartOf\":{\"@id\":\"https:\/\/dicodusport.fr\/blog\/tour-de-france-femmes-2023-les-favorites-et-outsiders\/\"},\"author\":{\"name\":\"Etienne Goursaud\",\"@id\":\"https:\/\/dicodusport.fr\/blog\/#\/schema\/person\/d603dd7da31fb2b46c82b9835a77ec13\"},\"headline\":\"Tour de France Femmes 2023 : Les favorites et outsiders\",\"datePublished\":\"2023-07-21T09:40:41+00:00\",\"mainEntityOfPage\":{\"@id\":\"https:\/\/dicodusport.fr\/blog\/tour-de-france-femmes-2023-les-favorites-et-outsiders\/\"},\"wordCount\":1219,\"commentCount\":0,\"publisher\":{\"@id\":\"https:\/\/dicodusport.fr\/blog\/#organization\"},\"image\":{\"@id\":\"https:\/\/dicodusport.fr\/blog\/tour-de-france-femmes-2023-les-favorites-et-outsiders\/#primaryimage\"},\"thumbnailUrl\":\"https:\/\/dicodusport.fr\/blog\/wp-content\/uploads\/2023\/07\/Tour-de-France-Femmes-2023-Les-favorites-et-outsiders-de-la-course.png\",\"keywords\":[\"br\u00e8ve\",\"sport\",\"Tour de France Femmes\"],\"articleSection\":[\"Tour de France\"],\"inLanguage\":\"fr-FR\",\"potentialAction\":[{\"@type\":\"CommentAction\",\"name\":\"Comment\",\"target\":[\"https:\/\/dicodusport.fr\/blog\/tour-de-france-femmes-2023-les-favorites-et-outsiders\/#respond\"]}],\"copyrightYear\":\"2023\",\"copyrightHolder\":{\"@id\":\"https:\/\/dicodusport.fr\/blog\/#organization\"}},{\"@type\":\"WebPage\",\"@id\":\"https:\/\/dicodusport.fr\/blog\/tour-de-france-femmes-2023-les-favorites-et-outsiders\/\",\"url\":\"https:\/\/dicodusport.fr\/blog\/tour-de-france-femmes-2023-les-favorites-et-outsiders\/\",\"name\":\"Tour de France Femmes 2023 : Les favorites et outsiders\",\"isPartOf\":{\"@id\":\"https:\/\/dicodusport.fr\/blog\/#website\"},\"primaryImageOfPage\":{\"@id\":\"https:\/\/dicodusport.fr\/blog\/tour-de-france-femmes-2023-les-favorites-et-outsiders\/#primaryimage\"},\"image\":{\"@id\":\"https:\/\/dicodusport.fr\/blog\/tour-de-france-femmes-2023-les-favorites-et-outsiders\/#primaryimage\"},\"thumbnailUrl\":\"https:\/\/dicodusport.fr\/blog\/wp-content\/uploads\/2023\/07\/Tour-de-France-Femmes-2023-Les-favorites-et-outsiders-de-la-course.png\",\"datePublished\":\"2023-07-21T09:40:41+00:00\",\"description\":\"TOUR DE FRANCE FEMMES 2023 - Focus sur les favorites et les outsiders qui vont jouer un r\u00f4le sur le classement g\u00e9n\u00e9ral.\",\"breadcrumb\":{\"@id\":\"https:\/\/dicodusport.fr\/blog\/tour-de-france-femmes-2023-les-favorites-et-outsiders\/#breadcrumb\"},\"inLanguage\":\"fr-FR\",\"potentialAction\":[{\"@type\":\"ReadAction\",\"target\":[\"https:\/\/dicodusport.fr\/blog\/tour-de-france-femmes-2023-les-favorites-et-outsiders\/\"]}]},{\"@type\":\"ImageObject\",\"inLanguage\":\"fr-FR\",\"@id\":\"https:\/\/dicodusport.fr\/blog\/tour-de-france-femmes-2023-les-favorites-et-outsiders\/#primaryimage\",\"url\":\"https:\/\/dicodusport.fr\/blog\/wp-content\/uploads\/2023\/07\/Tour-de-France-Femmes-2023-Les-favorites-et-outsiders-de-la-course.png\",\"contentUrl\":\"https:\/\/dicodusport.fr\/blog\/wp-content\/uploads\/2023\/07\/Tour-de-France-Femmes-2023-Les-favorites-et-outsiders-de-la-course.png\",\"width\":800,\"height\":445,\"caption\":\"Tour de France Femmes 2023 - Les favorites et outsiders de la course\"},{\"@type\":\"BreadcrumbList\",\"@id\":\"https:\/\/dicodusport.fr\/blog\/tour-de-france-femmes-2023-les-favorites-et-outsiders\/#breadcrumb\",\"itemListElement\":[{\"@type\":\"ListItem\",\"position\":1,\"name\":\"Accueil\",\"item\":\"https:\/\/dicodusport.fr\/blog\/\"},{\"@type\":\"ListItem\",\"position\":2,\"name\":\"Tour de France Femmes 2023 : Les favorites et outsiders\"}]},{\"@type\":\"WebSite\",\"@id\":\"https:\/\/dicodusport.fr\/blog\/#website\",\"url\":\"https:\/\/dicodusport.fr\/blog\/\",\"name\":\"Dicodusport\",\"description\":\"L&#039;encyclop\u00e9die de l&#039;actualit\u00e9 sportive\",\"publisher\":{\"@id\":\"https:\/\/dicodusport.fr\/blog\/#organization\"},\"potentialAction\":[{\"@type\":\"SearchAction\",\"target\":{\"@type\":\"EntryPoint\",\"urlTemplate\":\"https:\/\/dicodusport.fr\/blog\/?s={search_term_string}\"},\"query-input\":{\"@type\":\"PropertyValueSpecification\",\"valueRequired\":true,\"valueName\":\"search_term_string\"}}],\"inLanguage\":\"fr-FR\"},{\"@type\":\"NewsMediaOrganization\",\"@id\":\"https:\/\/dicodusport.fr\/blog\/#organization\",\"name\":\"Dicodusport\",\"url\":\"https:\/\/dicodusport.fr\/blog\/\",\"logo\":{\"@type\":\"ImageObject\",\"inLanguage\":\"fr-FR\",\"@id\":\"https:\/\/dicodusport.fr\/blog\/#\/schema\/logo\/image\/\",\"url\":\"https:\/\/dicodusport.fr\/blog\/wp-content\/uploads\/2020\/06\/cropped-LOGO-DICODUSPORT-2020-SANS-FOND-SANS-TEXTE.png\",\"contentUrl\":\"https:\/\/dicodusport.fr\/blog\/wp-content\/uploads\/2020\/06\/cropped-LOGO-DICODUSPORT-2020-SANS-FOND-SANS-TEXTE.png\",\"width\":512,\"height\":512,\"caption\":\"Dicodusport\"},\"image\":{\"@id\":\"https:\/\/dicodusport.fr\/blog\/#\/schema\/logo\/image\/\"},\"sameAs\":[\"https:\/\/www.facebook.com\/dicodusport\",\"https:\/\/x.com\/dicodusport\",\"https:\/\/www.instagram.com\/dicodusport\/\",\"https:\/\/www.youtube.com\/channel\/UC7V2KZ5sd3htJivAbA4ZG3w\"],\"description\":\"Dicodusport est l'encyclop\u00e9die de l'actualit\u00e9 sportive.\",\"email\":\"bonjour@dicodusport.fr\",\"legalName\":\"DICODUSPORT\",\"foundingDate\":\"2018-01-14\",\"vatID\":\"FR71834470973\",\"taxID\":\"83447097300043\",\"numberOfEmployees\":{\"@type\":\"QuantitativeValue\",\"minValue\":\"1\",\"maxValue\":\"10\"}},{\"@type\":\"Person\",\"@id\":\"https:\/\/dicodusport.fr\/blog\/#\/schema\/person\/d603dd7da31fb2b46c82b9835a77ec13\",\"name\":\"Etienne Goursaud\",\"image\":{\"@type\":\"ImageObject\",\"inLanguage\":\"fr-FR\",\"@id\":\"https:\/\/dicodusport.fr\/blog\/#\/schema\/person\/image\/\",\"url\":\"https:\/\/dicodusport.fr\/blog\/wp-content\/uploads\/2023\/12\/410122264_10231602061736049_5565839791558026645_n-150x150.jpg\",\"contentUrl\":\"https:\/\/dicodusport.fr\/blog\/wp-content\/uploads\/2023\/12\/410122264_10231602061736049_5565839791558026645_n-150x150.jpg\",\"caption\":\"Etienne Goursaud\"},\"description\":\"Journaliste et amoureux de sport. Ancien footballeur reconverti athl\u00e8te quand ses muscles le laissent tranquille. \u00c9lev\u00e9 \u00e0 la sauce des exploits de Thomas Voeckler en 2004, du dernier essai de l\u00e9gende de Eunice Barber \u00e0 la longueur lors des championnats du monde d'athl\u00e9tisme de 2003 mais aussi Zidane, Omeyer et Titou Lamaison.\",\"url\":\"https:\/\/dicodusport.fr\/blog\/author\/etienne-goursaud\/\"}]}<\/script>\n<!-- \/ Yoast SEO Premium plugin. -->","yoast_head_json":{"title":"Tour de France Femmes 2023 : Les favorites et outsiders","description":"TOUR DE FRANCE FEMMES 2023 - Focus sur les favorites et les outsiders qui vont jouer un r\u00f4le sur le classement g\u00e9n\u00e9ral.","robots":{"index":"index","follow":"follow","max-snippet":"max-snippet:-1","max-image-preview":"max-image-preview:large","max-video-preview":"max-video-preview:-1"},"canonical":"https:\/\/dicodusport.fr\/blog\/tour-de-france-femmes-2023-les-favorites-et-outsiders\/","og_locale":"fr_FR","og_type":"article","og_title":"Tour de France Femmes 2023 : Les favorites et outsiders","og_description":"TOUR DE FRANCE FEMMES 2023 - Focus sur les favorites et les outsiders qui vont jouer un r\u00f4le sur le classement g\u00e9n\u00e9ral.","og_url":"https:\/\/dicodusport.fr\/blog\/tour-de-france-femmes-2023-les-favorites-et-outsiders\/","og_site_name":"Dicodusport","article_publisher":"https:\/\/www.facebook.com\/dicodusport","article_published_time":"2023-07-21T09:40:41+00:00","og_image":[{"width":800,"height":445,"url":"https:\/\/dicodusport.fr\/blog\/wp-content\/uploads\/2023\/07\/Tour-de-France-Femmes-2023-Les-favorites-et-outsiders-de-la-course.png","type":"image\/png"}],"author":"Etienne Goursaud","twitter_card":"summary_large_image","twitter_title":"Tour de France Femmes 2023 : Les favorites et outsiders","twitter_creator":"@dicodusport","twitter_site":"@dicodusport","schema":{"@context":"https:\/\/schema.org","@graph":[{"@type":"NewsArticle","@id":"https:\/\/dicodusport.fr\/blog\/tour-de-france-femmes-2023-les-favorites-et-outsiders\/#article","isPartOf":{"@id":"https:\/\/dicodusport.fr\/blog\/tour-de-france-femmes-2023-les-favorites-et-outsiders\/"},"author":{"name":"Etienne Goursaud","@id":"https:\/\/dicodusport.fr\/blog\/#\/schema\/person\/d603dd7da31fb2b46c82b9835a77ec13"},"headline":"Tour de France Femmes 2023 : Les favorites et outsiders","datePublished":"2023-07-21T09:40:41+00:00","mainEntityOfPage":{"@id":"https:\/\/dicodusport.fr\/blog\/tour-de-france-femmes-2023-les-favorites-et-outsiders\/"},"wordCount":1219,"commentCount":0,"publisher":{"@id":"https:\/\/dicodusport.fr\/blog\/#organization"},"image":{"@id":"https:\/\/dicodusport.fr\/blog\/tour-de-france-femmes-2023-les-favorites-et-outsiders\/#primaryimage"},"thumbnailUrl":"https:\/\/dicodusport.fr\/blog\/wp-content\/uploads\/2023\/07\/Tour-de-France-Femmes-2023-Les-favorites-et-outsiders-de-la-course.png","keywords":["br\u00e8ve","sport","Tour de France Femmes"],"articleSection":["Tour de France"],"inLanguage":"fr-FR","potentialAction":[{"@type":"CommentAction","name":"Comment","target":["https:\/\/dicodusport.fr\/blog\/tour-de-france-femmes-2023-les-favorites-et-outsiders\/#respond"]}],"copyrightYear":"2023","copyrightHolder":{"@id":"https:\/\/dicodusport.fr\/blog\/#organization"}},{"@type":"WebPage","@id":"https:\/\/dicodusport.fr\/blog\/tour-de-france-femmes-2023-les-favorites-et-outsiders\/","url":"https:\/\/dicodusport.fr\/blog\/tour-de-france-femmes-2023-les-favorites-et-outsiders\/","name":"Tour de France Femmes 2023 : Les favorites et outsiders","isPartOf":{"@id":"https:\/\/dicodusport.fr\/blog\/#website"},"primaryImageOfPage":{"@id":"https:\/\/dicodusport.fr\/blog\/tour-de-france-femmes-2023-les-favorites-et-outsiders\/#primaryimage"},"image":{"@id":"https:\/\/dicodusport.fr\/blog\/tour-de-france-femmes-2023-les-favorites-et-outsiders\/#primaryimage"},"thumbnailUrl":"https:\/\/dicodusport.fr\/blog\/wp-content\/uploads\/2023\/07\/Tour-de-France-Femmes-2023-Les-favorites-et-outsiders-de-la-course.png","datePublished":"2023-07-21T09:40:41+00:00","description":"TOUR DE FRANCE FEMMES 2023 - Focus sur les favorites et les outsiders qui vont jouer un r\u00f4le sur le classement g\u00e9n\u00e9ral.","breadcrumb":{"@id":"https:\/\/dicodusport.fr\/blog\/tour-de-france-femmes-2023-les-favorites-et-outsiders\/#breadcrumb"},"inLanguage":"fr-FR","potentialAction":[{"@type":"ReadAction","target":["https:\/\/dicodusport.fr\/blog\/tour-de-france-femmes-2023-les-favorites-et-outsiders\/"]}]},{"@type":"ImageObject","inLanguage":"fr-FR","@id":"https:\/\/dicodusport.fr\/blog\/tour-de-france-femmes-2023-les-favorites-et-outsiders\/#primaryimage","url":"https:\/\/dicodusport.fr\/blog\/wp-content\/uploads\/2023\/07\/Tour-de-France-Femmes-2023-Les-favorites-et-outsiders-de-la-course.png","contentUrl":"https:\/\/dicodusport.fr\/blog\/wp-content\/uploads\/2023\/07\/Tour-de-France-Femmes-2023-Les-favorites-et-outsiders-de-la-course.png","width":800,"height":445,"caption":"Tour de France Femmes 2023 - Les favorites et outsiders de la course"},{"@type":"BreadcrumbList","@id":"https:\/\/dicodusport.fr\/blog\/tour-de-france-femmes-2023-les-favorites-et-outsiders\/#breadcrumb","itemListElement":[{"@type":"ListItem","position":1,"name":"Accueil","item":"https:\/\/dicodusport.fr\/blog\/"},{"@type":"ListItem","position":2,"name":"Tour de France Femmes 2023 : Les favorites et outsiders"}]},{"@type":"WebSite","@id":"https:\/\/dicodusport.fr\/blog\/#website","url":"https:\/\/dicodusport.fr\/blog\/","name":"Dicodusport","description":"L&#039;encyclop\u00e9die de l&#039;actualit\u00e9 sportive","publisher":{"@id":"https:\/\/dicodusport.fr\/blog\/#organization"},"potentialAction":[{"@type":"SearchAction","target":{"@type":"EntryPoint","urlTemplate":"https:\/\/dicodusport.fr\/blog\/?s={search_term_string}"},"query-input":{"@type":"PropertyValueSpecification","valueRequired":true,"valueName":"search_term_string"}}],"inLanguage":"fr-FR"},{"@type":"NewsMediaOrganization","@id":"https:\/\/dicodusport.fr\/blog\/#organization","name":"Dicodusport","url":"https:\/\/dicodusport.fr\/blog\/","logo":{"@type":"ImageObject","inLanguage":"fr-FR","@id":"https:\/\/dicodusport.fr\/blog\/#\/schema\/logo\/image\/","url":"https:\/\/dicodusport.fr\/blog\/wp-content\/uploads\/2020\/06\/cropped-LOGO-DICODUSPORT-2020-SANS-FOND-SANS-TEXTE.png","contentUrl":"https:\/\/dicodusport.fr\/blog\/wp-content\/uploads\/2020\/06\/cropped-LOGO-DICODUSPORT-2020-SANS-FOND-SANS-TEXTE.png","width":512,"height":512,"caption":"Dicodusport"},"image":{"@id":"https:\/\/dicodusport.fr\/blog\/#\/schema\/logo\/image\/"},"sameAs":["https:\/\/www.facebook.com\/dicodusport","https:\/\/x.com\/dicodusport","https:\/\/www.instagram.com\/dicodusport\/","https:\/\/www.youtube.com\/channel\/UC7V2KZ5sd3htJivAbA4ZG3w"],"description":"Dicodusport est l'encyclop\u00e9die de l'actualit\u00e9 sportive.","email":"bonjour@dicodusport.fr","legalName":"DICODUSPORT","foundingDate":"2018-01-14","vatID":"FR71834470973","taxID":"83447097300043","numberOfEmployees":{"@type":"QuantitativeValue","minValue":"1","maxValue":"10"}},{"@type":"Person","@id":"https:\/\/dicodusport.fr\/blog\/#\/schema\/person\/d603dd7da31fb2b46c82b9835a77ec13","name":"Etienne Goursaud","image":{"@type":"ImageObject","inLanguage":"fr-FR","@id":"https:\/\/dicodusport.fr\/blog\/#\/schema\/person\/image\/","url":"https:\/\/dicodusport.fr\/blog\/wp-content\/uploads\/2023\/12\/410122264_10231602061736049_5565839791558026645_n-150x150.jpg","contentUrl":"https:\/\/dicodusport.fr\/blog\/wp-content\/uploads\/2023\/12\/410122264_10231602061736049_5565839791558026645_n-150x150.jpg","caption":"Etienne Goursaud"},"description":"Journaliste et amoureux de sport. Ancien footballeur reconverti athl\u00e8te quand ses muscles le laissent tranquille. \u00c9lev\u00e9 \u00e0 la sauce des exploits de Thomas Voeckler en 2004, du dernier essai de l\u00e9gende de Eunice Barber \u00e0 la longueur lors des championnats du monde d'athl\u00e9tisme de 2003 mais aussi Zidane, Omeyer et Titou Lamaison.","url":"https:\/\/dicodusport.fr\/blog\/author\/etienne-goursaud\/"}]}},"_links":{"self":[{"href":"https:\/\/dicodusport.fr\/blog\/wp-json\/wp\/v2\/posts\/401299","targetHints":{"allow":["GET"]}}],"collection":[{"href":"https:\/\/dicodusport.fr\/blog\/wp-json\/wp\/v2\/posts"}],"about":[{"href":"https:\/\/dicodusport.fr\/blog\/wp-json\/wp\/v2\/types\/post"}],"author":[{"embeddable":true,"href":"https:\/\/dicodusport.fr\/blog\/wp-json\/wp\/v2\/users\/83"}],"replies":[{"embeddable":true,"href":"https:\/\/dicodusport.fr\/blog\/wp-json\/wp\/v2\/comments?post=401299"}],"version-history":[{"count":0,"href":"https:\/\/dicodusport.fr\/blog\/wp-json\/wp\/v2\/posts\/401299\/revisions"}],"wp:featuredmedia":[{"embeddable":true,"href":"https:\/\/dicodusport.fr\/blog\/wp-json\/wp\/v2\/media\/401334"}],"wp:attachment":[{"href":"https:\/\/dicodusport.fr\/blog\/wp-json\/wp\/v2\/media?parent=401299"}],"wp:term":[{"taxonomy":"category","embeddable":true,"href":"https:\/\/dicodusport.fr\/blog\/wp-json\/wp\/v2\/categories?post=401299"},{"taxonomy":"post_tag","embeddable":true,"href":"https:\/\/dicodusport.fr\/blog\/wp-json\/wp\/v2\/tags?post=401299"}],"curies":[{"name":"wp","href":"https:\/\/api.w.org\/{rel}","templated":true}]}}