{"id":401545,"date":"2023-07-20T17:25:33","date_gmt":"2023-07-20T15:25:33","guid":{"rendered":"https:\/\/dicodusport.fr\/blog\/?p=401545&#038;preview=true&#038;preview_id=401545"},"modified":"2023-07-23T19:57:22","modified_gmt":"2023-07-23T17:57:22","slug":"tour-de-france-2023-nos-favoris-pour-la-19eme-etape","status":"publish","type":"post","link":"https:\/\/dicodusport.fr\/blog\/tour-de-france-2023-nos-favoris-pour-la-19eme-etape\/","title":{"rendered":"Tour de France 2023 : Nos favoris pour la 19\u00e8me \u00e9tape"},"content":{"rendered":"<p style=\"text-align: justify;\"><em><b>PRONOSTIC <\/b><a style=\"font-weight: bold;\" href=\"https:\/\/dicodusport.fr\/blog\/actualites\/cyclisme\/cyclisme-sur-route-2023\/tour-de-france-2023\/\">TOUR DE FRANCE 2023<\/a><b> &#8211; Les baroudeurs et les sprinteurs seront \u00e0 la lutte vendredi sur la route de Poligny. D\u00e9couvrez notre pronostic pour la 19\u00e8me \u00e9tape du Tour de France 2023.<\/b><\/em><\/p>\n<h2 style=\"text-align: justify;\">Notre favori : Mads Pedersen<span style=\"font-family: -apple-system, BlinkMacSystemFont, 'Segoe UI', Roboto, Oxygen-Sans, Ubuntu, Cantarell, 'Helvetica Neue', sans-serif;\"><br \/>\n<\/span><\/h2>\n<p style=\"text-align: justify;\">Si sur une arriv\u00e9e plate, Jasper Philipsen est presque imbattable, <strong>Mads Pedersen<\/strong> a d\u00e9j\u00e0 gagn\u00e9 sur un final plus dur en faux plat montant. S&rsquo;il n&rsquo;y a pas de forts pourcentages vendredi \u00e0 Poligny, le dernier kilom\u00e8tre est en faux plat montant.<\/p>\n<table style=\"width: 100%;\">\n<tbody>\n<tr style=\"height: 16px;\">\n<td style=\"border-color: #ffffff; background-color: #404040; text-align: left; width: 650px;\"><span style=\"font-size: 12px; color: #ffffff;\"><span style=\"font-size: 12px; color: #ffffff;\"><span style=\"font-size: 12px; color: #ffffff;\"><span style=\"font-size: 12px; color: #ffffff;\">Tour de France &#8211; 19\u00e8me \u00e9tape &#8211; Vendredi 21 juillet<\/span><\/span><\/span><\/span><\/td>\n<td style=\"border-color: #ffffff; background-color: #525252; text-align: center; width: 150px;\"><span style=\"font-size: 12px; color: #ffffff;\">1<\/span><\/td>\n<\/tr>\n<tr style=\"height: 24px;\">\n<td style=\"border-color: #ffffff; background-color: #ffffff; text-align: justify; width: 650px;\"><span style=\"font-size: 14px; color: #000000;\"><strong>Mads Pedersen<br \/>\n<\/strong><\/span><\/td>\n<td style=\"border-color: #ffffff; background-color: #ffffff; text-align: center; width: 150px;\"><span style=\"font-size: 10px;\"><a href=\"https:\/\/www.winamax.fr\/paris-sportifs\/match\/1000036239?banid=33431\" class=\"su-button su-button-style-flat\" style=\"color:black;background-color:#ffed00;border-color:#ccbe00;border-radius:5px\" target=\"_blank\" rel=\"noopener noreferrer\"><span style=\"color:black;padding:0px 16px;font-size:13px;line-height:26px;border-color:#fff34d;border-radius:5px;text-shadow:none\"> 8.00<\/span><\/a><\/span><\/td>\n<\/tr>\n<\/tbody>\n<\/table>\n<div class=\"vlp-link-container vlp-layout-article\"><a href=\"https:\/\/dicodusport.fr\/blog\/alaphilippe-van-der-poel-evenepoel-les-salaires-des-stars-du-cyclisme-en-2023\/\" class=\"vlp-link\" title=\"Alaphilippe, van der Poel, Evenepoel : Les salaires des stars du cyclisme en 2023\"><\/a><div class=\"vlp-layout-zone-side\"><div class=\"vlp-block-4 vlp-link-image\"><img loading=\"lazy\" decoding=\"async\" style=\"max-width: 800px;\" width=\"800\" height=\"445\" src=\"https:\/\/dicodusport.fr\/blog\/wp-content\/uploads\/2023\/07\/Alaphilippe-van-der-Poel-Evenepoel-Les-salaires-des-stars-du-cyclisme-en-2023.png\" class=\"attachment-800x445 size-800x445\" alt=\"Alaphilippe, van der Poel, Evenepoel Les salaires des stars du cyclisme en 2023\" srcset=\"https:\/\/dicodusport.fr\/blog\/wp-content\/uploads\/2023\/07\/Alaphilippe-van-der-Poel-Evenepoel-Les-salaires-des-stars-du-cyclisme-en-2023.png 800w, https:\/\/dicodusport.fr\/blog\/wp-content\/uploads\/2023\/07\/Alaphilippe-van-der-Poel-Evenepoel-Les-salaires-des-stars-du-cyclisme-en-2023-300x167.png 300w, https:\/\/dicodusport.fr\/blog\/wp-content\/uploads\/2023\/07\/Alaphilippe-van-der-Poel-Evenepoel-Les-salaires-des-stars-du-cyclisme-en-2023-768x427.png 768w\" sizes=\"auto, (max-width: 800px) 100vw, 800px\" \/><\/div><\/div><div class=\"vlp-layout-zone-main\"><div class=\"vlp-block-0 vlp-link-title\">Alaphilippe, van der Poel, Evenepoel : Les salaires des stars du cyclisme en 2023<\/div><div class=\"vlp-block-1 vlp-link-summary\">CYCLISME SUR ROUTE 2023 - \u00c0 l'approche du Tour de France 2023, une question revient avec insistance : combien gagnent les stars du peloton ? On fait le point, avec les derni\u00e8res estimations d\u00e9voil\u00e9es par la Gazzetta dello Sport et Total Velo.<\/div><div class=\"vlp-block-2 vlp-link-button\">Lire l'article<\/div><div class=\"vlp-block-3 vlp-link-url\">dicodusport.fr<\/div><\/div><\/div>\n<hr \/>\n<h2 style=\"text-align: justify;\">Notre coup \u00e0 tenter : Fred Wright<\/h2>\n<p style=\"text-align: justify;\">Alors que Phil Bauhaus a abandonn\u00e9, <strong>Fred Wright<\/strong> pourrait jouer sa carte vendredi en prenant l&rsquo;\u00e9chapp\u00e9e ou en se m\u00ealant \u00e0 ce sprint en faux plat montant. Le coureur britannique a franchi un cap ces derniers mois et est un vrai candidat pour au moins un podium.<\/p>\n<table style=\"width: 100%;\">\n<tbody>\n<tr style=\"height: 16px;\">\n<td style=\"border-color: #ffffff; background-color: #404040; text-align: left; width: 650px;\"><span style=\"font-size: 12px; color: #ffffff;\">Tour de France &#8211; 19\u00e8me \u00e9tape &#8211; Vendredi 21 juillet<\/span><\/td>\n<td style=\"border-color: #ffffff; background-color: #525252; text-align: center; width: 150px;\"><span style=\"font-size: 12px; color: #ffffff;\">1<\/span><\/td>\n<\/tr>\n<tr style=\"height: 24px;\">\n<td style=\"border-color: #ffffff; background-color: #ffffff; text-align: justify; width: 650px;\"><span style=\"font-size: 14px; color: #000000;\"><strong>Fred Wright<\/strong><\/span><\/td>\n<td style=\"border-color: #ffffff; background-color: #ffffff; width: 150px; text-align: center;\"><span style=\"font-size: 10px;\"><a href=\"https:\/\/www.winamax.fr\/paris-sportifs\/match\/1000036239?banid=33431\" class=\"su-button su-button-style-flat\" style=\"color:black;background-color:#ffed00;border-color:#ccbe00;border-radius:5px\" target=\"_blank\" rel=\"noopener noreferrer\"><span style=\"color:black;padding:0px 16px;font-size:13px;line-height:26px;border-color:#fff34d;border-radius:5px;text-shadow:none\"> 20<\/span><\/a><\/span><\/td>\n<\/tr>\n<\/tbody>\n<\/table>\n<p style=\"text-align: justify;\">Tentez votre chance en profitant de votre <a href=\"https:\/\/www.winamax.fr\/registration\/landing\/affiliation_Bonus100?banid=33423\">1er d\u00e9p\u00f4t doubl\u00e9 jusqu&rsquo;\u00e0 100 \u20ac<\/a> direct en paris gratuits sur Winamax !<\/p>\n<h2 style=\"text-align: justify;\">\u00c0 lire aussi<\/h2>\n<ul>\n<li style=\"text-align: justify;\"><a href=\"https:\/\/dicodusport.fr\/blog\/tour-de-france-2023-parcours-et-profil-de-la-19eme-etape\/\"><strong>Parcours et profil de la 19<\/strong><strong>\u00e8me \u00e9tape du Tour de France 2023<\/strong><\/a><\/li>\n<li style=\"text-align: justify;\"><a href=\"https:\/\/dicodusport.fr\/blog\/tour-de-france-2023-classement-general-maillot-jaune\/\" target=\"_blank\" rel=\"noopener\"><strong>Le classement g\u00e9n\u00e9ral du Tour de France 2023<\/strong><\/a><\/li>\n<li style=\"text-align: justify;\"><a title=\"Le profil des 21 \u00e9tapes du Tour de France 2023\" href=\"https:\/\/dicodusport.fr\/blog\/le-profil-des-21-etapes-du-tour-de-france-2023\/\" target=\"_blank\" rel=\"noopener\"><b>Le profil des 21 \u00e9tapes du Tour de France 2023<\/b><\/a><\/li>\n<\/ul>\n","protected":false},"excerpt":{"rendered":"<p>PRONOSTIC TOUR DE FRANCE 2023 &#8211; Les baroudeurs et les sprinteurs seront \u00e0 la lutte vendredi sur la route de Poligny. D\u00e9couvrez notre pronostic pour la 19\u00e8me \u00e9tape du Tour de France 2023.<\/p>\n","protected":false},"author":1,"featured_media":398385,"comment_status":"open","ping_status":"closed","sticky":false,"template":"","format":"standard","meta":{"_acf_changed":false,"_daextam_enable_autolinks":"","footnotes":""},"categories":[46995],"tags":[16878,1262],"class_list":["post-401545","post","type-post","status-publish","format-standard","has-post-thumbnail","hentry","category-tour-de-france","tag-breve","tag-tour-de-france"],"acf":[],"yoast_head":"<!-- This site is optimized with the Yoast SEO Premium plugin v26.7 (Yoast SEO v26.7) - https:\/\/yoast.com\/wordpress\/plugins\/seo\/ -->\n<title>Tour de France 2023 : Nos favoris pour la 19\u00e8me \u00e9tape<\/title>\n<meta name=\"description\" content=\"PRONOSTIC TOUR DE FRANCE 2023 - Les baroudeurs et les sprinteurs seront \u00e0 la lutte vendredi. Notre pronostic pour la 19\u00e8me \u00e9tape.\" \/>\n<meta name=\"robots\" content=\"index, follow, max-snippet:-1, max-image-preview:large, max-video-preview:-1\" \/>\n<link rel=\"canonical\" href=\"https:\/\/dicodusport.fr\/blog\/tour-de-france-2023-nos-favoris-pour-la-19eme-etape\/\" \/>\n<meta property=\"og:locale\" content=\"fr_FR\" \/>\n<meta property=\"og:type\" content=\"article\" \/>\n<meta property=\"og:title\" content=\"Tour de France 2023 : Nos favoris pour la 19\u00e8me \u00e9tape\" \/>\n<meta property=\"og:description\" content=\"PRONOSTIC TOUR DE FRANCE 2023 - Les baroudeurs et les sprinteurs seront \u00e0 la lutte vendredi. Notre pronostic pour la 19\u00e8me \u00e9tape.\" \/>\n<meta property=\"og:url\" content=\"https:\/\/dicodusport.fr\/blog\/tour-de-france-2023-nos-favoris-pour-la-19eme-etape\/\" \/>\n<meta property=\"og:site_name\" content=\"Dicodusport\" \/>\n<meta property=\"article:publisher\" content=\"https:\/\/www.facebook.com\/dicodusport\" \/>\n<meta property=\"article:author\" content=\"https:\/\/www.facebook.com\/dicodusport\" \/>\n<meta property=\"article:published_time\" content=\"2023-07-20T15:25:33+00:00\" \/>\n<meta property=\"article:modified_time\" content=\"2023-07-23T17:57:22+00:00\" \/>\n<meta property=\"og:image\" content=\"https:\/\/dicodusport.fr\/blog\/wp-content\/uploads\/2023\/07\/Tour-de-France-2023-Mads-Pedersen-sadjuge-la-8eme-etape-1.png\" \/>\n\t<meta property=\"og:image:width\" content=\"800\" \/>\n\t<meta property=\"og:image:height\" content=\"445\" \/>\n\t<meta property=\"og:image:type\" content=\"image\/png\" \/>\n<meta name=\"author\" content=\"Nicolas Jacquemard\" \/>\n<meta name=\"twitter:card\" content=\"summary_large_image\" \/>\n<meta name=\"twitter:title\" content=\"Tour de France 2023 : Nos favoris pour la 19\u00e8me \u00e9tape\" \/>\n<meta name=\"twitter:creator\" content=\"@https:\/\/twitter.com\/Nico_Jacquemard\" \/>\n<meta name=\"twitter:site\" content=\"@dicodusport\" \/>\n<script type=\"application\/ld+json\" class=\"yoast-schema-graph\">{\"@context\":\"https:\/\/schema.org\",\"@graph\":[{\"@type\":\"NewsArticle\",\"@id\":\"https:\/\/dicodusport.fr\/blog\/tour-de-france-2023-nos-favoris-pour-la-19eme-etape\/#article\",\"isPartOf\":{\"@id\":\"https:\/\/dicodusport.fr\/blog\/tour-de-france-2023-nos-favoris-pour-la-19eme-etape\/\"},\"author\":{\"name\":\"Nicolas Jacquemard\",\"@id\":\"https:\/\/dicodusport.fr\/blog\/#\/schema\/person\/55dcb50ad410894e431ed812bbb70191\"},\"headline\":\"Tour de France 2023 : Nos favoris pour la 19\u00e8me \u00e9tape\",\"datePublished\":\"2023-07-20T15:25:33+00:00\",\"dateModified\":\"2023-07-23T17:57:22+00:00\",\"mainEntityOfPage\":{\"@id\":\"https:\/\/dicodusport.fr\/blog\/tour-de-france-2023-nos-favoris-pour-la-19eme-etape\/\"},\"wordCount\":358,\"commentCount\":0,\"publisher\":{\"@id\":\"https:\/\/dicodusport.fr\/blog\/#organization\"},\"image\":{\"@id\":\"https:\/\/dicodusport.fr\/blog\/tour-de-france-2023-nos-favoris-pour-la-19eme-etape\/#primaryimage\"},\"thumbnailUrl\":\"https:\/\/dicodusport.fr\/blog\/wp-content\/uploads\/2023\/07\/Tour-de-France-2023-Mads-Pedersen-sadjuge-la-8eme-etape-1.png\",\"keywords\":[\"br\u00e8ve\",\"Tour de France\"],\"articleSection\":[\"Tour de France\"],\"inLanguage\":\"fr-FR\",\"potentialAction\":[{\"@type\":\"CommentAction\",\"name\":\"Comment\",\"target\":[\"https:\/\/dicodusport.fr\/blog\/tour-de-france-2023-nos-favoris-pour-la-19eme-etape\/#respond\"]}],\"copyrightYear\":\"2023\",\"copyrightHolder\":{\"@id\":\"https:\/\/dicodusport.fr\/blog\/#organization\"}},{\"@type\":\"WebPage\",\"@id\":\"https:\/\/dicodusport.fr\/blog\/tour-de-france-2023-nos-favoris-pour-la-19eme-etape\/\",\"url\":\"https:\/\/dicodusport.fr\/blog\/tour-de-france-2023-nos-favoris-pour-la-19eme-etape\/\",\"name\":\"Tour de France 2023 : Nos favoris pour la 19\u00e8me \u00e9tape\",\"isPartOf\":{\"@id\":\"https:\/\/dicodusport.fr\/blog\/#website\"},\"primaryImageOfPage\":{\"@id\":\"https:\/\/dicodusport.fr\/blog\/tour-de-france-2023-nos-favoris-pour-la-19eme-etape\/#primaryimage\"},\"image\":{\"@id\":\"https:\/\/dicodusport.fr\/blog\/tour-de-france-2023-nos-favoris-pour-la-19eme-etape\/#primaryimage\"},\"thumbnailUrl\":\"https:\/\/dicodusport.fr\/blog\/wp-content\/uploads\/2023\/07\/Tour-de-France-2023-Mads-Pedersen-sadjuge-la-8eme-etape-1.png\",\"datePublished\":\"2023-07-20T15:25:33+00:00\",\"dateModified\":\"2023-07-23T17:57:22+00:00\",\"description\":\"PRONOSTIC TOUR DE FRANCE 2023 - Les baroudeurs et les sprinteurs seront \u00e0 la lutte vendredi. Notre pronostic pour la 19\u00e8me \u00e9tape.\",\"breadcrumb\":{\"@id\":\"https:\/\/dicodusport.fr\/blog\/tour-de-france-2023-nos-favoris-pour-la-19eme-etape\/#breadcrumb\"},\"inLanguage\":\"fr-FR\",\"potentialAction\":[{\"@type\":\"ReadAction\",\"target\":[\"https:\/\/dicodusport.fr\/blog\/tour-de-france-2023-nos-favoris-pour-la-19eme-etape\/\"]}]},{\"@type\":\"ImageObject\",\"inLanguage\":\"fr-FR\",\"@id\":\"https:\/\/dicodusport.fr\/blog\/tour-de-france-2023-nos-favoris-pour-la-19eme-etape\/#primaryimage\",\"url\":\"https:\/\/dicodusport.fr\/blog\/wp-content\/uploads\/2023\/07\/Tour-de-France-2023-Mads-Pedersen-sadjuge-la-8eme-etape-1.png\",\"contentUrl\":\"https:\/\/dicodusport.fr\/blog\/wp-content\/uploads\/2023\/07\/Tour-de-France-2023-Mads-Pedersen-sadjuge-la-8eme-etape-1.png\",\"width\":800,\"height\":445,\"caption\":\"Tour de France 2023 - Mads Pedersen s'adjuge la 8\u00e8me \u00e9tape - Photo Pauline Ballet \/ ASO\"},{\"@type\":\"BreadcrumbList\",\"@id\":\"https:\/\/dicodusport.fr\/blog\/tour-de-france-2023-nos-favoris-pour-la-19eme-etape\/#breadcrumb\",\"itemListElement\":[{\"@type\":\"ListItem\",\"position\":1,\"name\":\"Accueil\",\"item\":\"https:\/\/dicodusport.fr\/blog\/\"},{\"@type\":\"ListItem\",\"position\":2,\"name\":\"Tour de France 2023 : Nos favoris pour la 19\u00e8me \u00e9tape\"}]},{\"@type\":\"WebSite\",\"@id\":\"https:\/\/dicodusport.fr\/blog\/#website\",\"url\":\"https:\/\/dicodusport.fr\/blog\/\",\"name\":\"Dicodusport\",\"description\":\"L&#039;encyclop\u00e9die de l&#039;actualit\u00e9 sportive\",\"publisher\":{\"@id\":\"https:\/\/dicodusport.fr\/blog\/#organization\"},\"potentialAction\":[{\"@type\":\"SearchAction\",\"target\":{\"@type\":\"EntryPoint\",\"urlTemplate\":\"https:\/\/dicodusport.fr\/blog\/?s={search_term_string}\"},\"query-input\":{\"@type\":\"PropertyValueSpecification\",\"valueRequired\":true,\"valueName\":\"search_term_string\"}}],\"inLanguage\":\"fr-FR\"},{\"@type\":\"NewsMediaOrganization\",\"@id\":\"https:\/\/dicodusport.fr\/blog\/#organization\",\"name\":\"Dicodusport\",\"url\":\"https:\/\/dicodusport.fr\/blog\/\",\"logo\":{\"@type\":\"ImageObject\",\"inLanguage\":\"fr-FR\",\"@id\":\"https:\/\/dicodusport.fr\/blog\/#\/schema\/logo\/image\/\",\"url\":\"https:\/\/dicodusport.fr\/blog\/wp-content\/uploads\/2020\/06\/cropped-LOGO-DICODUSPORT-2020-SANS-FOND-SANS-TEXTE.png\",\"contentUrl\":\"https:\/\/dicodusport.fr\/blog\/wp-content\/uploads\/2020\/06\/cropped-LOGO-DICODUSPORT-2020-SANS-FOND-SANS-TEXTE.png\",\"width\":512,\"height\":512,\"caption\":\"Dicodusport\"},\"image\":{\"@id\":\"https:\/\/dicodusport.fr\/blog\/#\/schema\/logo\/image\/\"},\"sameAs\":[\"https:\/\/www.facebook.com\/dicodusport\",\"https:\/\/x.com\/dicodusport\",\"https:\/\/www.instagram.com\/dicodusport\/\",\"https:\/\/www.youtube.com\/channel\/UC7V2KZ5sd3htJivAbA4ZG3w\"],\"description\":\"Dicodusport est l'encyclop\u00e9die de l'actualit\u00e9 sportive.\",\"email\":\"bonjour@dicodusport.fr\",\"legalName\":\"DICODUSPORT\",\"foundingDate\":\"2018-01-14\",\"vatID\":\"FR71834470973\",\"taxID\":\"83447097300043\",\"numberOfEmployees\":{\"@type\":\"QuantitativeValue\",\"minValue\":\"1\",\"maxValue\":\"10\"}},{\"@type\":\"Person\",\"@id\":\"https:\/\/dicodusport.fr\/blog\/#\/schema\/person\/55dcb50ad410894e431ed812bbb70191\",\"name\":\"Nicolas Jacquemard\",\"image\":{\"@type\":\"ImageObject\",\"inLanguage\":\"fr-FR\",\"@id\":\"https:\/\/dicodusport.fr\/blog\/#\/schema\/person\/image\/\",\"url\":\"https:\/\/dicodusport.fr\/blog\/wp-content\/uploads\/2021\/05\/Nicolas-Jacquemard-150x150.jpeg\",\"contentUrl\":\"https:\/\/dicodusport.fr\/blog\/wp-content\/uploads\/2021\/05\/Nicolas-Jacquemard-150x150.jpeg\",\"caption\":\"Nicolas Jacquemard\"},\"description\":\"Passionn\u00e9 de sport et entrepreneur depuis mes 18 ans, la cr\u00e9ation de Dicodusport m'a sembl\u00e9 \u00e9vidente pour participer \u00e0 la m\u00e9diatisation d'un plus grand nombre de sports. Le chemin est long mais avec une \u00e9quipe des plus motiv\u00e9es et les Jeux Olympiques de Paris 2024 en point de mire, nous y arriverons ! Journaliste dans le monde du sport depuis plus de 5 ans, je traite aussi bien de football, de rugby, de biathlon que de cyclisme.\",\"sameAs\":[\"https:\/\/www.facebook.com\/dicodusport\",\"https:\/\/x.com\/https:\/\/twitter.com\/Nico_Jacquemard\"],\"url\":\"https:\/\/dicodusport.fr\/blog\/author\/dicodusport\/\"}]}<\/script>\n<!-- \/ Yoast SEO Premium plugin. -->","yoast_head_json":{"title":"Tour de France 2023 : Nos favoris pour la 19\u00e8me \u00e9tape","description":"PRONOSTIC TOUR DE FRANCE 2023 - Les baroudeurs et les sprinteurs seront \u00e0 la lutte vendredi. Notre pronostic pour la 19\u00e8me \u00e9tape.","robots":{"index":"index","follow":"follow","max-snippet":"max-snippet:-1","max-image-preview":"max-image-preview:large","max-video-preview":"max-video-preview:-1"},"canonical":"https:\/\/dicodusport.fr\/blog\/tour-de-france-2023-nos-favoris-pour-la-19eme-etape\/","og_locale":"fr_FR","og_type":"article","og_title":"Tour de France 2023 : Nos favoris pour la 19\u00e8me \u00e9tape","og_description":"PRONOSTIC TOUR DE FRANCE 2023 - Les baroudeurs et les sprinteurs seront \u00e0 la lutte vendredi. Notre pronostic pour la 19\u00e8me \u00e9tape.","og_url":"https:\/\/dicodusport.fr\/blog\/tour-de-france-2023-nos-favoris-pour-la-19eme-etape\/","og_site_name":"Dicodusport","article_publisher":"https:\/\/www.facebook.com\/dicodusport","article_author":"https:\/\/www.facebook.com\/dicodusport","article_published_time":"2023-07-20T15:25:33+00:00","article_modified_time":"2023-07-23T17:57:22+00:00","og_image":[{"width":800,"height":445,"url":"https:\/\/dicodusport.fr\/blog\/wp-content\/uploads\/2023\/07\/Tour-de-France-2023-Mads-Pedersen-sadjuge-la-8eme-etape-1.png","type":"image\/png"}],"author":"Nicolas Jacquemard","twitter_card":"summary_large_image","twitter_title":"Tour de France 2023 : Nos favoris pour la 19\u00e8me \u00e9tape","twitter_creator":"@https:\/\/twitter.com\/Nico_Jacquemard","twitter_site":"@dicodusport","schema":{"@context":"https:\/\/schema.org","@graph":[{"@type":"NewsArticle","@id":"https:\/\/dicodusport.fr\/blog\/tour-de-france-2023-nos-favoris-pour-la-19eme-etape\/#article","isPartOf":{"@id":"https:\/\/dicodusport.fr\/blog\/tour-de-france-2023-nos-favoris-pour-la-19eme-etape\/"},"author":{"name":"Nicolas Jacquemard","@id":"https:\/\/dicodusport.fr\/blog\/#\/schema\/person\/55dcb50ad410894e431ed812bbb70191"},"headline":"Tour de France 2023 : Nos favoris pour la 19\u00e8me \u00e9tape","datePublished":"2023-07-20T15:25:33+00:00","dateModified":"2023-07-23T17:57:22+00:00","mainEntityOfPage":{"@id":"https:\/\/dicodusport.fr\/blog\/tour-de-france-2023-nos-favoris-pour-la-19eme-etape\/"},"wordCount":358,"commentCount":0,"publisher":{"@id":"https:\/\/dicodusport.fr\/blog\/#organization"},"image":{"@id":"https:\/\/dicodusport.fr\/blog\/tour-de-france-2023-nos-favoris-pour-la-19eme-etape\/#primaryimage"},"thumbnailUrl":"https:\/\/dicodusport.fr\/blog\/wp-content\/uploads\/2023\/07\/Tour-de-France-2023-Mads-Pedersen-sadjuge-la-8eme-etape-1.png","keywords":["br\u00e8ve","Tour de France"],"articleSection":["Tour de France"],"inLanguage":"fr-FR","potentialAction":[{"@type":"CommentAction","name":"Comment","target":["https:\/\/dicodusport.fr\/blog\/tour-de-france-2023-nos-favoris-pour-la-19eme-etape\/#respond"]}],"copyrightYear":"2023","copyrightHolder":{"@id":"https:\/\/dicodusport.fr\/blog\/#organization"}},{"@type":"WebPage","@id":"https:\/\/dicodusport.fr\/blog\/tour-de-france-2023-nos-favoris-pour-la-19eme-etape\/","url":"https:\/\/dicodusport.fr\/blog\/tour-de-france-2023-nos-favoris-pour-la-19eme-etape\/","name":"Tour de France 2023 : Nos favoris pour la 19\u00e8me \u00e9tape","isPartOf":{"@id":"https:\/\/dicodusport.fr\/blog\/#website"},"primaryImageOfPage":{"@id":"https:\/\/dicodusport.fr\/blog\/tour-de-france-2023-nos-favoris-pour-la-19eme-etape\/#primaryimage"},"image":{"@id":"https:\/\/dicodusport.fr\/blog\/tour-de-france-2023-nos-favoris-pour-la-19eme-etape\/#primaryimage"},"thumbnailUrl":"https:\/\/dicodusport.fr\/blog\/wp-content\/uploads\/2023\/07\/Tour-de-France-2023-Mads-Pedersen-sadjuge-la-8eme-etape-1.png","datePublished":"2023-07-20T15:25:33+00:00","dateModified":"2023-07-23T17:57:22+00:00","description":"PRONOSTIC TOUR DE FRANCE 2023 - Les baroudeurs et les sprinteurs seront \u00e0 la lutte vendredi. Notre pronostic pour la 19\u00e8me \u00e9tape.","breadcrumb":{"@id":"https:\/\/dicodusport.fr\/blog\/tour-de-france-2023-nos-favoris-pour-la-19eme-etape\/#breadcrumb"},"inLanguage":"fr-FR","potentialAction":[{"@type":"ReadAction","target":["https:\/\/dicodusport.fr\/blog\/tour-de-france-2023-nos-favoris-pour-la-19eme-etape\/"]}]},{"@type":"ImageObject","inLanguage":"fr-FR","@id":"https:\/\/dicodusport.fr\/blog\/tour-de-france-2023-nos-favoris-pour-la-19eme-etape\/#primaryimage","url":"https:\/\/dicodusport.fr\/blog\/wp-content\/uploads\/2023\/07\/Tour-de-France-2023-Mads-Pedersen-sadjuge-la-8eme-etape-1.png","contentUrl":"https:\/\/dicodusport.fr\/blog\/wp-content\/uploads\/2023\/07\/Tour-de-France-2023-Mads-Pedersen-sadjuge-la-8eme-etape-1.png","width":800,"height":445,"caption":"Tour de France 2023 - Mads Pedersen s'adjuge la 8\u00e8me \u00e9tape - Photo Pauline Ballet \/ ASO"},{"@type":"BreadcrumbList","@id":"https:\/\/dicodusport.fr\/blog\/tour-de-france-2023-nos-favoris-pour-la-19eme-etape\/#breadcrumb","itemListElement":[{"@type":"ListItem","position":1,"name":"Accueil","item":"https:\/\/dicodusport.fr\/blog\/"},{"@type":"ListItem","position":2,"name":"Tour de France 2023 : Nos favoris pour la 19\u00e8me \u00e9tape"}]},{"@type":"WebSite","@id":"https:\/\/dicodusport.fr\/blog\/#website","url":"https:\/\/dicodusport.fr\/blog\/","name":"Dicodusport","description":"L&#039;encyclop\u00e9die de l&#039;actualit\u00e9 sportive","publisher":{"@id":"https:\/\/dicodusport.fr\/blog\/#organization"},"potentialAction":[{"@type":"SearchAction","target":{"@type":"EntryPoint","urlTemplate":"https:\/\/dicodusport.fr\/blog\/?s={search_term_string}"},"query-input":{"@type":"PropertyValueSpecification","valueRequired":true,"valueName":"search_term_string"}}],"inLanguage":"fr-FR"},{"@type":"NewsMediaOrganization","@id":"https:\/\/dicodusport.fr\/blog\/#organization","name":"Dicodusport","url":"https:\/\/dicodusport.fr\/blog\/","logo":{"@type":"ImageObject","inLanguage":"fr-FR","@id":"https:\/\/dicodusport.fr\/blog\/#\/schema\/logo\/image\/","url":"https:\/\/dicodusport.fr\/blog\/wp-content\/uploads\/2020\/06\/cropped-LOGO-DICODUSPORT-2020-SANS-FOND-SANS-TEXTE.png","contentUrl":"https:\/\/dicodusport.fr\/blog\/wp-content\/uploads\/2020\/06\/cropped-LOGO-DICODUSPORT-2020-SANS-FOND-SANS-TEXTE.png","width":512,"height":512,"caption":"Dicodusport"},"image":{"@id":"https:\/\/dicodusport.fr\/blog\/#\/schema\/logo\/image\/"},"sameAs":["https:\/\/www.facebook.com\/dicodusport","https:\/\/x.com\/dicodusport","https:\/\/www.instagram.com\/dicodusport\/","https:\/\/www.youtube.com\/channel\/UC7V2KZ5sd3htJivAbA4ZG3w"],"description":"Dicodusport est l'encyclop\u00e9die de l'actualit\u00e9 sportive.","email":"bonjour@dicodusport.fr","legalName":"DICODUSPORT","foundingDate":"2018-01-14","vatID":"FR71834470973","taxID":"83447097300043","numberOfEmployees":{"@type":"QuantitativeValue","minValue":"1","maxValue":"10"}},{"@type":"Person","@id":"https:\/\/dicodusport.fr\/blog\/#\/schema\/person\/55dcb50ad410894e431ed812bbb70191","name":"Nicolas Jacquemard","image":{"@type":"ImageObject","inLanguage":"fr-FR","@id":"https:\/\/dicodusport.fr\/blog\/#\/schema\/person\/image\/","url":"https:\/\/dicodusport.fr\/blog\/wp-content\/uploads\/2021\/05\/Nicolas-Jacquemard-150x150.jpeg","contentUrl":"https:\/\/dicodusport.fr\/blog\/wp-content\/uploads\/2021\/05\/Nicolas-Jacquemard-150x150.jpeg","caption":"Nicolas Jacquemard"},"description":"Passionn\u00e9 de sport et entrepreneur depuis mes 18 ans, la cr\u00e9ation de Dicodusport m'a sembl\u00e9 \u00e9vidente pour participer \u00e0 la m\u00e9diatisation d'un plus grand nombre de sports. Le chemin est long mais avec une \u00e9quipe des plus motiv\u00e9es et les Jeux Olympiques de Paris 2024 en point de mire, nous y arriverons ! Journaliste dans le monde du sport depuis plus de 5 ans, je traite aussi bien de football, de rugby, de biathlon que de cyclisme.","sameAs":["https:\/\/www.facebook.com\/dicodusport","https:\/\/x.com\/https:\/\/twitter.com\/Nico_Jacquemard"],"url":"https:\/\/dicodusport.fr\/blog\/author\/dicodusport\/"}]}},"_links":{"self":[{"href":"https:\/\/dicodusport.fr\/blog\/wp-json\/wp\/v2\/posts\/401545","targetHints":{"allow":["GET"]}}],"collection":[{"href":"https:\/\/dicodusport.fr\/blog\/wp-json\/wp\/v2\/posts"}],"about":[{"href":"https:\/\/dicodusport.fr\/blog\/wp-json\/wp\/v2\/types\/post"}],"author":[{"embeddable":true,"href":"https:\/\/dicodusport.fr\/blog\/wp-json\/wp\/v2\/users\/1"}],"replies":[{"embeddable":true,"href":"https:\/\/dicodusport.fr\/blog\/wp-json\/wp\/v2\/comments?post=401545"}],"version-history":[{"count":0,"href":"https:\/\/dicodusport.fr\/blog\/wp-json\/wp\/v2\/posts\/401545\/revisions"}],"wp:featuredmedia":[{"embeddable":true,"href":"https:\/\/dicodusport.fr\/blog\/wp-json\/wp\/v2\/media\/398385"}],"wp:attachment":[{"href":"https:\/\/dicodusport.fr\/blog\/wp-json\/wp\/v2\/media?parent=401545"}],"wp:term":[{"taxonomy":"category","embeddable":true,"href":"https:\/\/dicodusport.fr\/blog\/wp-json\/wp\/v2\/categories?post=401545"},{"taxonomy":"post_tag","embeddable":true,"href":"https:\/\/dicodusport.fr\/blog\/wp-json\/wp\/v2\/tags?post=401545"}],"curies":[{"name":"wp","href":"https:\/\/api.w.org\/{rel}","templated":true}]}}