{"id":401666,"date":"2023-07-21T08:50:05","date_gmt":"2023-07-21T06:50:05","guid":{"rendered":"https:\/\/dicodusport.fr\/blog\/?p=401666&#038;preview=true&#038;preview_id=401666"},"modified":"2023-07-21T08:00:11","modified_gmt":"2023-07-21T06:00:11","slug":"tour-de-france-2023-le-fiasco-total-de-lequipe-dsm-firmenich","status":"publish","type":"post","link":"https:\/\/dicodusport.fr\/blog\/tour-de-france-2023-le-fiasco-total-de-lequipe-dsm-firmenich\/","title":{"rendered":"Tour de France 2023 : Le fiasco total de l&rsquo;\u00e9quipe DSM-Firmenich"},"content":{"rendered":"<p style=\"text-align: justify;\"><b><i><a href=\"https:\/\/dicodusport.fr\/blog\/actualites\/cyclisme\/cyclisme-sur-route-2023\/tour-de-france-2023\/\">TOUR DE FRANCE 2023<\/a> \u2013 Incapable de gratter le moindre r\u00e9sultat depuis le d\u00e9but de la Grande Boucle, la Team DSM-Firmenich traverse l&rsquo;\u00e9preuve de mani\u00e8re fantomatique. \u00c0 trois jours de l&rsquo;arriv\u00e9e \u00e0 Paris, difficile d&rsquo;imaginer l&rsquo;\u00e9quipe n\u00e9erlandaise capable de remonter la pente pour sauver les meubles.<\/i><\/b><\/p>\n<p style=\"text-align: justify;\">Ce jeudi, la <strong>Soudal-Quick Step<\/strong> a \u00e9t\u00e9 la grande gagnante sur les routes du Tour. Alors qu&rsquo;un sprint massif semblait in\u00e9vitable \u00e0 Bourg-en-Bresse, l&rsquo;\u00e9quipe belge est parvenue \u00e0 tirer son \u00e9pingle du jeu en voyant <strong>Kasper Asgreen<\/strong> lever les bras au bout d&rsquo;une \u00e9chapp\u00e9e victorieuse. Aux c\u00f4t\u00e9s de cette derni\u00e8re, les \u00e9quipes <strong>Lotto-Dstny<\/strong> (Campenaerts et Eenkhorn) et <strong>Uno-X<\/strong> (Abrahamsen) ont r\u00e9colt\u00e9 des places d&rsquo;honneur, r\u00e9compensant toutefois leurs efforts. Ces trois \u00e9quipes avaient un point commun : un Tour \u00e0 rattraper apr\u00e8s deux semaines et demie peu fructueuses.<\/p>\n<h2 style=\"text-align: justify;\">Un Bardet vous manque et tout est d\u00e9peupl\u00e9<\/h2>\n<p style=\"text-align: justify;\">Pendant ce temps-l\u00e0, la <strong>DSM-Firmenich<\/strong> est rest\u00e9e au chaud, attendant patiemment le sprint pour <strong>Sam Welsford<\/strong>. Une strat\u00e9gie plus que critiquable \u00e9tant donn\u00e9 les r\u00e9sultats moyens du sprinteur australien. Alors que les N\u00e9erlandais auraient pu tenter d&rsquo;envoyer un gros moteur \u00e0 l&rsquo;avant (Eekhoff, Vermaerke, Degenkolb), ces derniers n&rsquo;ont absolument rien tent\u00e9. Au final, Welsford prend une anecdotique 20e place, laissant une nouvelle fois la DSM-Firmenich dans l&rsquo;anonymat. Une constante terrible depuis le premier jour. Les r\u00e9sultats parlent d&rsquo;eux-m\u00eames.<\/p>\n<p style=\"text-align: justify;\">Avec sa 7e place acquise dans un sprint en comit\u00e9 r\u00e9duit lors de la <a href=\"https:\/\/dicodusport.fr\/blog\/tour-de-france-2023-victoire-de-victor-lafay-sur-la-2eme-etape\/\">2e \u00e9tape \u00e0 Bilbao<\/a>, <strong>Romain Bardet<\/strong> a sign\u00e9 l&rsquo;un des meilleurs r\u00e9sultats des siens. Le grimpeur tricolore s&rsquo;\u00e9tait \u00e9galement immisc\u00e9 \u00e0 la 10e place de l&rsquo;\u00e9tape 6. Pire, seuls <strong>Sam Welsford <\/strong>(10e \u00e0 Moulins) et le surprenant<strong> Nils Eekhoff<\/strong>\u00a0(5e \u00e0 Limoges) sont parvenus \u00e0 se hisser dans le Top 10 d&rsquo;une \u00e9tape. En dehors de cette moisson infime, Bardet \u00e9tait le seul \u00e0 surnager au sein du marasme collectif en se stabilisant autour de la 10e place. Et ce malgr\u00e9 des r\u00e9sultats potables, sans plus. Sa volont\u00e9 d&rsquo;attaquer permettait au moins de voir le maillot de l&rsquo;\u00e9quipe \u00e0 l&rsquo;avant de la course. Ce qui est malheureusement arriv\u00e9 trop peu. On a bien vu <strong>Kevin Vermaerke<\/strong> ou <strong>Matthew Dinham<\/strong> accrocher des \u00e9chapp\u00e9es. Malheureusement, sans jamais un impact r\u00e9el sur la course.<\/p>\n<blockquote class=\"twitter-tweet\">\n<p dir=\"ltr\" lang=\"fr\">\u274c C&rsquo;est terrible : victime d&rsquo;une chute, Romain Bardet est contraint \u00e0 l&rsquo;abandon.<\/p>\n<p>Suivez le Tour de France sur Eurosport avec <a href=\"https:\/\/twitter.com\/hashtag\/LesRP?src=hash&amp;ref_src=twsrc%5Etfw\">#LesRP<\/a> <a href=\"https:\/\/twitter.com\/hashtag\/TDF2023?src=hash&amp;ref_src=twsrc%5Etfw\">#TDF2023<\/a> <a href=\"https:\/\/t.co\/w1LtPfEhCb\">pic.twitter.com\/w1LtPfEhCb<\/a><\/p>\n<p>\u2014 Eurosport France (@Eurosport_FR) <a href=\"https:\/\/twitter.com\/Eurosport_FR\/status\/1680194955388628993?ref_src=twsrc%5Etfw\">July 15, 2023<\/a><\/p><\/blockquote>\n<p><script async src=\"https:\/\/platform.twitter.com\/widgets.js\" charset=\"utf-8\"><\/script><\/p>\n<h2 style=\"text-align: justify;\">Un poids sur la course proche du n\u00e9ant total<\/h2>\n<p style=\"text-align: justify;\">Ainsi, 43e au classement g\u00e9n\u00e9ral, <strong>Christopher Harper<\/strong> est le coureur le mieux class\u00e9 des siens. Totalement absente de la lutte aux maillots distinctifs, la <strong>DSM-Firmenich<\/strong> est gratifi\u00e9e d&rsquo;une 13e place au classement par \u00e9quipes. Bref, bien trop peu pour ne pas consid\u00e9rer ce Tour de France comme un v\u00e9ritable \u00e9chec. Le moment le plus marquant restera le premier quart d&rsquo;heure du contre-la-montre de mardi, marqu\u00e9 par les retards d&rsquo;<strong>Alex Edmondson<\/strong> et <strong>Sam Welsford<\/strong>, mais \u00e9galement les chutes d\u00e8s le premier virage de <strong>John Degenkolb<\/strong> et <strong>Nils Eekhoff<\/strong>. Pas terrible au moment de faire le bilan.<\/p>\n<p style=\"text-align: justify;\">\u00c0 trois jours de l&rsquo;arriv\u00e9e finale aux Champs-\u00c9lys\u00e9es, les opportunit\u00e9s sont extr\u00eamement restreintes. Ce vendredi, la 19e \u00e9tape menant \u00e0 Poligny pourrait convenir \u00e0 une \u00e9chapp\u00e9e, mais difficile d&rsquo;imaginer les sprinteurs laisser filer cette opportunit\u00e9 apr\u00e8s l&rsquo;occasion g\u00e2ch\u00e9e la veille. Le lendemain, les hommes forts seront de la partie pour se livrer une derni\u00e8re bataille entre Belfort et Le Markstein. Si l&rsquo;on peut supputer que des hommes seront envoy\u00e9s \u00e0 l&rsquo;avant, difficile d&rsquo;imaginer l&rsquo;un des sept coureurs restants \u00eatre en capacit\u00e9 de tenir la distance sur un parcours aussi difficile.<\/p>\n<p style=\"text-align: justify;\">Enfin, la derni\u00e8re \u00e9tape sera le th\u00e9\u00e2tre d&rsquo;un dernier sprint massif \u00e0 Paris, sauf improbable coup de Trafalgar. L\u00e0 encore, <strong>Sam Welsford<\/strong> tentera de faire de son mieux. Mais \u00e0 part accrocher un nouveau Top 10 \u00e0 l&rsquo;arrach\u00e9e, la DSM-Firmenich ne semble pas avoir les possibilit\u00e9s de faire mieux. Avec le <strong>Tour de France Femmes<\/strong> d\u00e9butant dimanche \u00e0 Clermont-Ferrand, l&rsquo;\u00e9quipe n\u00e9erlandaise aura l&rsquo;occasion de se recentrer rapidement sur une \u00e9preuve sur laquelle elle sera en capacit\u00e9 de briller, avec <strong>Juliette Labous<\/strong> en cheffe de file. En gros, de quoi retrouver un peu le sourire apr\u00e8s trois semaines de morosit\u00e9.<\/p>\n<blockquote class=\"twitter-tweet\">\n<p dir=\"ltr\" lang=\"fr\">\ud83d\ude05 <a href=\"https:\/\/twitter.com\/sam_welsford?ref_src=twsrc%5Etfw\">@sam_welsford<\/a> a bit late for the start&#8230;<\/p>\n<p>\ud83d\ude05 <a href=\"https:\/\/twitter.com\/sam_welsford?ref_src=twsrc%5Etfw\">@sam_welsford<\/a> l\u00e9g\u00e8rement en retard pour prendre le d\u00e9part&#8230;<a href=\"https:\/\/twitter.com\/hashtag\/TDF2023?src=hash&amp;ref_src=twsrc%5Etfw\">#TDF2023<\/a> <a href=\"https:\/\/t.co\/gNWqFGK08Y\">pic.twitter.com\/gNWqFGK08Y<\/a><\/p>\n<p>\u2014 Tour de France\u2122 (@LeTour) <a href=\"https:\/\/twitter.com\/LeTour\/status\/1681261713977425921?ref_src=twsrc%5Etfw\">July 18, 2023<\/a><\/p><\/blockquote>\n<p><script async src=\"https:\/\/platform.twitter.com\/widgets.js\" charset=\"utf-8\"><\/script><\/p>\n<h2 style=\"text-align: justify;\">\u00c0 lire aussi<\/h2>\n<ul style=\"text-align: justify;\">\n<li style=\"text-align: justify;\"><a href=\"https:\/\/dicodusport.fr\/blog\/tour-de-france-2023-classement-general-maillot-jaune\/\"><strong>Classement g\u00e9n\u00e9ral du Tour de France 2023<\/strong><\/a><\/li>\n<li style=\"text-align: justify;\"><a href=\"https:\/\/dicodusport.fr\/blog\/tour-de-france-2023-classement-par-points-maillot-vert\/\"><strong>Classement du Maillot vert du Tour de France 2023<\/strong><\/a><\/li>\n<li style=\"text-align: justify;\"><a href=\"https:\/\/dicodusport.fr\/blog\/tour-de-france-2023-classement-montagne-maillot-a-pois\/\"><strong>Classement du Maillot \u00e0 pois du Tour de France 2023<\/strong><\/a><\/li>\n<li style=\"text-align: justify;\"><a href=\"https:\/\/dicodusport.fr\/blog\/tour-de-france-2023-classement-meilleur-jeune-maillot-blanc\/\"><strong>Classement du Maillot blanc du Tour de France 2023<\/strong><\/a><\/li>\n<\/ul>\n<div class=\"vlp-link-container vlp-layout-article\"><a href=\"https:\/\/dicodusport.fr\/blog\/alaphilippe-van-der-poel-evenepoel-les-salaires-des-stars-du-cyclisme-en-2023\/\" class=\"vlp-link\" title=\"Alaphilippe, van der Poel, Evenepoel : Les salaires des stars du cyclisme en 2023\"><\/a><div class=\"vlp-layout-zone-side\"><div class=\"vlp-block-4 vlp-link-image\"><img loading=\"lazy\" decoding=\"async\" style=\"max-width: 800px;\" width=\"800\" height=\"445\" src=\"https:\/\/dicodusport.fr\/blog\/wp-content\/uploads\/2023\/07\/Alaphilippe-van-der-Poel-Evenepoel-Les-salaires-des-stars-du-cyclisme-en-2023.png\" class=\"attachment-800x445 size-800x445\" alt=\"Alaphilippe, van der Poel, Evenepoel Les salaires des stars du cyclisme en 2023\" srcset=\"https:\/\/dicodusport.fr\/blog\/wp-content\/uploads\/2023\/07\/Alaphilippe-van-der-Poel-Evenepoel-Les-salaires-des-stars-du-cyclisme-en-2023.png 800w, https:\/\/dicodusport.fr\/blog\/wp-content\/uploads\/2023\/07\/Alaphilippe-van-der-Poel-Evenepoel-Les-salaires-des-stars-du-cyclisme-en-2023-300x167.png 300w, https:\/\/dicodusport.fr\/blog\/wp-content\/uploads\/2023\/07\/Alaphilippe-van-der-Poel-Evenepoel-Les-salaires-des-stars-du-cyclisme-en-2023-768x427.png 768w\" sizes=\"auto, (max-width: 800px) 100vw, 800px\" \/><\/div><\/div><div class=\"vlp-layout-zone-main\"><div class=\"vlp-block-0 vlp-link-title\">Alaphilippe, van der Poel, Evenepoel : Les salaires des stars du cyclisme en 2023<\/div><div class=\"vlp-block-1 vlp-link-summary\">CYCLISME SUR ROUTE 2023 - \u00c0 l'approche du Tour de France 2023, une question revient avec insistance : combien gagnent les stars du peloton ? On fait le point, avec les derni\u00e8res estimations d\u00e9voil\u00e9es par la Gazzetta dello Sport et Total Velo.<\/div><div class=\"vlp-block-2 vlp-link-button\">Lire l'article<\/div><div class=\"vlp-block-3 vlp-link-url\">dicodusport.fr<\/div><\/div><\/div>\n","protected":false},"excerpt":{"rendered":"<p>TOUR DE FRANCE 2023 \u2013 Incapable de gratter le moindre r\u00e9sultat depuis le d\u00e9but de la Grande Boucle, la Team DSM-Firmenich traverse l&rsquo;\u00e9preuve de mani\u00e8re fantomatique. \u00c0 trois jours de l&rsquo;arriv\u00e9e \u00e0 Paris, difficile d&rsquo;imaginer l&rsquo;\u00e9quipe n\u00e9erlandaise capable de remonter la pente pour sauver les meubles.<\/p>\n","protected":false},"author":55,"featured_media":401678,"comment_status":"open","ping_status":"closed","sticky":false,"template":"","format":"standard","meta":{"_acf_changed":false,"_daextam_enable_autolinks":"","footnotes":""},"categories":[46995],"tags":[16878,3646,24,1262],"class_list":["post-401666","post","type-post","status-publish","format-standard","has-post-thumbnail","hentry","category-tour-de-france","tag-breve","tag-romain-bardet","tag-sport","tag-tour-de-france"],"acf":[],"yoast_head":"<!-- This site is optimized with the Yoast SEO Premium plugin v26.7 (Yoast SEO v26.7) - https:\/\/yoast.com\/wordpress\/plugins\/seo\/ -->\n<title>Tour de France 2023 : Le fiasco total de l&#039;\u00e9quipe DSM-Firmenich<\/title>\n<meta name=\"description\" content=\"TOUR DE FRANCE 2023 \u2013 En retrait depuis le d\u00e9but de l&#039;\u00e9preuve, l&#039;\u00e9quipe DSM-Firmenich r\u00e9alise une Grande Boucle catastrophique.\" \/>\n<meta name=\"robots\" content=\"index, follow, max-snippet:-1, max-image-preview:large, max-video-preview:-1\" \/>\n<link rel=\"canonical\" href=\"https:\/\/dicodusport.fr\/blog\/tour-de-france-2023-le-fiasco-total-de-lequipe-dsm-firmenich\/\" \/>\n<meta property=\"og:locale\" content=\"fr_FR\" \/>\n<meta property=\"og:type\" content=\"article\" \/>\n<meta property=\"og:title\" content=\"Tour de France 2023 : Le fiasco total de l&#039;\u00e9quipe DSM-Firmenich\" \/>\n<meta property=\"og:description\" content=\"TOUR DE FRANCE 2023 \u2013 En retrait depuis le d\u00e9but de l&#039;\u00e9preuve, l&#039;\u00e9quipe DSM-Firmenich r\u00e9alise une Grande Boucle catastrophique.\" \/>\n<meta property=\"og:url\" content=\"https:\/\/dicodusport.fr\/blog\/tour-de-france-2023-le-fiasco-total-de-lequipe-dsm-firmenich\/\" \/>\n<meta property=\"og:site_name\" content=\"Dicodusport\" \/>\n<meta property=\"article:publisher\" content=\"https:\/\/www.facebook.com\/dicodusport\" \/>\n<meta property=\"article:published_time\" content=\"2023-07-21T06:50:05+00:00\" \/>\n<meta property=\"og:image\" content=\"https:\/\/dicodusport.fr\/blog\/wp-content\/uploads\/2023\/07\/Tour-de-France-2023-Le-fiasco-total-de-lequipe-DSM-Firmenich.png\" \/>\n\t<meta property=\"og:image:width\" content=\"800\" \/>\n\t<meta property=\"og:image:height\" content=\"445\" \/>\n\t<meta property=\"og:image:type\" content=\"image\/png\" \/>\n<meta name=\"author\" content=\"Maxime Cazenave\" \/>\n<meta name=\"twitter:card\" content=\"summary_large_image\" \/>\n<meta name=\"twitter:title\" content=\"Tour de France 2023 : Le fiasco total de l&#039;\u00e9quipe DSM-Firmenich\" \/>\n<meta name=\"twitter:creator\" content=\"@https:\/\/twitter.com\/Maxime_Caze\" \/>\n<meta name=\"twitter:site\" content=\"@dicodusport\" \/>\n<script type=\"application\/ld+json\" class=\"yoast-schema-graph\">{\"@context\":\"https:\/\/schema.org\",\"@graph\":[{\"@type\":\"NewsArticle\",\"@id\":\"https:\/\/dicodusport.fr\/blog\/tour-de-france-2023-le-fiasco-total-de-lequipe-dsm-firmenich\/#article\",\"isPartOf\":{\"@id\":\"https:\/\/dicodusport.fr\/blog\/tour-de-france-2023-le-fiasco-total-de-lequipe-dsm-firmenich\/\"},\"author\":{\"name\":\"Maxime Cazenave\",\"@id\":\"https:\/\/dicodusport.fr\/blog\/#\/schema\/person\/37def232098a7a5cbab3974a3690abb0\"},\"headline\":\"Tour de France 2023 : Le fiasco total de l&rsquo;\u00e9quipe DSM-Firmenich\",\"datePublished\":\"2023-07-21T06:50:05+00:00\",\"mainEntityOfPage\":{\"@id\":\"https:\/\/dicodusport.fr\/blog\/tour-de-france-2023-le-fiasco-total-de-lequipe-dsm-firmenich\/\"},\"wordCount\":921,\"commentCount\":0,\"publisher\":{\"@id\":\"https:\/\/dicodusport.fr\/blog\/#organization\"},\"image\":{\"@id\":\"https:\/\/dicodusport.fr\/blog\/tour-de-france-2023-le-fiasco-total-de-lequipe-dsm-firmenich\/#primaryimage\"},\"thumbnailUrl\":\"https:\/\/dicodusport.fr\/blog\/wp-content\/uploads\/2023\/07\/Tour-de-France-2023-Le-fiasco-total-de-lequipe-DSM-Firmenich.png\",\"keywords\":[\"br\u00e8ve\",\"Romain Bardet\",\"sport\",\"Tour de France\"],\"articleSection\":[\"Tour de France\"],\"inLanguage\":\"fr-FR\",\"potentialAction\":[{\"@type\":\"CommentAction\",\"name\":\"Comment\",\"target\":[\"https:\/\/dicodusport.fr\/blog\/tour-de-france-2023-le-fiasco-total-de-lequipe-dsm-firmenich\/#respond\"]}],\"copyrightYear\":\"2023\",\"copyrightHolder\":{\"@id\":\"https:\/\/dicodusport.fr\/blog\/#organization\"}},{\"@type\":\"WebPage\",\"@id\":\"https:\/\/dicodusport.fr\/blog\/tour-de-france-2023-le-fiasco-total-de-lequipe-dsm-firmenich\/\",\"url\":\"https:\/\/dicodusport.fr\/blog\/tour-de-france-2023-le-fiasco-total-de-lequipe-dsm-firmenich\/\",\"name\":\"Tour de France 2023 : Le fiasco total de l'\u00e9quipe DSM-Firmenich\",\"isPartOf\":{\"@id\":\"https:\/\/dicodusport.fr\/blog\/#website\"},\"primaryImageOfPage\":{\"@id\":\"https:\/\/dicodusport.fr\/blog\/tour-de-france-2023-le-fiasco-total-de-lequipe-dsm-firmenich\/#primaryimage\"},\"image\":{\"@id\":\"https:\/\/dicodusport.fr\/blog\/tour-de-france-2023-le-fiasco-total-de-lequipe-dsm-firmenich\/#primaryimage\"},\"thumbnailUrl\":\"https:\/\/dicodusport.fr\/blog\/wp-content\/uploads\/2023\/07\/Tour-de-France-2023-Le-fiasco-total-de-lequipe-DSM-Firmenich.png\",\"datePublished\":\"2023-07-21T06:50:05+00:00\",\"description\":\"TOUR DE FRANCE 2023 \u2013 En retrait depuis le d\u00e9but de l'\u00e9preuve, l'\u00e9quipe DSM-Firmenich r\u00e9alise une Grande Boucle catastrophique.\",\"breadcrumb\":{\"@id\":\"https:\/\/dicodusport.fr\/blog\/tour-de-france-2023-le-fiasco-total-de-lequipe-dsm-firmenich\/#breadcrumb\"},\"inLanguage\":\"fr-FR\",\"potentialAction\":[{\"@type\":\"ReadAction\",\"target\":[\"https:\/\/dicodusport.fr\/blog\/tour-de-france-2023-le-fiasco-total-de-lequipe-dsm-firmenich\/\"]}]},{\"@type\":\"ImageObject\",\"inLanguage\":\"fr-FR\",\"@id\":\"https:\/\/dicodusport.fr\/blog\/tour-de-france-2023-le-fiasco-total-de-lequipe-dsm-firmenich\/#primaryimage\",\"url\":\"https:\/\/dicodusport.fr\/blog\/wp-content\/uploads\/2023\/07\/Tour-de-France-2023-Le-fiasco-total-de-lequipe-DSM-Firmenich.png\",\"contentUrl\":\"https:\/\/dicodusport.fr\/blog\/wp-content\/uploads\/2023\/07\/Tour-de-France-2023-Le-fiasco-total-de-lequipe-DSM-Firmenich.png\",\"width\":800,\"height\":445,\"caption\":\"Tour de France 2023 Le fiasco total de l'\u00e9quipe DSM-Firmenich\"},{\"@type\":\"BreadcrumbList\",\"@id\":\"https:\/\/dicodusport.fr\/blog\/tour-de-france-2023-le-fiasco-total-de-lequipe-dsm-firmenich\/#breadcrumb\",\"itemListElement\":[{\"@type\":\"ListItem\",\"position\":1,\"name\":\"Accueil\",\"item\":\"https:\/\/dicodusport.fr\/blog\/\"},{\"@type\":\"ListItem\",\"position\":2,\"name\":\"Tour de France 2023 : Le fiasco total de l&rsquo;\u00e9quipe DSM-Firmenich\"}]},{\"@type\":\"WebSite\",\"@id\":\"https:\/\/dicodusport.fr\/blog\/#website\",\"url\":\"https:\/\/dicodusport.fr\/blog\/\",\"name\":\"Dicodusport\",\"description\":\"L&#039;encyclop\u00e9die de l&#039;actualit\u00e9 sportive\",\"publisher\":{\"@id\":\"https:\/\/dicodusport.fr\/blog\/#organization\"},\"potentialAction\":[{\"@type\":\"SearchAction\",\"target\":{\"@type\":\"EntryPoint\",\"urlTemplate\":\"https:\/\/dicodusport.fr\/blog\/?s={search_term_string}\"},\"query-input\":{\"@type\":\"PropertyValueSpecification\",\"valueRequired\":true,\"valueName\":\"search_term_string\"}}],\"inLanguage\":\"fr-FR\"},{\"@type\":\"NewsMediaOrganization\",\"@id\":\"https:\/\/dicodusport.fr\/blog\/#organization\",\"name\":\"Dicodusport\",\"url\":\"https:\/\/dicodusport.fr\/blog\/\",\"logo\":{\"@type\":\"ImageObject\",\"inLanguage\":\"fr-FR\",\"@id\":\"https:\/\/dicodusport.fr\/blog\/#\/schema\/logo\/image\/\",\"url\":\"https:\/\/dicodusport.fr\/blog\/wp-content\/uploads\/2020\/06\/cropped-LOGO-DICODUSPORT-2020-SANS-FOND-SANS-TEXTE.png\",\"contentUrl\":\"https:\/\/dicodusport.fr\/blog\/wp-content\/uploads\/2020\/06\/cropped-LOGO-DICODUSPORT-2020-SANS-FOND-SANS-TEXTE.png\",\"width\":512,\"height\":512,\"caption\":\"Dicodusport\"},\"image\":{\"@id\":\"https:\/\/dicodusport.fr\/blog\/#\/schema\/logo\/image\/\"},\"sameAs\":[\"https:\/\/www.facebook.com\/dicodusport\",\"https:\/\/x.com\/dicodusport\",\"https:\/\/www.instagram.com\/dicodusport\/\",\"https:\/\/www.youtube.com\/channel\/UC7V2KZ5sd3htJivAbA4ZG3w\"],\"description\":\"Dicodusport est l'encyclop\u00e9die de l'actualit\u00e9 sportive.\",\"email\":\"bonjour@dicodusport.fr\",\"legalName\":\"DICODUSPORT\",\"foundingDate\":\"2018-01-14\",\"vatID\":\"FR71834470973\",\"taxID\":\"83447097300043\",\"numberOfEmployees\":{\"@type\":\"QuantitativeValue\",\"minValue\":\"1\",\"maxValue\":\"10\"}},{\"@type\":\"Person\",\"@id\":\"https:\/\/dicodusport.fr\/blog\/#\/schema\/person\/37def232098a7a5cbab3974a3690abb0\",\"name\":\"Maxime Cazenave\",\"image\":{\"@type\":\"ImageObject\",\"inLanguage\":\"fr-FR\",\"@id\":\"https:\/\/dicodusport.fr\/blog\/#\/schema\/person\/image\/\",\"url\":\"https:\/\/dicodusport.fr\/blog\/wp-content\/uploads\/2021\/05\/Maxime-Cazenave-150x150.jpg\",\"contentUrl\":\"https:\/\/dicodusport.fr\/blog\/wp-content\/uploads\/2021\/05\/Maxime-Cazenave-150x150.jpg\",\"caption\":\"Maxime Cazenave\"},\"description\":\"Journaliste\/R\u00e9dacteur depuis 2012 - Berc\u00e9 par l\u2019amour des Girondins de Bordeaux, les \u00e9checs de Christophe Moreau sur le Tour de France sous l'\u00e8re Lance Armstrong et le fade-away l\u00e9tal de Dirk Nowitzki, ma passion d\u00e9vorante pour le sport a toujours \u00e9t\u00e9 un pan incontournable de ma vie. Transmettre ma passion \u00e0 l\u2019\u00e9crit a \u00e9t\u00e9 une transition naturelle. Suiveur assidu de basket et de hockey sur glace, je garde toujours un peu de place pour suivre le cyclisme, le football et le maximum de performances fran\u00e7aises.\",\"sameAs\":[\"https:\/\/x.com\/https:\/\/twitter.com\/Maxime_Caze\"],\"url\":\"https:\/\/dicodusport.fr\/blog\/author\/maximec\/\"}]}<\/script>\n<!-- \/ Yoast SEO Premium plugin. -->","yoast_head_json":{"title":"Tour de France 2023 : Le fiasco total de l'\u00e9quipe DSM-Firmenich","description":"TOUR DE FRANCE 2023 \u2013 En retrait depuis le d\u00e9but de l'\u00e9preuve, l'\u00e9quipe DSM-Firmenich r\u00e9alise une Grande Boucle catastrophique.","robots":{"index":"index","follow":"follow","max-snippet":"max-snippet:-1","max-image-preview":"max-image-preview:large","max-video-preview":"max-video-preview:-1"},"canonical":"https:\/\/dicodusport.fr\/blog\/tour-de-france-2023-le-fiasco-total-de-lequipe-dsm-firmenich\/","og_locale":"fr_FR","og_type":"article","og_title":"Tour de France 2023 : Le fiasco total de l'\u00e9quipe DSM-Firmenich","og_description":"TOUR DE FRANCE 2023 \u2013 En retrait depuis le d\u00e9but de l'\u00e9preuve, l'\u00e9quipe DSM-Firmenich r\u00e9alise une Grande Boucle catastrophique.","og_url":"https:\/\/dicodusport.fr\/blog\/tour-de-france-2023-le-fiasco-total-de-lequipe-dsm-firmenich\/","og_site_name":"Dicodusport","article_publisher":"https:\/\/www.facebook.com\/dicodusport","article_published_time":"2023-07-21T06:50:05+00:00","og_image":[{"width":800,"height":445,"url":"https:\/\/dicodusport.fr\/blog\/wp-content\/uploads\/2023\/07\/Tour-de-France-2023-Le-fiasco-total-de-lequipe-DSM-Firmenich.png","type":"image\/png"}],"author":"Maxime Cazenave","twitter_card":"summary_large_image","twitter_title":"Tour de France 2023 : Le fiasco total de l'\u00e9quipe DSM-Firmenich","twitter_creator":"@https:\/\/twitter.com\/Maxime_Caze","twitter_site":"@dicodusport","schema":{"@context":"https:\/\/schema.org","@graph":[{"@type":"NewsArticle","@id":"https:\/\/dicodusport.fr\/blog\/tour-de-france-2023-le-fiasco-total-de-lequipe-dsm-firmenich\/#article","isPartOf":{"@id":"https:\/\/dicodusport.fr\/blog\/tour-de-france-2023-le-fiasco-total-de-lequipe-dsm-firmenich\/"},"author":{"name":"Maxime Cazenave","@id":"https:\/\/dicodusport.fr\/blog\/#\/schema\/person\/37def232098a7a5cbab3974a3690abb0"},"headline":"Tour de France 2023 : Le fiasco total de l&rsquo;\u00e9quipe DSM-Firmenich","datePublished":"2023-07-21T06:50:05+00:00","mainEntityOfPage":{"@id":"https:\/\/dicodusport.fr\/blog\/tour-de-france-2023-le-fiasco-total-de-lequipe-dsm-firmenich\/"},"wordCount":921,"commentCount":0,"publisher":{"@id":"https:\/\/dicodusport.fr\/blog\/#organization"},"image":{"@id":"https:\/\/dicodusport.fr\/blog\/tour-de-france-2023-le-fiasco-total-de-lequipe-dsm-firmenich\/#primaryimage"},"thumbnailUrl":"https:\/\/dicodusport.fr\/blog\/wp-content\/uploads\/2023\/07\/Tour-de-France-2023-Le-fiasco-total-de-lequipe-DSM-Firmenich.png","keywords":["br\u00e8ve","Romain Bardet","sport","Tour de France"],"articleSection":["Tour de France"],"inLanguage":"fr-FR","potentialAction":[{"@type":"CommentAction","name":"Comment","target":["https:\/\/dicodusport.fr\/blog\/tour-de-france-2023-le-fiasco-total-de-lequipe-dsm-firmenich\/#respond"]}],"copyrightYear":"2023","copyrightHolder":{"@id":"https:\/\/dicodusport.fr\/blog\/#organization"}},{"@type":"WebPage","@id":"https:\/\/dicodusport.fr\/blog\/tour-de-france-2023-le-fiasco-total-de-lequipe-dsm-firmenich\/","url":"https:\/\/dicodusport.fr\/blog\/tour-de-france-2023-le-fiasco-total-de-lequipe-dsm-firmenich\/","name":"Tour de France 2023 : Le fiasco total de l'\u00e9quipe DSM-Firmenich","isPartOf":{"@id":"https:\/\/dicodusport.fr\/blog\/#website"},"primaryImageOfPage":{"@id":"https:\/\/dicodusport.fr\/blog\/tour-de-france-2023-le-fiasco-total-de-lequipe-dsm-firmenich\/#primaryimage"},"image":{"@id":"https:\/\/dicodusport.fr\/blog\/tour-de-france-2023-le-fiasco-total-de-lequipe-dsm-firmenich\/#primaryimage"},"thumbnailUrl":"https:\/\/dicodusport.fr\/blog\/wp-content\/uploads\/2023\/07\/Tour-de-France-2023-Le-fiasco-total-de-lequipe-DSM-Firmenich.png","datePublished":"2023-07-21T06:50:05+00:00","description":"TOUR DE FRANCE 2023 \u2013 En retrait depuis le d\u00e9but de l'\u00e9preuve, l'\u00e9quipe DSM-Firmenich r\u00e9alise une Grande Boucle catastrophique.","breadcrumb":{"@id":"https:\/\/dicodusport.fr\/blog\/tour-de-france-2023-le-fiasco-total-de-lequipe-dsm-firmenich\/#breadcrumb"},"inLanguage":"fr-FR","potentialAction":[{"@type":"ReadAction","target":["https:\/\/dicodusport.fr\/blog\/tour-de-france-2023-le-fiasco-total-de-lequipe-dsm-firmenich\/"]}]},{"@type":"ImageObject","inLanguage":"fr-FR","@id":"https:\/\/dicodusport.fr\/blog\/tour-de-france-2023-le-fiasco-total-de-lequipe-dsm-firmenich\/#primaryimage","url":"https:\/\/dicodusport.fr\/blog\/wp-content\/uploads\/2023\/07\/Tour-de-France-2023-Le-fiasco-total-de-lequipe-DSM-Firmenich.png","contentUrl":"https:\/\/dicodusport.fr\/blog\/wp-content\/uploads\/2023\/07\/Tour-de-France-2023-Le-fiasco-total-de-lequipe-DSM-Firmenich.png","width":800,"height":445,"caption":"Tour de France 2023 Le fiasco total de l'\u00e9quipe DSM-Firmenich"},{"@type":"BreadcrumbList","@id":"https:\/\/dicodusport.fr\/blog\/tour-de-france-2023-le-fiasco-total-de-lequipe-dsm-firmenich\/#breadcrumb","itemListElement":[{"@type":"ListItem","position":1,"name":"Accueil","item":"https:\/\/dicodusport.fr\/blog\/"},{"@type":"ListItem","position":2,"name":"Tour de France 2023 : Le fiasco total de l&rsquo;\u00e9quipe DSM-Firmenich"}]},{"@type":"WebSite","@id":"https:\/\/dicodusport.fr\/blog\/#website","url":"https:\/\/dicodusport.fr\/blog\/","name":"Dicodusport","description":"L&#039;encyclop\u00e9die de l&#039;actualit\u00e9 sportive","publisher":{"@id":"https:\/\/dicodusport.fr\/blog\/#organization"},"potentialAction":[{"@type":"SearchAction","target":{"@type":"EntryPoint","urlTemplate":"https:\/\/dicodusport.fr\/blog\/?s={search_term_string}"},"query-input":{"@type":"PropertyValueSpecification","valueRequired":true,"valueName":"search_term_string"}}],"inLanguage":"fr-FR"},{"@type":"NewsMediaOrganization","@id":"https:\/\/dicodusport.fr\/blog\/#organization","name":"Dicodusport","url":"https:\/\/dicodusport.fr\/blog\/","logo":{"@type":"ImageObject","inLanguage":"fr-FR","@id":"https:\/\/dicodusport.fr\/blog\/#\/schema\/logo\/image\/","url":"https:\/\/dicodusport.fr\/blog\/wp-content\/uploads\/2020\/06\/cropped-LOGO-DICODUSPORT-2020-SANS-FOND-SANS-TEXTE.png","contentUrl":"https:\/\/dicodusport.fr\/blog\/wp-content\/uploads\/2020\/06\/cropped-LOGO-DICODUSPORT-2020-SANS-FOND-SANS-TEXTE.png","width":512,"height":512,"caption":"Dicodusport"},"image":{"@id":"https:\/\/dicodusport.fr\/blog\/#\/schema\/logo\/image\/"},"sameAs":["https:\/\/www.facebook.com\/dicodusport","https:\/\/x.com\/dicodusport","https:\/\/www.instagram.com\/dicodusport\/","https:\/\/www.youtube.com\/channel\/UC7V2KZ5sd3htJivAbA4ZG3w"],"description":"Dicodusport est l'encyclop\u00e9die de l'actualit\u00e9 sportive.","email":"bonjour@dicodusport.fr","legalName":"DICODUSPORT","foundingDate":"2018-01-14","vatID":"FR71834470973","taxID":"83447097300043","numberOfEmployees":{"@type":"QuantitativeValue","minValue":"1","maxValue":"10"}},{"@type":"Person","@id":"https:\/\/dicodusport.fr\/blog\/#\/schema\/person\/37def232098a7a5cbab3974a3690abb0","name":"Maxime Cazenave","image":{"@type":"ImageObject","inLanguage":"fr-FR","@id":"https:\/\/dicodusport.fr\/blog\/#\/schema\/person\/image\/","url":"https:\/\/dicodusport.fr\/blog\/wp-content\/uploads\/2021\/05\/Maxime-Cazenave-150x150.jpg","contentUrl":"https:\/\/dicodusport.fr\/blog\/wp-content\/uploads\/2021\/05\/Maxime-Cazenave-150x150.jpg","caption":"Maxime Cazenave"},"description":"Journaliste\/R\u00e9dacteur depuis 2012 - Berc\u00e9 par l\u2019amour des Girondins de Bordeaux, les \u00e9checs de Christophe Moreau sur le Tour de France sous l'\u00e8re Lance Armstrong et le fade-away l\u00e9tal de Dirk Nowitzki, ma passion d\u00e9vorante pour le sport a toujours \u00e9t\u00e9 un pan incontournable de ma vie. Transmettre ma passion \u00e0 l\u2019\u00e9crit a \u00e9t\u00e9 une transition naturelle. Suiveur assidu de basket et de hockey sur glace, je garde toujours un peu de place pour suivre le cyclisme, le football et le maximum de performances fran\u00e7aises.","sameAs":["https:\/\/x.com\/https:\/\/twitter.com\/Maxime_Caze"],"url":"https:\/\/dicodusport.fr\/blog\/author\/maximec\/"}]}},"_links":{"self":[{"href":"https:\/\/dicodusport.fr\/blog\/wp-json\/wp\/v2\/posts\/401666","targetHints":{"allow":["GET"]}}],"collection":[{"href":"https:\/\/dicodusport.fr\/blog\/wp-json\/wp\/v2\/posts"}],"about":[{"href":"https:\/\/dicodusport.fr\/blog\/wp-json\/wp\/v2\/types\/post"}],"author":[{"embeddable":true,"href":"https:\/\/dicodusport.fr\/blog\/wp-json\/wp\/v2\/users\/55"}],"replies":[{"embeddable":true,"href":"https:\/\/dicodusport.fr\/blog\/wp-json\/wp\/v2\/comments?post=401666"}],"version-history":[{"count":0,"href":"https:\/\/dicodusport.fr\/blog\/wp-json\/wp\/v2\/posts\/401666\/revisions"}],"wp:featuredmedia":[{"embeddable":true,"href":"https:\/\/dicodusport.fr\/blog\/wp-json\/wp\/v2\/media\/401678"}],"wp:attachment":[{"href":"https:\/\/dicodusport.fr\/blog\/wp-json\/wp\/v2\/media?parent=401666"}],"wp:term":[{"taxonomy":"category","embeddable":true,"href":"https:\/\/dicodusport.fr\/blog\/wp-json\/wp\/v2\/categories?post=401666"},{"taxonomy":"post_tag","embeddable":true,"href":"https:\/\/dicodusport.fr\/blog\/wp-json\/wp\/v2\/tags?post=401666"}],"curies":[{"name":"wp","href":"https:\/\/api.w.org\/{rel}","templated":true}]}}