{"id":401761,"date":"2023-07-21T17:13:34","date_gmt":"2023-07-21T15:13:34","guid":{"rendered":"https:\/\/dicodusport.fr\/blog\/?p=401761&#038;preview=true&#038;preview_id=401761"},"modified":"2023-07-21T18:24:39","modified_gmt":"2023-07-21T16:24:39","slug":"tour-de-france-2023-matej-mohoric-gagne-la-19eme-etape","status":"publish","type":"post","link":"https:\/\/dicodusport.fr\/blog\/tour-de-france-2023-matej-mohoric-gagne-la-19eme-etape\/","title":{"rendered":"Tour de France 2023 : Matej Mohoric gagne la 19\u00e8me \u00e9tape"},"content":{"rendered":"<p style=\"text-align: justify;\"><b><i><a href=\"https:\/\/dicodusport.fr\/blog\/actualites\/cyclisme\/cyclisme-sur-route-2023\/tour-de-france-2023\/\">TOUR DE FRANCE 2023<\/a> \u2013 Matej Mohoric (Bahrain Victorious) s&rsquo;est impos\u00e9 sur la 19\u00e8me \u00e9tape ce vendredi, \u00e0 Poligny. Il a devanc\u00e9 Kasper Asgreen (Soudal Quick-Step) et Ben O&rsquo;Connor (AG2R Citro\u00ebn). Jonas Vingegaard (Jumbo-Visma) reste maillot jaune.\u00a0\u00a0<\/i><\/b><\/p>\n<p style=\"text-align: justify;\">D&rsquo;abord, le d\u00e9but a \u00e9t\u00e9 tr\u00e8s intense sur des routes accident\u00e9es avec un peloton scind\u00e9 en plusieurs morceaux. Un temps pi\u00e9g\u00e9, <strong>Adam Yates<\/strong> (UAE Team Emirates) a \u00e9t\u00e9 ramen\u00e9 par son \u00e9quipier <strong>Rafal Majka<\/strong> dans le peloton principal. <strong>Alexey Lutsenko<\/strong> (Astana Qazaqstan) est pass\u00e9 en t\u00eate au sommet de la C\u00f4te du Bois de Lionge.<\/p>\n<p style=\"text-align: justify;\">Apr\u00e8s plus d&rsquo;une heure de bagarre \u00e0 plus de 49 km\/h de moyenne, neuf coureurs ont r\u00e9ussi \u00e0 se porter \u00e0 l&rsquo;avant de la course : <strong>Matteo Trentin<\/strong> (UAE Team Emirates), <strong>Julian Alaphilippe<\/strong> (Soudal Quick-Step), <strong>Mads Pedersen<\/strong> (Lidl-Trek), <strong>Jack Haig<\/strong> (Bahrain Victorious), <strong>Victor Campenaerts<\/strong> (Lotto Dstny), <strong>Warren Barguil<\/strong> (Ark\u00e9a-Samsic), <strong>Nils Politt<\/strong> (Bora Hansgrohe), <strong>Georg Zimmermann<\/strong> (Intermarch\u00e9-Circus-Wanty) et <strong>Tiesj Benoot<\/strong> (Jumbo-Visma).<\/p>\n<h2 style=\"text-align: justify;\">Une \u00e9tape disput\u00e9e \u00e0 49,137 km\/h de moyenne<\/h2>\n<p style=\"text-align: justify;\">Cependant, les \u00e9quipes Israel Premier Tech, EF Education-EasyPost et Uno X Pro Cycling ont continu\u00e9 \u00e0 travailler en t\u00eate du peloton pour revenir \u00e0 30 secondes. Malheureusement, <strong>Nils Politt<\/strong> (Bora Hansgrohe) a cass\u00e9 sa cha\u00eene et a \u00e9t\u00e9 d\u00e9pass\u00e9 par le peloton. <strong>Mads Pedersen<\/strong> (Lidl-Trek) est pass\u00e9 en premi\u00e8re position au sprint interm\u00e9diaire de Ney.<\/p>\n<blockquote class=\"twitter-tweet\">\n<p dir=\"ltr\" lang=\"fr\"><a href=\"https:\/\/twitter.com\/hashtag\/TDF2023?src=hash&amp;ref_src=twsrc%5Etfw\">#TDF2023<\/a> | \ud83d\ude24 Coup dur pour Nils Politt. Pr\u00e9sent dans l&rsquo;\u00e9chapp\u00e9e, mais victime d&rsquo;un incident m\u00e9canique, le coureur est repris par le peloton&#8230;<\/p>\n<p>\ud83c\udf7f Suivez le direct : <a href=\"https:\/\/t.co\/fdNm74KX18\">https:\/\/t.co\/fdNm74KX18<\/a> <a href=\"https:\/\/t.co\/FNHgCgshFf\">pic.twitter.com\/FNHgCgshFf<\/a><\/p>\n<p>\u2014 francetvsport (@francetvsport) <a href=\"https:\/\/twitter.com\/francetvsport\/status\/1682380457072001024?ref_src=twsrc%5Etfw\">July 21, 2023<\/a><\/p><\/blockquote>\n<p><script async src=\"https:\/\/platform.twitter.com\/widgets.js\" charset=\"utf-8\"><\/script><\/p>\n<p style=\"text-align: justify;\">Avec ce sprint interm\u00e9diaire, un groupe de 28 coureurs sont sortis du peloton et ont fait la jonction avec l&rsquo;\u00e9chapp\u00e9e : <strong>Tom Pidcock<\/strong> (INEOS Grenadiers), <strong>Christophe Laporte<\/strong> (Jumbo-Visma), <strong>Lars van den Berg<\/strong> (Groupama FDJ), <strong>Alberto Bettiol, Neilson Powless<\/strong> (EF Education EasyPost), <strong>Kasper Asgreen<\/strong> (Soudal Quick-Step), <strong>Matej Mohoric, Fred Wright<\/strong> (Bahrain Victorious), <strong>Marco Haller, Jordi Meeus<\/strong> (Bora Hansgrohe), <strong>Oliver Naesen, Ben<\/strong> O&rsquo;Connor (AG2R Citro\u00ebn), <strong>Mathieu van der Poel, Jasper Philipsen<\/strong> (Alpecin-Deceuninck), Ion Izagirre (Cofidis), <strong>Hugo Houle, Krists Neilands, Simon Clarke, Corbin Strong<\/strong> (Israel Premier Tech), <strong>Luka Mezgec, Luke Durbridge, Dylan Groenewegen<\/strong> (Team Jayco AlUla), <strong>Jonas<\/strong> <strong>Abrahamsen, Anthon Charmig, Rasmus Tiller, S\u00f8ren Waerensjkold<\/strong> (Uno X Pro Cycling), <strong>Daniel Oss et Anthony Turgis<\/strong> (TotalEnergies).<\/p>\n<p style=\"text-align: justify;\">Mais, peu apr\u00e8s cette jonction, <strong>Victor Campenaerts<\/strong> (Lotto Dstny) et <strong>Simon Clarke<\/strong> (Israel Premier-Tech) sont sortis et ont obtenu une minute d&rsquo;avance sur leurs poursuivants. Mais, le coureur australien a \u00e9t\u00e9 pris de crampes et a \u00e9t\u00e9 distanc\u00e9 \u00e0 32 kilom\u00e8tres de l&rsquo;arriv\u00e9e. <strong>Kasper Asgreen<\/strong> (Soudal Quick-Step), <strong>Matej Mohoric<\/strong> (Bahrain Victorious) et <strong>Ben O&rsquo;Connor<\/strong> (AG2R Citro\u00ebn) ont profit\u00e9 de la C\u00f4te d&rsquo;Ivory pour d\u00e9passer le coureur belge. <strong>Matej Mohoric<\/strong> (Bahrain Victorious) est pass\u00e9 en t\u00eate au sommet de cette seconde difficult\u00e9. Derri\u00e8re, de nombreuses attaques ont eu lieu dans le groupe de chasse. Le peloton a pass\u00e9 avec un retard de plus de huit minutes.<\/p>\n<p style=\"text-align: justify;\">\u00c0 l&rsquo;entame des 10 derniers kilom\u00e8tres, <strong>Tom Pidcock<\/strong> (INEOS Grenadiers), <strong>Christophe Laporte<\/strong> (Jumbo-Visma), <strong>Mads Pedersen<\/strong> (Lidl-Trek), <strong>Alberto Bettiol<\/strong> (EF Education EasyPost), <strong>Georg Zimmermann<\/strong> (Intermarch\u00e9-Circus-Wanty), <strong>Luka Mezgec<\/strong> (Team Jayco AlUla), <strong>Matteo Trentin<\/strong> (UAE Team Emirates), <strong>Mathieu van der Poel<\/strong> et <strong>Jasper Philipsen<\/strong> (Alpecin-Deceuninck) ont form\u00e9 un contre de chasse, mais ils n&rsquo;ont pas r\u00e9ussi \u00e0 revenir sur le trio.<\/p>\n<h2 style=\"text-align: justify;\">Troisi\u00e8me succ\u00e8s d&rsquo;\u00e9tape pour Bahrain Victorious<\/h2>\n<p style=\"text-align: justify;\">Finalement, <strong>Ben O&rsquo;Connor<\/strong> (AG2R Citro\u00ebn) a tent\u00e9 de surprendre ses compagnons de fugue dans le dernier kilom\u00e8tre. Mais, <strong>Kasper Asgreen<\/strong> (Soudal Quick-Step) a pris le sillage de l&rsquo;Australien. Le Danois a alors lanc\u00e9 de loin son sprint, mais <strong>Matej Mohoric<\/strong> (Bahrain Victorious) est parvenu \u00e0 d\u00e9passer <strong>Kasper Asgreen<\/strong> (Soudal Quick-Step) au jeter de v\u00e9lo. Le Slov\u00e8ne a d\u00e9croch\u00e9 ainsi son troisi\u00e8me succ\u00e8s d&rsquo;\u00e9tape en carri\u00e8re.<\/p>\n<blockquote class=\"twitter-tweet\">\n<p dir=\"ltr\" lang=\"fr\">La photo-finish a parl\u00e9, \u00e7a s&rsquo;est jou\u00e9 \u00e0 \ud83e\udd0f : Matej Mohori\u010d a pass\u00e9 la ligne avant Kasper Asgreen pour remporter la 19e \u00e9tape du <a href=\"https:\/\/twitter.com\/hashtag\/TDF2023?src=hash&amp;ref_src=twsrc%5Etfw\">#TDF2023<\/a> ! <a href=\"https:\/\/twitter.com\/hashtag\/LesRP?src=hash&amp;ref_src=twsrc%5Etfw\">#LesRP<\/a> <a href=\"https:\/\/t.co\/WZuQcKZhBc\">pic.twitter.com\/WZuQcKZhBc<\/a><\/p>\n<p>\u2014 Eurosport France (@Eurosport_FR) <a href=\"https:\/\/twitter.com\/Eurosport_FR\/status\/1682409082571960324?ref_src=twsrc%5Etfw\">July 21, 2023<\/a><\/p><\/blockquote>\n<p><script async src=\"https:\/\/platform.twitter.com\/widgets.js\" charset=\"utf-8\"><\/script><\/p>\n<p style=\"text-align: justify;\">\u00c0 39 secondes, le maillot vert <strong>Jasper Philipsen<\/strong> (Alpecin-Deceuninck) a r\u00e9gl\u00e9 le premier groupe de chasse devant <strong>Mads Pedersen<\/strong> (Lidl-Trek) et <strong>Christophe Laporte<\/strong> (Jumbo-Visma). Le second groupe de chasse a pass\u00e9 la ligne \u00e0 plus de 1 minute 40. Le peloton maillot jaune a franchi l&rsquo;arriv\u00e9e avec 13 minutes 42 de retard.<\/p>\n<p style=\"text-align: justify;\">Le maillot jaune<strong> Jonas Vingegaard<\/strong> (Jumbo-Visma) n&rsquo;a connu aucune difficult\u00e9 aujourd&rsquo;hui, \u00e0 la veille de l&rsquo;\u00e9tape des Vosges vers Le Markstein.<\/p>\n<h2 style=\"text-align: justify;\">\u00c0 lire aussi<\/h2>\n<ul>\n<li><strong><a href=\"https:\/\/dicodusport.fr\/blog\/tour-de-france-2023-classement-19eme-etape\/\">Le classement de la 19\u00e8me \u00e9tape<\/a>\u00a0<\/strong><\/li>\n<li style=\"text-align: justify;\"><a href=\"https:\/\/dicodusport.fr\/blog\/tour-de-france-2023-classement-general-maillot-jaune\/\"><strong>Classement g\u00e9n\u00e9ral du Tour de France 2023<\/strong><\/a><\/li>\n<li style=\"text-align: justify;\"><a href=\"https:\/\/dicodusport.fr\/blog\/tour-de-france-2023-classement-par-points-maillot-vert\/\"><strong>Classement du Maillot vert du Tour de France 2023<\/strong><\/a><\/li>\n<li style=\"text-align: justify;\"><a href=\"https:\/\/dicodusport.fr\/blog\/tour-de-france-2023-classement-montagne-maillot-a-pois\/\"><strong>Classement du Maillot \u00e0 pois du Tour de France 2023<\/strong><\/a><\/li>\n<li style=\"text-align: justify;\"><a href=\"https:\/\/dicodusport.fr\/blog\/tour-de-france-2023-classement-meilleur-jeune-maillot-blanc\/\"><strong>Classement du Maillot blanc du Tour de France 2023<\/strong><\/a><\/li>\n<\/ul>\n<div class=\"vlp-link-container vlp-layout-article\"><a href=\"https:\/\/dicodusport.fr\/blog\/alaphilippe-van-der-poel-evenepoel-les-salaires-des-stars-du-cyclisme-en-2023\/\" class=\"vlp-link\" title=\"Alaphilippe, van der Poel, Evenepoel : Les salaires des stars du cyclisme en 2023\"><\/a><div class=\"vlp-layout-zone-side\"><div class=\"vlp-block-4 vlp-link-image\"><img loading=\"lazy\" decoding=\"async\" style=\"max-width: 800px;\" width=\"800\" height=\"445\" src=\"https:\/\/dicodusport.fr\/blog\/wp-content\/uploads\/2023\/07\/Alaphilippe-van-der-Poel-Evenepoel-Les-salaires-des-stars-du-cyclisme-en-2023.png\" class=\"attachment-800x445 size-800x445\" alt=\"Alaphilippe, van der Poel, Evenepoel Les salaires des stars du cyclisme en 2023\" srcset=\"https:\/\/dicodusport.fr\/blog\/wp-content\/uploads\/2023\/07\/Alaphilippe-van-der-Poel-Evenepoel-Les-salaires-des-stars-du-cyclisme-en-2023.png 800w, https:\/\/dicodusport.fr\/blog\/wp-content\/uploads\/2023\/07\/Alaphilippe-van-der-Poel-Evenepoel-Les-salaires-des-stars-du-cyclisme-en-2023-300x167.png 300w, https:\/\/dicodusport.fr\/blog\/wp-content\/uploads\/2023\/07\/Alaphilippe-van-der-Poel-Evenepoel-Les-salaires-des-stars-du-cyclisme-en-2023-768x427.png 768w\" sizes=\"auto, (max-width: 800px) 100vw, 800px\" \/><\/div><\/div><div class=\"vlp-layout-zone-main\"><div class=\"vlp-block-0 vlp-link-title\">Alaphilippe, van der Poel, Evenepoel : Les salaires des stars du cyclisme en 2023<\/div><div class=\"vlp-block-1 vlp-link-summary\">CYCLISME SUR ROUTE 2023 - \u00c0 l'approche du Tour de France 2023, une question revient avec insistance : combien gagnent les stars du peloton ? On fait le point, avec les derni\u00e8res estimations d\u00e9voil\u00e9es par la Gazzetta dello Sport et Total Velo.<\/div><div class=\"vlp-block-2 vlp-link-button\">Lire l'article<\/div><div class=\"vlp-block-3 vlp-link-url\">dicodusport.fr<\/div><\/div><\/div>\n","protected":false},"excerpt":{"rendered":"<p>TOUR DE FRANCE 2023 \u2013 Matej Mohoric (Bahrain Victorious) s&rsquo;est impos\u00e9 sur la 19\u00e8me \u00e9tape ce vendredi, \u00e0 Poligny. Il a devanc\u00e9 Kasper Asgreen (Soudal Quick-Step) et Ben O&rsquo;Connor (AG2R Citro\u00ebn). Jonas Vingegaard (Jumbo-Visma) reste maillot jaune.\u00a0\u00a0<\/p>\n","protected":false},"author":48,"featured_media":401887,"comment_status":"open","ping_status":"closed","sticky":false,"template":"","format":"standard","meta":{"_acf_changed":false,"_daextam_enable_autolinks":"","footnotes":""},"categories":[46995],"tags":[16878,24,1262],"class_list":["post-401761","post","type-post","status-publish","format-standard","has-post-thumbnail","hentry","category-tour-de-france","tag-breve","tag-sport","tag-tour-de-france"],"acf":[],"yoast_head":"<!-- This site is optimized with the Yoast SEO Premium plugin v26.7 (Yoast SEO v26.7) - https:\/\/yoast.com\/wordpress\/plugins\/seo\/ -->\n<title>Tour de France 2023 : Matej Mohoric gagne la 19\u00e8me \u00e9tape<\/title>\n<meta name=\"description\" content=\"TOUR DE FRANCE 2023 \u2013 Matej Mohoric (Bahrain Victorious) s&#039;est impos\u00e9 sur la 19\u00e8me \u00e9tape \u00e0 Poligny, ce vendredi.\" \/>\n<meta name=\"robots\" content=\"index, follow, max-snippet:-1, max-image-preview:large, max-video-preview:-1\" \/>\n<link rel=\"canonical\" href=\"https:\/\/dicodusport.fr\/blog\/tour-de-france-2023-matej-mohoric-gagne-la-19eme-etape\/\" \/>\n<meta property=\"og:locale\" content=\"fr_FR\" \/>\n<meta property=\"og:type\" content=\"article\" \/>\n<meta property=\"og:title\" content=\"Tour de France 2023 : Matej Mohoric gagne la 19\u00e8me \u00e9tape\" \/>\n<meta property=\"og:description\" content=\"TOUR DE FRANCE 2023 \u2013 Matej Mohoric (Bahrain Victorious) s&#039;est impos\u00e9 sur la 19\u00e8me \u00e9tape \u00e0 Poligny, ce vendredi.\" \/>\n<meta property=\"og:url\" content=\"https:\/\/dicodusport.fr\/blog\/tour-de-france-2023-matej-mohoric-gagne-la-19eme-etape\/\" \/>\n<meta property=\"og:site_name\" content=\"Dicodusport\" \/>\n<meta property=\"article:publisher\" content=\"https:\/\/www.facebook.com\/dicodusport\" \/>\n<meta property=\"article:author\" content=\"https:\/\/www.facebook.com\/groups\/LesRoisDuPeloton\" \/>\n<meta property=\"article:published_time\" content=\"2023-07-21T15:13:34+00:00\" \/>\n<meta property=\"article:modified_time\" content=\"2023-07-21T16:24:39+00:00\" \/>\n<meta property=\"og:image\" content=\"https:\/\/dicodusport.fr\/blog\/wp-content\/uploads\/2023\/07\/Tour-de-France-2023-Matej-Mohoric-gagne-la-19eme-etape-1.png\" \/>\n\t<meta property=\"og:image:width\" content=\"800\" \/>\n\t<meta property=\"og:image:height\" content=\"445\" \/>\n\t<meta property=\"og:image:type\" content=\"image\/png\" \/>\n<meta name=\"author\" content=\"Emilien Descampiaux\" \/>\n<meta name=\"twitter:card\" content=\"summary_large_image\" \/>\n<meta name=\"twitter:title\" content=\"Tour de France 2023 : Matej Mohoric gagne la 19\u00e8me \u00e9tape\" \/>\n<meta name=\"twitter:creator\" content=\"@https:\/\/twitter.com\/LRoisDuPeloton\" \/>\n<meta name=\"twitter:site\" content=\"@dicodusport\" \/>\n<script type=\"application\/ld+json\" class=\"yoast-schema-graph\">{\"@context\":\"https:\/\/schema.org\",\"@graph\":[{\"@type\":\"NewsArticle\",\"@id\":\"https:\/\/dicodusport.fr\/blog\/tour-de-france-2023-matej-mohoric-gagne-la-19eme-etape\/#article\",\"isPartOf\":{\"@id\":\"https:\/\/dicodusport.fr\/blog\/tour-de-france-2023-matej-mohoric-gagne-la-19eme-etape\/\"},\"author\":{\"name\":\"Emilien Descampiaux\",\"@id\":\"https:\/\/dicodusport.fr\/blog\/#\/schema\/person\/6db4bae06b171592211be385b32876a7\"},\"headline\":\"Tour de France 2023 : Matej Mohoric gagne la 19\u00e8me \u00e9tape\",\"datePublished\":\"2023-07-21T15:13:34+00:00\",\"dateModified\":\"2023-07-21T16:24:39+00:00\",\"mainEntityOfPage\":{\"@id\":\"https:\/\/dicodusport.fr\/blog\/tour-de-france-2023-matej-mohoric-gagne-la-19eme-etape\/\"},\"wordCount\":899,\"commentCount\":0,\"publisher\":{\"@id\":\"https:\/\/dicodusport.fr\/blog\/#organization\"},\"image\":{\"@id\":\"https:\/\/dicodusport.fr\/blog\/tour-de-france-2023-matej-mohoric-gagne-la-19eme-etape\/#primaryimage\"},\"thumbnailUrl\":\"https:\/\/dicodusport.fr\/blog\/wp-content\/uploads\/2023\/07\/Tour-de-France-2023-Matej-Mohoric-gagne-la-19eme-etape-1.png\",\"keywords\":[\"br\u00e8ve\",\"sport\",\"Tour de France\"],\"articleSection\":[\"Tour de France\"],\"inLanguage\":\"fr-FR\",\"potentialAction\":[{\"@type\":\"CommentAction\",\"name\":\"Comment\",\"target\":[\"https:\/\/dicodusport.fr\/blog\/tour-de-france-2023-matej-mohoric-gagne-la-19eme-etape\/#respond\"]}],\"copyrightYear\":\"2023\",\"copyrightHolder\":{\"@id\":\"https:\/\/dicodusport.fr\/blog\/#organization\"}},{\"@type\":\"WebPage\",\"@id\":\"https:\/\/dicodusport.fr\/blog\/tour-de-france-2023-matej-mohoric-gagne-la-19eme-etape\/\",\"url\":\"https:\/\/dicodusport.fr\/blog\/tour-de-france-2023-matej-mohoric-gagne-la-19eme-etape\/\",\"name\":\"Tour de France 2023 : Matej Mohoric gagne la 19\u00e8me \u00e9tape\",\"isPartOf\":{\"@id\":\"https:\/\/dicodusport.fr\/blog\/#website\"},\"primaryImageOfPage\":{\"@id\":\"https:\/\/dicodusport.fr\/blog\/tour-de-france-2023-matej-mohoric-gagne-la-19eme-etape\/#primaryimage\"},\"image\":{\"@id\":\"https:\/\/dicodusport.fr\/blog\/tour-de-france-2023-matej-mohoric-gagne-la-19eme-etape\/#primaryimage\"},\"thumbnailUrl\":\"https:\/\/dicodusport.fr\/blog\/wp-content\/uploads\/2023\/07\/Tour-de-France-2023-Matej-Mohoric-gagne-la-19eme-etape-1.png\",\"datePublished\":\"2023-07-21T15:13:34+00:00\",\"dateModified\":\"2023-07-21T16:24:39+00:00\",\"description\":\"TOUR DE FRANCE 2023 \u2013 Matej Mohoric (Bahrain Victorious) s'est impos\u00e9 sur la 19\u00e8me \u00e9tape \u00e0 Poligny, ce vendredi.\",\"breadcrumb\":{\"@id\":\"https:\/\/dicodusport.fr\/blog\/tour-de-france-2023-matej-mohoric-gagne-la-19eme-etape\/#breadcrumb\"},\"inLanguage\":\"fr-FR\",\"potentialAction\":[{\"@type\":\"ReadAction\",\"target\":[\"https:\/\/dicodusport.fr\/blog\/tour-de-france-2023-matej-mohoric-gagne-la-19eme-etape\/\"]}]},{\"@type\":\"ImageObject\",\"inLanguage\":\"fr-FR\",\"@id\":\"https:\/\/dicodusport.fr\/blog\/tour-de-france-2023-matej-mohoric-gagne-la-19eme-etape\/#primaryimage\",\"url\":\"https:\/\/dicodusport.fr\/blog\/wp-content\/uploads\/2023\/07\/Tour-de-France-2023-Matej-Mohoric-gagne-la-19eme-etape-1.png\",\"contentUrl\":\"https:\/\/dicodusport.fr\/blog\/wp-content\/uploads\/2023\/07\/Tour-de-France-2023-Matej-Mohoric-gagne-la-19eme-etape-1.png\",\"width\":800,\"height\":445,\"caption\":\"Tour de France 2023 Matej Mohoric gagne la 19\u00e8me \u00e9tape (1)\"},{\"@type\":\"BreadcrumbList\",\"@id\":\"https:\/\/dicodusport.fr\/blog\/tour-de-france-2023-matej-mohoric-gagne-la-19eme-etape\/#breadcrumb\",\"itemListElement\":[{\"@type\":\"ListItem\",\"position\":1,\"name\":\"Accueil\",\"item\":\"https:\/\/dicodusport.fr\/blog\/\"},{\"@type\":\"ListItem\",\"position\":2,\"name\":\"Tour de France 2023 : Matej Mohoric gagne la 19\u00e8me \u00e9tape\"}]},{\"@type\":\"WebSite\",\"@id\":\"https:\/\/dicodusport.fr\/blog\/#website\",\"url\":\"https:\/\/dicodusport.fr\/blog\/\",\"name\":\"Dicodusport\",\"description\":\"L&#039;encyclop\u00e9die de l&#039;actualit\u00e9 sportive\",\"publisher\":{\"@id\":\"https:\/\/dicodusport.fr\/blog\/#organization\"},\"potentialAction\":[{\"@type\":\"SearchAction\",\"target\":{\"@type\":\"EntryPoint\",\"urlTemplate\":\"https:\/\/dicodusport.fr\/blog\/?s={search_term_string}\"},\"query-input\":{\"@type\":\"PropertyValueSpecification\",\"valueRequired\":true,\"valueName\":\"search_term_string\"}}],\"inLanguage\":\"fr-FR\"},{\"@type\":\"NewsMediaOrganization\",\"@id\":\"https:\/\/dicodusport.fr\/blog\/#organization\",\"name\":\"Dicodusport\",\"url\":\"https:\/\/dicodusport.fr\/blog\/\",\"logo\":{\"@type\":\"ImageObject\",\"inLanguage\":\"fr-FR\",\"@id\":\"https:\/\/dicodusport.fr\/blog\/#\/schema\/logo\/image\/\",\"url\":\"https:\/\/dicodusport.fr\/blog\/wp-content\/uploads\/2020\/06\/cropped-LOGO-DICODUSPORT-2020-SANS-FOND-SANS-TEXTE.png\",\"contentUrl\":\"https:\/\/dicodusport.fr\/blog\/wp-content\/uploads\/2020\/06\/cropped-LOGO-DICODUSPORT-2020-SANS-FOND-SANS-TEXTE.png\",\"width\":512,\"height\":512,\"caption\":\"Dicodusport\"},\"image\":{\"@id\":\"https:\/\/dicodusport.fr\/blog\/#\/schema\/logo\/image\/\"},\"sameAs\":[\"https:\/\/www.facebook.com\/dicodusport\",\"https:\/\/x.com\/dicodusport\",\"https:\/\/www.instagram.com\/dicodusport\/\",\"https:\/\/www.youtube.com\/channel\/UC7V2KZ5sd3htJivAbA4ZG3w\"],\"description\":\"Dicodusport est l'encyclop\u00e9die de l'actualit\u00e9 sportive.\",\"email\":\"bonjour@dicodusport.fr\",\"legalName\":\"DICODUSPORT\",\"foundingDate\":\"2018-01-14\",\"vatID\":\"FR71834470973\",\"taxID\":\"83447097300043\",\"numberOfEmployees\":{\"@type\":\"QuantitativeValue\",\"minValue\":\"1\",\"maxValue\":\"10\"}},{\"@type\":\"Person\",\"@id\":\"https:\/\/dicodusport.fr\/blog\/#\/schema\/person\/6db4bae06b171592211be385b32876a7\",\"name\":\"Emilien Descampiaux\",\"image\":{\"@type\":\"ImageObject\",\"inLanguage\":\"fr-FR\",\"@id\":\"https:\/\/dicodusport.fr\/blog\/#\/schema\/person\/image\/\",\"url\":\"https:\/\/dicodusport.fr\/blog\/wp-content\/uploads\/2021\/05\/Emilien-Descampiaux-150x150.jpg\",\"contentUrl\":\"https:\/\/dicodusport.fr\/blog\/wp-content\/uploads\/2021\/05\/Emilien-Descampiaux-150x150.jpg\",\"caption\":\"Emilien Descampiaux\"},\"description\":\"Journaliste\/r\u00e9dacteur depuis 2014 - Fan de la classe de Frank Vandenbroucke, je vis cyclisme (et de ses paysages) depuis plus de 20 ans. Je suis tr\u00e8s impliqu\u00e9 sur mes diff\u00e9rents r\u00e9seaux sociaux pour partager ma passion sur le monde et l'Histoire de la bicyclette avec ma voix sur les images en noir et blanc du succ\u00e8s de Rik Van Steenbergen lors du Ronde sur le V\u00e9lodrome de Gand.\",\"sameAs\":[\"https:\/\/www.facebook.com\/groups\/LesRoisDuPeloton\",\"https:\/\/x.com\/https:\/\/twitter.com\/LRoisDuPeloton\"],\"url\":\"https:\/\/dicodusport.fr\/blog\/author\/emiliend\/\"}]}<\/script>\n<!-- \/ Yoast SEO Premium plugin. -->","yoast_head_json":{"title":"Tour de France 2023 : Matej Mohoric gagne la 19\u00e8me \u00e9tape","description":"TOUR DE FRANCE 2023 \u2013 Matej Mohoric (Bahrain Victorious) s'est impos\u00e9 sur la 19\u00e8me \u00e9tape \u00e0 Poligny, ce vendredi.","robots":{"index":"index","follow":"follow","max-snippet":"max-snippet:-1","max-image-preview":"max-image-preview:large","max-video-preview":"max-video-preview:-1"},"canonical":"https:\/\/dicodusport.fr\/blog\/tour-de-france-2023-matej-mohoric-gagne-la-19eme-etape\/","og_locale":"fr_FR","og_type":"article","og_title":"Tour de France 2023 : Matej Mohoric gagne la 19\u00e8me \u00e9tape","og_description":"TOUR DE FRANCE 2023 \u2013 Matej Mohoric (Bahrain Victorious) s'est impos\u00e9 sur la 19\u00e8me \u00e9tape \u00e0 Poligny, ce vendredi.","og_url":"https:\/\/dicodusport.fr\/blog\/tour-de-france-2023-matej-mohoric-gagne-la-19eme-etape\/","og_site_name":"Dicodusport","article_publisher":"https:\/\/www.facebook.com\/dicodusport","article_author":"https:\/\/www.facebook.com\/groups\/LesRoisDuPeloton","article_published_time":"2023-07-21T15:13:34+00:00","article_modified_time":"2023-07-21T16:24:39+00:00","og_image":[{"width":800,"height":445,"url":"https:\/\/dicodusport.fr\/blog\/wp-content\/uploads\/2023\/07\/Tour-de-France-2023-Matej-Mohoric-gagne-la-19eme-etape-1.png","type":"image\/png"}],"author":"Emilien Descampiaux","twitter_card":"summary_large_image","twitter_title":"Tour de France 2023 : Matej Mohoric gagne la 19\u00e8me \u00e9tape","twitter_creator":"@https:\/\/twitter.com\/LRoisDuPeloton","twitter_site":"@dicodusport","schema":{"@context":"https:\/\/schema.org","@graph":[{"@type":"NewsArticle","@id":"https:\/\/dicodusport.fr\/blog\/tour-de-france-2023-matej-mohoric-gagne-la-19eme-etape\/#article","isPartOf":{"@id":"https:\/\/dicodusport.fr\/blog\/tour-de-france-2023-matej-mohoric-gagne-la-19eme-etape\/"},"author":{"name":"Emilien Descampiaux","@id":"https:\/\/dicodusport.fr\/blog\/#\/schema\/person\/6db4bae06b171592211be385b32876a7"},"headline":"Tour de France 2023 : Matej Mohoric gagne la 19\u00e8me \u00e9tape","datePublished":"2023-07-21T15:13:34+00:00","dateModified":"2023-07-21T16:24:39+00:00","mainEntityOfPage":{"@id":"https:\/\/dicodusport.fr\/blog\/tour-de-france-2023-matej-mohoric-gagne-la-19eme-etape\/"},"wordCount":899,"commentCount":0,"publisher":{"@id":"https:\/\/dicodusport.fr\/blog\/#organization"},"image":{"@id":"https:\/\/dicodusport.fr\/blog\/tour-de-france-2023-matej-mohoric-gagne-la-19eme-etape\/#primaryimage"},"thumbnailUrl":"https:\/\/dicodusport.fr\/blog\/wp-content\/uploads\/2023\/07\/Tour-de-France-2023-Matej-Mohoric-gagne-la-19eme-etape-1.png","keywords":["br\u00e8ve","sport","Tour de France"],"articleSection":["Tour de France"],"inLanguage":"fr-FR","potentialAction":[{"@type":"CommentAction","name":"Comment","target":["https:\/\/dicodusport.fr\/blog\/tour-de-france-2023-matej-mohoric-gagne-la-19eme-etape\/#respond"]}],"copyrightYear":"2023","copyrightHolder":{"@id":"https:\/\/dicodusport.fr\/blog\/#organization"}},{"@type":"WebPage","@id":"https:\/\/dicodusport.fr\/blog\/tour-de-france-2023-matej-mohoric-gagne-la-19eme-etape\/","url":"https:\/\/dicodusport.fr\/blog\/tour-de-france-2023-matej-mohoric-gagne-la-19eme-etape\/","name":"Tour de France 2023 : Matej Mohoric gagne la 19\u00e8me \u00e9tape","isPartOf":{"@id":"https:\/\/dicodusport.fr\/blog\/#website"},"primaryImageOfPage":{"@id":"https:\/\/dicodusport.fr\/blog\/tour-de-france-2023-matej-mohoric-gagne-la-19eme-etape\/#primaryimage"},"image":{"@id":"https:\/\/dicodusport.fr\/blog\/tour-de-france-2023-matej-mohoric-gagne-la-19eme-etape\/#primaryimage"},"thumbnailUrl":"https:\/\/dicodusport.fr\/blog\/wp-content\/uploads\/2023\/07\/Tour-de-France-2023-Matej-Mohoric-gagne-la-19eme-etape-1.png","datePublished":"2023-07-21T15:13:34+00:00","dateModified":"2023-07-21T16:24:39+00:00","description":"TOUR DE FRANCE 2023 \u2013 Matej Mohoric (Bahrain Victorious) s'est impos\u00e9 sur la 19\u00e8me \u00e9tape \u00e0 Poligny, ce vendredi.","breadcrumb":{"@id":"https:\/\/dicodusport.fr\/blog\/tour-de-france-2023-matej-mohoric-gagne-la-19eme-etape\/#breadcrumb"},"inLanguage":"fr-FR","potentialAction":[{"@type":"ReadAction","target":["https:\/\/dicodusport.fr\/blog\/tour-de-france-2023-matej-mohoric-gagne-la-19eme-etape\/"]}]},{"@type":"ImageObject","inLanguage":"fr-FR","@id":"https:\/\/dicodusport.fr\/blog\/tour-de-france-2023-matej-mohoric-gagne-la-19eme-etape\/#primaryimage","url":"https:\/\/dicodusport.fr\/blog\/wp-content\/uploads\/2023\/07\/Tour-de-France-2023-Matej-Mohoric-gagne-la-19eme-etape-1.png","contentUrl":"https:\/\/dicodusport.fr\/blog\/wp-content\/uploads\/2023\/07\/Tour-de-France-2023-Matej-Mohoric-gagne-la-19eme-etape-1.png","width":800,"height":445,"caption":"Tour de France 2023 Matej Mohoric gagne la 19\u00e8me \u00e9tape (1)"},{"@type":"BreadcrumbList","@id":"https:\/\/dicodusport.fr\/blog\/tour-de-france-2023-matej-mohoric-gagne-la-19eme-etape\/#breadcrumb","itemListElement":[{"@type":"ListItem","position":1,"name":"Accueil","item":"https:\/\/dicodusport.fr\/blog\/"},{"@type":"ListItem","position":2,"name":"Tour de France 2023 : Matej Mohoric gagne la 19\u00e8me \u00e9tape"}]},{"@type":"WebSite","@id":"https:\/\/dicodusport.fr\/blog\/#website","url":"https:\/\/dicodusport.fr\/blog\/","name":"Dicodusport","description":"L&#039;encyclop\u00e9die de l&#039;actualit\u00e9 sportive","publisher":{"@id":"https:\/\/dicodusport.fr\/blog\/#organization"},"potentialAction":[{"@type":"SearchAction","target":{"@type":"EntryPoint","urlTemplate":"https:\/\/dicodusport.fr\/blog\/?s={search_term_string}"},"query-input":{"@type":"PropertyValueSpecification","valueRequired":true,"valueName":"search_term_string"}}],"inLanguage":"fr-FR"},{"@type":"NewsMediaOrganization","@id":"https:\/\/dicodusport.fr\/blog\/#organization","name":"Dicodusport","url":"https:\/\/dicodusport.fr\/blog\/","logo":{"@type":"ImageObject","inLanguage":"fr-FR","@id":"https:\/\/dicodusport.fr\/blog\/#\/schema\/logo\/image\/","url":"https:\/\/dicodusport.fr\/blog\/wp-content\/uploads\/2020\/06\/cropped-LOGO-DICODUSPORT-2020-SANS-FOND-SANS-TEXTE.png","contentUrl":"https:\/\/dicodusport.fr\/blog\/wp-content\/uploads\/2020\/06\/cropped-LOGO-DICODUSPORT-2020-SANS-FOND-SANS-TEXTE.png","width":512,"height":512,"caption":"Dicodusport"},"image":{"@id":"https:\/\/dicodusport.fr\/blog\/#\/schema\/logo\/image\/"},"sameAs":["https:\/\/www.facebook.com\/dicodusport","https:\/\/x.com\/dicodusport","https:\/\/www.instagram.com\/dicodusport\/","https:\/\/www.youtube.com\/channel\/UC7V2KZ5sd3htJivAbA4ZG3w"],"description":"Dicodusport est l'encyclop\u00e9die de l'actualit\u00e9 sportive.","email":"bonjour@dicodusport.fr","legalName":"DICODUSPORT","foundingDate":"2018-01-14","vatID":"FR71834470973","taxID":"83447097300043","numberOfEmployees":{"@type":"QuantitativeValue","minValue":"1","maxValue":"10"}},{"@type":"Person","@id":"https:\/\/dicodusport.fr\/blog\/#\/schema\/person\/6db4bae06b171592211be385b32876a7","name":"Emilien Descampiaux","image":{"@type":"ImageObject","inLanguage":"fr-FR","@id":"https:\/\/dicodusport.fr\/blog\/#\/schema\/person\/image\/","url":"https:\/\/dicodusport.fr\/blog\/wp-content\/uploads\/2021\/05\/Emilien-Descampiaux-150x150.jpg","contentUrl":"https:\/\/dicodusport.fr\/blog\/wp-content\/uploads\/2021\/05\/Emilien-Descampiaux-150x150.jpg","caption":"Emilien Descampiaux"},"description":"Journaliste\/r\u00e9dacteur depuis 2014 - Fan de la classe de Frank Vandenbroucke, je vis cyclisme (et de ses paysages) depuis plus de 20 ans. Je suis tr\u00e8s impliqu\u00e9 sur mes diff\u00e9rents r\u00e9seaux sociaux pour partager ma passion sur le monde et l'Histoire de la bicyclette avec ma voix sur les images en noir et blanc du succ\u00e8s de Rik Van Steenbergen lors du Ronde sur le V\u00e9lodrome de Gand.","sameAs":["https:\/\/www.facebook.com\/groups\/LesRoisDuPeloton","https:\/\/x.com\/https:\/\/twitter.com\/LRoisDuPeloton"],"url":"https:\/\/dicodusport.fr\/blog\/author\/emiliend\/"}]}},"_links":{"self":[{"href":"https:\/\/dicodusport.fr\/blog\/wp-json\/wp\/v2\/posts\/401761","targetHints":{"allow":["GET"]}}],"collection":[{"href":"https:\/\/dicodusport.fr\/blog\/wp-json\/wp\/v2\/posts"}],"about":[{"href":"https:\/\/dicodusport.fr\/blog\/wp-json\/wp\/v2\/types\/post"}],"author":[{"embeddable":true,"href":"https:\/\/dicodusport.fr\/blog\/wp-json\/wp\/v2\/users\/48"}],"replies":[{"embeddable":true,"href":"https:\/\/dicodusport.fr\/blog\/wp-json\/wp\/v2\/comments?post=401761"}],"version-history":[{"count":0,"href":"https:\/\/dicodusport.fr\/blog\/wp-json\/wp\/v2\/posts\/401761\/revisions"}],"wp:featuredmedia":[{"embeddable":true,"href":"https:\/\/dicodusport.fr\/blog\/wp-json\/wp\/v2\/media\/401887"}],"wp:attachment":[{"href":"https:\/\/dicodusport.fr\/blog\/wp-json\/wp\/v2\/media?parent=401761"}],"wp:term":[{"taxonomy":"category","embeddable":true,"href":"https:\/\/dicodusport.fr\/blog\/wp-json\/wp\/v2\/categories?post=401761"},{"taxonomy":"post_tag","embeddable":true,"href":"https:\/\/dicodusport.fr\/blog\/wp-json\/wp\/v2\/tags?post=401761"}],"curies":[{"name":"wp","href":"https:\/\/api.w.org\/{rel}","templated":true}]}}