{"id":401979,"date":"2023-07-21T22:46:35","date_gmt":"2023-07-21T20:46:35","guid":{"rendered":"https:\/\/dicodusport.fr\/blog\/?p=401979&#038;preview=true&#038;preview_id=401979"},"modified":"2023-07-21T23:09:28","modified_gmt":"2023-07-21T21:09:28","slug":"le-psg-ecarte-kylian-mbappe-qui-nira-pas-au-japon","status":"publish","type":"post","link":"https:\/\/dicodusport.fr\/blog\/le-psg-ecarte-kylian-mbappe-qui-nira-pas-au-japon\/","title":{"rendered":"Le PSG \u00e9carte Kylian Mbapp\u00e9 qui n&rsquo;ira pas au Japon"},"content":{"rendered":"<p align=\"justify\"><em><strong>LIGUE 1 2023-2024 &#8211; Kylian Mbapp\u00e9 n&rsquo;a pas \u00e9t\u00e9 retenu dans le groupe qui part en stage au Japon apr\u00e8s avoir \u00e9t\u00e9 \u00e9cart\u00e9 par les dirigeants du PSG.\u00a0<\/strong><\/em><\/p>\n<p align=\"justify\">Coup de tonnerre au <strong>Paris Saint-Germain<\/strong> ! <strong>Kylian Mbapp\u00e9<\/strong> n&rsquo;a pas \u00e9t\u00e9 retenu dans le groupe parisien qui va s&rsquo;envoler pour un stage au <strong>Japon<\/strong>. Selon nos confr\u00e8res de <em>L&rsquo;\u00c9quipe<\/em>, la d\u00e9cision vient de la direction du club <a href=\"https:\/\/dicodusport.fr\/blog\/mercato-paris-le-psg-remet-la-pression-sur-kylian-mbappe\/\">qui veut mettre la pression sur le capitaine de l&rsquo;\u00e9quipe de France<\/a>. C&rsquo;est une nouvelle \u00e9tape dans le bras de fer d\u00e9but\u00e9 entre les deux parties depuis plusieurs semaines.<\/p>\n<p align=\"justify\"><strong>Kylian<\/strong> <strong>Mbapp\u00e9<\/strong> est en fin de contrat en juin 2024 et a refus\u00e9 de lever son ann\u00e9e en option. Il a envoy\u00e9 un courrier au <strong>Paris Saint-Germain<\/strong> pour annoncer qu&rsquo;il ne s&rsquo;engageait donc pas jusqu&rsquo;en juin 2025, comme l&rsquo;option le pr\u00e9voyait. Le <strong>PSG<\/strong>, via son pr\u00e9sident <strong>Nasser al-Khela\u00effi<\/strong>, lui a donc r\u00e9pondu avec une position ferme. L&rsquo;attaquant des <strong>Bleus<\/strong> doit prolonger ou partir cet \u00e9t\u00e9 pour que son club r\u00e9cup\u00e8re une indemnit\u00e9 de transfert.<\/p>\n<p align=\"justify\">Mais <strong>Kylian<\/strong> <strong>Mbapp\u00e9<\/strong> ne l&rsquo;entend pas de cette oreille, puisqu&rsquo;il veut faire sa saison avec Paris, honorer son contrat, avant de partir libre l&rsquo;\u00e9t\u00e9 prochain. Le <strong>Paris Saint-Germain<\/strong> est d&rsquo;ailleurs convaincu que l&rsquo;attaquant international a d\u00e9j\u00e0 un accord avec les <strong>Merengues<\/strong> pour la suite de sa carri\u00e8re. Avec cette mise \u00e0 l&rsquo;\u00e9cart, le <strong>PSG<\/strong> augmente la pression sur son joueur star qui va devoir r\u00e9agir dans les prochaines heures.<\/p>\n<blockquote class=\"twitter-tweet\">\n<p dir=\"ltr\" lang=\"fr\">Le groupe parisien pour la tourn\u00e9e au Japon. \u2935\ufe0f<\/p>\n<p>\u2014 Paris Saint-Germain (@PSG_inside) <a href=\"https:\/\/twitter.com\/PSG_inside\/status\/1682488895336767490?ref_src=twsrc%5Etfw\">July 21, 2023<\/a><\/p><\/blockquote>\n<p><script async src=\"https:\/\/platform.twitter.com\/widgets.js\" charset=\"utf-8\"><\/script><\/p>\n","protected":false},"excerpt":{"rendered":"<p>LIGUE 1 2023-2024 &#8211; Kylian Mbapp\u00e9 n&rsquo;a pas \u00e9t\u00e9 retenu dans le groupe qui part en stage au Japon apr\u00e8s avoir \u00e9t\u00e9 \u00e9cart\u00e9 par les dirigeants du PSG.\u00a0<\/p>\n","protected":false},"author":1,"featured_media":401984,"comment_status":"open","ping_status":"closed","sticky":false,"template":"","format":"standard","meta":{"_acf_changed":false,"_daextam_enable_autolinks":"","footnotes":""},"categories":[2301,47045],"tags":[16878,75,2236,5183,1230,910],"class_list":["post-401979","post","type-post","status-publish","format-standard","has-post-thumbnail","hentry","category-football","category-ligue-1","tag-breve","tag-football","tag-kylian-mbappe","tag-mbappe","tag-paris-saint-germain","tag-psg"],"acf":[],"yoast_head":"<!-- This site is optimized with the Yoast SEO Premium plugin v26.7 (Yoast SEO v26.7) - https:\/\/yoast.com\/wordpress\/plugins\/seo\/ -->\n<title>Le PSG \u00e9carte Kylian Mbapp\u00e9 qui n&#039;ira pas au Japon<\/title>\n<meta name=\"description\" content=\"LIGUE 1 2023-2024 - Kylian Mbapp\u00e9 n&#039;a pas \u00e9t\u00e9 retenu dans le groupe qui part en stage au Japon apr\u00e8s avoir \u00e9t\u00e9 \u00e9cart\u00e9 par les dirigeants du PSG.\u00a0\" \/>\n<meta name=\"robots\" content=\"index, follow, max-snippet:-1, max-image-preview:large, max-video-preview:-1\" \/>\n<link rel=\"canonical\" href=\"https:\/\/dicodusport.fr\/blog\/le-psg-ecarte-kylian-mbappe-qui-nira-pas-au-japon\/\" \/>\n<meta property=\"og:locale\" content=\"fr_FR\" \/>\n<meta property=\"og:type\" content=\"article\" \/>\n<meta property=\"og:title\" content=\"Le PSG \u00e9carte Kylian Mbapp\u00e9 qui n&#039;ira pas au Japon\" \/>\n<meta property=\"og:description\" content=\"LIGUE 1 2023-2024 - Kylian Mbapp\u00e9 n&#039;a pas \u00e9t\u00e9 retenu dans le groupe qui part en stage au Japon apr\u00e8s avoir \u00e9t\u00e9 \u00e9cart\u00e9 par les dirigeants du PSG.\u00a0\" \/>\n<meta property=\"og:url\" content=\"https:\/\/dicodusport.fr\/blog\/le-psg-ecarte-kylian-mbappe-qui-nira-pas-au-japon\/\" \/>\n<meta property=\"og:site_name\" content=\"Dicodusport\" \/>\n<meta property=\"article:publisher\" content=\"https:\/\/www.facebook.com\/dicodusport\" \/>\n<meta property=\"article:author\" content=\"https:\/\/www.facebook.com\/dicodusport\" \/>\n<meta property=\"article:published_time\" content=\"2023-07-21T20:46:35+00:00\" \/>\n<meta property=\"article:modified_time\" content=\"2023-07-21T21:09:28+00:00\" \/>\n<meta property=\"og:image\" content=\"https:\/\/dicodusport.fr\/blog\/wp-content\/uploads\/2023\/07\/Le-PSG-ecarte-Kylian-Mbappe-qui-nira-pas-au-Japon.png\" \/>\n\t<meta property=\"og:image:width\" content=\"800\" \/>\n\t<meta property=\"og:image:height\" content=\"445\" \/>\n\t<meta property=\"og:image:type\" content=\"image\/png\" \/>\n<meta name=\"author\" content=\"Nicolas Jacquemard\" \/>\n<meta name=\"twitter:card\" content=\"summary_large_image\" \/>\n<meta name=\"twitter:title\" content=\"Le PSG \u00e9carte Kylian Mbapp\u00e9 qui n&#039;ira pas au Japon\" \/>\n<meta name=\"twitter:creator\" content=\"@https:\/\/twitter.com\/Nico_Jacquemard\" \/>\n<meta name=\"twitter:site\" content=\"@dicodusport\" \/>\n<script type=\"application\/ld+json\" class=\"yoast-schema-graph\">{\"@context\":\"https:\/\/schema.org\",\"@graph\":[{\"@type\":\"NewsArticle\",\"@id\":\"https:\/\/dicodusport.fr\/blog\/le-psg-ecarte-kylian-mbappe-qui-nira-pas-au-japon\/#article\",\"isPartOf\":{\"@id\":\"https:\/\/dicodusport.fr\/blog\/le-psg-ecarte-kylian-mbappe-qui-nira-pas-au-japon\/\"},\"author\":{\"name\":\"Nicolas Jacquemard\",\"@id\":\"https:\/\/dicodusport.fr\/blog\/#\/schema\/person\/55dcb50ad410894e431ed812bbb70191\"},\"headline\":\"Le PSG \u00e9carte Kylian Mbapp\u00e9 qui n&rsquo;ira pas au Japon\",\"datePublished\":\"2023-07-21T20:46:35+00:00\",\"dateModified\":\"2023-07-21T21:09:28+00:00\",\"mainEntityOfPage\":{\"@id\":\"https:\/\/dicodusport.fr\/blog\/le-psg-ecarte-kylian-mbappe-qui-nira-pas-au-japon\/\"},\"wordCount\":289,\"commentCount\":0,\"publisher\":{\"@id\":\"https:\/\/dicodusport.fr\/blog\/#organization\"},\"image\":{\"@id\":\"https:\/\/dicodusport.fr\/blog\/le-psg-ecarte-kylian-mbappe-qui-nira-pas-au-japon\/#primaryimage\"},\"thumbnailUrl\":\"https:\/\/dicodusport.fr\/blog\/wp-content\/uploads\/2023\/07\/Le-PSG-ecarte-Kylian-Mbappe-qui-nira-pas-au-Japon.png\",\"keywords\":[\"br\u00e8ve\",\"Football\",\"Kylian Mbapp\u00e9\",\"Mbappe\",\"Paris Saint-Germain\",\"PSG\"],\"articleSection\":[\"Football\",\"Ligue 1\"],\"inLanguage\":\"fr-FR\",\"potentialAction\":[{\"@type\":\"CommentAction\",\"name\":\"Comment\",\"target\":[\"https:\/\/dicodusport.fr\/blog\/le-psg-ecarte-kylian-mbappe-qui-nira-pas-au-japon\/#respond\"]}],\"copyrightYear\":\"2023\",\"copyrightHolder\":{\"@id\":\"https:\/\/dicodusport.fr\/blog\/#organization\"}},{\"@type\":\"WebPage\",\"@id\":\"https:\/\/dicodusport.fr\/blog\/le-psg-ecarte-kylian-mbappe-qui-nira-pas-au-japon\/\",\"url\":\"https:\/\/dicodusport.fr\/blog\/le-psg-ecarte-kylian-mbappe-qui-nira-pas-au-japon\/\",\"name\":\"Le PSG \u00e9carte Kylian Mbapp\u00e9 qui n'ira pas au Japon\",\"isPartOf\":{\"@id\":\"https:\/\/dicodusport.fr\/blog\/#website\"},\"primaryImageOfPage\":{\"@id\":\"https:\/\/dicodusport.fr\/blog\/le-psg-ecarte-kylian-mbappe-qui-nira-pas-au-japon\/#primaryimage\"},\"image\":{\"@id\":\"https:\/\/dicodusport.fr\/blog\/le-psg-ecarte-kylian-mbappe-qui-nira-pas-au-japon\/#primaryimage\"},\"thumbnailUrl\":\"https:\/\/dicodusport.fr\/blog\/wp-content\/uploads\/2023\/07\/Le-PSG-ecarte-Kylian-Mbappe-qui-nira-pas-au-Japon.png\",\"datePublished\":\"2023-07-21T20:46:35+00:00\",\"dateModified\":\"2023-07-21T21:09:28+00:00\",\"description\":\"LIGUE 1 2023-2024 - Kylian Mbapp\u00e9 n'a pas \u00e9t\u00e9 retenu dans le groupe qui part en stage au Japon apr\u00e8s avoir \u00e9t\u00e9 \u00e9cart\u00e9 par les dirigeants du PSG.\u00a0\",\"breadcrumb\":{\"@id\":\"https:\/\/dicodusport.fr\/blog\/le-psg-ecarte-kylian-mbappe-qui-nira-pas-au-japon\/#breadcrumb\"},\"inLanguage\":\"fr-FR\",\"potentialAction\":[{\"@type\":\"ReadAction\",\"target\":[\"https:\/\/dicodusport.fr\/blog\/le-psg-ecarte-kylian-mbappe-qui-nira-pas-au-japon\/\"]}]},{\"@type\":\"ImageObject\",\"inLanguage\":\"fr-FR\",\"@id\":\"https:\/\/dicodusport.fr\/blog\/le-psg-ecarte-kylian-mbappe-qui-nira-pas-au-japon\/#primaryimage\",\"url\":\"https:\/\/dicodusport.fr\/blog\/wp-content\/uploads\/2023\/07\/Le-PSG-ecarte-Kylian-Mbappe-qui-nira-pas-au-Japon.png\",\"contentUrl\":\"https:\/\/dicodusport.fr\/blog\/wp-content\/uploads\/2023\/07\/Le-PSG-ecarte-Kylian-Mbappe-qui-nira-pas-au-Japon.png\",\"width\":800,\"height\":445},{\"@type\":\"BreadcrumbList\",\"@id\":\"https:\/\/dicodusport.fr\/blog\/le-psg-ecarte-kylian-mbappe-qui-nira-pas-au-japon\/#breadcrumb\",\"itemListElement\":[{\"@type\":\"ListItem\",\"position\":1,\"name\":\"Accueil\",\"item\":\"https:\/\/dicodusport.fr\/blog\/\"},{\"@type\":\"ListItem\",\"position\":2,\"name\":\"Le PSG \u00e9carte Kylian Mbapp\u00e9 qui n&rsquo;ira pas au Japon\"}]},{\"@type\":\"WebSite\",\"@id\":\"https:\/\/dicodusport.fr\/blog\/#website\",\"url\":\"https:\/\/dicodusport.fr\/blog\/\",\"name\":\"Dicodusport\",\"description\":\"L&#039;encyclop\u00e9die de l&#039;actualit\u00e9 sportive\",\"publisher\":{\"@id\":\"https:\/\/dicodusport.fr\/blog\/#organization\"},\"potentialAction\":[{\"@type\":\"SearchAction\",\"target\":{\"@type\":\"EntryPoint\",\"urlTemplate\":\"https:\/\/dicodusport.fr\/blog\/?s={search_term_string}\"},\"query-input\":{\"@type\":\"PropertyValueSpecification\",\"valueRequired\":true,\"valueName\":\"search_term_string\"}}],\"inLanguage\":\"fr-FR\"},{\"@type\":\"NewsMediaOrganization\",\"@id\":\"https:\/\/dicodusport.fr\/blog\/#organization\",\"name\":\"Dicodusport\",\"url\":\"https:\/\/dicodusport.fr\/blog\/\",\"logo\":{\"@type\":\"ImageObject\",\"inLanguage\":\"fr-FR\",\"@id\":\"https:\/\/dicodusport.fr\/blog\/#\/schema\/logo\/image\/\",\"url\":\"https:\/\/dicodusport.fr\/blog\/wp-content\/uploads\/2020\/06\/cropped-LOGO-DICODUSPORT-2020-SANS-FOND-SANS-TEXTE.png\",\"contentUrl\":\"https:\/\/dicodusport.fr\/blog\/wp-content\/uploads\/2020\/06\/cropped-LOGO-DICODUSPORT-2020-SANS-FOND-SANS-TEXTE.png\",\"width\":512,\"height\":512,\"caption\":\"Dicodusport\"},\"image\":{\"@id\":\"https:\/\/dicodusport.fr\/blog\/#\/schema\/logo\/image\/\"},\"sameAs\":[\"https:\/\/www.facebook.com\/dicodusport\",\"https:\/\/x.com\/dicodusport\",\"https:\/\/www.instagram.com\/dicodusport\/\",\"https:\/\/www.youtube.com\/channel\/UC7V2KZ5sd3htJivAbA4ZG3w\"],\"description\":\"Dicodusport est l'encyclop\u00e9die de l'actualit\u00e9 sportive.\",\"email\":\"bonjour@dicodusport.fr\",\"legalName\":\"DICODUSPORT\",\"foundingDate\":\"2018-01-14\",\"vatID\":\"FR71834470973\",\"taxID\":\"83447097300043\",\"numberOfEmployees\":{\"@type\":\"QuantitativeValue\",\"minValue\":\"1\",\"maxValue\":\"10\"}},{\"@type\":\"Person\",\"@id\":\"https:\/\/dicodusport.fr\/blog\/#\/schema\/person\/55dcb50ad410894e431ed812bbb70191\",\"name\":\"Nicolas Jacquemard\",\"image\":{\"@type\":\"ImageObject\",\"inLanguage\":\"fr-FR\",\"@id\":\"https:\/\/dicodusport.fr\/blog\/#\/schema\/person\/image\/\",\"url\":\"https:\/\/dicodusport.fr\/blog\/wp-content\/uploads\/2021\/05\/Nicolas-Jacquemard-150x150.jpeg\",\"contentUrl\":\"https:\/\/dicodusport.fr\/blog\/wp-content\/uploads\/2021\/05\/Nicolas-Jacquemard-150x150.jpeg\",\"caption\":\"Nicolas Jacquemard\"},\"description\":\"Passionn\u00e9 de sport et entrepreneur depuis mes 18 ans, la cr\u00e9ation de Dicodusport m'a sembl\u00e9 \u00e9vidente pour participer \u00e0 la m\u00e9diatisation d'un plus grand nombre de sports. Le chemin est long mais avec une \u00e9quipe des plus motiv\u00e9es et les Jeux Olympiques de Paris 2024 en point de mire, nous y arriverons ! Journaliste dans le monde du sport depuis plus de 5 ans, je traite aussi bien de football, de rugby, de biathlon que de cyclisme.\",\"sameAs\":[\"https:\/\/www.facebook.com\/dicodusport\",\"https:\/\/x.com\/https:\/\/twitter.com\/Nico_Jacquemard\"],\"url\":\"https:\/\/dicodusport.fr\/blog\/author\/dicodusport\/\"}]}<\/script>\n<!-- \/ Yoast SEO Premium plugin. -->","yoast_head_json":{"title":"Le PSG \u00e9carte Kylian Mbapp\u00e9 qui n'ira pas au Japon","description":"LIGUE 1 2023-2024 - Kylian Mbapp\u00e9 n'a pas \u00e9t\u00e9 retenu dans le groupe qui part en stage au Japon apr\u00e8s avoir \u00e9t\u00e9 \u00e9cart\u00e9 par les dirigeants du PSG.\u00a0","robots":{"index":"index","follow":"follow","max-snippet":"max-snippet:-1","max-image-preview":"max-image-preview:large","max-video-preview":"max-video-preview:-1"},"canonical":"https:\/\/dicodusport.fr\/blog\/le-psg-ecarte-kylian-mbappe-qui-nira-pas-au-japon\/","og_locale":"fr_FR","og_type":"article","og_title":"Le PSG \u00e9carte Kylian Mbapp\u00e9 qui n'ira pas au Japon","og_description":"LIGUE 1 2023-2024 - Kylian Mbapp\u00e9 n'a pas \u00e9t\u00e9 retenu dans le groupe qui part en stage au Japon apr\u00e8s avoir \u00e9t\u00e9 \u00e9cart\u00e9 par les dirigeants du PSG.\u00a0","og_url":"https:\/\/dicodusport.fr\/blog\/le-psg-ecarte-kylian-mbappe-qui-nira-pas-au-japon\/","og_site_name":"Dicodusport","article_publisher":"https:\/\/www.facebook.com\/dicodusport","article_author":"https:\/\/www.facebook.com\/dicodusport","article_published_time":"2023-07-21T20:46:35+00:00","article_modified_time":"2023-07-21T21:09:28+00:00","og_image":[{"width":800,"height":445,"url":"https:\/\/dicodusport.fr\/blog\/wp-content\/uploads\/2023\/07\/Le-PSG-ecarte-Kylian-Mbappe-qui-nira-pas-au-Japon.png","type":"image\/png"}],"author":"Nicolas Jacquemard","twitter_card":"summary_large_image","twitter_title":"Le PSG \u00e9carte Kylian Mbapp\u00e9 qui n'ira pas au Japon","twitter_creator":"@https:\/\/twitter.com\/Nico_Jacquemard","twitter_site":"@dicodusport","schema":{"@context":"https:\/\/schema.org","@graph":[{"@type":"NewsArticle","@id":"https:\/\/dicodusport.fr\/blog\/le-psg-ecarte-kylian-mbappe-qui-nira-pas-au-japon\/#article","isPartOf":{"@id":"https:\/\/dicodusport.fr\/blog\/le-psg-ecarte-kylian-mbappe-qui-nira-pas-au-japon\/"},"author":{"name":"Nicolas Jacquemard","@id":"https:\/\/dicodusport.fr\/blog\/#\/schema\/person\/55dcb50ad410894e431ed812bbb70191"},"headline":"Le PSG \u00e9carte Kylian Mbapp\u00e9 qui n&rsquo;ira pas au Japon","datePublished":"2023-07-21T20:46:35+00:00","dateModified":"2023-07-21T21:09:28+00:00","mainEntityOfPage":{"@id":"https:\/\/dicodusport.fr\/blog\/le-psg-ecarte-kylian-mbappe-qui-nira-pas-au-japon\/"},"wordCount":289,"commentCount":0,"publisher":{"@id":"https:\/\/dicodusport.fr\/blog\/#organization"},"image":{"@id":"https:\/\/dicodusport.fr\/blog\/le-psg-ecarte-kylian-mbappe-qui-nira-pas-au-japon\/#primaryimage"},"thumbnailUrl":"https:\/\/dicodusport.fr\/blog\/wp-content\/uploads\/2023\/07\/Le-PSG-ecarte-Kylian-Mbappe-qui-nira-pas-au-Japon.png","keywords":["br\u00e8ve","Football","Kylian Mbapp\u00e9","Mbappe","Paris Saint-Germain","PSG"],"articleSection":["Football","Ligue 1"],"inLanguage":"fr-FR","potentialAction":[{"@type":"CommentAction","name":"Comment","target":["https:\/\/dicodusport.fr\/blog\/le-psg-ecarte-kylian-mbappe-qui-nira-pas-au-japon\/#respond"]}],"copyrightYear":"2023","copyrightHolder":{"@id":"https:\/\/dicodusport.fr\/blog\/#organization"}},{"@type":"WebPage","@id":"https:\/\/dicodusport.fr\/blog\/le-psg-ecarte-kylian-mbappe-qui-nira-pas-au-japon\/","url":"https:\/\/dicodusport.fr\/blog\/le-psg-ecarte-kylian-mbappe-qui-nira-pas-au-japon\/","name":"Le PSG \u00e9carte Kylian Mbapp\u00e9 qui n'ira pas au Japon","isPartOf":{"@id":"https:\/\/dicodusport.fr\/blog\/#website"},"primaryImageOfPage":{"@id":"https:\/\/dicodusport.fr\/blog\/le-psg-ecarte-kylian-mbappe-qui-nira-pas-au-japon\/#primaryimage"},"image":{"@id":"https:\/\/dicodusport.fr\/blog\/le-psg-ecarte-kylian-mbappe-qui-nira-pas-au-japon\/#primaryimage"},"thumbnailUrl":"https:\/\/dicodusport.fr\/blog\/wp-content\/uploads\/2023\/07\/Le-PSG-ecarte-Kylian-Mbappe-qui-nira-pas-au-Japon.png","datePublished":"2023-07-21T20:46:35+00:00","dateModified":"2023-07-21T21:09:28+00:00","description":"LIGUE 1 2023-2024 - Kylian Mbapp\u00e9 n'a pas \u00e9t\u00e9 retenu dans le groupe qui part en stage au Japon apr\u00e8s avoir \u00e9t\u00e9 \u00e9cart\u00e9 par les dirigeants du PSG.\u00a0","breadcrumb":{"@id":"https:\/\/dicodusport.fr\/blog\/le-psg-ecarte-kylian-mbappe-qui-nira-pas-au-japon\/#breadcrumb"},"inLanguage":"fr-FR","potentialAction":[{"@type":"ReadAction","target":["https:\/\/dicodusport.fr\/blog\/le-psg-ecarte-kylian-mbappe-qui-nira-pas-au-japon\/"]}]},{"@type":"ImageObject","inLanguage":"fr-FR","@id":"https:\/\/dicodusport.fr\/blog\/le-psg-ecarte-kylian-mbappe-qui-nira-pas-au-japon\/#primaryimage","url":"https:\/\/dicodusport.fr\/blog\/wp-content\/uploads\/2023\/07\/Le-PSG-ecarte-Kylian-Mbappe-qui-nira-pas-au-Japon.png","contentUrl":"https:\/\/dicodusport.fr\/blog\/wp-content\/uploads\/2023\/07\/Le-PSG-ecarte-Kylian-Mbappe-qui-nira-pas-au-Japon.png","width":800,"height":445},{"@type":"BreadcrumbList","@id":"https:\/\/dicodusport.fr\/blog\/le-psg-ecarte-kylian-mbappe-qui-nira-pas-au-japon\/#breadcrumb","itemListElement":[{"@type":"ListItem","position":1,"name":"Accueil","item":"https:\/\/dicodusport.fr\/blog\/"},{"@type":"ListItem","position":2,"name":"Le PSG \u00e9carte Kylian Mbapp\u00e9 qui n&rsquo;ira pas au Japon"}]},{"@type":"WebSite","@id":"https:\/\/dicodusport.fr\/blog\/#website","url":"https:\/\/dicodusport.fr\/blog\/","name":"Dicodusport","description":"L&#039;encyclop\u00e9die de l&#039;actualit\u00e9 sportive","publisher":{"@id":"https:\/\/dicodusport.fr\/blog\/#organization"},"potentialAction":[{"@type":"SearchAction","target":{"@type":"EntryPoint","urlTemplate":"https:\/\/dicodusport.fr\/blog\/?s={search_term_string}"},"query-input":{"@type":"PropertyValueSpecification","valueRequired":true,"valueName":"search_term_string"}}],"inLanguage":"fr-FR"},{"@type":"NewsMediaOrganization","@id":"https:\/\/dicodusport.fr\/blog\/#organization","name":"Dicodusport","url":"https:\/\/dicodusport.fr\/blog\/","logo":{"@type":"ImageObject","inLanguage":"fr-FR","@id":"https:\/\/dicodusport.fr\/blog\/#\/schema\/logo\/image\/","url":"https:\/\/dicodusport.fr\/blog\/wp-content\/uploads\/2020\/06\/cropped-LOGO-DICODUSPORT-2020-SANS-FOND-SANS-TEXTE.png","contentUrl":"https:\/\/dicodusport.fr\/blog\/wp-content\/uploads\/2020\/06\/cropped-LOGO-DICODUSPORT-2020-SANS-FOND-SANS-TEXTE.png","width":512,"height":512,"caption":"Dicodusport"},"image":{"@id":"https:\/\/dicodusport.fr\/blog\/#\/schema\/logo\/image\/"},"sameAs":["https:\/\/www.facebook.com\/dicodusport","https:\/\/x.com\/dicodusport","https:\/\/www.instagram.com\/dicodusport\/","https:\/\/www.youtube.com\/channel\/UC7V2KZ5sd3htJivAbA4ZG3w"],"description":"Dicodusport est l'encyclop\u00e9die de l'actualit\u00e9 sportive.","email":"bonjour@dicodusport.fr","legalName":"DICODUSPORT","foundingDate":"2018-01-14","vatID":"FR71834470973","taxID":"83447097300043","numberOfEmployees":{"@type":"QuantitativeValue","minValue":"1","maxValue":"10"}},{"@type":"Person","@id":"https:\/\/dicodusport.fr\/blog\/#\/schema\/person\/55dcb50ad410894e431ed812bbb70191","name":"Nicolas Jacquemard","image":{"@type":"ImageObject","inLanguage":"fr-FR","@id":"https:\/\/dicodusport.fr\/blog\/#\/schema\/person\/image\/","url":"https:\/\/dicodusport.fr\/blog\/wp-content\/uploads\/2021\/05\/Nicolas-Jacquemard-150x150.jpeg","contentUrl":"https:\/\/dicodusport.fr\/blog\/wp-content\/uploads\/2021\/05\/Nicolas-Jacquemard-150x150.jpeg","caption":"Nicolas Jacquemard"},"description":"Passionn\u00e9 de sport et entrepreneur depuis mes 18 ans, la cr\u00e9ation de Dicodusport m'a sembl\u00e9 \u00e9vidente pour participer \u00e0 la m\u00e9diatisation d'un plus grand nombre de sports. Le chemin est long mais avec une \u00e9quipe des plus motiv\u00e9es et les Jeux Olympiques de Paris 2024 en point de mire, nous y arriverons ! Journaliste dans le monde du sport depuis plus de 5 ans, je traite aussi bien de football, de rugby, de biathlon que de cyclisme.","sameAs":["https:\/\/www.facebook.com\/dicodusport","https:\/\/x.com\/https:\/\/twitter.com\/Nico_Jacquemard"],"url":"https:\/\/dicodusport.fr\/blog\/author\/dicodusport\/"}]}},"_links":{"self":[{"href":"https:\/\/dicodusport.fr\/blog\/wp-json\/wp\/v2\/posts\/401979","targetHints":{"allow":["GET"]}}],"collection":[{"href":"https:\/\/dicodusport.fr\/blog\/wp-json\/wp\/v2\/posts"}],"about":[{"href":"https:\/\/dicodusport.fr\/blog\/wp-json\/wp\/v2\/types\/post"}],"author":[{"embeddable":true,"href":"https:\/\/dicodusport.fr\/blog\/wp-json\/wp\/v2\/users\/1"}],"replies":[{"embeddable":true,"href":"https:\/\/dicodusport.fr\/blog\/wp-json\/wp\/v2\/comments?post=401979"}],"version-history":[{"count":0,"href":"https:\/\/dicodusport.fr\/blog\/wp-json\/wp\/v2\/posts\/401979\/revisions"}],"wp:featuredmedia":[{"embeddable":true,"href":"https:\/\/dicodusport.fr\/blog\/wp-json\/wp\/v2\/media\/401984"}],"wp:attachment":[{"href":"https:\/\/dicodusport.fr\/blog\/wp-json\/wp\/v2\/media?parent=401979"}],"wp:term":[{"taxonomy":"category","embeddable":true,"href":"https:\/\/dicodusport.fr\/blog\/wp-json\/wp\/v2\/categories?post=401979"},{"taxonomy":"post_tag","embeddable":true,"href":"https:\/\/dicodusport.fr\/blog\/wp-json\/wp\/v2\/tags?post=401979"}],"curies":[{"name":"wp","href":"https:\/\/api.w.org\/{rel}","templated":true}]}}