{"id":402290,"date":"2023-07-24T08:52:32","date_gmt":"2023-07-24T06:52:32","guid":{"rendered":"https:\/\/dicodusport.fr\/blog\/?p=402290&#038;preview=true&#038;preview_id=402290"},"modified":"2023-07-24T10:01:31","modified_gmt":"2023-07-24T08:01:31","slug":"circuit-itf-quatre-titres-francais-ce-weekend-premiere-pour-gabriel-debru","status":"publish","type":"post","link":"https:\/\/dicodusport.fr\/blog\/circuit-itf-quatre-titres-francais-ce-weekend-premiere-pour-gabriel-debru\/","title":{"rendered":"Circuit ITF : Quatre titres fran\u00e7ais ce weekend, premi\u00e8re pour Gabriel Debru"},"content":{"rendered":"<p style=\"text-align: justify;\"><strong><em>CIRCUIT ITF TENNIS &#8211; En simple et en double, les Bleus ont brill\u00e9 ce weekend, notamment Gabriel Debru qui a ouvert son palmar\u00e8s professionnel.\u00a0<\/em><\/strong><\/p>\n<p style=\"text-align: justify;\">On l&rsquo;attendait depuis <a href=\"https:\/\/dicodusport.fr\/blog\/roland-garros-2022-gabriel-debru-remporte-le-tournoi-juniors\/\">sa victoire en juniors \u00e0 Roland-Garros 2022<\/a>. C&rsquo;est fait, <strong>Gabriel Debru<\/strong> a remport\u00e9 son premier tournoi professionnel. Au M15 de Gubbio en Italie, l&rsquo;espoir tricolore a magnifi\u00e9 sa belle semaine en dominant en finale le local <strong>Federico Arnaboldi, 6-4, 3-6, 6-3<\/strong> tard hier soir. Une \u00e9tape forc\u00e9ment marquante pour un joueur tr\u00e8s attendu, et un premier titre qui en appelle d&rsquo;autres.<\/p>\n<blockquote class=\"twitter-tweet\">\n<p dir=\"ltr\" lang=\"fr\">\ud83c\udfc6 1er titre pro pour Gabriel Debru \ud83c\uddeb\ud83c\uddf7, une entr\u00e9e dans le top 400 : sympa ce r\u00e9veil du lundi matin !<br \/>\n\ud83d\udc4f F\u00e9licitations <a href=\"https:\/\/twitter.com\/gabriel_debru?ref_src=twsrc%5Etfw\">@gabriel_debru<\/a> ! <a href=\"https:\/\/t.co\/2FgHcCFSbt\">pic.twitter.com\/2FgHcCFSbt<\/a><\/p>\n<p>\u2014 Tennis Plus (@TennisPlus__) <a href=\"https:\/\/twitter.com\/TennisPlus__\/status\/1683362890143739904?ref_src=twsrc%5Etfw\">July 24, 2023<\/a><\/p><\/blockquote>\n<p style=\"text-align: justify;\"><script async src=\"https:\/\/platform.twitter.com\/widgets.js\" charset=\"utf-8\"><\/script><\/p>\n<h2 style=\"text-align: justify;\">Weber brille en Asie<\/h2>\n<p style=\"text-align: justify;\"><strong>Arthur Weber<\/strong> aime jouer en Asie, et l&rsquo;Asie le lui rend bien. Apr\u00e8s avoir rafl\u00e9 ses deux premiers titres en carri\u00e8re \u00e0 Jakarta, le Tricolore en a rajout\u00e9 un lors du M15 de Nakhon Si Thammarat 5 en Tha\u00eflande. Avec de la r\u00e9ussite, puisqu&rsquo;il a b\u00e9n\u00e9fici\u00e9 de l&rsquo;abandon de <strong>Palaphoom Kovapitukted<\/strong> en demi-finales, mais aussi du talent, puisqu&rsquo;il a surclass\u00e9 <strong>Maximus Jones 6-2, 6-1<\/strong> en finale. Troisi\u00e8me titre donc, sans doute pas le dernier.<\/p>\n<p style=\"text-align: justify;\"><strong>Jessika Ponchet,\u00a0<\/strong>elle, aime jouer \u00e0 Vitoria-Gasteitz, puisque <a href=\"https:\/\/dicodusport.fr\/blog\/circuit-itf-week-end-prolifique-avec-six-titres-pour-les-tricolores\/\">c&rsquo;est ici qu&rsquo;elle a remport\u00e9 son plus grand titre l&rsquo;\u00e9t\u00e9 dernier lors d&rsquo;un W60<\/a>. Cette fois, elle a atteint la finale d&rsquo;un W100, niveau qu&rsquo;elle n&rsquo;avait jamais atteint dans cette cat\u00e9gorie. Et elle a domin\u00e9 la partie contre <strong>Daria Snigur<\/strong>, menant <strong>6-3, 4-0<\/strong> avant de totalement s&rsquo;effondrer et de perdre 11 jeux d&rsquo;affil\u00e9e. Au final, elle s&rsquo;incline <strong>3-6, 6-4, 6-1<\/strong>, une d\u00e9faite au go\u00fbt bien amer.<\/p>\n<blockquote class=\"twitter-tweet\">\n<p dir=\"ltr\" lang=\"es\">La concejala de Deportes, Ana L\u00f3pez de Uralde, ha acudido a la final y ceremonia de entrega de premios de la cuarta edici\u00f3n del Araba World Tennis Tour &#8211; Open Grupo Amutio.<br \/>\nEnhorabuena a Daria Snigur por su victoria frente a Jessika Ponchet. <a href=\"https:\/\/twitter.com\/hashtag\/VitoriaGasteiz?src=hash&amp;ref_src=twsrc%5Etfw\">#VitoriaGasteiz<\/a> <a href=\"https:\/\/t.co\/1srawm731Z\">pic.twitter.com\/1srawm731Z<\/a><\/p>\n<p>\u2014 Vitoria-Gasteiz! (@vitoriagasteiz) <a href=\"https:\/\/twitter.com\/vitoriagasteiz\/status\/1683189808917630976?ref_src=twsrc%5Etfw\">July 23, 2023<\/a><\/p><\/blockquote>\n<p style=\"text-align: justify;\"><script async src=\"https:\/\/platform.twitter.com\/widgets.js\" charset=\"utf-8\"><\/script><br \/>\n<strong>Emmanuelle Girard,<\/strong> pour sa premi\u00e8re finale ITF, a subi le m\u00eame sort contre<strong> Selina Dal<\/strong> au W15 des Contamines Montjoie. \u00c0 la recherche de son meilleur tennis, <strong>Kristina Mladenovic<\/strong> a fait une belle semaine au W40 de Porto 3, mais a rat\u00e9 la derni\u00e8re marche, s&rsquo;inclinant <strong>6-4, 7-5<\/strong> contre la Bulgare <strong>Isabella Shinikova.\u00a0<\/strong><\/p>\n<h2 style=\"text-align: justify;\">Les doubles aussi marchent<\/h2>\n<p style=\"text-align: justify;\">Les tournois de double ont permis de rajouter deux troph\u00e9es dans la besace.<strong> Astrid Lew Yan Foon<\/strong>, associ\u00e9e \u00e0 la Suissesse <strong>Marie Mettraux<\/strong>, a inaugur\u00e9 son palmar\u00e8s dans cette discipline au W15 de Casablanca, lors d&rsquo;une finale remport\u00e9e en deux tie-breaks. <strong>Astrid Cirotte<\/strong> et <strong>Marine Szostak<\/strong>, associ\u00e9es pour la premi\u00e8re fois, ont transform\u00e9 ce coup d&rsquo;essai en coup de ma\u00eetre en raflant le W15 des Contamines Montjoie, s&rsquo;imposant au super tie-break en finale. En double aussi, les Bleus gagnent.<\/p>\n","protected":false},"excerpt":{"rendered":"<p>CIRCUIT ITF TENNIS &#8211; En simple et en double, les Bleus ont brill\u00e9 ce weekend, notamment Gabriel Debru qui a ouvert son palmar\u00e8s professionnel.\u00a0<\/p>\n","protected":false},"author":59,"featured_media":402708,"comment_status":"open","ping_status":"closed","sticky":false,"template":"","format":"standard","meta":{"_acf_changed":false,"_daextam_enable_autolinks":"","footnotes":""},"categories":[2302],"tags":[16878,23548,4792],"class_list":["post-402290","post","type-post","status-publish","format-standard","has-post-thumbnail","hentry","category-tennis","tag-breve","tag-gabriel-debru","tag-tennis-francais"],"acf":[],"yoast_head":"<!-- This site is optimized with the Yoast SEO Premium plugin v26.7 (Yoast SEO v26.7) - https:\/\/yoast.com\/wordpress\/plugins\/seo\/ -->\n<title>Circuit ITF : Quatre titres fran\u00e7ais ce weekend, premi\u00e8re pour Gabriel Debru<\/title>\n<meta name=\"description\" content=\"CIRCUIT ITF TENNIS - En simple et en double, les Bleus ont brill\u00e9 ce weekend, notamment Gabriel Debru qui a ouvert son palmar\u00e8s.\" \/>\n<meta name=\"robots\" content=\"index, follow, max-snippet:-1, max-image-preview:large, max-video-preview:-1\" \/>\n<link rel=\"canonical\" href=\"https:\/\/dicodusport.fr\/blog\/circuit-itf-quatre-titres-francais-ce-weekend-premiere-pour-gabriel-debru\/\" \/>\n<meta property=\"og:locale\" content=\"fr_FR\" \/>\n<meta property=\"og:type\" content=\"article\" \/>\n<meta property=\"og:title\" content=\"Circuit ITF : Quatre titres fran\u00e7ais ce weekend, premi\u00e8re pour Gabriel Debru\" \/>\n<meta property=\"og:description\" content=\"CIRCUIT ITF TENNIS - En simple et en double, les Bleus ont brill\u00e9 ce weekend, notamment Gabriel Debru qui a ouvert son palmar\u00e8s.\" \/>\n<meta property=\"og:url\" content=\"https:\/\/dicodusport.fr\/blog\/circuit-itf-quatre-titres-francais-ce-weekend-premiere-pour-gabriel-debru\/\" \/>\n<meta property=\"og:site_name\" content=\"Dicodusport\" \/>\n<meta property=\"article:publisher\" content=\"https:\/\/www.facebook.com\/dicodusport\" \/>\n<meta property=\"article:author\" content=\"https:\/\/www.facebook.com\/sebastien.gente\/\" \/>\n<meta property=\"article:published_time\" content=\"2023-07-24T06:52:32+00:00\" \/>\n<meta property=\"article:modified_time\" content=\"2023-07-24T08:01:31+00:00\" \/>\n<meta property=\"og:image\" content=\"https:\/\/dicodusport.fr\/blog\/wp-content\/uploads\/2023\/07\/Circuit-ITF-Quatre-titres-francais-ce-weekend-premiere-pour-Gabriel-Debru.png\" \/>\n\t<meta property=\"og:image:width\" content=\"800\" \/>\n\t<meta property=\"og:image:height\" content=\"445\" \/>\n\t<meta property=\"og:image:type\" content=\"image\/png\" \/>\n<meta name=\"author\" content=\"S\u00e9bastien Gente\" \/>\n<meta name=\"twitter:card\" content=\"summary_large_image\" \/>\n<meta name=\"twitter:title\" content=\"Circuit ITF : Quatre titres fran\u00e7ais ce weekend, premi\u00e8re pour Gabriel Debru\" \/>\n<meta name=\"twitter:creator\" content=\"@https:\/\/twitter.com\/globulo24\" \/>\n<meta name=\"twitter:site\" content=\"@dicodusport\" \/>\n<script type=\"application\/ld+json\" class=\"yoast-schema-graph\">{\"@context\":\"https:\/\/schema.org\",\"@graph\":[{\"@type\":\"NewsArticle\",\"@id\":\"https:\/\/dicodusport.fr\/blog\/circuit-itf-quatre-titres-francais-ce-weekend-premiere-pour-gabriel-debru\/#article\",\"isPartOf\":{\"@id\":\"https:\/\/dicodusport.fr\/blog\/circuit-itf-quatre-titres-francais-ce-weekend-premiere-pour-gabriel-debru\/\"},\"author\":{\"name\":\"S\u00e9bastien Gente\",\"@id\":\"https:\/\/dicodusport.fr\/blog\/#\/schema\/person\/627966a6cde45dbd8c5e36ac85d783da\"},\"headline\":\"Circuit ITF : Quatre titres fran\u00e7ais ce weekend, premi\u00e8re pour Gabriel Debru\",\"datePublished\":\"2023-07-24T06:52:32+00:00\",\"dateModified\":\"2023-07-24T08:01:31+00:00\",\"mainEntityOfPage\":{\"@id\":\"https:\/\/dicodusport.fr\/blog\/circuit-itf-quatre-titres-francais-ce-weekend-premiere-pour-gabriel-debru\/\"},\"wordCount\":511,\"commentCount\":0,\"publisher\":{\"@id\":\"https:\/\/dicodusport.fr\/blog\/#organization\"},\"image\":{\"@id\":\"https:\/\/dicodusport.fr\/blog\/circuit-itf-quatre-titres-francais-ce-weekend-premiere-pour-gabriel-debru\/#primaryimage\"},\"thumbnailUrl\":\"https:\/\/dicodusport.fr\/blog\/wp-content\/uploads\/2023\/07\/Circuit-ITF-Quatre-titres-francais-ce-weekend-premiere-pour-Gabriel-Debru.png\",\"keywords\":[\"br\u00e8ve\",\"Gabriel Debru\",\"Tennis fran\u00e7ais\"],\"articleSection\":[\"Tennis\"],\"inLanguage\":\"fr-FR\",\"potentialAction\":[{\"@type\":\"CommentAction\",\"name\":\"Comment\",\"target\":[\"https:\/\/dicodusport.fr\/blog\/circuit-itf-quatre-titres-francais-ce-weekend-premiere-pour-gabriel-debru\/#respond\"]}],\"copyrightYear\":\"2023\",\"copyrightHolder\":{\"@id\":\"https:\/\/dicodusport.fr\/blog\/#organization\"}},{\"@type\":\"WebPage\",\"@id\":\"https:\/\/dicodusport.fr\/blog\/circuit-itf-quatre-titres-francais-ce-weekend-premiere-pour-gabriel-debru\/\",\"url\":\"https:\/\/dicodusport.fr\/blog\/circuit-itf-quatre-titres-francais-ce-weekend-premiere-pour-gabriel-debru\/\",\"name\":\"Circuit ITF : Quatre titres fran\u00e7ais ce weekend, premi\u00e8re pour Gabriel Debru\",\"isPartOf\":{\"@id\":\"https:\/\/dicodusport.fr\/blog\/#website\"},\"primaryImageOfPage\":{\"@id\":\"https:\/\/dicodusport.fr\/blog\/circuit-itf-quatre-titres-francais-ce-weekend-premiere-pour-gabriel-debru\/#primaryimage\"},\"image\":{\"@id\":\"https:\/\/dicodusport.fr\/blog\/circuit-itf-quatre-titres-francais-ce-weekend-premiere-pour-gabriel-debru\/#primaryimage\"},\"thumbnailUrl\":\"https:\/\/dicodusport.fr\/blog\/wp-content\/uploads\/2023\/07\/Circuit-ITF-Quatre-titres-francais-ce-weekend-premiere-pour-Gabriel-Debru.png\",\"datePublished\":\"2023-07-24T06:52:32+00:00\",\"dateModified\":\"2023-07-24T08:01:31+00:00\",\"description\":\"CIRCUIT ITF TENNIS - En simple et en double, les Bleus ont brill\u00e9 ce weekend, notamment Gabriel Debru qui a ouvert son palmar\u00e8s.\",\"breadcrumb\":{\"@id\":\"https:\/\/dicodusport.fr\/blog\/circuit-itf-quatre-titres-francais-ce-weekend-premiere-pour-gabriel-debru\/#breadcrumb\"},\"inLanguage\":\"fr-FR\",\"potentialAction\":[{\"@type\":\"ReadAction\",\"target\":[\"https:\/\/dicodusport.fr\/blog\/circuit-itf-quatre-titres-francais-ce-weekend-premiere-pour-gabriel-debru\/\"]}]},{\"@type\":\"ImageObject\",\"inLanguage\":\"fr-FR\",\"@id\":\"https:\/\/dicodusport.fr\/blog\/circuit-itf-quatre-titres-francais-ce-weekend-premiere-pour-gabriel-debru\/#primaryimage\",\"url\":\"https:\/\/dicodusport.fr\/blog\/wp-content\/uploads\/2023\/07\/Circuit-ITF-Quatre-titres-francais-ce-weekend-premiere-pour-Gabriel-Debru.png\",\"contentUrl\":\"https:\/\/dicodusport.fr\/blog\/wp-content\/uploads\/2023\/07\/Circuit-ITF-Quatre-titres-francais-ce-weekend-premiere-pour-Gabriel-Debru.png\",\"width\":800,\"height\":445,\"caption\":\"Circuit ITF Quatre titres fran\u00e7ais ce weekend, premi\u00e8re pour Gabriel Debru\"},{\"@type\":\"BreadcrumbList\",\"@id\":\"https:\/\/dicodusport.fr\/blog\/circuit-itf-quatre-titres-francais-ce-weekend-premiere-pour-gabriel-debru\/#breadcrumb\",\"itemListElement\":[{\"@type\":\"ListItem\",\"position\":1,\"name\":\"Accueil\",\"item\":\"https:\/\/dicodusport.fr\/blog\/\"},{\"@type\":\"ListItem\",\"position\":2,\"name\":\"Circuit ITF : Quatre titres fran\u00e7ais ce weekend, premi\u00e8re pour Gabriel Debru\"}]},{\"@type\":\"WebSite\",\"@id\":\"https:\/\/dicodusport.fr\/blog\/#website\",\"url\":\"https:\/\/dicodusport.fr\/blog\/\",\"name\":\"Dicodusport\",\"description\":\"L&#039;encyclop\u00e9die de l&#039;actualit\u00e9 sportive\",\"publisher\":{\"@id\":\"https:\/\/dicodusport.fr\/blog\/#organization\"},\"potentialAction\":[{\"@type\":\"SearchAction\",\"target\":{\"@type\":\"EntryPoint\",\"urlTemplate\":\"https:\/\/dicodusport.fr\/blog\/?s={search_term_string}\"},\"query-input\":{\"@type\":\"PropertyValueSpecification\",\"valueRequired\":true,\"valueName\":\"search_term_string\"}}],\"inLanguage\":\"fr-FR\"},{\"@type\":\"NewsMediaOrganization\",\"@id\":\"https:\/\/dicodusport.fr\/blog\/#organization\",\"name\":\"Dicodusport\",\"url\":\"https:\/\/dicodusport.fr\/blog\/\",\"logo\":{\"@type\":\"ImageObject\",\"inLanguage\":\"fr-FR\",\"@id\":\"https:\/\/dicodusport.fr\/blog\/#\/schema\/logo\/image\/\",\"url\":\"https:\/\/dicodusport.fr\/blog\/wp-content\/uploads\/2020\/06\/cropped-LOGO-DICODUSPORT-2020-SANS-FOND-SANS-TEXTE.png\",\"contentUrl\":\"https:\/\/dicodusport.fr\/blog\/wp-content\/uploads\/2020\/06\/cropped-LOGO-DICODUSPORT-2020-SANS-FOND-SANS-TEXTE.png\",\"width\":512,\"height\":512,\"caption\":\"Dicodusport\"},\"image\":{\"@id\":\"https:\/\/dicodusport.fr\/blog\/#\/schema\/logo\/image\/\"},\"sameAs\":[\"https:\/\/www.facebook.com\/dicodusport\",\"https:\/\/x.com\/dicodusport\",\"https:\/\/www.instagram.com\/dicodusport\/\",\"https:\/\/www.youtube.com\/channel\/UC7V2KZ5sd3htJivAbA4ZG3w\"],\"description\":\"Dicodusport est l'encyclop\u00e9die de l'actualit\u00e9 sportive.\",\"email\":\"bonjour@dicodusport.fr\",\"legalName\":\"DICODUSPORT\",\"foundingDate\":\"2018-01-14\",\"vatID\":\"FR71834470973\",\"taxID\":\"83447097300043\",\"numberOfEmployees\":{\"@type\":\"QuantitativeValue\",\"minValue\":\"1\",\"maxValue\":\"10\"}},{\"@type\":\"Person\",\"@id\":\"https:\/\/dicodusport.fr\/blog\/#\/schema\/person\/627966a6cde45dbd8c5e36ac85d783da\",\"name\":\"S\u00e9bastien Gente\",\"image\":{\"@type\":\"ImageObject\",\"inLanguage\":\"fr-FR\",\"@id\":\"https:\/\/dicodusport.fr\/blog\/#\/schema\/person\/image\/\",\"url\":\"https:\/\/dicodusport.fr\/blog\/wp-content\/uploads\/2021\/09\/1510990_10205810251400683_4124423575079401707_n-150x150.jpg\",\"contentUrl\":\"https:\/\/dicodusport.fr\/blog\/wp-content\/uploads\/2021\/09\/1510990_10205810251400683_4124423575079401707_n-150x150.jpg\",\"caption\":\"S\u00e9bastien Gente\"},\"description\":\"John Stockton, Gianni Bugno, Zinedine Zidane, Steffi Graf, Frode Andresen, St\u00e9phane Stoecklin, Davis Kamoga, Primoz Peterka, Werner Schlager et Aur\u00e9lien Rougerie. Point commun entre ces sportifs? Ils m'ont fait r\u00eaver et ont berc\u00e9 mon adolescence. Je suis un fondu de sports et j'essaie de retranscrire ma passion \u00e0 travers mes articles. Originaire du P\u00e9rigord, ma passion pour les Girondins, les Jaunards et les Jazzmen transpire dans mes \u00e9crits. \u00c0 Dicodusport depuis 2021, je d\u00e9niche les sports m\u00e9connus dans lesquels la France brille, et il y en a !\",\"sameAs\":[\"https:\/\/www.facebook.com\/sebastien.gente\/\",\"https:\/\/www.instagram.com\/sebgente\/\",\"https:\/\/www.linkedin.com\/in\/sbastien-gente-a29583169\/\",\"https:\/\/x.com\/https:\/\/twitter.com\/globulo24\",\"SebastienGente\"],\"worksFor\":\"S\u00e9bastien GENTE\",\"url\":\"https:\/\/dicodusport.fr\/blog\/author\/sebastiengente\/\"}]}<\/script>\n<!-- \/ Yoast SEO Premium plugin. -->","yoast_head_json":{"title":"Circuit ITF : Quatre titres fran\u00e7ais ce weekend, premi\u00e8re pour Gabriel Debru","description":"CIRCUIT ITF TENNIS - En simple et en double, les Bleus ont brill\u00e9 ce weekend, notamment Gabriel Debru qui a ouvert son palmar\u00e8s.","robots":{"index":"index","follow":"follow","max-snippet":"max-snippet:-1","max-image-preview":"max-image-preview:large","max-video-preview":"max-video-preview:-1"},"canonical":"https:\/\/dicodusport.fr\/blog\/circuit-itf-quatre-titres-francais-ce-weekend-premiere-pour-gabriel-debru\/","og_locale":"fr_FR","og_type":"article","og_title":"Circuit ITF : Quatre titres fran\u00e7ais ce weekend, premi\u00e8re pour Gabriel Debru","og_description":"CIRCUIT ITF TENNIS - En simple et en double, les Bleus ont brill\u00e9 ce weekend, notamment Gabriel Debru qui a ouvert son palmar\u00e8s.","og_url":"https:\/\/dicodusport.fr\/blog\/circuit-itf-quatre-titres-francais-ce-weekend-premiere-pour-gabriel-debru\/","og_site_name":"Dicodusport","article_publisher":"https:\/\/www.facebook.com\/dicodusport","article_author":"https:\/\/www.facebook.com\/sebastien.gente\/","article_published_time":"2023-07-24T06:52:32+00:00","article_modified_time":"2023-07-24T08:01:31+00:00","og_image":[{"width":800,"height":445,"url":"https:\/\/dicodusport.fr\/blog\/wp-content\/uploads\/2023\/07\/Circuit-ITF-Quatre-titres-francais-ce-weekend-premiere-pour-Gabriel-Debru.png","type":"image\/png"}],"author":"S\u00e9bastien Gente","twitter_card":"summary_large_image","twitter_title":"Circuit ITF : Quatre titres fran\u00e7ais ce weekend, premi\u00e8re pour Gabriel Debru","twitter_creator":"@https:\/\/twitter.com\/globulo24","twitter_site":"@dicodusport","schema":{"@context":"https:\/\/schema.org","@graph":[{"@type":"NewsArticle","@id":"https:\/\/dicodusport.fr\/blog\/circuit-itf-quatre-titres-francais-ce-weekend-premiere-pour-gabriel-debru\/#article","isPartOf":{"@id":"https:\/\/dicodusport.fr\/blog\/circuit-itf-quatre-titres-francais-ce-weekend-premiere-pour-gabriel-debru\/"},"author":{"name":"S\u00e9bastien Gente","@id":"https:\/\/dicodusport.fr\/blog\/#\/schema\/person\/627966a6cde45dbd8c5e36ac85d783da"},"headline":"Circuit ITF : Quatre titres fran\u00e7ais ce weekend, premi\u00e8re pour Gabriel Debru","datePublished":"2023-07-24T06:52:32+00:00","dateModified":"2023-07-24T08:01:31+00:00","mainEntityOfPage":{"@id":"https:\/\/dicodusport.fr\/blog\/circuit-itf-quatre-titres-francais-ce-weekend-premiere-pour-gabriel-debru\/"},"wordCount":511,"commentCount":0,"publisher":{"@id":"https:\/\/dicodusport.fr\/blog\/#organization"},"image":{"@id":"https:\/\/dicodusport.fr\/blog\/circuit-itf-quatre-titres-francais-ce-weekend-premiere-pour-gabriel-debru\/#primaryimage"},"thumbnailUrl":"https:\/\/dicodusport.fr\/blog\/wp-content\/uploads\/2023\/07\/Circuit-ITF-Quatre-titres-francais-ce-weekend-premiere-pour-Gabriel-Debru.png","keywords":["br\u00e8ve","Gabriel Debru","Tennis fran\u00e7ais"],"articleSection":["Tennis"],"inLanguage":"fr-FR","potentialAction":[{"@type":"CommentAction","name":"Comment","target":["https:\/\/dicodusport.fr\/blog\/circuit-itf-quatre-titres-francais-ce-weekend-premiere-pour-gabriel-debru\/#respond"]}],"copyrightYear":"2023","copyrightHolder":{"@id":"https:\/\/dicodusport.fr\/blog\/#organization"}},{"@type":"WebPage","@id":"https:\/\/dicodusport.fr\/blog\/circuit-itf-quatre-titres-francais-ce-weekend-premiere-pour-gabriel-debru\/","url":"https:\/\/dicodusport.fr\/blog\/circuit-itf-quatre-titres-francais-ce-weekend-premiere-pour-gabriel-debru\/","name":"Circuit ITF : Quatre titres fran\u00e7ais ce weekend, premi\u00e8re pour Gabriel Debru","isPartOf":{"@id":"https:\/\/dicodusport.fr\/blog\/#website"},"primaryImageOfPage":{"@id":"https:\/\/dicodusport.fr\/blog\/circuit-itf-quatre-titres-francais-ce-weekend-premiere-pour-gabriel-debru\/#primaryimage"},"image":{"@id":"https:\/\/dicodusport.fr\/blog\/circuit-itf-quatre-titres-francais-ce-weekend-premiere-pour-gabriel-debru\/#primaryimage"},"thumbnailUrl":"https:\/\/dicodusport.fr\/blog\/wp-content\/uploads\/2023\/07\/Circuit-ITF-Quatre-titres-francais-ce-weekend-premiere-pour-Gabriel-Debru.png","datePublished":"2023-07-24T06:52:32+00:00","dateModified":"2023-07-24T08:01:31+00:00","description":"CIRCUIT ITF TENNIS - En simple et en double, les Bleus ont brill\u00e9 ce weekend, notamment Gabriel Debru qui a ouvert son palmar\u00e8s.","breadcrumb":{"@id":"https:\/\/dicodusport.fr\/blog\/circuit-itf-quatre-titres-francais-ce-weekend-premiere-pour-gabriel-debru\/#breadcrumb"},"inLanguage":"fr-FR","potentialAction":[{"@type":"ReadAction","target":["https:\/\/dicodusport.fr\/blog\/circuit-itf-quatre-titres-francais-ce-weekend-premiere-pour-gabriel-debru\/"]}]},{"@type":"ImageObject","inLanguage":"fr-FR","@id":"https:\/\/dicodusport.fr\/blog\/circuit-itf-quatre-titres-francais-ce-weekend-premiere-pour-gabriel-debru\/#primaryimage","url":"https:\/\/dicodusport.fr\/blog\/wp-content\/uploads\/2023\/07\/Circuit-ITF-Quatre-titres-francais-ce-weekend-premiere-pour-Gabriel-Debru.png","contentUrl":"https:\/\/dicodusport.fr\/blog\/wp-content\/uploads\/2023\/07\/Circuit-ITF-Quatre-titres-francais-ce-weekend-premiere-pour-Gabriel-Debru.png","width":800,"height":445,"caption":"Circuit ITF Quatre titres fran\u00e7ais ce weekend, premi\u00e8re pour Gabriel Debru"},{"@type":"BreadcrumbList","@id":"https:\/\/dicodusport.fr\/blog\/circuit-itf-quatre-titres-francais-ce-weekend-premiere-pour-gabriel-debru\/#breadcrumb","itemListElement":[{"@type":"ListItem","position":1,"name":"Accueil","item":"https:\/\/dicodusport.fr\/blog\/"},{"@type":"ListItem","position":2,"name":"Circuit ITF : Quatre titres fran\u00e7ais ce weekend, premi\u00e8re pour Gabriel Debru"}]},{"@type":"WebSite","@id":"https:\/\/dicodusport.fr\/blog\/#website","url":"https:\/\/dicodusport.fr\/blog\/","name":"Dicodusport","description":"L&#039;encyclop\u00e9die de l&#039;actualit\u00e9 sportive","publisher":{"@id":"https:\/\/dicodusport.fr\/blog\/#organization"},"potentialAction":[{"@type":"SearchAction","target":{"@type":"EntryPoint","urlTemplate":"https:\/\/dicodusport.fr\/blog\/?s={search_term_string}"},"query-input":{"@type":"PropertyValueSpecification","valueRequired":true,"valueName":"search_term_string"}}],"inLanguage":"fr-FR"},{"@type":"NewsMediaOrganization","@id":"https:\/\/dicodusport.fr\/blog\/#organization","name":"Dicodusport","url":"https:\/\/dicodusport.fr\/blog\/","logo":{"@type":"ImageObject","inLanguage":"fr-FR","@id":"https:\/\/dicodusport.fr\/blog\/#\/schema\/logo\/image\/","url":"https:\/\/dicodusport.fr\/blog\/wp-content\/uploads\/2020\/06\/cropped-LOGO-DICODUSPORT-2020-SANS-FOND-SANS-TEXTE.png","contentUrl":"https:\/\/dicodusport.fr\/blog\/wp-content\/uploads\/2020\/06\/cropped-LOGO-DICODUSPORT-2020-SANS-FOND-SANS-TEXTE.png","width":512,"height":512,"caption":"Dicodusport"},"image":{"@id":"https:\/\/dicodusport.fr\/blog\/#\/schema\/logo\/image\/"},"sameAs":["https:\/\/www.facebook.com\/dicodusport","https:\/\/x.com\/dicodusport","https:\/\/www.instagram.com\/dicodusport\/","https:\/\/www.youtube.com\/channel\/UC7V2KZ5sd3htJivAbA4ZG3w"],"description":"Dicodusport est l'encyclop\u00e9die de l'actualit\u00e9 sportive.","email":"bonjour@dicodusport.fr","legalName":"DICODUSPORT","foundingDate":"2018-01-14","vatID":"FR71834470973","taxID":"83447097300043","numberOfEmployees":{"@type":"QuantitativeValue","minValue":"1","maxValue":"10"}},{"@type":"Person","@id":"https:\/\/dicodusport.fr\/blog\/#\/schema\/person\/627966a6cde45dbd8c5e36ac85d783da","name":"S\u00e9bastien Gente","image":{"@type":"ImageObject","inLanguage":"fr-FR","@id":"https:\/\/dicodusport.fr\/blog\/#\/schema\/person\/image\/","url":"https:\/\/dicodusport.fr\/blog\/wp-content\/uploads\/2021\/09\/1510990_10205810251400683_4124423575079401707_n-150x150.jpg","contentUrl":"https:\/\/dicodusport.fr\/blog\/wp-content\/uploads\/2021\/09\/1510990_10205810251400683_4124423575079401707_n-150x150.jpg","caption":"S\u00e9bastien Gente"},"description":"John Stockton, Gianni Bugno, Zinedine Zidane, Steffi Graf, Frode Andresen, St\u00e9phane Stoecklin, Davis Kamoga, Primoz Peterka, Werner Schlager et Aur\u00e9lien Rougerie. Point commun entre ces sportifs? Ils m'ont fait r\u00eaver et ont berc\u00e9 mon adolescence. Je suis un fondu de sports et j'essaie de retranscrire ma passion \u00e0 travers mes articles. Originaire du P\u00e9rigord, ma passion pour les Girondins, les Jaunards et les Jazzmen transpire dans mes \u00e9crits. \u00c0 Dicodusport depuis 2021, je d\u00e9niche les sports m\u00e9connus dans lesquels la France brille, et il y en a !","sameAs":["https:\/\/www.facebook.com\/sebastien.gente\/","https:\/\/www.instagram.com\/sebgente\/","https:\/\/www.linkedin.com\/in\/sbastien-gente-a29583169\/","https:\/\/x.com\/https:\/\/twitter.com\/globulo24","SebastienGente"],"worksFor":"S\u00e9bastien GENTE","url":"https:\/\/dicodusport.fr\/blog\/author\/sebastiengente\/"}]}},"_links":{"self":[{"href":"https:\/\/dicodusport.fr\/blog\/wp-json\/wp\/v2\/posts\/402290","targetHints":{"allow":["GET"]}}],"collection":[{"href":"https:\/\/dicodusport.fr\/blog\/wp-json\/wp\/v2\/posts"}],"about":[{"href":"https:\/\/dicodusport.fr\/blog\/wp-json\/wp\/v2\/types\/post"}],"author":[{"embeddable":true,"href":"https:\/\/dicodusport.fr\/blog\/wp-json\/wp\/v2\/users\/59"}],"replies":[{"embeddable":true,"href":"https:\/\/dicodusport.fr\/blog\/wp-json\/wp\/v2\/comments?post=402290"}],"version-history":[{"count":0,"href":"https:\/\/dicodusport.fr\/blog\/wp-json\/wp\/v2\/posts\/402290\/revisions"}],"wp:featuredmedia":[{"embeddable":true,"href":"https:\/\/dicodusport.fr\/blog\/wp-json\/wp\/v2\/media\/402708"}],"wp:attachment":[{"href":"https:\/\/dicodusport.fr\/blog\/wp-json\/wp\/v2\/media?parent=402290"}],"wp:term":[{"taxonomy":"category","embeddable":true,"href":"https:\/\/dicodusport.fr\/blog\/wp-json\/wp\/v2\/categories?post=402290"},{"taxonomy":"post_tag","embeddable":true,"href":"https:\/\/dicodusport.fr\/blog\/wp-json\/wp\/v2\/tags?post=402290"}],"curies":[{"name":"wp","href":"https:\/\/api.w.org\/{rel}","templated":true}]}}