{"id":402347,"date":"2023-07-23T11:31:35","date_gmt":"2023-07-23T09:31:35","guid":{"rendered":"https:\/\/dicodusport.fr\/blog\/?p=402347&#038;preview=true&#038;preview_id=402347"},"modified":"2023-08-14T09:26:33","modified_gmt":"2023-08-14T07:26:33","slug":"jonas-vingegaard-sera-au-depart-du-tour-despagne-2023","status":"publish","type":"post","link":"https:\/\/dicodusport.fr\/blog\/jonas-vingegaard-sera-au-depart-du-tour-despagne-2023\/","title":{"rendered":"Jonas Vingegaard sera au d\u00e9part du Tour d&rsquo;Espagne 2023"},"content":{"rendered":"<p align=\"justify\"><em><strong>CYCLISME SUR ROUTE 2023 &#8211; Alors qu&rsquo;il s&rsquo;appr\u00eate \u00e0 remporter le Tour de France 2023, Jonas Vingegaard (Jumbo-Visma) annonce sa participation \u00e0 la Vuelta (26 ao\u00fbt au 17 septembre 2023). Il va y retrouver son co\u00e9quipier Primoz Roglic, mais aussi Juan Ayuso (UAE-Team Emirates) et Remco Evenepoel (Soudal Quick-Step).<\/strong><\/em><\/p>\n<p style=\"text-align: justify;\" align=\"justify\">C&rsquo;est la bombe du dimanche ! Alors que le <a href=\"https:\/\/dicodusport.fr\/blog\/tour-de-france-2023-classement-general-maillot-jaune\/\">Tour de France<\/a> va s&rsquo;achever aujourd&rsquo;hui et que plus rien ne peut arr\u00eater le second sacre de <strong>Jonas Vingegaard<\/strong> (Jumbo-Visma), le Danois vient de confirmer une \u00e9norme information. <em>\u00ab Rendez-vous \u00e0 Barcelone pour la Vuelta \u00bb<\/em>, a annonc\u00e9 le maillot jaune du <a href=\"https:\/\/dicodusport.fr\/blog\/actualites\/cyclisme\/cyclisme-sur-route-2023\/tour-de-france-2023\/\">Tour de France 2023<\/a> \u00e0 <em>Marca<\/em>. Il sera sur les routes de la Vuelta dans un mois. Il avait d\u00e9j\u00e0 particip\u00e9 au grand tour espagnol en 2020, alors en co\u00e9quipier d&rsquo;un <strong>Primoz Roglic<\/strong> qui avait d\u00e9croch\u00e9 son 2e sacre en Espagne. Et il va retrouver le Slov\u00e8ne sur sa route.<\/p>\n<p style=\"text-align: justify;\" align=\"justify\">Cela promet une cohabitation tendue entre le vainqueur du Giro et le tr\u00e8s probable vainqueur du Tour de France, qui \u00e9voluent tous deux dans la m\u00eame \u00e9quipe.<strong> Primoz Roglic<\/strong> a fait de la Vuelta un de ses derniers grands objectifs de la saison et est un des candidats \u00e0 la victoire finale. Histoire d&rsquo;\u00e9galer <strong>Roberto Heras<\/strong> avec un quatri\u00e8me sacre. Quel sera le r\u00f4le du Danois au sein de la Jumbo-Visma ? C&rsquo;est aussi un duel annonc\u00e9 avec <strong>Remco Evenepoel<\/strong> (Soudal-Quick Step), qui vient d\u00e9fendre son titre remport\u00e9 en 2022.<\/p>\n<blockquote class=\"twitter-tweet\">\n<p dir=\"ltr\" lang=\"es\">\ud83d\udc9b\ud83d\udeb5\u200d\u2642\ufe0fVingegaard suelta la bomba en <a href=\"https:\/\/twitter.com\/marca?ref_src=twsrc%5Etfw\">@marca<\/a>: \u00ab\u00a0Nos veremos en LaVuelta\u00a0\u00bb.<\/p>\n<p>Tras ganar el Tour, el dan\u00e9s estar\u00e1 en la ronda espa\u00f1ola<a href=\"https:\/\/t.co\/35ZNpCstn8\">https:\/\/t.co\/35ZNpCstn8<\/a> Por <a href=\"https:\/\/twitter.com\/nacholabarga?ref_src=twsrc%5Etfw\">@nacholabarga<\/a> \ud83d\udeb5\u200d\u2642\ufe0f<\/p>\n<p>\u2014 MARCA Polideportivo (@MarcaTMF) <a href=\"https:\/\/twitter.com\/MarcaTMF\/status\/1683039053917085697?ref_src=twsrc%5Etfw\">July 23, 2023<\/a><\/p><\/blockquote>\n<p><script async src=\"https:\/\/platform.twitter.com\/widgets.js\" charset=\"utf-8\"><\/script><\/p>\n<p style=\"text-align: justify;\" align=\"justify\">Apr\u00e8s un Tour de France 2023 fort en intensit\u00e9, cela promet une nouvelle guerre des \u00e9toiles pour le classement g\u00e9n\u00e9ral, avec <strong>Juan Ayuso<\/strong> (UAE-Team Emirates), un autre prodige, 3e de sa premi\u00e8re Vuelta \u00e0 19 ans. Plus jeune coureur \u00e0 avoir termin\u00e9 sur le podium d&rsquo;un grand tour depuis Henri Cornet, vainqueur du Tour 1904. L&rsquo;Espagnol, co\u00e9quipier de <strong>Tadej Pogacar<\/strong>, aura sans doute envie de donner une revanche \u00e0 son co\u00e9quipier slov\u00e8ne. Le Tour de France n&rsquo;est pas fini qu&rsquo;on salive d\u00e9j\u00e0 sur la Vuelta.<\/p>\n<p align=\"justify\">\n","protected":false},"excerpt":{"rendered":"<p>CYCLISME SUR ROUTE 2023 &#8211; Alors qu&rsquo;il s&rsquo;appr\u00eate \u00e0 remporter le Tour de France 2023, Jonas Vingegaard (Jumbo-Visma) annonce sa participation \u00e0 la Vuelta. Il va y retrouver son co\u00e9quipier Primoz Roglic, mais aussi Juan Ayuso (UAE-Team Emirates) et Remco Evenepoel (Soudal Quick-Step).<\/p>\n","protected":false},"author":83,"featured_media":402350,"comment_status":"open","ping_status":"closed","sticky":false,"template":"","format":"standard","meta":{"_acf_changed":false,"_daextam_enable_autolinks":"","footnotes":""},"categories":[46994,47042],"tags":[16878,574,17721,8551],"class_list":["post-402347","post","type-post","status-publish","format-standard","has-post-thumbnail","hentry","category-cyclisme-sur-route","category-tour-d-espagne","tag-breve","tag-cyclisme","tag-jonas-vingegaard","tag-jumbo-visma"],"acf":[],"yoast_head":"<!-- This site is optimized with the Yoast SEO Premium plugin v26.7 (Yoast SEO v26.7) - https:\/\/yoast.com\/wordpress\/plugins\/seo\/ -->\n<title>Jonas Vingegaard sera au d\u00e9part du Tour d&#039;Espagne 2023<\/title>\n<meta name=\"description\" content=\"CYCLISME SUR ROUTE 2023 - Jonas Vingegaard (Jumbo-Visma) annonce sa participation \u00e0 la Vuelta. Il va y retrouver son co\u00e9quipier Primoz Roglic.\" \/>\n<meta name=\"robots\" content=\"index, follow, max-snippet:-1, max-image-preview:large, max-video-preview:-1\" \/>\n<link rel=\"canonical\" href=\"https:\/\/dicodusport.fr\/blog\/jonas-vingegaard-sera-au-depart-du-tour-despagne-2023\/\" \/>\n<meta property=\"og:locale\" content=\"fr_FR\" \/>\n<meta property=\"og:type\" content=\"article\" \/>\n<meta property=\"og:title\" content=\"Jonas Vingegaard sera au d\u00e9part du Tour d&#039;Espagne 2023\" \/>\n<meta property=\"og:description\" content=\"CYCLISME SUR ROUTE 2023 - Jonas Vingegaard (Jumbo-Visma) annonce sa participation \u00e0 la Vuelta. Il va y retrouver son co\u00e9quipier Primoz Roglic.\" \/>\n<meta property=\"og:url\" content=\"https:\/\/dicodusport.fr\/blog\/jonas-vingegaard-sera-au-depart-du-tour-despagne-2023\/\" \/>\n<meta property=\"og:site_name\" content=\"Dicodusport\" \/>\n<meta property=\"article:publisher\" content=\"https:\/\/www.facebook.com\/dicodusport\" \/>\n<meta property=\"article:published_time\" content=\"2023-07-23T09:31:35+00:00\" \/>\n<meta property=\"article:modified_time\" content=\"2023-08-14T07:26:33+00:00\" \/>\n<meta property=\"og:image\" content=\"https:\/\/dicodusport.fr\/blog\/wp-content\/uploads\/2023\/07\/Jonas-Vingegaard-sera-au-depart-du-Tour-dEspagne-2023.png\" \/>\n\t<meta property=\"og:image:width\" content=\"800\" \/>\n\t<meta property=\"og:image:height\" content=\"445\" \/>\n\t<meta property=\"og:image:type\" content=\"image\/png\" \/>\n<meta name=\"author\" content=\"Etienne Goursaud\" \/>\n<meta name=\"twitter:card\" content=\"summary_large_image\" \/>\n<meta name=\"twitter:title\" content=\"Jonas Vingegaard sera au d\u00e9part du Tour d&#039;Espagne 2023\" \/>\n<meta name=\"twitter:creator\" content=\"@dicodusport\" \/>\n<meta name=\"twitter:site\" content=\"@dicodusport\" \/>\n<script type=\"application\/ld+json\" class=\"yoast-schema-graph\">{\"@context\":\"https:\/\/schema.org\",\"@graph\":[{\"@type\":\"NewsArticle\",\"@id\":\"https:\/\/dicodusport.fr\/blog\/jonas-vingegaard-sera-au-depart-du-tour-despagne-2023\/#article\",\"isPartOf\":{\"@id\":\"https:\/\/dicodusport.fr\/blog\/jonas-vingegaard-sera-au-depart-du-tour-despagne-2023\/\"},\"author\":{\"name\":\"Etienne Goursaud\",\"@id\":\"https:\/\/dicodusport.fr\/blog\/#\/schema\/person\/d603dd7da31fb2b46c82b9835a77ec13\"},\"headline\":\"Jonas Vingegaard sera au d\u00e9part du Tour d&rsquo;Espagne 2023\",\"datePublished\":\"2023-07-23T09:31:35+00:00\",\"dateModified\":\"2023-08-14T07:26:33+00:00\",\"mainEntityOfPage\":{\"@id\":\"https:\/\/dicodusport.fr\/blog\/jonas-vingegaard-sera-au-depart-du-tour-despagne-2023\/\"},\"wordCount\":377,\"commentCount\":0,\"publisher\":{\"@id\":\"https:\/\/dicodusport.fr\/blog\/#organization\"},\"image\":{\"@id\":\"https:\/\/dicodusport.fr\/blog\/jonas-vingegaard-sera-au-depart-du-tour-despagne-2023\/#primaryimage\"},\"thumbnailUrl\":\"https:\/\/dicodusport.fr\/blog\/wp-content\/uploads\/2023\/07\/Jonas-Vingegaard-sera-au-depart-du-Tour-dEspagne-2023.png\",\"keywords\":[\"br\u00e8ve\",\"Cyclisme\",\"Jonas Vingegaard\",\"Jumbo-Visma\"],\"articleSection\":[\"Cyclisme sur route\",\"Tour d'Espagne\"],\"inLanguage\":\"fr-FR\",\"potentialAction\":[{\"@type\":\"CommentAction\",\"name\":\"Comment\",\"target\":[\"https:\/\/dicodusport.fr\/blog\/jonas-vingegaard-sera-au-depart-du-tour-despagne-2023\/#respond\"]}],\"copyrightYear\":\"2023\",\"copyrightHolder\":{\"@id\":\"https:\/\/dicodusport.fr\/blog\/#organization\"}},{\"@type\":\"WebPage\",\"@id\":\"https:\/\/dicodusport.fr\/blog\/jonas-vingegaard-sera-au-depart-du-tour-despagne-2023\/\",\"url\":\"https:\/\/dicodusport.fr\/blog\/jonas-vingegaard-sera-au-depart-du-tour-despagne-2023\/\",\"name\":\"Jonas Vingegaard sera au d\u00e9part du Tour d'Espagne 2023\",\"isPartOf\":{\"@id\":\"https:\/\/dicodusport.fr\/blog\/#website\"},\"primaryImageOfPage\":{\"@id\":\"https:\/\/dicodusport.fr\/blog\/jonas-vingegaard-sera-au-depart-du-tour-despagne-2023\/#primaryimage\"},\"image\":{\"@id\":\"https:\/\/dicodusport.fr\/blog\/jonas-vingegaard-sera-au-depart-du-tour-despagne-2023\/#primaryimage\"},\"thumbnailUrl\":\"https:\/\/dicodusport.fr\/blog\/wp-content\/uploads\/2023\/07\/Jonas-Vingegaard-sera-au-depart-du-Tour-dEspagne-2023.png\",\"datePublished\":\"2023-07-23T09:31:35+00:00\",\"dateModified\":\"2023-08-14T07:26:33+00:00\",\"description\":\"CYCLISME SUR ROUTE 2023 - Jonas Vingegaard (Jumbo-Visma) annonce sa participation \u00e0 la Vuelta. Il va y retrouver son co\u00e9quipier Primoz Roglic.\",\"breadcrumb\":{\"@id\":\"https:\/\/dicodusport.fr\/blog\/jonas-vingegaard-sera-au-depart-du-tour-despagne-2023\/#breadcrumb\"},\"inLanguage\":\"fr-FR\",\"potentialAction\":[{\"@type\":\"ReadAction\",\"target\":[\"https:\/\/dicodusport.fr\/blog\/jonas-vingegaard-sera-au-depart-du-tour-despagne-2023\/\"]}]},{\"@type\":\"ImageObject\",\"inLanguage\":\"fr-FR\",\"@id\":\"https:\/\/dicodusport.fr\/blog\/jonas-vingegaard-sera-au-depart-du-tour-despagne-2023\/#primaryimage\",\"url\":\"https:\/\/dicodusport.fr\/blog\/wp-content\/uploads\/2023\/07\/Jonas-Vingegaard-sera-au-depart-du-Tour-dEspagne-2023.png\",\"contentUrl\":\"https:\/\/dicodusport.fr\/blog\/wp-content\/uploads\/2023\/07\/Jonas-Vingegaard-sera-au-depart-du-Tour-dEspagne-2023.png\",\"width\":800,\"height\":445,\"caption\":\"Jonas Vingegaard sera au d\u00e9part du Tour d'Espagne 2023\"},{\"@type\":\"BreadcrumbList\",\"@id\":\"https:\/\/dicodusport.fr\/blog\/jonas-vingegaard-sera-au-depart-du-tour-despagne-2023\/#breadcrumb\",\"itemListElement\":[{\"@type\":\"ListItem\",\"position\":1,\"name\":\"Accueil\",\"item\":\"https:\/\/dicodusport.fr\/blog\/\"},{\"@type\":\"ListItem\",\"position\":2,\"name\":\"Jonas Vingegaard sera au d\u00e9part du Tour d&rsquo;Espagne 2023\"}]},{\"@type\":\"WebSite\",\"@id\":\"https:\/\/dicodusport.fr\/blog\/#website\",\"url\":\"https:\/\/dicodusport.fr\/blog\/\",\"name\":\"Dicodusport\",\"description\":\"L&#039;encyclop\u00e9die de l&#039;actualit\u00e9 sportive\",\"publisher\":{\"@id\":\"https:\/\/dicodusport.fr\/blog\/#organization\"},\"potentialAction\":[{\"@type\":\"SearchAction\",\"target\":{\"@type\":\"EntryPoint\",\"urlTemplate\":\"https:\/\/dicodusport.fr\/blog\/?s={search_term_string}\"},\"query-input\":{\"@type\":\"PropertyValueSpecification\",\"valueRequired\":true,\"valueName\":\"search_term_string\"}}],\"inLanguage\":\"fr-FR\"},{\"@type\":\"NewsMediaOrganization\",\"@id\":\"https:\/\/dicodusport.fr\/blog\/#organization\",\"name\":\"Dicodusport\",\"url\":\"https:\/\/dicodusport.fr\/blog\/\",\"logo\":{\"@type\":\"ImageObject\",\"inLanguage\":\"fr-FR\",\"@id\":\"https:\/\/dicodusport.fr\/blog\/#\/schema\/logo\/image\/\",\"url\":\"https:\/\/dicodusport.fr\/blog\/wp-content\/uploads\/2020\/06\/cropped-LOGO-DICODUSPORT-2020-SANS-FOND-SANS-TEXTE.png\",\"contentUrl\":\"https:\/\/dicodusport.fr\/blog\/wp-content\/uploads\/2020\/06\/cropped-LOGO-DICODUSPORT-2020-SANS-FOND-SANS-TEXTE.png\",\"width\":512,\"height\":512,\"caption\":\"Dicodusport\"},\"image\":{\"@id\":\"https:\/\/dicodusport.fr\/blog\/#\/schema\/logo\/image\/\"},\"sameAs\":[\"https:\/\/www.facebook.com\/dicodusport\",\"https:\/\/x.com\/dicodusport\",\"https:\/\/www.instagram.com\/dicodusport\/\",\"https:\/\/www.youtube.com\/channel\/UC7V2KZ5sd3htJivAbA4ZG3w\"],\"description\":\"Dicodusport est l'encyclop\u00e9die de l'actualit\u00e9 sportive.\",\"email\":\"bonjour@dicodusport.fr\",\"legalName\":\"DICODUSPORT\",\"foundingDate\":\"2018-01-14\",\"vatID\":\"FR71834470973\",\"taxID\":\"83447097300043\",\"numberOfEmployees\":{\"@type\":\"QuantitativeValue\",\"minValue\":\"1\",\"maxValue\":\"10\"}},{\"@type\":\"Person\",\"@id\":\"https:\/\/dicodusport.fr\/blog\/#\/schema\/person\/d603dd7da31fb2b46c82b9835a77ec13\",\"name\":\"Etienne Goursaud\",\"image\":{\"@type\":\"ImageObject\",\"inLanguage\":\"fr-FR\",\"@id\":\"https:\/\/dicodusport.fr\/blog\/#\/schema\/person\/image\/\",\"url\":\"https:\/\/dicodusport.fr\/blog\/wp-content\/uploads\/2023\/12\/410122264_10231602061736049_5565839791558026645_n-150x150.jpg\",\"contentUrl\":\"https:\/\/dicodusport.fr\/blog\/wp-content\/uploads\/2023\/12\/410122264_10231602061736049_5565839791558026645_n-150x150.jpg\",\"caption\":\"Etienne Goursaud\"},\"description\":\"Journaliste et amoureux de sport. Ancien footballeur reconverti athl\u00e8te quand ses muscles le laissent tranquille. \u00c9lev\u00e9 \u00e0 la sauce des exploits de Thomas Voeckler en 2004, du dernier essai de l\u00e9gende de Eunice Barber \u00e0 la longueur lors des championnats du monde d'athl\u00e9tisme de 2003 mais aussi Zidane, Omeyer et Titou Lamaison.\",\"url\":\"https:\/\/dicodusport.fr\/blog\/author\/etienne-goursaud\/\"}]}<\/script>\n<!-- \/ Yoast SEO Premium plugin. -->","yoast_head_json":{"title":"Jonas Vingegaard sera au d\u00e9part du Tour d'Espagne 2023","description":"CYCLISME SUR ROUTE 2023 - Jonas Vingegaard (Jumbo-Visma) annonce sa participation \u00e0 la Vuelta. Il va y retrouver son co\u00e9quipier Primoz Roglic.","robots":{"index":"index","follow":"follow","max-snippet":"max-snippet:-1","max-image-preview":"max-image-preview:large","max-video-preview":"max-video-preview:-1"},"canonical":"https:\/\/dicodusport.fr\/blog\/jonas-vingegaard-sera-au-depart-du-tour-despagne-2023\/","og_locale":"fr_FR","og_type":"article","og_title":"Jonas Vingegaard sera au d\u00e9part du Tour d'Espagne 2023","og_description":"CYCLISME SUR ROUTE 2023 - Jonas Vingegaard (Jumbo-Visma) annonce sa participation \u00e0 la Vuelta. Il va y retrouver son co\u00e9quipier Primoz Roglic.","og_url":"https:\/\/dicodusport.fr\/blog\/jonas-vingegaard-sera-au-depart-du-tour-despagne-2023\/","og_site_name":"Dicodusport","article_publisher":"https:\/\/www.facebook.com\/dicodusport","article_published_time":"2023-07-23T09:31:35+00:00","article_modified_time":"2023-08-14T07:26:33+00:00","og_image":[{"width":800,"height":445,"url":"https:\/\/dicodusport.fr\/blog\/wp-content\/uploads\/2023\/07\/Jonas-Vingegaard-sera-au-depart-du-Tour-dEspagne-2023.png","type":"image\/png"}],"author":"Etienne Goursaud","twitter_card":"summary_large_image","twitter_title":"Jonas Vingegaard sera au d\u00e9part du Tour d'Espagne 2023","twitter_creator":"@dicodusport","twitter_site":"@dicodusport","schema":{"@context":"https:\/\/schema.org","@graph":[{"@type":"NewsArticle","@id":"https:\/\/dicodusport.fr\/blog\/jonas-vingegaard-sera-au-depart-du-tour-despagne-2023\/#article","isPartOf":{"@id":"https:\/\/dicodusport.fr\/blog\/jonas-vingegaard-sera-au-depart-du-tour-despagne-2023\/"},"author":{"name":"Etienne Goursaud","@id":"https:\/\/dicodusport.fr\/blog\/#\/schema\/person\/d603dd7da31fb2b46c82b9835a77ec13"},"headline":"Jonas Vingegaard sera au d\u00e9part du Tour d&rsquo;Espagne 2023","datePublished":"2023-07-23T09:31:35+00:00","dateModified":"2023-08-14T07:26:33+00:00","mainEntityOfPage":{"@id":"https:\/\/dicodusport.fr\/blog\/jonas-vingegaard-sera-au-depart-du-tour-despagne-2023\/"},"wordCount":377,"commentCount":0,"publisher":{"@id":"https:\/\/dicodusport.fr\/blog\/#organization"},"image":{"@id":"https:\/\/dicodusport.fr\/blog\/jonas-vingegaard-sera-au-depart-du-tour-despagne-2023\/#primaryimage"},"thumbnailUrl":"https:\/\/dicodusport.fr\/blog\/wp-content\/uploads\/2023\/07\/Jonas-Vingegaard-sera-au-depart-du-Tour-dEspagne-2023.png","keywords":["br\u00e8ve","Cyclisme","Jonas Vingegaard","Jumbo-Visma"],"articleSection":["Cyclisme sur route","Tour d'Espagne"],"inLanguage":"fr-FR","potentialAction":[{"@type":"CommentAction","name":"Comment","target":["https:\/\/dicodusport.fr\/blog\/jonas-vingegaard-sera-au-depart-du-tour-despagne-2023\/#respond"]}],"copyrightYear":"2023","copyrightHolder":{"@id":"https:\/\/dicodusport.fr\/blog\/#organization"}},{"@type":"WebPage","@id":"https:\/\/dicodusport.fr\/blog\/jonas-vingegaard-sera-au-depart-du-tour-despagne-2023\/","url":"https:\/\/dicodusport.fr\/blog\/jonas-vingegaard-sera-au-depart-du-tour-despagne-2023\/","name":"Jonas Vingegaard sera au d\u00e9part du Tour d'Espagne 2023","isPartOf":{"@id":"https:\/\/dicodusport.fr\/blog\/#website"},"primaryImageOfPage":{"@id":"https:\/\/dicodusport.fr\/blog\/jonas-vingegaard-sera-au-depart-du-tour-despagne-2023\/#primaryimage"},"image":{"@id":"https:\/\/dicodusport.fr\/blog\/jonas-vingegaard-sera-au-depart-du-tour-despagne-2023\/#primaryimage"},"thumbnailUrl":"https:\/\/dicodusport.fr\/blog\/wp-content\/uploads\/2023\/07\/Jonas-Vingegaard-sera-au-depart-du-Tour-dEspagne-2023.png","datePublished":"2023-07-23T09:31:35+00:00","dateModified":"2023-08-14T07:26:33+00:00","description":"CYCLISME SUR ROUTE 2023 - Jonas Vingegaard (Jumbo-Visma) annonce sa participation \u00e0 la Vuelta. Il va y retrouver son co\u00e9quipier Primoz Roglic.","breadcrumb":{"@id":"https:\/\/dicodusport.fr\/blog\/jonas-vingegaard-sera-au-depart-du-tour-despagne-2023\/#breadcrumb"},"inLanguage":"fr-FR","potentialAction":[{"@type":"ReadAction","target":["https:\/\/dicodusport.fr\/blog\/jonas-vingegaard-sera-au-depart-du-tour-despagne-2023\/"]}]},{"@type":"ImageObject","inLanguage":"fr-FR","@id":"https:\/\/dicodusport.fr\/blog\/jonas-vingegaard-sera-au-depart-du-tour-despagne-2023\/#primaryimage","url":"https:\/\/dicodusport.fr\/blog\/wp-content\/uploads\/2023\/07\/Jonas-Vingegaard-sera-au-depart-du-Tour-dEspagne-2023.png","contentUrl":"https:\/\/dicodusport.fr\/blog\/wp-content\/uploads\/2023\/07\/Jonas-Vingegaard-sera-au-depart-du-Tour-dEspagne-2023.png","width":800,"height":445,"caption":"Jonas Vingegaard sera au d\u00e9part du Tour d'Espagne 2023"},{"@type":"BreadcrumbList","@id":"https:\/\/dicodusport.fr\/blog\/jonas-vingegaard-sera-au-depart-du-tour-despagne-2023\/#breadcrumb","itemListElement":[{"@type":"ListItem","position":1,"name":"Accueil","item":"https:\/\/dicodusport.fr\/blog\/"},{"@type":"ListItem","position":2,"name":"Jonas Vingegaard sera au d\u00e9part du Tour d&rsquo;Espagne 2023"}]},{"@type":"WebSite","@id":"https:\/\/dicodusport.fr\/blog\/#website","url":"https:\/\/dicodusport.fr\/blog\/","name":"Dicodusport","description":"L&#039;encyclop\u00e9die de l&#039;actualit\u00e9 sportive","publisher":{"@id":"https:\/\/dicodusport.fr\/blog\/#organization"},"potentialAction":[{"@type":"SearchAction","target":{"@type":"EntryPoint","urlTemplate":"https:\/\/dicodusport.fr\/blog\/?s={search_term_string}"},"query-input":{"@type":"PropertyValueSpecification","valueRequired":true,"valueName":"search_term_string"}}],"inLanguage":"fr-FR"},{"@type":"NewsMediaOrganization","@id":"https:\/\/dicodusport.fr\/blog\/#organization","name":"Dicodusport","url":"https:\/\/dicodusport.fr\/blog\/","logo":{"@type":"ImageObject","inLanguage":"fr-FR","@id":"https:\/\/dicodusport.fr\/blog\/#\/schema\/logo\/image\/","url":"https:\/\/dicodusport.fr\/blog\/wp-content\/uploads\/2020\/06\/cropped-LOGO-DICODUSPORT-2020-SANS-FOND-SANS-TEXTE.png","contentUrl":"https:\/\/dicodusport.fr\/blog\/wp-content\/uploads\/2020\/06\/cropped-LOGO-DICODUSPORT-2020-SANS-FOND-SANS-TEXTE.png","width":512,"height":512,"caption":"Dicodusport"},"image":{"@id":"https:\/\/dicodusport.fr\/blog\/#\/schema\/logo\/image\/"},"sameAs":["https:\/\/www.facebook.com\/dicodusport","https:\/\/x.com\/dicodusport","https:\/\/www.instagram.com\/dicodusport\/","https:\/\/www.youtube.com\/channel\/UC7V2KZ5sd3htJivAbA4ZG3w"],"description":"Dicodusport est l'encyclop\u00e9die de l'actualit\u00e9 sportive.","email":"bonjour@dicodusport.fr","legalName":"DICODUSPORT","foundingDate":"2018-01-14","vatID":"FR71834470973","taxID":"83447097300043","numberOfEmployees":{"@type":"QuantitativeValue","minValue":"1","maxValue":"10"}},{"@type":"Person","@id":"https:\/\/dicodusport.fr\/blog\/#\/schema\/person\/d603dd7da31fb2b46c82b9835a77ec13","name":"Etienne Goursaud","image":{"@type":"ImageObject","inLanguage":"fr-FR","@id":"https:\/\/dicodusport.fr\/blog\/#\/schema\/person\/image\/","url":"https:\/\/dicodusport.fr\/blog\/wp-content\/uploads\/2023\/12\/410122264_10231602061736049_5565839791558026645_n-150x150.jpg","contentUrl":"https:\/\/dicodusport.fr\/blog\/wp-content\/uploads\/2023\/12\/410122264_10231602061736049_5565839791558026645_n-150x150.jpg","caption":"Etienne Goursaud"},"description":"Journaliste et amoureux de sport. Ancien footballeur reconverti athl\u00e8te quand ses muscles le laissent tranquille. \u00c9lev\u00e9 \u00e0 la sauce des exploits de Thomas Voeckler en 2004, du dernier essai de l\u00e9gende de Eunice Barber \u00e0 la longueur lors des championnats du monde d'athl\u00e9tisme de 2003 mais aussi Zidane, Omeyer et Titou Lamaison.","url":"https:\/\/dicodusport.fr\/blog\/author\/etienne-goursaud\/"}]}},"_links":{"self":[{"href":"https:\/\/dicodusport.fr\/blog\/wp-json\/wp\/v2\/posts\/402347","targetHints":{"allow":["GET"]}}],"collection":[{"href":"https:\/\/dicodusport.fr\/blog\/wp-json\/wp\/v2\/posts"}],"about":[{"href":"https:\/\/dicodusport.fr\/blog\/wp-json\/wp\/v2\/types\/post"}],"author":[{"embeddable":true,"href":"https:\/\/dicodusport.fr\/blog\/wp-json\/wp\/v2\/users\/83"}],"replies":[{"embeddable":true,"href":"https:\/\/dicodusport.fr\/blog\/wp-json\/wp\/v2\/comments?post=402347"}],"version-history":[{"count":0,"href":"https:\/\/dicodusport.fr\/blog\/wp-json\/wp\/v2\/posts\/402347\/revisions"}],"wp:featuredmedia":[{"embeddable":true,"href":"https:\/\/dicodusport.fr\/blog\/wp-json\/wp\/v2\/media\/402350"}],"wp:attachment":[{"href":"https:\/\/dicodusport.fr\/blog\/wp-json\/wp\/v2\/media?parent=402347"}],"wp:term":[{"taxonomy":"category","embeddable":true,"href":"https:\/\/dicodusport.fr\/blog\/wp-json\/wp\/v2\/categories?post=402347"},{"taxonomy":"post_tag","embeddable":true,"href":"https:\/\/dicodusport.fr\/blog\/wp-json\/wp\/v2\/tags?post=402347"}],"curies":[{"name":"wp","href":"https:\/\/api.w.org\/{rel}","templated":true}]}}