{"id":402478,"date":"2023-07-23T16:07:06","date_gmt":"2023-07-23T14:07:06","guid":{"rendered":"https:\/\/dicodusport.fr\/blog\/?p=402478&#038;preview=true&#038;preview_id=402478"},"modified":"2023-07-31T15:05:31","modified_gmt":"2023-07-31T13:05:31","slug":"mondiaux-cyclisme-2023-alaphilippe-laporte-coquard-la-selection-francaise-pour-glasgow","status":"publish","type":"post","link":"https:\/\/dicodusport.fr\/blog\/mondiaux-cyclisme-2023-alaphilippe-laporte-coquard-la-selection-francaise-pour-glasgow\/","title":{"rendered":"Mondiaux Cyclisme 2023 : Alaphilippe, Laporte, Coquard, la s\u00e9lection fran\u00e7aise pour Glasgow"},"content":{"rendered":"<p align=\"justify\"><em><strong><a href=\"https:\/\/dicodusport.fr\/blog\/actualites\/cyclisme\/championnats-du-monde-cyclisme-2023\/\">CHAMPIONNATS DU MONDE CYCLISME 2023<\/a> &#8211; Ce dimanche, Thomas Voeckler, s\u00e9lectionneur de l&rsquo;\u00e9quipe de France, a d\u00e9voil\u00e9 les 8 coureurs s\u00e9lectionn\u00e9s pour les Mondiaux de Glasgow. La course en ligne aura lieu le 6 ao\u00fbt, le chrono le 11 ao\u00fbt.<\/strong><\/em><\/p>\n<p align=\"justify\">C&rsquo;est fait. Ce dimanche, <strong>Thomas Voeckler<\/strong>, s\u00e9lectionneur de l&rsquo;\u00e9quipe de France masculine de cyclisme sur route, a d\u00e9voil\u00e9 les noms des coureurs s\u00e9lectionn\u00e9s pour les Mondiaux de Glasgow (\u00c9cosse). Sur une course en ligne qui s&rsquo;annonce nerveuse et intense, avec un parcours technique, taill\u00e9 pour les sprinteurs-puncheurs, <strong>Julian Alaphilippe<\/strong> sera une nouvelle fois l&rsquo;\u00e9pouvantail des Bleus. Champion du monde en 2020 et 2021, le natif de Saint-Amand-Montrond aura \u00e0 ses c\u00f4t\u00e9s un certain <strong>Christophe Laporte<\/strong>, vice-champion du monde l&rsquo;an dernier, derri\u00e8re Remco Evenepoel.<\/p>\n<p align=\"justify\"><strong>Bryan Coquard<\/strong>, <strong>Beno\u00eet Cosnefroy<\/strong>, <strong>Valentin Madouas<\/strong>, <strong>Florian S\u00e9n\u00e9chal<\/strong>, <strong>R\u00e9mi Cavagna<\/strong> et<strong> Olivier Le Gac<\/strong> seront les autres coureurs fran\u00e7ais align\u00e9s sur la course en ligne. Sur le chrono, <strong>Cavagna<\/strong>, double champion de France de l&rsquo;effort en solitaire (2020 et 2023), et <strong>Bruno Armirail<\/strong>, en bleu-blanc-rouge l&rsquo;ann\u00e9e pass\u00e9e, seront sur la rampe de d\u00e9part le 11 ao\u00fbt prochain.<\/p>\n<div class=\"vlp-link-container vlp-layout-article\"><a href=\"https:\/\/dicodusport.fr\/blog\/mondiaux-cyclisme-2023-les-parcours-devoiles\/\" class=\"vlp-link\" title=\"Mondiaux Cyclisme 2023 : Les parcours d\u00e9voil\u00e9s\"><\/a><div class=\"vlp-layout-zone-side\"><div class=\"vlp-block-4 vlp-link-image\"><img loading=\"lazy\" decoding=\"async\" style=\"max-width: 800px;\" width=\"800\" height=\"445\" src=\"https:\/\/dicodusport.fr\/blog\/wp-content\/uploads\/2022\/09\/Mondiaux-Cyclisme-2023-Les-parcours-devoiles.png\" class=\"attachment-800x445 size-800x445\" alt=\"Mondiaux Cyclisme 2023 Les parcours d\u00e9voil\u00e9s\" srcset=\"https:\/\/dicodusport.fr\/blog\/wp-content\/uploads\/2022\/09\/Mondiaux-Cyclisme-2023-Les-parcours-devoiles.png 800w, https:\/\/dicodusport.fr\/blog\/wp-content\/uploads\/2022\/09\/Mondiaux-Cyclisme-2023-Les-parcours-devoiles-300x167.png 300w, https:\/\/dicodusport.fr\/blog\/wp-content\/uploads\/2022\/09\/Mondiaux-Cyclisme-2023-Les-parcours-devoiles-768x427.png 768w\" sizes=\"auto, (max-width: 800px) 100vw, 800px\" \/><\/div><\/div><div class=\"vlp-layout-zone-main\"><div class=\"vlp-block-0 vlp-link-title\">Mondiaux Cyclisme 2023 : Les parcours d\u00e9voil\u00e9s<\/div><div class=\"vlp-block-1 vlp-link-summary\">MONDIAUX CYCLISME 2023 - Ce vendredi, l'UCI a d\u00e9voil\u00e9 les diff\u00e9rents parcours des \u00e9preuves sur route des (Super) Championnats du monde de cyclisme 2023, qui auront lieu \u00e0 Glasgow (\u00c9cosse).<\/div><div class=\"vlp-block-2 vlp-link-button\">Lire l'article<\/div><div class=\"vlp-block-3 vlp-link-url\">dicodusport.fr<\/div><\/div><\/div>\n<ul>\n<li style=\"text-align: justify;\"><strong>\u00c0 lire aussi &#8211; <a href=\"https:\/\/dicodusport.fr\/blog\/cyclisme-sur-route-programme-et-resultats-championnats-du-monde-2023\/\">Programme et r\u00e9sultats des championnats du monde de cyclisme sur route 2023<\/a><\/strong><\/li>\n<\/ul>\n<h3 style=\"text-align: justify;\" align=\"justify\">La s\u00e9lection fran\u00e7aise \u00e9lites<\/h3>\n<p style=\"text-align: justify;\" align=\"justify\"><strong>Course en ligne (dimanche 6 ao\u00fbt) :<\/strong> Julian Alaphilippe, Florian S\u00e9n\u00e9chal, R\u00e9mi Cavagna, Beno\u00eet Cosnefroy, Bryan Coquard, Christophe Laporte, Valentin Madouas, Olivier Le Gac.<\/p>\n<p style=\"text-align: justify;\" align=\"justify\"><strong>Chrono (vendredi 11 ao\u00fbt) :<\/strong> R\u00e9mi Cavagna, Bruno Armirail.<\/p>\n<blockquote class=\"twitter-tweet\">\n<p dir=\"ltr\" lang=\"fr\">La France pour la course en ligne des championnats du monde : Julian Alaphilippe, R\u00e9mi Cavagna, Bryan Coquard, Benoit Cosnefroy, Christophe Laporte, Olivier Le Gac, Valentin Madouas, Florian S\u00e9n\u00e9chal.<\/p>\n<p>Bruno Armirail et R\u00e9mi Cavagna pour le chrono. <a href=\"https:\/\/twitter.com\/hashtag\/Glasgow2023?src=hash&amp;ref_src=twsrc%5Etfw\">#Glasgow2023<\/a> <a href=\"https:\/\/t.co\/TWJBQ8Rhz4\">pic.twitter.com\/TWJBQ8Rhz4<\/a><\/p>\n<p>\u2014 Le Gruppetto (@LeGruppetto) <a href=\"https:\/\/twitter.com\/LeGruppetto\/status\/1683115422566981632?ref_src=twsrc%5Etfw\">July 23, 2023<\/a><\/p><\/blockquote>\n<p><script async src=\"https:\/\/platform.twitter.com\/widgets.js\" charset=\"utf-8\"><\/script><\/p>\n<ul>\n<li class=\"mvp-post-title left entry-title\" style=\"text-align: justify;\"><strong>\u00c0 lire aussi &#8211; <a href=\"https:\/\/dicodusport.fr\/blog\/mondiaux-cyclisme-2023-les-selections-sur-route-de-toutes-les-nations\/\">Mondiaux Cyclisme 2023 : Les s\u00e9lections sur route de toutes les nations<\/a><\/strong><\/li>\n<\/ul>\n<p align=\"justify\">\n","protected":false},"excerpt":{"rendered":"<p>CHAMPIONNATS DU MONDE CYCLISME 2023 &#8211; Ce dimanche, Thomas Voeckler, s\u00e9lectionneur de l&rsquo;\u00e9quipe de France, a d\u00e9voil\u00e9 les 8 coureurs s\u00e9lectionn\u00e9s pour les Mondiaux de Glasgow.<\/p>\n","protected":false},"author":4,"featured_media":402481,"comment_status":"open","ping_status":"closed","sticky":false,"template":"","format":"standard","meta":{"_acf_changed":false,"_daextam_enable_autolinks":"","footnotes":""},"categories":[2307,46994],"tags":[16878,574],"class_list":["post-402478","post","type-post","status-publish","format-standard","has-post-thumbnail","hentry","category-cyclisme","category-cyclisme-sur-route","tag-breve","tag-cyclisme"],"acf":[],"yoast_head":"<!-- This site is optimized with the Yoast SEO Premium plugin v26.7 (Yoast SEO v26.7) - https:\/\/yoast.com\/wordpress\/plugins\/seo\/ -->\n<title>Mondiaux Cyclisme 2023 : Alaphilippe, Laporte, Coquard, la s\u00e9lection fran\u00e7aise pour Glasgow<\/title>\n<meta name=\"description\" content=\"CHAMPIONNATS DU MONDE CYCLISME 2023 - Thomas Voeckler, s\u00e9lectionneur de l&#039;\u00e9quipe de France, a d\u00e9voil\u00e9 les 8 coureurs s\u00e9lectionn\u00e9s.\" \/>\n<meta name=\"robots\" content=\"index, follow, max-snippet:-1, max-image-preview:large, max-video-preview:-1\" \/>\n<link rel=\"canonical\" href=\"https:\/\/dicodusport.fr\/blog\/mondiaux-cyclisme-2023-alaphilippe-laporte-coquard-la-selection-francaise-pour-glasgow\/\" \/>\n<meta property=\"og:locale\" content=\"fr_FR\" \/>\n<meta property=\"og:type\" content=\"article\" \/>\n<meta property=\"og:title\" content=\"Mondiaux Cyclisme 2023 : Alaphilippe, Laporte, Coquard, la s\u00e9lection fran\u00e7aise pour Glasgow\" \/>\n<meta property=\"og:description\" content=\"CHAMPIONNATS DU MONDE CYCLISME 2023 - Thomas Voeckler, s\u00e9lectionneur de l&#039;\u00e9quipe de France, a d\u00e9voil\u00e9 les 8 coureurs s\u00e9lectionn\u00e9s.\" \/>\n<meta property=\"og:url\" content=\"https:\/\/dicodusport.fr\/blog\/mondiaux-cyclisme-2023-alaphilippe-laporte-coquard-la-selection-francaise-pour-glasgow\/\" \/>\n<meta property=\"og:site_name\" content=\"Dicodusport\" \/>\n<meta property=\"article:publisher\" content=\"https:\/\/www.facebook.com\/dicodusport\" \/>\n<meta property=\"article:author\" content=\"https:\/\/www.facebook.com\/florent.ostermann\" \/>\n<meta property=\"article:published_time\" content=\"2023-07-23T14:07:06+00:00\" \/>\n<meta property=\"article:modified_time\" content=\"2023-07-31T13:05:31+00:00\" \/>\n<meta property=\"og:image\" content=\"https:\/\/dicodusport.fr\/blog\/wp-content\/uploads\/2023\/07\/Mondiaux-Cyclisme-2023-Alaphilippe-Laporte-Coquard-la-selection-francaise-pour-Glasgow.png\" \/>\n\t<meta property=\"og:image:width\" content=\"800\" \/>\n\t<meta property=\"og:image:height\" content=\"445\" \/>\n\t<meta property=\"og:image:type\" content=\"image\/png\" \/>\n<meta name=\"author\" content=\"Flo Ostermann\" \/>\n<meta name=\"twitter:card\" content=\"summary_large_image\" \/>\n<meta name=\"twitter:title\" content=\"Mondiaux Cyclisme 2023 : Alaphilippe, Laporte, Coquard, la s\u00e9lection fran\u00e7aise pour Glasgow\" \/>\n<meta name=\"twitter:creator\" content=\"@https:\/\/twitter.com\/FlOstermann\" \/>\n<meta name=\"twitter:site\" content=\"@dicodusport\" \/>\n<script type=\"application\/ld+json\" class=\"yoast-schema-graph\">{\"@context\":\"https:\/\/schema.org\",\"@graph\":[{\"@type\":\"NewsArticle\",\"@id\":\"https:\/\/dicodusport.fr\/blog\/mondiaux-cyclisme-2023-alaphilippe-laporte-coquard-la-selection-francaise-pour-glasgow\/#article\",\"isPartOf\":{\"@id\":\"https:\/\/dicodusport.fr\/blog\/mondiaux-cyclisme-2023-alaphilippe-laporte-coquard-la-selection-francaise-pour-glasgow\/\"},\"author\":{\"name\":\"Flo Ostermann\",\"@id\":\"https:\/\/dicodusport.fr\/blog\/#\/schema\/person\/cb02af4c173ce4a653b55e9baf388d4a\"},\"headline\":\"Mondiaux Cyclisme 2023 : Alaphilippe, Laporte, Coquard, la s\u00e9lection fran\u00e7aise pour Glasgow\",\"datePublished\":\"2023-07-23T14:07:06+00:00\",\"dateModified\":\"2023-07-31T13:05:31+00:00\",\"mainEntityOfPage\":{\"@id\":\"https:\/\/dicodusport.fr\/blog\/mondiaux-cyclisme-2023-alaphilippe-laporte-coquard-la-selection-francaise-pour-glasgow\/\"},\"wordCount\":415,\"commentCount\":0,\"publisher\":{\"@id\":\"https:\/\/dicodusport.fr\/blog\/#organization\"},\"image\":{\"@id\":\"https:\/\/dicodusport.fr\/blog\/mondiaux-cyclisme-2023-alaphilippe-laporte-coquard-la-selection-francaise-pour-glasgow\/#primaryimage\"},\"thumbnailUrl\":\"https:\/\/dicodusport.fr\/blog\/wp-content\/uploads\/2023\/07\/Mondiaux-Cyclisme-2023-Alaphilippe-Laporte-Coquard-la-selection-francaise-pour-Glasgow.png\",\"keywords\":[\"br\u00e8ve\",\"Cyclisme\"],\"articleSection\":[\"Cyclisme\",\"Cyclisme sur route\"],\"inLanguage\":\"fr-FR\",\"potentialAction\":[{\"@type\":\"CommentAction\",\"name\":\"Comment\",\"target\":[\"https:\/\/dicodusport.fr\/blog\/mondiaux-cyclisme-2023-alaphilippe-laporte-coquard-la-selection-francaise-pour-glasgow\/#respond\"]}],\"copyrightYear\":\"2023\",\"copyrightHolder\":{\"@id\":\"https:\/\/dicodusport.fr\/blog\/#organization\"}},{\"@type\":\"WebPage\",\"@id\":\"https:\/\/dicodusport.fr\/blog\/mondiaux-cyclisme-2023-alaphilippe-laporte-coquard-la-selection-francaise-pour-glasgow\/\",\"url\":\"https:\/\/dicodusport.fr\/blog\/mondiaux-cyclisme-2023-alaphilippe-laporte-coquard-la-selection-francaise-pour-glasgow\/\",\"name\":\"Mondiaux Cyclisme 2023 : Alaphilippe, Laporte, Coquard, la s\u00e9lection fran\u00e7aise pour Glasgow\",\"isPartOf\":{\"@id\":\"https:\/\/dicodusport.fr\/blog\/#website\"},\"primaryImageOfPage\":{\"@id\":\"https:\/\/dicodusport.fr\/blog\/mondiaux-cyclisme-2023-alaphilippe-laporte-coquard-la-selection-francaise-pour-glasgow\/#primaryimage\"},\"image\":{\"@id\":\"https:\/\/dicodusport.fr\/blog\/mondiaux-cyclisme-2023-alaphilippe-laporte-coquard-la-selection-francaise-pour-glasgow\/#primaryimage\"},\"thumbnailUrl\":\"https:\/\/dicodusport.fr\/blog\/wp-content\/uploads\/2023\/07\/Mondiaux-Cyclisme-2023-Alaphilippe-Laporte-Coquard-la-selection-francaise-pour-Glasgow.png\",\"datePublished\":\"2023-07-23T14:07:06+00:00\",\"dateModified\":\"2023-07-31T13:05:31+00:00\",\"description\":\"CHAMPIONNATS DU MONDE CYCLISME 2023 - Thomas Voeckler, s\u00e9lectionneur de l'\u00e9quipe de France, a d\u00e9voil\u00e9 les 8 coureurs s\u00e9lectionn\u00e9s.\",\"breadcrumb\":{\"@id\":\"https:\/\/dicodusport.fr\/blog\/mondiaux-cyclisme-2023-alaphilippe-laporte-coquard-la-selection-francaise-pour-glasgow\/#breadcrumb\"},\"inLanguage\":\"fr-FR\",\"potentialAction\":[{\"@type\":\"ReadAction\",\"target\":[\"https:\/\/dicodusport.fr\/blog\/mondiaux-cyclisme-2023-alaphilippe-laporte-coquard-la-selection-francaise-pour-glasgow\/\"]}]},{\"@type\":\"ImageObject\",\"inLanguage\":\"fr-FR\",\"@id\":\"https:\/\/dicodusport.fr\/blog\/mondiaux-cyclisme-2023-alaphilippe-laporte-coquard-la-selection-francaise-pour-glasgow\/#primaryimage\",\"url\":\"https:\/\/dicodusport.fr\/blog\/wp-content\/uploads\/2023\/07\/Mondiaux-Cyclisme-2023-Alaphilippe-Laporte-Coquard-la-selection-francaise-pour-Glasgow.png\",\"contentUrl\":\"https:\/\/dicodusport.fr\/blog\/wp-content\/uploads\/2023\/07\/Mondiaux-Cyclisme-2023-Alaphilippe-Laporte-Coquard-la-selection-francaise-pour-Glasgow.png\",\"width\":800,\"height\":445,\"caption\":\"Mondiaux Cyclisme 2023 Alaphilippe, Laporte, Coquard, la s\u00e9lection fran\u00e7aise pour Glasgow\"},{\"@type\":\"BreadcrumbList\",\"@id\":\"https:\/\/dicodusport.fr\/blog\/mondiaux-cyclisme-2023-alaphilippe-laporte-coquard-la-selection-francaise-pour-glasgow\/#breadcrumb\",\"itemListElement\":[{\"@type\":\"ListItem\",\"position\":1,\"name\":\"Accueil\",\"item\":\"https:\/\/dicodusport.fr\/blog\/\"},{\"@type\":\"ListItem\",\"position\":2,\"name\":\"Mondiaux Cyclisme 2023 : Alaphilippe, Laporte, Coquard, la s\u00e9lection fran\u00e7aise pour Glasgow\"}]},{\"@type\":\"WebSite\",\"@id\":\"https:\/\/dicodusport.fr\/blog\/#website\",\"url\":\"https:\/\/dicodusport.fr\/blog\/\",\"name\":\"Dicodusport\",\"description\":\"L&#039;encyclop\u00e9die de l&#039;actualit\u00e9 sportive\",\"publisher\":{\"@id\":\"https:\/\/dicodusport.fr\/blog\/#organization\"},\"potentialAction\":[{\"@type\":\"SearchAction\",\"target\":{\"@type\":\"EntryPoint\",\"urlTemplate\":\"https:\/\/dicodusport.fr\/blog\/?s={search_term_string}\"},\"query-input\":{\"@type\":\"PropertyValueSpecification\",\"valueRequired\":true,\"valueName\":\"search_term_string\"}}],\"inLanguage\":\"fr-FR\"},{\"@type\":\"NewsMediaOrganization\",\"@id\":\"https:\/\/dicodusport.fr\/blog\/#organization\",\"name\":\"Dicodusport\",\"url\":\"https:\/\/dicodusport.fr\/blog\/\",\"logo\":{\"@type\":\"ImageObject\",\"inLanguage\":\"fr-FR\",\"@id\":\"https:\/\/dicodusport.fr\/blog\/#\/schema\/logo\/image\/\",\"url\":\"https:\/\/dicodusport.fr\/blog\/wp-content\/uploads\/2020\/06\/cropped-LOGO-DICODUSPORT-2020-SANS-FOND-SANS-TEXTE.png\",\"contentUrl\":\"https:\/\/dicodusport.fr\/blog\/wp-content\/uploads\/2020\/06\/cropped-LOGO-DICODUSPORT-2020-SANS-FOND-SANS-TEXTE.png\",\"width\":512,\"height\":512,\"caption\":\"Dicodusport\"},\"image\":{\"@id\":\"https:\/\/dicodusport.fr\/blog\/#\/schema\/logo\/image\/\"},\"sameAs\":[\"https:\/\/www.facebook.com\/dicodusport\",\"https:\/\/x.com\/dicodusport\",\"https:\/\/www.instagram.com\/dicodusport\/\",\"https:\/\/www.youtube.com\/channel\/UC7V2KZ5sd3htJivAbA4ZG3w\"],\"description\":\"Dicodusport est l'encyclop\u00e9die de l'actualit\u00e9 sportive.\",\"email\":\"bonjour@dicodusport.fr\",\"legalName\":\"DICODUSPORT\",\"foundingDate\":\"2018-01-14\",\"vatID\":\"FR71834470973\",\"taxID\":\"83447097300043\",\"numberOfEmployees\":{\"@type\":\"QuantitativeValue\",\"minValue\":\"1\",\"maxValue\":\"10\"}},{\"@type\":\"Person\",\"@id\":\"https:\/\/dicodusport.fr\/blog\/#\/schema\/person\/cb02af4c173ce4a653b55e9baf388d4a\",\"name\":\"Flo Ostermann\",\"image\":{\"@type\":\"ImageObject\",\"inLanguage\":\"fr-FR\",\"@id\":\"https:\/\/dicodusport.fr\/blog\/#\/schema\/person\/image\/\",\"url\":\"https:\/\/dicodusport.fr\/blog\/wp-content\/uploads\/2021\/05\/Flo-Ostermann-150x150.jpg\",\"contentUrl\":\"https:\/\/dicodusport.fr\/blog\/wp-content\/uploads\/2021\/05\/Flo-Ostermann-150x150.jpg\",\"caption\":\"Flo Ostermann\"},\"description\":\"Journaliste\/R\u00e9dacteur depuis septembre 2015 - Mes premiers souvenirs dans le sport ? Les envol\u00e9es du Stade Toulousain et les duels Villeneuve-Schumacher et H\u00e4kkinen-Schumacher \u00e0 la fin des ann\u00e9es 90, la Coupe du monde de football en 1998, l\u2019exploit du XV de France face aux All Blacks en 1999, mais aussi Richard C\u0153ur de Lion qui vole sur les montagnes du Tour de France. Bien parti pour devenir professeur d\u2019EPS, les \u00e9v\u00e9nements de la vie (et la flemme d\u2019animer des s\u00e9ances de 3x500 m\u00e8tres toute ma vie) m\u2019ont conduit \u00e0 revoir mes plans. Me voil\u00e0 depuis fin 2017 sur Dicodusport, m\u00e9dia gr\u00e2ce (et pour) lequel je partage ma passion : le sport dans tous ses \u00e9tats. Le tout accompagn\u00e9 par les fous furieux et folles furieuses cit\u00e9s sur cette page !\",\"sameAs\":[\"https:\/\/www.facebook.com\/florent.ostermann\",\"https:\/\/x.com\/https:\/\/twitter.com\/FlOstermann\",\"admin\"],\"url\":\"https:\/\/dicodusport.fr\/blog\/author\/flo\/\"}]}<\/script>\n<!-- \/ Yoast SEO Premium plugin. -->","yoast_head_json":{"title":"Mondiaux Cyclisme 2023 : Alaphilippe, Laporte, Coquard, la s\u00e9lection fran\u00e7aise pour Glasgow","description":"CHAMPIONNATS DU MONDE CYCLISME 2023 - Thomas Voeckler, s\u00e9lectionneur de l'\u00e9quipe de France, a d\u00e9voil\u00e9 les 8 coureurs s\u00e9lectionn\u00e9s.","robots":{"index":"index","follow":"follow","max-snippet":"max-snippet:-1","max-image-preview":"max-image-preview:large","max-video-preview":"max-video-preview:-1"},"canonical":"https:\/\/dicodusport.fr\/blog\/mondiaux-cyclisme-2023-alaphilippe-laporte-coquard-la-selection-francaise-pour-glasgow\/","og_locale":"fr_FR","og_type":"article","og_title":"Mondiaux Cyclisme 2023 : Alaphilippe, Laporte, Coquard, la s\u00e9lection fran\u00e7aise pour Glasgow","og_description":"CHAMPIONNATS DU MONDE CYCLISME 2023 - Thomas Voeckler, s\u00e9lectionneur de l'\u00e9quipe de France, a d\u00e9voil\u00e9 les 8 coureurs s\u00e9lectionn\u00e9s.","og_url":"https:\/\/dicodusport.fr\/blog\/mondiaux-cyclisme-2023-alaphilippe-laporte-coquard-la-selection-francaise-pour-glasgow\/","og_site_name":"Dicodusport","article_publisher":"https:\/\/www.facebook.com\/dicodusport","article_author":"https:\/\/www.facebook.com\/florent.ostermann","article_published_time":"2023-07-23T14:07:06+00:00","article_modified_time":"2023-07-31T13:05:31+00:00","og_image":[{"width":800,"height":445,"url":"https:\/\/dicodusport.fr\/blog\/wp-content\/uploads\/2023\/07\/Mondiaux-Cyclisme-2023-Alaphilippe-Laporte-Coquard-la-selection-francaise-pour-Glasgow.png","type":"image\/png"}],"author":"Flo Ostermann","twitter_card":"summary_large_image","twitter_title":"Mondiaux Cyclisme 2023 : Alaphilippe, Laporte, Coquard, la s\u00e9lection fran\u00e7aise pour Glasgow","twitter_creator":"@https:\/\/twitter.com\/FlOstermann","twitter_site":"@dicodusport","schema":{"@context":"https:\/\/schema.org","@graph":[{"@type":"NewsArticle","@id":"https:\/\/dicodusport.fr\/blog\/mondiaux-cyclisme-2023-alaphilippe-laporte-coquard-la-selection-francaise-pour-glasgow\/#article","isPartOf":{"@id":"https:\/\/dicodusport.fr\/blog\/mondiaux-cyclisme-2023-alaphilippe-laporte-coquard-la-selection-francaise-pour-glasgow\/"},"author":{"name":"Flo Ostermann","@id":"https:\/\/dicodusport.fr\/blog\/#\/schema\/person\/cb02af4c173ce4a653b55e9baf388d4a"},"headline":"Mondiaux Cyclisme 2023 : Alaphilippe, Laporte, Coquard, la s\u00e9lection fran\u00e7aise pour Glasgow","datePublished":"2023-07-23T14:07:06+00:00","dateModified":"2023-07-31T13:05:31+00:00","mainEntityOfPage":{"@id":"https:\/\/dicodusport.fr\/blog\/mondiaux-cyclisme-2023-alaphilippe-laporte-coquard-la-selection-francaise-pour-glasgow\/"},"wordCount":415,"commentCount":0,"publisher":{"@id":"https:\/\/dicodusport.fr\/blog\/#organization"},"image":{"@id":"https:\/\/dicodusport.fr\/blog\/mondiaux-cyclisme-2023-alaphilippe-laporte-coquard-la-selection-francaise-pour-glasgow\/#primaryimage"},"thumbnailUrl":"https:\/\/dicodusport.fr\/blog\/wp-content\/uploads\/2023\/07\/Mondiaux-Cyclisme-2023-Alaphilippe-Laporte-Coquard-la-selection-francaise-pour-Glasgow.png","keywords":["br\u00e8ve","Cyclisme"],"articleSection":["Cyclisme","Cyclisme sur route"],"inLanguage":"fr-FR","potentialAction":[{"@type":"CommentAction","name":"Comment","target":["https:\/\/dicodusport.fr\/blog\/mondiaux-cyclisme-2023-alaphilippe-laporte-coquard-la-selection-francaise-pour-glasgow\/#respond"]}],"copyrightYear":"2023","copyrightHolder":{"@id":"https:\/\/dicodusport.fr\/blog\/#organization"}},{"@type":"WebPage","@id":"https:\/\/dicodusport.fr\/blog\/mondiaux-cyclisme-2023-alaphilippe-laporte-coquard-la-selection-francaise-pour-glasgow\/","url":"https:\/\/dicodusport.fr\/blog\/mondiaux-cyclisme-2023-alaphilippe-laporte-coquard-la-selection-francaise-pour-glasgow\/","name":"Mondiaux Cyclisme 2023 : Alaphilippe, Laporte, Coquard, la s\u00e9lection fran\u00e7aise pour Glasgow","isPartOf":{"@id":"https:\/\/dicodusport.fr\/blog\/#website"},"primaryImageOfPage":{"@id":"https:\/\/dicodusport.fr\/blog\/mondiaux-cyclisme-2023-alaphilippe-laporte-coquard-la-selection-francaise-pour-glasgow\/#primaryimage"},"image":{"@id":"https:\/\/dicodusport.fr\/blog\/mondiaux-cyclisme-2023-alaphilippe-laporte-coquard-la-selection-francaise-pour-glasgow\/#primaryimage"},"thumbnailUrl":"https:\/\/dicodusport.fr\/blog\/wp-content\/uploads\/2023\/07\/Mondiaux-Cyclisme-2023-Alaphilippe-Laporte-Coquard-la-selection-francaise-pour-Glasgow.png","datePublished":"2023-07-23T14:07:06+00:00","dateModified":"2023-07-31T13:05:31+00:00","description":"CHAMPIONNATS DU MONDE CYCLISME 2023 - Thomas Voeckler, s\u00e9lectionneur de l'\u00e9quipe de France, a d\u00e9voil\u00e9 les 8 coureurs s\u00e9lectionn\u00e9s.","breadcrumb":{"@id":"https:\/\/dicodusport.fr\/blog\/mondiaux-cyclisme-2023-alaphilippe-laporte-coquard-la-selection-francaise-pour-glasgow\/#breadcrumb"},"inLanguage":"fr-FR","potentialAction":[{"@type":"ReadAction","target":["https:\/\/dicodusport.fr\/blog\/mondiaux-cyclisme-2023-alaphilippe-laporte-coquard-la-selection-francaise-pour-glasgow\/"]}]},{"@type":"ImageObject","inLanguage":"fr-FR","@id":"https:\/\/dicodusport.fr\/blog\/mondiaux-cyclisme-2023-alaphilippe-laporte-coquard-la-selection-francaise-pour-glasgow\/#primaryimage","url":"https:\/\/dicodusport.fr\/blog\/wp-content\/uploads\/2023\/07\/Mondiaux-Cyclisme-2023-Alaphilippe-Laporte-Coquard-la-selection-francaise-pour-Glasgow.png","contentUrl":"https:\/\/dicodusport.fr\/blog\/wp-content\/uploads\/2023\/07\/Mondiaux-Cyclisme-2023-Alaphilippe-Laporte-Coquard-la-selection-francaise-pour-Glasgow.png","width":800,"height":445,"caption":"Mondiaux Cyclisme 2023 Alaphilippe, Laporte, Coquard, la s\u00e9lection fran\u00e7aise pour Glasgow"},{"@type":"BreadcrumbList","@id":"https:\/\/dicodusport.fr\/blog\/mondiaux-cyclisme-2023-alaphilippe-laporte-coquard-la-selection-francaise-pour-glasgow\/#breadcrumb","itemListElement":[{"@type":"ListItem","position":1,"name":"Accueil","item":"https:\/\/dicodusport.fr\/blog\/"},{"@type":"ListItem","position":2,"name":"Mondiaux Cyclisme 2023 : Alaphilippe, Laporte, Coquard, la s\u00e9lection fran\u00e7aise pour Glasgow"}]},{"@type":"WebSite","@id":"https:\/\/dicodusport.fr\/blog\/#website","url":"https:\/\/dicodusport.fr\/blog\/","name":"Dicodusport","description":"L&#039;encyclop\u00e9die de l&#039;actualit\u00e9 sportive","publisher":{"@id":"https:\/\/dicodusport.fr\/blog\/#organization"},"potentialAction":[{"@type":"SearchAction","target":{"@type":"EntryPoint","urlTemplate":"https:\/\/dicodusport.fr\/blog\/?s={search_term_string}"},"query-input":{"@type":"PropertyValueSpecification","valueRequired":true,"valueName":"search_term_string"}}],"inLanguage":"fr-FR"},{"@type":"NewsMediaOrganization","@id":"https:\/\/dicodusport.fr\/blog\/#organization","name":"Dicodusport","url":"https:\/\/dicodusport.fr\/blog\/","logo":{"@type":"ImageObject","inLanguage":"fr-FR","@id":"https:\/\/dicodusport.fr\/blog\/#\/schema\/logo\/image\/","url":"https:\/\/dicodusport.fr\/blog\/wp-content\/uploads\/2020\/06\/cropped-LOGO-DICODUSPORT-2020-SANS-FOND-SANS-TEXTE.png","contentUrl":"https:\/\/dicodusport.fr\/blog\/wp-content\/uploads\/2020\/06\/cropped-LOGO-DICODUSPORT-2020-SANS-FOND-SANS-TEXTE.png","width":512,"height":512,"caption":"Dicodusport"},"image":{"@id":"https:\/\/dicodusport.fr\/blog\/#\/schema\/logo\/image\/"},"sameAs":["https:\/\/www.facebook.com\/dicodusport","https:\/\/x.com\/dicodusport","https:\/\/www.instagram.com\/dicodusport\/","https:\/\/www.youtube.com\/channel\/UC7V2KZ5sd3htJivAbA4ZG3w"],"description":"Dicodusport est l'encyclop\u00e9die de l'actualit\u00e9 sportive.","email":"bonjour@dicodusport.fr","legalName":"DICODUSPORT","foundingDate":"2018-01-14","vatID":"FR71834470973","taxID":"83447097300043","numberOfEmployees":{"@type":"QuantitativeValue","minValue":"1","maxValue":"10"}},{"@type":"Person","@id":"https:\/\/dicodusport.fr\/blog\/#\/schema\/person\/cb02af4c173ce4a653b55e9baf388d4a","name":"Flo Ostermann","image":{"@type":"ImageObject","inLanguage":"fr-FR","@id":"https:\/\/dicodusport.fr\/blog\/#\/schema\/person\/image\/","url":"https:\/\/dicodusport.fr\/blog\/wp-content\/uploads\/2021\/05\/Flo-Ostermann-150x150.jpg","contentUrl":"https:\/\/dicodusport.fr\/blog\/wp-content\/uploads\/2021\/05\/Flo-Ostermann-150x150.jpg","caption":"Flo Ostermann"},"description":"Journaliste\/R\u00e9dacteur depuis septembre 2015 - Mes premiers souvenirs dans le sport ? Les envol\u00e9es du Stade Toulousain et les duels Villeneuve-Schumacher et H\u00e4kkinen-Schumacher \u00e0 la fin des ann\u00e9es 90, la Coupe du monde de football en 1998, l\u2019exploit du XV de France face aux All Blacks en 1999, mais aussi Richard C\u0153ur de Lion qui vole sur les montagnes du Tour de France. Bien parti pour devenir professeur d\u2019EPS, les \u00e9v\u00e9nements de la vie (et la flemme d\u2019animer des s\u00e9ances de 3x500 m\u00e8tres toute ma vie) m\u2019ont conduit \u00e0 revoir mes plans. Me voil\u00e0 depuis fin 2017 sur Dicodusport, m\u00e9dia gr\u00e2ce (et pour) lequel je partage ma passion : le sport dans tous ses \u00e9tats. Le tout accompagn\u00e9 par les fous furieux et folles furieuses cit\u00e9s sur cette page !","sameAs":["https:\/\/www.facebook.com\/florent.ostermann","https:\/\/x.com\/https:\/\/twitter.com\/FlOstermann","admin"],"url":"https:\/\/dicodusport.fr\/blog\/author\/flo\/"}]}},"_links":{"self":[{"href":"https:\/\/dicodusport.fr\/blog\/wp-json\/wp\/v2\/posts\/402478","targetHints":{"allow":["GET"]}}],"collection":[{"href":"https:\/\/dicodusport.fr\/blog\/wp-json\/wp\/v2\/posts"}],"about":[{"href":"https:\/\/dicodusport.fr\/blog\/wp-json\/wp\/v2\/types\/post"}],"author":[{"embeddable":true,"href":"https:\/\/dicodusport.fr\/blog\/wp-json\/wp\/v2\/users\/4"}],"replies":[{"embeddable":true,"href":"https:\/\/dicodusport.fr\/blog\/wp-json\/wp\/v2\/comments?post=402478"}],"version-history":[{"count":0,"href":"https:\/\/dicodusport.fr\/blog\/wp-json\/wp\/v2\/posts\/402478\/revisions"}],"wp:featuredmedia":[{"embeddable":true,"href":"https:\/\/dicodusport.fr\/blog\/wp-json\/wp\/v2\/media\/402481"}],"wp:attachment":[{"href":"https:\/\/dicodusport.fr\/blog\/wp-json\/wp\/v2\/media?parent=402478"}],"wp:term":[{"taxonomy":"category","embeddable":true,"href":"https:\/\/dicodusport.fr\/blog\/wp-json\/wp\/v2\/categories?post=402478"},{"taxonomy":"post_tag","embeddable":true,"href":"https:\/\/dicodusport.fr\/blog\/wp-json\/wp\/v2\/tags?post=402478"}],"curies":[{"name":"wp","href":"https:\/\/api.w.org\/{rel}","templated":true}]}}