{"id":402662,"date":"2023-07-24T01:03:24","date_gmt":"2023-07-23T23:03:24","guid":{"rendered":"https:\/\/dicodusport.fr\/blog\/?p=402662&#038;preview=true&#038;preview_id=402662"},"modified":"2023-07-24T01:55:03","modified_gmt":"2023-07-23T23:55:03","slug":"atp-challenger-2023-hugo-grenier-de-nouveau-sacre-en-espagne","status":"publish","type":"post","link":"https:\/\/dicodusport.fr\/blog\/atp-challenger-2023-hugo-grenier-de-nouveau-sacre-en-espagne\/","title":{"rendered":"ATP Challenger 2023 : Hugo Grenier de nouveau sacr\u00e9 en Espagne !"},"content":{"rendered":"<p align=\"justify\"><em><strong><a href=\"https:\/\/dicodusport.fr\/blog\/?s=atp+challenger+2023\">ATP CHALLENGER 2023<\/a> &#8211; Hugo Grenier est d\u00e9cid\u00e9ment imbattable sur le dur espagnol. Apr\u00e8s son titre \u00e0 Segovie l&rsquo;ann\u00e9e derni\u00e8re et <a href=\"https:\/\/dicodusport.fr\/blog\/atp-challenger-2023-hugo-grenier-arrache-au-forceps-le-titre-en-espagne\/\">\u00e0 Las Franquesas en d\u00e9but d&rsquo;ann\u00e9e<\/a>, le Fran\u00e7ais s&rsquo;est offert un troisi\u00e8me sacre, cette fois \u00e0 Pozoblanco. Il a eu besoin de 3 heures 15 pour se d\u00e9barrasser de l&rsquo;Argentin Ficovich en finale, 6-7 6-2 7-6. Un cinqui\u00e8me titre en carri\u00e8re qui lui permet de se rapprocher d&rsquo;un retour dans le Top 100.<\/strong><\/em><\/p>\n<p align=\"justify\">En 2023, <strong>Hugo Grenier<\/strong> a remport\u00e9 22 matchs. 15 d&rsquo;entre eux \u00e9taient sur des tournois espagnols. Le natif de Montbrison appr\u00e9cie particuli\u00e8rement ces conditions chaudes, qui mettent en valeur son jeu. <strong>Le retour sur sa surface pr\u00e9f\u00e9r\u00e9e &#8211; le dur ext\u00e9rieur &#8211; lui a aussi fait beaucoup de bien<\/strong> apr\u00e8s des mois compliqu\u00e9s sur terre battue et gazon. Sur ce Challenger de Pozoblanco, Grenier s&rsquo;est donc tout de suite senti \u00e0 son aise.<\/p>\n<p align=\"justify\">Cette semaine, il a pu mettre en route <strong>sa principale arme : son service<\/strong>. Avec 9 aces de moyenne et plus de 80% de r\u00e9ussite derri\u00e8re sa premi\u00e8re balle, il a \u00e9t\u00e9 ma\u00eetre de ses jeux de service. C&rsquo;est d&rsquo;ailleurs ce qui a mis en difficult\u00e9 son adversaire du jour en finale, le terrien argentin Juan Pablo Ficovich, qui n&rsquo;a pas du tout r\u00e9ussi \u00e0 retourner les premi\u00e8res balles du Fran\u00e7ais. Pour autant, Grenier n&rsquo;a pas r\u00e9ussi \u00e0 vraiment capitaliser dessus, en perdant notamment le tie-break du premier set b\u00eatement. Il a en fait<strong> manqu\u00e9 d&rsquo;engagement dans son jeu jusqu&rsquo;\u00e0 la fin du match<\/strong>, o\u00f9 il a v\u00e9ritablement l\u00e2ch\u00e9 ses coups.<\/p>\n<h2 align=\"justify\">Un troisi\u00e8me titre de bonne augure pour la suite de la saison<\/h2>\n<p align=\"justify\">Un rel\u00e2chement qui a \u00e9t\u00e9 fatal \u00e0 son adversaire argentin, qui s&rsquo;est inclin\u00e9 au tie-break final. <strong>Grenier remporte ainsi<\/strong> <strong>son troisi\u00e8me titre de Challenger en un an<\/strong>. \u00c9tant donn\u00e9 la cat\u00e9gorie modeste du tournoi (Challenger 175), il n&rsquo;a gratt\u00e9 que treize places au classement mondial avec son titre. Il sera en effet 122\u00e8me mondial demain. Et va encha\u00eener sur deux tournois plus relev\u00e9s : <a href=\"https:\/\/dicodusport.fr\/blog\/atp-challenger-2022-hugo-grenier-soffre-un-titre-en-stoppant-la-serie-de-constant-lestienne\/\">\u00e0 S\u00e9govie o\u00f9 il doit d\u00e9fendre son titre<\/a> (Challenger 100), et \u00e0 Porto (Challenger 125). Le tout avant de s&rsquo;envoler vers le continent nord-am\u00e9ricain, o\u00f9 il devrait l\u00e0-aussi trouver des conditions parfaites pour son jeu. <strong>Un retour dans le top 100 d&rsquo;ici la fin de l&rsquo;ann\u00e9e n&rsquo;est donc pas impossible.<\/strong><\/p>\n<blockquote class=\"twitter-tweet\">\n<p dir=\"ltr\" lang=\"fr\">[<a href=\"https:\/\/twitter.com\/hashtag\/ATPChallenger?src=hash&amp;ref_src=twsrc%5Etfw\">#ATPChallenger<\/a>] Hugo <a href=\"https:\/\/twitter.com\/hashtag\/Grenier?src=hash&amp;ref_src=twsrc%5Etfw\">#Grenier<\/a> (n\u00b0135) \ud83c\uddeb\ud83c\uddf7 s&rsquo;impose \u00e0 <a href=\"https:\/\/twitter.com\/hashtag\/Pozoblanco?src=hash&amp;ref_src=twsrc%5Etfw\">#Pozoblanco<\/a> (Espagne, Challenger 75, dur ext\u00e9rieur) ! T\u00eate de s\u00e9rie n\u00b01, il a battu Juan Pablo <a href=\"https:\/\/twitter.com\/hashtag\/Ficovich?src=hash&amp;ref_src=twsrc%5Etfw\">#Ficovich<\/a> (n\u00b0362) \ud83c\udde6\ud83c\uddf7 en trois sets 6-7 (4), 6-2, 7-6 (3). \u00c0 27 ans, c&rsquo;est son 5\u00e8me troph\u00e9e \ud83c\udfc6 en Challenger.<\/p>\n<p>\ud83d\udcf8 : <a href=\"https:\/\/twitter.com\/PozoblancoOpen?ref_src=twsrc%5Etfw\">@PozoblancoOpen<\/a> <a href=\"https:\/\/t.co\/qKmxtzsODi\">pic.twitter.com\/qKmxtzsODi<\/a><\/p>\n<p>\u2014 Jeu, Set Et Match (@jeu_set_etmatch) <a href=\"https:\/\/twitter.com\/jeu_set_etmatch\/status\/1683251752479383555?ref_src=twsrc%5Etfw\">July 23, 2023<\/a><\/p><\/blockquote>\n<p><script async src=\"https:\/\/platform.twitter.com\/widgets.js\" charset=\"utf-8\"><\/script><\/p>\n","protected":false},"excerpt":{"rendered":"<p>ATP CHALLENGER 2023 &#8211; Hugo Grenier est d\u00e9cid\u00e9ment imbattable sur le dur espagnol. Apr\u00e8s son titre \u00e0 Segovie l&rsquo;ann\u00e9e derni\u00e8re et \u00e0 Las Franquesas en d\u00e9but d&rsquo;ann\u00e9e, le Fran\u00e7ais s&rsquo;est offert un troisi\u00e8me sacre, cette fois \u00e0 Pozoblanco. Il a eu besoin de 3 heures 15 pour se d\u00e9barrasser de l&rsquo;Argentin Ficovich en finale, 6-7 [&hellip;]<\/p>\n","protected":false},"author":13,"featured_media":402683,"comment_status":"open","ping_status":"closed","sticky":false,"template":"","format":"standard","meta":{"_acf_changed":false,"_daextam_enable_autolinks":"","footnotes":""},"categories":[2302],"tags":[16878,18563,13365],"class_list":["post-402662","post","type-post","status-publish","format-standard","has-post-thumbnail","hentry","category-tennis","tag-breve","tag-francais-tennis","tag-hugo-grenier"],"acf":[],"yoast_head":"<!-- This site is optimized with the Yoast SEO Premium plugin v26.7 (Yoast SEO v26.7) - https:\/\/yoast.com\/wordpress\/plugins\/seo\/ -->\n<title>ATP Challenger 2023 : Hugo Grenier de nouveau sacr\u00e9 en Espagne !<\/title>\n<meta name=\"description\" content=\"Hugo Grenier s&#039;est offert un 3\u00e8me titre sur le dur espagnol en un an. Il a remport\u00e9 le Challenger de Pozoblanco et se rapproche du Top 100.\" \/>\n<meta name=\"robots\" content=\"index, follow, max-snippet:-1, max-image-preview:large, max-video-preview:-1\" \/>\n<link rel=\"canonical\" href=\"https:\/\/dicodusport.fr\/blog\/atp-challenger-2023-hugo-grenier-de-nouveau-sacre-en-espagne\/\" \/>\n<meta property=\"og:locale\" content=\"fr_FR\" \/>\n<meta property=\"og:type\" content=\"article\" \/>\n<meta property=\"og:title\" content=\"ATP Challenger 2023 : Hugo Grenier de nouveau sacr\u00e9 en Espagne !\" \/>\n<meta property=\"og:description\" content=\"Hugo Grenier s&#039;est offert un 3\u00e8me titre sur le dur espagnol en un an. Il a remport\u00e9 le Challenger de Pozoblanco et se rapproche du Top 100.\" \/>\n<meta property=\"og:url\" content=\"https:\/\/dicodusport.fr\/blog\/atp-challenger-2023-hugo-grenier-de-nouveau-sacre-en-espagne\/\" \/>\n<meta property=\"og:site_name\" content=\"Dicodusport\" \/>\n<meta property=\"article:publisher\" content=\"https:\/\/www.facebook.com\/dicodusport\" \/>\n<meta property=\"article:published_time\" content=\"2023-07-23T23:03:24+00:00\" \/>\n<meta property=\"article:modified_time\" content=\"2023-07-23T23:55:03+00:00\" \/>\n<meta property=\"og:image\" content=\"https:\/\/dicodusport.fr\/blog\/wp-content\/uploads\/2023\/07\/atp-challenger-2023-hugo-grenier-de-nouveau-sacre-en-espagne.png\" \/>\n\t<meta property=\"og:image:width\" content=\"800\" \/>\n\t<meta property=\"og:image:height\" content=\"445\" \/>\n\t<meta property=\"og:image:type\" content=\"image\/png\" \/>\n<meta name=\"author\" content=\"Tom Compayrot\" \/>\n<meta name=\"twitter:card\" content=\"summary_large_image\" \/>\n<meta name=\"twitter:title\" content=\"ATP Challenger 2023 : Hugo Grenier de nouveau sacr\u00e9 en Espagne !\" \/>\n<meta name=\"twitter:creator\" content=\"@https:\/\/twitter.com\/Tom_Cprt\" \/>\n<meta name=\"twitter:site\" content=\"@dicodusport\" \/>\n<script type=\"application\/ld+json\" class=\"yoast-schema-graph\">{\"@context\":\"https:\/\/schema.org\",\"@graph\":[{\"@type\":\"NewsArticle\",\"@id\":\"https:\/\/dicodusport.fr\/blog\/atp-challenger-2023-hugo-grenier-de-nouveau-sacre-en-espagne\/#article\",\"isPartOf\":{\"@id\":\"https:\/\/dicodusport.fr\/blog\/atp-challenger-2023-hugo-grenier-de-nouveau-sacre-en-espagne\/\"},\"author\":{\"name\":\"Tom Compayrot\",\"@id\":\"https:\/\/dicodusport.fr\/blog\/#\/schema\/person\/bf1e4f404e108bd2be5b447b16bde9a7\"},\"headline\":\"ATP Challenger 2023 : Hugo Grenier de nouveau sacr\u00e9 en Espagne !\",\"datePublished\":\"2023-07-23T23:03:24+00:00\",\"dateModified\":\"2023-07-23T23:55:03+00:00\",\"mainEntityOfPage\":{\"@id\":\"https:\/\/dicodusport.fr\/blog\/atp-challenger-2023-hugo-grenier-de-nouveau-sacre-en-espagne\/\"},\"wordCount\":482,\"commentCount\":0,\"publisher\":{\"@id\":\"https:\/\/dicodusport.fr\/blog\/#organization\"},\"image\":{\"@id\":\"https:\/\/dicodusport.fr\/blog\/atp-challenger-2023-hugo-grenier-de-nouveau-sacre-en-espagne\/#primaryimage\"},\"thumbnailUrl\":\"https:\/\/dicodusport.fr\/blog\/wp-content\/uploads\/2023\/07\/atp-challenger-2023-hugo-grenier-de-nouveau-sacre-en-espagne.png\",\"keywords\":[\"br\u00e8ve\",\"fran\u00e7ais tennis\",\"Hugo Grenier\"],\"articleSection\":[\"Tennis\"],\"inLanguage\":\"fr-FR\",\"potentialAction\":[{\"@type\":\"CommentAction\",\"name\":\"Comment\",\"target\":[\"https:\/\/dicodusport.fr\/blog\/atp-challenger-2023-hugo-grenier-de-nouveau-sacre-en-espagne\/#respond\"]}],\"copyrightYear\":\"2023\",\"copyrightHolder\":{\"@id\":\"https:\/\/dicodusport.fr\/blog\/#organization\"}},{\"@type\":\"WebPage\",\"@id\":\"https:\/\/dicodusport.fr\/blog\/atp-challenger-2023-hugo-grenier-de-nouveau-sacre-en-espagne\/\",\"url\":\"https:\/\/dicodusport.fr\/blog\/atp-challenger-2023-hugo-grenier-de-nouveau-sacre-en-espagne\/\",\"name\":\"ATP Challenger 2023 : Hugo Grenier de nouveau sacr\u00e9 en Espagne !\",\"isPartOf\":{\"@id\":\"https:\/\/dicodusport.fr\/blog\/#website\"},\"primaryImageOfPage\":{\"@id\":\"https:\/\/dicodusport.fr\/blog\/atp-challenger-2023-hugo-grenier-de-nouveau-sacre-en-espagne\/#primaryimage\"},\"image\":{\"@id\":\"https:\/\/dicodusport.fr\/blog\/atp-challenger-2023-hugo-grenier-de-nouveau-sacre-en-espagne\/#primaryimage\"},\"thumbnailUrl\":\"https:\/\/dicodusport.fr\/blog\/wp-content\/uploads\/2023\/07\/atp-challenger-2023-hugo-grenier-de-nouveau-sacre-en-espagne.png\",\"datePublished\":\"2023-07-23T23:03:24+00:00\",\"dateModified\":\"2023-07-23T23:55:03+00:00\",\"description\":\"Hugo Grenier s'est offert un 3\u00e8me titre sur le dur espagnol en un an. Il a remport\u00e9 le Challenger de Pozoblanco et se rapproche du Top 100.\",\"breadcrumb\":{\"@id\":\"https:\/\/dicodusport.fr\/blog\/atp-challenger-2023-hugo-grenier-de-nouveau-sacre-en-espagne\/#breadcrumb\"},\"inLanguage\":\"fr-FR\",\"potentialAction\":[{\"@type\":\"ReadAction\",\"target\":[\"https:\/\/dicodusport.fr\/blog\/atp-challenger-2023-hugo-grenier-de-nouveau-sacre-en-espagne\/\"]}]},{\"@type\":\"ImageObject\",\"inLanguage\":\"fr-FR\",\"@id\":\"https:\/\/dicodusport.fr\/blog\/atp-challenger-2023-hugo-grenier-de-nouveau-sacre-en-espagne\/#primaryimage\",\"url\":\"https:\/\/dicodusport.fr\/blog\/wp-content\/uploads\/2023\/07\/atp-challenger-2023-hugo-grenier-de-nouveau-sacre-en-espagne.png\",\"contentUrl\":\"https:\/\/dicodusport.fr\/blog\/wp-content\/uploads\/2023\/07\/atp-challenger-2023-hugo-grenier-de-nouveau-sacre-en-espagne.png\",\"width\":800,\"height\":445},{\"@type\":\"BreadcrumbList\",\"@id\":\"https:\/\/dicodusport.fr\/blog\/atp-challenger-2023-hugo-grenier-de-nouveau-sacre-en-espagne\/#breadcrumb\",\"itemListElement\":[{\"@type\":\"ListItem\",\"position\":1,\"name\":\"Accueil\",\"item\":\"https:\/\/dicodusport.fr\/blog\/\"},{\"@type\":\"ListItem\",\"position\":2,\"name\":\"ATP Challenger 2023 : Hugo Grenier de nouveau sacr\u00e9 en Espagne !\"}]},{\"@type\":\"WebSite\",\"@id\":\"https:\/\/dicodusport.fr\/blog\/#website\",\"url\":\"https:\/\/dicodusport.fr\/blog\/\",\"name\":\"Dicodusport\",\"description\":\"L&#039;encyclop\u00e9die de l&#039;actualit\u00e9 sportive\",\"publisher\":{\"@id\":\"https:\/\/dicodusport.fr\/blog\/#organization\"},\"potentialAction\":[{\"@type\":\"SearchAction\",\"target\":{\"@type\":\"EntryPoint\",\"urlTemplate\":\"https:\/\/dicodusport.fr\/blog\/?s={search_term_string}\"},\"query-input\":{\"@type\":\"PropertyValueSpecification\",\"valueRequired\":true,\"valueName\":\"search_term_string\"}}],\"inLanguage\":\"fr-FR\"},{\"@type\":\"NewsMediaOrganization\",\"@id\":\"https:\/\/dicodusport.fr\/blog\/#organization\",\"name\":\"Dicodusport\",\"url\":\"https:\/\/dicodusport.fr\/blog\/\",\"logo\":{\"@type\":\"ImageObject\",\"inLanguage\":\"fr-FR\",\"@id\":\"https:\/\/dicodusport.fr\/blog\/#\/schema\/logo\/image\/\",\"url\":\"https:\/\/dicodusport.fr\/blog\/wp-content\/uploads\/2020\/06\/cropped-LOGO-DICODUSPORT-2020-SANS-FOND-SANS-TEXTE.png\",\"contentUrl\":\"https:\/\/dicodusport.fr\/blog\/wp-content\/uploads\/2020\/06\/cropped-LOGO-DICODUSPORT-2020-SANS-FOND-SANS-TEXTE.png\",\"width\":512,\"height\":512,\"caption\":\"Dicodusport\"},\"image\":{\"@id\":\"https:\/\/dicodusport.fr\/blog\/#\/schema\/logo\/image\/\"},\"sameAs\":[\"https:\/\/www.facebook.com\/dicodusport\",\"https:\/\/x.com\/dicodusport\",\"https:\/\/www.instagram.com\/dicodusport\/\",\"https:\/\/www.youtube.com\/channel\/UC7V2KZ5sd3htJivAbA4ZG3w\"],\"description\":\"Dicodusport est l'encyclop\u00e9die de l'actualit\u00e9 sportive.\",\"email\":\"bonjour@dicodusport.fr\",\"legalName\":\"DICODUSPORT\",\"foundingDate\":\"2018-01-14\",\"vatID\":\"FR71834470973\",\"taxID\":\"83447097300043\",\"numberOfEmployees\":{\"@type\":\"QuantitativeValue\",\"minValue\":\"1\",\"maxValue\":\"10\"}},{\"@type\":\"Person\",\"@id\":\"https:\/\/dicodusport.fr\/blog\/#\/schema\/person\/bf1e4f404e108bd2be5b447b16bde9a7\",\"name\":\"Tom Compayrot\",\"image\":{\"@type\":\"ImageObject\",\"inLanguage\":\"fr-FR\",\"@id\":\"https:\/\/dicodusport.fr\/blog\/#\/schema\/person\/image\/\",\"url\":\"https:\/\/dicodusport.fr\/blog\/wp-content\/uploads\/2021\/05\/Tom-Compayrot-150x150.jpg\",\"contentUrl\":\"https:\/\/dicodusport.fr\/blog\/wp-content\/uploads\/2021\/05\/Tom-Compayrot-150x150.jpg\",\"caption\":\"Tom Compayrot\"},\"description\":\"Journaliste\/r\u00e9dacteur depuis mars 2017 - Amoureux de la petite balle jaune et du gros ballon orange qui tra\u00eene sa carcasse sur Dicodusport depuis 2017. Rafael Nadal et LeBron James sont les meilleurs joueurs de l'histoire.\",\"sameAs\":[\"https:\/\/x.com\/https:\/\/twitter.com\/Tom_Cprt\"],\"url\":\"https:\/\/dicodusport.fr\/blog\/author\/tom\/\"}]}<\/script>\n<!-- \/ Yoast SEO Premium plugin. -->","yoast_head_json":{"title":"ATP Challenger 2023 : Hugo Grenier de nouveau sacr\u00e9 en Espagne !","description":"Hugo Grenier s'est offert un 3\u00e8me titre sur le dur espagnol en un an. Il a remport\u00e9 le Challenger de Pozoblanco et se rapproche du Top 100.","robots":{"index":"index","follow":"follow","max-snippet":"max-snippet:-1","max-image-preview":"max-image-preview:large","max-video-preview":"max-video-preview:-1"},"canonical":"https:\/\/dicodusport.fr\/blog\/atp-challenger-2023-hugo-grenier-de-nouveau-sacre-en-espagne\/","og_locale":"fr_FR","og_type":"article","og_title":"ATP Challenger 2023 : Hugo Grenier de nouveau sacr\u00e9 en Espagne !","og_description":"Hugo Grenier s'est offert un 3\u00e8me titre sur le dur espagnol en un an. Il a remport\u00e9 le Challenger de Pozoblanco et se rapproche du Top 100.","og_url":"https:\/\/dicodusport.fr\/blog\/atp-challenger-2023-hugo-grenier-de-nouveau-sacre-en-espagne\/","og_site_name":"Dicodusport","article_publisher":"https:\/\/www.facebook.com\/dicodusport","article_published_time":"2023-07-23T23:03:24+00:00","article_modified_time":"2023-07-23T23:55:03+00:00","og_image":[{"width":800,"height":445,"url":"https:\/\/dicodusport.fr\/blog\/wp-content\/uploads\/2023\/07\/atp-challenger-2023-hugo-grenier-de-nouveau-sacre-en-espagne.png","type":"image\/png"}],"author":"Tom Compayrot","twitter_card":"summary_large_image","twitter_title":"ATP Challenger 2023 : Hugo Grenier de nouveau sacr\u00e9 en Espagne !","twitter_creator":"@https:\/\/twitter.com\/Tom_Cprt","twitter_site":"@dicodusport","schema":{"@context":"https:\/\/schema.org","@graph":[{"@type":"NewsArticle","@id":"https:\/\/dicodusport.fr\/blog\/atp-challenger-2023-hugo-grenier-de-nouveau-sacre-en-espagne\/#article","isPartOf":{"@id":"https:\/\/dicodusport.fr\/blog\/atp-challenger-2023-hugo-grenier-de-nouveau-sacre-en-espagne\/"},"author":{"name":"Tom Compayrot","@id":"https:\/\/dicodusport.fr\/blog\/#\/schema\/person\/bf1e4f404e108bd2be5b447b16bde9a7"},"headline":"ATP Challenger 2023 : Hugo Grenier de nouveau sacr\u00e9 en Espagne !","datePublished":"2023-07-23T23:03:24+00:00","dateModified":"2023-07-23T23:55:03+00:00","mainEntityOfPage":{"@id":"https:\/\/dicodusport.fr\/blog\/atp-challenger-2023-hugo-grenier-de-nouveau-sacre-en-espagne\/"},"wordCount":482,"commentCount":0,"publisher":{"@id":"https:\/\/dicodusport.fr\/blog\/#organization"},"image":{"@id":"https:\/\/dicodusport.fr\/blog\/atp-challenger-2023-hugo-grenier-de-nouveau-sacre-en-espagne\/#primaryimage"},"thumbnailUrl":"https:\/\/dicodusport.fr\/blog\/wp-content\/uploads\/2023\/07\/atp-challenger-2023-hugo-grenier-de-nouveau-sacre-en-espagne.png","keywords":["br\u00e8ve","fran\u00e7ais tennis","Hugo Grenier"],"articleSection":["Tennis"],"inLanguage":"fr-FR","potentialAction":[{"@type":"CommentAction","name":"Comment","target":["https:\/\/dicodusport.fr\/blog\/atp-challenger-2023-hugo-grenier-de-nouveau-sacre-en-espagne\/#respond"]}],"copyrightYear":"2023","copyrightHolder":{"@id":"https:\/\/dicodusport.fr\/blog\/#organization"}},{"@type":"WebPage","@id":"https:\/\/dicodusport.fr\/blog\/atp-challenger-2023-hugo-grenier-de-nouveau-sacre-en-espagne\/","url":"https:\/\/dicodusport.fr\/blog\/atp-challenger-2023-hugo-grenier-de-nouveau-sacre-en-espagne\/","name":"ATP Challenger 2023 : Hugo Grenier de nouveau sacr\u00e9 en Espagne !","isPartOf":{"@id":"https:\/\/dicodusport.fr\/blog\/#website"},"primaryImageOfPage":{"@id":"https:\/\/dicodusport.fr\/blog\/atp-challenger-2023-hugo-grenier-de-nouveau-sacre-en-espagne\/#primaryimage"},"image":{"@id":"https:\/\/dicodusport.fr\/blog\/atp-challenger-2023-hugo-grenier-de-nouveau-sacre-en-espagne\/#primaryimage"},"thumbnailUrl":"https:\/\/dicodusport.fr\/blog\/wp-content\/uploads\/2023\/07\/atp-challenger-2023-hugo-grenier-de-nouveau-sacre-en-espagne.png","datePublished":"2023-07-23T23:03:24+00:00","dateModified":"2023-07-23T23:55:03+00:00","description":"Hugo Grenier s'est offert un 3\u00e8me titre sur le dur espagnol en un an. Il a remport\u00e9 le Challenger de Pozoblanco et se rapproche du Top 100.","breadcrumb":{"@id":"https:\/\/dicodusport.fr\/blog\/atp-challenger-2023-hugo-grenier-de-nouveau-sacre-en-espagne\/#breadcrumb"},"inLanguage":"fr-FR","potentialAction":[{"@type":"ReadAction","target":["https:\/\/dicodusport.fr\/blog\/atp-challenger-2023-hugo-grenier-de-nouveau-sacre-en-espagne\/"]}]},{"@type":"ImageObject","inLanguage":"fr-FR","@id":"https:\/\/dicodusport.fr\/blog\/atp-challenger-2023-hugo-grenier-de-nouveau-sacre-en-espagne\/#primaryimage","url":"https:\/\/dicodusport.fr\/blog\/wp-content\/uploads\/2023\/07\/atp-challenger-2023-hugo-grenier-de-nouveau-sacre-en-espagne.png","contentUrl":"https:\/\/dicodusport.fr\/blog\/wp-content\/uploads\/2023\/07\/atp-challenger-2023-hugo-grenier-de-nouveau-sacre-en-espagne.png","width":800,"height":445},{"@type":"BreadcrumbList","@id":"https:\/\/dicodusport.fr\/blog\/atp-challenger-2023-hugo-grenier-de-nouveau-sacre-en-espagne\/#breadcrumb","itemListElement":[{"@type":"ListItem","position":1,"name":"Accueil","item":"https:\/\/dicodusport.fr\/blog\/"},{"@type":"ListItem","position":2,"name":"ATP Challenger 2023 : Hugo Grenier de nouveau sacr\u00e9 en Espagne !"}]},{"@type":"WebSite","@id":"https:\/\/dicodusport.fr\/blog\/#website","url":"https:\/\/dicodusport.fr\/blog\/","name":"Dicodusport","description":"L&#039;encyclop\u00e9die de l&#039;actualit\u00e9 sportive","publisher":{"@id":"https:\/\/dicodusport.fr\/blog\/#organization"},"potentialAction":[{"@type":"SearchAction","target":{"@type":"EntryPoint","urlTemplate":"https:\/\/dicodusport.fr\/blog\/?s={search_term_string}"},"query-input":{"@type":"PropertyValueSpecification","valueRequired":true,"valueName":"search_term_string"}}],"inLanguage":"fr-FR"},{"@type":"NewsMediaOrganization","@id":"https:\/\/dicodusport.fr\/blog\/#organization","name":"Dicodusport","url":"https:\/\/dicodusport.fr\/blog\/","logo":{"@type":"ImageObject","inLanguage":"fr-FR","@id":"https:\/\/dicodusport.fr\/blog\/#\/schema\/logo\/image\/","url":"https:\/\/dicodusport.fr\/blog\/wp-content\/uploads\/2020\/06\/cropped-LOGO-DICODUSPORT-2020-SANS-FOND-SANS-TEXTE.png","contentUrl":"https:\/\/dicodusport.fr\/blog\/wp-content\/uploads\/2020\/06\/cropped-LOGO-DICODUSPORT-2020-SANS-FOND-SANS-TEXTE.png","width":512,"height":512,"caption":"Dicodusport"},"image":{"@id":"https:\/\/dicodusport.fr\/blog\/#\/schema\/logo\/image\/"},"sameAs":["https:\/\/www.facebook.com\/dicodusport","https:\/\/x.com\/dicodusport","https:\/\/www.instagram.com\/dicodusport\/","https:\/\/www.youtube.com\/channel\/UC7V2KZ5sd3htJivAbA4ZG3w"],"description":"Dicodusport est l'encyclop\u00e9die de l'actualit\u00e9 sportive.","email":"bonjour@dicodusport.fr","legalName":"DICODUSPORT","foundingDate":"2018-01-14","vatID":"FR71834470973","taxID":"83447097300043","numberOfEmployees":{"@type":"QuantitativeValue","minValue":"1","maxValue":"10"}},{"@type":"Person","@id":"https:\/\/dicodusport.fr\/blog\/#\/schema\/person\/bf1e4f404e108bd2be5b447b16bde9a7","name":"Tom Compayrot","image":{"@type":"ImageObject","inLanguage":"fr-FR","@id":"https:\/\/dicodusport.fr\/blog\/#\/schema\/person\/image\/","url":"https:\/\/dicodusport.fr\/blog\/wp-content\/uploads\/2021\/05\/Tom-Compayrot-150x150.jpg","contentUrl":"https:\/\/dicodusport.fr\/blog\/wp-content\/uploads\/2021\/05\/Tom-Compayrot-150x150.jpg","caption":"Tom Compayrot"},"description":"Journaliste\/r\u00e9dacteur depuis mars 2017 - Amoureux de la petite balle jaune et du gros ballon orange qui tra\u00eene sa carcasse sur Dicodusport depuis 2017. Rafael Nadal et LeBron James sont les meilleurs joueurs de l'histoire.","sameAs":["https:\/\/x.com\/https:\/\/twitter.com\/Tom_Cprt"],"url":"https:\/\/dicodusport.fr\/blog\/author\/tom\/"}]}},"_links":{"self":[{"href":"https:\/\/dicodusport.fr\/blog\/wp-json\/wp\/v2\/posts\/402662","targetHints":{"allow":["GET"]}}],"collection":[{"href":"https:\/\/dicodusport.fr\/blog\/wp-json\/wp\/v2\/posts"}],"about":[{"href":"https:\/\/dicodusport.fr\/blog\/wp-json\/wp\/v2\/types\/post"}],"author":[{"embeddable":true,"href":"https:\/\/dicodusport.fr\/blog\/wp-json\/wp\/v2\/users\/13"}],"replies":[{"embeddable":true,"href":"https:\/\/dicodusport.fr\/blog\/wp-json\/wp\/v2\/comments?post=402662"}],"version-history":[{"count":0,"href":"https:\/\/dicodusport.fr\/blog\/wp-json\/wp\/v2\/posts\/402662\/revisions"}],"wp:featuredmedia":[{"embeddable":true,"href":"https:\/\/dicodusport.fr\/blog\/wp-json\/wp\/v2\/media\/402683"}],"wp:attachment":[{"href":"https:\/\/dicodusport.fr\/blog\/wp-json\/wp\/v2\/media?parent=402662"}],"wp:term":[{"taxonomy":"category","embeddable":true,"href":"https:\/\/dicodusport.fr\/blog\/wp-json\/wp\/v2\/categories?post=402662"},{"taxonomy":"post_tag","embeddable":true,"href":"https:\/\/dicodusport.fr\/blog\/wp-json\/wp\/v2\/tags?post=402662"}],"curies":[{"name":"wp","href":"https:\/\/api.w.org\/{rel}","templated":true}]}}