{"id":402733,"date":"2023-07-24T16:20:05","date_gmt":"2023-07-24T14:20:05","guid":{"rendered":"https:\/\/dicodusport.fr\/blog\/?p=402733&#038;preview=true&#038;preview_id=402733"},"modified":"2023-07-24T16:59:00","modified_gmt":"2023-07-24T14:59:00","slug":"tour-de-france-2023-le-carnet-de-notes-des-equipes","status":"publish","type":"post","link":"https:\/\/dicodusport.fr\/blog\/tour-de-france-2023-le-carnet-de-notes-des-equipes\/","title":{"rendered":"Tour de France 2023 : Le carnet de notes des \u00e9quipes"},"content":{"rendered":"<p align=\"justify\"><em><strong><a href=\"https:\/\/dicodusport.fr\/blog\/actualites\/cyclisme\/cyclisme-sur-route-2023\/tour-de-france-2023\/\">TOUR DE FRANCE 2023<\/a> &#8211; Retrouvez le carnet de notes de toutes les \u00e9quipes ayant particip\u00e9 \u00e0 cette \u00e9dition 2023 de la Grande Boucle.<\/strong><\/em><\/p>\n<h2 style=\"text-align: justify;\" align=\"justify\">Alpecin-Deceuninck : 18\/20<\/h2>\n<p align=\"justify\"><strong>Le + : Jasper Philipsen<\/strong> est venu sur le Tour de France avec deux objectifs : gagner des \u00e9tapes et remporter le maillot vert. Il repart de cette Grande Boucle avec 4 victoires d&rsquo;\u00e9tape, deux deuxi\u00e8me place et un maillot vert limite pli\u00e9 apr\u00e8s 10 jours de course. La domination de cette \u00e9quipe a \u00e9t\u00e9 ind\u00e9cente dans les emballages. Avec un <strong>Mathieu van der Poel<\/strong> extraordinaire dans le r\u00f4le de lanceur. Ils ont rempli 99 % de leurs objectifs. Et terminent le Tour avec le statut d&rsquo;\u00e9quipe qui a le plus scor\u00e9. Et le train le plus performant.<\/p>\n<p align=\"justify\"><strong>Le &#8211; :<\/strong> <strong>Mathieu van der Poel<\/strong> n&rsquo;a jamais \u00e9t\u00e9 en mesure de remporter une \u00e9tape et reste sur deux \u00e9ditions en-dedans. M\u00eame si son r\u00f4le au sein de son \u00e9quipe a \u00e9t\u00e9 indispensable. On n&rsquo;a pas vraiment vu<strong>\u00a0Quinten Hermans<\/strong> et <strong>Soren Kragh Andersen <\/strong>\u00e0 leur avantage, qui auraient pu gagner des \u00e9tapes.<\/p>\n<div class=\"vlp-link-container vlp-layout-article\"><a href=\"https:\/\/dicodusport.fr\/blog\/tour-de-france-2023-quadruple-de-jasper-philipsen-vainqueur-de-la-11eme-etape\/\" class=\"vlp-link\" title=\"Tour de France 2023 : Quadrupl\u00e9 de Jasper Philipsen, vainqueur de la 11\u00e8me \u00e9tape\"><\/a><div class=\"vlp-layout-zone-side\"><div class=\"vlp-block-4 vlp-link-image\"><img loading=\"lazy\" decoding=\"async\" style=\"max-width: 800px;\" width=\"800\" height=\"445\" src=\"https:\/\/dicodusport.fr\/blog\/wp-content\/uploads\/2023\/07\/Tour-de-France-2023-Quadruple-de-Jasper-Philipsen-vainqueur-de-la-11eme-etape.png\" class=\"attachment-800x445 size-800x445\" alt=\"Tour de France 2023 Quadrupl\u00e9 de Jasper Philipsen, vainqueur de la 11\u00e8me \u00e9tape\" srcset=\"https:\/\/dicodusport.fr\/blog\/wp-content\/uploads\/2023\/07\/Tour-de-France-2023-Quadruple-de-Jasper-Philipsen-vainqueur-de-la-11eme-etape.png 800w, https:\/\/dicodusport.fr\/blog\/wp-content\/uploads\/2023\/07\/Tour-de-France-2023-Quadruple-de-Jasper-Philipsen-vainqueur-de-la-11eme-etape-300x167.png 300w, https:\/\/dicodusport.fr\/blog\/wp-content\/uploads\/2023\/07\/Tour-de-France-2023-Quadruple-de-Jasper-Philipsen-vainqueur-de-la-11eme-etape-768x427.png 768w\" sizes=\"auto, (max-width: 800px) 100vw, 800px\" \/><\/div><\/div><div class=\"vlp-layout-zone-main\"><div class=\"vlp-block-0 vlp-link-title\">Tour de France 2023 : Quadrupl\u00e9 de Jasper Philipsen, vainqueur de la 11\u00e8me \u00e9tape<\/div><div class=\"vlp-block-1 vlp-link-summary\">TOUR DE FRANCE 2023 \u2013 Jasper Philipsen (Alpecin-Deceuninck) a remport\u00e9 la 11e \u00e9tape entre Clermont-Ferrand et Moulins (179.8 km). Une \u00e9tape tr\u00e8s calme au sein du peloton. Il devance Dylan Groenewegen (Jayco-AlUla) et Phil Bauhaus (Bahrain-Victorious). C'est le 4e succ\u00e8s de l'ogre belge sur les routes du Tour de France 2023.<\/div><div class=\"vlp-block-2 vlp-link-button\">Lire l'article<\/div><div class=\"vlp-block-3 vlp-link-url\">dicodusport.fr<\/div><\/div><\/div>\n<h2 style=\"text-align: justify;\" align=\"justify\">UAE-Team Emirates : 17\/20<\/h2>\n<p align=\"justify\"><strong>Le + : <\/strong>Comme en 2020, 2021 et 2022, la formation emiratie repart d&rsquo;un Tour de France avec trois victoires d&rsquo;\u00e9tape. <strong>Adam Yates<\/strong> a parfaitement lanc\u00e9 le Tour de France de son \u00e9quipe, en remportant la premi\u00e8re \u00e9tape et en portant le maillot jaune. Globalement, avec sa 3e place, il a fait un immense Tour de France. Tout en \u00e9tant tr\u00e8s loyal avec <strong>Tadej Pogacar<\/strong>, \u00e0 l&rsquo;image de la 20e \u00e9tape, o\u00f9 il roule pour la victoire de son leader. Si le Slov\u00e8ne a \u00e9t\u00e9 s\u00e8chement battu par Jonas Vingegaard, il repart du Tour avec deux victoires d&rsquo;\u00e9tape et une belle r\u00e9action d&rsquo;orgueil. Globalement et contrairement \u00e0 2022 et m\u00eame 2020 et 2021, la UAE-Team Emirates s&rsquo;est hiss\u00e9e \u00e0 la hauteur de la Jumbo-Visma en montagne. Les co\u00e9quipiers peuvent \u00eatre tr\u00e8s fiers d&rsquo;eux.<\/p>\n<p align=\"justify\"><strong>Le &#8211; :<\/strong> <strong>Tadej Pogacar<\/strong> a cru \u00e0 la victoire pendant deux semaines. Mais il encaisse une d\u00e9faite encore plus cuisante qu&rsquo;en 2022. Au point de se poser la question de savoir s&rsquo;il est capable un jour de reprendre l&rsquo;ascendant sur le Danois, dans un Tour de France. L&rsquo;objectif majeur de l&rsquo;\u00e9quipe est donc rat\u00e9. Ce qui emp\u00eache une note plus haute.<\/p>\n<div class=\"vlp-link-container vlp-layout-article\"><a href=\"https:\/\/dicodusport.fr\/blog\/tour-de-france-2023-le-sursaut-dorgueil-de-tadej-pogacar-sur-la-20eme-etape\/\" class=\"vlp-link\" title=\"Tour de France 2023 : Le sursaut d&#039;orgueil de Tadej Pogacar sur la 20\u00e8me \u00e9tape\"><\/a><div class=\"vlp-layout-zone-side\"><div class=\"vlp-block-4 vlp-link-image\"><img loading=\"lazy\" decoding=\"async\" style=\"max-width: 800px;\" width=\"800\" height=\"445\" src=\"https:\/\/dicodusport.fr\/blog\/wp-content\/uploads\/2023\/07\/Tour-de-France-2023-Le-sursaut-dorgueil-de-Tadej-Pogacar-sur-la-20eme-etape-1.png\" class=\"attachment-800x445 size-800x445\" alt=\"Tour de France 2023 Le sursaut d&#039;orgueil de Tadej Pogacar sur la 20\u00e8me \u00e9tape (1)\" srcset=\"https:\/\/dicodusport.fr\/blog\/wp-content\/uploads\/2023\/07\/Tour-de-France-2023-Le-sursaut-dorgueil-de-Tadej-Pogacar-sur-la-20eme-etape-1.png 800w, https:\/\/dicodusport.fr\/blog\/wp-content\/uploads\/2023\/07\/Tour-de-France-2023-Le-sursaut-dorgueil-de-Tadej-Pogacar-sur-la-20eme-etape-1-300x167.png 300w, https:\/\/dicodusport.fr\/blog\/wp-content\/uploads\/2023\/07\/Tour-de-France-2023-Le-sursaut-dorgueil-de-Tadej-Pogacar-sur-la-20eme-etape-1-768x427.png 768w\" sizes=\"auto, (max-width: 800px) 100vw, 800px\" \/><\/div><\/div><div class=\"vlp-layout-zone-main\"><div class=\"vlp-block-0 vlp-link-title\">Tour de France 2023 : Le sursaut d'orgueil de Tadej Pogacar sur la 20\u00e8me \u00e9tape<\/div><div class=\"vlp-block-1 vlp-link-summary\">TOUR DE FRANCE 2023 \u2013 Tadej Pogacar (UAE Team Emirates) a remport\u00e9 la 20\u00e8me \u00e9tape au Markstein, samedi. Il a devanc\u00e9 Felix Gall (AG2R Citro\u00ebn). Troisi\u00e8me de l'\u00e9tape, Jonas Vingegaard (Jumbo-Visma) s'est assur\u00e9 la victoire finale au classement g\u00e9n\u00e9ral. Sur ses terres, Thibaut Pinot (Groupama-FDJ) aura fait le spectacle.<\/div><div class=\"vlp-block-2 vlp-link-button\">Lire l'article<\/div><div class=\"vlp-block-3 vlp-link-url\">dicodusport.fr<\/div><\/div><\/div>\n<h2 style=\"text-align: justify;\" align=\"justify\">Bahrain Victorious : 17\/20<\/h2>\n<p align=\"justify\"><strong>Le + : <\/strong>La formation repart avec trois victoires d&rsquo;\u00e9tape et une belle 6e place au g\u00e9n\u00e9ral de <strong>Pello Bilbao<\/strong>, qui a lui-m\u00eame lev\u00e9 les bras. Tout comme <strong>Matej Mohoric<\/strong> sur la 19e \u00e9tape, mais aussi <strong>Wout Poels<\/strong>, qui a su \u00e9c\u0153urer <strong>Wout Van Aert <\/strong>vers Saint-Gervais. Le bilan est tr\u00e8s positif sur ces plans-l\u00e0. Remporter trois victoires, quand on n&rsquo;a pas un immense scoreur sur le papier, comme peut l&rsquo;\u00eatre un pur sprinteur ou un <strong>Tadej Pogacar<\/strong>, c&rsquo;est un bilan absolument remarquable. L&rsquo;\u00e9quipe a su se remobiliser apr\u00e8s la mort terrible de <strong>Gino M\u00e4der<\/strong> en juin. L&rsquo;ange suisse a sans doute offert un surplus de motivation \u00e0 son \u00e9quipe. On pense forc\u00e9ment \u00e0<strong> Matej Mohoric<\/strong>, qui remporte \u00e0 la photo-finish, l&rsquo;\u00e9tape. Avec ce magnifique dessin qui a \u00e9t\u00e9 diffus\u00e9 sur les r\u00e9seaux sociaux, du Suisse poussant le Slov\u00e8ne pour aller chercher la victoire d&rsquo;\u00e9tape.<\/p>\n<blockquote class=\"twitter-tweet\">\n<p dir=\"ltr\" lang=\"fr\">Un dessin peut valoir 1000 mots. <a href=\"https:\/\/twitter.com\/hashtag\/TDF2023?src=hash&amp;ref_src=twsrc%5Etfw\">#TDF2023<\/a><\/p>\n<p>\ud83c\udfa8 Instagram Tour de Fette <a href=\"https:\/\/t.co\/9dM79MOfvI\">pic.twitter.com\/9dM79MOfvI<\/a><\/p>\n<p>\u2014 Florian Pigeon (@Flopigeon) <a href=\"https:\/\/twitter.com\/Flopigeon\/status\/1682461541424062466?ref_src=twsrc%5Etfw\">July 21, 2023<\/a><\/p><\/blockquote>\n<p><script async src=\"https:\/\/platform.twitter.com\/widgets.js\" charset=\"utf-8\"><\/script><\/p>\n<p style=\"text-align: justify;\" align=\"justify\"><strong>Le &#8211; :<\/strong> <strong>Mikel Landa<\/strong> \u00e9tait le leader d\u00e9sign\u00e9 de son \u00e9quipe, pour le classement g\u00e9n\u00e9ral. Le Basque est pass\u00e9 totalement \u00e0 c\u00f4t\u00e9 de son Tour de France. Toujours l\u00e2ch\u00e9 quand la route s&rsquo;\u00e9levait et incapable de peser dans une \u00e9chapp\u00e9e. Une vraie d\u00e9ception.<\/p>\n<h2 align=\"justify\">Jumbo-Visma : 16\/20<\/h2>\n<p align=\"justify\"><strong>Le + : <\/strong>Une seconde victoire au classement g\u00e9n\u00e9ral du Tour de France qui surpasse tout le reste. Apr\u00e8s un duel avec <strong>Tadej Pogacar, Jonas Vingegaard<\/strong> a fait parler sa force en troisi\u00e8me semaine. Pour tuer le suspense. Longtemps maudite sur la Grande Boucle, la formation n\u00e9erlandaise a trouv\u00e9 la bonne formule pour remporter le Tour de France. \u00c0 cela s&rsquo;ajoute la victoire d&rsquo;\u00e9tape du Danois sur le contre-la-montre de Combloux. L&rsquo;autre cerise est la victoire sur le classement par \u00e9quipes.<\/p>\n<p align=\"justify\"><strong>Le &#8211; :<\/strong> \u00c9videmment, le maillot jaune est le plus important et \u00e9tait l&rsquo;objectif sans doute unique de la Jumbo-Visma. Mais, au vu de l&rsquo;effectif, on peut dire qu&rsquo;il y a de la d\u00e9ception. Avec une seule victoire d&rsquo;\u00e9tape, contre six en 2022. Beaucoup d&rsquo;\u00e9checs \u00e0 l&rsquo;image de <strong>Wout Van Aert<\/strong> qui n&rsquo;a jamais trouv\u00e9 l&rsquo;ouverture. En 2022, la formation n\u00e9erlandaise avait ramen\u00e9 le jaune, le vert et le maillot \u00e0 pois. Forc\u00e9ment, en dominant moins, cela laisse un petit contraste.<\/p>\n<div class=\"vlp-link-container vlp-layout-article\"><a href=\"https:\/\/dicodusport.fr\/blog\/edito-le-vainqueur-du-tour-est-vingegaard-mais-le-champion-cest-pogacar\/\" class=\"vlp-link\" title=\"Edito : Le vainqueur du Tour est Vingegaard, mais le champion c&#039;est Pogacar\"><\/a><div class=\"vlp-layout-zone-side\"><div class=\"vlp-block-4 vlp-link-image\"><img loading=\"lazy\" decoding=\"async\" style=\"max-width: 800px;\" width=\"800\" height=\"445\" src=\"https:\/\/dicodusport.fr\/blog\/wp-content\/uploads\/2023\/07\/Edito-Le-vainqueur-du-Tour-cest-Vingegaard-mais-le-champion-cest-Pogacar.png\" class=\"attachment-800x445 size-800x445\" alt=\"Edito : Le vainqueur du Tour c&#039;est Vingegaard, mais le champion c&#039;est Pogacar\" srcset=\"https:\/\/dicodusport.fr\/blog\/wp-content\/uploads\/2023\/07\/Edito-Le-vainqueur-du-Tour-cest-Vingegaard-mais-le-champion-cest-Pogacar.png 800w, https:\/\/dicodusport.fr\/blog\/wp-content\/uploads\/2023\/07\/Edito-Le-vainqueur-du-Tour-cest-Vingegaard-mais-le-champion-cest-Pogacar-300x167.png 300w, https:\/\/dicodusport.fr\/blog\/wp-content\/uploads\/2023\/07\/Edito-Le-vainqueur-du-Tour-cest-Vingegaard-mais-le-champion-cest-Pogacar-768x427.png 768w\" sizes=\"auto, (max-width: 800px) 100vw, 800px\" \/><\/div><\/div><div class=\"vlp-layout-zone-main\"><div class=\"vlp-block-0 vlp-link-title\">Edito : Le vainqueur du Tour est Vingegaard, mais le champion c'est Pogacar<\/div><div class=\"vlp-block-1 vlp-link-summary\">TOUR DE FRANCE 2023 - Jonas Vingegaard (Jumbo-Visma) va remporter son deuxi\u00e8me Tour de France. Mais c'est Tadej Pogacar (UAE Team Emirates) qui va encore conqu\u00e9rir les c\u0153urs.<\/div><div class=\"vlp-block-2 vlp-link-button\">Lire l'article<\/div><div class=\"vlp-block-3 vlp-link-url\">dicodusport.fr<\/div><\/div><\/div>\n<h2 align=\"justify\">Cofidis : 16\/20<\/h2>\n<p align=\"justify\"><strong>Le + : <\/strong>La formation nordiste n&rsquo;avait plus lev\u00e9 les bras sur la Grande Boucle depuis <strong>Sylvain Chavanel<\/strong> en 2008. Autant dire que l&rsquo;\u00e9ternit\u00e9 a \u00e9t\u00e9 plus que balay\u00e9e en 2023. Avec deux bouquets d&rsquo;\u00e9tape. <strong>Victor Lafay<\/strong> et <strong>Ion Izagirre<\/strong> ont trouv\u00e9 l&rsquo;ouverture sur ce Tour de France. \u00c0 chaque fois avec beaucoup de panache. Et \u00e0 cela s&rsquo;ajoute une solide 10e place au classement g\u00e9n\u00e9ral de Guillaume Martin. Qui a fait parler sa r\u00e9gularit\u00e9 sur les trois semaines. Compte tenu de l&rsquo;effectif de Cofidis, compos\u00e9 de bons coureurs, mais sans aucune certitude de scorer, le bilan est ultra-positif.<\/p>\n<p align=\"justify\"><strong>Le &#8211; :<\/strong> On peut regretter que <strong>Victor Lafay<\/strong> n&rsquo;ait pas gard\u00e9 sa forme du d\u00e9but de Tour de France. Le Fran\u00e7ais a souffert et a eu de la malchance. <strong>Bryan Coquard<\/strong> n&rsquo;a pas trouv\u00e9 l&rsquo;ouverture dans un gros plateau de sprint.<\/p>\n<div class=\"vlp-link-container vlp-layout-article\"><a href=\"https:\/\/dicodusport.fr\/blog\/tour-de-france-2023-victoire-de-victor-lafay-sur-la-2eme-etape\/\" class=\"vlp-link\" title=\"Tour de France 2023 : Victoire de Victor Lafay sur la 2\u00e8me \u00e9tape !\"><\/a><div class=\"vlp-layout-zone-side\"><div class=\"vlp-block-4 vlp-link-image\"><img loading=\"lazy\" decoding=\"async\" style=\"max-width: 800px;\" width=\"800\" height=\"445\" src=\"https:\/\/dicodusport.fr\/blog\/wp-content\/uploads\/2023\/07\/Tour-de-France-2023-Victoire-de-Victor-Lafay-sur-la-2eme-etape-1.png\" class=\"attachment-800x445 size-800x445\" alt=\"Tour de France 2023 Victoire de Victor Lafay sur la 2\u00e8me \u00e9tape ! (1)\" srcset=\"https:\/\/dicodusport.fr\/blog\/wp-content\/uploads\/2023\/07\/Tour-de-France-2023-Victoire-de-Victor-Lafay-sur-la-2eme-etape-1.png 800w, https:\/\/dicodusport.fr\/blog\/wp-content\/uploads\/2023\/07\/Tour-de-France-2023-Victoire-de-Victor-Lafay-sur-la-2eme-etape-1-300x167.png 300w, https:\/\/dicodusport.fr\/blog\/wp-content\/uploads\/2023\/07\/Tour-de-France-2023-Victoire-de-Victor-Lafay-sur-la-2eme-etape-1-768x427.png 768w\" sizes=\"auto, (max-width: 800px) 100vw, 800px\" \/><\/div><\/div><div class=\"vlp-layout-zone-main\"><div class=\"vlp-block-0 vlp-link-title\">Tour de France 2023 : Victoire de Victor Lafay sur la 2\u00e8me \u00e9tape !<\/div><div class=\"vlp-block-1 vlp-link-summary\">TOUR DE FRANCE 2023 - Victor Lafay (Cofidis) a remport\u00e9 la 2\u00e8me \u00e9tape \u00e0 San Sebasti\u00e1n, dimanche. Il a devanc\u00e9 Wout Van Aert (Jumbo-Visma) et Tadej Pogacar (UAE Team Emirates). Adam Yates (UAE Team Emirates) a conserv\u00e9 le maillot jaune.\u00a0<\/div><div class=\"vlp-block-2 vlp-link-button\">Lire l'article<\/div><div class=\"vlp-block-3 vlp-link-url\">dicodusport.fr<\/div><\/div><\/div>\n<h2 align=\"justify\">INEOS\u00a0 Grenadiers : 15\/20<\/h2>\n<p align=\"justify\"><strong>Le + : <\/strong>Pour sa d\u00e9couverte du Tour de France, <strong>Carlos Rodriguez<\/strong> a plus que rempli ses objectifs. Avec une victoire d&rsquo;\u00e9tape et une tr\u00e8s belle 5e place au classement g\u00e9n\u00e9ral. Le jeune Espagnol incarne l&rsquo;avenir de son pays. Tout au culot, mais aussi au courage, \u00e0 l&rsquo;image de sa chute sur la 20e \u00e9tape et le fait qu&rsquo;il se soit battu comme un beau diable tout au long de l&rsquo;\u00e9tape. INEOS Grenadiers peut se targuer de la victoire de <strong>Michal Kwiatkowski<\/strong> lors de l&rsquo;\u00e9tape du Grand Colombier. Deux victoires et une belle place au g\u00e9n\u00e9ral, le bilan est forc\u00e9ment positif.<\/p>\n<p align=\"justify\"><strong>Le &#8211; :<\/strong> INEOS Grenadiers, et par extension la Sky, a tellement \u00e9t\u00e9 habitu\u00e9e \u00e0 r\u00e9gner sur le Tour de France, qu&rsquo;elle ne peut pas se contenter totalement de ce bilan. Entre 2012 et 2019, elle a gagn\u00e9 six Tours de France sur sept possible. La r\u00e9alit\u00e9, c&rsquo;est qu&rsquo;en 2023, la formation britannique ne matche plus avec la UAE-Team Emirates et la Jumbo-Visma. Daniel Martinez et <strong>Tom Pidcock<\/strong>, en voulant s&rsquo;accrocher au g\u00e9n\u00e9ral, ont \u00e9t\u00e9 relativement d\u00e9cevant. On esp\u00e8re que le jeune Britannique ne retentera pas de se focaliser sur le g\u00e9n\u00e9ral.<\/p>\n<div class=\"vlp-link-container vlp-layout-article\"><a href=\"https:\/\/dicodusport.fr\/blog\/tour-de-france-2023-michal-kwiatkowski-gagne-la-13eme-etape-pogacar-grignote\/\" class=\"vlp-link\" title=\"Tour de France 2023 : Michal Kwiatkowski gagne la 13\u00e8me \u00e9tape, Pogacar grignote\"><\/a><div class=\"vlp-layout-zone-side\"><div class=\"vlp-block-4 vlp-link-image\"><img loading=\"lazy\" decoding=\"async\" style=\"max-width: 800px;\" width=\"800\" height=\"445\" src=\"https:\/\/dicodusport.fr\/blog\/wp-content\/uploads\/2023\/07\/Tour-de-France-2023-Michal-Kwiatkowski-gagne-la-13eme-etape-Pogacar-grignote-1.png\" class=\"attachment-800x445 size-800x445\" alt=\"Tour de France 2023 Michal Kwiatkowski gagne la 13\u00e8me \u00e9tape, Pogacar grignote (1)\" srcset=\"https:\/\/dicodusport.fr\/blog\/wp-content\/uploads\/2023\/07\/Tour-de-France-2023-Michal-Kwiatkowski-gagne-la-13eme-etape-Pogacar-grignote-1.png 800w, https:\/\/dicodusport.fr\/blog\/wp-content\/uploads\/2023\/07\/Tour-de-France-2023-Michal-Kwiatkowski-gagne-la-13eme-etape-Pogacar-grignote-1-300x167.png 300w, https:\/\/dicodusport.fr\/blog\/wp-content\/uploads\/2023\/07\/Tour-de-France-2023-Michal-Kwiatkowski-gagne-la-13eme-etape-Pogacar-grignote-1-768x427.png 768w\" sizes=\"auto, (max-width: 800px) 100vw, 800px\" \/><\/div><\/div><div class=\"vlp-layout-zone-main\"><div class=\"vlp-block-0 vlp-link-title\">Tour de France 2023 : Michal Kwiatkowski gagne la 13\u00e8me \u00e9tape, Pogacar grignote<\/div><div class=\"vlp-block-1 vlp-link-summary\">TOUR DE FRANCE 2023 \u2013 Michal Kwiatkowski (INEOS Grenadiers) s'est impos\u00e9 sur la 13\u00e8me \u00e9tape au sommet du Grand Colombier. Il a devanc\u00e9 Maxim Van Gils (Lotto Dstny) et Tadej Pogacar (UAE Team Emirates). Quatri\u00e8me de l'\u00e9tape, Jonas Vingegaard (Jumbo-Visma) a gard\u00e9 le maillot jaune, mais a perdu quelques secondes sur son dauphin slov\u00e8ne.\u00a0<\/div><div class=\"vlp-block-2 vlp-link-button\">Lire l'article<\/div><div class=\"vlp-block-3 vlp-link-url\">dicodusport.fr<\/div><\/div><\/div>\n<h2 align=\"justify\">Bora-Hangrohe : 15\/20<\/h2>\n<p align=\"justify\"><strong>Le + : <\/strong>Deux victoires d&rsquo;\u00e9tape presque inesp\u00e9r\u00e9es. Notamment celle de <strong>Jordi Meeus<\/strong> au sprint sur les Champs-\u00c9lys\u00e9es ce dimanche. Qui justifie sa s\u00e9lection et le fait d&rsquo;avoir \u00e9cart\u00e9 Sam Bennett. <strong>Jai Hindley<\/strong> a \u00e9galement remport\u00e9 son \u00e9tape \u00e0 Laruns, en solitaire. Apr\u00e8s une belle \u00e9chapp\u00e9e. On a vu un bon comportement d&rsquo;ensemble de l&rsquo;\u00e9quipe, avec un <strong>Bob Jungels<\/strong> tr\u00e8s solide en montagne. Pas de quoi d\u00e9fier dans les yeux d&rsquo;autres grandes formations, mais cela m\u00e9rite d&rsquo;\u00eatre soulign\u00e9.<\/p>\n<p align=\"justify\"><strong>Le &#8211; :<\/strong>\u00a0Malgr\u00e9 sa victoire d&rsquo;\u00e9tape, <strong>Jai Hindley<\/strong> n&rsquo;a pas totalement r\u00e9pondu aux attentes. Sa 7e place n&rsquo;est pas suffisante pour quelqu&rsquo;un qui a remport\u00e9 le Giro en 2022. Longtemps troisi\u00e8me du g\u00e9n\u00e9ral, il a connu une 3e semaine compliqu\u00e9e. Mais, il n&rsquo;a jamais \u00e9t\u00e9 le troisi\u00e8me homme de ce Tour de France, malgr\u00e9 l&rsquo;avance prise \u00e0 Laruns. Il \u00e9tait \u00e0 sa place. Ce qui reste d\u00e9cevant. Hormis sa 6e place \u00e0 Nogaro, <strong>Danny van Poppel,<\/strong> co-leader sur les sprints, n&rsquo;a jamais vraiment pes\u00e9 sur ce Tour de France.<\/p>\n<div class=\"vlp-link-container vlp-layout-article\"><a href=\"https:\/\/dicodusport.fr\/blog\/tour-de-france-2023-jai-hindley-fait-coup-double-sur-la-5eme-etape\/\" class=\"vlp-link\" title=\"Tour de France 2023 : Jai Hindley fait coup double sur la 5\u00e8me \u00e9tape\"><\/a><div class=\"vlp-layout-zone-side\"><div class=\"vlp-block-4 vlp-link-image\"><img loading=\"lazy\" decoding=\"async\" style=\"max-width: 800px;\" width=\"800\" height=\"445\" src=\"https:\/\/dicodusport.fr\/blog\/wp-content\/uploads\/2023\/07\/Tour-de-France-2023-Jai-Hindley-fait-coup-double-sur-la-5eme-etape-2.png\" class=\"attachment-800x445 size-800x445\" alt=\"Tour de France 2023 Jai Hindley fait coup double sur la 5\u00e8me \u00e9tape (2)\" srcset=\"https:\/\/dicodusport.fr\/blog\/wp-content\/uploads\/2023\/07\/Tour-de-France-2023-Jai-Hindley-fait-coup-double-sur-la-5eme-etape-2.png 800w, https:\/\/dicodusport.fr\/blog\/wp-content\/uploads\/2023\/07\/Tour-de-France-2023-Jai-Hindley-fait-coup-double-sur-la-5eme-etape-2-300x167.png 300w, https:\/\/dicodusport.fr\/blog\/wp-content\/uploads\/2023\/07\/Tour-de-France-2023-Jai-Hindley-fait-coup-double-sur-la-5eme-etape-2-768x427.png 768w\" sizes=\"auto, (max-width: 800px) 100vw, 800px\" \/><\/div><\/div><div class=\"vlp-layout-zone-main\"><div class=\"vlp-block-0 vlp-link-title\">Tour de France 2023 : Jai Hindley fait coup double sur la 5\u00e8me \u00e9tape<\/div><div class=\"vlp-block-1 vlp-link-summary\">TOUR DE FRANCE 2023 \u2013 Pour le premier rendez-vous montagnard, Jai Hindley (Bora-Hansgrohe) s'est impos\u00e9 en solitaire sur la 5\u00e8me \u00e9tape, mercredi, \u00e0 Laruns. Il a devanc\u00e9 Giulio Ciccone (Lidl-Trek) et Felix Gall (AG2R Citro\u00ebn). Jai Hindley (Bora Hansgrohe) s'est empar\u00e9 du maillot jaune.\u00a0<\/div><div class=\"vlp-block-2 vlp-link-button\">Lire l'article<\/div><div class=\"vlp-block-3 vlp-link-url\">dicodusport.fr<\/div><\/div><\/div>\n<h2 align=\"justify\">Israel-Premier Tech : 14\/20<\/h2>\n<p align=\"justify\"><strong>Le + : <\/strong>Un temp\u00e9rament offensif ! La formation israelienne a fait avec ses moyens et ses armes. Et s&rsquo;est montr\u00e9e tout au long de ce Tour de France. Avec un <strong>Krists Neilands<\/strong> courageux et pass\u00e9 tout proche de la victoire \u00e0 Issoire. Et avec en point d&rsquo;orgue la victoire du Canadien <strong>Michael Woods<\/strong>, sur les routes du Puy-de-D\u00f4me. Une victoire d&rsquo;\u00e9tape en forme de r\u00e9compense pour une \u00e9quipe sans vrais scoreurs, mais tr\u00e8s homog\u00e8ne et courageuse.<\/p>\n<p align=\"justify\"><strong>Le &#8211; :<\/strong> <strong>Dylan Teuns<\/strong> n&rsquo;a jamais vraiment pes\u00e9 sur la course, malgr\u00e9 une \u00e9chapp\u00e9e sue les routes de Belleville-en-Beaujolais. Jamais le Belge, pourtant coureur tr\u00e8s redoutable quand il est \u00e0 l&rsquo;avant, n&rsquo;a sembl\u00e9 en mesure de remporter une \u00e9tape. Petite d\u00e9ception \u00e9galement pour <strong>Hugo Houle<\/strong>, vainqueur d&rsquo;\u00e9tape en 2022 et <strong>Corbin Strong<\/strong>, jeune sprinteur polyvalent qui n&rsquo;a pas fait mieux que deux 9e place d&rsquo;\u00e9tape.<\/p>\n<div class=\"vlp-link-container vlp-layout-article\"><a href=\"https:\/\/dicodusport.fr\/blog\/tour-de-france-2023-israel-premier-tech-de-maison-de-retraite-a-equipe-frisson\/\" class=\"vlp-link\" title=\"Tour de France 2023 : Israel-Premier Tech, de maison de retraite \u00e0 \u00e9quipe frisson\"><\/a><div class=\"vlp-layout-zone-side\"><div class=\"vlp-block-4 vlp-link-image\"><img loading=\"lazy\" decoding=\"async\" style=\"max-width: 800px;\" width=\"800\" height=\"445\" src=\"https:\/\/dicodusport.fr\/blog\/wp-content\/uploads\/2023\/07\/Tour-de-France-2023-Israel-Premier-Tech-de-maison-de-retraite-a-equipe-frisson.png\" class=\"attachment-800x445 size-800x445\" alt=\"Tour de France 2023 Israel-Premier Tech, de maison de retraite \u00e0 \u00e9quipe frisson\" srcset=\"https:\/\/dicodusport.fr\/blog\/wp-content\/uploads\/2023\/07\/Tour-de-France-2023-Israel-Premier-Tech-de-maison-de-retraite-a-equipe-frisson.png 800w, https:\/\/dicodusport.fr\/blog\/wp-content\/uploads\/2023\/07\/Tour-de-France-2023-Israel-Premier-Tech-de-maison-de-retraite-a-equipe-frisson-300x167.png 300w, https:\/\/dicodusport.fr\/blog\/wp-content\/uploads\/2023\/07\/Tour-de-France-2023-Israel-Premier-Tech-de-maison-de-retraite-a-equipe-frisson-768x427.png 768w\" sizes=\"auto, (max-width: 800px) 100vw, 800px\" \/><\/div><\/div><div class=\"vlp-layout-zone-main\"><div class=\"vlp-block-0 vlp-link-title\">Tour de France 2023 : Israel-Premier Tech, de maison de retraite \u00e0 \u00e9quipe frisson<\/div><div class=\"vlp-block-1 vlp-link-summary\">TOUR DE FRANCE 2023 - Souvent moqu\u00e9e pour accueillir des anciennes gloires comme Chris Froome, Israel-Premier Tech se r\u00e9invente en 2023. Apr\u00e8s un Giro marqu\u00e9 par un Derek Gee en feu, la formation isra\u00e9lienne est en train de faire un Tour de France de grande qualit\u00e9. Avec une victoire de Michael Woods.<\/div><div class=\"vlp-block-2 vlp-link-button\">Lire l'article<\/div><div class=\"vlp-block-3 vlp-link-url\">dicodusport.fr<\/div><\/div><\/div>\n<h2 align=\"justify\">Lidl-Trek : 14\/20<\/h2>\n<p align=\"justify\"><strong>Le + : <\/strong><strong>Mads Pedersen<\/strong> est le seul avec Jordi Meeus \u00e0 avoir domin\u00e9 Jasper Philipsen \u00e0 la p\u00e9dale, lors d&rsquo;un sprint du Tour de France. Le Danois a ensuite \u00e9t\u00e9 un co\u00e9quipier tr\u00e8s pr\u00e9cieux, avec <strong>Mattias Skjelmose<\/strong>, pour aider <strong>Giulio Ciccone<\/strong> \u00e0 conqu\u00e9rir le maillot \u00e0 pois. L&rsquo;Italien a remport\u00e9 ce classement, en prenant un nombre incalculable d&rsquo;\u00e9chapp\u00e9es, amassant les points. Et en \u00e9tant menac\u00e9 jusqu&rsquo;\u00e0 l&rsquo;avant-derni\u00e8re \u00e9tape au Markstein. Ce qui permet \u00e0 la formation am\u00e9ricaine de monter sur le podium du Tour de France.<\/p>\n<p align=\"justify\"><strong>Le &#8211; :<\/strong> <strong>Mattias Skjelmose<\/strong>, vainqueur du Tour de Suisse a montr\u00e9 ses limites sur une course de trois semaines, apr\u00e8s cinq \u00e9tapes tr\u00e8s encourageantes. Il s&rsquo;est ensuite mu\u00e9 en co\u00e9quipier mod\u00e8le, mais n&rsquo;avait plus les jambes pour jouer sa propre carte. <strong>Juan Pedro Lopez <\/strong>et <strong>Jasper Stuyven<\/strong> ont \u00e9galement \u00e9t\u00e9 peu en vue sur ce Tour de France. On pouvait en attendre davantage.<\/p>\n<div class=\"vlp-link-container vlp-layout-article\"><a href=\"https:\/\/dicodusport.fr\/blog\/tour-de-france-2023-mads-pedersen-ce-champion-si-sous-cote\/\" class=\"vlp-link\" title=\"Tour de France 2023 : Mads Pedersen, ce champion si sous-cot\u00e9\"><\/a><div class=\"vlp-layout-zone-side\"><div class=\"vlp-block-4 vlp-link-image\"><img loading=\"lazy\" decoding=\"async\" style=\"max-width: 800px;\" width=\"800\" height=\"445\" src=\"https:\/\/dicodusport.fr\/blog\/wp-content\/uploads\/2023\/07\/Tour-de-France-2023-Mads-Pedersen-ce-champion-si-sous-cote.png\" class=\"attachment-800x445 size-800x445\" alt=\"Tour de France 2023 Mads Pedersen, ce champion si sous-cot\u00e9\" srcset=\"https:\/\/dicodusport.fr\/blog\/wp-content\/uploads\/2023\/07\/Tour-de-France-2023-Mads-Pedersen-ce-champion-si-sous-cote.png 800w, https:\/\/dicodusport.fr\/blog\/wp-content\/uploads\/2023\/07\/Tour-de-France-2023-Mads-Pedersen-ce-champion-si-sous-cote-300x167.png 300w, https:\/\/dicodusport.fr\/blog\/wp-content\/uploads\/2023\/07\/Tour-de-France-2023-Mads-Pedersen-ce-champion-si-sous-cote-768x427.png 768w\" sizes=\"auto, (max-width: 800px) 100vw, 800px\" \/><\/div><\/div><div class=\"vlp-layout-zone-main\"><div class=\"vlp-block-0 vlp-link-title\">Tour de France 2023 : Mads Pedersen, ce champion si sous-cot\u00e9<\/div><div class=\"vlp-block-1 vlp-link-summary\">TOUR DE FRANCE 2023 - Mads Pedersen (Lidl-Trek) a remport\u00e9 la 8\u1d49 \u00e9tape du Tour. Il avait d\u00e9j\u00e0 lev\u00e9 les bras sur le Giro. Il r\u00e9alise une saison exceptionnelle avec des victoires et de nombreuses places d'honneur. Pourtant, le champion du monde 2019 souffre d'un certain d\u00e9ficit d'image vis-\u00e0-vis de coureurs comme Wout Van Aert.<\/div><div class=\"vlp-block-2 vlp-link-button\">Lire l'article<\/div><div class=\"vlp-block-3 vlp-link-url\">dicodusport.fr<\/div><\/div><\/div>\n<h2 align=\"justify\">AG2R-Citro\u00ebn : 13\/20<\/h2>\n<p align=\"justify\"><strong>Le + : Felix Gall<\/strong> a \u00e9t\u00e9 tout simplement \u00e9norme. L&rsquo;Autrichien repart avec une victoire d&rsquo;\u00e9tape de l\u00e9gende au Col de la Loze. Globalement en 3e semaine, il \u00e9tait le 3e homme fort. On l&rsquo;a encore vu dans les Vosges, le seul \u00e0 accompagner <strong>Jonas Vingegaard<\/strong> et <strong>Tadej Pogacar<\/strong>. S&rsquo;il a d\u00e9j\u00e0 eu de beaux r\u00e9sultats en 2023, c&rsquo;est LA grande r\u00e9v\u00e9lation de ce Tour de France. Il embellit l&rsquo;\u00e9preuve d&rsquo;une \u00e9quipe qui a encore scor\u00e9 sur ce Tour de France. Comme en 2020, 2021 et 2022. Il termine \u00e0 la 8e place du classement g\u00e9n\u00e9ral. <strong>Cl\u00e9ment Berthet<\/strong>, pour sa d\u00e9couverte du Tour, a \u00e9t\u00e9 tr\u00e8s solide, avec une placette au g\u00e9n\u00e9ral et quelques \u00e9chapp\u00e9es.<\/p>\n<p align=\"justify\"><strong>Le &#8211; :<\/strong> Certains leaders n&rsquo;ont pas \u00e9t\u00e9 \u00e0 la hauteur. <strong>Ben O&rsquo;Connor<\/strong> \u00e9tait missionn\u00e9 pour le g\u00e9n\u00e9ral et il est pass\u00e9 \u00e0 c\u00f4t\u00e9 de son \u00e9v\u00e8nement, effectuant n\u00e9amoins un immense boulot pour Gall vers la Loze. Idem pour <strong>Beno\u00eet Cosnefroy<\/strong>, qui n&rsquo;a jamais pes\u00e9 pour une victoire d&rsquo;\u00e9tape. Avec pour meilleur place une 23e place \u00e0 <strong>Limoges<\/strong>. Autant dire fam\u00e9lique pour un coureur de son talent, mais qui peine \u00e0 briller sur les routes de la Grande Boucle.<\/p>\n<div class=\"vlp-link-container vlp-layout-article\"><a href=\"https:\/\/dicodusport.fr\/blog\/tour-de-france-2023-felix-gall-remporte-un-succes-de-prestige-sur-la-17eme-etape-pogacar-explose\/\" class=\"vlp-link\" title=\"Tour de France 2023 : Felix Gall remporte un succ\u00e8s de prestige sur la 17\u00e8me \u00e9tape, Pogacar explose\"><\/a><div class=\"vlp-layout-zone-side\"><div class=\"vlp-block-4 vlp-link-image\"><img loading=\"lazy\" decoding=\"async\" style=\"max-width: 800px;\" width=\"800\" height=\"445\" src=\"https:\/\/dicodusport.fr\/blog\/wp-content\/uploads\/2023\/07\/Tour-de-France-2023-Felix-Gall-remporte-un-succes-de-prestige-sur-la-17eme-etape-Pogacar-explose-1.png\" class=\"attachment-800x445 size-800x445\" alt=\"Tour de France 2023 Felix Gall remporte un succ\u00e8s de prestige sur la 17\u00e8me \u00e9tape, Pogacar explose (1)\" srcset=\"https:\/\/dicodusport.fr\/blog\/wp-content\/uploads\/2023\/07\/Tour-de-France-2023-Felix-Gall-remporte-un-succes-de-prestige-sur-la-17eme-etape-Pogacar-explose-1.png 800w, https:\/\/dicodusport.fr\/blog\/wp-content\/uploads\/2023\/07\/Tour-de-France-2023-Felix-Gall-remporte-un-succes-de-prestige-sur-la-17eme-etape-Pogacar-explose-1-300x167.png 300w, https:\/\/dicodusport.fr\/blog\/wp-content\/uploads\/2023\/07\/Tour-de-France-2023-Felix-Gall-remporte-un-succes-de-prestige-sur-la-17eme-etape-Pogacar-explose-1-768x427.png 768w\" sizes=\"auto, (max-width: 800px) 100vw, 800px\" \/><\/div><\/div><div class=\"vlp-layout-zone-main\"><div class=\"vlp-block-0 vlp-link-title\">Tour de France 2023 : Felix Gall remporte un succ\u00e8s de prestige sur la 17\u00e8me \u00e9tape, Pogacar explose<\/div><div class=\"vlp-block-1 vlp-link-summary\">TOUR DE FRANCE 2023 \u2013 Felix Gall (AG2R Citro\u00ebn) remporte la 17e \u00e9tape entre Saint-Gervais et Courchevel (165.7 kilom\u00e8tres). Il devance Simon Yates (Jayco-AlUla) et Pello Bilbao (Bahrain-Victorious). Une \u00e9tape marqu\u00e9e par la nouvelle d\u00e9faillance de Tadej Pogacar (UAE Team Emirates) qui a c\u00e9d\u00e9 \u00e0 sept kilom\u00e8tres du sommet du Col de la Loze. Jonas Vingegaard compte plus de six minutes d'avance au g\u00e9n\u00e9ral sur le Slov\u00e8ne.<\/div><div class=\"vlp-block-2 vlp-link-button\">Lire l'article<\/div><div class=\"vlp-block-3 vlp-link-url\">dicodusport.fr<\/div><\/div><\/div>\n<h2 align=\"justify\">Jayco-AlUla : 12\/20<\/h2>\n<p align=\"justify\"><strong>Le + : Simon Yates<\/strong> termine \u00e0 une belle 4e place au classement g\u00e9n\u00e9ral. Le Britannique r\u00e9alise l\u00e0 le meilleur Tour de France de sa carri\u00e8re. On peut noter l&rsquo;incroyable travail de <strong>Chris Harper<\/strong> \u00e0 ses c\u00f4t\u00e9s. Pr\u00e9sent tr\u00e8s loin dans la montagne et hauteur d&rsquo;une belle \u00e9tape sur les routes vosgiennes du Markstein. Venue pour un beau classement g\u00e9n\u00e9ral, la formation australienne pour se targuer d&rsquo;avoir rempli les objectifs<\/p>\n<p align=\"justify\"><strong>Le &#8211; :<\/strong> Venue avec <strong>Dylan Groenewegen,<\/strong> l&rsquo;\u00e9quipe repart sans victoire d&rsquo;\u00e9tape. C&rsquo;est le gros point noir de ce Tour de France 2023. Malgr\u00e9 un super poisson-pilote, en la personne de <strong>Luka Mezgec<\/strong>, jamais le N\u00e9erlandais n&rsquo;a trouv\u00e9 l&rsquo;ouverture, au mieux 2e \u00e0 Moulins. Malgr\u00e9 quelques places d&rsquo;honneur. Il a \u00e9t\u00e9 d\u00e9vor\u00e9 par <strong>Jasper Philipsen<\/strong>. C&rsquo;est sans doute son plus grand \u00e9chec, depuis en av\u00e8nement en 2017, sur les routes du Tour de France. Malgr\u00e9 une \u00e9quipe en partie centr\u00e9e pour lui, au d\u00e9triment d&rsquo;un <strong>Simon Yates<\/strong>, seul membre du top 5 \u00e0 ne pas avoir gagn\u00e9 son \u00e9tape. Domin\u00e9 \u00e0 Courchevel par un incroyable <strong>Felix Gall.<\/strong><\/p>\n<h2 align=\"justify\">Lotto-Dstny : 11\/20<\/h2>\n<p align=\"justify\"><strong>Le + : <\/strong>Le titre de supercombatif pour<strong> Victor Campenaerts<\/strong>. Qui illustre le fait que la formation belge a su se r\u00e9inveter totalement apr\u00e8s le retrait de son sprinteur Caleb Ewan. Et qui permet de monter sur le podium final d&rsquo;un Tour de France. Le Belge a \u00e9t\u00e9 tr\u00e8s courageux, se projetant \u00e0 l&rsquo;avant dans bon nombre d&rsquo;\u00e9tapes. Il a failli propulser Pascal Eenkhoorn vers la victoire, lors de la 18e \u00e9tape. Le N\u00e9erlandais prenant la 2e place. Comme <strong>Maxim Van Gils<\/strong>, sur les pentes du Grand Colombier.<\/p>\n<p align=\"justify\"><strong>Le &#8211; :<\/strong> Caleb Ewan n&rsquo;est pas pass\u00e9 loin \u00e0 Nogaro, mais sans r\u00e9ussir \u00e0 scorer, alors que la formation belge avait beaucoup mis\u00e9 sur lui lors des sprints. L&rsquo;Australien a ensuite travers\u00e9 ce Tour de France comme un fant\u00f4me. Et aurait pu plomber l&rsquo;ambiance de l&rsquo;\u00e9quipe avec son abandon pr\u00e9matur\u00e9. Cela sent le divorce entre les deux parties. De solides coureurs, comme <strong>Florian Vermeersch<\/strong>, n&rsquo;ont pas exist\u00e9.<\/p>\n<h2 align=\"justify\">TotalEnergies : 11\/20<\/h2>\n<p align=\"justify\"><strong>Le + : Mathieu Burgaudeau<\/strong> a r\u00e9alis\u00e9 un Tour de France exceptionnel. Omnipr\u00e9sent \u00e0 l&rsquo;avant, il a pris la 2e place \u00e0 Belleville-en-Beaujolais mais aussi une incroyable 3e place \u00e0 la p\u00e9dale, sur les pentes du Bettex. Devant de nombreux excellents grimpeurs qui \u00e9taient pr\u00e9sents avec lui dans l&rsquo;\u00e9chapp\u00e9e. Le polyvalent coureur a fait preuve de son grand talent et a clairement franchi un cap dans ce Tour de France.\u00a0 <strong>Pierre Latour<\/strong> a pris une magnifique 2e place au sommet du Puy-de-D\u00f4me. Le grimpeur fran\u00e7ais a \u00e9t\u00e9 ensuite le h\u00e9ros malheureux de l&rsquo;\u00e9tape du Grand Colombier, avec ses gal\u00e8res en descente et une interview tellement \u00e9mouvante dans la foul\u00e9e.<\/p>\n<p align=\"justify\"><strong>Le &#8211; :<\/strong> Peter Sagan a travers\u00e9 le <strong>Tour de France<\/strong> comme un fant\u00f4me. Triste fin de sortie pour une des l\u00e9gendes du cyclisme mondial.<\/p>\n<blockquote class=\"twitter-tweet\">\n<p dir=\"ltr\" lang=\"fr\">Il faut lire cet entretien de <a href=\"https:\/\/twitter.com\/p_latour?ref_src=twsrc%5Etfw\">@p_latour<\/a> sur sa peur en descente. Touchant de sinc\u00e9rit\u00e9. Tellement rare un sportif qui se livre ainsi. \u00ab Crever de trouille en descente, c\u2019est ma vie \u00bb : sur le Tour de France, Pierre Latour en souffrance <a href=\"https:\/\/t.co\/n3RsKrbRdN\">https:\/\/t.co\/n3RsKrbRdN<\/a> via <a href=\"https:\/\/twitter.com\/le_Parisien?ref_src=twsrc%5Etfw\">@le_Parisien<\/a><\/p>\n<p>\u2014 Beno\u00eet Lallement (@benlallement) <a href=\"https:\/\/twitter.com\/benlallement\/status\/1680113596972380164?ref_src=twsrc%5Etfw\">July 15, 2023<\/a><\/p><\/blockquote>\n<p><script async src=\"https:\/\/platform.twitter.com\/widgets.js\" charset=\"utf-8\"><\/script><\/p>\n<h2 align=\"justify\">Uno-X : 10\/20<\/h2>\n<p align=\"justify\"><strong>Le + : <\/strong>Malgr\u00e9 une d\u00e9ception au g\u00e9n\u00e9ral, <strong>Tobias Johannessen<\/strong> s&rsquo;en est sorti avec un top 3 \u00e0 Cauterets et une 5e place \u00e0 Belleville-en-Beaujolais. Mais aussi une 6e place \u00e0 Courchevel et une 9e place \u00e0 la pure p\u00e9dale au Markstein. Il semblait monter en puissance sur ce Tour de France, mais il n&rsquo;y a pas de 4e semaine pour lui. On retiendra aussi la 3e place de <strong>Jonas Abrahamsen<\/strong> du c\u00f4t\u00e9 de Bourg-en-Bresse<\/p>\n<p align=\"justify\"><strong>Le &#8211; :<\/strong> C&rsquo;est leur premier Tour de France, mais il y a quand m\u00eame de la d\u00e9ception. Malgr\u00e9 tout, <strong>Tobias Johannessen<\/strong> a termin\u00e9 aux fraises au g\u00e9n\u00e9ral, lui qui pouvait viser un top 10. <strong>Alexander Kristoff<\/strong> n&rsquo;a pas fait mieux qu&rsquo;une 6e place \u00e0 Moulins et a souvent eu des difficult\u00e9s dans les emballages massifs. On retiendra la malchance de<strong> Torstein Traeen<\/strong>, qui a disput\u00e9 tout le Tour de France avec une fracture du coude.<\/p>\n<blockquote class=\"twitter-tweet\">\n<p dir=\"ltr\" lang=\"fr\">Les photos continuent : Uno-X boucle son premier Tour de France avec ses 8 coureurs. La formation norv\u00e9gienne a r\u00e9alis\u00e9 deux podiums avec celui de Tobias Johannessen lors de la 6e \u00e9tape et de Jonas Abramhansen lors de la 18e \u00e9tape. Un Tour r\u00e9ussi ? <a href=\"https:\/\/twitter.com\/hashtag\/TDF2023?src=hash&amp;ref_src=twsrc%5Etfw\">#TDF2023<\/a> <a href=\"https:\/\/t.co\/SOGYQ0igR7\">pic.twitter.com\/SOGYQ0igR7<\/a><\/p>\n<p>\u2014 Le Gruppetto (@LeGruppetto) <a href=\"https:\/\/twitter.com\/LeGruppetto\/status\/1683131185533263873?ref_src=twsrc%5Etfw\">July 23, 2023<\/a><\/p><\/blockquote>\n<p><script async src=\"https:\/\/platform.twitter.com\/widgets.js\" charset=\"utf-8\"><\/script><\/p>\n<h2 style=\"text-align: justify;\" align=\"justify\">Soudal Quick-Step : 10\/20<\/h2>\n<p align=\"justify\"><strong>Le + : Kasper Asgreen<\/strong> a clairement sauv\u00e9 la peau de l&rsquo;\u00e9quipe Belge en deux \u00e9tapes. En menant victorieusement une \u00e9chapp\u00e9e presque improbable sur les routes de Bourg-en-Bresse. Avant de passer tout pr\u00e8s le lendemain. Ce qui a permis \u00e0 l&rsquo;\u00e9quipe de gagner son \u00e9tape, alors que c&rsquo;\u00e9tait mal embarqu\u00e9. On peut retenir le panache de <strong>Julian Alaphilippe<\/strong>, pr\u00e9sent \u00e0 l&rsquo;avant de nombreuses \u00e9tapes.<\/p>\n<p align=\"justify\"><strong>Le &#8211; :<\/strong> <strong>Fabio Jakobsen<\/strong>, certes victime rapidement d&rsquo;une chute, n&rsquo;a jamais pu peser dans aucun des sprints, alors que la majorit\u00e9 de la formation belge \u00e9tait ax\u00e9e autour du sprinteur n\u00e9erlandais. Globalement, ils sont beaucoup \u00e0 ne pas avoir pes\u00e9 sur ce Tour 2023, o\u00f9 <strong>Julian Alaphilippe<\/strong> a souvent \u00e9t\u00e9 le seul \u00e0 remuer. Mais le double champion du monde fran\u00e7ais n&rsquo;a jamais pu croire \u00e0 la victoire d&rsquo;\u00e9tape. Il a trop rapidement montr\u00e9 ses limites physiques.<\/p>\n<div class=\"vlp-link-container vlp-layout-article\"><a href=\"https:\/\/dicodusport.fr\/blog\/tour-de-france-2023-kasper-asgreen-regle-lechappee-et-remporte-la-18e-etape\/\" class=\"vlp-link\" title=\"Tour de France 2023 : Kasper Asgreen r\u00e8gle l&#039;\u00e9chapp\u00e9e et remporte la 18e \u00e9tape\"><\/a><div class=\"vlp-layout-zone-side\"><div class=\"vlp-block-4 vlp-link-image\"><img loading=\"lazy\" decoding=\"async\" style=\"max-width: 800px;\" width=\"800\" height=\"445\" src=\"https:\/\/dicodusport.fr\/blog\/wp-content\/uploads\/2023\/07\/Tour-de-France-2023-Kasper-Asgreen-regle-lechappee-et-remporte-la-18e-etape-1.png\" class=\"attachment-800x445 size-800x445\" alt=\"Tour de France 2023 Kasper Asgreen r\u00e8gle l&#039;\u00e9chapp\u00e9e et remporte la 18e \u00e9tape\" srcset=\"https:\/\/dicodusport.fr\/blog\/wp-content\/uploads\/2023\/07\/Tour-de-France-2023-Kasper-Asgreen-regle-lechappee-et-remporte-la-18e-etape-1.png 800w, https:\/\/dicodusport.fr\/blog\/wp-content\/uploads\/2023\/07\/Tour-de-France-2023-Kasper-Asgreen-regle-lechappee-et-remporte-la-18e-etape-1-300x167.png 300w, https:\/\/dicodusport.fr\/blog\/wp-content\/uploads\/2023\/07\/Tour-de-France-2023-Kasper-Asgreen-regle-lechappee-et-remporte-la-18e-etape-1-768x427.png 768w\" sizes=\"auto, (max-width: 800px) 100vw, 800px\" \/><\/div><\/div><div class=\"vlp-layout-zone-main\"><div class=\"vlp-block-0 vlp-link-title\">Tour de France 2023 : Kasper Asgreen r\u00e8gle l'\u00e9chapp\u00e9e et remporte la 18e \u00e9tape<\/div><div class=\"vlp-block-1 vlp-link-summary\">TOUR DE FRANCE 2023 \u2013 Kasper Asgreen (Soudal-Quick Step) a remport\u00e9 la 18e \u00e9tape entre Mo\u00fbtiers et Bourg-en-Bresse (184.9 km). Le Danois domine Pascal Eenkhoorn au terme d'un bras de fer avec le peloton. L'\u00e9chapp\u00e9e de quatre hommes a r\u00e9sist\u00e9 \u00e0 la meute. Il sauve le Tour jusque-l\u00e0 compliqu\u00e9 de sa formation.<\/div><div class=\"vlp-block-2 vlp-link-button\">Lire l'article<\/div><div class=\"vlp-block-3 vlp-link-url\">dicodusport.fr<\/div><\/div><\/div>\n<h2 align=\"justify\">Groupama-FDJ : 9\/20<\/h2>\n<p align=\"justify\"><strong>Le + : Thibaut Pinot<\/strong> a fait preuve de beaucoup de panache, tout en montrant ses limites. Mais il a fait vibrer les Fran\u00e7ais tout au long de cette 20e \u00e9tape et de son \u00e9pop\u00e9e devant la course.<\/p>\n<p align=\"justify\"><strong>Le moins :<\/strong> <strong>David Gaudu<\/strong> n&rsquo;a pas r\u00e9pondu aux attentes, seulement 9e du classement g\u00e9n\u00e9ral, beaucoup plus loin que sa 4e place l&rsquo;an pass\u00e9. M\u00eame s&rsquo;il s&rsquo;est accroch\u00e9 courageusement, cette r\u00e9gression reste un mauvais r\u00e9sultat pour celui qui ambitionnait un podium. Malgr\u00e9 son activit\u00e9, la formation fran\u00e7aise n&rsquo;a jamais r\u00e9ussi \u00e0 d\u00e9crocher le moindre podium d&rsquo;\u00e9tape. Le spectre de l&rsquo;absence d&rsquo;<strong>Arnaud Demare<\/strong> a d\u00fb planer plus d&rsquo;une fois au sein de l&rsquo;\u00e9quipe. Globalement, d\u00e8s que l&rsquo;explication intervenait dans l&rsquo;\u00e9tape, on a vu les limites de l&rsquo;\u00e9quipe.<\/p>\n<h2 style=\"text-align: justify;\" align=\"justify\">EF Education-EasyPost : 9\/20<\/h2>\n<p align=\"justify\"><strong>Le + : Neilson Powless<\/strong> a \u00e9t\u00e9 courageux et combatif pour la bagarre au maillot \u00e0 pois. Sans \u00eatre en mesure d&rsquo;\u00eatre capable de le ramener \u00e0 Paris. On retiendra \u00e9galement <strong>James Shaw<\/strong>, brillant au Grand Colombier, avant d&rsquo;\u00eatre tr\u00e8s malheureux le lendemain.<\/p>\n<p align=\"justify\"><strong>Le &#8211; :<\/strong> Priv\u00e9 d\u00e8s la premi\u00e8re \u00e9tape de son leader <strong>Richard Carapaz<\/strong>, contraint \u00e0 l&rsquo;abandon, la formation am\u00e9ricaine a ensuite souffert. Aussi courageux soit-il, <strong>Neilson Powless<\/strong> a \u00e9t\u00e9 loin de son niveau de la fin d&rsquo;hiver et du d\u00e9but du printemps. Un grand Am\u00e9ricain n&rsquo;aurait pas \u00e9t\u00e9 l\u00e2ch\u00e9 si t\u00f4t dans les cols. C&rsquo;est une petite d\u00e9ception pour lui. Comme pour<strong> Magnus Cort Nielsen<\/strong> et <strong>Alberto Bettiol<\/strong>, et m\u00eame <strong>Rigoberto Uran<\/strong> et <strong>Esteban Chaves<\/strong>. La EF \u00e9tait arm\u00e9e pour le g\u00e9n\u00e9ral tout en ayant de sacr\u00e9es cartes pour la victoire d&rsquo;\u00e9tape. Une \u00e9quipe qui ressemblait un peu \u00e0 celle de la Bahrain-Victorious. Au final, ils sont bredouilles et le contraste avec la Bahrain est assez terrible.<\/p>\n<h2 align=\"justify\">Ark\u00e9a-Samsic : 9\/20<\/h2>\n<p align=\"justify\"><strong>Le + : Warren Barguil<\/strong> a anim\u00e9 la 20e \u00e9tape du Tour de France, en entrant dans le top 10 d&rsquo;\u00e9tape, comme au Markstein. Il a montr\u00e9 qu&rsquo;il terminait bien ce Tour de France. On peut noter la pr\u00e9sence dans des \u00e9chapp\u00e9es de <strong>Laurent Pichon et Matis Louvel<\/strong>. Mais aussi la 4e et la 7e places de <strong>Luca Mozzato<\/strong> qui, compte tenu du plateau des sprinters, a r\u00e9alis\u00e9 de belles choses. <strong>Simon Gugliemi<\/strong> a montr\u00e9 un temp\u00e9rament offensif.<\/p>\n<p align=\"justify\"><strong>Le &#8211; :<\/strong> Malgr\u00e9 tout, la formation fran\u00e7aise n&rsquo;a jamais \u00e9t\u00e9 en mesure de disputer la victoire d&rsquo;\u00e9tape. Le d\u00e9part de Nairo Quintana a forc\u00e9ment fait du mal \u00e0 l&rsquo;\u00e9quipe. Le Colombien \u00e9tait capable de matcher pour le g\u00e9n\u00e9ral et d&rsquo;apporter de belles places \u00e0 l&rsquo;\u00e9quipe. <strong>Cl\u00e9ment Champoussin<\/strong> n&rsquo;a pas \u00e9t\u00e9 \u00e0 un bon niveau.<\/p>\n<div class=\"vlp-link-container vlp-layout-article\"><a href=\"https:\/\/dicodusport.fr\/blog\/tour-de-france-2023-laurent-pichon-le-heros-de-la-3eme-etape\/\" class=\"vlp-link\" title=\"Tour de France 2023 : Laurent Pichon, le h\u00e9ros de la 3\u00e8me \u00e9tape\"><\/a><div class=\"vlp-layout-zone-side\"><div class=\"vlp-block-4 vlp-link-image\"><img loading=\"lazy\" decoding=\"async\" style=\"max-width: 800px;\" width=\"800\" height=\"445\" src=\"https:\/\/dicodusport.fr\/blog\/wp-content\/uploads\/2023\/07\/Tour-de-France-2023-Laurent-Pichon-le-heros-de-la-3eme-etape-1.png\" class=\"attachment-800x445 size-800x445\" alt=\"Tour de France 2023 Laurent Pichon, le h\u00e9ros de la 3\u00e8me \u00e9tape\" srcset=\"https:\/\/dicodusport.fr\/blog\/wp-content\/uploads\/2023\/07\/Tour-de-France-2023-Laurent-Pichon-le-heros-de-la-3eme-etape-1.png 800w, https:\/\/dicodusport.fr\/blog\/wp-content\/uploads\/2023\/07\/Tour-de-France-2023-Laurent-Pichon-le-heros-de-la-3eme-etape-1-300x167.png 300w, https:\/\/dicodusport.fr\/blog\/wp-content\/uploads\/2023\/07\/Tour-de-France-2023-Laurent-Pichon-le-heros-de-la-3eme-etape-1-768x427.png 768w\" sizes=\"auto, (max-width: 800px) 100vw, 800px\" \/><\/div><\/div><div class=\"vlp-layout-zone-main\"><div class=\"vlp-block-0 vlp-link-title\">Tour de France 2023 : Laurent Pichon, le h\u00e9ros de la 3\u00e8me \u00e9tape<\/div><div class=\"vlp-block-1 vlp-link-summary\">TOUR DE FRANCE 2023 - Laurent Pichon (Ark\u00e9a-Samsic) a anim\u00e9 cette troisi\u00e8me \u00e9tape avec Neilson Powless (EF Education-Easy Post). Le Fran\u00e7ais a incarn\u00e9 \u00e0 sa mani\u00e8re les valeurs des for\u00e7ats de la route.<\/div><div class=\"vlp-block-2 vlp-link-button\">Lire l'article<\/div><div class=\"vlp-block-3 vlp-link-url\">dicodusport.fr<\/div><\/div><\/div>\n<h2 align=\"justify\">Movistar : 7\/20<\/h2>\n<p align=\"justify\"><strong>Le + : Matteo Jorgenson<\/strong> est pass\u00e9 tout proche de la victoire au Puy-de-D\u00f4me et s&rsquo;est montr\u00e9 assez remuant tout au long du Tour<\/p>\n<p align=\"justify\"><strong>Le &#8211; :<\/strong> La formation espagnole a certes manqu\u00e9 de chance, avec l&rsquo;abandon d\u00e8s la premi\u00e8re \u00e9tape de son leader et candidat au podium <strong>Enric Mas<\/strong>, victime d&rsquo;une lourde chute. Mais la r\u00e9alit\u00e9, c&rsquo;est que la Movistar a perdu de son standing depuis quelques ann\u00e9es. Avec des coureurs tout simplement quelconques durant ce Tour de France. Une \u00e9dition de la Grande Boucle \u00e0 oublier pour eux.<\/p>\n<h2 align=\"justify\">Astana Qazaqstan : 7\/20<\/h2>\n<p align=\"justify\"><strong>Le + : Mark Cavendish<\/strong> est pass\u00e9 tout pr\u00e8s d&rsquo;\u00e9crire la l\u00e9gende du Tour de France du c\u00f4t\u00e9 de Bordeaux. Avec une 2e place d&rsquo;\u00e9tape. \u00c0 une place de devenir le coureur qui a gagn\u00e9 le plus d&rsquo;\u00e9tapes de l&rsquo;histoire de la Grande Boucle.<\/p>\n<p align=\"justify\"><strong>Le &#8211; :<\/strong> D\u00e8s le lendemain, le Britannique a d\u00fb abandonner. Un coup dur au vu de la forme du <em>Cav<\/em>. Cependant, la formationn kazakhe a souffert tout au long de ce Tour de France. Malgr\u00e9 quelques beaux coureurs sur le papier. On pense \u00e0 <strong>Gianni Moscon<\/strong> ou encore <strong>Alexey Lutsenko<\/strong>. Qui n&rsquo;ont jamais r\u00e9ellement pes\u00e9 sur le cours d&rsquo;une \u00e9tape. Notamment pour le dernier cit\u00e9, d\u00e9j\u00e0 dans le top 10 d&rsquo;un Tour de France. Mais qui n&rsquo;\u00e9tait pas au niveau cette ann\u00e9e. Encore moins pour la victoire d&rsquo;\u00e9tape. Cela ne fait que confirmer les difficult\u00e9s sportives de cette \u00e9quipe.\u00f9<\/p>\n<div class=\"vlp-link-container vlp-layout-article\"><a href=\"https:\/\/dicodusport.fr\/blog\/tour-de-france-2023-mark-cavendish-chute-et-est-contraint-a-labandon-sur-la-8e-etape\/\" class=\"vlp-link\" title=\"Tour de France 2023 : Mark Cavendish chute et est contraint \u00e0 l&#039;abandon sur la 8e \u00e9tape\"><\/a><div class=\"vlp-layout-zone-side\"><div class=\"vlp-block-4 vlp-link-image\"><img loading=\"lazy\" decoding=\"async\" style=\"max-width: 800px;\" width=\"800\" height=\"445\" src=\"https:\/\/dicodusport.fr\/blog\/wp-content\/uploads\/2023\/07\/Tour-de-France-2023-Mark-Cavendish-chute-et-est-contraint-a-labandon-sur-la-8e-etape.png\" class=\"attachment-800x445 size-800x445\" alt=\"Tour de France 2023 Mark Cavendish chute et est contraint \u00e0 l&#039;abandon sur la 8e \u00e9tape\" srcset=\"https:\/\/dicodusport.fr\/blog\/wp-content\/uploads\/2023\/07\/Tour-de-France-2023-Mark-Cavendish-chute-et-est-contraint-a-labandon-sur-la-8e-etape.png 800w, https:\/\/dicodusport.fr\/blog\/wp-content\/uploads\/2023\/07\/Tour-de-France-2023-Mark-Cavendish-chute-et-est-contraint-a-labandon-sur-la-8e-etape-300x167.png 300w, https:\/\/dicodusport.fr\/blog\/wp-content\/uploads\/2023\/07\/Tour-de-France-2023-Mark-Cavendish-chute-et-est-contraint-a-labandon-sur-la-8e-etape-768x427.png 768w\" sizes=\"auto, (max-width: 800px) 100vw, 800px\" \/><\/div><\/div><div class=\"vlp-layout-zone-main\"><div class=\"vlp-block-0 vlp-link-title\">Tour de France 2023 : Mark Cavendish chute et est contraint \u00e0 l'abandon sur la 8e \u00e9tape<\/div><div class=\"vlp-block-1 vlp-link-summary\">TOUR DE FRANCE 2023 - Mark Cavendish (Astana) a abandonn\u00e9 sur la 8e \u00e9tape du Tour, victime d'une chute \u00e0 62 kilom\u00e8tres de l'arriv\u00e9e. Le Britannique semble souffrir de l'\u00e9paule droite. C'\u00e9tait son dernier Tour de France<\/div><div class=\"vlp-block-2 vlp-link-button\">Lire l'article<\/div><div class=\"vlp-block-3 vlp-link-url\">dicodusport.fr<\/div><\/div><\/div>\n<h2 align=\"justify\">Intermarch\u00e9-Circus-Wanty : 7\/20<\/h2>\n<p align=\"justify\"><strong>Le + : Georg Zimmermann<\/strong> a \u00e9t\u00e9 actif dans quelques \u00e9chapp\u00e9es et est pass\u00e9 pr\u00e8s de la victoire \u00e0 Issoire<\/p>\n<p align=\"justify\"><strong>Le &#8211; :<\/strong> <strong>Biniam Girmay<\/strong> \u00e9tait attendu pour une victoire d&rsquo;\u00e9tape, voire se m\u00ealer \u00e0 la lutte pourn le maillot vert. Jamais le vainqueur de Gand-Wevelgem n&rsquo;a \u00e9t\u00e9 en mesure de scorer sur ce Tour de France. <strong>Louis Meintjes<\/strong> a \u00e9t\u00e9 malheureux, contraint \u00e0 l&rsquo;abandon lors de la terrible chute collective de la 14\u00e8me \u00e9tape. Mais le Sud-Africain ne semblait pas au niveau de 2022. En bref, la formation belge a souvent donn\u00e9 l&rsquo;impression de traverser le Tour de France comme un fant\u00f4me. Loin du niveau esp\u00e9r\u00e9 au vu des cartes align\u00e9es.<\/p>\n<h2 align=\"justify\">DSM-Firmenich : 5\/20<\/h2>\n<p align=\"justify\"><strong>Le + : <\/strong>Difficile de tirer du positif du Tour de France de la formation allemande.<\/p>\n<p align=\"justify\"><strong>Le &#8211; :<\/strong> On s&rsquo;est parfois demand\u00e9 si la DSM-Firmenich \u00e9tait vraiment pr\u00e9sente sur ce Tour de France. En grande difficult\u00e9, \u00e0 l&rsquo;image de son sprinteur <strong>Sam Welsford<\/strong>, qui n&rsquo;a pas fait mieux qu&rsquo;une 13e place au sprint. La formation allemande a eu la malchance de perdre<strong> Romain Bardet<\/strong>. Mais au moment de son abandon, le leader fran\u00e7ais pointait \u00e0 la 12e place du g\u00e9n\u00e9ral. Incapable de r\u00e9ellement peser sur la course. Et rien n&rsquo;indique qu&rsquo;il aurait pu inverser le cours des choses sur ce Tour de France. En bref, un Tour vraiment cauchemar pour eux.<\/p>\n<div class=\"vlp-link-container vlp-layout-article\"><a href=\"https:\/\/dicodusport.fr\/blog\/tour-de-france-2023-le-fiasco-total-de-lequipe-dsm-firmenich\/\" class=\"vlp-link\" title=\"Tour de France 2023 : Le fiasco total de l&#039;\u00e9quipe DSM-Firmenich\"><\/a><div class=\"vlp-layout-zone-side\"><div class=\"vlp-block-4 vlp-link-image\"><img loading=\"lazy\" decoding=\"async\" style=\"max-width: 800px;\" width=\"800\" height=\"445\" src=\"https:\/\/dicodusport.fr\/blog\/wp-content\/uploads\/2023\/07\/Tour-de-France-2023-Le-fiasco-total-de-lequipe-DSM-Firmenich.png\" class=\"attachment-800x445 size-800x445\" alt=\"Tour de France 2023 Le fiasco total de l&#039;\u00e9quipe DSM-Firmenich\" srcset=\"https:\/\/dicodusport.fr\/blog\/wp-content\/uploads\/2023\/07\/Tour-de-France-2023-Le-fiasco-total-de-lequipe-DSM-Firmenich.png 800w, https:\/\/dicodusport.fr\/blog\/wp-content\/uploads\/2023\/07\/Tour-de-France-2023-Le-fiasco-total-de-lequipe-DSM-Firmenich-300x167.png 300w, https:\/\/dicodusport.fr\/blog\/wp-content\/uploads\/2023\/07\/Tour-de-France-2023-Le-fiasco-total-de-lequipe-DSM-Firmenich-768x427.png 768w\" sizes=\"auto, (max-width: 800px) 100vw, 800px\" \/><\/div><\/div><div class=\"vlp-layout-zone-main\"><div class=\"vlp-block-0 vlp-link-title\">Tour de France 2023 : Le fiasco total de l'\u00e9quipe DSM-Firmenich<\/div><div class=\"vlp-block-1 vlp-link-summary\">TOUR DE FRANCE 2023 \u2013 Incapable de gratter le moindre r\u00e9sultat depuis le d\u00e9but de la Grande Boucle, la Team DSM-Firmenich traverse l'\u00e9preuve de mani\u00e8re fantomatique. \u00c0 trois jours de l'arriv\u00e9e \u00e0 Paris, difficile d'imaginer l'\u00e9quipe n\u00e9erlandaise capable de remonter la pente pour sauver les meubles.<\/div><div class=\"vlp-block-2 vlp-link-button\">Lire l'article<\/div><div class=\"vlp-block-3 vlp-link-url\">dicodusport.fr<\/div><\/div><\/div>\n<h2 style=\"text-align: justify;\">\u00c0 lire aussi<\/h2>\n<ul>\n<li><b><a href=\"https:\/\/dicodusport.fr\/blog\/tour-de-france-2023-classement-general-maillot-jaune\/\">Le classement g\u00e9n\u00e9ral du Tour de France<\/a>\u00a0<\/b><\/li>\n<li style=\"text-align: justify;\"><a href=\"https:\/\/dicodusport.fr\/blog\/tour-de-france-2023-classement-general-des-francais\/\"><strong>Le classement g\u00e9n\u00e9ral des Fran\u00e7ais<\/strong><\/a><\/li>\n<\/ul>\n","protected":false},"excerpt":{"rendered":"<p>TOUR DE FRANCE 2023 &#8211; Retrouvez le carnet de notes de toutes les \u00e9quipes ayant particip\u00e9 \u00e0 cette \u00e9dition 2023 de la Grande Boucle.<\/p>\n","protected":false},"author":83,"featured_media":402840,"comment_status":"open","ping_status":"closed","sticky":false,"template":"","format":"standard","meta":{"_acf_changed":false,"_daextam_enable_autolinks":"","footnotes":""},"categories":[46995],"tags":[16878,574,24,1262],"class_list":["post-402733","post","type-post","status-publish","format-standard","has-post-thumbnail","hentry","category-tour-de-france","tag-breve","tag-cyclisme","tag-sport","tag-tour-de-france"],"acf":[],"yoast_head":"<!-- This site is optimized with the Yoast SEO Premium plugin v26.7 (Yoast SEO v26.7) - https:\/\/yoast.com\/wordpress\/plugins\/seo\/ -->\n<title>Tour de France 2023 : Le carnet de notes des \u00e9quipes<\/title>\n<meta name=\"description\" content=\"TOUR DE FRANCE 2023 - Retrouvez le carnet de notes de toutes les \u00e9quipes ayant particip\u00e9 \u00e0 cette \u00e9dition 2023 de la Grande Boucle.\" \/>\n<meta name=\"robots\" content=\"index, follow, max-snippet:-1, max-image-preview:large, max-video-preview:-1\" \/>\n<link rel=\"canonical\" href=\"https:\/\/dicodusport.fr\/blog\/tour-de-france-2023-le-carnet-de-notes-des-equipes\/\" \/>\n<meta property=\"og:locale\" content=\"fr_FR\" \/>\n<meta property=\"og:type\" content=\"article\" \/>\n<meta property=\"og:title\" content=\"Tour de France 2023 : Le carnet de notes des \u00e9quipes\" \/>\n<meta property=\"og:description\" content=\"TOUR DE FRANCE 2023 - Retrouvez le carnet de notes de toutes les \u00e9quipes ayant particip\u00e9 \u00e0 cette \u00e9dition 2023 de la Grande Boucle.\" \/>\n<meta property=\"og:url\" content=\"https:\/\/dicodusport.fr\/blog\/tour-de-france-2023-le-carnet-de-notes-des-equipes\/\" \/>\n<meta property=\"og:site_name\" content=\"Dicodusport\" \/>\n<meta property=\"article:publisher\" content=\"https:\/\/www.facebook.com\/dicodusport\" \/>\n<meta property=\"article:published_time\" content=\"2023-07-24T14:20:05+00:00\" \/>\n<meta property=\"article:modified_time\" content=\"2023-07-24T14:59:00+00:00\" \/>\n<meta property=\"og:image\" content=\"https:\/\/dicodusport.fr\/blog\/wp-content\/uploads\/2023\/07\/Tour-de-France-2023-Le-carnet-de-notes-des-equipes.png\" \/>\n\t<meta property=\"og:image:width\" content=\"800\" \/>\n\t<meta property=\"og:image:height\" content=\"445\" \/>\n\t<meta property=\"og:image:type\" content=\"image\/png\" \/>\n<meta name=\"author\" content=\"Etienne Goursaud\" \/>\n<meta name=\"twitter:card\" content=\"summary_large_image\" \/>\n<meta name=\"twitter:title\" content=\"Tour de France 2023 : Le carnet de notes des \u00e9quipes\" \/>\n<meta name=\"twitter:creator\" content=\"@dicodusport\" \/>\n<meta name=\"twitter:site\" content=\"@dicodusport\" \/>\n<script type=\"application\/ld+json\" class=\"yoast-schema-graph\">{\"@context\":\"https:\/\/schema.org\",\"@graph\":[{\"@type\":\"NewsArticle\",\"@id\":\"https:\/\/dicodusport.fr\/blog\/tour-de-france-2023-le-carnet-de-notes-des-equipes\/#article\",\"isPartOf\":{\"@id\":\"https:\/\/dicodusport.fr\/blog\/tour-de-france-2023-le-carnet-de-notes-des-equipes\/\"},\"author\":{\"name\":\"Etienne Goursaud\",\"@id\":\"https:\/\/dicodusport.fr\/blog\/#\/schema\/person\/d603dd7da31fb2b46c82b9835a77ec13\"},\"headline\":\"Tour de France 2023 : Le carnet de notes des \u00e9quipes\",\"datePublished\":\"2023-07-24T14:20:05+00:00\",\"dateModified\":\"2023-07-24T14:59:00+00:00\",\"mainEntityOfPage\":{\"@id\":\"https:\/\/dicodusport.fr\/blog\/tour-de-france-2023-le-carnet-de-notes-des-equipes\/\"},\"wordCount\":5018,\"commentCount\":0,\"publisher\":{\"@id\":\"https:\/\/dicodusport.fr\/blog\/#organization\"},\"image\":{\"@id\":\"https:\/\/dicodusport.fr\/blog\/tour-de-france-2023-le-carnet-de-notes-des-equipes\/#primaryimage\"},\"thumbnailUrl\":\"https:\/\/dicodusport.fr\/blog\/wp-content\/uploads\/2023\/07\/Tour-de-France-2023-Le-carnet-de-notes-des-equipes.png\",\"keywords\":[\"br\u00e8ve\",\"Cyclisme\",\"sport\",\"Tour de France\"],\"articleSection\":[\"Tour de France\"],\"inLanguage\":\"fr-FR\",\"potentialAction\":[{\"@type\":\"CommentAction\",\"name\":\"Comment\",\"target\":[\"https:\/\/dicodusport.fr\/blog\/tour-de-france-2023-le-carnet-de-notes-des-equipes\/#respond\"]}],\"copyrightYear\":\"2023\",\"copyrightHolder\":{\"@id\":\"https:\/\/dicodusport.fr\/blog\/#organization\"}},{\"@type\":\"WebPage\",\"@id\":\"https:\/\/dicodusport.fr\/blog\/tour-de-france-2023-le-carnet-de-notes-des-equipes\/\",\"url\":\"https:\/\/dicodusport.fr\/blog\/tour-de-france-2023-le-carnet-de-notes-des-equipes\/\",\"name\":\"Tour de France 2023 : Le carnet de notes des \u00e9quipes\",\"isPartOf\":{\"@id\":\"https:\/\/dicodusport.fr\/blog\/#website\"},\"primaryImageOfPage\":{\"@id\":\"https:\/\/dicodusport.fr\/blog\/tour-de-france-2023-le-carnet-de-notes-des-equipes\/#primaryimage\"},\"image\":{\"@id\":\"https:\/\/dicodusport.fr\/blog\/tour-de-france-2023-le-carnet-de-notes-des-equipes\/#primaryimage\"},\"thumbnailUrl\":\"https:\/\/dicodusport.fr\/blog\/wp-content\/uploads\/2023\/07\/Tour-de-France-2023-Le-carnet-de-notes-des-equipes.png\",\"datePublished\":\"2023-07-24T14:20:05+00:00\",\"dateModified\":\"2023-07-24T14:59:00+00:00\",\"description\":\"TOUR DE FRANCE 2023 - Retrouvez le carnet de notes de toutes les \u00e9quipes ayant particip\u00e9 \u00e0 cette \u00e9dition 2023 de la Grande Boucle.\",\"breadcrumb\":{\"@id\":\"https:\/\/dicodusport.fr\/blog\/tour-de-france-2023-le-carnet-de-notes-des-equipes\/#breadcrumb\"},\"inLanguage\":\"fr-FR\",\"potentialAction\":[{\"@type\":\"ReadAction\",\"target\":[\"https:\/\/dicodusport.fr\/blog\/tour-de-france-2023-le-carnet-de-notes-des-equipes\/\"]}]},{\"@type\":\"ImageObject\",\"inLanguage\":\"fr-FR\",\"@id\":\"https:\/\/dicodusport.fr\/blog\/tour-de-france-2023-le-carnet-de-notes-des-equipes\/#primaryimage\",\"url\":\"https:\/\/dicodusport.fr\/blog\/wp-content\/uploads\/2023\/07\/Tour-de-France-2023-Le-carnet-de-notes-des-equipes.png\",\"contentUrl\":\"https:\/\/dicodusport.fr\/blog\/wp-content\/uploads\/2023\/07\/Tour-de-France-2023-Le-carnet-de-notes-des-equipes.png\",\"width\":800,\"height\":445,\"caption\":\"Tour de France 2023 Le carnet de notes des \u00e9quipes\"},{\"@type\":\"BreadcrumbList\",\"@id\":\"https:\/\/dicodusport.fr\/blog\/tour-de-france-2023-le-carnet-de-notes-des-equipes\/#breadcrumb\",\"itemListElement\":[{\"@type\":\"ListItem\",\"position\":1,\"name\":\"Accueil\",\"item\":\"https:\/\/dicodusport.fr\/blog\/\"},{\"@type\":\"ListItem\",\"position\":2,\"name\":\"Tour de France 2023 : Le carnet de notes des \u00e9quipes\"}]},{\"@type\":\"WebSite\",\"@id\":\"https:\/\/dicodusport.fr\/blog\/#website\",\"url\":\"https:\/\/dicodusport.fr\/blog\/\",\"name\":\"Dicodusport\",\"description\":\"L&#039;encyclop\u00e9die de l&#039;actualit\u00e9 sportive\",\"publisher\":{\"@id\":\"https:\/\/dicodusport.fr\/blog\/#organization\"},\"potentialAction\":[{\"@type\":\"SearchAction\",\"target\":{\"@type\":\"EntryPoint\",\"urlTemplate\":\"https:\/\/dicodusport.fr\/blog\/?s={search_term_string}\"},\"query-input\":{\"@type\":\"PropertyValueSpecification\",\"valueRequired\":true,\"valueName\":\"search_term_string\"}}],\"inLanguage\":\"fr-FR\"},{\"@type\":\"NewsMediaOrganization\",\"@id\":\"https:\/\/dicodusport.fr\/blog\/#organization\",\"name\":\"Dicodusport\",\"url\":\"https:\/\/dicodusport.fr\/blog\/\",\"logo\":{\"@type\":\"ImageObject\",\"inLanguage\":\"fr-FR\",\"@id\":\"https:\/\/dicodusport.fr\/blog\/#\/schema\/logo\/image\/\",\"url\":\"https:\/\/dicodusport.fr\/blog\/wp-content\/uploads\/2020\/06\/cropped-LOGO-DICODUSPORT-2020-SANS-FOND-SANS-TEXTE.png\",\"contentUrl\":\"https:\/\/dicodusport.fr\/blog\/wp-content\/uploads\/2020\/06\/cropped-LOGO-DICODUSPORT-2020-SANS-FOND-SANS-TEXTE.png\",\"width\":512,\"height\":512,\"caption\":\"Dicodusport\"},\"image\":{\"@id\":\"https:\/\/dicodusport.fr\/blog\/#\/schema\/logo\/image\/\"},\"sameAs\":[\"https:\/\/www.facebook.com\/dicodusport\",\"https:\/\/x.com\/dicodusport\",\"https:\/\/www.instagram.com\/dicodusport\/\",\"https:\/\/www.youtube.com\/channel\/UC7V2KZ5sd3htJivAbA4ZG3w\"],\"description\":\"Dicodusport est l'encyclop\u00e9die de l'actualit\u00e9 sportive.\",\"email\":\"bonjour@dicodusport.fr\",\"legalName\":\"DICODUSPORT\",\"foundingDate\":\"2018-01-14\",\"vatID\":\"FR71834470973\",\"taxID\":\"83447097300043\",\"numberOfEmployees\":{\"@type\":\"QuantitativeValue\",\"minValue\":\"1\",\"maxValue\":\"10\"}},{\"@type\":\"Person\",\"@id\":\"https:\/\/dicodusport.fr\/blog\/#\/schema\/person\/d603dd7da31fb2b46c82b9835a77ec13\",\"name\":\"Etienne Goursaud\",\"image\":{\"@type\":\"ImageObject\",\"inLanguage\":\"fr-FR\",\"@id\":\"https:\/\/dicodusport.fr\/blog\/#\/schema\/person\/image\/\",\"url\":\"https:\/\/dicodusport.fr\/blog\/wp-content\/uploads\/2023\/12\/410122264_10231602061736049_5565839791558026645_n-150x150.jpg\",\"contentUrl\":\"https:\/\/dicodusport.fr\/blog\/wp-content\/uploads\/2023\/12\/410122264_10231602061736049_5565839791558026645_n-150x150.jpg\",\"caption\":\"Etienne Goursaud\"},\"description\":\"Journaliste et amoureux de sport. Ancien footballeur reconverti athl\u00e8te quand ses muscles le laissent tranquille. \u00c9lev\u00e9 \u00e0 la sauce des exploits de Thomas Voeckler en 2004, du dernier essai de l\u00e9gende de Eunice Barber \u00e0 la longueur lors des championnats du monde d'athl\u00e9tisme de 2003 mais aussi Zidane, Omeyer et Titou Lamaison.\",\"url\":\"https:\/\/dicodusport.fr\/blog\/author\/etienne-goursaud\/\"}]}<\/script>\n<!-- \/ Yoast SEO Premium plugin. -->","yoast_head_json":{"title":"Tour de France 2023 : Le carnet de notes des \u00e9quipes","description":"TOUR DE FRANCE 2023 - Retrouvez le carnet de notes de toutes les \u00e9quipes ayant particip\u00e9 \u00e0 cette \u00e9dition 2023 de la Grande Boucle.","robots":{"index":"index","follow":"follow","max-snippet":"max-snippet:-1","max-image-preview":"max-image-preview:large","max-video-preview":"max-video-preview:-1"},"canonical":"https:\/\/dicodusport.fr\/blog\/tour-de-france-2023-le-carnet-de-notes-des-equipes\/","og_locale":"fr_FR","og_type":"article","og_title":"Tour de France 2023 : Le carnet de notes des \u00e9quipes","og_description":"TOUR DE FRANCE 2023 - Retrouvez le carnet de notes de toutes les \u00e9quipes ayant particip\u00e9 \u00e0 cette \u00e9dition 2023 de la Grande Boucle.","og_url":"https:\/\/dicodusport.fr\/blog\/tour-de-france-2023-le-carnet-de-notes-des-equipes\/","og_site_name":"Dicodusport","article_publisher":"https:\/\/www.facebook.com\/dicodusport","article_published_time":"2023-07-24T14:20:05+00:00","article_modified_time":"2023-07-24T14:59:00+00:00","og_image":[{"width":800,"height":445,"url":"https:\/\/dicodusport.fr\/blog\/wp-content\/uploads\/2023\/07\/Tour-de-France-2023-Le-carnet-de-notes-des-equipes.png","type":"image\/png"}],"author":"Etienne Goursaud","twitter_card":"summary_large_image","twitter_title":"Tour de France 2023 : Le carnet de notes des \u00e9quipes","twitter_creator":"@dicodusport","twitter_site":"@dicodusport","schema":{"@context":"https:\/\/schema.org","@graph":[{"@type":"NewsArticle","@id":"https:\/\/dicodusport.fr\/blog\/tour-de-france-2023-le-carnet-de-notes-des-equipes\/#article","isPartOf":{"@id":"https:\/\/dicodusport.fr\/blog\/tour-de-france-2023-le-carnet-de-notes-des-equipes\/"},"author":{"name":"Etienne Goursaud","@id":"https:\/\/dicodusport.fr\/blog\/#\/schema\/person\/d603dd7da31fb2b46c82b9835a77ec13"},"headline":"Tour de France 2023 : Le carnet de notes des \u00e9quipes","datePublished":"2023-07-24T14:20:05+00:00","dateModified":"2023-07-24T14:59:00+00:00","mainEntityOfPage":{"@id":"https:\/\/dicodusport.fr\/blog\/tour-de-france-2023-le-carnet-de-notes-des-equipes\/"},"wordCount":5018,"commentCount":0,"publisher":{"@id":"https:\/\/dicodusport.fr\/blog\/#organization"},"image":{"@id":"https:\/\/dicodusport.fr\/blog\/tour-de-france-2023-le-carnet-de-notes-des-equipes\/#primaryimage"},"thumbnailUrl":"https:\/\/dicodusport.fr\/blog\/wp-content\/uploads\/2023\/07\/Tour-de-France-2023-Le-carnet-de-notes-des-equipes.png","keywords":["br\u00e8ve","Cyclisme","sport","Tour de France"],"articleSection":["Tour de France"],"inLanguage":"fr-FR","potentialAction":[{"@type":"CommentAction","name":"Comment","target":["https:\/\/dicodusport.fr\/blog\/tour-de-france-2023-le-carnet-de-notes-des-equipes\/#respond"]}],"copyrightYear":"2023","copyrightHolder":{"@id":"https:\/\/dicodusport.fr\/blog\/#organization"}},{"@type":"WebPage","@id":"https:\/\/dicodusport.fr\/blog\/tour-de-france-2023-le-carnet-de-notes-des-equipes\/","url":"https:\/\/dicodusport.fr\/blog\/tour-de-france-2023-le-carnet-de-notes-des-equipes\/","name":"Tour de France 2023 : Le carnet de notes des \u00e9quipes","isPartOf":{"@id":"https:\/\/dicodusport.fr\/blog\/#website"},"primaryImageOfPage":{"@id":"https:\/\/dicodusport.fr\/blog\/tour-de-france-2023-le-carnet-de-notes-des-equipes\/#primaryimage"},"image":{"@id":"https:\/\/dicodusport.fr\/blog\/tour-de-france-2023-le-carnet-de-notes-des-equipes\/#primaryimage"},"thumbnailUrl":"https:\/\/dicodusport.fr\/blog\/wp-content\/uploads\/2023\/07\/Tour-de-France-2023-Le-carnet-de-notes-des-equipes.png","datePublished":"2023-07-24T14:20:05+00:00","dateModified":"2023-07-24T14:59:00+00:00","description":"TOUR DE FRANCE 2023 - Retrouvez le carnet de notes de toutes les \u00e9quipes ayant particip\u00e9 \u00e0 cette \u00e9dition 2023 de la Grande Boucle.","breadcrumb":{"@id":"https:\/\/dicodusport.fr\/blog\/tour-de-france-2023-le-carnet-de-notes-des-equipes\/#breadcrumb"},"inLanguage":"fr-FR","potentialAction":[{"@type":"ReadAction","target":["https:\/\/dicodusport.fr\/blog\/tour-de-france-2023-le-carnet-de-notes-des-equipes\/"]}]},{"@type":"ImageObject","inLanguage":"fr-FR","@id":"https:\/\/dicodusport.fr\/blog\/tour-de-france-2023-le-carnet-de-notes-des-equipes\/#primaryimage","url":"https:\/\/dicodusport.fr\/blog\/wp-content\/uploads\/2023\/07\/Tour-de-France-2023-Le-carnet-de-notes-des-equipes.png","contentUrl":"https:\/\/dicodusport.fr\/blog\/wp-content\/uploads\/2023\/07\/Tour-de-France-2023-Le-carnet-de-notes-des-equipes.png","width":800,"height":445,"caption":"Tour de France 2023 Le carnet de notes des \u00e9quipes"},{"@type":"BreadcrumbList","@id":"https:\/\/dicodusport.fr\/blog\/tour-de-france-2023-le-carnet-de-notes-des-equipes\/#breadcrumb","itemListElement":[{"@type":"ListItem","position":1,"name":"Accueil","item":"https:\/\/dicodusport.fr\/blog\/"},{"@type":"ListItem","position":2,"name":"Tour de France 2023 : Le carnet de notes des \u00e9quipes"}]},{"@type":"WebSite","@id":"https:\/\/dicodusport.fr\/blog\/#website","url":"https:\/\/dicodusport.fr\/blog\/","name":"Dicodusport","description":"L&#039;encyclop\u00e9die de l&#039;actualit\u00e9 sportive","publisher":{"@id":"https:\/\/dicodusport.fr\/blog\/#organization"},"potentialAction":[{"@type":"SearchAction","target":{"@type":"EntryPoint","urlTemplate":"https:\/\/dicodusport.fr\/blog\/?s={search_term_string}"},"query-input":{"@type":"PropertyValueSpecification","valueRequired":true,"valueName":"search_term_string"}}],"inLanguage":"fr-FR"},{"@type":"NewsMediaOrganization","@id":"https:\/\/dicodusport.fr\/blog\/#organization","name":"Dicodusport","url":"https:\/\/dicodusport.fr\/blog\/","logo":{"@type":"ImageObject","inLanguage":"fr-FR","@id":"https:\/\/dicodusport.fr\/blog\/#\/schema\/logo\/image\/","url":"https:\/\/dicodusport.fr\/blog\/wp-content\/uploads\/2020\/06\/cropped-LOGO-DICODUSPORT-2020-SANS-FOND-SANS-TEXTE.png","contentUrl":"https:\/\/dicodusport.fr\/blog\/wp-content\/uploads\/2020\/06\/cropped-LOGO-DICODUSPORT-2020-SANS-FOND-SANS-TEXTE.png","width":512,"height":512,"caption":"Dicodusport"},"image":{"@id":"https:\/\/dicodusport.fr\/blog\/#\/schema\/logo\/image\/"},"sameAs":["https:\/\/www.facebook.com\/dicodusport","https:\/\/x.com\/dicodusport","https:\/\/www.instagram.com\/dicodusport\/","https:\/\/www.youtube.com\/channel\/UC7V2KZ5sd3htJivAbA4ZG3w"],"description":"Dicodusport est l'encyclop\u00e9die de l'actualit\u00e9 sportive.","email":"bonjour@dicodusport.fr","legalName":"DICODUSPORT","foundingDate":"2018-01-14","vatID":"FR71834470973","taxID":"83447097300043","numberOfEmployees":{"@type":"QuantitativeValue","minValue":"1","maxValue":"10"}},{"@type":"Person","@id":"https:\/\/dicodusport.fr\/blog\/#\/schema\/person\/d603dd7da31fb2b46c82b9835a77ec13","name":"Etienne Goursaud","image":{"@type":"ImageObject","inLanguage":"fr-FR","@id":"https:\/\/dicodusport.fr\/blog\/#\/schema\/person\/image\/","url":"https:\/\/dicodusport.fr\/blog\/wp-content\/uploads\/2023\/12\/410122264_10231602061736049_5565839791558026645_n-150x150.jpg","contentUrl":"https:\/\/dicodusport.fr\/blog\/wp-content\/uploads\/2023\/12\/410122264_10231602061736049_5565839791558026645_n-150x150.jpg","caption":"Etienne Goursaud"},"description":"Journaliste et amoureux de sport. Ancien footballeur reconverti athl\u00e8te quand ses muscles le laissent tranquille. \u00c9lev\u00e9 \u00e0 la sauce des exploits de Thomas Voeckler en 2004, du dernier essai de l\u00e9gende de Eunice Barber \u00e0 la longueur lors des championnats du monde d'athl\u00e9tisme de 2003 mais aussi Zidane, Omeyer et Titou Lamaison.","url":"https:\/\/dicodusport.fr\/blog\/author\/etienne-goursaud\/"}]}},"_links":{"self":[{"href":"https:\/\/dicodusport.fr\/blog\/wp-json\/wp\/v2\/posts\/402733","targetHints":{"allow":["GET"]}}],"collection":[{"href":"https:\/\/dicodusport.fr\/blog\/wp-json\/wp\/v2\/posts"}],"about":[{"href":"https:\/\/dicodusport.fr\/blog\/wp-json\/wp\/v2\/types\/post"}],"author":[{"embeddable":true,"href":"https:\/\/dicodusport.fr\/blog\/wp-json\/wp\/v2\/users\/83"}],"replies":[{"embeddable":true,"href":"https:\/\/dicodusport.fr\/blog\/wp-json\/wp\/v2\/comments?post=402733"}],"version-history":[{"count":0,"href":"https:\/\/dicodusport.fr\/blog\/wp-json\/wp\/v2\/posts\/402733\/revisions"}],"wp:featuredmedia":[{"embeddable":true,"href":"https:\/\/dicodusport.fr\/blog\/wp-json\/wp\/v2\/media\/402840"}],"wp:attachment":[{"href":"https:\/\/dicodusport.fr\/blog\/wp-json\/wp\/v2\/media?parent=402733"}],"wp:term":[{"taxonomy":"category","embeddable":true,"href":"https:\/\/dicodusport.fr\/blog\/wp-json\/wp\/v2\/categories?post=402733"},{"taxonomy":"post_tag","embeddable":true,"href":"https:\/\/dicodusport.fr\/blog\/wp-json\/wp\/v2\/tags?post=402733"}],"curies":[{"name":"wp","href":"https:\/\/api.w.org\/{rel}","templated":true}]}}