{"id":4028,"date":"2017-08-14T16:35:19","date_gmt":"2017-08-14T15:35:19","guid":{"rendered":"http:\/\/dicodusport.fr\/blog\/?p=4028"},"modified":"2021-10-18T17:24:42","modified_gmt":"2021-10-18T15:24:42","slug":"jessy-tremouliere-je-vois-france-aller-finale","status":"publish","type":"post","link":"https:\/\/dicodusport.fr\/blog\/jessy-tremouliere-je-vois-france-aller-finale\/","title":{"rendered":"Jessy Tr\u00e9mouli\u00e8re : \u00ab\u00a0Je vois la France aller en finale\u00a0\u00bb"},"content":{"rendered":"<p style=\"text-align: justify;\"><span style=\"color: #000000;\"><em>Nous avons rencontr\u00e9 Jessy Tr\u00e9mouli\u00e8re, joueuse de <span style=\"color: #0000ff;\"><a style=\"color: #0000ff;\" href=\"https:\/\/dicodusport.fr\/definition-sport\/rugby-a-xv\/\" target=\"_blank\" rel=\"noopener noreferrer\">rugby<\/a><\/span> de 25 ans, qui \u00e0 d\u00e9faut d&rsquo;avoir pu participer \u00e0 la Coupe du Monde, voit l&rsquo;\u00e9quipe de France aller au moins en finale !\u00a0<\/em><\/span><\/p>\n<p style=\"text-align: justify;\"><span style=\"font-size: 20px; color: #000000;\"><strong>Jessy, peux-tu te pr\u00e9senter en quelques mots\u00a0?<\/strong><\/span><\/p>\n<p style=\"text-align: justify;\"><span style=\"color: #000000;\">Je m\u2019appelle Jessy Tr\u00e9mouli\u00e8re, j\u2019ai 25 ans et j\u2019ai commenc\u00e9 le rugby \u00e0 16 ans. J\u2019ai sign\u00e9 un contrat pro en juillet 2015 avec la f\u00e9d\u00e9ration pour le rugby \u00e0 7 et pour pouvoir participer aux JO. J\u2019ai aussi 43 s\u00e9lections en \u00e9quipe de France.<\/span><\/p>\n<p style=\"text-align: justify;\"><span style=\"font-size: 20px; color: #000000;\"><strong>Comment as-tu commenc\u00e9\u00a0le rugby\u00a0?<\/strong><\/span><\/p>\n<p style=\"text-align: justify;\"><span style=\"color: #000000;\">Lors de ma seconde j\u2019ai particip\u00e9 \u00e0 une demi-journ\u00e9e d\u2019initiation au rugby qui \u00e9tait obligatoire pour les filles. Je me suis pr\u00eat\u00e9e au jeu et \u00e0 la fin l\u2019entra\u00eeneur m\u2019a propos\u00e9 de prendre une licence. J\u2019ai accept\u00e9 et c\u2019est comme cela que je suis devenue joueuse de rugby. J\u2019avais commenc\u00e9 par le football plus jeune.<\/span><\/p>\n<p style=\"text-align: justify;\"><span style=\"font-size: 20px; color: #000000;\"><strong>Tu quittes Romagnat pour t\u2019engager avec le Stade Rennais, pourquoi avoir fait ce choix\u00a0?<\/strong><\/span><\/p>\n<p style=\"text-align: justify;\"><span style=\"color: #000000;\">Cela faisait sept ans que j\u2019\u00e9tais au club de Romagnat et j\u2019avais vraiment envie de voir autre chose pour pouvoir pr\u00e9tendre \u00e0 des titres. Il y a deux ans, nous avons \u00e9t\u00e9 championnes de France Elite 2 et depuis nous jouons les fins de tableau. J\u2019avais envie de conna\u00eetre autre chose et j\u2019ai choisi Rennes car c\u2019est une \u00e9quipe tr\u00e8s compl\u00e8te qui m\u2019a s\u00e9duite la saison derni\u00e8re.<\/span><\/p>\n<p style=\"text-align: justify;\"><span style=\"font-size: 20px; color: #000000;\"><strong>Jeux Olympiques\u00a02016 ou coupe du monde 2014, quel est ton meilleur souvenir\u00a0?<\/strong><\/span><\/p>\n<p style=\"text-align: justify;\"><span style=\"color: #000000;\">C\u2019est deux tr\u00e8s bons souvenirs qui sont\u00a0diff\u00e9rents l\u2019un de l\u2019autre. Participer aux Jeux Olympiques est un r\u00eave pour tout athl\u00e8te, c\u2019est extraordinaire. La coupe du monde en 2014 c\u2019\u00e9tait ma premi\u00e8re donc \u00e7a reste un tr\u00e8s bon souvenir aussi\u00a0!<\/span><\/p>\n<p style=\"text-align: justify;\"><span style=\"font-size: 20px; color: #000000;\"><strong>Tu n\u2019as pas \u00e9t\u00e9 suffisamment remise d\u2019une blessure pour participer \u00e0 la Coupe du monde 2017, comment vas-tu\u00a0physiquement\u00a0? N\u2019est-ce pas trop difficile\u00a0de suivre les copines \u00e0 la t\u00e9l\u00e9\u00a0?<\/strong><\/span><\/p>\n<p style=\"text-align: justify;\"><span style=\"color: #000000;\">Au niveau physique cela va tr\u00e8s bien. J\u2019ai suivi une r\u00e9\u00e9ducation d\u2019un mois \u00e0 Capbreton en juin puis j\u2019ai poursuivi \u00e0 Marcoussis sur le mois de juillet. Ces deux mois ont \u00e9t\u00e9 vraiment b\u00e9n\u00e9fiques pour moi mais au moment des matchs amicaux je ne pouvais pas encore faire de contact donc je n\u2019ai pas \u00e9t\u00e9 retenu dans le groupe. J\u2019ai pris un peu de vacances avant de reprendre dans quelques jours pour \u00eatre bien pour la nouvelle saison.<\/span><br \/>\n<span style=\"color: #000000;\"> Un peu difficile car j\u2019aurais aim\u00e9 participer \u00e0 la comp\u00e9tition mais les blessures font partie du sport. Et je suis tr\u00e8s contente de leur parcours.<\/span><\/p>\n<p style=\"text-align: justify;\"><span style=\"font-size: 20px; color: #000000;\"><strong>Si on revient sur le premier match contre le Japon, on peut parler d\u2019une entr\u00e9e en mati\u00e8re r\u00e9ussie pour les bleus\u00a0?<\/strong><\/span><\/p>\n<p style=\"text-align: justify;\"><span style=\"color: #000000;\">C\u2019est vrai que le Japon est une \u00e9quipe que l\u2019on conna\u00eet tr\u00e8s peu donc les filles ont d\u00fb les regarder \u00e0 la vid\u00e9o. Les japonaises n\u2019ont pas d\u00e9m\u00e9rit\u00e9 dans leur second match, ce qui prouve que les bleues ont vraiment r\u00e9alis\u00e9 une grosse performance lors du premier match.<\/span><\/p>\n<p style=\"text-align: justify;\"><span style=\"font-size: 20px; color: #000000;\"><strong>Et hier contre l\u2019Australie, une v\u00e9ritable d\u00e9monstration, comment expliques-tu un tel \u00e9cart\u00a0?<\/strong><\/span><\/p>\n<p style=\"text-align: justify;\"><span style=\"color: #000000;\">Cela vient d\u00e9j\u00e0 des moyens mis \u00e0 disposition par la f\u00e9d\u00e9ration, l\u2019Australie privil\u00e9gie le rugby \u00e0 7. Nous avons aussi vu que le changement de staff de l\u2019\u00e9quipe de France est b\u00e9n\u00e9fique pour le projet de jeu de l\u2019\u00e9quipe. C\u2019est un jeu bas\u00e9 sur l\u2019alternance, avant et trois-quarts sont m\u00e9lang\u00e9s dans la ligne, il y a du jeu de proposer\u00a0!<\/span><\/p>\n<p style=\"text-align: justify;\"><span style=\"font-size: 20px; color: #000000;\"><strong>Le dernier match contre l\u2019Irlande se profile, les irlandaises ont \u00e9t\u00e9 malmen\u00e9es sur leurs 2 premiers matchs, quelle sera la cl\u00e9 de la rencontre\u00a0?<\/strong><\/span><\/p>\n<p style=\"text-align: justify;\"><span style=\"color: #000000;\">Contre le Japon, j\u2019ai trouv\u00e9 le jeu des irlandais tr\u00e8s lents, cela manquait de fluidit\u00e9\u00a0! Et je pense que si la France continue sur sa lanc\u00e9e en proposant du jeu, elles pourront battre l\u2019Irlande.<\/span><\/p>\n<p style=\"text-align: justify;\"><span style=\"font-size: 20px; color: #000000;\"><strong>Sur ce que tu as vu depuis le d\u00e9but du mondial, quel sera l\u2019adversaire le plus compliqu\u00e9 pour les bleus\u00a0?<\/strong><\/span><\/p>\n<p style=\"text-align: justify;\"><span style=\"color: #000000;\">De ce que j\u2019ai pu voir j\u2019ai trouv\u00e9 l\u2019Angleterre tr\u00e8s en place, elles veulent confirmer leur bonne forme. La Nouvelle-Z\u00e9lande est aussi performante mais je les mettrai un peu derri\u00e8re les anglaises. Mais peu importe l\u2019adversaire des bleues en demie, je les vois aller en finale\u00a0! \ud83d\ude42<\/span><\/p>\n<p style=\"text-align: justify;\"><span style=\"font-size: 20px; color: #000000;\"><strong>Qu\u2019est-ce qu\u2019on peut te souhaiter pour la suite de ta carri\u00e8re\u00a0?<\/strong><\/span><\/p>\n<p style=\"text-align: justify;\"><span style=\"color: #000000;\">D\u2019arr\u00eater de fr\u00e9quenter les h\u00f4pitaux\u00a0! \ud83d\ude42 Je sors de trois op\u00e9rations en 1 an\u00a0! J\u2019ai une belle saison qui se profile avec mon club et je vais aussi tout faire pour participer \u00e0 la Coupe du Monde de rugby \u00e0 7\u00a0!<\/span><\/p>\n<p style=\"text-align: justify;\"><em><strong>Nicolas Jacquemard<\/strong><br \/>\n<\/em><a style=\"color: #000000;\" href=\"https:\/\/twitter.com\/Nico_Jacquemard\" target=\"_blank\" rel=\"noopener noreferrer\"><img loading=\"lazy\" decoding=\"async\" class=\"alignnone wp-image-2908\" src=\"http:\/\/dicodusport.fr\/blog\/wp-content\/uploads\/2017\/07\/logo-twitter-150x150.png\" alt=\"\" width=\"39\" height=\"39\" \/><\/a><a style=\"color: #000000;\" href=\"https:\/\/www.facebook.com\/dicodusport\/\" target=\"_blank\" rel=\"noopener noreferrer\"><img loading=\"lazy\" decoding=\"async\" class=\"alignnone wp-image-2909\" src=\"http:\/\/dicodusport.fr\/blog\/wp-content\/uploads\/2017\/07\/logo-facebook-150x150.png\" alt=\"\" width=\"40\" height=\"40\" \/><\/a><\/p>\n<p style=\"text-align: justify;\"><a href=\"http:\/\/dicodusport.fr\"><img loading=\"lazy\" decoding=\"async\" class=\" wp-image-999 aligncenter\" src=\"http:\/\/dicodusport.fr\/blog\/wp-content\/uploads\/2017\/01\/cropped-logo-dicodusport-sans-fond-150x150.png\" alt=\"\" width=\"110\" height=\"110\" srcset=\"https:\/\/dicodusport.fr\/blog\/wp-content\/uploads\/2017\/01\/cropped-logo-dicodusport-sans-fond-150x150.png 150w, https:\/\/dicodusport.fr\/blog\/wp-content\/uploads\/2017\/01\/cropped-logo-dicodusport-sans-fond-300x300.png 300w, https:\/\/dicodusport.fr\/blog\/wp-content\/uploads\/2017\/01\/cropped-logo-dicodusport-sans-fond-270x270.png 270w, https:\/\/dicodusport.fr\/blog\/wp-content\/uploads\/2017\/01\/cropped-logo-dicodusport-sans-fond-192x192.png 192w, https:\/\/dicodusport.fr\/blog\/wp-content\/uploads\/2017\/01\/cropped-logo-dicodusport-sans-fond-180x180.png 180w, https:\/\/dicodusport.fr\/blog\/wp-content\/uploads\/2017\/01\/cropped-logo-dicodusport-sans-fond-32x32.png 32w, https:\/\/dicodusport.fr\/blog\/wp-content\/uploads\/2017\/01\/cropped-logo-dicodusport-sans-fond.png 512w\" sizes=\"auto, (max-width: 110px) 100vw, 110px\" \/><\/a><\/p>\n","protected":false},"excerpt":{"rendered":"<p>Nous avons rencontr\u00e9 Jessy Tr\u00e9mouli\u00e8re, joueuse de rugby de 25 ans, qui \u00e0 d\u00e9faut d&rsquo;avoir pu participer \u00e0 la Coupe du Monde, voit l&rsquo;\u00e9quipe de France aller au moins en finale !\u00a0 Jessy, peux-tu te pr\u00e9senter en quelques mots\u00a0? Je m\u2019appelle Jessy Tr\u00e9mouli\u00e8re, j\u2019ai 25 ans et j\u2019ai commenc\u00e9 le rugby \u00e0 16 ans. J\u2019ai [&hellip;]<\/p>\n","protected":false},"author":1,"featured_media":4055,"comment_status":"open","ping_status":"closed","sticky":false,"template":"","format":"standard","meta":{"_acf_changed":false,"_daextam_enable_autolinks":"","footnotes":""},"categories":[47049,4,19951],"tags":[1615,13],"class_list":["post-4028","post","type-post","status-publish","format-standard","has-post-thumbnail","hentry","category-coupe-du-monde-de-rugby","category-portraits","category-xv-de-france","tag-jessy-tremouliere","tag-rugby"],"acf":[],"yoast_head":"<!-- This site is optimized with the Yoast SEO Premium plugin v26.7 (Yoast SEO v26.7) - https:\/\/yoast.com\/wordpress\/plugins\/seo\/ -->\n<title>Jessy Tr\u00e9mouli\u00e8re : &quot;Je vois la France aller en finale&quot;<\/title>\n<meta name=\"description\" content=\"Nous avons rencontr\u00e9 Jessy Tr\u00e9mouli\u00e8re, joueuse de rugby de 25 ans, qui \u00e0 d\u00e9faut d&#039;avoir pu participer, voit l&#039;\u00e9quipe de France aller au moins en finale !\" \/>\n<meta name=\"robots\" content=\"index, follow, max-snippet:-1, max-image-preview:large, max-video-preview:-1\" \/>\n<link rel=\"canonical\" href=\"https:\/\/dicodusport.fr\/blog\/jessy-tremouliere-je-vois-france-aller-finale\/\" \/>\n<meta property=\"og:locale\" content=\"fr_FR\" \/>\n<meta property=\"og:type\" content=\"article\" \/>\n<meta property=\"og:title\" content=\"Jessy Tr\u00e9mouli\u00e8re : &quot;Je vois la France aller en finale&quot;\" \/>\n<meta property=\"og:description\" content=\"Nous avons rencontr\u00e9 Jessy Tr\u00e9mouli\u00e8re, joueuse de rugby de 25 ans, qui \u00e0 d\u00e9faut d&#039;avoir pu participer, voit l&#039;\u00e9quipe de France aller au moins en finale !\" \/>\n<meta property=\"og:url\" content=\"https:\/\/dicodusport.fr\/blog\/jessy-tremouliere-je-vois-france-aller-finale\/\" \/>\n<meta property=\"og:site_name\" content=\"Dicodusport\" \/>\n<meta property=\"article:publisher\" content=\"https:\/\/www.facebook.com\/dicodusport\" \/>\n<meta property=\"article:author\" content=\"https:\/\/www.facebook.com\/dicodusport\" \/>\n<meta property=\"article:published_time\" content=\"2017-08-14T15:35:19+00:00\" \/>\n<meta property=\"article:modified_time\" content=\"2021-10-18T15:24:42+00:00\" \/>\n<meta property=\"og:image\" content=\"https:\/\/dicodusport.fr\/blog\/wp-content\/uploads\/2017\/08\/Jessy-Tremouliere.png\" \/>\n\t<meta property=\"og:image:width\" content=\"1200\" \/>\n\t<meta property=\"og:image:height\" content=\"670\" \/>\n\t<meta property=\"og:image:type\" content=\"image\/png\" \/>\n<meta name=\"author\" content=\"Nicolas Jacquemard\" \/>\n<meta name=\"twitter:card\" content=\"summary_large_image\" \/>\n<meta name=\"twitter:creator\" content=\"@https:\/\/twitter.com\/Nico_Jacquemard\" \/>\n<meta name=\"twitter:site\" content=\"@dicodusport\" \/>\n<script type=\"application\/ld+json\" class=\"yoast-schema-graph\">{\"@context\":\"https:\/\/schema.org\",\"@graph\":[{\"@type\":\"NewsArticle\",\"@id\":\"https:\/\/dicodusport.fr\/blog\/jessy-tremouliere-je-vois-france-aller-finale\/#article\",\"isPartOf\":{\"@id\":\"https:\/\/dicodusport.fr\/blog\/jessy-tremouliere-je-vois-france-aller-finale\/\"},\"author\":{\"name\":\"Nicolas Jacquemard\",\"@id\":\"https:\/\/dicodusport.fr\/blog\/#\/schema\/person\/55dcb50ad410894e431ed812bbb70191\"},\"headline\":\"Jessy Tr\u00e9mouli\u00e8re : \u00ab\u00a0Je vois la France aller en finale\u00a0\u00bb\",\"datePublished\":\"2017-08-14T15:35:19+00:00\",\"dateModified\":\"2021-10-18T15:24:42+00:00\",\"mainEntityOfPage\":{\"@id\":\"https:\/\/dicodusport.fr\/blog\/jessy-tremouliere-je-vois-france-aller-finale\/\"},\"wordCount\":827,\"commentCount\":0,\"publisher\":{\"@id\":\"https:\/\/dicodusport.fr\/blog\/#organization\"},\"image\":{\"@id\":\"https:\/\/dicodusport.fr\/blog\/jessy-tremouliere-je-vois-france-aller-finale\/#primaryimage\"},\"thumbnailUrl\":\"https:\/\/dicodusport.fr\/blog\/wp-content\/uploads\/2017\/08\/Jessy-Tremouliere.png\",\"keywords\":[\"Jessy Tr\u00e9mouli\u00e8re\",\"Rugby\"],\"articleSection\":[\"Coupe du monde de rugby\",\"Portraits\",\"XV de France\"],\"inLanguage\":\"fr-FR\",\"potentialAction\":[{\"@type\":\"CommentAction\",\"name\":\"Comment\",\"target\":[\"https:\/\/dicodusport.fr\/blog\/jessy-tremouliere-je-vois-france-aller-finale\/#respond\"]}],\"copyrightYear\":\"2017\",\"copyrightHolder\":{\"@id\":\"https:\/\/dicodusport.fr\/blog\/#organization\"}},{\"@type\":\"WebPage\",\"@id\":\"https:\/\/dicodusport.fr\/blog\/jessy-tremouliere-je-vois-france-aller-finale\/\",\"url\":\"https:\/\/dicodusport.fr\/blog\/jessy-tremouliere-je-vois-france-aller-finale\/\",\"name\":\"Jessy Tr\u00e9mouli\u00e8re : \\\"Je vois la France aller en finale\\\"\",\"isPartOf\":{\"@id\":\"https:\/\/dicodusport.fr\/blog\/#website\"},\"primaryImageOfPage\":{\"@id\":\"https:\/\/dicodusport.fr\/blog\/jessy-tremouliere-je-vois-france-aller-finale\/#primaryimage\"},\"image\":{\"@id\":\"https:\/\/dicodusport.fr\/blog\/jessy-tremouliere-je-vois-france-aller-finale\/#primaryimage\"},\"thumbnailUrl\":\"https:\/\/dicodusport.fr\/blog\/wp-content\/uploads\/2017\/08\/Jessy-Tremouliere.png\",\"datePublished\":\"2017-08-14T15:35:19+00:00\",\"dateModified\":\"2021-10-18T15:24:42+00:00\",\"description\":\"Nous avons rencontr\u00e9 Jessy Tr\u00e9mouli\u00e8re, joueuse de rugby de 25 ans, qui \u00e0 d\u00e9faut d'avoir pu participer, voit l'\u00e9quipe de France aller au moins en finale !\",\"breadcrumb\":{\"@id\":\"https:\/\/dicodusport.fr\/blog\/jessy-tremouliere-je-vois-france-aller-finale\/#breadcrumb\"},\"inLanguage\":\"fr-FR\",\"potentialAction\":[{\"@type\":\"ReadAction\",\"target\":[\"https:\/\/dicodusport.fr\/blog\/jessy-tremouliere-je-vois-france-aller-finale\/\"]}]},{\"@type\":\"ImageObject\",\"inLanguage\":\"fr-FR\",\"@id\":\"https:\/\/dicodusport.fr\/blog\/jessy-tremouliere-je-vois-france-aller-finale\/#primaryimage\",\"url\":\"https:\/\/dicodusport.fr\/blog\/wp-content\/uploads\/2017\/08\/Jessy-Tremouliere.png\",\"contentUrl\":\"https:\/\/dicodusport.fr\/blog\/wp-content\/uploads\/2017\/08\/Jessy-Tremouliere.png\",\"width\":1200,\"height\":670,\"caption\":\"Jessy Tremouliere\"},{\"@type\":\"BreadcrumbList\",\"@id\":\"https:\/\/dicodusport.fr\/blog\/jessy-tremouliere-je-vois-france-aller-finale\/#breadcrumb\",\"itemListElement\":[{\"@type\":\"ListItem\",\"position\":1,\"name\":\"Accueil\",\"item\":\"https:\/\/dicodusport.fr\/blog\/\"},{\"@type\":\"ListItem\",\"position\":2,\"name\":\"Jessy Tr\u00e9mouli\u00e8re : \u00ab\u00a0Je vois la France aller en finale\u00a0\u00bb\"}]},{\"@type\":\"WebSite\",\"@id\":\"https:\/\/dicodusport.fr\/blog\/#website\",\"url\":\"https:\/\/dicodusport.fr\/blog\/\",\"name\":\"Dicodusport\",\"description\":\"L&#039;encyclop\u00e9die de l&#039;actualit\u00e9 sportive\",\"publisher\":{\"@id\":\"https:\/\/dicodusport.fr\/blog\/#organization\"},\"potentialAction\":[{\"@type\":\"SearchAction\",\"target\":{\"@type\":\"EntryPoint\",\"urlTemplate\":\"https:\/\/dicodusport.fr\/blog\/?s={search_term_string}\"},\"query-input\":{\"@type\":\"PropertyValueSpecification\",\"valueRequired\":true,\"valueName\":\"search_term_string\"}}],\"inLanguage\":\"fr-FR\"},{\"@type\":\"NewsMediaOrganization\",\"@id\":\"https:\/\/dicodusport.fr\/blog\/#organization\",\"name\":\"Dicodusport\",\"url\":\"https:\/\/dicodusport.fr\/blog\/\",\"logo\":{\"@type\":\"ImageObject\",\"inLanguage\":\"fr-FR\",\"@id\":\"https:\/\/dicodusport.fr\/blog\/#\/schema\/logo\/image\/\",\"url\":\"https:\/\/dicodusport.fr\/blog\/wp-content\/uploads\/2020\/06\/cropped-LOGO-DICODUSPORT-2020-SANS-FOND-SANS-TEXTE.png\",\"contentUrl\":\"https:\/\/dicodusport.fr\/blog\/wp-content\/uploads\/2020\/06\/cropped-LOGO-DICODUSPORT-2020-SANS-FOND-SANS-TEXTE.png\",\"width\":512,\"height\":512,\"caption\":\"Dicodusport\"},\"image\":{\"@id\":\"https:\/\/dicodusport.fr\/blog\/#\/schema\/logo\/image\/\"},\"sameAs\":[\"https:\/\/www.facebook.com\/dicodusport\",\"https:\/\/x.com\/dicodusport\",\"https:\/\/www.instagram.com\/dicodusport\/\",\"https:\/\/www.youtube.com\/channel\/UC7V2KZ5sd3htJivAbA4ZG3w\"],\"description\":\"Dicodusport est l'encyclop\u00e9die de l'actualit\u00e9 sportive.\",\"email\":\"bonjour@dicodusport.fr\",\"legalName\":\"DICODUSPORT\",\"foundingDate\":\"2018-01-14\",\"vatID\":\"FR71834470973\",\"taxID\":\"83447097300043\",\"numberOfEmployees\":{\"@type\":\"QuantitativeValue\",\"minValue\":\"1\",\"maxValue\":\"10\"}},{\"@type\":\"Person\",\"@id\":\"https:\/\/dicodusport.fr\/blog\/#\/schema\/person\/55dcb50ad410894e431ed812bbb70191\",\"name\":\"Nicolas Jacquemard\",\"image\":{\"@type\":\"ImageObject\",\"inLanguage\":\"fr-FR\",\"@id\":\"https:\/\/dicodusport.fr\/blog\/#\/schema\/person\/image\/\",\"url\":\"https:\/\/dicodusport.fr\/blog\/wp-content\/uploads\/2021\/05\/Nicolas-Jacquemard-150x150.jpeg\",\"contentUrl\":\"https:\/\/dicodusport.fr\/blog\/wp-content\/uploads\/2021\/05\/Nicolas-Jacquemard-150x150.jpeg\",\"caption\":\"Nicolas Jacquemard\"},\"description\":\"Passionn\u00e9 de sport et entrepreneur depuis mes 18 ans, la cr\u00e9ation de Dicodusport m'a sembl\u00e9 \u00e9vidente pour participer \u00e0 la m\u00e9diatisation d'un plus grand nombre de sports. Le chemin est long mais avec une \u00e9quipe des plus motiv\u00e9es et les Jeux Olympiques de Paris 2024 en point de mire, nous y arriverons ! Journaliste dans le monde du sport depuis plus de 5 ans, je traite aussi bien de football, de rugby, de biathlon que de cyclisme.\",\"sameAs\":[\"https:\/\/www.facebook.com\/dicodusport\",\"https:\/\/x.com\/https:\/\/twitter.com\/Nico_Jacquemard\"],\"url\":\"https:\/\/dicodusport.fr\/blog\/author\/dicodusport\/\"}]}<\/script>\n<!-- \/ Yoast SEO Premium plugin. -->","yoast_head_json":{"title":"Jessy Tr\u00e9mouli\u00e8re : \"Je vois la France aller en finale\"","description":"Nous avons rencontr\u00e9 Jessy Tr\u00e9mouli\u00e8re, joueuse de rugby de 25 ans, qui \u00e0 d\u00e9faut d'avoir pu participer, voit l'\u00e9quipe de France aller au moins en finale !","robots":{"index":"index","follow":"follow","max-snippet":"max-snippet:-1","max-image-preview":"max-image-preview:large","max-video-preview":"max-video-preview:-1"},"canonical":"https:\/\/dicodusport.fr\/blog\/jessy-tremouliere-je-vois-france-aller-finale\/","og_locale":"fr_FR","og_type":"article","og_title":"Jessy Tr\u00e9mouli\u00e8re : \"Je vois la France aller en finale\"","og_description":"Nous avons rencontr\u00e9 Jessy Tr\u00e9mouli\u00e8re, joueuse de rugby de 25 ans, qui \u00e0 d\u00e9faut d'avoir pu participer, voit l'\u00e9quipe de France aller au moins en finale !","og_url":"https:\/\/dicodusport.fr\/blog\/jessy-tremouliere-je-vois-france-aller-finale\/","og_site_name":"Dicodusport","article_publisher":"https:\/\/www.facebook.com\/dicodusport","article_author":"https:\/\/www.facebook.com\/dicodusport","article_published_time":"2017-08-14T15:35:19+00:00","article_modified_time":"2021-10-18T15:24:42+00:00","og_image":[{"width":1200,"height":670,"url":"https:\/\/dicodusport.fr\/blog\/wp-content\/uploads\/2017\/08\/Jessy-Tremouliere.png","type":"image\/png"}],"author":"Nicolas Jacquemard","twitter_card":"summary_large_image","twitter_creator":"@https:\/\/twitter.com\/Nico_Jacquemard","twitter_site":"@dicodusport","schema":{"@context":"https:\/\/schema.org","@graph":[{"@type":"NewsArticle","@id":"https:\/\/dicodusport.fr\/blog\/jessy-tremouliere-je-vois-france-aller-finale\/#article","isPartOf":{"@id":"https:\/\/dicodusport.fr\/blog\/jessy-tremouliere-je-vois-france-aller-finale\/"},"author":{"name":"Nicolas Jacquemard","@id":"https:\/\/dicodusport.fr\/blog\/#\/schema\/person\/55dcb50ad410894e431ed812bbb70191"},"headline":"Jessy Tr\u00e9mouli\u00e8re : \u00ab\u00a0Je vois la France aller en finale\u00a0\u00bb","datePublished":"2017-08-14T15:35:19+00:00","dateModified":"2021-10-18T15:24:42+00:00","mainEntityOfPage":{"@id":"https:\/\/dicodusport.fr\/blog\/jessy-tremouliere-je-vois-france-aller-finale\/"},"wordCount":827,"commentCount":0,"publisher":{"@id":"https:\/\/dicodusport.fr\/blog\/#organization"},"image":{"@id":"https:\/\/dicodusport.fr\/blog\/jessy-tremouliere-je-vois-france-aller-finale\/#primaryimage"},"thumbnailUrl":"https:\/\/dicodusport.fr\/blog\/wp-content\/uploads\/2017\/08\/Jessy-Tremouliere.png","keywords":["Jessy Tr\u00e9mouli\u00e8re","Rugby"],"articleSection":["Coupe du monde de rugby","Portraits","XV de France"],"inLanguage":"fr-FR","potentialAction":[{"@type":"CommentAction","name":"Comment","target":["https:\/\/dicodusport.fr\/blog\/jessy-tremouliere-je-vois-france-aller-finale\/#respond"]}],"copyrightYear":"2017","copyrightHolder":{"@id":"https:\/\/dicodusport.fr\/blog\/#organization"}},{"@type":"WebPage","@id":"https:\/\/dicodusport.fr\/blog\/jessy-tremouliere-je-vois-france-aller-finale\/","url":"https:\/\/dicodusport.fr\/blog\/jessy-tremouliere-je-vois-france-aller-finale\/","name":"Jessy Tr\u00e9mouli\u00e8re : \"Je vois la France aller en finale\"","isPartOf":{"@id":"https:\/\/dicodusport.fr\/blog\/#website"},"primaryImageOfPage":{"@id":"https:\/\/dicodusport.fr\/blog\/jessy-tremouliere-je-vois-france-aller-finale\/#primaryimage"},"image":{"@id":"https:\/\/dicodusport.fr\/blog\/jessy-tremouliere-je-vois-france-aller-finale\/#primaryimage"},"thumbnailUrl":"https:\/\/dicodusport.fr\/blog\/wp-content\/uploads\/2017\/08\/Jessy-Tremouliere.png","datePublished":"2017-08-14T15:35:19+00:00","dateModified":"2021-10-18T15:24:42+00:00","description":"Nous avons rencontr\u00e9 Jessy Tr\u00e9mouli\u00e8re, joueuse de rugby de 25 ans, qui \u00e0 d\u00e9faut d'avoir pu participer, voit l'\u00e9quipe de France aller au moins en finale !","breadcrumb":{"@id":"https:\/\/dicodusport.fr\/blog\/jessy-tremouliere-je-vois-france-aller-finale\/#breadcrumb"},"inLanguage":"fr-FR","potentialAction":[{"@type":"ReadAction","target":["https:\/\/dicodusport.fr\/blog\/jessy-tremouliere-je-vois-france-aller-finale\/"]}]},{"@type":"ImageObject","inLanguage":"fr-FR","@id":"https:\/\/dicodusport.fr\/blog\/jessy-tremouliere-je-vois-france-aller-finale\/#primaryimage","url":"https:\/\/dicodusport.fr\/blog\/wp-content\/uploads\/2017\/08\/Jessy-Tremouliere.png","contentUrl":"https:\/\/dicodusport.fr\/blog\/wp-content\/uploads\/2017\/08\/Jessy-Tremouliere.png","width":1200,"height":670,"caption":"Jessy Tremouliere"},{"@type":"BreadcrumbList","@id":"https:\/\/dicodusport.fr\/blog\/jessy-tremouliere-je-vois-france-aller-finale\/#breadcrumb","itemListElement":[{"@type":"ListItem","position":1,"name":"Accueil","item":"https:\/\/dicodusport.fr\/blog\/"},{"@type":"ListItem","position":2,"name":"Jessy Tr\u00e9mouli\u00e8re : \u00ab\u00a0Je vois la France aller en finale\u00a0\u00bb"}]},{"@type":"WebSite","@id":"https:\/\/dicodusport.fr\/blog\/#website","url":"https:\/\/dicodusport.fr\/blog\/","name":"Dicodusport","description":"L&#039;encyclop\u00e9die de l&#039;actualit\u00e9 sportive","publisher":{"@id":"https:\/\/dicodusport.fr\/blog\/#organization"},"potentialAction":[{"@type":"SearchAction","target":{"@type":"EntryPoint","urlTemplate":"https:\/\/dicodusport.fr\/blog\/?s={search_term_string}"},"query-input":{"@type":"PropertyValueSpecification","valueRequired":true,"valueName":"search_term_string"}}],"inLanguage":"fr-FR"},{"@type":"NewsMediaOrganization","@id":"https:\/\/dicodusport.fr\/blog\/#organization","name":"Dicodusport","url":"https:\/\/dicodusport.fr\/blog\/","logo":{"@type":"ImageObject","inLanguage":"fr-FR","@id":"https:\/\/dicodusport.fr\/blog\/#\/schema\/logo\/image\/","url":"https:\/\/dicodusport.fr\/blog\/wp-content\/uploads\/2020\/06\/cropped-LOGO-DICODUSPORT-2020-SANS-FOND-SANS-TEXTE.png","contentUrl":"https:\/\/dicodusport.fr\/blog\/wp-content\/uploads\/2020\/06\/cropped-LOGO-DICODUSPORT-2020-SANS-FOND-SANS-TEXTE.png","width":512,"height":512,"caption":"Dicodusport"},"image":{"@id":"https:\/\/dicodusport.fr\/blog\/#\/schema\/logo\/image\/"},"sameAs":["https:\/\/www.facebook.com\/dicodusport","https:\/\/x.com\/dicodusport","https:\/\/www.instagram.com\/dicodusport\/","https:\/\/www.youtube.com\/channel\/UC7V2KZ5sd3htJivAbA4ZG3w"],"description":"Dicodusport est l'encyclop\u00e9die de l'actualit\u00e9 sportive.","email":"bonjour@dicodusport.fr","legalName":"DICODUSPORT","foundingDate":"2018-01-14","vatID":"FR71834470973","taxID":"83447097300043","numberOfEmployees":{"@type":"QuantitativeValue","minValue":"1","maxValue":"10"}},{"@type":"Person","@id":"https:\/\/dicodusport.fr\/blog\/#\/schema\/person\/55dcb50ad410894e431ed812bbb70191","name":"Nicolas Jacquemard","image":{"@type":"ImageObject","inLanguage":"fr-FR","@id":"https:\/\/dicodusport.fr\/blog\/#\/schema\/person\/image\/","url":"https:\/\/dicodusport.fr\/blog\/wp-content\/uploads\/2021\/05\/Nicolas-Jacquemard-150x150.jpeg","contentUrl":"https:\/\/dicodusport.fr\/blog\/wp-content\/uploads\/2021\/05\/Nicolas-Jacquemard-150x150.jpeg","caption":"Nicolas Jacquemard"},"description":"Passionn\u00e9 de sport et entrepreneur depuis mes 18 ans, la cr\u00e9ation de Dicodusport m'a sembl\u00e9 \u00e9vidente pour participer \u00e0 la m\u00e9diatisation d'un plus grand nombre de sports. Le chemin est long mais avec une \u00e9quipe des plus motiv\u00e9es et les Jeux Olympiques de Paris 2024 en point de mire, nous y arriverons ! Journaliste dans le monde du sport depuis plus de 5 ans, je traite aussi bien de football, de rugby, de biathlon que de cyclisme.","sameAs":["https:\/\/www.facebook.com\/dicodusport","https:\/\/x.com\/https:\/\/twitter.com\/Nico_Jacquemard"],"url":"https:\/\/dicodusport.fr\/blog\/author\/dicodusport\/"}]}},"_links":{"self":[{"href":"https:\/\/dicodusport.fr\/blog\/wp-json\/wp\/v2\/posts\/4028","targetHints":{"allow":["GET"]}}],"collection":[{"href":"https:\/\/dicodusport.fr\/blog\/wp-json\/wp\/v2\/posts"}],"about":[{"href":"https:\/\/dicodusport.fr\/blog\/wp-json\/wp\/v2\/types\/post"}],"author":[{"embeddable":true,"href":"https:\/\/dicodusport.fr\/blog\/wp-json\/wp\/v2\/users\/1"}],"replies":[{"embeddable":true,"href":"https:\/\/dicodusport.fr\/blog\/wp-json\/wp\/v2\/comments?post=4028"}],"version-history":[{"count":0,"href":"https:\/\/dicodusport.fr\/blog\/wp-json\/wp\/v2\/posts\/4028\/revisions"}],"wp:featuredmedia":[{"embeddable":true,"href":"https:\/\/dicodusport.fr\/blog\/wp-json\/wp\/v2\/media\/4055"}],"wp:attachment":[{"href":"https:\/\/dicodusport.fr\/blog\/wp-json\/wp\/v2\/media?parent=4028"}],"wp:term":[{"taxonomy":"category","embeddable":true,"href":"https:\/\/dicodusport.fr\/blog\/wp-json\/wp\/v2\/categories?post=4028"},{"taxonomy":"post_tag","embeddable":true,"href":"https:\/\/dicodusport.fr\/blog\/wp-json\/wp\/v2\/tags?post=4028"}],"curies":[{"name":"wp","href":"https:\/\/api.w.org\/{rel}","templated":true}]}}