{"id":4030,"date":"2017-08-14T14:37:19","date_gmt":"2017-08-14T13:37:19","guid":{"rendered":"http:\/\/dicodusport.fr\/blog\/?p=4030"},"modified":"2025-11-20T18:37:58","modified_gmt":"2025-11-20T17:37:58","slug":"un-lundi-au-taquet-7-grand-bleu-sport-francais-felix-histoire","status":"publish","type":"post","link":"https:\/\/dicodusport.fr\/blog\/un-lundi-au-taquet-7-grand-bleu-sport-francais-felix-histoire\/","title":{"rendered":"Un lundi au taquet #7 : Grand Bleu pour le sport fran\u00e7ais, Felix dans l&rsquo;histoire"},"content":{"rendered":"<p style=\"text-align: justify;\"><span style=\"color: #000000;\"><strong><em>Comment \u00e7a ? Vous n&rsquo;avez pas suivi l&rsquo;actualit\u00e9 sportive cette semaine ? Pas de probl\u00e8me, votre blog Dicodusport vous offre une s\u00e9ance de rattrapage, entre s\u00e9rieux et humour. <\/em><\/strong><strong><em>Moteur.<\/em><\/strong><\/span><\/p>\n<hr \/>\n<h6 style=\"text-align: center;\"><span style=\"color: #000000;\"><em><strong>&#8211; En bref &#8211;<\/strong><\/em><\/span><\/h6>\n<p style=\"text-align: justify;\"><span style=\"color: #000000;\"><strong>#\u00c9quitation &#8211; L&rsquo;\u00e9quipe de France rafle la mise<\/strong><br \/>\nLes cavaliers tricolores ont remport\u00e9 le CICO3* Complet du Pin ce week-end. Un an apr\u00e8s le sacr\u00e9 olympique \u00e0 Rio, l&rsquo;\u00e9quipe de France, compos\u00e9e de Lionel Guyon, Nicolas Touzaint et Thibault Fournier et emmen\u00e9e par Karim Laghouag, 2\u00e8me en individuel, \u00e9tait d\u00e9j\u00e0 en t\u00eate apr\u00e8s le dressage et le cross samedi, avant de conforter sa premi\u00e8re place lors du saut d&rsquo;obstacles hier. Une magnifique prestation pour la seule \u00e9tape fran\u00e7aise du circuit Coupe des Nations FEI. Les Bleus ont ainsi devanc\u00e9 les Britanniques et les Allemands.<br \/>\n<\/span><\/p>\n<div id=\"attachment_4034\" style=\"width: 970px\" class=\"wp-caption aligncenter\"><img loading=\"lazy\" decoding=\"async\" aria-describedby=\"caption-attachment-4034\" class=\"wp-image-4034 size-full\" src=\"http:\/\/dicodusport.fr\/blog\/wp-content\/uploads\/2017\/08\/20728381_2221614114597445_7437260203211107703_n.jpg\" alt=\"\" width=\"960\" height=\"638\" srcset=\"https:\/\/dicodusport.fr\/blog\/wp-content\/uploads\/2017\/08\/20728381_2221614114597445_7437260203211107703_n.jpg 960w, https:\/\/dicodusport.fr\/blog\/wp-content\/uploads\/2017\/08\/20728381_2221614114597445_7437260203211107703_n-300x199.jpg 300w, https:\/\/dicodusport.fr\/blog\/wp-content\/uploads\/2017\/08\/20728381_2221614114597445_7437260203211107703_n-768x510.jpg 768w\" sizes=\"auto, (max-width: 960px) 100vw, 960px\" \/><p id=\"caption-attachment-4034\" class=\"wp-caption-text\"><span style=\"font-size: 12px; color: #000000;\">Nicolas Touzaint et Topsecret d\u2019Eglefin durant le cross &#8211; Ellen Delavallade\/Dans la foul\u00e9e<\/span><\/p><\/div>\n<p style=\"text-align: justify;\"><span style=\"color: #000000;\"><strong style=\"color: #000000;\">#Softball &#8211; Les Espoirs sixi\u00e8mes aux Europe<br \/>\n<\/strong>L&rsquo;\u00e9quipe de France U23 disputait cette semaine les Championnats d&rsquo;Europe \u00e0 Brno, en R\u00e9publique Tch\u00e8que. Apr\u00e8s un d\u00e9but de comp\u00e9tition id\u00e9al, avec des d\u00e9monstrations face aux G\u00e9orgiens et aux Slovaques, les Bleus se sont inclin\u00e9s d&rsquo;un tout petit point face aux Allemands pour leur dernier match de poules. S\u00e8chement battus en quarts de finale par le pays h\u00f4te (1-5), les Tricolores ont ensuite chut\u00e9 en match de classement pour la 5\u00e8me place, une fois encore face \u00e0 l&rsquo;Allemagne. Un r\u00e9sultat qui leur permet n\u00e9anmoins d&rsquo;\u00eatre qualifi\u00e9 pour la prochaine \u00e9dition, en 2019.<\/span><\/p>\n<p style=\"text-align: justify;\"><span style=\"color: #000000;\"><strong>#Handball &#8211; Les U19 masculins se baladent<br \/>\n<\/strong>Invaincus en phase de poules, les Bleuets se sont qualifi\u00e9s pour les huiti\u00e8mes de finale du Mondial en G\u00e9orgie, apr\u00e8s une victoire contre les Danois, 35-26. Sur les traces de leurs a\u00een\u00e9s, les Fran\u00e7ais sont bien partis pour r\u00e9aliser des phases finales de haute vol\u00e9e.<\/span><\/p>\n<hr \/>\n<h6 style=\"text-align: center;\"><span style=\"color: #000000;\"><em><strong>&#8211; La femme de la semaine &#8211;<\/strong><\/em><\/span><\/h6>\n<p class=\"article__chapeau\" style=\"text-align: justify;\"><span style=\"color: #000000;\">On vous parlait d&rsquo;Usain Bolt la semaine derni\u00e8re, au rang des l\u00e9gendes du sport. Aujourd&rsquo;hui, focus sur l&rsquo;am\u00e9ricaine Allyson Felix. Consid\u00e9r\u00e9e comme l&rsquo;une des plus grandes sprinteuses de tous les temps, Chicken Legs, surnom d\u00fb \u00e0 sa silhouette plus longiligne que la normale, a encore frapp\u00e9 fort lors des Mondiaux d&rsquo;Athl\u00e9tisme \u00e0 Londres : trois m\u00e9dailles, dont deux en or, en 4&#215;100 et 4&#215;400, et le bronze sur le 400m, distance o\u00f9 elle \u00e9tait la tenante du titre. Peu importe, \u00e0 31 ans, elle peut se targuer d&rsquo;avoir un palmar\u00e8s hors du commun, avec dix titres mondiaux et six m\u00e9dailles d&rsquo;or olympiques. Un monument, qui a toujours \u00e9t\u00e9 au c\u0153ur de la lutte anti-dopage, quand on sait \u00e0 quel point les \u00c9tats-Unis ont \u00e9t\u00e9 frapp\u00e9s au d\u00e9but des ann\u00e9es 2000. La grande Madame des ces Championnats du Monde, assur\u00e9ment.<br \/>\n<\/span><\/p>\n<div id=\"attachment_4035\" style=\"width: 950px\" class=\"wp-caption aligncenter\"><img loading=\"lazy\" decoding=\"async\" aria-describedby=\"caption-attachment-4035\" class=\"wp-image-4035 size-full\" src=\"http:\/\/dicodusport.fr\/blog\/wp-content\/uploads\/2017\/08\/5990ba31cd706e263f5e4522.jpg\" alt=\"\" width=\"940\" height=\"470\" srcset=\"https:\/\/dicodusport.fr\/blog\/wp-content\/uploads\/2017\/08\/5990ba31cd706e263f5e4522.jpg 940w, https:\/\/dicodusport.fr\/blog\/wp-content\/uploads\/2017\/08\/5990ba31cd706e263f5e4522-300x150.jpg 300w, https:\/\/dicodusport.fr\/blog\/wp-content\/uploads\/2017\/08\/5990ba31cd706e263f5e4522-768x384.jpg 768w\" sizes=\"auto, (max-width: 940px) 100vw, 940px\" \/><p id=\"caption-attachment-4035\" class=\"wp-caption-text\"><span style=\"color: #000000; font-size: 12px;\">La belle Allyson Felix durant le relais 4&#215;100 \u00e0 Londres &#8211; AFP<\/span><\/p><\/div>\n<hr \/>\n<h6 style=\"text-align: center;\"><span style=\"color: #000000;\"><em><strong> &#8211; L&rsquo;homme de la semaine &#8211;<\/strong><\/em><\/span><\/h6>\n<p style=\"text-align: justify;\"><span style=\"color: #000000;\">Soyons chauvins ! On a tranch\u00e9, et pour nous, l&rsquo;homme de la semaine n&rsquo;est autre que Pierre-Ambroise Bosse, le Tricolore champion du Monde sur le 800m \u00e0 Londres. Outre sa performance de dingue en finale du double tour de piste, avec un d\u00e9marrage foudroyant \u00e0 plus de 200m de l&rsquo;arriv\u00e9e, le Nantais d&rsquo;origine casse les codes et d\u00e9coince un milieu du sport m\u00e9diatis\u00e9 parfois trop lisse. PAB est en effet un athl\u00e8te comme il s&rsquo;en fait peu, qui ne manque pas de nous faire rire et de partager sa bonne humeur et son humour ravageur, comme en atteste <a style=\"color: #000000;\" href=\"https:\/\/www.youtube.com\/watch?v=Tixr3iTmxC0\">l&rsquo;interview surr\u00e9aliste de Nelson Montfort apr\u00e8s le sacre du Fran\u00e7ais cette semaine<\/a>. Sans oublier <a style=\"color: #000000;\" href=\"https:\/\/www.youtube.com\/watch?v=X_1tBjb_jFk\">cette Marseillaise sur le podium lors de la remise de m\u00e9dailles<\/a>, termin\u00e9e \u00e0 la sauce Pierre-Ambroise Bosse et cette tourn\u00e9e pay\u00e9e \u00e0 son retour de Londres, ce week-end. Un ph\u00e9nom\u00e8ne, un vent de fra\u00eecheur, qu&rsquo;on ne peut que mettre en avant. Son chat peut \u00eatre fier de lui.<\/span><\/p>\n<div id=\"attachment_4036\" style=\"width: 1010px\" class=\"wp-caption aligncenter\"><img loading=\"lazy\" decoding=\"async\" aria-describedby=\"caption-attachment-4036\" class=\"wp-image-4036 size-full\" src=\"http:\/\/dicodusport.fr\/blog\/wp-content\/uploads\/2017\/08\/a-25-ans-le-girondin-pierre-ambroise-bosse-remporte-son-premier-titre-mondial.jpg\" alt=\"\" width=\"1000\" height=\"500\" srcset=\"https:\/\/dicodusport.fr\/blog\/wp-content\/uploads\/2017\/08\/a-25-ans-le-girondin-pierre-ambroise-bosse-remporte-son-premier-titre-mondial.jpg 1000w, https:\/\/dicodusport.fr\/blog\/wp-content\/uploads\/2017\/08\/a-25-ans-le-girondin-pierre-ambroise-bosse-remporte-son-premier-titre-mondial-300x150.jpg 300w, https:\/\/dicodusport.fr\/blog\/wp-content\/uploads\/2017\/08\/a-25-ans-le-girondin-pierre-ambroise-bosse-remporte-son-premier-titre-mondial-768x384.jpg 768w\" sizes=\"auto, (max-width: 1000px) 100vw, 1000px\" \/><p id=\"caption-attachment-4036\" class=\"wp-caption-text\"><span style=\"font-size: 12px; color: #000000;\">PAB, une autre fa\u00e7on de faire du sport &#8211; AFP<\/span><\/p><\/div>\n<hr \/>\n<h6 style=\"text-align: center;\"><span style=\"color: #000000;\"><em><strong>&#8211; L&rsquo;\u00e9quipe de la semaine &#8211;<\/strong><\/em><\/span><\/h6>\n<p style=\"text-align: justify;\"><span style=\"color: #000000;\">Le rel\u00e8ve du sport collectif fran\u00e7ais se porte \u00e0 merveille, merci pour elle. Apr\u00e8s les Bleuettes en Handball la semaine derni\u00e8re, c&rsquo;est au tour de l&rsquo;\u00e9quipe de France U16 f\u00e9minine de BasketBall d&rsquo;\u00eatre sacr\u00e9e championne d&rsquo;Europe (photo de couverture), et \u00e0 domicile qui plus est ! A Bourges, les Fran\u00e7aises ont battu la Hongrie en finale, 63-55. Le premier titre depuis 2007 pour la cat\u00e9gorie ; l&rsquo;\u00e9quipe de France, emmen\u00e9e par Illiana Rupert, MVP de la comp\u00e9tition, peut maintenant r\u00eaver du titre mondial U17, l&rsquo;ann\u00e9e prochaine.<br \/>\n<\/span><\/p>\n<hr \/>\n<h6 style=\"text-align: center;\"><span style=\"color: #000000;\"><strong><em>&#8211; Le Tweet qui nous a fait rire &#8211;<\/em><\/strong><\/span><\/h6>\n<p style=\"text-align: justify;\"><span style=\"color: #000000;\">Yohann Diniz et son transit intestinal se portent mieux qu&rsquo;il y a un an. Le natif d&rsquo;Epernay est en effet devenu pour la premi\u00e8re fois de sa carri\u00e8re champion du Monde sur le 50km marche \u00e0 Londres, son premier titre international sur la distance. Apr\u00e8s avoir connu des Jeux de Rio cauchemardesques, o\u00f9 il avait \u00e9t\u00e9 pris de violents probl\u00e8mes digestifs alors qu&rsquo;il \u00e9tait largement en t\u00eate, le triple champion d&rsquo;Europe a r\u00e9ussi un authentique num\u00e9ro hier, en solitaire, en \u00e9tablissant la deuxi\u00e8me meilleure performance de tous les temps, derri\u00e8re son propre record du monde. <\/span><\/p>\n<p><span style=\"color: #000000;\">Avant et durant la course, Twitter s&rsquo;est amus\u00e9 \u00e0 faire allusion, avec humour, aux soucis de Yohann Diniz \u00e0 Rio. On a pr\u00e9f\u00e9r\u00e9 vous partager le tweet le moins sale, avec celui de Florian Gazan, chroniqueur sur RTL et la Chaine l\u2019\u00c9quipe.<\/span><\/p>\n<blockquote class=\"twitter-tweet tw-align-center\" data-lang=\"fr\">\n<p dir=\"ltr\" lang=\"fr\">Une pens\u00e9e pour Yohann Diniz en plein 50 km ! Allez !!! <a href=\"https:\/\/t.co\/dFElDJDUpH\">pic.twitter.com\/dFElDJDUpH<\/a><\/p>\n<p>\u2014 Florian Gazan (@flogazan) <a href=\"https:\/\/twitter.com\/flogazan\/status\/896656348146020352\">13 ao\u00fbt 2017<\/a><\/p><\/blockquote>\n<p><script async src=\"\/\/platform.twitter.com\/widgets.js\" charset=\"utf-8\"><\/script><\/p>\n<hr \/>\n<h6 style=\"text-align: center;\"><span style=\"color: #000000;\"><strong><em>&#8211; Ce qu&rsquo;il ne faut pas louper cette semaine &#8211;<\/em><\/strong><\/span><\/h6>\n<p style=\"text-align: justify;\"><span style=\"color: #000000; font-size: 12pt;\">\u2219 Vendredi d\u00e9butera le Tour de l&rsquo;Avenir, la course cycliste qui r\u00e9v\u00e8le les futurs cracks du cyclisme mondial. Warren Barguil en 2012 et David Gaudu l&rsquo;an dernier sont les deux derniers tricolores \u00e0 avoir remport\u00e9 l&rsquo;\u00e9preuve. Rendez-vous \u00e0 Loud\u00e9ac, en Bretagne, pour le grand d\u00e9part.<br \/>\n<\/span><\/p>\n<p style=\"text-align: justify;\"><span style=\"color: #000000; font-size: 12pt;\">\u2219 Quant \u00e0 samedi, ce sont les Championnats d&rsquo;Europe des Nations de Hockey sur gazon qui d\u00e9buteront \u00e0 Amsterdam, aux Pays-Bas. L&rsquo;\u00e9quipe de France peut-elle cr\u00e9er l&rsquo;exploit ?<br \/>\n<\/span><\/p>\n<p style=\"text-align: justify;\"><em><span style=\"color: #000000;\"><strong>Flo Ostermann<\/strong><\/span><\/em><em><br \/>\n<\/em><a href=\"https:\/\/www.facebook.com\/florent.ostermann\"><img loading=\"lazy\" decoding=\"async\" class=\"alignnone wp-image-2909\" src=\"http:\/\/dicodusport.fr\/blog\/wp-content\/uploads\/2017\/07\/logo-facebook-150x150.png\" alt=\"\" width=\"40\" height=\"40\" \/><\/a><a href=\"https:\/\/twitter.com\/SportInsideMag\"><img loading=\"lazy\" decoding=\"async\" class=\"alignnone wp-image-2908\" src=\"http:\/\/dicodusport.fr\/blog\/wp-content\/uploads\/2017\/07\/logo-twitter-150x150.png\" alt=\"\" width=\"39\" height=\"39\" \/><\/a><\/p>\n<p style=\"text-align: justify;\"><a href=\"https:\/\/dicodusport.fr\/\"><img loading=\"lazy\" decoding=\"async\" class=\"aligncenter wp-image-1000\" src=\"http:\/\/dicodusport.fr\/blog\/wp-content\/uploads\/2017\/01\/cropped-logo-dicodusport-sans-fond-1-300x300.png\" alt=\"\" width=\"110\" height=\"110\" srcset=\"https:\/\/dicodusport.fr\/blog\/wp-content\/uploads\/2017\/01\/cropped-logo-dicodusport-sans-fond-1-300x300.png 300w, https:\/\/dicodusport.fr\/blog\/wp-content\/uploads\/2017\/01\/cropped-logo-dicodusport-sans-fond-1-150x150.png 150w, https:\/\/dicodusport.fr\/blog\/wp-content\/uploads\/2017\/01\/cropped-logo-dicodusport-sans-fond-1-270x270.png 270w, https:\/\/dicodusport.fr\/blog\/wp-content\/uploads\/2017\/01\/cropped-logo-dicodusport-sans-fond-1-192x192.png 192w, https:\/\/dicodusport.fr\/blog\/wp-content\/uploads\/2017\/01\/cropped-logo-dicodusport-sans-fond-1-180x180.png 180w, https:\/\/dicodusport.fr\/blog\/wp-content\/uploads\/2017\/01\/cropped-logo-dicodusport-sans-fond-1-32x32.png 32w, https:\/\/dicodusport.fr\/blog\/wp-content\/uploads\/2017\/01\/cropped-logo-dicodusport-sans-fond-1.png 512w\" sizes=\"auto, (max-width: 110px) 100vw, 110px\" \/><\/a><\/p>\n","protected":false},"excerpt":{"rendered":"<p>Comment \u00e7a ? Vous n&rsquo;avez pas suivi l&rsquo;actualit\u00e9 sportive cette semaine ? Pas de probl\u00e8me, votre blog Dicodusport vous offre une s\u00e9ance de rattrapage, entre s\u00e9rieux et humour. Moteur. &#8211; En bref &#8211; #\u00c9quitation &#8211; L&rsquo;\u00e9quipe de France rafle la mise Les cavaliers tricolores ont remport\u00e9 le CICO3* Complet du Pin ce week-end. Un an [&hellip;]<\/p>\n","protected":false},"author":4,"featured_media":4042,"comment_status":"open","ping_status":"closed","sticky":false,"template":"","format":"standard","meta":{"_acf_changed":false,"_daextam_enable_autolinks":"","footnotes":""},"categories":[2366],"tags":[517,873,405,1255,1610,1612],"class_list":["post-4030","post","type-post","status-publish","format-standard","has-post-thumbnail","hentry","category-multisports","tag-basketball","tag-equitation","tag-handball","tag-karim-laghouag","tag-pierre-ambroise-bosse","tag-tour-de-lavenir"],"acf":[],"yoast_head":"<!-- This site is optimized with the Yoast SEO Premium plugin v26.7 (Yoast SEO v26.7) - https:\/\/yoast.com\/wordpress\/plugins\/seo\/ -->\n<title>Un lundi au taquet #7 : Grand Bleu pour le sport fran\u00e7ais, Felix dans l&#039;histoire<\/title>\n<meta name=\"description\" content=\"Un lundi au taquet, \u00e9pisode 7. Au menu cette semaine, les Tricolores brillent en \u00e9quitation et dans les sports collectifs et focus sur Allyson Felix et PAB.\" \/>\n<meta name=\"robots\" content=\"index, follow, max-snippet:-1, max-image-preview:large, max-video-preview:-1\" \/>\n<link rel=\"canonical\" href=\"https:\/\/dicodusport.fr\/blog\/un-lundi-au-taquet-7-grand-bleu-sport-francais-felix-histoire\/\" \/>\n<meta property=\"og:locale\" content=\"fr_FR\" \/>\n<meta property=\"og:type\" content=\"article\" \/>\n<meta property=\"og:title\" content=\"Un lundi au taquet #7 : Grand Bleu pour le sport fran\u00e7ais, Felix dans l&#039;histoire\" \/>\n<meta property=\"og:description\" content=\"Un lundi au taquet, \u00e9pisode 7. Au menu cette semaine, les Tricolores brillent en \u00e9quitation et dans les sports collectifs et focus sur Allyson Felix et PAB.\" \/>\n<meta property=\"og:url\" content=\"https:\/\/dicodusport.fr\/blog\/un-lundi-au-taquet-7-grand-bleu-sport-francais-felix-histoire\/\" \/>\n<meta property=\"og:site_name\" content=\"Dicodusport\" \/>\n<meta property=\"article:publisher\" content=\"https:\/\/www.facebook.com\/dicodusport\" \/>\n<meta property=\"article:author\" content=\"https:\/\/www.facebook.com\/florent.ostermann\" \/>\n<meta property=\"article:published_time\" content=\"2017-08-14T13:37:19+00:00\" \/>\n<meta property=\"article:modified_time\" content=\"2025-11-20T17:37:58+00:00\" \/>\n<meta property=\"og:image\" content=\"https:\/\/dicodusport.fr\/blog\/wp-content\/uploads\/2017\/08\/U16-basket.png\" \/>\n\t<meta property=\"og:image:width\" content=\"1200\" \/>\n\t<meta property=\"og:image:height\" content=\"670\" \/>\n\t<meta property=\"og:image:type\" content=\"image\/png\" \/>\n<meta name=\"author\" content=\"Flo Ostermann\" \/>\n<meta name=\"twitter:card\" content=\"summary_large_image\" \/>\n<meta name=\"twitter:creator\" content=\"@https:\/\/twitter.com\/FlOstermann\" \/>\n<meta name=\"twitter:site\" content=\"@dicodusport\" \/>\n<script type=\"application\/ld+json\" class=\"yoast-schema-graph\">{\"@context\":\"https:\/\/schema.org\",\"@graph\":[{\"@type\":\"NewsArticle\",\"@id\":\"https:\/\/dicodusport.fr\/blog\/un-lundi-au-taquet-7-grand-bleu-sport-francais-felix-histoire\/#article\",\"isPartOf\":{\"@id\":\"https:\/\/dicodusport.fr\/blog\/un-lundi-au-taquet-7-grand-bleu-sport-francais-felix-histoire\/\"},\"author\":{\"name\":\"Flo Ostermann\",\"@id\":\"https:\/\/dicodusport.fr\/blog\/#\/schema\/person\/cb02af4c173ce4a653b55e9baf388d4a\"},\"headline\":\"Un lundi au taquet #7 : Grand Bleu pour le sport fran\u00e7ais, Felix dans l&rsquo;histoire\",\"datePublished\":\"2017-08-14T13:37:19+00:00\",\"dateModified\":\"2025-11-20T17:37:58+00:00\",\"mainEntityOfPage\":{\"@id\":\"https:\/\/dicodusport.fr\/blog\/un-lundi-au-taquet-7-grand-bleu-sport-francais-felix-histoire\/\"},\"wordCount\":1110,\"commentCount\":0,\"publisher\":{\"@id\":\"https:\/\/dicodusport.fr\/blog\/#organization\"},\"image\":{\"@id\":\"https:\/\/dicodusport.fr\/blog\/un-lundi-au-taquet-7-grand-bleu-sport-francais-felix-histoire\/#primaryimage\"},\"thumbnailUrl\":\"https:\/\/dicodusport.fr\/blog\/wp-content\/uploads\/2017\/08\/U16-basket.png\",\"keywords\":[\"basketball\",\"equitation\",\"Handball\",\"Karim Laghouag\",\"Pierre-Ambroise Bosse\",\"Tour de l'Avenir\"],\"articleSection\":[\"Multisports\"],\"inLanguage\":\"fr-FR\",\"potentialAction\":[{\"@type\":\"CommentAction\",\"name\":\"Comment\",\"target\":[\"https:\/\/dicodusport.fr\/blog\/un-lundi-au-taquet-7-grand-bleu-sport-francais-felix-histoire\/#respond\"]}],\"copyrightYear\":\"2017\",\"copyrightHolder\":{\"@id\":\"https:\/\/dicodusport.fr\/blog\/#organization\"}},{\"@type\":\"WebPage\",\"@id\":\"https:\/\/dicodusport.fr\/blog\/un-lundi-au-taquet-7-grand-bleu-sport-francais-felix-histoire\/\",\"url\":\"https:\/\/dicodusport.fr\/blog\/un-lundi-au-taquet-7-grand-bleu-sport-francais-felix-histoire\/\",\"name\":\"Un lundi au taquet #7 : Grand Bleu pour le sport fran\u00e7ais, Felix dans l'histoire\",\"isPartOf\":{\"@id\":\"https:\/\/dicodusport.fr\/blog\/#website\"},\"primaryImageOfPage\":{\"@id\":\"https:\/\/dicodusport.fr\/blog\/un-lundi-au-taquet-7-grand-bleu-sport-francais-felix-histoire\/#primaryimage\"},\"image\":{\"@id\":\"https:\/\/dicodusport.fr\/blog\/un-lundi-au-taquet-7-grand-bleu-sport-francais-felix-histoire\/#primaryimage\"},\"thumbnailUrl\":\"https:\/\/dicodusport.fr\/blog\/wp-content\/uploads\/2017\/08\/U16-basket.png\",\"datePublished\":\"2017-08-14T13:37:19+00:00\",\"dateModified\":\"2025-11-20T17:37:58+00:00\",\"description\":\"Un lundi au taquet, \u00e9pisode 7. Au menu cette semaine, les Tricolores brillent en \u00e9quitation et dans les sports collectifs et focus sur Allyson Felix et PAB.\",\"breadcrumb\":{\"@id\":\"https:\/\/dicodusport.fr\/blog\/un-lundi-au-taquet-7-grand-bleu-sport-francais-felix-histoire\/#breadcrumb\"},\"inLanguage\":\"fr-FR\",\"potentialAction\":[{\"@type\":\"ReadAction\",\"target\":[\"https:\/\/dicodusport.fr\/blog\/un-lundi-au-taquet-7-grand-bleu-sport-francais-felix-histoire\/\"]}]},{\"@type\":\"ImageObject\",\"inLanguage\":\"fr-FR\",\"@id\":\"https:\/\/dicodusport.fr\/blog\/un-lundi-au-taquet-7-grand-bleu-sport-francais-felix-histoire\/#primaryimage\",\"url\":\"https:\/\/dicodusport.fr\/blog\/wp-content\/uploads\/2017\/08\/U16-basket.png\",\"contentUrl\":\"https:\/\/dicodusport.fr\/blog\/wp-content\/uploads\/2017\/08\/U16-basket.png\",\"width\":1200,\"height\":670,\"caption\":\"U16 France basket\"},{\"@type\":\"BreadcrumbList\",\"@id\":\"https:\/\/dicodusport.fr\/blog\/un-lundi-au-taquet-7-grand-bleu-sport-francais-felix-histoire\/#breadcrumb\",\"itemListElement\":[{\"@type\":\"ListItem\",\"position\":1,\"name\":\"Accueil\",\"item\":\"https:\/\/dicodusport.fr\/blog\/\"},{\"@type\":\"ListItem\",\"position\":2,\"name\":\"Un lundi au taquet #7 : Grand Bleu pour le sport fran\u00e7ais, Felix dans l&rsquo;histoire\"}]},{\"@type\":\"WebSite\",\"@id\":\"https:\/\/dicodusport.fr\/blog\/#website\",\"url\":\"https:\/\/dicodusport.fr\/blog\/\",\"name\":\"Dicodusport\",\"description\":\"L&#039;encyclop\u00e9die de l&#039;actualit\u00e9 sportive\",\"publisher\":{\"@id\":\"https:\/\/dicodusport.fr\/blog\/#organization\"},\"potentialAction\":[{\"@type\":\"SearchAction\",\"target\":{\"@type\":\"EntryPoint\",\"urlTemplate\":\"https:\/\/dicodusport.fr\/blog\/?s={search_term_string}\"},\"query-input\":{\"@type\":\"PropertyValueSpecification\",\"valueRequired\":true,\"valueName\":\"search_term_string\"}}],\"inLanguage\":\"fr-FR\"},{\"@type\":\"NewsMediaOrganization\",\"@id\":\"https:\/\/dicodusport.fr\/blog\/#organization\",\"name\":\"Dicodusport\",\"url\":\"https:\/\/dicodusport.fr\/blog\/\",\"logo\":{\"@type\":\"ImageObject\",\"inLanguage\":\"fr-FR\",\"@id\":\"https:\/\/dicodusport.fr\/blog\/#\/schema\/logo\/image\/\",\"url\":\"https:\/\/dicodusport.fr\/blog\/wp-content\/uploads\/2020\/06\/cropped-LOGO-DICODUSPORT-2020-SANS-FOND-SANS-TEXTE.png\",\"contentUrl\":\"https:\/\/dicodusport.fr\/blog\/wp-content\/uploads\/2020\/06\/cropped-LOGO-DICODUSPORT-2020-SANS-FOND-SANS-TEXTE.png\",\"width\":512,\"height\":512,\"caption\":\"Dicodusport\"},\"image\":{\"@id\":\"https:\/\/dicodusport.fr\/blog\/#\/schema\/logo\/image\/\"},\"sameAs\":[\"https:\/\/www.facebook.com\/dicodusport\",\"https:\/\/x.com\/dicodusport\",\"https:\/\/www.instagram.com\/dicodusport\/\",\"https:\/\/www.youtube.com\/channel\/UC7V2KZ5sd3htJivAbA4ZG3w\"],\"description\":\"Dicodusport est l'encyclop\u00e9die de l'actualit\u00e9 sportive.\",\"email\":\"bonjour@dicodusport.fr\",\"legalName\":\"DICODUSPORT\",\"foundingDate\":\"2018-01-14\",\"vatID\":\"FR71834470973\",\"taxID\":\"83447097300043\",\"numberOfEmployees\":{\"@type\":\"QuantitativeValue\",\"minValue\":\"1\",\"maxValue\":\"10\"}},{\"@type\":\"Person\",\"@id\":\"https:\/\/dicodusport.fr\/blog\/#\/schema\/person\/cb02af4c173ce4a653b55e9baf388d4a\",\"name\":\"Flo Ostermann\",\"image\":{\"@type\":\"ImageObject\",\"inLanguage\":\"fr-FR\",\"@id\":\"https:\/\/dicodusport.fr\/blog\/#\/schema\/person\/image\/\",\"url\":\"https:\/\/dicodusport.fr\/blog\/wp-content\/uploads\/2021\/05\/Flo-Ostermann-150x150.jpg\",\"contentUrl\":\"https:\/\/dicodusport.fr\/blog\/wp-content\/uploads\/2021\/05\/Flo-Ostermann-150x150.jpg\",\"caption\":\"Flo Ostermann\"},\"description\":\"Journaliste\/R\u00e9dacteur depuis septembre 2015 - Mes premiers souvenirs dans le sport ? Les envol\u00e9es du Stade Toulousain et les duels Villeneuve-Schumacher et H\u00e4kkinen-Schumacher \u00e0 la fin des ann\u00e9es 90, la Coupe du monde de football en 1998, l\u2019exploit du XV de France face aux All Blacks en 1999, mais aussi Richard C\u0153ur de Lion qui vole sur les montagnes du Tour de France. Bien parti pour devenir professeur d\u2019EPS, les \u00e9v\u00e9nements de la vie (et la flemme d\u2019animer des s\u00e9ances de 3x500 m\u00e8tres toute ma vie) m\u2019ont conduit \u00e0 revoir mes plans. Me voil\u00e0 depuis fin 2017 sur Dicodusport, m\u00e9dia gr\u00e2ce (et pour) lequel je partage ma passion : le sport dans tous ses \u00e9tats. Le tout accompagn\u00e9 par les fous furieux et folles furieuses cit\u00e9s sur cette page !\",\"sameAs\":[\"https:\/\/www.facebook.com\/florent.ostermann\",\"https:\/\/x.com\/https:\/\/twitter.com\/FlOstermann\",\"admin\"],\"url\":\"https:\/\/dicodusport.fr\/blog\/author\/flo\/\"}]}<\/script>\n<!-- \/ Yoast SEO Premium plugin. -->","yoast_head_json":{"title":"Un lundi au taquet #7 : Grand Bleu pour le sport fran\u00e7ais, Felix dans l'histoire","description":"Un lundi au taquet, \u00e9pisode 7. Au menu cette semaine, les Tricolores brillent en \u00e9quitation et dans les sports collectifs et focus sur Allyson Felix et PAB.","robots":{"index":"index","follow":"follow","max-snippet":"max-snippet:-1","max-image-preview":"max-image-preview:large","max-video-preview":"max-video-preview:-1"},"canonical":"https:\/\/dicodusport.fr\/blog\/un-lundi-au-taquet-7-grand-bleu-sport-francais-felix-histoire\/","og_locale":"fr_FR","og_type":"article","og_title":"Un lundi au taquet #7 : Grand Bleu pour le sport fran\u00e7ais, Felix dans l'histoire","og_description":"Un lundi au taquet, \u00e9pisode 7. Au menu cette semaine, les Tricolores brillent en \u00e9quitation et dans les sports collectifs et focus sur Allyson Felix et PAB.","og_url":"https:\/\/dicodusport.fr\/blog\/un-lundi-au-taquet-7-grand-bleu-sport-francais-felix-histoire\/","og_site_name":"Dicodusport","article_publisher":"https:\/\/www.facebook.com\/dicodusport","article_author":"https:\/\/www.facebook.com\/florent.ostermann","article_published_time":"2017-08-14T13:37:19+00:00","article_modified_time":"2025-11-20T17:37:58+00:00","og_image":[{"width":1200,"height":670,"url":"https:\/\/dicodusport.fr\/blog\/wp-content\/uploads\/2017\/08\/U16-basket.png","type":"image\/png"}],"author":"Flo Ostermann","twitter_card":"summary_large_image","twitter_creator":"@https:\/\/twitter.com\/FlOstermann","twitter_site":"@dicodusport","schema":{"@context":"https:\/\/schema.org","@graph":[{"@type":"NewsArticle","@id":"https:\/\/dicodusport.fr\/blog\/un-lundi-au-taquet-7-grand-bleu-sport-francais-felix-histoire\/#article","isPartOf":{"@id":"https:\/\/dicodusport.fr\/blog\/un-lundi-au-taquet-7-grand-bleu-sport-francais-felix-histoire\/"},"author":{"name":"Flo Ostermann","@id":"https:\/\/dicodusport.fr\/blog\/#\/schema\/person\/cb02af4c173ce4a653b55e9baf388d4a"},"headline":"Un lundi au taquet #7 : Grand Bleu pour le sport fran\u00e7ais, Felix dans l&rsquo;histoire","datePublished":"2017-08-14T13:37:19+00:00","dateModified":"2025-11-20T17:37:58+00:00","mainEntityOfPage":{"@id":"https:\/\/dicodusport.fr\/blog\/un-lundi-au-taquet-7-grand-bleu-sport-francais-felix-histoire\/"},"wordCount":1110,"commentCount":0,"publisher":{"@id":"https:\/\/dicodusport.fr\/blog\/#organization"},"image":{"@id":"https:\/\/dicodusport.fr\/blog\/un-lundi-au-taquet-7-grand-bleu-sport-francais-felix-histoire\/#primaryimage"},"thumbnailUrl":"https:\/\/dicodusport.fr\/blog\/wp-content\/uploads\/2017\/08\/U16-basket.png","keywords":["basketball","equitation","Handball","Karim Laghouag","Pierre-Ambroise Bosse","Tour de l'Avenir"],"articleSection":["Multisports"],"inLanguage":"fr-FR","potentialAction":[{"@type":"CommentAction","name":"Comment","target":["https:\/\/dicodusport.fr\/blog\/un-lundi-au-taquet-7-grand-bleu-sport-francais-felix-histoire\/#respond"]}],"copyrightYear":"2017","copyrightHolder":{"@id":"https:\/\/dicodusport.fr\/blog\/#organization"}},{"@type":"WebPage","@id":"https:\/\/dicodusport.fr\/blog\/un-lundi-au-taquet-7-grand-bleu-sport-francais-felix-histoire\/","url":"https:\/\/dicodusport.fr\/blog\/un-lundi-au-taquet-7-grand-bleu-sport-francais-felix-histoire\/","name":"Un lundi au taquet #7 : Grand Bleu pour le sport fran\u00e7ais, Felix dans l'histoire","isPartOf":{"@id":"https:\/\/dicodusport.fr\/blog\/#website"},"primaryImageOfPage":{"@id":"https:\/\/dicodusport.fr\/blog\/un-lundi-au-taquet-7-grand-bleu-sport-francais-felix-histoire\/#primaryimage"},"image":{"@id":"https:\/\/dicodusport.fr\/blog\/un-lundi-au-taquet-7-grand-bleu-sport-francais-felix-histoire\/#primaryimage"},"thumbnailUrl":"https:\/\/dicodusport.fr\/blog\/wp-content\/uploads\/2017\/08\/U16-basket.png","datePublished":"2017-08-14T13:37:19+00:00","dateModified":"2025-11-20T17:37:58+00:00","description":"Un lundi au taquet, \u00e9pisode 7. Au menu cette semaine, les Tricolores brillent en \u00e9quitation et dans les sports collectifs et focus sur Allyson Felix et PAB.","breadcrumb":{"@id":"https:\/\/dicodusport.fr\/blog\/un-lundi-au-taquet-7-grand-bleu-sport-francais-felix-histoire\/#breadcrumb"},"inLanguage":"fr-FR","potentialAction":[{"@type":"ReadAction","target":["https:\/\/dicodusport.fr\/blog\/un-lundi-au-taquet-7-grand-bleu-sport-francais-felix-histoire\/"]}]},{"@type":"ImageObject","inLanguage":"fr-FR","@id":"https:\/\/dicodusport.fr\/blog\/un-lundi-au-taquet-7-grand-bleu-sport-francais-felix-histoire\/#primaryimage","url":"https:\/\/dicodusport.fr\/blog\/wp-content\/uploads\/2017\/08\/U16-basket.png","contentUrl":"https:\/\/dicodusport.fr\/blog\/wp-content\/uploads\/2017\/08\/U16-basket.png","width":1200,"height":670,"caption":"U16 France basket"},{"@type":"BreadcrumbList","@id":"https:\/\/dicodusport.fr\/blog\/un-lundi-au-taquet-7-grand-bleu-sport-francais-felix-histoire\/#breadcrumb","itemListElement":[{"@type":"ListItem","position":1,"name":"Accueil","item":"https:\/\/dicodusport.fr\/blog\/"},{"@type":"ListItem","position":2,"name":"Un lundi au taquet #7 : Grand Bleu pour le sport fran\u00e7ais, Felix dans l&rsquo;histoire"}]},{"@type":"WebSite","@id":"https:\/\/dicodusport.fr\/blog\/#website","url":"https:\/\/dicodusport.fr\/blog\/","name":"Dicodusport","description":"L&#039;encyclop\u00e9die de l&#039;actualit\u00e9 sportive","publisher":{"@id":"https:\/\/dicodusport.fr\/blog\/#organization"},"potentialAction":[{"@type":"SearchAction","target":{"@type":"EntryPoint","urlTemplate":"https:\/\/dicodusport.fr\/blog\/?s={search_term_string}"},"query-input":{"@type":"PropertyValueSpecification","valueRequired":true,"valueName":"search_term_string"}}],"inLanguage":"fr-FR"},{"@type":"NewsMediaOrganization","@id":"https:\/\/dicodusport.fr\/blog\/#organization","name":"Dicodusport","url":"https:\/\/dicodusport.fr\/blog\/","logo":{"@type":"ImageObject","inLanguage":"fr-FR","@id":"https:\/\/dicodusport.fr\/blog\/#\/schema\/logo\/image\/","url":"https:\/\/dicodusport.fr\/blog\/wp-content\/uploads\/2020\/06\/cropped-LOGO-DICODUSPORT-2020-SANS-FOND-SANS-TEXTE.png","contentUrl":"https:\/\/dicodusport.fr\/blog\/wp-content\/uploads\/2020\/06\/cropped-LOGO-DICODUSPORT-2020-SANS-FOND-SANS-TEXTE.png","width":512,"height":512,"caption":"Dicodusport"},"image":{"@id":"https:\/\/dicodusport.fr\/blog\/#\/schema\/logo\/image\/"},"sameAs":["https:\/\/www.facebook.com\/dicodusport","https:\/\/x.com\/dicodusport","https:\/\/www.instagram.com\/dicodusport\/","https:\/\/www.youtube.com\/channel\/UC7V2KZ5sd3htJivAbA4ZG3w"],"description":"Dicodusport est l'encyclop\u00e9die de l'actualit\u00e9 sportive.","email":"bonjour@dicodusport.fr","legalName":"DICODUSPORT","foundingDate":"2018-01-14","vatID":"FR71834470973","taxID":"83447097300043","numberOfEmployees":{"@type":"QuantitativeValue","minValue":"1","maxValue":"10"}},{"@type":"Person","@id":"https:\/\/dicodusport.fr\/blog\/#\/schema\/person\/cb02af4c173ce4a653b55e9baf388d4a","name":"Flo Ostermann","image":{"@type":"ImageObject","inLanguage":"fr-FR","@id":"https:\/\/dicodusport.fr\/blog\/#\/schema\/person\/image\/","url":"https:\/\/dicodusport.fr\/blog\/wp-content\/uploads\/2021\/05\/Flo-Ostermann-150x150.jpg","contentUrl":"https:\/\/dicodusport.fr\/blog\/wp-content\/uploads\/2021\/05\/Flo-Ostermann-150x150.jpg","caption":"Flo Ostermann"},"description":"Journaliste\/R\u00e9dacteur depuis septembre 2015 - Mes premiers souvenirs dans le sport ? Les envol\u00e9es du Stade Toulousain et les duels Villeneuve-Schumacher et H\u00e4kkinen-Schumacher \u00e0 la fin des ann\u00e9es 90, la Coupe du monde de football en 1998, l\u2019exploit du XV de France face aux All Blacks en 1999, mais aussi Richard C\u0153ur de Lion qui vole sur les montagnes du Tour de France. Bien parti pour devenir professeur d\u2019EPS, les \u00e9v\u00e9nements de la vie (et la flemme d\u2019animer des s\u00e9ances de 3x500 m\u00e8tres toute ma vie) m\u2019ont conduit \u00e0 revoir mes plans. Me voil\u00e0 depuis fin 2017 sur Dicodusport, m\u00e9dia gr\u00e2ce (et pour) lequel je partage ma passion : le sport dans tous ses \u00e9tats. Le tout accompagn\u00e9 par les fous furieux et folles furieuses cit\u00e9s sur cette page !","sameAs":["https:\/\/www.facebook.com\/florent.ostermann","https:\/\/x.com\/https:\/\/twitter.com\/FlOstermann","admin"],"url":"https:\/\/dicodusport.fr\/blog\/author\/flo\/"}]}},"_links":{"self":[{"href":"https:\/\/dicodusport.fr\/blog\/wp-json\/wp\/v2\/posts\/4030","targetHints":{"allow":["GET"]}}],"collection":[{"href":"https:\/\/dicodusport.fr\/blog\/wp-json\/wp\/v2\/posts"}],"about":[{"href":"https:\/\/dicodusport.fr\/blog\/wp-json\/wp\/v2\/types\/post"}],"author":[{"embeddable":true,"href":"https:\/\/dicodusport.fr\/blog\/wp-json\/wp\/v2\/users\/4"}],"replies":[{"embeddable":true,"href":"https:\/\/dicodusport.fr\/blog\/wp-json\/wp\/v2\/comments?post=4030"}],"version-history":[{"count":1,"href":"https:\/\/dicodusport.fr\/blog\/wp-json\/wp\/v2\/posts\/4030\/revisions"}],"predecessor-version":[{"id":626903,"href":"https:\/\/dicodusport.fr\/blog\/wp-json\/wp\/v2\/posts\/4030\/revisions\/626903"}],"wp:featuredmedia":[{"embeddable":true,"href":"https:\/\/dicodusport.fr\/blog\/wp-json\/wp\/v2\/media\/4042"}],"wp:attachment":[{"href":"https:\/\/dicodusport.fr\/blog\/wp-json\/wp\/v2\/media?parent=4030"}],"wp:term":[{"taxonomy":"category","embeddable":true,"href":"https:\/\/dicodusport.fr\/blog\/wp-json\/wp\/v2\/categories?post=4030"},{"taxonomy":"post_tag","embeddable":true,"href":"https:\/\/dicodusport.fr\/blog\/wp-json\/wp\/v2\/tags?post=4030"}],"curies":[{"name":"wp","href":"https:\/\/api.w.org\/{rel}","templated":true}]}}