{"id":403019,"date":"2023-07-25T15:13:11","date_gmt":"2023-07-25T13:13:11","guid":{"rendered":"https:\/\/dicodusport.fr\/blog\/?p=403019&#038;preview=true&#038;preview_id=403019"},"modified":"2023-07-25T15:15:50","modified_gmt":"2023-07-25T13:15:50","slug":"mercato-ol-lyon-a-recu-une-offre-pour-karl-toko-ekambi","status":"publish","type":"post","link":"https:\/\/dicodusport.fr\/blog\/mercato-ol-lyon-a-recu-une-offre-pour-karl-toko-ekambi\/","title":{"rendered":"Mercato OL : Lyon a re\u00e7u une offre pour Karl Toko-Ekambi"},"content":{"rendered":"<p style=\"text-align: justify;\" align=\"justify\"><em><strong>LIGUE 1 2023-2024 &#8211; Selon Foot Mercato, l&rsquo;Olympique Lyonnais a re\u00e7u une offre d&rsquo;Al-Jazira pour Karl Toko-Ekambi.<\/strong><\/em><\/p>\n<p style=\"text-align: justify;\" align=\"justify\">De retour \u00e0 <strong>Lyon<\/strong> apr\u00e8s un pr\u00eat contrast\u00e9 au <strong>Stade<\/strong> <strong>Rennais<\/strong>, <strong>Karl Toko-Ekambi<\/strong> aimerait repartir au plus t\u00f4t. F\u00e2ch\u00e9 avec les supporters lyonnais, il ne voudrait pas faire la saison dans le <strong>Rh\u00f4ne<\/strong>. Cela tombe plut\u00f4t bien, car son club est ouvert \u00e0 un d\u00e9part. Une premi\u00e8re offre est arriv\u00e9e sur le bureau des dirigeants lyonnais, et elle provient du club \u00e9mirati, Al-Jazira.<\/p>\n<p style=\"text-align: justify;\" align=\"justify\">Une premi\u00e8re offre de deux millions a \u00e9t\u00e9 transmise par le club du Golfe. On ne sait pas pour le moment si l&rsquo;<strong>Olympique Lyonnais<\/strong> est enclin \u00e0 l&rsquo;accepter. Sous contrat encore un an avec Lyon, il est tout de m\u00eame \u00e9valu\u00e9 \u00e0 huit millions d&rsquo;euros, mais le club \u00e9mirati sait que la situation est compliqu\u00e9e pour tout le monde sur ce dossier, et pourrait donc en profiter pour tirer le prix vers le bas.<\/p>\n<p style=\"text-align: justify;\" align=\"justify\"><strong>Karl Toko-Ekambi<\/strong> est aussi en contact avec le club turc du <strong>Fenerbah\u00e7e<\/strong>. Mais pour l&rsquo;heure, aucune offre n&rsquo;a \u00e9t\u00e9 transmise \u00e0 l&rsquo;OL pour racheter sa derni\u00e8re ann\u00e9e de contrat. L&rsquo;international camerounais a jou\u00e9 cette semaine en amical avec <strong>Lyon<\/strong>, pour ce qui pourrait \u00eatre un de ses derniers matchs sous les ordres de <strong>Laurent<\/strong> <strong>Blanc<\/strong>.<\/p>\n<blockquote class=\"twitter-tweet\">\n<p dir=\"ltr\" lang=\"fr\">\ud83d\udea8\ud83d\udd34\ud83d\udd35\ud83c\udde8\ud83c\uddf2 <a href=\"https:\/\/twitter.com\/hashtag\/Ligue1?src=hash&amp;ref_src=twsrc%5Etfw\">#Ligue1<\/a> |<\/p>\n<p>\u25c9 Al-Jazira \ud83c\udde6\ud83c\uddea a formul\u00e9 une offre d&rsquo;environ 2M\u20ac \u00e0 l&rsquo;OL pour Karl Toko Ekambi.<\/p>\n<p>\u25c9 Fenerbah\u00e7e s&rsquo;est \u00e9galement concr\u00e8tement positionn\u00e9 aupr\u00e8s du joueur et de l&rsquo;OL.<a href=\"https:\/\/t.co\/yGumGPQqMT\">https:\/\/t.co\/yGumGPQqMT<\/a> <a href=\"https:\/\/t.co\/fBnmlYTnQH\">pic.twitter.com\/fBnmlYTnQH<\/a><\/p>\n<p>\u2014 Santi Aouna (@Santi_J_FM) <a href=\"https:\/\/twitter.com\/Santi_J_FM\/status\/1683805317534982145?ref_src=twsrc%5Etfw\">July 25, 2023<\/a><\/p><\/blockquote>\n<p style=\"text-align: justify;\"><script async src=\"https:\/\/platform.twitter.com\/widgets.js\" charset=\"utf-8\"><\/script><\/p>\n","protected":false},"excerpt":{"rendered":"<p>LIGUE 1 2023-2024 &#8211; Selon Foot Mercato, l&rsquo;Olympique Lyonnais a re\u00e7u une offre d&rsquo;Al-Jazira pour Karl Toko-Ekambi.<\/p>\n","protected":false},"author":1,"featured_media":403027,"comment_status":"open","ping_status":"closed","sticky":false,"template":"","format":"standard","meta":{"_acf_changed":false,"_daextam_enable_autolinks":"","footnotes":""},"categories":[2301,47045],"tags":[16878,75,12148,449,1145],"class_list":["post-403019","post","type-post","status-publish","format-standard","has-post-thumbnail","hentry","category-football","category-ligue-1","tag-breve","tag-football","tag-karl-toko-ekambi","tag-lyon","tag-ol"],"acf":[],"yoast_head":"<!-- This site is optimized with the Yoast SEO Premium plugin v26.7 (Yoast SEO v26.7) - https:\/\/yoast.com\/wordpress\/plugins\/seo\/ -->\n<title>Mercato OL : Lyon a re\u00e7u une offre pour Karl Toko-Ekambi<\/title>\n<meta name=\"description\" content=\"LIGUE 1 2023-2024 - Selon Foot Mercato, l&#039;Olympique Lyonnais a re\u00e7u une offre d&#039;Al-Jazira pour Karl Toko-Ekambi.\" \/>\n<meta name=\"robots\" content=\"index, follow, max-snippet:-1, max-image-preview:large, max-video-preview:-1\" \/>\n<link rel=\"canonical\" href=\"https:\/\/dicodusport.fr\/blog\/mercato-ol-lyon-a-recu-une-offre-pour-karl-toko-ekambi\/\" \/>\n<meta property=\"og:locale\" content=\"fr_FR\" \/>\n<meta property=\"og:type\" content=\"article\" \/>\n<meta property=\"og:title\" content=\"Mercato OL : Lyon a re\u00e7u une offre pour Karl Toko-Ekambi\" \/>\n<meta property=\"og:description\" content=\"LIGUE 1 2023-2024 - Selon Foot Mercato, l&#039;Olympique Lyonnais a re\u00e7u une offre d&#039;Al-Jazira pour Karl Toko-Ekambi.\" \/>\n<meta property=\"og:url\" content=\"https:\/\/dicodusport.fr\/blog\/mercato-ol-lyon-a-recu-une-offre-pour-karl-toko-ekambi\/\" \/>\n<meta property=\"og:site_name\" content=\"Dicodusport\" \/>\n<meta property=\"article:publisher\" content=\"https:\/\/www.facebook.com\/dicodusport\" \/>\n<meta property=\"article:author\" content=\"https:\/\/www.facebook.com\/dicodusport\" \/>\n<meta property=\"article:published_time\" content=\"2023-07-25T13:13:11+00:00\" \/>\n<meta property=\"article:modified_time\" content=\"2023-07-25T13:15:50+00:00\" \/>\n<meta property=\"og:image\" content=\"https:\/\/dicodusport.fr\/blog\/wp-content\/uploads\/2023\/07\/Mercato-OL-Lyon-a-recu-une-offre-pour-Karl-Toko-Ekambi.png\" \/>\n\t<meta property=\"og:image:width\" content=\"800\" \/>\n\t<meta property=\"og:image:height\" content=\"445\" \/>\n\t<meta property=\"og:image:type\" content=\"image\/png\" \/>\n<meta name=\"author\" content=\"Nicolas Jacquemard\" \/>\n<meta name=\"twitter:card\" content=\"summary_large_image\" \/>\n<meta name=\"twitter:title\" content=\"Mercato OL : Lyon a re\u00e7u une offre pour Karl Toko-Ekambi\" \/>\n<meta name=\"twitter:creator\" content=\"@https:\/\/twitter.com\/Nico_Jacquemard\" \/>\n<meta name=\"twitter:site\" content=\"@dicodusport\" \/>\n<script type=\"application\/ld+json\" class=\"yoast-schema-graph\">{\"@context\":\"https:\/\/schema.org\",\"@graph\":[{\"@type\":\"NewsArticle\",\"@id\":\"https:\/\/dicodusport.fr\/blog\/mercato-ol-lyon-a-recu-une-offre-pour-karl-toko-ekambi\/#article\",\"isPartOf\":{\"@id\":\"https:\/\/dicodusport.fr\/blog\/mercato-ol-lyon-a-recu-une-offre-pour-karl-toko-ekambi\/\"},\"author\":{\"name\":\"Nicolas Jacquemard\",\"@id\":\"https:\/\/dicodusport.fr\/blog\/#\/schema\/person\/55dcb50ad410894e431ed812bbb70191\"},\"headline\":\"Mercato OL : Lyon a re\u00e7u une offre pour Karl Toko-Ekambi\",\"datePublished\":\"2023-07-25T13:13:11+00:00\",\"dateModified\":\"2023-07-25T13:15:50+00:00\",\"mainEntityOfPage\":{\"@id\":\"https:\/\/dicodusport.fr\/blog\/mercato-ol-lyon-a-recu-une-offre-pour-karl-toko-ekambi\/\"},\"wordCount\":284,\"commentCount\":0,\"publisher\":{\"@id\":\"https:\/\/dicodusport.fr\/blog\/#organization\"},\"image\":{\"@id\":\"https:\/\/dicodusport.fr\/blog\/mercato-ol-lyon-a-recu-une-offre-pour-karl-toko-ekambi\/#primaryimage\"},\"thumbnailUrl\":\"https:\/\/dicodusport.fr\/blog\/wp-content\/uploads\/2023\/07\/Mercato-OL-Lyon-a-recu-une-offre-pour-Karl-Toko-Ekambi.png\",\"keywords\":[\"br\u00e8ve\",\"Football\",\"Karl Toko-Ekambi\",\"Lyon\",\"OL\"],\"articleSection\":[\"Football\",\"Ligue 1\"],\"inLanguage\":\"fr-FR\",\"potentialAction\":[{\"@type\":\"CommentAction\",\"name\":\"Comment\",\"target\":[\"https:\/\/dicodusport.fr\/blog\/mercato-ol-lyon-a-recu-une-offre-pour-karl-toko-ekambi\/#respond\"]}],\"copyrightYear\":\"2023\",\"copyrightHolder\":{\"@id\":\"https:\/\/dicodusport.fr\/blog\/#organization\"}},{\"@type\":\"WebPage\",\"@id\":\"https:\/\/dicodusport.fr\/blog\/mercato-ol-lyon-a-recu-une-offre-pour-karl-toko-ekambi\/\",\"url\":\"https:\/\/dicodusport.fr\/blog\/mercato-ol-lyon-a-recu-une-offre-pour-karl-toko-ekambi\/\",\"name\":\"Mercato OL : Lyon a re\u00e7u une offre pour Karl Toko-Ekambi\",\"isPartOf\":{\"@id\":\"https:\/\/dicodusport.fr\/blog\/#website\"},\"primaryImageOfPage\":{\"@id\":\"https:\/\/dicodusport.fr\/blog\/mercato-ol-lyon-a-recu-une-offre-pour-karl-toko-ekambi\/#primaryimage\"},\"image\":{\"@id\":\"https:\/\/dicodusport.fr\/blog\/mercato-ol-lyon-a-recu-une-offre-pour-karl-toko-ekambi\/#primaryimage\"},\"thumbnailUrl\":\"https:\/\/dicodusport.fr\/blog\/wp-content\/uploads\/2023\/07\/Mercato-OL-Lyon-a-recu-une-offre-pour-Karl-Toko-Ekambi.png\",\"datePublished\":\"2023-07-25T13:13:11+00:00\",\"dateModified\":\"2023-07-25T13:15:50+00:00\",\"description\":\"LIGUE 1 2023-2024 - Selon Foot Mercato, l'Olympique Lyonnais a re\u00e7u une offre d'Al-Jazira pour Karl Toko-Ekambi.\",\"breadcrumb\":{\"@id\":\"https:\/\/dicodusport.fr\/blog\/mercato-ol-lyon-a-recu-une-offre-pour-karl-toko-ekambi\/#breadcrumb\"},\"inLanguage\":\"fr-FR\",\"potentialAction\":[{\"@type\":\"ReadAction\",\"target\":[\"https:\/\/dicodusport.fr\/blog\/mercato-ol-lyon-a-recu-une-offre-pour-karl-toko-ekambi\/\"]}]},{\"@type\":\"ImageObject\",\"inLanguage\":\"fr-FR\",\"@id\":\"https:\/\/dicodusport.fr\/blog\/mercato-ol-lyon-a-recu-une-offre-pour-karl-toko-ekambi\/#primaryimage\",\"url\":\"https:\/\/dicodusport.fr\/blog\/wp-content\/uploads\/2023\/07\/Mercato-OL-Lyon-a-recu-une-offre-pour-Karl-Toko-Ekambi.png\",\"contentUrl\":\"https:\/\/dicodusport.fr\/blog\/wp-content\/uploads\/2023\/07\/Mercato-OL-Lyon-a-recu-une-offre-pour-Karl-Toko-Ekambi.png\",\"width\":800,\"height\":445},{\"@type\":\"BreadcrumbList\",\"@id\":\"https:\/\/dicodusport.fr\/blog\/mercato-ol-lyon-a-recu-une-offre-pour-karl-toko-ekambi\/#breadcrumb\",\"itemListElement\":[{\"@type\":\"ListItem\",\"position\":1,\"name\":\"Accueil\",\"item\":\"https:\/\/dicodusport.fr\/blog\/\"},{\"@type\":\"ListItem\",\"position\":2,\"name\":\"Mercato OL : Lyon a re\u00e7u une offre pour Karl Toko-Ekambi\"}]},{\"@type\":\"WebSite\",\"@id\":\"https:\/\/dicodusport.fr\/blog\/#website\",\"url\":\"https:\/\/dicodusport.fr\/blog\/\",\"name\":\"Dicodusport\",\"description\":\"L&#039;encyclop\u00e9die de l&#039;actualit\u00e9 sportive\",\"publisher\":{\"@id\":\"https:\/\/dicodusport.fr\/blog\/#organization\"},\"potentialAction\":[{\"@type\":\"SearchAction\",\"target\":{\"@type\":\"EntryPoint\",\"urlTemplate\":\"https:\/\/dicodusport.fr\/blog\/?s={search_term_string}\"},\"query-input\":{\"@type\":\"PropertyValueSpecification\",\"valueRequired\":true,\"valueName\":\"search_term_string\"}}],\"inLanguage\":\"fr-FR\"},{\"@type\":\"NewsMediaOrganization\",\"@id\":\"https:\/\/dicodusport.fr\/blog\/#organization\",\"name\":\"Dicodusport\",\"url\":\"https:\/\/dicodusport.fr\/blog\/\",\"logo\":{\"@type\":\"ImageObject\",\"inLanguage\":\"fr-FR\",\"@id\":\"https:\/\/dicodusport.fr\/blog\/#\/schema\/logo\/image\/\",\"url\":\"https:\/\/dicodusport.fr\/blog\/wp-content\/uploads\/2020\/06\/cropped-LOGO-DICODUSPORT-2020-SANS-FOND-SANS-TEXTE.png\",\"contentUrl\":\"https:\/\/dicodusport.fr\/blog\/wp-content\/uploads\/2020\/06\/cropped-LOGO-DICODUSPORT-2020-SANS-FOND-SANS-TEXTE.png\",\"width\":512,\"height\":512,\"caption\":\"Dicodusport\"},\"image\":{\"@id\":\"https:\/\/dicodusport.fr\/blog\/#\/schema\/logo\/image\/\"},\"sameAs\":[\"https:\/\/www.facebook.com\/dicodusport\",\"https:\/\/x.com\/dicodusport\",\"https:\/\/www.instagram.com\/dicodusport\/\",\"https:\/\/www.youtube.com\/channel\/UC7V2KZ5sd3htJivAbA4ZG3w\"],\"description\":\"Dicodusport est l'encyclop\u00e9die de l'actualit\u00e9 sportive.\",\"email\":\"bonjour@dicodusport.fr\",\"legalName\":\"DICODUSPORT\",\"foundingDate\":\"2018-01-14\",\"vatID\":\"FR71834470973\",\"taxID\":\"83447097300043\",\"numberOfEmployees\":{\"@type\":\"QuantitativeValue\",\"minValue\":\"1\",\"maxValue\":\"10\"}},{\"@type\":\"Person\",\"@id\":\"https:\/\/dicodusport.fr\/blog\/#\/schema\/person\/55dcb50ad410894e431ed812bbb70191\",\"name\":\"Nicolas Jacquemard\",\"image\":{\"@type\":\"ImageObject\",\"inLanguage\":\"fr-FR\",\"@id\":\"https:\/\/dicodusport.fr\/blog\/#\/schema\/person\/image\/\",\"url\":\"https:\/\/dicodusport.fr\/blog\/wp-content\/uploads\/2021\/05\/Nicolas-Jacquemard-150x150.jpeg\",\"contentUrl\":\"https:\/\/dicodusport.fr\/blog\/wp-content\/uploads\/2021\/05\/Nicolas-Jacquemard-150x150.jpeg\",\"caption\":\"Nicolas Jacquemard\"},\"description\":\"Passionn\u00e9 de sport et entrepreneur depuis mes 18 ans, la cr\u00e9ation de Dicodusport m'a sembl\u00e9 \u00e9vidente pour participer \u00e0 la m\u00e9diatisation d'un plus grand nombre de sports. Le chemin est long mais avec une \u00e9quipe des plus motiv\u00e9es et les Jeux Olympiques de Paris 2024 en point de mire, nous y arriverons ! Journaliste dans le monde du sport depuis plus de 5 ans, je traite aussi bien de football, de rugby, de biathlon que de cyclisme.\",\"sameAs\":[\"https:\/\/www.facebook.com\/dicodusport\",\"https:\/\/x.com\/https:\/\/twitter.com\/Nico_Jacquemard\"],\"url\":\"https:\/\/dicodusport.fr\/blog\/author\/dicodusport\/\"}]}<\/script>\n<!-- \/ Yoast SEO Premium plugin. -->","yoast_head_json":{"title":"Mercato OL : Lyon a re\u00e7u une offre pour Karl Toko-Ekambi","description":"LIGUE 1 2023-2024 - Selon Foot Mercato, l'Olympique Lyonnais a re\u00e7u une offre d'Al-Jazira pour Karl Toko-Ekambi.","robots":{"index":"index","follow":"follow","max-snippet":"max-snippet:-1","max-image-preview":"max-image-preview:large","max-video-preview":"max-video-preview:-1"},"canonical":"https:\/\/dicodusport.fr\/blog\/mercato-ol-lyon-a-recu-une-offre-pour-karl-toko-ekambi\/","og_locale":"fr_FR","og_type":"article","og_title":"Mercato OL : Lyon a re\u00e7u une offre pour Karl Toko-Ekambi","og_description":"LIGUE 1 2023-2024 - Selon Foot Mercato, l'Olympique Lyonnais a re\u00e7u une offre d'Al-Jazira pour Karl Toko-Ekambi.","og_url":"https:\/\/dicodusport.fr\/blog\/mercato-ol-lyon-a-recu-une-offre-pour-karl-toko-ekambi\/","og_site_name":"Dicodusport","article_publisher":"https:\/\/www.facebook.com\/dicodusport","article_author":"https:\/\/www.facebook.com\/dicodusport","article_published_time":"2023-07-25T13:13:11+00:00","article_modified_time":"2023-07-25T13:15:50+00:00","og_image":[{"width":800,"height":445,"url":"https:\/\/dicodusport.fr\/blog\/wp-content\/uploads\/2023\/07\/Mercato-OL-Lyon-a-recu-une-offre-pour-Karl-Toko-Ekambi.png","type":"image\/png"}],"author":"Nicolas Jacquemard","twitter_card":"summary_large_image","twitter_title":"Mercato OL : Lyon a re\u00e7u une offre pour Karl Toko-Ekambi","twitter_creator":"@https:\/\/twitter.com\/Nico_Jacquemard","twitter_site":"@dicodusport","schema":{"@context":"https:\/\/schema.org","@graph":[{"@type":"NewsArticle","@id":"https:\/\/dicodusport.fr\/blog\/mercato-ol-lyon-a-recu-une-offre-pour-karl-toko-ekambi\/#article","isPartOf":{"@id":"https:\/\/dicodusport.fr\/blog\/mercato-ol-lyon-a-recu-une-offre-pour-karl-toko-ekambi\/"},"author":{"name":"Nicolas Jacquemard","@id":"https:\/\/dicodusport.fr\/blog\/#\/schema\/person\/55dcb50ad410894e431ed812bbb70191"},"headline":"Mercato OL : Lyon a re\u00e7u une offre pour Karl Toko-Ekambi","datePublished":"2023-07-25T13:13:11+00:00","dateModified":"2023-07-25T13:15:50+00:00","mainEntityOfPage":{"@id":"https:\/\/dicodusport.fr\/blog\/mercato-ol-lyon-a-recu-une-offre-pour-karl-toko-ekambi\/"},"wordCount":284,"commentCount":0,"publisher":{"@id":"https:\/\/dicodusport.fr\/blog\/#organization"},"image":{"@id":"https:\/\/dicodusport.fr\/blog\/mercato-ol-lyon-a-recu-une-offre-pour-karl-toko-ekambi\/#primaryimage"},"thumbnailUrl":"https:\/\/dicodusport.fr\/blog\/wp-content\/uploads\/2023\/07\/Mercato-OL-Lyon-a-recu-une-offre-pour-Karl-Toko-Ekambi.png","keywords":["br\u00e8ve","Football","Karl Toko-Ekambi","Lyon","OL"],"articleSection":["Football","Ligue 1"],"inLanguage":"fr-FR","potentialAction":[{"@type":"CommentAction","name":"Comment","target":["https:\/\/dicodusport.fr\/blog\/mercato-ol-lyon-a-recu-une-offre-pour-karl-toko-ekambi\/#respond"]}],"copyrightYear":"2023","copyrightHolder":{"@id":"https:\/\/dicodusport.fr\/blog\/#organization"}},{"@type":"WebPage","@id":"https:\/\/dicodusport.fr\/blog\/mercato-ol-lyon-a-recu-une-offre-pour-karl-toko-ekambi\/","url":"https:\/\/dicodusport.fr\/blog\/mercato-ol-lyon-a-recu-une-offre-pour-karl-toko-ekambi\/","name":"Mercato OL : Lyon a re\u00e7u une offre pour Karl Toko-Ekambi","isPartOf":{"@id":"https:\/\/dicodusport.fr\/blog\/#website"},"primaryImageOfPage":{"@id":"https:\/\/dicodusport.fr\/blog\/mercato-ol-lyon-a-recu-une-offre-pour-karl-toko-ekambi\/#primaryimage"},"image":{"@id":"https:\/\/dicodusport.fr\/blog\/mercato-ol-lyon-a-recu-une-offre-pour-karl-toko-ekambi\/#primaryimage"},"thumbnailUrl":"https:\/\/dicodusport.fr\/blog\/wp-content\/uploads\/2023\/07\/Mercato-OL-Lyon-a-recu-une-offre-pour-Karl-Toko-Ekambi.png","datePublished":"2023-07-25T13:13:11+00:00","dateModified":"2023-07-25T13:15:50+00:00","description":"LIGUE 1 2023-2024 - Selon Foot Mercato, l'Olympique Lyonnais a re\u00e7u une offre d'Al-Jazira pour Karl Toko-Ekambi.","breadcrumb":{"@id":"https:\/\/dicodusport.fr\/blog\/mercato-ol-lyon-a-recu-une-offre-pour-karl-toko-ekambi\/#breadcrumb"},"inLanguage":"fr-FR","potentialAction":[{"@type":"ReadAction","target":["https:\/\/dicodusport.fr\/blog\/mercato-ol-lyon-a-recu-une-offre-pour-karl-toko-ekambi\/"]}]},{"@type":"ImageObject","inLanguage":"fr-FR","@id":"https:\/\/dicodusport.fr\/blog\/mercato-ol-lyon-a-recu-une-offre-pour-karl-toko-ekambi\/#primaryimage","url":"https:\/\/dicodusport.fr\/blog\/wp-content\/uploads\/2023\/07\/Mercato-OL-Lyon-a-recu-une-offre-pour-Karl-Toko-Ekambi.png","contentUrl":"https:\/\/dicodusport.fr\/blog\/wp-content\/uploads\/2023\/07\/Mercato-OL-Lyon-a-recu-une-offre-pour-Karl-Toko-Ekambi.png","width":800,"height":445},{"@type":"BreadcrumbList","@id":"https:\/\/dicodusport.fr\/blog\/mercato-ol-lyon-a-recu-une-offre-pour-karl-toko-ekambi\/#breadcrumb","itemListElement":[{"@type":"ListItem","position":1,"name":"Accueil","item":"https:\/\/dicodusport.fr\/blog\/"},{"@type":"ListItem","position":2,"name":"Mercato OL : Lyon a re\u00e7u une offre pour Karl Toko-Ekambi"}]},{"@type":"WebSite","@id":"https:\/\/dicodusport.fr\/blog\/#website","url":"https:\/\/dicodusport.fr\/blog\/","name":"Dicodusport","description":"L&#039;encyclop\u00e9die de l&#039;actualit\u00e9 sportive","publisher":{"@id":"https:\/\/dicodusport.fr\/blog\/#organization"},"potentialAction":[{"@type":"SearchAction","target":{"@type":"EntryPoint","urlTemplate":"https:\/\/dicodusport.fr\/blog\/?s={search_term_string}"},"query-input":{"@type":"PropertyValueSpecification","valueRequired":true,"valueName":"search_term_string"}}],"inLanguage":"fr-FR"},{"@type":"NewsMediaOrganization","@id":"https:\/\/dicodusport.fr\/blog\/#organization","name":"Dicodusport","url":"https:\/\/dicodusport.fr\/blog\/","logo":{"@type":"ImageObject","inLanguage":"fr-FR","@id":"https:\/\/dicodusport.fr\/blog\/#\/schema\/logo\/image\/","url":"https:\/\/dicodusport.fr\/blog\/wp-content\/uploads\/2020\/06\/cropped-LOGO-DICODUSPORT-2020-SANS-FOND-SANS-TEXTE.png","contentUrl":"https:\/\/dicodusport.fr\/blog\/wp-content\/uploads\/2020\/06\/cropped-LOGO-DICODUSPORT-2020-SANS-FOND-SANS-TEXTE.png","width":512,"height":512,"caption":"Dicodusport"},"image":{"@id":"https:\/\/dicodusport.fr\/blog\/#\/schema\/logo\/image\/"},"sameAs":["https:\/\/www.facebook.com\/dicodusport","https:\/\/x.com\/dicodusport","https:\/\/www.instagram.com\/dicodusport\/","https:\/\/www.youtube.com\/channel\/UC7V2KZ5sd3htJivAbA4ZG3w"],"description":"Dicodusport est l'encyclop\u00e9die de l'actualit\u00e9 sportive.","email":"bonjour@dicodusport.fr","legalName":"DICODUSPORT","foundingDate":"2018-01-14","vatID":"FR71834470973","taxID":"83447097300043","numberOfEmployees":{"@type":"QuantitativeValue","minValue":"1","maxValue":"10"}},{"@type":"Person","@id":"https:\/\/dicodusport.fr\/blog\/#\/schema\/person\/55dcb50ad410894e431ed812bbb70191","name":"Nicolas Jacquemard","image":{"@type":"ImageObject","inLanguage":"fr-FR","@id":"https:\/\/dicodusport.fr\/blog\/#\/schema\/person\/image\/","url":"https:\/\/dicodusport.fr\/blog\/wp-content\/uploads\/2021\/05\/Nicolas-Jacquemard-150x150.jpeg","contentUrl":"https:\/\/dicodusport.fr\/blog\/wp-content\/uploads\/2021\/05\/Nicolas-Jacquemard-150x150.jpeg","caption":"Nicolas Jacquemard"},"description":"Passionn\u00e9 de sport et entrepreneur depuis mes 18 ans, la cr\u00e9ation de Dicodusport m'a sembl\u00e9 \u00e9vidente pour participer \u00e0 la m\u00e9diatisation d'un plus grand nombre de sports. Le chemin est long mais avec une \u00e9quipe des plus motiv\u00e9es et les Jeux Olympiques de Paris 2024 en point de mire, nous y arriverons ! Journaliste dans le monde du sport depuis plus de 5 ans, je traite aussi bien de football, de rugby, de biathlon que de cyclisme.","sameAs":["https:\/\/www.facebook.com\/dicodusport","https:\/\/x.com\/https:\/\/twitter.com\/Nico_Jacquemard"],"url":"https:\/\/dicodusport.fr\/blog\/author\/dicodusport\/"}]}},"_links":{"self":[{"href":"https:\/\/dicodusport.fr\/blog\/wp-json\/wp\/v2\/posts\/403019","targetHints":{"allow":["GET"]}}],"collection":[{"href":"https:\/\/dicodusport.fr\/blog\/wp-json\/wp\/v2\/posts"}],"about":[{"href":"https:\/\/dicodusport.fr\/blog\/wp-json\/wp\/v2\/types\/post"}],"author":[{"embeddable":true,"href":"https:\/\/dicodusport.fr\/blog\/wp-json\/wp\/v2\/users\/1"}],"replies":[{"embeddable":true,"href":"https:\/\/dicodusport.fr\/blog\/wp-json\/wp\/v2\/comments?post=403019"}],"version-history":[{"count":0,"href":"https:\/\/dicodusport.fr\/blog\/wp-json\/wp\/v2\/posts\/403019\/revisions"}],"wp:featuredmedia":[{"embeddable":true,"href":"https:\/\/dicodusport.fr\/blog\/wp-json\/wp\/v2\/media\/403027"}],"wp:attachment":[{"href":"https:\/\/dicodusport.fr\/blog\/wp-json\/wp\/v2\/media?parent=403019"}],"wp:term":[{"taxonomy":"category","embeddable":true,"href":"https:\/\/dicodusport.fr\/blog\/wp-json\/wp\/v2\/categories?post=403019"},{"taxonomy":"post_tag","embeddable":true,"href":"https:\/\/dicodusport.fr\/blog\/wp-json\/wp\/v2\/tags?post=403019"}],"curies":[{"name":"wp","href":"https:\/\/api.w.org\/{rel}","templated":true}]}}