{"id":403028,"date":"2023-08-06T11:20:40","date_gmt":"2023-08-06T09:20:40","guid":{"rendered":"https:\/\/dicodusport.fr\/blog\/?p=403028&#038;preview=true&#038;preview_id=403028"},"modified":"2023-08-06T11:20:32","modified_gmt":"2023-08-06T09:20:32","slug":"cyclisme-championnats-du-monde-2023-parcours-et-profil-course-en-ligne","status":"publish","type":"post","link":"https:\/\/dicodusport.fr\/blog\/cyclisme-championnats-du-monde-2023-parcours-et-profil-course-en-ligne\/","title":{"rendered":"Cyclisme Championnats du monde 2023 : Parcours et profil Course en ligne"},"content":{"rendered":"<p style=\"text-align: justify;\"><b><i><a href=\"https:\/\/dicodusport.fr\/blog\/actualites\/cyclisme\/championnats-du-monde-cyclisme-2023\/\">CHAMPIONNATS DU MONDE DE CYCLISME 2023<\/a> \u2013 Les Championnats du monde de cyclisme sur route 2023\u00a0 auront lieu du 3 au 13 ao\u00fbt 2023 \u00e0 Glasgow, en \u00c9cosse, au Royaume-Uni. Le Royaume-Uni accueillera pour la cinqui\u00e8me fois les Mondiaux, quatre ans apr\u00e8s le Yorkshire en 2019. Parcours et profil de la course en ligne.<\/i><\/b><\/p>\n<ul>\n<li style=\"text-align: justify;\"><span style=\"font-size: 16px;\"><strong>\u00c0 lire aussi &#8211; <\/strong><a href=\"https:\/\/dicodusport.fr\/blog\/cyclisme-mondiaux-2023-les-favoris-de-la-course-en-ligne\/\"><strong>Les favoris de la course en ligne des championnats du monde<\/strong><\/a><\/span><\/li>\n<\/ul>\n<h2 style=\"text-align: justify;\">Parcours de la course en ligne des championnats du monde 2023<\/h2>\n<p style=\"text-align: justify;\">D&rsquo;abord, les coureurs partiront d&rsquo;<strong>Edimburg<\/strong> pour se diriger vers le nord-ouest jusqu&rsquo;\u00e0 Stirling, o\u00f9 les championnats de contre-la-montre auront lieu plus tard dans la semaine. Cependant , cette ville ne sera pas visit\u00e9e par les participants \u00e0 la course sur route puisqu&rsquo;ils passeront par <strong>Falkirk<\/strong> et <strong>Denny.<\/strong><\/p>\n<p style=\"text-align: justify;\">Puis, ils prendront la direction d&rsquo;une r\u00e9gion vallonn\u00e9e, juste au-dessus de Glasgow avec les Campsie Fells et les Fintry Hills. Les concurrents auront grimper se trouve la premi\u00e8re ascension s\u00e9rieuse de la journ\u00e9e : <strong>Crow Road<\/strong> (5,8 km \u00e0 4%) avec les trois premiers kilom\u00e8tres \u00e0 presque 6 %.<\/p>\n<p style=\"text-align: justify;\">Ensuite, au sommet de Crow Road, les coureurs auront parcouru un peu plus de 96 kilom\u00e8tres et il restera encore 23 kilom\u00e8tres jusqu&rsquo;au circuit local au c\u0153ur de <strong>Glasgow<\/strong>. Ce circuit totalisera 14,3 kilom\u00e8tres et doit \u00eatre parcouru dix fois. Lors du Championnat d&rsquo;Europe 2018 et des Jeux du Commonwealth 2014, le circuit \u00e9tait quasiment identique, avec l&rsquo;ajout d&rsquo;une difficult\u00e9.<\/p>\n<p style=\"text-align: justify;\">Sur le papier, le circuit compte 193 m\u00e8tres de d\u00e9nivel\u00e9 par tour, mais aussi pas moins de 48 virages \u00e0 angle droit et de nombreuses courbes. Ce circuit proposera de nombreuses petites buttes : St Vincent Street\/Douglas Street (550 m\u00e8tres \u00e0 5 %), Gillmorehill (230 m\u00e8tres \u00e0 4,3 %), University Avenue (250 m\u00e8tres \u00e0 5,9 %), Great George Street ( 325 m\u00e8tres \u00e0 7,6 %) et Kelvingrove Park (400 m\u00e8tres \u00e0 6,2 %), la nouveaut\u00e9 de Scott Street (150 m\u00e8tres \u00e0 pr\u00e8s de 13 % et un maximum de 22 %) et surtout <strong>Montrose Street<\/strong> (160 m\u00e8tres \u00e0 plus de 13%).<\/p>\n<p style=\"text-align: justify;\">Au sommet de cette derni\u00e8re, il ne restera que 1,4 kilom\u00e8tre jusqu&rsquo;\u00e0 l&rsquo;arriv\u00e9e, dont pr\u00e8s de 500 m\u00e8tres en descente avec cinq virages serr\u00e9s. Enfin, l&rsquo;arriv\u00e9e se situera sur sur George Square.<\/p>\n<div id=\"attachment_404984\" style=\"width: 750px\" class=\"wp-caption aligncenter\"><a href=\"https:\/\/dicodusport.fr\/blog\/wp-content\/uploads\/2023\/08\/Carte-du-parcours-de-la-course-en-ligne-des-championnats-du-monde-de-cyclisme-2023.webp\"><img loading=\"lazy\" decoding=\"async\" aria-describedby=\"caption-attachment-404984\" class=\"size-large wp-image-404984\" src=\"https:\/\/dicodusport.fr\/blog\/wp-content\/uploads\/2023\/08\/Carte-du-parcours-de-la-course-en-ligne-des-championnats-du-monde-de-cyclisme-2023-1024x829.webp\" alt=\"Carte du parcours de la course en ligne des championnats du monde de cyclisme 2023\" width=\"740\" height=\"599\" srcset=\"https:\/\/dicodusport.fr\/blog\/wp-content\/uploads\/2023\/08\/Carte-du-parcours-de-la-course-en-ligne-des-championnats-du-monde-de-cyclisme-2023-1024x829.webp 1024w, https:\/\/dicodusport.fr\/blog\/wp-content\/uploads\/2023\/08\/Carte-du-parcours-de-la-course-en-ligne-des-championnats-du-monde-de-cyclisme-2023-300x243.webp 300w, https:\/\/dicodusport.fr\/blog\/wp-content\/uploads\/2023\/08\/Carte-du-parcours-de-la-course-en-ligne-des-championnats-du-monde-de-cyclisme-2023-768x621.webp 768w, https:\/\/dicodusport.fr\/blog\/wp-content\/uploads\/2023\/08\/Carte-du-parcours-de-la-course-en-ligne-des-championnats-du-monde-de-cyclisme-2023-1536x1243.webp 1536w, https:\/\/dicodusport.fr\/blog\/wp-content\/uploads\/2023\/08\/Carte-du-parcours-de-la-course-en-ligne-des-championnats-du-monde-de-cyclisme-2023.webp 1959w\" sizes=\"auto, (max-width: 740px) 100vw, 740px\" \/><\/a><p id=\"caption-attachment-404984\" class=\"wp-caption-text\">Carte du parcours de la course en ligne des championnats du monde de cyclisme 2023 &#8211; Via UCI<\/p><\/div>\n<h2 style=\"text-align: justify;\">Profil de la course en ligne des championnats du monde 2023<\/h2>\n<div id=\"attachment_404985\" style=\"width: 750px\" class=\"wp-caption aligncenter\"><a href=\"https:\/\/dicodusport.fr\/blog\/wp-content\/uploads\/2023\/08\/Profil-de-la-cours-en-ligne-des-championnats-du-monde-2023-a-Glasgow.webp\"><img loading=\"lazy\" decoding=\"async\" aria-describedby=\"caption-attachment-404985\" class=\"size-large wp-image-404985\" src=\"https:\/\/dicodusport.fr\/blog\/wp-content\/uploads\/2023\/08\/Profil-de-la-cours-en-ligne-des-championnats-du-monde-2023-a-Glasgow-1024x229.webp\" alt=\"Profil de la cours en ligne des championnats du monde 2023 \u00e0 Glasgow\" width=\"740\" height=\"165\" srcset=\"https:\/\/dicodusport.fr\/blog\/wp-content\/uploads\/2023\/08\/Profil-de-la-cours-en-ligne-des-championnats-du-monde-2023-a-Glasgow-1024x229.webp 1024w, https:\/\/dicodusport.fr\/blog\/wp-content\/uploads\/2023\/08\/Profil-de-la-cours-en-ligne-des-championnats-du-monde-2023-a-Glasgow-300x67.webp 300w, https:\/\/dicodusport.fr\/blog\/wp-content\/uploads\/2023\/08\/Profil-de-la-cours-en-ligne-des-championnats-du-monde-2023-a-Glasgow-768x172.webp 768w, https:\/\/dicodusport.fr\/blog\/wp-content\/uploads\/2023\/08\/Profil-de-la-cours-en-ligne-des-championnats-du-monde-2023-a-Glasgow-1536x343.webp 1536w, https:\/\/dicodusport.fr\/blog\/wp-content\/uploads\/2023\/08\/Profil-de-la-cours-en-ligne-des-championnats-du-monde-2023-a-Glasgow.webp 1959w\" sizes=\"auto, (max-width: 740px) 100vw, 740px\" \/><\/a><p id=\"caption-attachment-404985\" class=\"wp-caption-text\">Profil de la cours en ligne des championnats du monde 2023 \u00e0 Glasgow &#8211; Via UCI<\/p><\/div>\n<h2 style=\"text-align: justify;\">Palmar\u00e8s de la course en ligne masculine depuis 2013<\/h2>\n<table style=\"width: 800px;\">\n<tbody>\n<tr>\n<td style=\"background-color: #ffffff; text-align: center;\"><\/td>\n<td style=\"background-color: #ffd700; text-align: center;\"><span style=\"color: #ffffff;\"><strong>VAINQUEUR<\/strong><\/span><\/td>\n<td style=\"background-color: #c0c0c0; text-align: center;\"><span style=\"color: #ffffff;\"><strong>DEUXI\u00c8ME<\/strong><\/span><\/td>\n<td style=\"background-color: #614e1a; text-align: center;\"><span style=\"color: #ffffff;\"><strong>TROISI\u00c8ME<\/strong><\/span><\/td>\n<\/tr>\n<tr>\n<td style=\"text-align: center;\">2022<\/td>\n<td style=\"text-align: center;\">Remco Evenepoel (BEL)<\/td>\n<td style=\"text-align: center;\">Christophe Laporte (FRA)<\/td>\n<td style=\"text-align: center;\">Michael Matthews (AUS)<\/td>\n<\/tr>\n<tr>\n<td style=\"text-align: center;\">2021<\/td>\n<td style=\"text-align: center;\">Julian Alaphilippe (FRA)<\/td>\n<td style=\"text-align: center;\">Dylan van Baarle (P-B)<\/td>\n<td style=\"text-align: center;\">Michael Valgren (DAN)<\/td>\n<\/tr>\n<tr>\n<td style=\"text-align: center;\">2020<\/td>\n<td style=\"text-align: center;\">Julian Alaphilippe (FRA)<\/td>\n<td style=\"text-align: center;\">Wout van Aert (BEL)<\/td>\n<td style=\"text-align: center;\">Marc Hirschi (SUI)<\/td>\n<\/tr>\n<tr>\n<td style=\"text-align: center;\">2019<\/td>\n<td style=\"text-align: center;\">Mads Pedersen (DAN)<\/td>\n<td style=\"text-align: center;\">Matteo Trentin (ITA)<\/td>\n<td style=\"text-align: center;\">Stefan K\u00fcng (SUI)<\/td>\n<\/tr>\n<tr>\n<td style=\"text-align: center;\">2018<\/td>\n<td style=\"text-align: center;\">Alejandro Valverde (ESP)<\/td>\n<td style=\"text-align: center;\">Romain Bardet (FRA)<\/td>\n<td style=\"text-align: center;\">Michael Woods (CAN)<\/td>\n<\/tr>\n<tr>\n<td style=\"text-align: center;\">2017<\/td>\n<td style=\"text-align: center;\">Peter Sagan (SLQ)<\/td>\n<td style=\"text-align: center;\">Alexander Kristoff (NOR)<\/td>\n<td style=\"text-align: center;\">Michael Matthews (AUS)<\/td>\n<\/tr>\n<tr>\n<td style=\"text-align: center;\">2016<\/td>\n<td style=\"text-align: center;\">Peter Sagan (SLQ)<\/td>\n<td style=\"text-align: center;\">Mark Cavendish (GBR)<\/td>\n<td style=\"text-align: center;\">Tom Boonen (BEL)<\/td>\n<\/tr>\n<tr>\n<td style=\"text-align: center;\">2015<\/td>\n<td style=\"text-align: center;\">Peter Sagan (SLQ)<\/td>\n<td style=\"text-align: center;\">Michael Matthews (AUS)<\/td>\n<td style=\"text-align: center;\">Ramunas Navardauskas (LIT)<\/td>\n<\/tr>\n<tr>\n<td style=\"text-align: center;\">2014<\/td>\n<td style=\"text-align: center;\">Micha\u0142 Kwiatkowski (POL)<\/td>\n<td style=\"text-align: center;\">Simon Gerrans (AUS)<\/td>\n<td style=\"text-align: center;\">Alejandro Valverde (ESP)<\/td>\n<\/tr>\n<tr>\n<td style=\"text-align: center;\">2013<\/td>\n<td style=\"text-align: center;\">Rui Costa (POR)<\/td>\n<td style=\"text-align: center;\">Joaquim Rodr\u00edguez (ESP)<\/td>\n<td style=\"text-align: center;\">Alejandro Valverde (ESP)<\/td>\n<\/tr>\n<\/tbody>\n<\/table>\n<h2 style=\"text-align: justify;\"><strong>\u00c0 lire aussi<\/strong><\/h2>\n<ul>\n<li style=\"text-align: justify;\"><a href=\"https:\/\/dicodusport.fr\/blog\/cyclisme-sur-route-programme-et-resultats-championnats-du-monde-2023\/\"><strong>Programme et r\u00e9sultats des championnats du monde de cyclisme 2023<\/strong><\/a><\/li>\n<li style=\"text-align: justify;\"><a href=\"https:\/\/dicodusport.fr\/blog\/mondiaux-cyclisme-2023-les-selections-sur-route-de-toutes-les-nations\/\"><strong>Les s\u00e9lections de toutes les nations pour les Mondiaux sur route 2023<\/strong><\/a><\/li>\n<\/ul>\n<p>&nbsp;<\/p>\n","protected":false},"excerpt":{"rendered":"<p>CHAMPIONNATS DU MONDE DE CYCLISME 2023 \u2013 Parcours et profil de la course en ligne des Mondiaux de cyclisme sur route \u00e0 Glasgow (\u00c9cosse).<\/p>\n","protected":false},"author":48,"featured_media":404990,"comment_status":"open","ping_status":"closed","sticky":false,"template":"","format":"standard","meta":{"_acf_changed":false,"_daextam_enable_autolinks":"","footnotes":""},"categories":[2307],"tags":[16878,33252],"class_list":["post-403028","post","type-post","status-publish","format-standard","has-post-thumbnail","hentry","category-cyclisme","tag-breve","tag-course-en-ligne-championnats-du-monde-de-cyclisme"],"acf":[],"yoast_head":"<!-- This site is optimized with the Yoast SEO Premium plugin v26.7 (Yoast SEO v26.7) - https:\/\/yoast.com\/wordpress\/plugins\/seo\/ -->\n<title>Cyclisme Championnats du monde 2023 : Parcours et profil Course en ligne<\/title>\n<meta name=\"description\" content=\"CHAMPIONNATS DU MONDE DE CYCLISME 2023 \u2013 Parcours et profil de la course en ligne des Mondiaux de cyclisme sur route \u00e0 Glasgow (\u00c9cosse).\" \/>\n<meta name=\"robots\" content=\"index, follow, max-snippet:-1, max-image-preview:large, max-video-preview:-1\" \/>\n<link rel=\"canonical\" href=\"https:\/\/dicodusport.fr\/blog\/cyclisme-championnats-du-monde-2023-parcours-et-profil-course-en-ligne\/\" \/>\n<meta property=\"og:locale\" content=\"fr_FR\" \/>\n<meta property=\"og:type\" content=\"article\" \/>\n<meta property=\"og:title\" content=\"Cyclisme Championnats du monde 2023 : Parcours et profil Course en ligne\" \/>\n<meta property=\"og:description\" content=\"CHAMPIONNATS DU MONDE DE CYCLISME 2023 \u2013 Parcours et profil de la course en ligne des Mondiaux de cyclisme sur route \u00e0 Glasgow (\u00c9cosse).\" \/>\n<meta property=\"og:url\" content=\"https:\/\/dicodusport.fr\/blog\/cyclisme-championnats-du-monde-2023-parcours-et-profil-course-en-ligne\/\" \/>\n<meta property=\"og:site_name\" content=\"Dicodusport\" \/>\n<meta property=\"article:publisher\" content=\"https:\/\/www.facebook.com\/dicodusport\" \/>\n<meta property=\"article:author\" content=\"https:\/\/www.facebook.com\/groups\/LesRoisDuPeloton\" \/>\n<meta property=\"article:published_time\" content=\"2023-08-06T09:20:40+00:00\" \/>\n<meta property=\"og:image\" content=\"https:\/\/dicodusport.fr\/blog\/wp-content\/uploads\/2023\/08\/Cyclisme-Championnats-du-monde-2023-Parcours-et-profil-Course-en-ligne.png\" \/>\n\t<meta property=\"og:image:width\" content=\"800\" \/>\n\t<meta property=\"og:image:height\" content=\"445\" \/>\n\t<meta property=\"og:image:type\" content=\"image\/png\" \/>\n<meta name=\"author\" content=\"Emilien Descampiaux\" \/>\n<meta name=\"twitter:card\" content=\"summary_large_image\" \/>\n<meta name=\"twitter:title\" content=\"Cyclisme Championnats du monde 2023 : Parcours et profil Course en ligne\" \/>\n<meta name=\"twitter:creator\" content=\"@https:\/\/twitter.com\/LRoisDuPeloton\" \/>\n<meta name=\"twitter:site\" content=\"@dicodusport\" \/>\n<script type=\"application\/ld+json\" class=\"yoast-schema-graph\">{\"@context\":\"https:\/\/schema.org\",\"@graph\":[{\"@type\":\"NewsArticle\",\"@id\":\"https:\/\/dicodusport.fr\/blog\/cyclisme-championnats-du-monde-2023-parcours-et-profil-course-en-ligne\/#article\",\"isPartOf\":{\"@id\":\"https:\/\/dicodusport.fr\/blog\/cyclisme-championnats-du-monde-2023-parcours-et-profil-course-en-ligne\/\"},\"author\":{\"name\":\"Emilien Descampiaux\",\"@id\":\"https:\/\/dicodusport.fr\/blog\/#\/schema\/person\/6db4bae06b171592211be385b32876a7\"},\"headline\":\"Cyclisme Championnats du monde 2023 : Parcours et profil Course en ligne\",\"datePublished\":\"2023-08-06T09:20:40+00:00\",\"mainEntityOfPage\":{\"@id\":\"https:\/\/dicodusport.fr\/blog\/cyclisme-championnats-du-monde-2023-parcours-et-profil-course-en-ligne\/\"},\"wordCount\":549,\"commentCount\":0,\"publisher\":{\"@id\":\"https:\/\/dicodusport.fr\/blog\/#organization\"},\"image\":{\"@id\":\"https:\/\/dicodusport.fr\/blog\/cyclisme-championnats-du-monde-2023-parcours-et-profil-course-en-ligne\/#primaryimage\"},\"thumbnailUrl\":\"https:\/\/dicodusport.fr\/blog\/wp-content\/uploads\/2023\/08\/Cyclisme-Championnats-du-monde-2023-Parcours-et-profil-Course-en-ligne.png\",\"keywords\":[\"br\u00e8ve\",\"Course en ligne Championnats du monde de cyclisme\"],\"articleSection\":[\"Cyclisme\"],\"inLanguage\":\"fr-FR\",\"potentialAction\":[{\"@type\":\"CommentAction\",\"name\":\"Comment\",\"target\":[\"https:\/\/dicodusport.fr\/blog\/cyclisme-championnats-du-monde-2023-parcours-et-profil-course-en-ligne\/#respond\"]}],\"copyrightYear\":\"2023\",\"copyrightHolder\":{\"@id\":\"https:\/\/dicodusport.fr\/blog\/#organization\"}},{\"@type\":\"WebPage\",\"@id\":\"https:\/\/dicodusport.fr\/blog\/cyclisme-championnats-du-monde-2023-parcours-et-profil-course-en-ligne\/\",\"url\":\"https:\/\/dicodusport.fr\/blog\/cyclisme-championnats-du-monde-2023-parcours-et-profil-course-en-ligne\/\",\"name\":\"Cyclisme Championnats du monde 2023 : Parcours et profil Course en ligne\",\"isPartOf\":{\"@id\":\"https:\/\/dicodusport.fr\/blog\/#website\"},\"primaryImageOfPage\":{\"@id\":\"https:\/\/dicodusport.fr\/blog\/cyclisme-championnats-du-monde-2023-parcours-et-profil-course-en-ligne\/#primaryimage\"},\"image\":{\"@id\":\"https:\/\/dicodusport.fr\/blog\/cyclisme-championnats-du-monde-2023-parcours-et-profil-course-en-ligne\/#primaryimage\"},\"thumbnailUrl\":\"https:\/\/dicodusport.fr\/blog\/wp-content\/uploads\/2023\/08\/Cyclisme-Championnats-du-monde-2023-Parcours-et-profil-Course-en-ligne.png\",\"datePublished\":\"2023-08-06T09:20:40+00:00\",\"description\":\"CHAMPIONNATS DU MONDE DE CYCLISME 2023 \u2013 Parcours et profil de la course en ligne des Mondiaux de cyclisme sur route \u00e0 Glasgow (\u00c9cosse).\",\"breadcrumb\":{\"@id\":\"https:\/\/dicodusport.fr\/blog\/cyclisme-championnats-du-monde-2023-parcours-et-profil-course-en-ligne\/#breadcrumb\"},\"inLanguage\":\"fr-FR\",\"potentialAction\":[{\"@type\":\"ReadAction\",\"target\":[\"https:\/\/dicodusport.fr\/blog\/cyclisme-championnats-du-monde-2023-parcours-et-profil-course-en-ligne\/\"]}]},{\"@type\":\"ImageObject\",\"inLanguage\":\"fr-FR\",\"@id\":\"https:\/\/dicodusport.fr\/blog\/cyclisme-championnats-du-monde-2023-parcours-et-profil-course-en-ligne\/#primaryimage\",\"url\":\"https:\/\/dicodusport.fr\/blog\/wp-content\/uploads\/2023\/08\/Cyclisme-Championnats-du-monde-2023-Parcours-et-profil-Course-en-ligne.png\",\"contentUrl\":\"https:\/\/dicodusport.fr\/blog\/wp-content\/uploads\/2023\/08\/Cyclisme-Championnats-du-monde-2023-Parcours-et-profil-Course-en-ligne.png\",\"width\":800,\"height\":445,\"caption\":\"Cyclisme Championnats du monde 2023 Parcours et profil Course en ligne\"},{\"@type\":\"BreadcrumbList\",\"@id\":\"https:\/\/dicodusport.fr\/blog\/cyclisme-championnats-du-monde-2023-parcours-et-profil-course-en-ligne\/#breadcrumb\",\"itemListElement\":[{\"@type\":\"ListItem\",\"position\":1,\"name\":\"Accueil\",\"item\":\"https:\/\/dicodusport.fr\/blog\/\"},{\"@type\":\"ListItem\",\"position\":2,\"name\":\"Cyclisme Championnats du monde 2023 : Parcours et profil Course en ligne\"}]},{\"@type\":\"WebSite\",\"@id\":\"https:\/\/dicodusport.fr\/blog\/#website\",\"url\":\"https:\/\/dicodusport.fr\/blog\/\",\"name\":\"Dicodusport\",\"description\":\"L&#039;encyclop\u00e9die de l&#039;actualit\u00e9 sportive\",\"publisher\":{\"@id\":\"https:\/\/dicodusport.fr\/blog\/#organization\"},\"potentialAction\":[{\"@type\":\"SearchAction\",\"target\":{\"@type\":\"EntryPoint\",\"urlTemplate\":\"https:\/\/dicodusport.fr\/blog\/?s={search_term_string}\"},\"query-input\":{\"@type\":\"PropertyValueSpecification\",\"valueRequired\":true,\"valueName\":\"search_term_string\"}}],\"inLanguage\":\"fr-FR\"},{\"@type\":\"NewsMediaOrganization\",\"@id\":\"https:\/\/dicodusport.fr\/blog\/#organization\",\"name\":\"Dicodusport\",\"url\":\"https:\/\/dicodusport.fr\/blog\/\",\"logo\":{\"@type\":\"ImageObject\",\"inLanguage\":\"fr-FR\",\"@id\":\"https:\/\/dicodusport.fr\/blog\/#\/schema\/logo\/image\/\",\"url\":\"https:\/\/dicodusport.fr\/blog\/wp-content\/uploads\/2020\/06\/cropped-LOGO-DICODUSPORT-2020-SANS-FOND-SANS-TEXTE.png\",\"contentUrl\":\"https:\/\/dicodusport.fr\/blog\/wp-content\/uploads\/2020\/06\/cropped-LOGO-DICODUSPORT-2020-SANS-FOND-SANS-TEXTE.png\",\"width\":512,\"height\":512,\"caption\":\"Dicodusport\"},\"image\":{\"@id\":\"https:\/\/dicodusport.fr\/blog\/#\/schema\/logo\/image\/\"},\"sameAs\":[\"https:\/\/www.facebook.com\/dicodusport\",\"https:\/\/x.com\/dicodusport\",\"https:\/\/www.instagram.com\/dicodusport\/\",\"https:\/\/www.youtube.com\/channel\/UC7V2KZ5sd3htJivAbA4ZG3w\"],\"description\":\"Dicodusport est l'encyclop\u00e9die de l'actualit\u00e9 sportive.\",\"email\":\"bonjour@dicodusport.fr\",\"legalName\":\"DICODUSPORT\",\"foundingDate\":\"2018-01-14\",\"vatID\":\"FR71834470973\",\"taxID\":\"83447097300043\",\"numberOfEmployees\":{\"@type\":\"QuantitativeValue\",\"minValue\":\"1\",\"maxValue\":\"10\"}},{\"@type\":\"Person\",\"@id\":\"https:\/\/dicodusport.fr\/blog\/#\/schema\/person\/6db4bae06b171592211be385b32876a7\",\"name\":\"Emilien Descampiaux\",\"image\":{\"@type\":\"ImageObject\",\"inLanguage\":\"fr-FR\",\"@id\":\"https:\/\/dicodusport.fr\/blog\/#\/schema\/person\/image\/\",\"url\":\"https:\/\/dicodusport.fr\/blog\/wp-content\/uploads\/2021\/05\/Emilien-Descampiaux-150x150.jpg\",\"contentUrl\":\"https:\/\/dicodusport.fr\/blog\/wp-content\/uploads\/2021\/05\/Emilien-Descampiaux-150x150.jpg\",\"caption\":\"Emilien Descampiaux\"},\"description\":\"Journaliste\/r\u00e9dacteur depuis 2014 - Fan de la classe de Frank Vandenbroucke, je vis cyclisme (et de ses paysages) depuis plus de 20 ans. Je suis tr\u00e8s impliqu\u00e9 sur mes diff\u00e9rents r\u00e9seaux sociaux pour partager ma passion sur le monde et l'Histoire de la bicyclette avec ma voix sur les images en noir et blanc du succ\u00e8s de Rik Van Steenbergen lors du Ronde sur le V\u00e9lodrome de Gand.\",\"sameAs\":[\"https:\/\/www.facebook.com\/groups\/LesRoisDuPeloton\",\"https:\/\/x.com\/https:\/\/twitter.com\/LRoisDuPeloton\"],\"url\":\"https:\/\/dicodusport.fr\/blog\/author\/emiliend\/\"}]}<\/script>\n<!-- \/ Yoast SEO Premium plugin. -->","yoast_head_json":{"title":"Cyclisme Championnats du monde 2023 : Parcours et profil Course en ligne","description":"CHAMPIONNATS DU MONDE DE CYCLISME 2023 \u2013 Parcours et profil de la course en ligne des Mondiaux de cyclisme sur route \u00e0 Glasgow (\u00c9cosse).","robots":{"index":"index","follow":"follow","max-snippet":"max-snippet:-1","max-image-preview":"max-image-preview:large","max-video-preview":"max-video-preview:-1"},"canonical":"https:\/\/dicodusport.fr\/blog\/cyclisme-championnats-du-monde-2023-parcours-et-profil-course-en-ligne\/","og_locale":"fr_FR","og_type":"article","og_title":"Cyclisme Championnats du monde 2023 : Parcours et profil Course en ligne","og_description":"CHAMPIONNATS DU MONDE DE CYCLISME 2023 \u2013 Parcours et profil de la course en ligne des Mondiaux de cyclisme sur route \u00e0 Glasgow (\u00c9cosse).","og_url":"https:\/\/dicodusport.fr\/blog\/cyclisme-championnats-du-monde-2023-parcours-et-profil-course-en-ligne\/","og_site_name":"Dicodusport","article_publisher":"https:\/\/www.facebook.com\/dicodusport","article_author":"https:\/\/www.facebook.com\/groups\/LesRoisDuPeloton","article_published_time":"2023-08-06T09:20:40+00:00","og_image":[{"width":800,"height":445,"url":"https:\/\/dicodusport.fr\/blog\/wp-content\/uploads\/2023\/08\/Cyclisme-Championnats-du-monde-2023-Parcours-et-profil-Course-en-ligne.png","type":"image\/png"}],"author":"Emilien Descampiaux","twitter_card":"summary_large_image","twitter_title":"Cyclisme Championnats du monde 2023 : Parcours et profil Course en ligne","twitter_creator":"@https:\/\/twitter.com\/LRoisDuPeloton","twitter_site":"@dicodusport","schema":{"@context":"https:\/\/schema.org","@graph":[{"@type":"NewsArticle","@id":"https:\/\/dicodusport.fr\/blog\/cyclisme-championnats-du-monde-2023-parcours-et-profil-course-en-ligne\/#article","isPartOf":{"@id":"https:\/\/dicodusport.fr\/blog\/cyclisme-championnats-du-monde-2023-parcours-et-profil-course-en-ligne\/"},"author":{"name":"Emilien Descampiaux","@id":"https:\/\/dicodusport.fr\/blog\/#\/schema\/person\/6db4bae06b171592211be385b32876a7"},"headline":"Cyclisme Championnats du monde 2023 : Parcours et profil Course en ligne","datePublished":"2023-08-06T09:20:40+00:00","mainEntityOfPage":{"@id":"https:\/\/dicodusport.fr\/blog\/cyclisme-championnats-du-monde-2023-parcours-et-profil-course-en-ligne\/"},"wordCount":549,"commentCount":0,"publisher":{"@id":"https:\/\/dicodusport.fr\/blog\/#organization"},"image":{"@id":"https:\/\/dicodusport.fr\/blog\/cyclisme-championnats-du-monde-2023-parcours-et-profil-course-en-ligne\/#primaryimage"},"thumbnailUrl":"https:\/\/dicodusport.fr\/blog\/wp-content\/uploads\/2023\/08\/Cyclisme-Championnats-du-monde-2023-Parcours-et-profil-Course-en-ligne.png","keywords":["br\u00e8ve","Course en ligne Championnats du monde de cyclisme"],"articleSection":["Cyclisme"],"inLanguage":"fr-FR","potentialAction":[{"@type":"CommentAction","name":"Comment","target":["https:\/\/dicodusport.fr\/blog\/cyclisme-championnats-du-monde-2023-parcours-et-profil-course-en-ligne\/#respond"]}],"copyrightYear":"2023","copyrightHolder":{"@id":"https:\/\/dicodusport.fr\/blog\/#organization"}},{"@type":"WebPage","@id":"https:\/\/dicodusport.fr\/blog\/cyclisme-championnats-du-monde-2023-parcours-et-profil-course-en-ligne\/","url":"https:\/\/dicodusport.fr\/blog\/cyclisme-championnats-du-monde-2023-parcours-et-profil-course-en-ligne\/","name":"Cyclisme Championnats du monde 2023 : Parcours et profil Course en ligne","isPartOf":{"@id":"https:\/\/dicodusport.fr\/blog\/#website"},"primaryImageOfPage":{"@id":"https:\/\/dicodusport.fr\/blog\/cyclisme-championnats-du-monde-2023-parcours-et-profil-course-en-ligne\/#primaryimage"},"image":{"@id":"https:\/\/dicodusport.fr\/blog\/cyclisme-championnats-du-monde-2023-parcours-et-profil-course-en-ligne\/#primaryimage"},"thumbnailUrl":"https:\/\/dicodusport.fr\/blog\/wp-content\/uploads\/2023\/08\/Cyclisme-Championnats-du-monde-2023-Parcours-et-profil-Course-en-ligne.png","datePublished":"2023-08-06T09:20:40+00:00","description":"CHAMPIONNATS DU MONDE DE CYCLISME 2023 \u2013 Parcours et profil de la course en ligne des Mondiaux de cyclisme sur route \u00e0 Glasgow (\u00c9cosse).","breadcrumb":{"@id":"https:\/\/dicodusport.fr\/blog\/cyclisme-championnats-du-monde-2023-parcours-et-profil-course-en-ligne\/#breadcrumb"},"inLanguage":"fr-FR","potentialAction":[{"@type":"ReadAction","target":["https:\/\/dicodusport.fr\/blog\/cyclisme-championnats-du-monde-2023-parcours-et-profil-course-en-ligne\/"]}]},{"@type":"ImageObject","inLanguage":"fr-FR","@id":"https:\/\/dicodusport.fr\/blog\/cyclisme-championnats-du-monde-2023-parcours-et-profil-course-en-ligne\/#primaryimage","url":"https:\/\/dicodusport.fr\/blog\/wp-content\/uploads\/2023\/08\/Cyclisme-Championnats-du-monde-2023-Parcours-et-profil-Course-en-ligne.png","contentUrl":"https:\/\/dicodusport.fr\/blog\/wp-content\/uploads\/2023\/08\/Cyclisme-Championnats-du-monde-2023-Parcours-et-profil-Course-en-ligne.png","width":800,"height":445,"caption":"Cyclisme Championnats du monde 2023 Parcours et profil Course en ligne"},{"@type":"BreadcrumbList","@id":"https:\/\/dicodusport.fr\/blog\/cyclisme-championnats-du-monde-2023-parcours-et-profil-course-en-ligne\/#breadcrumb","itemListElement":[{"@type":"ListItem","position":1,"name":"Accueil","item":"https:\/\/dicodusport.fr\/blog\/"},{"@type":"ListItem","position":2,"name":"Cyclisme Championnats du monde 2023 : Parcours et profil Course en ligne"}]},{"@type":"WebSite","@id":"https:\/\/dicodusport.fr\/blog\/#website","url":"https:\/\/dicodusport.fr\/blog\/","name":"Dicodusport","description":"L&#039;encyclop\u00e9die de l&#039;actualit\u00e9 sportive","publisher":{"@id":"https:\/\/dicodusport.fr\/blog\/#organization"},"potentialAction":[{"@type":"SearchAction","target":{"@type":"EntryPoint","urlTemplate":"https:\/\/dicodusport.fr\/blog\/?s={search_term_string}"},"query-input":{"@type":"PropertyValueSpecification","valueRequired":true,"valueName":"search_term_string"}}],"inLanguage":"fr-FR"},{"@type":"NewsMediaOrganization","@id":"https:\/\/dicodusport.fr\/blog\/#organization","name":"Dicodusport","url":"https:\/\/dicodusport.fr\/blog\/","logo":{"@type":"ImageObject","inLanguage":"fr-FR","@id":"https:\/\/dicodusport.fr\/blog\/#\/schema\/logo\/image\/","url":"https:\/\/dicodusport.fr\/blog\/wp-content\/uploads\/2020\/06\/cropped-LOGO-DICODUSPORT-2020-SANS-FOND-SANS-TEXTE.png","contentUrl":"https:\/\/dicodusport.fr\/blog\/wp-content\/uploads\/2020\/06\/cropped-LOGO-DICODUSPORT-2020-SANS-FOND-SANS-TEXTE.png","width":512,"height":512,"caption":"Dicodusport"},"image":{"@id":"https:\/\/dicodusport.fr\/blog\/#\/schema\/logo\/image\/"},"sameAs":["https:\/\/www.facebook.com\/dicodusport","https:\/\/x.com\/dicodusport","https:\/\/www.instagram.com\/dicodusport\/","https:\/\/www.youtube.com\/channel\/UC7V2KZ5sd3htJivAbA4ZG3w"],"description":"Dicodusport est l'encyclop\u00e9die de l'actualit\u00e9 sportive.","email":"bonjour@dicodusport.fr","legalName":"DICODUSPORT","foundingDate":"2018-01-14","vatID":"FR71834470973","taxID":"83447097300043","numberOfEmployees":{"@type":"QuantitativeValue","minValue":"1","maxValue":"10"}},{"@type":"Person","@id":"https:\/\/dicodusport.fr\/blog\/#\/schema\/person\/6db4bae06b171592211be385b32876a7","name":"Emilien Descampiaux","image":{"@type":"ImageObject","inLanguage":"fr-FR","@id":"https:\/\/dicodusport.fr\/blog\/#\/schema\/person\/image\/","url":"https:\/\/dicodusport.fr\/blog\/wp-content\/uploads\/2021\/05\/Emilien-Descampiaux-150x150.jpg","contentUrl":"https:\/\/dicodusport.fr\/blog\/wp-content\/uploads\/2021\/05\/Emilien-Descampiaux-150x150.jpg","caption":"Emilien Descampiaux"},"description":"Journaliste\/r\u00e9dacteur depuis 2014 - Fan de la classe de Frank Vandenbroucke, je vis cyclisme (et de ses paysages) depuis plus de 20 ans. Je suis tr\u00e8s impliqu\u00e9 sur mes diff\u00e9rents r\u00e9seaux sociaux pour partager ma passion sur le monde et l'Histoire de la bicyclette avec ma voix sur les images en noir et blanc du succ\u00e8s de Rik Van Steenbergen lors du Ronde sur le V\u00e9lodrome de Gand.","sameAs":["https:\/\/www.facebook.com\/groups\/LesRoisDuPeloton","https:\/\/x.com\/https:\/\/twitter.com\/LRoisDuPeloton"],"url":"https:\/\/dicodusport.fr\/blog\/author\/emiliend\/"}]}},"_links":{"self":[{"href":"https:\/\/dicodusport.fr\/blog\/wp-json\/wp\/v2\/posts\/403028","targetHints":{"allow":["GET"]}}],"collection":[{"href":"https:\/\/dicodusport.fr\/blog\/wp-json\/wp\/v2\/posts"}],"about":[{"href":"https:\/\/dicodusport.fr\/blog\/wp-json\/wp\/v2\/types\/post"}],"author":[{"embeddable":true,"href":"https:\/\/dicodusport.fr\/blog\/wp-json\/wp\/v2\/users\/48"}],"replies":[{"embeddable":true,"href":"https:\/\/dicodusport.fr\/blog\/wp-json\/wp\/v2\/comments?post=403028"}],"version-history":[{"count":0,"href":"https:\/\/dicodusport.fr\/blog\/wp-json\/wp\/v2\/posts\/403028\/revisions"}],"wp:featuredmedia":[{"embeddable":true,"href":"https:\/\/dicodusport.fr\/blog\/wp-json\/wp\/v2\/media\/404990"}],"wp:attachment":[{"href":"https:\/\/dicodusport.fr\/blog\/wp-json\/wp\/v2\/media?parent=403028"}],"wp:term":[{"taxonomy":"category","embeddable":true,"href":"https:\/\/dicodusport.fr\/blog\/wp-json\/wp\/v2\/categories?post=403028"},{"taxonomy":"post_tag","embeddable":true,"href":"https:\/\/dicodusport.fr\/blog\/wp-json\/wp\/v2\/tags?post=403028"}],"curies":[{"name":"wp","href":"https:\/\/api.w.org\/{rel}","templated":true}]}}