{"id":403063,"date":"2023-07-25T20:10:25","date_gmt":"2023-07-25T18:10:25","guid":{"rendered":"https:\/\/dicodusport.fr\/blog\/?p=403063&#038;preview=true&#038;preview_id=403063"},"modified":"2023-07-28T08:13:54","modified_gmt":"2023-07-28T06:13:54","slug":"foje-2023-ylann-bizasene-en-or-sur-le-100-m-imane-lima-en-bronze-au-judo","status":"publish","type":"post","link":"https:\/\/dicodusport.fr\/blog\/foje-2023-ylann-bizasene-en-or-sur-le-100-m-imane-lima-en-bronze-au-judo\/","title":{"rendered":"FOJE 2023 : Ylann Bizasene en or sur le 100 m, Imane Lima en bronze au judo"},"content":{"rendered":"<p align=\"justify\"><em><strong>FOJE 2023 &#8211; La France obtient ses <\/strong><\/em><em><strong>premi\u00e8res m\u00e9dailles aujourd&rsquo;hui : l&rsquo;or pour Ylann Bizasene et le bronze pour Imane Lima.<br \/>\n<\/strong><\/em><\/p>\n<p align=\"justify\">Le Festival Olympique de la Jeunesse Europ\u00e9enne d&rsquo;\u00e9t\u00e9 2023 a d\u00e9but\u00e9 hier \u00e0 Maribor (Slov\u00e9nie). Et l&rsquo;\u00e9quipe de France a ouvert son compteur de m\u00e9daille aujourd&rsquo;hui gr\u00e2ce au judo et \u00e0 l&rsquo;athl\u00e9tisme.<em><br \/>\n<\/em><\/p>\n<p>Apr\u00e8s avoir battu Li-Or Laria sur ippon, <strong>Imane Lima<\/strong> (-40 kg) s&rsquo;est inclin\u00e9e en conc\u00e9dant un ippon rapide en demi-finale face \u00e0 Patricia Tomankova. Pour le bronze, elle affrontait <strong>Anemarie Feus<\/strong>. La Fran\u00e7aise s&rsquo;impose gr\u00e2ce \u00e0 une immobilisation.<\/p>\n<h2>Ylann Bizasene tient son rang<\/h2>\n<p style=\"text-align: justify;\">Il \u00e9tait attendu, il a r\u00e9pondu pr\u00e9sent. Hier, Ylann Bizasene avait \u00e9gal\u00e9 son record personnel en s\u00e9rie en 10.44. Lors des demi-finales du 100 m, il a fait la diff\u00e9rence dans la seconde partie de course pour s&rsquo;imposer en 10.57. En finale, il s&rsquo;est montr\u00e9 une nouvelle fois dominateur. Comme lors des championnats de France cadets, il a eu le temps de jeter un coup d&rsquo;oeil derri\u00e8re lui pour voir qu&rsquo;il allait s&rsquo;imposer en 10.53.<\/p>\n<blockquote class=\"twitter-tweet\">\n<p dir=\"ltr\" lang=\"fr\">\ud83e\udd47 Premi\u00e8re m\u00e9daille d\u2019or pour le clan fran\u00e7ais sur ce <a href=\"https:\/\/twitter.com\/hashtag\/FOJE2023?src=hash&amp;ref_src=twsrc%5Etfw\">#FOJE2023<\/a> de Maribor ! \ud83c\uddeb\ud83c\uddf7<\/p>\n<p>Elle est l\u2019\u0153uvre d&rsquo;Ylann Bizasene, vainqueur de la finale sur 100 m ! Personne ne pouvait l&rsquo;arr\u00eater aujourd&rsquo;hui, f\u00e9licitations \ud83d\udca5<a href=\"https:\/\/twitter.com\/hashtag\/AllezLesBleus?src=hash&amp;ref_src=twsrc%5Etfw\">#AllezLesBleus<\/a> <a href=\"https:\/\/t.co\/pjI1HMpRDh\">pic.twitter.com\/pjI1HMpRDh<\/a><\/p>\n<p>\u2014 FranceOlympique (@FranceOlympique) <a href=\"https:\/\/twitter.com\/FranceOlympique\/status\/1683897021113958401?ref_src=twsrc%5Etfw\">July 25, 2023<\/a><\/p><\/blockquote>\n<p><script async src=\"https:\/\/platform.twitter.com\/widgets.js\" charset=\"utf-8\"><\/script><\/p>\n<h2>Romeo Fadda Sauvageot, Vanessa Lokuli et l&rsquo;\u00e9quipe de gym au pied du podium<\/h2>\n<p>D&rsquo;autres Fran\u00e7ais participaient \u00e0 des finales aujourd&rsquo;hui. Parmi eux, <strong>Romeo Fadda Sauvageot<\/strong>, 3e de sa s\u00e9rie et de sa demie du 100 m dos a fini 4e en finale en 56.43.<\/p>\n<p style=\"text-align: justify;\">Moins heureuse sur le 100 m hier, <strong>Vanessa Lokuli<\/strong> a tent\u00e9 de rebondir \u00e0 la longueur. Son premier saut \u00e0 5.90 m l&rsquo;a propuls\u00e9e \u00e0 la deuxi\u00e8me place. Elle en a \u00e9t\u00e9 d\u00e9log\u00e9e apr\u00e8s la deuxi\u00e8me salve (5e). La Fran\u00e7aise avait du mal \u00e0 la retomb\u00e9e et n&rsquo;a pu faire mieux que 5.88 m puis 5.90 m. Encourag\u00e9e par le reste de la d\u00e9l\u00e9gation fran\u00e7aise, elle a sorti un bon saut \u00e0 6.03 m \u00e0 son 5e essai. Pour remonter \u00e0 la 3e place. Malheureusement, avant les sixi\u00e8mes essais, elle a gliss\u00e9 \u00e0 la 4e place. Ce sera sa place d\u00e9finitive. Le concours est remport\u00e9 par <strong>Bori Rozsahegyi<\/strong> (6.39 m). Le podium est compl\u00e9t\u00e9 par Radina Velichkova (6.09 m) et Laura Ooghe (6.07 m).<\/p>\n<p style=\"text-align: justify;\">Pour 0.100, l&rsquo;<strong>\u00e9quipe masculine de gymnastique artistique<\/strong> termine 4e \u00e0 \u00e9galit\u00e9 avec la Bulgarie. Le porte-drapeau <strong>Anthony Mansard<\/strong> a termin\u00e9 9e du concours g\u00e9n\u00e9ral. Il s&rsquo;est qualifi\u00e9 pour la finale du sol (2e) des anneaux (6e) et de la barre fixe (1er). De son c\u00f4t\u00e9, <strong>Elias Br\u00e8che<\/strong> est \u00e9galement qualifi\u00e9 pour la finale du sol (3e) et du cheval d&rsquo;ar\u00e7ons (4e).<\/p>\n","protected":false},"excerpt":{"rendered":"<p>FOJE 2023 &#8211; La France obtient ses premi\u00e8res m\u00e9dailles aujourd&rsquo;hui : l&rsquo;or pour Ylann Bizasene et le bronze pour Imane Lima.<\/p>\n","protected":false},"author":12,"featured_media":403137,"comment_status":"open","ping_status":"closed","sticky":false,"template":"","format":"standard","meta":{"_acf_changed":false,"_daextam_enable_autolinks":"","footnotes":""},"categories":[2],"tags":[16878,1418],"class_list":["post-403063","post","type-post","status-publish","format-standard","has-post-thumbnail","hentry","category-actualites","tag-breve","tag-festival-olympique-de-la-jeunesse-europeenne"],"acf":[],"yoast_head":"<!-- This site is optimized with the Yoast SEO Premium plugin v26.7 (Yoast SEO v26.7) - https:\/\/yoast.com\/wordpress\/plugins\/seo\/ -->\n<title>FOJE 2023 : Ylann Bizasene en or sur le 100 m, Imane Lima en bronze au judo<\/title>\n<meta name=\"description\" content=\"FOJE 2023 - La France obtient ses premi\u00e8res m\u00e9dailles aujourd&#039;hui : l&#039;or pour Ylann Bizasene et le bronze pour Imane Lima.\" \/>\n<meta name=\"robots\" content=\"index, follow, max-snippet:-1, max-image-preview:large, max-video-preview:-1\" \/>\n<link rel=\"canonical\" href=\"https:\/\/dicodusport.fr\/blog\/foje-2023-ylann-bizasene-en-or-sur-le-100-m-imane-lima-en-bronze-au-judo\/\" \/>\n<meta property=\"og:locale\" content=\"fr_FR\" \/>\n<meta property=\"og:type\" content=\"article\" \/>\n<meta property=\"og:title\" content=\"FOJE 2023 : Ylann Bizasene en or sur le 100 m, Imane Lima en bronze au judo\" \/>\n<meta property=\"og:description\" content=\"FOJE 2023 - La France obtient ses premi\u00e8res m\u00e9dailles aujourd&#039;hui : l&#039;or pour Ylann Bizasene et le bronze pour Imane Lima.\" \/>\n<meta property=\"og:url\" content=\"https:\/\/dicodusport.fr\/blog\/foje-2023-ylann-bizasene-en-or-sur-le-100-m-imane-lima-en-bronze-au-judo\/\" \/>\n<meta property=\"og:site_name\" content=\"Dicodusport\" \/>\n<meta property=\"article:publisher\" content=\"https:\/\/www.facebook.com\/dicodusport\" \/>\n<meta property=\"article:published_time\" content=\"2023-07-25T18:10:25+00:00\" \/>\n<meta property=\"article:modified_time\" content=\"2023-07-28T06:13:54+00:00\" \/>\n<meta property=\"og:image\" content=\"https:\/\/dicodusport.fr\/blog\/wp-content\/uploads\/2023\/07\/FOJE-2023-Ylann-Bizasene-en-or-sur-le-100-m-Imane-Lima-en-bronze-au-judo.png\" \/>\n\t<meta property=\"og:image:width\" content=\"799\" \/>\n\t<meta property=\"og:image:height\" content=\"445\" \/>\n\t<meta property=\"og:image:type\" content=\"image\/png\" \/>\n<meta name=\"author\" content=\"Arlette Yeye\" \/>\n<meta name=\"twitter:card\" content=\"summary_large_image\" \/>\n<meta name=\"twitter:title\" content=\"FOJE 2023 : Ylann Bizasene en or sur le 100 m, Imane Lima en bronze au judo\" \/>\n<meta name=\"twitter:creator\" content=\"@https:\/\/twitter.com\/Shiclette94\" \/>\n<meta name=\"twitter:site\" content=\"@dicodusport\" \/>\n<script type=\"application\/ld+json\" class=\"yoast-schema-graph\">{\"@context\":\"https:\/\/schema.org\",\"@graph\":[{\"@type\":\"NewsArticle\",\"@id\":\"https:\/\/dicodusport.fr\/blog\/foje-2023-ylann-bizasene-en-or-sur-le-100-m-imane-lima-en-bronze-au-judo\/#article\",\"isPartOf\":{\"@id\":\"https:\/\/dicodusport.fr\/blog\/foje-2023-ylann-bizasene-en-or-sur-le-100-m-imane-lima-en-bronze-au-judo\/\"},\"author\":{\"name\":\"Arlette Yeye\",\"@id\":\"https:\/\/dicodusport.fr\/blog\/#\/schema\/person\/cce96fa88785bd8573e3d43078ac8c79\"},\"headline\":\"FOJE 2023 : Ylann Bizasene en or sur le 100 m, Imane Lima en bronze au judo\",\"datePublished\":\"2023-07-25T18:10:25+00:00\",\"dateModified\":\"2023-07-28T06:13:54+00:00\",\"mainEntityOfPage\":{\"@id\":\"https:\/\/dicodusport.fr\/blog\/foje-2023-ylann-bizasene-en-or-sur-le-100-m-imane-lima-en-bronze-au-judo\/\"},\"wordCount\":491,\"commentCount\":0,\"publisher\":{\"@id\":\"https:\/\/dicodusport.fr\/blog\/#organization\"},\"image\":{\"@id\":\"https:\/\/dicodusport.fr\/blog\/foje-2023-ylann-bizasene-en-or-sur-le-100-m-imane-lima-en-bronze-au-judo\/#primaryimage\"},\"thumbnailUrl\":\"https:\/\/dicodusport.fr\/blog\/wp-content\/uploads\/2023\/07\/FOJE-2023-Ylann-Bizasene-en-or-sur-le-100-m-Imane-Lima-en-bronze-au-judo.png\",\"keywords\":[\"br\u00e8ve\",\"Festival Olympique de la Jeunesse Europ\u00e9enne\"],\"articleSection\":[\"Actualit\u00e9s\"],\"inLanguage\":\"fr-FR\",\"potentialAction\":[{\"@type\":\"CommentAction\",\"name\":\"Comment\",\"target\":[\"https:\/\/dicodusport.fr\/blog\/foje-2023-ylann-bizasene-en-or-sur-le-100-m-imane-lima-en-bronze-au-judo\/#respond\"]}],\"copyrightYear\":\"2023\",\"copyrightHolder\":{\"@id\":\"https:\/\/dicodusport.fr\/blog\/#organization\"}},{\"@type\":\"WebPage\",\"@id\":\"https:\/\/dicodusport.fr\/blog\/foje-2023-ylann-bizasene-en-or-sur-le-100-m-imane-lima-en-bronze-au-judo\/\",\"url\":\"https:\/\/dicodusport.fr\/blog\/foje-2023-ylann-bizasene-en-or-sur-le-100-m-imane-lima-en-bronze-au-judo\/\",\"name\":\"FOJE 2023 : Ylann Bizasene en or sur le 100 m, Imane Lima en bronze au judo\",\"isPartOf\":{\"@id\":\"https:\/\/dicodusport.fr\/blog\/#website\"},\"primaryImageOfPage\":{\"@id\":\"https:\/\/dicodusport.fr\/blog\/foje-2023-ylann-bizasene-en-or-sur-le-100-m-imane-lima-en-bronze-au-judo\/#primaryimage\"},\"image\":{\"@id\":\"https:\/\/dicodusport.fr\/blog\/foje-2023-ylann-bizasene-en-or-sur-le-100-m-imane-lima-en-bronze-au-judo\/#primaryimage\"},\"thumbnailUrl\":\"https:\/\/dicodusport.fr\/blog\/wp-content\/uploads\/2023\/07\/FOJE-2023-Ylann-Bizasene-en-or-sur-le-100-m-Imane-Lima-en-bronze-au-judo.png\",\"datePublished\":\"2023-07-25T18:10:25+00:00\",\"dateModified\":\"2023-07-28T06:13:54+00:00\",\"description\":\"FOJE 2023 - La France obtient ses premi\u00e8res m\u00e9dailles aujourd'hui : l'or pour Ylann Bizasene et le bronze pour Imane Lima.\",\"breadcrumb\":{\"@id\":\"https:\/\/dicodusport.fr\/blog\/foje-2023-ylann-bizasene-en-or-sur-le-100-m-imane-lima-en-bronze-au-judo\/#breadcrumb\"},\"inLanguage\":\"fr-FR\",\"potentialAction\":[{\"@type\":\"ReadAction\",\"target\":[\"https:\/\/dicodusport.fr\/blog\/foje-2023-ylann-bizasene-en-or-sur-le-100-m-imane-lima-en-bronze-au-judo\/\"]}]},{\"@type\":\"ImageObject\",\"inLanguage\":\"fr-FR\",\"@id\":\"https:\/\/dicodusport.fr\/blog\/foje-2023-ylann-bizasene-en-or-sur-le-100-m-imane-lima-en-bronze-au-judo\/#primaryimage\",\"url\":\"https:\/\/dicodusport.fr\/blog\/wp-content\/uploads\/2023\/07\/FOJE-2023-Ylann-Bizasene-en-or-sur-le-100-m-Imane-Lima-en-bronze-au-judo.png\",\"contentUrl\":\"https:\/\/dicodusport.fr\/blog\/wp-content\/uploads\/2023\/07\/FOJE-2023-Ylann-Bizasene-en-or-sur-le-100-m-Imane-Lima-en-bronze-au-judo.png\",\"width\":799,\"height\":445},{\"@type\":\"BreadcrumbList\",\"@id\":\"https:\/\/dicodusport.fr\/blog\/foje-2023-ylann-bizasene-en-or-sur-le-100-m-imane-lima-en-bronze-au-judo\/#breadcrumb\",\"itemListElement\":[{\"@type\":\"ListItem\",\"position\":1,\"name\":\"Accueil\",\"item\":\"https:\/\/dicodusport.fr\/blog\/\"},{\"@type\":\"ListItem\",\"position\":2,\"name\":\"FOJE 2023 : Ylann Bizasene en or sur le 100 m, Imane Lima en bronze au judo\"}]},{\"@type\":\"WebSite\",\"@id\":\"https:\/\/dicodusport.fr\/blog\/#website\",\"url\":\"https:\/\/dicodusport.fr\/blog\/\",\"name\":\"Dicodusport\",\"description\":\"L&#039;encyclop\u00e9die de l&#039;actualit\u00e9 sportive\",\"publisher\":{\"@id\":\"https:\/\/dicodusport.fr\/blog\/#organization\"},\"potentialAction\":[{\"@type\":\"SearchAction\",\"target\":{\"@type\":\"EntryPoint\",\"urlTemplate\":\"https:\/\/dicodusport.fr\/blog\/?s={search_term_string}\"},\"query-input\":{\"@type\":\"PropertyValueSpecification\",\"valueRequired\":true,\"valueName\":\"search_term_string\"}}],\"inLanguage\":\"fr-FR\"},{\"@type\":\"NewsMediaOrganization\",\"@id\":\"https:\/\/dicodusport.fr\/blog\/#organization\",\"name\":\"Dicodusport\",\"url\":\"https:\/\/dicodusport.fr\/blog\/\",\"logo\":{\"@type\":\"ImageObject\",\"inLanguage\":\"fr-FR\",\"@id\":\"https:\/\/dicodusport.fr\/blog\/#\/schema\/logo\/image\/\",\"url\":\"https:\/\/dicodusport.fr\/blog\/wp-content\/uploads\/2020\/06\/cropped-LOGO-DICODUSPORT-2020-SANS-FOND-SANS-TEXTE.png\",\"contentUrl\":\"https:\/\/dicodusport.fr\/blog\/wp-content\/uploads\/2020\/06\/cropped-LOGO-DICODUSPORT-2020-SANS-FOND-SANS-TEXTE.png\",\"width\":512,\"height\":512,\"caption\":\"Dicodusport\"},\"image\":{\"@id\":\"https:\/\/dicodusport.fr\/blog\/#\/schema\/logo\/image\/\"},\"sameAs\":[\"https:\/\/www.facebook.com\/dicodusport\",\"https:\/\/x.com\/dicodusport\",\"https:\/\/www.instagram.com\/dicodusport\/\",\"https:\/\/www.youtube.com\/channel\/UC7V2KZ5sd3htJivAbA4ZG3w\"],\"description\":\"Dicodusport est l'encyclop\u00e9die de l'actualit\u00e9 sportive.\",\"email\":\"bonjour@dicodusport.fr\",\"legalName\":\"DICODUSPORT\",\"foundingDate\":\"2018-01-14\",\"vatID\":\"FR71834470973\",\"taxID\":\"83447097300043\",\"numberOfEmployees\":{\"@type\":\"QuantitativeValue\",\"minValue\":\"1\",\"maxValue\":\"10\"}},{\"@type\":\"Person\",\"@id\":\"https:\/\/dicodusport.fr\/blog\/#\/schema\/person\/cce96fa88785bd8573e3d43078ac8c79\",\"name\":\"Arlette Yeye\",\"image\":{\"@type\":\"ImageObject\",\"inLanguage\":\"fr-FR\",\"@id\":\"https:\/\/dicodusport.fr\/blog\/#\/schema\/person\/image\/\",\"url\":\"https:\/\/secure.gravatar.com\/avatar\/dca4a6239e6d708e46c45d60e160de6c?s=96&d=wp_user_avatar&r=g\",\"contentUrl\":\"https:\/\/secure.gravatar.com\/avatar\/dca4a6239e6d708e46c45d60e160de6c?s=96&d=wp_user_avatar&r=g\",\"caption\":\"Arlette Yeye\"},\"description\":\"Journaliste\/r\u00e9dactrice depuis septembre 2015 - Supportrice de Chelsea, j'ai pour sports de pr\u00e9dilection le handball, l'athl\u00e9tisme et le tennis. Si je tweete plus vite que mon ombre, vous pouvez aussi me retrouver les week-ends sur les playgrounds de Bruxelles pour un petit foot ou basket entre potes. Parcourir la France, l'Europe et plus si affinit\u00e9s pour suivre mes sportifs pr\u00e9f\u00e9r\u00e9s ? Mon kif ! Et c'est avec plaisir que je partage les r\u00e9sultats des sports populaires mais \u00e9galement plus confidentiels pour Dicodusport.\",\"sameAs\":[\"https:\/\/x.com\/https:\/\/twitter.com\/Shiclette94\"],\"url\":\"https:\/\/dicodusport.fr\/blog\/author\/arlette\/\"}]}<\/script>\n<!-- \/ Yoast SEO Premium plugin. -->","yoast_head_json":{"title":"FOJE 2023 : Ylann Bizasene en or sur le 100 m, Imane Lima en bronze au judo","description":"FOJE 2023 - La France obtient ses premi\u00e8res m\u00e9dailles aujourd'hui : l'or pour Ylann Bizasene et le bronze pour Imane Lima.","robots":{"index":"index","follow":"follow","max-snippet":"max-snippet:-1","max-image-preview":"max-image-preview:large","max-video-preview":"max-video-preview:-1"},"canonical":"https:\/\/dicodusport.fr\/blog\/foje-2023-ylann-bizasene-en-or-sur-le-100-m-imane-lima-en-bronze-au-judo\/","og_locale":"fr_FR","og_type":"article","og_title":"FOJE 2023 : Ylann Bizasene en or sur le 100 m, Imane Lima en bronze au judo","og_description":"FOJE 2023 - La France obtient ses premi\u00e8res m\u00e9dailles aujourd'hui : l'or pour Ylann Bizasene et le bronze pour Imane Lima.","og_url":"https:\/\/dicodusport.fr\/blog\/foje-2023-ylann-bizasene-en-or-sur-le-100-m-imane-lima-en-bronze-au-judo\/","og_site_name":"Dicodusport","article_publisher":"https:\/\/www.facebook.com\/dicodusport","article_published_time":"2023-07-25T18:10:25+00:00","article_modified_time":"2023-07-28T06:13:54+00:00","og_image":[{"width":799,"height":445,"url":"https:\/\/dicodusport.fr\/blog\/wp-content\/uploads\/2023\/07\/FOJE-2023-Ylann-Bizasene-en-or-sur-le-100-m-Imane-Lima-en-bronze-au-judo.png","type":"image\/png"}],"author":"Arlette Yeye","twitter_card":"summary_large_image","twitter_title":"FOJE 2023 : Ylann Bizasene en or sur le 100 m, Imane Lima en bronze au judo","twitter_creator":"@https:\/\/twitter.com\/Shiclette94","twitter_site":"@dicodusport","schema":{"@context":"https:\/\/schema.org","@graph":[{"@type":"NewsArticle","@id":"https:\/\/dicodusport.fr\/blog\/foje-2023-ylann-bizasene-en-or-sur-le-100-m-imane-lima-en-bronze-au-judo\/#article","isPartOf":{"@id":"https:\/\/dicodusport.fr\/blog\/foje-2023-ylann-bizasene-en-or-sur-le-100-m-imane-lima-en-bronze-au-judo\/"},"author":{"name":"Arlette Yeye","@id":"https:\/\/dicodusport.fr\/blog\/#\/schema\/person\/cce96fa88785bd8573e3d43078ac8c79"},"headline":"FOJE 2023 : Ylann Bizasene en or sur le 100 m, Imane Lima en bronze au judo","datePublished":"2023-07-25T18:10:25+00:00","dateModified":"2023-07-28T06:13:54+00:00","mainEntityOfPage":{"@id":"https:\/\/dicodusport.fr\/blog\/foje-2023-ylann-bizasene-en-or-sur-le-100-m-imane-lima-en-bronze-au-judo\/"},"wordCount":491,"commentCount":0,"publisher":{"@id":"https:\/\/dicodusport.fr\/blog\/#organization"},"image":{"@id":"https:\/\/dicodusport.fr\/blog\/foje-2023-ylann-bizasene-en-or-sur-le-100-m-imane-lima-en-bronze-au-judo\/#primaryimage"},"thumbnailUrl":"https:\/\/dicodusport.fr\/blog\/wp-content\/uploads\/2023\/07\/FOJE-2023-Ylann-Bizasene-en-or-sur-le-100-m-Imane-Lima-en-bronze-au-judo.png","keywords":["br\u00e8ve","Festival Olympique de la Jeunesse Europ\u00e9enne"],"articleSection":["Actualit\u00e9s"],"inLanguage":"fr-FR","potentialAction":[{"@type":"CommentAction","name":"Comment","target":["https:\/\/dicodusport.fr\/blog\/foje-2023-ylann-bizasene-en-or-sur-le-100-m-imane-lima-en-bronze-au-judo\/#respond"]}],"copyrightYear":"2023","copyrightHolder":{"@id":"https:\/\/dicodusport.fr\/blog\/#organization"}},{"@type":"WebPage","@id":"https:\/\/dicodusport.fr\/blog\/foje-2023-ylann-bizasene-en-or-sur-le-100-m-imane-lima-en-bronze-au-judo\/","url":"https:\/\/dicodusport.fr\/blog\/foje-2023-ylann-bizasene-en-or-sur-le-100-m-imane-lima-en-bronze-au-judo\/","name":"FOJE 2023 : Ylann Bizasene en or sur le 100 m, Imane Lima en bronze au judo","isPartOf":{"@id":"https:\/\/dicodusport.fr\/blog\/#website"},"primaryImageOfPage":{"@id":"https:\/\/dicodusport.fr\/blog\/foje-2023-ylann-bizasene-en-or-sur-le-100-m-imane-lima-en-bronze-au-judo\/#primaryimage"},"image":{"@id":"https:\/\/dicodusport.fr\/blog\/foje-2023-ylann-bizasene-en-or-sur-le-100-m-imane-lima-en-bronze-au-judo\/#primaryimage"},"thumbnailUrl":"https:\/\/dicodusport.fr\/blog\/wp-content\/uploads\/2023\/07\/FOJE-2023-Ylann-Bizasene-en-or-sur-le-100-m-Imane-Lima-en-bronze-au-judo.png","datePublished":"2023-07-25T18:10:25+00:00","dateModified":"2023-07-28T06:13:54+00:00","description":"FOJE 2023 - La France obtient ses premi\u00e8res m\u00e9dailles aujourd'hui : l'or pour Ylann Bizasene et le bronze pour Imane Lima.","breadcrumb":{"@id":"https:\/\/dicodusport.fr\/blog\/foje-2023-ylann-bizasene-en-or-sur-le-100-m-imane-lima-en-bronze-au-judo\/#breadcrumb"},"inLanguage":"fr-FR","potentialAction":[{"@type":"ReadAction","target":["https:\/\/dicodusport.fr\/blog\/foje-2023-ylann-bizasene-en-or-sur-le-100-m-imane-lima-en-bronze-au-judo\/"]}]},{"@type":"ImageObject","inLanguage":"fr-FR","@id":"https:\/\/dicodusport.fr\/blog\/foje-2023-ylann-bizasene-en-or-sur-le-100-m-imane-lima-en-bronze-au-judo\/#primaryimage","url":"https:\/\/dicodusport.fr\/blog\/wp-content\/uploads\/2023\/07\/FOJE-2023-Ylann-Bizasene-en-or-sur-le-100-m-Imane-Lima-en-bronze-au-judo.png","contentUrl":"https:\/\/dicodusport.fr\/blog\/wp-content\/uploads\/2023\/07\/FOJE-2023-Ylann-Bizasene-en-or-sur-le-100-m-Imane-Lima-en-bronze-au-judo.png","width":799,"height":445},{"@type":"BreadcrumbList","@id":"https:\/\/dicodusport.fr\/blog\/foje-2023-ylann-bizasene-en-or-sur-le-100-m-imane-lima-en-bronze-au-judo\/#breadcrumb","itemListElement":[{"@type":"ListItem","position":1,"name":"Accueil","item":"https:\/\/dicodusport.fr\/blog\/"},{"@type":"ListItem","position":2,"name":"FOJE 2023 : Ylann Bizasene en or sur le 100 m, Imane Lima en bronze au judo"}]},{"@type":"WebSite","@id":"https:\/\/dicodusport.fr\/blog\/#website","url":"https:\/\/dicodusport.fr\/blog\/","name":"Dicodusport","description":"L&#039;encyclop\u00e9die de l&#039;actualit\u00e9 sportive","publisher":{"@id":"https:\/\/dicodusport.fr\/blog\/#organization"},"potentialAction":[{"@type":"SearchAction","target":{"@type":"EntryPoint","urlTemplate":"https:\/\/dicodusport.fr\/blog\/?s={search_term_string}"},"query-input":{"@type":"PropertyValueSpecification","valueRequired":true,"valueName":"search_term_string"}}],"inLanguage":"fr-FR"},{"@type":"NewsMediaOrganization","@id":"https:\/\/dicodusport.fr\/blog\/#organization","name":"Dicodusport","url":"https:\/\/dicodusport.fr\/blog\/","logo":{"@type":"ImageObject","inLanguage":"fr-FR","@id":"https:\/\/dicodusport.fr\/blog\/#\/schema\/logo\/image\/","url":"https:\/\/dicodusport.fr\/blog\/wp-content\/uploads\/2020\/06\/cropped-LOGO-DICODUSPORT-2020-SANS-FOND-SANS-TEXTE.png","contentUrl":"https:\/\/dicodusport.fr\/blog\/wp-content\/uploads\/2020\/06\/cropped-LOGO-DICODUSPORT-2020-SANS-FOND-SANS-TEXTE.png","width":512,"height":512,"caption":"Dicodusport"},"image":{"@id":"https:\/\/dicodusport.fr\/blog\/#\/schema\/logo\/image\/"},"sameAs":["https:\/\/www.facebook.com\/dicodusport","https:\/\/x.com\/dicodusport","https:\/\/www.instagram.com\/dicodusport\/","https:\/\/www.youtube.com\/channel\/UC7V2KZ5sd3htJivAbA4ZG3w"],"description":"Dicodusport est l'encyclop\u00e9die de l'actualit\u00e9 sportive.","email":"bonjour@dicodusport.fr","legalName":"DICODUSPORT","foundingDate":"2018-01-14","vatID":"FR71834470973","taxID":"83447097300043","numberOfEmployees":{"@type":"QuantitativeValue","minValue":"1","maxValue":"10"}},{"@type":"Person","@id":"https:\/\/dicodusport.fr\/blog\/#\/schema\/person\/cce96fa88785bd8573e3d43078ac8c79","name":"Arlette Yeye","image":{"@type":"ImageObject","inLanguage":"fr-FR","@id":"https:\/\/dicodusport.fr\/blog\/#\/schema\/person\/image\/","url":"https:\/\/secure.gravatar.com\/avatar\/dca4a6239e6d708e46c45d60e160de6c?s=96&d=wp_user_avatar&r=g","contentUrl":"https:\/\/secure.gravatar.com\/avatar\/dca4a6239e6d708e46c45d60e160de6c?s=96&d=wp_user_avatar&r=g","caption":"Arlette Yeye"},"description":"Journaliste\/r\u00e9dactrice depuis septembre 2015 - Supportrice de Chelsea, j'ai pour sports de pr\u00e9dilection le handball, l'athl\u00e9tisme et le tennis. Si je tweete plus vite que mon ombre, vous pouvez aussi me retrouver les week-ends sur les playgrounds de Bruxelles pour un petit foot ou basket entre potes. Parcourir la France, l'Europe et plus si affinit\u00e9s pour suivre mes sportifs pr\u00e9f\u00e9r\u00e9s ? Mon kif ! Et c'est avec plaisir que je partage les r\u00e9sultats des sports populaires mais \u00e9galement plus confidentiels pour Dicodusport.","sameAs":["https:\/\/x.com\/https:\/\/twitter.com\/Shiclette94"],"url":"https:\/\/dicodusport.fr\/blog\/author\/arlette\/"}]}},"_links":{"self":[{"href":"https:\/\/dicodusport.fr\/blog\/wp-json\/wp\/v2\/posts\/403063","targetHints":{"allow":["GET"]}}],"collection":[{"href":"https:\/\/dicodusport.fr\/blog\/wp-json\/wp\/v2\/posts"}],"about":[{"href":"https:\/\/dicodusport.fr\/blog\/wp-json\/wp\/v2\/types\/post"}],"author":[{"embeddable":true,"href":"https:\/\/dicodusport.fr\/blog\/wp-json\/wp\/v2\/users\/12"}],"replies":[{"embeddable":true,"href":"https:\/\/dicodusport.fr\/blog\/wp-json\/wp\/v2\/comments?post=403063"}],"version-history":[{"count":0,"href":"https:\/\/dicodusport.fr\/blog\/wp-json\/wp\/v2\/posts\/403063\/revisions"}],"wp:featuredmedia":[{"embeddable":true,"href":"https:\/\/dicodusport.fr\/blog\/wp-json\/wp\/v2\/media\/403137"}],"wp:attachment":[{"href":"https:\/\/dicodusport.fr\/blog\/wp-json\/wp\/v2\/media?parent=403063"}],"wp:term":[{"taxonomy":"category","embeddable":true,"href":"https:\/\/dicodusport.fr\/blog\/wp-json\/wp\/v2\/categories?post=403063"},{"taxonomy":"post_tag","embeddable":true,"href":"https:\/\/dicodusport.fr\/blog\/wp-json\/wp\/v2\/tags?post=403063"}],"curies":[{"name":"wp","href":"https:\/\/api.w.org\/{rel}","templated":true}]}}