{"id":403088,"date":"2023-07-25T18:07:19","date_gmt":"2023-07-25T16:07:19","guid":{"rendered":"https:\/\/dicodusport.fr\/blog\/?p=403088&#038;preview=true&#038;preview_id=403088"},"modified":"2023-07-25T18:54:37","modified_gmt":"2023-07-25T16:54:37","slug":"dopage-luci-suspend-miguel-angel-lopez","status":"publish","type":"post","link":"https:\/\/dicodusport.fr\/blog\/dopage-luci-suspend-miguel-angel-lopez\/","title":{"rendered":"Dopage : L&rsquo;UCI suspend Miguel Angel Lopez"},"content":{"rendered":"<p align=\"justify\"><em><strong>CYCLISME SUR ROUTE 2023 &#8211; Ce mardi, l&rsquo;UCI a suspendu le Colombien, Miguel Angel Lopez (Medellin-EPM), pour une dur\u00e9e ind\u00e9termin\u00e9e. L&rsquo;instance \u00e9voque \u00ab une potentielle violation des r\u00e8gles antidopage \u00bb.<\/strong><\/em><\/p>\n<p align=\"justify\"><strong>Miguel Angel Lopez<\/strong> dans la tourmente, encore. Le Colombien (29 ans) a \u00e9t\u00e9 suspendu par l&rsquo;UCI, a-t-on appris ce mardi. L&rsquo;instance a notifi\u00e9 au grimpeur <em>\u00ab une violation potentielle des r\u00e8gles antidopage \u00ab\u00a0VRAD\u00a0\u00bb<\/em> avant le Tour d&rsquo;Italie 2022, en lien avec ses relations avec le <strong>Dr Maynar<\/strong>. Une enqu\u00eate avait \u00e9t\u00e9 ouverte.<\/p>\n<p align=\"justify\">Dans son communiqu\u00e9, l&rsquo;<strong>UCI<\/strong> explique la raison de sa d\u00e9cision de suspendre le Colombien. <em>\u00ab Apr\u00e8s examen des informations et du mat\u00e9riel fournis par l&rsquo;ITA les 26 juin et 7 juillet 2023, le coureur colombien a \u00e9t\u00e9 inform\u00e9 d&rsquo;une VRAD potentielle pour usage et possession d&rsquo;une substance interdite dans les semaines pr\u00e9c\u00e9dant le Giro d&rsquo;Italia 2022 \u00bb<\/em>, pr\u00e9cise-t-elle.<\/p>\n<p align=\"justify\">Suspendu provisoirement dans l&rsquo;attente de la d\u00e9cision finale, <strong>Miguel Angel Lopez<\/strong> ne disputera donc pas les Mondiaux de Glasgow (\u00c9cosse). Celui qui \u00e9volue au sein de la formation <strong>Medellin-EPM<\/strong> depuis le d\u00e9but de saison, apr\u00e8s son licenciement d&rsquo;Astana en d\u00e9cembre 2022, devait y disputer la course en ligne (6 ao\u00fbt) puis le chrono (11 ao\u00fbt) avec la s\u00e9lection colombienne. <em>MAL<\/em> avait remport\u00e9 le <a href=\"https:\/\/dicodusport.fr\/blog\/tour-de-san-juan-2023-classement-general\/\">Tour de San Juan<\/a> (Argentine) en d\u00e9but de saison, avant d&rsquo;\u00eatre sacr\u00e9 champion de Colombie du contre-la-montre.<\/p>\n<blockquote class=\"twitter-tweet\">\n<p dir=\"ltr\" lang=\"ca\">UCI Statement on Miguel Angel L\u00f3pez <a href=\"https:\/\/t.co\/EUc1AV19fV\">https:\/\/t.co\/EUc1AV19fV<\/a> <a href=\"https:\/\/t.co\/sPCbgkLPia\">pic.twitter.com\/sPCbgkLPia<\/a><\/p>\n<p>\u2014 UCI_media (@UCI_media) <a href=\"https:\/\/twitter.com\/UCI_media\/status\/1683860240914161664?ref_src=twsrc%5Etfw\">July 25, 2023<\/a><\/p><\/blockquote>\n<p><script async src=\"https:\/\/platform.twitter.com\/widgets.js\" charset=\"utf-8\"><\/script><\/p>\n","protected":false},"excerpt":{"rendered":"<p>CYCLISME SUR ROUTE 2023 &#8211; Ce mardi, l&rsquo;UCI a suspendu le Colombien, Miguel Angel Lopez (Medellin-EPM), pour une dur\u00e9e ind\u00e9termin\u00e9e. L&rsquo;instance \u00e9voque \u00ab une potentielle violation des r\u00e8gles antidopage \u00bb.<\/p>\n","protected":false},"author":4,"featured_media":403090,"comment_status":"open","ping_status":"closed","sticky":false,"template":"","format":"standard","meta":{"_acf_changed":false,"_daextam_enable_autolinks":"","footnotes":""},"categories":[46994],"tags":[16878,11197,2886,11931],"class_list":["post-403088","post","type-post","status-publish","format-standard","has-post-thumbnail","hentry","category-cyclisme-sur-route","tag-breve","tag-cyclisme-sur-route","tag-dopage","tag-miguel-angel-lopez"],"acf":[],"yoast_head":"<!-- This site is optimized with the Yoast SEO Premium plugin v26.7 (Yoast SEO v26.7) - https:\/\/yoast.com\/wordpress\/plugins\/seo\/ -->\n<title>Dopage : L&#039;UCI suspend Miguel Angel Lopez<\/title>\n<meta name=\"description\" content=\"CYCLISME SUR ROUTE 2023 - Ce mardi, l&#039;UCI a suspendu le Colombien, Miguel Angel Lopez (Medellin-EPM), pour une dur\u00e9e ind\u00e9termin\u00e9e.\" \/>\n<meta name=\"robots\" content=\"index, follow, max-snippet:-1, max-image-preview:large, max-video-preview:-1\" \/>\n<link rel=\"canonical\" href=\"https:\/\/dicodusport.fr\/blog\/dopage-luci-suspend-miguel-angel-lopez\/\" \/>\n<meta property=\"og:locale\" content=\"fr_FR\" \/>\n<meta property=\"og:type\" content=\"article\" \/>\n<meta property=\"og:title\" content=\"Dopage : L&#039;UCI suspend Miguel Angel Lopez\" \/>\n<meta property=\"og:description\" content=\"CYCLISME SUR ROUTE 2023 - Ce mardi, l&#039;UCI a suspendu le Colombien, Miguel Angel Lopez (Medellin-EPM), pour une dur\u00e9e ind\u00e9termin\u00e9e.\" \/>\n<meta property=\"og:url\" content=\"https:\/\/dicodusport.fr\/blog\/dopage-luci-suspend-miguel-angel-lopez\/\" \/>\n<meta property=\"og:site_name\" content=\"Dicodusport\" \/>\n<meta property=\"article:publisher\" content=\"https:\/\/www.facebook.com\/dicodusport\" \/>\n<meta property=\"article:author\" content=\"https:\/\/www.facebook.com\/florent.ostermann\" \/>\n<meta property=\"article:published_time\" content=\"2023-07-25T16:07:19+00:00\" \/>\n<meta property=\"article:modified_time\" content=\"2023-07-25T16:54:37+00:00\" \/>\n<meta property=\"og:image\" content=\"https:\/\/dicodusport.fr\/blog\/wp-content\/uploads\/2023\/07\/LUCI-suspend-Miguel-Angel-Lopez.png\" \/>\n\t<meta property=\"og:image:width\" content=\"800\" \/>\n\t<meta property=\"og:image:height\" content=\"445\" \/>\n\t<meta property=\"og:image:type\" content=\"image\/png\" \/>\n<meta name=\"author\" content=\"Flo Ostermann\" \/>\n<meta name=\"twitter:card\" content=\"summary_large_image\" \/>\n<meta name=\"twitter:title\" content=\"Dopage : L&#039;UCI suspend Miguel Angel Lopez\" \/>\n<meta name=\"twitter:creator\" content=\"@https:\/\/twitter.com\/FlOstermann\" \/>\n<meta name=\"twitter:site\" content=\"@dicodusport\" \/>\n<script type=\"application\/ld+json\" class=\"yoast-schema-graph\">{\"@context\":\"https:\/\/schema.org\",\"@graph\":[{\"@type\":\"NewsArticle\",\"@id\":\"https:\/\/dicodusport.fr\/blog\/dopage-luci-suspend-miguel-angel-lopez\/#article\",\"isPartOf\":{\"@id\":\"https:\/\/dicodusport.fr\/blog\/dopage-luci-suspend-miguel-angel-lopez\/\"},\"author\":{\"name\":\"Flo Ostermann\",\"@id\":\"https:\/\/dicodusport.fr\/blog\/#\/schema\/person\/cb02af4c173ce4a653b55e9baf388d4a\"},\"headline\":\"Dopage : L&rsquo;UCI suspend Miguel Angel Lopez\",\"datePublished\":\"2023-07-25T16:07:19+00:00\",\"dateModified\":\"2023-07-25T16:54:37+00:00\",\"mainEntityOfPage\":{\"@id\":\"https:\/\/dicodusport.fr\/blog\/dopage-luci-suspend-miguel-angel-lopez\/\"},\"wordCount\":267,\"commentCount\":0,\"publisher\":{\"@id\":\"https:\/\/dicodusport.fr\/blog\/#organization\"},\"image\":{\"@id\":\"https:\/\/dicodusport.fr\/blog\/dopage-luci-suspend-miguel-angel-lopez\/#primaryimage\"},\"thumbnailUrl\":\"https:\/\/dicodusport.fr\/blog\/wp-content\/uploads\/2023\/07\/LUCI-suspend-Miguel-Angel-Lopez.png\",\"keywords\":[\"br\u00e8ve\",\"Cyclisme sur route\",\"dopage\",\"Miguel Angel Lopez\"],\"articleSection\":[\"Cyclisme sur route\"],\"inLanguage\":\"fr-FR\",\"potentialAction\":[{\"@type\":\"CommentAction\",\"name\":\"Comment\",\"target\":[\"https:\/\/dicodusport.fr\/blog\/dopage-luci-suspend-miguel-angel-lopez\/#respond\"]}],\"copyrightYear\":\"2023\",\"copyrightHolder\":{\"@id\":\"https:\/\/dicodusport.fr\/blog\/#organization\"}},{\"@type\":\"WebPage\",\"@id\":\"https:\/\/dicodusport.fr\/blog\/dopage-luci-suspend-miguel-angel-lopez\/\",\"url\":\"https:\/\/dicodusport.fr\/blog\/dopage-luci-suspend-miguel-angel-lopez\/\",\"name\":\"Dopage : L'UCI suspend Miguel Angel Lopez\",\"isPartOf\":{\"@id\":\"https:\/\/dicodusport.fr\/blog\/#website\"},\"primaryImageOfPage\":{\"@id\":\"https:\/\/dicodusport.fr\/blog\/dopage-luci-suspend-miguel-angel-lopez\/#primaryimage\"},\"image\":{\"@id\":\"https:\/\/dicodusport.fr\/blog\/dopage-luci-suspend-miguel-angel-lopez\/#primaryimage\"},\"thumbnailUrl\":\"https:\/\/dicodusport.fr\/blog\/wp-content\/uploads\/2023\/07\/LUCI-suspend-Miguel-Angel-Lopez.png\",\"datePublished\":\"2023-07-25T16:07:19+00:00\",\"dateModified\":\"2023-07-25T16:54:37+00:00\",\"description\":\"CYCLISME SUR ROUTE 2023 - Ce mardi, l'UCI a suspendu le Colombien, Miguel Angel Lopez (Medellin-EPM), pour une dur\u00e9e ind\u00e9termin\u00e9e.\",\"breadcrumb\":{\"@id\":\"https:\/\/dicodusport.fr\/blog\/dopage-luci-suspend-miguel-angel-lopez\/#breadcrumb\"},\"inLanguage\":\"fr-FR\",\"potentialAction\":[{\"@type\":\"ReadAction\",\"target\":[\"https:\/\/dicodusport.fr\/blog\/dopage-luci-suspend-miguel-angel-lopez\/\"]}]},{\"@type\":\"ImageObject\",\"inLanguage\":\"fr-FR\",\"@id\":\"https:\/\/dicodusport.fr\/blog\/dopage-luci-suspend-miguel-angel-lopez\/#primaryimage\",\"url\":\"https:\/\/dicodusport.fr\/blog\/wp-content\/uploads\/2023\/07\/LUCI-suspend-Miguel-Angel-Lopez.png\",\"contentUrl\":\"https:\/\/dicodusport.fr\/blog\/wp-content\/uploads\/2023\/07\/LUCI-suspend-Miguel-Angel-Lopez.png\",\"width\":800,\"height\":445,\"caption\":\"L'UCI suspend Miguel Angel Lopez\"},{\"@type\":\"BreadcrumbList\",\"@id\":\"https:\/\/dicodusport.fr\/blog\/dopage-luci-suspend-miguel-angel-lopez\/#breadcrumb\",\"itemListElement\":[{\"@type\":\"ListItem\",\"position\":1,\"name\":\"Accueil\",\"item\":\"https:\/\/dicodusport.fr\/blog\/\"},{\"@type\":\"ListItem\",\"position\":2,\"name\":\"Dopage : L&rsquo;UCI suspend Miguel Angel Lopez\"}]},{\"@type\":\"WebSite\",\"@id\":\"https:\/\/dicodusport.fr\/blog\/#website\",\"url\":\"https:\/\/dicodusport.fr\/blog\/\",\"name\":\"Dicodusport\",\"description\":\"L&#039;encyclop\u00e9die de l&#039;actualit\u00e9 sportive\",\"publisher\":{\"@id\":\"https:\/\/dicodusport.fr\/blog\/#organization\"},\"potentialAction\":[{\"@type\":\"SearchAction\",\"target\":{\"@type\":\"EntryPoint\",\"urlTemplate\":\"https:\/\/dicodusport.fr\/blog\/?s={search_term_string}\"},\"query-input\":{\"@type\":\"PropertyValueSpecification\",\"valueRequired\":true,\"valueName\":\"search_term_string\"}}],\"inLanguage\":\"fr-FR\"},{\"@type\":\"NewsMediaOrganization\",\"@id\":\"https:\/\/dicodusport.fr\/blog\/#organization\",\"name\":\"Dicodusport\",\"url\":\"https:\/\/dicodusport.fr\/blog\/\",\"logo\":{\"@type\":\"ImageObject\",\"inLanguage\":\"fr-FR\",\"@id\":\"https:\/\/dicodusport.fr\/blog\/#\/schema\/logo\/image\/\",\"url\":\"https:\/\/dicodusport.fr\/blog\/wp-content\/uploads\/2020\/06\/cropped-LOGO-DICODUSPORT-2020-SANS-FOND-SANS-TEXTE.png\",\"contentUrl\":\"https:\/\/dicodusport.fr\/blog\/wp-content\/uploads\/2020\/06\/cropped-LOGO-DICODUSPORT-2020-SANS-FOND-SANS-TEXTE.png\",\"width\":512,\"height\":512,\"caption\":\"Dicodusport\"},\"image\":{\"@id\":\"https:\/\/dicodusport.fr\/blog\/#\/schema\/logo\/image\/\"},\"sameAs\":[\"https:\/\/www.facebook.com\/dicodusport\",\"https:\/\/x.com\/dicodusport\",\"https:\/\/www.instagram.com\/dicodusport\/\",\"https:\/\/www.youtube.com\/channel\/UC7V2KZ5sd3htJivAbA4ZG3w\"],\"description\":\"Dicodusport est l'encyclop\u00e9die de l'actualit\u00e9 sportive.\",\"email\":\"bonjour@dicodusport.fr\",\"legalName\":\"DICODUSPORT\",\"foundingDate\":\"2018-01-14\",\"vatID\":\"FR71834470973\",\"taxID\":\"83447097300043\",\"numberOfEmployees\":{\"@type\":\"QuantitativeValue\",\"minValue\":\"1\",\"maxValue\":\"10\"}},{\"@type\":\"Person\",\"@id\":\"https:\/\/dicodusport.fr\/blog\/#\/schema\/person\/cb02af4c173ce4a653b55e9baf388d4a\",\"name\":\"Flo Ostermann\",\"image\":{\"@type\":\"ImageObject\",\"inLanguage\":\"fr-FR\",\"@id\":\"https:\/\/dicodusport.fr\/blog\/#\/schema\/person\/image\/\",\"url\":\"https:\/\/dicodusport.fr\/blog\/wp-content\/uploads\/2021\/05\/Flo-Ostermann-150x150.jpg\",\"contentUrl\":\"https:\/\/dicodusport.fr\/blog\/wp-content\/uploads\/2021\/05\/Flo-Ostermann-150x150.jpg\",\"caption\":\"Flo Ostermann\"},\"description\":\"Journaliste\/R\u00e9dacteur depuis septembre 2015 - Mes premiers souvenirs dans le sport ? Les envol\u00e9es du Stade Toulousain et les duels Villeneuve-Schumacher et H\u00e4kkinen-Schumacher \u00e0 la fin des ann\u00e9es 90, la Coupe du monde de football en 1998, l\u2019exploit du XV de France face aux All Blacks en 1999, mais aussi Richard C\u0153ur de Lion qui vole sur les montagnes du Tour de France. Bien parti pour devenir professeur d\u2019EPS, les \u00e9v\u00e9nements de la vie (et la flemme d\u2019animer des s\u00e9ances de 3x500 m\u00e8tres toute ma vie) m\u2019ont conduit \u00e0 revoir mes plans. Me voil\u00e0 depuis fin 2017 sur Dicodusport, m\u00e9dia gr\u00e2ce (et pour) lequel je partage ma passion : le sport dans tous ses \u00e9tats. Le tout accompagn\u00e9 par les fous furieux et folles furieuses cit\u00e9s sur cette page !\",\"sameAs\":[\"https:\/\/www.facebook.com\/florent.ostermann\",\"https:\/\/x.com\/https:\/\/twitter.com\/FlOstermann\",\"admin\"],\"url\":\"https:\/\/dicodusport.fr\/blog\/author\/flo\/\"}]}<\/script>\n<!-- \/ Yoast SEO Premium plugin. -->","yoast_head_json":{"title":"Dopage : L'UCI suspend Miguel Angel Lopez","description":"CYCLISME SUR ROUTE 2023 - Ce mardi, l'UCI a suspendu le Colombien, Miguel Angel Lopez (Medellin-EPM), pour une dur\u00e9e ind\u00e9termin\u00e9e.","robots":{"index":"index","follow":"follow","max-snippet":"max-snippet:-1","max-image-preview":"max-image-preview:large","max-video-preview":"max-video-preview:-1"},"canonical":"https:\/\/dicodusport.fr\/blog\/dopage-luci-suspend-miguel-angel-lopez\/","og_locale":"fr_FR","og_type":"article","og_title":"Dopage : L'UCI suspend Miguel Angel Lopez","og_description":"CYCLISME SUR ROUTE 2023 - Ce mardi, l'UCI a suspendu le Colombien, Miguel Angel Lopez (Medellin-EPM), pour une dur\u00e9e ind\u00e9termin\u00e9e.","og_url":"https:\/\/dicodusport.fr\/blog\/dopage-luci-suspend-miguel-angel-lopez\/","og_site_name":"Dicodusport","article_publisher":"https:\/\/www.facebook.com\/dicodusport","article_author":"https:\/\/www.facebook.com\/florent.ostermann","article_published_time":"2023-07-25T16:07:19+00:00","article_modified_time":"2023-07-25T16:54:37+00:00","og_image":[{"width":800,"height":445,"url":"https:\/\/dicodusport.fr\/blog\/wp-content\/uploads\/2023\/07\/LUCI-suspend-Miguel-Angel-Lopez.png","type":"image\/png"}],"author":"Flo Ostermann","twitter_card":"summary_large_image","twitter_title":"Dopage : L'UCI suspend Miguel Angel Lopez","twitter_creator":"@https:\/\/twitter.com\/FlOstermann","twitter_site":"@dicodusport","schema":{"@context":"https:\/\/schema.org","@graph":[{"@type":"NewsArticle","@id":"https:\/\/dicodusport.fr\/blog\/dopage-luci-suspend-miguel-angel-lopez\/#article","isPartOf":{"@id":"https:\/\/dicodusport.fr\/blog\/dopage-luci-suspend-miguel-angel-lopez\/"},"author":{"name":"Flo Ostermann","@id":"https:\/\/dicodusport.fr\/blog\/#\/schema\/person\/cb02af4c173ce4a653b55e9baf388d4a"},"headline":"Dopage : L&rsquo;UCI suspend Miguel Angel Lopez","datePublished":"2023-07-25T16:07:19+00:00","dateModified":"2023-07-25T16:54:37+00:00","mainEntityOfPage":{"@id":"https:\/\/dicodusport.fr\/blog\/dopage-luci-suspend-miguel-angel-lopez\/"},"wordCount":267,"commentCount":0,"publisher":{"@id":"https:\/\/dicodusport.fr\/blog\/#organization"},"image":{"@id":"https:\/\/dicodusport.fr\/blog\/dopage-luci-suspend-miguel-angel-lopez\/#primaryimage"},"thumbnailUrl":"https:\/\/dicodusport.fr\/blog\/wp-content\/uploads\/2023\/07\/LUCI-suspend-Miguel-Angel-Lopez.png","keywords":["br\u00e8ve","Cyclisme sur route","dopage","Miguel Angel Lopez"],"articleSection":["Cyclisme sur route"],"inLanguage":"fr-FR","potentialAction":[{"@type":"CommentAction","name":"Comment","target":["https:\/\/dicodusport.fr\/blog\/dopage-luci-suspend-miguel-angel-lopez\/#respond"]}],"copyrightYear":"2023","copyrightHolder":{"@id":"https:\/\/dicodusport.fr\/blog\/#organization"}},{"@type":"WebPage","@id":"https:\/\/dicodusport.fr\/blog\/dopage-luci-suspend-miguel-angel-lopez\/","url":"https:\/\/dicodusport.fr\/blog\/dopage-luci-suspend-miguel-angel-lopez\/","name":"Dopage : L'UCI suspend Miguel Angel Lopez","isPartOf":{"@id":"https:\/\/dicodusport.fr\/blog\/#website"},"primaryImageOfPage":{"@id":"https:\/\/dicodusport.fr\/blog\/dopage-luci-suspend-miguel-angel-lopez\/#primaryimage"},"image":{"@id":"https:\/\/dicodusport.fr\/blog\/dopage-luci-suspend-miguel-angel-lopez\/#primaryimage"},"thumbnailUrl":"https:\/\/dicodusport.fr\/blog\/wp-content\/uploads\/2023\/07\/LUCI-suspend-Miguel-Angel-Lopez.png","datePublished":"2023-07-25T16:07:19+00:00","dateModified":"2023-07-25T16:54:37+00:00","description":"CYCLISME SUR ROUTE 2023 - Ce mardi, l'UCI a suspendu le Colombien, Miguel Angel Lopez (Medellin-EPM), pour une dur\u00e9e ind\u00e9termin\u00e9e.","breadcrumb":{"@id":"https:\/\/dicodusport.fr\/blog\/dopage-luci-suspend-miguel-angel-lopez\/#breadcrumb"},"inLanguage":"fr-FR","potentialAction":[{"@type":"ReadAction","target":["https:\/\/dicodusport.fr\/blog\/dopage-luci-suspend-miguel-angel-lopez\/"]}]},{"@type":"ImageObject","inLanguage":"fr-FR","@id":"https:\/\/dicodusport.fr\/blog\/dopage-luci-suspend-miguel-angel-lopez\/#primaryimage","url":"https:\/\/dicodusport.fr\/blog\/wp-content\/uploads\/2023\/07\/LUCI-suspend-Miguel-Angel-Lopez.png","contentUrl":"https:\/\/dicodusport.fr\/blog\/wp-content\/uploads\/2023\/07\/LUCI-suspend-Miguel-Angel-Lopez.png","width":800,"height":445,"caption":"L'UCI suspend Miguel Angel Lopez"},{"@type":"BreadcrumbList","@id":"https:\/\/dicodusport.fr\/blog\/dopage-luci-suspend-miguel-angel-lopez\/#breadcrumb","itemListElement":[{"@type":"ListItem","position":1,"name":"Accueil","item":"https:\/\/dicodusport.fr\/blog\/"},{"@type":"ListItem","position":2,"name":"Dopage : L&rsquo;UCI suspend Miguel Angel Lopez"}]},{"@type":"WebSite","@id":"https:\/\/dicodusport.fr\/blog\/#website","url":"https:\/\/dicodusport.fr\/blog\/","name":"Dicodusport","description":"L&#039;encyclop\u00e9die de l&#039;actualit\u00e9 sportive","publisher":{"@id":"https:\/\/dicodusport.fr\/blog\/#organization"},"potentialAction":[{"@type":"SearchAction","target":{"@type":"EntryPoint","urlTemplate":"https:\/\/dicodusport.fr\/blog\/?s={search_term_string}"},"query-input":{"@type":"PropertyValueSpecification","valueRequired":true,"valueName":"search_term_string"}}],"inLanguage":"fr-FR"},{"@type":"NewsMediaOrganization","@id":"https:\/\/dicodusport.fr\/blog\/#organization","name":"Dicodusport","url":"https:\/\/dicodusport.fr\/blog\/","logo":{"@type":"ImageObject","inLanguage":"fr-FR","@id":"https:\/\/dicodusport.fr\/blog\/#\/schema\/logo\/image\/","url":"https:\/\/dicodusport.fr\/blog\/wp-content\/uploads\/2020\/06\/cropped-LOGO-DICODUSPORT-2020-SANS-FOND-SANS-TEXTE.png","contentUrl":"https:\/\/dicodusport.fr\/blog\/wp-content\/uploads\/2020\/06\/cropped-LOGO-DICODUSPORT-2020-SANS-FOND-SANS-TEXTE.png","width":512,"height":512,"caption":"Dicodusport"},"image":{"@id":"https:\/\/dicodusport.fr\/blog\/#\/schema\/logo\/image\/"},"sameAs":["https:\/\/www.facebook.com\/dicodusport","https:\/\/x.com\/dicodusport","https:\/\/www.instagram.com\/dicodusport\/","https:\/\/www.youtube.com\/channel\/UC7V2KZ5sd3htJivAbA4ZG3w"],"description":"Dicodusport est l'encyclop\u00e9die de l'actualit\u00e9 sportive.","email":"bonjour@dicodusport.fr","legalName":"DICODUSPORT","foundingDate":"2018-01-14","vatID":"FR71834470973","taxID":"83447097300043","numberOfEmployees":{"@type":"QuantitativeValue","minValue":"1","maxValue":"10"}},{"@type":"Person","@id":"https:\/\/dicodusport.fr\/blog\/#\/schema\/person\/cb02af4c173ce4a653b55e9baf388d4a","name":"Flo Ostermann","image":{"@type":"ImageObject","inLanguage":"fr-FR","@id":"https:\/\/dicodusport.fr\/blog\/#\/schema\/person\/image\/","url":"https:\/\/dicodusport.fr\/blog\/wp-content\/uploads\/2021\/05\/Flo-Ostermann-150x150.jpg","contentUrl":"https:\/\/dicodusport.fr\/blog\/wp-content\/uploads\/2021\/05\/Flo-Ostermann-150x150.jpg","caption":"Flo Ostermann"},"description":"Journaliste\/R\u00e9dacteur depuis septembre 2015 - Mes premiers souvenirs dans le sport ? Les envol\u00e9es du Stade Toulousain et les duels Villeneuve-Schumacher et H\u00e4kkinen-Schumacher \u00e0 la fin des ann\u00e9es 90, la Coupe du monde de football en 1998, l\u2019exploit du XV de France face aux All Blacks en 1999, mais aussi Richard C\u0153ur de Lion qui vole sur les montagnes du Tour de France. Bien parti pour devenir professeur d\u2019EPS, les \u00e9v\u00e9nements de la vie (et la flemme d\u2019animer des s\u00e9ances de 3x500 m\u00e8tres toute ma vie) m\u2019ont conduit \u00e0 revoir mes plans. Me voil\u00e0 depuis fin 2017 sur Dicodusport, m\u00e9dia gr\u00e2ce (et pour) lequel je partage ma passion : le sport dans tous ses \u00e9tats. Le tout accompagn\u00e9 par les fous furieux et folles furieuses cit\u00e9s sur cette page !","sameAs":["https:\/\/www.facebook.com\/florent.ostermann","https:\/\/x.com\/https:\/\/twitter.com\/FlOstermann","admin"],"url":"https:\/\/dicodusport.fr\/blog\/author\/flo\/"}]}},"_links":{"self":[{"href":"https:\/\/dicodusport.fr\/blog\/wp-json\/wp\/v2\/posts\/403088","targetHints":{"allow":["GET"]}}],"collection":[{"href":"https:\/\/dicodusport.fr\/blog\/wp-json\/wp\/v2\/posts"}],"about":[{"href":"https:\/\/dicodusport.fr\/blog\/wp-json\/wp\/v2\/types\/post"}],"author":[{"embeddable":true,"href":"https:\/\/dicodusport.fr\/blog\/wp-json\/wp\/v2\/users\/4"}],"replies":[{"embeddable":true,"href":"https:\/\/dicodusport.fr\/blog\/wp-json\/wp\/v2\/comments?post=403088"}],"version-history":[{"count":0,"href":"https:\/\/dicodusport.fr\/blog\/wp-json\/wp\/v2\/posts\/403088\/revisions"}],"wp:featuredmedia":[{"embeddable":true,"href":"https:\/\/dicodusport.fr\/blog\/wp-json\/wp\/v2\/media\/403090"}],"wp:attachment":[{"href":"https:\/\/dicodusport.fr\/blog\/wp-json\/wp\/v2\/media?parent=403088"}],"wp:term":[{"taxonomy":"category","embeddable":true,"href":"https:\/\/dicodusport.fr\/blog\/wp-json\/wp\/v2\/categories?post=403088"},{"taxonomy":"post_tag","embeddable":true,"href":"https:\/\/dicodusport.fr\/blog\/wp-json\/wp\/v2\/tags?post=403088"}],"curies":[{"name":"wp","href":"https:\/\/api.w.org\/{rel}","templated":true}]}}