{"id":40310,"date":"2019-05-31T10:10:48","date_gmt":"2019-05-31T08:10:48","guid":{"rendered":"http:\/\/dicodusport.fr\/blog\/?p=40310"},"modified":"2019-05-31T10:14:36","modified_gmt":"2019-05-31T08:14:36","slug":"roland-garros-2019-les-francais-au-programme-ce-vendredi","status":"publish","type":"post","link":"https:\/\/dicodusport.fr\/blog\/roland-garros-2019-les-francais-au-programme-ce-vendredi\/","title":{"rendered":"Roland-Garros 2019 : les Fran\u00e7ais au programme ce vendredi"},"content":{"rendered":"<p style=\"text-align: justify;\"><strong><a style=\"font-style: italic;\" href=\"https:\/\/www.rolandgarros.com\/fr-fr\/order-of-play\" target=\"_blank\" rel=\"noopener\">Roland-Garros<\/a><i> &#8211; Sixi\u00e8me \u00e0 la Porte d&rsquo;Auteuil et suite du second tour pour les simples hommes et femmes. D\u00e9but du troisi\u00e8me tour dans le tableau hommes et suite des diff\u00e9rents doubles. 17 Bleu(e)s seront sur les courts ce vendredi.\u00a0<\/i><\/strong><strong><i>Le programme :\u00a0<\/i><br \/>\n<\/strong><\/p>\n<h1 style=\"text-align: justify;\"><a href=\"https:\/\/www.rolandgarros.com\/fr-fr\/results\/SM\/1\" target=\"_blank\" rel=\"noopener\">Tableau hommes<\/a><\/h1>\n<h2 style=\"text-align: justify;\">2\u00e8me tour<\/h2>\n<p style=\"text-align: justify;\"><strong>12h35 : &#8211; Court Philippe-Chatrier :<\/strong>\u00a0&#x1f1f8;&#x1f1f0; M. Klizan &#8211; L. Pouille &#x1f1eb;&#x1f1f7; (7-6, 2-6, 6-3, 3-1)<\/p>\n<h2 style=\"text-align: justify;\">3\u00e8me tour<\/h2>\n<p style=\"text-align: justify;\"><strong>12h15 : &#8211; Court Simonne-Mathieu :<\/strong>\u00a0&#x1f1ea;&#x1f1f8;\u00a0Pablo Carre\u00f1o Busta &#8211; Beno\u00eet Paire &#x1f1eb;&#x1f1f7;<\/p>\n<p style=\"text-align: justify;\"><strong>13h35 : &#8211; Court N\u00b014 :<\/strong> &#x1f1e6;&#x1f1f7; J.I. Londero &#8211; C. Moutet &#x1f1eb;&#x1f1f7;<\/p>\n<p style=\"text-align: justify;\"><strong>14h15 : &#8211; Court Simonne-Mathieu :<\/strong> &#x1f1eb;&#x1f1f7; N. Mahut (WC) &#8211; L. Mayer &#x1f1e6;&#x1f1f7;<\/p>\n<h1 style=\"text-align: justify;\"><a href=\"https:\/\/www.rolandgarros.com\/fr-fr\/results\/DM\/1\" target=\"_blank\" rel=\"noopener\">Double messieurs<\/a><\/h1>\n<h2 style=\"text-align: justify;\">1er tour<\/h2>\n<p style=\"text-align: justify;\"><strong>14h20 &#8211; Court N\u00b01 :<\/strong>\u00a0&#x1f1e6;&#x1f1fa; A. De Minaur\/D. Vega Hernandez &#x1f1ea;&#x1f1f8; <strong>&#8211;<\/strong> &#x1f1eb;&#x1f1f7; G. Barr\u00e8re\/Q. Halys &#x1f1eb;&#x1f1f7;<\/p>\n<p style=\"text-align: justify;\"><strong>15h40 &#8211; Court N\u00b07 :<\/strong> &#x1f1ee;&#x1f1f3; L. Paes\/B. Paire\u00a0&#x1f1eb;&#x1f1f7; <strong>&#8211;<\/strong>\u00a0 <img loading=\"lazy\" decoding=\"async\" class=\"irc_mi\" src=\"https:\/\/images-na.ssl-images-amazon.com\/images\/I\/51dJGBtZMlL._SX679_.jpg\" alt=\"R\u00e9sultat de recherche d'images pour &quot;drapeau grande bretagne&quot;\" width=\"20\" height=\"10\" data-iml=\"1559240896544\" \/> D. Inglot\/M. Klizan &#x1f1f8;&#x1f1f0;<\/p>\n<h2 style=\"text-align: justify;\">2\u00e8me tour<\/h2>\n<p style=\"text-align: justify;\"><strong>11h00 &#8211; Court N\u00b01 :<\/strong> &#x1f1f3;&#x1f1f1; M. Middelkoop\/T. Puetz\u00a0&#x1f1e9;&#x1f1ea; <strong>&#8211;<\/strong> &#x1f1eb;&#x1f1f7; J. Chardy\/F. Martin &#x1f1eb;&#x1f1f7;<\/p>\n<p style=\"text-align: justify;\"><strong>11h00 &#8211; Court N\u00b014 :<\/strong> &#x1f1fa;&#x1f1f8; R. Ram\/J.Salisbury\u00a0<img loading=\"lazy\" decoding=\"async\" class=\"irc_mi\" src=\"https:\/\/images-na.ssl-images-amazon.com\/images\/I\/51dJGBtZMlL._SX679_.jpg\" alt=\"R\u00e9sultat de recherche d'images pour &quot;drapeau grande bretagne&quot;\" width=\"22\" height=\"11\" data-iml=\"1559240896544\" \/> (11) <strong>&#8211;<\/strong> &#x1f1eb;&#x1f1f7; E. Couacaud\/T. Lamasine &#x1f1eb;&#x1f1f7;<\/p>\n<p style=\"text-align: justify;\"><strong>13h35 &#8211; Court N\u00b06 :<\/strong>\u00a0&#x1f1ee;&#x1f1f3; R. Bopanna\/M. Copil\u00a0&#x1f1f7;&#x1f1f4; <strong>&#8211;<\/strong> &#x1f1eb;&#x1f1f7; B. Bonzi\/A. Hoang &#x1f1eb;&#x1f1f7;<\/p>\n<p style=\"text-align: justify;\"><strong>14h20 &#8211; Court N\u00b07 :<\/strong>\u00a0&#x1f1eb;&#x1f1f7; E. Benchetrit\/G. Blancaneaux\u00a0&#x1f1eb;&#x1f1f7; <strong>&#8211;<\/strong>\u00a0 &#x1f1e6;&#x1f1f9; A. Guarachi\/T. Zidansek &#x1f1ed;&#x1f1f7; (4)<\/p>\n<h1 style=\"text-align: justify;\"><\/h1>\n<h1 style=\"text-align: justify;\"><a href=\"https:\/\/www.rolandgarros.com\/fr-fr\/results\/MX\/1\">Double mixte<\/a><\/h1>\n<h2 style=\"text-align: justify;\">1er tour<\/h2>\n<p style=\"text-align: justify;\"><strong>15h05 &#8211; Court N\u00b012 :<\/strong>\u00a0&#x1f1ed;&#x1f1fa; T. Babos\/M. Fucsovics &#x1f1ed;&#x1f1fa; <strong>&#8211;<\/strong> &#x1f1eb;&#x1f1f7; M. Arcangioli\/T. Lamasine &#x1f1eb;&#x1f1f7;<\/p>\n<p><em><strong>Romain Delanis<br \/>\n<\/strong><\/em><em><strong><a href=\"https:\/\/twitter.com\/RDelanis\" target=\"_blank\" rel=\"noopener noreferrer\"><img loading=\"lazy\" decoding=\"async\" class=\"alignnone wp-image-2908\" src=\"http:\/\/dicodusport.fr\/blog\/wp-content\/uploads\/2017\/07\/logo-twitter-150x150.png\" alt=\"\" width=\"39\" height=\"39\" \/><\/a><\/strong><\/em><\/p>\n<p>&nbsp;<\/p>\n","protected":false},"excerpt":{"rendered":"<p>Roland-Garros &#8211; Sixi\u00e8me journ\u00e9e \u00e0 la Porte d&rsquo;Auteuil ce vendredi avec au menu, le troisi\u00e8me tour masculin et la suites des tournois en doubles.<\/p>\n","protected":false},"author":4,"featured_media":40321,"comment_status":"open","ping_status":"closed","sticky":false,"template":"","format":"standard","meta":{"_acf_changed":false,"_daextam_enable_autolinks":"","footnotes":""},"categories":[2,2365,2302],"tags":[7972,2544],"class_list":["post-40310","post","type-post","status-publish","format-standard","has-post-thumbnail","hentry","category-actualites","category-sports-de-raquette","category-tennis","tag-francais-roland-garros","tag-lucas-pouille"],"acf":[],"yoast_head":"<!-- This site is optimized with the Yoast SEO Premium plugin v26.7 (Yoast SEO v26.7) - https:\/\/yoast.com\/wordpress\/plugins\/seo\/ -->\n<title>Roland-Garros 2019 : les Fran\u00e7ais au programme ce vendredi<\/title>\n<meta name=\"description\" content=\"Roland-Garros - Sixi\u00e8me journ\u00e9e \u00e0 la Porte d&#039;Auteuil ce vendredi avec au menu, le troisi\u00e8me tour masculin et la suites des tournois en doubles.\" \/>\n<meta name=\"robots\" content=\"index, follow, max-snippet:-1, max-image-preview:large, max-video-preview:-1\" \/>\n<link rel=\"canonical\" href=\"https:\/\/dicodusport.fr\/blog\/roland-garros-2019-les-francais-au-programme-ce-vendredi\/\" \/>\n<meta property=\"og:locale\" content=\"fr_FR\" \/>\n<meta property=\"og:type\" content=\"article\" \/>\n<meta property=\"og:title\" content=\"Roland-Garros 2019 : les Fran\u00e7ais(es) au programme ce vendredi\" \/>\n<meta property=\"og:description\" content=\"Roland-Garros - Sixi\u00e8me journ\u00e9e \u00e0 la Porte d&#039;Auteuil ce vendredi avec au menu, le troisi\u00e8me tour masculin et la suites des tournois en doubles.\" \/>\n<meta property=\"og:url\" content=\"https:\/\/dicodusport.fr\/blog\/roland-garros-2019-les-francais-au-programme-ce-vendredi\/\" \/>\n<meta property=\"og:site_name\" content=\"Dicodusport\" \/>\n<meta property=\"article:publisher\" content=\"https:\/\/www.facebook.com\/dicodusport\" \/>\n<meta property=\"article:author\" content=\"https:\/\/www.facebook.com\/florent.ostermann\" \/>\n<meta property=\"article:published_time\" content=\"2019-05-31T08:10:48+00:00\" \/>\n<meta property=\"article:modified_time\" content=\"2019-05-31T08:14:36+00:00\" \/>\n<meta property=\"og:image\" content=\"https:\/\/dicodusport.fr\/blog\/wp-content\/uploads\/2019\/05\/Corentin-Moutet.png\" \/>\n\t<meta property=\"og:image:width\" content=\"800\" \/>\n\t<meta property=\"og:image:height\" content=\"445\" \/>\n\t<meta property=\"og:image:type\" content=\"image\/png\" \/>\n<meta name=\"author\" content=\"Flo Ostermann\" \/>\n<meta name=\"twitter:card\" content=\"summary_large_image\" \/>\n<meta name=\"twitter:title\" content=\"Roland-Garros 2019 : les Fran\u00e7ais(es) au programme ce vendredi\" \/>\n<meta name=\"twitter:creator\" content=\"@https:\/\/twitter.com\/FlOstermann\" \/>\n<meta name=\"twitter:site\" content=\"@dicodusport\" \/>\n<script type=\"application\/ld+json\" class=\"yoast-schema-graph\">{\"@context\":\"https:\/\/schema.org\",\"@graph\":[{\"@type\":\"NewsArticle\",\"@id\":\"https:\/\/dicodusport.fr\/blog\/roland-garros-2019-les-francais-au-programme-ce-vendredi\/#article\",\"isPartOf\":{\"@id\":\"https:\/\/dicodusport.fr\/blog\/roland-garros-2019-les-francais-au-programme-ce-vendredi\/\"},\"author\":{\"name\":\"Flo Ostermann\",\"@id\":\"https:\/\/dicodusport.fr\/blog\/#\/schema\/person\/cb02af4c173ce4a653b55e9baf388d4a\"},\"headline\":\"Roland-Garros 2019 : les Fran\u00e7ais au programme ce vendredi\",\"datePublished\":\"2019-05-31T08:10:48+00:00\",\"dateModified\":\"2019-05-31T08:14:36+00:00\",\"mainEntityOfPage\":{\"@id\":\"https:\/\/dicodusport.fr\/blog\/roland-garros-2019-les-francais-au-programme-ce-vendredi\/\"},\"wordCount\":416,\"commentCount\":0,\"publisher\":{\"@id\":\"https:\/\/dicodusport.fr\/blog\/#organization\"},\"image\":{\"@id\":\"https:\/\/dicodusport.fr\/blog\/roland-garros-2019-les-francais-au-programme-ce-vendredi\/#primaryimage\"},\"thumbnailUrl\":\"https:\/\/dicodusport.fr\/blog\/wp-content\/uploads\/2019\/05\/Corentin-Moutet.png\",\"keywords\":[\"Fran\u00e7ais Roland-Garros\",\"Lucas Pouille\"],\"articleSection\":[\"Actualit\u00e9s\",\"Sports de raquette\",\"Tennis\"],\"inLanguage\":\"fr-FR\",\"potentialAction\":[{\"@type\":\"CommentAction\",\"name\":\"Comment\",\"target\":[\"https:\/\/dicodusport.fr\/blog\/roland-garros-2019-les-francais-au-programme-ce-vendredi\/#respond\"]}],\"copyrightYear\":\"2019\",\"copyrightHolder\":{\"@id\":\"https:\/\/dicodusport.fr\/blog\/#organization\"}},{\"@type\":\"WebPage\",\"@id\":\"https:\/\/dicodusport.fr\/blog\/roland-garros-2019-les-francais-au-programme-ce-vendredi\/\",\"url\":\"https:\/\/dicodusport.fr\/blog\/roland-garros-2019-les-francais-au-programme-ce-vendredi\/\",\"name\":\"Roland-Garros 2019 : les Fran\u00e7ais au programme ce vendredi\",\"isPartOf\":{\"@id\":\"https:\/\/dicodusport.fr\/blog\/#website\"},\"primaryImageOfPage\":{\"@id\":\"https:\/\/dicodusport.fr\/blog\/roland-garros-2019-les-francais-au-programme-ce-vendredi\/#primaryimage\"},\"image\":{\"@id\":\"https:\/\/dicodusport.fr\/blog\/roland-garros-2019-les-francais-au-programme-ce-vendredi\/#primaryimage\"},\"thumbnailUrl\":\"https:\/\/dicodusport.fr\/blog\/wp-content\/uploads\/2019\/05\/Corentin-Moutet.png\",\"datePublished\":\"2019-05-31T08:10:48+00:00\",\"dateModified\":\"2019-05-31T08:14:36+00:00\",\"description\":\"Roland-Garros - Sixi\u00e8me journ\u00e9e \u00e0 la Porte d'Auteuil ce vendredi avec au menu, le troisi\u00e8me tour masculin et la suites des tournois en doubles.\",\"breadcrumb\":{\"@id\":\"https:\/\/dicodusport.fr\/blog\/roland-garros-2019-les-francais-au-programme-ce-vendredi\/#breadcrumb\"},\"inLanguage\":\"fr-FR\",\"potentialAction\":[{\"@type\":\"ReadAction\",\"target\":[\"https:\/\/dicodusport.fr\/blog\/roland-garros-2019-les-francais-au-programme-ce-vendredi\/\"]}]},{\"@type\":\"ImageObject\",\"inLanguage\":\"fr-FR\",\"@id\":\"https:\/\/dicodusport.fr\/blog\/roland-garros-2019-les-francais-au-programme-ce-vendredi\/#primaryimage\",\"url\":\"https:\/\/dicodusport.fr\/blog\/wp-content\/uploads\/2019\/05\/Corentin-Moutet.png\",\"contentUrl\":\"https:\/\/dicodusport.fr\/blog\/wp-content\/uploads\/2019\/05\/Corentin-Moutet.png\",\"width\":800,\"height\":445},{\"@type\":\"BreadcrumbList\",\"@id\":\"https:\/\/dicodusport.fr\/blog\/roland-garros-2019-les-francais-au-programme-ce-vendredi\/#breadcrumb\",\"itemListElement\":[{\"@type\":\"ListItem\",\"position\":1,\"name\":\"Accueil\",\"item\":\"https:\/\/dicodusport.fr\/blog\/\"},{\"@type\":\"ListItem\",\"position\":2,\"name\":\"Roland-Garros 2019 : les Fran\u00e7ais au programme ce vendredi\"}]},{\"@type\":\"WebSite\",\"@id\":\"https:\/\/dicodusport.fr\/blog\/#website\",\"url\":\"https:\/\/dicodusport.fr\/blog\/\",\"name\":\"Dicodusport\",\"description\":\"L&#039;encyclop\u00e9die de l&#039;actualit\u00e9 sportive\",\"publisher\":{\"@id\":\"https:\/\/dicodusport.fr\/blog\/#organization\"},\"potentialAction\":[{\"@type\":\"SearchAction\",\"target\":{\"@type\":\"EntryPoint\",\"urlTemplate\":\"https:\/\/dicodusport.fr\/blog\/?s={search_term_string}\"},\"query-input\":{\"@type\":\"PropertyValueSpecification\",\"valueRequired\":true,\"valueName\":\"search_term_string\"}}],\"inLanguage\":\"fr-FR\"},{\"@type\":\"NewsMediaOrganization\",\"@id\":\"https:\/\/dicodusport.fr\/blog\/#organization\",\"name\":\"Dicodusport\",\"url\":\"https:\/\/dicodusport.fr\/blog\/\",\"logo\":{\"@type\":\"ImageObject\",\"inLanguage\":\"fr-FR\",\"@id\":\"https:\/\/dicodusport.fr\/blog\/#\/schema\/logo\/image\/\",\"url\":\"https:\/\/dicodusport.fr\/blog\/wp-content\/uploads\/2020\/06\/cropped-LOGO-DICODUSPORT-2020-SANS-FOND-SANS-TEXTE.png\",\"contentUrl\":\"https:\/\/dicodusport.fr\/blog\/wp-content\/uploads\/2020\/06\/cropped-LOGO-DICODUSPORT-2020-SANS-FOND-SANS-TEXTE.png\",\"width\":512,\"height\":512,\"caption\":\"Dicodusport\"},\"image\":{\"@id\":\"https:\/\/dicodusport.fr\/blog\/#\/schema\/logo\/image\/\"},\"sameAs\":[\"https:\/\/www.facebook.com\/dicodusport\",\"https:\/\/x.com\/dicodusport\",\"https:\/\/www.instagram.com\/dicodusport\/\",\"https:\/\/www.youtube.com\/channel\/UC7V2KZ5sd3htJivAbA4ZG3w\"],\"description\":\"Dicodusport est l'encyclop\u00e9die de l'actualit\u00e9 sportive.\",\"email\":\"bonjour@dicodusport.fr\",\"legalName\":\"DICODUSPORT\",\"foundingDate\":\"2018-01-14\",\"vatID\":\"FR71834470973\",\"taxID\":\"83447097300043\",\"numberOfEmployees\":{\"@type\":\"QuantitativeValue\",\"minValue\":\"1\",\"maxValue\":\"10\"}},{\"@type\":\"Person\",\"@id\":\"https:\/\/dicodusport.fr\/blog\/#\/schema\/person\/cb02af4c173ce4a653b55e9baf388d4a\",\"name\":\"Flo Ostermann\",\"image\":{\"@type\":\"ImageObject\",\"inLanguage\":\"fr-FR\",\"@id\":\"https:\/\/dicodusport.fr\/blog\/#\/schema\/person\/image\/\",\"url\":\"https:\/\/dicodusport.fr\/blog\/wp-content\/uploads\/2021\/05\/Flo-Ostermann-150x150.jpg\",\"contentUrl\":\"https:\/\/dicodusport.fr\/blog\/wp-content\/uploads\/2021\/05\/Flo-Ostermann-150x150.jpg\",\"caption\":\"Flo Ostermann\"},\"description\":\"Journaliste\/R\u00e9dacteur depuis septembre 2015 - Mes premiers souvenirs dans le sport ? Les envol\u00e9es du Stade Toulousain et les duels Villeneuve-Schumacher et H\u00e4kkinen-Schumacher \u00e0 la fin des ann\u00e9es 90, la Coupe du monde de football en 1998, l\u2019exploit du XV de France face aux All Blacks en 1999, mais aussi Richard C\u0153ur de Lion qui vole sur les montagnes du Tour de France. Bien parti pour devenir professeur d\u2019EPS, les \u00e9v\u00e9nements de la vie (et la flemme d\u2019animer des s\u00e9ances de 3x500 m\u00e8tres toute ma vie) m\u2019ont conduit \u00e0 revoir mes plans. Me voil\u00e0 depuis fin 2017 sur Dicodusport, m\u00e9dia gr\u00e2ce (et pour) lequel je partage ma passion : le sport dans tous ses \u00e9tats. Le tout accompagn\u00e9 par les fous furieux et folles furieuses cit\u00e9s sur cette page !\",\"sameAs\":[\"https:\/\/www.facebook.com\/florent.ostermann\",\"https:\/\/x.com\/https:\/\/twitter.com\/FlOstermann\",\"admin\"],\"url\":\"https:\/\/dicodusport.fr\/blog\/author\/flo\/\"}]}<\/script>\n<!-- \/ Yoast SEO Premium plugin. -->","yoast_head_json":{"title":"Roland-Garros 2019 : les Fran\u00e7ais au programme ce vendredi","description":"Roland-Garros - Sixi\u00e8me journ\u00e9e \u00e0 la Porte d'Auteuil ce vendredi avec au menu, le troisi\u00e8me tour masculin et la suites des tournois en doubles.","robots":{"index":"index","follow":"follow","max-snippet":"max-snippet:-1","max-image-preview":"max-image-preview:large","max-video-preview":"max-video-preview:-1"},"canonical":"https:\/\/dicodusport.fr\/blog\/roland-garros-2019-les-francais-au-programme-ce-vendredi\/","og_locale":"fr_FR","og_type":"article","og_title":"Roland-Garros 2019 : les Fran\u00e7ais(es) au programme ce vendredi","og_description":"Roland-Garros - Sixi\u00e8me journ\u00e9e \u00e0 la Porte d'Auteuil ce vendredi avec au menu, le troisi\u00e8me tour masculin et la suites des tournois en doubles.","og_url":"https:\/\/dicodusport.fr\/blog\/roland-garros-2019-les-francais-au-programme-ce-vendredi\/","og_site_name":"Dicodusport","article_publisher":"https:\/\/www.facebook.com\/dicodusport","article_author":"https:\/\/www.facebook.com\/florent.ostermann","article_published_time":"2019-05-31T08:10:48+00:00","article_modified_time":"2019-05-31T08:14:36+00:00","og_image":[{"width":800,"height":445,"url":"https:\/\/dicodusport.fr\/blog\/wp-content\/uploads\/2019\/05\/Corentin-Moutet.png","type":"image\/png"}],"author":"Flo Ostermann","twitter_card":"summary_large_image","twitter_title":"Roland-Garros 2019 : les Fran\u00e7ais(es) au programme ce vendredi","twitter_creator":"@https:\/\/twitter.com\/FlOstermann","twitter_site":"@dicodusport","schema":{"@context":"https:\/\/schema.org","@graph":[{"@type":"NewsArticle","@id":"https:\/\/dicodusport.fr\/blog\/roland-garros-2019-les-francais-au-programme-ce-vendredi\/#article","isPartOf":{"@id":"https:\/\/dicodusport.fr\/blog\/roland-garros-2019-les-francais-au-programme-ce-vendredi\/"},"author":{"name":"Flo Ostermann","@id":"https:\/\/dicodusport.fr\/blog\/#\/schema\/person\/cb02af4c173ce4a653b55e9baf388d4a"},"headline":"Roland-Garros 2019 : les Fran\u00e7ais au programme ce vendredi","datePublished":"2019-05-31T08:10:48+00:00","dateModified":"2019-05-31T08:14:36+00:00","mainEntityOfPage":{"@id":"https:\/\/dicodusport.fr\/blog\/roland-garros-2019-les-francais-au-programme-ce-vendredi\/"},"wordCount":416,"commentCount":0,"publisher":{"@id":"https:\/\/dicodusport.fr\/blog\/#organization"},"image":{"@id":"https:\/\/dicodusport.fr\/blog\/roland-garros-2019-les-francais-au-programme-ce-vendredi\/#primaryimage"},"thumbnailUrl":"https:\/\/dicodusport.fr\/blog\/wp-content\/uploads\/2019\/05\/Corentin-Moutet.png","keywords":["Fran\u00e7ais Roland-Garros","Lucas Pouille"],"articleSection":["Actualit\u00e9s","Sports de raquette","Tennis"],"inLanguage":"fr-FR","potentialAction":[{"@type":"CommentAction","name":"Comment","target":["https:\/\/dicodusport.fr\/blog\/roland-garros-2019-les-francais-au-programme-ce-vendredi\/#respond"]}],"copyrightYear":"2019","copyrightHolder":{"@id":"https:\/\/dicodusport.fr\/blog\/#organization"}},{"@type":"WebPage","@id":"https:\/\/dicodusport.fr\/blog\/roland-garros-2019-les-francais-au-programme-ce-vendredi\/","url":"https:\/\/dicodusport.fr\/blog\/roland-garros-2019-les-francais-au-programme-ce-vendredi\/","name":"Roland-Garros 2019 : les Fran\u00e7ais au programme ce vendredi","isPartOf":{"@id":"https:\/\/dicodusport.fr\/blog\/#website"},"primaryImageOfPage":{"@id":"https:\/\/dicodusport.fr\/blog\/roland-garros-2019-les-francais-au-programme-ce-vendredi\/#primaryimage"},"image":{"@id":"https:\/\/dicodusport.fr\/blog\/roland-garros-2019-les-francais-au-programme-ce-vendredi\/#primaryimage"},"thumbnailUrl":"https:\/\/dicodusport.fr\/blog\/wp-content\/uploads\/2019\/05\/Corentin-Moutet.png","datePublished":"2019-05-31T08:10:48+00:00","dateModified":"2019-05-31T08:14:36+00:00","description":"Roland-Garros - Sixi\u00e8me journ\u00e9e \u00e0 la Porte d'Auteuil ce vendredi avec au menu, le troisi\u00e8me tour masculin et la suites des tournois en doubles.","breadcrumb":{"@id":"https:\/\/dicodusport.fr\/blog\/roland-garros-2019-les-francais-au-programme-ce-vendredi\/#breadcrumb"},"inLanguage":"fr-FR","potentialAction":[{"@type":"ReadAction","target":["https:\/\/dicodusport.fr\/blog\/roland-garros-2019-les-francais-au-programme-ce-vendredi\/"]}]},{"@type":"ImageObject","inLanguage":"fr-FR","@id":"https:\/\/dicodusport.fr\/blog\/roland-garros-2019-les-francais-au-programme-ce-vendredi\/#primaryimage","url":"https:\/\/dicodusport.fr\/blog\/wp-content\/uploads\/2019\/05\/Corentin-Moutet.png","contentUrl":"https:\/\/dicodusport.fr\/blog\/wp-content\/uploads\/2019\/05\/Corentin-Moutet.png","width":800,"height":445},{"@type":"BreadcrumbList","@id":"https:\/\/dicodusport.fr\/blog\/roland-garros-2019-les-francais-au-programme-ce-vendredi\/#breadcrumb","itemListElement":[{"@type":"ListItem","position":1,"name":"Accueil","item":"https:\/\/dicodusport.fr\/blog\/"},{"@type":"ListItem","position":2,"name":"Roland-Garros 2019 : les Fran\u00e7ais au programme ce vendredi"}]},{"@type":"WebSite","@id":"https:\/\/dicodusport.fr\/blog\/#website","url":"https:\/\/dicodusport.fr\/blog\/","name":"Dicodusport","description":"L&#039;encyclop\u00e9die de l&#039;actualit\u00e9 sportive","publisher":{"@id":"https:\/\/dicodusport.fr\/blog\/#organization"},"potentialAction":[{"@type":"SearchAction","target":{"@type":"EntryPoint","urlTemplate":"https:\/\/dicodusport.fr\/blog\/?s={search_term_string}"},"query-input":{"@type":"PropertyValueSpecification","valueRequired":true,"valueName":"search_term_string"}}],"inLanguage":"fr-FR"},{"@type":"NewsMediaOrganization","@id":"https:\/\/dicodusport.fr\/blog\/#organization","name":"Dicodusport","url":"https:\/\/dicodusport.fr\/blog\/","logo":{"@type":"ImageObject","inLanguage":"fr-FR","@id":"https:\/\/dicodusport.fr\/blog\/#\/schema\/logo\/image\/","url":"https:\/\/dicodusport.fr\/blog\/wp-content\/uploads\/2020\/06\/cropped-LOGO-DICODUSPORT-2020-SANS-FOND-SANS-TEXTE.png","contentUrl":"https:\/\/dicodusport.fr\/blog\/wp-content\/uploads\/2020\/06\/cropped-LOGO-DICODUSPORT-2020-SANS-FOND-SANS-TEXTE.png","width":512,"height":512,"caption":"Dicodusport"},"image":{"@id":"https:\/\/dicodusport.fr\/blog\/#\/schema\/logo\/image\/"},"sameAs":["https:\/\/www.facebook.com\/dicodusport","https:\/\/x.com\/dicodusport","https:\/\/www.instagram.com\/dicodusport\/","https:\/\/www.youtube.com\/channel\/UC7V2KZ5sd3htJivAbA4ZG3w"],"description":"Dicodusport est l'encyclop\u00e9die de l'actualit\u00e9 sportive.","email":"bonjour@dicodusport.fr","legalName":"DICODUSPORT","foundingDate":"2018-01-14","vatID":"FR71834470973","taxID":"83447097300043","numberOfEmployees":{"@type":"QuantitativeValue","minValue":"1","maxValue":"10"}},{"@type":"Person","@id":"https:\/\/dicodusport.fr\/blog\/#\/schema\/person\/cb02af4c173ce4a653b55e9baf388d4a","name":"Flo Ostermann","image":{"@type":"ImageObject","inLanguage":"fr-FR","@id":"https:\/\/dicodusport.fr\/blog\/#\/schema\/person\/image\/","url":"https:\/\/dicodusport.fr\/blog\/wp-content\/uploads\/2021\/05\/Flo-Ostermann-150x150.jpg","contentUrl":"https:\/\/dicodusport.fr\/blog\/wp-content\/uploads\/2021\/05\/Flo-Ostermann-150x150.jpg","caption":"Flo Ostermann"},"description":"Journaliste\/R\u00e9dacteur depuis septembre 2015 - Mes premiers souvenirs dans le sport ? Les envol\u00e9es du Stade Toulousain et les duels Villeneuve-Schumacher et H\u00e4kkinen-Schumacher \u00e0 la fin des ann\u00e9es 90, la Coupe du monde de football en 1998, l\u2019exploit du XV de France face aux All Blacks en 1999, mais aussi Richard C\u0153ur de Lion qui vole sur les montagnes du Tour de France. Bien parti pour devenir professeur d\u2019EPS, les \u00e9v\u00e9nements de la vie (et la flemme d\u2019animer des s\u00e9ances de 3x500 m\u00e8tres toute ma vie) m\u2019ont conduit \u00e0 revoir mes plans. Me voil\u00e0 depuis fin 2017 sur Dicodusport, m\u00e9dia gr\u00e2ce (et pour) lequel je partage ma passion : le sport dans tous ses \u00e9tats. Le tout accompagn\u00e9 par les fous furieux et folles furieuses cit\u00e9s sur cette page !","sameAs":["https:\/\/www.facebook.com\/florent.ostermann","https:\/\/x.com\/https:\/\/twitter.com\/FlOstermann","admin"],"url":"https:\/\/dicodusport.fr\/blog\/author\/flo\/"}]}},"_links":{"self":[{"href":"https:\/\/dicodusport.fr\/blog\/wp-json\/wp\/v2\/posts\/40310","targetHints":{"allow":["GET"]}}],"collection":[{"href":"https:\/\/dicodusport.fr\/blog\/wp-json\/wp\/v2\/posts"}],"about":[{"href":"https:\/\/dicodusport.fr\/blog\/wp-json\/wp\/v2\/types\/post"}],"author":[{"embeddable":true,"href":"https:\/\/dicodusport.fr\/blog\/wp-json\/wp\/v2\/users\/4"}],"replies":[{"embeddable":true,"href":"https:\/\/dicodusport.fr\/blog\/wp-json\/wp\/v2\/comments?post=40310"}],"version-history":[{"count":0,"href":"https:\/\/dicodusport.fr\/blog\/wp-json\/wp\/v2\/posts\/40310\/revisions"}],"wp:featuredmedia":[{"embeddable":true,"href":"https:\/\/dicodusport.fr\/blog\/wp-json\/wp\/v2\/media\/40321"}],"wp:attachment":[{"href":"https:\/\/dicodusport.fr\/blog\/wp-json\/wp\/v2\/media?parent=40310"}],"wp:term":[{"taxonomy":"category","embeddable":true,"href":"https:\/\/dicodusport.fr\/blog\/wp-json\/wp\/v2\/categories?post=40310"},{"taxonomy":"post_tag","embeddable":true,"href":"https:\/\/dicodusport.fr\/blog\/wp-json\/wp\/v2\/tags?post=40310"}],"curies":[{"name":"wp","href":"https:\/\/api.w.org\/{rel}","templated":true}]}}