{"id":40312,"date":"2019-05-31T14:26:06","date_gmt":"2019-05-31T12:26:06","guid":{"rendered":"http:\/\/dicodusport.fr\/blog\/?p=40312"},"modified":"2019-05-31T14:32:40","modified_gmt":"2019-05-31T12:32:40","slug":"roland-garros-2019-lucas-pouille-cede-au-deuxieme-tour-face-a-martin-klizan","status":"publish","type":"post","link":"https:\/\/dicodusport.fr\/blog\/roland-garros-2019-lucas-pouille-cede-au-deuxieme-tour-face-a-martin-klizan\/","title":{"rendered":"Roland-Garros 2019 : Lucas Pouille c\u00e8de au deuxi\u00e8me tour face \u00e0 Martin Klizan"},"content":{"rendered":"<p style=\"text-align: justify;\"><strong><em>T\u00eate de s\u00e9rie num\u00e9ro 22, Lucas Pouille a chut\u00e9 d\u00e8s le deuxi\u00e8me tour de Roland-Garros. Le Nordiste a \u00e9t\u00e9 battu par Martin Klizan en cinq sets. Une grande d\u00e9ception pour le joueur d&rsquo;Am\u00e9lie Mauresmo.<br \/>\n<\/em><\/strong><\/p>\n<p style=\"text-align: justify;\">Fragile mentalement dans le money-time, <strong>Lucas Pouille<\/strong> a c\u00e9d\u00e9 face <strong>Martin Klizan<\/strong>. Le Tricolore, qui avait c\u00e9d\u00e9 dans la premi\u00e8re manche au tie-break, avait ensuite \u00e9galis\u00e9 \u00e0 un set partout. Mais moins pr\u00e9cis et impuissant face au coup droit du 55\u00e8me joueur mondial, le Fran\u00e7ais subissait les d\u00e9bats lors du troisi\u00e8me acte. La nuit avait alors raison des deux hommes lors du quatri\u00e8me set, avec un match bien mal embarqu\u00e9 pour le natif de Grande-Synthe au moment de l&rsquo;interruption (7-6, 2-6, 6-3, 3-1 en faveur de Klizan).<\/p>\n<h1 style=\"text-align: justify;\">Une coupure b\u00e9n\u00e9fique, mais&#8230;<\/h1>\n<p style=\"text-align: justify;\">Une interruption qui aura eu le m\u00e9rite de relancer <strong>Lucas Pouille<\/strong>. Le 26\u00e8me mondial, agressif et d\u00e9termin\u00e9, encha\u00eenait cinq jeux d&rsquo;affil\u00e9e pour enlever la quatri\u00e8me manche (6-3). Apr\u00e8s avoir \u00e9touff\u00e9 le Slovaque, le Tricolore faisait preuve de patience en le breakant \u00e0 3-3 dans l&rsquo;ultime set. Oui mais voil\u00e0, le prot\u00e9g\u00e9 d&rsquo;Am\u00e9lie Mauresmo flanchait mentalement et se faisait d\u00e9breaker. Klizan se nourrissait alors des fautes du Fran\u00e7ais et s&rsquo;imposait 9-7 dans ce dernier set, pour une victoire en cinq manches (7-6, 2-6, 6-3, 3-6, 9-7). Au troisi\u00e8me tour, il retrouvera un client, en la personne de <strong>Karen Khachanov<\/strong>, laur\u00e9at du Masters de Paris-Bercy en 2018.<\/p>\n<p><span class=\"uURPQiOoK\"><\/p>\n<blockquote class=\"twitter-tweet\" data-width=\"550\" data-dnt=\"true\">\n<p lang=\"fr\" dir=\"ltr\"><a href=\"https:\/\/twitter.com\/hashtag\/RG19?src=hash&amp;ref_src=twsrc%5Etfw\">#RG19<\/a> Martin Klizan l&#39;emporte au bout du suspense face \u00e0 Lucas Pouille&#8230; quelle d\u00e9ception pour le Fran\u00e7ais !<br \/> <a href=\"https:\/\/twitter.com\/hashtag\/RG?src=hash&amp;ref_src=twsrc%5Etfw\">#RG<\/a> <a href=\"https:\/\/twitter.com\/hashtag\/RolandGarros?src=hash&amp;ref_src=twsrc%5Etfw\">#RolandGarros<\/a> <a href=\"https:\/\/t.co\/cid0v431en\">pic.twitter.com\/cid0v431en<\/a><\/p>\n<p>&mdash; France tv sport (@francetvsport) <a href=\"https:\/\/twitter.com\/francetvsport\/status\/1134435168297672705?ref_src=twsrc%5Etfw\">May 31, 2019<\/a><\/p><\/blockquote>\n<p><script async src=\"https:\/\/platform.twitter.com\/widgets.js\" charset=\"utf-8\"><\/script><\/span><\/p>\n<p><strong><em>Dicodusport<br \/>\n<a href=\"https:\/\/www.facebook.com\/dicodusport\/\" target=\"_blank\" rel=\"noopener\"><img loading=\"lazy\" decoding=\"async\" class=\"alignnone wp-image-2909\" src=\"http:\/\/dicodusport.fr\/blog\/wp-content\/uploads\/2017\/07\/logo-facebook-150x150.png\" sizes=\"auto, (max-width: 40px) 100vw, 40px\" srcset=\"https:\/\/dicodusport.fr\/blog\/wp-content\/uploads\/2017\/07\/logo-facebook-150x150.png 150w, https:\/\/dicodusport.fr\/blog\/wp-content\/uploads\/2017\/07\/logo-facebook-300x300.png 300w, https:\/\/dicodusport.fr\/blog\/wp-content\/uploads\/2017\/07\/logo-facebook.png 400w\" alt=\"\" width=\"40\" height=\"40\" \/><\/a><a href=\"https:\/\/twitter.com\/dicodusport\" target=\"_blank\" rel=\"noopener\"><img loading=\"lazy\" decoding=\"async\" class=\"alignnone wp-image-2908\" src=\"http:\/\/dicodusport.fr\/blog\/wp-content\/uploads\/2017\/07\/logo-twitter-150x150.png\" alt=\"\" width=\"39\" height=\"39\" \/><\/a><\/em><\/strong><\/p>\n","protected":false},"excerpt":{"rendered":"<p>T\u00eate de s\u00e9rie num\u00e9ro 22, Lucas Pouille a chut\u00e9 d\u00e8s le deuxi\u00e8me tour de Roland-Garros. Le Nordiste a \u00e9t\u00e9 battu par Martin Klizan en cinq sets. <\/p>\n","protected":false},"author":4,"featured_media":40283,"comment_status":"open","ping_status":"closed","sticky":false,"template":"","format":"standard","meta":{"_acf_changed":false,"_daextam_enable_autolinks":"","footnotes":""},"categories":[2,2365,2302],"tags":[2544,159],"class_list":["post-40312","post","type-post","status-publish","format-standard","has-post-thumbnail","hentry","category-actualites","category-sports-de-raquette","category-tennis","tag-lucas-pouille","tag-roland-garros"],"acf":[],"yoast_head":"<!-- This site is optimized with the Yoast SEO Premium plugin v26.7 (Yoast SEO v26.7) - https:\/\/yoast.com\/wordpress\/plugins\/seo\/ -->\n<title>Roland-Garros 2019 : Lucas Pouille c\u00e8de au deuxi\u00e8me tour face \u00e0 Martin Klizan<\/title>\n<meta name=\"description\" content=\"T\u00eate de s\u00e9rie num\u00e9ro 22, Lucas Pouille a chut\u00e9 d\u00e8s le deuxi\u00e8me tour de Roland-Garros. Le Nordiste a \u00e9t\u00e9 battu par Martin Klizan en cinq sets.\" \/>\n<meta name=\"robots\" content=\"index, follow, max-snippet:-1, max-image-preview:large, max-video-preview:-1\" \/>\n<link rel=\"canonical\" href=\"https:\/\/dicodusport.fr\/blog\/roland-garros-2019-lucas-pouille-cede-au-deuxieme-tour-face-a-martin-klizan\/\" \/>\n<meta property=\"og:locale\" content=\"fr_FR\" \/>\n<meta property=\"og:type\" content=\"article\" \/>\n<meta property=\"og:title\" content=\"Roland-Garros 2019 : Lucas Pouille c\u00e8de au deuxi\u00e8me tour face \u00e0 Martin Klizan\" \/>\n<meta property=\"og:description\" content=\"T\u00eate de s\u00e9rie num\u00e9ro 22, Lucas Pouille a chut\u00e9 d\u00e8s le deuxi\u00e8me tour de Roland-Garros. Le Nordiste a \u00e9t\u00e9 battu par Martin Klizan en cinq sets.\" \/>\n<meta property=\"og:url\" content=\"https:\/\/dicodusport.fr\/blog\/roland-garros-2019-lucas-pouille-cede-au-deuxieme-tour-face-a-martin-klizan\/\" \/>\n<meta property=\"og:site_name\" content=\"Dicodusport\" \/>\n<meta property=\"article:publisher\" content=\"https:\/\/www.facebook.com\/dicodusport\" \/>\n<meta property=\"article:author\" content=\"https:\/\/www.facebook.com\/florent.ostermann\" \/>\n<meta property=\"article:published_time\" content=\"2019-05-31T12:26:06+00:00\" \/>\n<meta property=\"article:modified_time\" content=\"2019-05-31T12:32:40+00:00\" \/>\n<meta property=\"og:image\" content=\"https:\/\/dicodusport.fr\/blog\/wp-content\/uploads\/2019\/05\/Pouille-2\u00e8me-tour-Roland-Garros.png\" \/>\n\t<meta property=\"og:image:width\" content=\"800\" \/>\n\t<meta property=\"og:image:height\" content=\"445\" \/>\n\t<meta property=\"og:image:type\" content=\"image\/png\" \/>\n<meta name=\"author\" content=\"Flo Ostermann\" \/>\n<meta name=\"twitter:card\" content=\"summary_large_image\" \/>\n<meta name=\"twitter:title\" content=\"Roland-Garros 2019 : Lucas Pouille c\u00e8de au deuxi\u00e8me tour face \u00e0 Martin Klizan\" \/>\n<meta name=\"twitter:creator\" content=\"@https:\/\/twitter.com\/FlOstermann\" \/>\n<meta name=\"twitter:site\" content=\"@dicodusport\" \/>\n<script type=\"application\/ld+json\" class=\"yoast-schema-graph\">{\"@context\":\"https:\/\/schema.org\",\"@graph\":[{\"@type\":\"NewsArticle\",\"@id\":\"https:\/\/dicodusport.fr\/blog\/roland-garros-2019-lucas-pouille-cede-au-deuxieme-tour-face-a-martin-klizan\/#article\",\"isPartOf\":{\"@id\":\"https:\/\/dicodusport.fr\/blog\/roland-garros-2019-lucas-pouille-cede-au-deuxieme-tour-face-a-martin-klizan\/\"},\"author\":{\"name\":\"Flo Ostermann\",\"@id\":\"https:\/\/dicodusport.fr\/blog\/#\/schema\/person\/cb02af4c173ce4a653b55e9baf388d4a\"},\"headline\":\"Roland-Garros 2019 : Lucas Pouille c\u00e8de au deuxi\u00e8me tour face \u00e0 Martin Klizan\",\"datePublished\":\"2019-05-31T12:26:06+00:00\",\"dateModified\":\"2019-05-31T12:32:40+00:00\",\"mainEntityOfPage\":{\"@id\":\"https:\/\/dicodusport.fr\/blog\/roland-garros-2019-lucas-pouille-cede-au-deuxieme-tour-face-a-martin-klizan\/\"},\"wordCount\":279,\"commentCount\":0,\"publisher\":{\"@id\":\"https:\/\/dicodusport.fr\/blog\/#organization\"},\"image\":{\"@id\":\"https:\/\/dicodusport.fr\/blog\/roland-garros-2019-lucas-pouille-cede-au-deuxieme-tour-face-a-martin-klizan\/#primaryimage\"},\"thumbnailUrl\":\"https:\/\/dicodusport.fr\/blog\/wp-content\/uploads\/2019\/05\/Pouille-2\u00e8me-tour-Roland-Garros.png\",\"keywords\":[\"Lucas Pouille\",\"Roland-Garros\"],\"articleSection\":[\"Actualit\u00e9s\",\"Sports de raquette\",\"Tennis\"],\"inLanguage\":\"fr-FR\",\"potentialAction\":[{\"@type\":\"CommentAction\",\"name\":\"Comment\",\"target\":[\"https:\/\/dicodusport.fr\/blog\/roland-garros-2019-lucas-pouille-cede-au-deuxieme-tour-face-a-martin-klizan\/#respond\"]}],\"copyrightYear\":\"2019\",\"copyrightHolder\":{\"@id\":\"https:\/\/dicodusport.fr\/blog\/#organization\"}},{\"@type\":\"WebPage\",\"@id\":\"https:\/\/dicodusport.fr\/blog\/roland-garros-2019-lucas-pouille-cede-au-deuxieme-tour-face-a-martin-klizan\/\",\"url\":\"https:\/\/dicodusport.fr\/blog\/roland-garros-2019-lucas-pouille-cede-au-deuxieme-tour-face-a-martin-klizan\/\",\"name\":\"Roland-Garros 2019 : Lucas Pouille c\u00e8de au deuxi\u00e8me tour face \u00e0 Martin Klizan\",\"isPartOf\":{\"@id\":\"https:\/\/dicodusport.fr\/blog\/#website\"},\"primaryImageOfPage\":{\"@id\":\"https:\/\/dicodusport.fr\/blog\/roland-garros-2019-lucas-pouille-cede-au-deuxieme-tour-face-a-martin-klizan\/#primaryimage\"},\"image\":{\"@id\":\"https:\/\/dicodusport.fr\/blog\/roland-garros-2019-lucas-pouille-cede-au-deuxieme-tour-face-a-martin-klizan\/#primaryimage\"},\"thumbnailUrl\":\"https:\/\/dicodusport.fr\/blog\/wp-content\/uploads\/2019\/05\/Pouille-2\u00e8me-tour-Roland-Garros.png\",\"datePublished\":\"2019-05-31T12:26:06+00:00\",\"dateModified\":\"2019-05-31T12:32:40+00:00\",\"description\":\"T\u00eate de s\u00e9rie num\u00e9ro 22, Lucas Pouille a chut\u00e9 d\u00e8s le deuxi\u00e8me tour de Roland-Garros. Le Nordiste a \u00e9t\u00e9 battu par Martin Klizan en cinq sets.\",\"breadcrumb\":{\"@id\":\"https:\/\/dicodusport.fr\/blog\/roland-garros-2019-lucas-pouille-cede-au-deuxieme-tour-face-a-martin-klizan\/#breadcrumb\"},\"inLanguage\":\"fr-FR\",\"potentialAction\":[{\"@type\":\"ReadAction\",\"target\":[\"https:\/\/dicodusport.fr\/blog\/roland-garros-2019-lucas-pouille-cede-au-deuxieme-tour-face-a-martin-klizan\/\"]}]},{\"@type\":\"ImageObject\",\"inLanguage\":\"fr-FR\",\"@id\":\"https:\/\/dicodusport.fr\/blog\/roland-garros-2019-lucas-pouille-cede-au-deuxieme-tour-face-a-martin-klizan\/#primaryimage\",\"url\":\"https:\/\/dicodusport.fr\/blog\/wp-content\/uploads\/2019\/05\/Pouille-2\u00e8me-tour-Roland-Garros.png\",\"contentUrl\":\"https:\/\/dicodusport.fr\/blog\/wp-content\/uploads\/2019\/05\/Pouille-2\u00e8me-tour-Roland-Garros.png\",\"width\":800,\"height\":445},{\"@type\":\"BreadcrumbList\",\"@id\":\"https:\/\/dicodusport.fr\/blog\/roland-garros-2019-lucas-pouille-cede-au-deuxieme-tour-face-a-martin-klizan\/#breadcrumb\",\"itemListElement\":[{\"@type\":\"ListItem\",\"position\":1,\"name\":\"Accueil\",\"item\":\"https:\/\/dicodusport.fr\/blog\/\"},{\"@type\":\"ListItem\",\"position\":2,\"name\":\"Roland-Garros 2019 : Lucas Pouille c\u00e8de au deuxi\u00e8me tour face \u00e0 Martin Klizan\"}]},{\"@type\":\"WebSite\",\"@id\":\"https:\/\/dicodusport.fr\/blog\/#website\",\"url\":\"https:\/\/dicodusport.fr\/blog\/\",\"name\":\"Dicodusport\",\"description\":\"L&#039;encyclop\u00e9die de l&#039;actualit\u00e9 sportive\",\"publisher\":{\"@id\":\"https:\/\/dicodusport.fr\/blog\/#organization\"},\"potentialAction\":[{\"@type\":\"SearchAction\",\"target\":{\"@type\":\"EntryPoint\",\"urlTemplate\":\"https:\/\/dicodusport.fr\/blog\/?s={search_term_string}\"},\"query-input\":{\"@type\":\"PropertyValueSpecification\",\"valueRequired\":true,\"valueName\":\"search_term_string\"}}],\"inLanguage\":\"fr-FR\"},{\"@type\":\"NewsMediaOrganization\",\"@id\":\"https:\/\/dicodusport.fr\/blog\/#organization\",\"name\":\"Dicodusport\",\"url\":\"https:\/\/dicodusport.fr\/blog\/\",\"logo\":{\"@type\":\"ImageObject\",\"inLanguage\":\"fr-FR\",\"@id\":\"https:\/\/dicodusport.fr\/blog\/#\/schema\/logo\/image\/\",\"url\":\"https:\/\/dicodusport.fr\/blog\/wp-content\/uploads\/2020\/06\/cropped-LOGO-DICODUSPORT-2020-SANS-FOND-SANS-TEXTE.png\",\"contentUrl\":\"https:\/\/dicodusport.fr\/blog\/wp-content\/uploads\/2020\/06\/cropped-LOGO-DICODUSPORT-2020-SANS-FOND-SANS-TEXTE.png\",\"width\":512,\"height\":512,\"caption\":\"Dicodusport\"},\"image\":{\"@id\":\"https:\/\/dicodusport.fr\/blog\/#\/schema\/logo\/image\/\"},\"sameAs\":[\"https:\/\/www.facebook.com\/dicodusport\",\"https:\/\/x.com\/dicodusport\",\"https:\/\/www.instagram.com\/dicodusport\/\",\"https:\/\/www.youtube.com\/channel\/UC7V2KZ5sd3htJivAbA4ZG3w\"],\"description\":\"Dicodusport est l'encyclop\u00e9die de l'actualit\u00e9 sportive.\",\"email\":\"bonjour@dicodusport.fr\",\"legalName\":\"DICODUSPORT\",\"foundingDate\":\"2018-01-14\",\"vatID\":\"FR71834470973\",\"taxID\":\"83447097300043\",\"numberOfEmployees\":{\"@type\":\"QuantitativeValue\",\"minValue\":\"1\",\"maxValue\":\"10\"}},{\"@type\":\"Person\",\"@id\":\"https:\/\/dicodusport.fr\/blog\/#\/schema\/person\/cb02af4c173ce4a653b55e9baf388d4a\",\"name\":\"Flo Ostermann\",\"image\":{\"@type\":\"ImageObject\",\"inLanguage\":\"fr-FR\",\"@id\":\"https:\/\/dicodusport.fr\/blog\/#\/schema\/person\/image\/\",\"url\":\"https:\/\/dicodusport.fr\/blog\/wp-content\/uploads\/2021\/05\/Flo-Ostermann-150x150.jpg\",\"contentUrl\":\"https:\/\/dicodusport.fr\/blog\/wp-content\/uploads\/2021\/05\/Flo-Ostermann-150x150.jpg\",\"caption\":\"Flo Ostermann\"},\"description\":\"Journaliste\/R\u00e9dacteur depuis septembre 2015 - Mes premiers souvenirs dans le sport ? Les envol\u00e9es du Stade Toulousain et les duels Villeneuve-Schumacher et H\u00e4kkinen-Schumacher \u00e0 la fin des ann\u00e9es 90, la Coupe du monde de football en 1998, l\u2019exploit du XV de France face aux All Blacks en 1999, mais aussi Richard C\u0153ur de Lion qui vole sur les montagnes du Tour de France. Bien parti pour devenir professeur d\u2019EPS, les \u00e9v\u00e9nements de la vie (et la flemme d\u2019animer des s\u00e9ances de 3x500 m\u00e8tres toute ma vie) m\u2019ont conduit \u00e0 revoir mes plans. Me voil\u00e0 depuis fin 2017 sur Dicodusport, m\u00e9dia gr\u00e2ce (et pour) lequel je partage ma passion : le sport dans tous ses \u00e9tats. Le tout accompagn\u00e9 par les fous furieux et folles furieuses cit\u00e9s sur cette page !\",\"sameAs\":[\"https:\/\/www.facebook.com\/florent.ostermann\",\"https:\/\/x.com\/https:\/\/twitter.com\/FlOstermann\",\"admin\"],\"url\":\"https:\/\/dicodusport.fr\/blog\/author\/flo\/\"}]}<\/script>\n<!-- \/ Yoast SEO Premium plugin. -->","yoast_head_json":{"title":"Roland-Garros 2019 : Lucas Pouille c\u00e8de au deuxi\u00e8me tour face \u00e0 Martin Klizan","description":"T\u00eate de s\u00e9rie num\u00e9ro 22, Lucas Pouille a chut\u00e9 d\u00e8s le deuxi\u00e8me tour de Roland-Garros. Le Nordiste a \u00e9t\u00e9 battu par Martin Klizan en cinq sets.","robots":{"index":"index","follow":"follow","max-snippet":"max-snippet:-1","max-image-preview":"max-image-preview:large","max-video-preview":"max-video-preview:-1"},"canonical":"https:\/\/dicodusport.fr\/blog\/roland-garros-2019-lucas-pouille-cede-au-deuxieme-tour-face-a-martin-klizan\/","og_locale":"fr_FR","og_type":"article","og_title":"Roland-Garros 2019 : Lucas Pouille c\u00e8de au deuxi\u00e8me tour face \u00e0 Martin Klizan","og_description":"T\u00eate de s\u00e9rie num\u00e9ro 22, Lucas Pouille a chut\u00e9 d\u00e8s le deuxi\u00e8me tour de Roland-Garros. Le Nordiste a \u00e9t\u00e9 battu par Martin Klizan en cinq sets.","og_url":"https:\/\/dicodusport.fr\/blog\/roland-garros-2019-lucas-pouille-cede-au-deuxieme-tour-face-a-martin-klizan\/","og_site_name":"Dicodusport","article_publisher":"https:\/\/www.facebook.com\/dicodusport","article_author":"https:\/\/www.facebook.com\/florent.ostermann","article_published_time":"2019-05-31T12:26:06+00:00","article_modified_time":"2019-05-31T12:32:40+00:00","og_image":[{"width":800,"height":445,"url":"https:\/\/dicodusport.fr\/blog\/wp-content\/uploads\/2019\/05\/Pouille-2\u00e8me-tour-Roland-Garros.png","type":"image\/png"}],"author":"Flo Ostermann","twitter_card":"summary_large_image","twitter_title":"Roland-Garros 2019 : Lucas Pouille c\u00e8de au deuxi\u00e8me tour face \u00e0 Martin Klizan","twitter_creator":"@https:\/\/twitter.com\/FlOstermann","twitter_site":"@dicodusport","schema":{"@context":"https:\/\/schema.org","@graph":[{"@type":"NewsArticle","@id":"https:\/\/dicodusport.fr\/blog\/roland-garros-2019-lucas-pouille-cede-au-deuxieme-tour-face-a-martin-klizan\/#article","isPartOf":{"@id":"https:\/\/dicodusport.fr\/blog\/roland-garros-2019-lucas-pouille-cede-au-deuxieme-tour-face-a-martin-klizan\/"},"author":{"name":"Flo Ostermann","@id":"https:\/\/dicodusport.fr\/blog\/#\/schema\/person\/cb02af4c173ce4a653b55e9baf388d4a"},"headline":"Roland-Garros 2019 : Lucas Pouille c\u00e8de au deuxi\u00e8me tour face \u00e0 Martin Klizan","datePublished":"2019-05-31T12:26:06+00:00","dateModified":"2019-05-31T12:32:40+00:00","mainEntityOfPage":{"@id":"https:\/\/dicodusport.fr\/blog\/roland-garros-2019-lucas-pouille-cede-au-deuxieme-tour-face-a-martin-klizan\/"},"wordCount":279,"commentCount":0,"publisher":{"@id":"https:\/\/dicodusport.fr\/blog\/#organization"},"image":{"@id":"https:\/\/dicodusport.fr\/blog\/roland-garros-2019-lucas-pouille-cede-au-deuxieme-tour-face-a-martin-klizan\/#primaryimage"},"thumbnailUrl":"https:\/\/dicodusport.fr\/blog\/wp-content\/uploads\/2019\/05\/Pouille-2\u00e8me-tour-Roland-Garros.png","keywords":["Lucas Pouille","Roland-Garros"],"articleSection":["Actualit\u00e9s","Sports de raquette","Tennis"],"inLanguage":"fr-FR","potentialAction":[{"@type":"CommentAction","name":"Comment","target":["https:\/\/dicodusport.fr\/blog\/roland-garros-2019-lucas-pouille-cede-au-deuxieme-tour-face-a-martin-klizan\/#respond"]}],"copyrightYear":"2019","copyrightHolder":{"@id":"https:\/\/dicodusport.fr\/blog\/#organization"}},{"@type":"WebPage","@id":"https:\/\/dicodusport.fr\/blog\/roland-garros-2019-lucas-pouille-cede-au-deuxieme-tour-face-a-martin-klizan\/","url":"https:\/\/dicodusport.fr\/blog\/roland-garros-2019-lucas-pouille-cede-au-deuxieme-tour-face-a-martin-klizan\/","name":"Roland-Garros 2019 : Lucas Pouille c\u00e8de au deuxi\u00e8me tour face \u00e0 Martin Klizan","isPartOf":{"@id":"https:\/\/dicodusport.fr\/blog\/#website"},"primaryImageOfPage":{"@id":"https:\/\/dicodusport.fr\/blog\/roland-garros-2019-lucas-pouille-cede-au-deuxieme-tour-face-a-martin-klizan\/#primaryimage"},"image":{"@id":"https:\/\/dicodusport.fr\/blog\/roland-garros-2019-lucas-pouille-cede-au-deuxieme-tour-face-a-martin-klizan\/#primaryimage"},"thumbnailUrl":"https:\/\/dicodusport.fr\/blog\/wp-content\/uploads\/2019\/05\/Pouille-2\u00e8me-tour-Roland-Garros.png","datePublished":"2019-05-31T12:26:06+00:00","dateModified":"2019-05-31T12:32:40+00:00","description":"T\u00eate de s\u00e9rie num\u00e9ro 22, Lucas Pouille a chut\u00e9 d\u00e8s le deuxi\u00e8me tour de Roland-Garros. Le Nordiste a \u00e9t\u00e9 battu par Martin Klizan en cinq sets.","breadcrumb":{"@id":"https:\/\/dicodusport.fr\/blog\/roland-garros-2019-lucas-pouille-cede-au-deuxieme-tour-face-a-martin-klizan\/#breadcrumb"},"inLanguage":"fr-FR","potentialAction":[{"@type":"ReadAction","target":["https:\/\/dicodusport.fr\/blog\/roland-garros-2019-lucas-pouille-cede-au-deuxieme-tour-face-a-martin-klizan\/"]}]},{"@type":"ImageObject","inLanguage":"fr-FR","@id":"https:\/\/dicodusport.fr\/blog\/roland-garros-2019-lucas-pouille-cede-au-deuxieme-tour-face-a-martin-klizan\/#primaryimage","url":"https:\/\/dicodusport.fr\/blog\/wp-content\/uploads\/2019\/05\/Pouille-2\u00e8me-tour-Roland-Garros.png","contentUrl":"https:\/\/dicodusport.fr\/blog\/wp-content\/uploads\/2019\/05\/Pouille-2\u00e8me-tour-Roland-Garros.png","width":800,"height":445},{"@type":"BreadcrumbList","@id":"https:\/\/dicodusport.fr\/blog\/roland-garros-2019-lucas-pouille-cede-au-deuxieme-tour-face-a-martin-klizan\/#breadcrumb","itemListElement":[{"@type":"ListItem","position":1,"name":"Accueil","item":"https:\/\/dicodusport.fr\/blog\/"},{"@type":"ListItem","position":2,"name":"Roland-Garros 2019 : Lucas Pouille c\u00e8de au deuxi\u00e8me tour face \u00e0 Martin Klizan"}]},{"@type":"WebSite","@id":"https:\/\/dicodusport.fr\/blog\/#website","url":"https:\/\/dicodusport.fr\/blog\/","name":"Dicodusport","description":"L&#039;encyclop\u00e9die de l&#039;actualit\u00e9 sportive","publisher":{"@id":"https:\/\/dicodusport.fr\/blog\/#organization"},"potentialAction":[{"@type":"SearchAction","target":{"@type":"EntryPoint","urlTemplate":"https:\/\/dicodusport.fr\/blog\/?s={search_term_string}"},"query-input":{"@type":"PropertyValueSpecification","valueRequired":true,"valueName":"search_term_string"}}],"inLanguage":"fr-FR"},{"@type":"NewsMediaOrganization","@id":"https:\/\/dicodusport.fr\/blog\/#organization","name":"Dicodusport","url":"https:\/\/dicodusport.fr\/blog\/","logo":{"@type":"ImageObject","inLanguage":"fr-FR","@id":"https:\/\/dicodusport.fr\/blog\/#\/schema\/logo\/image\/","url":"https:\/\/dicodusport.fr\/blog\/wp-content\/uploads\/2020\/06\/cropped-LOGO-DICODUSPORT-2020-SANS-FOND-SANS-TEXTE.png","contentUrl":"https:\/\/dicodusport.fr\/blog\/wp-content\/uploads\/2020\/06\/cropped-LOGO-DICODUSPORT-2020-SANS-FOND-SANS-TEXTE.png","width":512,"height":512,"caption":"Dicodusport"},"image":{"@id":"https:\/\/dicodusport.fr\/blog\/#\/schema\/logo\/image\/"},"sameAs":["https:\/\/www.facebook.com\/dicodusport","https:\/\/x.com\/dicodusport","https:\/\/www.instagram.com\/dicodusport\/","https:\/\/www.youtube.com\/channel\/UC7V2KZ5sd3htJivAbA4ZG3w"],"description":"Dicodusport est l'encyclop\u00e9die de l'actualit\u00e9 sportive.","email":"bonjour@dicodusport.fr","legalName":"DICODUSPORT","foundingDate":"2018-01-14","vatID":"FR71834470973","taxID":"83447097300043","numberOfEmployees":{"@type":"QuantitativeValue","minValue":"1","maxValue":"10"}},{"@type":"Person","@id":"https:\/\/dicodusport.fr\/blog\/#\/schema\/person\/cb02af4c173ce4a653b55e9baf388d4a","name":"Flo Ostermann","image":{"@type":"ImageObject","inLanguage":"fr-FR","@id":"https:\/\/dicodusport.fr\/blog\/#\/schema\/person\/image\/","url":"https:\/\/dicodusport.fr\/blog\/wp-content\/uploads\/2021\/05\/Flo-Ostermann-150x150.jpg","contentUrl":"https:\/\/dicodusport.fr\/blog\/wp-content\/uploads\/2021\/05\/Flo-Ostermann-150x150.jpg","caption":"Flo Ostermann"},"description":"Journaliste\/R\u00e9dacteur depuis septembre 2015 - Mes premiers souvenirs dans le sport ? Les envol\u00e9es du Stade Toulousain et les duels Villeneuve-Schumacher et H\u00e4kkinen-Schumacher \u00e0 la fin des ann\u00e9es 90, la Coupe du monde de football en 1998, l\u2019exploit du XV de France face aux All Blacks en 1999, mais aussi Richard C\u0153ur de Lion qui vole sur les montagnes du Tour de France. Bien parti pour devenir professeur d\u2019EPS, les \u00e9v\u00e9nements de la vie (et la flemme d\u2019animer des s\u00e9ances de 3x500 m\u00e8tres toute ma vie) m\u2019ont conduit \u00e0 revoir mes plans. Me voil\u00e0 depuis fin 2017 sur Dicodusport, m\u00e9dia gr\u00e2ce (et pour) lequel je partage ma passion : le sport dans tous ses \u00e9tats. Le tout accompagn\u00e9 par les fous furieux et folles furieuses cit\u00e9s sur cette page !","sameAs":["https:\/\/www.facebook.com\/florent.ostermann","https:\/\/x.com\/https:\/\/twitter.com\/FlOstermann","admin"],"url":"https:\/\/dicodusport.fr\/blog\/author\/flo\/"}]}},"_links":{"self":[{"href":"https:\/\/dicodusport.fr\/blog\/wp-json\/wp\/v2\/posts\/40312","targetHints":{"allow":["GET"]}}],"collection":[{"href":"https:\/\/dicodusport.fr\/blog\/wp-json\/wp\/v2\/posts"}],"about":[{"href":"https:\/\/dicodusport.fr\/blog\/wp-json\/wp\/v2\/types\/post"}],"author":[{"embeddable":true,"href":"https:\/\/dicodusport.fr\/blog\/wp-json\/wp\/v2\/users\/4"}],"replies":[{"embeddable":true,"href":"https:\/\/dicodusport.fr\/blog\/wp-json\/wp\/v2\/comments?post=40312"}],"version-history":[{"count":0,"href":"https:\/\/dicodusport.fr\/blog\/wp-json\/wp\/v2\/posts\/40312\/revisions"}],"wp:featuredmedia":[{"embeddable":true,"href":"https:\/\/dicodusport.fr\/blog\/wp-json\/wp\/v2\/media\/40283"}],"wp:attachment":[{"href":"https:\/\/dicodusport.fr\/blog\/wp-json\/wp\/v2\/media?parent=40312"}],"wp:term":[{"taxonomy":"category","embeddable":true,"href":"https:\/\/dicodusport.fr\/blog\/wp-json\/wp\/v2\/categories?post=40312"},{"taxonomy":"post_tag","embeddable":true,"href":"https:\/\/dicodusport.fr\/blog\/wp-json\/wp\/v2\/tags?post=40312"}],"curies":[{"name":"wp","href":"https:\/\/api.w.org\/{rel}","templated":true}]}}