{"id":403857,"date":"2023-07-28T21:19:48","date_gmt":"2023-07-28T19:19:48","guid":{"rendered":"https:\/\/dicodusport.fr\/blog\/?p=403857&#038;preview=true&#038;preview_id=403857"},"modified":"2023-07-28T23:51:42","modified_gmt":"2023-07-28T21:51:42","slug":"foje-2023-les-bleuets-decrochent-cinq-medailles-laura-montauban-et-elijah-pasquier-en-or","status":"publish","type":"post","link":"https:\/\/dicodusport.fr\/blog\/foje-2023-les-bleuets-decrochent-cinq-medailles-laura-montauban-et-elijah-pasquier-en-or\/","title":{"rendered":"FOJE 2023 : Les Bleuets d\u00e9crochent cinq m\u00e9dailles, Laura Montauban et Elijah Pasquier en or"},"content":{"rendered":"<p align=\"justify\"><em><strong><a href=\"https:\/\/dicodusport.fr\/blog\/?s=foje+2023\">FOJE 2023<\/a> &#8211; L&rsquo;athl\u00e9tisme a \u00e9t\u00e9 mis \u00e0 l&rsquo;honneur ce vendred<\/strong><\/em><em><strong>i ! Laura Montauban au 100 m haies mais \u00e9galement Elijah Pasquier au saut en hauteur ont tous deux d\u00e9croch\u00e9 l&rsquo;or. Avec les m\u00e9dailles de bronze obtenues par le basket 3X3 et l&rsquo;argent d&rsquo;Anthony Mansard en gymnastique, ce sont cinq m\u00e9dailles qui s&rsquo;ajoutent au bilan bleu !<\/strong><\/em><\/p>\n<h2>Montauban et Pasquier raflent tous deux l&rsquo;or<\/h2>\n<p style=\"text-align: justify;\">Quelle finale du 100 m haies ! En s\u00e9ries, <strong>Laura Montauban<\/strong> avait bien g\u00e9r\u00e9 sa course (13.54). Aujourd&rsquo;hui, elle s&rsquo;est rapproch\u00e9e de 2 centi\u00e8mes de son r\u00e9cent record de France obtenu lors des Championnats cadets en 13.22. Les trois premi\u00e8res terminent en 13.22 et ont d\u00fb \u00eatre d\u00e9partag\u00e9es au milli\u00e8me de secondes ! C&rsquo;est finalement la Fran\u00e7aise qui termine dans le m\u00eame temps que la Croate Mia Wild avec qui elle partage l&rsquo;or et le record des championnats. La Polonaise Zuzanna Zajac compl\u00e8te le podium.<\/p>\n<p style=\"text-align: justify;\">En d\u00e9but de soir\u00e9e, une deuxi\u00e8me m\u00e9daille d&rsquo;or a \u00e9t\u00e9 apport\u00e9e en saut en hauteur. Num\u00e9ro 1 mondial cadet, <strong>Elijah Pasquier<\/strong> \u00e9tait attendu, et n&rsquo;a pas d\u00e9\u00e7u. Pourtant, cela aurait pu tourner au vinaigre rapidement. A 2,06 m, le jeune tricolore va \u00e9chouer \u00e0 deux reprises avant de finalement sauver son concours en passant son ultime tentative. La frayeur oubli\u00e9e, la domination a pu reprendre. A 2,09 m, puis \u00e0 2,12 m, il survole la barre du premier coup. Aucun de ses rivaux n&rsquo;atteindra cette hauteur. Grande promesse de l&rsquo;athl\u00e9tisme fran\u00e7ais, le jeune \u00e9bro\u00efcien n&rsquo;en finit plus d&rsquo;\u00e9pater!<\/p>\n<blockquote class=\"twitter-tweet\">\n<p dir=\"ltr\" lang=\"fr\">\ud83e\udd47 ELIJAH PASQUIER TOUT EN HAUT \ud83d\udd1d<\/p>\n<p>M\u00e9daill\u00e9 d&rsquo;argent l&rsquo;ann\u00e9e derni\u00e8re \u00e0 Bansk\u00e1 Bystrica, le Fran\u00e7ais n&rsquo;avait qu&rsquo;une seule id\u00e9e en t\u00eate en arrivant en Slov\u00e9nie : remporter la comp\u00e9tition ! <a href=\"https:\/\/twitter.com\/hashtag\/FOJE2023?src=hash&amp;ref_src=twsrc%5Etfw\">#FOJE2023<\/a><\/p>\n<p>Mission accomplie : f\u00e9licitations Elijah \ud83c\uddeb\ud83c\uddf7<a href=\"https:\/\/twitter.com\/hashtag\/AllezLesBleus?src=hash&amp;ref_src=twsrc%5Etfw\">#AllezLesBleus<\/a> <a href=\"https:\/\/t.co\/lMupvIAGT9\">pic.twitter.com\/lMupvIAGT9<\/a><\/p>\n<p>\u2014 FranceOlympique (@FranceOlympique) <a href=\"https:\/\/twitter.com\/FranceOlympique\/status\/1684988497713606669?ref_src=twsrc%5Etfw\">July 28, 2023<\/a><\/p><\/blockquote>\n<p><script async src=\"https:\/\/platform.twitter.com\/widgets.js\" charset=\"utf-8\"><\/script><\/p>\n<h2>Anthony Mansard en argent<\/h2>\n<p style=\"text-align: justify;\">En gymnastique, la moisson s&rsquo;est poursuivie d\u00e8s aujourd&rsquo;hui. Pr\u00e9serv\u00e9 hier lors de la finale mixte par \u00e9quipes, le <strong>porte-drapeau Anthony Mansard<\/strong> a remport\u00e9 l&rsquo;argent au <strong>sol<\/strong>. Deuxi\u00e8me lors des qualifications (13.550), il a conserv\u00e9 sa place aujourd&rsquo;hui derri\u00e8re <strong>Tommaso Brugnami<\/strong>. L&rsquo;Italien s&rsquo;impose avec une note de 13.833 devant le Fran\u00e7ais (13.533). De son c\u00f4t\u00e9, <strong>Elias Br\u00e8che<\/strong> termine 5e ex-\u00e6quo (12.700). Celui-ci a enchain\u00e9 directement avec la finale du <strong>cheval d&rsquo;ar\u00e7ons<\/strong>. Il a termin\u00e9 5e avec une note de 12.933.<\/p>\n<p style=\"text-align: justify;\">Aux anneaux, <strong>Anthony Mansard<\/strong> a termin\u00e9 5e (13.033) et aux barres asym\u00e9triques, <strong>Astria Nelo<\/strong>, derni\u00e8re (11.833).<\/p>\n<h2>Deux m\u00e9dailles de bronze pour le basket 3&#215;3<\/h2>\n<p style=\"text-align: justify;\">Les filles ont fini la phase pr\u00e9liminaire avec <strong>2 victoires<\/strong> (18-10 face \u00e0 la Su\u00e8de et 20-10 face \u00e0 l&rsquo;Estonie) et<strong> 1 d\u00e9faite<\/strong> face \u00e0 la <strong>Slov\u00e9nie<\/strong> (12-20). En quarts, elles sont venues \u00e0 bout du<strong> Portugal<\/strong> (12-16).<\/p>\n<p style=\"text-align: justify;\">Etouffantes en d\u00e9fense en d\u00e9but de demi-finale, elles ont rendu la vie compliqu\u00e9e \u00e0 leurs adversaires (3-0). L&rsquo;<strong>Allemagne<\/strong> a pu compter sur le 2 points de Saltau pour recoller au score. Les d\u00e9bats se sont ensuite \u00e9quilibr\u00e9s. Pour la premi\u00e8re fois, l&rsquo;Allemagne a pris les devants \u00e0 3 minutes de la fin (8-9). Et la d\u00e9fense allemande s&rsquo;est mise au diapason, provoquant plus de fautes. Insolemment adroites \u00e0 2 points, les Allemandes ont pris 3 points d&rsquo;avance (10-13). A une minute de la fin, les Fran\u00e7aises ont manqu\u00e9 leurs shoots et \u00e9galement de lucidit\u00e9 dans leurs passes. Dans les derni\u00e8res secondes, <strong>Margot Ounounou<\/strong> a eu le shoot de l&rsquo;\u00e9galisation \u00e0 2 points. Au rebond, <strong>Lilou Thevenet<\/strong> a \u00e9galement tent\u00e9 sa chance. En vain. Les Fran\u00e7aises s&rsquo;inclinent 11-13.<\/p>\n<p style=\"text-align: justify;\">Dans le match pour le bronze face \u00e0 l&rsquo;<strong>Ukraine<\/strong>, elles ont \u00e9t\u00e9 men\u00e9es tout le long. Derni\u00e8re minute de folie avec le 2 points d&rsquo;Ounounou suivi du lay-up de Thevenet au rebond de son shoot longue distance (15-14). 21 secondes \u00e0 jouer et plus qu&rsquo;un point de retard pour les Bleuettes. Les Fran\u00e7aises sont parvenues \u00e0 r\u00e9cup\u00e9rer le ballon et sous le panier Ounounou a \u00e9galis\u00e9 (15-15). Dernier tir en panique des Ukrainiennes mais ce sont bien les<strong> prolongations<\/strong> qui se sont profil\u00e9es. Apr\u00e8s un contre de part et d&rsquo;autre, Ounounou a marqu\u00e9 avant d&rsquo;inscrire le second panier de la gagne : la France remporte la <strong>m\u00e9daille de bronze<\/strong> au terme d&rsquo;un \u00e9norme come-back !<\/p>\n<blockquote class=\"twitter-tweet\">\n<p dir=\"ltr\" lang=\"fr\">\ud83e\udd49 Du bronze au basketball 3&#215;3 \ud83c\uddeb\ud83c\uddf7<\/p>\n<p>L&rsquo;\u00e9quipe de France f\u00e9minine s&rsquo;impose en prolongations dans cette petite finale contre l&rsquo;Ukraine et s&rsquo;en va chercher une place m\u00e9rit\u00e9e sur le podium de ce <a href=\"https:\/\/twitter.com\/hashtag\/FOJE2023?src=hash&amp;ref_src=twsrc%5Etfw\">#FOJE2023<\/a> \ud83d\udc4c<\/p>\n<p>Bravo Maelynn, Melissa, Margot et Lilou \u2728<a href=\"https:\/\/twitter.com\/hashtag\/AllezLesBleus?src=hash&amp;ref_src=twsrc%5Etfw\">#AllezLesBleus<\/a> <a href=\"https:\/\/t.co\/ZQw2X4H21K\">pic.twitter.com\/ZQw2X4H21K<\/a><\/p>\n<p>\u2014 FranceOlympique (@FranceOlympique) <a href=\"https:\/\/twitter.com\/FranceOlympique\/status\/1684948670863622145?ref_src=twsrc%5Etfw\">July 28, 2023<\/a><\/p><\/blockquote>\n<p><script async src=\"https:\/\/platform.twitter.com\/widgets.js\" charset=\"utf-8\"><\/script><\/p>\n<p style=\"text-align: justify;\">De leur c\u00f4t\u00e9, les gar\u00e7ons ont remport\u00e9 leurs 3 matchs lors de la phase pr\u00e9liminaire. Face \u00e0 l&rsquo;<strong>Estonie<\/strong> (19-12), la <strong>Roumanie<\/strong> (21-14) et les <strong>Pays-Bas<\/strong> (22-20). Ils ont ensuite assur\u00e9 en quarts face \u00e0 la <strong>Belgique<\/strong> (15-12). Malheureusement, bless\u00e9 hier, <strong>Felix De Almeida<\/strong> n&rsquo;a pas pu aider ses co\u00e9quipiers aujourd&rsquo;hui qui ont d\u00fb jouer la phase finale \u00e0 3 sans rempla\u00e7ant. Malgr\u00e9 un probl\u00e8me de fautes en quarts face \u00e0 la<strong> Serbie<\/strong>, les Fran\u00e7ais se sont accroch\u00e9s. La Serbie a donn\u00e9 un coup d&rsquo;acc\u00e9l\u00e9rateur en fin de match pour mener 13-9. La marche \u00e9tait trop haute et les Fran\u00e7ais s&rsquo;inclinent 16-21.<\/p>\n<p style=\"text-align: justify;\">Dans le match pour le bronze, les Fran\u00e7ais retrouvaient une nouvelle fois l&rsquo;<strong>Estonie<\/strong>. Et ils ont tr\u00e8s bien d\u00e9but\u00e9 (8-4). Mais peu \u00e0 peu l&rsquo;Estonie a grappill\u00e9 (11-12). Mais \u00e0 chaque fois que les Estoniens tentaient de se rapprocher, les Fran\u00e7ais les maintenaient \u00e0 2 points. Et <strong>Th\u00e9o Pierre-Justin<\/strong> a peut-\u00eatre donn\u00e9 le coup de gr\u00e2ce. Il a inscrit un panier et marqu\u00e9 le premier de ses 2 lancers francs pour permettre aux Bleus de mener 19-15. <strong>Evan Boisdur<\/strong> a marqu\u00e9 le panier de la gagne : 21-15 pour les Bleus qui terminent \u00e9galement en <strong>bronze<\/strong> !<\/p>\n<h2>Nouvelle journ\u00e9e sans pour le judo<\/h2>\n<p style=\"text-align: justify;\">Le compteur de m\u00e9dailles de judo reste bloqu\u00e9 \u00e0 un. <strong>Nina Muteba<\/strong> (-70 kg),<strong> Gaya Sonntag<\/strong> (-90 kg) et <strong>Jean Pascal Bi Goly Da Costa<\/strong> (+90 kg) se sont inclin\u00e9s aux rep\u00eachages.<\/p>\n<p style=\"text-align: justify;\"><strong>Quessia Diankolela-Biniakounou<\/strong> (+70 kg) a conc\u00e9d\u00e9 un waza-ari rapide face \u00e0 Nino Papidze. Superbe r\u00e9ponse de la Fran\u00e7aise avec un ippon. Au 2e tour, elle a battu Roxana Visa avec deux waza-ari. En quarts, elle s&rsquo;est impos\u00e9e sur ippon face \u00e0 Nicole Widlak. En demies, elle s&rsquo;est inclin\u00e9e sur waza-ari-awasate-ippon face \u00e0 Helene Schrattenholzer. Pour le bronze, elle affrontait Marie Kosnarova, m\u00e9daill\u00e9e de bronze des Championnats d&rsquo;Europe cadets le mois dernier. Malheureusement, la Fran\u00e7aise s&rsquo;est fait immobiliser apr\u00e8s 1 minute.<\/p>\n<p style=\"text-align: justify;\">Il restera donc la <strong>comp\u00e9tition par \u00e9quipes<\/strong> demain pour faire gonfler un bilan pour le moment faible dans la discipline.<\/p>\n<p><em>Article co-\u00e9crit par <a href=\"https:\/\/dicodusport.fr\/blog\/author\/arlette\/\">Arlette Yeye<\/a> et <a href=\"https:\/\/dicodusport.fr\/blog\/author\/maximec\/\" target=\"_blank\" rel=\"noopener\">Maxime Cazenave<\/a><\/em><\/p>\n","protected":false},"excerpt":{"rendered":"<p>FOJE 2023 &#8211; 6 m\u00e9dailles ont \u00e9t\u00e9 remport\u00e9es par les jeunes Bleus aujourd&rsquo;hui dont le titre remport\u00e9 par Max Berguin au skateboard.<\/p>\n","protected":false},"author":12,"featured_media":403865,"comment_status":"open","ping_status":"closed","sticky":false,"template":"","format":"standard","meta":{"_acf_changed":false,"_daextam_enable_autolinks":"","footnotes":""},"categories":[2366],"tags":[143,9140,16878,1418,391,68,69],"class_list":["post-403857","post","type-post","status-publish","format-standard","has-post-thumbnail","hentry","category-multisports","tag-athletisme","tag-basket-3x3","tag-breve","tag-festival-olympique-de-la-jeunesse-europeenne","tag-gymnastique","tag-judo","tag-natation"],"acf":[],"yoast_head":"<!-- This site is optimized with the Yoast SEO Premium plugin v26.7 (Yoast SEO v26.7) - https:\/\/yoast.com\/wordpress\/plugins\/seo\/ -->\n<title>FOJE 2023 : Les Bleuets d\u00e9crochent cinq m\u00e9dailles, Laura Montauban et Elijah Pasquier en or<\/title>\n<meta name=\"description\" content=\"FOJE 2023 - Les Bleuets ont d\u00e9croch\u00e9 cinq m\u00e9dailles \u00e0 Maribor ce vendredi, dont deux en or en athl\u00e9tisme.\" \/>\n<meta name=\"robots\" content=\"index, follow, max-snippet:-1, max-image-preview:large, max-video-preview:-1\" \/>\n<link rel=\"canonical\" href=\"https:\/\/dicodusport.fr\/blog\/foje-2023-les-bleuets-decrochent-cinq-medailles-laura-montauban-et-elijah-pasquier-en-or\/\" \/>\n<meta property=\"og:locale\" content=\"fr_FR\" \/>\n<meta property=\"og:type\" content=\"article\" \/>\n<meta property=\"og:title\" content=\"FOJE 2023 : Les Bleuets d\u00e9crochent cinq m\u00e9dailles, Laura Montauban et Elijah Pasquier en or\" \/>\n<meta property=\"og:description\" content=\"FOJE 2023 - Les Bleuets ont d\u00e9croch\u00e9 cinq m\u00e9dailles \u00e0 Maribor ce vendredi, dont deux en or en athl\u00e9tisme.\" \/>\n<meta property=\"og:url\" content=\"https:\/\/dicodusport.fr\/blog\/foje-2023-les-bleuets-decrochent-cinq-medailles-laura-montauban-et-elijah-pasquier-en-or\/\" \/>\n<meta property=\"og:site_name\" content=\"Dicodusport\" \/>\n<meta property=\"article:publisher\" content=\"https:\/\/www.facebook.com\/dicodusport\" \/>\n<meta property=\"article:published_time\" content=\"2023-07-28T19:19:48+00:00\" \/>\n<meta property=\"article:modified_time\" content=\"2023-07-28T21:51:42+00:00\" \/>\n<meta property=\"og:image\" content=\"https:\/\/dicodusport.fr\/blog\/wp-content\/uploads\/2023\/07\/FOJE-2023-Anthony-Mansard.png\" \/>\n\t<meta property=\"og:image:width\" content=\"800\" \/>\n\t<meta property=\"og:image:height\" content=\"445\" \/>\n\t<meta property=\"og:image:type\" content=\"image\/png\" \/>\n<meta name=\"author\" content=\"Arlette Yeye\" \/>\n<meta name=\"twitter:card\" content=\"summary_large_image\" \/>\n<meta name=\"twitter:title\" content=\"FOJE 2023 : Les Bleuets d\u00e9crochent cinq m\u00e9dailles, Laura Montauban et Elijah Pasquier en or\" \/>\n<meta name=\"twitter:creator\" content=\"@https:\/\/twitter.com\/Shiclette94\" \/>\n<meta name=\"twitter:site\" content=\"@dicodusport\" \/>\n<script type=\"application\/ld+json\" class=\"yoast-schema-graph\">{\"@context\":\"https:\/\/schema.org\",\"@graph\":[{\"@type\":\"NewsArticle\",\"@id\":\"https:\/\/dicodusport.fr\/blog\/foje-2023-les-bleuets-decrochent-cinq-medailles-laura-montauban-et-elijah-pasquier-en-or\/#article\",\"isPartOf\":{\"@id\":\"https:\/\/dicodusport.fr\/blog\/foje-2023-les-bleuets-decrochent-cinq-medailles-laura-montauban-et-elijah-pasquier-en-or\/\"},\"author\":{\"name\":\"Arlette Yeye\",\"@id\":\"https:\/\/dicodusport.fr\/blog\/#\/schema\/person\/cce96fa88785bd8573e3d43078ac8c79\"},\"headline\":\"FOJE 2023 : Les Bleuets d\u00e9crochent cinq m\u00e9dailles, Laura Montauban et Elijah Pasquier en or\",\"datePublished\":\"2023-07-28T19:19:48+00:00\",\"dateModified\":\"2023-07-28T21:51:42+00:00\",\"mainEntityOfPage\":{\"@id\":\"https:\/\/dicodusport.fr\/blog\/foje-2023-les-bleuets-decrochent-cinq-medailles-laura-montauban-et-elijah-pasquier-en-or\/\"},\"wordCount\":1176,\"commentCount\":0,\"publisher\":{\"@id\":\"https:\/\/dicodusport.fr\/blog\/#organization\"},\"image\":{\"@id\":\"https:\/\/dicodusport.fr\/blog\/foje-2023-les-bleuets-decrochent-cinq-medailles-laura-montauban-et-elijah-pasquier-en-or\/#primaryimage\"},\"thumbnailUrl\":\"https:\/\/dicodusport.fr\/blog\/wp-content\/uploads\/2023\/07\/FOJE-2023-Anthony-Mansard.png\",\"keywords\":[\"Athl\u00e9tisme\",\"Basket 3x3\",\"br\u00e8ve\",\"Festival Olympique de la Jeunesse Europ\u00e9enne\",\"gymnastique\",\"Judo\",\"natation\"],\"articleSection\":[\"Multisports\"],\"inLanguage\":\"fr-FR\",\"potentialAction\":[{\"@type\":\"CommentAction\",\"name\":\"Comment\",\"target\":[\"https:\/\/dicodusport.fr\/blog\/foje-2023-les-bleuets-decrochent-cinq-medailles-laura-montauban-et-elijah-pasquier-en-or\/#respond\"]}],\"copyrightYear\":\"2023\",\"copyrightHolder\":{\"@id\":\"https:\/\/dicodusport.fr\/blog\/#organization\"}},{\"@type\":\"WebPage\",\"@id\":\"https:\/\/dicodusport.fr\/blog\/foje-2023-les-bleuets-decrochent-cinq-medailles-laura-montauban-et-elijah-pasquier-en-or\/\",\"url\":\"https:\/\/dicodusport.fr\/blog\/foje-2023-les-bleuets-decrochent-cinq-medailles-laura-montauban-et-elijah-pasquier-en-or\/\",\"name\":\"FOJE 2023 : Les Bleuets d\u00e9crochent cinq m\u00e9dailles, Laura Montauban et Elijah Pasquier en or\",\"isPartOf\":{\"@id\":\"https:\/\/dicodusport.fr\/blog\/#website\"},\"primaryImageOfPage\":{\"@id\":\"https:\/\/dicodusport.fr\/blog\/foje-2023-les-bleuets-decrochent-cinq-medailles-laura-montauban-et-elijah-pasquier-en-or\/#primaryimage\"},\"image\":{\"@id\":\"https:\/\/dicodusport.fr\/blog\/foje-2023-les-bleuets-decrochent-cinq-medailles-laura-montauban-et-elijah-pasquier-en-or\/#primaryimage\"},\"thumbnailUrl\":\"https:\/\/dicodusport.fr\/blog\/wp-content\/uploads\/2023\/07\/FOJE-2023-Anthony-Mansard.png\",\"datePublished\":\"2023-07-28T19:19:48+00:00\",\"dateModified\":\"2023-07-28T21:51:42+00:00\",\"description\":\"FOJE 2023 - Les Bleuets ont d\u00e9croch\u00e9 cinq m\u00e9dailles \u00e0 Maribor ce vendredi, dont deux en or en athl\u00e9tisme.\",\"breadcrumb\":{\"@id\":\"https:\/\/dicodusport.fr\/blog\/foje-2023-les-bleuets-decrochent-cinq-medailles-laura-montauban-et-elijah-pasquier-en-or\/#breadcrumb\"},\"inLanguage\":\"fr-FR\",\"potentialAction\":[{\"@type\":\"ReadAction\",\"target\":[\"https:\/\/dicodusport.fr\/blog\/foje-2023-les-bleuets-decrochent-cinq-medailles-laura-montauban-et-elijah-pasquier-en-or\/\"]}]},{\"@type\":\"ImageObject\",\"inLanguage\":\"fr-FR\",\"@id\":\"https:\/\/dicodusport.fr\/blog\/foje-2023-les-bleuets-decrochent-cinq-medailles-laura-montauban-et-elijah-pasquier-en-or\/#primaryimage\",\"url\":\"https:\/\/dicodusport.fr\/blog\/wp-content\/uploads\/2023\/07\/FOJE-2023-Anthony-Mansard.png\",\"contentUrl\":\"https:\/\/dicodusport.fr\/blog\/wp-content\/uploads\/2023\/07\/FOJE-2023-Anthony-Mansard.png\",\"width\":800,\"height\":445,\"caption\":\"FOJE 2023 Anthony Mansard\"},{\"@type\":\"BreadcrumbList\",\"@id\":\"https:\/\/dicodusport.fr\/blog\/foje-2023-les-bleuets-decrochent-cinq-medailles-laura-montauban-et-elijah-pasquier-en-or\/#breadcrumb\",\"itemListElement\":[{\"@type\":\"ListItem\",\"position\":1,\"name\":\"Accueil\",\"item\":\"https:\/\/dicodusport.fr\/blog\/\"},{\"@type\":\"ListItem\",\"position\":2,\"name\":\"FOJE 2023 : Les Bleuets d\u00e9crochent cinq m\u00e9dailles, Laura Montauban et Elijah Pasquier en or\"}]},{\"@type\":\"WebSite\",\"@id\":\"https:\/\/dicodusport.fr\/blog\/#website\",\"url\":\"https:\/\/dicodusport.fr\/blog\/\",\"name\":\"Dicodusport\",\"description\":\"L&#039;encyclop\u00e9die de l&#039;actualit\u00e9 sportive\",\"publisher\":{\"@id\":\"https:\/\/dicodusport.fr\/blog\/#organization\"},\"potentialAction\":[{\"@type\":\"SearchAction\",\"target\":{\"@type\":\"EntryPoint\",\"urlTemplate\":\"https:\/\/dicodusport.fr\/blog\/?s={search_term_string}\"},\"query-input\":{\"@type\":\"PropertyValueSpecification\",\"valueRequired\":true,\"valueName\":\"search_term_string\"}}],\"inLanguage\":\"fr-FR\"},{\"@type\":\"NewsMediaOrganization\",\"@id\":\"https:\/\/dicodusport.fr\/blog\/#organization\",\"name\":\"Dicodusport\",\"url\":\"https:\/\/dicodusport.fr\/blog\/\",\"logo\":{\"@type\":\"ImageObject\",\"inLanguage\":\"fr-FR\",\"@id\":\"https:\/\/dicodusport.fr\/blog\/#\/schema\/logo\/image\/\",\"url\":\"https:\/\/dicodusport.fr\/blog\/wp-content\/uploads\/2020\/06\/cropped-LOGO-DICODUSPORT-2020-SANS-FOND-SANS-TEXTE.png\",\"contentUrl\":\"https:\/\/dicodusport.fr\/blog\/wp-content\/uploads\/2020\/06\/cropped-LOGO-DICODUSPORT-2020-SANS-FOND-SANS-TEXTE.png\",\"width\":512,\"height\":512,\"caption\":\"Dicodusport\"},\"image\":{\"@id\":\"https:\/\/dicodusport.fr\/blog\/#\/schema\/logo\/image\/\"},\"sameAs\":[\"https:\/\/www.facebook.com\/dicodusport\",\"https:\/\/x.com\/dicodusport\",\"https:\/\/www.instagram.com\/dicodusport\/\",\"https:\/\/www.youtube.com\/channel\/UC7V2KZ5sd3htJivAbA4ZG3w\"],\"description\":\"Dicodusport est l'encyclop\u00e9die de l'actualit\u00e9 sportive.\",\"email\":\"bonjour@dicodusport.fr\",\"legalName\":\"DICODUSPORT\",\"foundingDate\":\"2018-01-14\",\"vatID\":\"FR71834470973\",\"taxID\":\"83447097300043\",\"numberOfEmployees\":{\"@type\":\"QuantitativeValue\",\"minValue\":\"1\",\"maxValue\":\"10\"}},{\"@type\":\"Person\",\"@id\":\"https:\/\/dicodusport.fr\/blog\/#\/schema\/person\/cce96fa88785bd8573e3d43078ac8c79\",\"name\":\"Arlette Yeye\",\"image\":{\"@type\":\"ImageObject\",\"inLanguage\":\"fr-FR\",\"@id\":\"https:\/\/dicodusport.fr\/blog\/#\/schema\/person\/image\/\",\"url\":\"https:\/\/secure.gravatar.com\/avatar\/dca4a6239e6d708e46c45d60e160de6c?s=96&d=wp_user_avatar&r=g\",\"contentUrl\":\"https:\/\/secure.gravatar.com\/avatar\/dca4a6239e6d708e46c45d60e160de6c?s=96&d=wp_user_avatar&r=g\",\"caption\":\"Arlette Yeye\"},\"description\":\"Journaliste\/r\u00e9dactrice depuis septembre 2015 - Supportrice de Chelsea, j'ai pour sports de pr\u00e9dilection le handball, l'athl\u00e9tisme et le tennis. Si je tweete plus vite que mon ombre, vous pouvez aussi me retrouver les week-ends sur les playgrounds de Bruxelles pour un petit foot ou basket entre potes. Parcourir la France, l'Europe et plus si affinit\u00e9s pour suivre mes sportifs pr\u00e9f\u00e9r\u00e9s ? Mon kif ! Et c'est avec plaisir que je partage les r\u00e9sultats des sports populaires mais \u00e9galement plus confidentiels pour Dicodusport.\",\"sameAs\":[\"https:\/\/x.com\/https:\/\/twitter.com\/Shiclette94\"],\"url\":\"https:\/\/dicodusport.fr\/blog\/author\/arlette\/\"}]}<\/script>\n<!-- \/ Yoast SEO Premium plugin. -->","yoast_head_json":{"title":"FOJE 2023 : Les Bleuets d\u00e9crochent cinq m\u00e9dailles, Laura Montauban et Elijah Pasquier en or","description":"FOJE 2023 - Les Bleuets ont d\u00e9croch\u00e9 cinq m\u00e9dailles \u00e0 Maribor ce vendredi, dont deux en or en athl\u00e9tisme.","robots":{"index":"index","follow":"follow","max-snippet":"max-snippet:-1","max-image-preview":"max-image-preview:large","max-video-preview":"max-video-preview:-1"},"canonical":"https:\/\/dicodusport.fr\/blog\/foje-2023-les-bleuets-decrochent-cinq-medailles-laura-montauban-et-elijah-pasquier-en-or\/","og_locale":"fr_FR","og_type":"article","og_title":"FOJE 2023 : Les Bleuets d\u00e9crochent cinq m\u00e9dailles, Laura Montauban et Elijah Pasquier en or","og_description":"FOJE 2023 - Les Bleuets ont d\u00e9croch\u00e9 cinq m\u00e9dailles \u00e0 Maribor ce vendredi, dont deux en or en athl\u00e9tisme.","og_url":"https:\/\/dicodusport.fr\/blog\/foje-2023-les-bleuets-decrochent-cinq-medailles-laura-montauban-et-elijah-pasquier-en-or\/","og_site_name":"Dicodusport","article_publisher":"https:\/\/www.facebook.com\/dicodusport","article_published_time":"2023-07-28T19:19:48+00:00","article_modified_time":"2023-07-28T21:51:42+00:00","og_image":[{"width":800,"height":445,"url":"https:\/\/dicodusport.fr\/blog\/wp-content\/uploads\/2023\/07\/FOJE-2023-Anthony-Mansard.png","type":"image\/png"}],"author":"Arlette Yeye","twitter_card":"summary_large_image","twitter_title":"FOJE 2023 : Les Bleuets d\u00e9crochent cinq m\u00e9dailles, Laura Montauban et Elijah Pasquier en or","twitter_creator":"@https:\/\/twitter.com\/Shiclette94","twitter_site":"@dicodusport","schema":{"@context":"https:\/\/schema.org","@graph":[{"@type":"NewsArticle","@id":"https:\/\/dicodusport.fr\/blog\/foje-2023-les-bleuets-decrochent-cinq-medailles-laura-montauban-et-elijah-pasquier-en-or\/#article","isPartOf":{"@id":"https:\/\/dicodusport.fr\/blog\/foje-2023-les-bleuets-decrochent-cinq-medailles-laura-montauban-et-elijah-pasquier-en-or\/"},"author":{"name":"Arlette Yeye","@id":"https:\/\/dicodusport.fr\/blog\/#\/schema\/person\/cce96fa88785bd8573e3d43078ac8c79"},"headline":"FOJE 2023 : Les Bleuets d\u00e9crochent cinq m\u00e9dailles, Laura Montauban et Elijah Pasquier en or","datePublished":"2023-07-28T19:19:48+00:00","dateModified":"2023-07-28T21:51:42+00:00","mainEntityOfPage":{"@id":"https:\/\/dicodusport.fr\/blog\/foje-2023-les-bleuets-decrochent-cinq-medailles-laura-montauban-et-elijah-pasquier-en-or\/"},"wordCount":1176,"commentCount":0,"publisher":{"@id":"https:\/\/dicodusport.fr\/blog\/#organization"},"image":{"@id":"https:\/\/dicodusport.fr\/blog\/foje-2023-les-bleuets-decrochent-cinq-medailles-laura-montauban-et-elijah-pasquier-en-or\/#primaryimage"},"thumbnailUrl":"https:\/\/dicodusport.fr\/blog\/wp-content\/uploads\/2023\/07\/FOJE-2023-Anthony-Mansard.png","keywords":["Athl\u00e9tisme","Basket 3x3","br\u00e8ve","Festival Olympique de la Jeunesse Europ\u00e9enne","gymnastique","Judo","natation"],"articleSection":["Multisports"],"inLanguage":"fr-FR","potentialAction":[{"@type":"CommentAction","name":"Comment","target":["https:\/\/dicodusport.fr\/blog\/foje-2023-les-bleuets-decrochent-cinq-medailles-laura-montauban-et-elijah-pasquier-en-or\/#respond"]}],"copyrightYear":"2023","copyrightHolder":{"@id":"https:\/\/dicodusport.fr\/blog\/#organization"}},{"@type":"WebPage","@id":"https:\/\/dicodusport.fr\/blog\/foje-2023-les-bleuets-decrochent-cinq-medailles-laura-montauban-et-elijah-pasquier-en-or\/","url":"https:\/\/dicodusport.fr\/blog\/foje-2023-les-bleuets-decrochent-cinq-medailles-laura-montauban-et-elijah-pasquier-en-or\/","name":"FOJE 2023 : Les Bleuets d\u00e9crochent cinq m\u00e9dailles, Laura Montauban et Elijah Pasquier en or","isPartOf":{"@id":"https:\/\/dicodusport.fr\/blog\/#website"},"primaryImageOfPage":{"@id":"https:\/\/dicodusport.fr\/blog\/foje-2023-les-bleuets-decrochent-cinq-medailles-laura-montauban-et-elijah-pasquier-en-or\/#primaryimage"},"image":{"@id":"https:\/\/dicodusport.fr\/blog\/foje-2023-les-bleuets-decrochent-cinq-medailles-laura-montauban-et-elijah-pasquier-en-or\/#primaryimage"},"thumbnailUrl":"https:\/\/dicodusport.fr\/blog\/wp-content\/uploads\/2023\/07\/FOJE-2023-Anthony-Mansard.png","datePublished":"2023-07-28T19:19:48+00:00","dateModified":"2023-07-28T21:51:42+00:00","description":"FOJE 2023 - Les Bleuets ont d\u00e9croch\u00e9 cinq m\u00e9dailles \u00e0 Maribor ce vendredi, dont deux en or en athl\u00e9tisme.","breadcrumb":{"@id":"https:\/\/dicodusport.fr\/blog\/foje-2023-les-bleuets-decrochent-cinq-medailles-laura-montauban-et-elijah-pasquier-en-or\/#breadcrumb"},"inLanguage":"fr-FR","potentialAction":[{"@type":"ReadAction","target":["https:\/\/dicodusport.fr\/blog\/foje-2023-les-bleuets-decrochent-cinq-medailles-laura-montauban-et-elijah-pasquier-en-or\/"]}]},{"@type":"ImageObject","inLanguage":"fr-FR","@id":"https:\/\/dicodusport.fr\/blog\/foje-2023-les-bleuets-decrochent-cinq-medailles-laura-montauban-et-elijah-pasquier-en-or\/#primaryimage","url":"https:\/\/dicodusport.fr\/blog\/wp-content\/uploads\/2023\/07\/FOJE-2023-Anthony-Mansard.png","contentUrl":"https:\/\/dicodusport.fr\/blog\/wp-content\/uploads\/2023\/07\/FOJE-2023-Anthony-Mansard.png","width":800,"height":445,"caption":"FOJE 2023 Anthony Mansard"},{"@type":"BreadcrumbList","@id":"https:\/\/dicodusport.fr\/blog\/foje-2023-les-bleuets-decrochent-cinq-medailles-laura-montauban-et-elijah-pasquier-en-or\/#breadcrumb","itemListElement":[{"@type":"ListItem","position":1,"name":"Accueil","item":"https:\/\/dicodusport.fr\/blog\/"},{"@type":"ListItem","position":2,"name":"FOJE 2023 : Les Bleuets d\u00e9crochent cinq m\u00e9dailles, Laura Montauban et Elijah Pasquier en or"}]},{"@type":"WebSite","@id":"https:\/\/dicodusport.fr\/blog\/#website","url":"https:\/\/dicodusport.fr\/blog\/","name":"Dicodusport","description":"L&#039;encyclop\u00e9die de l&#039;actualit\u00e9 sportive","publisher":{"@id":"https:\/\/dicodusport.fr\/blog\/#organization"},"potentialAction":[{"@type":"SearchAction","target":{"@type":"EntryPoint","urlTemplate":"https:\/\/dicodusport.fr\/blog\/?s={search_term_string}"},"query-input":{"@type":"PropertyValueSpecification","valueRequired":true,"valueName":"search_term_string"}}],"inLanguage":"fr-FR"},{"@type":"NewsMediaOrganization","@id":"https:\/\/dicodusport.fr\/blog\/#organization","name":"Dicodusport","url":"https:\/\/dicodusport.fr\/blog\/","logo":{"@type":"ImageObject","inLanguage":"fr-FR","@id":"https:\/\/dicodusport.fr\/blog\/#\/schema\/logo\/image\/","url":"https:\/\/dicodusport.fr\/blog\/wp-content\/uploads\/2020\/06\/cropped-LOGO-DICODUSPORT-2020-SANS-FOND-SANS-TEXTE.png","contentUrl":"https:\/\/dicodusport.fr\/blog\/wp-content\/uploads\/2020\/06\/cropped-LOGO-DICODUSPORT-2020-SANS-FOND-SANS-TEXTE.png","width":512,"height":512,"caption":"Dicodusport"},"image":{"@id":"https:\/\/dicodusport.fr\/blog\/#\/schema\/logo\/image\/"},"sameAs":["https:\/\/www.facebook.com\/dicodusport","https:\/\/x.com\/dicodusport","https:\/\/www.instagram.com\/dicodusport\/","https:\/\/www.youtube.com\/channel\/UC7V2KZ5sd3htJivAbA4ZG3w"],"description":"Dicodusport est l'encyclop\u00e9die de l'actualit\u00e9 sportive.","email":"bonjour@dicodusport.fr","legalName":"DICODUSPORT","foundingDate":"2018-01-14","vatID":"FR71834470973","taxID":"83447097300043","numberOfEmployees":{"@type":"QuantitativeValue","minValue":"1","maxValue":"10"}},{"@type":"Person","@id":"https:\/\/dicodusport.fr\/blog\/#\/schema\/person\/cce96fa88785bd8573e3d43078ac8c79","name":"Arlette Yeye","image":{"@type":"ImageObject","inLanguage":"fr-FR","@id":"https:\/\/dicodusport.fr\/blog\/#\/schema\/person\/image\/","url":"https:\/\/secure.gravatar.com\/avatar\/dca4a6239e6d708e46c45d60e160de6c?s=96&d=wp_user_avatar&r=g","contentUrl":"https:\/\/secure.gravatar.com\/avatar\/dca4a6239e6d708e46c45d60e160de6c?s=96&d=wp_user_avatar&r=g","caption":"Arlette Yeye"},"description":"Journaliste\/r\u00e9dactrice depuis septembre 2015 - Supportrice de Chelsea, j'ai pour sports de pr\u00e9dilection le handball, l'athl\u00e9tisme et le tennis. Si je tweete plus vite que mon ombre, vous pouvez aussi me retrouver les week-ends sur les playgrounds de Bruxelles pour un petit foot ou basket entre potes. Parcourir la France, l'Europe et plus si affinit\u00e9s pour suivre mes sportifs pr\u00e9f\u00e9r\u00e9s ? Mon kif ! Et c'est avec plaisir que je partage les r\u00e9sultats des sports populaires mais \u00e9galement plus confidentiels pour Dicodusport.","sameAs":["https:\/\/x.com\/https:\/\/twitter.com\/Shiclette94"],"url":"https:\/\/dicodusport.fr\/blog\/author\/arlette\/"}]}},"_links":{"self":[{"href":"https:\/\/dicodusport.fr\/blog\/wp-json\/wp\/v2\/posts\/403857","targetHints":{"allow":["GET"]}}],"collection":[{"href":"https:\/\/dicodusport.fr\/blog\/wp-json\/wp\/v2\/posts"}],"about":[{"href":"https:\/\/dicodusport.fr\/blog\/wp-json\/wp\/v2\/types\/post"}],"author":[{"embeddable":true,"href":"https:\/\/dicodusport.fr\/blog\/wp-json\/wp\/v2\/users\/12"}],"replies":[{"embeddable":true,"href":"https:\/\/dicodusport.fr\/blog\/wp-json\/wp\/v2\/comments?post=403857"}],"version-history":[{"count":0,"href":"https:\/\/dicodusport.fr\/blog\/wp-json\/wp\/v2\/posts\/403857\/revisions"}],"wp:featuredmedia":[{"embeddable":true,"href":"https:\/\/dicodusport.fr\/blog\/wp-json\/wp\/v2\/media\/403865"}],"wp:attachment":[{"href":"https:\/\/dicodusport.fr\/blog\/wp-json\/wp\/v2\/media?parent=403857"}],"wp:term":[{"taxonomy":"category","embeddable":true,"href":"https:\/\/dicodusport.fr\/blog\/wp-json\/wp\/v2\/categories?post=403857"},{"taxonomy":"post_tag","embeddable":true,"href":"https:\/\/dicodusport.fr\/blog\/wp-json\/wp\/v2\/tags?post=403857"}],"curies":[{"name":"wp","href":"https:\/\/api.w.org\/{rel}","templated":true}]}}