{"id":403917,"date":"2023-07-28T18:39:17","date_gmt":"2023-07-28T16:39:17","guid":{"rendered":"https:\/\/dicodusport.fr\/blog\/?p=403917&#038;preview=true&#038;preview_id=403917"},"modified":"2023-07-28T18:47:24","modified_gmt":"2023-07-28T16:47:24","slug":"wta-lausanne-clara-burel-rejoint-diane-parry-en-demi-finales","status":"publish","type":"post","link":"https:\/\/dicodusport.fr\/blog\/wta-lausanne-clara-burel-rejoint-diane-parry-en-demi-finales\/","title":{"rendered":"WTA Lausanne : Clara Burel rejoint Diane Parry en demi-finales"},"content":{"rendered":"<p style=\"text-align: justify;\" align=\"justify\"><em><strong><a href=\"https:\/\/dicodusport.fr\/blog\/wta-250-le-tableau-du-tournoi-feminin-de-lausanne-2023\/\">TOURNOI WTA 250 DE LAUSANNE<\/a> &#8211; Il y aura une Fran\u00e7aise en finale en Suisse, puisque Clara Burel, qui dominait Ana Bogdan avant l&rsquo;abandon de la Roumaine, affrontera Diane Parry demain en demi-finales.\u00a0<\/strong><\/em><\/p>\n<p align=\"justify\">Pour le dernier quart de finale de la journ\u00e9e, <strong>Clara Burel,<\/strong> malgr\u00e9 sa bonne forme, n&rsquo;\u00e9tait clairement pas favorite. Sa rivale, <strong>Ana Bogdan<\/strong>, venait de r\u00e9int\u00e9grer le Top 40 gr\u00e2ce \u00e0 une s\u00e9rie de bons r\u00e9sultats, dont un succ\u00e8s en 125K la semaine pass\u00e9e. Mais \u00e0 l&rsquo;endroit o\u00f9 elle avait disput\u00e9 son unique finale WTA en 2021, la Fran\u00e7aise avait toutes ses chances.<\/p>\n<p align=\"justify\">Mais cette affiche a \u00e9t\u00e9 tronqu\u00e9e rapidement, quand la Roumaine, pour une raison inconnue, a pris un temps mort m\u00e9dical alors que la Tricolore venait de breaker pour mener <strong>4-3.<\/strong> Semblant au bord de la crise de nerfs, <strong>Ana Bogdan<\/strong> est revenue sur le court mais n&rsquo;\u00e9tait plus que l&rsquo;ombre d&rsquo;elle-m\u00eame. Elle a continu\u00e9 pendant quelques jeux avant d&rsquo;abandonner, men\u00e9e<strong> 6-3, 1-0<\/strong>. <strong>Clara Burel<\/strong>, qui semblait bien en place, profite de l&rsquo;aubaine et rejoint les demi-finales o\u00f9 elle affrontera <strong>Diane Parry<\/strong>, laur\u00e9ate plus t\u00f4t d&rsquo;<strong>Aliz\u00e9 Cornet<\/strong>, garantissant la pr\u00e9sence d&rsquo;une Fran\u00e7aise en finale pour la quatri\u00e8me fois sur les cinq derni\u00e8res \u00e9ditions.<\/p>\n<blockquote class=\"twitter-tweet\">\n<p dir=\"ltr\" lang=\"fr\">BUREL REJOINT PARRY \ud83c\uddeb\ud83c\uddf7<\/p>\n<p>Clara Burel profite de l\u2019abandon de Bogdan (6-3 1-0 ab.) pour atteindre sa deuxi\u00e8me 1\/2 de la saison apr\u00e8s Strasbourg fin mai ! \ud83d\udc4f\ud83d\udd25<\/p>\n<p>Elle y retrouvera Diane Parry pour une place en finale. <a href=\"https:\/\/t.co\/ac07dSHKgS\">pic.twitter.com\/ac07dSHKgS<\/a><\/p>\n<p>\u2014 Avantage Tennis \ud83c\udfbe (@AvantageTennis_) <a href=\"https:\/\/twitter.com\/AvantageTennis_\/status\/1684966590645772291?ref_src=twsrc%5Etfw\">July 28, 2023<\/a><\/p><\/blockquote>\n<p><script async src=\"https:\/\/platform.twitter.com\/widgets.js\" charset=\"utf-8\"><\/script><\/p>\n","protected":false},"excerpt":{"rendered":"<p>TOURNOI WTA 250 DE LAUSANNE &#8211; Il y aura une Fran\u00e7aise en finale en Suisse, puisque Clara Burel, qui dominait Ana Bogdan avant l&rsquo;abandon de la Roumaine, affrontera Diane Parry demain en demi-finales.\u00a0<\/p>\n","protected":false},"author":59,"featured_media":403920,"comment_status":"open","ping_status":"closed","sticky":false,"template":"","format":"standard","meta":{"_acf_changed":false,"_daextam_enable_autolinks":"","footnotes":""},"categories":[2302],"tags":[16878,3540,17919],"class_list":["post-403917","post","type-post","status-publish","format-standard","has-post-thumbnail","hentry","category-tennis","tag-breve","tag-clara-burel","tag-wta-250-lausanne"],"acf":[],"yoast_head":"<!-- This site is optimized with the Yoast SEO Premium plugin v26.7 (Yoast SEO v26.7) - https:\/\/yoast.com\/wordpress\/plugins\/seo\/ -->\n<title>WTA Lausanne : Clara Burel rejoint Diane Parry en demi-finales<\/title>\n<meta name=\"description\" content=\"TOURNOI WTA 250 DE LAUSANNE - Clara Burel, qui dominait Ana Bogdan avant l&#039;abandon de la Roumaine, affrontera Diane Parry demain en demi-finales.\u00a0\" \/>\n<meta name=\"robots\" content=\"index, follow, max-snippet:-1, max-image-preview:large, max-video-preview:-1\" \/>\n<link rel=\"canonical\" href=\"https:\/\/dicodusport.fr\/blog\/wta-lausanne-clara-burel-rejoint-diane-parry-en-demi-finales\/\" \/>\n<meta property=\"og:locale\" content=\"fr_FR\" \/>\n<meta property=\"og:type\" content=\"article\" \/>\n<meta property=\"og:title\" content=\"WTA Lausanne : Clara Burel rejoint Diane Parry en demi-finales\" \/>\n<meta property=\"og:description\" content=\"TOURNOI WTA 250 DE LAUSANNE - Clara Burel, qui dominait Ana Bogdan avant l&#039;abandon de la Roumaine, affrontera Diane Parry demain en demi-finales.\u00a0\" \/>\n<meta property=\"og:url\" content=\"https:\/\/dicodusport.fr\/blog\/wta-lausanne-clara-burel-rejoint-diane-parry-en-demi-finales\/\" \/>\n<meta property=\"og:site_name\" content=\"Dicodusport\" \/>\n<meta property=\"article:publisher\" content=\"https:\/\/www.facebook.com\/dicodusport\" \/>\n<meta property=\"article:author\" content=\"https:\/\/www.facebook.com\/sebastien.gente\/\" \/>\n<meta property=\"article:published_time\" content=\"2023-07-28T16:39:17+00:00\" \/>\n<meta property=\"article:modified_time\" content=\"2023-07-28T16:47:24+00:00\" \/>\n<meta property=\"og:image\" content=\"https:\/\/dicodusport.fr\/blog\/wp-content\/uploads\/2023\/07\/WTA-Lausanne-Clara-Burel-rejoint-Diane-Parry-en-demi-finales.png\" \/>\n\t<meta property=\"og:image:width\" content=\"800\" \/>\n\t<meta property=\"og:image:height\" content=\"445\" \/>\n\t<meta property=\"og:image:type\" content=\"image\/png\" \/>\n<meta name=\"author\" content=\"S\u00e9bastien Gente\" \/>\n<meta name=\"twitter:card\" content=\"summary_large_image\" \/>\n<meta name=\"twitter:title\" content=\"WTA Lausanne : Clara Burel rejoint Diane Parry en demi-finales\" \/>\n<meta name=\"twitter:creator\" content=\"@https:\/\/twitter.com\/globulo24\" \/>\n<meta name=\"twitter:site\" content=\"@dicodusport\" \/>\n<script type=\"application\/ld+json\" class=\"yoast-schema-graph\">{\"@context\":\"https:\/\/schema.org\",\"@graph\":[{\"@type\":\"NewsArticle\",\"@id\":\"https:\/\/dicodusport.fr\/blog\/wta-lausanne-clara-burel-rejoint-diane-parry-en-demi-finales\/#article\",\"isPartOf\":{\"@id\":\"https:\/\/dicodusport.fr\/blog\/wta-lausanne-clara-burel-rejoint-diane-parry-en-demi-finales\/\"},\"author\":{\"name\":\"S\u00e9bastien Gente\",\"@id\":\"https:\/\/dicodusport.fr\/blog\/#\/schema\/person\/627966a6cde45dbd8c5e36ac85d783da\"},\"headline\":\"WTA Lausanne : Clara Burel rejoint Diane Parry en demi-finales\",\"datePublished\":\"2023-07-28T16:39:17+00:00\",\"dateModified\":\"2023-07-28T16:47:24+00:00\",\"mainEntityOfPage\":{\"@id\":\"https:\/\/dicodusport.fr\/blog\/wta-lausanne-clara-burel-rejoint-diane-parry-en-demi-finales\/\"},\"wordCount\":278,\"commentCount\":0,\"publisher\":{\"@id\":\"https:\/\/dicodusport.fr\/blog\/#organization\"},\"image\":{\"@id\":\"https:\/\/dicodusport.fr\/blog\/wta-lausanne-clara-burel-rejoint-diane-parry-en-demi-finales\/#primaryimage\"},\"thumbnailUrl\":\"https:\/\/dicodusport.fr\/blog\/wp-content\/uploads\/2023\/07\/WTA-Lausanne-Clara-Burel-rejoint-Diane-Parry-en-demi-finales.png\",\"keywords\":[\"br\u00e8ve\",\"Clara Burel\",\"WTA 250 Lausanne\"],\"articleSection\":[\"Tennis\"],\"inLanguage\":\"fr-FR\",\"potentialAction\":[{\"@type\":\"CommentAction\",\"name\":\"Comment\",\"target\":[\"https:\/\/dicodusport.fr\/blog\/wta-lausanne-clara-burel-rejoint-diane-parry-en-demi-finales\/#respond\"]}],\"copyrightYear\":\"2023\",\"copyrightHolder\":{\"@id\":\"https:\/\/dicodusport.fr\/blog\/#organization\"}},{\"@type\":\"WebPage\",\"@id\":\"https:\/\/dicodusport.fr\/blog\/wta-lausanne-clara-burel-rejoint-diane-parry-en-demi-finales\/\",\"url\":\"https:\/\/dicodusport.fr\/blog\/wta-lausanne-clara-burel-rejoint-diane-parry-en-demi-finales\/\",\"name\":\"WTA Lausanne : Clara Burel rejoint Diane Parry en demi-finales\",\"isPartOf\":{\"@id\":\"https:\/\/dicodusport.fr\/blog\/#website\"},\"primaryImageOfPage\":{\"@id\":\"https:\/\/dicodusport.fr\/blog\/wta-lausanne-clara-burel-rejoint-diane-parry-en-demi-finales\/#primaryimage\"},\"image\":{\"@id\":\"https:\/\/dicodusport.fr\/blog\/wta-lausanne-clara-burel-rejoint-diane-parry-en-demi-finales\/#primaryimage\"},\"thumbnailUrl\":\"https:\/\/dicodusport.fr\/blog\/wp-content\/uploads\/2023\/07\/WTA-Lausanne-Clara-Burel-rejoint-Diane-Parry-en-demi-finales.png\",\"datePublished\":\"2023-07-28T16:39:17+00:00\",\"dateModified\":\"2023-07-28T16:47:24+00:00\",\"description\":\"TOURNOI WTA 250 DE LAUSANNE - Clara Burel, qui dominait Ana Bogdan avant l'abandon de la Roumaine, affrontera Diane Parry demain en demi-finales.\u00a0\",\"breadcrumb\":{\"@id\":\"https:\/\/dicodusport.fr\/blog\/wta-lausanne-clara-burel-rejoint-diane-parry-en-demi-finales\/#breadcrumb\"},\"inLanguage\":\"fr-FR\",\"potentialAction\":[{\"@type\":\"ReadAction\",\"target\":[\"https:\/\/dicodusport.fr\/blog\/wta-lausanne-clara-burel-rejoint-diane-parry-en-demi-finales\/\"]}]},{\"@type\":\"ImageObject\",\"inLanguage\":\"fr-FR\",\"@id\":\"https:\/\/dicodusport.fr\/blog\/wta-lausanne-clara-burel-rejoint-diane-parry-en-demi-finales\/#primaryimage\",\"url\":\"https:\/\/dicodusport.fr\/blog\/wp-content\/uploads\/2023\/07\/WTA-Lausanne-Clara-Burel-rejoint-Diane-Parry-en-demi-finales.png\",\"contentUrl\":\"https:\/\/dicodusport.fr\/blog\/wp-content\/uploads\/2023\/07\/WTA-Lausanne-Clara-Burel-rejoint-Diane-Parry-en-demi-finales.png\",\"width\":800,\"height\":445,\"caption\":\"WTA Lausanne Clara Burel rejoint Diane Parry en demi-finales\"},{\"@type\":\"BreadcrumbList\",\"@id\":\"https:\/\/dicodusport.fr\/blog\/wta-lausanne-clara-burel-rejoint-diane-parry-en-demi-finales\/#breadcrumb\",\"itemListElement\":[{\"@type\":\"ListItem\",\"position\":1,\"name\":\"Accueil\",\"item\":\"https:\/\/dicodusport.fr\/blog\/\"},{\"@type\":\"ListItem\",\"position\":2,\"name\":\"WTA Lausanne : Clara Burel rejoint Diane Parry en demi-finales\"}]},{\"@type\":\"WebSite\",\"@id\":\"https:\/\/dicodusport.fr\/blog\/#website\",\"url\":\"https:\/\/dicodusport.fr\/blog\/\",\"name\":\"Dicodusport\",\"description\":\"L&#039;encyclop\u00e9die de l&#039;actualit\u00e9 sportive\",\"publisher\":{\"@id\":\"https:\/\/dicodusport.fr\/blog\/#organization\"},\"potentialAction\":[{\"@type\":\"SearchAction\",\"target\":{\"@type\":\"EntryPoint\",\"urlTemplate\":\"https:\/\/dicodusport.fr\/blog\/?s={search_term_string}\"},\"query-input\":{\"@type\":\"PropertyValueSpecification\",\"valueRequired\":true,\"valueName\":\"search_term_string\"}}],\"inLanguage\":\"fr-FR\"},{\"@type\":\"NewsMediaOrganization\",\"@id\":\"https:\/\/dicodusport.fr\/blog\/#organization\",\"name\":\"Dicodusport\",\"url\":\"https:\/\/dicodusport.fr\/blog\/\",\"logo\":{\"@type\":\"ImageObject\",\"inLanguage\":\"fr-FR\",\"@id\":\"https:\/\/dicodusport.fr\/blog\/#\/schema\/logo\/image\/\",\"url\":\"https:\/\/dicodusport.fr\/blog\/wp-content\/uploads\/2020\/06\/cropped-LOGO-DICODUSPORT-2020-SANS-FOND-SANS-TEXTE.png\",\"contentUrl\":\"https:\/\/dicodusport.fr\/blog\/wp-content\/uploads\/2020\/06\/cropped-LOGO-DICODUSPORT-2020-SANS-FOND-SANS-TEXTE.png\",\"width\":512,\"height\":512,\"caption\":\"Dicodusport\"},\"image\":{\"@id\":\"https:\/\/dicodusport.fr\/blog\/#\/schema\/logo\/image\/\"},\"sameAs\":[\"https:\/\/www.facebook.com\/dicodusport\",\"https:\/\/x.com\/dicodusport\",\"https:\/\/www.instagram.com\/dicodusport\/\",\"https:\/\/www.youtube.com\/channel\/UC7V2KZ5sd3htJivAbA4ZG3w\"],\"description\":\"Dicodusport est l'encyclop\u00e9die de l'actualit\u00e9 sportive.\",\"email\":\"bonjour@dicodusport.fr\",\"legalName\":\"DICODUSPORT\",\"foundingDate\":\"2018-01-14\",\"vatID\":\"FR71834470973\",\"taxID\":\"83447097300043\",\"numberOfEmployees\":{\"@type\":\"QuantitativeValue\",\"minValue\":\"1\",\"maxValue\":\"10\"}},{\"@type\":\"Person\",\"@id\":\"https:\/\/dicodusport.fr\/blog\/#\/schema\/person\/627966a6cde45dbd8c5e36ac85d783da\",\"name\":\"S\u00e9bastien Gente\",\"image\":{\"@type\":\"ImageObject\",\"inLanguage\":\"fr-FR\",\"@id\":\"https:\/\/dicodusport.fr\/blog\/#\/schema\/person\/image\/\",\"url\":\"https:\/\/dicodusport.fr\/blog\/wp-content\/uploads\/2021\/09\/1510990_10205810251400683_4124423575079401707_n-150x150.jpg\",\"contentUrl\":\"https:\/\/dicodusport.fr\/blog\/wp-content\/uploads\/2021\/09\/1510990_10205810251400683_4124423575079401707_n-150x150.jpg\",\"caption\":\"S\u00e9bastien Gente\"},\"description\":\"John Stockton, Gianni Bugno, Zinedine Zidane, Steffi Graf, Frode Andresen, St\u00e9phane Stoecklin, Davis Kamoga, Primoz Peterka, Werner Schlager et Aur\u00e9lien Rougerie. Point commun entre ces sportifs? Ils m'ont fait r\u00eaver et ont berc\u00e9 mon adolescence. Je suis un fondu de sports et j'essaie de retranscrire ma passion \u00e0 travers mes articles. Originaire du P\u00e9rigord, ma passion pour les Girondins, les Jaunards et les Jazzmen transpire dans mes \u00e9crits. \u00c0 Dicodusport depuis 2021, je d\u00e9niche les sports m\u00e9connus dans lesquels la France brille, et il y en a !\",\"sameAs\":[\"https:\/\/www.facebook.com\/sebastien.gente\/\",\"https:\/\/www.instagram.com\/sebgente\/\",\"https:\/\/www.linkedin.com\/in\/sbastien-gente-a29583169\/\",\"https:\/\/x.com\/https:\/\/twitter.com\/globulo24\",\"SebastienGente\"],\"worksFor\":\"S\u00e9bastien GENTE\",\"url\":\"https:\/\/dicodusport.fr\/blog\/author\/sebastiengente\/\"}]}<\/script>\n<!-- \/ Yoast SEO Premium plugin. -->","yoast_head_json":{"title":"WTA Lausanne : Clara Burel rejoint Diane Parry en demi-finales","description":"TOURNOI WTA 250 DE LAUSANNE - Clara Burel, qui dominait Ana Bogdan avant l'abandon de la Roumaine, affrontera Diane Parry demain en demi-finales.\u00a0","robots":{"index":"index","follow":"follow","max-snippet":"max-snippet:-1","max-image-preview":"max-image-preview:large","max-video-preview":"max-video-preview:-1"},"canonical":"https:\/\/dicodusport.fr\/blog\/wta-lausanne-clara-burel-rejoint-diane-parry-en-demi-finales\/","og_locale":"fr_FR","og_type":"article","og_title":"WTA Lausanne : Clara Burel rejoint Diane Parry en demi-finales","og_description":"TOURNOI WTA 250 DE LAUSANNE - Clara Burel, qui dominait Ana Bogdan avant l'abandon de la Roumaine, affrontera Diane Parry demain en demi-finales.\u00a0","og_url":"https:\/\/dicodusport.fr\/blog\/wta-lausanne-clara-burel-rejoint-diane-parry-en-demi-finales\/","og_site_name":"Dicodusport","article_publisher":"https:\/\/www.facebook.com\/dicodusport","article_author":"https:\/\/www.facebook.com\/sebastien.gente\/","article_published_time":"2023-07-28T16:39:17+00:00","article_modified_time":"2023-07-28T16:47:24+00:00","og_image":[{"width":800,"height":445,"url":"https:\/\/dicodusport.fr\/blog\/wp-content\/uploads\/2023\/07\/WTA-Lausanne-Clara-Burel-rejoint-Diane-Parry-en-demi-finales.png","type":"image\/png"}],"author":"S\u00e9bastien Gente","twitter_card":"summary_large_image","twitter_title":"WTA Lausanne : Clara Burel rejoint Diane Parry en demi-finales","twitter_creator":"@https:\/\/twitter.com\/globulo24","twitter_site":"@dicodusport","schema":{"@context":"https:\/\/schema.org","@graph":[{"@type":"NewsArticle","@id":"https:\/\/dicodusport.fr\/blog\/wta-lausanne-clara-burel-rejoint-diane-parry-en-demi-finales\/#article","isPartOf":{"@id":"https:\/\/dicodusport.fr\/blog\/wta-lausanne-clara-burel-rejoint-diane-parry-en-demi-finales\/"},"author":{"name":"S\u00e9bastien Gente","@id":"https:\/\/dicodusport.fr\/blog\/#\/schema\/person\/627966a6cde45dbd8c5e36ac85d783da"},"headline":"WTA Lausanne : Clara Burel rejoint Diane Parry en demi-finales","datePublished":"2023-07-28T16:39:17+00:00","dateModified":"2023-07-28T16:47:24+00:00","mainEntityOfPage":{"@id":"https:\/\/dicodusport.fr\/blog\/wta-lausanne-clara-burel-rejoint-diane-parry-en-demi-finales\/"},"wordCount":278,"commentCount":0,"publisher":{"@id":"https:\/\/dicodusport.fr\/blog\/#organization"},"image":{"@id":"https:\/\/dicodusport.fr\/blog\/wta-lausanne-clara-burel-rejoint-diane-parry-en-demi-finales\/#primaryimage"},"thumbnailUrl":"https:\/\/dicodusport.fr\/blog\/wp-content\/uploads\/2023\/07\/WTA-Lausanne-Clara-Burel-rejoint-Diane-Parry-en-demi-finales.png","keywords":["br\u00e8ve","Clara Burel","WTA 250 Lausanne"],"articleSection":["Tennis"],"inLanguage":"fr-FR","potentialAction":[{"@type":"CommentAction","name":"Comment","target":["https:\/\/dicodusport.fr\/blog\/wta-lausanne-clara-burel-rejoint-diane-parry-en-demi-finales\/#respond"]}],"copyrightYear":"2023","copyrightHolder":{"@id":"https:\/\/dicodusport.fr\/blog\/#organization"}},{"@type":"WebPage","@id":"https:\/\/dicodusport.fr\/blog\/wta-lausanne-clara-burel-rejoint-diane-parry-en-demi-finales\/","url":"https:\/\/dicodusport.fr\/blog\/wta-lausanne-clara-burel-rejoint-diane-parry-en-demi-finales\/","name":"WTA Lausanne : Clara Burel rejoint Diane Parry en demi-finales","isPartOf":{"@id":"https:\/\/dicodusport.fr\/blog\/#website"},"primaryImageOfPage":{"@id":"https:\/\/dicodusport.fr\/blog\/wta-lausanne-clara-burel-rejoint-diane-parry-en-demi-finales\/#primaryimage"},"image":{"@id":"https:\/\/dicodusport.fr\/blog\/wta-lausanne-clara-burel-rejoint-diane-parry-en-demi-finales\/#primaryimage"},"thumbnailUrl":"https:\/\/dicodusport.fr\/blog\/wp-content\/uploads\/2023\/07\/WTA-Lausanne-Clara-Burel-rejoint-Diane-Parry-en-demi-finales.png","datePublished":"2023-07-28T16:39:17+00:00","dateModified":"2023-07-28T16:47:24+00:00","description":"TOURNOI WTA 250 DE LAUSANNE - Clara Burel, qui dominait Ana Bogdan avant l'abandon de la Roumaine, affrontera Diane Parry demain en demi-finales.\u00a0","breadcrumb":{"@id":"https:\/\/dicodusport.fr\/blog\/wta-lausanne-clara-burel-rejoint-diane-parry-en-demi-finales\/#breadcrumb"},"inLanguage":"fr-FR","potentialAction":[{"@type":"ReadAction","target":["https:\/\/dicodusport.fr\/blog\/wta-lausanne-clara-burel-rejoint-diane-parry-en-demi-finales\/"]}]},{"@type":"ImageObject","inLanguage":"fr-FR","@id":"https:\/\/dicodusport.fr\/blog\/wta-lausanne-clara-burel-rejoint-diane-parry-en-demi-finales\/#primaryimage","url":"https:\/\/dicodusport.fr\/blog\/wp-content\/uploads\/2023\/07\/WTA-Lausanne-Clara-Burel-rejoint-Diane-Parry-en-demi-finales.png","contentUrl":"https:\/\/dicodusport.fr\/blog\/wp-content\/uploads\/2023\/07\/WTA-Lausanne-Clara-Burel-rejoint-Diane-Parry-en-demi-finales.png","width":800,"height":445,"caption":"WTA Lausanne Clara Burel rejoint Diane Parry en demi-finales"},{"@type":"BreadcrumbList","@id":"https:\/\/dicodusport.fr\/blog\/wta-lausanne-clara-burel-rejoint-diane-parry-en-demi-finales\/#breadcrumb","itemListElement":[{"@type":"ListItem","position":1,"name":"Accueil","item":"https:\/\/dicodusport.fr\/blog\/"},{"@type":"ListItem","position":2,"name":"WTA Lausanne : Clara Burel rejoint Diane Parry en demi-finales"}]},{"@type":"WebSite","@id":"https:\/\/dicodusport.fr\/blog\/#website","url":"https:\/\/dicodusport.fr\/blog\/","name":"Dicodusport","description":"L&#039;encyclop\u00e9die de l&#039;actualit\u00e9 sportive","publisher":{"@id":"https:\/\/dicodusport.fr\/blog\/#organization"},"potentialAction":[{"@type":"SearchAction","target":{"@type":"EntryPoint","urlTemplate":"https:\/\/dicodusport.fr\/blog\/?s={search_term_string}"},"query-input":{"@type":"PropertyValueSpecification","valueRequired":true,"valueName":"search_term_string"}}],"inLanguage":"fr-FR"},{"@type":"NewsMediaOrganization","@id":"https:\/\/dicodusport.fr\/blog\/#organization","name":"Dicodusport","url":"https:\/\/dicodusport.fr\/blog\/","logo":{"@type":"ImageObject","inLanguage":"fr-FR","@id":"https:\/\/dicodusport.fr\/blog\/#\/schema\/logo\/image\/","url":"https:\/\/dicodusport.fr\/blog\/wp-content\/uploads\/2020\/06\/cropped-LOGO-DICODUSPORT-2020-SANS-FOND-SANS-TEXTE.png","contentUrl":"https:\/\/dicodusport.fr\/blog\/wp-content\/uploads\/2020\/06\/cropped-LOGO-DICODUSPORT-2020-SANS-FOND-SANS-TEXTE.png","width":512,"height":512,"caption":"Dicodusport"},"image":{"@id":"https:\/\/dicodusport.fr\/blog\/#\/schema\/logo\/image\/"},"sameAs":["https:\/\/www.facebook.com\/dicodusport","https:\/\/x.com\/dicodusport","https:\/\/www.instagram.com\/dicodusport\/","https:\/\/www.youtube.com\/channel\/UC7V2KZ5sd3htJivAbA4ZG3w"],"description":"Dicodusport est l'encyclop\u00e9die de l'actualit\u00e9 sportive.","email":"bonjour@dicodusport.fr","legalName":"DICODUSPORT","foundingDate":"2018-01-14","vatID":"FR71834470973","taxID":"83447097300043","numberOfEmployees":{"@type":"QuantitativeValue","minValue":"1","maxValue":"10"}},{"@type":"Person","@id":"https:\/\/dicodusport.fr\/blog\/#\/schema\/person\/627966a6cde45dbd8c5e36ac85d783da","name":"S\u00e9bastien Gente","image":{"@type":"ImageObject","inLanguage":"fr-FR","@id":"https:\/\/dicodusport.fr\/blog\/#\/schema\/person\/image\/","url":"https:\/\/dicodusport.fr\/blog\/wp-content\/uploads\/2021\/09\/1510990_10205810251400683_4124423575079401707_n-150x150.jpg","contentUrl":"https:\/\/dicodusport.fr\/blog\/wp-content\/uploads\/2021\/09\/1510990_10205810251400683_4124423575079401707_n-150x150.jpg","caption":"S\u00e9bastien Gente"},"description":"John Stockton, Gianni Bugno, Zinedine Zidane, Steffi Graf, Frode Andresen, St\u00e9phane Stoecklin, Davis Kamoga, Primoz Peterka, Werner Schlager et Aur\u00e9lien Rougerie. Point commun entre ces sportifs? Ils m'ont fait r\u00eaver et ont berc\u00e9 mon adolescence. Je suis un fondu de sports et j'essaie de retranscrire ma passion \u00e0 travers mes articles. Originaire du P\u00e9rigord, ma passion pour les Girondins, les Jaunards et les Jazzmen transpire dans mes \u00e9crits. \u00c0 Dicodusport depuis 2021, je d\u00e9niche les sports m\u00e9connus dans lesquels la France brille, et il y en a !","sameAs":["https:\/\/www.facebook.com\/sebastien.gente\/","https:\/\/www.instagram.com\/sebgente\/","https:\/\/www.linkedin.com\/in\/sbastien-gente-a29583169\/","https:\/\/x.com\/https:\/\/twitter.com\/globulo24","SebastienGente"],"worksFor":"S\u00e9bastien GENTE","url":"https:\/\/dicodusport.fr\/blog\/author\/sebastiengente\/"}]}},"_links":{"self":[{"href":"https:\/\/dicodusport.fr\/blog\/wp-json\/wp\/v2\/posts\/403917","targetHints":{"allow":["GET"]}}],"collection":[{"href":"https:\/\/dicodusport.fr\/blog\/wp-json\/wp\/v2\/posts"}],"about":[{"href":"https:\/\/dicodusport.fr\/blog\/wp-json\/wp\/v2\/types\/post"}],"author":[{"embeddable":true,"href":"https:\/\/dicodusport.fr\/blog\/wp-json\/wp\/v2\/users\/59"}],"replies":[{"embeddable":true,"href":"https:\/\/dicodusport.fr\/blog\/wp-json\/wp\/v2\/comments?post=403917"}],"version-history":[{"count":0,"href":"https:\/\/dicodusport.fr\/blog\/wp-json\/wp\/v2\/posts\/403917\/revisions"}],"wp:featuredmedia":[{"embeddable":true,"href":"https:\/\/dicodusport.fr\/blog\/wp-json\/wp\/v2\/media\/403920"}],"wp:attachment":[{"href":"https:\/\/dicodusport.fr\/blog\/wp-json\/wp\/v2\/media?parent=403917"}],"wp:term":[{"taxonomy":"category","embeddable":true,"href":"https:\/\/dicodusport.fr\/blog\/wp-json\/wp\/v2\/categories?post=403917"},{"taxonomy":"post_tag","embeddable":true,"href":"https:\/\/dicodusport.fr\/blog\/wp-json\/wp\/v2\/tags?post=403917"}],"curies":[{"name":"wp","href":"https:\/\/api.w.org\/{rel}","templated":true}]}}