{"id":404260,"date":"2023-07-29T21:50:28","date_gmt":"2023-07-29T19:50:28","guid":{"rendered":"https:\/\/dicodusport.fr\/blog\/?p=404260&#038;preview=true&#038;preview_id=404260"},"modified":"2023-07-29T23:42:58","modified_gmt":"2023-07-29T21:42:58","slug":"wta-lausanne-clara-burel-domine-diane-parry-et-retrouve-la-finale-en-suisse","status":"publish","type":"post","link":"https:\/\/dicodusport.fr\/blog\/wta-lausanne-clara-burel-domine-diane-parry-et-retrouve-la-finale-en-suisse\/","title":{"rendered":"WTA Lausanne : Clara Burel domine Diane Parry et retrouve la finale en Suisse"},"content":{"rendered":"<p style=\"text-align: justify;\" align=\"justify\"><em><strong><a href=\"https:\/\/dicodusport.fr\/blog\/wta-250-le-tableau-du-tournoi-feminin-de-lausanne-2023\/\">TOURNOI WTA 250 DE LAUSANNE<\/a> &#8211; Deux ans apr\u00e8s son unique finale WTA ici m\u00eame, Clara Burel va remettre \u00e7a demain, apr\u00e8s une belle empoignade avec Diane Parry.\u00a0<\/strong><\/em><\/p>\n<p align=\"justify\">Une chose \u00e9tait certaine, une Fran\u00e7aise disputerait demain la finale du tournoi suisse. Mais compliqu\u00e9 de d\u00e9finir une favorite. <strong>Clara Burel<\/strong> revenait sur un court o\u00f9 elle avait disput\u00e9 son unique finale WTA en 2021, un stade que n&rsquo;avait pas encore franchi<strong> Diane Parry<\/strong>. Cependant, apr\u00e8s une longue journ\u00e9e d&rsquo;attente due \u00e0 la pluie, les cartes \u00e9taient redistribu\u00e9es.<\/p>\n<p align=\"justify\"><strong>Diane Parry<\/strong> a prouv\u00e9 cet \u00e9tat de fait en breakant d\u00e8s le premier jeu pour mener <strong>2-0<\/strong>. Le d\u00e9but d&rsquo;une s\u00e9rie, celle des deux joueuses qui gagnent deux jeux d&rsquo;affil\u00e9e en \u00e9chouant \u00e0 cr\u00e9er un vrai \u00e9cart. Une s\u00e9rie que <strong>Parry<\/strong> brisera \u00e0 <strong>4-3<\/strong>, gagnant son service pour se rapprocher du gain de la manche. Malgr\u00e9 une terre battue lourde ne favorisant pas particuli\u00e8rement son jeu, elle tient bon et plie le premier set <strong>6-4<\/strong>.<\/p>\n<h2 align=\"justify\">Burel renverse la partie<\/h2>\n<p align=\"justify\">De quoi mettre en rage <strong>Clara Burel,<\/strong> qui breake la premi\u00e8re dans le deuxi\u00e8me set et m\u00e8ne <strong>3-0<\/strong>. <strong>Parry<\/strong> conna\u00eet un vrai creux, et se voit forc\u00e9e de sauver une balle de double break. Avant de se ressaisir, et de d\u00e9breaker en variant parfaitement pour revenir \u00e0 <strong>3-3<\/strong>. Un jeu d&rsquo;\u00e9checs d\u00e9bute alors, les deux joueuses se montrant solides sur leur engagement. <strong>Clara Burel<\/strong> n&rsquo;h\u00e9sitait plus \u00e0 monter au filet, la partie \u00e9tait extr\u00eamement \u00e9quilibr\u00e9e, et la manche devait se d\u00e9cider au tie-break.<\/p>\n<p align=\"justify\">L\u00e0, <strong>Clara Burel<\/strong> hausse s\u00e9rieusement le ton, notamment au retour, et survole le jeu d\u00e9cisif (<strong>7-2<\/strong>), embarquant sa rivale dans une troisi\u00e8me manche. <strong>Diane Parry<\/strong> tente alors de serrer le jeu pour contrer une rivale de plus en plus offensive, mais rien n&rsquo;y fait, elle c\u00e8de son engagement une puis deux fois, et <strong>Burel<\/strong> semble filer vers la victoire.<\/p>\n<p align=\"justify\">Le match a tourn\u00e9 pour de bon, <strong>Parry<\/strong> n&rsquo;y est plus et <strong>Clara Burel<\/strong> d\u00e9roule pour s&rsquo;imposer <strong>4-6, 7-6 (2), 6-3, <\/strong>malgr\u00e9 un joli baroud d&rsquo;honneur de sa rivale. Un succ\u00e8s qui lui offre une deuxi\u00e8me finale sur le circuit WTA, deux ans apr\u00e8s la premi\u00e8re, d\u00e9j\u00e0 \u00e0 Lausanne, quand elle avait men\u00e9 d&rsquo;un set et un break contre <strong>Tamara Zidansek<\/strong> avant de s&rsquo;\u00e9crouler. L&rsquo;Italienne<strong> Elisabetta Cocciaretto<\/strong> sera son adversaire, mais la Fran\u00e7aise aura toutes ses chances. Pour peut-\u00eatre enfin franchir un palier.<\/p>\n<blockquote class=\"twitter-tweet\">\n<p dir=\"ltr\" lang=\"fr\">BUREL RENVERSE PARRY POUR SE QUALIFIER POUR SA DEUXI\u00c8ME FINALE WTA ! (la deuxi\u00e8me \u00e0 Lauzanne apr\u00e8s 2021 \ud83c\udfc6\ud83c\udde8\ud83c\udded)<a href=\"https:\/\/twitter.com\/hashtag\/LadiesOpenLausanne?src=hash&amp;ref_src=twsrc%5Etfw\">#LadiesOpenLausanne<\/a> <a href=\"https:\/\/twitter.com\/clara_burel?ref_src=twsrc%5Etfw\">@clara_burel<\/a> <a href=\"https:\/\/t.co\/nUJH4fo5kV\">pic.twitter.com\/nUJH4fo5kV<\/a><\/p>\n<p>\u2014 FFT (@FFTennis) <a href=\"https:\/\/twitter.com\/FFTennis\/status\/1685377734719963139?ref_src=twsrc%5Etfw\">July 29, 2023<\/a><\/p><\/blockquote>\n<p><script async src=\"https:\/\/platform.twitter.com\/widgets.js\" charset=\"utf-8\"><\/script><\/p>\n","protected":false},"excerpt":{"rendered":"<p>TOURNOI WTA 250 DE LAUSANNE &#8211; Deux ans apr\u00e8s son unique finale WTA ici m\u00eame, Clara Burel va remettre \u00e7a demain, apr\u00e8s une belle empoignade avec Diane Parry.\u00a0<\/p>\n","protected":false},"author":59,"featured_media":404331,"comment_status":"open","ping_status":"closed","sticky":false,"template":"","format":"standard","meta":{"_acf_changed":false,"_daextam_enable_autolinks":"","footnotes":""},"categories":[2302],"tags":[16878,3540,4936,17919],"class_list":["post-404260","post","type-post","status-publish","format-standard","has-post-thumbnail","hentry","category-tennis","tag-breve","tag-clara-burel","tag-diane-parry","tag-wta-250-lausanne"],"acf":[],"yoast_head":"<!-- This site is optimized with the Yoast SEO Premium plugin v26.7 (Yoast SEO v26.7) - https:\/\/yoast.com\/wordpress\/plugins\/seo\/ -->\n<title>WTA Lausanne : Clara Burel domine Diane Parry et retrouve la finale en Suisse<\/title>\n<meta name=\"description\" content=\"TOURNOI WTA 250 DE LAUSANNE - Deux ans apr\u00e8s son unique finale WTA ici m\u00eame, Clara Burel va remettre \u00e7a demain, apr\u00e8s une belle empoignade avec Diane Parry.\u00a0\" \/>\n<meta name=\"robots\" content=\"index, follow, max-snippet:-1, max-image-preview:large, max-video-preview:-1\" \/>\n<link rel=\"canonical\" href=\"https:\/\/dicodusport.fr\/blog\/wta-lausanne-clara-burel-domine-diane-parry-et-retrouve-la-finale-en-suisse\/\" \/>\n<meta property=\"og:locale\" content=\"fr_FR\" \/>\n<meta property=\"og:type\" content=\"article\" \/>\n<meta property=\"og:title\" content=\"WTA Lausanne : Clara Burel domine Diane Parry et retrouve la finale en Suisse\" \/>\n<meta property=\"og:description\" content=\"TOURNOI WTA 250 DE LAUSANNE - Deux ans apr\u00e8s son unique finale WTA ici m\u00eame, Clara Burel va remettre \u00e7a demain, apr\u00e8s une belle empoignade avec Diane Parry.\u00a0\" \/>\n<meta property=\"og:url\" content=\"https:\/\/dicodusport.fr\/blog\/wta-lausanne-clara-burel-domine-diane-parry-et-retrouve-la-finale-en-suisse\/\" \/>\n<meta property=\"og:site_name\" content=\"Dicodusport\" \/>\n<meta property=\"article:publisher\" content=\"https:\/\/www.facebook.com\/dicodusport\" \/>\n<meta property=\"article:author\" content=\"https:\/\/www.facebook.com\/sebastien.gente\/\" \/>\n<meta property=\"article:published_time\" content=\"2023-07-29T19:50:28+00:00\" \/>\n<meta property=\"article:modified_time\" content=\"2023-07-29T21:42:58+00:00\" \/>\n<meta property=\"og:image\" content=\"https:\/\/dicodusport.fr\/blog\/wp-content\/uploads\/2023\/07\/WTA-Lausanne-Clara-Burel-domine-Diane-Parry-et-retrouve-la-finale-en-Suisse.png\" \/>\n\t<meta property=\"og:image:width\" content=\"800\" \/>\n\t<meta property=\"og:image:height\" content=\"445\" \/>\n\t<meta property=\"og:image:type\" content=\"image\/png\" \/>\n<meta name=\"author\" content=\"S\u00e9bastien Gente\" \/>\n<meta name=\"twitter:card\" content=\"summary_large_image\" \/>\n<meta name=\"twitter:title\" content=\"WTA Lausanne : Clara Burel domine Diane Parry et retrouve la finale en Suisse\" \/>\n<meta name=\"twitter:creator\" content=\"@https:\/\/twitter.com\/globulo24\" \/>\n<meta name=\"twitter:site\" content=\"@dicodusport\" \/>\n<script type=\"application\/ld+json\" class=\"yoast-schema-graph\">{\"@context\":\"https:\/\/schema.org\",\"@graph\":[{\"@type\":\"NewsArticle\",\"@id\":\"https:\/\/dicodusport.fr\/blog\/wta-lausanne-clara-burel-domine-diane-parry-et-retrouve-la-finale-en-suisse\/#article\",\"isPartOf\":{\"@id\":\"https:\/\/dicodusport.fr\/blog\/wta-lausanne-clara-burel-domine-diane-parry-et-retrouve-la-finale-en-suisse\/\"},\"author\":{\"name\":\"S\u00e9bastien Gente\",\"@id\":\"https:\/\/dicodusport.fr\/blog\/#\/schema\/person\/627966a6cde45dbd8c5e36ac85d783da\"},\"headline\":\"WTA Lausanne : Clara Burel domine Diane Parry et retrouve la finale en Suisse\",\"datePublished\":\"2023-07-29T19:50:28+00:00\",\"dateModified\":\"2023-07-29T21:42:58+00:00\",\"mainEntityOfPage\":{\"@id\":\"https:\/\/dicodusport.fr\/blog\/wta-lausanne-clara-burel-domine-diane-parry-et-retrouve-la-finale-en-suisse\/\"},\"wordCount\":475,\"commentCount\":0,\"publisher\":{\"@id\":\"https:\/\/dicodusport.fr\/blog\/#organization\"},\"image\":{\"@id\":\"https:\/\/dicodusport.fr\/blog\/wta-lausanne-clara-burel-domine-diane-parry-et-retrouve-la-finale-en-suisse\/#primaryimage\"},\"thumbnailUrl\":\"https:\/\/dicodusport.fr\/blog\/wp-content\/uploads\/2023\/07\/WTA-Lausanne-Clara-Burel-domine-Diane-Parry-et-retrouve-la-finale-en-Suisse.png\",\"keywords\":[\"br\u00e8ve\",\"Clara Burel\",\"Diane Parry\",\"WTA 250 Lausanne\"],\"articleSection\":[\"Tennis\"],\"inLanguage\":\"fr-FR\",\"potentialAction\":[{\"@type\":\"CommentAction\",\"name\":\"Comment\",\"target\":[\"https:\/\/dicodusport.fr\/blog\/wta-lausanne-clara-burel-domine-diane-parry-et-retrouve-la-finale-en-suisse\/#respond\"]}],\"copyrightYear\":\"2023\",\"copyrightHolder\":{\"@id\":\"https:\/\/dicodusport.fr\/blog\/#organization\"}},{\"@type\":\"WebPage\",\"@id\":\"https:\/\/dicodusport.fr\/blog\/wta-lausanne-clara-burel-domine-diane-parry-et-retrouve-la-finale-en-suisse\/\",\"url\":\"https:\/\/dicodusport.fr\/blog\/wta-lausanne-clara-burel-domine-diane-parry-et-retrouve-la-finale-en-suisse\/\",\"name\":\"WTA Lausanne : Clara Burel domine Diane Parry et retrouve la finale en Suisse\",\"isPartOf\":{\"@id\":\"https:\/\/dicodusport.fr\/blog\/#website\"},\"primaryImageOfPage\":{\"@id\":\"https:\/\/dicodusport.fr\/blog\/wta-lausanne-clara-burel-domine-diane-parry-et-retrouve-la-finale-en-suisse\/#primaryimage\"},\"image\":{\"@id\":\"https:\/\/dicodusport.fr\/blog\/wta-lausanne-clara-burel-domine-diane-parry-et-retrouve-la-finale-en-suisse\/#primaryimage\"},\"thumbnailUrl\":\"https:\/\/dicodusport.fr\/blog\/wp-content\/uploads\/2023\/07\/WTA-Lausanne-Clara-Burel-domine-Diane-Parry-et-retrouve-la-finale-en-Suisse.png\",\"datePublished\":\"2023-07-29T19:50:28+00:00\",\"dateModified\":\"2023-07-29T21:42:58+00:00\",\"description\":\"TOURNOI WTA 250 DE LAUSANNE - Deux ans apr\u00e8s son unique finale WTA ici m\u00eame, Clara Burel va remettre \u00e7a demain, apr\u00e8s une belle empoignade avec Diane Parry.\u00a0\",\"breadcrumb\":{\"@id\":\"https:\/\/dicodusport.fr\/blog\/wta-lausanne-clara-burel-domine-diane-parry-et-retrouve-la-finale-en-suisse\/#breadcrumb\"},\"inLanguage\":\"fr-FR\",\"potentialAction\":[{\"@type\":\"ReadAction\",\"target\":[\"https:\/\/dicodusport.fr\/blog\/wta-lausanne-clara-burel-domine-diane-parry-et-retrouve-la-finale-en-suisse\/\"]}]},{\"@type\":\"ImageObject\",\"inLanguage\":\"fr-FR\",\"@id\":\"https:\/\/dicodusport.fr\/blog\/wta-lausanne-clara-burel-domine-diane-parry-et-retrouve-la-finale-en-suisse\/#primaryimage\",\"url\":\"https:\/\/dicodusport.fr\/blog\/wp-content\/uploads\/2023\/07\/WTA-Lausanne-Clara-Burel-domine-Diane-Parry-et-retrouve-la-finale-en-Suisse.png\",\"contentUrl\":\"https:\/\/dicodusport.fr\/blog\/wp-content\/uploads\/2023\/07\/WTA-Lausanne-Clara-Burel-domine-Diane-Parry-et-retrouve-la-finale-en-Suisse.png\",\"width\":800,\"height\":445,\"caption\":\"WTA Lausanne Clara Burel domine Diane Parry et retrouve la finale en Suisse\"},{\"@type\":\"BreadcrumbList\",\"@id\":\"https:\/\/dicodusport.fr\/blog\/wta-lausanne-clara-burel-domine-diane-parry-et-retrouve-la-finale-en-suisse\/#breadcrumb\",\"itemListElement\":[{\"@type\":\"ListItem\",\"position\":1,\"name\":\"Accueil\",\"item\":\"https:\/\/dicodusport.fr\/blog\/\"},{\"@type\":\"ListItem\",\"position\":2,\"name\":\"WTA Lausanne : Clara Burel domine Diane Parry et retrouve la finale en Suisse\"}]},{\"@type\":\"WebSite\",\"@id\":\"https:\/\/dicodusport.fr\/blog\/#website\",\"url\":\"https:\/\/dicodusport.fr\/blog\/\",\"name\":\"Dicodusport\",\"description\":\"L&#039;encyclop\u00e9die de l&#039;actualit\u00e9 sportive\",\"publisher\":{\"@id\":\"https:\/\/dicodusport.fr\/blog\/#organization\"},\"potentialAction\":[{\"@type\":\"SearchAction\",\"target\":{\"@type\":\"EntryPoint\",\"urlTemplate\":\"https:\/\/dicodusport.fr\/blog\/?s={search_term_string}\"},\"query-input\":{\"@type\":\"PropertyValueSpecification\",\"valueRequired\":true,\"valueName\":\"search_term_string\"}}],\"inLanguage\":\"fr-FR\"},{\"@type\":\"NewsMediaOrganization\",\"@id\":\"https:\/\/dicodusport.fr\/blog\/#organization\",\"name\":\"Dicodusport\",\"url\":\"https:\/\/dicodusport.fr\/blog\/\",\"logo\":{\"@type\":\"ImageObject\",\"inLanguage\":\"fr-FR\",\"@id\":\"https:\/\/dicodusport.fr\/blog\/#\/schema\/logo\/image\/\",\"url\":\"https:\/\/dicodusport.fr\/blog\/wp-content\/uploads\/2020\/06\/cropped-LOGO-DICODUSPORT-2020-SANS-FOND-SANS-TEXTE.png\",\"contentUrl\":\"https:\/\/dicodusport.fr\/blog\/wp-content\/uploads\/2020\/06\/cropped-LOGO-DICODUSPORT-2020-SANS-FOND-SANS-TEXTE.png\",\"width\":512,\"height\":512,\"caption\":\"Dicodusport\"},\"image\":{\"@id\":\"https:\/\/dicodusport.fr\/blog\/#\/schema\/logo\/image\/\"},\"sameAs\":[\"https:\/\/www.facebook.com\/dicodusport\",\"https:\/\/x.com\/dicodusport\",\"https:\/\/www.instagram.com\/dicodusport\/\",\"https:\/\/www.youtube.com\/channel\/UC7V2KZ5sd3htJivAbA4ZG3w\"],\"description\":\"Dicodusport est l'encyclop\u00e9die de l'actualit\u00e9 sportive.\",\"email\":\"bonjour@dicodusport.fr\",\"legalName\":\"DICODUSPORT\",\"foundingDate\":\"2018-01-14\",\"vatID\":\"FR71834470973\",\"taxID\":\"83447097300043\",\"numberOfEmployees\":{\"@type\":\"QuantitativeValue\",\"minValue\":\"1\",\"maxValue\":\"10\"}},{\"@type\":\"Person\",\"@id\":\"https:\/\/dicodusport.fr\/blog\/#\/schema\/person\/627966a6cde45dbd8c5e36ac85d783da\",\"name\":\"S\u00e9bastien Gente\",\"image\":{\"@type\":\"ImageObject\",\"inLanguage\":\"fr-FR\",\"@id\":\"https:\/\/dicodusport.fr\/blog\/#\/schema\/person\/image\/\",\"url\":\"https:\/\/dicodusport.fr\/blog\/wp-content\/uploads\/2021\/09\/1510990_10205810251400683_4124423575079401707_n-150x150.jpg\",\"contentUrl\":\"https:\/\/dicodusport.fr\/blog\/wp-content\/uploads\/2021\/09\/1510990_10205810251400683_4124423575079401707_n-150x150.jpg\",\"caption\":\"S\u00e9bastien Gente\"},\"description\":\"John Stockton, Gianni Bugno, Zinedine Zidane, Steffi Graf, Frode Andresen, St\u00e9phane Stoecklin, Davis Kamoga, Primoz Peterka, Werner Schlager et Aur\u00e9lien Rougerie. Point commun entre ces sportifs? Ils m'ont fait r\u00eaver et ont berc\u00e9 mon adolescence. Je suis un fondu de sports et j'essaie de retranscrire ma passion \u00e0 travers mes articles. Originaire du P\u00e9rigord, ma passion pour les Girondins, les Jaunards et les Jazzmen transpire dans mes \u00e9crits. \u00c0 Dicodusport depuis 2021, je d\u00e9niche les sports m\u00e9connus dans lesquels la France brille, et il y en a !\",\"sameAs\":[\"https:\/\/www.facebook.com\/sebastien.gente\/\",\"https:\/\/www.instagram.com\/sebgente\/\",\"https:\/\/www.linkedin.com\/in\/sbastien-gente-a29583169\/\",\"https:\/\/x.com\/https:\/\/twitter.com\/globulo24\",\"SebastienGente\"],\"worksFor\":\"S\u00e9bastien GENTE\",\"url\":\"https:\/\/dicodusport.fr\/blog\/author\/sebastiengente\/\"}]}<\/script>\n<!-- \/ Yoast SEO Premium plugin. -->","yoast_head_json":{"title":"WTA Lausanne : Clara Burel domine Diane Parry et retrouve la finale en Suisse","description":"TOURNOI WTA 250 DE LAUSANNE - Deux ans apr\u00e8s son unique finale WTA ici m\u00eame, Clara Burel va remettre \u00e7a demain, apr\u00e8s une belle empoignade avec Diane Parry.\u00a0","robots":{"index":"index","follow":"follow","max-snippet":"max-snippet:-1","max-image-preview":"max-image-preview:large","max-video-preview":"max-video-preview:-1"},"canonical":"https:\/\/dicodusport.fr\/blog\/wta-lausanne-clara-burel-domine-diane-parry-et-retrouve-la-finale-en-suisse\/","og_locale":"fr_FR","og_type":"article","og_title":"WTA Lausanne : Clara Burel domine Diane Parry et retrouve la finale en Suisse","og_description":"TOURNOI WTA 250 DE LAUSANNE - Deux ans apr\u00e8s son unique finale WTA ici m\u00eame, Clara Burel va remettre \u00e7a demain, apr\u00e8s une belle empoignade avec Diane Parry.\u00a0","og_url":"https:\/\/dicodusport.fr\/blog\/wta-lausanne-clara-burel-domine-diane-parry-et-retrouve-la-finale-en-suisse\/","og_site_name":"Dicodusport","article_publisher":"https:\/\/www.facebook.com\/dicodusport","article_author":"https:\/\/www.facebook.com\/sebastien.gente\/","article_published_time":"2023-07-29T19:50:28+00:00","article_modified_time":"2023-07-29T21:42:58+00:00","og_image":[{"width":800,"height":445,"url":"https:\/\/dicodusport.fr\/blog\/wp-content\/uploads\/2023\/07\/WTA-Lausanne-Clara-Burel-domine-Diane-Parry-et-retrouve-la-finale-en-Suisse.png","type":"image\/png"}],"author":"S\u00e9bastien Gente","twitter_card":"summary_large_image","twitter_title":"WTA Lausanne : Clara Burel domine Diane Parry et retrouve la finale en Suisse","twitter_creator":"@https:\/\/twitter.com\/globulo24","twitter_site":"@dicodusport","schema":{"@context":"https:\/\/schema.org","@graph":[{"@type":"NewsArticle","@id":"https:\/\/dicodusport.fr\/blog\/wta-lausanne-clara-burel-domine-diane-parry-et-retrouve-la-finale-en-suisse\/#article","isPartOf":{"@id":"https:\/\/dicodusport.fr\/blog\/wta-lausanne-clara-burel-domine-diane-parry-et-retrouve-la-finale-en-suisse\/"},"author":{"name":"S\u00e9bastien Gente","@id":"https:\/\/dicodusport.fr\/blog\/#\/schema\/person\/627966a6cde45dbd8c5e36ac85d783da"},"headline":"WTA Lausanne : Clara Burel domine Diane Parry et retrouve la finale en Suisse","datePublished":"2023-07-29T19:50:28+00:00","dateModified":"2023-07-29T21:42:58+00:00","mainEntityOfPage":{"@id":"https:\/\/dicodusport.fr\/blog\/wta-lausanne-clara-burel-domine-diane-parry-et-retrouve-la-finale-en-suisse\/"},"wordCount":475,"commentCount":0,"publisher":{"@id":"https:\/\/dicodusport.fr\/blog\/#organization"},"image":{"@id":"https:\/\/dicodusport.fr\/blog\/wta-lausanne-clara-burel-domine-diane-parry-et-retrouve-la-finale-en-suisse\/#primaryimage"},"thumbnailUrl":"https:\/\/dicodusport.fr\/blog\/wp-content\/uploads\/2023\/07\/WTA-Lausanne-Clara-Burel-domine-Diane-Parry-et-retrouve-la-finale-en-Suisse.png","keywords":["br\u00e8ve","Clara Burel","Diane Parry","WTA 250 Lausanne"],"articleSection":["Tennis"],"inLanguage":"fr-FR","potentialAction":[{"@type":"CommentAction","name":"Comment","target":["https:\/\/dicodusport.fr\/blog\/wta-lausanne-clara-burel-domine-diane-parry-et-retrouve-la-finale-en-suisse\/#respond"]}],"copyrightYear":"2023","copyrightHolder":{"@id":"https:\/\/dicodusport.fr\/blog\/#organization"}},{"@type":"WebPage","@id":"https:\/\/dicodusport.fr\/blog\/wta-lausanne-clara-burel-domine-diane-parry-et-retrouve-la-finale-en-suisse\/","url":"https:\/\/dicodusport.fr\/blog\/wta-lausanne-clara-burel-domine-diane-parry-et-retrouve-la-finale-en-suisse\/","name":"WTA Lausanne : Clara Burel domine Diane Parry et retrouve la finale en Suisse","isPartOf":{"@id":"https:\/\/dicodusport.fr\/blog\/#website"},"primaryImageOfPage":{"@id":"https:\/\/dicodusport.fr\/blog\/wta-lausanne-clara-burel-domine-diane-parry-et-retrouve-la-finale-en-suisse\/#primaryimage"},"image":{"@id":"https:\/\/dicodusport.fr\/blog\/wta-lausanne-clara-burel-domine-diane-parry-et-retrouve-la-finale-en-suisse\/#primaryimage"},"thumbnailUrl":"https:\/\/dicodusport.fr\/blog\/wp-content\/uploads\/2023\/07\/WTA-Lausanne-Clara-Burel-domine-Diane-Parry-et-retrouve-la-finale-en-Suisse.png","datePublished":"2023-07-29T19:50:28+00:00","dateModified":"2023-07-29T21:42:58+00:00","description":"TOURNOI WTA 250 DE LAUSANNE - Deux ans apr\u00e8s son unique finale WTA ici m\u00eame, Clara Burel va remettre \u00e7a demain, apr\u00e8s une belle empoignade avec Diane Parry.\u00a0","breadcrumb":{"@id":"https:\/\/dicodusport.fr\/blog\/wta-lausanne-clara-burel-domine-diane-parry-et-retrouve-la-finale-en-suisse\/#breadcrumb"},"inLanguage":"fr-FR","potentialAction":[{"@type":"ReadAction","target":["https:\/\/dicodusport.fr\/blog\/wta-lausanne-clara-burel-domine-diane-parry-et-retrouve-la-finale-en-suisse\/"]}]},{"@type":"ImageObject","inLanguage":"fr-FR","@id":"https:\/\/dicodusport.fr\/blog\/wta-lausanne-clara-burel-domine-diane-parry-et-retrouve-la-finale-en-suisse\/#primaryimage","url":"https:\/\/dicodusport.fr\/blog\/wp-content\/uploads\/2023\/07\/WTA-Lausanne-Clara-Burel-domine-Diane-Parry-et-retrouve-la-finale-en-Suisse.png","contentUrl":"https:\/\/dicodusport.fr\/blog\/wp-content\/uploads\/2023\/07\/WTA-Lausanne-Clara-Burel-domine-Diane-Parry-et-retrouve-la-finale-en-Suisse.png","width":800,"height":445,"caption":"WTA Lausanne Clara Burel domine Diane Parry et retrouve la finale en Suisse"},{"@type":"BreadcrumbList","@id":"https:\/\/dicodusport.fr\/blog\/wta-lausanne-clara-burel-domine-diane-parry-et-retrouve-la-finale-en-suisse\/#breadcrumb","itemListElement":[{"@type":"ListItem","position":1,"name":"Accueil","item":"https:\/\/dicodusport.fr\/blog\/"},{"@type":"ListItem","position":2,"name":"WTA Lausanne : Clara Burel domine Diane Parry et retrouve la finale en Suisse"}]},{"@type":"WebSite","@id":"https:\/\/dicodusport.fr\/blog\/#website","url":"https:\/\/dicodusport.fr\/blog\/","name":"Dicodusport","description":"L&#039;encyclop\u00e9die de l&#039;actualit\u00e9 sportive","publisher":{"@id":"https:\/\/dicodusport.fr\/blog\/#organization"},"potentialAction":[{"@type":"SearchAction","target":{"@type":"EntryPoint","urlTemplate":"https:\/\/dicodusport.fr\/blog\/?s={search_term_string}"},"query-input":{"@type":"PropertyValueSpecification","valueRequired":true,"valueName":"search_term_string"}}],"inLanguage":"fr-FR"},{"@type":"NewsMediaOrganization","@id":"https:\/\/dicodusport.fr\/blog\/#organization","name":"Dicodusport","url":"https:\/\/dicodusport.fr\/blog\/","logo":{"@type":"ImageObject","inLanguage":"fr-FR","@id":"https:\/\/dicodusport.fr\/blog\/#\/schema\/logo\/image\/","url":"https:\/\/dicodusport.fr\/blog\/wp-content\/uploads\/2020\/06\/cropped-LOGO-DICODUSPORT-2020-SANS-FOND-SANS-TEXTE.png","contentUrl":"https:\/\/dicodusport.fr\/blog\/wp-content\/uploads\/2020\/06\/cropped-LOGO-DICODUSPORT-2020-SANS-FOND-SANS-TEXTE.png","width":512,"height":512,"caption":"Dicodusport"},"image":{"@id":"https:\/\/dicodusport.fr\/blog\/#\/schema\/logo\/image\/"},"sameAs":["https:\/\/www.facebook.com\/dicodusport","https:\/\/x.com\/dicodusport","https:\/\/www.instagram.com\/dicodusport\/","https:\/\/www.youtube.com\/channel\/UC7V2KZ5sd3htJivAbA4ZG3w"],"description":"Dicodusport est l'encyclop\u00e9die de l'actualit\u00e9 sportive.","email":"bonjour@dicodusport.fr","legalName":"DICODUSPORT","foundingDate":"2018-01-14","vatID":"FR71834470973","taxID":"83447097300043","numberOfEmployees":{"@type":"QuantitativeValue","minValue":"1","maxValue":"10"}},{"@type":"Person","@id":"https:\/\/dicodusport.fr\/blog\/#\/schema\/person\/627966a6cde45dbd8c5e36ac85d783da","name":"S\u00e9bastien Gente","image":{"@type":"ImageObject","inLanguage":"fr-FR","@id":"https:\/\/dicodusport.fr\/blog\/#\/schema\/person\/image\/","url":"https:\/\/dicodusport.fr\/blog\/wp-content\/uploads\/2021\/09\/1510990_10205810251400683_4124423575079401707_n-150x150.jpg","contentUrl":"https:\/\/dicodusport.fr\/blog\/wp-content\/uploads\/2021\/09\/1510990_10205810251400683_4124423575079401707_n-150x150.jpg","caption":"S\u00e9bastien Gente"},"description":"John Stockton, Gianni Bugno, Zinedine Zidane, Steffi Graf, Frode Andresen, St\u00e9phane Stoecklin, Davis Kamoga, Primoz Peterka, Werner Schlager et Aur\u00e9lien Rougerie. Point commun entre ces sportifs? Ils m'ont fait r\u00eaver et ont berc\u00e9 mon adolescence. Je suis un fondu de sports et j'essaie de retranscrire ma passion \u00e0 travers mes articles. Originaire du P\u00e9rigord, ma passion pour les Girondins, les Jaunards et les Jazzmen transpire dans mes \u00e9crits. \u00c0 Dicodusport depuis 2021, je d\u00e9niche les sports m\u00e9connus dans lesquels la France brille, et il y en a !","sameAs":["https:\/\/www.facebook.com\/sebastien.gente\/","https:\/\/www.instagram.com\/sebgente\/","https:\/\/www.linkedin.com\/in\/sbastien-gente-a29583169\/","https:\/\/x.com\/https:\/\/twitter.com\/globulo24","SebastienGente"],"worksFor":"S\u00e9bastien GENTE","url":"https:\/\/dicodusport.fr\/blog\/author\/sebastiengente\/"}]}},"_links":{"self":[{"href":"https:\/\/dicodusport.fr\/blog\/wp-json\/wp\/v2\/posts\/404260","targetHints":{"allow":["GET"]}}],"collection":[{"href":"https:\/\/dicodusport.fr\/blog\/wp-json\/wp\/v2\/posts"}],"about":[{"href":"https:\/\/dicodusport.fr\/blog\/wp-json\/wp\/v2\/types\/post"}],"author":[{"embeddable":true,"href":"https:\/\/dicodusport.fr\/blog\/wp-json\/wp\/v2\/users\/59"}],"replies":[{"embeddable":true,"href":"https:\/\/dicodusport.fr\/blog\/wp-json\/wp\/v2\/comments?post=404260"}],"version-history":[{"count":0,"href":"https:\/\/dicodusport.fr\/blog\/wp-json\/wp\/v2\/posts\/404260\/revisions"}],"wp:featuredmedia":[{"embeddable":true,"href":"https:\/\/dicodusport.fr\/blog\/wp-json\/wp\/v2\/media\/404331"}],"wp:attachment":[{"href":"https:\/\/dicodusport.fr\/blog\/wp-json\/wp\/v2\/media?parent=404260"}],"wp:term":[{"taxonomy":"category","embeddable":true,"href":"https:\/\/dicodusport.fr\/blog\/wp-json\/wp\/v2\/categories?post=404260"},{"taxonomy":"post_tag","embeddable":true,"href":"https:\/\/dicodusport.fr\/blog\/wp-json\/wp\/v2\/tags?post=404260"}],"curies":[{"name":"wp","href":"https:\/\/api.w.org\/{rel}","templated":true}]}}