{"id":404311,"date":"2023-07-29T21:31:38","date_gmt":"2023-07-29T19:31:38","guid":{"rendered":"https:\/\/dicodusport.fr\/blog\/?p=404311&#038;preview=true&#038;preview_id=404311"},"modified":"2023-07-30T10:26:18","modified_gmt":"2023-07-30T08:26:18","slug":"wtcs-sunderland-le-corre-et-beaugrand-lemportent-bergere-et-lombardi-2e-le-triathlon-francais-rayonne","status":"publish","type":"post","link":"https:\/\/dicodusport.fr\/blog\/wtcs-sunderland-le-corre-et-beaugrand-lemportent-bergere-et-lombardi-2e-le-triathlon-francais-rayonne\/","title":{"rendered":"WTCS Sunderland : Le Corre et Beaugrand l&#8217;emportent, Berg\u00e8re et Lombardi 2e, le triathlon fran\u00e7ais rayonne !"},"content":{"rendered":"<p align=\"justify\"><em><strong>WTCS SUNDERLAND &#8211; Journ\u00e9e fantastique pour le triathlon tricolore ! En Angleterre, Pierre Le Corre et Cassandre Beaugrand ont respectivement remport\u00e9 les courses masculine et f\u00e9minine. Mieux, leur dauphin sur le podium \u00e9tait \u00e9galement fran\u00e7ais puisque L\u00e9o Berg\u00e8re et Emma Lombardi ont assur\u00e9 des doubl\u00e9s tricolores !<\/strong><\/em><\/p>\n<p style=\"text-align: justify;\" align=\"justify\">C&rsquo;est ce que l&rsquo;on peut appeler une journ\u00e9e ph\u00e9nom\u00e9nale, sans que le mot soit trop fort. La grande majorit\u00e9 du gratin mondial du triathlon s&rsquo;\u00e9tait donn\u00e9 rendez-vous ce samedi du c\u00f4t\u00e9 de <strong>Sunderland<\/strong> pour la manche <strong>WTCS<\/strong> britannique. Comme toujours, l<strong>&lsquo;\u00c9quipe de France<\/strong> abordait l&rsquo;\u00e9preuve avec ambition apr\u00e8s un stage en altitude \u00e0 Font-Romeu. Mais peut-\u00eatre pas en esp\u00e9rant une pluie de r\u00e9sultats aussi resplendissants.<\/p>\n<h2 align=\"justify\">Premi\u00e8re victoire sur le circuit WTCS pour Le Corre<\/h2>\n<p align=\"justify\">La course hommes a \u00e9t\u00e9 la premi\u00e8re \u00e0 se d\u00e9rouler. Champion du monde en titre,<strong> L\u00e9o Berg\u00e8re<\/strong> s&rsquo;est montr\u00e9 tr\u00e8s offensif tout au long du parcours pour faire mal \u00e0 ses adversaires. Le tout avec efficacit\u00e9 puisqu&rsquo;il a pass\u00e9 l&rsquo;essentiel de la course en t\u00eate. Pr\u00e9sent dans tous les mouvements, il \u00e9tait encore l\u00e0 pour l&#8217;emballage final en course \u00e0 pied, accompagn\u00e9 par le N\u00e9o-Z\u00e9landais <strong>Hayden Wilde<\/strong>, mais \u00e9galement son compatriote <strong>Pierre Le Corre<\/strong>. Si Wilde s&rsquo;est \u00e9chapp\u00e9 seul \u00e0 un instant, il s&rsquo;est fait rattraper, puis d\u00e9pass\u00e9 dans les derniers hectom\u00e8tres par les Tricolores. Les places 1 et 2 assur\u00e9es, les deux hommes se sont livr\u00e9s un v\u00e9ritable duel pour aller chercher la victoire. Finalement, Pierre Le Corre a \u00e9t\u00e9 le plus fort, et d\u00e9croche sa premi\u00e8re victoire sur le circuit WTCS \u00e0 33 ans, devant Berg\u00e8re.<\/p>\n<blockquote class=\"twitter-tweet\">\n<p dir=\"ltr\" lang=\"fr\">\ud83c\uddeb\ud83c\uddf7\ud83c\uddeb\ud83c\uddf7 Doubl\u00e9 fran\u00e7ais \u00e0 Sunderland !<\/p>\n<p>Pierre Le Corre remporte le sprint devant L\u00e9o Berg\u00e8re<a href=\"https:\/\/twitter.com\/hashtag\/lequipeTRIATHLON?src=hash&amp;ref_src=twsrc%5Etfw\">#lequipeTRIATHLON<\/a> <a href=\"https:\/\/t.co\/n6Akjm4trT\">pic.twitter.com\/n6Akjm4trT<\/a><\/p>\n<p>\u2014 la chaine L&rsquo;\u00c9quipe (@lachainelequipe) <a href=\"https:\/\/twitter.com\/lachainelequipe\/status\/1685288584733986817?ref_src=twsrc%5Etfw\">July 29, 2023<\/a><\/p><\/blockquote>\n<p><script async src=\"https:\/\/platform.twitter.com\/widgets.js\" charset=\"utf-8\"><\/script><\/p>\n<h2 style=\"text-align: justify;\" align=\"justify\">Beaugrand poursuit son magnifique mois de juillet<\/h2>\n<p align=\"justify\">Cette doublette fran\u00e7aise sur les deux plus hautes marches du podium a sans doute \u00e9t\u00e9 une belle source d&rsquo;inspiration pour les filles. Deux semaines apr\u00e8s avoir \u00e9t\u00e9 sacr\u00e9e <a href=\"https:\/\/dicodusport.fr\/blog\/wtcs-hambourg-cassandre-beaugrand-championne-du-monde-du-super-sprint\/\">championne du monde de Super Sprint<\/a>, <strong>Cassandre Beaugrand<\/strong> faisait partie des grandes favorites. Plusieurs t\u00eates d&rsquo;affiche \u00e9tant absentes, la Tricolore n&rsquo;a pas laiss\u00e9 passer sa chance d&rsquo;accrocher une nouvelle victoire sur le circuit \u00e0 son palmar\u00e8s. Toujours dans les bons coups, Beaugrand a abord\u00e9 la course \u00e0 pied dans un groupe compact de plusieurs concurrentes avant de prendre le large aux c\u00f4t\u00e9s d&rsquo;<strong>Emma Lombardi<\/strong>.<\/p>\n<p align=\"justify\">Cette derni\u00e8re n&rsquo;a pas pu suivre le rythme de sa compatriote, qui est all\u00e9e d\u00e9crocher une victoire autoritaire. Malgr\u00e9 tout, Lombardi s&rsquo;est battue et a d\u00e9croch\u00e9 la deuxi\u00e8me place pour 5 petites secondes devant <strong>Annika Koch<\/strong>. Les Bleues r\u00e9alisent donc un magnifique doubl\u00e9, et sont m\u00eame pass\u00e9es proche d&rsquo;un tripl\u00e9 puisque <strong>L\u00e9onie P\u00e9riault<\/strong> \u00e9choue, elle, au pied de la bo\u00eete, en 4e position. Ce samedi, Sunderland est devenue fran\u00e7aise !<\/p>\n<blockquote class=\"twitter-tweet\">\n<p dir=\"ltr\" lang=\"fr\">Un doubl\u00e9 fran\u00e7ais chez les femmes aussi \ud83c\uddeb\ud83c\uddf7\ud83d\udcaa<\/p>\n<p>Cassandre Beaugrand remporte le sprint \u00e0 Sunderland devant Emma Lombardi !<a href=\"https:\/\/twitter.com\/hashtag\/lequipeTRIATHLON?src=hash&amp;ref_src=twsrc%5Etfw\">#lequipeTRIATHLON<\/a> <a href=\"https:\/\/t.co\/sRdkyHjsnR\">pic.twitter.com\/sRdkyHjsnR<\/a><\/p>\n<p>\u2014 L&rsquo;\u00c9QUIPE (@lequipe) <a href=\"https:\/\/twitter.com\/lequipe\/status\/1685314778187579393?ref_src=twsrc%5Etfw\">July 29, 2023<\/a><\/p><\/blockquote>\n<p><script async src=\"https:\/\/platform.twitter.com\/widgets.js\" charset=\"utf-8\"><\/script><\/p>\n","protected":false},"excerpt":{"rendered":"<p>WTCS SUNDERLAND &#8211; Ce samedi, Cassandre Beaugrand et Pierre Le Corre se sont impos\u00e9s, devant Emma Lombardi et L\u00e9o Berg\u00e8re !<\/p>\n","protected":false},"author":55,"featured_media":404322,"comment_status":"open","ping_status":"closed","sticky":false,"template":"","format":"standard","meta":{"_acf_changed":false,"_daextam_enable_autolinks":"","footnotes":""},"categories":[8303],"tags":[16878,5488,18737,4684,3620,589],"class_list":["post-404311","post","type-post","status-publish","format-standard","has-post-thumbnail","hentry","category-triathlon","tag-breve","tag-cassandre-beaugrand","tag-emma-lombardi","tag-leo-bergere","tag-pierre-le-corre","tag-triathlon"],"acf":[],"yoast_head":"<!-- This site is optimized with the Yoast SEO Premium plugin v26.7 (Yoast SEO v26.7) - https:\/\/yoast.com\/wordpress\/plugins\/seo\/ -->\n<title>WTCS Sunderland : Le Corre et Beaugrand l&#039;emportent, Berg\u00e8re et Lombardi 2e, le triathlon fran\u00e7ais rayonne !<\/title>\n<meta name=\"description\" content=\"WTCS SUNDERLAND - Ce samedi, Cassandre Beaugrand et Pierre Le Corre se sont impos\u00e9s, devant Emma Lombardi et L\u00e9o Berg\u00e8re !\" \/>\n<meta name=\"robots\" content=\"index, follow, max-snippet:-1, max-image-preview:large, max-video-preview:-1\" \/>\n<link rel=\"canonical\" href=\"https:\/\/dicodusport.fr\/blog\/wtcs-sunderland-le-corre-et-beaugrand-lemportent-bergere-et-lombardi-2e-le-triathlon-francais-rayonne\/\" \/>\n<meta property=\"og:locale\" content=\"fr_FR\" \/>\n<meta property=\"og:type\" content=\"article\" \/>\n<meta property=\"og:title\" content=\"WTCS Sunderland : Le Corre et Beaugrand l&#039;emportent, Berg\u00e8re et Lombardi 2e, le triathlon fran\u00e7ais rayonne !\" \/>\n<meta property=\"og:description\" content=\"WTCS SUNDERLAND - Ce samedi, Cassandre Beaugrand et Pierre Le Corre se sont impos\u00e9s, devant Emma Lombardi et L\u00e9o Berg\u00e8re !\" \/>\n<meta property=\"og:url\" content=\"https:\/\/dicodusport.fr\/blog\/wtcs-sunderland-le-corre-et-beaugrand-lemportent-bergere-et-lombardi-2e-le-triathlon-francais-rayonne\/\" \/>\n<meta property=\"og:site_name\" content=\"Dicodusport\" \/>\n<meta property=\"article:publisher\" content=\"https:\/\/www.facebook.com\/dicodusport\" \/>\n<meta property=\"article:published_time\" content=\"2023-07-29T19:31:38+00:00\" \/>\n<meta property=\"article:modified_time\" content=\"2023-07-30T08:26:18+00:00\" \/>\n<meta property=\"og:image\" content=\"https:\/\/dicodusport.fr\/blog\/wp-content\/uploads\/2023\/07\/WTCS-Sunderland-Le-Corre-et-Beaugrand-lemportent-Bergere-et-Lombardi-2e-le-triathlon-francais-rayonne.png\" \/>\n\t<meta property=\"og:image:width\" content=\"800\" \/>\n\t<meta property=\"og:image:height\" content=\"445\" \/>\n\t<meta property=\"og:image:type\" content=\"image\/png\" \/>\n<meta name=\"author\" content=\"Maxime Cazenave\" \/>\n<meta name=\"twitter:card\" content=\"summary_large_image\" \/>\n<meta name=\"twitter:title\" content=\"WTCS Sunderland : Le Corre et Beaugrand l&#039;emportent, Berg\u00e8re et Lombardi 2e, le triathlon fran\u00e7ais rayonne !\" \/>\n<meta name=\"twitter:creator\" content=\"@https:\/\/twitter.com\/Maxime_Caze\" \/>\n<meta name=\"twitter:site\" content=\"@dicodusport\" \/>\n<script type=\"application\/ld+json\" class=\"yoast-schema-graph\">{\"@context\":\"https:\/\/schema.org\",\"@graph\":[{\"@type\":\"NewsArticle\",\"@id\":\"https:\/\/dicodusport.fr\/blog\/wtcs-sunderland-le-corre-et-beaugrand-lemportent-bergere-et-lombardi-2e-le-triathlon-francais-rayonne\/#article\",\"isPartOf\":{\"@id\":\"https:\/\/dicodusport.fr\/blog\/wtcs-sunderland-le-corre-et-beaugrand-lemportent-bergere-et-lombardi-2e-le-triathlon-francais-rayonne\/\"},\"author\":{\"name\":\"Maxime Cazenave\",\"@id\":\"https:\/\/dicodusport.fr\/blog\/#\/schema\/person\/37def232098a7a5cbab3974a3690abb0\"},\"headline\":\"WTCS Sunderland : Le Corre et Beaugrand l&#8217;emportent, Berg\u00e8re et Lombardi 2e, le triathlon fran\u00e7ais rayonne !\",\"datePublished\":\"2023-07-29T19:31:38+00:00\",\"dateModified\":\"2023-07-30T08:26:18+00:00\",\"mainEntityOfPage\":{\"@id\":\"https:\/\/dicodusport.fr\/blog\/wtcs-sunderland-le-corre-et-beaugrand-lemportent-bergere-et-lombardi-2e-le-triathlon-francais-rayonne\/\"},\"wordCount\":555,\"commentCount\":0,\"publisher\":{\"@id\":\"https:\/\/dicodusport.fr\/blog\/#organization\"},\"image\":{\"@id\":\"https:\/\/dicodusport.fr\/blog\/wtcs-sunderland-le-corre-et-beaugrand-lemportent-bergere-et-lombardi-2e-le-triathlon-francais-rayonne\/#primaryimage\"},\"thumbnailUrl\":\"https:\/\/dicodusport.fr\/blog\/wp-content\/uploads\/2023\/07\/WTCS-Sunderland-Le-Corre-et-Beaugrand-lemportent-Bergere-et-Lombardi-2e-le-triathlon-francais-rayonne.png\",\"keywords\":[\"br\u00e8ve\",\"Cassandre Beaugrand\",\"Emma Lombardi\",\"L\u00e9o Berg\u00e8re\",\"Pierre Le Corre\",\"triathlon\"],\"articleSection\":[\"Triathlon\"],\"inLanguage\":\"fr-FR\",\"potentialAction\":[{\"@type\":\"CommentAction\",\"name\":\"Comment\",\"target\":[\"https:\/\/dicodusport.fr\/blog\/wtcs-sunderland-le-corre-et-beaugrand-lemportent-bergere-et-lombardi-2e-le-triathlon-francais-rayonne\/#respond\"]}],\"copyrightYear\":\"2023\",\"copyrightHolder\":{\"@id\":\"https:\/\/dicodusport.fr\/blog\/#organization\"}},{\"@type\":\"WebPage\",\"@id\":\"https:\/\/dicodusport.fr\/blog\/wtcs-sunderland-le-corre-et-beaugrand-lemportent-bergere-et-lombardi-2e-le-triathlon-francais-rayonne\/\",\"url\":\"https:\/\/dicodusport.fr\/blog\/wtcs-sunderland-le-corre-et-beaugrand-lemportent-bergere-et-lombardi-2e-le-triathlon-francais-rayonne\/\",\"name\":\"WTCS Sunderland : Le Corre et Beaugrand l'emportent, Berg\u00e8re et Lombardi 2e, le triathlon fran\u00e7ais rayonne !\",\"isPartOf\":{\"@id\":\"https:\/\/dicodusport.fr\/blog\/#website\"},\"primaryImageOfPage\":{\"@id\":\"https:\/\/dicodusport.fr\/blog\/wtcs-sunderland-le-corre-et-beaugrand-lemportent-bergere-et-lombardi-2e-le-triathlon-francais-rayonne\/#primaryimage\"},\"image\":{\"@id\":\"https:\/\/dicodusport.fr\/blog\/wtcs-sunderland-le-corre-et-beaugrand-lemportent-bergere-et-lombardi-2e-le-triathlon-francais-rayonne\/#primaryimage\"},\"thumbnailUrl\":\"https:\/\/dicodusport.fr\/blog\/wp-content\/uploads\/2023\/07\/WTCS-Sunderland-Le-Corre-et-Beaugrand-lemportent-Bergere-et-Lombardi-2e-le-triathlon-francais-rayonne.png\",\"datePublished\":\"2023-07-29T19:31:38+00:00\",\"dateModified\":\"2023-07-30T08:26:18+00:00\",\"description\":\"WTCS SUNDERLAND - Ce samedi, Cassandre Beaugrand et Pierre Le Corre se sont impos\u00e9s, devant Emma Lombardi et L\u00e9o Berg\u00e8re !\",\"breadcrumb\":{\"@id\":\"https:\/\/dicodusport.fr\/blog\/wtcs-sunderland-le-corre-et-beaugrand-lemportent-bergere-et-lombardi-2e-le-triathlon-francais-rayonne\/#breadcrumb\"},\"inLanguage\":\"fr-FR\",\"potentialAction\":[{\"@type\":\"ReadAction\",\"target\":[\"https:\/\/dicodusport.fr\/blog\/wtcs-sunderland-le-corre-et-beaugrand-lemportent-bergere-et-lombardi-2e-le-triathlon-francais-rayonne\/\"]}]},{\"@type\":\"ImageObject\",\"inLanguage\":\"fr-FR\",\"@id\":\"https:\/\/dicodusport.fr\/blog\/wtcs-sunderland-le-corre-et-beaugrand-lemportent-bergere-et-lombardi-2e-le-triathlon-francais-rayonne\/#primaryimage\",\"url\":\"https:\/\/dicodusport.fr\/blog\/wp-content\/uploads\/2023\/07\/WTCS-Sunderland-Le-Corre-et-Beaugrand-lemportent-Bergere-et-Lombardi-2e-le-triathlon-francais-rayonne.png\",\"contentUrl\":\"https:\/\/dicodusport.fr\/blog\/wp-content\/uploads\/2023\/07\/WTCS-Sunderland-Le-Corre-et-Beaugrand-lemportent-Bergere-et-Lombardi-2e-le-triathlon-francais-rayonne.png\",\"width\":800,\"height\":445,\"caption\":\"WTCS Sunderland Le Corre et Beaugrand l'emportent, Berg\u00e8re et Lombardi 2e, le triathlon fran\u00e7ais rayonne!\"},{\"@type\":\"BreadcrumbList\",\"@id\":\"https:\/\/dicodusport.fr\/blog\/wtcs-sunderland-le-corre-et-beaugrand-lemportent-bergere-et-lombardi-2e-le-triathlon-francais-rayonne\/#breadcrumb\",\"itemListElement\":[{\"@type\":\"ListItem\",\"position\":1,\"name\":\"Accueil\",\"item\":\"https:\/\/dicodusport.fr\/blog\/\"},{\"@type\":\"ListItem\",\"position\":2,\"name\":\"WTCS Sunderland : Le Corre et Beaugrand l&#8217;emportent, Berg\u00e8re et Lombardi 2e, le triathlon fran\u00e7ais rayonne !\"}]},{\"@type\":\"WebSite\",\"@id\":\"https:\/\/dicodusport.fr\/blog\/#website\",\"url\":\"https:\/\/dicodusport.fr\/blog\/\",\"name\":\"Dicodusport\",\"description\":\"L&#039;encyclop\u00e9die de l&#039;actualit\u00e9 sportive\",\"publisher\":{\"@id\":\"https:\/\/dicodusport.fr\/blog\/#organization\"},\"potentialAction\":[{\"@type\":\"SearchAction\",\"target\":{\"@type\":\"EntryPoint\",\"urlTemplate\":\"https:\/\/dicodusport.fr\/blog\/?s={search_term_string}\"},\"query-input\":{\"@type\":\"PropertyValueSpecification\",\"valueRequired\":true,\"valueName\":\"search_term_string\"}}],\"inLanguage\":\"fr-FR\"},{\"@type\":\"NewsMediaOrganization\",\"@id\":\"https:\/\/dicodusport.fr\/blog\/#organization\",\"name\":\"Dicodusport\",\"url\":\"https:\/\/dicodusport.fr\/blog\/\",\"logo\":{\"@type\":\"ImageObject\",\"inLanguage\":\"fr-FR\",\"@id\":\"https:\/\/dicodusport.fr\/blog\/#\/schema\/logo\/image\/\",\"url\":\"https:\/\/dicodusport.fr\/blog\/wp-content\/uploads\/2020\/06\/cropped-LOGO-DICODUSPORT-2020-SANS-FOND-SANS-TEXTE.png\",\"contentUrl\":\"https:\/\/dicodusport.fr\/blog\/wp-content\/uploads\/2020\/06\/cropped-LOGO-DICODUSPORT-2020-SANS-FOND-SANS-TEXTE.png\",\"width\":512,\"height\":512,\"caption\":\"Dicodusport\"},\"image\":{\"@id\":\"https:\/\/dicodusport.fr\/blog\/#\/schema\/logo\/image\/\"},\"sameAs\":[\"https:\/\/www.facebook.com\/dicodusport\",\"https:\/\/x.com\/dicodusport\",\"https:\/\/www.instagram.com\/dicodusport\/\",\"https:\/\/www.youtube.com\/channel\/UC7V2KZ5sd3htJivAbA4ZG3w\"],\"description\":\"Dicodusport est l'encyclop\u00e9die de l'actualit\u00e9 sportive.\",\"email\":\"bonjour@dicodusport.fr\",\"legalName\":\"DICODUSPORT\",\"foundingDate\":\"2018-01-14\",\"vatID\":\"FR71834470973\",\"taxID\":\"83447097300043\",\"numberOfEmployees\":{\"@type\":\"QuantitativeValue\",\"minValue\":\"1\",\"maxValue\":\"10\"}},{\"@type\":\"Person\",\"@id\":\"https:\/\/dicodusport.fr\/blog\/#\/schema\/person\/37def232098a7a5cbab3974a3690abb0\",\"name\":\"Maxime Cazenave\",\"image\":{\"@type\":\"ImageObject\",\"inLanguage\":\"fr-FR\",\"@id\":\"https:\/\/dicodusport.fr\/blog\/#\/schema\/person\/image\/\",\"url\":\"https:\/\/dicodusport.fr\/blog\/wp-content\/uploads\/2021\/05\/Maxime-Cazenave-150x150.jpg\",\"contentUrl\":\"https:\/\/dicodusport.fr\/blog\/wp-content\/uploads\/2021\/05\/Maxime-Cazenave-150x150.jpg\",\"caption\":\"Maxime Cazenave\"},\"description\":\"Journaliste\/R\u00e9dacteur depuis 2012 - Berc\u00e9 par l\u2019amour des Girondins de Bordeaux, les \u00e9checs de Christophe Moreau sur le Tour de France sous l'\u00e8re Lance Armstrong et le fade-away l\u00e9tal de Dirk Nowitzki, ma passion d\u00e9vorante pour le sport a toujours \u00e9t\u00e9 un pan incontournable de ma vie. Transmettre ma passion \u00e0 l\u2019\u00e9crit a \u00e9t\u00e9 une transition naturelle. Suiveur assidu de basket et de hockey sur glace, je garde toujours un peu de place pour suivre le cyclisme, le football et le maximum de performances fran\u00e7aises.\",\"sameAs\":[\"https:\/\/x.com\/https:\/\/twitter.com\/Maxime_Caze\"],\"url\":\"https:\/\/dicodusport.fr\/blog\/author\/maximec\/\"}]}<\/script>\n<!-- \/ Yoast SEO Premium plugin. -->","yoast_head_json":{"title":"WTCS Sunderland : Le Corre et Beaugrand l'emportent, Berg\u00e8re et Lombardi 2e, le triathlon fran\u00e7ais rayonne !","description":"WTCS SUNDERLAND - Ce samedi, Cassandre Beaugrand et Pierre Le Corre se sont impos\u00e9s, devant Emma Lombardi et L\u00e9o Berg\u00e8re !","robots":{"index":"index","follow":"follow","max-snippet":"max-snippet:-1","max-image-preview":"max-image-preview:large","max-video-preview":"max-video-preview:-1"},"canonical":"https:\/\/dicodusport.fr\/blog\/wtcs-sunderland-le-corre-et-beaugrand-lemportent-bergere-et-lombardi-2e-le-triathlon-francais-rayonne\/","og_locale":"fr_FR","og_type":"article","og_title":"WTCS Sunderland : Le Corre et Beaugrand l'emportent, Berg\u00e8re et Lombardi 2e, le triathlon fran\u00e7ais rayonne !","og_description":"WTCS SUNDERLAND - Ce samedi, Cassandre Beaugrand et Pierre Le Corre se sont impos\u00e9s, devant Emma Lombardi et L\u00e9o Berg\u00e8re !","og_url":"https:\/\/dicodusport.fr\/blog\/wtcs-sunderland-le-corre-et-beaugrand-lemportent-bergere-et-lombardi-2e-le-triathlon-francais-rayonne\/","og_site_name":"Dicodusport","article_publisher":"https:\/\/www.facebook.com\/dicodusport","article_published_time":"2023-07-29T19:31:38+00:00","article_modified_time":"2023-07-30T08:26:18+00:00","og_image":[{"width":800,"height":445,"url":"https:\/\/dicodusport.fr\/blog\/wp-content\/uploads\/2023\/07\/WTCS-Sunderland-Le-Corre-et-Beaugrand-lemportent-Bergere-et-Lombardi-2e-le-triathlon-francais-rayonne.png","type":"image\/png"}],"author":"Maxime Cazenave","twitter_card":"summary_large_image","twitter_title":"WTCS Sunderland : Le Corre et Beaugrand l'emportent, Berg\u00e8re et Lombardi 2e, le triathlon fran\u00e7ais rayonne !","twitter_creator":"@https:\/\/twitter.com\/Maxime_Caze","twitter_site":"@dicodusport","schema":{"@context":"https:\/\/schema.org","@graph":[{"@type":"NewsArticle","@id":"https:\/\/dicodusport.fr\/blog\/wtcs-sunderland-le-corre-et-beaugrand-lemportent-bergere-et-lombardi-2e-le-triathlon-francais-rayonne\/#article","isPartOf":{"@id":"https:\/\/dicodusport.fr\/blog\/wtcs-sunderland-le-corre-et-beaugrand-lemportent-bergere-et-lombardi-2e-le-triathlon-francais-rayonne\/"},"author":{"name":"Maxime Cazenave","@id":"https:\/\/dicodusport.fr\/blog\/#\/schema\/person\/37def232098a7a5cbab3974a3690abb0"},"headline":"WTCS Sunderland : Le Corre et Beaugrand l&#8217;emportent, Berg\u00e8re et Lombardi 2e, le triathlon fran\u00e7ais rayonne !","datePublished":"2023-07-29T19:31:38+00:00","dateModified":"2023-07-30T08:26:18+00:00","mainEntityOfPage":{"@id":"https:\/\/dicodusport.fr\/blog\/wtcs-sunderland-le-corre-et-beaugrand-lemportent-bergere-et-lombardi-2e-le-triathlon-francais-rayonne\/"},"wordCount":555,"commentCount":0,"publisher":{"@id":"https:\/\/dicodusport.fr\/blog\/#organization"},"image":{"@id":"https:\/\/dicodusport.fr\/blog\/wtcs-sunderland-le-corre-et-beaugrand-lemportent-bergere-et-lombardi-2e-le-triathlon-francais-rayonne\/#primaryimage"},"thumbnailUrl":"https:\/\/dicodusport.fr\/blog\/wp-content\/uploads\/2023\/07\/WTCS-Sunderland-Le-Corre-et-Beaugrand-lemportent-Bergere-et-Lombardi-2e-le-triathlon-francais-rayonne.png","keywords":["br\u00e8ve","Cassandre Beaugrand","Emma Lombardi","L\u00e9o Berg\u00e8re","Pierre Le Corre","triathlon"],"articleSection":["Triathlon"],"inLanguage":"fr-FR","potentialAction":[{"@type":"CommentAction","name":"Comment","target":["https:\/\/dicodusport.fr\/blog\/wtcs-sunderland-le-corre-et-beaugrand-lemportent-bergere-et-lombardi-2e-le-triathlon-francais-rayonne\/#respond"]}],"copyrightYear":"2023","copyrightHolder":{"@id":"https:\/\/dicodusport.fr\/blog\/#organization"}},{"@type":"WebPage","@id":"https:\/\/dicodusport.fr\/blog\/wtcs-sunderland-le-corre-et-beaugrand-lemportent-bergere-et-lombardi-2e-le-triathlon-francais-rayonne\/","url":"https:\/\/dicodusport.fr\/blog\/wtcs-sunderland-le-corre-et-beaugrand-lemportent-bergere-et-lombardi-2e-le-triathlon-francais-rayonne\/","name":"WTCS Sunderland : Le Corre et Beaugrand l'emportent, Berg\u00e8re et Lombardi 2e, le triathlon fran\u00e7ais rayonne !","isPartOf":{"@id":"https:\/\/dicodusport.fr\/blog\/#website"},"primaryImageOfPage":{"@id":"https:\/\/dicodusport.fr\/blog\/wtcs-sunderland-le-corre-et-beaugrand-lemportent-bergere-et-lombardi-2e-le-triathlon-francais-rayonne\/#primaryimage"},"image":{"@id":"https:\/\/dicodusport.fr\/blog\/wtcs-sunderland-le-corre-et-beaugrand-lemportent-bergere-et-lombardi-2e-le-triathlon-francais-rayonne\/#primaryimage"},"thumbnailUrl":"https:\/\/dicodusport.fr\/blog\/wp-content\/uploads\/2023\/07\/WTCS-Sunderland-Le-Corre-et-Beaugrand-lemportent-Bergere-et-Lombardi-2e-le-triathlon-francais-rayonne.png","datePublished":"2023-07-29T19:31:38+00:00","dateModified":"2023-07-30T08:26:18+00:00","description":"WTCS SUNDERLAND - Ce samedi, Cassandre Beaugrand et Pierre Le Corre se sont impos\u00e9s, devant Emma Lombardi et L\u00e9o Berg\u00e8re !","breadcrumb":{"@id":"https:\/\/dicodusport.fr\/blog\/wtcs-sunderland-le-corre-et-beaugrand-lemportent-bergere-et-lombardi-2e-le-triathlon-francais-rayonne\/#breadcrumb"},"inLanguage":"fr-FR","potentialAction":[{"@type":"ReadAction","target":["https:\/\/dicodusport.fr\/blog\/wtcs-sunderland-le-corre-et-beaugrand-lemportent-bergere-et-lombardi-2e-le-triathlon-francais-rayonne\/"]}]},{"@type":"ImageObject","inLanguage":"fr-FR","@id":"https:\/\/dicodusport.fr\/blog\/wtcs-sunderland-le-corre-et-beaugrand-lemportent-bergere-et-lombardi-2e-le-triathlon-francais-rayonne\/#primaryimage","url":"https:\/\/dicodusport.fr\/blog\/wp-content\/uploads\/2023\/07\/WTCS-Sunderland-Le-Corre-et-Beaugrand-lemportent-Bergere-et-Lombardi-2e-le-triathlon-francais-rayonne.png","contentUrl":"https:\/\/dicodusport.fr\/blog\/wp-content\/uploads\/2023\/07\/WTCS-Sunderland-Le-Corre-et-Beaugrand-lemportent-Bergere-et-Lombardi-2e-le-triathlon-francais-rayonne.png","width":800,"height":445,"caption":"WTCS Sunderland Le Corre et Beaugrand l'emportent, Berg\u00e8re et Lombardi 2e, le triathlon fran\u00e7ais rayonne!"},{"@type":"BreadcrumbList","@id":"https:\/\/dicodusport.fr\/blog\/wtcs-sunderland-le-corre-et-beaugrand-lemportent-bergere-et-lombardi-2e-le-triathlon-francais-rayonne\/#breadcrumb","itemListElement":[{"@type":"ListItem","position":1,"name":"Accueil","item":"https:\/\/dicodusport.fr\/blog\/"},{"@type":"ListItem","position":2,"name":"WTCS Sunderland : Le Corre et Beaugrand l&#8217;emportent, Berg\u00e8re et Lombardi 2e, le triathlon fran\u00e7ais rayonne !"}]},{"@type":"WebSite","@id":"https:\/\/dicodusport.fr\/blog\/#website","url":"https:\/\/dicodusport.fr\/blog\/","name":"Dicodusport","description":"L&#039;encyclop\u00e9die de l&#039;actualit\u00e9 sportive","publisher":{"@id":"https:\/\/dicodusport.fr\/blog\/#organization"},"potentialAction":[{"@type":"SearchAction","target":{"@type":"EntryPoint","urlTemplate":"https:\/\/dicodusport.fr\/blog\/?s={search_term_string}"},"query-input":{"@type":"PropertyValueSpecification","valueRequired":true,"valueName":"search_term_string"}}],"inLanguage":"fr-FR"},{"@type":"NewsMediaOrganization","@id":"https:\/\/dicodusport.fr\/blog\/#organization","name":"Dicodusport","url":"https:\/\/dicodusport.fr\/blog\/","logo":{"@type":"ImageObject","inLanguage":"fr-FR","@id":"https:\/\/dicodusport.fr\/blog\/#\/schema\/logo\/image\/","url":"https:\/\/dicodusport.fr\/blog\/wp-content\/uploads\/2020\/06\/cropped-LOGO-DICODUSPORT-2020-SANS-FOND-SANS-TEXTE.png","contentUrl":"https:\/\/dicodusport.fr\/blog\/wp-content\/uploads\/2020\/06\/cropped-LOGO-DICODUSPORT-2020-SANS-FOND-SANS-TEXTE.png","width":512,"height":512,"caption":"Dicodusport"},"image":{"@id":"https:\/\/dicodusport.fr\/blog\/#\/schema\/logo\/image\/"},"sameAs":["https:\/\/www.facebook.com\/dicodusport","https:\/\/x.com\/dicodusport","https:\/\/www.instagram.com\/dicodusport\/","https:\/\/www.youtube.com\/channel\/UC7V2KZ5sd3htJivAbA4ZG3w"],"description":"Dicodusport est l'encyclop\u00e9die de l'actualit\u00e9 sportive.","email":"bonjour@dicodusport.fr","legalName":"DICODUSPORT","foundingDate":"2018-01-14","vatID":"FR71834470973","taxID":"83447097300043","numberOfEmployees":{"@type":"QuantitativeValue","minValue":"1","maxValue":"10"}},{"@type":"Person","@id":"https:\/\/dicodusport.fr\/blog\/#\/schema\/person\/37def232098a7a5cbab3974a3690abb0","name":"Maxime Cazenave","image":{"@type":"ImageObject","inLanguage":"fr-FR","@id":"https:\/\/dicodusport.fr\/blog\/#\/schema\/person\/image\/","url":"https:\/\/dicodusport.fr\/blog\/wp-content\/uploads\/2021\/05\/Maxime-Cazenave-150x150.jpg","contentUrl":"https:\/\/dicodusport.fr\/blog\/wp-content\/uploads\/2021\/05\/Maxime-Cazenave-150x150.jpg","caption":"Maxime Cazenave"},"description":"Journaliste\/R\u00e9dacteur depuis 2012 - Berc\u00e9 par l\u2019amour des Girondins de Bordeaux, les \u00e9checs de Christophe Moreau sur le Tour de France sous l'\u00e8re Lance Armstrong et le fade-away l\u00e9tal de Dirk Nowitzki, ma passion d\u00e9vorante pour le sport a toujours \u00e9t\u00e9 un pan incontournable de ma vie. Transmettre ma passion \u00e0 l\u2019\u00e9crit a \u00e9t\u00e9 une transition naturelle. Suiveur assidu de basket et de hockey sur glace, je garde toujours un peu de place pour suivre le cyclisme, le football et le maximum de performances fran\u00e7aises.","sameAs":["https:\/\/x.com\/https:\/\/twitter.com\/Maxime_Caze"],"url":"https:\/\/dicodusport.fr\/blog\/author\/maximec\/"}]}},"_links":{"self":[{"href":"https:\/\/dicodusport.fr\/blog\/wp-json\/wp\/v2\/posts\/404311","targetHints":{"allow":["GET"]}}],"collection":[{"href":"https:\/\/dicodusport.fr\/blog\/wp-json\/wp\/v2\/posts"}],"about":[{"href":"https:\/\/dicodusport.fr\/blog\/wp-json\/wp\/v2\/types\/post"}],"author":[{"embeddable":true,"href":"https:\/\/dicodusport.fr\/blog\/wp-json\/wp\/v2\/users\/55"}],"replies":[{"embeddable":true,"href":"https:\/\/dicodusport.fr\/blog\/wp-json\/wp\/v2\/comments?post=404311"}],"version-history":[{"count":0,"href":"https:\/\/dicodusport.fr\/blog\/wp-json\/wp\/v2\/posts\/404311\/revisions"}],"wp:featuredmedia":[{"embeddable":true,"href":"https:\/\/dicodusport.fr\/blog\/wp-json\/wp\/v2\/media\/404322"}],"wp:attachment":[{"href":"https:\/\/dicodusport.fr\/blog\/wp-json\/wp\/v2\/media?parent=404311"}],"wp:term":[{"taxonomy":"category","embeddable":true,"href":"https:\/\/dicodusport.fr\/blog\/wp-json\/wp\/v2\/categories?post=404311"},{"taxonomy":"post_tag","embeddable":true,"href":"https:\/\/dicodusport.fr\/blog\/wp-json\/wp\/v2\/tags?post=404311"}],"curies":[{"name":"wp","href":"https:\/\/api.w.org\/{rel}","templated":true}]}}