{"id":404462,"date":"2023-07-30T18:34:15","date_gmt":"2023-07-30T16:34:15","guid":{"rendered":"https:\/\/dicodusport.fr\/blog\/?p=404462&#038;preview=true&#038;preview_id=404462"},"modified":"2023-07-30T18:37:08","modified_gmt":"2023-07-30T16:37:08","slug":"championnats-de-france-elite-2023-collet-samba-mayela-stey-les-resultats-de-la-derniere-journee","status":"publish","type":"post","link":"https:\/\/dicodusport.fr\/blog\/championnats-de-france-elite-2023-collet-samba-mayela-stey-les-resultats-de-la-derniere-journee\/","title":{"rendered":"Championnats de France Elite 2023 : Collet, Samba-Mayela, Stey, les r\u00e9sultats de la derni\u00e8re journ\u00e9e"},"content":{"rendered":"<p align=\"justify\"><em><strong><a href=\"https:\/\/dicodusport.fr\/blog\/calendrier-et-resultats-championnats-de-france-elite-dathletisme-2023\/\">CHAMPIONNATS DE FRANCE \u00c9LITE 2023<\/a> &#8211; Pauline Stey a r\u00e9alis\u00e9 un record des championnats sur 10 km route. Cyr\u00e9na Samba-Mayela a pris le meilleur sur La\u00ebticia Bapt\u00e9 sur 100 m haies et Thibaut Collet a dompt\u00e9 le vent d&rsquo;Albi, dans un concours de perche \u00e0 rebondissements.<\/strong><\/em><\/p>\n<h2 align=\"justify\">Bordier et Stey dominent le 10 km marche<\/h2>\n<p align=\"justify\">Les marcheurs et marcheuses ont ouvert le bal ce dimanche matin, pour la troisi\u00e8me et derni\u00e8re journ\u00e9e des championnats de France Elite 2023. Et le moins que l&rsquo;on puisse dire, c&rsquo;est que les performances ont \u00e9t\u00e9 au rendez-vous. En premier lieu <strong>Gabriel Bordier<\/strong>. Qui remporte le 10 km route, disput\u00e9 dans les rues d&rsquo;Albi. Avec un nouveau record personnel en 39:02. Soit la 2e performance fran\u00e7aise de tous les temps, derri\u00e8re <strong>Yohann Diniz<\/strong>. De bon augure pour celui qui va participer aux Mondiaux de Budapest : <em>\u201cC&rsquo;est une bonne chose. J&rsquo;avais envie de battre mon record aujourd&rsquo;hui<\/em>\u201d, confie le marcheur.<\/p>\n<p align=\"justify\">Il y a eu plus de rebondissements sur la course f\u00e9minine. Cl\u00e9mence Beretta \u00e9tait partie sur des bases supersoniques, avec un passage en 8:40 au bout de 10 kilom\u00e8tres. Mais \u00e0 la mi-course, elle \u00e9cope de deux cartons rouges. Le 3e au 7e kilom\u00e8tre est synonyme d&rsquo;une minute de p\u00e9nalit\u00e9. La recordwoman de France du 20 kilom\u00e8tres marche \u00e9tait furieuse sur la ligne. Elle doit laisser <strong>Pauline Stey<\/strong> s&rsquo;imposer. Mais cette derni\u00e8re n&rsquo;a pas non plus vol\u00e9 sa victoire. Avec un chrono de 44&rsquo;42, elle signe un record personnel et un record des championnats.<\/p>\n<p align=\"justify\">Et devient la 2e fran\u00e7aise sur 10 km route. <em>\u201c<\/em><em>Je visais un chrono sous les 45 minutes. M\u00eame si j&rsquo;esp\u00e9rais un chrono de 44:30<\/em>\u201d. Mais la jeune championne d&rsquo;Europe espoirs du 20 km marche avait encore son exploit de Finlande dans les jambes. N\u00e9anmoins, avec son titre, elle pourrait bien s&rsquo;ouvrir les portes des championnats du monde. Et devrait \u00eatre accompagn\u00e9e de <strong>Cl\u00e9mence Berretta<\/strong>, toujours 20e au ranking et 2e aujourd&rsquo;hui en 45:38.<\/p>\n<h2 align=\"justify\">Kandissounon en impose, Cond\u00e9-Turpin domine l&rsquo;hepta<\/h2>\n<p align=\"justify\">Championne de France du 800 m, <strong>L\u00e9na Kandissounon<\/strong> a r\u00e9alis\u00e9 la course parfaite. Et comme un bonheur n&rsquo;arrive jamais seul, c&rsquo;est un doubl\u00e9 breton, avec son amie <strong>Clara Liberman<\/strong> qui prend la deuxi\u00e8me place. Un doubl\u00e9 qui a sembl\u00e9 presque autant r\u00e9jouir la qualifi\u00e9e pour Budapest, que sa propre victoire. Elle s&rsquo;est impos\u00e9e en 2:02.00. Un gros chrono en championnat de France. <em>\u201cC&rsquo;\u00e9tait g\u00e9nial\u00a0 ! Je suis encore plus contente pour elle (Clara Liberman) que pour moi, car elle le m\u00e9rite vraiment. \u00c7a fait quasiment 15 ans qu&rsquo;on se conna\u00eet, donc \u00e7a fait trop plaisir. C&rsquo;est une reconnaissance pour notre club (Haute-Bretagne Athl\u00e9tisme) et notre coach qui nous accompagne au quotidien. C&rsquo;est incroyable<\/em>.\u201d<\/p>\n<p align=\"justify\"><em>\u201cC&rsquo;est le deuxi\u00e8me heptathlon de ma carri\u00e8re<\/em>\u201d. <strong>Esther Cond\u00e9-Turpin<\/strong> ne cachait pas sa joie \u00e0 la fin de son heptathlon. Pour aller chercher un titre de championne de France loin d&rsquo;\u00eatre acquis d&rsquo;avance, au vu de la concurrence. Elle a r\u00e9alis\u00e9 un total de 6182 points. <em>\u201c<\/em><em>Ma deuxi\u00e8me journ\u00e9e est moins bonne, ce n&rsquo;est pas sorti \u00e0 la longueur, m\u00eame au javelot. Mon hepta est am\u00e9liorable. Le 800 n&rsquo;\u00e9tait pas facile avec le vent<\/em>\u201d. Une comp\u00e9tition marqu\u00e9e par trois performances au-dessus de 6000 points. Mais aussi <strong>L\u00e9onie Cambours<\/strong> qui n&rsquo;a pas \u00e9t\u00e9 au bout de son concours. La favorite de l&rsquo;hepta pourrait bien dire adieu \u00e0 Budapest.<\/p>\n<h2 align=\"justify\">Andant enl\u00e8ve le 400 m, un 100 m haies de folie<\/h2>\n<p align=\"justify\">On savait que le 4&#215;400 m fran\u00e7ais avait du potentiel. Il en aura encore plus apr\u00e8s cette course. Et c&rsquo;est le cadet des cadors, <strong>T\u00e9o Andant<\/strong>, qui l&#8217;emporte. En 45.60 : <em>\u201c<\/em><em>C&rsquo;est la plus grande victoire de ma carri\u00e8re. Je craignais de finir ma carri\u00e8re sans titre de champion de France. Au moins, c&rsquo;est fait<\/em>\u201d, se r\u00e9jouit le sp\u00e9cialiste du tour de piste. <em>\u201c<\/em><em>Avec de meilleures conditions, le chrono aurait pu \u00eatre int\u00e9ressant. Il y avait trop de vent. Ce 45.60 il n&rsquo;est pas trop mal<\/em>\u201d.<\/p>\n<p align=\"justify\">Et que dire du 100 m haies. Si ce n&rsquo;est que <strong>La\u00ebticia Bapt\u00e9<\/strong> n&rsquo;a pas gagn\u00e9 avec 12.69 (record personnel). C&rsquo;est dire le niveau de la course remport\u00e9e par<strong> Cyr\u00e9na Samba-Mayela<\/strong> en 12.68. Elle s&rsquo;offre son record personnel et un chrono \u00e0 12 centi\u00e8mes seulement du record de France. Et confirme ses progr\u00e8s sur 100 m haies, elle qui est championne de France du 100 m haies.<\/p>\n<blockquote class=\"twitter-tweet\">\n<p dir=\"ltr\" lang=\"fr\">\ud83d\udd25 Un final DE R\u00caVE \u00e0 Albi !<\/p>\n<p>\ud83e\udd47 Cyr\u00e9na Samba-Mayela (Lille MA) championne de France Elite du 100 m haies en 12\u00a0\u00bb68 (+0.5), record personnel ! Septi\u00e8me meilleure performeuse \ud83c\uddeb\ud83c\uddf7 de l&rsquo;histoire !<\/p>\n<p>\ud83d\udcbb Suivez les <a href=\"https:\/\/twitter.com\/hashtag\/CFAthl%C3%A9?src=hash&amp;ref_src=twsrc%5Etfw\">#CFAthl\u00e9<\/a> en DIRECT sur <a href=\"https:\/\/t.co\/63xdTVLhtA\">https:\/\/t.co\/63xdTVLhtA<\/a> et <a href=\"https:\/\/twitter.com\/lachainelequipe?ref_src=twsrc%5Etfw\">@lachainelequipe<\/a>. <a href=\"https:\/\/t.co\/9y1h3MBz09\">pic.twitter.com\/9y1h3MBz09<\/a><\/p>\n<p>\u2014 FFAthl\u00e9tisme (@FFAthletisme) <a href=\"https:\/\/twitter.com\/FFAthletisme\/status\/1685668281397501953?ref_src=twsrc%5Etfw\">July 30, 2023<\/a><\/p><\/blockquote>\n<p><script async src=\"https:\/\/platform.twitter.com\/widgets.js\" charset=\"utf-8\"><\/script><\/p>\n<h2 align=\"justify\">La r\u00e9surrection de Aigouy, Collet en patron malgr\u00e9 le vent<\/h2>\n<p style=\"text-align: justify;\">Un peu plus d&rsquo;un an apr\u00e8s sa terrible blessure au genou, <strong>Jona Aigouy<\/strong> a frapp\u00e9 un grand coup au javelot. Elle a remport\u00e9 le titre en battant son record personnel, malgr\u00e9 un \u00e9lan r\u00e9duit. Elle a lanc\u00e9 \u00e0 58.12 m. <em>\u201cJ&rsquo;\u00e9tais stress\u00e9e avant le concours, \u00e0 tel point que j&rsquo;en avais oubli\u00e9 mes marques<\/em>\u201d. Et quand la performance est sortie sur son premier jet, ce sont les larmes qui ont envahi l&rsquo;Aveyronnaise. <em>\u201c<\/em><em>Sur le coup, je n&rsquo;ai pas l&rsquo;impression de lancer loin. Mais je vois sur le panneau au loin s&rsquo;afficher 58 m\u00e8tres. Mais je n&rsquo;y croyais pas. Et quand on a vu sur le direct de la FFA la perf, j&rsquo;ai \u00e9t\u00e9 submerg\u00e9e par l&rsquo;\u00e9motion<\/em>\u201d, raconte celle qui r\u00eave d\u00e9sormais des JO de Paris.<\/p>\n<p style=\"text-align: justify;\"><strong>Thibaut Collet<\/strong> s&rsquo;est fait peur, mais a \u00e9t\u00e9 sacr\u00e9 champion de France de la perche. Avec un bond \u00e0 5.72 m, alors qu&rsquo;il a d\u00fb s&#8217;employer au troisi\u00e8me essai pour franchir 5.52 m, au moment o\u00f9 seul <strong>Baptiste Thiery<\/strong> avait franchi une barre. Un concours o\u00f9 les deux fr\u00e8res Lavillenie n&rsquo;ont pas pu franchir une barre. <em>\u201c<\/em><em>Je suis content de ce troisi\u00e8me titre de champion de France. Cela reste une performance tr\u00e8s correcte. Je valide mon billet pour les mondiaux. J&rsquo;ai h\u00e2te de pr\u00e9parer cet \u00e9v\u00e8nement et j&rsquo;ai envie de sauter plus haut l\u00e0-bas<\/em>\u201d, a comment\u00e9 le champion de France de la perche.<\/p>\n<blockquote class=\"twitter-tweet\">\n<p dir=\"ltr\" lang=\"fr\">\ud83d\udcaa Record personnel !<\/p>\n<p>\ud83e\udd47 Jona Aigouy (Ca Balma) sacr\u00e9e championne de France Elite du lancer du javelot avec 58,12 m \u00e0 Albi !<\/p>\n<p>\ud83d\udcbb Revivez les <a href=\"https:\/\/twitter.com\/hashtag\/CFAthl%C3%A9?src=hash&amp;ref_src=twsrc%5Etfw\">#CFAthl\u00e9<\/a> en int\u00e9gralit\u00e9 sur <a href=\"https:\/\/t.co\/63xdTVLhtA\">https:\/\/t.co\/63xdTVLhtA<\/a>. <a href=\"https:\/\/t.co\/egrxFQYxi9\">pic.twitter.com\/egrxFQYxi9<\/a><\/p>\n<p>\u2014 FFAthl\u00e9tisme (@FFAthletisme) <a href=\"https:\/\/twitter.com\/FFAthletisme\/status\/1685677582837075970?ref_src=twsrc%5Etfw\">July 30, 2023<\/a><\/p><\/blockquote>\n<p><script async src=\"https:\/\/platform.twitter.com\/widgets.js\" charset=\"utf-8\"><\/script><\/p>\n<h2 align=\"justify\">Habz en patron<\/h2>\n<p align=\"justify\">Le 1500 m \u00e9tait attendu, il a tenu ses promesses. Si <strong>Azeddine Habz<\/strong> a fait parler sa force jusqu&rsquo;au bout, pour empocher le titre de champion de France en 3:40.20, la bagarre pour le podium a \u00e9t\u00e9 intense ! <strong>Ma\u00ebl Gouyette<\/strong> a r\u00e9sist\u00e9 pour prendre l&rsquo;argent en 3:40.47, mais <strong>Alexis Miellet,<\/strong> qui a longtemps fait la course avec <strong>Azeddine Habz<\/strong>, se fait sauter sur la ligne par Arthur Gervais, qui lui ravit le bronze. <em>\u201cIl faut voir que j&rsquo;ai attaqu\u00e9 au dernier 300, donc pendant le 250, c&rsquo;\u00e9tait un sprint contre Alexis Miellet. Le dernier 50 m\u00e8tres, c&rsquo;\u00e9tait un petit peu raide. Je m&rsquo;en sors avec ma vitesse du 800. J&rsquo;\u00e9tais concentr\u00e9 sur la ligne droite, je voulais que personne ne revienne, ce qu&rsquo;il s&rsquo;est pass\u00e9. Ma vitesse du 800 m&rsquo;a bien servi<\/em>.\u201d, a comment\u00e9 le vainqueur.<\/p>\n<p align=\"justify\"><strong>Fred Moudani-Likibi<\/strong> \u00e9tait attendu au lancer de poids. Pas de jet au-del\u00e0 de 20 m, mais une belle victoire avec un meilleur lancer \u00e0 19.84 m. <strong>Sol\u00e8ne Gicquel<\/strong> a remport\u00e9 le concours de la hauteur, avec un bond \u00e0 1.89 m. Dominant la favorite <strong>Nawal Meniker<\/strong>. Le 200 m est revenu \u00e0 <strong>Pamera Losange<\/strong> qui boucle son demi-tour de piste en 23.25. <strong>Rouguy Sow<\/strong> r\u00e9alise sa meilleure performance depuis pr\u00e8s de 7 ans \u00e0 la longueur, pour s&rsquo;imposer avec un bond solide \u00e0 6.70 m. Un concours auquel n&rsquo;a pas particip\u00e9 <strong>Hilary Kpatcha<\/strong>, qui a ressenti une alerte musculaire \u00e0 la cuisse, durant l&rsquo;\u00e9chauffement. <strong>Louise Maraval<\/strong> a pris le dessus sur <strong>Camille Seri,<\/strong> sur le 400 m haies. Qu&rsquo;elle a remport\u00e9 en 55.85.<\/p>\n","protected":false},"excerpt":{"rendered":"<p>CHAMPIONNATS DE FRANCE \u00c9LITE 2023 &#8211; Pauline Stey a r\u00e9alis\u00e9 un record des championnats sur 10 km route. Cyr\u00e9na Samba-Mayela a pris le meilleur sur La\u00ebticia Bapt\u00e9 sur 100 m haies et Thibaut Collet a dompt\u00e9 le vent d&rsquo;Albi, dans un concours de perche \u00e0 rebondissements.<\/p>\n","protected":false},"author":83,"featured_media":404649,"comment_status":"open","ping_status":"closed","sticky":false,"template":"","format":"standard","meta":{"_acf_changed":false,"_daextam_enable_autolinks":"","footnotes":""},"categories":[2308],"tags":[143,16878,14537,17905,17945],"class_list":["post-404462","post","type-post","status-publish","format-standard","has-post-thumbnail","hentry","category-athletisme","tag-athletisme","tag-breve","tag-cyrena-samba-mayela","tag-pauline-stey","tag-thibaut-collet"],"acf":[],"yoast_head":"<!-- This site is optimized with the Yoast SEO Premium plugin v26.7 (Yoast SEO v26.7) - https:\/\/yoast.com\/wordpress\/plugins\/seo\/ -->\n<title>Championnats de France Elite 2023 : Collet, Samba-Mayela, Stey, les r\u00e9sultats de la derni\u00e8re journ\u00e9e<\/title>\n<meta name=\"description\" content=\"CHAMPIONNATS DE FRANCE \u00c9LITE 2023 - Pauline Stey a r\u00e9alis\u00e9 un record des championnats sur 10 km route. Retour sur la derni\u00e8re journ\u00e9e.\" \/>\n<meta name=\"robots\" content=\"index, follow, max-snippet:-1, max-image-preview:large, max-video-preview:-1\" \/>\n<link rel=\"canonical\" href=\"https:\/\/dicodusport.fr\/blog\/championnats-de-france-elite-2023-collet-samba-mayela-stey-les-resultats-de-la-derniere-journee\/\" \/>\n<meta property=\"og:locale\" content=\"fr_FR\" \/>\n<meta property=\"og:type\" content=\"article\" \/>\n<meta property=\"og:title\" content=\"Championnats de France Elite 2023 : Collet, Samba-Mayela, Stey, les r\u00e9sultats de la derni\u00e8re journ\u00e9e\" \/>\n<meta property=\"og:description\" content=\"CHAMPIONNATS DE FRANCE \u00c9LITE 2023 - Pauline Stey a r\u00e9alis\u00e9 un record des championnats sur 10 km route. Retour sur la derni\u00e8re journ\u00e9e.\" \/>\n<meta property=\"og:url\" content=\"https:\/\/dicodusport.fr\/blog\/championnats-de-france-elite-2023-collet-samba-mayela-stey-les-resultats-de-la-derniere-journee\/\" \/>\n<meta property=\"og:site_name\" content=\"Dicodusport\" \/>\n<meta property=\"article:publisher\" content=\"https:\/\/www.facebook.com\/dicodusport\" \/>\n<meta property=\"article:published_time\" content=\"2023-07-30T16:34:15+00:00\" \/>\n<meta property=\"article:modified_time\" content=\"2023-07-30T16:37:08+00:00\" \/>\n<meta property=\"og:image\" content=\"https:\/\/dicodusport.fr\/blog\/wp-content\/uploads\/2023\/07\/Championnats-de-France-Elite-2023-Collet-Samba-Mayela-Stey-les-resultats-de-la-derniere-journee.png\" \/>\n\t<meta property=\"og:image:width\" content=\"800\" \/>\n\t<meta property=\"og:image:height\" content=\"445\" \/>\n\t<meta property=\"og:image:type\" content=\"image\/png\" \/>\n<meta name=\"author\" content=\"Etienne Goursaud\" \/>\n<meta name=\"twitter:card\" content=\"summary_large_image\" \/>\n<meta name=\"twitter:title\" content=\"Championnats de France Elite 2023 : Collet, Samba-Mayela, Stey, les r\u00e9sultats de la derni\u00e8re journ\u00e9e\" \/>\n<meta name=\"twitter:creator\" content=\"@dicodusport\" \/>\n<meta name=\"twitter:site\" content=\"@dicodusport\" \/>\n<script type=\"application\/ld+json\" class=\"yoast-schema-graph\">{\"@context\":\"https:\/\/schema.org\",\"@graph\":[{\"@type\":\"NewsArticle\",\"@id\":\"https:\/\/dicodusport.fr\/blog\/championnats-de-france-elite-2023-collet-samba-mayela-stey-les-resultats-de-la-derniere-journee\/#article\",\"isPartOf\":{\"@id\":\"https:\/\/dicodusport.fr\/blog\/championnats-de-france-elite-2023-collet-samba-mayela-stey-les-resultats-de-la-derniere-journee\/\"},\"author\":{\"name\":\"Etienne Goursaud\",\"@id\":\"https:\/\/dicodusport.fr\/blog\/#\/schema\/person\/d603dd7da31fb2b46c82b9835a77ec13\"},\"headline\":\"Championnats de France Elite 2023 : Collet, Samba-Mayela, Stey, les r\u00e9sultats de la derni\u00e8re journ\u00e9e\",\"datePublished\":\"2023-07-30T16:34:15+00:00\",\"dateModified\":\"2023-07-30T16:37:08+00:00\",\"mainEntityOfPage\":{\"@id\":\"https:\/\/dicodusport.fr\/blog\/championnats-de-france-elite-2023-collet-samba-mayela-stey-les-resultats-de-la-derniere-journee\/\"},\"wordCount\":1391,\"commentCount\":0,\"publisher\":{\"@id\":\"https:\/\/dicodusport.fr\/blog\/#organization\"},\"image\":{\"@id\":\"https:\/\/dicodusport.fr\/blog\/championnats-de-france-elite-2023-collet-samba-mayela-stey-les-resultats-de-la-derniere-journee\/#primaryimage\"},\"thumbnailUrl\":\"https:\/\/dicodusport.fr\/blog\/wp-content\/uploads\/2023\/07\/Championnats-de-France-Elite-2023-Collet-Samba-Mayela-Stey-les-resultats-de-la-derniere-journee.png\",\"keywords\":[\"Athl\u00e9tisme\",\"br\u00e8ve\",\"Cyr\u00e9na Samba-Mayela\",\"Pauline Stey\",\"Thibaut Collet\"],\"articleSection\":[\"Athl\u00e9tisme\"],\"inLanguage\":\"fr-FR\",\"potentialAction\":[{\"@type\":\"CommentAction\",\"name\":\"Comment\",\"target\":[\"https:\/\/dicodusport.fr\/blog\/championnats-de-france-elite-2023-collet-samba-mayela-stey-les-resultats-de-la-derniere-journee\/#respond\"]}],\"copyrightYear\":\"2023\",\"copyrightHolder\":{\"@id\":\"https:\/\/dicodusport.fr\/blog\/#organization\"}},{\"@type\":\"WebPage\",\"@id\":\"https:\/\/dicodusport.fr\/blog\/championnats-de-france-elite-2023-collet-samba-mayela-stey-les-resultats-de-la-derniere-journee\/\",\"url\":\"https:\/\/dicodusport.fr\/blog\/championnats-de-france-elite-2023-collet-samba-mayela-stey-les-resultats-de-la-derniere-journee\/\",\"name\":\"Championnats de France Elite 2023 : Collet, Samba-Mayela, Stey, les r\u00e9sultats de la derni\u00e8re journ\u00e9e\",\"isPartOf\":{\"@id\":\"https:\/\/dicodusport.fr\/blog\/#website\"},\"primaryImageOfPage\":{\"@id\":\"https:\/\/dicodusport.fr\/blog\/championnats-de-france-elite-2023-collet-samba-mayela-stey-les-resultats-de-la-derniere-journee\/#primaryimage\"},\"image\":{\"@id\":\"https:\/\/dicodusport.fr\/blog\/championnats-de-france-elite-2023-collet-samba-mayela-stey-les-resultats-de-la-derniere-journee\/#primaryimage\"},\"thumbnailUrl\":\"https:\/\/dicodusport.fr\/blog\/wp-content\/uploads\/2023\/07\/Championnats-de-France-Elite-2023-Collet-Samba-Mayela-Stey-les-resultats-de-la-derniere-journee.png\",\"datePublished\":\"2023-07-30T16:34:15+00:00\",\"dateModified\":\"2023-07-30T16:37:08+00:00\",\"description\":\"CHAMPIONNATS DE FRANCE \u00c9LITE 2023 - Pauline Stey a r\u00e9alis\u00e9 un record des championnats sur 10 km route. Retour sur la derni\u00e8re journ\u00e9e.\",\"breadcrumb\":{\"@id\":\"https:\/\/dicodusport.fr\/blog\/championnats-de-france-elite-2023-collet-samba-mayela-stey-les-resultats-de-la-derniere-journee\/#breadcrumb\"},\"inLanguage\":\"fr-FR\",\"potentialAction\":[{\"@type\":\"ReadAction\",\"target\":[\"https:\/\/dicodusport.fr\/blog\/championnats-de-france-elite-2023-collet-samba-mayela-stey-les-resultats-de-la-derniere-journee\/\"]}]},{\"@type\":\"ImageObject\",\"inLanguage\":\"fr-FR\",\"@id\":\"https:\/\/dicodusport.fr\/blog\/championnats-de-france-elite-2023-collet-samba-mayela-stey-les-resultats-de-la-derniere-journee\/#primaryimage\",\"url\":\"https:\/\/dicodusport.fr\/blog\/wp-content\/uploads\/2023\/07\/Championnats-de-France-Elite-2023-Collet-Samba-Mayela-Stey-les-resultats-de-la-derniere-journee.png\",\"contentUrl\":\"https:\/\/dicodusport.fr\/blog\/wp-content\/uploads\/2023\/07\/Championnats-de-France-Elite-2023-Collet-Samba-Mayela-Stey-les-resultats-de-la-derniere-journee.png\",\"width\":800,\"height\":445,\"caption\":\"CHAMPIONNATS DE FRANCE \u00c9LITE 2023 - Pauline Stey a r\u00e9alis\u00e9 un record des championnats sur 10 km route.\"},{\"@type\":\"BreadcrumbList\",\"@id\":\"https:\/\/dicodusport.fr\/blog\/championnats-de-france-elite-2023-collet-samba-mayela-stey-les-resultats-de-la-derniere-journee\/#breadcrumb\",\"itemListElement\":[{\"@type\":\"ListItem\",\"position\":1,\"name\":\"Accueil\",\"item\":\"https:\/\/dicodusport.fr\/blog\/\"},{\"@type\":\"ListItem\",\"position\":2,\"name\":\"Championnats de France Elite 2023 : Collet, Samba-Mayela, Stey, les r\u00e9sultats de la derni\u00e8re journ\u00e9e\"}]},{\"@type\":\"WebSite\",\"@id\":\"https:\/\/dicodusport.fr\/blog\/#website\",\"url\":\"https:\/\/dicodusport.fr\/blog\/\",\"name\":\"Dicodusport\",\"description\":\"L&#039;encyclop\u00e9die de l&#039;actualit\u00e9 sportive\",\"publisher\":{\"@id\":\"https:\/\/dicodusport.fr\/blog\/#organization\"},\"potentialAction\":[{\"@type\":\"SearchAction\",\"target\":{\"@type\":\"EntryPoint\",\"urlTemplate\":\"https:\/\/dicodusport.fr\/blog\/?s={search_term_string}\"},\"query-input\":{\"@type\":\"PropertyValueSpecification\",\"valueRequired\":true,\"valueName\":\"search_term_string\"}}],\"inLanguage\":\"fr-FR\"},{\"@type\":\"NewsMediaOrganization\",\"@id\":\"https:\/\/dicodusport.fr\/blog\/#organization\",\"name\":\"Dicodusport\",\"url\":\"https:\/\/dicodusport.fr\/blog\/\",\"logo\":{\"@type\":\"ImageObject\",\"inLanguage\":\"fr-FR\",\"@id\":\"https:\/\/dicodusport.fr\/blog\/#\/schema\/logo\/image\/\",\"url\":\"https:\/\/dicodusport.fr\/blog\/wp-content\/uploads\/2020\/06\/cropped-LOGO-DICODUSPORT-2020-SANS-FOND-SANS-TEXTE.png\",\"contentUrl\":\"https:\/\/dicodusport.fr\/blog\/wp-content\/uploads\/2020\/06\/cropped-LOGO-DICODUSPORT-2020-SANS-FOND-SANS-TEXTE.png\",\"width\":512,\"height\":512,\"caption\":\"Dicodusport\"},\"image\":{\"@id\":\"https:\/\/dicodusport.fr\/blog\/#\/schema\/logo\/image\/\"},\"sameAs\":[\"https:\/\/www.facebook.com\/dicodusport\",\"https:\/\/x.com\/dicodusport\",\"https:\/\/www.instagram.com\/dicodusport\/\",\"https:\/\/www.youtube.com\/channel\/UC7V2KZ5sd3htJivAbA4ZG3w\"],\"description\":\"Dicodusport est l'encyclop\u00e9die de l'actualit\u00e9 sportive.\",\"email\":\"bonjour@dicodusport.fr\",\"legalName\":\"DICODUSPORT\",\"foundingDate\":\"2018-01-14\",\"vatID\":\"FR71834470973\",\"taxID\":\"83447097300043\",\"numberOfEmployees\":{\"@type\":\"QuantitativeValue\",\"minValue\":\"1\",\"maxValue\":\"10\"}},{\"@type\":\"Person\",\"@id\":\"https:\/\/dicodusport.fr\/blog\/#\/schema\/person\/d603dd7da31fb2b46c82b9835a77ec13\",\"name\":\"Etienne Goursaud\",\"image\":{\"@type\":\"ImageObject\",\"inLanguage\":\"fr-FR\",\"@id\":\"https:\/\/dicodusport.fr\/blog\/#\/schema\/person\/image\/\",\"url\":\"https:\/\/dicodusport.fr\/blog\/wp-content\/uploads\/2023\/12\/410122264_10231602061736049_5565839791558026645_n-150x150.jpg\",\"contentUrl\":\"https:\/\/dicodusport.fr\/blog\/wp-content\/uploads\/2023\/12\/410122264_10231602061736049_5565839791558026645_n-150x150.jpg\",\"caption\":\"Etienne Goursaud\"},\"description\":\"Journaliste et amoureux de sport. Ancien footballeur reconverti athl\u00e8te quand ses muscles le laissent tranquille. \u00c9lev\u00e9 \u00e0 la sauce des exploits de Thomas Voeckler en 2004, du dernier essai de l\u00e9gende de Eunice Barber \u00e0 la longueur lors des championnats du monde d'athl\u00e9tisme de 2003 mais aussi Zidane, Omeyer et Titou Lamaison.\",\"url\":\"https:\/\/dicodusport.fr\/blog\/author\/etienne-goursaud\/\"}]}<\/script>\n<!-- \/ Yoast SEO Premium plugin. -->","yoast_head_json":{"title":"Championnats de France Elite 2023 : Collet, Samba-Mayela, Stey, les r\u00e9sultats de la derni\u00e8re journ\u00e9e","description":"CHAMPIONNATS DE FRANCE \u00c9LITE 2023 - Pauline Stey a r\u00e9alis\u00e9 un record des championnats sur 10 km route. Retour sur la derni\u00e8re journ\u00e9e.","robots":{"index":"index","follow":"follow","max-snippet":"max-snippet:-1","max-image-preview":"max-image-preview:large","max-video-preview":"max-video-preview:-1"},"canonical":"https:\/\/dicodusport.fr\/blog\/championnats-de-france-elite-2023-collet-samba-mayela-stey-les-resultats-de-la-derniere-journee\/","og_locale":"fr_FR","og_type":"article","og_title":"Championnats de France Elite 2023 : Collet, Samba-Mayela, Stey, les r\u00e9sultats de la derni\u00e8re journ\u00e9e","og_description":"CHAMPIONNATS DE FRANCE \u00c9LITE 2023 - Pauline Stey a r\u00e9alis\u00e9 un record des championnats sur 10 km route. Retour sur la derni\u00e8re journ\u00e9e.","og_url":"https:\/\/dicodusport.fr\/blog\/championnats-de-france-elite-2023-collet-samba-mayela-stey-les-resultats-de-la-derniere-journee\/","og_site_name":"Dicodusport","article_publisher":"https:\/\/www.facebook.com\/dicodusport","article_published_time":"2023-07-30T16:34:15+00:00","article_modified_time":"2023-07-30T16:37:08+00:00","og_image":[{"width":800,"height":445,"url":"https:\/\/dicodusport.fr\/blog\/wp-content\/uploads\/2023\/07\/Championnats-de-France-Elite-2023-Collet-Samba-Mayela-Stey-les-resultats-de-la-derniere-journee.png","type":"image\/png"}],"author":"Etienne Goursaud","twitter_card":"summary_large_image","twitter_title":"Championnats de France Elite 2023 : Collet, Samba-Mayela, Stey, les r\u00e9sultats de la derni\u00e8re journ\u00e9e","twitter_creator":"@dicodusport","twitter_site":"@dicodusport","schema":{"@context":"https:\/\/schema.org","@graph":[{"@type":"NewsArticle","@id":"https:\/\/dicodusport.fr\/blog\/championnats-de-france-elite-2023-collet-samba-mayela-stey-les-resultats-de-la-derniere-journee\/#article","isPartOf":{"@id":"https:\/\/dicodusport.fr\/blog\/championnats-de-france-elite-2023-collet-samba-mayela-stey-les-resultats-de-la-derniere-journee\/"},"author":{"name":"Etienne Goursaud","@id":"https:\/\/dicodusport.fr\/blog\/#\/schema\/person\/d603dd7da31fb2b46c82b9835a77ec13"},"headline":"Championnats de France Elite 2023 : Collet, Samba-Mayela, Stey, les r\u00e9sultats de la derni\u00e8re journ\u00e9e","datePublished":"2023-07-30T16:34:15+00:00","dateModified":"2023-07-30T16:37:08+00:00","mainEntityOfPage":{"@id":"https:\/\/dicodusport.fr\/blog\/championnats-de-france-elite-2023-collet-samba-mayela-stey-les-resultats-de-la-derniere-journee\/"},"wordCount":1391,"commentCount":0,"publisher":{"@id":"https:\/\/dicodusport.fr\/blog\/#organization"},"image":{"@id":"https:\/\/dicodusport.fr\/blog\/championnats-de-france-elite-2023-collet-samba-mayela-stey-les-resultats-de-la-derniere-journee\/#primaryimage"},"thumbnailUrl":"https:\/\/dicodusport.fr\/blog\/wp-content\/uploads\/2023\/07\/Championnats-de-France-Elite-2023-Collet-Samba-Mayela-Stey-les-resultats-de-la-derniere-journee.png","keywords":["Athl\u00e9tisme","br\u00e8ve","Cyr\u00e9na Samba-Mayela","Pauline Stey","Thibaut Collet"],"articleSection":["Athl\u00e9tisme"],"inLanguage":"fr-FR","potentialAction":[{"@type":"CommentAction","name":"Comment","target":["https:\/\/dicodusport.fr\/blog\/championnats-de-france-elite-2023-collet-samba-mayela-stey-les-resultats-de-la-derniere-journee\/#respond"]}],"copyrightYear":"2023","copyrightHolder":{"@id":"https:\/\/dicodusport.fr\/blog\/#organization"}},{"@type":"WebPage","@id":"https:\/\/dicodusport.fr\/blog\/championnats-de-france-elite-2023-collet-samba-mayela-stey-les-resultats-de-la-derniere-journee\/","url":"https:\/\/dicodusport.fr\/blog\/championnats-de-france-elite-2023-collet-samba-mayela-stey-les-resultats-de-la-derniere-journee\/","name":"Championnats de France Elite 2023 : Collet, Samba-Mayela, Stey, les r\u00e9sultats de la derni\u00e8re journ\u00e9e","isPartOf":{"@id":"https:\/\/dicodusport.fr\/blog\/#website"},"primaryImageOfPage":{"@id":"https:\/\/dicodusport.fr\/blog\/championnats-de-france-elite-2023-collet-samba-mayela-stey-les-resultats-de-la-derniere-journee\/#primaryimage"},"image":{"@id":"https:\/\/dicodusport.fr\/blog\/championnats-de-france-elite-2023-collet-samba-mayela-stey-les-resultats-de-la-derniere-journee\/#primaryimage"},"thumbnailUrl":"https:\/\/dicodusport.fr\/blog\/wp-content\/uploads\/2023\/07\/Championnats-de-France-Elite-2023-Collet-Samba-Mayela-Stey-les-resultats-de-la-derniere-journee.png","datePublished":"2023-07-30T16:34:15+00:00","dateModified":"2023-07-30T16:37:08+00:00","description":"CHAMPIONNATS DE FRANCE \u00c9LITE 2023 - Pauline Stey a r\u00e9alis\u00e9 un record des championnats sur 10 km route. Retour sur la derni\u00e8re journ\u00e9e.","breadcrumb":{"@id":"https:\/\/dicodusport.fr\/blog\/championnats-de-france-elite-2023-collet-samba-mayela-stey-les-resultats-de-la-derniere-journee\/#breadcrumb"},"inLanguage":"fr-FR","potentialAction":[{"@type":"ReadAction","target":["https:\/\/dicodusport.fr\/blog\/championnats-de-france-elite-2023-collet-samba-mayela-stey-les-resultats-de-la-derniere-journee\/"]}]},{"@type":"ImageObject","inLanguage":"fr-FR","@id":"https:\/\/dicodusport.fr\/blog\/championnats-de-france-elite-2023-collet-samba-mayela-stey-les-resultats-de-la-derniere-journee\/#primaryimage","url":"https:\/\/dicodusport.fr\/blog\/wp-content\/uploads\/2023\/07\/Championnats-de-France-Elite-2023-Collet-Samba-Mayela-Stey-les-resultats-de-la-derniere-journee.png","contentUrl":"https:\/\/dicodusport.fr\/blog\/wp-content\/uploads\/2023\/07\/Championnats-de-France-Elite-2023-Collet-Samba-Mayela-Stey-les-resultats-de-la-derniere-journee.png","width":800,"height":445,"caption":"CHAMPIONNATS DE FRANCE \u00c9LITE 2023 - Pauline Stey a r\u00e9alis\u00e9 un record des championnats sur 10 km route."},{"@type":"BreadcrumbList","@id":"https:\/\/dicodusport.fr\/blog\/championnats-de-france-elite-2023-collet-samba-mayela-stey-les-resultats-de-la-derniere-journee\/#breadcrumb","itemListElement":[{"@type":"ListItem","position":1,"name":"Accueil","item":"https:\/\/dicodusport.fr\/blog\/"},{"@type":"ListItem","position":2,"name":"Championnats de France Elite 2023 : Collet, Samba-Mayela, Stey, les r\u00e9sultats de la derni\u00e8re journ\u00e9e"}]},{"@type":"WebSite","@id":"https:\/\/dicodusport.fr\/blog\/#website","url":"https:\/\/dicodusport.fr\/blog\/","name":"Dicodusport","description":"L&#039;encyclop\u00e9die de l&#039;actualit\u00e9 sportive","publisher":{"@id":"https:\/\/dicodusport.fr\/blog\/#organization"},"potentialAction":[{"@type":"SearchAction","target":{"@type":"EntryPoint","urlTemplate":"https:\/\/dicodusport.fr\/blog\/?s={search_term_string}"},"query-input":{"@type":"PropertyValueSpecification","valueRequired":true,"valueName":"search_term_string"}}],"inLanguage":"fr-FR"},{"@type":"NewsMediaOrganization","@id":"https:\/\/dicodusport.fr\/blog\/#organization","name":"Dicodusport","url":"https:\/\/dicodusport.fr\/blog\/","logo":{"@type":"ImageObject","inLanguage":"fr-FR","@id":"https:\/\/dicodusport.fr\/blog\/#\/schema\/logo\/image\/","url":"https:\/\/dicodusport.fr\/blog\/wp-content\/uploads\/2020\/06\/cropped-LOGO-DICODUSPORT-2020-SANS-FOND-SANS-TEXTE.png","contentUrl":"https:\/\/dicodusport.fr\/blog\/wp-content\/uploads\/2020\/06\/cropped-LOGO-DICODUSPORT-2020-SANS-FOND-SANS-TEXTE.png","width":512,"height":512,"caption":"Dicodusport"},"image":{"@id":"https:\/\/dicodusport.fr\/blog\/#\/schema\/logo\/image\/"},"sameAs":["https:\/\/www.facebook.com\/dicodusport","https:\/\/x.com\/dicodusport","https:\/\/www.instagram.com\/dicodusport\/","https:\/\/www.youtube.com\/channel\/UC7V2KZ5sd3htJivAbA4ZG3w"],"description":"Dicodusport est l'encyclop\u00e9die de l'actualit\u00e9 sportive.","email":"bonjour@dicodusport.fr","legalName":"DICODUSPORT","foundingDate":"2018-01-14","vatID":"FR71834470973","taxID":"83447097300043","numberOfEmployees":{"@type":"QuantitativeValue","minValue":"1","maxValue":"10"}},{"@type":"Person","@id":"https:\/\/dicodusport.fr\/blog\/#\/schema\/person\/d603dd7da31fb2b46c82b9835a77ec13","name":"Etienne Goursaud","image":{"@type":"ImageObject","inLanguage":"fr-FR","@id":"https:\/\/dicodusport.fr\/blog\/#\/schema\/person\/image\/","url":"https:\/\/dicodusport.fr\/blog\/wp-content\/uploads\/2023\/12\/410122264_10231602061736049_5565839791558026645_n-150x150.jpg","contentUrl":"https:\/\/dicodusport.fr\/blog\/wp-content\/uploads\/2023\/12\/410122264_10231602061736049_5565839791558026645_n-150x150.jpg","caption":"Etienne Goursaud"},"description":"Journaliste et amoureux de sport. Ancien footballeur reconverti athl\u00e8te quand ses muscles le laissent tranquille. \u00c9lev\u00e9 \u00e0 la sauce des exploits de Thomas Voeckler en 2004, du dernier essai de l\u00e9gende de Eunice Barber \u00e0 la longueur lors des championnats du monde d'athl\u00e9tisme de 2003 mais aussi Zidane, Omeyer et Titou Lamaison.","url":"https:\/\/dicodusport.fr\/blog\/author\/etienne-goursaud\/"}]}},"_links":{"self":[{"href":"https:\/\/dicodusport.fr\/blog\/wp-json\/wp\/v2\/posts\/404462","targetHints":{"allow":["GET"]}}],"collection":[{"href":"https:\/\/dicodusport.fr\/blog\/wp-json\/wp\/v2\/posts"}],"about":[{"href":"https:\/\/dicodusport.fr\/blog\/wp-json\/wp\/v2\/types\/post"}],"author":[{"embeddable":true,"href":"https:\/\/dicodusport.fr\/blog\/wp-json\/wp\/v2\/users\/83"}],"replies":[{"embeddable":true,"href":"https:\/\/dicodusport.fr\/blog\/wp-json\/wp\/v2\/comments?post=404462"}],"version-history":[{"count":0,"href":"https:\/\/dicodusport.fr\/blog\/wp-json\/wp\/v2\/posts\/404462\/revisions"}],"wp:featuredmedia":[{"embeddable":true,"href":"https:\/\/dicodusport.fr\/blog\/wp-json\/wp\/v2\/media\/404649"}],"wp:attachment":[{"href":"https:\/\/dicodusport.fr\/blog\/wp-json\/wp\/v2\/media?parent=404462"}],"wp:term":[{"taxonomy":"category","embeddable":true,"href":"https:\/\/dicodusport.fr\/blog\/wp-json\/wp\/v2\/categories?post=404462"},{"taxonomy":"post_tag","embeddable":true,"href":"https:\/\/dicodusport.fr\/blog\/wp-json\/wp\/v2\/tags?post=404462"}],"curies":[{"name":"wp","href":"https:\/\/api.w.org\/{rel}","templated":true}]}}