{"id":404489,"date":"2023-07-30T15:56:46","date_gmt":"2023-07-30T13:56:46","guid":{"rendered":"https:\/\/dicodusport.fr\/blog\/?p=404489&#038;preview=true&#038;preview_id=404489"},"modified":"2023-07-30T16:35:10","modified_gmt":"2023-07-30T14:35:10","slug":"elisabetta-cocciaretto-prive-clara-burel-un-premier-titre-sur-circuit","status":"publish","type":"post","link":"https:\/\/dicodusport.fr\/blog\/elisabetta-cocciaretto-prive-clara-burel-un-premier-titre-sur-circuit\/","title":{"rendered":"WTA Lausanne : Elisabetta Cocciaretto prive Clara Burel d&rsquo;un premier titre sur le circuit"},"content":{"rendered":"<p style=\"text-align: justify;\" align=\"justify\"><em><strong><a href=\"https:\/\/dicodusport.fr\/blog\/wta-250-le-tableau-du-tournoi-feminin-de-lausanne-2023\/\">TOURNOI WTA 250 DE LAUSANNE<\/a> &#8211; Au terme d&rsquo;un v\u00e9ritable bras de fer de pr\u00e8s de trois heures, Clara Burel a fini par c\u00e9der en finale face \u00e0 Elisabetta Cocciaretto (7-5\/4-6\/6-4). Comme en 2021, la Tricolore s&rsquo;incline en finale du tournoi suisse. Malgr\u00e9 la d\u00e9ception, elle sera class\u00e9e 61e mondiale lundi, soit son meilleur classement en carri\u00e8re.\u00a0<\/strong><\/em><\/p>\n<p style=\"text-align: justify;\">Il y a deux ans, <strong>Clara Burel<\/strong> avait disput\u00e9 sa premi\u00e8re et unique finale sur le circuit <strong>WTA<\/strong> \u00e0 <strong>Lausanne<\/strong> (d\u00e9faite face \u00e0 Tamara Zidansek). Ce dimanche, la 84\u1d49 mondiale retrouvait une chance de remporter son premier titre, de nouveau en terres suisses. <a href=\"https:\/\/dicodusport.fr\/blog\/wta-lausanne-clara-burel-domine-diane-parry-et-retrouve-la-finale-en-suisse\/\">Apr\u00e8s avoir \u00e9cart\u00e9 Diane Parry la veille<\/a>, elle affrontait cette fois <strong>Elisabetta Cocciaretto<\/strong>. Alors que la Tricolore a limit\u00e9 son temps pass\u00e9 sur le court, l&rsquo;Italienne cumulait d\u00e9j\u00e0 plus de dix heures de jeu dans le tournoi.<\/p>\n<h2 style=\"text-align: justify;\">Cocciaretto en deux temps<\/h2>\n<p style=\"text-align: justify;\">Face au coup droit puissant de son adversaire, <strong>Clara Burel<\/strong> propose une d\u00e9fense solide en fond de court. Avec de longs coups hauts, elle parvient \u00e0 d\u00e9stabiliser le jeu de son adversaire, en la poussant \u00e0 maintes reprises \u00e0 la faute. D\u00e8s le troisi\u00e8me jeu, la Fran\u00e7aise s&rsquo;offre une premi\u00e8re balle de break non convertie. Semblant bien rentr\u00e9e, elle va alors faiblir sur son service suivant. Sa premi\u00e8re balle ne passe plus, et <strong>l&rsquo;Italienne en profite pour attaquer fort, et r\u00e9aliser le premier break de la partie<\/strong>. Burel r\u00e9agit alors sur le service suivant en profitant des erreurs de l&rsquo;Italienne. Toutefois cela ne sera pas suffisant puisque cette derni\u00e8re fait preuve d&rsquo;une grosse assurance pour repousser deux balles de break, tout en confirmant celui effectu\u00e9 auparavant (<strong>1-4<\/strong>).<\/p>\n<p style=\"text-align: justify;\">Pourtant, bien en place, Cocciaretto va finalement se d\u00e9liter au moment de servir pour le set. Mais si elle laisse filer cette premi\u00e8re opportunit\u00e9 en se cassant les dents sur longues balles hautes et bomb\u00e9es de Burel, elle remporte finalement le premier set en passant un cinglant jeu blanc sur le service de la fran\u00e7aise (<strong>5-7<\/strong>).<\/p>\n<blockquote class=\"twitter-tweet\">\n<p dir=\"ltr\" lang=\"en\">First set in the bag \ud83d\udcbc<\/p>\n<p>Elisabetta Cocciaretto producing some of her best tennis on her way to a 7-5 lead over Burel. <a href=\"https:\/\/twitter.com\/hashtag\/LadiesOpenLausanne?src=hash&amp;ref_src=twsrc%5Etfw\">#LadiesOpenLausanne<\/a> <a href=\"https:\/\/t.co\/LKpF4ceWw7\">pic.twitter.com\/LKpF4ceWw7<\/a><\/p>\n<p>\u2014 wta (@WTA) <a href=\"https:\/\/twitter.com\/WTA\/status\/1685623437656485888?ref_src=twsrc%5Etfw\">July 30, 2023<\/a><\/p><\/blockquote>\n<p style=\"text-align: justify;\"><script async src=\"https:\/\/platform.twitter.com\/widgets.js\" charset=\"utf-8\"><\/script><\/p>\n<h2 style=\"text-align: justify;\">Burel se rebiffe, mais craque en fin de match<\/h2>\n<p style=\"text-align: justify;\">En danger, <strong>Clara Burel<\/strong> ne l\u00e2che pas le morceau, et continue \u00e0 appliquer sa strat\u00e9gie. Malgr\u00e9 quelques erreurs de l&rsquo;Italienne, cette derni\u00e8re tient le coup. La Fran\u00e7aise commence elle \u00e0 se frustrer des occasions g\u00e2ch\u00e9es, elle qui est souvent devant sur le service adverse, sans jamais r\u00e9ussir \u00e0 conclure (<strong>1-2<\/strong>). Un v\u00e9ritable mano a mano s&rsquo;installe alors, jusqu&rsquo;\u00e0 ce que Cocciaretto ne r\u00e9alise un jeu cataclysmique (deux doubles fautes, deux fautes directes). Burel en profite pour enfin breaker. La joie est de courte dur\u00e9e puisque l&rsquo;Italienne d\u00e9breake imm\u00e9diatement. Toutefois, les deux jeunes femmes de 22 ans sont f\u00e9briles sur leur service, et la Fran\u00e7aise va de nouveau prendre l&rsquo;avantage au bout d&rsquo;un jeu disput\u00e9 pour s&rsquo;offrir le droit de servir pour le set. Cette fois-ci, la 84\u1d49 joueuse mondiale ne craque pas et \u00e9galise (<strong>6-4<\/strong>).<\/p>\n<p style=\"text-align: justify;\">D\u00e9sormais \u00e0 \u00e9galit\u00e9, les deux joueuses continuent \u00e0 se tenir dans un mouchoir de poche. Le moindre jeu est tr\u00e8s disput\u00e9, mais chacune r\u00e9siste dans la difficult\u00e9 pour conserver sa mise en jeu. Mais \u00e0 force de r\u00e9sistance, Clara Burel va \u00eatre la premi\u00e8re \u00e0 r\u00e9aliser le break en poussant son adversaire \u00e0 la faute. Contrairement au set pr\u00e9c\u00e9dent, elle valide son avantage et se positionne dans des conditions id\u00e9ales pour plier la partie (<strong>4-2<\/strong>). Mais la multiplication de longs rallyes se fait sentir de part et d&rsquo;autres. La Fran\u00e7aise vacille \u00e0 son tour, et craque en envoyant un coup droit dans le filet au pire moment possible (4-4). Reboost\u00e9e, l&rsquo;Italienne a pris l&rsquo;ascendant et met Burel dos au mur. La Fran\u00e7aise propose une d\u00e9fense incroyable, mais <strong>Elisabetta Cocciaretto<\/strong> n&rsquo;en a cure. Sur une derni\u00e8re mont\u00e9e au filet, l&rsquo;Italienne remporte un quatri\u00e8me jeu successif, et la victoire finale (<strong>4-6<\/strong>).<\/p>\n<p style=\"text-align: justify;\">\u00c0 22 ans, elle obtient son premier titre sur le circuit ATP. <strong>Clara Burel<\/strong> est elle battue pour la deuxi\u00e8me fois de sa carri\u00e8re en finale \u00e0 Lausanne. En guise de consolation, elle atteindra le <strong>meilleur classement de sa carri\u00e8re lundi, en grimpant au 61e rang<\/strong>.<\/p>\n<blockquote class=\"twitter-tweet\">\n<p dir=\"ltr\" lang=\"fr\">\ud83c\uddee\ud83c\uddf9 7\/5<br \/>\n\ud83c\uddeb\ud83c\uddf7 6\/4<\/p>\n<p>Clara Burel revient \u00e0 un set partout dans cette finale \u00e0 Lausanne ! <a href=\"https:\/\/twitter.com\/hashtag\/LadiesOpenLausanne?src=hash&amp;ref_src=twsrc%5Etfw\">#LadiesOpenLausanne<\/a> <a href=\"https:\/\/t.co\/8LXcIj4yNv\">pic.twitter.com\/8LXcIj4yNv<\/a><\/p>\n<p>\u2014 FFT (@FFTennis) <a href=\"https:\/\/twitter.com\/FFTennis\/status\/1685637261981839360?ref_src=twsrc%5Etfw\">July 30, 2023<\/a><\/p><\/blockquote>\n<p><script async src=\"https:\/\/platform.twitter.com\/widgets.js\" charset=\"utf-8\"><\/script><\/p>\n","protected":false},"excerpt":{"rendered":"<p>TOURNOI WTA 250 DE LAUSANNE &#8211; Au terme d&rsquo;un v\u00e9ritable bras de fer de pr\u00e8s de trois heures, Clara Burel a fini par c\u00e9der en finale face \u00e0 Elisabetta Cocciaretto (7-5\/4-6\/6-4). Comme en 2021, la Tricolore s&rsquo;incline en finale du tournoi suisse. Malgr\u00e9 la d\u00e9ception, elle sera class\u00e9e 61e mondiale lundi, soit son meilleur classement en carri\u00e8re.\u00a0<\/p>\n","protected":false},"author":55,"featured_media":404538,"comment_status":"open","ping_status":"closed","sticky":false,"template":"","format":"standard","meta":{"_acf_changed":false,"_daextam_enable_autolinks":"","footnotes":""},"categories":[2302],"tags":[16878,3540,17919],"class_list":["post-404489","post","type-post","status-publish","format-standard","has-post-thumbnail","hentry","category-tennis","tag-breve","tag-clara-burel","tag-wta-250-lausanne"],"acf":[],"yoast_head":"<!-- This site is optimized with the Yoast SEO Premium plugin v26.7 (Yoast SEO v26.7) - https:\/\/yoast.com\/wordpress\/plugins\/seo\/ -->\n<title>WTA Lausanne : Elisabetta Cocciaretto prive Clara Burel d&#039;un premier titre sur le circuit<\/title>\n<meta name=\"description\" content=\"TOURNOI WTA 250 DE LAUSANNE - Clara Burel a fini par c\u00e9der en finale face \u00e0 Elisabetta Cocciaretto (7-5\/4-6\/6-4).\" \/>\n<meta name=\"robots\" content=\"index, follow, max-snippet:-1, max-image-preview:large, max-video-preview:-1\" \/>\n<link rel=\"canonical\" href=\"https:\/\/dicodusport.fr\/blog\/elisabetta-cocciaretto-prive-clara-burel-un-premier-titre-sur-circuit\/\" \/>\n<meta property=\"og:locale\" content=\"fr_FR\" \/>\n<meta property=\"og:type\" content=\"article\" \/>\n<meta property=\"og:title\" content=\"WTA Lausanne : Elisabetta Cocciaretto prive Clara Burel d&#039;un premier titre sur le circuit\" \/>\n<meta property=\"og:description\" content=\"TOURNOI WTA 250 DE LAUSANNE - Clara Burel a fini par c\u00e9der en finale face \u00e0 Elisabetta Cocciaretto (7-5\/4-6\/6-4).\" \/>\n<meta property=\"og:url\" content=\"https:\/\/dicodusport.fr\/blog\/elisabetta-cocciaretto-prive-clara-burel-un-premier-titre-sur-circuit\/\" \/>\n<meta property=\"og:site_name\" content=\"Dicodusport\" \/>\n<meta property=\"article:publisher\" content=\"https:\/\/www.facebook.com\/dicodusport\" \/>\n<meta property=\"article:published_time\" content=\"2023-07-30T13:56:46+00:00\" \/>\n<meta property=\"article:modified_time\" content=\"2023-07-30T14:35:10+00:00\" \/>\n<meta property=\"og:image\" content=\"https:\/\/dicodusport.fr\/blog\/wp-content\/uploads\/2023\/07\/WTA-Lausanne-Elisabetta-Cocciaretto-prive-Clara-Burel-dun-premier-titre-sur-le-circuit.png\" \/>\n\t<meta property=\"og:image:width\" content=\"800\" \/>\n\t<meta property=\"og:image:height\" content=\"445\" \/>\n\t<meta property=\"og:image:type\" content=\"image\/png\" \/>\n<meta name=\"author\" content=\"Maxime Cazenave\" \/>\n<meta name=\"twitter:card\" content=\"summary_large_image\" \/>\n<meta name=\"twitter:title\" content=\"WTA Lausanne : Elisabetta Cocciaretto prive Clara Burel d&#039;un premier titre sur le circuit\" \/>\n<meta name=\"twitter:creator\" content=\"@https:\/\/twitter.com\/Maxime_Caze\" \/>\n<meta name=\"twitter:site\" content=\"@dicodusport\" \/>\n<script type=\"application\/ld+json\" class=\"yoast-schema-graph\">{\"@context\":\"https:\/\/schema.org\",\"@graph\":[{\"@type\":\"NewsArticle\",\"@id\":\"https:\/\/dicodusport.fr\/blog\/elisabetta-cocciaretto-prive-clara-burel-un-premier-titre-sur-circuit\/#article\",\"isPartOf\":{\"@id\":\"https:\/\/dicodusport.fr\/blog\/elisabetta-cocciaretto-prive-clara-burel-un-premier-titre-sur-circuit\/\"},\"author\":{\"name\":\"Maxime Cazenave\",\"@id\":\"https:\/\/dicodusport.fr\/blog\/#\/schema\/person\/37def232098a7a5cbab3974a3690abb0\"},\"headline\":\"WTA Lausanne : Elisabetta Cocciaretto prive Clara Burel d&rsquo;un premier titre sur le circuit\",\"datePublished\":\"2023-07-30T13:56:46+00:00\",\"dateModified\":\"2023-07-30T14:35:10+00:00\",\"mainEntityOfPage\":{\"@id\":\"https:\/\/dicodusport.fr\/blog\/elisabetta-cocciaretto-prive-clara-burel-un-premier-titre-sur-circuit\/\"},\"wordCount\":782,\"commentCount\":0,\"publisher\":{\"@id\":\"https:\/\/dicodusport.fr\/blog\/#organization\"},\"image\":{\"@id\":\"https:\/\/dicodusport.fr\/blog\/elisabetta-cocciaretto-prive-clara-burel-un-premier-titre-sur-circuit\/#primaryimage\"},\"thumbnailUrl\":\"https:\/\/dicodusport.fr\/blog\/wp-content\/uploads\/2023\/07\/WTA-Lausanne-Elisabetta-Cocciaretto-prive-Clara-Burel-dun-premier-titre-sur-le-circuit.png\",\"keywords\":[\"br\u00e8ve\",\"Clara Burel\",\"WTA 250 Lausanne\"],\"articleSection\":[\"Tennis\"],\"inLanguage\":\"fr-FR\",\"potentialAction\":[{\"@type\":\"CommentAction\",\"name\":\"Comment\",\"target\":[\"https:\/\/dicodusport.fr\/blog\/elisabetta-cocciaretto-prive-clara-burel-un-premier-titre-sur-circuit\/#respond\"]}],\"copyrightYear\":\"2023\",\"copyrightHolder\":{\"@id\":\"https:\/\/dicodusport.fr\/blog\/#organization\"}},{\"@type\":\"WebPage\",\"@id\":\"https:\/\/dicodusport.fr\/blog\/elisabetta-cocciaretto-prive-clara-burel-un-premier-titre-sur-circuit\/\",\"url\":\"https:\/\/dicodusport.fr\/blog\/elisabetta-cocciaretto-prive-clara-burel-un-premier-titre-sur-circuit\/\",\"name\":\"WTA Lausanne : Elisabetta Cocciaretto prive Clara Burel d'un premier titre sur le circuit\",\"isPartOf\":{\"@id\":\"https:\/\/dicodusport.fr\/blog\/#website\"},\"primaryImageOfPage\":{\"@id\":\"https:\/\/dicodusport.fr\/blog\/elisabetta-cocciaretto-prive-clara-burel-un-premier-titre-sur-circuit\/#primaryimage\"},\"image\":{\"@id\":\"https:\/\/dicodusport.fr\/blog\/elisabetta-cocciaretto-prive-clara-burel-un-premier-titre-sur-circuit\/#primaryimage\"},\"thumbnailUrl\":\"https:\/\/dicodusport.fr\/blog\/wp-content\/uploads\/2023\/07\/WTA-Lausanne-Elisabetta-Cocciaretto-prive-Clara-Burel-dun-premier-titre-sur-le-circuit.png\",\"datePublished\":\"2023-07-30T13:56:46+00:00\",\"dateModified\":\"2023-07-30T14:35:10+00:00\",\"description\":\"TOURNOI WTA 250 DE LAUSANNE - Clara Burel a fini par c\u00e9der en finale face \u00e0 Elisabetta Cocciaretto (7-5\/4-6\/6-4).\",\"breadcrumb\":{\"@id\":\"https:\/\/dicodusport.fr\/blog\/elisabetta-cocciaretto-prive-clara-burel-un-premier-titre-sur-circuit\/#breadcrumb\"},\"inLanguage\":\"fr-FR\",\"potentialAction\":[{\"@type\":\"ReadAction\",\"target\":[\"https:\/\/dicodusport.fr\/blog\/elisabetta-cocciaretto-prive-clara-burel-un-premier-titre-sur-circuit\/\"]}]},{\"@type\":\"ImageObject\",\"inLanguage\":\"fr-FR\",\"@id\":\"https:\/\/dicodusport.fr\/blog\/elisabetta-cocciaretto-prive-clara-burel-un-premier-titre-sur-circuit\/#primaryimage\",\"url\":\"https:\/\/dicodusport.fr\/blog\/wp-content\/uploads\/2023\/07\/WTA-Lausanne-Elisabetta-Cocciaretto-prive-Clara-Burel-dun-premier-titre-sur-le-circuit.png\",\"contentUrl\":\"https:\/\/dicodusport.fr\/blog\/wp-content\/uploads\/2023\/07\/WTA-Lausanne-Elisabetta-Cocciaretto-prive-Clara-Burel-dun-premier-titre-sur-le-circuit.png\",\"width\":800,\"height\":445,\"caption\":\"WTA Lausanne Elisabetta Cocciaretto prive Clara Burel d'un premier titre sur le circuit\"},{\"@type\":\"BreadcrumbList\",\"@id\":\"https:\/\/dicodusport.fr\/blog\/elisabetta-cocciaretto-prive-clara-burel-un-premier-titre-sur-circuit\/#breadcrumb\",\"itemListElement\":[{\"@type\":\"ListItem\",\"position\":1,\"name\":\"Accueil\",\"item\":\"https:\/\/dicodusport.fr\/blog\/\"},{\"@type\":\"ListItem\",\"position\":2,\"name\":\"WTA Lausanne : Elisabetta Cocciaretto prive Clara Burel d&rsquo;un premier titre sur le circuit\"}]},{\"@type\":\"WebSite\",\"@id\":\"https:\/\/dicodusport.fr\/blog\/#website\",\"url\":\"https:\/\/dicodusport.fr\/blog\/\",\"name\":\"Dicodusport\",\"description\":\"L&#039;encyclop\u00e9die de l&#039;actualit\u00e9 sportive\",\"publisher\":{\"@id\":\"https:\/\/dicodusport.fr\/blog\/#organization\"},\"potentialAction\":[{\"@type\":\"SearchAction\",\"target\":{\"@type\":\"EntryPoint\",\"urlTemplate\":\"https:\/\/dicodusport.fr\/blog\/?s={search_term_string}\"},\"query-input\":{\"@type\":\"PropertyValueSpecification\",\"valueRequired\":true,\"valueName\":\"search_term_string\"}}],\"inLanguage\":\"fr-FR\"},{\"@type\":\"NewsMediaOrganization\",\"@id\":\"https:\/\/dicodusport.fr\/blog\/#organization\",\"name\":\"Dicodusport\",\"url\":\"https:\/\/dicodusport.fr\/blog\/\",\"logo\":{\"@type\":\"ImageObject\",\"inLanguage\":\"fr-FR\",\"@id\":\"https:\/\/dicodusport.fr\/blog\/#\/schema\/logo\/image\/\",\"url\":\"https:\/\/dicodusport.fr\/blog\/wp-content\/uploads\/2020\/06\/cropped-LOGO-DICODUSPORT-2020-SANS-FOND-SANS-TEXTE.png\",\"contentUrl\":\"https:\/\/dicodusport.fr\/blog\/wp-content\/uploads\/2020\/06\/cropped-LOGO-DICODUSPORT-2020-SANS-FOND-SANS-TEXTE.png\",\"width\":512,\"height\":512,\"caption\":\"Dicodusport\"},\"image\":{\"@id\":\"https:\/\/dicodusport.fr\/blog\/#\/schema\/logo\/image\/\"},\"sameAs\":[\"https:\/\/www.facebook.com\/dicodusport\",\"https:\/\/x.com\/dicodusport\",\"https:\/\/www.instagram.com\/dicodusport\/\",\"https:\/\/www.youtube.com\/channel\/UC7V2KZ5sd3htJivAbA4ZG3w\"],\"description\":\"Dicodusport est l'encyclop\u00e9die de l'actualit\u00e9 sportive.\",\"email\":\"bonjour@dicodusport.fr\",\"legalName\":\"DICODUSPORT\",\"foundingDate\":\"2018-01-14\",\"vatID\":\"FR71834470973\",\"taxID\":\"83447097300043\",\"numberOfEmployees\":{\"@type\":\"QuantitativeValue\",\"minValue\":\"1\",\"maxValue\":\"10\"}},{\"@type\":\"Person\",\"@id\":\"https:\/\/dicodusport.fr\/blog\/#\/schema\/person\/37def232098a7a5cbab3974a3690abb0\",\"name\":\"Maxime Cazenave\",\"image\":{\"@type\":\"ImageObject\",\"inLanguage\":\"fr-FR\",\"@id\":\"https:\/\/dicodusport.fr\/blog\/#\/schema\/person\/image\/\",\"url\":\"https:\/\/dicodusport.fr\/blog\/wp-content\/uploads\/2021\/05\/Maxime-Cazenave-150x150.jpg\",\"contentUrl\":\"https:\/\/dicodusport.fr\/blog\/wp-content\/uploads\/2021\/05\/Maxime-Cazenave-150x150.jpg\",\"caption\":\"Maxime Cazenave\"},\"description\":\"Journaliste\/R\u00e9dacteur depuis 2012 - Berc\u00e9 par l\u2019amour des Girondins de Bordeaux, les \u00e9checs de Christophe Moreau sur le Tour de France sous l'\u00e8re Lance Armstrong et le fade-away l\u00e9tal de Dirk Nowitzki, ma passion d\u00e9vorante pour le sport a toujours \u00e9t\u00e9 un pan incontournable de ma vie. Transmettre ma passion \u00e0 l\u2019\u00e9crit a \u00e9t\u00e9 une transition naturelle. Suiveur assidu de basket et de hockey sur glace, je garde toujours un peu de place pour suivre le cyclisme, le football et le maximum de performances fran\u00e7aises.\",\"sameAs\":[\"https:\/\/x.com\/https:\/\/twitter.com\/Maxime_Caze\"],\"url\":\"https:\/\/dicodusport.fr\/blog\/author\/maximec\/\"}]}<\/script>\n<!-- \/ Yoast SEO Premium plugin. -->","yoast_head_json":{"title":"WTA Lausanne : Elisabetta Cocciaretto prive Clara Burel d'un premier titre sur le circuit","description":"TOURNOI WTA 250 DE LAUSANNE - Clara Burel a fini par c\u00e9der en finale face \u00e0 Elisabetta Cocciaretto (7-5\/4-6\/6-4).","robots":{"index":"index","follow":"follow","max-snippet":"max-snippet:-1","max-image-preview":"max-image-preview:large","max-video-preview":"max-video-preview:-1"},"canonical":"https:\/\/dicodusport.fr\/blog\/elisabetta-cocciaretto-prive-clara-burel-un-premier-titre-sur-circuit\/","og_locale":"fr_FR","og_type":"article","og_title":"WTA Lausanne : Elisabetta Cocciaretto prive Clara Burel d'un premier titre sur le circuit","og_description":"TOURNOI WTA 250 DE LAUSANNE - Clara Burel a fini par c\u00e9der en finale face \u00e0 Elisabetta Cocciaretto (7-5\/4-6\/6-4).","og_url":"https:\/\/dicodusport.fr\/blog\/elisabetta-cocciaretto-prive-clara-burel-un-premier-titre-sur-circuit\/","og_site_name":"Dicodusport","article_publisher":"https:\/\/www.facebook.com\/dicodusport","article_published_time":"2023-07-30T13:56:46+00:00","article_modified_time":"2023-07-30T14:35:10+00:00","og_image":[{"width":800,"height":445,"url":"https:\/\/dicodusport.fr\/blog\/wp-content\/uploads\/2023\/07\/WTA-Lausanne-Elisabetta-Cocciaretto-prive-Clara-Burel-dun-premier-titre-sur-le-circuit.png","type":"image\/png"}],"author":"Maxime Cazenave","twitter_card":"summary_large_image","twitter_title":"WTA Lausanne : Elisabetta Cocciaretto prive Clara Burel d'un premier titre sur le circuit","twitter_creator":"@https:\/\/twitter.com\/Maxime_Caze","twitter_site":"@dicodusport","schema":{"@context":"https:\/\/schema.org","@graph":[{"@type":"NewsArticle","@id":"https:\/\/dicodusport.fr\/blog\/elisabetta-cocciaretto-prive-clara-burel-un-premier-titre-sur-circuit\/#article","isPartOf":{"@id":"https:\/\/dicodusport.fr\/blog\/elisabetta-cocciaretto-prive-clara-burel-un-premier-titre-sur-circuit\/"},"author":{"name":"Maxime Cazenave","@id":"https:\/\/dicodusport.fr\/blog\/#\/schema\/person\/37def232098a7a5cbab3974a3690abb0"},"headline":"WTA Lausanne : Elisabetta Cocciaretto prive Clara Burel d&rsquo;un premier titre sur le circuit","datePublished":"2023-07-30T13:56:46+00:00","dateModified":"2023-07-30T14:35:10+00:00","mainEntityOfPage":{"@id":"https:\/\/dicodusport.fr\/blog\/elisabetta-cocciaretto-prive-clara-burel-un-premier-titre-sur-circuit\/"},"wordCount":782,"commentCount":0,"publisher":{"@id":"https:\/\/dicodusport.fr\/blog\/#organization"},"image":{"@id":"https:\/\/dicodusport.fr\/blog\/elisabetta-cocciaretto-prive-clara-burel-un-premier-titre-sur-circuit\/#primaryimage"},"thumbnailUrl":"https:\/\/dicodusport.fr\/blog\/wp-content\/uploads\/2023\/07\/WTA-Lausanne-Elisabetta-Cocciaretto-prive-Clara-Burel-dun-premier-titre-sur-le-circuit.png","keywords":["br\u00e8ve","Clara Burel","WTA 250 Lausanne"],"articleSection":["Tennis"],"inLanguage":"fr-FR","potentialAction":[{"@type":"CommentAction","name":"Comment","target":["https:\/\/dicodusport.fr\/blog\/elisabetta-cocciaretto-prive-clara-burel-un-premier-titre-sur-circuit\/#respond"]}],"copyrightYear":"2023","copyrightHolder":{"@id":"https:\/\/dicodusport.fr\/blog\/#organization"}},{"@type":"WebPage","@id":"https:\/\/dicodusport.fr\/blog\/elisabetta-cocciaretto-prive-clara-burel-un-premier-titre-sur-circuit\/","url":"https:\/\/dicodusport.fr\/blog\/elisabetta-cocciaretto-prive-clara-burel-un-premier-titre-sur-circuit\/","name":"WTA Lausanne : Elisabetta Cocciaretto prive Clara Burel d'un premier titre sur le circuit","isPartOf":{"@id":"https:\/\/dicodusport.fr\/blog\/#website"},"primaryImageOfPage":{"@id":"https:\/\/dicodusport.fr\/blog\/elisabetta-cocciaretto-prive-clara-burel-un-premier-titre-sur-circuit\/#primaryimage"},"image":{"@id":"https:\/\/dicodusport.fr\/blog\/elisabetta-cocciaretto-prive-clara-burel-un-premier-titre-sur-circuit\/#primaryimage"},"thumbnailUrl":"https:\/\/dicodusport.fr\/blog\/wp-content\/uploads\/2023\/07\/WTA-Lausanne-Elisabetta-Cocciaretto-prive-Clara-Burel-dun-premier-titre-sur-le-circuit.png","datePublished":"2023-07-30T13:56:46+00:00","dateModified":"2023-07-30T14:35:10+00:00","description":"TOURNOI WTA 250 DE LAUSANNE - Clara Burel a fini par c\u00e9der en finale face \u00e0 Elisabetta Cocciaretto (7-5\/4-6\/6-4).","breadcrumb":{"@id":"https:\/\/dicodusport.fr\/blog\/elisabetta-cocciaretto-prive-clara-burel-un-premier-titre-sur-circuit\/#breadcrumb"},"inLanguage":"fr-FR","potentialAction":[{"@type":"ReadAction","target":["https:\/\/dicodusport.fr\/blog\/elisabetta-cocciaretto-prive-clara-burel-un-premier-titre-sur-circuit\/"]}]},{"@type":"ImageObject","inLanguage":"fr-FR","@id":"https:\/\/dicodusport.fr\/blog\/elisabetta-cocciaretto-prive-clara-burel-un-premier-titre-sur-circuit\/#primaryimage","url":"https:\/\/dicodusport.fr\/blog\/wp-content\/uploads\/2023\/07\/WTA-Lausanne-Elisabetta-Cocciaretto-prive-Clara-Burel-dun-premier-titre-sur-le-circuit.png","contentUrl":"https:\/\/dicodusport.fr\/blog\/wp-content\/uploads\/2023\/07\/WTA-Lausanne-Elisabetta-Cocciaretto-prive-Clara-Burel-dun-premier-titre-sur-le-circuit.png","width":800,"height":445,"caption":"WTA Lausanne Elisabetta Cocciaretto prive Clara Burel d'un premier titre sur le circuit"},{"@type":"BreadcrumbList","@id":"https:\/\/dicodusport.fr\/blog\/elisabetta-cocciaretto-prive-clara-burel-un-premier-titre-sur-circuit\/#breadcrumb","itemListElement":[{"@type":"ListItem","position":1,"name":"Accueil","item":"https:\/\/dicodusport.fr\/blog\/"},{"@type":"ListItem","position":2,"name":"WTA Lausanne : Elisabetta Cocciaretto prive Clara Burel d&rsquo;un premier titre sur le circuit"}]},{"@type":"WebSite","@id":"https:\/\/dicodusport.fr\/blog\/#website","url":"https:\/\/dicodusport.fr\/blog\/","name":"Dicodusport","description":"L&#039;encyclop\u00e9die de l&#039;actualit\u00e9 sportive","publisher":{"@id":"https:\/\/dicodusport.fr\/blog\/#organization"},"potentialAction":[{"@type":"SearchAction","target":{"@type":"EntryPoint","urlTemplate":"https:\/\/dicodusport.fr\/blog\/?s={search_term_string}"},"query-input":{"@type":"PropertyValueSpecification","valueRequired":true,"valueName":"search_term_string"}}],"inLanguage":"fr-FR"},{"@type":"NewsMediaOrganization","@id":"https:\/\/dicodusport.fr\/blog\/#organization","name":"Dicodusport","url":"https:\/\/dicodusport.fr\/blog\/","logo":{"@type":"ImageObject","inLanguage":"fr-FR","@id":"https:\/\/dicodusport.fr\/blog\/#\/schema\/logo\/image\/","url":"https:\/\/dicodusport.fr\/blog\/wp-content\/uploads\/2020\/06\/cropped-LOGO-DICODUSPORT-2020-SANS-FOND-SANS-TEXTE.png","contentUrl":"https:\/\/dicodusport.fr\/blog\/wp-content\/uploads\/2020\/06\/cropped-LOGO-DICODUSPORT-2020-SANS-FOND-SANS-TEXTE.png","width":512,"height":512,"caption":"Dicodusport"},"image":{"@id":"https:\/\/dicodusport.fr\/blog\/#\/schema\/logo\/image\/"},"sameAs":["https:\/\/www.facebook.com\/dicodusport","https:\/\/x.com\/dicodusport","https:\/\/www.instagram.com\/dicodusport\/","https:\/\/www.youtube.com\/channel\/UC7V2KZ5sd3htJivAbA4ZG3w"],"description":"Dicodusport est l'encyclop\u00e9die de l'actualit\u00e9 sportive.","email":"bonjour@dicodusport.fr","legalName":"DICODUSPORT","foundingDate":"2018-01-14","vatID":"FR71834470973","taxID":"83447097300043","numberOfEmployees":{"@type":"QuantitativeValue","minValue":"1","maxValue":"10"}},{"@type":"Person","@id":"https:\/\/dicodusport.fr\/blog\/#\/schema\/person\/37def232098a7a5cbab3974a3690abb0","name":"Maxime Cazenave","image":{"@type":"ImageObject","inLanguage":"fr-FR","@id":"https:\/\/dicodusport.fr\/blog\/#\/schema\/person\/image\/","url":"https:\/\/dicodusport.fr\/blog\/wp-content\/uploads\/2021\/05\/Maxime-Cazenave-150x150.jpg","contentUrl":"https:\/\/dicodusport.fr\/blog\/wp-content\/uploads\/2021\/05\/Maxime-Cazenave-150x150.jpg","caption":"Maxime Cazenave"},"description":"Journaliste\/R\u00e9dacteur depuis 2012 - Berc\u00e9 par l\u2019amour des Girondins de Bordeaux, les \u00e9checs de Christophe Moreau sur le Tour de France sous l'\u00e8re Lance Armstrong et le fade-away l\u00e9tal de Dirk Nowitzki, ma passion d\u00e9vorante pour le sport a toujours \u00e9t\u00e9 un pan incontournable de ma vie. Transmettre ma passion \u00e0 l\u2019\u00e9crit a \u00e9t\u00e9 une transition naturelle. Suiveur assidu de basket et de hockey sur glace, je garde toujours un peu de place pour suivre le cyclisme, le football et le maximum de performances fran\u00e7aises.","sameAs":["https:\/\/x.com\/https:\/\/twitter.com\/Maxime_Caze"],"url":"https:\/\/dicodusport.fr\/blog\/author\/maximec\/"}]}},"_links":{"self":[{"href":"https:\/\/dicodusport.fr\/blog\/wp-json\/wp\/v2\/posts\/404489","targetHints":{"allow":["GET"]}}],"collection":[{"href":"https:\/\/dicodusport.fr\/blog\/wp-json\/wp\/v2\/posts"}],"about":[{"href":"https:\/\/dicodusport.fr\/blog\/wp-json\/wp\/v2\/types\/post"}],"author":[{"embeddable":true,"href":"https:\/\/dicodusport.fr\/blog\/wp-json\/wp\/v2\/users\/55"}],"replies":[{"embeddable":true,"href":"https:\/\/dicodusport.fr\/blog\/wp-json\/wp\/v2\/comments?post=404489"}],"version-history":[{"count":0,"href":"https:\/\/dicodusport.fr\/blog\/wp-json\/wp\/v2\/posts\/404489\/revisions"}],"wp:featuredmedia":[{"embeddable":true,"href":"https:\/\/dicodusport.fr\/blog\/wp-json\/wp\/v2\/media\/404538"}],"wp:attachment":[{"href":"https:\/\/dicodusport.fr\/blog\/wp-json\/wp\/v2\/media?parent=404489"}],"wp:term":[{"taxonomy":"category","embeddable":true,"href":"https:\/\/dicodusport.fr\/blog\/wp-json\/wp\/v2\/categories?post=404489"},{"taxonomy":"post_tag","embeddable":true,"href":"https:\/\/dicodusport.fr\/blog\/wp-json\/wp\/v2\/tags?post=404489"}],"curies":[{"name":"wp","href":"https:\/\/api.w.org\/{rel}","templated":true}]}}