{"id":405185,"date":"2023-08-27T22:39:10","date_gmt":"2023-08-27T20:39:10","guid":{"rendered":"https:\/\/dicodusport.fr\/blog\/?p=405185&#038;preview=true&#038;preview_id=405185"},"modified":"2023-08-28T00:54:05","modified_gmt":"2023-08-27T22:54:05","slug":"calendrier-et-resultats-athletisme-championnats-du-monde-2023","status":"publish","type":"post","link":"https:\/\/dicodusport.fr\/blog\/calendrier-et-resultats-athletisme-championnats-du-monde-2023\/","title":{"rendered":"Palmar\u00e8s et r\u00e9sultats Athl\u00e9tisme Championnats du monde 2023"},"content":{"rendered":"<p style=\"text-align: justify;\"><strong><em><a href=\"https:\/\/dicodusport.fr\/blog\/actualites\/athletisme\/championnats-du-monde-athletisme-2023\/\">CHAMPIONNATS DU MONDE D&rsquo;ATHL\u00c9TISME 2023<\/a> &#8211; Les Mondiaux d&rsquo;athl\u00e9tisme se d\u00e9roulent du samedi 19 au dimanche 27 ao\u00fbt \u00e0 Budapest (Hongrie). Calendrier et r\u00e9sultats de la comp\u00e9tition.<\/em><\/strong><\/p>\n<p style=\"text-align: justify;\">Les Mondiaux d&rsquo;athl\u00e9tisme sont retransmis par <strong>France T\u00e9l\u00e9visions<\/strong> (France 2, France 3, France 4 et France TV Sport) et <strong>Eurosport<\/strong>.<\/p>\n<h2 style=\"text-align: justify;\">\u00c0 lire aussi<\/h2>\n<ul>\n<li style=\"text-align: justify;\"><strong><a href=\"https:\/\/dicodusport.fr\/blog\/tableau-des-medailles-athletisme-championnats-du-monde-2023\/\">Le tableau des m\u00e9dailles<\/a>\u00a0<\/strong><\/li>\n<li style=\"text-align: justify;\"><strong><a href=\"https:\/\/dicodusport.fr\/blog\/mondiaux-dathletisme-2023-a-quelle-heure-et-sur-quelle-chaine\/\">\u00c0 quelle heure et sur quelle cha\u00eene suivre les Mondiaux d&rsquo;athl\u00e9tisme<\/a><\/strong><\/li>\n<li style=\"text-align: justify;\"><a href=\"https:\/\/dicodusport.fr\/blog\/athletisme-championnats-du-monde-2023-la-selection-francaise\/\"><strong>La s\u00e9lection fran\u00e7aise pour les championnats du monde<\/strong><\/a><\/li>\n<li style=\"text-align: justify;\"><a href=\"https:\/\/dicodusport.fr\/blog\/mondiaux-dathletisme-2023-les-chances-de-medailles-francaises\/\"><strong>Les chances de m\u00e9dailles fran\u00e7aises<\/strong><\/a><\/li>\n<li style=\"text-align: justify;\"><a href=\"https:\/\/dicodusport.fr\/blog\/mondiaux-dathletisme-2023-les-records-du-monde-en-danger\/\"><strong>Les records du monde en danger \u00e0 Budapest<\/strong><\/a><a href=\"https:\/\/dicodusport.fr\/blog\/athletisme-championnats-du-monde-2023-la-selection-francaise\/\"><strong><br \/>\n<\/strong><\/a><\/li>\n<\/ul>\n<h2>Calendrier Championnats du monde d&rsquo;athl\u00e9tisme 2023<\/h2>\n<div class=\"su-tabs su-tabs-style-default su-tabs-mobile-stack\" data-active=\"9\" data-scroll-offset=\"0\" data-anchor-in-url=\"no\"><div class=\"su-tabs-nav\"><span class=\"\" data-url=\"\" data-target=\"blank\" tabindex=\"0\" role=\"button\">Samedi 19 ao\u00fbt<\/span><span class=\"\" data-url=\"\" data-target=\"blank\" tabindex=\"0\" role=\"button\">Dimanche 20 ao\u00fbt<\/span><span class=\"\" data-url=\"\" data-target=\"blank\" tabindex=\"0\" role=\"button\">Lundi 21 ao\u00fbt<\/span><span class=\"\" data-url=\"\" data-target=\"blank\" tabindex=\"0\" role=\"button\">Mardi 22 ao\u00fbt<\/span><span class=\"\" data-url=\"\" data-target=\"blank\" tabindex=\"0\" role=\"button\">Mercredi 23 ao\u00fbt<\/span><span class=\"\" data-url=\"\" data-target=\"blank\" tabindex=\"0\" role=\"button\">Jeudi 24 ao\u00fbt<\/span><span class=\"\" data-url=\"\" data-target=\"blank\" tabindex=\"0\" role=\"button\">Vendredi 25 ao\u00fbt<\/span><span class=\"\" data-url=\"\" data-target=\"blank\" tabindex=\"0\" role=\"button\">Samedi 26 ao\u00fbt<\/span><span class=\"\" data-url=\"\" data-target=\"blank\" tabindex=\"0\" role=\"button\">Dimanche 27 ao\u00fbt<\/span><\/div><div class=\"su-tabs-panes\"><div class=\"su-tabs-pane su-u-clearfix su-u-trim\" data-title=\"Samedi 19 ao\u00fbt\">\n<p style=\"text-align: justify;\"><strong><span style=\"color: #ff0000;\">En raison des conditions m\u00e9t\u00e9orologiques, le d\u00e9but des \u00e9preuves au stade est d\u00e9cal\u00e9 \u00e0 11h30.<\/span><\/strong><\/p>\n<p><strong>10h50 : <a href=\"https:\/\/media.aws.iaaf.org\/competitiondocuments\/pdf\/7138987\/AT-20KR-M-f----.RS6.pdf\">finale 20 km marche H<\/a><\/strong><\/p>\n<p><strong>11h30 :<\/strong> <a href=\"https:\/\/media.aws.iaaf.org\/competitiondocuments\/pdf\/7138987\/AT-SP-M-q----.RS4.pdf\">qualifications lancer du poids H<\/a><\/p>\n<p><strong>11h35 :<\/strong> <a href=\"https:\/\/media.aws.iaaf.org\/competitiondocuments\/pdf\/7138987\/AT-100H-W-u---HEP-W.RS6.pdf\" target=\"_blank\" rel=\"noopener\">heptathlon &#8211; 100 m haies<\/a><\/p>\n<p><strong>12h05 :<\/strong> <a href=\"https:\/\/media.aws.iaaf.org\/competitiondocuments\/pdf\/7138987\/AT-4X4-X-h----.RS6.pdf\">s\u00e9ries relais 4&#215;400 m mixte<\/a><\/p>\n<p><strong>12h35 :<\/strong> <a href=\"https:\/\/media.aws.iaaf.org\/competitiondocuments\/pdf\/7138987\/AT-3KSC-M-h----.RS6.pdf\">s\u00e9ries 3000 m steeple H<\/a><\/p>\n<p><strong>12h47 :<\/strong> <a href=\"https:\/\/media.aws.iaaf.org\/competitiondocuments\/pdf\/7138987\/AT-HJ-W-u---HEP-W.RS6.pdf\">heptathlon &#8211; hauteur<\/a><\/p>\n<p><strong>13h :<\/strong> <a href=\"https:\/\/media.aws.iaaf.org\/competitiondocuments\/pdf\/7138987\/AT-HT-M-q----.RS6.pdf\">qualifications lancer du marteau groupe A H<\/a><\/p>\n<p><strong>13h25 :<\/strong> <a href=\"https:\/\/media.aws.iaaf.org\/competitiondocuments\/pdf\/7138987\/AT-LJ-W-q----.RS6.pdf\">qualifications saut en longueur F<\/a><\/p>\n<p><strong>13h35 : <\/strong><a href=\"https:\/\/media.aws.iaaf.org\/competitiondocuments\/pdf\/7138987\/AT-100-M-pr----.RS6.pdf\">tour pr\u00e9liminaire 100 m H<\/a><\/p>\n<p><strong>14h15 :<\/strong> <a href=\"https:\/\/media.aws.iaaf.org\/competitiondocuments\/pdf\/7138987\/AT-1500-W-h----.RS6.pdf\">s\u00e9ries 1500 m F<\/a><\/p>\n<p><strong>14h45 :<\/strong> <a href=\"https:\/\/media.aws.iaaf.org\/competitiondocuments\/pdf\/7138987\/AT-HT-M-q----.RS6.pdf\">qualifications lancer du marteau groupe B H<\/a><\/p>\n<ul>\n<li><a href=\"https:\/\/dicodusport.fr\/blog\/mondiaux-dathletisme-2023-record-personnel-pour-gabriel-bordier-et-le-relais-mixte-lors-de-la-premiere-matinee\/\" target=\"_blank\" rel=\"noopener\"><strong>R\u00e9sultats fran\u00e7ais de la matin\u00e9e<\/strong><\/a><\/li>\n<\/ul>\n<p>&nbsp;<\/p>\n<p><strong>19h02 :\u00a0<\/strong><a href=\"https:\/\/media.aws.iaaf.org\/competitiondocuments\/pdf\/7138987\/AT-1500-M-h----.RS6.pdf\" target=\"_blank\" rel=\"noopener\">s\u00e9ries 1500 m H<\/a><\/p>\n<p><strong>19h05 :\u00a0<\/strong><a href=\"https:\/\/media.aws.iaaf.org\/competitiondocuments\/pdf\/7138987\/AT-SP-W-u---HEP-W.RS6.pdf\">heptathlon &#8211; poids<\/a><\/p>\n<p><strong>19h10 :\u00a0<\/strong><a href=\"https:\/\/media.aws.iaaf.org\/competitiondocuments\/pdf\/7138987\/AT-DT-M-q----.RS6.pdf\">qualifications lancer du disque groupe A H<\/a><\/p>\n<p><strong>19h35 : <\/strong><a href=\"https:\/\/media.aws.iaaf.org\/competitiondocuments\/pdf\/7138987\/AT-TJ-M-q----.RS6.pdf\">qualifications triple saut H<\/a><\/p>\n<p><strong>19h43 :<\/strong> <a href=\"https:\/\/media.aws.iaaf.org\/competitiondocuments\/pdf\/7138987\/AT-100-M-h----.RS6.pdf\">s\u00e9ries 100 m H<\/a><\/p>\n<p><strong>20h30 :<\/strong> <a href=\"https:\/\/media.aws.iaaf.org\/competitiondocuments\/pdf\/7138987\/AT-200-W-u---HEP-W.RS6.pdf\">heptathlon &#8211; 200 m<\/a><\/p>\n<p><strong>20h35 :<\/strong> <a href=\"https:\/\/media.aws.iaaf.org\/competitiondocuments\/pdf\/7138987\/AT-SP-M-f----.RS6.pdf\"><strong>finale lancer du poids H<\/strong><\/a><\/p>\n<p><strong>20h40 : <\/strong><a href=\"https:\/\/media.aws.iaaf.org\/competitiondocuments\/pdf\/7138987\/AT-DT-M-q----.RS6.pdf\">qualifications lancer du disque groupe B H<\/a><\/p>\n<p><strong>20h55 : <a href=\"https:\/\/media.aws.iaaf.org\/competitiondocuments\/pdf\/7138987\/AT-10K-W-f----.RS6.pdf\">finale 10000 m F<\/a><\/strong><\/p>\n<p><strong>21h47 :<\/strong> <a href=\"https:\/\/media.aws.iaaf.org\/competitiondocuments\/pdf\/7138987\/AT-4X4-X-f----.RS6.pdf\"><strong>finale relais 4&#215;400 m mixte<\/strong><\/a><\/p>\n<ul>\n<li><a href=\"https:\/\/dicodusport.fr\/blog\/heptathlon-mondiaux-dathletisme-2023-anna-hall-solidement-installee-en-tete-de-lheptathlon\/\" target=\"_blank\" rel=\"noopener\"><strong>R\u00e9sum\u00e9 de la premi\u00e8re journ\u00e9e de l&rsquo;heptathlon<\/strong><\/a><\/li>\n<li><a title=\"Mondiaux d\u2019athl\u00e9tisme 2023 : Les r\u00e9sultats fran\u00e7ais de la soir\u00e9e du 19 ao\u00fbt\" href=\"https:\/\/dicodusport.fr\/blog\/mondiaux-dathletisme-2023-les-resultats-francais-de-la-soiree-du-19-aout\/\" target=\"_blank\" rel=\"noopener\"><strong>R\u00e9sum\u00e9 de la soir\u00e9e des Fran\u00e7ais<\/strong><\/a><\/li>\n<\/ul>\n<\/div>\n<div class=\"su-tabs-pane su-u-clearfix su-u-trim\" data-title=\"Dimanche 20 ao\u00fbt\">\n<p><strong>7h15 :<\/strong> <a href=\"https:\/\/media.aws.iaaf.org\/competitiondocuments\/pdf\/7138987\/AT-20KR-W-f----.RS6.pdf\"><strong>finale 20 km marche F<\/strong><\/a><\/p>\n<p><strong>9h :<\/strong> <a href=\"https:\/\/media.aws.iaaf.org\/competitiondocuments\/pdf\/7138987\/AT-DT-W-q----.RS6.pdf\">qualifications lancer du disque groupe A F<\/a><\/p>\n<p><strong>9h35 : <\/strong><a href=\"https:\/\/media.aws.iaaf.org\/competitiondocuments\/pdf\/7138987\/AT-400-W-h----.RS6.pdf\">s\u00e9ries 400 m F<\/a><\/p>\n<p><strong>9h50 : <\/strong><a href=\"https:\/\/media.aws.iaaf.org\/competitiondocuments\/pdf\/7138987\/AT-LJ-W-u---HEP-W.RS6.pdf\">heptathlon &#8211; longueur<\/a><\/p>\n<p><strong>10h25 :<\/strong> <a href=\"https:\/\/media.aws.iaaf.org\/competitiondocuments\/pdf\/7138987\/AT-400-M-h----.RS6.pdf\">s\u00e9ries 400 m H<\/a><\/p>\n<p><strong>10h30 :<\/strong> <a href=\"https:\/\/media.aws.iaaf.org\/competitiondocuments\/pdf\/7138987\/AT-DT-W-q----.RS6.pdf\">qualifications lancer du disque groupe B F<\/a><\/p>\n<p><strong>10h35 : <\/strong><a href=\"https:\/\/media.aws.iaaf.org\/competitiondocuments\/pdf\/7138987\/AT-HJ-M-q----.RS6.pdf\">qualifications saut en hauteur H<\/a><\/p>\n<p><strong>11h25 :\u00a0<\/strong><a href=\"https:\/\/media.aws.iaaf.org\/competitiondocuments\/pdf\/7138987\/AT-400H-M-h----.RS6.pdf\">s\u00e9ries 400 m haies H<\/a><\/p>\n<p><strong>12h :\u00a0<\/strong><a href=\"https:\/\/media.aws.iaaf.org\/competitiondocuments\/pdf\/7138987\/AT-JT-W-u---HEP-W.RS6.pdf\">heptathlon &#8211; javelot groupe A<\/a><\/p>\n<p><strong>12h10 :\u00a0<\/strong><a href=\"https:\/\/media.aws.iaaf.org\/competitiondocuments\/pdf\/7138987\/AT-100-W-h----.RS6.pdf\">s\u00e9ries 100 m F<\/a><\/p>\n<p><strong>13h05 :<\/strong> <a href=\"https:\/\/media.aws.iaaf.org\/competitiondocuments\/pdf\/7138987\/AT-110H-M-h----.RS6.pdf\">s\u00e9ries 110 m haies<\/a><\/p>\n<p><strong>13h05 :\u00a0<\/strong><a href=\"https:\/\/media.aws.iaaf.org\/competitiondocuments\/pdf\/7138987\/AT-JT-W-u---HEP-W.RS6.pdf\">heptathlon &#8211; javelot groupe B<\/a><\/p>\n<ul>\n<li><a href=\"https:\/\/dicodusport.fr\/blog\/mondiaux-dathletisme-2023-nouvelle-finale-mondiale-pour-melina-robert-michon-carton-plein-pour-les-haies\/\"><strong>R\u00e9sum\u00e9 fran\u00e7ais de la matin\u00e9e<\/strong><\/a><\/li>\n<\/ul>\n<p>&nbsp;<\/p>\n<p><strong>16h35 : <\/strong><a href=\"https:\/\/media.aws.iaaf.org\/competitiondocuments\/pdf\/7138987\/AT-100-M-sf----.RS6.pdf\">demi-finales 100 m H<\/a><\/p>\n<p><strong>16h55 :<\/strong> <a href=\"https:\/\/media.aws.iaaf.org\/competitiondocuments\/pdf\/7138987\/AT-LJ-W-f----.RS6.pdf\"><strong>finale saut en longueur F<\/strong><\/a><\/p>\n<p><strong>17h05 :<\/strong> <a href=\"https:\/\/media.aws.iaaf.org\/competitiondocuments\/pdf\/7138987\/AT-1500-W-sf----.RS6.pdf\">demi-finales 1500 m F<\/a><\/p>\n<p><strong>17h35 :<\/strong> <a href=\"https:\/\/media.aws.iaaf.org\/competitiondocuments\/pdf\/7138987\/AT-1500-M-sf----.RS6.pdf\">demi-finales 1500 m H<\/a><\/p>\n<p><strong>17h50 : <a href=\"https:\/\/media.aws.iaaf.org\/competitiondocuments\/pdf\/7138987\/AT-HT-M-f----.RS6.pdf\">finale lancer du marteau H<\/a><\/strong><\/p>\n<p><strong>18h :<\/strong> <strong>heptathlon &#8211; <a href=\"https:\/\/media.aws.iaaf.org\/competitiondocuments\/pdf\/7138987\/AT-800-W-u---HEP-W.RS6.pdf\">800 m<\/a> &#8211; <a href=\"https:\/\/media.aws.iaaf.org\/competitiondocuments\/pdf\/7138987\/AT-800-W-u--0--.RS2.pdf\">r\u00e9sultats finaux<\/a><\/strong><\/p>\n<p><strong>18h25 : <a href=\"https:\/\/media.aws.iaaf.org\/competitiondocuments\/pdf\/7138987\/AT-10K-M-f----.RS6.pdf\">finale 10000 m H<\/a><\/strong><\/p>\n<p><strong>19h10 :<\/strong> <a href=\"https:\/\/media.aws.iaaf.org\/competitiondocuments\/pdf\/7138987\/AT-100-M-f----.RS6.pdf\"><strong>finale 100 m H<\/strong><\/a><\/p>\n<\/div>\n<div class=\"su-tabs-pane su-u-clearfix su-u-trim\" data-title=\"Lundi 21 ao\u00fbt\">\n<p><strong>18h40 :<\/strong> <a href=\"https:\/\/media.aws.iaaf.org\/competitiondocuments\/pdf\/7138987\/AT-PV-W-q----.RS6.pdf\">qualifications saut \u00e0 la perche F<\/a><\/p>\n<p><strong>18h50 :<\/strong> <a href=\"https:\/\/media.aws.iaaf.org\/competitiondocuments\/pdf\/7138987\/AT-400H-W-h----.RS6.pdf\">s\u00e9ries 400 m haies F<\/a><\/p>\n<p><strong>19h35 :<\/strong> <a href=\"https:\/\/media.aws.iaaf.org\/competitiondocuments\/pdf\/7138987\/AT-400H-M-sf----.RS6.pdf\">demi-finales 400 m haies H<\/a><\/p>\n<p><strong>19h40 :<\/strong> <a href=\"https:\/\/media.aws.iaaf.org\/competitiondocuments\/pdf\/7138987\/AT-TJ-M-f----.RS6.pdf\"><strong>finale triple saut H<\/strong><\/a><\/p>\n<p><strong>20h05 :<\/strong> <a href=\"https:\/\/media.aws.iaaf.org\/competitiondocuments\/pdf\/7138987\/AT-110H-M-sf----.RS6.pdf\">demi-finales 110 m haies H<\/a><\/p>\n<p><strong>20h30 :<\/strong> <a href=\"https:\/\/media.aws.iaaf.org\/competitiondocuments\/pdf\/7138987\/AT-DT-M-f----.RS6.pdf\"><strong>finale lancer du disque H<\/strong><\/a><\/p>\n<p><strong>20h35 :<\/strong> <a href=\"https:\/\/media.aws.iaaf.org\/competitiondocuments\/pdf\/7138987\/AT-100-W-sf----.RS6.pdf\">demi-finales 100 m F<\/a><\/p>\n<p><strong>21h10 :<\/strong> <a href=\"https:\/\/media.aws.iaaf.org\/competitiondocuments\/pdf\/7138987\/AT-400-W-sf----.RS6.pdf\">demi-finales 400 m F<\/a><\/p>\n<p><strong>21h40 :<\/strong> <a href=\"file:\/\/\/C:\/Users\/Dedet\/Downloads\/AT-110H-M-f----.RS6.pdf\" rel=\"\"><strong>finale 110 m haies<\/strong><\/a><\/p>\n<p><strong>21h50 :<\/strong> <a href=\"https:\/\/media.aws.iaaf.org\/competitiondocuments\/pdf\/7138987\/AT-100-W-f----.RS6.pdf\"><strong>finale 100 m F<\/strong><\/a><\/p>\n<ul>\n<li><a title=\"Mondiaux d\u2019athl\u00e9tisme 2023 : Sale soir\u00e9e pour les Fran\u00e7ais\" href=\"https:\/\/dicodusport.fr\/blog\/mondiaux-dathletisme-2023-sale-soiree-pour-les-francais\/\" target=\"_blank\" rel=\"noopener\"><strong>R\u00e9sum\u00e9 de la soir\u00e9e des Fran\u00e7ais<\/strong><\/a><\/li>\n<\/ul>\n<\/div>\n<div class=\"su-tabs-pane su-u-clearfix su-u-trim\" data-title=\"Mardi 22 ao\u00fbt\">\n<p><strong>18h40 :<\/strong> <a href=\"https:\/\/media.aws.iaaf.org\/competitiondocuments\/pdf\/7138987\/AT-100H-W-h----.RS6.pdf\">s\u00e9ries 100 m haies<\/a><\/p>\n<p><strong>19h20 :<\/strong> <a href=\"https:\/\/media.aws.iaaf.org\/competitiondocuments\/pdf\/7138987\/AT-800-M-h----.RS6.pdf\" target=\"_blank\" rel=\"noopener\">s\u00e9ries 800 m H<\/a><\/p>\n<p><strong>19h58 :<\/strong> <a href=\"https:\/\/media.aws.iaaf.org\/competitiondocuments\/pdf\/7138987\/AT-HJ-M-f----.RS6.pdf\"><strong>finale saut en hauteur H<\/strong><\/a><\/p>\n<p><strong>20h20 :<\/strong> <a href=\"https:\/\/media.aws.iaaf.org\/competitiondocuments\/pdf\/7138987\/AT-DT-W-f----.RS6.pdf\"><strong>finale lancer du disque F<\/strong><\/a><\/p>\n<p><strong>20h25 :<\/strong> <a href=\"https:\/\/media.aws.iaaf.org\/competitiondocuments\/pdf\/7138987\/AT-400H-W-sf----.RS6.pdf\" target=\"_blank\" rel=\"noopener\">demi-finales 400 m haies F<\/a><\/p>\n<p><strong>21h :<\/strong> <a href=\"https:\/\/media.aws.iaaf.org\/competitiondocuments\/pdf\/7138987\/AT-400-M-sf----.RS6.pdf\" target=\"_blank\" rel=\"noopener\">demi-finales 400 m H<\/a><\/p>\n<p><strong>21h31 :<\/strong> <a href=\"https:\/\/media.aws.iaaf.org\/competitiondocuments\/pdf\/7138987\/AT-1500-W-f----.RS6.pdf\"><strong>finale 1500 m F<\/strong><\/a><\/p>\n<p><strong>21h42 :<\/strong> <a href=\"https:\/\/media.aws.iaaf.org\/competitiondocuments\/pdf\/7138987\/AT-3KSC-M-f----.RS6.pdf\"><strong>finale 3000 m steeple H<\/strong><\/a><\/p>\n<ul>\n<li><a href=\"https:\/\/dicodusport.fr\/blog\/mondiaux-dathletisme-2023-robert-michon-tual-samba-mayela-le-point-sur-les-francais-pour-la-soiree-du-22-aout\/\" target=\"_blank\" rel=\"noopener\"><strong>R\u00e9sum\u00e9 de la soir\u00e9e des Fran\u00e7ais<\/strong><\/a><\/li>\n<\/ul>\n<\/div>\n<div class=\"su-tabs-pane su-u-clearfix su-u-trim\" data-title=\"Mercredi 23 ao\u00fbt\">\n<p><strong>10h05 :<\/strong> <a href=\"https:\/\/media.aws.iaaf.org\/competitiondocuments\/pdf\/7138987\/AT-800-W-h----.RS6.pdf\">s\u00e9ries 800 m F<\/a><\/p>\n<p><strong>10h15 : <\/strong><a href=\"https:\/\/media.aws.iaaf.org\/competitiondocuments\/pdf\/7138987\/AT-PV-M-q----.RS6.pdf\">qualifications saut \u00e0 la perche H<\/a><\/p>\n<p><strong>10h20 :<\/strong> <a href=\"https:\/\/media.aws.iaaf.org\/competitiondocuments\/pdf\/7138987\/AT-JT-W-q----.RS6.pdf\">qualifications lancer du javelot groupe A F<\/a><\/p>\n<p><strong>11h15 :<\/strong> <a href=\"https:\/\/media.aws.iaaf.org\/competitiondocuments\/pdf\/7138987\/AT-LJ-M-q----.RS6.pdf\">qualifications saut en longueur H<\/a><\/p>\n<p><strong>11h20 : <\/strong><a href=\"https:\/\/media.aws.iaaf.org\/competitiondocuments\/pdf\/7138987\/AT-200-W-h----.RS6.pdf\">s\u00e9ries 200 m F<\/a><\/p>\n<p><strong>11h55 :\u00a0<\/strong><a href=\"https:\/\/media.aws.iaaf.org\/competitiondocuments\/pdf\/7138987\/AT-JT-W-q----.RS6.pdf\">qualifications lancer du javelot groupe B F<\/a><\/p>\n<p><strong>12h15 :<\/strong> <a href=\"https:\/\/media.aws.iaaf.org\/competitiondocuments\/pdf\/7138987\/AT-200-M-h----.RS6.pdf\">s\u00e9ries 200 m H<\/a><\/p>\n<ul>\n<li><a title=\"Mondiaux d\u2019athl\u00e9tisme 2023 : Lamote, Collet, Z\u00e9z\u00e9, le r\u00e9sum\u00e9 de la matin\u00e9e des Fran\u00e7ais\" href=\"https:\/\/dicodusport.fr\/blog\/mondiaux-dathletisme-2023-lamote-collet-zeze-le-resume-de-la-matinee-des-francais\/\" target=\"_blank\" rel=\"noopener\"><strong>R\u00e9sultats des Fran\u00e7ais<\/strong><\/a><\/li>\n<\/ul>\n<p>&nbsp;<\/p>\n<p><strong>19h :\u00a0<\/strong><a href=\"https:\/\/media.aws.iaaf.org\/competitiondocuments\/pdf\/7138987\/AT-HT-W-q----.RS6.pdf\">qualifications lancer du marteau groupe A F<\/a><\/p>\n<p><strong>19h02 : <\/strong><a href=\"https:\/\/media.aws.iaaf.org\/competitiondocuments\/pdf\/7138987\/AT-5000-W-h----.RS6.pdf\">s\u00e9ries 5000 m F<\/a><\/p>\n<p><strong>19h10 :\u00a0<\/strong><a href=\"https:\/\/media.aws.iaaf.org\/competitiondocuments\/pdf\/7138987\/AT-TJ-W-q----.RS6.pdf\">qualifications triple saut F<\/a><\/p>\n<p><strong>19h30 : <a href=\"https:\/\/media.aws.iaaf.org\/competitiondocuments\/pdf\/7138987\/AT-PV-W-f----.RS6.pdf\">finale saut \u00e0 la perche F<\/a><\/strong><\/p>\n<p><strong>19h53 : <\/strong><a href=\"https:\/\/media.aws.iaaf.org\/competitiondocuments\/pdf\/7138987\/AT-3KSC-W-h----.RS6.pdf\">s\u00e9ries 3000 m steeple F<\/a><\/p>\n<p><strong>20h35 :\u00a0<\/strong><a href=\"https:\/\/media.aws.iaaf.org\/competitiondocuments\/pdf\/7138987\/AT-HT-W-q----.RS6.pdf\">qualifications lancer du marteau groupe B F<\/a><\/p>\n<p><strong>20h40 :\u00a0<\/strong><a href=\"https:\/\/media.aws.iaaf.org\/competitiondocuments\/pdf\/7138987\/AT-100H-W-sf----.RS6.pdf\">demi-finales 100 m haies<\/a><\/p>\n<p><strong>21h15 : <a href=\"https:\/\/media.aws.iaaf.org\/competitiondocuments\/pdf\/7138987\/AT-1500-M-f----.RS6.pdf\">finale 1500 m H<\/a><\/strong><\/p>\n<p><strong>21h35 : <a href=\"https:\/\/media.aws.iaaf.org\/competitiondocuments\/pdf\/7138987\/AT-400-W-f----.RS6.pdf\" target=\"_blank\" rel=\"noopener\">finale 400 m F<\/a><\/strong><\/p>\n<p><strong>21h50 : <a href=\"https:\/\/media.aws.iaaf.org\/competitiondocuments\/pdf\/7138987\/AT-400H-M-f----.RS6.pdf\" target=\"_blank\" rel=\"noopener\">finale 400 m haies H<\/a><\/strong><\/p>\n<ul>\n<li><a title=\"Mondiaux d\u2019athl\u00e9tisme 2023 : Alice Finot, l\u2019\u00e9claircie de cette soir\u00e9e\" href=\"https:\/\/dicodusport.fr\/blog\/mondiaux-dathletisme-2023-alice-finot-leclaircie-de-cette-soiree\/\" target=\"_blank\" rel=\"noopener\"><strong>R\u00e9sultats des Fran\u00e7ais<\/strong><\/a><\/li>\n<\/ul>\n<\/div>\n<div class=\"su-tabs-pane su-u-clearfix su-u-trim\" data-title=\"Jeudi 24 ao\u00fbt\">\n<p><strong>7h :<\/strong> <strong>finale 35 km marche <a href=\"https:\/\/media.aws.iaaf.org\/competitiondocuments\/pdf\/7138987\/AT-35KR-W-f----.RS6.pdf\">F<\/a> + <a href=\"https:\/\/media.aws.iaaf.org\/competitiondocuments\/pdf\/7138987\/AT-35KR-M-f----.RS6.pdf\" target=\"_blank\" rel=\"noopener\">H<\/a><\/strong><\/p>\n<p>&nbsp;<\/p>\n<p><strong>19h :<\/strong> <a href=\"https:\/\/media.aws.iaaf.org\/competitiondocuments\/pdf\/7138987\/AT-5000-M-h----.RS6.pdf\">s\u00e9ries 5000 m H<\/a><\/p>\n<p><strong>19h30 :<\/strong> <a href=\"https:\/\/media.aws.iaaf.org\/competitiondocuments\/pdf\/7138987\/AT-LJ-M-f----.RS6.pdf\"><strong>finale saut en longueur H<\/strong><\/a><\/p>\n<p><strong>19h45 :<\/strong> <a href=\"https:\/\/media.aws.iaaf.org\/competitiondocuments\/pdf\/7138987\/AT-200-W-sf----.RS6.pdf\">demi-finales 200 m F<\/a><\/p>\n<p><strong>20h15 :<\/strong> <a href=\"https:\/\/media.aws.iaaf.org\/competitiondocuments\/pdf\/7138987\/AT-HT-W-f----.RS6.pdf\"><strong>finale lancer du marteau F<\/strong><\/a><\/p>\n<p><strong>20h20 :<\/strong> <a href=\"https:\/\/media.aws.iaaf.org\/competitiondocuments\/pdf\/7138987\/AT-200-M-sf----.RS6.pdf\">demi-finales 200 m H<\/a><\/p>\n<p><strong>20h50 :<\/strong> <a href=\"https:\/\/media.aws.iaaf.org\/competitiondocuments\/pdf\/7138987\/AT-800-M-sf----.RS6.pdf\">demi-finales 800 m H<\/a><\/p>\n<p><strong>21h25 :<\/strong> <a href=\"https:\/\/media.aws.iaaf.org\/competitiondocuments\/pdf\/7138987\/AT-100H-W-f----.RS6.pdf\"><strong>finale 100 m haies<\/strong><\/a><\/p>\n<p><strong>21h35 :<\/strong> <a href=\"https:\/\/media.aws.iaaf.org\/competitiondocuments\/pdf\/7138987\/AT-400-M-f----.RS6.pdf\"><strong>finale 400 m H<\/strong><\/a><\/p>\n<p><strong>21h50 :<\/strong> <a href=\"https:\/\/media.aws.iaaf.org\/competitiondocuments\/pdf\/7138987\/AT-400H-W-f----.RS6.pdf\"><strong>finale 400 m haies F<\/strong><\/a><\/p>\n<ul>\n<li><a title=\"Mondiaux d\u2019athl\u00e9tisme 2023 : Les r\u00e9sultats fran\u00e7ais de la soir\u00e9e du 24 ao\u00fbt\" href=\"https:\/\/dicodusport.fr\/blog\/mondiaux-dathletisme-2023-les-resultats-francais-de-la-soiree-du-24-aout\/\" rel=\"\"><strong>R\u00e9sultats des Fran\u00e7ais<\/strong><\/a><\/li>\n<\/ul>\n<\/div>\n<div class=\"su-tabs-pane su-u-clearfix su-u-trim\" data-title=\"Vendredi 25 ao\u00fbt\">\n<p><strong>10h05 : <\/strong><a href=\"https:\/\/media.aws.iaaf.org\/competitiondocuments\/pdf\/7138987\/AT-100-M-u---DEC-M.RS6.pdf\" target=\"_blank\" rel=\"noopener\">d\u00e9cathlon &#8211; 100 m<\/a><\/p>\n<p><strong>10h10 :<\/strong> <a href=\"https:\/\/media.aws.iaaf.org\/competitiondocuments\/pdf\/7138987\/AT-JT-M-q----.RS6.pdf\">qualifications lancer du javelot groupe A H<\/a><\/p>\n<p><strong>10h20 :<\/strong> <a href=\"https:\/\/media.aws.iaaf.org\/competitiondocuments\/pdf\/7138987\/AT-HJ-W-q----.RS6.pdf\">qualifications saut en hauteur F<\/a><\/p>\n<p><strong>10h55 :<\/strong> <a href=\"https:\/\/media.aws.iaaf.org\/competitiondocuments\/pdf\/7138987\/AT-LJ-M-u---DEC-M.RS6.pdf\">d\u00e9cathlon &#8211; longueur<\/a><\/p>\n<p><strong>11h45 :<\/strong> <a href=\"https:\/\/media.aws.iaaf.org\/competitiondocuments\/pdf\/7138987\/AT-JT-M-q----.RS6.pdf\">qualifications lancer du javelot groupe B H<\/a><\/p>\n<p><strong>12h20 :<\/strong> <a href=\"https:\/\/media.aws.iaaf.org\/competitiondocuments\/pdf\/7138987\/AT-SP-M-u---DEC-M.RS6.pdf\">d\u00e9cathlon &#8211; poids<\/a><\/p>\n<ul>\n<li><a title=\"Mondiaux d\u2019athl\u00e9tisme 2023 : Hauteur historique, Mayer abandonne, le r\u00e9sum\u00e9 de la matin\u00e9e des Fran\u00e7ais\" href=\"https:\/\/dicodusport.fr\/blog\/mondiaux-dathletisme-2023-hauteur-historique-mayer-abandonne-le-resume-de-la-matinee-des-francais\/\" target=\"_blank\" rel=\"noopener\"><strong>R\u00e9sultats des Fran\u00e7ais<\/strong><\/a><\/li>\n<\/ul>\n<p>&nbsp;<\/p>\n<p><strong>18h30 :<\/strong> <a href=\"https:\/\/media.aws.iaaf.org\/competitiondocuments\/pdf\/7138987\/AT-HJ-M-u---DEC-M.RS6.pdf\">d\u00e9cathlon &#8211; hauteur<\/a><\/p>\n<p><strong>19h30 :\u00a0<\/strong><a href=\"https:\/\/media.aws.iaaf.org\/competitiondocuments\/pdf\/7138987\/AT-4X1-M-h----.RS6.pdf\" target=\"_blank\" rel=\"noopener\">s\u00e9ries relais 4&#215;100 m H<\/a><\/p>\n<p><strong>19h35 : <a href=\"https:\/\/media.aws.iaaf.org\/competitiondocuments\/pdf\/7138987\/AT-TJ-W-f----.SL2.pdf\">finale triple saut F<\/a><\/strong><\/p>\n<p><strong>20h :\u00a0<\/strong><a href=\"https:\/\/media.aws.iaaf.org\/competitiondocuments\/pdf\/7138987\/AT-4X1-W-h----.RS6.pdf\">s\u00e9ries relais 4&#215;100 m F<\/a><\/p>\n<p><strong>20h20 : <a href=\"https:\/\/media.aws.iaaf.org\/competitiondocuments\/pdf\/7138987\/AT-JT-W-f----.RS6.pdf\">finale lancer du javelot F\u00a0<\/a><\/strong><\/p>\n<p><strong>20h25 :\u00a0<\/strong><a href=\"https:\/\/media.aws.iaaf.org\/competitiondocuments\/pdf\/7138987\/AT-800-W-sf----.RS6.pdf\">demi-finales 800 m F<\/a><\/p>\n<p><strong>21h05 :\u00a0<\/strong><a href=\"https:\/\/media.aws.iaaf.org\/competitiondocuments\/pdf\/7138987\/AT-400-M-u---DEC-M.RS6.pdf\">d\u00e9cathlon &#8211; 400 m<\/a><\/p>\n<p><strong>21h40 : <a href=\"https:\/\/media.aws.iaaf.org\/competitiondocuments\/pdf\/7138987\/AT-200-W-f----.RS6.pdf\">finale 200 m F<\/a><\/strong><\/p>\n<p><strong>21h50 : <a href=\"https:\/\/media.aws.iaaf.org\/competitiondocuments\/pdf\/7138987\/AT-200-M-f----.RS6.pdf\">finale 200 m H<\/a><\/strong><\/p>\n<ul>\n<li><a href=\"https:\/\/dicodusport.fr\/blog\/mondiaux-dathletisme-2023-les-resultats-francais-de-la-soiree-du-25-aout\/\" target=\"_blank\" rel=\"noopener\"><strong>R\u00e9sum\u00e9 de la soir\u00e9e des Fran\u00e7ais<\/strong><\/a><\/li>\n<li><a title=\"Mondiaux d\u2019athl\u00e9tisme 2023 : Leo Neugebauer en t\u00eate du d\u00e9cathlon \u00e0 mi-parcours\" href=\"https:\/\/dicodusport.fr\/blog\/mondiaux-dathletisme-2023-leo-neugebauer-en-tete-du-decathlon-a-mi-parcours\/\" target=\"_blank\" rel=\"noopener\"><strong>R\u00e9sum\u00e9 de la premi\u00e8re journ\u00e9e du d\u00e9cathlon<\/strong><\/a><\/li>\n<\/ul>\n<\/div>\n<div class=\"su-tabs-pane su-u-clearfix su-u-trim\" data-title=\"Samedi 26 ao\u00fbt\">\n<p><strong>7h :<\/strong> <a href=\"https:\/\/media.aws.iaaf.org\/competitiondocuments\/pdf\/7138987\/AT-MAR-W-f----.RS6.pdf\" target=\"_blank\" rel=\"noopener\"><strong>finale marathon F<\/strong><\/a><\/p>\n<p><strong>10h05 :<\/strong> <a href=\"https:\/\/media.aws.iaaf.org\/competitiondocuments\/pdf\/7138987\/AT-110H-M-u---DEC-M.RS6.pdf\">d\u00e9cathlon &#8211; 110 m haies<\/a><\/p>\n<p><strong>10h25 :<\/strong> <a href=\"https:\/\/media.aws.iaaf.org\/competitiondocuments\/pdf\/7138987\/AT-SP-W-q----.RS6.pdf\">qualifications lancer du poids F<\/a><\/p>\n<p><strong>11h : <\/strong><a href=\"https:\/\/media.aws.iaaf.org\/competitiondocuments\/pdf\/7138987\/AT-DT-M-u---DEC-M.RS6.pdf\">d\u00e9cathlon &#8211; disque groupe A<\/a><\/p>\n<p><strong>12h05 :<\/strong> <a href=\"https:\/\/media.aws.iaaf.org\/competitiondocuments\/pdf\/7138987\/AT-DT-M-u---DEC-M.RS6.pdf\">d\u00e9cathlon &#8211; disque groupe B<\/a><\/p>\n<p><strong>12h40 : <\/strong><a href=\"https:\/\/media.aws.iaaf.org\/competitiondocuments\/pdf\/7138987\/AT-PV-M-u---DEC-M.RS6.pdf\">d\u00e9cathlon &#8211; perche groupe A<\/a><\/p>\n<p><strong>13h30 : <\/strong><a href=\"https:\/\/media.aws.iaaf.org\/competitiondocuments\/pdf\/7138987\/AT-PV-M-u---DEC-M.RS6.pdf\">d\u00e9cathlon &#8211; perche groupe B<\/a><\/p>\n<p>&nbsp;<\/p>\n<p><strong>19h05 :<\/strong> <a href=\"https:\/\/media.aws.iaaf.org\/competitiondocuments\/pdf\/7138987\/AT-JT-M-u---DEC-M.RS6.pdf\">d\u00e9cathlon &#8211; javelot groupe A<\/a><\/p>\n<p><strong>19h05 :<\/strong> <a href=\"https:\/\/media.aws.iaaf.org\/competitiondocuments\/pdf\/7138987\/AT-PV-M-f----.RS6.pdf\"><strong>finale saut \u00e0 la perche H<\/strong><\/a><\/p>\n<p><strong>19h30 :<\/strong> <a href=\"https:\/\/media.aws.iaaf.org\/competitiondocuments\/pdf\/7138987\/AT-4X4-M-h----.SL2.pdf\">s\u00e9ries relais 4&#215;400 m H<\/a><\/p>\n<p><strong>19h55 :<\/strong> <a href=\"https:\/\/media.aws.iaaf.org\/competitiondocuments\/pdf\/7138987\/AT-4X4-W-h----.SL2.pdf\">s\u00e9ries relais 4&#215;400 m F<\/a><\/p>\n<p><strong>20h10 :<\/strong> <a href=\"https:\/\/media.aws.iaaf.org\/competitiondocuments\/pdf\/7138987\/AT-JT-M-u---DEC-M.RS6.pdf\">d\u00e9cathlon &#8211; javelot groupe B<\/a><\/p>\n<p><strong>20h15 :<\/strong> <a href=\"https:\/\/media.aws.iaaf.org\/competitiondocuments\/pdf\/7138987\/AT-SP-W-f----.RS6.pdf\"><strong>finale lancer du poids F<\/strong><\/a><\/p>\n<p><strong>20h30 : <a href=\"https:\/\/media.aws.iaaf.org\/competitiondocuments\/pdf\/7138987\/AT-800-M-f----.RS6.pdf\">finale 800 m H<\/a><\/strong><\/p>\n<p><strong>20h50 : <a href=\"https:\/\/media.aws.iaaf.org\/competitiondocuments\/pdf\/7138987\/AT-5000-W-f----.RS6.pdf\" target=\"_blank\" rel=\"noopener\">finale 5000 m F<\/a><\/strong><\/p>\n<p><strong>21h25 : d\u00e9cathlon &#8211; <a href=\"https:\/\/media.aws.iaaf.org\/competitiondocuments\/pdf\/7138987\/AT-1500-M-u---DEC-M.RS6.pdf\" target=\"_blank\" rel=\"noopener\">1500 m<\/a> &#8211; <a href=\"https:\/\/media.aws.iaaf.org\/competitiondocuments\/pdf\/7138987\/AT-1500-M-u--0--.RS2.pdf\" target=\"_blank\" rel=\"noopener\">r\u00e9sultats finaux<\/a><\/strong><\/p>\n<p><strong>21h40 :<\/strong> <a href=\"https:\/\/media.aws.iaaf.org\/competitiondocuments\/pdf\/7138987\/AT-4X1-M-f----.RS6.pdf\"><strong>finale relais 4&#215;100 m H<\/strong><\/a><\/p>\n<p><strong>21h53 : <a href=\"https:\/\/media.aws.iaaf.org\/competitiondocuments\/pdf\/7138987\/AT-4X1-W-f----.RS6.pdf\">finale relais 4&#215;100 m F<\/a><\/strong><\/p>\n<\/div>\n<div class=\"su-tabs-pane su-u-clearfix su-u-trim\" data-title=\"Dimanche 27 ao\u00fbt\">\n<p><strong>7h : <a href=\"https:\/\/media.aws.iaaf.org\/competitiondocuments\/pdf\/7138987\/AT-MAR-M-f----.RS6.pdf\" target=\"_blank\" rel=\"noopener\">finale marathon H<\/a><\/strong><\/p>\n<p>&nbsp;<\/p>\n<p><strong>20h05 : <a href=\"https:\/\/media.aws.iaaf.org\/competitiondocuments\/pdf\/7138987\/AT-HJ-W-f----.RS6.pdf\">finale saut en hauteur F<\/a><\/strong><\/p>\n<p><strong>20h10 : <a href=\"https:\/\/media.aws.iaaf.org\/competitiondocuments\/pdf\/7138987\/AT-5000-M-f----.RS6.pdf\">finale 5000 m H<\/a><\/strong><\/p>\n<p><strong>20h20 : <a href=\"https:\/\/media.aws.iaaf.org\/competitiondocuments\/pdf\/7138987\/AT-JT-M-f----.RS6.pdf\">finale lancer du javelot H<\/a><\/strong><\/p>\n<p><strong>20h45 : <a href=\"https:\/\/media.aws.iaaf.org\/competitiondocuments\/pdf\/7138987\/AT-800-W-f----.RS6.pdf\">finale 800 m F<\/a><\/strong><\/p>\n<p><strong>21h10 : <a href=\"https:\/\/media.aws.iaaf.org\/competitiondocuments\/pdf\/7138987\/AT-3KSC-W-f----.RS6.pdf\">finale 3000 m steeple F<\/a><\/strong><\/p>\n<p><strong>21h37 : <a href=\"https:\/\/media.aws.iaaf.org\/competitiondocuments\/pdf\/7138987\/AT-4X4-M-f----.RS6.pdf\">finale relais 4&#215;400 m H<\/a><\/strong><\/p>\n<p><strong>21h47 : <a href=\"https:\/\/media.aws.iaaf.org\/competitiondocuments\/pdf\/7138987\/AT-4X4-W-f----.RS6.pdf\">finale relais 4&#215;400 m F<\/a><\/strong><\/p>\n<\/div><\/div><\/div>\n<p>&nbsp;<\/p>\n<h2>Les tableaux des m\u00e9daill\u00e9s<\/h2>\n<h3>Femmes<\/h3>\n<div class=\"su-table su-table-alternate\">\n<table style=\"width: 800px;border-collapse: collapse\">\n<tbody>\n<tr>\n<td style=\"text-align: center;width: 200px;vertical-align: middle\"><strong>\u00c9preuves<\/strong><\/td>\n<td style=\"text-align: center;width: 200px;vertical-align: middle;background-color: #ffffff\"><strong> \ud83e\udd47 Or<\/strong><\/td>\n<td style=\"text-align: center;width: 200px;vertical-align: middle;background-color: #ffffff\"><strong> \ud83e\udd48 Argent<\/strong><\/td>\n<td style=\"text-align: center;width: 200px;vertical-align: middle;background-color: #ffffff\"><strong> \ud83e\udd49 Bronze<\/strong><\/td>\n<\/tr>\n<tr>\n<td style=\"text-align: center;width: 200px;vertical-align: middle\"><strong>100 m<br \/>\n<span style=\"font-size: 12px\"><em><a title=\"Classement Finale 100m femmes Athl\u00e9tisme Championnats du monde 2023\" href=\"https:\/\/dicodusport.fr\/blog\/classement-finale-100m-femmes-athletisme-championnats-du-monde-2023\/\" target=\"_blank\" rel=\"noopener\">Classement<\/a> &#8211; <a title=\"Mondiaux d\u2019athl\u00e9tisme 2023 : Sha\u2019Carri Richardson en or sur le 100m avec le record des championnats\" href=\"https:\/\/dicodusport.fr\/blog\/mondiaux-dathletisme-2023-shacarri-richardson-en-or-sur-le-100m-avec-le-record-des-championnats\/\" target=\"_blank\" rel=\"noopener\">R\u00e9sum\u00e9<\/a><\/em><\/span><br \/>\n<\/strong><\/td>\n<td style=\"text-align: center;width: 200px;vertical-align: middle\">\ud83c\uddfa\ud83c\uddf8 <strong>Sha&rsquo;Carri Richardson<br \/>\n10.65 CR<\/strong><\/td>\n<td style=\"text-align: center;width: 200px;vertical-align: middle\">\ud83c\uddef\ud83c\uddf2 Shericka Jackson<br \/>\n10.72<\/td>\n<td style=\"text-align: center;width: 200px;vertical-align: middle\">\ud83c\uddef\ud83c\uddf2 Shelly-Ann Fraser-Pryce<br \/>\n10.77 <strong>SB<\/strong><\/td>\n<\/tr>\n<tr>\n<td style=\"text-align: center;width: 200px;vertical-align: middle\"><strong>200 m<br \/>\n<span style=\"font-size: 12px\"><em><a title=\"Classement Finale 200 m femmes Athl\u00e9tisme Championnats du monde 2023\" href=\"https:\/\/dicodusport.fr\/blog\/classement-finale-200-m-femmes-athletisme-championnats-du-monde-2023\/\" target=\"_blank\" rel=\"noopener\">Classement<\/a> &#8211; <a href=\"https:\/\/dicodusport.fr\/blog\/mondiaux-dathletisme-2023-shericka-jackson-sacree-sur-200-m-avec-un-chrono-canon\/\" target=\"_blank\" rel=\"noopener\">R\u00e9sum\u00e9<\/a><\/em><\/span><br \/>\n<\/strong><\/td>\n<td style=\"text-align: center;width: 200px;vertical-align: middle\">\ud83c\uddef\ud83c\uddf2 <strong>Shericka Jackson<br \/>\n21.41 CR<br \/>\n<\/strong><\/td>\n<td style=\"text-align: center;width: 200px;vertical-align: middle\">\ud83c\uddfa\ud83c\uddf8 Gabrielle Thomas<br \/>\n21.81<\/td>\n<td style=\"text-align: center;width: 200px;vertical-align: middle\">\ud83c\uddfa\ud83c\uddf8 Sha&rsquo;Carri Richardson<br \/>\n21.92 <strong>PB<\/strong><\/td>\n<\/tr>\n<tr>\n<td style=\"text-align: center;width: 200px;vertical-align: middle\"><strong>400 m<br \/>\n<span style=\"font-size: 12px\"><em><a title=\"Classement Finale 400 m femmes Athl\u00e9tisme Championnats du monde 2023\" href=\"https:\/\/dicodusport.fr\/blog\/classement-finale-400-m-femmes-athletisme-championnats-du-monde-2023\/\" target=\"_blank\" rel=\"noopener\">Classement<\/a> &#8211; <a title=\"Mondiaux d\u2019athl\u00e9tisme 2023 : Marileidy Paulino en or sur le 400 m\u00e9tres plat\" href=\"https:\/\/dicodusport.fr\/blog\/mondiaux-dathletisme-2023-marileidy-paulino-en-or-sur-le-400-metres-plat\/\" target=\"_blank\" rel=\"noopener\">R\u00e9sum\u00e9<\/a><\/em><\/span><br \/>\n<\/strong><\/td>\n<td style=\"width: 200px;text-align: center\">\ud83c\udde9\ud83c\uddf4 <strong>Marileidy Paulino<br \/>\n48.76 NR<\/strong><\/td>\n<td style=\"width: 200px;text-align: center\">\ud83c\uddf5\ud83c\uddf1 Natalia Kaczmarek<br \/>\n49.57<\/td>\n<td style=\"width: 200px;text-align: center\">\ud83c\udde7\ud83c\udde7 Sada Williams<br \/>\n49.60<\/td>\n<\/tr>\n<tr>\n<td style=\"text-align: center;width: 200px;vertical-align: middle\"><strong>800 m<br \/>\n<span style=\"font-size: 12px\"><em><a title=\"Classement Finale 800m femmes Championnats du monde Athl\u00e9tisme 2023\" href=\"https:\/\/dicodusport.fr\/blog\/classement-finale-800m-femmes-championnats-du-monde-athletisme-2023\/\" target=\"_blank\" rel=\"noopener\">Classement<\/a> &#8211; <a title=\"Mondiaux d\u2019athl\u00e9tisme 2023 : Mary Moraa championne du monde du 800 m\" href=\"https:\/\/dicodusport.fr\/blog\/mondiaux-dathletisme-2023-mary-moraa-championne-du-monde-du-800-m\/\" target=\"_blank\" rel=\"noopener\">R\u00e9sum\u00e9<\/a><\/em><\/span><br \/>\n<\/strong><\/td>\n<td style=\"text-align: center;width: 200px;vertical-align: middle\">\ud83c\uddf0\ud83c\uddea <strong>Mary Moraa<br \/>\n1:56.03 PB<\/strong><\/td>\n<td style=\"text-align: center;width: 200px;vertical-align: middle\">\ud83c\uddec\ud83c\udde7 Keely Hodgkinson<br \/>\n1:56.34<\/td>\n<td style=\"text-align: center;width: 200px;vertical-align: middle\">\ud83c\uddfa\ud83c\uddf8 Athing Mu<br \/>\n1:56.61 <strong>SB<\/strong><\/td>\n<\/tr>\n<tr>\n<td style=\"text-align: center;width: 200px;vertical-align: middle\"><strong>1500 m<br \/>\n<span style=\"font-size: 12px\"><em><a title=\"Classement Finale 1500 m femmes Athl\u00e9tisme Championnats du monde 2023\" href=\"https:\/\/dicodusport.fr\/blog\/classement-finale-1500-m-femmes-athletisme-championnats-du-monde-2023\/\" target=\"_blank\" rel=\"noopener\">Classement<\/a> &#8211; <a title=\"Mondiaux d\u2019athl\u00e9tisme 2023 : Troisi\u00e8me titre mondial pour Faith Kipyegon sur 1500 m !\" href=\"https:\/\/dicodusport.fr\/blog\/mondiaux-dathletisme-2023-troisieme-titre-mondial-pour-faith-kipyegon-sur-1500-m\/\" target=\"_blank\" rel=\"noopener\">R\u00e9sum\u00e9<\/a><\/em><\/span><br \/>\n<\/strong><\/td>\n<td style=\"text-align: center;width: 200px;vertical-align: middle\">\ud83c\uddf0\ud83c\uddea <strong>Faith Kipyegon<br \/>\n3:54.87<\/strong><\/td>\n<td style=\"text-align: center;width: 200px;vertical-align: middle\">\ud83c\uddea\ud83c\uddf9 Diribe Welteji<br \/>\n3:55.69<\/td>\n<td style=\"text-align: center;width: 200px;vertical-align: middle\">\ud83c\uddf3\ud83c\uddf1 Sifan Hassan<br \/>\n3:56.00<\/td>\n<\/tr>\n<tr>\n<td style=\"text-align: center;width: 200px;vertical-align: middle\"><strong>5000 m<br \/>\n<span style=\"font-size: 12px\"><em><a title=\"Classement Finale 5000 m femmes Championnats du monde Athl\u00e9tisme 2023\" href=\"https:\/\/dicodusport.fr\/blog\/classement-finale-5000-m-femmes-championnats-du-monde-athletisme-2023\/\" target=\"_blank\" rel=\"noopener\">Classement<\/a> &#8211; <a title=\"Mondiaux d\u2019athl\u00e9tisme 2023 : Faith Kipyegon championne du monde du 5000 m\u00e8tres\" href=\"https:\/\/dicodusport.fr\/blog\/mondiaux-dathletisme-2023-faith-kypyegon-championne-du-monde-du-5000-metres\/\" target=\"_blank\" rel=\"noopener\">R\u00e9sum\u00e9<\/a><\/em><\/span><br \/>\n<\/strong><\/td>\n<td style=\"text-align: center;width: 200px;vertical-align: middle\">\ud83c\uddf0\ud83c\uddea <strong>Faith Kipyegon<br \/>\n14:53.88<\/strong><\/td>\n<td style=\"text-align: center;width: 200px;vertical-align: middle\">\ud83c\uddf3\ud83c\uddf1 Sifan Hassan<br \/>\n14:54.11<\/td>\n<td style=\"text-align: center;width: 200px;vertical-align: middle\">\ud83c\uddf0\ud83c\uddea Beatrice Chebet<br \/>\n14:54.33<\/td>\n<\/tr>\n<tr>\n<td style=\"text-align: center;width: 200px;vertical-align: middle\"><strong>10000 m<br \/>\n<a title=\"Classement 10 000 m femmes Championnats du monde Athl\u00e9tisme 2023\" href=\"https:\/\/dicodusport.fr\/blog\/classement-10-000-m-femmes-championnats-du-monde-athletisme-2023\/\" target=\"_blank\" rel=\"noopener\"><span style=\"font-size: 12px\"><em>Classement<\/em><\/span><\/a><br \/>\n<\/strong><\/td>\n<td style=\"text-align: center;width: 200px;vertical-align: middle\">\ud83c\uddea\ud83c\uddf9 <strong>Gudaf Tsegay<br \/>\n31:27.18<\/strong><\/td>\n<td style=\"text-align: center;width: 200px;vertical-align: middle\">\ud83c\uddea\ud83c\uddf9 Letesenbet Gidey<br \/>\n31:28.16<strong> SB<\/strong><\/td>\n<td style=\"text-align: center;width: 200px;vertical-align: middle\">\ud83c\uddea\ud83c\uddf9 Ejgayehu Taye<br \/>\n31:28.31<\/td>\n<\/tr>\n<tr>\n<td style=\"text-align: center;width: 200px;vertical-align: middle\"><strong>20 km marche<br \/>\n<span style=\"font-size: 12px\"><em><a title=\"Classement 20 km marche femmes Athl\u00e9tisme Championnats du monde 2023\" href=\"https:\/\/dicodusport.fr\/blog\/classement-20-km-marche-femmes-athletisme-championnats-du-monde-2023\/\" target=\"_blank\" rel=\"noopener\">Classement<\/a> &#8211; <a title=\"Mondiaux d\u2019athl\u00e9tisme 2023 : Maria Perez sacr\u00e9e, deux Fran\u00e7aises dans le top 20\" href=\"https:\/\/dicodusport.fr\/blog\/mondiaux-dathletisme-2023-maria-perez-sacree-deux-francaises-dans-le-top-20\/\" target=\"_blank\" rel=\"noopener\">R\u00e9sum\u00e9<\/a><\/em><\/span><br \/>\n<\/strong><\/td>\n<td style=\"text-align: center;width: 200px;vertical-align: middle\">\ud83c\uddea\ud83c\uddf8 <strong>Maria Perez<br \/>\n1h26:51<\/strong><\/td>\n<td style=\"text-align: center;width: 200px;vertical-align: middle\">\ud83c\udde6\ud83c\uddfa Jemima Montag<br \/>\n1h27:16 <strong>AR<\/strong><\/td>\n<td style=\"text-align: center;width: 200px;vertical-align: middle\">\ud83c\uddee\ud83c\uddf9 Antonella Palmisano<br \/>\n1:27:26 <strong>SB<\/strong><\/td>\n<\/tr>\n<tr>\n<td style=\"text-align: center;width: 200px;vertical-align: middle\"><strong>35 km marche<br \/>\n<span style=\"font-size: 12px\"><em><a href=\"https:\/\/dicodusport.fr\/blog\/classement-35-km-marche-athletisme-championnats-du-monde-2023\/#femmes\">Classement<\/a> &#8211; <a href=\"https:\/\/dicodusport.fr\/blog\/mondiaux-dathletisme-2023-maria-perez-ecrase-le-35-kilometre-marche\/\" target=\"_blank\" rel=\"noopener\">R\u00e9sum\u00e9<\/a><\/em><\/span><br \/>\n<\/strong><\/td>\n<td style=\"text-align: center;width: 200px;vertical-align: middle\">\ud83c\uddea\ud83c\uddf8 <strong>Maria Perez<br \/>\n2h38:40 CR<\/strong><\/td>\n<td style=\"text-align: center;width: 200px;vertical-align: middle\">\ud83c\uddf5\ud83c\uddea Kimberly Garcia Leon<br \/>\n2h40:52<\/td>\n<td style=\"text-align: center;width: 200px;vertical-align: middle\">\ud83c\uddec\ud83c\uddf7 Antigoni Ntrismpioti<br \/>\n2h43:22 <strong>SB<\/strong><\/td>\n<\/tr>\n<tr>\n<td style=\"text-align: center;width: 200px;vertical-align: middle\"><strong>Marathon<br \/>\n<span style=\"font-size: 12px\"><em><a title=\"Classement Marathon femmes Athl\u00e9tisme Championnats du monde 2023\" href=\"https:\/\/dicodusport.fr\/blog\/classement-marathon-femmes-athletisme-championnats-du-monde-2023\/\" target=\"_blank\" rel=\"noopener\">Classement<\/a> &#8211; <a title=\"Mondiaux d\u2019athl\u00e9tisme 2023 : Amane Shankule domine le marathon femmes\" href=\"https:\/\/dicodusport.fr\/blog\/mondiaux-dathletisme-2023-amane-shankule-domine-le-marathon-femmes\/\" target=\"_blank\" rel=\"noopener\">R\u00e9sum\u00e9<\/a><\/em><\/span><br \/>\n<\/strong><\/td>\n<td style=\"text-align: center;width: 200px;vertical-align: middle\">\ud83c\uddea\ud83c\uddf9 <strong>Amane Beriso Shankule<br \/>\n2:24.33 SB<\/strong><\/td>\n<td style=\"text-align: center;width: 200px;vertical-align: middle\">\ud83c\uddea\ud83c\uddf9 Gotytom Gebreslase<br \/>\n2:24.34 <strong>SB<\/strong><\/td>\n<td style=\"text-align: center;width: 200px;vertical-align: middle\">\ud83c\uddf2\ud83c\udde6 Fatima Ezzahra Gardadi<br \/>\n2:25.17<\/td>\n<\/tr>\n<tr>\n<td style=\"text-align: center;width: 200px;vertical-align: middle\"><strong>100 m haies<br \/>\n<em><span style=\"font-size: 12px\"><a href=\"https:\/\/dicodusport.fr\/blog\/classement-finale-100-m-haies-athletisme-championnats-du-monde-2023\/\" target=\"_blank\" rel=\"noopener\">Classement<\/a> &#8211; <a title=\"Mondiaux d\u2019athl\u00e9tisme 2023 : La Jama\u00efcaine Danielle Williams titr\u00e9e sur le 100 m haies\" href=\"https:\/\/dicodusport.fr\/blog\/mondiaux-dathletisme-2023-la-jamaicaine-danielle-williams-titree-sur-le-100-m-haies\/\" target=\"_blank\" rel=\"noopener\">R\u00e9sum\u00e9<\/a><\/span><\/em><br \/>\n<\/strong><\/td>\n<td style=\"text-align: center;width: 200px;vertical-align: middle\">\ud83c\uddef\ud83c\uddf2 <strong>Danielle Williams<br \/>\n12.43 SB<\/strong><\/td>\n<td style=\"text-align: center;width: 200px;vertical-align: middle\">\ud83c\uddf5\ud83c\uddf7 Jasmine Camacho-Quinn<br \/>\n12.44<\/td>\n<td style=\"text-align: center;width: 200px;vertical-align: middle\">\ud83c\uddfa\ud83c\uddf8 Kendra Harrison<br \/>\n12.46<\/td>\n<\/tr>\n<tr>\n<td style=\"text-align: center;width: 200px;vertical-align: middle\"><strong>400 m haies<br \/>\n<span style=\"font-size: 12px\"><em><a title=\"Classement Finale 400 m haies femmes Athl\u00e9tisme Championnats du monde 2023\" href=\"https:\/\/dicodusport.fr\/blog\/classement-finale-400-m-haies-femmes-athletisme-championnats-du-monde-2023\/\" target=\"_blank\" rel=\"noopener\">Classement<\/a> &#8211; <a title=\"Mondiaux d\u2019athl\u00e9tisme 2023 : Premier titre mondial sur 400m haies pour Femke Bol\" href=\"https:\/\/dicodusport.fr\/blog\/mondiaux-dathletisme-2023-premier-titre-mondial-sur-400m-haies-pour-femke-bol\/\" target=\"_blank\" rel=\"noopener\">R\u00e9sum\u00e9<\/a><\/em><\/span><br \/>\n<\/strong><\/td>\n<td style=\"width: 200px;text-align: center\">\ud83c\uddf3\ud83c\uddf1 <strong>Femke Bol<br \/>\n51.70<\/strong><\/td>\n<td style=\"width: 200px;text-align: center\">\ud83c\uddfa\ud83c\uddf8 Shamier Little<br \/>\n52.80 <strong>SB<\/strong><\/td>\n<td style=\"width: 200px;text-align: center\">\ud83c\uddef\ud83c\uddf2 Rushell Clayton<br \/>\n52.81 <strong>PB<\/strong><\/td>\n<\/tr>\n<tr>\n<td style=\"text-align: center;width: 200px;vertical-align: middle\"><strong>3000 m steeple<br \/>\n<span style=\"font-size: 12px\"><em><a title=\"Classement Finale 3000m steeple femmes Championnats du monde Athl\u00e9tisme 2023\" href=\"https:\/\/dicodusport.fr\/blog\/classement-finale-3000m-steeple-femmes-championnats-du-monde-athletisme-2023\/\" target=\"_blank\" rel=\"noopener\">Classement<\/a> &#8211; <a title=\"Mondiaux d\u2019athl\u00e9tisme 2023 : Winfred Yavi sacr\u00e9e sur 3000 m steeple, Finot 5e avec le record de France\" href=\"https:\/\/dicodusport.fr\/blog\/mondiaux-dathletisme-2023-winfred-yavi-sacree-sur-3000-m-steeple-finot-5e-avec-le-record-de-france\/\" target=\"_blank\" rel=\"noopener\">R\u00e9sum\u00e9<\/a><\/em><\/span><br \/>\n<\/strong><\/td>\n<td style=\"text-align: center;width: 200px;vertical-align: middle\">\ud83c\udde7\ud83c\udded <strong>Winfred Mutile Yavi<br \/>\n8:54.29 WL<\/strong><\/td>\n<td style=\"text-align: center;width: 200px;vertical-align: middle\">\ud83c\uddf0\ud83c\uddea Beatrice Chepkoech<br \/>\n8:58.98 <strong>SB<\/strong><\/td>\n<td style=\"text-align: center;width: 200px;vertical-align: middle\">\ud83c\uddf0\ud83c\uddea Faith Cherotich<br \/>\n9:00.69 <strong>PB<\/strong><\/td>\n<\/tr>\n<tr>\n<td style=\"text-align: center;width: 200px;vertical-align: middle\"><strong>Relais 4&#215;100 m<br \/>\n<span style=\"font-size: 12px\"><em><a title=\"Classement Finale 4\u00d7100 m femmes Championnats du monde Athl\u00e9tisme 2023\" href=\"https:\/\/dicodusport.fr\/blog\/classement-finale-4x100-m-femmes-championnats-du-monde-athletisme-2023\/\" target=\"_blank\" rel=\"noopener\">Classement<\/a> &#8211; <a title=\"Mondiaux d\u2019athl\u00e9tisme 2023 : Les USA sacr\u00e9s sur le 4\u00d7100 m f\u00e9minin\" href=\"https:\/\/dicodusport.fr\/blog\/mondiaux-dathletisme-2023-les-usa-sacres-sur-le-4x100-m-feminin\/\" target=\"_blank\" rel=\"noopener\">R\u00e9sum\u00e9<\/a><\/em><\/span><br \/>\n<\/strong><\/td>\n<td style=\"text-align: center;width: 200px;vertical-align: middle\">\ud83c\uddfa\ud83c\uddf8 <strong>\u00c9tats-Unis<br \/>\n41.03 CR<\/strong><\/td>\n<td style=\"text-align: center;width: 200px;vertical-align: middle\">\ud83c\uddef\ud83c\uddf2 Jama\u00efque<br \/>\n41.21 <strong>SB<\/strong><\/td>\n<td style=\"text-align: center;width: 200px;vertical-align: middle\">\ud83c\uddec\ud83c\udde7 Grande-Bretagne<br \/>\n41.97 <strong>SB<\/strong><\/td>\n<\/tr>\n<tr>\n<td style=\"text-align: center;width: 200px;vertical-align: middle\"><strong>Relais 4&#215;400 m<br \/>\n<span style=\"font-size: 12px\"><em><a title=\"Classement Finale 4\u00d7400 m femmes Championnats du monde Athl\u00e9tisme 2023\" href=\"https:\/\/dicodusport.fr\/blog\/classement-finale-4x400-m-femmes-championnats-du-monde-athletisme-2023\/\" target=\"_blank\" rel=\"noopener\">Classement<\/a> &#8211; <a href=\"https:\/\/dicodusport.fr\/blog\/mondiaux-dathletisme-2023-les-pays-bas-de-femke-bol-en-or-sur-le-4x400m-femmes\/\" target=\"_blank\" rel=\"noopener\">R\u00e9sum\u00e9<\/a><\/em><\/span><br \/>\n<\/strong><\/td>\n<td style=\"text-align: center;width: 200px;vertical-align: middle\">\ud83c\uddf3\ud83c\uddf1 <strong>Pays-Bas<br \/>\n3:20.72 WL<\/strong><\/td>\n<td style=\"text-align: center;width: 200px;vertical-align: middle\">\ud83c\uddef\ud83c\uddf2 Jama\u00efque<br \/>\n3:200.88 <strong>SB<\/strong><\/td>\n<td style=\"text-align: center;width: 200px;vertical-align: middle\">\ud83c\uddec\ud83c\udde7 Grande-Bretagne<br \/>\n3:21.04 <strong>SB<\/strong><\/td>\n<\/tr>\n<tr>\n<td style=\"text-align: center;width: 200px;vertical-align: middle\"><strong>Saut en hauteur<br \/>\n<span style=\"font-size: 12px\"><em><a title=\"Classement Finale Saut en hauteur femmes Athl\u00e9tisme Championnats du monde 2023\" href=\"https:\/\/dicodusport.fr\/blog\/classement-finale-saut-en-hauteur-femmes-athletisme-championnats-du-monde-2023\/\" target=\"_blank\" rel=\"noopener\">Classement<\/a> &#8211; <a title=\"Mondiaux d\u2019athl\u00e9tisme 2023 : Premier titre mondial pour Yaroslava Mahuchikh \u00e0 la hauteur\" href=\"https:\/\/dicodusport.fr\/blog\/mondiaux-dathletisme-2023-premier-titre-mondial-pour-yaroslava-mahuchikh-a-la-hauteur\/\" target=\"_blank\" rel=\"noopener\">R\u00e9sum\u00e9<\/a><\/em><\/span><br \/>\n<\/strong><\/td>\n<td style=\"text-align: center;width: 200px;vertical-align: middle\">\ud83c\uddfa\ud83c\udde6 <strong>Yaroslava Mahuchikh<\/strong><br \/>\n<strong>2.01 m<\/strong><\/td>\n<td style=\"text-align: center;width: 200px;vertical-align: middle\">\ud83c\udde6\ud83c\uddfa Eleanor Patterson<br \/>\n1.99 m <strong>SB<\/strong><\/td>\n<td style=\"text-align: center;width: 200px;vertical-align: middle\">\ud83c\udde6\ud83c\uddfa Nicola Olyslagers<br \/>\n1.99 m<\/td>\n<\/tr>\n<tr>\n<td style=\"text-align: center;width: 200px;vertical-align: middle\"><strong>Saut \u00e0 la perche<br \/>\n<span style=\"font-size: 12px\"><em><a title=\"Classement Finale Saut \u00e0 la perche femmes Athl\u00e9tisme Championnats du monde 2023\" href=\"https:\/\/dicodusport.fr\/blog\/classement-finale-saut-a-la-perche-femmes-athletisme-championnats-du-monde-2023\/\" target=\"_blank\" rel=\"noopener\">Classement<\/a> &#8211; <a title=\"Mondiaux d\u2019athl\u00e9tisme 2023 : Katie Moon et Nina Kennedy se partagent l\u2019or \u00e0 la perche\" href=\"https:\/\/dicodusport.fr\/blog\/mondiaux-dathletisme-2023-katie-moon-et-nina-kennedy-se-partagent-lor-a-la-perche\/\" target=\"_blank\" rel=\"noopener\">R\u00e9sum\u00e9<\/a><\/em><\/span><br \/>\n<\/strong><\/td>\n<td style=\"text-align: center;width: 200px;vertical-align: middle\">\ud83c\udde6\ud83c\uddfa <strong>Nina Kennedy<\/strong><br \/>\n\ud83c\uddfa\ud83c\uddf8 <strong>Katie Moon<br \/>\n4.90 m =WL<\/strong><\/td>\n<td style=\"text-align: center;width: 200px;vertical-align: middle\">&#8211;<\/td>\n<td style=\"text-align: center;width: 200px;vertical-align: middle\">\ud83c\uddeb\ud83c\uddee Wilma Murto<br \/>\n4.80 m <strong>=SB<\/strong><\/td>\n<\/tr>\n<tr>\n<td style=\"text-align: center;width: 200px;vertical-align: middle\"><strong>Saut en longueur<br \/>\n<span style=\"font-size: 12px\"><em><a title=\"Classement Saut en Longueur femmes Athl\u00e9tisme Championnats du monde 2023\" href=\"https:\/\/dicodusport.fr\/blog\/classement-saut-en-longueur-femmes-athletisme-championnats-du-monde-2023\/\" target=\"_blank\" rel=\"noopener\">Classement<\/a> &#8211; <a title=\"Mondiaux d\u2019athl\u00e9tisme 2023 : Ivana Vuleta championne du monde du saut en longueur\" href=\"https:\/\/dicodusport.fr\/blog\/mondiaux-dathletisme-2023-ivana-vuleta-championne-du-monde-du-saut-en-longueur\/\" target=\"_blank\" rel=\"noopener\">R\u00e9sum\u00e9<\/a><\/em><\/span><br \/>\n<\/strong><\/td>\n<td style=\"text-align: center;width: 200px;vertical-align: middle\">\ud83c\uddf7\ud83c\uddf8 <strong>Ivana Vuleta<\/strong><br \/>\n<strong>7.14 m<\/strong> <strong>WL<\/strong><\/td>\n<td style=\"text-align: center;width: 200px;vertical-align: middle\">\ud83c\uddfa\ud83c\uddf8 Tara Davis-Woodhall<br \/>\n6.91 m<\/td>\n<td style=\"text-align: center;width: 200px;vertical-align: middle\">\ud83c\uddf7\ud83c\uddf4 Alina Rotaru-Kottmann<br \/>\n6.88 m<\/td>\n<\/tr>\n<tr>\n<td style=\"text-align: center;width: 200px;vertical-align: middle\"><strong>Triple saut<br \/>\n<span style=\"font-size: 12px\"><em><a href=\"https:\/\/dicodusport.fr\/blog\/classement-finale-triple-saut-femmes-athletisme-championnats-du-monde-2023\/\" target=\"_blank\" rel=\"noopener\">Classement<\/a> &#8211; <a href=\"https:\/\/dicodusport.fr\/blog\/mondiaux-dathletisme-2023-yulimar-rojas-conserve-son-titre-au-triple-saut\/\" target=\"_blank\" rel=\"noopener\">R\u00e9sum\u00e9<\/a><\/em><\/span><br \/>\n<\/strong><\/td>\n<td style=\"text-align: center;width: 200px;vertical-align: middle\">\ud83c\uddfb\ud83c\uddea <strong>Yulimar Rojas<br \/>\n15.08 m<\/strong><\/td>\n<td style=\"text-align: center;width: 200px;vertical-align: middle\">\ud83c\uddfa\ud83c\udde6 Maryna Bekh-Romanchuk<br \/>\n15.00 m <strong>SB<\/strong><\/td>\n<td style=\"text-align: center;width: 200px;vertical-align: middle\">\ud83c\udde8\ud83c\uddfa Leyanis Perez Hernandez<br \/>\n14.96 m<\/td>\n<\/tr>\n<tr>\n<td style=\"text-align: center;width: 200px;vertical-align: middle\"><strong>Lancer du poids<br \/>\n<span style=\"font-size: 12px\"><em><a href=\"https:\/\/dicodusport.fr\/blog\/classement-finale-lancer-du-poids-femmes-championnats-du-monde-athletisme-2023\/\" target=\"_blank\" rel=\"noopener\">Classement<\/a> &#8211; <a title=\"Mondiaux d\u2019athl\u00e9tisme 2023 : Chase Ealey sacr\u00e9e au lancer de poids\" href=\"https:\/\/dicodusport.fr\/blog\/mondiaux-dathletisme-2023-chase-ealey-sacree-au-lancer-de-poids\/\" target=\"_blank\" rel=\"noopener\">R\u00e9sum\u00e9<\/a><\/em><\/span><br \/>\n<\/strong><\/td>\n<td style=\"text-align: center;width: 200px;vertical-align: middle\">\ud83c\uddfa\ud83c\uddf8 <strong>Chase Ealey<br \/>\n20.43 m SB<\/strong><\/td>\n<td style=\"text-align: center;width: 200px;vertical-align: middle\">\ud83c\udde8\ud83c\udde6 Sarah Mitton<br \/>\n20.08 m <strong>SB<\/strong><\/td>\n<td style=\"text-align: center;width: 200px;vertical-align: middle\">\ud83c\udde8\ud83c\uddf3 Lijiao Gong<br \/>\n19.69 m<\/td>\n<\/tr>\n<tr>\n<td style=\"text-align: center;width: 200px;vertical-align: middle\"><strong>Lancer du javelot<br \/>\n<span style=\"font-size: 12px\"><em><a title=\"Classement Finale Lancer du javelot femmes Athl\u00e9tisme Championnats du monde 2023\" href=\"https:\/\/dicodusport.fr\/blog\/classement-finale-lancer-du-javelot-femmes-athletisme-championnats-du-monde-2023\/\" target=\"_blank\" rel=\"noopener\">Classement<\/a> &#8211; <a href=\"https:\/\/dicodusport.fr\/blog\/mondiaux-dathletisme-2023-haruka-kitaguchi-sacree-au-bout-du-suspense-au-javelot\/\">R\u00e9sum\u00e9<\/a><\/em><\/span><br \/>\n<\/strong><\/td>\n<td style=\"text-align: center;width: 200px;vertical-align: middle\">\ud83c\uddef\ud83c\uddf5 <strong>Haruka Kitaguchi<\/strong><br \/>\n<strong>66.73 m<\/strong><\/td>\n<td style=\"text-align: center;width: 200px;vertical-align: middle\">\ud83c\udde8\ud83c\uddf4 Flor Denis Ruiz Hurtado<br \/>\n65.47 m<strong> AR<\/strong><\/td>\n<td style=\"text-align: center;width: 200px;vertical-align: middle\">\ud83c\udde6\ud83c\uddfa Mackenzie Little<br \/>\n63.38 m<\/td>\n<\/tr>\n<tr>\n<td style=\"text-align: center;width: 200px;vertical-align: middle\"><strong>Lancer du disque<br \/>\n<span style=\"font-size: 12px\"><em><a title=\"Classement Finale Lancer du disque femmes Athl\u00e9tisme Championnats du monde 2023\" href=\"https:\/\/dicodusport.fr\/blog\/classement-finale-lancer-du-disque-femmes-athletisme-championnats-du-monde-2023\/\" target=\"_blank\" rel=\"noopener\">Classement<\/a> &#8211; <a title=\"Mondiaux d\u2019athl\u00e9tisme 2023 : La sensation Laulaga Tausaga au disque, M\u00e9lina Robert-Michon 9e\" href=\"https:\/\/dicodusport.fr\/blog\/mondiaux-dathletisme-2023-melina-robert-michon-9e-du-disque-laulaga-tausaga-cree-limmense-surprise\/\" target=\"_blank\" rel=\"noopener\">R\u00e9sum\u00e9<\/a><\/em><\/span><br \/>\n<\/strong><\/td>\n<td style=\"text-align: center;width: 200px;vertical-align: middle\">\ud83c\uddfa\ud83c\uddf8 <strong>Laulaga Tausaga<br \/>\n69.49 m PB<\/strong><\/td>\n<td style=\"text-align: center;width: 200px;vertical-align: middle\">\ud83c\uddfa\ud83c\uddf8 Valarie Allman<br \/>\n69.23 m<\/td>\n<td style=\"text-align: center;width: 200px;vertical-align: middle\">\ud83c\udde8\ud83c\uddf3 Bin Feng<br \/>\n68.20 m <strong>SB<\/strong><\/td>\n<\/tr>\n<tr>\n<td style=\"text-align: center;width: 200px;vertical-align: middle\"><strong>Lancer du marteau<br \/>\n<span style=\"font-size: 12px\"><em><a href=\"https:\/\/dicodusport.fr\/blog\/classement-finale-lancer-du-marteau-femmes-athletisme-championnats-du-monde-2023\/\" target=\"_blank\" rel=\"noopener\">Classement<\/a> &#8211; <a title=\"Mondiaux d\u2019athl\u00e9tisme 2023 : Camryn Rogers remporte l\u2019or au marteau\" href=\"https:\/\/dicodusport.fr\/blog\/mondiaux-dathletisme-2023-camryn-rogers-remporte-lor-au-marteau\/\" target=\"_blank\" rel=\"noopener\">R\u00e9sum\u00e9<\/a><\/em><\/span><br \/>\n<\/strong><\/td>\n<td style=\"text-align: center;width: 200px;vertical-align: middle\">\ud83c\udde8\ud83c\udde6 <strong>Camryn Rogers<br \/>\n77.22 m<\/strong><\/td>\n<td style=\"text-align: center;width: 200px;vertical-align: middle\">\ud83c\uddfa\ud83c\uddf8 Janee&rsquo;Kassanavoid<br \/>\n76.36 m<\/td>\n<td style=\"text-align: center;width: 200px;vertical-align: middle\">\ud83c\uddfa\ud83c\uddf8 DeAnna Price<br \/>\n75.41 m<\/td>\n<\/tr>\n<tr>\n<td style=\"text-align: center;width: 200px;vertical-align: middle\"><strong>Heptathlon<br \/>\n<span style=\"font-size: 12px\"><em><a title=\"Classement Heptathlon Athl\u00e9tisme Championnats du monde 2023\" href=\"https:\/\/dicodusport.fr\/blog\/classement-heptathlon-athletisme-championnats-du-monde-2023\/\" target=\"_blank\" rel=\"noopener\">Classement<\/a> &#8211; <a title=\"Heptathlon Mondiaux d\u2019athl\u00e9tisme 2023 : Katarina Johnson-Thompson de retour au sommet !\" href=\"https:\/\/dicodusport.fr\/blog\/heptathlon-mondiaux-dathletisme-2023-katarina-johnson-thompson-de-retour-au-sommet\/\" target=\"_blank\" rel=\"noopener\">R\u00e9sum\u00e9<\/a><\/em><\/span><br \/>\n<\/strong><\/td>\n<td style=\"text-align: center;width: 200px;vertical-align: middle\">\ud83c\uddec\ud83c\udde7 <strong>Katarina Johnson-Thompson<br \/>\n6740 pts SB<\/strong><\/td>\n<td style=\"text-align: center;width: 200px;vertical-align: middle\">\ud83c\uddfa\ud83c\uddf8 Anna Hall<br \/>\n6720 pts<\/td>\n<td style=\"text-align: center;width: 200px;vertical-align: middle\">\ud83c\uddf3\ud83c\uddf1 Anouk Vetter<br \/>\n6501 pts <strong>SB<\/strong><\/td>\n<\/tr>\n<\/tbody>\n<\/table>\n<\/div>\n<p><span style=\"font-size: 14px;\"><em>WL : Meilleure performance mondiale de la saison<br \/>\nCR : Record des championnats<br \/>\nPB : Record personnel<br \/>\nSB : Meilleure performance personnelle de la saison<br \/>\nAR : Record de la r\u00e9gion<br \/>\nNR : Record national<br \/>\n<\/em><\/span><\/p>\n<p>&nbsp;<\/p>\n<h3 style=\"text-align: justify;\">Hommes<\/h3>\n<div class=\"su-table su-table-alternate\">\n<table style=\"width: 800px;border-collapse: collapse\">\n<tbody>\n<tr>\n<td style=\"text-align: center;width: 200px;vertical-align: middle\"><strong>\u00c9preuves<\/strong><\/td>\n<td style=\"text-align: center;width: 200px;vertical-align: middle;background-color: #ffffff\"><strong> \ud83e\udd47 Or<\/strong><\/td>\n<td style=\"text-align: center;width: 200px;vertical-align: middle;background-color: #ffffff\"><strong> \ud83e\udd48 Argent<\/strong><\/td>\n<td style=\"text-align: center;width: 200px;vertical-align: middle;background-color: #ffffff\"><strong> \ud83e\udd49 Bronze<\/strong><\/td>\n<\/tr>\n<tr>\n<td style=\"text-align: center;width: 200px;vertical-align: middle\"><strong>100 m<br \/>\n<span style=\"font-size: 12px\"><em><a title=\"Classement Finale 100 m hommes Championnats du monde Athl\u00e9tisme 2023\" href=\"https:\/\/dicodusport.fr\/blog\/classement-finale-100-m-hommes-championnats-du-monde-athletisme-2023\/\" target=\"_blank\" rel=\"noopener\">Classement<\/a> &#8211; <a title=\"Mondiaux d\u2019athl\u00e9tisme 2023 : Noah Lyles sacr\u00e9 champion du monde du 100 m\" href=\"https:\/\/dicodusport.fr\/blog\/mondiaux-dathletisme-2023-noah-lyles-sacre-champion-du-monde-du-100-m\/\" target=\"_blank\" rel=\"noopener\">R\u00e9sum\u00e9<\/a><\/em><\/span><br \/>\n<\/strong><\/td>\n<td style=\"text-align: center;width: 200px;vertical-align: middle\">\ud83c\uddfa\ud83c\uddf8 <strong>Noah Lyles<br \/>\n9.83 =WL<\/strong><\/td>\n<td style=\"text-align: center;width: 200px;vertical-align: middle\">\ud83c\udde7\ud83c\uddfc Letsile Tebogo<br \/>\n9.88 <strong>NR<\/strong><\/td>\n<td style=\"text-align: center;width: 200px;vertical-align: middle\">\ud83c\uddec\ud83c\udde7 Zharnel Hughes<br \/>\n9.88<\/td>\n<\/tr>\n<tr>\n<td style=\"text-align: center;width: 200px;vertical-align: middle\"><strong>200 m<br \/>\n<span style=\"font-size: 12px\"><em><a href=\"https:\/\/dicodusport.fr\/blog\/classement-finale-200-m-hommes-athletisme-championnats-du-monde-2023\/\" target=\"_blank\" rel=\"noopener\">Classement<\/a> &#8211; <a title=\"Mondiaux d\u2019athl\u00e9tisme 2023 : Noah Lyles r\u00e9alise le doubl\u00e9 avec le titre sur le 200 m\" href=\"https:\/\/dicodusport.fr\/blog\/mondiaux-dathletisme-2023-noah-lyles-realise-le-double-avec-le-titre-sur-le-200-m\/\" target=\"_blank\" rel=\"noopener\">R\u00e9sum\u00e9<\/a><\/em><\/span><br \/>\n<\/strong><\/td>\n<td style=\"text-align: center;width: 200px;vertical-align: middle\">\ud83c\uddfa\ud83c\uddf8 <strong>Noah Lyles<br \/>\n19.52<\/strong><\/td>\n<td style=\"text-align: center;width: 200px;vertical-align: middle\">\ud83c\uddfa\ud83c\uddf8 Erriyon Knighton<br \/>\n19.75<\/td>\n<td style=\"text-align: center;width: 200px;vertical-align: middle\">\ud83c\udde7\ud83c\uddfc Letsile Tebogo<br \/>\n19.81<\/td>\n<\/tr>\n<tr>\n<td style=\"text-align: center;width: 200px;vertical-align: middle\"><strong>400 m<br \/>\n<span style=\"font-size: 12px\"><em><a title=\"Classement Finale 400 m hommes Athl\u00e9tisme Championnats du monde 2023\" href=\"https:\/\/dicodusport.fr\/blog\/classement-finale-400-m-hommes-athletisme-championnats-du-monde-2023\/\" target=\"_blank\" rel=\"noopener\">Classement<\/a> &#8211; <a title=\"Mondiaux d\u2019athl\u00e9tisme 2023 : Le Jama\u00efcain Antonio Watson champion du monde du 400m\" href=\"https:\/\/dicodusport.fr\/blog\/mondiaux-dathletisme-2023-le-jamaicain-antonio-watson-champion-du-monde-du-400m\/\" target=\"_blank\" rel=\"noopener\">R\u00e9sum\u00e9<\/a><\/em><\/span><br \/>\n<\/strong><\/td>\n<td style=\"text-align: center;width: 200px;vertical-align: middle\">\ud83c\uddef\ud83c\uddf2 <strong>Antonio Watson<br \/>\n44.22<\/strong><\/td>\n<td style=\"text-align: center;width: 200px;vertical-align: middle\">\ud83c\uddec\ud83c\udde7 Matthew Hudson-Smith<br \/>\n44.31<\/td>\n<td style=\"text-align: center;width: 200px;vertical-align: middle\">\ud83c\uddfa\ud83c\uddf8 Quincy Hall<br \/>\n44.37 <strong>PB<\/strong><\/td>\n<\/tr>\n<tr>\n<td style=\"text-align: center;width: 200px;vertical-align: middle\"><strong>800 m<br \/>\n<span style=\"font-size: 12px\"><em><a title=\"Classement Finale 800 m hommes Championnats du monde Athl\u00e9tisme 2023\" href=\"https:\/\/dicodusport.fr\/blog\/classement-finale-800-m-hommes-championnats-du-monde-athletisme-2023\/\" target=\"_blank\" rel=\"noopener\">Classement<\/a> &#8211; <a title=\"Mondiaux d\u2019athl\u00e9tisme 2023 : Marco Arop champion du monde du 800 m\" href=\"https:\/\/dicodusport.fr\/blog\/mondiaux-dathletisme-2023-marco-arop-champion-du-monde-du-800-m\/\" target=\"_blank\" rel=\"noopener\">R\u00e9sum\u00e9<\/a><\/em><\/span><br \/>\n<\/strong><\/td>\n<td style=\"text-align: center;width: 200px;vertical-align: middle\">\ud83c\udde8\ud83c\udde6 <strong>Marco Arop<br \/>\n1:44.24<\/strong><\/td>\n<td style=\"text-align: center;width: 200px;vertical-align: middle\">\ud83c\uddf0\ud83c\uddea Emmanuel Wanyonyi<br \/>\n1:44.53<\/td>\n<td style=\"text-align: center;width: 200px;vertical-align: middle\">\ud83c\uddec\ud83c\udde7 Ben Pattison<br \/>\n1:44.83<\/td>\n<\/tr>\n<tr>\n<td style=\"text-align: center;width: 200px;vertical-align: middle\"><strong>1500 m<br \/>\n<span style=\"font-size: 12px\"><em><a title=\"Classement Finale 1500 m hommes Athl\u00e9tisme Championnats du monde 2023\" href=\"https:\/\/dicodusport.fr\/blog\/classement-finale-1500-m-hommes-athletisme-championnats-du-monde-2023\/\" target=\"_blank\" rel=\"noopener\">Classement<\/a> &#8211; <a href=\"https:\/\/dicodusport.fr\/blog\/mondiaux-dathletisme-2023-josh-kerr-surprend-jakob-ingebrigtsen-sur-le-1500-m\/\">R\u00e9sum\u00e9<\/a><\/em><\/span><br \/>\n<\/strong><\/td>\n<td style=\"text-align: center;width: 200px;vertical-align: middle\">\ud83c\uddec\ud83c\udde7 <strong>Josh Kerr<br \/>\n3:29.38 SB<\/strong><\/td>\n<td style=\"width: 200px;text-align: center;vertical-align: middle\">\ud83c\uddf3\ud83c\uddf4 Jakob Ingebrigtsen<br \/>\n3:29.65<\/td>\n<td style=\"width: 200px;text-align: center;vertical-align: middle\">\ud83c\uddf3\ud83c\uddf4 Narve Gilje Nordas<br \/>\n3:29.68<\/td>\n<\/tr>\n<tr>\n<td style=\"text-align: center;width: 200px;vertical-align: middle\"><strong> 5000 m<br \/>\n<span style=\"font-size: 12px\"><em><a title=\"Classement Finale 5000 m hommes Championnats du monde Athl\u00e9tisme 2023\" href=\"https:\/\/dicodusport.fr\/blog\/classement-finale-5000-m-hommes-championnats-du-monde-athletisme-2023\/\" target=\"_blank\" rel=\"noopener\">Classement<\/a> &#8211; <a title=\"Mondiaux d\u2019athl\u00e9tisme 2023 : Jakob Ingebrigtsen sacr\u00e9 au finish sur 5000 m\" href=\"https:\/\/dicodusport.fr\/blog\/mondiaux-dathletisme-2023-jakob-ingebrigtsen-sacre-au-finish-sur-5000-m\/\" target=\"_blank\" rel=\"noopener\">R\u00e9sum\u00e9<\/a><\/em><\/span><br \/>\n<\/strong><\/td>\n<td style=\"text-align: center;width: 200px;vertical-align: middle\">\ud83c\uddf3\ud83c\uddf4 <strong>Jakob Ingebrigtsen<br \/>\n13:11.30 SB<br \/>\n<\/strong><\/td>\n<td style=\"width: 200px;text-align: center;vertical-align: middle\">\ud83c\uddea\ud83c\uddf8 Mohamed Katir<br \/>\n13:11.44<\/td>\n<td style=\"width: 200px;text-align: center;vertical-align: middle\">\ud83c\uddf0\ud83c\uddea Jacob Krop<br \/>\n13:12.28<\/td>\n<\/tr>\n<tr>\n<td style=\"text-align: center;width: 200px;vertical-align: middle\"><strong>10000 m<br \/>\n<span style=\"font-size: 12px\"><em><a title=\"Classement 10 000 m hommes Championnats du monde Athl\u00e9tisme 2023\" href=\"https:\/\/dicodusport.fr\/blog\/classement-10-000-m-hommes-championnats-du-monde-athletisme-2023\/\" target=\"_blank\" rel=\"noopener\">Classement<\/a> &#8211; <a href=\"https:\/\/dicodusport.fr\/blog\/mondiaux-dathletisme-2023-joshua-cheptegei-sacre-sur-10-000-m-yann-schrub-9e\/\">R\u00e9sum\u00e9<\/a><\/em><\/span><br \/>\n<\/strong><\/td>\n<td style=\"text-align: center;width: 200px;vertical-align: middle\">\ud83c\uddfa\ud83c\uddec <strong>Joshua Cheptegei<br \/>\n27:51.42 SB<\/strong><\/td>\n<td style=\"text-align: center;width: 200px;vertical-align: middle\">\ud83c\uddf0\ud83c\uddea Daniel Simiu Ebenyo<br \/>\n27:52.60<\/td>\n<td style=\"text-align: center;width: 200px;vertical-align: middle\">\ud83c\uddea\ud83c\uddf9 Selemon Barega<br \/>\n27:52.72<\/td>\n<\/tr>\n<tr>\n<td style=\"text-align: center;width: 200px;vertical-align: middle\"><strong>20 km marche<br \/>\n<a href=\"https:\/\/dicodusport.fr\/blog\/classement-20-km-marche-hommes-athletisme-championnats-du-monde-2023\/\"><span style=\"font-size: 12px\"><em>Classement<\/em><\/span><\/a> <span style=\"font-size: 12px\"><em>&#8211; <a title=\"Mondiaux d\u2019athl\u00e9tisme 2023 : Gabriel Bordier 10e du 20 km marche, Alvaro Martin sacr\u00e9\" href=\"https:\/\/dicodusport.fr\/blog\/mondiaux-dathletisme-2023-gabriel-bordier-10e-du-20-km-marche-alvaro-martin-sacre\/\" target=\"_blank\" rel=\"noopener\">R\u00e9sum\u00e9<\/a><\/em><\/span><br \/>\n<\/strong><\/td>\n<td style=\"text-align: center;width: 200px;vertical-align: middle\">\ud83c\uddea\ud83c\uddf8 <strong>Alvaro Martin<br \/>\n2:17:32 WL<\/strong><\/td>\n<td style=\"text-align: center;width: 200px;vertical-align: middle\">\ud83c\uddf8\ud83c\uddea Perseus Kalstr\u00f6m<br \/>\n1h17:39 <strong>NR<\/strong><\/td>\n<td style=\"text-align: center;width: 200px;vertical-align: middle\">\ud83c\udde7\ud83c\uddf7 Caio Bonfim<br \/>\n1h17:47 <strong>NR<\/strong><\/td>\n<\/tr>\n<tr>\n<td style=\"text-align: center;width: 200px;vertical-align: middle\"><strong>35 km marche<br \/>\n<a href=\"https:\/\/dicodusport.fr\/blog\/classement-35-km-marche-athletisme-championnats-du-monde-2023\/\"><span style=\"font-size: 12px\"><em>Classement<\/em><\/span><\/a> <span style=\"font-size: 12px\"><em>&#8211; <a href=\"https:\/\/dicodusport.fr\/blog\/mondiaux-dathletisme-2023-alvaro-martin-sacre-sur-le-35-km-marche-hommes\/\">R\u00e9sum\u00e9<\/a><\/em><\/span><br \/>\n<\/strong><\/td>\n<td style=\"text-align: center;width: 200px;vertical-align: middle\">\ud83c\uddea\ud83c\uddf8 <strong>Alvaro Martin<br \/>\n2h24:30 NR<\/strong><\/td>\n<td style=\"text-align: center;width: 200px;vertical-align: middle\">\ud83c\uddea\ud83c\udde8 Brian Daniel Pintado<br \/>\n2h24:34 <strong>AR<\/strong><\/td>\n<td style=\"text-align: center;width: 200px;vertical-align: middle\">\ud83c\uddef\ud83c\uddf5 Masatora Kawano<br \/>\n2h25:12 <strong>SB<\/strong><\/td>\n<\/tr>\n<tr>\n<td style=\"text-align: center;width: 200px;vertical-align: middle\"><strong>Marathon<br \/>\n<span style=\"font-size: 12px\"><em><a title=\"Classement Marathon hommes Athl\u00e9tisme Championnats du monde 2023\" href=\"https:\/\/dicodusport.fr\/blog\/classement-marathon-hommes-athletisme-championnats-du-monde-2023\/\" target=\"_blank\" rel=\"noopener\">Classement<\/a> &#8211; <a title=\"Mondiaux d\u2019athl\u00e9tisme 2023 : Victor Kiplangat sacr\u00e9 sur le marathon, Hassan Chahdi 7e\" href=\"https:\/\/dicodusport.fr\/blog\/mondiaux-dathletisme-2023-victor-kiplangat-sacre-sur-le-marathon-hassan-chahdi-7e\/\" target=\"_blank\" rel=\"noopener\">R\u00e9sum\u00e9<\/a><\/em><\/span><br \/>\n<\/strong><\/td>\n<td style=\"text-align: center;width: 200px;vertical-align: middle\">\ud83c\uddfa\ud83c\uddec <strong>Victor Kiplangat<br \/>\n2:08.53<\/strong><\/td>\n<td style=\"text-align: center;width: 200px;vertical-align: middle\">\ud83c\uddee\ud83c\uddf1 Maru Teferi<br \/>\n2:09.12<\/td>\n<td style=\"text-align: center;width: 200px;vertical-align: middle\">\ud83c\uddea\ud83c\uddf9 Leul Gebresilase<br \/>\n2:09.19<\/td>\n<\/tr>\n<tr>\n<td style=\"text-align: center;width: 200px;vertical-align: middle\"><strong>110 m haies<br \/>\n<span style=\"font-size: 12px\"><em><a title=\"Classement Finale 110 m haies Athl\u00e9tisme Championnats du monde 2023\" href=\"https:\/\/dicodusport.fr\/blog\/classement-finale-110-m-haies-athletisme-championnats-du-monde-2023\/\" target=\"_blank\" rel=\"noopener\">Classement<\/a> &#8211; <a title=\"Mondiaux d\u2019athl\u00e9tisme 2023 : Grant Holloway \u00e0 nouveau titr\u00e9 sur le 110 m haies\" href=\"https:\/\/dicodusport.fr\/blog\/mondiaux-dathletisme-2023-grant-holloway-a-nouveau-titre-sur-le-110-m-haies\/\" target=\"_blank\" rel=\"noopener\">R\u00e9sum\u00e9<\/a><\/em><\/span><br \/>\n<\/strong><\/td>\n<td style=\"text-align: center;width: 200px;vertical-align: middle\">\ud83c\uddfa\ud83c\uddf8 <strong>Grant Holloway<br \/>\n12.96 SB<\/strong><\/td>\n<td style=\"text-align: center;width: 200px;vertical-align: middle\">\ud83c\uddef\ud83c\uddf2 Hansle Parchment<br \/>\n13.07 <strong>SB<\/strong><\/td>\n<td style=\"text-align: center;width: 200px;vertical-align: middle\">\ud83c\uddfa\ud83c\uddf8 Daniel Roberts<br \/>\n13.09<\/td>\n<\/tr>\n<tr>\n<td style=\"text-align: center;width: 200px;vertical-align: middle\"><strong>400 m haies<br \/>\n<span style=\"font-size: 12px\"><em><a title=\"Classement Finale 400 m haies hommes Athl\u00e9tisme Championnats du monde 2023\" href=\"https:\/\/dicodusport.fr\/blog\/classement-finale-400-m-haies-hommes-athletisme-championnats-du-monde-2023\/\" target=\"_blank\" rel=\"noopener\">Classement<\/a> &#8211; <a title=\"Mondiaux d\u2019athl\u00e9tisme 2023 : Karsten Warholm domine le 400 m haies\" href=\"https:\/\/dicodusport.fr\/blog\/mondiaux-dathletisme-2023-karsten-warholm-domine-le-400-m-haies\/\" target=\"_blank\" rel=\"noopener\">R\u00e9sum\u00e9<\/a><\/em><\/span><br \/>\n<\/strong><\/td>\n<td style=\"text-align: center;width: 200px;vertical-align: middle\">\ud83c\uddf3\ud83c\uddf4 <strong>Karsten Warholm<br \/>\n46.89<\/strong><\/td>\n<td style=\"text-align: center;width: 200px;vertical-align: middle\">\ud83c\uddfb\ud83c\uddec Kyron McMaster<br \/>\n47.34<\/td>\n<td style=\"text-align: center;width: 200px;vertical-align: middle\">\ud83c\uddfa\ud83c\uddf8 Rai Benjamin<br \/>\n47.56<\/td>\n<\/tr>\n<tr>\n<td style=\"text-align: center;width: 200px;vertical-align: middle\"><strong>3000 m steeple<br \/>\n<span style=\"font-size: 12px\"><em><a title=\"Classement Finale Saut en hauteur hommes Athl\u00e9tisme Championnats du monde 2023\" href=\"https:\/\/dicodusport.fr\/blog\/classement-finale-saut-en-hauteur-hommes-athletisme-championnats-du-monde-2023\/\" target=\"_blank\" rel=\"noopener\">Classement<\/a> &#8211; <a title=\"Mondiaux d\u2019athl\u00e9tisme 2023 : Soufiane El Bakkali s\u2019impose en patron sur le 3000 m steeple\" href=\"https:\/\/dicodusport.fr\/blog\/mondiaux-dathletisme-2023-soufiane-el-bakkali-simpose-en-patron-sur-le-3000-m-steeple\/\" target=\"_blank\" rel=\"noopener\">R\u00e9sum\u00e9<\/a><\/em><\/span><\/strong><strong><br \/>\n<\/strong><\/td>\n<td style=\"text-align: center;width: 200px;vertical-align: middle\">\ud83c\uddf2\ud83c\udde6 <strong>Soufiane El Bakkali<br \/>\n8:03.53<\/strong><\/td>\n<td style=\"text-align: center;width: 200px;vertical-align: middle\">\ud83c\uddea\ud83c\uddf9 Lamecha Girma<br \/>\n8:05.44<\/td>\n<td style=\"text-align: center;width: 200px;vertical-align: middle\">\ud83c\uddf0\ud83c\uddea Abraham Kibiwot<br \/>\n8:11.98<\/td>\n<\/tr>\n<tr>\n<td style=\"text-align: center;width: 200px;vertical-align: middle\"><strong>Relais 4&#215;100 m<br \/>\n<span style=\"font-size: 12px\"><em><a title=\"Classement Finale 4\u00d7100 m hommes Championnats du monde Athl\u00e9tisme 2023\" href=\"https:\/\/dicodusport.fr\/blog\/classement-finale-4x100-m-hommes-championnats-du-monde-athletisme-2023\/\" target=\"_blank\" rel=\"noopener\">Classement<\/a> &#8211; <a title=\"Mondiaux d\u2019athl\u00e9tisme 2023 : Les \u00c9tats-Unis en or sur le 4x100m masculin\" href=\"https:\/\/dicodusport.fr\/blog\/mondiaux-dathletisme-2023-les-etats-unis-en-or-sur-le-4x100m-masculin\/\" target=\"_blank\" rel=\"noopener\">R\u00e9sum\u00e9<\/a><\/em><\/span><br \/>\n<\/strong><\/td>\n<td style=\"text-align: center;width: 200px;vertical-align: middle\">\ud83c\uddfa\ud83c\uddf8 <strong>\u00c9tats-Unis<br \/>\n37.38 WL<\/strong><\/td>\n<td style=\"text-align: center;width: 200px;vertical-align: middle\">\ud83c\uddee\ud83c\uddf9 Italie<br \/>\n37.62 <strong>SB<\/strong><\/td>\n<td style=\"text-align: center;width: 200px;vertical-align: middle\">\ud83c\uddef\ud83c\uddf2 Jama\u00efque<br \/>\n37.76<\/td>\n<\/tr>\n<tr>\n<td style=\"text-align: center;width: 200px;vertical-align: middle\"><strong>Relais 4&#215;400 m<br \/>\n<span style=\"font-size: 12px\"><em><a title=\"Classement Finale 4\u00d7400 m hommes Championnats du monde Athl\u00e9tisme 2023\" href=\"https:\/\/dicodusport.fr\/blog\/classement-finale-4x400-m-hommes-championnats-du-monde-athletisme-2023\/\" target=\"_blank\" rel=\"noopener\">Classement<\/a> &#8211; <a title=\"Mondiaux d\u2019athl\u00e9tisme 2023 : La France vice-championne du monde du 4x400m masculin !\" href=\"https:\/\/dicodusport.fr\/blog\/mondiaux-dathletisme-2023-la-france-vice-championne-du-monde-du-4x400m-masculin\/\" target=\"_blank\" rel=\"noopener\">R\u00e9sum\u00e9<\/a><\/em><\/span><br \/>\n<\/strong><\/td>\n<td style=\"text-align: center;width: 200px;vertical-align: middle\">\ud83c\uddfa\ud83c\uddf8 <strong>\u00c9tats-Unis<br \/>\n2:57.31 WL<\/strong><\/td>\n<td style=\"text-align: center;width: 200px;vertical-align: middle\">\ud83c\uddeb\ud83c\uddf7 France<br \/>\n2:58.45 <strong>NR<\/strong><\/td>\n<td style=\"text-align: center;width: 200px;vertical-align: middle\">\ud83c\uddec\ud83c\udde7 Grande-Bretagne<br \/>\n2:58.71 <strong>SB<\/strong><\/td>\n<\/tr>\n<tr>\n<td style=\"text-align: center;width: 200px;vertical-align: middle\"><strong>Saut en hauteur<br \/>\n<span style=\"font-size: 12px\"><em><a title=\"Classement Finale Saut en hauteur hommes Athl\u00e9tisme Championnats du monde 2023\" href=\"https:\/\/dicodusport.fr\/blog\/classement-finale-saut-en-hauteur-hommes-athletisme-championnats-du-monde-2023\/\" target=\"_blank\" rel=\"noopener\">Classement<\/a> &#8211; <a href=\"https:\/\/dicodusport.fr\/blog\/mondiaux-dathletisme-2023-gianmarco-tamberi-sacre-en-saut-en-hauteur\/\">R\u00e9sum\u00e9<\/a><\/em><\/span><br \/>\n<\/strong><\/td>\n<td style=\"text-align: center;width: 200px;vertical-align: middle\">\ud83c\uddee\ud83c\uddf9 <strong>Gianmarco Tamberi<\/strong><br \/>\n<strong>2.36 m =WL<\/strong><\/td>\n<td style=\"text-align: center;width: 200px;vertical-align: middle\">\ud83c\uddfa\ud83c\uddf8 JuVaughn Harrison<br \/>\n2.36 m <strong>=WL<\/strong><\/td>\n<td style=\"text-align: center;width: 200px;vertical-align: middle\">\ud83c\uddf6\ud83c\udde6 Mutaz Essa Barshim<br \/>\n2.33 m<\/td>\n<\/tr>\n<tr>\n<td style=\"text-align: center;width: 200px;vertical-align: middle\"><strong>Saut \u00e0 la perche<br \/>\n<span style=\"font-size: 12px\"><em><a href=\"https:\/\/dicodusport.fr\/blog\/classement-finale-saut-a-la-perche-hommes-athletisme-championnats-du-monde-2023\/\" target=\"_blank\" rel=\"noopener\">Classement<\/a> &#8211; <a title=\"Mondiaux d\u2019athl\u00e9tisme 2023 : Armand Duplantis de nouveau titr\u00e9 en saut \u00e0 la perche\" href=\"https:\/\/dicodusport.fr\/blog\/mondiaux-dathletisme-2023-armand-duplantis-de-nouveau-titre-en-saut-a-la-perche\/\" target=\"_blank\" rel=\"noopener\">R\u00e9sum\u00e9<\/a><\/em><\/span><br \/>\n<\/strong><\/td>\n<td style=\"text-align: center;width: 200px;vertical-align: middle\">\ud83c\uddf8\ud83c\uddea <strong>Armand Duplantis<br \/>\n6.10 m<\/strong><\/td>\n<td style=\"text-align: center;width: 200px;vertical-align: middle\">\ud83c\uddf5\ud83c\udded Ernest John Obiena<br \/>\n6.00 m<strong> =AR<\/strong><\/td>\n<td style=\"text-align: center;width: 200px;vertical-align: middle\">\ud83c\udde6\ud83c\uddfa Kurtis Marschall <strong>=PB<\/strong><br \/>\n\ud83c\uddfa\ud83c\uddf8 Christopher Nilsen <strong>SB<\/strong><br \/>\n5.95 m<\/td>\n<\/tr>\n<tr>\n<td style=\"text-align: center;width: 200px;vertical-align: middle\"><strong>Saut en longueur<br \/>\n<span style=\"font-size: 12px\"><em><a title=\"Classement Finale Saut en longueur hommes Athl\u00e9tisme Championnats du monde 2023\" href=\"https:\/\/dicodusport.fr\/blog\/classement-finale-saut-en-longueur-hommes-athletisme-championnats-du-monde-2023\/\" target=\"_blank\" rel=\"noopener\">Classement<\/a> &#8211; <a title=\"Mondiaux d\u2019athl\u00e9tisme 2023 : Miltiadis Tentoglou champion du monde du saut en longueur pour la premi\u00e8re fois !\" href=\"https:\/\/dicodusport.fr\/blog\/mondiaux-dathletisme-2023-miltiadis-tentoglou-champion-du-monde-du-saut-en-longueur-pour-la-premiere-fois\/\" target=\"_blank\" rel=\"noopener\">R\u00e9sum\u00e9<\/a><\/em><\/span><br \/>\n<\/strong><\/td>\n<td style=\"text-align: center;width: 200px;vertical-align: middle\">\ud83c\uddec\ud83c\uddf7 <strong>Miltiadis Tentoglou<\/strong><br \/>\n<strong>8.52 m SB<\/strong><\/td>\n<td style=\"text-align: center;width: 200px;vertical-align: middle\">\ud83c\uddef\ud83c\uddf2 Wayne Pinnock<br \/>\n8.50 m<\/td>\n<td style=\"text-align: center;width: 200px;vertical-align: middle\">\ud83c\uddef\ud83c\uddf2 Tajay Gayle<br \/>\n8.27 m <strong>=SB<\/strong><\/td>\n<\/tr>\n<tr>\n<td style=\"text-align: center;width: 200px;vertical-align: middle\"><strong>Triple saut<br \/>\n<span style=\"font-size: 12px\"><em><a title=\"Classement Triple saut hommes Athl\u00e9tisme Championnats du monde 2023\" href=\"https:\/\/dicodusport.fr\/blog\/classement-triple-saut-hommes-athletisme-championnats-du-monde-2023\/\" target=\"_blank\" rel=\"noopener\">Classement<\/a> &#8211; <a title=\"Mondiaux d\u2019athl\u00e9tisme 2023 : Hugues Fabrice Zango champion du monde du triple saut\" href=\"https:\/\/dicodusport.fr\/blog\/mondiaux-dathletisme-2023-hugues-fabrice-zango-champion-du-monde-du-triple-saut\/\" target=\"_blank\" rel=\"noopener\">R\u00e9sum\u00e9<\/a><\/em><\/span><br \/>\n<\/strong><\/td>\n<td style=\"text-align: center;width: 200px;vertical-align: middle\">\ud83c\udde7\ud83c\uddeb <strong>Hugues Fabrice Zango<br \/>\n17.64 m<\/strong><\/td>\n<td style=\"text-align: center;width: 200px;vertical-align: middle\">\ud83c\udde8\ud83c\uddfa Lazaro Martinez<br \/>\n17.41 m<\/td>\n<td style=\"text-align: center;width: 200px;vertical-align: middle\">\ud83c\udde8\ud83c\uddfa Cristian Napoles<br \/>\n17.40 m <strong>PB<\/strong><\/td>\n<\/tr>\n<tr>\n<td style=\"text-align: center;width: 200px;vertical-align: middle\"><strong>Lancer du poids<br \/>\n<a title=\"Classement Lancer du poids hommes Championnats du monde Athl\u00e9tisme 2023\" href=\"https:\/\/dicodusport.fr\/blog\/classement-lancer-du-poids-hommes-championnats-du-monde-athletisme-2023\/\" target=\"_blank\" rel=\"noopener\"><span style=\"font-size: 12px\"><em>Classement<\/em><\/span><\/a> <span style=\"font-size: 12px\"><em>&#8211; <a title=\"Mondiaux d\u2019athl\u00e9tisme 2023 : Malgr\u00e9 les caillots de sang, Ryan Crouser est champion du monde\" href=\"https:\/\/dicodusport.fr\/blog\/mondiaux-dathletisme-2023-malgre-les-caillots-de-sang-ryan-crouser-est-champion-du-monde\/\" target=\"_blank\" rel=\"noopener\">R\u00e9sum\u00e9<\/a><\/em><\/span><br \/>\n<\/strong><\/td>\n<td style=\"text-align: center;width: 200px;vertical-align: middle\">\ud83c\uddfa\ud83c\uddf8 <strong>Ryan Crouser<br \/>\n23.51 m CR<\/strong><\/td>\n<td style=\"text-align: center;width: 200px;vertical-align: middle\">\ud83c\uddee\ud83c\uddf9 Leonardo Fabbri<br \/>\n22.34 m <strong>PB<\/strong><\/td>\n<td style=\"text-align: center;width: 200px;vertical-align: middle\">\ud83c\uddfa\ud83c\uddf8 Joe Kovacs<br \/>\n22.12 m<\/td>\n<\/tr>\n<tr>\n<td style=\"text-align: center;width: 200px;vertical-align: middle\"><strong>Lancer du javelot<br \/>\n<span style=\"font-size: 12px\"><em><a title=\"Classement Finale Lancer du javelot hommes Athl\u00e9tisme Championnats du monde 2023\" href=\"https:\/\/dicodusport.fr\/blog\/classement-finale-lancer-du-javelot-hommes-athletisme-championnats-du-monde-2023\/\" target=\"_blank\" rel=\"noopener\">Classement<\/a> &#8211; <a title=\"Mondiaux d\u2019athl\u00e9tisme 2023 : Apr\u00e8s le titre olympique, Neeraj Chopra devient champion du monde !\" href=\"https:\/\/dicodusport.fr\/blog\/mondiaux-dathletisme-2023-apres-le-titre-olympique-neeraj-chopra-devient-champion-du-monde\/\" target=\"_blank\" rel=\"noopener\">R\u00e9sum\u00e9<\/a><\/em><\/span><br \/>\n<\/strong><\/td>\n<td style=\"text-align: center;width: 200px;vertical-align: middle\">\ud83c\uddee\ud83c\uddf3 <strong>Neeraj Chopra<br \/>\n88.17 m<\/strong><\/td>\n<td style=\"text-align: center;width: 200px;vertical-align: middle\">\ud83c\uddf5\ud83c\uddf0 Arshad Nadeem<br \/>\n87.82 m <strong>SB<\/strong><\/td>\n<td style=\"text-align: center;width: 200px;vertical-align: middle\">\ud83c\udde8\ud83c\uddff Jakub Vadlejch<br \/>\n86.67 m<\/td>\n<\/tr>\n<tr>\n<td style=\"text-align: center;width: 200px;vertical-align: middle\"><strong>Lancer du disque<br \/>\n<span style=\"font-size: 12px\"><em><a title=\"Classement Lancer du disque hommes Athl\u00e9tisme Championnats du monde 2023\" href=\"https:\/\/dicodusport.fr\/blog\/classement-lancer-du-disque-hommes-athletisme-championnats-du-monde-2023\/\" target=\"_blank\" rel=\"noopener\">Classement<\/a> &#8211; <a title=\"Mondiaux d\u2019athl\u00e9tisme 2023 : Daniel Stahl sacr\u00e9 au disque au bout du suspense\" href=\"https:\/\/dicodusport.fr\/blog\/mondiaux-dathletisme-2023-daniel-stahl-sacre-au-disque-au-bout-du-suspense\/\" target=\"_blank\" rel=\"noopener\">R\u00e9sum\u00e9<\/a><\/em><\/span><br \/>\n<\/strong><\/td>\n<td style=\"text-align: center;width: 200px;vertical-align: middle\">\ud83c\uddf8\ud83c\uddea <strong>Daniel St\u00e5hl<br \/>\n71.46 m CR<\/strong><\/td>\n<td style=\"text-align: center;width: 200px;vertical-align: middle\">\ud83c\uddf8\ud83c\uddee Kristjan Ceh<br \/>\n70.02 m<\/td>\n<td style=\"text-align: center;width: 200px;vertical-align: middle\">\ud83c\uddf1\ud83c\uddf9 Mykolas Alekna<br \/>\n68.85 m<\/td>\n<\/tr>\n<tr>\n<td style=\"text-align: center;width: 200px;vertical-align: middle\"><strong>Lancer du marteau<br \/>\n<span style=\"font-size: 12px\"><em><a title=\"Classement Lancer du marteau hommes Athl\u00e9tisme Championnats du monde 2023\" href=\"https:\/\/dicodusport.fr\/blog\/classement-lancer-du-marteau-hommes-athletisme-championnats-du-monde-2023\/\" target=\"_blank\" rel=\"noopener\">Classement<\/a> &#8211; <a title=\"Mondiaux d\u2019athl\u00e9tisme 2023 : Ethan Katzberg destitue Pawel Fajdek au marteau\" href=\"https:\/\/dicodusport.fr\/blog\/mondiaux-dathletisme-2023-ethan-katzberg-destitue-pawel-fajdek-au-marteau\/\" target=\"_blank\" rel=\"noopener\">R\u00e9sum\u00e9<\/a><\/em><\/span><br \/>\n<\/strong><\/td>\n<td style=\"width: 200px;text-align: center\">\ud83c\udde8\ud83c\udde6 <strong>Ethan Katzberg<\/strong><br \/>\n<strong>81.25 m NR<\/strong><\/td>\n<td style=\"width: 200px;text-align: center\">\ud83c\uddf5\ud83c\uddf1 Wojciech Nowicki<br \/>\n81.02<\/td>\n<td style=\"width: 200px;text-align: center\">\ud83c\udded\ud83c\uddfa Bence Halasz<br \/>\n80.82 m <strong>SB<\/strong><\/td>\n<\/tr>\n<tr>\n<td style=\"text-align: center;width: 200px;vertical-align: middle\"><strong>D\u00e9cathlon<br \/>\n<span style=\"font-size: 12px\"><em><a title=\"Classement D\u00e9cathlon Athl\u00e9tisme Championnats du monde 2023\" href=\"https:\/\/dicodusport.fr\/blog\/classement-decathlon-athletisme-championnats-du-monde-2023\/\" target=\"_blank\" rel=\"noopener\">Classement<\/a> &#8211; <a title=\"Mondiaux d\u2019athl\u00e9tisme 2023 : Pierce LePage remporte le d\u00e9cathlon, Damian Warner en argent\" href=\"https:\/\/dicodusport.fr\/blog\/mondiaux-dathletisme-2023-pierce-lepage-remporte-le-decathlon-damian-warner-en-argent\/\" target=\"_blank\" rel=\"noopener\">R\u00e9sum\u00e9<\/a><\/em><\/span><br \/>\n<\/strong><\/td>\n<td style=\"text-align: center;width: 200px;vertical-align: middle\">\ud83c\udde8\ud83c\udde6 <strong>Pierce LePage<br \/>\n8909 pts WL<\/strong><\/td>\n<td style=\"text-align: center;width: 200px;vertical-align: middle\">\ud83c\udde8\ud83c\udde6 Damian Warner<br \/>\n8804 pts <strong>SB<\/strong><\/td>\n<td style=\"text-align: center;width: 200px;vertical-align: middle\">\ud83c\uddec\ud83c\udde9 Lindon Victor<br \/>\n8756 pts <strong>NR<\/strong><\/td>\n<\/tr>\n<\/tbody>\n<\/table>\n<\/div>\n<p><span style=\"font-size: 14px;\"><em>CR : Record des championnats<br \/>\nPB : Record personnel<br \/>\nSB : Meilleure performance personnelle de la saison<br \/>\nWL : Meilleure marque mondiale de l&rsquo;ann\u00e9e<\/em><\/span><br \/>\n<span style=\"font-size: 14px;\"><em>NR : Record national<\/em><\/span><\/p>\n<p>&nbsp;<\/p>\n<h3 style=\"text-align: justify;\">Mixte<\/h3>\n<div class=\"su-table su-table-alternate\">\n<table style=\"width: 800px;border-collapse: collapse\">\n<tbody>\n<tr>\n<td style=\"text-align: center;width: 200px;vertical-align: middle\"><b>\u00c9preuve<\/b><\/td>\n<td style=\"text-align: center;width: 200px;vertical-align: middle;background-color: #ffffff\"><strong> \ud83e\udd47 Or<\/strong><\/td>\n<td style=\"text-align: center;width: 200px;vertical-align: middle;background-color: #ffffff\"><strong> \ud83e\udd48 Argent<\/strong><\/td>\n<td style=\"text-align: center;width: 200px;vertical-align: middle;background-color: #ffffff\"><strong> \ud83e\udd49 Bronze<\/strong><\/td>\n<\/tr>\n<tr>\n<td style=\"text-align: center;width: 200px;vertical-align: middle\"><strong>Relais 4&#215;400 m mixte<br \/>\n<a title=\"Classement 4\u00d7400 m Mixte Championnats du monde Athl\u00e9tisme 2023\" href=\"https:\/\/dicodusport.fr\/blog\/classement-4x400-m-mixte-championnats-du-monde-athletisme-2023\/\" target=\"_blank\" rel=\"noopener\"><span style=\"font-size: 12px\"><em>Classement<\/em><\/span><\/a> <span style=\"font-size: 12px\"><em>&#8211; <a title=\"Mondiaux d\u2019athl\u00e9tisme 2023 : Les \u00c9tats-Unis remportent le 4x400m mixte, la France 4e\" href=\"https:\/\/dicodusport.fr\/blog\/mondiaux-dathletisme-2023-les-etats-unis-remportent-le-4x400m-mixte-la-france-4e\/\" target=\"_blank\" rel=\"noopener\">R\u00e9sum\u00e9<\/a><\/em><\/span><br \/>\n<\/strong><\/td>\n<td style=\"text-align: center;width: 200px;vertical-align: middle\">\ud83c\uddfa\ud83c\uddf8 <strong>\u00c9tats-Unis<br \/>\n3:08.80 WR<\/strong><\/td>\n<td style=\"text-align: center;width: 200px;vertical-align: middle\">\ud83c\uddec\ud83c\udde7 Grande-Bretagne<br \/>\n3:11.06 <strong>NR<\/strong><\/td>\n<td style=\"text-align: center;width: 200px;vertical-align: middle\">\ud83c\udde8\ud83c\uddff R\u00e9publique Tch\u00e8que<br \/>\n3:11.98 <strong>NR<\/strong><\/td>\n<\/tr>\n<\/tbody>\n<\/table>\n<\/div>\n<p><span style=\"font-size: 14px;\"><em>WR : Record du monde<\/em><\/span><br \/>\n<span style=\"font-size: 14px;\"><em>NR : Record national<\/em><\/span><\/p>\n<p>&nbsp;<\/p>\n<p>&nbsp;<\/p>\n","protected":false},"excerpt":{"rendered":"<p>CHAMPIONNATS DU MONDE D&rsquo;ATHL\u00c9TISME 2023 &#8211; D\u00e9couvrez le calendrier et les r\u00e9sultats des Mondiaux d&rsquo;athl\u00e9tisme 2023, \u00e0 Budapest (Hongrie).<\/p>\n","protected":false},"author":12,"featured_media":408578,"comment_status":"open","ping_status":"closed","sticky":false,"template":"","format":"standard","meta":{"_acf_changed":false,"_daextam_enable_autolinks":"","footnotes":""},"categories":[46997],"tags":[16878],"class_list":["post-405185","post","type-post","status-publish","format-standard","has-post-thumbnail","hentry","category-championnats-du-monde-athletisme","tag-breve"],"acf":[],"yoast_head":"<!-- This site is optimized with the Yoast SEO Premium plugin v26.7 (Yoast SEO v26.7) - https:\/\/yoast.com\/wordpress\/plugins\/seo\/ -->\n<title>Palmar\u00e8s et r\u00e9sultats Athl\u00e9tisme Championnats du monde 2023<\/title>\n<meta name=\"description\" content=\"CHAMPIONNATS DU MONDE D&#039;ATHL\u00c9TISME 2023 - D\u00e9couvrez le calendrier et les r\u00e9sultats des Mondiaux d&#039;athl\u00e9tisme 2023, \u00e0 Budapest (Hongrie).\" \/>\n<meta name=\"robots\" content=\"index, follow, max-snippet:-1, max-image-preview:large, max-video-preview:-1\" \/>\n<link rel=\"canonical\" href=\"https:\/\/dicodusport.fr\/blog\/calendrier-et-resultats-athletisme-championnats-du-monde-2023\/\" \/>\n<meta property=\"og:locale\" content=\"fr_FR\" \/>\n<meta property=\"og:type\" content=\"article\" \/>\n<meta property=\"og:title\" content=\"Palmar\u00e8s et r\u00e9sultats Athl\u00e9tisme Championnats du monde 2023\" \/>\n<meta property=\"og:description\" content=\"CHAMPIONNATS DU MONDE D&#039;ATHL\u00c9TISME 2023 - D\u00e9couvrez le calendrier et les r\u00e9sultats des Mondiaux d&#039;athl\u00e9tisme 2023, \u00e0 Budapest (Hongrie).\" \/>\n<meta property=\"og:url\" content=\"https:\/\/dicodusport.fr\/blog\/calendrier-et-resultats-athletisme-championnats-du-monde-2023\/\" \/>\n<meta property=\"og:site_name\" content=\"Dicodusport\" \/>\n<meta property=\"article:publisher\" content=\"https:\/\/www.facebook.com\/dicodusport\" \/>\n<meta property=\"article:published_time\" content=\"2023-08-27T20:39:10+00:00\" \/>\n<meta property=\"article:modified_time\" content=\"2023-08-27T22:54:05+00:00\" \/>\n<meta property=\"og:image\" content=\"https:\/\/dicodusport.fr\/blog\/wp-content\/uploads\/2023\/08\/Calendrier-et-resultats-Athletisme-Championnats-du-monde-2023.png\" \/>\n\t<meta property=\"og:image:width\" content=\"1200\" \/>\n\t<meta property=\"og:image:height\" content=\"670\" \/>\n\t<meta property=\"og:image:type\" content=\"image\/png\" \/>\n<meta name=\"author\" content=\"Arlette Yeye\" \/>\n<meta name=\"twitter:card\" content=\"summary_large_image\" \/>\n<meta name=\"twitter:title\" content=\"Palmar\u00e8s et r\u00e9sultats Athl\u00e9tisme Championnats du monde 2023\" \/>\n<meta name=\"twitter:creator\" content=\"@https:\/\/twitter.com\/Shiclette94\" \/>\n<meta name=\"twitter:site\" content=\"@dicodusport\" \/>\n<script type=\"application\/ld+json\" class=\"yoast-schema-graph\">{\"@context\":\"https:\/\/schema.org\",\"@graph\":[{\"@type\":\"NewsArticle\",\"@id\":\"https:\/\/dicodusport.fr\/blog\/calendrier-et-resultats-athletisme-championnats-du-monde-2023\/#article\",\"isPartOf\":{\"@id\":\"https:\/\/dicodusport.fr\/blog\/calendrier-et-resultats-athletisme-championnats-du-monde-2023\/\"},\"author\":{\"name\":\"Arlette Yeye\",\"@id\":\"https:\/\/dicodusport.fr\/blog\/#\/schema\/person\/cce96fa88785bd8573e3d43078ac8c79\"},\"headline\":\"Palmar\u00e8s et r\u00e9sultats Athl\u00e9tisme Championnats du monde 2023\",\"datePublished\":\"2023-08-27T20:39:10+00:00\",\"dateModified\":\"2023-08-27T22:54:05+00:00\",\"mainEntityOfPage\":{\"@id\":\"https:\/\/dicodusport.fr\/blog\/calendrier-et-resultats-athletisme-championnats-du-monde-2023\/\"},\"wordCount\":1919,\"commentCount\":0,\"publisher\":{\"@id\":\"https:\/\/dicodusport.fr\/blog\/#organization\"},\"image\":{\"@id\":\"https:\/\/dicodusport.fr\/blog\/calendrier-et-resultats-athletisme-championnats-du-monde-2023\/#primaryimage\"},\"thumbnailUrl\":\"https:\/\/dicodusport.fr\/blog\/wp-content\/uploads\/2023\/08\/Calendrier-et-resultats-Athletisme-Championnats-du-monde-2023.png\",\"keywords\":[\"br\u00e8ve\"],\"articleSection\":[\"Championnats du monde d'athl\u00e9tisme\"],\"inLanguage\":\"fr-FR\",\"potentialAction\":[{\"@type\":\"CommentAction\",\"name\":\"Comment\",\"target\":[\"https:\/\/dicodusport.fr\/blog\/calendrier-et-resultats-athletisme-championnats-du-monde-2023\/#respond\"]}],\"copyrightYear\":\"2023\",\"copyrightHolder\":{\"@id\":\"https:\/\/dicodusport.fr\/blog\/#organization\"}},{\"@type\":\"WebPage\",\"@id\":\"https:\/\/dicodusport.fr\/blog\/calendrier-et-resultats-athletisme-championnats-du-monde-2023\/\",\"url\":\"https:\/\/dicodusport.fr\/blog\/calendrier-et-resultats-athletisme-championnats-du-monde-2023\/\",\"name\":\"Palmar\u00e8s et r\u00e9sultats Athl\u00e9tisme Championnats du monde 2023\",\"isPartOf\":{\"@id\":\"https:\/\/dicodusport.fr\/blog\/#website\"},\"primaryImageOfPage\":{\"@id\":\"https:\/\/dicodusport.fr\/blog\/calendrier-et-resultats-athletisme-championnats-du-monde-2023\/#primaryimage\"},\"image\":{\"@id\":\"https:\/\/dicodusport.fr\/blog\/calendrier-et-resultats-athletisme-championnats-du-monde-2023\/#primaryimage\"},\"thumbnailUrl\":\"https:\/\/dicodusport.fr\/blog\/wp-content\/uploads\/2023\/08\/Calendrier-et-resultats-Athletisme-Championnats-du-monde-2023.png\",\"datePublished\":\"2023-08-27T20:39:10+00:00\",\"dateModified\":\"2023-08-27T22:54:05+00:00\",\"description\":\"CHAMPIONNATS DU MONDE D'ATHL\u00c9TISME 2023 - D\u00e9couvrez le calendrier et les r\u00e9sultats des Mondiaux d'athl\u00e9tisme 2023, \u00e0 Budapest (Hongrie).\",\"breadcrumb\":{\"@id\":\"https:\/\/dicodusport.fr\/blog\/calendrier-et-resultats-athletisme-championnats-du-monde-2023\/#breadcrumb\"},\"inLanguage\":\"fr-FR\",\"potentialAction\":[{\"@type\":\"ReadAction\",\"target\":[\"https:\/\/dicodusport.fr\/blog\/calendrier-et-resultats-athletisme-championnats-du-monde-2023\/\"]}]},{\"@type\":\"ImageObject\",\"inLanguage\":\"fr-FR\",\"@id\":\"https:\/\/dicodusport.fr\/blog\/calendrier-et-resultats-athletisme-championnats-du-monde-2023\/#primaryimage\",\"url\":\"https:\/\/dicodusport.fr\/blog\/wp-content\/uploads\/2023\/08\/Calendrier-et-resultats-Athletisme-Championnats-du-monde-2023.png\",\"contentUrl\":\"https:\/\/dicodusport.fr\/blog\/wp-content\/uploads\/2023\/08\/Calendrier-et-resultats-Athletisme-Championnats-du-monde-2023.png\",\"width\":1200,\"height\":670,\"caption\":\"Calendrier et r\u00e9sultats Athl\u00e9tisme Championnats du monde 2023\"},{\"@type\":\"BreadcrumbList\",\"@id\":\"https:\/\/dicodusport.fr\/blog\/calendrier-et-resultats-athletisme-championnats-du-monde-2023\/#breadcrumb\",\"itemListElement\":[{\"@type\":\"ListItem\",\"position\":1,\"name\":\"Accueil\",\"item\":\"https:\/\/dicodusport.fr\/blog\/\"},{\"@type\":\"ListItem\",\"position\":2,\"name\":\"Palmar\u00e8s et r\u00e9sultats Athl\u00e9tisme Championnats du monde 2023\"}]},{\"@type\":\"WebSite\",\"@id\":\"https:\/\/dicodusport.fr\/blog\/#website\",\"url\":\"https:\/\/dicodusport.fr\/blog\/\",\"name\":\"Dicodusport\",\"description\":\"L&#039;encyclop\u00e9die de l&#039;actualit\u00e9 sportive\",\"publisher\":{\"@id\":\"https:\/\/dicodusport.fr\/blog\/#organization\"},\"potentialAction\":[{\"@type\":\"SearchAction\",\"target\":{\"@type\":\"EntryPoint\",\"urlTemplate\":\"https:\/\/dicodusport.fr\/blog\/?s={search_term_string}\"},\"query-input\":{\"@type\":\"PropertyValueSpecification\",\"valueRequired\":true,\"valueName\":\"search_term_string\"}}],\"inLanguage\":\"fr-FR\"},{\"@type\":\"NewsMediaOrganization\",\"@id\":\"https:\/\/dicodusport.fr\/blog\/#organization\",\"name\":\"Dicodusport\",\"url\":\"https:\/\/dicodusport.fr\/blog\/\",\"logo\":{\"@type\":\"ImageObject\",\"inLanguage\":\"fr-FR\",\"@id\":\"https:\/\/dicodusport.fr\/blog\/#\/schema\/logo\/image\/\",\"url\":\"https:\/\/dicodusport.fr\/blog\/wp-content\/uploads\/2020\/06\/cropped-LOGO-DICODUSPORT-2020-SANS-FOND-SANS-TEXTE.png\",\"contentUrl\":\"https:\/\/dicodusport.fr\/blog\/wp-content\/uploads\/2020\/06\/cropped-LOGO-DICODUSPORT-2020-SANS-FOND-SANS-TEXTE.png\",\"width\":512,\"height\":512,\"caption\":\"Dicodusport\"},\"image\":{\"@id\":\"https:\/\/dicodusport.fr\/blog\/#\/schema\/logo\/image\/\"},\"sameAs\":[\"https:\/\/www.facebook.com\/dicodusport\",\"https:\/\/x.com\/dicodusport\",\"https:\/\/www.instagram.com\/dicodusport\/\",\"https:\/\/www.youtube.com\/channel\/UC7V2KZ5sd3htJivAbA4ZG3w\"],\"description\":\"Dicodusport est l'encyclop\u00e9die de l'actualit\u00e9 sportive.\",\"email\":\"bonjour@dicodusport.fr\",\"legalName\":\"DICODUSPORT\",\"foundingDate\":\"2018-01-14\",\"vatID\":\"FR71834470973\",\"taxID\":\"83447097300043\",\"numberOfEmployees\":{\"@type\":\"QuantitativeValue\",\"minValue\":\"1\",\"maxValue\":\"10\"}},{\"@type\":\"Person\",\"@id\":\"https:\/\/dicodusport.fr\/blog\/#\/schema\/person\/cce96fa88785bd8573e3d43078ac8c79\",\"name\":\"Arlette Yeye\",\"image\":{\"@type\":\"ImageObject\",\"inLanguage\":\"fr-FR\",\"@id\":\"https:\/\/dicodusport.fr\/blog\/#\/schema\/person\/image\/\",\"url\":\"https:\/\/secure.gravatar.com\/avatar\/dca4a6239e6d708e46c45d60e160de6c?s=96&d=wp_user_avatar&r=g\",\"contentUrl\":\"https:\/\/secure.gravatar.com\/avatar\/dca4a6239e6d708e46c45d60e160de6c?s=96&d=wp_user_avatar&r=g\",\"caption\":\"Arlette Yeye\"},\"description\":\"Journaliste\/r\u00e9dactrice depuis septembre 2015 - Supportrice de Chelsea, j'ai pour sports de pr\u00e9dilection le handball, l'athl\u00e9tisme et le tennis. Si je tweete plus vite que mon ombre, vous pouvez aussi me retrouver les week-ends sur les playgrounds de Bruxelles pour un petit foot ou basket entre potes. Parcourir la France, l'Europe et plus si affinit\u00e9s pour suivre mes sportifs pr\u00e9f\u00e9r\u00e9s ? Mon kif ! Et c'est avec plaisir que je partage les r\u00e9sultats des sports populaires mais \u00e9galement plus confidentiels pour Dicodusport.\",\"sameAs\":[\"https:\/\/x.com\/https:\/\/twitter.com\/Shiclette94\"],\"url\":\"https:\/\/dicodusport.fr\/blog\/author\/arlette\/\"}]}<\/script>\n<!-- \/ Yoast SEO Premium plugin. -->","yoast_head_json":{"title":"Palmar\u00e8s et r\u00e9sultats Athl\u00e9tisme Championnats du monde 2023","description":"CHAMPIONNATS DU MONDE D'ATHL\u00c9TISME 2023 - D\u00e9couvrez le calendrier et les r\u00e9sultats des Mondiaux d'athl\u00e9tisme 2023, \u00e0 Budapest (Hongrie).","robots":{"index":"index","follow":"follow","max-snippet":"max-snippet:-1","max-image-preview":"max-image-preview:large","max-video-preview":"max-video-preview:-1"},"canonical":"https:\/\/dicodusport.fr\/blog\/calendrier-et-resultats-athletisme-championnats-du-monde-2023\/","og_locale":"fr_FR","og_type":"article","og_title":"Palmar\u00e8s et r\u00e9sultats Athl\u00e9tisme Championnats du monde 2023","og_description":"CHAMPIONNATS DU MONDE D'ATHL\u00c9TISME 2023 - D\u00e9couvrez le calendrier et les r\u00e9sultats des Mondiaux d'athl\u00e9tisme 2023, \u00e0 Budapest (Hongrie).","og_url":"https:\/\/dicodusport.fr\/blog\/calendrier-et-resultats-athletisme-championnats-du-monde-2023\/","og_site_name":"Dicodusport","article_publisher":"https:\/\/www.facebook.com\/dicodusport","article_published_time":"2023-08-27T20:39:10+00:00","article_modified_time":"2023-08-27T22:54:05+00:00","og_image":[{"width":1200,"height":670,"url":"https:\/\/dicodusport.fr\/blog\/wp-content\/uploads\/2023\/08\/Calendrier-et-resultats-Athletisme-Championnats-du-monde-2023.png","type":"image\/png"}],"author":"Arlette Yeye","twitter_card":"summary_large_image","twitter_title":"Palmar\u00e8s et r\u00e9sultats Athl\u00e9tisme Championnats du monde 2023","twitter_creator":"@https:\/\/twitter.com\/Shiclette94","twitter_site":"@dicodusport","schema":{"@context":"https:\/\/schema.org","@graph":[{"@type":"NewsArticle","@id":"https:\/\/dicodusport.fr\/blog\/calendrier-et-resultats-athletisme-championnats-du-monde-2023\/#article","isPartOf":{"@id":"https:\/\/dicodusport.fr\/blog\/calendrier-et-resultats-athletisme-championnats-du-monde-2023\/"},"author":{"name":"Arlette Yeye","@id":"https:\/\/dicodusport.fr\/blog\/#\/schema\/person\/cce96fa88785bd8573e3d43078ac8c79"},"headline":"Palmar\u00e8s et r\u00e9sultats Athl\u00e9tisme Championnats du monde 2023","datePublished":"2023-08-27T20:39:10+00:00","dateModified":"2023-08-27T22:54:05+00:00","mainEntityOfPage":{"@id":"https:\/\/dicodusport.fr\/blog\/calendrier-et-resultats-athletisme-championnats-du-monde-2023\/"},"wordCount":1919,"commentCount":0,"publisher":{"@id":"https:\/\/dicodusport.fr\/blog\/#organization"},"image":{"@id":"https:\/\/dicodusport.fr\/blog\/calendrier-et-resultats-athletisme-championnats-du-monde-2023\/#primaryimage"},"thumbnailUrl":"https:\/\/dicodusport.fr\/blog\/wp-content\/uploads\/2023\/08\/Calendrier-et-resultats-Athletisme-Championnats-du-monde-2023.png","keywords":["br\u00e8ve"],"articleSection":["Championnats du monde d'athl\u00e9tisme"],"inLanguage":"fr-FR","potentialAction":[{"@type":"CommentAction","name":"Comment","target":["https:\/\/dicodusport.fr\/blog\/calendrier-et-resultats-athletisme-championnats-du-monde-2023\/#respond"]}],"copyrightYear":"2023","copyrightHolder":{"@id":"https:\/\/dicodusport.fr\/blog\/#organization"}},{"@type":"WebPage","@id":"https:\/\/dicodusport.fr\/blog\/calendrier-et-resultats-athletisme-championnats-du-monde-2023\/","url":"https:\/\/dicodusport.fr\/blog\/calendrier-et-resultats-athletisme-championnats-du-monde-2023\/","name":"Palmar\u00e8s et r\u00e9sultats Athl\u00e9tisme Championnats du monde 2023","isPartOf":{"@id":"https:\/\/dicodusport.fr\/blog\/#website"},"primaryImageOfPage":{"@id":"https:\/\/dicodusport.fr\/blog\/calendrier-et-resultats-athletisme-championnats-du-monde-2023\/#primaryimage"},"image":{"@id":"https:\/\/dicodusport.fr\/blog\/calendrier-et-resultats-athletisme-championnats-du-monde-2023\/#primaryimage"},"thumbnailUrl":"https:\/\/dicodusport.fr\/blog\/wp-content\/uploads\/2023\/08\/Calendrier-et-resultats-Athletisme-Championnats-du-monde-2023.png","datePublished":"2023-08-27T20:39:10+00:00","dateModified":"2023-08-27T22:54:05+00:00","description":"CHAMPIONNATS DU MONDE D'ATHL\u00c9TISME 2023 - D\u00e9couvrez le calendrier et les r\u00e9sultats des Mondiaux d'athl\u00e9tisme 2023, \u00e0 Budapest (Hongrie).","breadcrumb":{"@id":"https:\/\/dicodusport.fr\/blog\/calendrier-et-resultats-athletisme-championnats-du-monde-2023\/#breadcrumb"},"inLanguage":"fr-FR","potentialAction":[{"@type":"ReadAction","target":["https:\/\/dicodusport.fr\/blog\/calendrier-et-resultats-athletisme-championnats-du-monde-2023\/"]}]},{"@type":"ImageObject","inLanguage":"fr-FR","@id":"https:\/\/dicodusport.fr\/blog\/calendrier-et-resultats-athletisme-championnats-du-monde-2023\/#primaryimage","url":"https:\/\/dicodusport.fr\/blog\/wp-content\/uploads\/2023\/08\/Calendrier-et-resultats-Athletisme-Championnats-du-monde-2023.png","contentUrl":"https:\/\/dicodusport.fr\/blog\/wp-content\/uploads\/2023\/08\/Calendrier-et-resultats-Athletisme-Championnats-du-monde-2023.png","width":1200,"height":670,"caption":"Calendrier et r\u00e9sultats Athl\u00e9tisme Championnats du monde 2023"},{"@type":"BreadcrumbList","@id":"https:\/\/dicodusport.fr\/blog\/calendrier-et-resultats-athletisme-championnats-du-monde-2023\/#breadcrumb","itemListElement":[{"@type":"ListItem","position":1,"name":"Accueil","item":"https:\/\/dicodusport.fr\/blog\/"},{"@type":"ListItem","position":2,"name":"Palmar\u00e8s et r\u00e9sultats Athl\u00e9tisme Championnats du monde 2023"}]},{"@type":"WebSite","@id":"https:\/\/dicodusport.fr\/blog\/#website","url":"https:\/\/dicodusport.fr\/blog\/","name":"Dicodusport","description":"L&#039;encyclop\u00e9die de l&#039;actualit\u00e9 sportive","publisher":{"@id":"https:\/\/dicodusport.fr\/blog\/#organization"},"potentialAction":[{"@type":"SearchAction","target":{"@type":"EntryPoint","urlTemplate":"https:\/\/dicodusport.fr\/blog\/?s={search_term_string}"},"query-input":{"@type":"PropertyValueSpecification","valueRequired":true,"valueName":"search_term_string"}}],"inLanguage":"fr-FR"},{"@type":"NewsMediaOrganization","@id":"https:\/\/dicodusport.fr\/blog\/#organization","name":"Dicodusport","url":"https:\/\/dicodusport.fr\/blog\/","logo":{"@type":"ImageObject","inLanguage":"fr-FR","@id":"https:\/\/dicodusport.fr\/blog\/#\/schema\/logo\/image\/","url":"https:\/\/dicodusport.fr\/blog\/wp-content\/uploads\/2020\/06\/cropped-LOGO-DICODUSPORT-2020-SANS-FOND-SANS-TEXTE.png","contentUrl":"https:\/\/dicodusport.fr\/blog\/wp-content\/uploads\/2020\/06\/cropped-LOGO-DICODUSPORT-2020-SANS-FOND-SANS-TEXTE.png","width":512,"height":512,"caption":"Dicodusport"},"image":{"@id":"https:\/\/dicodusport.fr\/blog\/#\/schema\/logo\/image\/"},"sameAs":["https:\/\/www.facebook.com\/dicodusport","https:\/\/x.com\/dicodusport","https:\/\/www.instagram.com\/dicodusport\/","https:\/\/www.youtube.com\/channel\/UC7V2KZ5sd3htJivAbA4ZG3w"],"description":"Dicodusport est l'encyclop\u00e9die de l'actualit\u00e9 sportive.","email":"bonjour@dicodusport.fr","legalName":"DICODUSPORT","foundingDate":"2018-01-14","vatID":"FR71834470973","taxID":"83447097300043","numberOfEmployees":{"@type":"QuantitativeValue","minValue":"1","maxValue":"10"}},{"@type":"Person","@id":"https:\/\/dicodusport.fr\/blog\/#\/schema\/person\/cce96fa88785bd8573e3d43078ac8c79","name":"Arlette Yeye","image":{"@type":"ImageObject","inLanguage":"fr-FR","@id":"https:\/\/dicodusport.fr\/blog\/#\/schema\/person\/image\/","url":"https:\/\/secure.gravatar.com\/avatar\/dca4a6239e6d708e46c45d60e160de6c?s=96&d=wp_user_avatar&r=g","contentUrl":"https:\/\/secure.gravatar.com\/avatar\/dca4a6239e6d708e46c45d60e160de6c?s=96&d=wp_user_avatar&r=g","caption":"Arlette Yeye"},"description":"Journaliste\/r\u00e9dactrice depuis septembre 2015 - Supportrice de Chelsea, j'ai pour sports de pr\u00e9dilection le handball, l'athl\u00e9tisme et le tennis. Si je tweete plus vite que mon ombre, vous pouvez aussi me retrouver les week-ends sur les playgrounds de Bruxelles pour un petit foot ou basket entre potes. Parcourir la France, l'Europe et plus si affinit\u00e9s pour suivre mes sportifs pr\u00e9f\u00e9r\u00e9s ? Mon kif ! Et c'est avec plaisir que je partage les r\u00e9sultats des sports populaires mais \u00e9galement plus confidentiels pour Dicodusport.","sameAs":["https:\/\/x.com\/https:\/\/twitter.com\/Shiclette94"],"url":"https:\/\/dicodusport.fr\/blog\/author\/arlette\/"}]}},"_links":{"self":[{"href":"https:\/\/dicodusport.fr\/blog\/wp-json\/wp\/v2\/posts\/405185","targetHints":{"allow":["GET"]}}],"collection":[{"href":"https:\/\/dicodusport.fr\/blog\/wp-json\/wp\/v2\/posts"}],"about":[{"href":"https:\/\/dicodusport.fr\/blog\/wp-json\/wp\/v2\/types\/post"}],"author":[{"embeddable":true,"href":"https:\/\/dicodusport.fr\/blog\/wp-json\/wp\/v2\/users\/12"}],"replies":[{"embeddable":true,"href":"https:\/\/dicodusport.fr\/blog\/wp-json\/wp\/v2\/comments?post=405185"}],"version-history":[{"count":0,"href":"https:\/\/dicodusport.fr\/blog\/wp-json\/wp\/v2\/posts\/405185\/revisions"}],"wp:featuredmedia":[{"embeddable":true,"href":"https:\/\/dicodusport.fr\/blog\/wp-json\/wp\/v2\/media\/408578"}],"wp:attachment":[{"href":"https:\/\/dicodusport.fr\/blog\/wp-json\/wp\/v2\/media?parent=405185"}],"wp:term":[{"taxonomy":"category","embeddable":true,"href":"https:\/\/dicodusport.fr\/blog\/wp-json\/wp\/v2\/categories?post=405185"},{"taxonomy":"post_tag","embeddable":true,"href":"https:\/\/dicodusport.fr\/blog\/wp-json\/wp\/v2\/tags?post=405185"}],"curies":[{"name":"wp","href":"https:\/\/api.w.org\/{rel}","templated":true}]}}