{"id":405361,"date":"2023-08-03T12:04:28","date_gmt":"2023-08-03T10:04:28","guid":{"rendered":"https:\/\/dicodusport.fr\/blog\/?p=405361&#038;preview=true&#038;preview_id=405361"},"modified":"2023-08-03T15:49:32","modified_gmt":"2023-08-03T13:49:32","slug":"bleus-la-composition-du-xv-de-france-pour-le-premier-test-face-a-lecosse","status":"publish","type":"post","link":"https:\/\/dicodusport.fr\/blog\/bleus-la-composition-du-xv-de-france-pour-le-premier-test-face-a-lecosse\/","title":{"rendered":"Bleus : La composition du XV de France pour le premier test face \u00e0 l&rsquo;\u00c9cosse"},"content":{"rendered":"<p align=\"justify\"><em><strong><a href=\"https:\/\/dicodusport.fr\/blog\/actualites\/rugby\/rugby-a-xv\/xv-de-france\/\">XV DE FRANCE<\/a> &#8211; Ce jeudi, Fabien Galthi\u00e9 a d\u00e9voil\u00e9 la composition des Bleus pour le premier test du XV de France face \u00e0 l&rsquo;\u00c9cosse ce samedi (16h15). Il s&rsquo;agit du premier match de pr\u00e9paration en vue de la <a href=\"https:\/\/dicodusport.fr\/blog\/actualites\/rugby\/rugby-a-xv\/coupe-du-monde-de-rugby-2023\/\">Coupe du monde 2023<\/a>.<\/strong><\/em><\/p>\n<p style=\"text-align: justify;\" align=\"justify\">Sans surprise puisque c&rsquo;\u00e9tait annonc\u00e9, le staff de l&rsquo;\u00e9quipe de France a d\u00e9voil\u00e9 une \u00e9quipe avec aucun titulaire potentiel pour la prochaine Coupe du monde. <strong>Brice Dulin<\/strong> est align\u00e9 \u00e0 l&rsquo;arri\u00e8re et sera pour la premi\u00e8re fois le capitaine du XV de France, car ni <strong>Antoine<\/strong> <strong>Dupont<\/strong> ni <strong>Charles<\/strong> <strong>Ollivon<\/strong> sont sur la feuille de match. <strong>Paul<\/strong> <strong>Boudehent,<\/strong> <strong>\u00c9milien<\/strong> <strong>Gailleton<\/strong> et <strong>Louis Bielle-Biarrey<\/strong> vont conna\u00eetre leur premi\u00e8re s\u00e9lection.<\/p>\n<p align=\"justify\">Sur le banc de touche, <strong>Arthur<\/strong> <strong>Vincent<\/strong> fait son grand retour apr\u00e8s de longues gal\u00e8res et plusieurs blessures au genou.\u00a0 <strong>Baptiste<\/strong> <strong>Serin<\/strong> et <strong>Antoine<\/strong> <strong>Hatoy<\/strong> devraient aussi avoir du temps de jeu pour accrocher un des derniers tickets pour la <strong>Coupe du monde<\/strong>. <strong>Paul Willemse<\/strong> est aussi sur le banc pour suppl\u00e9er <strong>Cameron<\/strong> <strong>Woki<\/strong> ou <strong>Bastien<\/strong> <strong>Chalureau<\/strong> pendant la partie.<\/p>\n<p align=\"justify\"><strong>Demba<\/strong> <strong>Bamba<\/strong> fait lui aussi son grand retour avec les Bleus, au poste de pilier droit, alors que <strong>Sipili<\/strong> <strong>Falatea<\/strong> sera sur le banc pour prendre la suite en seconde p\u00e9riode. <strong>Jean-Baptiste Gros<\/strong> a \u00e9t\u00e9 pr\u00e9f\u00e9r\u00e9 \u00e0 <strong>Reda<\/strong> <strong>Wardi<\/strong> de l&rsquo;autre c\u00f4t\u00e9 de la premi\u00e8re ligne.<\/p>\n<h2 style=\"text-align: justify;\" align=\"justify\">La composition des Bleus face \u00e0 l&rsquo;\u00c9cosse<\/h2>\n<p style=\"text-align: justify;\"><strong>Le XV de d\u00e9part :<\/strong> 15. Dulin ; 14. Bielle-Biarrey, 13. Gailleton, 12. Moefana, 11. Dumortier ; 10. Jalibert, 9. Couilloud ; 7. Boudehent, 8. Tanga, 6. Macalou ; 5. Chalureau, 4. Woki ; 3. Bamba, 2. Bourgarit, 1. Gros.<\/p>\n<p style=\"text-align: justify;\"><strong>Les rempla\u00e7ants : <\/strong>16. Mauvaka, 17. Wardi, 18. Falatea, 19. Willemse, 20. Cretin, 21. Serin, 22. Hastoy, 23. Vincent.<\/p>\n<blockquote class=\"twitter-tweet\">\n<p dir=\"ltr\" lang=\"fr\">\ud83c\uddeb\ud83c\uddf7\ud83d\udca5\ud835\udc04\ud835\udc0b\ud835\udc0b\ud835\udc04 \ud835\udc04\ud835\udc12\ud835\udc13 \ud835\udc0b\ud835\udc00\u0300<\/p>\n<p>\ud83d\udc4a La composition du <a href=\"https:\/\/twitter.com\/hashtag\/XVdeFrance?src=hash&amp;ref_src=twsrc%5Etfw\">#XVdeFrance<\/a> pour notre premier match de pr\u00e9paration face \u00e0 l&rsquo;\u00c9cosse \u00e0 Murrayfield ! \ud83c\udff4\udb40\udc67\udb40\udc62\udb40\udc73\udb40\udc63\udb40\udc74\udb40\udc7f<\/p>\n<p>\ud83d\udcfa Rendez-vous samedi \u00e0 16h15 sur <a href=\"https:\/\/twitter.com\/TF1?ref_src=twsrc%5Etfw\">@TF1<\/a> <a href=\"https:\/\/twitter.com\/hashtag\/UnisPourUnR%C3%AAve?src=hash&amp;ref_src=twsrc%5Etfw\">#UnisPourUnR\u00eave<\/a> <a href=\"https:\/\/twitter.com\/hashtag\/NeFaisonsXV?src=hash&amp;ref_src=twsrc%5Etfw\">#NeFaisonsXV<\/a> <a href=\"https:\/\/t.co\/iL1K6AmArk\">pic.twitter.com\/iL1K6AmArk<\/a><\/p>\n<p>\u2014 France Rugby (@FranceRugby) <a href=\"https:\/\/twitter.com\/FranceRugby\/status\/1687042275673886720?ref_src=twsrc%5Etfw\">August 3, 2023<\/a><\/p><\/blockquote>\n<p><script async src=\"https:\/\/platform.twitter.com\/widgets.js\" charset=\"utf-8\"><\/script><\/p>\n<h2><strong>\u00c0 lire aussi :<\/strong><\/h2>\n<ul>\n<li><a href=\"https:\/\/dicodusport.fr\/blog\/rugby-test-matchs-ete-2023-calendrier-et-resultats\/\" target=\"_blank\" rel=\"noopener\"><strong>Rugby Test-Matchs \u00c9t\u00e9 2023 \u2013 Calendrier et r\u00e9sultats<\/strong><\/a><\/li>\n<li><a href=\"https:\/\/dicodusport.fr\/blog\/rugby-ecosse-france-a-quelle-heure-et-sur-quelle-chaine-tv\/\" target=\"_blank\" rel=\"noopener\"><strong>\u00c9cosse \u2013 France : \u00c0 quelle heure et sur quelle cha\u00eene TV<\/strong><\/a><\/li>\n<\/ul>\n","protected":false},"excerpt":{"rendered":"<p>XV DE FRANCE &#8211; Ce jeudi, Fabien Galthi\u00e9 a d\u00e9voil\u00e9 la composition des Bleus pour le premier test du XV de France face \u00e0 l&rsquo;\u00c9cosse ce samedi (16h15). Il s&rsquo;agit du premier match de pr\u00e9paration en vue de la Coupe du monde 2023.<\/p>\n","protected":false},"author":4,"featured_media":405363,"comment_status":"open","ping_status":"closed","sticky":false,"template":"","format":"standard","meta":{"_acf_changed":false,"_daextam_enable_autolinks":"","footnotes":""},"categories":[9129,19951],"tags":[16878,1332,33237,1638],"class_list":["post-405361","post","type-post","status-publish","format-standard","has-post-thumbnail","hentry","category-rugby-a-xv","category-xv-de-france","tag-breve","tag-ecosse","tag-test-matchs-rugby","tag-xv-de-france"],"acf":[],"yoast_head":"<!-- This site is optimized with the Yoast SEO Premium plugin v26.7 (Yoast SEO v26.7) - https:\/\/yoast.com\/wordpress\/plugins\/seo\/ -->\n<title>Bleus : La composition du XV de France pour le premier test face \u00e0 l&#039;\u00c9cosse<\/title>\n<meta name=\"description\" content=\"XV DE FRANCE - Ce jeudi, Fabien Galthi\u00e9 a d\u00e9voil\u00e9 la composition des Bleus pour le premier test du XV de France face \u00e0 l&#039;\u00c9cosse ce samedi.\" \/>\n<meta name=\"robots\" content=\"index, follow, max-snippet:-1, max-image-preview:large, max-video-preview:-1\" \/>\n<link rel=\"canonical\" href=\"https:\/\/dicodusport.fr\/blog\/bleus-la-composition-du-xv-de-france-pour-le-premier-test-face-a-lecosse\/\" \/>\n<meta property=\"og:locale\" content=\"fr_FR\" \/>\n<meta property=\"og:type\" content=\"article\" \/>\n<meta property=\"og:title\" content=\"Bleus : La composition du XV de France pour le premier test face \u00e0 l&#039;\u00c9cosse\" \/>\n<meta property=\"og:description\" content=\"XV DE FRANCE - Ce jeudi, Fabien Galthi\u00e9 a d\u00e9voil\u00e9 la composition des Bleus pour le premier test du XV de France face \u00e0 l&#039;\u00c9cosse ce samedi.\" \/>\n<meta property=\"og:url\" content=\"https:\/\/dicodusport.fr\/blog\/bleus-la-composition-du-xv-de-france-pour-le-premier-test-face-a-lecosse\/\" \/>\n<meta property=\"og:site_name\" content=\"Dicodusport\" \/>\n<meta property=\"article:publisher\" content=\"https:\/\/www.facebook.com\/dicodusport\" \/>\n<meta property=\"article:author\" content=\"https:\/\/www.facebook.com\/florent.ostermann\" \/>\n<meta property=\"article:published_time\" content=\"2023-08-03T10:04:28+00:00\" \/>\n<meta property=\"article:modified_time\" content=\"2023-08-03T13:49:32+00:00\" \/>\n<meta property=\"og:image\" content=\"https:\/\/dicodusport.fr\/blog\/wp-content\/uploads\/2023\/08\/Bleus-La-composition-du-XV-de-France-pour-le-premier-test-face-a-lEcosse.png\" \/>\n\t<meta property=\"og:image:width\" content=\"800\" \/>\n\t<meta property=\"og:image:height\" content=\"445\" \/>\n\t<meta property=\"og:image:type\" content=\"image\/png\" \/>\n<meta name=\"author\" content=\"Flo Ostermann\" \/>\n<meta name=\"twitter:card\" content=\"summary_large_image\" \/>\n<meta name=\"twitter:title\" content=\"Bleus : La composition du XV de France pour le premier test face \u00e0 l&#039;\u00c9cosse\" \/>\n<meta name=\"twitter:creator\" content=\"@https:\/\/twitter.com\/FlOstermann\" \/>\n<meta name=\"twitter:site\" content=\"@dicodusport\" \/>\n<script type=\"application\/ld+json\" class=\"yoast-schema-graph\">{\"@context\":\"https:\/\/schema.org\",\"@graph\":[{\"@type\":\"NewsArticle\",\"@id\":\"https:\/\/dicodusport.fr\/blog\/bleus-la-composition-du-xv-de-france-pour-le-premier-test-face-a-lecosse\/#article\",\"isPartOf\":{\"@id\":\"https:\/\/dicodusport.fr\/blog\/bleus-la-composition-du-xv-de-france-pour-le-premier-test-face-a-lecosse\/\"},\"author\":{\"name\":\"Flo Ostermann\",\"@id\":\"https:\/\/dicodusport.fr\/blog\/#\/schema\/person\/cb02af4c173ce4a653b55e9baf388d4a\"},\"headline\":\"Bleus : La composition du XV de France pour le premier test face \u00e0 l&rsquo;\u00c9cosse\",\"datePublished\":\"2023-08-03T10:04:28+00:00\",\"dateModified\":\"2023-08-03T13:49:32+00:00\",\"mainEntityOfPage\":{\"@id\":\"https:\/\/dicodusport.fr\/blog\/bleus-la-composition-du-xv-de-france-pour-le-premier-test-face-a-lecosse\/\"},\"wordCount\":339,\"commentCount\":0,\"publisher\":{\"@id\":\"https:\/\/dicodusport.fr\/blog\/#organization\"},\"image\":{\"@id\":\"https:\/\/dicodusport.fr\/blog\/bleus-la-composition-du-xv-de-france-pour-le-premier-test-face-a-lecosse\/#primaryimage\"},\"thumbnailUrl\":\"https:\/\/dicodusport.fr\/blog\/wp-content\/uploads\/2023\/08\/Bleus-La-composition-du-XV-de-France-pour-le-premier-test-face-a-lEcosse.png\",\"keywords\":[\"br\u00e8ve\",\"Ecosse\",\"Test matchs Rugby\",\"XV de France\"],\"articleSection\":[\"Rugby \u00e0 XV\",\"XV de France\"],\"inLanguage\":\"fr-FR\",\"potentialAction\":[{\"@type\":\"CommentAction\",\"name\":\"Comment\",\"target\":[\"https:\/\/dicodusport.fr\/blog\/bleus-la-composition-du-xv-de-france-pour-le-premier-test-face-a-lecosse\/#respond\"]}],\"copyrightYear\":\"2023\",\"copyrightHolder\":{\"@id\":\"https:\/\/dicodusport.fr\/blog\/#organization\"}},{\"@type\":\"WebPage\",\"@id\":\"https:\/\/dicodusport.fr\/blog\/bleus-la-composition-du-xv-de-france-pour-le-premier-test-face-a-lecosse\/\",\"url\":\"https:\/\/dicodusport.fr\/blog\/bleus-la-composition-du-xv-de-france-pour-le-premier-test-face-a-lecosse\/\",\"name\":\"Bleus : La composition du XV de France pour le premier test face \u00e0 l'\u00c9cosse\",\"isPartOf\":{\"@id\":\"https:\/\/dicodusport.fr\/blog\/#website\"},\"primaryImageOfPage\":{\"@id\":\"https:\/\/dicodusport.fr\/blog\/bleus-la-composition-du-xv-de-france-pour-le-premier-test-face-a-lecosse\/#primaryimage\"},\"image\":{\"@id\":\"https:\/\/dicodusport.fr\/blog\/bleus-la-composition-du-xv-de-france-pour-le-premier-test-face-a-lecosse\/#primaryimage\"},\"thumbnailUrl\":\"https:\/\/dicodusport.fr\/blog\/wp-content\/uploads\/2023\/08\/Bleus-La-composition-du-XV-de-France-pour-le-premier-test-face-a-lEcosse.png\",\"datePublished\":\"2023-08-03T10:04:28+00:00\",\"dateModified\":\"2023-08-03T13:49:32+00:00\",\"description\":\"XV DE FRANCE - Ce jeudi, Fabien Galthi\u00e9 a d\u00e9voil\u00e9 la composition des Bleus pour le premier test du XV de France face \u00e0 l'\u00c9cosse ce samedi.\",\"breadcrumb\":{\"@id\":\"https:\/\/dicodusport.fr\/blog\/bleus-la-composition-du-xv-de-france-pour-le-premier-test-face-a-lecosse\/#breadcrumb\"},\"inLanguage\":\"fr-FR\",\"potentialAction\":[{\"@type\":\"ReadAction\",\"target\":[\"https:\/\/dicodusport.fr\/blog\/bleus-la-composition-du-xv-de-france-pour-le-premier-test-face-a-lecosse\/\"]}]},{\"@type\":\"ImageObject\",\"inLanguage\":\"fr-FR\",\"@id\":\"https:\/\/dicodusport.fr\/blog\/bleus-la-composition-du-xv-de-france-pour-le-premier-test-face-a-lecosse\/#primaryimage\",\"url\":\"https:\/\/dicodusport.fr\/blog\/wp-content\/uploads\/2023\/08\/Bleus-La-composition-du-XV-de-France-pour-le-premier-test-face-a-lEcosse.png\",\"contentUrl\":\"https:\/\/dicodusport.fr\/blog\/wp-content\/uploads\/2023\/08\/Bleus-La-composition-du-XV-de-France-pour-le-premier-test-face-a-lEcosse.png\",\"width\":800,\"height\":445,\"caption\":\"Bleus La composition du XV de France pour le premier test face \u00e0 l'\u00c9cosse\"},{\"@type\":\"BreadcrumbList\",\"@id\":\"https:\/\/dicodusport.fr\/blog\/bleus-la-composition-du-xv-de-france-pour-le-premier-test-face-a-lecosse\/#breadcrumb\",\"itemListElement\":[{\"@type\":\"ListItem\",\"position\":1,\"name\":\"Accueil\",\"item\":\"https:\/\/dicodusport.fr\/blog\/\"},{\"@type\":\"ListItem\",\"position\":2,\"name\":\"Bleus : La composition du XV de France pour le premier test face \u00e0 l&rsquo;\u00c9cosse\"}]},{\"@type\":\"WebSite\",\"@id\":\"https:\/\/dicodusport.fr\/blog\/#website\",\"url\":\"https:\/\/dicodusport.fr\/blog\/\",\"name\":\"Dicodusport\",\"description\":\"L&#039;encyclop\u00e9die de l&#039;actualit\u00e9 sportive\",\"publisher\":{\"@id\":\"https:\/\/dicodusport.fr\/blog\/#organization\"},\"potentialAction\":[{\"@type\":\"SearchAction\",\"target\":{\"@type\":\"EntryPoint\",\"urlTemplate\":\"https:\/\/dicodusport.fr\/blog\/?s={search_term_string}\"},\"query-input\":{\"@type\":\"PropertyValueSpecification\",\"valueRequired\":true,\"valueName\":\"search_term_string\"}}],\"inLanguage\":\"fr-FR\"},{\"@type\":\"NewsMediaOrganization\",\"@id\":\"https:\/\/dicodusport.fr\/blog\/#organization\",\"name\":\"Dicodusport\",\"url\":\"https:\/\/dicodusport.fr\/blog\/\",\"logo\":{\"@type\":\"ImageObject\",\"inLanguage\":\"fr-FR\",\"@id\":\"https:\/\/dicodusport.fr\/blog\/#\/schema\/logo\/image\/\",\"url\":\"https:\/\/dicodusport.fr\/blog\/wp-content\/uploads\/2020\/06\/cropped-LOGO-DICODUSPORT-2020-SANS-FOND-SANS-TEXTE.png\",\"contentUrl\":\"https:\/\/dicodusport.fr\/blog\/wp-content\/uploads\/2020\/06\/cropped-LOGO-DICODUSPORT-2020-SANS-FOND-SANS-TEXTE.png\",\"width\":512,\"height\":512,\"caption\":\"Dicodusport\"},\"image\":{\"@id\":\"https:\/\/dicodusport.fr\/blog\/#\/schema\/logo\/image\/\"},\"sameAs\":[\"https:\/\/www.facebook.com\/dicodusport\",\"https:\/\/x.com\/dicodusport\",\"https:\/\/www.instagram.com\/dicodusport\/\",\"https:\/\/www.youtube.com\/channel\/UC7V2KZ5sd3htJivAbA4ZG3w\"],\"description\":\"Dicodusport est l'encyclop\u00e9die de l'actualit\u00e9 sportive.\",\"email\":\"bonjour@dicodusport.fr\",\"legalName\":\"DICODUSPORT\",\"foundingDate\":\"2018-01-14\",\"vatID\":\"FR71834470973\",\"taxID\":\"83447097300043\",\"numberOfEmployees\":{\"@type\":\"QuantitativeValue\",\"minValue\":\"1\",\"maxValue\":\"10\"}},{\"@type\":\"Person\",\"@id\":\"https:\/\/dicodusport.fr\/blog\/#\/schema\/person\/cb02af4c173ce4a653b55e9baf388d4a\",\"name\":\"Flo Ostermann\",\"image\":{\"@type\":\"ImageObject\",\"inLanguage\":\"fr-FR\",\"@id\":\"https:\/\/dicodusport.fr\/blog\/#\/schema\/person\/image\/\",\"url\":\"https:\/\/dicodusport.fr\/blog\/wp-content\/uploads\/2021\/05\/Flo-Ostermann-150x150.jpg\",\"contentUrl\":\"https:\/\/dicodusport.fr\/blog\/wp-content\/uploads\/2021\/05\/Flo-Ostermann-150x150.jpg\",\"caption\":\"Flo Ostermann\"},\"description\":\"Journaliste\/R\u00e9dacteur depuis septembre 2015 - Mes premiers souvenirs dans le sport ? Les envol\u00e9es du Stade Toulousain et les duels Villeneuve-Schumacher et H\u00e4kkinen-Schumacher \u00e0 la fin des ann\u00e9es 90, la Coupe du monde de football en 1998, l\u2019exploit du XV de France face aux All Blacks en 1999, mais aussi Richard C\u0153ur de Lion qui vole sur les montagnes du Tour de France. Bien parti pour devenir professeur d\u2019EPS, les \u00e9v\u00e9nements de la vie (et la flemme d\u2019animer des s\u00e9ances de 3x500 m\u00e8tres toute ma vie) m\u2019ont conduit \u00e0 revoir mes plans. Me voil\u00e0 depuis fin 2017 sur Dicodusport, m\u00e9dia gr\u00e2ce (et pour) lequel je partage ma passion : le sport dans tous ses \u00e9tats. Le tout accompagn\u00e9 par les fous furieux et folles furieuses cit\u00e9s sur cette page !\",\"sameAs\":[\"https:\/\/www.facebook.com\/florent.ostermann\",\"https:\/\/x.com\/https:\/\/twitter.com\/FlOstermann\",\"admin\"],\"url\":\"https:\/\/dicodusport.fr\/blog\/author\/flo\/\"}]}<\/script>\n<!-- \/ Yoast SEO Premium plugin. -->","yoast_head_json":{"title":"Bleus : La composition du XV de France pour le premier test face \u00e0 l'\u00c9cosse","description":"XV DE FRANCE - Ce jeudi, Fabien Galthi\u00e9 a d\u00e9voil\u00e9 la composition des Bleus pour le premier test du XV de France face \u00e0 l'\u00c9cosse ce samedi.","robots":{"index":"index","follow":"follow","max-snippet":"max-snippet:-1","max-image-preview":"max-image-preview:large","max-video-preview":"max-video-preview:-1"},"canonical":"https:\/\/dicodusport.fr\/blog\/bleus-la-composition-du-xv-de-france-pour-le-premier-test-face-a-lecosse\/","og_locale":"fr_FR","og_type":"article","og_title":"Bleus : La composition du XV de France pour le premier test face \u00e0 l'\u00c9cosse","og_description":"XV DE FRANCE - Ce jeudi, Fabien Galthi\u00e9 a d\u00e9voil\u00e9 la composition des Bleus pour le premier test du XV de France face \u00e0 l'\u00c9cosse ce samedi.","og_url":"https:\/\/dicodusport.fr\/blog\/bleus-la-composition-du-xv-de-france-pour-le-premier-test-face-a-lecosse\/","og_site_name":"Dicodusport","article_publisher":"https:\/\/www.facebook.com\/dicodusport","article_author":"https:\/\/www.facebook.com\/florent.ostermann","article_published_time":"2023-08-03T10:04:28+00:00","article_modified_time":"2023-08-03T13:49:32+00:00","og_image":[{"width":800,"height":445,"url":"https:\/\/dicodusport.fr\/blog\/wp-content\/uploads\/2023\/08\/Bleus-La-composition-du-XV-de-France-pour-le-premier-test-face-a-lEcosse.png","type":"image\/png"}],"author":"Flo Ostermann","twitter_card":"summary_large_image","twitter_title":"Bleus : La composition du XV de France pour le premier test face \u00e0 l'\u00c9cosse","twitter_creator":"@https:\/\/twitter.com\/FlOstermann","twitter_site":"@dicodusport","schema":{"@context":"https:\/\/schema.org","@graph":[{"@type":"NewsArticle","@id":"https:\/\/dicodusport.fr\/blog\/bleus-la-composition-du-xv-de-france-pour-le-premier-test-face-a-lecosse\/#article","isPartOf":{"@id":"https:\/\/dicodusport.fr\/blog\/bleus-la-composition-du-xv-de-france-pour-le-premier-test-face-a-lecosse\/"},"author":{"name":"Flo Ostermann","@id":"https:\/\/dicodusport.fr\/blog\/#\/schema\/person\/cb02af4c173ce4a653b55e9baf388d4a"},"headline":"Bleus : La composition du XV de France pour le premier test face \u00e0 l&rsquo;\u00c9cosse","datePublished":"2023-08-03T10:04:28+00:00","dateModified":"2023-08-03T13:49:32+00:00","mainEntityOfPage":{"@id":"https:\/\/dicodusport.fr\/blog\/bleus-la-composition-du-xv-de-france-pour-le-premier-test-face-a-lecosse\/"},"wordCount":339,"commentCount":0,"publisher":{"@id":"https:\/\/dicodusport.fr\/blog\/#organization"},"image":{"@id":"https:\/\/dicodusport.fr\/blog\/bleus-la-composition-du-xv-de-france-pour-le-premier-test-face-a-lecosse\/#primaryimage"},"thumbnailUrl":"https:\/\/dicodusport.fr\/blog\/wp-content\/uploads\/2023\/08\/Bleus-La-composition-du-XV-de-France-pour-le-premier-test-face-a-lEcosse.png","keywords":["br\u00e8ve","Ecosse","Test matchs Rugby","XV de France"],"articleSection":["Rugby \u00e0 XV","XV de France"],"inLanguage":"fr-FR","potentialAction":[{"@type":"CommentAction","name":"Comment","target":["https:\/\/dicodusport.fr\/blog\/bleus-la-composition-du-xv-de-france-pour-le-premier-test-face-a-lecosse\/#respond"]}],"copyrightYear":"2023","copyrightHolder":{"@id":"https:\/\/dicodusport.fr\/blog\/#organization"}},{"@type":"WebPage","@id":"https:\/\/dicodusport.fr\/blog\/bleus-la-composition-du-xv-de-france-pour-le-premier-test-face-a-lecosse\/","url":"https:\/\/dicodusport.fr\/blog\/bleus-la-composition-du-xv-de-france-pour-le-premier-test-face-a-lecosse\/","name":"Bleus : La composition du XV de France pour le premier test face \u00e0 l'\u00c9cosse","isPartOf":{"@id":"https:\/\/dicodusport.fr\/blog\/#website"},"primaryImageOfPage":{"@id":"https:\/\/dicodusport.fr\/blog\/bleus-la-composition-du-xv-de-france-pour-le-premier-test-face-a-lecosse\/#primaryimage"},"image":{"@id":"https:\/\/dicodusport.fr\/blog\/bleus-la-composition-du-xv-de-france-pour-le-premier-test-face-a-lecosse\/#primaryimage"},"thumbnailUrl":"https:\/\/dicodusport.fr\/blog\/wp-content\/uploads\/2023\/08\/Bleus-La-composition-du-XV-de-France-pour-le-premier-test-face-a-lEcosse.png","datePublished":"2023-08-03T10:04:28+00:00","dateModified":"2023-08-03T13:49:32+00:00","description":"XV DE FRANCE - Ce jeudi, Fabien Galthi\u00e9 a d\u00e9voil\u00e9 la composition des Bleus pour le premier test du XV de France face \u00e0 l'\u00c9cosse ce samedi.","breadcrumb":{"@id":"https:\/\/dicodusport.fr\/blog\/bleus-la-composition-du-xv-de-france-pour-le-premier-test-face-a-lecosse\/#breadcrumb"},"inLanguage":"fr-FR","potentialAction":[{"@type":"ReadAction","target":["https:\/\/dicodusport.fr\/blog\/bleus-la-composition-du-xv-de-france-pour-le-premier-test-face-a-lecosse\/"]}]},{"@type":"ImageObject","inLanguage":"fr-FR","@id":"https:\/\/dicodusport.fr\/blog\/bleus-la-composition-du-xv-de-france-pour-le-premier-test-face-a-lecosse\/#primaryimage","url":"https:\/\/dicodusport.fr\/blog\/wp-content\/uploads\/2023\/08\/Bleus-La-composition-du-XV-de-France-pour-le-premier-test-face-a-lEcosse.png","contentUrl":"https:\/\/dicodusport.fr\/blog\/wp-content\/uploads\/2023\/08\/Bleus-La-composition-du-XV-de-France-pour-le-premier-test-face-a-lEcosse.png","width":800,"height":445,"caption":"Bleus La composition du XV de France pour le premier test face \u00e0 l'\u00c9cosse"},{"@type":"BreadcrumbList","@id":"https:\/\/dicodusport.fr\/blog\/bleus-la-composition-du-xv-de-france-pour-le-premier-test-face-a-lecosse\/#breadcrumb","itemListElement":[{"@type":"ListItem","position":1,"name":"Accueil","item":"https:\/\/dicodusport.fr\/blog\/"},{"@type":"ListItem","position":2,"name":"Bleus : La composition du XV de France pour le premier test face \u00e0 l&rsquo;\u00c9cosse"}]},{"@type":"WebSite","@id":"https:\/\/dicodusport.fr\/blog\/#website","url":"https:\/\/dicodusport.fr\/blog\/","name":"Dicodusport","description":"L&#039;encyclop\u00e9die de l&#039;actualit\u00e9 sportive","publisher":{"@id":"https:\/\/dicodusport.fr\/blog\/#organization"},"potentialAction":[{"@type":"SearchAction","target":{"@type":"EntryPoint","urlTemplate":"https:\/\/dicodusport.fr\/blog\/?s={search_term_string}"},"query-input":{"@type":"PropertyValueSpecification","valueRequired":true,"valueName":"search_term_string"}}],"inLanguage":"fr-FR"},{"@type":"NewsMediaOrganization","@id":"https:\/\/dicodusport.fr\/blog\/#organization","name":"Dicodusport","url":"https:\/\/dicodusport.fr\/blog\/","logo":{"@type":"ImageObject","inLanguage":"fr-FR","@id":"https:\/\/dicodusport.fr\/blog\/#\/schema\/logo\/image\/","url":"https:\/\/dicodusport.fr\/blog\/wp-content\/uploads\/2020\/06\/cropped-LOGO-DICODUSPORT-2020-SANS-FOND-SANS-TEXTE.png","contentUrl":"https:\/\/dicodusport.fr\/blog\/wp-content\/uploads\/2020\/06\/cropped-LOGO-DICODUSPORT-2020-SANS-FOND-SANS-TEXTE.png","width":512,"height":512,"caption":"Dicodusport"},"image":{"@id":"https:\/\/dicodusport.fr\/blog\/#\/schema\/logo\/image\/"},"sameAs":["https:\/\/www.facebook.com\/dicodusport","https:\/\/x.com\/dicodusport","https:\/\/www.instagram.com\/dicodusport\/","https:\/\/www.youtube.com\/channel\/UC7V2KZ5sd3htJivAbA4ZG3w"],"description":"Dicodusport est l'encyclop\u00e9die de l'actualit\u00e9 sportive.","email":"bonjour@dicodusport.fr","legalName":"DICODUSPORT","foundingDate":"2018-01-14","vatID":"FR71834470973","taxID":"83447097300043","numberOfEmployees":{"@type":"QuantitativeValue","minValue":"1","maxValue":"10"}},{"@type":"Person","@id":"https:\/\/dicodusport.fr\/blog\/#\/schema\/person\/cb02af4c173ce4a653b55e9baf388d4a","name":"Flo Ostermann","image":{"@type":"ImageObject","inLanguage":"fr-FR","@id":"https:\/\/dicodusport.fr\/blog\/#\/schema\/person\/image\/","url":"https:\/\/dicodusport.fr\/blog\/wp-content\/uploads\/2021\/05\/Flo-Ostermann-150x150.jpg","contentUrl":"https:\/\/dicodusport.fr\/blog\/wp-content\/uploads\/2021\/05\/Flo-Ostermann-150x150.jpg","caption":"Flo Ostermann"},"description":"Journaliste\/R\u00e9dacteur depuis septembre 2015 - Mes premiers souvenirs dans le sport ? Les envol\u00e9es du Stade Toulousain et les duels Villeneuve-Schumacher et H\u00e4kkinen-Schumacher \u00e0 la fin des ann\u00e9es 90, la Coupe du monde de football en 1998, l\u2019exploit du XV de France face aux All Blacks en 1999, mais aussi Richard C\u0153ur de Lion qui vole sur les montagnes du Tour de France. Bien parti pour devenir professeur d\u2019EPS, les \u00e9v\u00e9nements de la vie (et la flemme d\u2019animer des s\u00e9ances de 3x500 m\u00e8tres toute ma vie) m\u2019ont conduit \u00e0 revoir mes plans. Me voil\u00e0 depuis fin 2017 sur Dicodusport, m\u00e9dia gr\u00e2ce (et pour) lequel je partage ma passion : le sport dans tous ses \u00e9tats. Le tout accompagn\u00e9 par les fous furieux et folles furieuses cit\u00e9s sur cette page !","sameAs":["https:\/\/www.facebook.com\/florent.ostermann","https:\/\/x.com\/https:\/\/twitter.com\/FlOstermann","admin"],"url":"https:\/\/dicodusport.fr\/blog\/author\/flo\/"}]}},"_links":{"self":[{"href":"https:\/\/dicodusport.fr\/blog\/wp-json\/wp\/v2\/posts\/405361","targetHints":{"allow":["GET"]}}],"collection":[{"href":"https:\/\/dicodusport.fr\/blog\/wp-json\/wp\/v2\/posts"}],"about":[{"href":"https:\/\/dicodusport.fr\/blog\/wp-json\/wp\/v2\/types\/post"}],"author":[{"embeddable":true,"href":"https:\/\/dicodusport.fr\/blog\/wp-json\/wp\/v2\/users\/4"}],"replies":[{"embeddable":true,"href":"https:\/\/dicodusport.fr\/blog\/wp-json\/wp\/v2\/comments?post=405361"}],"version-history":[{"count":0,"href":"https:\/\/dicodusport.fr\/blog\/wp-json\/wp\/v2\/posts\/405361\/revisions"}],"wp:featuredmedia":[{"embeddable":true,"href":"https:\/\/dicodusport.fr\/blog\/wp-json\/wp\/v2\/media\/405363"}],"wp:attachment":[{"href":"https:\/\/dicodusport.fr\/blog\/wp-json\/wp\/v2\/media?parent=405361"}],"wp:term":[{"taxonomy":"category","embeddable":true,"href":"https:\/\/dicodusport.fr\/blog\/wp-json\/wp\/v2\/categories?post=405361"},{"taxonomy":"post_tag","embeddable":true,"href":"https:\/\/dicodusport.fr\/blog\/wp-json\/wp\/v2\/tags?post=405361"}],"curies":[{"name":"wp","href":"https:\/\/api.w.org\/{rel}","templated":true}]}}