{"id":405610,"date":"2023-08-04T09:57:15","date_gmt":"2023-08-04T07:57:15","guid":{"rendered":"https:\/\/dicodusport.fr\/blog\/?p=405610&#038;preview=true&#038;preview_id=405610"},"modified":"2023-08-04T10:38:17","modified_gmt":"2023-08-04T08:38:17","slug":"mercato-rennes-vise-bien-nemanja-matic","status":"publish","type":"post","link":"https:\/\/dicodusport.fr\/blog\/mercato-rennes-vise-bien-nemanja-matic\/","title":{"rendered":"Mercato : Rennes vise bien Nemanja Matic"},"content":{"rendered":"<p align=\"justify\"><em><b>LIGUE 1 2023-2024 &#8211; Selon L&rsquo;\u00c9quipe, Nemanja Matic est bien dans le viseur du Stade Rennais pour ce mercato estival.\u00a0<\/b><\/em><\/p>\n<p align=\"justify\">Le jeune <strong>Lesley Ugochukwu<\/strong> a quitt\u00e9 le <strong>Stade Rennais<\/strong> pour rejoindre Chelsea contre un joli ch\u00e8que de 30 millions d&rsquo;euros. Si le club breton a d\u00e9j\u00e0 recrut\u00e9 au milieu de terrain avec notamment l&rsquo;arriv\u00e9e d&rsquo;<strong>Enzo Le F\u00e9e<\/strong>, un rempla\u00e7ant au jeune franco-nig\u00e9rian est bien recherch\u00e9. Nos confr\u00e8res ont \u00e9voqu\u00e9 deux pistes principales la semaine pass\u00e9e : <strong>Nemanja<\/strong> <strong>Matic<\/strong> et <strong>Ti\u00e9mou\u00e9<\/strong> <strong>Bakayoko<\/strong>.<\/p>\n<p align=\"justify\">L&rsquo;international serbe, 35 ans, sera-t-il Rennais dans quelques jours ? C&rsquo;est en tout cas une possibilit\u00e9. <strong>Bruno<\/strong> <strong>G\u00e9n\u00e9sio<\/strong>, entra\u00eeneur du <strong>Stade<\/strong> <strong>Rennais<\/strong>, a \u00e9t\u00e9 interrog\u00e9 \u00e0 ce sujet. Il n&rsquo;a pas d\u00e9menti la piste menant \u00e0 <strong>Nemanja<\/strong> <strong>Matic<\/strong> :<\/p>\n<blockquote>\n<p style=\"text-align: justify;\" align=\"justify\">Il y en a plusieurs pistes, apr\u00e8s on ne peut pas divulguer tout ce qu&rsquo;on fait, mais num\u00e9riquement, on doit le remplacer.<\/p>\n<\/blockquote>\n<p align=\"justify\">Apr\u00e8s plusieurs saisons en Angleterre avec <strong>Chelsea<\/strong> puis <strong>Manchester City, Nemanja<\/strong> <strong>Matic<\/strong> a rejoint l&rsquo;<strong>AS Rome<\/strong> \u00e0 l&rsquo;\u00e9t\u00e9 2022. Il sort d&rsquo;une saison pleine avec 50 matchs disput\u00e9s sous les ordres de <strong>Jos\u00e9 Mourinho<\/strong> et semble toujours tr\u00e8s en forme malgr\u00e9 les ann\u00e9es qui passent.<\/p>\n<blockquote class=\"twitter-tweet\">\n<p dir=\"ltr\" lang=\"fr\">Selon L&rsquo;Equipe, Rennes cible Nemanja Matic pour renforcer son entrejeu. Bruno Genesio a r\u00e9pondu \u00e0 cet int\u00e9r\u00eat.<a href=\"https:\/\/t.co\/z0QxZQQjrb\">https:\/\/t.co\/z0QxZQQjrb<\/a><\/p>\n<p>\u2014 RMC Sport (@RMCsport) <a href=\"https:\/\/twitter.com\/RMCsport\/status\/1687330044954226688?ref_src=twsrc%5Etfw\">August 4, 2023<\/a><\/p><\/blockquote>\n<p><script async src=\"https:\/\/platform.twitter.com\/widgets.js\" charset=\"utf-8\"><\/script><\/p>\n","protected":false},"excerpt":{"rendered":"<p>LIGUE 1 2023-2024 &#8211; Selon L&rsquo;\u00c9quipe, Nemanja Matic est bien dans le viseur du Stade Rennais pour ce mercato estival.\u00a0<\/p>\n","protected":false},"author":1,"featured_media":405612,"comment_status":"open","ping_status":"closed","sticky":false,"template":"","format":"standard","meta":{"_acf_changed":false,"_daextam_enable_autolinks":"","footnotes":""},"categories":[2301,47045],"tags":[4704,16878,75,33312,1840],"class_list":["post-405610","post","type-post","status-publish","format-standard","has-post-thumbnail","hentry","category-football","category-ligue-1","tag-as-rome","tag-breve","tag-football","tag-nemanja-matic","tag-rennes"],"acf":[],"yoast_head":"<!-- This site is optimized with the Yoast SEO Premium plugin v26.7 (Yoast SEO v26.7) - https:\/\/yoast.com\/wordpress\/plugins\/seo\/ -->\n<title>Mercato : Rennes vise bien Nemanja Matic<\/title>\n<meta name=\"description\" content=\"LIGUE 1 2023-2024 - Selon L&#039;\u00c9quipe, Nemanja Matic est bien dans le viseur du Stade Rennais pour ce mercato estival.\u00a0\" \/>\n<meta name=\"robots\" content=\"index, follow, max-snippet:-1, max-image-preview:large, max-video-preview:-1\" \/>\n<link rel=\"canonical\" href=\"https:\/\/dicodusport.fr\/blog\/mercato-rennes-vise-bien-nemanja-matic\/\" \/>\n<meta property=\"og:locale\" content=\"fr_FR\" \/>\n<meta property=\"og:type\" content=\"article\" \/>\n<meta property=\"og:title\" content=\"Mercato : Rennes vise bien Nemanja Matic\" \/>\n<meta property=\"og:description\" content=\"LIGUE 1 2023-2024 - Selon L&#039;\u00c9quipe, Nemanja Matic est bien dans le viseur du Stade Rennais pour ce mercato estival.\u00a0\" \/>\n<meta property=\"og:url\" content=\"https:\/\/dicodusport.fr\/blog\/mercato-rennes-vise-bien-nemanja-matic\/\" \/>\n<meta property=\"og:site_name\" content=\"Dicodusport\" \/>\n<meta property=\"article:publisher\" content=\"https:\/\/www.facebook.com\/dicodusport\" \/>\n<meta property=\"article:author\" content=\"https:\/\/www.facebook.com\/dicodusport\" \/>\n<meta property=\"article:published_time\" content=\"2023-08-04T07:57:15+00:00\" \/>\n<meta property=\"article:modified_time\" content=\"2023-08-04T08:38:17+00:00\" \/>\n<meta property=\"og:image\" content=\"https:\/\/dicodusport.fr\/blog\/wp-content\/uploads\/2023\/08\/Mercato-Rennes-vise-bien-Nemanja-Matic.png\" \/>\n\t<meta property=\"og:image:width\" content=\"800\" \/>\n\t<meta property=\"og:image:height\" content=\"445\" \/>\n\t<meta property=\"og:image:type\" content=\"image\/png\" \/>\n<meta name=\"author\" content=\"Nicolas Jacquemard\" \/>\n<meta name=\"twitter:card\" content=\"summary_large_image\" \/>\n<meta name=\"twitter:title\" content=\"Mercato : Rennes vise bien Nemanja Matic\" \/>\n<meta name=\"twitter:creator\" content=\"@https:\/\/twitter.com\/Nico_Jacquemard\" \/>\n<meta name=\"twitter:site\" content=\"@dicodusport\" \/>\n<script type=\"application\/ld+json\" class=\"yoast-schema-graph\">{\"@context\":\"https:\/\/schema.org\",\"@graph\":[{\"@type\":\"NewsArticle\",\"@id\":\"https:\/\/dicodusport.fr\/blog\/mercato-rennes-vise-bien-nemanja-matic\/#article\",\"isPartOf\":{\"@id\":\"https:\/\/dicodusport.fr\/blog\/mercato-rennes-vise-bien-nemanja-matic\/\"},\"author\":{\"name\":\"Nicolas Jacquemard\",\"@id\":\"https:\/\/dicodusport.fr\/blog\/#\/schema\/person\/55dcb50ad410894e431ed812bbb70191\"},\"headline\":\"Mercato : Rennes vise bien Nemanja Matic\",\"datePublished\":\"2023-08-04T07:57:15+00:00\",\"dateModified\":\"2023-08-04T08:38:17+00:00\",\"mainEntityOfPage\":{\"@id\":\"https:\/\/dicodusport.fr\/blog\/mercato-rennes-vise-bien-nemanja-matic\/\"},\"wordCount\":241,\"commentCount\":0,\"publisher\":{\"@id\":\"https:\/\/dicodusport.fr\/blog\/#organization\"},\"image\":{\"@id\":\"https:\/\/dicodusport.fr\/blog\/mercato-rennes-vise-bien-nemanja-matic\/#primaryimage\"},\"thumbnailUrl\":\"https:\/\/dicodusport.fr\/blog\/wp-content\/uploads\/2023\/08\/Mercato-Rennes-vise-bien-Nemanja-Matic.png\",\"keywords\":[\"AS Rome\",\"br\u00e8ve\",\"Football\",\"Nemanja Matic\",\"Rennes\"],\"articleSection\":[\"Football\",\"Ligue 1\"],\"inLanguage\":\"fr-FR\",\"potentialAction\":[{\"@type\":\"CommentAction\",\"name\":\"Comment\",\"target\":[\"https:\/\/dicodusport.fr\/blog\/mercato-rennes-vise-bien-nemanja-matic\/#respond\"]}],\"copyrightYear\":\"2023\",\"copyrightHolder\":{\"@id\":\"https:\/\/dicodusport.fr\/blog\/#organization\"}},{\"@type\":\"WebPage\",\"@id\":\"https:\/\/dicodusport.fr\/blog\/mercato-rennes-vise-bien-nemanja-matic\/\",\"url\":\"https:\/\/dicodusport.fr\/blog\/mercato-rennes-vise-bien-nemanja-matic\/\",\"name\":\"Mercato : Rennes vise bien Nemanja Matic\",\"isPartOf\":{\"@id\":\"https:\/\/dicodusport.fr\/blog\/#website\"},\"primaryImageOfPage\":{\"@id\":\"https:\/\/dicodusport.fr\/blog\/mercato-rennes-vise-bien-nemanja-matic\/#primaryimage\"},\"image\":{\"@id\":\"https:\/\/dicodusport.fr\/blog\/mercato-rennes-vise-bien-nemanja-matic\/#primaryimage\"},\"thumbnailUrl\":\"https:\/\/dicodusport.fr\/blog\/wp-content\/uploads\/2023\/08\/Mercato-Rennes-vise-bien-Nemanja-Matic.png\",\"datePublished\":\"2023-08-04T07:57:15+00:00\",\"dateModified\":\"2023-08-04T08:38:17+00:00\",\"description\":\"LIGUE 1 2023-2024 - Selon L'\u00c9quipe, Nemanja Matic est bien dans le viseur du Stade Rennais pour ce mercato estival.\u00a0\",\"breadcrumb\":{\"@id\":\"https:\/\/dicodusport.fr\/blog\/mercato-rennes-vise-bien-nemanja-matic\/#breadcrumb\"},\"inLanguage\":\"fr-FR\",\"potentialAction\":[{\"@type\":\"ReadAction\",\"target\":[\"https:\/\/dicodusport.fr\/blog\/mercato-rennes-vise-bien-nemanja-matic\/\"]}]},{\"@type\":\"ImageObject\",\"inLanguage\":\"fr-FR\",\"@id\":\"https:\/\/dicodusport.fr\/blog\/mercato-rennes-vise-bien-nemanja-matic\/#primaryimage\",\"url\":\"https:\/\/dicodusport.fr\/blog\/wp-content\/uploads\/2023\/08\/Mercato-Rennes-vise-bien-Nemanja-Matic.png\",\"contentUrl\":\"https:\/\/dicodusport.fr\/blog\/wp-content\/uploads\/2023\/08\/Mercato-Rennes-vise-bien-Nemanja-Matic.png\",\"width\":800,\"height\":445},{\"@type\":\"BreadcrumbList\",\"@id\":\"https:\/\/dicodusport.fr\/blog\/mercato-rennes-vise-bien-nemanja-matic\/#breadcrumb\",\"itemListElement\":[{\"@type\":\"ListItem\",\"position\":1,\"name\":\"Accueil\",\"item\":\"https:\/\/dicodusport.fr\/blog\/\"},{\"@type\":\"ListItem\",\"position\":2,\"name\":\"Mercato : Rennes vise bien Nemanja Matic\"}]},{\"@type\":\"WebSite\",\"@id\":\"https:\/\/dicodusport.fr\/blog\/#website\",\"url\":\"https:\/\/dicodusport.fr\/blog\/\",\"name\":\"Dicodusport\",\"description\":\"L&#039;encyclop\u00e9die de l&#039;actualit\u00e9 sportive\",\"publisher\":{\"@id\":\"https:\/\/dicodusport.fr\/blog\/#organization\"},\"potentialAction\":[{\"@type\":\"SearchAction\",\"target\":{\"@type\":\"EntryPoint\",\"urlTemplate\":\"https:\/\/dicodusport.fr\/blog\/?s={search_term_string}\"},\"query-input\":{\"@type\":\"PropertyValueSpecification\",\"valueRequired\":true,\"valueName\":\"search_term_string\"}}],\"inLanguage\":\"fr-FR\"},{\"@type\":\"NewsMediaOrganization\",\"@id\":\"https:\/\/dicodusport.fr\/blog\/#organization\",\"name\":\"Dicodusport\",\"url\":\"https:\/\/dicodusport.fr\/blog\/\",\"logo\":{\"@type\":\"ImageObject\",\"inLanguage\":\"fr-FR\",\"@id\":\"https:\/\/dicodusport.fr\/blog\/#\/schema\/logo\/image\/\",\"url\":\"https:\/\/dicodusport.fr\/blog\/wp-content\/uploads\/2020\/06\/cropped-LOGO-DICODUSPORT-2020-SANS-FOND-SANS-TEXTE.png\",\"contentUrl\":\"https:\/\/dicodusport.fr\/blog\/wp-content\/uploads\/2020\/06\/cropped-LOGO-DICODUSPORT-2020-SANS-FOND-SANS-TEXTE.png\",\"width\":512,\"height\":512,\"caption\":\"Dicodusport\"},\"image\":{\"@id\":\"https:\/\/dicodusport.fr\/blog\/#\/schema\/logo\/image\/\"},\"sameAs\":[\"https:\/\/www.facebook.com\/dicodusport\",\"https:\/\/x.com\/dicodusport\",\"https:\/\/www.instagram.com\/dicodusport\/\",\"https:\/\/www.youtube.com\/channel\/UC7V2KZ5sd3htJivAbA4ZG3w\"],\"description\":\"Dicodusport est l'encyclop\u00e9die de l'actualit\u00e9 sportive.\",\"email\":\"bonjour@dicodusport.fr\",\"legalName\":\"DICODUSPORT\",\"foundingDate\":\"2018-01-14\",\"vatID\":\"FR71834470973\",\"taxID\":\"83447097300043\",\"numberOfEmployees\":{\"@type\":\"QuantitativeValue\",\"minValue\":\"1\",\"maxValue\":\"10\"}},{\"@type\":\"Person\",\"@id\":\"https:\/\/dicodusport.fr\/blog\/#\/schema\/person\/55dcb50ad410894e431ed812bbb70191\",\"name\":\"Nicolas Jacquemard\",\"image\":{\"@type\":\"ImageObject\",\"inLanguage\":\"fr-FR\",\"@id\":\"https:\/\/dicodusport.fr\/blog\/#\/schema\/person\/image\/\",\"url\":\"https:\/\/dicodusport.fr\/blog\/wp-content\/uploads\/2021\/05\/Nicolas-Jacquemard-150x150.jpeg\",\"contentUrl\":\"https:\/\/dicodusport.fr\/blog\/wp-content\/uploads\/2021\/05\/Nicolas-Jacquemard-150x150.jpeg\",\"caption\":\"Nicolas Jacquemard\"},\"description\":\"Passionn\u00e9 de sport et entrepreneur depuis mes 18 ans, la cr\u00e9ation de Dicodusport m'a sembl\u00e9 \u00e9vidente pour participer \u00e0 la m\u00e9diatisation d'un plus grand nombre de sports. Le chemin est long mais avec une \u00e9quipe des plus motiv\u00e9es et les Jeux Olympiques de Paris 2024 en point de mire, nous y arriverons ! Journaliste dans le monde du sport depuis plus de 5 ans, je traite aussi bien de football, de rugby, de biathlon que de cyclisme.\",\"sameAs\":[\"https:\/\/www.facebook.com\/dicodusport\",\"https:\/\/x.com\/https:\/\/twitter.com\/Nico_Jacquemard\"],\"url\":\"https:\/\/dicodusport.fr\/blog\/author\/dicodusport\/\"}]}<\/script>\n<!-- \/ Yoast SEO Premium plugin. -->","yoast_head_json":{"title":"Mercato : Rennes vise bien Nemanja Matic","description":"LIGUE 1 2023-2024 - Selon L'\u00c9quipe, Nemanja Matic est bien dans le viseur du Stade Rennais pour ce mercato estival.\u00a0","robots":{"index":"index","follow":"follow","max-snippet":"max-snippet:-1","max-image-preview":"max-image-preview:large","max-video-preview":"max-video-preview:-1"},"canonical":"https:\/\/dicodusport.fr\/blog\/mercato-rennes-vise-bien-nemanja-matic\/","og_locale":"fr_FR","og_type":"article","og_title":"Mercato : Rennes vise bien Nemanja Matic","og_description":"LIGUE 1 2023-2024 - Selon L'\u00c9quipe, Nemanja Matic est bien dans le viseur du Stade Rennais pour ce mercato estival.\u00a0","og_url":"https:\/\/dicodusport.fr\/blog\/mercato-rennes-vise-bien-nemanja-matic\/","og_site_name":"Dicodusport","article_publisher":"https:\/\/www.facebook.com\/dicodusport","article_author":"https:\/\/www.facebook.com\/dicodusport","article_published_time":"2023-08-04T07:57:15+00:00","article_modified_time":"2023-08-04T08:38:17+00:00","og_image":[{"width":800,"height":445,"url":"https:\/\/dicodusport.fr\/blog\/wp-content\/uploads\/2023\/08\/Mercato-Rennes-vise-bien-Nemanja-Matic.png","type":"image\/png"}],"author":"Nicolas Jacquemard","twitter_card":"summary_large_image","twitter_title":"Mercato : Rennes vise bien Nemanja Matic","twitter_creator":"@https:\/\/twitter.com\/Nico_Jacquemard","twitter_site":"@dicodusport","schema":{"@context":"https:\/\/schema.org","@graph":[{"@type":"NewsArticle","@id":"https:\/\/dicodusport.fr\/blog\/mercato-rennes-vise-bien-nemanja-matic\/#article","isPartOf":{"@id":"https:\/\/dicodusport.fr\/blog\/mercato-rennes-vise-bien-nemanja-matic\/"},"author":{"name":"Nicolas Jacquemard","@id":"https:\/\/dicodusport.fr\/blog\/#\/schema\/person\/55dcb50ad410894e431ed812bbb70191"},"headline":"Mercato : Rennes vise bien Nemanja Matic","datePublished":"2023-08-04T07:57:15+00:00","dateModified":"2023-08-04T08:38:17+00:00","mainEntityOfPage":{"@id":"https:\/\/dicodusport.fr\/blog\/mercato-rennes-vise-bien-nemanja-matic\/"},"wordCount":241,"commentCount":0,"publisher":{"@id":"https:\/\/dicodusport.fr\/blog\/#organization"},"image":{"@id":"https:\/\/dicodusport.fr\/blog\/mercato-rennes-vise-bien-nemanja-matic\/#primaryimage"},"thumbnailUrl":"https:\/\/dicodusport.fr\/blog\/wp-content\/uploads\/2023\/08\/Mercato-Rennes-vise-bien-Nemanja-Matic.png","keywords":["AS Rome","br\u00e8ve","Football","Nemanja Matic","Rennes"],"articleSection":["Football","Ligue 1"],"inLanguage":"fr-FR","potentialAction":[{"@type":"CommentAction","name":"Comment","target":["https:\/\/dicodusport.fr\/blog\/mercato-rennes-vise-bien-nemanja-matic\/#respond"]}],"copyrightYear":"2023","copyrightHolder":{"@id":"https:\/\/dicodusport.fr\/blog\/#organization"}},{"@type":"WebPage","@id":"https:\/\/dicodusport.fr\/blog\/mercato-rennes-vise-bien-nemanja-matic\/","url":"https:\/\/dicodusport.fr\/blog\/mercato-rennes-vise-bien-nemanja-matic\/","name":"Mercato : Rennes vise bien Nemanja Matic","isPartOf":{"@id":"https:\/\/dicodusport.fr\/blog\/#website"},"primaryImageOfPage":{"@id":"https:\/\/dicodusport.fr\/blog\/mercato-rennes-vise-bien-nemanja-matic\/#primaryimage"},"image":{"@id":"https:\/\/dicodusport.fr\/blog\/mercato-rennes-vise-bien-nemanja-matic\/#primaryimage"},"thumbnailUrl":"https:\/\/dicodusport.fr\/blog\/wp-content\/uploads\/2023\/08\/Mercato-Rennes-vise-bien-Nemanja-Matic.png","datePublished":"2023-08-04T07:57:15+00:00","dateModified":"2023-08-04T08:38:17+00:00","description":"LIGUE 1 2023-2024 - Selon L'\u00c9quipe, Nemanja Matic est bien dans le viseur du Stade Rennais pour ce mercato estival.\u00a0","breadcrumb":{"@id":"https:\/\/dicodusport.fr\/blog\/mercato-rennes-vise-bien-nemanja-matic\/#breadcrumb"},"inLanguage":"fr-FR","potentialAction":[{"@type":"ReadAction","target":["https:\/\/dicodusport.fr\/blog\/mercato-rennes-vise-bien-nemanja-matic\/"]}]},{"@type":"ImageObject","inLanguage":"fr-FR","@id":"https:\/\/dicodusport.fr\/blog\/mercato-rennes-vise-bien-nemanja-matic\/#primaryimage","url":"https:\/\/dicodusport.fr\/blog\/wp-content\/uploads\/2023\/08\/Mercato-Rennes-vise-bien-Nemanja-Matic.png","contentUrl":"https:\/\/dicodusport.fr\/blog\/wp-content\/uploads\/2023\/08\/Mercato-Rennes-vise-bien-Nemanja-Matic.png","width":800,"height":445},{"@type":"BreadcrumbList","@id":"https:\/\/dicodusport.fr\/blog\/mercato-rennes-vise-bien-nemanja-matic\/#breadcrumb","itemListElement":[{"@type":"ListItem","position":1,"name":"Accueil","item":"https:\/\/dicodusport.fr\/blog\/"},{"@type":"ListItem","position":2,"name":"Mercato : Rennes vise bien Nemanja Matic"}]},{"@type":"WebSite","@id":"https:\/\/dicodusport.fr\/blog\/#website","url":"https:\/\/dicodusport.fr\/blog\/","name":"Dicodusport","description":"L&#039;encyclop\u00e9die de l&#039;actualit\u00e9 sportive","publisher":{"@id":"https:\/\/dicodusport.fr\/blog\/#organization"},"potentialAction":[{"@type":"SearchAction","target":{"@type":"EntryPoint","urlTemplate":"https:\/\/dicodusport.fr\/blog\/?s={search_term_string}"},"query-input":{"@type":"PropertyValueSpecification","valueRequired":true,"valueName":"search_term_string"}}],"inLanguage":"fr-FR"},{"@type":"NewsMediaOrganization","@id":"https:\/\/dicodusport.fr\/blog\/#organization","name":"Dicodusport","url":"https:\/\/dicodusport.fr\/blog\/","logo":{"@type":"ImageObject","inLanguage":"fr-FR","@id":"https:\/\/dicodusport.fr\/blog\/#\/schema\/logo\/image\/","url":"https:\/\/dicodusport.fr\/blog\/wp-content\/uploads\/2020\/06\/cropped-LOGO-DICODUSPORT-2020-SANS-FOND-SANS-TEXTE.png","contentUrl":"https:\/\/dicodusport.fr\/blog\/wp-content\/uploads\/2020\/06\/cropped-LOGO-DICODUSPORT-2020-SANS-FOND-SANS-TEXTE.png","width":512,"height":512,"caption":"Dicodusport"},"image":{"@id":"https:\/\/dicodusport.fr\/blog\/#\/schema\/logo\/image\/"},"sameAs":["https:\/\/www.facebook.com\/dicodusport","https:\/\/x.com\/dicodusport","https:\/\/www.instagram.com\/dicodusport\/","https:\/\/www.youtube.com\/channel\/UC7V2KZ5sd3htJivAbA4ZG3w"],"description":"Dicodusport est l'encyclop\u00e9die de l'actualit\u00e9 sportive.","email":"bonjour@dicodusport.fr","legalName":"DICODUSPORT","foundingDate":"2018-01-14","vatID":"FR71834470973","taxID":"83447097300043","numberOfEmployees":{"@type":"QuantitativeValue","minValue":"1","maxValue":"10"}},{"@type":"Person","@id":"https:\/\/dicodusport.fr\/blog\/#\/schema\/person\/55dcb50ad410894e431ed812bbb70191","name":"Nicolas Jacquemard","image":{"@type":"ImageObject","inLanguage":"fr-FR","@id":"https:\/\/dicodusport.fr\/blog\/#\/schema\/person\/image\/","url":"https:\/\/dicodusport.fr\/blog\/wp-content\/uploads\/2021\/05\/Nicolas-Jacquemard-150x150.jpeg","contentUrl":"https:\/\/dicodusport.fr\/blog\/wp-content\/uploads\/2021\/05\/Nicolas-Jacquemard-150x150.jpeg","caption":"Nicolas Jacquemard"},"description":"Passionn\u00e9 de sport et entrepreneur depuis mes 18 ans, la cr\u00e9ation de Dicodusport m'a sembl\u00e9 \u00e9vidente pour participer \u00e0 la m\u00e9diatisation d'un plus grand nombre de sports. Le chemin est long mais avec une \u00e9quipe des plus motiv\u00e9es et les Jeux Olympiques de Paris 2024 en point de mire, nous y arriverons ! Journaliste dans le monde du sport depuis plus de 5 ans, je traite aussi bien de football, de rugby, de biathlon que de cyclisme.","sameAs":["https:\/\/www.facebook.com\/dicodusport","https:\/\/x.com\/https:\/\/twitter.com\/Nico_Jacquemard"],"url":"https:\/\/dicodusport.fr\/blog\/author\/dicodusport\/"}]}},"_links":{"self":[{"href":"https:\/\/dicodusport.fr\/blog\/wp-json\/wp\/v2\/posts\/405610","targetHints":{"allow":["GET"]}}],"collection":[{"href":"https:\/\/dicodusport.fr\/blog\/wp-json\/wp\/v2\/posts"}],"about":[{"href":"https:\/\/dicodusport.fr\/blog\/wp-json\/wp\/v2\/types\/post"}],"author":[{"embeddable":true,"href":"https:\/\/dicodusport.fr\/blog\/wp-json\/wp\/v2\/users\/1"}],"replies":[{"embeddable":true,"href":"https:\/\/dicodusport.fr\/blog\/wp-json\/wp\/v2\/comments?post=405610"}],"version-history":[{"count":0,"href":"https:\/\/dicodusport.fr\/blog\/wp-json\/wp\/v2\/posts\/405610\/revisions"}],"wp:featuredmedia":[{"embeddable":true,"href":"https:\/\/dicodusport.fr\/blog\/wp-json\/wp\/v2\/media\/405612"}],"wp:attachment":[{"href":"https:\/\/dicodusport.fr\/blog\/wp-json\/wp\/v2\/media?parent=405610"}],"wp:term":[{"taxonomy":"category","embeddable":true,"href":"https:\/\/dicodusport.fr\/blog\/wp-json\/wp\/v2\/categories?post=405610"},{"taxonomy":"post_tag","embeddable":true,"href":"https:\/\/dicodusport.fr\/blog\/wp-json\/wp\/v2\/tags?post=405610"}],"curies":[{"name":"wp","href":"https:\/\/api.w.org\/{rel}","templated":true}]}}