{"id":405621,"date":"2023-08-15T10:00:50","date_gmt":"2023-08-15T08:00:50","guid":{"rendered":"https:\/\/dicodusport.fr\/blog\/?p=405621&#038;preview=true&#038;preview_id=405621"},"modified":"2023-08-15T09:49:47","modified_gmt":"2023-08-15T07:49:47","slug":"melina-robert-michon-on-est-sept-ou-huit-pour-le-podium-a-budapest","status":"publish","type":"post","link":"https:\/\/dicodusport.fr\/blog\/melina-robert-michon-on-est-sept-ou-huit-pour-le-podium-a-budapest\/","title":{"rendered":"M\u00e9lina Robert-Michon : \u00ab\u00a0On est sept ou huit pour le podium \u00e0 Budapest\u00a0\u00bb"},"content":{"rendered":"<p style=\"text-align: justify;\" align=\"justify\"><em><strong>ATHL\u00c9TISME &#8211; M\u00e9lina Robert-Michon a conquis \u00e0 Albi son 38e titre de championne de France du disque. Et elle sera du voyage \u00e0 Budapest pour les Mondiaux, 25 ans apr\u00e8s sa premi\u00e8re s\u00e9lection en A, dans cette m\u00eame ville. Elle va participer \u00e0 ses 10e Championnats du monde. Et avec un meilleur jet \u00e0 65.49 m, elle sera en embuscade pour r\u00e9aliser un gros coup. \u00c0 44 ans et \u00e0 un an des JO de Paris. \u00c0 Albi, elle s&rsquo;est confi\u00e9e sur sa saison, ses objectifs et son changement de staff l&rsquo;an pass\u00e9.\u00a0<\/strong><\/em><\/p>\n<h2 style=\"text-align: justify;\" align=\"justify\">M\u00e9lina Robert-Michon : \u00ab\u00a0Pas mal d&rsquo;indicateurs int\u00e9ressants aux France Elite\u00a0\u00bb<\/h2>\n<h3 style=\"text-align: justify;\" align=\"justify\">Au-del\u00e0 de ce 38e titre de championne de France, il y a eu une tr\u00e8s bonne performance \u00e0 Albi, au dernier essai.<\/h3>\n<p style=\"text-align: justify;\" align=\"justify\"><strong>M\u00e9lina Robert-Michon<\/strong> : C&rsquo;est un concours qui se termine bien. Cela a vraiment \u00e9t\u00e9 tr\u00e8s dur au d\u00e9but. Il y a eu pas mal de fatigue accumul\u00e9e avec le gros stage qu&rsquo;on a fait et plein de choses qui se sont pass\u00e9es depuis. Je ne suis pas m\u00e9contente de la performance, m\u00eame si on veut toujours avoir plus. Je suis contente de la gestion, avec la forme du moment. On savait que cela allait \u00eatre plus dur et on voulait voir comment j&rsquo;\u00e9tais capable de g\u00e9rer cela. C&rsquo;est plut\u00f4t encourageant d&rsquo;\u00eatre capable au dernier essai d&rsquo;aller chercher cette performance-l\u00e0. Il y a pas mal d&rsquo;indicateurs qui sont int\u00e9ressants. Mais il y a un peu de frustration, car ce n&rsquo;est pas le meilleur concours de l&rsquo;ann\u00e9e. Si on ne retient que la performance, cela reste correct.<\/p>\n<h3 style=\"text-align: justify;\" align=\"justify\">Sur la saison estivale, cela commence \u00e0 faire un beau nombre de concours au-del\u00e0 de 62 m.<\/h3>\n<p style=\"text-align: justify;\">Je reste dans la r\u00e9gularit\u00e9, c&rsquo;est ce qu&rsquo;il faut retenir, car c&rsquo;est ce qu&rsquo;il va m&rsquo;aider dans les grands championnats. Notamment lors des qualifications aux Mondiaux. Savoir que 61, 62 m\u00e8tres, je peux les faire facilement, c&rsquo;est plut\u00f4t encourageant.<\/p>\n<div class=\"vlp-link-container vlp-layout-article\"><a href=\"https:\/\/dicodusport.fr\/blog\/coupe-deurope-des-lancers-2023-melina-robert-michon-en-bronze-au-lancer-du-disque\/\" class=\"vlp-link\" title=\"Coupe d&#039;Europe des lancers 2023 : M\u00e9lina Robert-Michon en bronze au lancer du disque\"><\/a><div class=\"vlp-layout-zone-side\"><div class=\"vlp-block-4 vlp-link-image\"><img loading=\"lazy\" decoding=\"async\" style=\"max-width: 800px;\" width=\"800\" height=\"445\" src=\"https:\/\/dicodusport.fr\/blog\/wp-content\/uploads\/2023\/03\/Coupe-dEurope-des-lancers-2023-Melina-Robert-Michon-en-bronze-au-lancer-du-disque.png\" class=\"attachment-800x445 size-800x445\" alt=\"\" srcset=\"https:\/\/dicodusport.fr\/blog\/wp-content\/uploads\/2023\/03\/Coupe-dEurope-des-lancers-2023-Melina-Robert-Michon-en-bronze-au-lancer-du-disque.png 800w, https:\/\/dicodusport.fr\/blog\/wp-content\/uploads\/2023\/03\/Coupe-dEurope-des-lancers-2023-Melina-Robert-Michon-en-bronze-au-lancer-du-disque-300x167.png 300w, https:\/\/dicodusport.fr\/blog\/wp-content\/uploads\/2023\/03\/Coupe-dEurope-des-lancers-2023-Melina-Robert-Michon-en-bronze-au-lancer-du-disque-768x427.png 768w\" sizes=\"auto, (max-width: 800px) 100vw, 800px\" \/><\/div><\/div><div class=\"vlp-layout-zone-main\"><div class=\"vlp-block-0 vlp-link-title\">Coupe d'Europe des lancers 2023 : M\u00e9lina Robert-Michon en bronze au lancer du disque<\/div><div class=\"vlp-block-1 vlp-link-summary\">COUPE D'EUROPE DES LANCERS 2023 - L'insatiable M\u00e9lina Robert-Michon remporte une nouvelle m\u00e9daille au lancer du disque. La m\u00e9daille de bronze.<\/div><div class=\"vlp-block-2 vlp-link-button\">Lire l'article<\/div><div class=\"vlp-block-3 vlp-link-url\">dicodusport.fr<\/div><\/div><\/div>\n<h2 style=\"text-align: justify;\">\u00ab\u00a0Il y a eu beaucoup de changements en 2022\u00a0\u00bb<\/h2>\n<h3 style=\"text-align: justify;\">Quel a \u00e9t\u00e9 le d\u00e9clic de ce retour au premier plan en 2023 ?<\/h3>\n<p style=\"text-align: justify;\">L&rsquo;an pass\u00e9, il y a eu beaucoup de changements pour moi. Changement d&rsquo;entra\u00eeneur (NDLR : elle s&rsquo;entra\u00eene avec son mari). Sans repartir totalement de z\u00e9ro, on a voulu mettre en place des bases solides. Pour que cette ann\u00e9e et surtout l&rsquo;ann\u00e9e prochaine, tout soit en place. Il a fallu prendre le temps, mais c&rsquo;\u00e9tait important de le faire l&rsquo;an pass\u00e9, pour que cette ann\u00e9e, on puisse monter d&rsquo;un cran et encore s&rsquo;am\u00e9liorer en 2024. Il a fallu apprendre \u00e0 travailler ensemble, \u00e0 se conna\u00eetre \u00e0 deux dans le contexte entra\u00eeneur-entra\u00een\u00e9.<\/p>\n<p style=\"text-align: justify;\">Il y avait plein de choses \u00e0 remettre en place. Il y a plus de 25 ans que je m&rsquo;entrainais, avec mon ancien entra\u00eeneur (NDLR : Serge Debi\u00e9). La communication \u00e9tait compl\u00e8tement diff\u00e9rente. Il y a des choses, sans se parler, je savais ce qu&rsquo;il voulait me dire. L\u00e0, il a fallu remettre tout un lexique en place. Apprendre \u00e0 se comprendre, voir ce qui marchait ou non. On a mis les choses \u00e0 plat pour se dire que ce serait plus facile en 2023. Il a fallu que les bases soient solides.<\/p>\n<h2 style=\"text-align: justify;\">M\u00e9lina Robert-Michon : \u00ab\u00a0Le fait de continuer d&rsquo;apprendre me fait m&rsquo;\u00e9clater dans ma discipline\u00a0\u00bb<\/h2>\n<h3 style=\"text-align: justify;\">Cela t&rsquo;a permis d&rsquo;apprendre de nouvelles choses, malgr\u00e9 ton immense exp\u00e9rience dans la discipline ?<\/h3>\n<p style=\"text-align: justify;\">Toujours et heureusement. C&rsquo;est aussi pour cela que je continue. Si j&rsquo;avais l&rsquo;impression d&rsquo;avoir fait le tour, sans marge de progression, si je savais tout, je ne vois pas o\u00f9 je pourrais grappiller les m\u00e8tres qui me manquent. C&rsquo;est aussi le fait d&rsquo;apprendre qui me fait m&rsquo;\u00e9clater dans ma discipline. On arrive toujours \u00e0 trouver des axes de progression, c&rsquo;est int\u00e9ressant.<\/p>\n<h3 style=\"text-align: justify;\">Tu t&rsquo;es d\u00e9barrass\u00e9e tr\u00e8s t\u00f4t des minima pour Budapest, cela te permet de travailler plus sereinement.<\/h3>\n<p style=\"text-align: justify;\">Cela permet de changer la saison. J&rsquo;ai eu une petite alerte au dos d\u00e9but juillet et on a pu ne pas prendre de risques pour empirer le truc, alors que je n&rsquo;avais pas grand-chose. On peut se reposer, j&rsquo;ai pu arriver plus fra\u00eeche au stage et faire un meilleur stage. Ce sont des choses sur lesquelles j&rsquo;ai pu m&rsquo;affirmer un peu plus. J&rsquo;ose davantage le dire. La priorit\u00e9, ce sont les championnats du monde. Il fallait se poser la question de savoir quelle \u00e9tait la meilleure solution. \u00c9videmment, c&rsquo;est toujours frustrant, quand on s&rsquo;engage dans un meeting, de ne pas pouvoir le faire, mais il faut voir plus loin.<\/p>\n<h2 style=\"text-align: justify;\">\u00ab\u00a0On est sept ou huit pour trois places sur le podium\u00a0\u00bb<\/h2>\n<h3 style=\"text-align: justify;\">Tu es donc dans une phase de construction et de travail ?<\/h3>\n<p style=\"text-align: justify;\">Je sors d&rsquo;un bon stage, je dois r\u00e9cup\u00e9rer un petit peu. Je suis repartie en stage \u00e0 l&rsquo;INSEP depuis le 7 ao\u00fbt. Jusqu&rsquo;\u00e0 mon d\u00e9part pour Budapest.<\/p>\n<h3 style=\"text-align: justify;\">\u00c0 Budapest, m\u00eame s&rsquo;il y a des t\u00eates d&rsquo;affiches, c&rsquo;est un concours qui peut \u00eatre ouvert.<\/h3>\n<p style=\"text-align: justify;\">C&rsquo;est tr\u00e8s dense, mais je sais qu&rsquo;il faut que je sois au niveau de mon record si je veux aller jouer quelque chose, j&rsquo;en ai conscience (NDLR : record de France en 66.73 m). Il y a Valarie Allman, Sandra Perkovic, Feng Bin, mais aussi Jorinde van Klinken et m\u00eame Kristin Pudenz. On est sept ou huit pour trois places sur le podium. Cela va \u00eatre une belle bataille, mais je sais que j&rsquo;ai les capacit\u00e9s, au vu de ce que j&rsquo;ai fait cette saison, pour aller battre mon record. C&rsquo;est l&rsquo;objectif aussi.<\/p>\n<div class=\"vlp-link-container vlp-layout-article\"><a href=\"https:\/\/dicodusport.fr\/blog\/athletisme-championnats-du-monde-2023-la-selection-francaise\/\" class=\"vlp-link\" title=\"Athl\u00e9tisme - Championnats du monde 2023 : La s\u00e9lection fran\u00e7aise\"><\/a><div class=\"vlp-layout-zone-side\"><div class=\"vlp-block-4 vlp-link-image\"><img loading=\"lazy\" decoding=\"async\" style=\"max-width: 800px;\" width=\"800\" height=\"445\" src=\"https:\/\/dicodusport.fr\/blog\/wp-content\/uploads\/2023\/08\/Athletisme-Championnats-du-monde-2023-La-selection-francaise.png\" class=\"attachment-800x445 size-800x445\" alt=\"\" srcset=\"https:\/\/dicodusport.fr\/blog\/wp-content\/uploads\/2023\/08\/Athletisme-Championnats-du-monde-2023-La-selection-francaise.png 800w, https:\/\/dicodusport.fr\/blog\/wp-content\/uploads\/2023\/08\/Athletisme-Championnats-du-monde-2023-La-selection-francaise-300x167.png 300w, https:\/\/dicodusport.fr\/blog\/wp-content\/uploads\/2023\/08\/Athletisme-Championnats-du-monde-2023-La-selection-francaise-768x427.png 768w\" sizes=\"auto, (max-width: 800px) 100vw, 800px\" \/><\/div><\/div><div class=\"vlp-layout-zone-main\"><div class=\"vlp-block-0 vlp-link-title\">Athl\u00e9tisme - Championnats du monde 2023 : La s\u00e9lection fran\u00e7aise<\/div><div class=\"vlp-block-1 vlp-link-summary\">Les Championnats du monde d'athl\u00e9tisme ont lieu du 19 au 27 ao\u00fbt, \u00e0 Budapest (Hongrie). La FFA a d\u00e9voil\u00e9 les 72 athl\u00e8tes qui seront du voyage.<\/div><div class=\"vlp-block-2 vlp-link-button\">Lire l'article<\/div><div class=\"vlp-block-3 vlp-link-url\">dicodusport.fr<\/div><\/div><\/div>\n<h2 style=\"text-align: justify;\">M\u00e9lina Robert-Michon : \u00ab\u00a0J&rsquo;ai trop entendu qu&rsquo;il n&rsquo;y avait pas de rel\u00e8ve derri\u00e8re moi\u00a0\u00bb<\/h2>\n<h3 style=\"text-align: justify;\">Tu as d\u00e9j\u00e0 Paris dans un coin de ta t\u00eate ?<\/h3>\n<p style=\"text-align: justify;\">J&rsquo;y pense forc\u00e9ment. Car tout ce qu&rsquo;on met en place, c&rsquo;est pour que ce soit encore mieux l&rsquo;ann\u00e9e prochaine. Si je dois ne pas \u00eatre m\u00e9daill\u00e9e cette ann\u00e9e pour l&rsquo;\u00eatre l&rsquo;ann\u00e9e prochaine, ce sera comme \u00e7a. Apr\u00e8s, ce sont des championnats du monde, je ne peux pas dire que j&rsquo;y vais pour faire derni\u00e8re. Mais c&rsquo;est encore une marche en plus pour l&rsquo;ann\u00e9e prochaine.<\/p>\n<h3 style=\"text-align: justify;\">Dans ta discipline, tu n&rsquo;es plus aussi seule qu&rsquo;auparavant en France. Cela te pousse de voir de jeunes Fran\u00e7aises ?<\/h3>\n<p style=\"text-align: justify;\">Amanda n&rsquo;\u00e9tait pas l\u00e0, car elle est aux championnats du monde universitaires, mais c&rsquo;est int\u00e9ressant. J&rsquo;ai trop entendu les gens dire qu&rsquo;il n&rsquo;y avait rien et personne derri\u00e8re. Je leur dis : \u00ab\u00a0<em>Regardez Amanda, regardez Marie-Jos\u00e9. Marie-Jo, elle est junior et elle fait 57 m\u00e8tres<\/em>\u00ab\u00a0. Il faut le signaler, cette fille est encore tr\u00e8s jeune, elle va participer aux championnats d&rsquo;Europe juniors. Et elle a sorti une tr\u00e8s grosse performance.<\/p>\n<p style=\"text-align: justify;\">C&rsquo;est hyper encourageant. Amanda, j&rsquo;esp\u00e8re qu&rsquo;elle va sortir 60 m aux mondiaux universitaires. Je l&rsquo;attends. Je pensais qu&rsquo;elle allait faire 61 ou 62 m cette ann\u00e9e. Car elle a le potentiel pour. J&rsquo;ai eu l&rsquo;occasion de la voir s&rsquo;entra\u00eener et ce dont elle est capable. Mais on est trois filles \u00e0 pouvoir potentiellement lancer \u00e0 plus de 60 m\u00e8tres.<\/p>\n<h2>\u00ab\u00a0On a longtemps dit que je ne pourrais pas vivre des lancers\u00a0\u00bb<\/h2>\n<h3 style=\"text-align: justify;\">Tu es la premi\u00e8re en France depuis des d\u00e9cennies \u00e0 avoir rapport\u00e9 une m\u00e9daille mondiale. Tu es aussi sans doute la premi\u00e8re lanceuse \u00e0 pleinement vivre de ton sport. Est-ce que sur cela, tu peux \u00eatre \u00e9galement un mod\u00e8le pour les jeunes lanceurs ? On sait que c&rsquo;est plus difficile en lancers.<\/h3>\n<p style=\"text-align: justify;\">Je ne sais pas si je suis un mod\u00e8le. Mais si cela peut leur donner la motivation pour le faire, oui. Ce serait tant mieux. Pendant tr\u00e8s longtemps, on m&rsquo;a dit que je ne pourrais jamais vivre de mes lancers. C&rsquo;\u00e9tait une fatalit\u00e9 en France. D\u00e9j\u00e0, on n&rsquo;\u00e9tait pas tr\u00e8s bon et on nous disait que c&rsquo;\u00e9tait comme cela et qu&rsquo;il n&rsquo;y avait rien \u00e0 faire. \u00c7a m&rsquo;\u00e9nervait un peu. \u00c9videmment, cela a \u00e9t\u00e9 compliqu\u00e9 d&rsquo;en vivre.<\/p>\n<h3 style=\"text-align: justify;\">Le tournant, c&rsquo;est Moscou en 2013 ?<\/h3>\n<p style=\"text-align: justify;\">Exactement. Mais c&rsquo;est aussi une fiert\u00e9 de dire : \u201c<em>Regardez, si cela vous plait, si c&rsquo;est vraiment ce que vous voulez faire, donnez-vous les moyens et vous allez y arriver. Vous pouvez y arriver<\/em>.\u201d C&rsquo;est vraiment le message \u00e0 transmettre.<\/p>\n<h2 style=\"text-align: justify;\">M\u00e9lina Robert-Michon : \u00ab\u00a0L&rsquo;entourage est primordial pour un sportif\u00a0\u00bb<\/h2>\n<h3 style=\"text-align: justify;\">Tu as su t&rsquo;entourer sportivement et extra-sportivement.<\/h3>\n<p style=\"text-align: justify;\">L&rsquo;entourage, c&rsquo;est primordial et c&rsquo;est important de choisir les personnes avec qui on a envie de travailler. Il y a la comp\u00e9tence, mais aussi le ressenti. Car on passe du temps avec ces personnes-l\u00e0. Il faut choisir les personnes qui vous correspondent. Ce n&rsquo;est pas forc\u00e9ment le meilleur entra\u00eeneur du monde qui va vous apporter le plus. J&rsquo;ai eu \u00e9norm\u00e9ment de chances \u00e0 ce niveau-l\u00e0. D&rsquo;avoir des gens qui \u00e9taient tr\u00e8s bienveillants, l\u00e0 pour les bonnes raisons. Car il n&rsquo;y avait encore rien \u00e0 gagner sur les lancers.<\/p>\n<p style=\"text-align: justify;\">Ils \u00e9taient l\u00e0 par plaisir et passion et pas par int\u00e9r\u00eat. Cela a \u00e9t\u00e9 une chance pour moi de les avoir. Cela m&rsquo;a permis de faire le tri dans mon entourage. Et je me rends compte que ce n&rsquo;est pas forc\u00e9ment \u00e9vident quand on est dans une discipline plus expos\u00e9e. Avec beaucoup de monde autour de soi, sans savoir vraiment pourquoi ils sont l\u00e0. Cela peut \u00eatre dur pour un jeune qui perce. Peut-\u00eatre, dans ce sens, cela a \u00e9t\u00e9 une chance pour moi.<\/p>\n<h2>\u00c0 lire aussi<\/h2>\n<ul>\n<li><a title=\"Agathe Guillemot : \u00ab\u00a0Faire le 1500 m \u00e9tait le meilleur des choix\u00a0\u00bb\" href=\"https:\/\/dicodusport.fr\/blog\/agathe-guillemot-faire-le-1500-m-etait-le-meilleur-des-choix\/\" target=\"_blank\" rel=\"noopener\"><strong>Notre interview d&rsquo;Agathe Guillemot<\/strong><\/a><\/li>\n<\/ul>\n","protected":false},"excerpt":{"rendered":"<p>M\u00e9lina Robert-Michon a conquis \u00e0 Albi son 38e titre de championne de France du disque. Et sera du voyage \u00e0 Budapest pour les Mondiaux.<\/p>\n","protected":false},"author":83,"featured_media":405835,"comment_status":"open","ping_status":"closed","sticky":false,"template":"","format":"standard","meta":{"_acf_changed":false,"_daextam_enable_autolinks":"","footnotes":""},"categories":[2308],"tags":[143,16878,5506,8593,24],"class_list":["post-405621","post","type-post","status-publish","format-standard","has-post-thumbnail","hentry","category-athletisme","tag-athletisme","tag-breve","tag-melina-robert-michon","tag-mondiaux-dathletisme","tag-sport"],"acf":[],"yoast_head":"<!-- This site is optimized with the Yoast SEO Premium plugin v26.7 (Yoast SEO v26.7) - https:\/\/yoast.com\/wordpress\/plugins\/seo\/ -->\n<title>M\u00e9lina Robert-Michon : &quot;On est sept ou huit pour le podium \u00e0 Budapest&quot;<\/title>\n<meta name=\"description\" content=\"M\u00e9lina Robert-Michon a conquis \u00e0 Albi son 38e titre de championne de France du disque. Et sera du voyage \u00e0 Budapest pour les Mondiaux.\" \/>\n<meta name=\"robots\" content=\"index, follow, max-snippet:-1, max-image-preview:large, max-video-preview:-1\" \/>\n<link rel=\"canonical\" href=\"https:\/\/dicodusport.fr\/blog\/melina-robert-michon-on-est-sept-ou-huit-pour-le-podium-a-budapest\/\" \/>\n<meta property=\"og:locale\" content=\"fr_FR\" \/>\n<meta property=\"og:type\" content=\"article\" \/>\n<meta property=\"og:title\" content=\"M\u00e9lina Robert-Michon : &quot;On est sept ou huit pour le podium \u00e0 Budapest&quot;\" \/>\n<meta property=\"og:description\" content=\"M\u00e9lina Robert-Michon a conquis \u00e0 Albi son 38e titre de championne de France du disque. Et sera du voyage \u00e0 Budapest pour les Mondiaux.\" \/>\n<meta property=\"og:url\" content=\"https:\/\/dicodusport.fr\/blog\/melina-robert-michon-on-est-sept-ou-huit-pour-le-podium-a-budapest\/\" \/>\n<meta property=\"og:site_name\" content=\"Dicodusport\" \/>\n<meta property=\"article:publisher\" content=\"https:\/\/www.facebook.com\/dicodusport\" \/>\n<meta property=\"article:published_time\" content=\"2023-08-15T08:00:50+00:00\" \/>\n<meta property=\"og:image\" content=\"https:\/\/dicodusport.fr\/blog\/wp-content\/uploads\/2023\/08\/Melina-Robert-Michon-On-est-sept-ou-huit-pour-le-podium-a-Budapest.png\" \/>\n\t<meta property=\"og:image:width\" content=\"800\" \/>\n\t<meta property=\"og:image:height\" content=\"445\" \/>\n\t<meta property=\"og:image:type\" content=\"image\/png\" \/>\n<meta name=\"author\" content=\"Etienne Goursaud\" \/>\n<meta name=\"twitter:card\" content=\"summary_large_image\" \/>\n<meta name=\"twitter:title\" content=\"M\u00e9lina Robert-Michon : &quot;On est sept ou huit pour le podium \u00e0 Budapest&quot;\" \/>\n<meta name=\"twitter:creator\" content=\"@dicodusport\" \/>\n<meta name=\"twitter:site\" content=\"@dicodusport\" \/>\n<script type=\"application\/ld+json\" class=\"yoast-schema-graph\">{\"@context\":\"https:\/\/schema.org\",\"@graph\":[{\"@type\":\"NewsArticle\",\"@id\":\"https:\/\/dicodusport.fr\/blog\/melina-robert-michon-on-est-sept-ou-huit-pour-le-podium-a-budapest\/#article\",\"isPartOf\":{\"@id\":\"https:\/\/dicodusport.fr\/blog\/melina-robert-michon-on-est-sept-ou-huit-pour-le-podium-a-budapest\/\"},\"author\":{\"name\":\"Etienne Goursaud\",\"@id\":\"https:\/\/dicodusport.fr\/blog\/#\/schema\/person\/d603dd7da31fb2b46c82b9835a77ec13\"},\"headline\":\"M\u00e9lina Robert-Michon : \u00ab\u00a0On est sept ou huit pour le podium \u00e0 Budapest\u00a0\u00bb\",\"datePublished\":\"2023-08-15T08:00:50+00:00\",\"mainEntityOfPage\":{\"@id\":\"https:\/\/dicodusport.fr\/blog\/melina-robert-michon-on-est-sept-ou-huit-pour-le-podium-a-budapest\/\"},\"wordCount\":1845,\"commentCount\":1,\"publisher\":{\"@id\":\"https:\/\/dicodusport.fr\/blog\/#organization\"},\"image\":{\"@id\":\"https:\/\/dicodusport.fr\/blog\/melina-robert-michon-on-est-sept-ou-huit-pour-le-podium-a-budapest\/#primaryimage\"},\"thumbnailUrl\":\"https:\/\/dicodusport.fr\/blog\/wp-content\/uploads\/2023\/08\/Melina-Robert-Michon-On-est-sept-ou-huit-pour-le-podium-a-Budapest.png\",\"keywords\":[\"Athl\u00e9tisme\",\"br\u00e8ve\",\"M\u00e9lina Robert-Michon\",\"Mondiaux d'athl\u00e9tisme\",\"sport\"],\"articleSection\":[\"Athl\u00e9tisme\"],\"inLanguage\":\"fr-FR\",\"potentialAction\":[{\"@type\":\"CommentAction\",\"name\":\"Comment\",\"target\":[\"https:\/\/dicodusport.fr\/blog\/melina-robert-michon-on-est-sept-ou-huit-pour-le-podium-a-budapest\/#respond\"]}],\"copyrightYear\":\"2023\",\"copyrightHolder\":{\"@id\":\"https:\/\/dicodusport.fr\/blog\/#organization\"}},{\"@type\":\"WebPage\",\"@id\":\"https:\/\/dicodusport.fr\/blog\/melina-robert-michon-on-est-sept-ou-huit-pour-le-podium-a-budapest\/\",\"url\":\"https:\/\/dicodusport.fr\/blog\/melina-robert-michon-on-est-sept-ou-huit-pour-le-podium-a-budapest\/\",\"name\":\"M\u00e9lina Robert-Michon : \\\"On est sept ou huit pour le podium \u00e0 Budapest\\\"\",\"isPartOf\":{\"@id\":\"https:\/\/dicodusport.fr\/blog\/#website\"},\"primaryImageOfPage\":{\"@id\":\"https:\/\/dicodusport.fr\/blog\/melina-robert-michon-on-est-sept-ou-huit-pour-le-podium-a-budapest\/#primaryimage\"},\"image\":{\"@id\":\"https:\/\/dicodusport.fr\/blog\/melina-robert-michon-on-est-sept-ou-huit-pour-le-podium-a-budapest\/#primaryimage\"},\"thumbnailUrl\":\"https:\/\/dicodusport.fr\/blog\/wp-content\/uploads\/2023\/08\/Melina-Robert-Michon-On-est-sept-ou-huit-pour-le-podium-a-Budapest.png\",\"datePublished\":\"2023-08-15T08:00:50+00:00\",\"description\":\"M\u00e9lina Robert-Michon a conquis \u00e0 Albi son 38e titre de championne de France du disque. Et sera du voyage \u00e0 Budapest pour les Mondiaux.\",\"breadcrumb\":{\"@id\":\"https:\/\/dicodusport.fr\/blog\/melina-robert-michon-on-est-sept-ou-huit-pour-le-podium-a-budapest\/#breadcrumb\"},\"inLanguage\":\"fr-FR\",\"potentialAction\":[{\"@type\":\"ReadAction\",\"target\":[\"https:\/\/dicodusport.fr\/blog\/melina-robert-michon-on-est-sept-ou-huit-pour-le-podium-a-budapest\/\"]}]},{\"@type\":\"ImageObject\",\"inLanguage\":\"fr-FR\",\"@id\":\"https:\/\/dicodusport.fr\/blog\/melina-robert-michon-on-est-sept-ou-huit-pour-le-podium-a-budapest\/#primaryimage\",\"url\":\"https:\/\/dicodusport.fr\/blog\/wp-content\/uploads\/2023\/08\/Melina-Robert-Michon-On-est-sept-ou-huit-pour-le-podium-a-Budapest.png\",\"contentUrl\":\"https:\/\/dicodusport.fr\/blog\/wp-content\/uploads\/2023\/08\/Melina-Robert-Michon-On-est-sept-ou-huit-pour-le-podium-a-Budapest.png\",\"width\":800,\"height\":445,\"caption\":\"M\u00e9lina Robert-Michon : \\\"On est sept ou huit pour le podium \u00e0 Budapest\\\"\"},{\"@type\":\"BreadcrumbList\",\"@id\":\"https:\/\/dicodusport.fr\/blog\/melina-robert-michon-on-est-sept-ou-huit-pour-le-podium-a-budapest\/#breadcrumb\",\"itemListElement\":[{\"@type\":\"ListItem\",\"position\":1,\"name\":\"Accueil\",\"item\":\"https:\/\/dicodusport.fr\/blog\/\"},{\"@type\":\"ListItem\",\"position\":2,\"name\":\"M\u00e9lina Robert-Michon : \u00ab\u00a0On est sept ou huit pour le podium \u00e0 Budapest\u00a0\u00bb\"}]},{\"@type\":\"WebSite\",\"@id\":\"https:\/\/dicodusport.fr\/blog\/#website\",\"url\":\"https:\/\/dicodusport.fr\/blog\/\",\"name\":\"Dicodusport\",\"description\":\"L&#039;encyclop\u00e9die de l&#039;actualit\u00e9 sportive\",\"publisher\":{\"@id\":\"https:\/\/dicodusport.fr\/blog\/#organization\"},\"potentialAction\":[{\"@type\":\"SearchAction\",\"target\":{\"@type\":\"EntryPoint\",\"urlTemplate\":\"https:\/\/dicodusport.fr\/blog\/?s={search_term_string}\"},\"query-input\":{\"@type\":\"PropertyValueSpecification\",\"valueRequired\":true,\"valueName\":\"search_term_string\"}}],\"inLanguage\":\"fr-FR\"},{\"@type\":\"NewsMediaOrganization\",\"@id\":\"https:\/\/dicodusport.fr\/blog\/#organization\",\"name\":\"Dicodusport\",\"url\":\"https:\/\/dicodusport.fr\/blog\/\",\"logo\":{\"@type\":\"ImageObject\",\"inLanguage\":\"fr-FR\",\"@id\":\"https:\/\/dicodusport.fr\/blog\/#\/schema\/logo\/image\/\",\"url\":\"https:\/\/dicodusport.fr\/blog\/wp-content\/uploads\/2020\/06\/cropped-LOGO-DICODUSPORT-2020-SANS-FOND-SANS-TEXTE.png\",\"contentUrl\":\"https:\/\/dicodusport.fr\/blog\/wp-content\/uploads\/2020\/06\/cropped-LOGO-DICODUSPORT-2020-SANS-FOND-SANS-TEXTE.png\",\"width\":512,\"height\":512,\"caption\":\"Dicodusport\"},\"image\":{\"@id\":\"https:\/\/dicodusport.fr\/blog\/#\/schema\/logo\/image\/\"},\"sameAs\":[\"https:\/\/www.facebook.com\/dicodusport\",\"https:\/\/x.com\/dicodusport\",\"https:\/\/www.instagram.com\/dicodusport\/\",\"https:\/\/www.youtube.com\/channel\/UC7V2KZ5sd3htJivAbA4ZG3w\"],\"description\":\"Dicodusport est l'encyclop\u00e9die de l'actualit\u00e9 sportive.\",\"email\":\"bonjour@dicodusport.fr\",\"legalName\":\"DICODUSPORT\",\"foundingDate\":\"2018-01-14\",\"vatID\":\"FR71834470973\",\"taxID\":\"83447097300043\",\"numberOfEmployees\":{\"@type\":\"QuantitativeValue\",\"minValue\":\"1\",\"maxValue\":\"10\"}},{\"@type\":\"Person\",\"@id\":\"https:\/\/dicodusport.fr\/blog\/#\/schema\/person\/d603dd7da31fb2b46c82b9835a77ec13\",\"name\":\"Etienne Goursaud\",\"image\":{\"@type\":\"ImageObject\",\"inLanguage\":\"fr-FR\",\"@id\":\"https:\/\/dicodusport.fr\/blog\/#\/schema\/person\/image\/\",\"url\":\"https:\/\/dicodusport.fr\/blog\/wp-content\/uploads\/2023\/12\/410122264_10231602061736049_5565839791558026645_n-150x150.jpg\",\"contentUrl\":\"https:\/\/dicodusport.fr\/blog\/wp-content\/uploads\/2023\/12\/410122264_10231602061736049_5565839791558026645_n-150x150.jpg\",\"caption\":\"Etienne Goursaud\"},\"description\":\"Journaliste et amoureux de sport. Ancien footballeur reconverti athl\u00e8te quand ses muscles le laissent tranquille. \u00c9lev\u00e9 \u00e0 la sauce des exploits de Thomas Voeckler en 2004, du dernier essai de l\u00e9gende de Eunice Barber \u00e0 la longueur lors des championnats du monde d'athl\u00e9tisme de 2003 mais aussi Zidane, Omeyer et Titou Lamaison.\",\"url\":\"https:\/\/dicodusport.fr\/blog\/author\/etienne-goursaud\/\"}]}<\/script>\n<!-- \/ Yoast SEO Premium plugin. -->","yoast_head_json":{"title":"M\u00e9lina Robert-Michon : \"On est sept ou huit pour le podium \u00e0 Budapest\"","description":"M\u00e9lina Robert-Michon a conquis \u00e0 Albi son 38e titre de championne de France du disque. Et sera du voyage \u00e0 Budapest pour les Mondiaux.","robots":{"index":"index","follow":"follow","max-snippet":"max-snippet:-1","max-image-preview":"max-image-preview:large","max-video-preview":"max-video-preview:-1"},"canonical":"https:\/\/dicodusport.fr\/blog\/melina-robert-michon-on-est-sept-ou-huit-pour-le-podium-a-budapest\/","og_locale":"fr_FR","og_type":"article","og_title":"M\u00e9lina Robert-Michon : \"On est sept ou huit pour le podium \u00e0 Budapest\"","og_description":"M\u00e9lina Robert-Michon a conquis \u00e0 Albi son 38e titre de championne de France du disque. Et sera du voyage \u00e0 Budapest pour les Mondiaux.","og_url":"https:\/\/dicodusport.fr\/blog\/melina-robert-michon-on-est-sept-ou-huit-pour-le-podium-a-budapest\/","og_site_name":"Dicodusport","article_publisher":"https:\/\/www.facebook.com\/dicodusport","article_published_time":"2023-08-15T08:00:50+00:00","og_image":[{"width":800,"height":445,"url":"https:\/\/dicodusport.fr\/blog\/wp-content\/uploads\/2023\/08\/Melina-Robert-Michon-On-est-sept-ou-huit-pour-le-podium-a-Budapest.png","type":"image\/png"}],"author":"Etienne Goursaud","twitter_card":"summary_large_image","twitter_title":"M\u00e9lina Robert-Michon : \"On est sept ou huit pour le podium \u00e0 Budapest\"","twitter_creator":"@dicodusport","twitter_site":"@dicodusport","schema":{"@context":"https:\/\/schema.org","@graph":[{"@type":"NewsArticle","@id":"https:\/\/dicodusport.fr\/blog\/melina-robert-michon-on-est-sept-ou-huit-pour-le-podium-a-budapest\/#article","isPartOf":{"@id":"https:\/\/dicodusport.fr\/blog\/melina-robert-michon-on-est-sept-ou-huit-pour-le-podium-a-budapest\/"},"author":{"name":"Etienne Goursaud","@id":"https:\/\/dicodusport.fr\/blog\/#\/schema\/person\/d603dd7da31fb2b46c82b9835a77ec13"},"headline":"M\u00e9lina Robert-Michon : \u00ab\u00a0On est sept ou huit pour le podium \u00e0 Budapest\u00a0\u00bb","datePublished":"2023-08-15T08:00:50+00:00","mainEntityOfPage":{"@id":"https:\/\/dicodusport.fr\/blog\/melina-robert-michon-on-est-sept-ou-huit-pour-le-podium-a-budapest\/"},"wordCount":1845,"commentCount":1,"publisher":{"@id":"https:\/\/dicodusport.fr\/blog\/#organization"},"image":{"@id":"https:\/\/dicodusport.fr\/blog\/melina-robert-michon-on-est-sept-ou-huit-pour-le-podium-a-budapest\/#primaryimage"},"thumbnailUrl":"https:\/\/dicodusport.fr\/blog\/wp-content\/uploads\/2023\/08\/Melina-Robert-Michon-On-est-sept-ou-huit-pour-le-podium-a-Budapest.png","keywords":["Athl\u00e9tisme","br\u00e8ve","M\u00e9lina Robert-Michon","Mondiaux d'athl\u00e9tisme","sport"],"articleSection":["Athl\u00e9tisme"],"inLanguage":"fr-FR","potentialAction":[{"@type":"CommentAction","name":"Comment","target":["https:\/\/dicodusport.fr\/blog\/melina-robert-michon-on-est-sept-ou-huit-pour-le-podium-a-budapest\/#respond"]}],"copyrightYear":"2023","copyrightHolder":{"@id":"https:\/\/dicodusport.fr\/blog\/#organization"}},{"@type":"WebPage","@id":"https:\/\/dicodusport.fr\/blog\/melina-robert-michon-on-est-sept-ou-huit-pour-le-podium-a-budapest\/","url":"https:\/\/dicodusport.fr\/blog\/melina-robert-michon-on-est-sept-ou-huit-pour-le-podium-a-budapest\/","name":"M\u00e9lina Robert-Michon : \"On est sept ou huit pour le podium \u00e0 Budapest\"","isPartOf":{"@id":"https:\/\/dicodusport.fr\/blog\/#website"},"primaryImageOfPage":{"@id":"https:\/\/dicodusport.fr\/blog\/melina-robert-michon-on-est-sept-ou-huit-pour-le-podium-a-budapest\/#primaryimage"},"image":{"@id":"https:\/\/dicodusport.fr\/blog\/melina-robert-michon-on-est-sept-ou-huit-pour-le-podium-a-budapest\/#primaryimage"},"thumbnailUrl":"https:\/\/dicodusport.fr\/blog\/wp-content\/uploads\/2023\/08\/Melina-Robert-Michon-On-est-sept-ou-huit-pour-le-podium-a-Budapest.png","datePublished":"2023-08-15T08:00:50+00:00","description":"M\u00e9lina Robert-Michon a conquis \u00e0 Albi son 38e titre de championne de France du disque. Et sera du voyage \u00e0 Budapest pour les Mondiaux.","breadcrumb":{"@id":"https:\/\/dicodusport.fr\/blog\/melina-robert-michon-on-est-sept-ou-huit-pour-le-podium-a-budapest\/#breadcrumb"},"inLanguage":"fr-FR","potentialAction":[{"@type":"ReadAction","target":["https:\/\/dicodusport.fr\/blog\/melina-robert-michon-on-est-sept-ou-huit-pour-le-podium-a-budapest\/"]}]},{"@type":"ImageObject","inLanguage":"fr-FR","@id":"https:\/\/dicodusport.fr\/blog\/melina-robert-michon-on-est-sept-ou-huit-pour-le-podium-a-budapest\/#primaryimage","url":"https:\/\/dicodusport.fr\/blog\/wp-content\/uploads\/2023\/08\/Melina-Robert-Michon-On-est-sept-ou-huit-pour-le-podium-a-Budapest.png","contentUrl":"https:\/\/dicodusport.fr\/blog\/wp-content\/uploads\/2023\/08\/Melina-Robert-Michon-On-est-sept-ou-huit-pour-le-podium-a-Budapest.png","width":800,"height":445,"caption":"M\u00e9lina Robert-Michon : \"On est sept ou huit pour le podium \u00e0 Budapest\""},{"@type":"BreadcrumbList","@id":"https:\/\/dicodusport.fr\/blog\/melina-robert-michon-on-est-sept-ou-huit-pour-le-podium-a-budapest\/#breadcrumb","itemListElement":[{"@type":"ListItem","position":1,"name":"Accueil","item":"https:\/\/dicodusport.fr\/blog\/"},{"@type":"ListItem","position":2,"name":"M\u00e9lina Robert-Michon : \u00ab\u00a0On est sept ou huit pour le podium \u00e0 Budapest\u00a0\u00bb"}]},{"@type":"WebSite","@id":"https:\/\/dicodusport.fr\/blog\/#website","url":"https:\/\/dicodusport.fr\/blog\/","name":"Dicodusport","description":"L&#039;encyclop\u00e9die de l&#039;actualit\u00e9 sportive","publisher":{"@id":"https:\/\/dicodusport.fr\/blog\/#organization"},"potentialAction":[{"@type":"SearchAction","target":{"@type":"EntryPoint","urlTemplate":"https:\/\/dicodusport.fr\/blog\/?s={search_term_string}"},"query-input":{"@type":"PropertyValueSpecification","valueRequired":true,"valueName":"search_term_string"}}],"inLanguage":"fr-FR"},{"@type":"NewsMediaOrganization","@id":"https:\/\/dicodusport.fr\/blog\/#organization","name":"Dicodusport","url":"https:\/\/dicodusport.fr\/blog\/","logo":{"@type":"ImageObject","inLanguage":"fr-FR","@id":"https:\/\/dicodusport.fr\/blog\/#\/schema\/logo\/image\/","url":"https:\/\/dicodusport.fr\/blog\/wp-content\/uploads\/2020\/06\/cropped-LOGO-DICODUSPORT-2020-SANS-FOND-SANS-TEXTE.png","contentUrl":"https:\/\/dicodusport.fr\/blog\/wp-content\/uploads\/2020\/06\/cropped-LOGO-DICODUSPORT-2020-SANS-FOND-SANS-TEXTE.png","width":512,"height":512,"caption":"Dicodusport"},"image":{"@id":"https:\/\/dicodusport.fr\/blog\/#\/schema\/logo\/image\/"},"sameAs":["https:\/\/www.facebook.com\/dicodusport","https:\/\/x.com\/dicodusport","https:\/\/www.instagram.com\/dicodusport\/","https:\/\/www.youtube.com\/channel\/UC7V2KZ5sd3htJivAbA4ZG3w"],"description":"Dicodusport est l'encyclop\u00e9die de l'actualit\u00e9 sportive.","email":"bonjour@dicodusport.fr","legalName":"DICODUSPORT","foundingDate":"2018-01-14","vatID":"FR71834470973","taxID":"83447097300043","numberOfEmployees":{"@type":"QuantitativeValue","minValue":"1","maxValue":"10"}},{"@type":"Person","@id":"https:\/\/dicodusport.fr\/blog\/#\/schema\/person\/d603dd7da31fb2b46c82b9835a77ec13","name":"Etienne Goursaud","image":{"@type":"ImageObject","inLanguage":"fr-FR","@id":"https:\/\/dicodusport.fr\/blog\/#\/schema\/person\/image\/","url":"https:\/\/dicodusport.fr\/blog\/wp-content\/uploads\/2023\/12\/410122264_10231602061736049_5565839791558026645_n-150x150.jpg","contentUrl":"https:\/\/dicodusport.fr\/blog\/wp-content\/uploads\/2023\/12\/410122264_10231602061736049_5565839791558026645_n-150x150.jpg","caption":"Etienne Goursaud"},"description":"Journaliste et amoureux de sport. Ancien footballeur reconverti athl\u00e8te quand ses muscles le laissent tranquille. \u00c9lev\u00e9 \u00e0 la sauce des exploits de Thomas Voeckler en 2004, du dernier essai de l\u00e9gende de Eunice Barber \u00e0 la longueur lors des championnats du monde d'athl\u00e9tisme de 2003 mais aussi Zidane, Omeyer et Titou Lamaison.","url":"https:\/\/dicodusport.fr\/blog\/author\/etienne-goursaud\/"}]}},"_links":{"self":[{"href":"https:\/\/dicodusport.fr\/blog\/wp-json\/wp\/v2\/posts\/405621","targetHints":{"allow":["GET"]}}],"collection":[{"href":"https:\/\/dicodusport.fr\/blog\/wp-json\/wp\/v2\/posts"}],"about":[{"href":"https:\/\/dicodusport.fr\/blog\/wp-json\/wp\/v2\/types\/post"}],"author":[{"embeddable":true,"href":"https:\/\/dicodusport.fr\/blog\/wp-json\/wp\/v2\/users\/83"}],"replies":[{"embeddable":true,"href":"https:\/\/dicodusport.fr\/blog\/wp-json\/wp\/v2\/comments?post=405621"}],"version-history":[{"count":0,"href":"https:\/\/dicodusport.fr\/blog\/wp-json\/wp\/v2\/posts\/405621\/revisions"}],"wp:featuredmedia":[{"embeddable":true,"href":"https:\/\/dicodusport.fr\/blog\/wp-json\/wp\/v2\/media\/405835"}],"wp:attachment":[{"href":"https:\/\/dicodusport.fr\/blog\/wp-json\/wp\/v2\/media?parent=405621"}],"wp:term":[{"taxonomy":"category","embeddable":true,"href":"https:\/\/dicodusport.fr\/blog\/wp-json\/wp\/v2\/categories?post=405621"},{"taxonomy":"post_tag","embeddable":true,"href":"https:\/\/dicodusport.fr\/blog\/wp-json\/wp\/v2\/tags?post=405621"}],"curies":[{"name":"wp","href":"https:\/\/api.w.org\/{rel}","templated":true}]}}