{"id":405858,"date":"2023-08-04T20:18:18","date_gmt":"2023-08-04T18:18:18","guid":{"rendered":"https:\/\/dicodusport.fr\/blog\/?p=405858&#038;preview=true&#038;preview_id=405858"},"modified":"2023-12-24T12:52:33","modified_gmt":"2023-12-24T11:52:33","slug":"mondiaux-escalade-2023-mickael-mawem-champion-du-monde-de-bloc-mejdi-schalck-en-argent","status":"publish","type":"post","link":"https:\/\/dicodusport.fr\/blog\/mondiaux-escalade-2023-mickael-mawem-champion-du-monde-de-bloc-mejdi-schalck-en-argent\/","title":{"rendered":"Mondiaux escalade 2023 : Mickael Mawem champion du monde de bloc, Mejdi Schalck en argent !"},"content":{"rendered":"<p style=\"text-align: justify;\" align=\"justify\"><em><strong>CHAMPIONNATS DU MONDE D&rsquo;ESCALADE 2023 &#8211; D\u00e8s la premi\u00e8re finale, celle du bloc, les Bleus ont frapp\u00e9 un grand coup, puisque Mickael Mawem s&rsquo;est adjug\u00e9 la m\u00e9daille d&rsquo;or, et Mejdi Schalck la m\u00e9daille d&rsquo;argent.<\/strong><\/em><\/p>\n<p style=\"text-align: justify;\" align=\"justify\">C&rsquo;\u00e9tait la premi\u00e8re finale des Championnats du monde d&rsquo;escalade \u00e0 Berne (Suisse), avec l&rsquo;\u00e9preuve de bloc hommes. Et sur les finalistes, deux \u00e9taient Fran\u00e7ais : <strong>Mejdi Schalck<\/strong> et <strong>Mickael Mawem<\/strong>. De quoi laisser de grands espoirs de m\u00e9dailles, mais l&rsquo;opposition \u00e9tait rude avec le tenant du titre <strong>Kokoro Fuji<\/strong> et son jeune compatriote <strong>Sorato Anraku,<\/strong> sans oublier <strong>Nicolai Uznik<\/strong> et <strong>Soyhun Lee<\/strong>.<\/p>\n<p style=\"text-align: justify;\" align=\"justify\">Mais les Bleus \u00e9taient d\u00e9termin\u00e9s \u00e0 performer, comme ils l&rsquo;ont prouv\u00e9 en validant chacun le premier bloc en moins d&rsquo;une seconde. Si <strong>Mejdi Schalck<\/strong> a cafouill\u00e9 sur le deuxi\u00e8me, <strong>Mickael Mawem<\/strong> a lui trouv\u00e9 la cl\u00e9, et les ambitions de m\u00e9dailles se renfor\u00e7aient alors. Mais \u00e7a, c&rsquo;\u00e9tait avant l&rsquo;avant-dernier bloc, que les Bleus ont \u00e9t\u00e9 les seuls \u00e0 dompter. \u00c0 ce moment-l\u00e0, <strong>Mawem<\/strong> devan\u00e7ait <strong>Schalck<\/strong> au classement provisoire, et l&rsquo;on se mettait m\u00eame \u00e0 r\u00eaver de doubl\u00e9.<\/p>\n<blockquote class=\"twitter-tweet\">\n<p dir=\"ltr\" lang=\"in\">Provisional ranking after M3:<\/p>\n<p>1\ufe0f\u20e3 Mickael Mawem \ud83c\uddeb\ud83c\uddf7<br \/>\n2\ufe0f\u20e3 Mejdi Schalck \ud83c\uddeb\ud83c\uddf7<br \/>\n3\ufe0f\u20e3 Lee Dohyun \ud83c\uddf0\ud83c\uddf7<br \/>\n4\ufe0f\u20e3 Sorato Anraku \ud83c\uddef\ud83c\uddf5<br \/>\n5\ufe0f\u20e3 <a href=\"https:\/\/twitter.com\/ClimberHeart?ref_src=twsrc%5Etfw\">@ClimberHeart<\/a> \ud83c\uddef\ud83c\uddf5<br \/>\n6\ufe0f\u20e3 Nicolai Uznik \ud83c\udde6\ud83c\uddf9 <a href=\"https:\/\/twitter.com\/climbbern2023?ref_src=twsrc%5Etfw\">@climbbern2023<\/a> | <a href=\"https:\/\/twitter.com\/hashtag\/IFSC?src=hash&amp;ref_src=twsrc%5Etfw\">#IFSC<\/a> <a href=\"https:\/\/twitter.com\/hashtag\/SportClimbing?src=hash&amp;ref_src=twsrc%5Etfw\">#SportClimbing<\/a> <a href=\"https:\/\/twitter.com\/hashtag\/BernWCH?src=hash&amp;ref_src=twsrc%5Etfw\">#BernWCH<\/a> <a href=\"https:\/\/twitter.com\/hashtag\/BernToClimb?src=hash&amp;ref_src=twsrc%5Etfw\">#BernToClimb<\/a><\/p>\n<p>\u2014 International Federation of Sport Climbing (@ifsclimbing) <a href=\"https:\/\/twitter.com\/ifsclimbing\/status\/1687522427390087168?ref_src=twsrc%5Etfw\">August 4, 2023<\/a><\/p><\/blockquote>\n<p style=\"text-align: justify;\"><script async src=\"https:\/\/platform.twitter.com\/widgets.js\" charset=\"utf-8\"><\/script><\/p>\n<p style=\"text-align: justify;\">Restait le dernier \u00e9cueil \u00e0 franchir. <strong>Mejdi Schalck<\/strong> y a valid\u00e9 la zone interm\u00e9diaire, suffisante pour assurer le podium apr\u00e8s l&rsquo;\u00e9chec de <strong>Lee,<\/strong> qui favorisait les desseins de <strong>Mawem<\/strong>, lui aussi certain de monter sur la bo\u00eete. Mais la zone interm\u00e9diaire suffisait pour rafler l&rsquo;or. Non sans trembler, il va parvenir \u00e0 valider cette zone, et devient \u00e0 33 ans champion du monde pour la premi\u00e8re fois ! <strong>Mejdi Schalck<\/strong> parach\u00e8ve la splendide journ\u00e9e fran\u00e7aise en prenant l&rsquo;argent, des d\u00e9buts en fanfare pour une \u00e9quipe de France ambitieuse et r\u00e9compens\u00e9e de ses efforts.<\/p>\n","protected":false},"excerpt":{"rendered":"<p>CHAMPIONNATS DU MONDE D&rsquo;ESCALADE 2023 &#8211; D\u00e8s la premi\u00e8re finale, celle du bloc, les Bleus ont frapp\u00e9 un grand coup, puisque Mickael Mawem s&rsquo;est adjug\u00e9 la m\u00e9daille d&rsquo;or, et Mejdi Schalck la m\u00e9daille d&rsquo;argent.<\/p>\n","protected":false},"author":59,"featured_media":405873,"comment_status":"open","ping_status":"closed","sticky":false,"template":"","format":"standard","meta":{"_acf_changed":false,"_daextam_enable_autolinks":"1","footnotes":""},"categories":[10930],"tags":[16878,23682,24],"class_list":["post-405858","post","type-post","status-publish","format-standard","has-post-thumbnail","hentry","category-escalade","tag-breve","tag-mejdi-schalck","tag-sport"],"acf":[],"yoast_head":"<!-- This site is optimized with the Yoast SEO Premium plugin v26.7 (Yoast SEO v26.7) - https:\/\/yoast.com\/wordpress\/plugins\/seo\/ -->\n<title>Mondiaux escalade 2023 : Mickael Mawem champion du monde de bloc, Mejdi Schalck en argent !<\/title>\n<meta name=\"description\" content=\"CHAMPIONNATS DU MONDE D&#039;ESCALADE 2023 - Mickael Mawem s&#039;est adjug\u00e9 la m\u00e9daille d&#039;or en bloc, et Mejdi Schalck la m\u00e9daille d&#039;argent.\" \/>\n<meta name=\"robots\" content=\"index, follow, max-snippet:-1, max-image-preview:large, max-video-preview:-1\" \/>\n<link rel=\"canonical\" href=\"https:\/\/dicodusport.fr\/blog\/mondiaux-escalade-2023-mickael-mawem-champion-du-monde-de-bloc-mejdi-schalck-en-argent\/\" \/>\n<meta property=\"og:locale\" content=\"fr_FR\" \/>\n<meta property=\"og:type\" content=\"article\" \/>\n<meta property=\"og:title\" content=\"Mondiaux escalade 2023 : Mickael Mawem champion du monde de bloc, Mejdi Schalck en argent !\" \/>\n<meta property=\"og:description\" content=\"CHAMPIONNATS DU MONDE D&#039;ESCALADE 2023 - Mickael Mawem s&#039;est adjug\u00e9 la m\u00e9daille d&#039;or en bloc, et Mejdi Schalck la m\u00e9daille d&#039;argent.\" \/>\n<meta property=\"og:url\" content=\"https:\/\/dicodusport.fr\/blog\/mondiaux-escalade-2023-mickael-mawem-champion-du-monde-de-bloc-mejdi-schalck-en-argent\/\" \/>\n<meta property=\"og:site_name\" content=\"Dicodusport\" \/>\n<meta property=\"article:publisher\" content=\"https:\/\/www.facebook.com\/dicodusport\" \/>\n<meta property=\"article:author\" content=\"https:\/\/www.facebook.com\/sebastien.gente\/\" \/>\n<meta property=\"article:published_time\" content=\"2023-08-04T18:18:18+00:00\" \/>\n<meta property=\"article:modified_time\" content=\"2023-12-24T11:52:33+00:00\" \/>\n<meta property=\"og:image\" content=\"https:\/\/dicodusport.fr\/blog\/wp-content\/uploads\/2023\/08\/Mondiaux-escalade-2023-Mickael-Mawem-champion-du-monde-de-bloc-Mejdi-Schalck-en-argent-.png\" \/>\n\t<meta property=\"og:image:width\" content=\"800\" \/>\n\t<meta property=\"og:image:height\" content=\"445\" \/>\n\t<meta property=\"og:image:type\" content=\"image\/png\" \/>\n<meta name=\"author\" content=\"S\u00e9bastien Gente\" \/>\n<meta name=\"twitter:card\" content=\"summary_large_image\" \/>\n<meta name=\"twitter:title\" content=\"Mondiaux escalade 2023 : Mickael Mawem champion du monde de bloc, Mejdi Schalck en argent !\" \/>\n<meta name=\"twitter:creator\" content=\"@https:\/\/twitter.com\/globulo24\" \/>\n<meta name=\"twitter:site\" content=\"@dicodusport\" \/>\n<script type=\"application\/ld+json\" class=\"yoast-schema-graph\">{\"@context\":\"https:\/\/schema.org\",\"@graph\":[{\"@type\":\"NewsArticle\",\"@id\":\"https:\/\/dicodusport.fr\/blog\/mondiaux-escalade-2023-mickael-mawem-champion-du-monde-de-bloc-mejdi-schalck-en-argent\/#article\",\"isPartOf\":{\"@id\":\"https:\/\/dicodusport.fr\/blog\/mondiaux-escalade-2023-mickael-mawem-champion-du-monde-de-bloc-mejdi-schalck-en-argent\/\"},\"author\":{\"name\":\"S\u00e9bastien Gente\",\"@id\":\"https:\/\/dicodusport.fr\/blog\/#\/schema\/person\/627966a6cde45dbd8c5e36ac85d783da\"},\"headline\":\"Mondiaux escalade 2023 : Mickael Mawem champion du monde de bloc, Mejdi Schalck en argent !\",\"datePublished\":\"2023-08-04T18:18:18+00:00\",\"dateModified\":\"2023-12-24T11:52:33+00:00\",\"mainEntityOfPage\":{\"@id\":\"https:\/\/dicodusport.fr\/blog\/mondiaux-escalade-2023-mickael-mawem-champion-du-monde-de-bloc-mejdi-schalck-en-argent\/\"},\"wordCount\":336,\"commentCount\":0,\"publisher\":{\"@id\":\"https:\/\/dicodusport.fr\/blog\/#organization\"},\"image\":{\"@id\":\"https:\/\/dicodusport.fr\/blog\/mondiaux-escalade-2023-mickael-mawem-champion-du-monde-de-bloc-mejdi-schalck-en-argent\/#primaryimage\"},\"thumbnailUrl\":\"https:\/\/dicodusport.fr\/blog\/wp-content\/uploads\/2023\/08\/Mondiaux-escalade-2023-Mickael-Mawem-champion-du-monde-de-bloc-Mejdi-Schalck-en-argent-.png\",\"keywords\":[\"br\u00e8ve\",\"Mejdi Schalck\",\"sport\"],\"articleSection\":[\"Escalade\"],\"inLanguage\":\"fr-FR\",\"potentialAction\":[{\"@type\":\"CommentAction\",\"name\":\"Comment\",\"target\":[\"https:\/\/dicodusport.fr\/blog\/mondiaux-escalade-2023-mickael-mawem-champion-du-monde-de-bloc-mejdi-schalck-en-argent\/#respond\"]}],\"copyrightYear\":\"2023\",\"copyrightHolder\":{\"@id\":\"https:\/\/dicodusport.fr\/blog\/#organization\"}},{\"@type\":\"WebPage\",\"@id\":\"https:\/\/dicodusport.fr\/blog\/mondiaux-escalade-2023-mickael-mawem-champion-du-monde-de-bloc-mejdi-schalck-en-argent\/\",\"url\":\"https:\/\/dicodusport.fr\/blog\/mondiaux-escalade-2023-mickael-mawem-champion-du-monde-de-bloc-mejdi-schalck-en-argent\/\",\"name\":\"Mondiaux escalade 2023 : Mickael Mawem champion du monde de bloc, Mejdi Schalck en argent !\",\"isPartOf\":{\"@id\":\"https:\/\/dicodusport.fr\/blog\/#website\"},\"primaryImageOfPage\":{\"@id\":\"https:\/\/dicodusport.fr\/blog\/mondiaux-escalade-2023-mickael-mawem-champion-du-monde-de-bloc-mejdi-schalck-en-argent\/#primaryimage\"},\"image\":{\"@id\":\"https:\/\/dicodusport.fr\/blog\/mondiaux-escalade-2023-mickael-mawem-champion-du-monde-de-bloc-mejdi-schalck-en-argent\/#primaryimage\"},\"thumbnailUrl\":\"https:\/\/dicodusport.fr\/blog\/wp-content\/uploads\/2023\/08\/Mondiaux-escalade-2023-Mickael-Mawem-champion-du-monde-de-bloc-Mejdi-Schalck-en-argent-.png\",\"datePublished\":\"2023-08-04T18:18:18+00:00\",\"dateModified\":\"2023-12-24T11:52:33+00:00\",\"description\":\"CHAMPIONNATS DU MONDE D'ESCALADE 2023 - Mickael Mawem s'est adjug\u00e9 la m\u00e9daille d'or en bloc, et Mejdi Schalck la m\u00e9daille d'argent.\",\"breadcrumb\":{\"@id\":\"https:\/\/dicodusport.fr\/blog\/mondiaux-escalade-2023-mickael-mawem-champion-du-monde-de-bloc-mejdi-schalck-en-argent\/#breadcrumb\"},\"inLanguage\":\"fr-FR\",\"potentialAction\":[{\"@type\":\"ReadAction\",\"target\":[\"https:\/\/dicodusport.fr\/blog\/mondiaux-escalade-2023-mickael-mawem-champion-du-monde-de-bloc-mejdi-schalck-en-argent\/\"]}]},{\"@type\":\"ImageObject\",\"inLanguage\":\"fr-FR\",\"@id\":\"https:\/\/dicodusport.fr\/blog\/mondiaux-escalade-2023-mickael-mawem-champion-du-monde-de-bloc-mejdi-schalck-en-argent\/#primaryimage\",\"url\":\"https:\/\/dicodusport.fr\/blog\/wp-content\/uploads\/2023\/08\/Mondiaux-escalade-2023-Mickael-Mawem-champion-du-monde-de-bloc-Mejdi-Schalck-en-argent-.png\",\"contentUrl\":\"https:\/\/dicodusport.fr\/blog\/wp-content\/uploads\/2023\/08\/Mondiaux-escalade-2023-Mickael-Mawem-champion-du-monde-de-bloc-Mejdi-Schalck-en-argent-.png\",\"width\":800,\"height\":445,\"caption\":\"Mondiaux escalade 2023 Mickael Mawem champion du monde de bloc, Mejdi Schalck en argent !\"},{\"@type\":\"BreadcrumbList\",\"@id\":\"https:\/\/dicodusport.fr\/blog\/mondiaux-escalade-2023-mickael-mawem-champion-du-monde-de-bloc-mejdi-schalck-en-argent\/#breadcrumb\",\"itemListElement\":[{\"@type\":\"ListItem\",\"position\":1,\"name\":\"Accueil\",\"item\":\"https:\/\/dicodusport.fr\/blog\/\"},{\"@type\":\"ListItem\",\"position\":2,\"name\":\"Mondiaux escalade 2023 : Mickael Mawem champion du monde de bloc, Mejdi Schalck en argent !\"}]},{\"@type\":\"WebSite\",\"@id\":\"https:\/\/dicodusport.fr\/blog\/#website\",\"url\":\"https:\/\/dicodusport.fr\/blog\/\",\"name\":\"Dicodusport\",\"description\":\"L&#039;encyclop\u00e9die de l&#039;actualit\u00e9 sportive\",\"publisher\":{\"@id\":\"https:\/\/dicodusport.fr\/blog\/#organization\"},\"potentialAction\":[{\"@type\":\"SearchAction\",\"target\":{\"@type\":\"EntryPoint\",\"urlTemplate\":\"https:\/\/dicodusport.fr\/blog\/?s={search_term_string}\"},\"query-input\":{\"@type\":\"PropertyValueSpecification\",\"valueRequired\":true,\"valueName\":\"search_term_string\"}}],\"inLanguage\":\"fr-FR\"},{\"@type\":\"NewsMediaOrganization\",\"@id\":\"https:\/\/dicodusport.fr\/blog\/#organization\",\"name\":\"Dicodusport\",\"url\":\"https:\/\/dicodusport.fr\/blog\/\",\"logo\":{\"@type\":\"ImageObject\",\"inLanguage\":\"fr-FR\",\"@id\":\"https:\/\/dicodusport.fr\/blog\/#\/schema\/logo\/image\/\",\"url\":\"https:\/\/dicodusport.fr\/blog\/wp-content\/uploads\/2020\/06\/cropped-LOGO-DICODUSPORT-2020-SANS-FOND-SANS-TEXTE.png\",\"contentUrl\":\"https:\/\/dicodusport.fr\/blog\/wp-content\/uploads\/2020\/06\/cropped-LOGO-DICODUSPORT-2020-SANS-FOND-SANS-TEXTE.png\",\"width\":512,\"height\":512,\"caption\":\"Dicodusport\"},\"image\":{\"@id\":\"https:\/\/dicodusport.fr\/blog\/#\/schema\/logo\/image\/\"},\"sameAs\":[\"https:\/\/www.facebook.com\/dicodusport\",\"https:\/\/x.com\/dicodusport\",\"https:\/\/www.instagram.com\/dicodusport\/\",\"https:\/\/www.youtube.com\/channel\/UC7V2KZ5sd3htJivAbA4ZG3w\"],\"description\":\"Dicodusport est l'encyclop\u00e9die de l'actualit\u00e9 sportive.\",\"email\":\"bonjour@dicodusport.fr\",\"legalName\":\"DICODUSPORT\",\"foundingDate\":\"2018-01-14\",\"vatID\":\"FR71834470973\",\"taxID\":\"83447097300043\",\"numberOfEmployees\":{\"@type\":\"QuantitativeValue\",\"minValue\":\"1\",\"maxValue\":\"10\"}},{\"@type\":\"Person\",\"@id\":\"https:\/\/dicodusport.fr\/blog\/#\/schema\/person\/627966a6cde45dbd8c5e36ac85d783da\",\"name\":\"S\u00e9bastien Gente\",\"image\":{\"@type\":\"ImageObject\",\"inLanguage\":\"fr-FR\",\"@id\":\"https:\/\/dicodusport.fr\/blog\/#\/schema\/person\/image\/\",\"url\":\"https:\/\/dicodusport.fr\/blog\/wp-content\/uploads\/2021\/09\/1510990_10205810251400683_4124423575079401707_n-150x150.jpg\",\"contentUrl\":\"https:\/\/dicodusport.fr\/blog\/wp-content\/uploads\/2021\/09\/1510990_10205810251400683_4124423575079401707_n-150x150.jpg\",\"caption\":\"S\u00e9bastien Gente\"},\"description\":\"John Stockton, Gianni Bugno, Zinedine Zidane, Steffi Graf, Frode Andresen, St\u00e9phane Stoecklin, Davis Kamoga, Primoz Peterka, Werner Schlager et Aur\u00e9lien Rougerie. Point commun entre ces sportifs? Ils m'ont fait r\u00eaver et ont berc\u00e9 mon adolescence. Je suis un fondu de sports et j'essaie de retranscrire ma passion \u00e0 travers mes articles. Originaire du P\u00e9rigord, ma passion pour les Girondins, les Jaunards et les Jazzmen transpire dans mes \u00e9crits. \u00c0 Dicodusport depuis 2021, je d\u00e9niche les sports m\u00e9connus dans lesquels la France brille, et il y en a !\",\"sameAs\":[\"https:\/\/www.facebook.com\/sebastien.gente\/\",\"https:\/\/www.instagram.com\/sebgente\/\",\"https:\/\/www.linkedin.com\/in\/sbastien-gente-a29583169\/\",\"https:\/\/x.com\/https:\/\/twitter.com\/globulo24\",\"SebastienGente\"],\"worksFor\":\"S\u00e9bastien GENTE\",\"url\":\"https:\/\/dicodusport.fr\/blog\/author\/sebastiengente\/\"}]}<\/script>\n<!-- \/ Yoast SEO Premium plugin. -->","yoast_head_json":{"title":"Mondiaux escalade 2023 : Mickael Mawem champion du monde de bloc, Mejdi Schalck en argent !","description":"CHAMPIONNATS DU MONDE D'ESCALADE 2023 - Mickael Mawem s'est adjug\u00e9 la m\u00e9daille d'or en bloc, et Mejdi Schalck la m\u00e9daille d'argent.","robots":{"index":"index","follow":"follow","max-snippet":"max-snippet:-1","max-image-preview":"max-image-preview:large","max-video-preview":"max-video-preview:-1"},"canonical":"https:\/\/dicodusport.fr\/blog\/mondiaux-escalade-2023-mickael-mawem-champion-du-monde-de-bloc-mejdi-schalck-en-argent\/","og_locale":"fr_FR","og_type":"article","og_title":"Mondiaux escalade 2023 : Mickael Mawem champion du monde de bloc, Mejdi Schalck en argent !","og_description":"CHAMPIONNATS DU MONDE D'ESCALADE 2023 - Mickael Mawem s'est adjug\u00e9 la m\u00e9daille d'or en bloc, et Mejdi Schalck la m\u00e9daille d'argent.","og_url":"https:\/\/dicodusport.fr\/blog\/mondiaux-escalade-2023-mickael-mawem-champion-du-monde-de-bloc-mejdi-schalck-en-argent\/","og_site_name":"Dicodusport","article_publisher":"https:\/\/www.facebook.com\/dicodusport","article_author":"https:\/\/www.facebook.com\/sebastien.gente\/","article_published_time":"2023-08-04T18:18:18+00:00","article_modified_time":"2023-12-24T11:52:33+00:00","og_image":[{"width":800,"height":445,"url":"https:\/\/dicodusport.fr\/blog\/wp-content\/uploads\/2023\/08\/Mondiaux-escalade-2023-Mickael-Mawem-champion-du-monde-de-bloc-Mejdi-Schalck-en-argent-.png","type":"image\/png"}],"author":"S\u00e9bastien Gente","twitter_card":"summary_large_image","twitter_title":"Mondiaux escalade 2023 : Mickael Mawem champion du monde de bloc, Mejdi Schalck en argent !","twitter_creator":"@https:\/\/twitter.com\/globulo24","twitter_site":"@dicodusport","schema":{"@context":"https:\/\/schema.org","@graph":[{"@type":"NewsArticle","@id":"https:\/\/dicodusport.fr\/blog\/mondiaux-escalade-2023-mickael-mawem-champion-du-monde-de-bloc-mejdi-schalck-en-argent\/#article","isPartOf":{"@id":"https:\/\/dicodusport.fr\/blog\/mondiaux-escalade-2023-mickael-mawem-champion-du-monde-de-bloc-mejdi-schalck-en-argent\/"},"author":{"name":"S\u00e9bastien Gente","@id":"https:\/\/dicodusport.fr\/blog\/#\/schema\/person\/627966a6cde45dbd8c5e36ac85d783da"},"headline":"Mondiaux escalade 2023 : Mickael Mawem champion du monde de bloc, Mejdi Schalck en argent !","datePublished":"2023-08-04T18:18:18+00:00","dateModified":"2023-12-24T11:52:33+00:00","mainEntityOfPage":{"@id":"https:\/\/dicodusport.fr\/blog\/mondiaux-escalade-2023-mickael-mawem-champion-du-monde-de-bloc-mejdi-schalck-en-argent\/"},"wordCount":336,"commentCount":0,"publisher":{"@id":"https:\/\/dicodusport.fr\/blog\/#organization"},"image":{"@id":"https:\/\/dicodusport.fr\/blog\/mondiaux-escalade-2023-mickael-mawem-champion-du-monde-de-bloc-mejdi-schalck-en-argent\/#primaryimage"},"thumbnailUrl":"https:\/\/dicodusport.fr\/blog\/wp-content\/uploads\/2023\/08\/Mondiaux-escalade-2023-Mickael-Mawem-champion-du-monde-de-bloc-Mejdi-Schalck-en-argent-.png","keywords":["br\u00e8ve","Mejdi Schalck","sport"],"articleSection":["Escalade"],"inLanguage":"fr-FR","potentialAction":[{"@type":"CommentAction","name":"Comment","target":["https:\/\/dicodusport.fr\/blog\/mondiaux-escalade-2023-mickael-mawem-champion-du-monde-de-bloc-mejdi-schalck-en-argent\/#respond"]}],"copyrightYear":"2023","copyrightHolder":{"@id":"https:\/\/dicodusport.fr\/blog\/#organization"}},{"@type":"WebPage","@id":"https:\/\/dicodusport.fr\/blog\/mondiaux-escalade-2023-mickael-mawem-champion-du-monde-de-bloc-mejdi-schalck-en-argent\/","url":"https:\/\/dicodusport.fr\/blog\/mondiaux-escalade-2023-mickael-mawem-champion-du-monde-de-bloc-mejdi-schalck-en-argent\/","name":"Mondiaux escalade 2023 : Mickael Mawem champion du monde de bloc, Mejdi Schalck en argent !","isPartOf":{"@id":"https:\/\/dicodusport.fr\/blog\/#website"},"primaryImageOfPage":{"@id":"https:\/\/dicodusport.fr\/blog\/mondiaux-escalade-2023-mickael-mawem-champion-du-monde-de-bloc-mejdi-schalck-en-argent\/#primaryimage"},"image":{"@id":"https:\/\/dicodusport.fr\/blog\/mondiaux-escalade-2023-mickael-mawem-champion-du-monde-de-bloc-mejdi-schalck-en-argent\/#primaryimage"},"thumbnailUrl":"https:\/\/dicodusport.fr\/blog\/wp-content\/uploads\/2023\/08\/Mondiaux-escalade-2023-Mickael-Mawem-champion-du-monde-de-bloc-Mejdi-Schalck-en-argent-.png","datePublished":"2023-08-04T18:18:18+00:00","dateModified":"2023-12-24T11:52:33+00:00","description":"CHAMPIONNATS DU MONDE D'ESCALADE 2023 - Mickael Mawem s'est adjug\u00e9 la m\u00e9daille d'or en bloc, et Mejdi Schalck la m\u00e9daille d'argent.","breadcrumb":{"@id":"https:\/\/dicodusport.fr\/blog\/mondiaux-escalade-2023-mickael-mawem-champion-du-monde-de-bloc-mejdi-schalck-en-argent\/#breadcrumb"},"inLanguage":"fr-FR","potentialAction":[{"@type":"ReadAction","target":["https:\/\/dicodusport.fr\/blog\/mondiaux-escalade-2023-mickael-mawem-champion-du-monde-de-bloc-mejdi-schalck-en-argent\/"]}]},{"@type":"ImageObject","inLanguage":"fr-FR","@id":"https:\/\/dicodusport.fr\/blog\/mondiaux-escalade-2023-mickael-mawem-champion-du-monde-de-bloc-mejdi-schalck-en-argent\/#primaryimage","url":"https:\/\/dicodusport.fr\/blog\/wp-content\/uploads\/2023\/08\/Mondiaux-escalade-2023-Mickael-Mawem-champion-du-monde-de-bloc-Mejdi-Schalck-en-argent-.png","contentUrl":"https:\/\/dicodusport.fr\/blog\/wp-content\/uploads\/2023\/08\/Mondiaux-escalade-2023-Mickael-Mawem-champion-du-monde-de-bloc-Mejdi-Schalck-en-argent-.png","width":800,"height":445,"caption":"Mondiaux escalade 2023 Mickael Mawem champion du monde de bloc, Mejdi Schalck en argent !"},{"@type":"BreadcrumbList","@id":"https:\/\/dicodusport.fr\/blog\/mondiaux-escalade-2023-mickael-mawem-champion-du-monde-de-bloc-mejdi-schalck-en-argent\/#breadcrumb","itemListElement":[{"@type":"ListItem","position":1,"name":"Accueil","item":"https:\/\/dicodusport.fr\/blog\/"},{"@type":"ListItem","position":2,"name":"Mondiaux escalade 2023 : Mickael Mawem champion du monde de bloc, Mejdi Schalck en argent !"}]},{"@type":"WebSite","@id":"https:\/\/dicodusport.fr\/blog\/#website","url":"https:\/\/dicodusport.fr\/blog\/","name":"Dicodusport","description":"L&#039;encyclop\u00e9die de l&#039;actualit\u00e9 sportive","publisher":{"@id":"https:\/\/dicodusport.fr\/blog\/#organization"},"potentialAction":[{"@type":"SearchAction","target":{"@type":"EntryPoint","urlTemplate":"https:\/\/dicodusport.fr\/blog\/?s={search_term_string}"},"query-input":{"@type":"PropertyValueSpecification","valueRequired":true,"valueName":"search_term_string"}}],"inLanguage":"fr-FR"},{"@type":"NewsMediaOrganization","@id":"https:\/\/dicodusport.fr\/blog\/#organization","name":"Dicodusport","url":"https:\/\/dicodusport.fr\/blog\/","logo":{"@type":"ImageObject","inLanguage":"fr-FR","@id":"https:\/\/dicodusport.fr\/blog\/#\/schema\/logo\/image\/","url":"https:\/\/dicodusport.fr\/blog\/wp-content\/uploads\/2020\/06\/cropped-LOGO-DICODUSPORT-2020-SANS-FOND-SANS-TEXTE.png","contentUrl":"https:\/\/dicodusport.fr\/blog\/wp-content\/uploads\/2020\/06\/cropped-LOGO-DICODUSPORT-2020-SANS-FOND-SANS-TEXTE.png","width":512,"height":512,"caption":"Dicodusport"},"image":{"@id":"https:\/\/dicodusport.fr\/blog\/#\/schema\/logo\/image\/"},"sameAs":["https:\/\/www.facebook.com\/dicodusport","https:\/\/x.com\/dicodusport","https:\/\/www.instagram.com\/dicodusport\/","https:\/\/www.youtube.com\/channel\/UC7V2KZ5sd3htJivAbA4ZG3w"],"description":"Dicodusport est l'encyclop\u00e9die de l'actualit\u00e9 sportive.","email":"bonjour@dicodusport.fr","legalName":"DICODUSPORT","foundingDate":"2018-01-14","vatID":"FR71834470973","taxID":"83447097300043","numberOfEmployees":{"@type":"QuantitativeValue","minValue":"1","maxValue":"10"}},{"@type":"Person","@id":"https:\/\/dicodusport.fr\/blog\/#\/schema\/person\/627966a6cde45dbd8c5e36ac85d783da","name":"S\u00e9bastien Gente","image":{"@type":"ImageObject","inLanguage":"fr-FR","@id":"https:\/\/dicodusport.fr\/blog\/#\/schema\/person\/image\/","url":"https:\/\/dicodusport.fr\/blog\/wp-content\/uploads\/2021\/09\/1510990_10205810251400683_4124423575079401707_n-150x150.jpg","contentUrl":"https:\/\/dicodusport.fr\/blog\/wp-content\/uploads\/2021\/09\/1510990_10205810251400683_4124423575079401707_n-150x150.jpg","caption":"S\u00e9bastien Gente"},"description":"John Stockton, Gianni Bugno, Zinedine Zidane, Steffi Graf, Frode Andresen, St\u00e9phane Stoecklin, Davis Kamoga, Primoz Peterka, Werner Schlager et Aur\u00e9lien Rougerie. Point commun entre ces sportifs? Ils m'ont fait r\u00eaver et ont berc\u00e9 mon adolescence. Je suis un fondu de sports et j'essaie de retranscrire ma passion \u00e0 travers mes articles. Originaire du P\u00e9rigord, ma passion pour les Girondins, les Jaunards et les Jazzmen transpire dans mes \u00e9crits. \u00c0 Dicodusport depuis 2021, je d\u00e9niche les sports m\u00e9connus dans lesquels la France brille, et il y en a !","sameAs":["https:\/\/www.facebook.com\/sebastien.gente\/","https:\/\/www.instagram.com\/sebgente\/","https:\/\/www.linkedin.com\/in\/sbastien-gente-a29583169\/","https:\/\/x.com\/https:\/\/twitter.com\/globulo24","SebastienGente"],"worksFor":"S\u00e9bastien GENTE","url":"https:\/\/dicodusport.fr\/blog\/author\/sebastiengente\/"}]}},"_links":{"self":[{"href":"https:\/\/dicodusport.fr\/blog\/wp-json\/wp\/v2\/posts\/405858","targetHints":{"allow":["GET"]}}],"collection":[{"href":"https:\/\/dicodusport.fr\/blog\/wp-json\/wp\/v2\/posts"}],"about":[{"href":"https:\/\/dicodusport.fr\/blog\/wp-json\/wp\/v2\/types\/post"}],"author":[{"embeddable":true,"href":"https:\/\/dicodusport.fr\/blog\/wp-json\/wp\/v2\/users\/59"}],"replies":[{"embeddable":true,"href":"https:\/\/dicodusport.fr\/blog\/wp-json\/wp\/v2\/comments?post=405858"}],"version-history":[{"count":1,"href":"https:\/\/dicodusport.fr\/blog\/wp-json\/wp\/v2\/posts\/405858\/revisions"}],"predecessor-version":[{"id":447420,"href":"https:\/\/dicodusport.fr\/blog\/wp-json\/wp\/v2\/posts\/405858\/revisions\/447420"}],"wp:featuredmedia":[{"embeddable":true,"href":"https:\/\/dicodusport.fr\/blog\/wp-json\/wp\/v2\/media\/405873"}],"wp:attachment":[{"href":"https:\/\/dicodusport.fr\/blog\/wp-json\/wp\/v2\/media?parent=405858"}],"wp:term":[{"taxonomy":"category","embeddable":true,"href":"https:\/\/dicodusport.fr\/blog\/wp-json\/wp\/v2\/categories?post=405858"},{"taxonomy":"post_tag","embeddable":true,"href":"https:\/\/dicodusport.fr\/blog\/wp-json\/wp\/v2\/tags?post=405858"}],"curies":[{"name":"wp","href":"https:\/\/api.w.org\/{rel}","templated":true}]}}