{"id":405998,"date":"2023-08-05T14:04:20","date_gmt":"2023-08-05T12:04:20","guid":{"rendered":"https:\/\/dicodusport.fr\/blog\/?p=405998&#038;preview=true&#038;preview_id=405998"},"modified":"2023-08-05T17:13:25","modified_gmt":"2023-08-05T15:13:25","slug":"mercato-ol-castello-lukeba-veut-quitter-lyon","status":"publish","type":"post","link":"https:\/\/dicodusport.fr\/blog\/mercato-ol-castello-lukeba-veut-quitter-lyon\/","title":{"rendered":"Mercato OL : Castello Lukeba veut quitter Lyon"},"content":{"rendered":"<p style=\"text-align: justify;\" align=\"justify\"><em><b>LIGUE 1 2023-2024 &#8211; Selon RMC Sport, Castello Lukeba a annonc\u00e9 aux dirigeants de l&rsquo;Olympique Lyonnais qu&rsquo;il voulait quitter le club cet \u00e9t\u00e9.\u00a0<\/b><\/em><\/p>\n<p style=\"text-align: justify;\" align=\"justify\">Depuis plusieurs semaines, l&rsquo;avenir de <strong>Catsello<\/strong> <strong>Lukeba<\/strong> \u00e0 <strong>Lyon<\/strong> s&rsquo;inscrit en pointill\u00e9s. Dans un premier temps, le club de Ligue 1 voulait vendre son d\u00e9fenseur central pour faire entrer des liquidit\u00e9s mais les mesures d&rsquo;encadrement prises par la DNCG ont rebattu les cartes. Comme l&rsquo;Olympique Lyonnais n&rsquo;est pas s\u00fbr de pouvoir recruter, il veut conserver ses meilleurs joueurs surtout que <strong>Castello<\/strong> <strong>Lukeba<\/strong> a un \u00ab\u00a0petit\u00a0\u00bb salaire.<\/p>\n<h2 style=\"text-align: justify;\" align=\"justify\">Castello Lukeba veut aller \u00e0 Leipzig<\/h2>\n<p style=\"text-align: justify;\" align=\"justify\">Mais <strong>Leipzig<\/strong> fait le forcing depuis plusieurs semaines pour le recruter et avait d\u00e9j\u00e0 transmis plusieurs offres aux dirigeants lyonnais. Avec la signature de <strong>Jo\u0161ko<\/strong> <strong>Gvardiol<\/strong> \u00e0 <strong>Manchester<\/strong> <strong>City<\/strong> pour un montant record, le club allemand a de nouveau beaucoup de liquidit\u00e9s et est donc revenu \u00e0 la charge avec une nouvelle offre. L&rsquo;<strong>OL<\/strong> a de nouveau refus\u00e9 les 32 millions propos\u00e9s pour son d\u00e9fenseur central international espoirs.<\/p>\n<p style=\"text-align: justify;\" align=\"justify\">Mais le dossier a pris une nouvelle tournure ce samedi puisque <strong>Castello<\/strong> <strong>Lukeba<\/strong> aurait fait part \u00e0 John Textor de son envie de quitter l&rsquo;<strong>Olympique Lyonnais<\/strong>. Le jeune d\u00e9fenseur central aurait demand\u00e9 \u00e0 Lyon de n\u00e9gocier son transfert avec Leipzig alors qu&rsquo;il serait d\u00e9j\u00e0 d&rsquo;accord sur les bases d&rsquo;un contrat. Le d\u00e9fenseur de 20 ans avait un accord avec <strong>Jean-Michel<\/strong> <strong>Aulas<\/strong> pour un bon de sortie cet \u00e9t\u00e9 et demande \u00e0 l&rsquo;Am\u00e9ricain de tenir la parole de son pr\u00e9d\u00e9cesseur.<\/p>\n<h2 style=\"text-align: justify;\" align=\"justify\">Bradley Barcola dans la m\u00eame situation<\/h2>\n<p style=\"text-align: justify;\">L&rsquo;<a href=\"https:\/\/dicodusport.fr\/blog\/mercato-ol-duje-caleta-car-passe-sa-visite-medicale-a-lyon\/\" target=\"_blank\" rel=\"noopener\"><strong>Olympique Lyonnais<\/strong> a d\u00e9j\u00e0 recrut\u00e9<strong> Duje \u0106aleta-Car<\/strong><\/a> en d\u00e9fense centrale mais il arrive pour \u00eatre plut\u00f4t une doublure au duo <strong>Lovren-Lukeba<\/strong>. La donne pourrait donc changer dans les prochains jours puisque Leipzig pourrait revenir \u00e0 la charge avec une offre \u00e0 35 millions d&rsquo;euros. Lyon est dans une situation similaire pour <strong>Bradley<\/strong> <strong>Barcola<\/strong> qui veut rejoindre le PSG. John Textor a tenu bon pour le moment sur ce dossier mais les champions de France sont pr\u00eats \u00e0 revenir \u00e0 la charge une fois la signature d&rsquo;<strong>Ousmane Demb\u00e9l\u00e9<\/strong> finalis\u00e9e.<\/p>\n<blockquote class=\"twitter-tweet\">\n<p dir=\"ltr\" lang=\"fr\">\ud83d\udea8 INFO RMC SPORT : Lukeba demande a quitter l&rsquo;OL pour rejoindre Leipzig !<\/p>\n<p>Il veut trouver une solution sur la base d&rsquo;un int\u00e9r\u00eat commun, d&rsquo;apr\u00e8s un proche du dossier. Le jeune d\u00e9fenseur avait cet accord avec Jean-Michel Aulas.<a href=\"https:\/\/t.co\/spor6GMxhH\">https:\/\/t.co\/spor6GMxhH<\/a> <a href=\"https:\/\/t.co\/kIwowrn6Bf\">pic.twitter.com\/kIwowrn6Bf<\/a><\/p>\n<p>\u2014 RMC Sport (@RMCsport) <a href=\"https:\/\/twitter.com\/RMCsport\/status\/1687749436947025920?ref_src=twsrc%5Etfw\">August 5, 2023<\/a><\/p><\/blockquote>\n<p style=\"text-align: justify;\"><script async src=\"https:\/\/platform.twitter.com\/widgets.js\" charset=\"utf-8\"><\/script><\/p>\n","protected":false},"excerpt":{"rendered":"<p>LIGUE 1 2023-2024 &#8211; Selon RMC Sport, Castello Lukeba a annonc\u00e9 aux dirigeants de l&rsquo;Olympique Lyonnais qu&rsquo;il voulait quitter le club cet \u00e9t\u00e9.\u00a0<\/p>\n","protected":false},"author":1,"featured_media":406000,"comment_status":"open","ping_status":"closed","sticky":false,"template":"","format":"standard","meta":{"_acf_changed":false,"_daextam_enable_autolinks":"","footnotes":""},"categories":[2301,47045],"tags":[16878,75,449,1145],"class_list":["post-405998","post","type-post","status-publish","format-standard","has-post-thumbnail","hentry","category-football","category-ligue-1","tag-breve","tag-football","tag-lyon","tag-ol"],"acf":[],"yoast_head":"<!-- This site is optimized with the Yoast SEO Premium plugin v26.7 (Yoast SEO v26.7) - https:\/\/yoast.com\/wordpress\/plugins\/seo\/ -->\n<title>Mercato OL : Castello Lukeba veut quitter Lyon<\/title>\n<meta name=\"description\" content=\"LIGUE 1 2023-2024 - Selon RMC Sport, Castello Lukeba a annonc\u00e9 aux dirigeants de l&#039;Olympique Lyonnais qu&#039;il voulait quitter le club cet \u00e9t\u00e9.\u00a0\" \/>\n<meta name=\"robots\" content=\"index, follow, max-snippet:-1, max-image-preview:large, max-video-preview:-1\" \/>\n<link rel=\"canonical\" href=\"https:\/\/dicodusport.fr\/blog\/mercato-ol-castello-lukeba-veut-quitter-lyon\/\" \/>\n<meta property=\"og:locale\" content=\"fr_FR\" \/>\n<meta property=\"og:type\" content=\"article\" \/>\n<meta property=\"og:title\" content=\"Mercato OL : Castello Lukeba veut quitter Lyon\" \/>\n<meta property=\"og:description\" content=\"LIGUE 1 2023-2024 - Selon RMC Sport, Castello Lukeba a annonc\u00e9 aux dirigeants de l&#039;Olympique Lyonnais qu&#039;il voulait quitter le club cet \u00e9t\u00e9.\u00a0\" \/>\n<meta property=\"og:url\" content=\"https:\/\/dicodusport.fr\/blog\/mercato-ol-castello-lukeba-veut-quitter-lyon\/\" \/>\n<meta property=\"og:site_name\" content=\"Dicodusport\" \/>\n<meta property=\"article:publisher\" content=\"https:\/\/www.facebook.com\/dicodusport\" \/>\n<meta property=\"article:author\" content=\"https:\/\/www.facebook.com\/dicodusport\" \/>\n<meta property=\"article:published_time\" content=\"2023-08-05T12:04:20+00:00\" \/>\n<meta property=\"article:modified_time\" content=\"2023-08-05T15:13:25+00:00\" \/>\n<meta property=\"og:image\" content=\"https:\/\/dicodusport.fr\/blog\/wp-content\/uploads\/2023\/08\/Mercato-OL-Castello-Lukeba-veut-quitter-Lyon.png\" \/>\n\t<meta property=\"og:image:width\" content=\"800\" \/>\n\t<meta property=\"og:image:height\" content=\"445\" \/>\n\t<meta property=\"og:image:type\" content=\"image\/png\" \/>\n<meta name=\"author\" content=\"Nicolas Jacquemard\" \/>\n<meta name=\"twitter:card\" content=\"summary_large_image\" \/>\n<meta name=\"twitter:title\" content=\"Mercato OL : Castello Lukeba veut quitter Lyon\" \/>\n<meta name=\"twitter:creator\" content=\"@https:\/\/twitter.com\/Nico_Jacquemard\" \/>\n<meta name=\"twitter:site\" content=\"@dicodusport\" \/>\n<script type=\"application\/ld+json\" class=\"yoast-schema-graph\">{\"@context\":\"https:\/\/schema.org\",\"@graph\":[{\"@type\":\"NewsArticle\",\"@id\":\"https:\/\/dicodusport.fr\/blog\/mercato-ol-castello-lukeba-veut-quitter-lyon\/#article\",\"isPartOf\":{\"@id\":\"https:\/\/dicodusport.fr\/blog\/mercato-ol-castello-lukeba-veut-quitter-lyon\/\"},\"author\":{\"name\":\"Nicolas Jacquemard\",\"@id\":\"https:\/\/dicodusport.fr\/blog\/#\/schema\/person\/55dcb50ad410894e431ed812bbb70191\"},\"headline\":\"Mercato OL : Castello Lukeba veut quitter Lyon\",\"datePublished\":\"2023-08-05T12:04:20+00:00\",\"dateModified\":\"2023-08-05T15:13:25+00:00\",\"mainEntityOfPage\":{\"@id\":\"https:\/\/dicodusport.fr\/blog\/mercato-ol-castello-lukeba-veut-quitter-lyon\/\"},\"wordCount\":423,\"commentCount\":0,\"publisher\":{\"@id\":\"https:\/\/dicodusport.fr\/blog\/#organization\"},\"image\":{\"@id\":\"https:\/\/dicodusport.fr\/blog\/mercato-ol-castello-lukeba-veut-quitter-lyon\/#primaryimage\"},\"thumbnailUrl\":\"https:\/\/dicodusport.fr\/blog\/wp-content\/uploads\/2023\/08\/Mercato-OL-Castello-Lukeba-veut-quitter-Lyon.png\",\"keywords\":[\"br\u00e8ve\",\"Football\",\"Lyon\",\"OL\"],\"articleSection\":[\"Football\",\"Ligue 1\"],\"inLanguage\":\"fr-FR\",\"potentialAction\":[{\"@type\":\"CommentAction\",\"name\":\"Comment\",\"target\":[\"https:\/\/dicodusport.fr\/blog\/mercato-ol-castello-lukeba-veut-quitter-lyon\/#respond\"]}],\"copyrightYear\":\"2023\",\"copyrightHolder\":{\"@id\":\"https:\/\/dicodusport.fr\/blog\/#organization\"}},{\"@type\":\"WebPage\",\"@id\":\"https:\/\/dicodusport.fr\/blog\/mercato-ol-castello-lukeba-veut-quitter-lyon\/\",\"url\":\"https:\/\/dicodusport.fr\/blog\/mercato-ol-castello-lukeba-veut-quitter-lyon\/\",\"name\":\"Mercato OL : Castello Lukeba veut quitter Lyon\",\"isPartOf\":{\"@id\":\"https:\/\/dicodusport.fr\/blog\/#website\"},\"primaryImageOfPage\":{\"@id\":\"https:\/\/dicodusport.fr\/blog\/mercato-ol-castello-lukeba-veut-quitter-lyon\/#primaryimage\"},\"image\":{\"@id\":\"https:\/\/dicodusport.fr\/blog\/mercato-ol-castello-lukeba-veut-quitter-lyon\/#primaryimage\"},\"thumbnailUrl\":\"https:\/\/dicodusport.fr\/blog\/wp-content\/uploads\/2023\/08\/Mercato-OL-Castello-Lukeba-veut-quitter-Lyon.png\",\"datePublished\":\"2023-08-05T12:04:20+00:00\",\"dateModified\":\"2023-08-05T15:13:25+00:00\",\"description\":\"LIGUE 1 2023-2024 - Selon RMC Sport, Castello Lukeba a annonc\u00e9 aux dirigeants de l'Olympique Lyonnais qu'il voulait quitter le club cet \u00e9t\u00e9.\u00a0\",\"breadcrumb\":{\"@id\":\"https:\/\/dicodusport.fr\/blog\/mercato-ol-castello-lukeba-veut-quitter-lyon\/#breadcrumb\"},\"inLanguage\":\"fr-FR\",\"potentialAction\":[{\"@type\":\"ReadAction\",\"target\":[\"https:\/\/dicodusport.fr\/blog\/mercato-ol-castello-lukeba-veut-quitter-lyon\/\"]}]},{\"@type\":\"ImageObject\",\"inLanguage\":\"fr-FR\",\"@id\":\"https:\/\/dicodusport.fr\/blog\/mercato-ol-castello-lukeba-veut-quitter-lyon\/#primaryimage\",\"url\":\"https:\/\/dicodusport.fr\/blog\/wp-content\/uploads\/2023\/08\/Mercato-OL-Castello-Lukeba-veut-quitter-Lyon.png\",\"contentUrl\":\"https:\/\/dicodusport.fr\/blog\/wp-content\/uploads\/2023\/08\/Mercato-OL-Castello-Lukeba-veut-quitter-Lyon.png\",\"width\":800,\"height\":445},{\"@type\":\"BreadcrumbList\",\"@id\":\"https:\/\/dicodusport.fr\/blog\/mercato-ol-castello-lukeba-veut-quitter-lyon\/#breadcrumb\",\"itemListElement\":[{\"@type\":\"ListItem\",\"position\":1,\"name\":\"Accueil\",\"item\":\"https:\/\/dicodusport.fr\/blog\/\"},{\"@type\":\"ListItem\",\"position\":2,\"name\":\"Mercato OL : Castello Lukeba veut quitter Lyon\"}]},{\"@type\":\"WebSite\",\"@id\":\"https:\/\/dicodusport.fr\/blog\/#website\",\"url\":\"https:\/\/dicodusport.fr\/blog\/\",\"name\":\"Dicodusport\",\"description\":\"L&#039;encyclop\u00e9die de l&#039;actualit\u00e9 sportive\",\"publisher\":{\"@id\":\"https:\/\/dicodusport.fr\/blog\/#organization\"},\"potentialAction\":[{\"@type\":\"SearchAction\",\"target\":{\"@type\":\"EntryPoint\",\"urlTemplate\":\"https:\/\/dicodusport.fr\/blog\/?s={search_term_string}\"},\"query-input\":{\"@type\":\"PropertyValueSpecification\",\"valueRequired\":true,\"valueName\":\"search_term_string\"}}],\"inLanguage\":\"fr-FR\"},{\"@type\":\"NewsMediaOrganization\",\"@id\":\"https:\/\/dicodusport.fr\/blog\/#organization\",\"name\":\"Dicodusport\",\"url\":\"https:\/\/dicodusport.fr\/blog\/\",\"logo\":{\"@type\":\"ImageObject\",\"inLanguage\":\"fr-FR\",\"@id\":\"https:\/\/dicodusport.fr\/blog\/#\/schema\/logo\/image\/\",\"url\":\"https:\/\/dicodusport.fr\/blog\/wp-content\/uploads\/2020\/06\/cropped-LOGO-DICODUSPORT-2020-SANS-FOND-SANS-TEXTE.png\",\"contentUrl\":\"https:\/\/dicodusport.fr\/blog\/wp-content\/uploads\/2020\/06\/cropped-LOGO-DICODUSPORT-2020-SANS-FOND-SANS-TEXTE.png\",\"width\":512,\"height\":512,\"caption\":\"Dicodusport\"},\"image\":{\"@id\":\"https:\/\/dicodusport.fr\/blog\/#\/schema\/logo\/image\/\"},\"sameAs\":[\"https:\/\/www.facebook.com\/dicodusport\",\"https:\/\/x.com\/dicodusport\",\"https:\/\/www.instagram.com\/dicodusport\/\",\"https:\/\/www.youtube.com\/channel\/UC7V2KZ5sd3htJivAbA4ZG3w\"],\"description\":\"Dicodusport est l'encyclop\u00e9die de l'actualit\u00e9 sportive.\",\"email\":\"bonjour@dicodusport.fr\",\"legalName\":\"DICODUSPORT\",\"foundingDate\":\"2018-01-14\",\"vatID\":\"FR71834470973\",\"taxID\":\"83447097300043\",\"numberOfEmployees\":{\"@type\":\"QuantitativeValue\",\"minValue\":\"1\",\"maxValue\":\"10\"}},{\"@type\":\"Person\",\"@id\":\"https:\/\/dicodusport.fr\/blog\/#\/schema\/person\/55dcb50ad410894e431ed812bbb70191\",\"name\":\"Nicolas Jacquemard\",\"image\":{\"@type\":\"ImageObject\",\"inLanguage\":\"fr-FR\",\"@id\":\"https:\/\/dicodusport.fr\/blog\/#\/schema\/person\/image\/\",\"url\":\"https:\/\/dicodusport.fr\/blog\/wp-content\/uploads\/2021\/05\/Nicolas-Jacquemard-150x150.jpeg\",\"contentUrl\":\"https:\/\/dicodusport.fr\/blog\/wp-content\/uploads\/2021\/05\/Nicolas-Jacquemard-150x150.jpeg\",\"caption\":\"Nicolas Jacquemard\"},\"description\":\"Passionn\u00e9 de sport et entrepreneur depuis mes 18 ans, la cr\u00e9ation de Dicodusport m'a sembl\u00e9 \u00e9vidente pour participer \u00e0 la m\u00e9diatisation d'un plus grand nombre de sports. Le chemin est long mais avec une \u00e9quipe des plus motiv\u00e9es et les Jeux Olympiques de Paris 2024 en point de mire, nous y arriverons ! Journaliste dans le monde du sport depuis plus de 5 ans, je traite aussi bien de football, de rugby, de biathlon que de cyclisme.\",\"sameAs\":[\"https:\/\/www.facebook.com\/dicodusport\",\"https:\/\/x.com\/https:\/\/twitter.com\/Nico_Jacquemard\"],\"url\":\"https:\/\/dicodusport.fr\/blog\/author\/dicodusport\/\"}]}<\/script>\n<!-- \/ Yoast SEO Premium plugin. -->","yoast_head_json":{"title":"Mercato OL : Castello Lukeba veut quitter Lyon","description":"LIGUE 1 2023-2024 - Selon RMC Sport, Castello Lukeba a annonc\u00e9 aux dirigeants de l'Olympique Lyonnais qu'il voulait quitter le club cet \u00e9t\u00e9.\u00a0","robots":{"index":"index","follow":"follow","max-snippet":"max-snippet:-1","max-image-preview":"max-image-preview:large","max-video-preview":"max-video-preview:-1"},"canonical":"https:\/\/dicodusport.fr\/blog\/mercato-ol-castello-lukeba-veut-quitter-lyon\/","og_locale":"fr_FR","og_type":"article","og_title":"Mercato OL : Castello Lukeba veut quitter Lyon","og_description":"LIGUE 1 2023-2024 - Selon RMC Sport, Castello Lukeba a annonc\u00e9 aux dirigeants de l'Olympique Lyonnais qu'il voulait quitter le club cet \u00e9t\u00e9.\u00a0","og_url":"https:\/\/dicodusport.fr\/blog\/mercato-ol-castello-lukeba-veut-quitter-lyon\/","og_site_name":"Dicodusport","article_publisher":"https:\/\/www.facebook.com\/dicodusport","article_author":"https:\/\/www.facebook.com\/dicodusport","article_published_time":"2023-08-05T12:04:20+00:00","article_modified_time":"2023-08-05T15:13:25+00:00","og_image":[{"width":800,"height":445,"url":"https:\/\/dicodusport.fr\/blog\/wp-content\/uploads\/2023\/08\/Mercato-OL-Castello-Lukeba-veut-quitter-Lyon.png","type":"image\/png"}],"author":"Nicolas Jacquemard","twitter_card":"summary_large_image","twitter_title":"Mercato OL : Castello Lukeba veut quitter Lyon","twitter_creator":"@https:\/\/twitter.com\/Nico_Jacquemard","twitter_site":"@dicodusport","schema":{"@context":"https:\/\/schema.org","@graph":[{"@type":"NewsArticle","@id":"https:\/\/dicodusport.fr\/blog\/mercato-ol-castello-lukeba-veut-quitter-lyon\/#article","isPartOf":{"@id":"https:\/\/dicodusport.fr\/blog\/mercato-ol-castello-lukeba-veut-quitter-lyon\/"},"author":{"name":"Nicolas Jacquemard","@id":"https:\/\/dicodusport.fr\/blog\/#\/schema\/person\/55dcb50ad410894e431ed812bbb70191"},"headline":"Mercato OL : Castello Lukeba veut quitter Lyon","datePublished":"2023-08-05T12:04:20+00:00","dateModified":"2023-08-05T15:13:25+00:00","mainEntityOfPage":{"@id":"https:\/\/dicodusport.fr\/blog\/mercato-ol-castello-lukeba-veut-quitter-lyon\/"},"wordCount":423,"commentCount":0,"publisher":{"@id":"https:\/\/dicodusport.fr\/blog\/#organization"},"image":{"@id":"https:\/\/dicodusport.fr\/blog\/mercato-ol-castello-lukeba-veut-quitter-lyon\/#primaryimage"},"thumbnailUrl":"https:\/\/dicodusport.fr\/blog\/wp-content\/uploads\/2023\/08\/Mercato-OL-Castello-Lukeba-veut-quitter-Lyon.png","keywords":["br\u00e8ve","Football","Lyon","OL"],"articleSection":["Football","Ligue 1"],"inLanguage":"fr-FR","potentialAction":[{"@type":"CommentAction","name":"Comment","target":["https:\/\/dicodusport.fr\/blog\/mercato-ol-castello-lukeba-veut-quitter-lyon\/#respond"]}],"copyrightYear":"2023","copyrightHolder":{"@id":"https:\/\/dicodusport.fr\/blog\/#organization"}},{"@type":"WebPage","@id":"https:\/\/dicodusport.fr\/blog\/mercato-ol-castello-lukeba-veut-quitter-lyon\/","url":"https:\/\/dicodusport.fr\/blog\/mercato-ol-castello-lukeba-veut-quitter-lyon\/","name":"Mercato OL : Castello Lukeba veut quitter Lyon","isPartOf":{"@id":"https:\/\/dicodusport.fr\/blog\/#website"},"primaryImageOfPage":{"@id":"https:\/\/dicodusport.fr\/blog\/mercato-ol-castello-lukeba-veut-quitter-lyon\/#primaryimage"},"image":{"@id":"https:\/\/dicodusport.fr\/blog\/mercato-ol-castello-lukeba-veut-quitter-lyon\/#primaryimage"},"thumbnailUrl":"https:\/\/dicodusport.fr\/blog\/wp-content\/uploads\/2023\/08\/Mercato-OL-Castello-Lukeba-veut-quitter-Lyon.png","datePublished":"2023-08-05T12:04:20+00:00","dateModified":"2023-08-05T15:13:25+00:00","description":"LIGUE 1 2023-2024 - Selon RMC Sport, Castello Lukeba a annonc\u00e9 aux dirigeants de l'Olympique Lyonnais qu'il voulait quitter le club cet \u00e9t\u00e9.\u00a0","breadcrumb":{"@id":"https:\/\/dicodusport.fr\/blog\/mercato-ol-castello-lukeba-veut-quitter-lyon\/#breadcrumb"},"inLanguage":"fr-FR","potentialAction":[{"@type":"ReadAction","target":["https:\/\/dicodusport.fr\/blog\/mercato-ol-castello-lukeba-veut-quitter-lyon\/"]}]},{"@type":"ImageObject","inLanguage":"fr-FR","@id":"https:\/\/dicodusport.fr\/blog\/mercato-ol-castello-lukeba-veut-quitter-lyon\/#primaryimage","url":"https:\/\/dicodusport.fr\/blog\/wp-content\/uploads\/2023\/08\/Mercato-OL-Castello-Lukeba-veut-quitter-Lyon.png","contentUrl":"https:\/\/dicodusport.fr\/blog\/wp-content\/uploads\/2023\/08\/Mercato-OL-Castello-Lukeba-veut-quitter-Lyon.png","width":800,"height":445},{"@type":"BreadcrumbList","@id":"https:\/\/dicodusport.fr\/blog\/mercato-ol-castello-lukeba-veut-quitter-lyon\/#breadcrumb","itemListElement":[{"@type":"ListItem","position":1,"name":"Accueil","item":"https:\/\/dicodusport.fr\/blog\/"},{"@type":"ListItem","position":2,"name":"Mercato OL : Castello Lukeba veut quitter Lyon"}]},{"@type":"WebSite","@id":"https:\/\/dicodusport.fr\/blog\/#website","url":"https:\/\/dicodusport.fr\/blog\/","name":"Dicodusport","description":"L&#039;encyclop\u00e9die de l&#039;actualit\u00e9 sportive","publisher":{"@id":"https:\/\/dicodusport.fr\/blog\/#organization"},"potentialAction":[{"@type":"SearchAction","target":{"@type":"EntryPoint","urlTemplate":"https:\/\/dicodusport.fr\/blog\/?s={search_term_string}"},"query-input":{"@type":"PropertyValueSpecification","valueRequired":true,"valueName":"search_term_string"}}],"inLanguage":"fr-FR"},{"@type":"NewsMediaOrganization","@id":"https:\/\/dicodusport.fr\/blog\/#organization","name":"Dicodusport","url":"https:\/\/dicodusport.fr\/blog\/","logo":{"@type":"ImageObject","inLanguage":"fr-FR","@id":"https:\/\/dicodusport.fr\/blog\/#\/schema\/logo\/image\/","url":"https:\/\/dicodusport.fr\/blog\/wp-content\/uploads\/2020\/06\/cropped-LOGO-DICODUSPORT-2020-SANS-FOND-SANS-TEXTE.png","contentUrl":"https:\/\/dicodusport.fr\/blog\/wp-content\/uploads\/2020\/06\/cropped-LOGO-DICODUSPORT-2020-SANS-FOND-SANS-TEXTE.png","width":512,"height":512,"caption":"Dicodusport"},"image":{"@id":"https:\/\/dicodusport.fr\/blog\/#\/schema\/logo\/image\/"},"sameAs":["https:\/\/www.facebook.com\/dicodusport","https:\/\/x.com\/dicodusport","https:\/\/www.instagram.com\/dicodusport\/","https:\/\/www.youtube.com\/channel\/UC7V2KZ5sd3htJivAbA4ZG3w"],"description":"Dicodusport est l'encyclop\u00e9die de l'actualit\u00e9 sportive.","email":"bonjour@dicodusport.fr","legalName":"DICODUSPORT","foundingDate":"2018-01-14","vatID":"FR71834470973","taxID":"83447097300043","numberOfEmployees":{"@type":"QuantitativeValue","minValue":"1","maxValue":"10"}},{"@type":"Person","@id":"https:\/\/dicodusport.fr\/blog\/#\/schema\/person\/55dcb50ad410894e431ed812bbb70191","name":"Nicolas Jacquemard","image":{"@type":"ImageObject","inLanguage":"fr-FR","@id":"https:\/\/dicodusport.fr\/blog\/#\/schema\/person\/image\/","url":"https:\/\/dicodusport.fr\/blog\/wp-content\/uploads\/2021\/05\/Nicolas-Jacquemard-150x150.jpeg","contentUrl":"https:\/\/dicodusport.fr\/blog\/wp-content\/uploads\/2021\/05\/Nicolas-Jacquemard-150x150.jpeg","caption":"Nicolas Jacquemard"},"description":"Passionn\u00e9 de sport et entrepreneur depuis mes 18 ans, la cr\u00e9ation de Dicodusport m'a sembl\u00e9 \u00e9vidente pour participer \u00e0 la m\u00e9diatisation d'un plus grand nombre de sports. Le chemin est long mais avec une \u00e9quipe des plus motiv\u00e9es et les Jeux Olympiques de Paris 2024 en point de mire, nous y arriverons ! Journaliste dans le monde du sport depuis plus de 5 ans, je traite aussi bien de football, de rugby, de biathlon que de cyclisme.","sameAs":["https:\/\/www.facebook.com\/dicodusport","https:\/\/x.com\/https:\/\/twitter.com\/Nico_Jacquemard"],"url":"https:\/\/dicodusport.fr\/blog\/author\/dicodusport\/"}]}},"_links":{"self":[{"href":"https:\/\/dicodusport.fr\/blog\/wp-json\/wp\/v2\/posts\/405998","targetHints":{"allow":["GET"]}}],"collection":[{"href":"https:\/\/dicodusport.fr\/blog\/wp-json\/wp\/v2\/posts"}],"about":[{"href":"https:\/\/dicodusport.fr\/blog\/wp-json\/wp\/v2\/types\/post"}],"author":[{"embeddable":true,"href":"https:\/\/dicodusport.fr\/blog\/wp-json\/wp\/v2\/users\/1"}],"replies":[{"embeddable":true,"href":"https:\/\/dicodusport.fr\/blog\/wp-json\/wp\/v2\/comments?post=405998"}],"version-history":[{"count":0,"href":"https:\/\/dicodusport.fr\/blog\/wp-json\/wp\/v2\/posts\/405998\/revisions"}],"wp:featuredmedia":[{"embeddable":true,"href":"https:\/\/dicodusport.fr\/blog\/wp-json\/wp\/v2\/media\/406000"}],"wp:attachment":[{"href":"https:\/\/dicodusport.fr\/blog\/wp-json\/wp\/v2\/media?parent=405998"}],"wp:term":[{"taxonomy":"category","embeddable":true,"href":"https:\/\/dicodusport.fr\/blog\/wp-json\/wp\/v2\/categories?post=405998"},{"taxonomy":"post_tag","embeddable":true,"href":"https:\/\/dicodusport.fr\/blog\/wp-json\/wp\/v2\/tags?post=405998"}],"curies":[{"name":"wp","href":"https:\/\/api.w.org\/{rel}","templated":true}]}}