{"id":406015,"date":"2023-08-05T15:42:07","date_gmt":"2023-08-05T13:42:07","guid":{"rendered":"https:\/\/dicodusport.fr\/blog\/?p=406015&#038;preview=true&#038;preview_id=406015"},"modified":"2023-08-05T18:32:16","modified_gmt":"2023-08-05T16:32:16","slug":"mondiaux-vtt-2023-marine-cabirou-se-pare-de-bronze-en-descente","status":"publish","type":"post","link":"https:\/\/dicodusport.fr\/blog\/mondiaux-vtt-2023-marine-cabirou-se-pare-de-bronze-en-descente\/","title":{"rendered":"Mondiaux VTT 2023 : Marine Cabirou se pare de bronze en descente"},"content":{"rendered":"<p style=\"text-align: justify;\"><b><i><a href=\"https:\/\/dicodusport.fr\/blog\/actualites\/cyclisme\/championnats-du-monde-cyclisme-2023\/\">CHAMPIONNATS DU MONDE DE VTT 2023<\/a> &#8211; Le VTT fran\u00e7ais continue d&rsquo;apporter son lot de m\u00e9dailles, puisque Marine Cabirou a termin\u00e9 troisi\u00e8me de la descente \u00e9lites femmes.\u00a0<\/i><\/b><\/p>\n<p style=\"text-align: justify;\">Apr\u00e8s <a href=\"https:\/\/dicodusport.fr\/blog\/mondiaux-vtt-2023-leo-abella-en-bronze-sur-la-descente-juniors\/\"><strong>L\u00e9o Abella<\/strong> chez les juniors hier<\/a>, au tour de <strong>Marine Cabirou.<\/strong> La Tricolore est venue rafler sa troisi\u00e8me m\u00e9daille chez les s\u00e9niors en descente. Apr\u00e8s le bronze \u00e0 Mont Saint-Anne en 2019 et l&rsquo;argent \u00e0 Val di Sole en 2021, la voil\u00e0 de nouveau en bronze sur ces Mondiaux, apr\u00e8s un parcours impeccable.<\/p>\n<p style=\"text-align: justify;\">La Fran\u00e7aise a fait une belle diff\u00e9rence sur le milieu de parcours, coupant la ligne en t\u00eate avec une belle avance. Elle n&rsquo;avait plus qu&rsquo;\u00e0 attendre le passage de ses concurrentes. Si<strong> Camille Balanche<\/strong> l&rsquo;a devanc\u00e9e de peu, la chute de <strong>Nina Hoffmann<\/strong> lui a assur\u00e9 une m\u00e9daille. Derni\u00e8re \u00e0 s&rsquo;\u00e9lancer, la tenante du titre <strong>Valentina H\u00f6ll<\/strong> a survol\u00e9 les d\u00e9bats pour conserver son titre, et envoyer Marine Cabirou vers le bronze. Une belle r\u00e9compense pour l&rsquo;ancienne championne du monde juniors, qui a mis du temps \u00e0 se remettre d&rsquo;une grosse blessure, et qui rafle la seconde m\u00e9daille du VTT fran\u00e7ais dans ces Mondiaux.<\/p>\n<blockquote class=\"twitter-tweet\">\n<p dir=\"ltr\" lang=\"fr\">\ud83e\udd29\ud83c\uddeb\ud83c\uddf7 LE BRONZE POUR MARINE CABIROU !<\/p>\n<p>La Fran\u00e7aise monte sur le podium de descente de VTT \u00e0 Glasgow !<a href=\"https:\/\/twitter.com\/hashtag\/LesRP?src=hash&amp;ref_src=twsrc%5Etfw\">#LesRP<\/a> <a href=\"https:\/\/twitter.com\/hashtag\/GlasgowScotland2023?src=hash&amp;ref_src=twsrc%5Etfw\">#GlasgowScotland2023<\/a> <a href=\"https:\/\/t.co\/dW6KPs4dx0\">pic.twitter.com\/dW6KPs4dx0<\/a><\/p>\n<p>\u2014 Eurosport France (@Eurosport_FR) <a href=\"https:\/\/twitter.com\/Eurosport_FR\/status\/1687805286763896832?ref_src=twsrc%5Etfw\">August 5, 2023<\/a><\/p><\/blockquote>\n<p style=\"text-align: justify;\"><script async src=\"https:\/\/platform.twitter.com\/widgets.js\" charset=\"utf-8\"><\/script><\/p>\n<h2 style=\"text-align: justify;\">\u00c0 lire aussi<\/h2>\n<ul>\n<li style=\"text-align: justify;\"><a href=\"https:\/\/dicodusport.fr\/blog\/programme-et-resultats-vtt-championnats-du-monde-2023\/\"><b>Calendrier et r\u00e9sultats des Championnats du monde de VTT 2023<\/b><\/a><\/li>\n<li style=\"text-align: justify;\"><a href=\"https:\/\/dicodusport.fr\/blog\/tableau-des-medailles-cyclisme-championnats-du-monde-uci-2023\/4\/#vtt\"><strong>Tableau des m\u00e9dailles des Championnats du monde de cyclisme 2023<\/strong><\/a><\/li>\n<\/ul>\n","protected":false},"excerpt":{"rendered":"<p>CHAMPIONNATS DU MONDE DE VTT 2023 &#8211; Le VTT fran\u00e7ais continue d&rsquo;apporter son lot de m\u00e9dailles, puisque Marine Cabirou a termin\u00e9 troisi\u00e8me de la descente \u00e9lites femmes.\u00a0<\/p>\n","protected":false},"author":59,"featured_media":406021,"comment_status":"open","ping_status":"closed","sticky":false,"template":"","format":"standard","meta":{"_acf_changed":false,"_daextam_enable_autolinks":"","footnotes":""},"categories":[2307,10279],"tags":[16878,18758,10993],"class_list":["post-406015","post","type-post","status-publish","format-standard","has-post-thumbnail","hentry","category-cyclisme","category-vtt","tag-breve","tag-championnats-du-monde-de-vtt","tag-marine-cabirou"],"acf":[],"yoast_head":"<!-- This site is optimized with the Yoast SEO Premium plugin v26.7 (Yoast SEO v26.7) - https:\/\/yoast.com\/wordpress\/plugins\/seo\/ -->\n<title>Mondiaux VTT 2023 : Marine Cabirou se pare de bronze en descente<\/title>\n<meta name=\"description\" content=\"CHAMPIONNATS DU MONDE DE VTT 2023 - Le VTT fran\u00e7ais continue d&#039;apporter son lot de m\u00e9dailles, puisque Marine Cabirou a termin\u00e9 troisi\u00e8me de la descente \u00e9lites femmes.\u00a0\" \/>\n<meta name=\"robots\" content=\"index, follow, max-snippet:-1, max-image-preview:large, max-video-preview:-1\" \/>\n<link rel=\"canonical\" href=\"https:\/\/dicodusport.fr\/blog\/mondiaux-vtt-2023-marine-cabirou-se-pare-de-bronze-en-descente\/\" \/>\n<meta property=\"og:locale\" content=\"fr_FR\" \/>\n<meta property=\"og:type\" content=\"article\" \/>\n<meta property=\"og:title\" content=\"Mondiaux VTT 2023 : Marine Cabirou se pare de bronze en descente\" \/>\n<meta property=\"og:description\" content=\"CHAMPIONNATS DU MONDE DE VTT 2023 - Le VTT fran\u00e7ais continue d&#039;apporter son lot de m\u00e9dailles, puisque Marine Cabirou a termin\u00e9 troisi\u00e8me de la descente \u00e9lites femmes.\u00a0\" \/>\n<meta property=\"og:url\" content=\"https:\/\/dicodusport.fr\/blog\/mondiaux-vtt-2023-marine-cabirou-se-pare-de-bronze-en-descente\/\" \/>\n<meta property=\"og:site_name\" content=\"Dicodusport\" \/>\n<meta property=\"article:publisher\" content=\"https:\/\/www.facebook.com\/dicodusport\" \/>\n<meta property=\"article:author\" content=\"https:\/\/www.facebook.com\/sebastien.gente\/\" \/>\n<meta property=\"article:published_time\" content=\"2023-08-05T13:42:07+00:00\" \/>\n<meta property=\"article:modified_time\" content=\"2023-08-05T16:32:16+00:00\" \/>\n<meta property=\"og:image\" content=\"https:\/\/dicodusport.fr\/blog\/wp-content\/uploads\/2023\/08\/Mondiaux-VTT-2023-Marine-Cabirou-se-pare-de-bronze-en-descente.png\" \/>\n\t<meta property=\"og:image:width\" content=\"1920\" \/>\n\t<meta property=\"og:image:height\" content=\"1080\" \/>\n\t<meta property=\"og:image:type\" content=\"image\/png\" \/>\n<meta name=\"author\" content=\"S\u00e9bastien Gente\" \/>\n<meta name=\"twitter:card\" content=\"summary_large_image\" \/>\n<meta name=\"twitter:title\" content=\"Mondiaux VTT 2023 : Marine Cabirou se pare de bronze en descente\" \/>\n<meta name=\"twitter:creator\" content=\"@https:\/\/twitter.com\/globulo24\" \/>\n<meta name=\"twitter:site\" content=\"@dicodusport\" \/>\n<script type=\"application\/ld+json\" class=\"yoast-schema-graph\">{\"@context\":\"https:\/\/schema.org\",\"@graph\":[{\"@type\":\"NewsArticle\",\"@id\":\"https:\/\/dicodusport.fr\/blog\/mondiaux-vtt-2023-marine-cabirou-se-pare-de-bronze-en-descente\/#article\",\"isPartOf\":{\"@id\":\"https:\/\/dicodusport.fr\/blog\/mondiaux-vtt-2023-marine-cabirou-se-pare-de-bronze-en-descente\/\"},\"author\":{\"name\":\"S\u00e9bastien Gente\",\"@id\":\"https:\/\/dicodusport.fr\/blog\/#\/schema\/person\/627966a6cde45dbd8c5e36ac85d783da\"},\"headline\":\"Mondiaux VTT 2023 : Marine Cabirou se pare de bronze en descente\",\"datePublished\":\"2023-08-05T13:42:07+00:00\",\"dateModified\":\"2023-08-05T16:32:16+00:00\",\"mainEntityOfPage\":{\"@id\":\"https:\/\/dicodusport.fr\/blog\/mondiaux-vtt-2023-marine-cabirou-se-pare-de-bronze-en-descente\/\"},\"wordCount\":268,\"commentCount\":0,\"publisher\":{\"@id\":\"https:\/\/dicodusport.fr\/blog\/#organization\"},\"image\":{\"@id\":\"https:\/\/dicodusport.fr\/blog\/mondiaux-vtt-2023-marine-cabirou-se-pare-de-bronze-en-descente\/#primaryimage\"},\"thumbnailUrl\":\"https:\/\/dicodusport.fr\/blog\/wp-content\/uploads\/2023\/08\/Mondiaux-VTT-2023-Marine-Cabirou-se-pare-de-bronze-en-descente.png\",\"keywords\":[\"br\u00e8ve\",\"Championnats du monde de VTT\",\"Marine Cabirou\"],\"articleSection\":[\"Cyclisme\",\"VTT\"],\"inLanguage\":\"fr-FR\",\"potentialAction\":[{\"@type\":\"CommentAction\",\"name\":\"Comment\",\"target\":[\"https:\/\/dicodusport.fr\/blog\/mondiaux-vtt-2023-marine-cabirou-se-pare-de-bronze-en-descente\/#respond\"]}],\"copyrightYear\":\"2023\",\"copyrightHolder\":{\"@id\":\"https:\/\/dicodusport.fr\/blog\/#organization\"}},{\"@type\":\"WebPage\",\"@id\":\"https:\/\/dicodusport.fr\/blog\/mondiaux-vtt-2023-marine-cabirou-se-pare-de-bronze-en-descente\/\",\"url\":\"https:\/\/dicodusport.fr\/blog\/mondiaux-vtt-2023-marine-cabirou-se-pare-de-bronze-en-descente\/\",\"name\":\"Mondiaux VTT 2023 : Marine Cabirou se pare de bronze en descente\",\"isPartOf\":{\"@id\":\"https:\/\/dicodusport.fr\/blog\/#website\"},\"primaryImageOfPage\":{\"@id\":\"https:\/\/dicodusport.fr\/blog\/mondiaux-vtt-2023-marine-cabirou-se-pare-de-bronze-en-descente\/#primaryimage\"},\"image\":{\"@id\":\"https:\/\/dicodusport.fr\/blog\/mondiaux-vtt-2023-marine-cabirou-se-pare-de-bronze-en-descente\/#primaryimage\"},\"thumbnailUrl\":\"https:\/\/dicodusport.fr\/blog\/wp-content\/uploads\/2023\/08\/Mondiaux-VTT-2023-Marine-Cabirou-se-pare-de-bronze-en-descente.png\",\"datePublished\":\"2023-08-05T13:42:07+00:00\",\"dateModified\":\"2023-08-05T16:32:16+00:00\",\"description\":\"CHAMPIONNATS DU MONDE DE VTT 2023 - Le VTT fran\u00e7ais continue d'apporter son lot de m\u00e9dailles, puisque Marine Cabirou a termin\u00e9 troisi\u00e8me de la descente \u00e9lites femmes.\u00a0\",\"breadcrumb\":{\"@id\":\"https:\/\/dicodusport.fr\/blog\/mondiaux-vtt-2023-marine-cabirou-se-pare-de-bronze-en-descente\/#breadcrumb\"},\"inLanguage\":\"fr-FR\",\"potentialAction\":[{\"@type\":\"ReadAction\",\"target\":[\"https:\/\/dicodusport.fr\/blog\/mondiaux-vtt-2023-marine-cabirou-se-pare-de-bronze-en-descente\/\"]}]},{\"@type\":\"ImageObject\",\"inLanguage\":\"fr-FR\",\"@id\":\"https:\/\/dicodusport.fr\/blog\/mondiaux-vtt-2023-marine-cabirou-se-pare-de-bronze-en-descente\/#primaryimage\",\"url\":\"https:\/\/dicodusport.fr\/blog\/wp-content\/uploads\/2023\/08\/Mondiaux-VTT-2023-Marine-Cabirou-se-pare-de-bronze-en-descente.png\",\"contentUrl\":\"https:\/\/dicodusport.fr\/blog\/wp-content\/uploads\/2023\/08\/Mondiaux-VTT-2023-Marine-Cabirou-se-pare-de-bronze-en-descente.png\",\"width\":1920,\"height\":1080,\"caption\":\"Mondiaux VTT 2023 Marine Cabirou se pare de bronze en descente\"},{\"@type\":\"BreadcrumbList\",\"@id\":\"https:\/\/dicodusport.fr\/blog\/mondiaux-vtt-2023-marine-cabirou-se-pare-de-bronze-en-descente\/#breadcrumb\",\"itemListElement\":[{\"@type\":\"ListItem\",\"position\":1,\"name\":\"Accueil\",\"item\":\"https:\/\/dicodusport.fr\/blog\/\"},{\"@type\":\"ListItem\",\"position\":2,\"name\":\"Mondiaux VTT 2023 : Marine Cabirou se pare de bronze en descente\"}]},{\"@type\":\"WebSite\",\"@id\":\"https:\/\/dicodusport.fr\/blog\/#website\",\"url\":\"https:\/\/dicodusport.fr\/blog\/\",\"name\":\"Dicodusport\",\"description\":\"L&#039;encyclop\u00e9die de l&#039;actualit\u00e9 sportive\",\"publisher\":{\"@id\":\"https:\/\/dicodusport.fr\/blog\/#organization\"},\"potentialAction\":[{\"@type\":\"SearchAction\",\"target\":{\"@type\":\"EntryPoint\",\"urlTemplate\":\"https:\/\/dicodusport.fr\/blog\/?s={search_term_string}\"},\"query-input\":{\"@type\":\"PropertyValueSpecification\",\"valueRequired\":true,\"valueName\":\"search_term_string\"}}],\"inLanguage\":\"fr-FR\"},{\"@type\":\"NewsMediaOrganization\",\"@id\":\"https:\/\/dicodusport.fr\/blog\/#organization\",\"name\":\"Dicodusport\",\"url\":\"https:\/\/dicodusport.fr\/blog\/\",\"logo\":{\"@type\":\"ImageObject\",\"inLanguage\":\"fr-FR\",\"@id\":\"https:\/\/dicodusport.fr\/blog\/#\/schema\/logo\/image\/\",\"url\":\"https:\/\/dicodusport.fr\/blog\/wp-content\/uploads\/2020\/06\/cropped-LOGO-DICODUSPORT-2020-SANS-FOND-SANS-TEXTE.png\",\"contentUrl\":\"https:\/\/dicodusport.fr\/blog\/wp-content\/uploads\/2020\/06\/cropped-LOGO-DICODUSPORT-2020-SANS-FOND-SANS-TEXTE.png\",\"width\":512,\"height\":512,\"caption\":\"Dicodusport\"},\"image\":{\"@id\":\"https:\/\/dicodusport.fr\/blog\/#\/schema\/logo\/image\/\"},\"sameAs\":[\"https:\/\/www.facebook.com\/dicodusport\",\"https:\/\/x.com\/dicodusport\",\"https:\/\/www.instagram.com\/dicodusport\/\",\"https:\/\/www.youtube.com\/channel\/UC7V2KZ5sd3htJivAbA4ZG3w\"],\"description\":\"Dicodusport est l'encyclop\u00e9die de l'actualit\u00e9 sportive.\",\"email\":\"bonjour@dicodusport.fr\",\"legalName\":\"DICODUSPORT\",\"foundingDate\":\"2018-01-14\",\"vatID\":\"FR71834470973\",\"taxID\":\"83447097300043\",\"numberOfEmployees\":{\"@type\":\"QuantitativeValue\",\"minValue\":\"1\",\"maxValue\":\"10\"}},{\"@type\":\"Person\",\"@id\":\"https:\/\/dicodusport.fr\/blog\/#\/schema\/person\/627966a6cde45dbd8c5e36ac85d783da\",\"name\":\"S\u00e9bastien Gente\",\"image\":{\"@type\":\"ImageObject\",\"inLanguage\":\"fr-FR\",\"@id\":\"https:\/\/dicodusport.fr\/blog\/#\/schema\/person\/image\/\",\"url\":\"https:\/\/dicodusport.fr\/blog\/wp-content\/uploads\/2021\/09\/1510990_10205810251400683_4124423575079401707_n-150x150.jpg\",\"contentUrl\":\"https:\/\/dicodusport.fr\/blog\/wp-content\/uploads\/2021\/09\/1510990_10205810251400683_4124423575079401707_n-150x150.jpg\",\"caption\":\"S\u00e9bastien Gente\"},\"description\":\"John Stockton, Gianni Bugno, Zinedine Zidane, Steffi Graf, Frode Andresen, St\u00e9phane Stoecklin, Davis Kamoga, Primoz Peterka, Werner Schlager et Aur\u00e9lien Rougerie. Point commun entre ces sportifs? Ils m'ont fait r\u00eaver et ont berc\u00e9 mon adolescence. Je suis un fondu de sports et j'essaie de retranscrire ma passion \u00e0 travers mes articles. Originaire du P\u00e9rigord, ma passion pour les Girondins, les Jaunards et les Jazzmen transpire dans mes \u00e9crits. \u00c0 Dicodusport depuis 2021, je d\u00e9niche les sports m\u00e9connus dans lesquels la France brille, et il y en a !\",\"sameAs\":[\"https:\/\/www.facebook.com\/sebastien.gente\/\",\"https:\/\/www.instagram.com\/sebgente\/\",\"https:\/\/www.linkedin.com\/in\/sbastien-gente-a29583169\/\",\"https:\/\/x.com\/https:\/\/twitter.com\/globulo24\",\"SebastienGente\"],\"worksFor\":\"S\u00e9bastien GENTE\",\"url\":\"https:\/\/dicodusport.fr\/blog\/author\/sebastiengente\/\"}]}<\/script>\n<!-- \/ Yoast SEO Premium plugin. -->","yoast_head_json":{"title":"Mondiaux VTT 2023 : Marine Cabirou se pare de bronze en descente","description":"CHAMPIONNATS DU MONDE DE VTT 2023 - Le VTT fran\u00e7ais continue d'apporter son lot de m\u00e9dailles, puisque Marine Cabirou a termin\u00e9 troisi\u00e8me de la descente \u00e9lites femmes.\u00a0","robots":{"index":"index","follow":"follow","max-snippet":"max-snippet:-1","max-image-preview":"max-image-preview:large","max-video-preview":"max-video-preview:-1"},"canonical":"https:\/\/dicodusport.fr\/blog\/mondiaux-vtt-2023-marine-cabirou-se-pare-de-bronze-en-descente\/","og_locale":"fr_FR","og_type":"article","og_title":"Mondiaux VTT 2023 : Marine Cabirou se pare de bronze en descente","og_description":"CHAMPIONNATS DU MONDE DE VTT 2023 - Le VTT fran\u00e7ais continue d'apporter son lot de m\u00e9dailles, puisque Marine Cabirou a termin\u00e9 troisi\u00e8me de la descente \u00e9lites femmes.\u00a0","og_url":"https:\/\/dicodusport.fr\/blog\/mondiaux-vtt-2023-marine-cabirou-se-pare-de-bronze-en-descente\/","og_site_name":"Dicodusport","article_publisher":"https:\/\/www.facebook.com\/dicodusport","article_author":"https:\/\/www.facebook.com\/sebastien.gente\/","article_published_time":"2023-08-05T13:42:07+00:00","article_modified_time":"2023-08-05T16:32:16+00:00","og_image":[{"width":1920,"height":1080,"url":"https:\/\/dicodusport.fr\/blog\/wp-content\/uploads\/2023\/08\/Mondiaux-VTT-2023-Marine-Cabirou-se-pare-de-bronze-en-descente.png","type":"image\/png"}],"author":"S\u00e9bastien Gente","twitter_card":"summary_large_image","twitter_title":"Mondiaux VTT 2023 : Marine Cabirou se pare de bronze en descente","twitter_creator":"@https:\/\/twitter.com\/globulo24","twitter_site":"@dicodusport","schema":{"@context":"https:\/\/schema.org","@graph":[{"@type":"NewsArticle","@id":"https:\/\/dicodusport.fr\/blog\/mondiaux-vtt-2023-marine-cabirou-se-pare-de-bronze-en-descente\/#article","isPartOf":{"@id":"https:\/\/dicodusport.fr\/blog\/mondiaux-vtt-2023-marine-cabirou-se-pare-de-bronze-en-descente\/"},"author":{"name":"S\u00e9bastien Gente","@id":"https:\/\/dicodusport.fr\/blog\/#\/schema\/person\/627966a6cde45dbd8c5e36ac85d783da"},"headline":"Mondiaux VTT 2023 : Marine Cabirou se pare de bronze en descente","datePublished":"2023-08-05T13:42:07+00:00","dateModified":"2023-08-05T16:32:16+00:00","mainEntityOfPage":{"@id":"https:\/\/dicodusport.fr\/blog\/mondiaux-vtt-2023-marine-cabirou-se-pare-de-bronze-en-descente\/"},"wordCount":268,"commentCount":0,"publisher":{"@id":"https:\/\/dicodusport.fr\/blog\/#organization"},"image":{"@id":"https:\/\/dicodusport.fr\/blog\/mondiaux-vtt-2023-marine-cabirou-se-pare-de-bronze-en-descente\/#primaryimage"},"thumbnailUrl":"https:\/\/dicodusport.fr\/blog\/wp-content\/uploads\/2023\/08\/Mondiaux-VTT-2023-Marine-Cabirou-se-pare-de-bronze-en-descente.png","keywords":["br\u00e8ve","Championnats du monde de VTT","Marine Cabirou"],"articleSection":["Cyclisme","VTT"],"inLanguage":"fr-FR","potentialAction":[{"@type":"CommentAction","name":"Comment","target":["https:\/\/dicodusport.fr\/blog\/mondiaux-vtt-2023-marine-cabirou-se-pare-de-bronze-en-descente\/#respond"]}],"copyrightYear":"2023","copyrightHolder":{"@id":"https:\/\/dicodusport.fr\/blog\/#organization"}},{"@type":"WebPage","@id":"https:\/\/dicodusport.fr\/blog\/mondiaux-vtt-2023-marine-cabirou-se-pare-de-bronze-en-descente\/","url":"https:\/\/dicodusport.fr\/blog\/mondiaux-vtt-2023-marine-cabirou-se-pare-de-bronze-en-descente\/","name":"Mondiaux VTT 2023 : Marine Cabirou se pare de bronze en descente","isPartOf":{"@id":"https:\/\/dicodusport.fr\/blog\/#website"},"primaryImageOfPage":{"@id":"https:\/\/dicodusport.fr\/blog\/mondiaux-vtt-2023-marine-cabirou-se-pare-de-bronze-en-descente\/#primaryimage"},"image":{"@id":"https:\/\/dicodusport.fr\/blog\/mondiaux-vtt-2023-marine-cabirou-se-pare-de-bronze-en-descente\/#primaryimage"},"thumbnailUrl":"https:\/\/dicodusport.fr\/blog\/wp-content\/uploads\/2023\/08\/Mondiaux-VTT-2023-Marine-Cabirou-se-pare-de-bronze-en-descente.png","datePublished":"2023-08-05T13:42:07+00:00","dateModified":"2023-08-05T16:32:16+00:00","description":"CHAMPIONNATS DU MONDE DE VTT 2023 - Le VTT fran\u00e7ais continue d'apporter son lot de m\u00e9dailles, puisque Marine Cabirou a termin\u00e9 troisi\u00e8me de la descente \u00e9lites femmes.\u00a0","breadcrumb":{"@id":"https:\/\/dicodusport.fr\/blog\/mondiaux-vtt-2023-marine-cabirou-se-pare-de-bronze-en-descente\/#breadcrumb"},"inLanguage":"fr-FR","potentialAction":[{"@type":"ReadAction","target":["https:\/\/dicodusport.fr\/blog\/mondiaux-vtt-2023-marine-cabirou-se-pare-de-bronze-en-descente\/"]}]},{"@type":"ImageObject","inLanguage":"fr-FR","@id":"https:\/\/dicodusport.fr\/blog\/mondiaux-vtt-2023-marine-cabirou-se-pare-de-bronze-en-descente\/#primaryimage","url":"https:\/\/dicodusport.fr\/blog\/wp-content\/uploads\/2023\/08\/Mondiaux-VTT-2023-Marine-Cabirou-se-pare-de-bronze-en-descente.png","contentUrl":"https:\/\/dicodusport.fr\/blog\/wp-content\/uploads\/2023\/08\/Mondiaux-VTT-2023-Marine-Cabirou-se-pare-de-bronze-en-descente.png","width":1920,"height":1080,"caption":"Mondiaux VTT 2023 Marine Cabirou se pare de bronze en descente"},{"@type":"BreadcrumbList","@id":"https:\/\/dicodusport.fr\/blog\/mondiaux-vtt-2023-marine-cabirou-se-pare-de-bronze-en-descente\/#breadcrumb","itemListElement":[{"@type":"ListItem","position":1,"name":"Accueil","item":"https:\/\/dicodusport.fr\/blog\/"},{"@type":"ListItem","position":2,"name":"Mondiaux VTT 2023 : Marine Cabirou se pare de bronze en descente"}]},{"@type":"WebSite","@id":"https:\/\/dicodusport.fr\/blog\/#website","url":"https:\/\/dicodusport.fr\/blog\/","name":"Dicodusport","description":"L&#039;encyclop\u00e9die de l&#039;actualit\u00e9 sportive","publisher":{"@id":"https:\/\/dicodusport.fr\/blog\/#organization"},"potentialAction":[{"@type":"SearchAction","target":{"@type":"EntryPoint","urlTemplate":"https:\/\/dicodusport.fr\/blog\/?s={search_term_string}"},"query-input":{"@type":"PropertyValueSpecification","valueRequired":true,"valueName":"search_term_string"}}],"inLanguage":"fr-FR"},{"@type":"NewsMediaOrganization","@id":"https:\/\/dicodusport.fr\/blog\/#organization","name":"Dicodusport","url":"https:\/\/dicodusport.fr\/blog\/","logo":{"@type":"ImageObject","inLanguage":"fr-FR","@id":"https:\/\/dicodusport.fr\/blog\/#\/schema\/logo\/image\/","url":"https:\/\/dicodusport.fr\/blog\/wp-content\/uploads\/2020\/06\/cropped-LOGO-DICODUSPORT-2020-SANS-FOND-SANS-TEXTE.png","contentUrl":"https:\/\/dicodusport.fr\/blog\/wp-content\/uploads\/2020\/06\/cropped-LOGO-DICODUSPORT-2020-SANS-FOND-SANS-TEXTE.png","width":512,"height":512,"caption":"Dicodusport"},"image":{"@id":"https:\/\/dicodusport.fr\/blog\/#\/schema\/logo\/image\/"},"sameAs":["https:\/\/www.facebook.com\/dicodusport","https:\/\/x.com\/dicodusport","https:\/\/www.instagram.com\/dicodusport\/","https:\/\/www.youtube.com\/channel\/UC7V2KZ5sd3htJivAbA4ZG3w"],"description":"Dicodusport est l'encyclop\u00e9die de l'actualit\u00e9 sportive.","email":"bonjour@dicodusport.fr","legalName":"DICODUSPORT","foundingDate":"2018-01-14","vatID":"FR71834470973","taxID":"83447097300043","numberOfEmployees":{"@type":"QuantitativeValue","minValue":"1","maxValue":"10"}},{"@type":"Person","@id":"https:\/\/dicodusport.fr\/blog\/#\/schema\/person\/627966a6cde45dbd8c5e36ac85d783da","name":"S\u00e9bastien Gente","image":{"@type":"ImageObject","inLanguage":"fr-FR","@id":"https:\/\/dicodusport.fr\/blog\/#\/schema\/person\/image\/","url":"https:\/\/dicodusport.fr\/blog\/wp-content\/uploads\/2021\/09\/1510990_10205810251400683_4124423575079401707_n-150x150.jpg","contentUrl":"https:\/\/dicodusport.fr\/blog\/wp-content\/uploads\/2021\/09\/1510990_10205810251400683_4124423575079401707_n-150x150.jpg","caption":"S\u00e9bastien Gente"},"description":"John Stockton, Gianni Bugno, Zinedine Zidane, Steffi Graf, Frode Andresen, St\u00e9phane Stoecklin, Davis Kamoga, Primoz Peterka, Werner Schlager et Aur\u00e9lien Rougerie. Point commun entre ces sportifs? Ils m'ont fait r\u00eaver et ont berc\u00e9 mon adolescence. Je suis un fondu de sports et j'essaie de retranscrire ma passion \u00e0 travers mes articles. Originaire du P\u00e9rigord, ma passion pour les Girondins, les Jaunards et les Jazzmen transpire dans mes \u00e9crits. \u00c0 Dicodusport depuis 2021, je d\u00e9niche les sports m\u00e9connus dans lesquels la France brille, et il y en a !","sameAs":["https:\/\/www.facebook.com\/sebastien.gente\/","https:\/\/www.instagram.com\/sebgente\/","https:\/\/www.linkedin.com\/in\/sbastien-gente-a29583169\/","https:\/\/x.com\/https:\/\/twitter.com\/globulo24","SebastienGente"],"worksFor":"S\u00e9bastien GENTE","url":"https:\/\/dicodusport.fr\/blog\/author\/sebastiengente\/"}]}},"_links":{"self":[{"href":"https:\/\/dicodusport.fr\/blog\/wp-json\/wp\/v2\/posts\/406015","targetHints":{"allow":["GET"]}}],"collection":[{"href":"https:\/\/dicodusport.fr\/blog\/wp-json\/wp\/v2\/posts"}],"about":[{"href":"https:\/\/dicodusport.fr\/blog\/wp-json\/wp\/v2\/types\/post"}],"author":[{"embeddable":true,"href":"https:\/\/dicodusport.fr\/blog\/wp-json\/wp\/v2\/users\/59"}],"replies":[{"embeddable":true,"href":"https:\/\/dicodusport.fr\/blog\/wp-json\/wp\/v2\/comments?post=406015"}],"version-history":[{"count":0,"href":"https:\/\/dicodusport.fr\/blog\/wp-json\/wp\/v2\/posts\/406015\/revisions"}],"wp:featuredmedia":[{"embeddable":true,"href":"https:\/\/dicodusport.fr\/blog\/wp-json\/wp\/v2\/media\/406021"}],"wp:attachment":[{"href":"https:\/\/dicodusport.fr\/blog\/wp-json\/wp\/v2\/media?parent=406015"}],"wp:term":[{"taxonomy":"category","embeddable":true,"href":"https:\/\/dicodusport.fr\/blog\/wp-json\/wp\/v2\/categories?post=406015"},{"taxonomy":"post_tag","embeddable":true,"href":"https:\/\/dicodusport.fr\/blog\/wp-json\/wp\/v2\/tags?post=406015"}],"curies":[{"name":"wp","href":"https:\/\/api.w.org\/{rel}","templated":true}]}}