{"id":406024,"date":"2023-08-05T16:02:26","date_gmt":"2023-08-05T14:02:26","guid":{"rendered":"https:\/\/dicodusport.fr\/blog\/?p=406024&#038;preview=true&#038;preview_id=406024"},"modified":"2023-08-05T16:24:52","modified_gmt":"2023-08-05T14:24:52","slug":"mercato-cyclisme-bruno-armirail-devrait-finalement-signer-dans-une-equipe-francaise","status":"publish","type":"post","link":"https:\/\/dicodusport.fr\/blog\/mercato-cyclisme-bruno-armirail-devrait-finalement-signer-dans-une-equipe-francaise\/","title":{"rendered":"Mercato Cyclisme : Bruno Armirail devrait finalement signer dans une \u00e9quipe fran\u00e7aise"},"content":{"rendered":"<p style=\"text-align: justify;\" align=\"justify\"><em><strong>CYCLISME SUR ROUTE 2023 &#8211; Selon la Gazzetta dello Sport, Bruno Armirail devrait quitter la Groupama-FDJ pour rejoindre AG2R Citro\u00ebn.\u00a0<\/strong><\/em><\/p>\n<p style=\"text-align: justify;\" align=\"justify\">Le rouleur fran\u00e7ais est sous contrat avec la <strong>Groupama-FDJ<\/strong> pour la saison 2024 mais poss\u00e8de une clause dans son contrat qui lui permet d&rsquo;aller voir ailleurs. Et ce serait clairement la tendance actuelle pour l&rsquo;avenir de <strong>Bruno<\/strong> <strong>Armirail<\/strong>. Dans un premier temps, le nom du sp\u00e9cialiste du contre-la-montre a \u00e9t\u00e9 associ\u00e9 \u00e0 UAE Team Emirates mais il devrait finalement rester en France.<\/p>\n<p style=\"text-align: justify;\" align=\"justify\">Selon nos confr\u00e8res, <strong>Bruno<\/strong> <strong>Armirail<\/strong> devrait rejoindre <strong>AG2R Citro\u00ebn<\/strong> \u00e0 la fin de la saison 2023. Le rouleur fran\u00e7ais aurait trouv\u00e9 un accord pour rejoindre la formation de <strong>Vincent<\/strong> <strong>Lavenu<\/strong> avec probablement un salaire revu \u00e0 la hausse suite \u00e0 son <strong>Giro 2023<\/strong> tr\u00e8s abouti. Champion de France du contre-la-montre en 2022, il avait rejoint la Groupama-FDJ en 2017.<\/p>\n<p style=\"text-align: justify;\" align=\"justify\">Ce serait un nouveau gros coup pour <strong>AG2R Citro\u00ebn<\/strong>, qui changera de nom la saison prochaine avec le d\u00e9part du constructeur automobile fran\u00e7ais, apr\u00e8s notamment la prolongation de <strong>Benoit<\/strong> <strong>Cosnefroy<\/strong>. <a href=\"https:\/\/dicodusport.fr\/blog\/mercato-cyclisme-sam-bennett-vers-ag2r-citroen\/\" target=\"_blank\" rel=\"noopener\">L&rsquo;\u00e9quipe fran\u00e7aise devrait aussi signer le sprinteur irlandais <strong>Sam<\/strong> <strong>Bennett<\/strong><\/a> pour les saisons \u00e0 venir.<\/p>\n<blockquote class=\"twitter-tweet\">\n<p dir=\"ltr\" lang=\"en\">Info <a href=\"https:\/\/twitter.com\/Gazzetta_it?ref_src=twsrc%5Etfw\">@Gazzetta_it<\/a> &#8211; According to our sources french rider <a href=\"https:\/\/twitter.com\/BrunoArmirail?ref_src=twsrc%5Etfw\">@BrunoArmirail<\/a> (one year more of contract with <a href=\"https:\/\/twitter.com\/GroupamaFDJ?ref_src=twsrc%5Etfw\">@GroupamaFDJ<\/a>) is likely to be already in 2024 a rider of <a href=\"https:\/\/twitter.com\/AG2RCITROENTEAM?ref_src=twsrc%5Etfw\">@AG2RCITROENTEAM<\/a> <a href=\"https:\/\/twitter.com\/cycling_podcast?ref_src=twsrc%5Etfw\">@cycling_podcast<\/a><\/p>\n<p>\u2014 Ciro Scognamiglio (@cirogazzetta) <a href=\"https:\/\/twitter.com\/cirogazzetta\/status\/1687803178845171712?ref_src=twsrc%5Etfw\">August 5, 2023<\/a><\/p><\/blockquote>\n<p style=\"text-align: justify;\"><script async src=\"https:\/\/platform.twitter.com\/widgets.js\" charset=\"utf-8\"><\/script><\/p>\n","protected":false},"excerpt":{"rendered":"<p>CYCLISME SUR ROUTE 2023 &#8211; Selon la Gazzetta dello Sport, Bruno Armirail devrait quitter la Groupama-FDJ pour rejoindre AG2R Citro\u00ebn.\u00a0<\/p>\n","protected":false},"author":1,"featured_media":406028,"comment_status":"open","ping_status":"closed","sticky":false,"template":"","format":"standard","meta":{"_acf_changed":false,"_daextam_enable_autolinks":"","footnotes":""},"categories":[46994],"tags":[18662,16878,17970,574,1555],"class_list":["post-406024","post","type-post","status-publish","format-standard","has-post-thumbnail","hentry","category-cyclisme-sur-route","tag-ag2r-citroen","tag-breve","tag-bruno-armirail","tag-cyclisme","tag-mercato"],"acf":[],"yoast_head":"<!-- This site is optimized with the Yoast SEO Premium plugin v26.7 (Yoast SEO v26.7) - https:\/\/yoast.com\/wordpress\/plugins\/seo\/ -->\n<title>Mercato Cyclisme : Bruno Armirail devrait finalement signer dans une \u00e9quipe fran\u00e7aise<\/title>\n<meta name=\"description\" content=\"CYCLISME SUR ROUTE 2023 - Selon la Gazzetta dello Sport, Bruno Armirail devrait quitter la Groupama-FDJ pour rejoindre AG2R Citro\u00ebn.\u00a0\" \/>\n<meta name=\"robots\" content=\"index, follow, max-snippet:-1, max-image-preview:large, max-video-preview:-1\" \/>\n<link rel=\"canonical\" href=\"https:\/\/dicodusport.fr\/blog\/mercato-cyclisme-bruno-armirail-devrait-finalement-signer-dans-une-equipe-francaise\/\" \/>\n<meta property=\"og:locale\" content=\"fr_FR\" \/>\n<meta property=\"og:type\" content=\"article\" \/>\n<meta property=\"og:title\" content=\"Mercato Cyclisme : Bruno Armirail devrait finalement signer dans une \u00e9quipe fran\u00e7aise\" \/>\n<meta property=\"og:description\" content=\"CYCLISME SUR ROUTE 2023 - Selon la Gazzetta dello Sport, Bruno Armirail devrait quitter la Groupama-FDJ pour rejoindre AG2R Citro\u00ebn.\u00a0\" \/>\n<meta property=\"og:url\" content=\"https:\/\/dicodusport.fr\/blog\/mercato-cyclisme-bruno-armirail-devrait-finalement-signer-dans-une-equipe-francaise\/\" \/>\n<meta property=\"og:site_name\" content=\"Dicodusport\" \/>\n<meta property=\"article:publisher\" content=\"https:\/\/www.facebook.com\/dicodusport\" \/>\n<meta property=\"article:author\" content=\"https:\/\/www.facebook.com\/dicodusport\" \/>\n<meta property=\"article:published_time\" content=\"2023-08-05T14:02:26+00:00\" \/>\n<meta property=\"article:modified_time\" content=\"2023-08-05T14:24:52+00:00\" \/>\n<meta property=\"og:image\" content=\"https:\/\/dicodusport.fr\/blog\/wp-content\/uploads\/2023\/08\/Mercato-Cyclisme-Bruno-Armirail-devrait-finalement-signer-dans-une-equipe-francaise.png\" \/>\n\t<meta property=\"og:image:width\" content=\"800\" \/>\n\t<meta property=\"og:image:height\" content=\"445\" \/>\n\t<meta property=\"og:image:type\" content=\"image\/png\" \/>\n<meta name=\"author\" content=\"Nicolas Jacquemard\" \/>\n<meta name=\"twitter:card\" content=\"summary_large_image\" \/>\n<meta name=\"twitter:title\" content=\"Mercato Cyclisme : Bruno Armirail devrait finalement signer dans une \u00e9quipe fran\u00e7aise\" \/>\n<meta name=\"twitter:creator\" content=\"@https:\/\/twitter.com\/Nico_Jacquemard\" \/>\n<meta name=\"twitter:site\" content=\"@dicodusport\" \/>\n<script type=\"application\/ld+json\" class=\"yoast-schema-graph\">{\"@context\":\"https:\/\/schema.org\",\"@graph\":[{\"@type\":\"NewsArticle\",\"@id\":\"https:\/\/dicodusport.fr\/blog\/mercato-cyclisme-bruno-armirail-devrait-finalement-signer-dans-une-equipe-francaise\/#article\",\"isPartOf\":{\"@id\":\"https:\/\/dicodusport.fr\/blog\/mercato-cyclisme-bruno-armirail-devrait-finalement-signer-dans-une-equipe-francaise\/\"},\"author\":{\"name\":\"Nicolas Jacquemard\",\"@id\":\"https:\/\/dicodusport.fr\/blog\/#\/schema\/person\/55dcb50ad410894e431ed812bbb70191\"},\"headline\":\"Mercato Cyclisme : Bruno Armirail devrait finalement signer dans une \u00e9quipe fran\u00e7aise\",\"datePublished\":\"2023-08-05T14:02:26+00:00\",\"dateModified\":\"2023-08-05T14:24:52+00:00\",\"mainEntityOfPage\":{\"@id\":\"https:\/\/dicodusport.fr\/blog\/mercato-cyclisme-bruno-armirail-devrait-finalement-signer-dans-une-equipe-francaise\/\"},\"wordCount\":241,\"commentCount\":0,\"publisher\":{\"@id\":\"https:\/\/dicodusport.fr\/blog\/#organization\"},\"image\":{\"@id\":\"https:\/\/dicodusport.fr\/blog\/mercato-cyclisme-bruno-armirail-devrait-finalement-signer-dans-une-equipe-francaise\/#primaryimage\"},\"thumbnailUrl\":\"https:\/\/dicodusport.fr\/blog\/wp-content\/uploads\/2023\/08\/Mercato-Cyclisme-Bruno-Armirail-devrait-finalement-signer-dans-une-equipe-francaise.png\",\"keywords\":[\"AG2R-Citro\u00ebn\",\"br\u00e8ve\",\"Bruno Armirail\",\"Cyclisme\",\"Mercato\"],\"articleSection\":[\"Cyclisme sur route\"],\"inLanguage\":\"fr-FR\",\"potentialAction\":[{\"@type\":\"CommentAction\",\"name\":\"Comment\",\"target\":[\"https:\/\/dicodusport.fr\/blog\/mercato-cyclisme-bruno-armirail-devrait-finalement-signer-dans-une-equipe-francaise\/#respond\"]}],\"copyrightYear\":\"2023\",\"copyrightHolder\":{\"@id\":\"https:\/\/dicodusport.fr\/blog\/#organization\"}},{\"@type\":\"WebPage\",\"@id\":\"https:\/\/dicodusport.fr\/blog\/mercato-cyclisme-bruno-armirail-devrait-finalement-signer-dans-une-equipe-francaise\/\",\"url\":\"https:\/\/dicodusport.fr\/blog\/mercato-cyclisme-bruno-armirail-devrait-finalement-signer-dans-une-equipe-francaise\/\",\"name\":\"Mercato Cyclisme : Bruno Armirail devrait finalement signer dans une \u00e9quipe fran\u00e7aise\",\"isPartOf\":{\"@id\":\"https:\/\/dicodusport.fr\/blog\/#website\"},\"primaryImageOfPage\":{\"@id\":\"https:\/\/dicodusport.fr\/blog\/mercato-cyclisme-bruno-armirail-devrait-finalement-signer-dans-une-equipe-francaise\/#primaryimage\"},\"image\":{\"@id\":\"https:\/\/dicodusport.fr\/blog\/mercato-cyclisme-bruno-armirail-devrait-finalement-signer-dans-une-equipe-francaise\/#primaryimage\"},\"thumbnailUrl\":\"https:\/\/dicodusport.fr\/blog\/wp-content\/uploads\/2023\/08\/Mercato-Cyclisme-Bruno-Armirail-devrait-finalement-signer-dans-une-equipe-francaise.png\",\"datePublished\":\"2023-08-05T14:02:26+00:00\",\"dateModified\":\"2023-08-05T14:24:52+00:00\",\"description\":\"CYCLISME SUR ROUTE 2023 - Selon la Gazzetta dello Sport, Bruno Armirail devrait quitter la Groupama-FDJ pour rejoindre AG2R Citro\u00ebn.\u00a0\",\"breadcrumb\":{\"@id\":\"https:\/\/dicodusport.fr\/blog\/mercato-cyclisme-bruno-armirail-devrait-finalement-signer-dans-une-equipe-francaise\/#breadcrumb\"},\"inLanguage\":\"fr-FR\",\"potentialAction\":[{\"@type\":\"ReadAction\",\"target\":[\"https:\/\/dicodusport.fr\/blog\/mercato-cyclisme-bruno-armirail-devrait-finalement-signer-dans-une-equipe-francaise\/\"]}]},{\"@type\":\"ImageObject\",\"inLanguage\":\"fr-FR\",\"@id\":\"https:\/\/dicodusport.fr\/blog\/mercato-cyclisme-bruno-armirail-devrait-finalement-signer-dans-une-equipe-francaise\/#primaryimage\",\"url\":\"https:\/\/dicodusport.fr\/blog\/wp-content\/uploads\/2023\/08\/Mercato-Cyclisme-Bruno-Armirail-devrait-finalement-signer-dans-une-equipe-francaise.png\",\"contentUrl\":\"https:\/\/dicodusport.fr\/blog\/wp-content\/uploads\/2023\/08\/Mercato-Cyclisme-Bruno-Armirail-devrait-finalement-signer-dans-une-equipe-francaise.png\",\"width\":800,\"height\":445},{\"@type\":\"BreadcrumbList\",\"@id\":\"https:\/\/dicodusport.fr\/blog\/mercato-cyclisme-bruno-armirail-devrait-finalement-signer-dans-une-equipe-francaise\/#breadcrumb\",\"itemListElement\":[{\"@type\":\"ListItem\",\"position\":1,\"name\":\"Accueil\",\"item\":\"https:\/\/dicodusport.fr\/blog\/\"},{\"@type\":\"ListItem\",\"position\":2,\"name\":\"Mercato Cyclisme : Bruno Armirail devrait finalement signer dans une \u00e9quipe fran\u00e7aise\"}]},{\"@type\":\"WebSite\",\"@id\":\"https:\/\/dicodusport.fr\/blog\/#website\",\"url\":\"https:\/\/dicodusport.fr\/blog\/\",\"name\":\"Dicodusport\",\"description\":\"L&#039;encyclop\u00e9die de l&#039;actualit\u00e9 sportive\",\"publisher\":{\"@id\":\"https:\/\/dicodusport.fr\/blog\/#organization\"},\"potentialAction\":[{\"@type\":\"SearchAction\",\"target\":{\"@type\":\"EntryPoint\",\"urlTemplate\":\"https:\/\/dicodusport.fr\/blog\/?s={search_term_string}\"},\"query-input\":{\"@type\":\"PropertyValueSpecification\",\"valueRequired\":true,\"valueName\":\"search_term_string\"}}],\"inLanguage\":\"fr-FR\"},{\"@type\":\"NewsMediaOrganization\",\"@id\":\"https:\/\/dicodusport.fr\/blog\/#organization\",\"name\":\"Dicodusport\",\"url\":\"https:\/\/dicodusport.fr\/blog\/\",\"logo\":{\"@type\":\"ImageObject\",\"inLanguage\":\"fr-FR\",\"@id\":\"https:\/\/dicodusport.fr\/blog\/#\/schema\/logo\/image\/\",\"url\":\"https:\/\/dicodusport.fr\/blog\/wp-content\/uploads\/2020\/06\/cropped-LOGO-DICODUSPORT-2020-SANS-FOND-SANS-TEXTE.png\",\"contentUrl\":\"https:\/\/dicodusport.fr\/blog\/wp-content\/uploads\/2020\/06\/cropped-LOGO-DICODUSPORT-2020-SANS-FOND-SANS-TEXTE.png\",\"width\":512,\"height\":512,\"caption\":\"Dicodusport\"},\"image\":{\"@id\":\"https:\/\/dicodusport.fr\/blog\/#\/schema\/logo\/image\/\"},\"sameAs\":[\"https:\/\/www.facebook.com\/dicodusport\",\"https:\/\/x.com\/dicodusport\",\"https:\/\/www.instagram.com\/dicodusport\/\",\"https:\/\/www.youtube.com\/channel\/UC7V2KZ5sd3htJivAbA4ZG3w\"],\"description\":\"Dicodusport est l'encyclop\u00e9die de l'actualit\u00e9 sportive.\",\"email\":\"bonjour@dicodusport.fr\",\"legalName\":\"DICODUSPORT\",\"foundingDate\":\"2018-01-14\",\"vatID\":\"FR71834470973\",\"taxID\":\"83447097300043\",\"numberOfEmployees\":{\"@type\":\"QuantitativeValue\",\"minValue\":\"1\",\"maxValue\":\"10\"}},{\"@type\":\"Person\",\"@id\":\"https:\/\/dicodusport.fr\/blog\/#\/schema\/person\/55dcb50ad410894e431ed812bbb70191\",\"name\":\"Nicolas Jacquemard\",\"image\":{\"@type\":\"ImageObject\",\"inLanguage\":\"fr-FR\",\"@id\":\"https:\/\/dicodusport.fr\/blog\/#\/schema\/person\/image\/\",\"url\":\"https:\/\/dicodusport.fr\/blog\/wp-content\/uploads\/2021\/05\/Nicolas-Jacquemard-150x150.jpeg\",\"contentUrl\":\"https:\/\/dicodusport.fr\/blog\/wp-content\/uploads\/2021\/05\/Nicolas-Jacquemard-150x150.jpeg\",\"caption\":\"Nicolas Jacquemard\"},\"description\":\"Passionn\u00e9 de sport et entrepreneur depuis mes 18 ans, la cr\u00e9ation de Dicodusport m'a sembl\u00e9 \u00e9vidente pour participer \u00e0 la m\u00e9diatisation d'un plus grand nombre de sports. Le chemin est long mais avec une \u00e9quipe des plus motiv\u00e9es et les Jeux Olympiques de Paris 2024 en point de mire, nous y arriverons ! Journaliste dans le monde du sport depuis plus de 5 ans, je traite aussi bien de football, de rugby, de biathlon que de cyclisme.\",\"sameAs\":[\"https:\/\/www.facebook.com\/dicodusport\",\"https:\/\/x.com\/https:\/\/twitter.com\/Nico_Jacquemard\"],\"url\":\"https:\/\/dicodusport.fr\/blog\/author\/dicodusport\/\"}]}<\/script>\n<!-- \/ Yoast SEO Premium plugin. -->","yoast_head_json":{"title":"Mercato Cyclisme : Bruno Armirail devrait finalement signer dans une \u00e9quipe fran\u00e7aise","description":"CYCLISME SUR ROUTE 2023 - Selon la Gazzetta dello Sport, Bruno Armirail devrait quitter la Groupama-FDJ pour rejoindre AG2R Citro\u00ebn.\u00a0","robots":{"index":"index","follow":"follow","max-snippet":"max-snippet:-1","max-image-preview":"max-image-preview:large","max-video-preview":"max-video-preview:-1"},"canonical":"https:\/\/dicodusport.fr\/blog\/mercato-cyclisme-bruno-armirail-devrait-finalement-signer-dans-une-equipe-francaise\/","og_locale":"fr_FR","og_type":"article","og_title":"Mercato Cyclisme : Bruno Armirail devrait finalement signer dans une \u00e9quipe fran\u00e7aise","og_description":"CYCLISME SUR ROUTE 2023 - Selon la Gazzetta dello Sport, Bruno Armirail devrait quitter la Groupama-FDJ pour rejoindre AG2R Citro\u00ebn.\u00a0","og_url":"https:\/\/dicodusport.fr\/blog\/mercato-cyclisme-bruno-armirail-devrait-finalement-signer-dans-une-equipe-francaise\/","og_site_name":"Dicodusport","article_publisher":"https:\/\/www.facebook.com\/dicodusport","article_author":"https:\/\/www.facebook.com\/dicodusport","article_published_time":"2023-08-05T14:02:26+00:00","article_modified_time":"2023-08-05T14:24:52+00:00","og_image":[{"width":800,"height":445,"url":"https:\/\/dicodusport.fr\/blog\/wp-content\/uploads\/2023\/08\/Mercato-Cyclisme-Bruno-Armirail-devrait-finalement-signer-dans-une-equipe-francaise.png","type":"image\/png"}],"author":"Nicolas Jacquemard","twitter_card":"summary_large_image","twitter_title":"Mercato Cyclisme : Bruno Armirail devrait finalement signer dans une \u00e9quipe fran\u00e7aise","twitter_creator":"@https:\/\/twitter.com\/Nico_Jacquemard","twitter_site":"@dicodusport","schema":{"@context":"https:\/\/schema.org","@graph":[{"@type":"NewsArticle","@id":"https:\/\/dicodusport.fr\/blog\/mercato-cyclisme-bruno-armirail-devrait-finalement-signer-dans-une-equipe-francaise\/#article","isPartOf":{"@id":"https:\/\/dicodusport.fr\/blog\/mercato-cyclisme-bruno-armirail-devrait-finalement-signer-dans-une-equipe-francaise\/"},"author":{"name":"Nicolas Jacquemard","@id":"https:\/\/dicodusport.fr\/blog\/#\/schema\/person\/55dcb50ad410894e431ed812bbb70191"},"headline":"Mercato Cyclisme : Bruno Armirail devrait finalement signer dans une \u00e9quipe fran\u00e7aise","datePublished":"2023-08-05T14:02:26+00:00","dateModified":"2023-08-05T14:24:52+00:00","mainEntityOfPage":{"@id":"https:\/\/dicodusport.fr\/blog\/mercato-cyclisme-bruno-armirail-devrait-finalement-signer-dans-une-equipe-francaise\/"},"wordCount":241,"commentCount":0,"publisher":{"@id":"https:\/\/dicodusport.fr\/blog\/#organization"},"image":{"@id":"https:\/\/dicodusport.fr\/blog\/mercato-cyclisme-bruno-armirail-devrait-finalement-signer-dans-une-equipe-francaise\/#primaryimage"},"thumbnailUrl":"https:\/\/dicodusport.fr\/blog\/wp-content\/uploads\/2023\/08\/Mercato-Cyclisme-Bruno-Armirail-devrait-finalement-signer-dans-une-equipe-francaise.png","keywords":["AG2R-Citro\u00ebn","br\u00e8ve","Bruno Armirail","Cyclisme","Mercato"],"articleSection":["Cyclisme sur route"],"inLanguage":"fr-FR","potentialAction":[{"@type":"CommentAction","name":"Comment","target":["https:\/\/dicodusport.fr\/blog\/mercato-cyclisme-bruno-armirail-devrait-finalement-signer-dans-une-equipe-francaise\/#respond"]}],"copyrightYear":"2023","copyrightHolder":{"@id":"https:\/\/dicodusport.fr\/blog\/#organization"}},{"@type":"WebPage","@id":"https:\/\/dicodusport.fr\/blog\/mercato-cyclisme-bruno-armirail-devrait-finalement-signer-dans-une-equipe-francaise\/","url":"https:\/\/dicodusport.fr\/blog\/mercato-cyclisme-bruno-armirail-devrait-finalement-signer-dans-une-equipe-francaise\/","name":"Mercato Cyclisme : Bruno Armirail devrait finalement signer dans une \u00e9quipe fran\u00e7aise","isPartOf":{"@id":"https:\/\/dicodusport.fr\/blog\/#website"},"primaryImageOfPage":{"@id":"https:\/\/dicodusport.fr\/blog\/mercato-cyclisme-bruno-armirail-devrait-finalement-signer-dans-une-equipe-francaise\/#primaryimage"},"image":{"@id":"https:\/\/dicodusport.fr\/blog\/mercato-cyclisme-bruno-armirail-devrait-finalement-signer-dans-une-equipe-francaise\/#primaryimage"},"thumbnailUrl":"https:\/\/dicodusport.fr\/blog\/wp-content\/uploads\/2023\/08\/Mercato-Cyclisme-Bruno-Armirail-devrait-finalement-signer-dans-une-equipe-francaise.png","datePublished":"2023-08-05T14:02:26+00:00","dateModified":"2023-08-05T14:24:52+00:00","description":"CYCLISME SUR ROUTE 2023 - Selon la Gazzetta dello Sport, Bruno Armirail devrait quitter la Groupama-FDJ pour rejoindre AG2R Citro\u00ebn.\u00a0","breadcrumb":{"@id":"https:\/\/dicodusport.fr\/blog\/mercato-cyclisme-bruno-armirail-devrait-finalement-signer-dans-une-equipe-francaise\/#breadcrumb"},"inLanguage":"fr-FR","potentialAction":[{"@type":"ReadAction","target":["https:\/\/dicodusport.fr\/blog\/mercato-cyclisme-bruno-armirail-devrait-finalement-signer-dans-une-equipe-francaise\/"]}]},{"@type":"ImageObject","inLanguage":"fr-FR","@id":"https:\/\/dicodusport.fr\/blog\/mercato-cyclisme-bruno-armirail-devrait-finalement-signer-dans-une-equipe-francaise\/#primaryimage","url":"https:\/\/dicodusport.fr\/blog\/wp-content\/uploads\/2023\/08\/Mercato-Cyclisme-Bruno-Armirail-devrait-finalement-signer-dans-une-equipe-francaise.png","contentUrl":"https:\/\/dicodusport.fr\/blog\/wp-content\/uploads\/2023\/08\/Mercato-Cyclisme-Bruno-Armirail-devrait-finalement-signer-dans-une-equipe-francaise.png","width":800,"height":445},{"@type":"BreadcrumbList","@id":"https:\/\/dicodusport.fr\/blog\/mercato-cyclisme-bruno-armirail-devrait-finalement-signer-dans-une-equipe-francaise\/#breadcrumb","itemListElement":[{"@type":"ListItem","position":1,"name":"Accueil","item":"https:\/\/dicodusport.fr\/blog\/"},{"@type":"ListItem","position":2,"name":"Mercato Cyclisme : Bruno Armirail devrait finalement signer dans une \u00e9quipe fran\u00e7aise"}]},{"@type":"WebSite","@id":"https:\/\/dicodusport.fr\/blog\/#website","url":"https:\/\/dicodusport.fr\/blog\/","name":"Dicodusport","description":"L&#039;encyclop\u00e9die de l&#039;actualit\u00e9 sportive","publisher":{"@id":"https:\/\/dicodusport.fr\/blog\/#organization"},"potentialAction":[{"@type":"SearchAction","target":{"@type":"EntryPoint","urlTemplate":"https:\/\/dicodusport.fr\/blog\/?s={search_term_string}"},"query-input":{"@type":"PropertyValueSpecification","valueRequired":true,"valueName":"search_term_string"}}],"inLanguage":"fr-FR"},{"@type":"NewsMediaOrganization","@id":"https:\/\/dicodusport.fr\/blog\/#organization","name":"Dicodusport","url":"https:\/\/dicodusport.fr\/blog\/","logo":{"@type":"ImageObject","inLanguage":"fr-FR","@id":"https:\/\/dicodusport.fr\/blog\/#\/schema\/logo\/image\/","url":"https:\/\/dicodusport.fr\/blog\/wp-content\/uploads\/2020\/06\/cropped-LOGO-DICODUSPORT-2020-SANS-FOND-SANS-TEXTE.png","contentUrl":"https:\/\/dicodusport.fr\/blog\/wp-content\/uploads\/2020\/06\/cropped-LOGO-DICODUSPORT-2020-SANS-FOND-SANS-TEXTE.png","width":512,"height":512,"caption":"Dicodusport"},"image":{"@id":"https:\/\/dicodusport.fr\/blog\/#\/schema\/logo\/image\/"},"sameAs":["https:\/\/www.facebook.com\/dicodusport","https:\/\/x.com\/dicodusport","https:\/\/www.instagram.com\/dicodusport\/","https:\/\/www.youtube.com\/channel\/UC7V2KZ5sd3htJivAbA4ZG3w"],"description":"Dicodusport est l'encyclop\u00e9die de l'actualit\u00e9 sportive.","email":"bonjour@dicodusport.fr","legalName":"DICODUSPORT","foundingDate":"2018-01-14","vatID":"FR71834470973","taxID":"83447097300043","numberOfEmployees":{"@type":"QuantitativeValue","minValue":"1","maxValue":"10"}},{"@type":"Person","@id":"https:\/\/dicodusport.fr\/blog\/#\/schema\/person\/55dcb50ad410894e431ed812bbb70191","name":"Nicolas Jacquemard","image":{"@type":"ImageObject","inLanguage":"fr-FR","@id":"https:\/\/dicodusport.fr\/blog\/#\/schema\/person\/image\/","url":"https:\/\/dicodusport.fr\/blog\/wp-content\/uploads\/2021\/05\/Nicolas-Jacquemard-150x150.jpeg","contentUrl":"https:\/\/dicodusport.fr\/blog\/wp-content\/uploads\/2021\/05\/Nicolas-Jacquemard-150x150.jpeg","caption":"Nicolas Jacquemard"},"description":"Passionn\u00e9 de sport et entrepreneur depuis mes 18 ans, la cr\u00e9ation de Dicodusport m'a sembl\u00e9 \u00e9vidente pour participer \u00e0 la m\u00e9diatisation d'un plus grand nombre de sports. Le chemin est long mais avec une \u00e9quipe des plus motiv\u00e9es et les Jeux Olympiques de Paris 2024 en point de mire, nous y arriverons ! Journaliste dans le monde du sport depuis plus de 5 ans, je traite aussi bien de football, de rugby, de biathlon que de cyclisme.","sameAs":["https:\/\/www.facebook.com\/dicodusport","https:\/\/x.com\/https:\/\/twitter.com\/Nico_Jacquemard"],"url":"https:\/\/dicodusport.fr\/blog\/author\/dicodusport\/"}]}},"_links":{"self":[{"href":"https:\/\/dicodusport.fr\/blog\/wp-json\/wp\/v2\/posts\/406024","targetHints":{"allow":["GET"]}}],"collection":[{"href":"https:\/\/dicodusport.fr\/blog\/wp-json\/wp\/v2\/posts"}],"about":[{"href":"https:\/\/dicodusport.fr\/blog\/wp-json\/wp\/v2\/types\/post"}],"author":[{"embeddable":true,"href":"https:\/\/dicodusport.fr\/blog\/wp-json\/wp\/v2\/users\/1"}],"replies":[{"embeddable":true,"href":"https:\/\/dicodusport.fr\/blog\/wp-json\/wp\/v2\/comments?post=406024"}],"version-history":[{"count":0,"href":"https:\/\/dicodusport.fr\/blog\/wp-json\/wp\/v2\/posts\/406024\/revisions"}],"wp:featuredmedia":[{"embeddable":true,"href":"https:\/\/dicodusport.fr\/blog\/wp-json\/wp\/v2\/media\/406028"}],"wp:attachment":[{"href":"https:\/\/dicodusport.fr\/blog\/wp-json\/wp\/v2\/media?parent=406024"}],"wp:term":[{"taxonomy":"category","embeddable":true,"href":"https:\/\/dicodusport.fr\/blog\/wp-json\/wp\/v2\/categories?post=406024"},{"taxonomy":"post_tag","embeddable":true,"href":"https:\/\/dicodusport.fr\/blog\/wp-json\/wp\/v2\/tags?post=406024"}],"curies":[{"name":"wp","href":"https:\/\/api.w.org\/{rel}","templated":true}]}}